{"id":2889,"date":"2013-09-24T23:03:57","date_gmt":"2013-09-24T23:03:57","guid":{"rendered":"http:\/\/www.eldigitaldeasturias.com\/noticias\/?p=2889"},"modified":"2013-09-24T23:03:57","modified_gmt":"2013-09-24T23:03:57","slug":"aviles-musicos-asturianos-participan-en-la-gala-solidaria-que-cruz-roja-organiza-este-viernes","status":"publish","type":"post","link":"https:\/\/www.eldigitaldeasturias.com\/noticias\/aviles-musicos-asturianos-participan-en-la-gala-solidaria-que-cruz-roja-organiza-este-viernes\/","title":{"rendered":"Avil\u00e9s : M\u00fasicos asturianos participan en la gala solidaria que Cruz Roja organiza este viernes"},"content":{"rendered":"<p><img loading=\"lazy\" decoding=\"async\" class=\"alignleft size-medium wp-image-1580\" alt=\"aviles\" src=\"https:\/\/www.eldigitaldeasturias.com\/noticias\/wp-content\/uploads\/2013\/09\/aviles-360x270.jpg\" width=\"360\" height=\"270\" \/>AVIL\u00c9S\/OVIEDO, 24 Sep. (EUROPA PRESS) &#8211;\u00a0M\u00fasicos asturianos participan en la gala \u00abAhora + que nunca. Tu apoyo es necesario\u00bb que organiza este viernes Cruz Roja en la Casa de Cultura de Cultura. Actuar\u00e1n de manera desinteresada para recaudar fondos para las personas afectadas por la crisis econ\u00f3mica y que cuentan con escasos recursos.<\/p>\n<p>En la gala actuar\u00e1n Pipo Prendes, Tejedor, Alexandra in Grey, Alberto Hevia, Los Juniors, Celestino Varela &amp; Rub\u00e9n D\u00edez, \u00c1ngel Miguel, Real Straits, Ciudad Bamb\u00fa, Koki &amp; Natalia \u00c1lvarez, Pablo Moro, Tony Ferrer, Tete Bonilla, Mart\u00ed de Mart\u00ednez, Los Nocheros, Morrigans y Andrea Parissi.<\/p>\n<p>Las entradas podr\u00e1n retirarse en la asamblea comarcal de Cruz Roja (C\/Jovellanos, 1) de 9 a 19 horas. El importe de 10 euros se donar\u00e1 a esta causa. Las actuaciones comenzar\u00e1n a las 20.15 horas.<\/p>\n<p>La Asamblea de Cruz Roja de Avil\u00e9s est\u00e1 centrando su atenci\u00f3n en apoyar a las personas m\u00e1s afectadas, especialmente familias con todos sus miembros en paro, ni\u00f1os que viven en hogares pobres, mayores con responsabilidades familiares, personas desempleadas de larga duraci\u00f3n, j\u00f3venes en riesgo y personas sin hogar&#8230; apoy\u00e1ndoles en la cobertura de las necesidades b\u00e1sicas, trabajando por la mejora de la empleabilidad y apoyando a los menores con acciones para la promoci\u00f3n del \u00e9xito escolar.<\/p>\n","protected":false},"excerpt":{"rendered":"<p>AVIL\u00c9S\/OVIEDO, 24 Sep. (EUROPA PRESS) &#8211;\u00a0M\u00fasicos asturianos participan en la gala \u00abAhora + que nunca. Tu apoyo es necesario\u00bb que organiza este viernes Cruz Roja en la Casa de Cultura de Cultura. Actuar\u00e1n de manera desinteresada para recaudar fondos para las personas afectadas por la crisis econ\u00f3mica y que cuentan con escasos recursos. En la [&hellip;]<\/p>\n","protected":false},"author":1,"featured_media":1580,"comment_status":"open","ping_status":"open","sticky":false,"template":"","format":"standard","meta":{"footnotes":""},"categories":[2],"tags":[],"class_list":["post-2889","post","type-post","status-publish","format-standard","has-post-thumbnail","hentry","category-agenda"],"aioseo_notices":[],"aioseo_head":"\n\t\t<!-- All in One SEO Pro 4.9.6.2 - aioseo.com -->\n\t<meta name=\"description\" content=\"AVIL\u00c9S\/OVIEDO, 24 Sep. (EUROPA PRESS) - M\u00fasicos asturianos participan en la gala &quot;Ahora + que nunca. Tu apoyo es necesario&quot; que organiza este viernes Cruz Roja en la Casa de Cultura de Cultura. Actuar\u00e1n de manera desinteresada para recaudar fondos para las personas afectadas por la crisis econ\u00f3mica y que cuentan con escasos recursos. En la\" \/>\n\t<meta name=\"robots\" content=\"max-image-preview:large\" \/>\n\t<meta name=\"author\" content=\"El Digital de Asturias\"\/>\n\t<meta name=\"google-site-verification\" content=\"UA-38556648-1\" \/>\n\t<meta name=\"msvalidate.01\" content=\"7dfe9f3f1b24437ab69f4f2559babe99\" \/>\n\t<meta name=\"keywords\" content=\"agenda\" \/>\n\t<link rel=\"canonical\" href=\"https:\/\/www.eldigitaldeasturias.com\/noticias\/aviles-musicos-asturianos-participan-en-la-gala-solidaria-que-cruz-roja-organiza-este-viernes\/\" \/>\n\t<meta name=\"generator\" content=\"All in One SEO Pro (AIOSEO) 4.9.6.2\" \/>\n\t\t<meta property=\"og:locale\" content=\"es_ES\" \/>\n\t\t<meta property=\"og:site_name\" content=\"El Digital de Asturias\" \/>\n\t\t<meta property=\"og:type\" content=\"article\" \/>\n\t\t<meta property=\"og:title\" content=\"Avil\u00e9s : M\u00fasicos asturianos participan en la gala solidaria que Cruz Roja organiza este viernes - El Digital de Asturias\" \/>\n\t\t<meta property=\"og:description\" content=\"AVIL\u00c9S\/OVIEDO, 24 Sep. (EUROPA PRESS) - M\u00fasicos asturianos participan en la gala &quot;Ahora + que nunca. Tu apoyo es necesario&quot; que organiza este viernes Cruz Roja en la Casa de Cultura de Cultura. Actuar\u00e1n de manera desinteresada para recaudar fondos para las personas afectadas por la crisis econ\u00f3mica y que cuentan con escasos recursos. En la\" \/>\n\t\t<meta property=\"og:url\" content=\"https:\/\/www.eldigitaldeasturias.com\/noticias\/aviles-musicos-asturianos-participan-en-la-gala-solidaria-que-cruz-roja-organiza-este-viernes\/\" \/>\n\t\t<meta property=\"article:tag\" content=\"agenda\" \/>\n\t\t<meta property=\"article:published_time\" content=\"2013-09-24T23:03:57+00:00\" \/>\n\t\t<meta property=\"article:modified_time\" content=\"2013-09-24T23:03:57+00:00\" \/>\n\t\t<meta property=\"article:publisher\" content=\"https:\/\/facebook.com\/eldigitaldeasturias\" \/>\n\t\t<meta name=\"twitter:card\" content=\"summary_large_image\" \/>\n\t\t<meta name=\"twitter:title\" content=\"Avil\u00e9s : M\u00fasicos asturianos participan en la gala solidaria que Cruz Roja organiza este viernes - El Digital de Asturias\" \/>\n\t\t<meta name=\"twitter:description\" content=\"AVIL\u00c9S\/OVIEDO, 24 Sep. (EUROPA PRESS) - M\u00fasicos asturianos participan en la gala &quot;Ahora + que nunca. Tu apoyo es necesario&quot; que organiza este viernes Cruz Roja en la Casa de Cultura de Cultura. Actuar\u00e1n de manera desinteresada para recaudar fondos para las personas afectadas por la crisis econ\u00f3mica y que cuentan con escasos recursos. En la\" \/>\n\t\t<meta name=\"twitter:label1\" content=\"Escrito por\" \/>\n\t\t<meta name=\"twitter:data1\" content=\"El Digital de Asturias\" \/>\n\t\t<meta name=\"twitter:label2\" content=\"Tiempo de lectura estimado\" \/>\n\t\t<meta name=\"twitter:data2\" content=\"1 minuto\" \/>\n\t\t<script type=\"application\/ld+json\" class=\"aioseo-schema\">\n\t\t\t{\"@context\":\"https:\\\/\\\/schema.org\",\"@graph\":[{\"@type\":\"BlogPosting\",\"@id\":\"https:\\\/\\\/www.eldigitaldeasturias.com\\\/noticias\\\/aviles-musicos-asturianos-participan-en-la-gala-solidaria-que-cruz-roja-organiza-este-viernes\\\/#blogposting\",\"name\":\"Avil\\u00e9s : M\\u00fasicos asturianos participan en la gala solidaria que Cruz Roja organiza este viernes - El Digital de Asturias\",\"headline\":\"Avil\\u00e9s : M\\u00fasicos asturianos participan en la gala solidaria que Cruz Roja organiza este viernes\",\"author\":{\"@id\":\"https:\\\/\\\/www.eldigitaldeasturias.com\\\/noticias\\\/author\\\/admin\\\/#author\"},\"publisher\":{\"@id\":\"https:\\\/\\\/www.eldigitaldeasturias.com\\\/noticias\\\/#organization\"},\"image\":{\"@type\":\"ImageObject\",\"url\":1580},\"datePublished\":\"2013-09-24T23:03:57+02:00\",\"dateModified\":\"2013-09-24T23:03:57+02:00\",\"inLanguage\":\"es-ES\",\"mainEntityOfPage\":{\"@id\":\"https:\\\/\\\/www.eldigitaldeasturias.com\\\/noticias\\\/aviles-musicos-asturianos-participan-en-la-gala-solidaria-que-cruz-roja-organiza-este-viernes\\\/#webpage\"},\"isPartOf\":{\"@id\":\"https:\\\/\\\/www.eldigitaldeasturias.com\\\/noticias\\\/aviles-musicos-asturianos-participan-en-la-gala-solidaria-que-cruz-roja-organiza-este-viernes\\\/#webpage\"},\"articleSection\":\"Agenda\"},{\"@type\":\"BreadcrumbList\",\"@id\":\"https:\\\/\\\/www.eldigitaldeasturias.com\\\/noticias\\\/aviles-musicos-asturianos-participan-en-la-gala-solidaria-que-cruz-roja-organiza-este-viernes\\\/#breadcrumblist\",\"itemListElement\":[{\"@type\":\"ListItem\",\"@id\":\"https:\\\/\\\/www.eldigitaldeasturias.com\\\/noticias#listItem\",\"position\":1,\"name\":\"Home\",\"item\":\"https:\\\/\\\/www.eldigitaldeasturias.com\\\/noticias\",\"nextItem\":{\"@type\":\"ListItem\",\"@id\":\"https:\\\/\\\/www.eldigitaldeasturias.com\\\/noticias\\\/category\\\/agenda\\\/#listItem\",\"name\":\"Agenda\"}},{\"@type\":\"ListItem\",\"@id\":\"https:\\\/\\\/www.eldigitaldeasturias.com\\\/noticias\\\/category\\\/agenda\\\/#listItem\",\"position\":2,\"name\":\"Agenda\",\"item\":\"https:\\\/\\\/www.eldigitaldeasturias.com\\\/noticias\\\/category\\\/agenda\\\/\",\"nextItem\":{\"@type\":\"ListItem\",\"@id\":\"https:\\\/\\\/www.eldigitaldeasturias.com\\\/noticias\\\/aviles-musicos-asturianos-participan-en-la-gala-solidaria-que-cruz-roja-organiza-este-viernes\\\/#listItem\",\"name\":\"Avil\\u00e9s : M\\u00fasicos asturianos participan en la gala solidaria que Cruz Roja organiza este viernes\"},\"previousItem\":{\"@type\":\"ListItem\",\"@id\":\"https:\\\/\\\/www.eldigitaldeasturias.com\\\/noticias#listItem\",\"name\":\"Home\"}},{\"@type\":\"ListItem\",\"@id\":\"https:\\\/\\\/www.eldigitaldeasturias.com\\\/noticias\\\/aviles-musicos-asturianos-participan-en-la-gala-solidaria-que-cruz-roja-organiza-este-viernes\\\/#listItem\",\"position\":3,\"name\":\"Avil\\u00e9s : M\\u00fasicos asturianos participan en la gala solidaria que Cruz Roja organiza este viernes\",\"previousItem\":{\"@type\":\"ListItem\",\"@id\":\"https:\\\/\\\/www.eldigitaldeasturias.com\\\/noticias\\\/category\\\/agenda\\\/#listItem\",\"name\":\"Agenda\"}}]},{\"@type\":\"Organization\",\"@id\":\"https:\\\/\\\/www.eldigitaldeasturias.com\\\/noticias\\\/#organization\",\"name\":\"El Digital de Asturias\",\"description\":\"Hemeroteca\",\"url\":\"https:\\\/\\\/www.eldigitaldeasturias.com\\\/noticias\\\/\",\"email\":\"info@eldigitaldeasturias.com\",\"telephone\":\"+34652131393\",\"logo\":{\"@type\":\"ImageObject\",\"url\":\"https:\\\/\\\/www.eldigitaldeasturias.com\\\/noticias\\\/wp-content\\\/uploads\\\/2020\\\/12\\\/EDA.jpg\",\"@id\":\"https:\\\/\\\/www.eldigitaldeasturias.com\\\/noticias\\\/aviles-musicos-asturianos-participan-en-la-gala-solidaria-que-cruz-roja-organiza-este-viernes\\\/#organizationLogo\",\"width\":649,\"height\":297},\"image\":{\"@id\":\"https:\\\/\\\/www.eldigitaldeasturias.com\\\/noticias\\\/aviles-musicos-asturianos-participan-en-la-gala-solidaria-que-cruz-roja-organiza-este-viernes\\\/#organizationLogo\"},\"sameAs\":[\"https:\\\/\\\/facebook.com\\\/eldigitaldeasturias\",\"https:\\\/\\\/www.youtube.com\\\/channel\\\/UCZP-2wLEB9Rv6erhFmqVnvg\"],\"address\":{\"@id\":\"https:\\\/\\\/www.eldigitaldeasturias.com\\\/noticias\\\/#postaladdress\",\"@type\":\"PostalAddress\",\"streetAddress\":\"san antonio 4,\",\"postalCode\":\"33430\",\"addressLocality\":\"Cand\\u00e1s\",\"addressRegion\":\"Asturias\",\"addressCountry\":\"ES\"}},{\"@type\":\"Person\",\"@id\":\"https:\\\/\\\/www.eldigitaldeasturias.com\\\/noticias\\\/author\\\/admin\\\/#author\",\"url\":\"https:\\\/\\\/www.eldigitaldeasturias.com\\\/noticias\\\/author\\\/admin\\\/\",\"name\":\"El Digital de Asturias\",\"image\":{\"@type\":\"ImageObject\",\"@id\":\"https:\\\/\\\/www.eldigitaldeasturias.com\\\/noticias\\\/aviles-musicos-asturianos-participan-en-la-gala-solidaria-que-cruz-roja-organiza-este-viernes\\\/#authorImage\",\"url\":\"https:\\\/\\\/www.eldigitaldeasturias.com\\\/noticias\\\/wp-content\\\/litespeed\\\/avatar\\\/18677e78aa0546b92d9dbf31ec7d7668.jpg?ver=1776685526\",\"width\":96,\"height\":96,\"caption\":\"El Digital de Asturias\"}},{\"@type\":\"WebPage\",\"@id\":\"https:\\\/\\\/www.eldigitaldeasturias.com\\\/noticias\\\/aviles-musicos-asturianos-participan-en-la-gala-solidaria-que-cruz-roja-organiza-este-viernes\\\/#webpage\",\"url\":\"https:\\\/\\\/www.eldigitaldeasturias.com\\\/noticias\\\/aviles-musicos-asturianos-participan-en-la-gala-solidaria-que-cruz-roja-organiza-este-viernes\\\/\",\"name\":\"Avil\\u00e9s : M\\u00fasicos asturianos participan en la gala solidaria que Cruz Roja organiza este viernes - El Digital de Asturias\",\"description\":\"AVIL\\u00c9S\\\/OVIEDO, 24 Sep. (EUROPA PRESS) - M\\u00fasicos asturianos participan en la gala \\\"Ahora + que nunca. Tu apoyo es necesario\\\" que organiza este viernes Cruz Roja en la Casa de Cultura de Cultura. Actuar\\u00e1n de manera desinteresada para recaudar fondos para las personas afectadas por la crisis econ\\u00f3mica y que cuentan con escasos recursos. En la\",\"inLanguage\":\"es-ES\",\"isPartOf\":{\"@id\":\"https:\\\/\\\/www.eldigitaldeasturias.com\\\/noticias\\\/#website\"},\"breadcrumb\":{\"@id\":\"https:\\\/\\\/www.eldigitaldeasturias.com\\\/noticias\\\/aviles-musicos-asturianos-participan-en-la-gala-solidaria-que-cruz-roja-organiza-este-viernes\\\/#breadcrumblist\"},\"author\":{\"@id\":\"https:\\\/\\\/www.eldigitaldeasturias.com\\\/noticias\\\/author\\\/admin\\\/#author\"},\"creator\":{\"@id\":\"https:\\\/\\\/www.eldigitaldeasturias.com\\\/noticias\\\/author\\\/admin\\\/#author\"},\"image\":{\"@type\":\"ImageObject\",\"url\":1580,\"@id\":\"https:\\\/\\\/www.eldigitaldeasturias.com\\\/noticias\\\/aviles-musicos-asturianos-participan-en-la-gala-solidaria-que-cruz-roja-organiza-este-viernes\\\/#mainImage\"},\"primaryImageOfPage\":{\"@id\":\"https:\\\/\\\/www.eldigitaldeasturias.com\\\/noticias\\\/aviles-musicos-asturianos-participan-en-la-gala-solidaria-que-cruz-roja-organiza-este-viernes\\\/#mainImage\"},\"datePublished\":\"2013-09-24T23:03:57+02:00\",\"dateModified\":\"2013-09-24T23:03:57+02:00\"},{\"@type\":\"WebSite\",\"@id\":\"https:\\\/\\\/www.eldigitaldeasturias.com\\\/noticias\\\/#website\",\"url\":\"https:\\\/\\\/www.eldigitaldeasturias.com\\\/noticias\\\/\",\"name\":\"El Digital de Asturias - Diario de actualidad y noticias\",\"alternateName\":\"El Digital de Asturias - Diario de actualidad y noticias\",\"description\":\"Hemeroteca\",\"inLanguage\":\"es-ES\",\"publisher\":{\"@id\":\"https:\\\/\\\/www.eldigitaldeasturias.com\\\/noticias\\\/#organization\"}}]}\n\t\t<\/script>\n\t\t<!-- All in One SEO Pro -->\r\n\t\t<title>Avil\u00e9s : M\u00fasicos asturianos participan en la gala solidaria que Cruz Roja organiza este viernes - El Digital de Asturias<\/title>\n\n","aioseo_head_json":{"title":"Avil\u00e9s : M\u00fasicos asturianos participan en la gala solidaria que Cruz Roja organiza este viernes - El Digital de Asturias","description":"AVIL\u00c9S\/OVIEDO, 24 Sep. (EUROPA PRESS) - M\u00fasicos asturianos participan en la gala \"Ahora + que nunca. Tu apoyo es necesario\" que organiza este viernes Cruz Roja en la Casa de Cultura de Cultura. Actuar\u00e1n de manera desinteresada para recaudar fondos para las personas afectadas por la crisis econ\u00f3mica y que cuentan con escasos recursos. En la","canonical_url":"https:\/\/www.eldigitaldeasturias.com\/noticias\/aviles-musicos-asturianos-participan-en-la-gala-solidaria-que-cruz-roja-organiza-este-viernes\/","robots":"max-image-preview:large","keywords":"agenda","webmasterTools":{"google-site-verification":"UA-38556648-1","msvalidate.01":"7dfe9f3f1b24437ab69f4f2559babe99","miscellaneous":""},"schema":{"@context":"https:\/\/schema.org","@graph":[{"@type":"BlogPosting","@id":"https:\/\/www.eldigitaldeasturias.com\/noticias\/aviles-musicos-asturianos-participan-en-la-gala-solidaria-que-cruz-roja-organiza-este-viernes\/#blogposting","name":"Avil\u00e9s : M\u00fasicos asturianos participan en la gala solidaria que Cruz Roja organiza este viernes - El Digital de Asturias","headline":"Avil\u00e9s : M\u00fasicos asturianos participan en la gala solidaria que Cruz Roja organiza este viernes","author":{"@id":"https:\/\/www.eldigitaldeasturias.com\/noticias\/author\/admin\/#author"},"publisher":{"@id":"https:\/\/www.eldigitaldeasturias.com\/noticias\/#organization"},"image":{"@type":"ImageObject","url":1580},"datePublished":"2013-09-24T23:03:57+02:00","dateModified":"2013-09-24T23:03:57+02:00","inLanguage":"es-ES","mainEntityOfPage":{"@id":"https:\/\/www.eldigitaldeasturias.com\/noticias\/aviles-musicos-asturianos-participan-en-la-gala-solidaria-que-cruz-roja-organiza-este-viernes\/#webpage"},"isPartOf":{"@id":"https:\/\/www.eldigitaldeasturias.com\/noticias\/aviles-musicos-asturianos-participan-en-la-gala-solidaria-que-cruz-roja-organiza-este-viernes\/#webpage"},"articleSection":"Agenda"},{"@type":"BreadcrumbList","@id":"https:\/\/www.eldigitaldeasturias.com\/noticias\/aviles-musicos-asturianos-participan-en-la-gala-solidaria-que-cruz-roja-organiza-este-viernes\/#breadcrumblist","itemListElement":[{"@type":"ListItem","@id":"https:\/\/www.eldigitaldeasturias.com\/noticias#listItem","position":1,"name":"Home","item":"https:\/\/www.eldigitaldeasturias.com\/noticias","nextItem":{"@type":"ListItem","@id":"https:\/\/www.eldigitaldeasturias.com\/noticias\/category\/agenda\/#listItem","name":"Agenda"}},{"@type":"ListItem","@id":"https:\/\/www.eldigitaldeasturias.com\/noticias\/category\/agenda\/#listItem","position":2,"name":"Agenda","item":"https:\/\/www.eldigitaldeasturias.com\/noticias\/category\/agenda\/","nextItem":{"@type":"ListItem","@id":"https:\/\/www.eldigitaldeasturias.com\/noticias\/aviles-musicos-asturianos-participan-en-la-gala-solidaria-que-cruz-roja-organiza-este-viernes\/#listItem","name":"Avil\u00e9s : M\u00fasicos asturianos participan en la gala solidaria que Cruz Roja organiza este viernes"},"previousItem":{"@type":"ListItem","@id":"https:\/\/www.eldigitaldeasturias.com\/noticias#listItem","name":"Home"}},{"@type":"ListItem","@id":"https:\/\/www.eldigitaldeasturias.com\/noticias\/aviles-musicos-asturianos-participan-en-la-gala-solidaria-que-cruz-roja-organiza-este-viernes\/#listItem","position":3,"name":"Avil\u00e9s : M\u00fasicos asturianos participan en la gala solidaria que Cruz Roja organiza este viernes","previousItem":{"@type":"ListItem","@id":"https:\/\/www.eldigitaldeasturias.com\/noticias\/category\/agenda\/#listItem","name":"Agenda"}}]},{"@type":"Organization","@id":"https:\/\/www.eldigitaldeasturias.com\/noticias\/#organization","name":"El Digital de Asturias","description":"Hemeroteca","url":"https:\/\/www.eldigitaldeasturias.com\/noticias\/","email":"info@eldigitaldeasturias.com","telephone":"+34652131393","logo":{"@type":"ImageObject","url":"https:\/\/www.eldigitaldeasturias.com\/noticias\/wp-content\/uploads\/2020\/12\/EDA.jpg","@id":"https:\/\/www.eldigitaldeasturias.com\/noticias\/aviles-musicos-asturianos-participan-en-la-gala-solidaria-que-cruz-roja-organiza-este-viernes\/#organizationLogo","width":649,"height":297},"image":{"@id":"https:\/\/www.eldigitaldeasturias.com\/noticias\/aviles-musicos-asturianos-participan-en-la-gala-solidaria-que-cruz-roja-organiza-este-viernes\/#organizationLogo"},"sameAs":["https:\/\/facebook.com\/eldigitaldeasturias","https:\/\/www.youtube.com\/channel\/UCZP-2wLEB9Rv6erhFmqVnvg"],"address":{"@id":"https:\/\/www.eldigitaldeasturias.com\/noticias\/#postaladdress","@type":"PostalAddress","streetAddress":"san antonio 4,","postalCode":"33430","addressLocality":"Cand\u00e1s","addressRegion":"Asturias","addressCountry":"ES"}},{"@type":"Person","@id":"https:\/\/www.eldigitaldeasturias.com\/noticias\/author\/admin\/#author","url":"https:\/\/www.eldigitaldeasturias.com\/noticias\/author\/admin\/","name":"El Digital de Asturias","image":{"@type":"ImageObject","@id":"https:\/\/www.eldigitaldeasturias.com\/noticias\/aviles-musicos-asturianos-participan-en-la-gala-solidaria-que-cruz-roja-organiza-este-viernes\/#authorImage","url":"https:\/\/www.eldigitaldeasturias.com\/noticias\/wp-content\/litespeed\/avatar\/18677e78aa0546b92d9dbf31ec7d7668.jpg?ver=1776685526","width":96,"height":96,"caption":"El Digital de Asturias"}},{"@type":"WebPage","@id":"https:\/\/www.eldigitaldeasturias.com\/noticias\/aviles-musicos-asturianos-participan-en-la-gala-solidaria-que-cruz-roja-organiza-este-viernes\/#webpage","url":"https:\/\/www.eldigitaldeasturias.com\/noticias\/aviles-musicos-asturianos-participan-en-la-gala-solidaria-que-cruz-roja-organiza-este-viernes\/","name":"Avil\u00e9s : M\u00fasicos asturianos participan en la gala solidaria que Cruz Roja organiza este viernes - El Digital de Asturias","description":"AVIL\u00c9S\/OVIEDO, 24 Sep. (EUROPA PRESS) - M\u00fasicos asturianos participan en la gala \"Ahora + que nunca. Tu apoyo es necesario\" que organiza este viernes Cruz Roja en la Casa de Cultura de Cultura. Actuar\u00e1n de manera desinteresada para recaudar fondos para las personas afectadas por la crisis econ\u00f3mica y que cuentan con escasos recursos. En la","inLanguage":"es-ES","isPartOf":{"@id":"https:\/\/www.eldigitaldeasturias.com\/noticias\/#website"},"breadcrumb":{"@id":"https:\/\/www.eldigitaldeasturias.com\/noticias\/aviles-musicos-asturianos-participan-en-la-gala-solidaria-que-cruz-roja-organiza-este-viernes\/#breadcrumblist"},"author":{"@id":"https:\/\/www.eldigitaldeasturias.com\/noticias\/author\/admin\/#author"},"creator":{"@id":"https:\/\/www.eldigitaldeasturias.com\/noticias\/author\/admin\/#author"},"image":{"@type":"ImageObject","url":1580,"@id":"https:\/\/www.eldigitaldeasturias.com\/noticias\/aviles-musicos-asturianos-participan-en-la-gala-solidaria-que-cruz-roja-organiza-este-viernes\/#mainImage"},"primaryImageOfPage":{"@id":"https:\/\/www.eldigitaldeasturias.com\/noticias\/aviles-musicos-asturianos-participan-en-la-gala-solidaria-que-cruz-roja-organiza-este-viernes\/#mainImage"},"datePublished":"2013-09-24T23:03:57+02:00","dateModified":"2013-09-24T23:03:57+02:00"},{"@type":"WebSite","@id":"https:\/\/www.eldigitaldeasturias.com\/noticias\/#website","url":"https:\/\/www.eldigitaldeasturias.com\/noticias\/","name":"El Digital de Asturias - Diario de actualidad y noticias","alternateName":"El Digital de Asturias - Diario de actualidad y noticias","description":"Hemeroteca","inLanguage":"es-ES","publisher":{"@id":"https:\/\/www.eldigitaldeasturias.com\/noticias\/#organization"}}]},"og:locale":"es_ES","og:site_name":"El Digital de Asturias","og:type":"article","og:title":"Avil\u00e9s : M\u00fasicos asturianos participan en la gala solidaria que Cruz Roja organiza este viernes - El Digital de Asturias","og:description":"AVIL\u00c9S\/OVIEDO, 24 Sep. (EUROPA PRESS) - M\u00fasicos asturianos participan en la gala &quot;Ahora + que nunca. Tu apoyo es necesario&quot; que organiza este viernes Cruz Roja en la Casa de Cultura de Cultura. Actuar\u00e1n de manera desinteresada para recaudar fondos para las personas afectadas por la crisis econ\u00f3mica y que cuentan con escasos recursos. En la","og:url":"https:\/\/www.eldigitaldeasturias.com\/noticias\/aviles-musicos-asturianos-participan-en-la-gala-solidaria-que-cruz-roja-organiza-este-viernes\/","article:tag":["agenda"],"article:published_time":"2013-09-24T23:03:57+00:00","article:modified_time":"2013-09-24T23:03:57+00:00","article:publisher":"https:\/\/facebook.com\/eldigitaldeasturias","twitter:card":"summary_large_image","twitter:title":"Avil\u00e9s : M\u00fasicos asturianos participan en la gala solidaria que Cruz Roja organiza este viernes - El Digital de Asturias","twitter:description":"AVIL\u00c9S\/OVIEDO, 24 Sep. (EUROPA PRESS) - M\u00fasicos asturianos participan en la gala &quot;Ahora + que nunca. Tu apoyo es necesario&quot; que organiza este viernes Cruz Roja en la Casa de Cultura de Cultura. Actuar\u00e1n de manera desinteresada para recaudar fondos para las personas afectadas por la crisis econ\u00f3mica y que cuentan con escasos recursos. En la","twitter:label1":"Escrito por","twitter:data1":"El Digital de Asturias","twitter:label2":"Tiempo de lectura estimado","twitter:data2":"1 minuto"},"aioseo_meta_data":{"post_id":"2889","title":null,"description":null,"keywords":null,"keyphrases":null,"primary_term":null,"canonical_url":null,"og_title":null,"og_description":null,"og_object_type":"default","og_image_type":"default","og_image_url":null,"og_image_width":null,"og_image_height":null,"og_image_custom_url":null,"og_image_custom_fields":null,"og_video":null,"og_custom_url":null,"og_article_section":null,"og_article_tags":null,"twitter_use_og":true,"twitter_card":"default","twitter_image_type":"default","twitter_image_url":null,"twitter_image_custom_url":null,"twitter_image_custom_fields":null,"twitter_title":null,"twitter_description":null,"schema":{"blockGraphs":[],"customGraphs":[],"default":{"data":{"Article":[],"Course":[],"Dataset":[],"FAQPage":[],"Movie":[],"Person":[],"Product":[],"ProductReview":[],"Car":[],"Recipe":[],"Service":[],"SoftwareApplication":[],"WebPage":[]},"graphName":"","isEnabled":true},"graphs":[],"defaultGraph":"","defaultPostTypeGraph":""},"schema_type":null,"schema_type_options":null,"pillar_content":false,"robots_default":true,"robots_noindex":false,"robots_noarchive":false,"robots_nosnippet":false,"robots_nofollow":false,"robots_noimageindex":false,"robots_noodp":false,"robots_notranslate":false,"robots_max_snippet":null,"robots_max_videopreview":null,"robots_max_imagepreview":"none","priority":null,"frequency":null,"local_seo":null,"seo_analyzer_scan_date":"2025-08-21 05:10:47","breadcrumb_settings":null,"limit_modified_date":false,"open_ai":null,"ai":null,"created":"2020-11-14 22:37:00","updated":"2025-08-21 05:10:47"},"aioseo_breadcrumb":"<div class=\"aioseo-breadcrumbs\"><span class=\"aioseo-breadcrumb\">\n\t<a href=\"https:\/\/www.eldigitaldeasturias.com\/noticias\" title=\"Home\">Home<\/a>\n<\/span><span class=\"aioseo-breadcrumb-separator\">\u2013<\/span><span class=\"aioseo-breadcrumb\">\n\t<a href=\"https:\/\/www.eldigitaldeasturias.com\/noticias\/category\/agenda\/\" title=\"Agenda\">Agenda<\/a>\n<\/span><span class=\"aioseo-breadcrumb-separator\">\u2013<\/span><span class=\"aioseo-breadcrumb\">\n\t<a href=\"https:\/\/www.eldigitaldeasturias.com\/noticias\/aviles-musicos-asturianos-participan-en-la-gala-solidaria-que-cruz-roja-organiza-este-viernes\/\" title=\"Avil\u00e9s : M\u00fasicos asturianos participan en la gala solidaria que Cruz Roja organiza este viernes\">Avil\u00e9s : M\u00fasicos asturianos participan en la gala solidaria que Cruz Roja organiza este viernes<\/a>\n<\/span><\/div>","aioseo_breadcrumb_json":[{"label":"Home","link":"https:\/\/www.eldigitaldeasturias.com\/noticias"},{"label":"Agenda","link":"https:\/\/www.eldigitaldeasturias.com\/noticias\/category\/agenda\/"},{"label":"Avil\u00e9s : M\u00fasicos asturianos participan en la gala solidaria que Cruz Roja organiza este viernes","link":"https:\/\/www.eldigitaldeasturias.com\/noticias\/aviles-musicos-asturianos-participan-en-la-gala-solidaria-que-cruz-roja-organiza-este-viernes\/"}],"_links":{"self":[{"href":"https:\/\/www.eldigitaldeasturias.com\/noticias\/wp-json\/wp\/v2\/posts\/2889","targetHints":{"allow":["GET"]}}],"collection":[{"href":"https:\/\/www.eldigitaldeasturias.com\/noticias\/wp-json\/wp\/v2\/posts"}],"about":[{"href":"https:\/\/www.eldigitaldeasturias.com\/noticias\/wp-json\/wp\/v2\/types\/post"}],"author":[{"embeddable":true,"href":"https:\/\/www.eldigitaldeasturias.com\/noticias\/wp-json\/wp\/v2\/users\/1"}],"replies":[{"embeddable":true,"href":"https:\/\/www.eldigitaldeasturias.com\/noticias\/wp-json\/wp\/v2\/comments?post=2889"}],"version-history":[{"count":0,"href":"https:\/\/www.eldigitaldeasturias.com\/noticias\/wp-json\/wp\/v2\/posts\/2889\/revisions"}],"wp:featuredmedia":[{"embeddable":true,"href":"https:\/\/www.eldigitaldeasturias.com\/noticias\/wp-json\/"}],"wp:attachment":[{"href":"https:\/\/www.eldigitaldeasturias.com\/noticias\/wp-json\/wp\/v2\/media?parent=2889"}],"wp:term":[{"taxonomy":"category","embeddable":true,"href":"https:\/\/www.eldigitaldeasturias.com\/noticias\/wp-json\/wp\/v2\/categories?post=2889"},{"taxonomy":"post_tag","embeddable":true,"href":"https:\/\/www.eldigitaldeasturias.com\/noticias\/wp-json\/wp\/v2\/tags?post=2889"}],"curies":[{"name":"wp","href":"https:\/\/api.w.org\/{rel}","templated":true}]}}