{"id":2886,"date":"2013-09-24T23:02:43","date_gmt":"2013-09-24T23:02:43","guid":{"rendered":"http:\/\/www.eldigitaldeasturias.com\/noticias\/?p=2886"},"modified":"2013-09-24T23:02:43","modified_gmt":"2013-09-24T23:02:43","slug":"el-consejo-social-de-la-universidad-autoriza-la-desafectacion-del-edificio-arguelles","status":"publish","type":"post","link":"https:\/\/www.eldigitaldeasturias.com\/noticias\/el-consejo-social-de-la-universidad-autoriza-la-desafectacion-del-edificio-arguelles\/","title":{"rendered":"El Consejo Social de la Universidad autoriza la desafectaci\u00f3n del edificio Arg\u00fcelles"},"content":{"rendered":"<p><img loading=\"lazy\" decoding=\"async\" class=\"alignleft size-medium wp-image-2887\" alt=\"fotonoticia_20130924180848_800\" src=\"https:\/\/www.eldigitaldeasturias.com\/noticias\/wp-content\/uploads\/2013\/09\/fotonoticia_20130924180848_800-300x300.jpg\" width=\"300\" height=\"300\" \/>OVIEDO, 24 Sep. (EUROPA PRESS) &#8211;\u00a0El Consejo Social de la Universidad de Oviedo ha autorizado este martes la desafectaci\u00f3n del solar del edificio de la calle Arg\u00fcelles, para que la instituci\u00f3n acad\u00e9mica pueda continuar con el procedimiento para sacarlo a subasta p\u00fablica.<\/p>\n<p>Seg\u00fan ha explicado el rector, Vicente Gotor, en declaraciones a Europa Press, el objetivo es venderlo pero \u00abno se va a regalar\u00bb. Por ello, explica que se agilizar\u00e1n al m\u00e1ximo los plazos para subastarlo, aunque advierte que \u00abno ser\u00e1 a precio de saldo\u00bb.<\/p>\n<p>Gotor ha resaltado la \u00abmagn\u00edfica\u00bb ubicaci\u00f3n del solar, frente al Teatro Campoamor, y la caracter\u00edstica de edificio protegido del inmueble derruido.<\/p>\n<p>Igualmente, ha se\u00f1alado que desde la Universidad se pretende hablar con el alcalde de Oviedo, Agust\u00edn Iglesias Caunedo, con el fin de abordar las posibilidades de uso del la misma.<\/p>\n","protected":false},"excerpt":{"rendered":"<p>OVIEDO, 24 Sep. (EUROPA PRESS) &#8211;\u00a0El Consejo Social de la Universidad de Oviedo ha autorizado este martes la desafectaci\u00f3n del solar del edificio de la calle Arg\u00fcelles, para que la instituci\u00f3n acad\u00e9mica pueda continuar con el procedimiento para sacarlo a subasta p\u00fablica. Seg\u00fan ha explicado el rector, Vicente Gotor, en declaraciones a Europa Press, el [&hellip;]<\/p>\n","protected":false},"author":1,"featured_media":2887,"comment_status":"open","ping_status":"open","sticky":false,"template":"","format":"standard","meta":{"footnotes":""},"categories":[12],"tags":[],"class_list":["post-2886","post","type-post","status-publish","format-standard","has-post-thumbnail","hentry","category-actualidad-asturias"],"aioseo_notices":[],"aioseo_head":"\n\t\t<!-- All in One SEO Pro 4.9.6.2 - aioseo.com -->\n\t<meta name=\"description\" content=\"OVIEDO, 24 Sep. (EUROPA PRESS) - El Consejo Social de la Universidad de Oviedo ha autorizado este martes la desafectaci\u00f3n del solar del edificio de la calle Arg\u00fcelles, para que la instituci\u00f3n acad\u00e9mica pueda continuar con el procedimiento para sacarlo a subasta p\u00fablica. Seg\u00fan ha explicado el rector, Vicente Gotor, en declaraciones a Europa Press, el\" \/>\n\t<meta name=\"robots\" content=\"max-image-preview:large\" \/>\n\t<meta name=\"author\" content=\"El Digital de Asturias\"\/>\n\t<meta name=\"google-site-verification\" content=\"UA-38556648-1\" \/>\n\t<meta name=\"msvalidate.01\" content=\"7dfe9f3f1b24437ab69f4f2559babe99\" \/>\n\t<meta name=\"keywords\" content=\"actualidad asturias\" \/>\n\t<link rel=\"canonical\" href=\"https:\/\/www.eldigitaldeasturias.com\/noticias\/el-consejo-social-de-la-universidad-autoriza-la-desafectacion-del-edificio-arguelles\/\" \/>\n\t<meta name=\"generator\" content=\"All in One SEO Pro (AIOSEO) 4.9.6.2\" \/>\n\t\t<meta property=\"og:locale\" content=\"es_ES\" \/>\n\t\t<meta property=\"og:site_name\" content=\"El Digital de Asturias\" \/>\n\t\t<meta property=\"og:type\" content=\"article\" \/>\n\t\t<meta property=\"og:title\" content=\"El Consejo Social de la Universidad autoriza la desafectaci\u00f3n del edificio Arg\u00fcelles - El Digital de Asturias\" \/>\n\t\t<meta property=\"og:description\" content=\"OVIEDO, 24 Sep. (EUROPA PRESS) - El Consejo Social de la Universidad de Oviedo ha autorizado este martes la desafectaci\u00f3n del solar del edificio de la calle Arg\u00fcelles, para que la instituci\u00f3n acad\u00e9mica pueda continuar con el procedimiento para sacarlo a subasta p\u00fablica. Seg\u00fan ha explicado el rector, Vicente Gotor, en declaraciones a Europa Press, el\" \/>\n\t\t<meta property=\"og:url\" content=\"https:\/\/www.eldigitaldeasturias.com\/noticias\/el-consejo-social-de-la-universidad-autoriza-la-desafectacion-del-edificio-arguelles\/\" \/>\n\t\t<meta property=\"article:tag\" content=\"actualidad asturias\" \/>\n\t\t<meta property=\"article:published_time\" content=\"2013-09-24T23:02:43+00:00\" \/>\n\t\t<meta property=\"article:modified_time\" content=\"2013-09-24T23:02:43+00:00\" \/>\n\t\t<meta property=\"article:publisher\" content=\"https:\/\/facebook.com\/eldigitaldeasturias\" \/>\n\t\t<meta name=\"twitter:card\" content=\"summary_large_image\" \/>\n\t\t<meta name=\"twitter:title\" content=\"El Consejo Social de la Universidad autoriza la desafectaci\u00f3n del edificio Arg\u00fcelles - El Digital de Asturias\" \/>\n\t\t<meta name=\"twitter:description\" content=\"OVIEDO, 24 Sep. (EUROPA PRESS) - El Consejo Social de la Universidad de Oviedo ha autorizado este martes la desafectaci\u00f3n del solar del edificio de la calle Arg\u00fcelles, para que la instituci\u00f3n acad\u00e9mica pueda continuar con el procedimiento para sacarlo a subasta p\u00fablica. Seg\u00fan ha explicado el rector, Vicente Gotor, en declaraciones a Europa Press, el\" \/>\n\t\t<meta name=\"twitter:label1\" content=\"Escrito por\" \/>\n\t\t<meta name=\"twitter:data1\" content=\"El Digital de Asturias\" \/>\n\t\t<meta name=\"twitter:label2\" content=\"Tiempo de lectura estimado\" \/>\n\t\t<meta name=\"twitter:data2\" content=\"1 minuto\" \/>\n\t\t<script type=\"application\/ld+json\" class=\"aioseo-schema\">\n\t\t\t{\"@context\":\"https:\\\/\\\/schema.org\",\"@graph\":[{\"@type\":\"BlogPosting\",\"@id\":\"https:\\\/\\\/www.eldigitaldeasturias.com\\\/noticias\\\/el-consejo-social-de-la-universidad-autoriza-la-desafectacion-del-edificio-arguelles\\\/#blogposting\",\"name\":\"El Consejo Social de la Universidad autoriza la desafectaci\\u00f3n del edificio Arg\\u00fcelles - El Digital de Asturias\",\"headline\":\"El Consejo Social de la Universidad autoriza la desafectaci\\u00f3n del edificio Arg\\u00fcelles\",\"author\":{\"@id\":\"https:\\\/\\\/www.eldigitaldeasturias.com\\\/noticias\\\/author\\\/admin\\\/#author\"},\"publisher\":{\"@id\":\"https:\\\/\\\/www.eldigitaldeasturias.com\\\/noticias\\\/#organization\"},\"image\":{\"@type\":\"ImageObject\",\"url\":2887},\"datePublished\":\"2013-09-24T23:02:43+02:00\",\"dateModified\":\"2013-09-24T23:02:43+02:00\",\"inLanguage\":\"es-ES\",\"mainEntityOfPage\":{\"@id\":\"https:\\\/\\\/www.eldigitaldeasturias.com\\\/noticias\\\/el-consejo-social-de-la-universidad-autoriza-la-desafectacion-del-edificio-arguelles\\\/#webpage\"},\"isPartOf\":{\"@id\":\"https:\\\/\\\/www.eldigitaldeasturias.com\\\/noticias\\\/el-consejo-social-de-la-universidad-autoriza-la-desafectacion-del-edificio-arguelles\\\/#webpage\"},\"articleSection\":\"Actualidad Asturias\"},{\"@type\":\"BreadcrumbList\",\"@id\":\"https:\\\/\\\/www.eldigitaldeasturias.com\\\/noticias\\\/el-consejo-social-de-la-universidad-autoriza-la-desafectacion-del-edificio-arguelles\\\/#breadcrumblist\",\"itemListElement\":[{\"@type\":\"ListItem\",\"@id\":\"https:\\\/\\\/www.eldigitaldeasturias.com\\\/noticias#listItem\",\"position\":1,\"name\":\"Home\",\"item\":\"https:\\\/\\\/www.eldigitaldeasturias.com\\\/noticias\",\"nextItem\":{\"@type\":\"ListItem\",\"@id\":\"https:\\\/\\\/www.eldigitaldeasturias.com\\\/noticias\\\/category\\\/actualidad-asturias\\\/#listItem\",\"name\":\"Actualidad Asturias\"}},{\"@type\":\"ListItem\",\"@id\":\"https:\\\/\\\/www.eldigitaldeasturias.com\\\/noticias\\\/category\\\/actualidad-asturias\\\/#listItem\",\"position\":2,\"name\":\"Actualidad Asturias\",\"item\":\"https:\\\/\\\/www.eldigitaldeasturias.com\\\/noticias\\\/category\\\/actualidad-asturias\\\/\",\"nextItem\":{\"@type\":\"ListItem\",\"@id\":\"https:\\\/\\\/www.eldigitaldeasturias.com\\\/noticias\\\/el-consejo-social-de-la-universidad-autoriza-la-desafectacion-del-edificio-arguelles\\\/#listItem\",\"name\":\"El Consejo Social de la Universidad autoriza la desafectaci\\u00f3n del edificio Arg\\u00fcelles\"},\"previousItem\":{\"@type\":\"ListItem\",\"@id\":\"https:\\\/\\\/www.eldigitaldeasturias.com\\\/noticias#listItem\",\"name\":\"Home\"}},{\"@type\":\"ListItem\",\"@id\":\"https:\\\/\\\/www.eldigitaldeasturias.com\\\/noticias\\\/el-consejo-social-de-la-universidad-autoriza-la-desafectacion-del-edificio-arguelles\\\/#listItem\",\"position\":3,\"name\":\"El Consejo Social de la Universidad autoriza la desafectaci\\u00f3n del edificio Arg\\u00fcelles\",\"previousItem\":{\"@type\":\"ListItem\",\"@id\":\"https:\\\/\\\/www.eldigitaldeasturias.com\\\/noticias\\\/category\\\/actualidad-asturias\\\/#listItem\",\"name\":\"Actualidad Asturias\"}}]},{\"@type\":\"Organization\",\"@id\":\"https:\\\/\\\/www.eldigitaldeasturias.com\\\/noticias\\\/#organization\",\"name\":\"El Digital de Asturias\",\"description\":\"Hemeroteca\",\"url\":\"https:\\\/\\\/www.eldigitaldeasturias.com\\\/noticias\\\/\",\"email\":\"info@eldigitaldeasturias.com\",\"telephone\":\"+34652131393\",\"logo\":{\"@type\":\"ImageObject\",\"url\":\"https:\\\/\\\/www.eldigitaldeasturias.com\\\/noticias\\\/wp-content\\\/uploads\\\/2020\\\/12\\\/EDA.jpg\",\"@id\":\"https:\\\/\\\/www.eldigitaldeasturias.com\\\/noticias\\\/el-consejo-social-de-la-universidad-autoriza-la-desafectacion-del-edificio-arguelles\\\/#organizationLogo\",\"width\":649,\"height\":297},\"image\":{\"@id\":\"https:\\\/\\\/www.eldigitaldeasturias.com\\\/noticias\\\/el-consejo-social-de-la-universidad-autoriza-la-desafectacion-del-edificio-arguelles\\\/#organizationLogo\"},\"sameAs\":[\"https:\\\/\\\/facebook.com\\\/eldigitaldeasturias\",\"https:\\\/\\\/www.youtube.com\\\/channel\\\/UCZP-2wLEB9Rv6erhFmqVnvg\"],\"address\":{\"@id\":\"https:\\\/\\\/www.eldigitaldeasturias.com\\\/noticias\\\/#postaladdress\",\"@type\":\"PostalAddress\",\"streetAddress\":\"san antonio 4,\",\"postalCode\":\"33430\",\"addressLocality\":\"Cand\\u00e1s\",\"addressRegion\":\"Asturias\",\"addressCountry\":\"ES\"}},{\"@type\":\"Person\",\"@id\":\"https:\\\/\\\/www.eldigitaldeasturias.com\\\/noticias\\\/author\\\/admin\\\/#author\",\"url\":\"https:\\\/\\\/www.eldigitaldeasturias.com\\\/noticias\\\/author\\\/admin\\\/\",\"name\":\"El Digital de Asturias\",\"image\":{\"@type\":\"ImageObject\",\"@id\":\"https:\\\/\\\/www.eldigitaldeasturias.com\\\/noticias\\\/el-consejo-social-de-la-universidad-autoriza-la-desafectacion-del-edificio-arguelles\\\/#authorImage\",\"url\":\"https:\\\/\\\/www.eldigitaldeasturias.com\\\/noticias\\\/wp-content\\\/litespeed\\\/avatar\\\/18677e78aa0546b92d9dbf31ec7d7668.jpg?ver=1776685526\",\"width\":96,\"height\":96,\"caption\":\"El Digital de Asturias\"}},{\"@type\":\"WebPage\",\"@id\":\"https:\\\/\\\/www.eldigitaldeasturias.com\\\/noticias\\\/el-consejo-social-de-la-universidad-autoriza-la-desafectacion-del-edificio-arguelles\\\/#webpage\",\"url\":\"https:\\\/\\\/www.eldigitaldeasturias.com\\\/noticias\\\/el-consejo-social-de-la-universidad-autoriza-la-desafectacion-del-edificio-arguelles\\\/\",\"name\":\"El Consejo Social de la Universidad autoriza la desafectaci\\u00f3n del edificio Arg\\u00fcelles - El Digital de Asturias\",\"description\":\"OVIEDO, 24 Sep. (EUROPA PRESS) - El Consejo Social de la Universidad de Oviedo ha autorizado este martes la desafectaci\\u00f3n del solar del edificio de la calle Arg\\u00fcelles, para que la instituci\\u00f3n acad\\u00e9mica pueda continuar con el procedimiento para sacarlo a subasta p\\u00fablica. Seg\\u00fan ha explicado el rector, Vicente Gotor, en declaraciones a Europa Press, el\",\"inLanguage\":\"es-ES\",\"isPartOf\":{\"@id\":\"https:\\\/\\\/www.eldigitaldeasturias.com\\\/noticias\\\/#website\"},\"breadcrumb\":{\"@id\":\"https:\\\/\\\/www.eldigitaldeasturias.com\\\/noticias\\\/el-consejo-social-de-la-universidad-autoriza-la-desafectacion-del-edificio-arguelles\\\/#breadcrumblist\"},\"author\":{\"@id\":\"https:\\\/\\\/www.eldigitaldeasturias.com\\\/noticias\\\/author\\\/admin\\\/#author\"},\"creator\":{\"@id\":\"https:\\\/\\\/www.eldigitaldeasturias.com\\\/noticias\\\/author\\\/admin\\\/#author\"},\"image\":{\"@type\":\"ImageObject\",\"url\":2887,\"@id\":\"https:\\\/\\\/www.eldigitaldeasturias.com\\\/noticias\\\/el-consejo-social-de-la-universidad-autoriza-la-desafectacion-del-edificio-arguelles\\\/#mainImage\"},\"primaryImageOfPage\":{\"@id\":\"https:\\\/\\\/www.eldigitaldeasturias.com\\\/noticias\\\/el-consejo-social-de-la-universidad-autoriza-la-desafectacion-del-edificio-arguelles\\\/#mainImage\"},\"datePublished\":\"2013-09-24T23:02:43+02:00\",\"dateModified\":\"2013-09-24T23:02:43+02:00\"},{\"@type\":\"WebSite\",\"@id\":\"https:\\\/\\\/www.eldigitaldeasturias.com\\\/noticias\\\/#website\",\"url\":\"https:\\\/\\\/www.eldigitaldeasturias.com\\\/noticias\\\/\",\"name\":\"El Digital de Asturias - Diario de actualidad y noticias\",\"alternateName\":\"El Digital de Asturias - Diario de actualidad y noticias\",\"description\":\"Hemeroteca\",\"inLanguage\":\"es-ES\",\"publisher\":{\"@id\":\"https:\\\/\\\/www.eldigitaldeasturias.com\\\/noticias\\\/#organization\"}}]}\n\t\t<\/script>\n\t\t<!-- All in One SEO Pro -->\r\n\t\t<title>El Consejo Social de la Universidad autoriza la desafectaci\u00f3n del edificio Arg\u00fcelles - El Digital de Asturias<\/title>\n\n","aioseo_head_json":{"title":"El Consejo Social de la Universidad autoriza la desafectaci\u00f3n del edificio Arg\u00fcelles - El Digital de Asturias","description":"OVIEDO, 24 Sep. (EUROPA PRESS) - El Consejo Social de la Universidad de Oviedo ha autorizado este martes la desafectaci\u00f3n del solar del edificio de la calle Arg\u00fcelles, para que la instituci\u00f3n acad\u00e9mica pueda continuar con el procedimiento para sacarlo a subasta p\u00fablica. Seg\u00fan ha explicado el rector, Vicente Gotor, en declaraciones a Europa Press, el","canonical_url":"https:\/\/www.eldigitaldeasturias.com\/noticias\/el-consejo-social-de-la-universidad-autoriza-la-desafectacion-del-edificio-arguelles\/","robots":"max-image-preview:large","keywords":"actualidad asturias","webmasterTools":{"google-site-verification":"UA-38556648-1","msvalidate.01":"7dfe9f3f1b24437ab69f4f2559babe99","miscellaneous":""},"schema":{"@context":"https:\/\/schema.org","@graph":[{"@type":"BlogPosting","@id":"https:\/\/www.eldigitaldeasturias.com\/noticias\/el-consejo-social-de-la-universidad-autoriza-la-desafectacion-del-edificio-arguelles\/#blogposting","name":"El Consejo Social de la Universidad autoriza la desafectaci\u00f3n del edificio Arg\u00fcelles - El Digital de Asturias","headline":"El Consejo Social de la Universidad autoriza la desafectaci\u00f3n del edificio Arg\u00fcelles","author":{"@id":"https:\/\/www.eldigitaldeasturias.com\/noticias\/author\/admin\/#author"},"publisher":{"@id":"https:\/\/www.eldigitaldeasturias.com\/noticias\/#organization"},"image":{"@type":"ImageObject","url":2887},"datePublished":"2013-09-24T23:02:43+02:00","dateModified":"2013-09-24T23:02:43+02:00","inLanguage":"es-ES","mainEntityOfPage":{"@id":"https:\/\/www.eldigitaldeasturias.com\/noticias\/el-consejo-social-de-la-universidad-autoriza-la-desafectacion-del-edificio-arguelles\/#webpage"},"isPartOf":{"@id":"https:\/\/www.eldigitaldeasturias.com\/noticias\/el-consejo-social-de-la-universidad-autoriza-la-desafectacion-del-edificio-arguelles\/#webpage"},"articleSection":"Actualidad Asturias"},{"@type":"BreadcrumbList","@id":"https:\/\/www.eldigitaldeasturias.com\/noticias\/el-consejo-social-de-la-universidad-autoriza-la-desafectacion-del-edificio-arguelles\/#breadcrumblist","itemListElement":[{"@type":"ListItem","@id":"https:\/\/www.eldigitaldeasturias.com\/noticias#listItem","position":1,"name":"Home","item":"https:\/\/www.eldigitaldeasturias.com\/noticias","nextItem":{"@type":"ListItem","@id":"https:\/\/www.eldigitaldeasturias.com\/noticias\/category\/actualidad-asturias\/#listItem","name":"Actualidad Asturias"}},{"@type":"ListItem","@id":"https:\/\/www.eldigitaldeasturias.com\/noticias\/category\/actualidad-asturias\/#listItem","position":2,"name":"Actualidad Asturias","item":"https:\/\/www.eldigitaldeasturias.com\/noticias\/category\/actualidad-asturias\/","nextItem":{"@type":"ListItem","@id":"https:\/\/www.eldigitaldeasturias.com\/noticias\/el-consejo-social-de-la-universidad-autoriza-la-desafectacion-del-edificio-arguelles\/#listItem","name":"El Consejo Social de la Universidad autoriza la desafectaci\u00f3n del edificio Arg\u00fcelles"},"previousItem":{"@type":"ListItem","@id":"https:\/\/www.eldigitaldeasturias.com\/noticias#listItem","name":"Home"}},{"@type":"ListItem","@id":"https:\/\/www.eldigitaldeasturias.com\/noticias\/el-consejo-social-de-la-universidad-autoriza-la-desafectacion-del-edificio-arguelles\/#listItem","position":3,"name":"El Consejo Social de la Universidad autoriza la desafectaci\u00f3n del edificio Arg\u00fcelles","previousItem":{"@type":"ListItem","@id":"https:\/\/www.eldigitaldeasturias.com\/noticias\/category\/actualidad-asturias\/#listItem","name":"Actualidad Asturias"}}]},{"@type":"Organization","@id":"https:\/\/www.eldigitaldeasturias.com\/noticias\/#organization","name":"El Digital de Asturias","description":"Hemeroteca","url":"https:\/\/www.eldigitaldeasturias.com\/noticias\/","email":"info@eldigitaldeasturias.com","telephone":"+34652131393","logo":{"@type":"ImageObject","url":"https:\/\/www.eldigitaldeasturias.com\/noticias\/wp-content\/uploads\/2020\/12\/EDA.jpg","@id":"https:\/\/www.eldigitaldeasturias.com\/noticias\/el-consejo-social-de-la-universidad-autoriza-la-desafectacion-del-edificio-arguelles\/#organizationLogo","width":649,"height":297},"image":{"@id":"https:\/\/www.eldigitaldeasturias.com\/noticias\/el-consejo-social-de-la-universidad-autoriza-la-desafectacion-del-edificio-arguelles\/#organizationLogo"},"sameAs":["https:\/\/facebook.com\/eldigitaldeasturias","https:\/\/www.youtube.com\/channel\/UCZP-2wLEB9Rv6erhFmqVnvg"],"address":{"@id":"https:\/\/www.eldigitaldeasturias.com\/noticias\/#postaladdress","@type":"PostalAddress","streetAddress":"san antonio 4,","postalCode":"33430","addressLocality":"Cand\u00e1s","addressRegion":"Asturias","addressCountry":"ES"}},{"@type":"Person","@id":"https:\/\/www.eldigitaldeasturias.com\/noticias\/author\/admin\/#author","url":"https:\/\/www.eldigitaldeasturias.com\/noticias\/author\/admin\/","name":"El Digital de Asturias","image":{"@type":"ImageObject","@id":"https:\/\/www.eldigitaldeasturias.com\/noticias\/el-consejo-social-de-la-universidad-autoriza-la-desafectacion-del-edificio-arguelles\/#authorImage","url":"https:\/\/www.eldigitaldeasturias.com\/noticias\/wp-content\/litespeed\/avatar\/18677e78aa0546b92d9dbf31ec7d7668.jpg?ver=1776685526","width":96,"height":96,"caption":"El Digital de Asturias"}},{"@type":"WebPage","@id":"https:\/\/www.eldigitaldeasturias.com\/noticias\/el-consejo-social-de-la-universidad-autoriza-la-desafectacion-del-edificio-arguelles\/#webpage","url":"https:\/\/www.eldigitaldeasturias.com\/noticias\/el-consejo-social-de-la-universidad-autoriza-la-desafectacion-del-edificio-arguelles\/","name":"El Consejo Social de la Universidad autoriza la desafectaci\u00f3n del edificio Arg\u00fcelles - El Digital de Asturias","description":"OVIEDO, 24 Sep. (EUROPA PRESS) - El Consejo Social de la Universidad de Oviedo ha autorizado este martes la desafectaci\u00f3n del solar del edificio de la calle Arg\u00fcelles, para que la instituci\u00f3n acad\u00e9mica pueda continuar con el procedimiento para sacarlo a subasta p\u00fablica. Seg\u00fan ha explicado el rector, Vicente Gotor, en declaraciones a Europa Press, el","inLanguage":"es-ES","isPartOf":{"@id":"https:\/\/www.eldigitaldeasturias.com\/noticias\/#website"},"breadcrumb":{"@id":"https:\/\/www.eldigitaldeasturias.com\/noticias\/el-consejo-social-de-la-universidad-autoriza-la-desafectacion-del-edificio-arguelles\/#breadcrumblist"},"author":{"@id":"https:\/\/www.eldigitaldeasturias.com\/noticias\/author\/admin\/#author"},"creator":{"@id":"https:\/\/www.eldigitaldeasturias.com\/noticias\/author\/admin\/#author"},"image":{"@type":"ImageObject","url":2887,"@id":"https:\/\/www.eldigitaldeasturias.com\/noticias\/el-consejo-social-de-la-universidad-autoriza-la-desafectacion-del-edificio-arguelles\/#mainImage"},"primaryImageOfPage":{"@id":"https:\/\/www.eldigitaldeasturias.com\/noticias\/el-consejo-social-de-la-universidad-autoriza-la-desafectacion-del-edificio-arguelles\/#mainImage"},"datePublished":"2013-09-24T23:02:43+02:00","dateModified":"2013-09-24T23:02:43+02:00"},{"@type":"WebSite","@id":"https:\/\/www.eldigitaldeasturias.com\/noticias\/#website","url":"https:\/\/www.eldigitaldeasturias.com\/noticias\/","name":"El Digital de Asturias - Diario de actualidad y noticias","alternateName":"El Digital de Asturias - Diario de actualidad y noticias","description":"Hemeroteca","inLanguage":"es-ES","publisher":{"@id":"https:\/\/www.eldigitaldeasturias.com\/noticias\/#organization"}}]},"og:locale":"es_ES","og:site_name":"El Digital de Asturias","og:type":"article","og:title":"El Consejo Social de la Universidad autoriza la desafectaci\u00f3n del edificio Arg\u00fcelles - El Digital de Asturias","og:description":"OVIEDO, 24 Sep. (EUROPA PRESS) - El Consejo Social de la Universidad de Oviedo ha autorizado este martes la desafectaci\u00f3n del solar del edificio de la calle Arg\u00fcelles, para que la instituci\u00f3n acad\u00e9mica pueda continuar con el procedimiento para sacarlo a subasta p\u00fablica. Seg\u00fan ha explicado el rector, Vicente Gotor, en declaraciones a Europa Press, el","og:url":"https:\/\/www.eldigitaldeasturias.com\/noticias\/el-consejo-social-de-la-universidad-autoriza-la-desafectacion-del-edificio-arguelles\/","article:tag":["actualidad asturias"],"article:published_time":"2013-09-24T23:02:43+00:00","article:modified_time":"2013-09-24T23:02:43+00:00","article:publisher":"https:\/\/facebook.com\/eldigitaldeasturias","twitter:card":"summary_large_image","twitter:title":"El Consejo Social de la Universidad autoriza la desafectaci\u00f3n del edificio Arg\u00fcelles - El Digital de Asturias","twitter:description":"OVIEDO, 24 Sep. (EUROPA PRESS) - El Consejo Social de la Universidad de Oviedo ha autorizado este martes la desafectaci\u00f3n del solar del edificio de la calle Arg\u00fcelles, para que la instituci\u00f3n acad\u00e9mica pueda continuar con el procedimiento para sacarlo a subasta p\u00fablica. Seg\u00fan ha explicado el rector, Vicente Gotor, en declaraciones a Europa Press, el","twitter:label1":"Escrito por","twitter:data1":"El Digital de Asturias","twitter:label2":"Tiempo de lectura estimado","twitter:data2":"1 minuto"},"aioseo_meta_data":{"post_id":"2886","title":null,"description":null,"keywords":null,"keyphrases":null,"primary_term":null,"canonical_url":null,"og_title":null,"og_description":null,"og_object_type":"default","og_image_type":"default","og_image_url":null,"og_image_width":null,"og_image_height":null,"og_image_custom_url":null,"og_image_custom_fields":null,"og_video":null,"og_custom_url":null,"og_article_section":null,"og_article_tags":null,"twitter_use_og":true,"twitter_card":"default","twitter_image_type":"default","twitter_image_url":null,"twitter_image_custom_url":null,"twitter_image_custom_fields":null,"twitter_title":null,"twitter_description":null,"schema":{"blockGraphs":[],"customGraphs":[],"default":{"data":{"Article":[],"Course":[],"Dataset":[],"FAQPage":[],"Movie":[],"Person":[],"Product":[],"ProductReview":[],"Car":[],"Recipe":[],"Service":[],"SoftwareApplication":[],"WebPage":[]},"graphName":"","isEnabled":true},"graphs":[],"defaultGraph":"","defaultPostTypeGraph":""},"schema_type":null,"schema_type_options":null,"pillar_content":false,"robots_default":true,"robots_noindex":false,"robots_noarchive":false,"robots_nosnippet":false,"robots_nofollow":false,"robots_noimageindex":false,"robots_noodp":false,"robots_notranslate":false,"robots_max_snippet":null,"robots_max_videopreview":null,"robots_max_imagepreview":"none","priority":null,"frequency":null,"local_seo":null,"seo_analyzer_scan_date":"2025-08-21 05:10:46","breadcrumb_settings":null,"limit_modified_date":false,"open_ai":null,"ai":null,"created":"2020-11-14 22:37:00","updated":"2025-08-21 05:10:46"},"aioseo_breadcrumb":"<div class=\"aioseo-breadcrumbs\"><span class=\"aioseo-breadcrumb\">\n\t<a href=\"https:\/\/www.eldigitaldeasturias.com\/noticias\" title=\"Home\">Home<\/a>\n<\/span><span class=\"aioseo-breadcrumb-separator\">\u2013<\/span><span class=\"aioseo-breadcrumb\">\n\t<a href=\"https:\/\/www.eldigitaldeasturias.com\/noticias\/category\/actualidad-asturias\/\" title=\"Actualidad Asturias\">Actualidad Asturias<\/a>\n<\/span><span class=\"aioseo-breadcrumb-separator\">\u2013<\/span><span class=\"aioseo-breadcrumb\">\n\t<a href=\"https:\/\/www.eldigitaldeasturias.com\/noticias\/el-consejo-social-de-la-universidad-autoriza-la-desafectacion-del-edificio-arguelles\/\" title=\"El Consejo Social de la Universidad autoriza la desafectaci\u00f3n del edificio Arg\u00fcelles\">El Consejo Social de la Universidad autoriza la desafectaci\u00f3n del edificio Arg\u00fcelles<\/a>\n<\/span><\/div>","aioseo_breadcrumb_json":[{"label":"Home","link":"https:\/\/www.eldigitaldeasturias.com\/noticias"},{"label":"Actualidad Asturias","link":"https:\/\/www.eldigitaldeasturias.com\/noticias\/category\/actualidad-asturias\/"},{"label":"El Consejo Social de la Universidad autoriza la desafectaci\u00f3n del edificio Arg\u00fcelles","link":"https:\/\/www.eldigitaldeasturias.com\/noticias\/el-consejo-social-de-la-universidad-autoriza-la-desafectacion-del-edificio-arguelles\/"}],"_links":{"self":[{"href":"https:\/\/www.eldigitaldeasturias.com\/noticias\/wp-json\/wp\/v2\/posts\/2886","targetHints":{"allow":["GET"]}}],"collection":[{"href":"https:\/\/www.eldigitaldeasturias.com\/noticias\/wp-json\/wp\/v2\/posts"}],"about":[{"href":"https:\/\/www.eldigitaldeasturias.com\/noticias\/wp-json\/wp\/v2\/types\/post"}],"author":[{"embeddable":true,"href":"https:\/\/www.eldigitaldeasturias.com\/noticias\/wp-json\/wp\/v2\/users\/1"}],"replies":[{"embeddable":true,"href":"https:\/\/www.eldigitaldeasturias.com\/noticias\/wp-json\/wp\/v2\/comments?post=2886"}],"version-history":[{"count":0,"href":"https:\/\/www.eldigitaldeasturias.com\/noticias\/wp-json\/wp\/v2\/posts\/2886\/revisions"}],"wp:featuredmedia":[{"embeddable":true,"href":"https:\/\/www.eldigitaldeasturias.com\/noticias\/wp-json\/"}],"wp:attachment":[{"href":"https:\/\/www.eldigitaldeasturias.com\/noticias\/wp-json\/wp\/v2\/media?parent=2886"}],"wp:term":[{"taxonomy":"category","embeddable":true,"href":"https:\/\/www.eldigitaldeasturias.com\/noticias\/wp-json\/wp\/v2\/categories?post=2886"},{"taxonomy":"post_tag","embeddable":true,"href":"https:\/\/www.eldigitaldeasturias.com\/noticias\/wp-json\/wp\/v2\/tags?post=2886"}],"curies":[{"name":"wp","href":"https:\/\/api.w.org\/{rel}","templated":true}]}}