{"id":2883,"date":"2013-09-24T23:01:26","date_gmt":"2013-09-24T23:01:26","guid":{"rendered":"http:\/\/www.eldigitaldeasturias.com\/noticias\/?p=2883"},"modified":"2013-09-24T23:01:26","modified_gmt":"2013-09-24T23:01:26","slug":"plataforma-por-la-democracia-en-cudillero-insiste-en-pedir-una-gestora-para-el-municipio","status":"publish","type":"post","link":"https:\/\/www.eldigitaldeasturias.com\/noticias\/plataforma-por-la-democracia-en-cudillero-insiste-en-pedir-una-gestora-para-el-municipio\/","title":{"rendered":"Plataforma por la Democracia en Cudillero insiste en pedir una gestora para el municipio"},"content":{"rendered":"<p><img loading=\"lazy\" decoding=\"async\" class=\"alignleft size-medium wp-image-2884\" alt=\"cudillero2\" src=\"https:\/\/www.eldigitaldeasturias.com\/noticias\/wp-content\/uploads\/2013\/09\/cudillero2-360x269.jpg\" width=\"360\" height=\"269\" \/>OVIEDO, 24 Sep. (EUROPA PRESS) &#8211;\u00a0La Plataforma por la Democracia en Cudillero ha insistido este martes en la necesidad de habilitar en el municipio una gestora independiente que asuma las riendas del concejo, con el objetivo de garantizar la gobernabilidad en el municipio. Se trata de la \u00fanica soluci\u00f3n que ven ante las continuas sentencias judiciales que ya han anulado el nombramiento de tres alcaldes.<\/p>\n<p>Para Plataforma, la \u00faltima sentencia del Tribunal Superior de Justicia de Asturias (TSJA) que anula el nombramiento como alcalde del socialista Luis Fern\u00e1ndez Garay no ha sido una sorpresa y era algo que \u00abse ve\u00eda venir\u00bb, en un municipio en el que se est\u00e1 cometiendo \u00abilegalidad tras ilegalidad\u00bb.<\/p>\n<p>\u00abHemos tenido cinco alcaldes en dos a\u00f1os y tres han sido anulados por los tribunales\u00bb, han explicado a Europa Press, se\u00f1alando que el municipio est\u00e1 quedando \u00aben rid\u00edculo\u00bb.<\/p>\n<p>Por ello, consideran que la mejor soluci\u00f3n es la de habilitar una gestora, una iniciativa que tiene que partir del Gobierno del Principado, quien tendr\u00eda que solicitarlo al Ejecutivo central en un caso at\u00edpico en Espa\u00f1a, aunque similar al registrado hace a\u00f1os en el municipio andaluz de Marbella.<\/p>\n<p>Para Plataforma, la situaci\u00f3n se ha enquistado en Cudillero porque el anterior alcalde y secretario general de la Agrupaci\u00f3n Socialista de Cudillero, Francisco Gonz\u00e1lez, \u00abno quiere perder el poder\u00bb y va a \u00abganar todo el tiempo posible\u00bb.<\/p>\n<p>Lamentan que los vecinos tengan que soportar este \u00abrid\u00edculo\u00bb y que la oposici\u00f3n se limite a presentar recursos en vez de buscar soluciones. \u00abLo \u00fanico que buscan unos y otros es el poder\u00bb, han manifestado. \u00abYa est\u00e1 bien de esta tomadura de pelo, se est\u00e1n riendo de los vecinos\u00bb, dicen.<\/p>\n","protected":false},"excerpt":{"rendered":"<p>OVIEDO, 24 Sep. (EUROPA PRESS) &#8211;\u00a0La Plataforma por la Democracia en Cudillero ha insistido este martes en la necesidad de habilitar en el municipio una gestora independiente que asuma las riendas del concejo, con el objetivo de garantizar la gobernabilidad en el municipio. Se trata de la \u00fanica soluci\u00f3n que ven ante las continuas sentencias [&hellip;]<\/p>\n","protected":false},"author":1,"featured_media":2884,"comment_status":"open","ping_status":"open","sticky":false,"template":"","format":"standard","meta":{"footnotes":""},"categories":[12],"tags":[],"class_list":["post-2883","post","type-post","status-publish","format-standard","has-post-thumbnail","hentry","category-actualidad-asturias"],"aioseo_notices":[],"aioseo_head":"\n\t\t<!-- All in One SEO Pro 4.9.6.2 - aioseo.com -->\n\t<meta name=\"description\" content=\"OVIEDO, 24 Sep. (EUROPA PRESS) - La Plataforma por la Democracia en Cudillero ha insistido este martes en la necesidad de habilitar en el municipio una gestora independiente que asuma las riendas del concejo, con el objetivo de garantizar la gobernabilidad en el municipio. Se trata de la \u00fanica soluci\u00f3n que ven ante las continuas sentencias\" \/>\n\t<meta name=\"robots\" content=\"max-image-preview:large\" \/>\n\t<meta name=\"author\" content=\"El Digital de Asturias\"\/>\n\t<meta name=\"google-site-verification\" content=\"UA-38556648-1\" \/>\n\t<meta name=\"msvalidate.01\" content=\"7dfe9f3f1b24437ab69f4f2559babe99\" \/>\n\t<meta name=\"keywords\" content=\"actualidad asturias\" \/>\n\t<link rel=\"canonical\" href=\"https:\/\/www.eldigitaldeasturias.com\/noticias\/plataforma-por-la-democracia-en-cudillero-insiste-en-pedir-una-gestora-para-el-municipio\/\" \/>\n\t<meta name=\"generator\" content=\"All in One SEO Pro (AIOSEO) 4.9.6.2\" \/>\n\t\t<meta property=\"og:locale\" content=\"es_ES\" \/>\n\t\t<meta property=\"og:site_name\" content=\"El Digital de Asturias\" \/>\n\t\t<meta property=\"og:type\" content=\"article\" \/>\n\t\t<meta property=\"og:title\" content=\"Plataforma por la Democracia en Cudillero insiste en pedir una gestora para el municipio - El Digital de Asturias\" \/>\n\t\t<meta property=\"og:description\" content=\"OVIEDO, 24 Sep. (EUROPA PRESS) - La Plataforma por la Democracia en Cudillero ha insistido este martes en la necesidad de habilitar en el municipio una gestora independiente que asuma las riendas del concejo, con el objetivo de garantizar la gobernabilidad en el municipio. Se trata de la \u00fanica soluci\u00f3n que ven ante las continuas sentencias\" \/>\n\t\t<meta property=\"og:url\" content=\"https:\/\/www.eldigitaldeasturias.com\/noticias\/plataforma-por-la-democracia-en-cudillero-insiste-en-pedir-una-gestora-para-el-municipio\/\" \/>\n\t\t<meta property=\"article:tag\" content=\"actualidad asturias\" \/>\n\t\t<meta property=\"article:published_time\" content=\"2013-09-24T23:01:26+00:00\" \/>\n\t\t<meta property=\"article:modified_time\" content=\"2013-09-24T23:01:26+00:00\" \/>\n\t\t<meta property=\"article:publisher\" content=\"https:\/\/facebook.com\/eldigitaldeasturias\" \/>\n\t\t<meta name=\"twitter:card\" content=\"summary_large_image\" \/>\n\t\t<meta name=\"twitter:title\" content=\"Plataforma por la Democracia en Cudillero insiste en pedir una gestora para el municipio - El Digital de Asturias\" \/>\n\t\t<meta name=\"twitter:description\" content=\"OVIEDO, 24 Sep. (EUROPA PRESS) - La Plataforma por la Democracia en Cudillero ha insistido este martes en la necesidad de habilitar en el municipio una gestora independiente que asuma las riendas del concejo, con el objetivo de garantizar la gobernabilidad en el municipio. Se trata de la \u00fanica soluci\u00f3n que ven ante las continuas sentencias\" \/>\n\t\t<meta name=\"twitter:label1\" content=\"Escrito por\" \/>\n\t\t<meta name=\"twitter:data1\" content=\"El Digital de Asturias\" \/>\n\t\t<meta name=\"twitter:label2\" content=\"Tiempo de lectura estimado\" \/>\n\t\t<meta name=\"twitter:data2\" content=\"1 minuto\" \/>\n\t\t<script type=\"application\/ld+json\" class=\"aioseo-schema\">\n\t\t\t{\"@context\":\"https:\\\/\\\/schema.org\",\"@graph\":[{\"@type\":\"BlogPosting\",\"@id\":\"https:\\\/\\\/www.eldigitaldeasturias.com\\\/noticias\\\/plataforma-por-la-democracia-en-cudillero-insiste-en-pedir-una-gestora-para-el-municipio\\\/#blogposting\",\"name\":\"Plataforma por la Democracia en Cudillero insiste en pedir una gestora para el municipio - El Digital de Asturias\",\"headline\":\"Plataforma por la Democracia en Cudillero insiste en pedir una gestora para el municipio\",\"author\":{\"@id\":\"https:\\\/\\\/www.eldigitaldeasturias.com\\\/noticias\\\/author\\\/admin\\\/#author\"},\"publisher\":{\"@id\":\"https:\\\/\\\/www.eldigitaldeasturias.com\\\/noticias\\\/#organization\"},\"image\":{\"@type\":\"ImageObject\",\"url\":2884},\"datePublished\":\"2013-09-24T23:01:26+02:00\",\"dateModified\":\"2013-09-24T23:01:26+02:00\",\"inLanguage\":\"es-ES\",\"mainEntityOfPage\":{\"@id\":\"https:\\\/\\\/www.eldigitaldeasturias.com\\\/noticias\\\/plataforma-por-la-democracia-en-cudillero-insiste-en-pedir-una-gestora-para-el-municipio\\\/#webpage\"},\"isPartOf\":{\"@id\":\"https:\\\/\\\/www.eldigitaldeasturias.com\\\/noticias\\\/plataforma-por-la-democracia-en-cudillero-insiste-en-pedir-una-gestora-para-el-municipio\\\/#webpage\"},\"articleSection\":\"Actualidad Asturias\"},{\"@type\":\"BreadcrumbList\",\"@id\":\"https:\\\/\\\/www.eldigitaldeasturias.com\\\/noticias\\\/plataforma-por-la-democracia-en-cudillero-insiste-en-pedir-una-gestora-para-el-municipio\\\/#breadcrumblist\",\"itemListElement\":[{\"@type\":\"ListItem\",\"@id\":\"https:\\\/\\\/www.eldigitaldeasturias.com\\\/noticias#listItem\",\"position\":1,\"name\":\"Home\",\"item\":\"https:\\\/\\\/www.eldigitaldeasturias.com\\\/noticias\",\"nextItem\":{\"@type\":\"ListItem\",\"@id\":\"https:\\\/\\\/www.eldigitaldeasturias.com\\\/noticias\\\/category\\\/actualidad-asturias\\\/#listItem\",\"name\":\"Actualidad Asturias\"}},{\"@type\":\"ListItem\",\"@id\":\"https:\\\/\\\/www.eldigitaldeasturias.com\\\/noticias\\\/category\\\/actualidad-asturias\\\/#listItem\",\"position\":2,\"name\":\"Actualidad Asturias\",\"item\":\"https:\\\/\\\/www.eldigitaldeasturias.com\\\/noticias\\\/category\\\/actualidad-asturias\\\/\",\"nextItem\":{\"@type\":\"ListItem\",\"@id\":\"https:\\\/\\\/www.eldigitaldeasturias.com\\\/noticias\\\/plataforma-por-la-democracia-en-cudillero-insiste-en-pedir-una-gestora-para-el-municipio\\\/#listItem\",\"name\":\"Plataforma por la Democracia en Cudillero insiste en pedir una gestora para el municipio\"},\"previousItem\":{\"@type\":\"ListItem\",\"@id\":\"https:\\\/\\\/www.eldigitaldeasturias.com\\\/noticias#listItem\",\"name\":\"Home\"}},{\"@type\":\"ListItem\",\"@id\":\"https:\\\/\\\/www.eldigitaldeasturias.com\\\/noticias\\\/plataforma-por-la-democracia-en-cudillero-insiste-en-pedir-una-gestora-para-el-municipio\\\/#listItem\",\"position\":3,\"name\":\"Plataforma por la Democracia en Cudillero insiste en pedir una gestora para el municipio\",\"previousItem\":{\"@type\":\"ListItem\",\"@id\":\"https:\\\/\\\/www.eldigitaldeasturias.com\\\/noticias\\\/category\\\/actualidad-asturias\\\/#listItem\",\"name\":\"Actualidad Asturias\"}}]},{\"@type\":\"Organization\",\"@id\":\"https:\\\/\\\/www.eldigitaldeasturias.com\\\/noticias\\\/#organization\",\"name\":\"El Digital de Asturias\",\"description\":\"Hemeroteca\",\"url\":\"https:\\\/\\\/www.eldigitaldeasturias.com\\\/noticias\\\/\",\"email\":\"info@eldigitaldeasturias.com\",\"telephone\":\"+34652131393\",\"logo\":{\"@type\":\"ImageObject\",\"url\":\"https:\\\/\\\/www.eldigitaldeasturias.com\\\/noticias\\\/wp-content\\\/uploads\\\/2020\\\/12\\\/EDA.jpg\",\"@id\":\"https:\\\/\\\/www.eldigitaldeasturias.com\\\/noticias\\\/plataforma-por-la-democracia-en-cudillero-insiste-en-pedir-una-gestora-para-el-municipio\\\/#organizationLogo\",\"width\":649,\"height\":297},\"image\":{\"@id\":\"https:\\\/\\\/www.eldigitaldeasturias.com\\\/noticias\\\/plataforma-por-la-democracia-en-cudillero-insiste-en-pedir-una-gestora-para-el-municipio\\\/#organizationLogo\"},\"sameAs\":[\"https:\\\/\\\/facebook.com\\\/eldigitaldeasturias\",\"https:\\\/\\\/www.youtube.com\\\/channel\\\/UCZP-2wLEB9Rv6erhFmqVnvg\"],\"address\":{\"@id\":\"https:\\\/\\\/www.eldigitaldeasturias.com\\\/noticias\\\/#postaladdress\",\"@type\":\"PostalAddress\",\"streetAddress\":\"san antonio 4,\",\"postalCode\":\"33430\",\"addressLocality\":\"Cand\\u00e1s\",\"addressRegion\":\"Asturias\",\"addressCountry\":\"ES\"}},{\"@type\":\"Person\",\"@id\":\"https:\\\/\\\/www.eldigitaldeasturias.com\\\/noticias\\\/author\\\/admin\\\/#author\",\"url\":\"https:\\\/\\\/www.eldigitaldeasturias.com\\\/noticias\\\/author\\\/admin\\\/\",\"name\":\"El Digital de Asturias\",\"image\":{\"@type\":\"ImageObject\",\"@id\":\"https:\\\/\\\/www.eldigitaldeasturias.com\\\/noticias\\\/plataforma-por-la-democracia-en-cudillero-insiste-en-pedir-una-gestora-para-el-municipio\\\/#authorImage\",\"url\":\"https:\\\/\\\/www.eldigitaldeasturias.com\\\/noticias\\\/wp-content\\\/litespeed\\\/avatar\\\/18677e78aa0546b92d9dbf31ec7d7668.jpg?ver=1776685526\",\"width\":96,\"height\":96,\"caption\":\"El Digital de Asturias\"}},{\"@type\":\"WebPage\",\"@id\":\"https:\\\/\\\/www.eldigitaldeasturias.com\\\/noticias\\\/plataforma-por-la-democracia-en-cudillero-insiste-en-pedir-una-gestora-para-el-municipio\\\/#webpage\",\"url\":\"https:\\\/\\\/www.eldigitaldeasturias.com\\\/noticias\\\/plataforma-por-la-democracia-en-cudillero-insiste-en-pedir-una-gestora-para-el-municipio\\\/\",\"name\":\"Plataforma por la Democracia en Cudillero insiste en pedir una gestora para el municipio - El Digital de Asturias\",\"description\":\"OVIEDO, 24 Sep. (EUROPA PRESS) - La Plataforma por la Democracia en Cudillero ha insistido este martes en la necesidad de habilitar en el municipio una gestora independiente que asuma las riendas del concejo, con el objetivo de garantizar la gobernabilidad en el municipio. Se trata de la \\u00fanica soluci\\u00f3n que ven ante las continuas sentencias\",\"inLanguage\":\"es-ES\",\"isPartOf\":{\"@id\":\"https:\\\/\\\/www.eldigitaldeasturias.com\\\/noticias\\\/#website\"},\"breadcrumb\":{\"@id\":\"https:\\\/\\\/www.eldigitaldeasturias.com\\\/noticias\\\/plataforma-por-la-democracia-en-cudillero-insiste-en-pedir-una-gestora-para-el-municipio\\\/#breadcrumblist\"},\"author\":{\"@id\":\"https:\\\/\\\/www.eldigitaldeasturias.com\\\/noticias\\\/author\\\/admin\\\/#author\"},\"creator\":{\"@id\":\"https:\\\/\\\/www.eldigitaldeasturias.com\\\/noticias\\\/author\\\/admin\\\/#author\"},\"image\":{\"@type\":\"ImageObject\",\"url\":2884,\"@id\":\"https:\\\/\\\/www.eldigitaldeasturias.com\\\/noticias\\\/plataforma-por-la-democracia-en-cudillero-insiste-en-pedir-una-gestora-para-el-municipio\\\/#mainImage\"},\"primaryImageOfPage\":{\"@id\":\"https:\\\/\\\/www.eldigitaldeasturias.com\\\/noticias\\\/plataforma-por-la-democracia-en-cudillero-insiste-en-pedir-una-gestora-para-el-municipio\\\/#mainImage\"},\"datePublished\":\"2013-09-24T23:01:26+02:00\",\"dateModified\":\"2013-09-24T23:01:26+02:00\"},{\"@type\":\"WebSite\",\"@id\":\"https:\\\/\\\/www.eldigitaldeasturias.com\\\/noticias\\\/#website\",\"url\":\"https:\\\/\\\/www.eldigitaldeasturias.com\\\/noticias\\\/\",\"name\":\"El Digital de Asturias - Diario de actualidad y noticias\",\"alternateName\":\"El Digital de Asturias - Diario de actualidad y noticias\",\"description\":\"Hemeroteca\",\"inLanguage\":\"es-ES\",\"publisher\":{\"@id\":\"https:\\\/\\\/www.eldigitaldeasturias.com\\\/noticias\\\/#organization\"}}]}\n\t\t<\/script>\n\t\t<!-- All in One SEO Pro -->\r\n\t\t<title>Plataforma por la Democracia en Cudillero insiste en pedir una gestora para el municipio - El Digital de Asturias<\/title>\n\n","aioseo_head_json":{"title":"Plataforma por la Democracia en Cudillero insiste en pedir una gestora para el municipio - El Digital de Asturias","description":"OVIEDO, 24 Sep. (EUROPA PRESS) - La Plataforma por la Democracia en Cudillero ha insistido este martes en la necesidad de habilitar en el municipio una gestora independiente que asuma las riendas del concejo, con el objetivo de garantizar la gobernabilidad en el municipio. Se trata de la \u00fanica soluci\u00f3n que ven ante las continuas sentencias","canonical_url":"https:\/\/www.eldigitaldeasturias.com\/noticias\/plataforma-por-la-democracia-en-cudillero-insiste-en-pedir-una-gestora-para-el-municipio\/","robots":"max-image-preview:large","keywords":"actualidad asturias","webmasterTools":{"google-site-verification":"UA-38556648-1","msvalidate.01":"7dfe9f3f1b24437ab69f4f2559babe99","miscellaneous":""},"schema":{"@context":"https:\/\/schema.org","@graph":[{"@type":"BlogPosting","@id":"https:\/\/www.eldigitaldeasturias.com\/noticias\/plataforma-por-la-democracia-en-cudillero-insiste-en-pedir-una-gestora-para-el-municipio\/#blogposting","name":"Plataforma por la Democracia en Cudillero insiste en pedir una gestora para el municipio - El Digital de Asturias","headline":"Plataforma por la Democracia en Cudillero insiste en pedir una gestora para el municipio","author":{"@id":"https:\/\/www.eldigitaldeasturias.com\/noticias\/author\/admin\/#author"},"publisher":{"@id":"https:\/\/www.eldigitaldeasturias.com\/noticias\/#organization"},"image":{"@type":"ImageObject","url":2884},"datePublished":"2013-09-24T23:01:26+02:00","dateModified":"2013-09-24T23:01:26+02:00","inLanguage":"es-ES","mainEntityOfPage":{"@id":"https:\/\/www.eldigitaldeasturias.com\/noticias\/plataforma-por-la-democracia-en-cudillero-insiste-en-pedir-una-gestora-para-el-municipio\/#webpage"},"isPartOf":{"@id":"https:\/\/www.eldigitaldeasturias.com\/noticias\/plataforma-por-la-democracia-en-cudillero-insiste-en-pedir-una-gestora-para-el-municipio\/#webpage"},"articleSection":"Actualidad Asturias"},{"@type":"BreadcrumbList","@id":"https:\/\/www.eldigitaldeasturias.com\/noticias\/plataforma-por-la-democracia-en-cudillero-insiste-en-pedir-una-gestora-para-el-municipio\/#breadcrumblist","itemListElement":[{"@type":"ListItem","@id":"https:\/\/www.eldigitaldeasturias.com\/noticias#listItem","position":1,"name":"Home","item":"https:\/\/www.eldigitaldeasturias.com\/noticias","nextItem":{"@type":"ListItem","@id":"https:\/\/www.eldigitaldeasturias.com\/noticias\/category\/actualidad-asturias\/#listItem","name":"Actualidad Asturias"}},{"@type":"ListItem","@id":"https:\/\/www.eldigitaldeasturias.com\/noticias\/category\/actualidad-asturias\/#listItem","position":2,"name":"Actualidad Asturias","item":"https:\/\/www.eldigitaldeasturias.com\/noticias\/category\/actualidad-asturias\/","nextItem":{"@type":"ListItem","@id":"https:\/\/www.eldigitaldeasturias.com\/noticias\/plataforma-por-la-democracia-en-cudillero-insiste-en-pedir-una-gestora-para-el-municipio\/#listItem","name":"Plataforma por la Democracia en Cudillero insiste en pedir una gestora para el municipio"},"previousItem":{"@type":"ListItem","@id":"https:\/\/www.eldigitaldeasturias.com\/noticias#listItem","name":"Home"}},{"@type":"ListItem","@id":"https:\/\/www.eldigitaldeasturias.com\/noticias\/plataforma-por-la-democracia-en-cudillero-insiste-en-pedir-una-gestora-para-el-municipio\/#listItem","position":3,"name":"Plataforma por la Democracia en Cudillero insiste en pedir una gestora para el municipio","previousItem":{"@type":"ListItem","@id":"https:\/\/www.eldigitaldeasturias.com\/noticias\/category\/actualidad-asturias\/#listItem","name":"Actualidad Asturias"}}]},{"@type":"Organization","@id":"https:\/\/www.eldigitaldeasturias.com\/noticias\/#organization","name":"El Digital de Asturias","description":"Hemeroteca","url":"https:\/\/www.eldigitaldeasturias.com\/noticias\/","email":"info@eldigitaldeasturias.com","telephone":"+34652131393","logo":{"@type":"ImageObject","url":"https:\/\/www.eldigitaldeasturias.com\/noticias\/wp-content\/uploads\/2020\/12\/EDA.jpg","@id":"https:\/\/www.eldigitaldeasturias.com\/noticias\/plataforma-por-la-democracia-en-cudillero-insiste-en-pedir-una-gestora-para-el-municipio\/#organizationLogo","width":649,"height":297},"image":{"@id":"https:\/\/www.eldigitaldeasturias.com\/noticias\/plataforma-por-la-democracia-en-cudillero-insiste-en-pedir-una-gestora-para-el-municipio\/#organizationLogo"},"sameAs":["https:\/\/facebook.com\/eldigitaldeasturias","https:\/\/www.youtube.com\/channel\/UCZP-2wLEB9Rv6erhFmqVnvg"],"address":{"@id":"https:\/\/www.eldigitaldeasturias.com\/noticias\/#postaladdress","@type":"PostalAddress","streetAddress":"san antonio 4,","postalCode":"33430","addressLocality":"Cand\u00e1s","addressRegion":"Asturias","addressCountry":"ES"}},{"@type":"Person","@id":"https:\/\/www.eldigitaldeasturias.com\/noticias\/author\/admin\/#author","url":"https:\/\/www.eldigitaldeasturias.com\/noticias\/author\/admin\/","name":"El Digital de Asturias","image":{"@type":"ImageObject","@id":"https:\/\/www.eldigitaldeasturias.com\/noticias\/plataforma-por-la-democracia-en-cudillero-insiste-en-pedir-una-gestora-para-el-municipio\/#authorImage","url":"https:\/\/www.eldigitaldeasturias.com\/noticias\/wp-content\/litespeed\/avatar\/18677e78aa0546b92d9dbf31ec7d7668.jpg?ver=1776685526","width":96,"height":96,"caption":"El Digital de Asturias"}},{"@type":"WebPage","@id":"https:\/\/www.eldigitaldeasturias.com\/noticias\/plataforma-por-la-democracia-en-cudillero-insiste-en-pedir-una-gestora-para-el-municipio\/#webpage","url":"https:\/\/www.eldigitaldeasturias.com\/noticias\/plataforma-por-la-democracia-en-cudillero-insiste-en-pedir-una-gestora-para-el-municipio\/","name":"Plataforma por la Democracia en Cudillero insiste en pedir una gestora para el municipio - El Digital de Asturias","description":"OVIEDO, 24 Sep. (EUROPA PRESS) - La Plataforma por la Democracia en Cudillero ha insistido este martes en la necesidad de habilitar en el municipio una gestora independiente que asuma las riendas del concejo, con el objetivo de garantizar la gobernabilidad en el municipio. Se trata de la \u00fanica soluci\u00f3n que ven ante las continuas sentencias","inLanguage":"es-ES","isPartOf":{"@id":"https:\/\/www.eldigitaldeasturias.com\/noticias\/#website"},"breadcrumb":{"@id":"https:\/\/www.eldigitaldeasturias.com\/noticias\/plataforma-por-la-democracia-en-cudillero-insiste-en-pedir-una-gestora-para-el-municipio\/#breadcrumblist"},"author":{"@id":"https:\/\/www.eldigitaldeasturias.com\/noticias\/author\/admin\/#author"},"creator":{"@id":"https:\/\/www.eldigitaldeasturias.com\/noticias\/author\/admin\/#author"},"image":{"@type":"ImageObject","url":2884,"@id":"https:\/\/www.eldigitaldeasturias.com\/noticias\/plataforma-por-la-democracia-en-cudillero-insiste-en-pedir-una-gestora-para-el-municipio\/#mainImage"},"primaryImageOfPage":{"@id":"https:\/\/www.eldigitaldeasturias.com\/noticias\/plataforma-por-la-democracia-en-cudillero-insiste-en-pedir-una-gestora-para-el-municipio\/#mainImage"},"datePublished":"2013-09-24T23:01:26+02:00","dateModified":"2013-09-24T23:01:26+02:00"},{"@type":"WebSite","@id":"https:\/\/www.eldigitaldeasturias.com\/noticias\/#website","url":"https:\/\/www.eldigitaldeasturias.com\/noticias\/","name":"El Digital de Asturias - Diario de actualidad y noticias","alternateName":"El Digital de Asturias - Diario de actualidad y noticias","description":"Hemeroteca","inLanguage":"es-ES","publisher":{"@id":"https:\/\/www.eldigitaldeasturias.com\/noticias\/#organization"}}]},"og:locale":"es_ES","og:site_name":"El Digital de Asturias","og:type":"article","og:title":"Plataforma por la Democracia en Cudillero insiste en pedir una gestora para el municipio - El Digital de Asturias","og:description":"OVIEDO, 24 Sep. (EUROPA PRESS) - La Plataforma por la Democracia en Cudillero ha insistido este martes en la necesidad de habilitar en el municipio una gestora independiente que asuma las riendas del concejo, con el objetivo de garantizar la gobernabilidad en el municipio. Se trata de la \u00fanica soluci\u00f3n que ven ante las continuas sentencias","og:url":"https:\/\/www.eldigitaldeasturias.com\/noticias\/plataforma-por-la-democracia-en-cudillero-insiste-en-pedir-una-gestora-para-el-municipio\/","article:tag":["actualidad asturias"],"article:published_time":"2013-09-24T23:01:26+00:00","article:modified_time":"2013-09-24T23:01:26+00:00","article:publisher":"https:\/\/facebook.com\/eldigitaldeasturias","twitter:card":"summary_large_image","twitter:title":"Plataforma por la Democracia en Cudillero insiste en pedir una gestora para el municipio - El Digital de Asturias","twitter:description":"OVIEDO, 24 Sep. (EUROPA PRESS) - La Plataforma por la Democracia en Cudillero ha insistido este martes en la necesidad de habilitar en el municipio una gestora independiente que asuma las riendas del concejo, con el objetivo de garantizar la gobernabilidad en el municipio. Se trata de la \u00fanica soluci\u00f3n que ven ante las continuas sentencias","twitter:label1":"Escrito por","twitter:data1":"El Digital de Asturias","twitter:label2":"Tiempo de lectura estimado","twitter:data2":"1 minuto"},"aioseo_meta_data":{"post_id":"2883","title":null,"description":null,"keywords":null,"keyphrases":null,"primary_term":null,"canonical_url":null,"og_title":null,"og_description":null,"og_object_type":"default","og_image_type":"default","og_image_url":null,"og_image_width":null,"og_image_height":null,"og_image_custom_url":null,"og_image_custom_fields":null,"og_video":null,"og_custom_url":null,"og_article_section":null,"og_article_tags":null,"twitter_use_og":true,"twitter_card":"default","twitter_image_type":"default","twitter_image_url":null,"twitter_image_custom_url":null,"twitter_image_custom_fields":null,"twitter_title":null,"twitter_description":null,"schema":{"blockGraphs":[],"customGraphs":[],"default":{"data":{"Article":[],"Course":[],"Dataset":[],"FAQPage":[],"Movie":[],"Person":[],"Product":[],"ProductReview":[],"Car":[],"Recipe":[],"Service":[],"SoftwareApplication":[],"WebPage":[]},"graphName":"","isEnabled":true},"graphs":[],"defaultGraph":"","defaultPostTypeGraph":""},"schema_type":null,"schema_type_options":null,"pillar_content":false,"robots_default":true,"robots_noindex":false,"robots_noarchive":false,"robots_nosnippet":false,"robots_nofollow":false,"robots_noimageindex":false,"robots_noodp":false,"robots_notranslate":false,"robots_max_snippet":null,"robots_max_videopreview":null,"robots_max_imagepreview":"none","priority":null,"frequency":null,"local_seo":null,"seo_analyzer_scan_date":"2025-08-21 05:10:46","breadcrumb_settings":null,"limit_modified_date":false,"open_ai":null,"ai":null,"created":"2020-11-14 22:37:00","updated":"2025-08-21 05:10:46"},"aioseo_breadcrumb":"<div class=\"aioseo-breadcrumbs\"><span class=\"aioseo-breadcrumb\">\n\t<a href=\"https:\/\/www.eldigitaldeasturias.com\/noticias\" title=\"Home\">Home<\/a>\n<\/span><span class=\"aioseo-breadcrumb-separator\">\u2013<\/span><span class=\"aioseo-breadcrumb\">\n\t<a href=\"https:\/\/www.eldigitaldeasturias.com\/noticias\/category\/actualidad-asturias\/\" title=\"Actualidad Asturias\">Actualidad Asturias<\/a>\n<\/span><span class=\"aioseo-breadcrumb-separator\">\u2013<\/span><span class=\"aioseo-breadcrumb\">\n\t<a href=\"https:\/\/www.eldigitaldeasturias.com\/noticias\/plataforma-por-la-democracia-en-cudillero-insiste-en-pedir-una-gestora-para-el-municipio\/\" title=\"Plataforma por la Democracia en Cudillero insiste en pedir una gestora para el municipio\">Plataforma por la Democracia en Cudillero insiste en pedir una gestora para el municipio<\/a>\n<\/span><\/div>","aioseo_breadcrumb_json":[{"label":"Home","link":"https:\/\/www.eldigitaldeasturias.com\/noticias"},{"label":"Actualidad Asturias","link":"https:\/\/www.eldigitaldeasturias.com\/noticias\/category\/actualidad-asturias\/"},{"label":"Plataforma por la Democracia en Cudillero insiste en pedir una gestora para el municipio","link":"https:\/\/www.eldigitaldeasturias.com\/noticias\/plataforma-por-la-democracia-en-cudillero-insiste-en-pedir-una-gestora-para-el-municipio\/"}],"_links":{"self":[{"href":"https:\/\/www.eldigitaldeasturias.com\/noticias\/wp-json\/wp\/v2\/posts\/2883","targetHints":{"allow":["GET"]}}],"collection":[{"href":"https:\/\/www.eldigitaldeasturias.com\/noticias\/wp-json\/wp\/v2\/posts"}],"about":[{"href":"https:\/\/www.eldigitaldeasturias.com\/noticias\/wp-json\/wp\/v2\/types\/post"}],"author":[{"embeddable":true,"href":"https:\/\/www.eldigitaldeasturias.com\/noticias\/wp-json\/wp\/v2\/users\/1"}],"replies":[{"embeddable":true,"href":"https:\/\/www.eldigitaldeasturias.com\/noticias\/wp-json\/wp\/v2\/comments?post=2883"}],"version-history":[{"count":0,"href":"https:\/\/www.eldigitaldeasturias.com\/noticias\/wp-json\/wp\/v2\/posts\/2883\/revisions"}],"wp:featuredmedia":[{"embeddable":true,"href":"https:\/\/www.eldigitaldeasturias.com\/noticias\/wp-json\/"}],"wp:attachment":[{"href":"https:\/\/www.eldigitaldeasturias.com\/noticias\/wp-json\/wp\/v2\/media?parent=2883"}],"wp:term":[{"taxonomy":"category","embeddable":true,"href":"https:\/\/www.eldigitaldeasturias.com\/noticias\/wp-json\/wp\/v2\/categories?post=2883"},{"taxonomy":"post_tag","embeddable":true,"href":"https:\/\/www.eldigitaldeasturias.com\/noticias\/wp-json\/wp\/v2\/tags?post=2883"}],"curies":[{"name":"wp","href":"https:\/\/api.w.org\/{rel}","templated":true}]}}