{"id":2876,"date":"2013-09-24T22:56:46","date_gmt":"2013-09-24T22:56:46","guid":{"rendered":"http:\/\/www.eldigitaldeasturias.com\/noticias\/?p=2876"},"modified":"2013-09-24T22:56:46","modified_gmt":"2013-09-24T22:56:46","slug":"el-principado-asesorara-a-emprendedores-que-quieran-desarrollar-proyectos-en-el-campo-de-la-biotecnologia","status":"publish","type":"post","link":"https:\/\/www.eldigitaldeasturias.com\/noticias\/el-principado-asesorara-a-emprendedores-que-quieran-desarrollar-proyectos-en-el-campo-de-la-biotecnologia\/","title":{"rendered":"El Principado asesorar\u00e1 a emprendedores que quieran desarrollar proyectos en el campo de la biotecnolog\u00eda"},"content":{"rendered":"<p><img loading=\"lazy\" decoding=\"async\" class=\"alignleft size-medium wp-image-230\" alt=\"ConsejoGobierno1\" src=\"https:\/\/www.eldigitaldeasturias.com\/noticias\/wp-content\/uploads\/2013\/09\/ConsejoGobierno1-360x221.jpg\" width=\"360\" height=\"221\" \/>OVIEDO, 24 Sep. (EUROPA PRESS) &#8211;\u00a0La Consejer\u00eda de Econom\u00eda y Empleo, a trav\u00e9s del Centro Europeo de Empresas e Innovaci\u00f3n (CEEI), prestar\u00e1 asesoramiento y orientaci\u00f3n a emprendedores interesados en poner en marcha proyectos en el sector de la biotecnolog\u00eda.<\/p>\n<p>As\u00ed lo anunci\u00f3 este martes el consejero, Graciano Torre, en la presentaci\u00f3n del proyecto BioCEEI Asturias, durante el transcurso de un acto que cont\u00f3 con la presencia de la ex ministra de Ciencia e Innovaci\u00f3n, Cristina Garmendia, y en el que tambi\u00e9n participaron el presidente del CEEI, Carlos Garc\u00eda Morilla y la directora del centro, Eva Pando.<\/p>\n<p>Seg\u00fan se\u00f1alan desde el Principado, el programa BioCEEI Asturias tiene por objeto asesorar y acompa\u00f1ar a emprendedores que quieran desarrollar un proyecto empresarial en los \u00e1mbitos englobados en las Ciencias de la Vida (biomedicina, tecnolog\u00edas para la salud y el bienestar, biotecnolog\u00eda y biolog\u00eda molecular, celular y funcional, seg\u00fan el Plan Nacional de I+D+i) a partir de los resultados de la actividad investigadora o de una idea de negocio original.<\/p>\n<p>Esta iniciativa se pondr\u00e1 en marcha el pr\u00f3ximo mes de octubre y se prolongar\u00e1 hasta mediados de diciembre. Se desarrollar\u00e1 a trav\u00e9s de una serie de sesiones de asesoramiento grupales en las que se ofrecer\u00e1 orientaci\u00f3n e informaci\u00f3n te\u00f3rico-pr\u00e1ctica en temas de gesti\u00f3n empresarial. El plazo para presentar candidaturas al programa estar\u00e1 abierto hasta de 30 de septiembre.<\/p>\n<p>Estas jornadas ser\u00e1n impartidas por profesionales con una excelente formaci\u00f3n tecnol\u00f3gica y experiencia contrastada en empresas y entidades relevantes del sector: Fernando B\u00e9jar, especializado en comercializaci\u00f3n e internacionalizaci\u00f3n; Javier Garc\u00eda, experto en financiaci\u00f3n y con amplia experiencia en inversiones internacionales; Jorge Arenas, experto en dise\u00f1o de modelo de negocio; Marisol Quintero, especialista en gesti\u00f3n y transferencia de propiedad industrial; y Miguel Mulet, experto en valoraci\u00f3n t\u00e9cnica y comercial de tecnolog\u00eda. Cabe destacar que se trata, asimismo, de asesores en contacto directo con las start-ups biotecnol\u00f3gicas espa\u00f1olas, de forma que se manejan con total fluidez en los modelos de negocio, necesidades y expectativas de las j\u00f3venes empresas bio.<\/p>\n<p>Adem\u00e1s, los emprendedores, al tiempo que desarrollen su plan de negocio bajo la tutela de los t\u00e9cnicos del CEEI y el soporte de los citados expertos, recibir\u00e1n orientaci\u00f3n e informaci\u00f3n pr\u00e1ctica en temas de gesti\u00f3n empresarial.<\/p>\n<p>Una vez superada esta etapa, ser\u00e1n asesorados, guiados y acompa\u00f1ados en la b\u00fasqueda de la financiaci\u00f3n necesaria para el lanzamiento de la nueva empresa, as\u00ed como en los tr\u00e1mites de puesta en marcha de la actividad. Asimismo, se facilitar\u00e1 a los nuevos empresarios el posible establecimiento en la Bioincubadora del CEEI Asturias.<\/p>\n<p>El consejero de Econom\u00eda y Empleo anim\u00f3 a los j\u00f3venes emprendedores que trabajen en el sector de la biotecnolog\u00eda con una aplicaci\u00f3n bio capaz de ser el germen de un nuevo producto o servicio a beneficiarse de este programa.<\/p>\n<p>Torre se\u00f1al\u00f3 que en el Principado existe un gran potencial para hacer una apuesta por la biotecnolog\u00eda y los j\u00f3venes con iniciativas empresariales innovadoras ayudar\u00e1n a diversificar el tejido empresarial y a crear riqueza partiendo del conocimiento, cerrando as\u00ed el c\u00edrculo de transferencia tecnol\u00f3gica al mercado.<\/p>\n<p>Por su parte, la directora del CEEI, Eva Pando, destac\u00f3 que \u00abla participaci\u00f3n en el programa BIOCEEI supone un hito en la capacitaci\u00f3n de los bioemprendedores ya que les va a permitir reflexionar sobre su posible modelo de negocio de la mano de los expertos m\u00e1s prestigiosos que vendr\u00e1n aqu\u00ed a Asturias a conocer sus proyectos, a la vez que avanzar en los aspectos m\u00e1s pr\u00e1cticos con el soporte continuado del equipo del CEEI\u00bb.<\/p>\n","protected":false},"excerpt":{"rendered":"<p>OVIEDO, 24 Sep. (EUROPA PRESS) &#8211;\u00a0La Consejer\u00eda de Econom\u00eda y Empleo, a trav\u00e9s del Centro Europeo de Empresas e Innovaci\u00f3n (CEEI), prestar\u00e1 asesoramiento y orientaci\u00f3n a emprendedores interesados en poner en marcha proyectos en el sector de la biotecnolog\u00eda. As\u00ed lo anunci\u00f3 este martes el consejero, Graciano Torre, en la presentaci\u00f3n del proyecto BioCEEI Asturias, [&hellip;]<\/p>\n","protected":false},"author":1,"featured_media":230,"comment_status":"open","ping_status":"open","sticky":false,"template":"","format":"standard","meta":{"footnotes":""},"categories":[12],"tags":[],"class_list":["post-2876","post","type-post","status-publish","format-standard","has-post-thumbnail","hentry","category-actualidad-asturias"],"aioseo_notices":[],"aioseo_head":"\n\t\t<!-- All in One SEO Pro 4.9.6.2 - aioseo.com -->\n\t<meta name=\"description\" content=\"OVIEDO, 24 Sep. (EUROPA PRESS) - La Consejer\u00eda de Econom\u00eda y Empleo, a trav\u00e9s del Centro Europeo de Empresas e Innovaci\u00f3n (CEEI), prestar\u00e1 asesoramiento y orientaci\u00f3n a emprendedores interesados en poner en marcha proyectos en el sector de la biotecnolog\u00eda. As\u00ed lo anunci\u00f3 este martes el consejero, Graciano Torre, en la presentaci\u00f3n del proyecto BioCEEI Asturias,\" \/>\n\t<meta name=\"robots\" content=\"max-image-preview:large\" \/>\n\t<meta name=\"author\" content=\"El Digital de Asturias\"\/>\n\t<meta name=\"google-site-verification\" content=\"UA-38556648-1\" \/>\n\t<meta name=\"msvalidate.01\" content=\"7dfe9f3f1b24437ab69f4f2559babe99\" \/>\n\t<meta name=\"keywords\" content=\"actualidad asturias\" \/>\n\t<link rel=\"canonical\" href=\"https:\/\/www.eldigitaldeasturias.com\/noticias\/el-principado-asesorara-a-emprendedores-que-quieran-desarrollar-proyectos-en-el-campo-de-la-biotecnologia\/\" \/>\n\t<meta name=\"generator\" content=\"All in One SEO Pro (AIOSEO) 4.9.6.2\" \/>\n\t\t<meta property=\"og:locale\" content=\"es_ES\" \/>\n\t\t<meta property=\"og:site_name\" content=\"El Digital de Asturias\" \/>\n\t\t<meta property=\"og:type\" content=\"article\" \/>\n\t\t<meta property=\"og:title\" content=\"El Principado asesorar\u00e1 a emprendedores que quieran desarrollar proyectos en el campo de la biotecnolog\u00eda - El Digital de Asturias\" \/>\n\t\t<meta property=\"og:description\" content=\"OVIEDO, 24 Sep. (EUROPA PRESS) - La Consejer\u00eda de Econom\u00eda y Empleo, a trav\u00e9s del Centro Europeo de Empresas e Innovaci\u00f3n (CEEI), prestar\u00e1 asesoramiento y orientaci\u00f3n a emprendedores interesados en poner en marcha proyectos en el sector de la biotecnolog\u00eda. As\u00ed lo anunci\u00f3 este martes el consejero, Graciano Torre, en la presentaci\u00f3n del proyecto BioCEEI Asturias,\" \/>\n\t\t<meta property=\"og:url\" content=\"https:\/\/www.eldigitaldeasturias.com\/noticias\/el-principado-asesorara-a-emprendedores-que-quieran-desarrollar-proyectos-en-el-campo-de-la-biotecnologia\/\" \/>\n\t\t<meta property=\"og:image\" content=\"https:\/\/www.eldigitaldeasturias.com\/noticias\/wp-content\/uploads\/2013\/09\/ConsejoGobierno1.jpg\" \/>\n\t\t<meta property=\"og:image:secure_url\" content=\"https:\/\/www.eldigitaldeasturias.com\/noticias\/wp-content\/uploads\/2013\/09\/ConsejoGobierno1.jpg\" \/>\n\t\t<meta property=\"og:image:width\" content=\"450\" \/>\n\t\t<meta property=\"og:image:height\" content=\"277\" \/>\n\t\t<meta property=\"article:tag\" content=\"actualidad asturias\" \/>\n\t\t<meta property=\"article:published_time\" content=\"2013-09-24T22:56:46+00:00\" \/>\n\t\t<meta property=\"article:modified_time\" content=\"2013-09-24T22:56:46+00:00\" \/>\n\t\t<meta property=\"article:publisher\" content=\"https:\/\/facebook.com\/eldigitaldeasturias\" \/>\n\t\t<meta name=\"twitter:card\" content=\"summary_large_image\" \/>\n\t\t<meta name=\"twitter:title\" content=\"El Principado asesorar\u00e1 a emprendedores que quieran desarrollar proyectos en el campo de la biotecnolog\u00eda - El Digital de Asturias\" \/>\n\t\t<meta name=\"twitter:description\" content=\"OVIEDO, 24 Sep. (EUROPA PRESS) - La Consejer\u00eda de Econom\u00eda y Empleo, a trav\u00e9s del Centro Europeo de Empresas e Innovaci\u00f3n (CEEI), prestar\u00e1 asesoramiento y orientaci\u00f3n a emprendedores interesados en poner en marcha proyectos en el sector de la biotecnolog\u00eda. As\u00ed lo anunci\u00f3 este martes el consejero, Graciano Torre, en la presentaci\u00f3n del proyecto BioCEEI Asturias,\" \/>\n\t\t<meta name=\"twitter:image\" content=\"https:\/\/www.eldigitaldeasturias.com\/noticias\/wp-content\/uploads\/2013\/09\/ConsejoGobierno1.jpg\" \/>\n\t\t<meta name=\"twitter:label1\" content=\"Escrito por\" \/>\n\t\t<meta name=\"twitter:data1\" content=\"El Digital de Asturias\" \/>\n\t\t<meta name=\"twitter:label2\" content=\"Tiempo de lectura estimado\" \/>\n\t\t<meta name=\"twitter:data2\" content=\"3 minutos\" \/>\n\t\t<script type=\"application\/ld+json\" class=\"aioseo-schema\">\n\t\t\t{\"@context\":\"https:\\\/\\\/schema.org\",\"@graph\":[{\"@type\":\"BlogPosting\",\"@id\":\"https:\\\/\\\/www.eldigitaldeasturias.com\\\/noticias\\\/el-principado-asesorara-a-emprendedores-que-quieran-desarrollar-proyectos-en-el-campo-de-la-biotecnologia\\\/#blogposting\",\"name\":\"El Principado asesorar\\u00e1 a emprendedores que quieran desarrollar proyectos en el campo de la biotecnolog\\u00eda - El Digital de Asturias\",\"headline\":\"El Principado asesorar\\u00e1 a emprendedores que quieran desarrollar proyectos en el campo de la biotecnolog\\u00eda\",\"author\":{\"@id\":\"https:\\\/\\\/www.eldigitaldeasturias.com\\\/noticias\\\/author\\\/admin\\\/#author\"},\"publisher\":{\"@id\":\"https:\\\/\\\/www.eldigitaldeasturias.com\\\/noticias\\\/#organization\"},\"image\":{\"@type\":\"ImageObject\",\"url\":\"https:\\\/\\\/www.eldigitaldeasturias.com\\\/noticias\\\/wp-content\\\/uploads\\\/2013\\\/09\\\/ConsejoGobierno1.jpg\",\"width\":450,\"height\":277},\"datePublished\":\"2013-09-24T22:56:46+02:00\",\"dateModified\":\"2013-09-24T22:56:46+02:00\",\"inLanguage\":\"es-ES\",\"mainEntityOfPage\":{\"@id\":\"https:\\\/\\\/www.eldigitaldeasturias.com\\\/noticias\\\/el-principado-asesorara-a-emprendedores-que-quieran-desarrollar-proyectos-en-el-campo-de-la-biotecnologia\\\/#webpage\"},\"isPartOf\":{\"@id\":\"https:\\\/\\\/www.eldigitaldeasturias.com\\\/noticias\\\/el-principado-asesorara-a-emprendedores-que-quieran-desarrollar-proyectos-en-el-campo-de-la-biotecnologia\\\/#webpage\"},\"articleSection\":\"Actualidad Asturias\"},{\"@type\":\"BreadcrumbList\",\"@id\":\"https:\\\/\\\/www.eldigitaldeasturias.com\\\/noticias\\\/el-principado-asesorara-a-emprendedores-que-quieran-desarrollar-proyectos-en-el-campo-de-la-biotecnologia\\\/#breadcrumblist\",\"itemListElement\":[{\"@type\":\"ListItem\",\"@id\":\"https:\\\/\\\/www.eldigitaldeasturias.com\\\/noticias#listItem\",\"position\":1,\"name\":\"Home\",\"item\":\"https:\\\/\\\/www.eldigitaldeasturias.com\\\/noticias\",\"nextItem\":{\"@type\":\"ListItem\",\"@id\":\"https:\\\/\\\/www.eldigitaldeasturias.com\\\/noticias\\\/category\\\/actualidad-asturias\\\/#listItem\",\"name\":\"Actualidad Asturias\"}},{\"@type\":\"ListItem\",\"@id\":\"https:\\\/\\\/www.eldigitaldeasturias.com\\\/noticias\\\/category\\\/actualidad-asturias\\\/#listItem\",\"position\":2,\"name\":\"Actualidad Asturias\",\"item\":\"https:\\\/\\\/www.eldigitaldeasturias.com\\\/noticias\\\/category\\\/actualidad-asturias\\\/\",\"nextItem\":{\"@type\":\"ListItem\",\"@id\":\"https:\\\/\\\/www.eldigitaldeasturias.com\\\/noticias\\\/el-principado-asesorara-a-emprendedores-que-quieran-desarrollar-proyectos-en-el-campo-de-la-biotecnologia\\\/#listItem\",\"name\":\"El Principado asesorar\\u00e1 a emprendedores que quieran desarrollar proyectos en el campo de la biotecnolog\\u00eda\"},\"previousItem\":{\"@type\":\"ListItem\",\"@id\":\"https:\\\/\\\/www.eldigitaldeasturias.com\\\/noticias#listItem\",\"name\":\"Home\"}},{\"@type\":\"ListItem\",\"@id\":\"https:\\\/\\\/www.eldigitaldeasturias.com\\\/noticias\\\/el-principado-asesorara-a-emprendedores-que-quieran-desarrollar-proyectos-en-el-campo-de-la-biotecnologia\\\/#listItem\",\"position\":3,\"name\":\"El Principado asesorar\\u00e1 a emprendedores que quieran desarrollar proyectos en el campo de la biotecnolog\\u00eda\",\"previousItem\":{\"@type\":\"ListItem\",\"@id\":\"https:\\\/\\\/www.eldigitaldeasturias.com\\\/noticias\\\/category\\\/actualidad-asturias\\\/#listItem\",\"name\":\"Actualidad Asturias\"}}]},{\"@type\":\"Organization\",\"@id\":\"https:\\\/\\\/www.eldigitaldeasturias.com\\\/noticias\\\/#organization\",\"name\":\"El Digital de Asturias\",\"description\":\"Hemeroteca\",\"url\":\"https:\\\/\\\/www.eldigitaldeasturias.com\\\/noticias\\\/\",\"email\":\"info@eldigitaldeasturias.com\",\"telephone\":\"+34652131393\",\"logo\":{\"@type\":\"ImageObject\",\"url\":\"https:\\\/\\\/www.eldigitaldeasturias.com\\\/noticias\\\/wp-content\\\/uploads\\\/2020\\\/12\\\/EDA.jpg\",\"@id\":\"https:\\\/\\\/www.eldigitaldeasturias.com\\\/noticias\\\/el-principado-asesorara-a-emprendedores-que-quieran-desarrollar-proyectos-en-el-campo-de-la-biotecnologia\\\/#organizationLogo\",\"width\":649,\"height\":297},\"image\":{\"@id\":\"https:\\\/\\\/www.eldigitaldeasturias.com\\\/noticias\\\/el-principado-asesorara-a-emprendedores-que-quieran-desarrollar-proyectos-en-el-campo-de-la-biotecnologia\\\/#organizationLogo\"},\"sameAs\":[\"https:\\\/\\\/facebook.com\\\/eldigitaldeasturias\",\"https:\\\/\\\/www.youtube.com\\\/channel\\\/UCZP-2wLEB9Rv6erhFmqVnvg\"],\"address\":{\"@id\":\"https:\\\/\\\/www.eldigitaldeasturias.com\\\/noticias\\\/#postaladdress\",\"@type\":\"PostalAddress\",\"streetAddress\":\"san antonio 4,\",\"postalCode\":\"33430\",\"addressLocality\":\"Cand\\u00e1s\",\"addressRegion\":\"Asturias\",\"addressCountry\":\"ES\"}},{\"@type\":\"Person\",\"@id\":\"https:\\\/\\\/www.eldigitaldeasturias.com\\\/noticias\\\/author\\\/admin\\\/#author\",\"url\":\"https:\\\/\\\/www.eldigitaldeasturias.com\\\/noticias\\\/author\\\/admin\\\/\",\"name\":\"El Digital de Asturias\",\"image\":{\"@type\":\"ImageObject\",\"@id\":\"https:\\\/\\\/www.eldigitaldeasturias.com\\\/noticias\\\/el-principado-asesorara-a-emprendedores-que-quieran-desarrollar-proyectos-en-el-campo-de-la-biotecnologia\\\/#authorImage\",\"url\":\"https:\\\/\\\/www.eldigitaldeasturias.com\\\/noticias\\\/wp-content\\\/litespeed\\\/avatar\\\/18677e78aa0546b92d9dbf31ec7d7668.jpg?ver=1776685526\",\"width\":96,\"height\":96,\"caption\":\"El Digital de Asturias\"}},{\"@type\":\"WebPage\",\"@id\":\"https:\\\/\\\/www.eldigitaldeasturias.com\\\/noticias\\\/el-principado-asesorara-a-emprendedores-que-quieran-desarrollar-proyectos-en-el-campo-de-la-biotecnologia\\\/#webpage\",\"url\":\"https:\\\/\\\/www.eldigitaldeasturias.com\\\/noticias\\\/el-principado-asesorara-a-emprendedores-que-quieran-desarrollar-proyectos-en-el-campo-de-la-biotecnologia\\\/\",\"name\":\"El Principado asesorar\\u00e1 a emprendedores que quieran desarrollar proyectos en el campo de la biotecnolog\\u00eda - El Digital de Asturias\",\"description\":\"OVIEDO, 24 Sep. (EUROPA PRESS) - La Consejer\\u00eda de Econom\\u00eda y Empleo, a trav\\u00e9s del Centro Europeo de Empresas e Innovaci\\u00f3n (CEEI), prestar\\u00e1 asesoramiento y orientaci\\u00f3n a emprendedores interesados en poner en marcha proyectos en el sector de la biotecnolog\\u00eda. As\\u00ed lo anunci\\u00f3 este martes el consejero, Graciano Torre, en la presentaci\\u00f3n del proyecto BioCEEI Asturias,\",\"inLanguage\":\"es-ES\",\"isPartOf\":{\"@id\":\"https:\\\/\\\/www.eldigitaldeasturias.com\\\/noticias\\\/#website\"},\"breadcrumb\":{\"@id\":\"https:\\\/\\\/www.eldigitaldeasturias.com\\\/noticias\\\/el-principado-asesorara-a-emprendedores-que-quieran-desarrollar-proyectos-en-el-campo-de-la-biotecnologia\\\/#breadcrumblist\"},\"author\":{\"@id\":\"https:\\\/\\\/www.eldigitaldeasturias.com\\\/noticias\\\/author\\\/admin\\\/#author\"},\"creator\":{\"@id\":\"https:\\\/\\\/www.eldigitaldeasturias.com\\\/noticias\\\/author\\\/admin\\\/#author\"},\"image\":{\"@type\":\"ImageObject\",\"url\":\"https:\\\/\\\/www.eldigitaldeasturias.com\\\/noticias\\\/wp-content\\\/uploads\\\/2013\\\/09\\\/ConsejoGobierno1.jpg\",\"@id\":\"https:\\\/\\\/www.eldigitaldeasturias.com\\\/noticias\\\/el-principado-asesorara-a-emprendedores-que-quieran-desarrollar-proyectos-en-el-campo-de-la-biotecnologia\\\/#mainImage\",\"width\":450,\"height\":277},\"primaryImageOfPage\":{\"@id\":\"https:\\\/\\\/www.eldigitaldeasturias.com\\\/noticias\\\/el-principado-asesorara-a-emprendedores-que-quieran-desarrollar-proyectos-en-el-campo-de-la-biotecnologia\\\/#mainImage\"},\"datePublished\":\"2013-09-24T22:56:46+02:00\",\"dateModified\":\"2013-09-24T22:56:46+02:00\"},{\"@type\":\"WebSite\",\"@id\":\"https:\\\/\\\/www.eldigitaldeasturias.com\\\/noticias\\\/#website\",\"url\":\"https:\\\/\\\/www.eldigitaldeasturias.com\\\/noticias\\\/\",\"name\":\"El Digital de Asturias - Diario de actualidad y noticias\",\"alternateName\":\"El Digital de Asturias - Diario de actualidad y noticias\",\"description\":\"Hemeroteca\",\"inLanguage\":\"es-ES\",\"publisher\":{\"@id\":\"https:\\\/\\\/www.eldigitaldeasturias.com\\\/noticias\\\/#organization\"}}]}\n\t\t<\/script>\n\t\t<!-- All in One SEO Pro -->\r\n\t\t<title>El Principado asesorar\u00e1 a emprendedores que quieran desarrollar proyectos en el campo de la biotecnolog\u00eda - El Digital de Asturias<\/title>\n\n","aioseo_head_json":{"title":"El Principado asesorar\u00e1 a emprendedores que quieran desarrollar proyectos en el campo de la biotecnolog\u00eda - El Digital de Asturias","description":"OVIEDO, 24 Sep. (EUROPA PRESS) - La Consejer\u00eda de Econom\u00eda y Empleo, a trav\u00e9s del Centro Europeo de Empresas e Innovaci\u00f3n (CEEI), prestar\u00e1 asesoramiento y orientaci\u00f3n a emprendedores interesados en poner en marcha proyectos en el sector de la biotecnolog\u00eda. As\u00ed lo anunci\u00f3 este martes el consejero, Graciano Torre, en la presentaci\u00f3n del proyecto BioCEEI Asturias,","canonical_url":"https:\/\/www.eldigitaldeasturias.com\/noticias\/el-principado-asesorara-a-emprendedores-que-quieran-desarrollar-proyectos-en-el-campo-de-la-biotecnologia\/","robots":"max-image-preview:large","keywords":"actualidad asturias","webmasterTools":{"google-site-verification":"UA-38556648-1","msvalidate.01":"7dfe9f3f1b24437ab69f4f2559babe99","miscellaneous":""},"schema":{"@context":"https:\/\/schema.org","@graph":[{"@type":"BlogPosting","@id":"https:\/\/www.eldigitaldeasturias.com\/noticias\/el-principado-asesorara-a-emprendedores-que-quieran-desarrollar-proyectos-en-el-campo-de-la-biotecnologia\/#blogposting","name":"El Principado asesorar\u00e1 a emprendedores que quieran desarrollar proyectos en el campo de la biotecnolog\u00eda - El Digital de Asturias","headline":"El Principado asesorar\u00e1 a emprendedores que quieran desarrollar proyectos en el campo de la biotecnolog\u00eda","author":{"@id":"https:\/\/www.eldigitaldeasturias.com\/noticias\/author\/admin\/#author"},"publisher":{"@id":"https:\/\/www.eldigitaldeasturias.com\/noticias\/#organization"},"image":{"@type":"ImageObject","url":"https:\/\/www.eldigitaldeasturias.com\/noticias\/wp-content\/uploads\/2013\/09\/ConsejoGobierno1.jpg","width":450,"height":277},"datePublished":"2013-09-24T22:56:46+02:00","dateModified":"2013-09-24T22:56:46+02:00","inLanguage":"es-ES","mainEntityOfPage":{"@id":"https:\/\/www.eldigitaldeasturias.com\/noticias\/el-principado-asesorara-a-emprendedores-que-quieran-desarrollar-proyectos-en-el-campo-de-la-biotecnologia\/#webpage"},"isPartOf":{"@id":"https:\/\/www.eldigitaldeasturias.com\/noticias\/el-principado-asesorara-a-emprendedores-que-quieran-desarrollar-proyectos-en-el-campo-de-la-biotecnologia\/#webpage"},"articleSection":"Actualidad Asturias"},{"@type":"BreadcrumbList","@id":"https:\/\/www.eldigitaldeasturias.com\/noticias\/el-principado-asesorara-a-emprendedores-que-quieran-desarrollar-proyectos-en-el-campo-de-la-biotecnologia\/#breadcrumblist","itemListElement":[{"@type":"ListItem","@id":"https:\/\/www.eldigitaldeasturias.com\/noticias#listItem","position":1,"name":"Home","item":"https:\/\/www.eldigitaldeasturias.com\/noticias","nextItem":{"@type":"ListItem","@id":"https:\/\/www.eldigitaldeasturias.com\/noticias\/category\/actualidad-asturias\/#listItem","name":"Actualidad Asturias"}},{"@type":"ListItem","@id":"https:\/\/www.eldigitaldeasturias.com\/noticias\/category\/actualidad-asturias\/#listItem","position":2,"name":"Actualidad Asturias","item":"https:\/\/www.eldigitaldeasturias.com\/noticias\/category\/actualidad-asturias\/","nextItem":{"@type":"ListItem","@id":"https:\/\/www.eldigitaldeasturias.com\/noticias\/el-principado-asesorara-a-emprendedores-que-quieran-desarrollar-proyectos-en-el-campo-de-la-biotecnologia\/#listItem","name":"El Principado asesorar\u00e1 a emprendedores que quieran desarrollar proyectos en el campo de la biotecnolog\u00eda"},"previousItem":{"@type":"ListItem","@id":"https:\/\/www.eldigitaldeasturias.com\/noticias#listItem","name":"Home"}},{"@type":"ListItem","@id":"https:\/\/www.eldigitaldeasturias.com\/noticias\/el-principado-asesorara-a-emprendedores-que-quieran-desarrollar-proyectos-en-el-campo-de-la-biotecnologia\/#listItem","position":3,"name":"El Principado asesorar\u00e1 a emprendedores que quieran desarrollar proyectos en el campo de la biotecnolog\u00eda","previousItem":{"@type":"ListItem","@id":"https:\/\/www.eldigitaldeasturias.com\/noticias\/category\/actualidad-asturias\/#listItem","name":"Actualidad Asturias"}}]},{"@type":"Organization","@id":"https:\/\/www.eldigitaldeasturias.com\/noticias\/#organization","name":"El Digital de Asturias","description":"Hemeroteca","url":"https:\/\/www.eldigitaldeasturias.com\/noticias\/","email":"info@eldigitaldeasturias.com","telephone":"+34652131393","logo":{"@type":"ImageObject","url":"https:\/\/www.eldigitaldeasturias.com\/noticias\/wp-content\/uploads\/2020\/12\/EDA.jpg","@id":"https:\/\/www.eldigitaldeasturias.com\/noticias\/el-principado-asesorara-a-emprendedores-que-quieran-desarrollar-proyectos-en-el-campo-de-la-biotecnologia\/#organizationLogo","width":649,"height":297},"image":{"@id":"https:\/\/www.eldigitaldeasturias.com\/noticias\/el-principado-asesorara-a-emprendedores-que-quieran-desarrollar-proyectos-en-el-campo-de-la-biotecnologia\/#organizationLogo"},"sameAs":["https:\/\/facebook.com\/eldigitaldeasturias","https:\/\/www.youtube.com\/channel\/UCZP-2wLEB9Rv6erhFmqVnvg"],"address":{"@id":"https:\/\/www.eldigitaldeasturias.com\/noticias\/#postaladdress","@type":"PostalAddress","streetAddress":"san antonio 4,","postalCode":"33430","addressLocality":"Cand\u00e1s","addressRegion":"Asturias","addressCountry":"ES"}},{"@type":"Person","@id":"https:\/\/www.eldigitaldeasturias.com\/noticias\/author\/admin\/#author","url":"https:\/\/www.eldigitaldeasturias.com\/noticias\/author\/admin\/","name":"El Digital de Asturias","image":{"@type":"ImageObject","@id":"https:\/\/www.eldigitaldeasturias.com\/noticias\/el-principado-asesorara-a-emprendedores-que-quieran-desarrollar-proyectos-en-el-campo-de-la-biotecnologia\/#authorImage","url":"https:\/\/www.eldigitaldeasturias.com\/noticias\/wp-content\/litespeed\/avatar\/18677e78aa0546b92d9dbf31ec7d7668.jpg?ver=1776685526","width":96,"height":96,"caption":"El Digital de Asturias"}},{"@type":"WebPage","@id":"https:\/\/www.eldigitaldeasturias.com\/noticias\/el-principado-asesorara-a-emprendedores-que-quieran-desarrollar-proyectos-en-el-campo-de-la-biotecnologia\/#webpage","url":"https:\/\/www.eldigitaldeasturias.com\/noticias\/el-principado-asesorara-a-emprendedores-que-quieran-desarrollar-proyectos-en-el-campo-de-la-biotecnologia\/","name":"El Principado asesorar\u00e1 a emprendedores que quieran desarrollar proyectos en el campo de la biotecnolog\u00eda - El Digital de Asturias","description":"OVIEDO, 24 Sep. (EUROPA PRESS) - La Consejer\u00eda de Econom\u00eda y Empleo, a trav\u00e9s del Centro Europeo de Empresas e Innovaci\u00f3n (CEEI), prestar\u00e1 asesoramiento y orientaci\u00f3n a emprendedores interesados en poner en marcha proyectos en el sector de la biotecnolog\u00eda. As\u00ed lo anunci\u00f3 este martes el consejero, Graciano Torre, en la presentaci\u00f3n del proyecto BioCEEI Asturias,","inLanguage":"es-ES","isPartOf":{"@id":"https:\/\/www.eldigitaldeasturias.com\/noticias\/#website"},"breadcrumb":{"@id":"https:\/\/www.eldigitaldeasturias.com\/noticias\/el-principado-asesorara-a-emprendedores-que-quieran-desarrollar-proyectos-en-el-campo-de-la-biotecnologia\/#breadcrumblist"},"author":{"@id":"https:\/\/www.eldigitaldeasturias.com\/noticias\/author\/admin\/#author"},"creator":{"@id":"https:\/\/www.eldigitaldeasturias.com\/noticias\/author\/admin\/#author"},"image":{"@type":"ImageObject","url":"https:\/\/www.eldigitaldeasturias.com\/noticias\/wp-content\/uploads\/2013\/09\/ConsejoGobierno1.jpg","@id":"https:\/\/www.eldigitaldeasturias.com\/noticias\/el-principado-asesorara-a-emprendedores-que-quieran-desarrollar-proyectos-en-el-campo-de-la-biotecnologia\/#mainImage","width":450,"height":277},"primaryImageOfPage":{"@id":"https:\/\/www.eldigitaldeasturias.com\/noticias\/el-principado-asesorara-a-emprendedores-que-quieran-desarrollar-proyectos-en-el-campo-de-la-biotecnologia\/#mainImage"},"datePublished":"2013-09-24T22:56:46+02:00","dateModified":"2013-09-24T22:56:46+02:00"},{"@type":"WebSite","@id":"https:\/\/www.eldigitaldeasturias.com\/noticias\/#website","url":"https:\/\/www.eldigitaldeasturias.com\/noticias\/","name":"El Digital de Asturias - Diario de actualidad y noticias","alternateName":"El Digital de Asturias - Diario de actualidad y noticias","description":"Hemeroteca","inLanguage":"es-ES","publisher":{"@id":"https:\/\/www.eldigitaldeasturias.com\/noticias\/#organization"}}]},"og:locale":"es_ES","og:site_name":"El Digital de Asturias","og:type":"article","og:title":"El Principado asesorar\u00e1 a emprendedores que quieran desarrollar proyectos en el campo de la biotecnolog\u00eda - El Digital de Asturias","og:description":"OVIEDO, 24 Sep. (EUROPA PRESS) - La Consejer\u00eda de Econom\u00eda y Empleo, a trav\u00e9s del Centro Europeo de Empresas e Innovaci\u00f3n (CEEI), prestar\u00e1 asesoramiento y orientaci\u00f3n a emprendedores interesados en poner en marcha proyectos en el sector de la biotecnolog\u00eda. As\u00ed lo anunci\u00f3 este martes el consejero, Graciano Torre, en la presentaci\u00f3n del proyecto BioCEEI Asturias,","og:url":"https:\/\/www.eldigitaldeasturias.com\/noticias\/el-principado-asesorara-a-emprendedores-que-quieran-desarrollar-proyectos-en-el-campo-de-la-biotecnologia\/","og:image":"https:\/\/www.eldigitaldeasturias.com\/noticias\/wp-content\/uploads\/2013\/09\/ConsejoGobierno1.jpg","og:image:secure_url":"https:\/\/www.eldigitaldeasturias.com\/noticias\/wp-content\/uploads\/2013\/09\/ConsejoGobierno1.jpg","og:image:width":450,"og:image:height":277,"article:tag":["actualidad asturias"],"article:published_time":"2013-09-24T22:56:46+00:00","article:modified_time":"2013-09-24T22:56:46+00:00","article:publisher":"https:\/\/facebook.com\/eldigitaldeasturias","twitter:card":"summary_large_image","twitter:title":"El Principado asesorar\u00e1 a emprendedores que quieran desarrollar proyectos en el campo de la biotecnolog\u00eda - El Digital de Asturias","twitter:description":"OVIEDO, 24 Sep. (EUROPA PRESS) - La Consejer\u00eda de Econom\u00eda y Empleo, a trav\u00e9s del Centro Europeo de Empresas e Innovaci\u00f3n (CEEI), prestar\u00e1 asesoramiento y orientaci\u00f3n a emprendedores interesados en poner en marcha proyectos en el sector de la biotecnolog\u00eda. As\u00ed lo anunci\u00f3 este martes el consejero, Graciano Torre, en la presentaci\u00f3n del proyecto BioCEEI Asturias,","twitter:image":"https:\/\/www.eldigitaldeasturias.com\/noticias\/wp-content\/uploads\/2013\/09\/ConsejoGobierno1.jpg","twitter:label1":"Escrito por","twitter:data1":"El Digital de Asturias","twitter:label2":"Tiempo de lectura estimado","twitter:data2":"3 minutos"},"aioseo_meta_data":{"post_id":"2876","title":null,"description":null,"keywords":null,"keyphrases":null,"primary_term":null,"canonical_url":null,"og_title":null,"og_description":null,"og_object_type":"default","og_image_type":"default","og_image_url":null,"og_image_width":null,"og_image_height":null,"og_image_custom_url":null,"og_image_custom_fields":null,"og_video":null,"og_custom_url":null,"og_article_section":null,"og_article_tags":null,"twitter_use_og":true,"twitter_card":"default","twitter_image_type":"default","twitter_image_url":null,"twitter_image_custom_url":null,"twitter_image_custom_fields":null,"twitter_title":null,"twitter_description":null,"schema":{"blockGraphs":[],"customGraphs":[],"default":{"data":{"Article":[],"Course":[],"Dataset":[],"FAQPage":[],"Movie":[],"Person":[],"Product":[],"ProductReview":[],"Car":[],"Recipe":[],"Service":[],"SoftwareApplication":[],"WebPage":[]},"graphName":"","isEnabled":true},"graphs":[],"defaultGraph":"","defaultPostTypeGraph":""},"schema_type":null,"schema_type_options":null,"pillar_content":false,"robots_default":true,"robots_noindex":false,"robots_noarchive":false,"robots_nosnippet":false,"robots_nofollow":false,"robots_noimageindex":false,"robots_noodp":false,"robots_notranslate":false,"robots_max_snippet":null,"robots_max_videopreview":null,"robots_max_imagepreview":"none","priority":null,"frequency":null,"local_seo":null,"seo_analyzer_scan_date":"2025-08-21 05:08:51","breadcrumb_settings":null,"limit_modified_date":false,"open_ai":null,"ai":null,"created":"2020-11-14 22:37:00","updated":"2025-08-21 05:08:51"},"aioseo_breadcrumb":"<div class=\"aioseo-breadcrumbs\"><span class=\"aioseo-breadcrumb\">\n\t<a href=\"https:\/\/www.eldigitaldeasturias.com\/noticias\" title=\"Home\">Home<\/a>\n<\/span><span class=\"aioseo-breadcrumb-separator\">\u2013<\/span><span class=\"aioseo-breadcrumb\">\n\t<a href=\"https:\/\/www.eldigitaldeasturias.com\/noticias\/category\/actualidad-asturias\/\" title=\"Actualidad Asturias\">Actualidad Asturias<\/a>\n<\/span><span class=\"aioseo-breadcrumb-separator\">\u2013<\/span><span class=\"aioseo-breadcrumb\">\n\t<a href=\"https:\/\/www.eldigitaldeasturias.com\/noticias\/el-principado-asesorara-a-emprendedores-que-quieran-desarrollar-proyectos-en-el-campo-de-la-biotecnologia\/\" title=\"El Principado asesorar\u00e1 a emprendedores que quieran desarrollar proyectos en el campo de la biotecnolog\u00eda\">El Principado asesorar\u00e1 a emprendedores que quieran desarrollar proyectos en el campo de la biotecnolog\u00eda<\/a>\n<\/span><\/div>","aioseo_breadcrumb_json":[{"label":"Home","link":"https:\/\/www.eldigitaldeasturias.com\/noticias"},{"label":"Actualidad Asturias","link":"https:\/\/www.eldigitaldeasturias.com\/noticias\/category\/actualidad-asturias\/"},{"label":"El Principado asesorar\u00e1 a emprendedores que quieran desarrollar proyectos en el campo de la biotecnolog\u00eda","link":"https:\/\/www.eldigitaldeasturias.com\/noticias\/el-principado-asesorara-a-emprendedores-que-quieran-desarrollar-proyectos-en-el-campo-de-la-biotecnologia\/"}],"_links":{"self":[{"href":"https:\/\/www.eldigitaldeasturias.com\/noticias\/wp-json\/wp\/v2\/posts\/2876","targetHints":{"allow":["GET"]}}],"collection":[{"href":"https:\/\/www.eldigitaldeasturias.com\/noticias\/wp-json\/wp\/v2\/posts"}],"about":[{"href":"https:\/\/www.eldigitaldeasturias.com\/noticias\/wp-json\/wp\/v2\/types\/post"}],"author":[{"embeddable":true,"href":"https:\/\/www.eldigitaldeasturias.com\/noticias\/wp-json\/wp\/v2\/users\/1"}],"replies":[{"embeddable":true,"href":"https:\/\/www.eldigitaldeasturias.com\/noticias\/wp-json\/wp\/v2\/comments?post=2876"}],"version-history":[{"count":0,"href":"https:\/\/www.eldigitaldeasturias.com\/noticias\/wp-json\/wp\/v2\/posts\/2876\/revisions"}],"wp:featuredmedia":[{"embeddable":true,"href":"https:\/\/www.eldigitaldeasturias.com\/noticias\/wp-json\/wp\/v2\/media\/230"}],"wp:attachment":[{"href":"https:\/\/www.eldigitaldeasturias.com\/noticias\/wp-json\/wp\/v2\/media?parent=2876"}],"wp:term":[{"taxonomy":"category","embeddable":true,"href":"https:\/\/www.eldigitaldeasturias.com\/noticias\/wp-json\/wp\/v2\/categories?post=2876"},{"taxonomy":"post_tag","embeddable":true,"href":"https:\/\/www.eldigitaldeasturias.com\/noticias\/wp-json\/wp\/v2\/tags?post=2876"}],"curies":[{"name":"wp","href":"https:\/\/api.w.org\/{rel}","templated":true}]}}