{"id":2873,"date":"2013-09-24T22:55:14","date_gmt":"2013-09-24T22:55:14","guid":{"rendered":"http:\/\/www.eldigitaldeasturias.com\/noticias\/?p=2873"},"modified":"2013-09-24T22:55:14","modified_gmt":"2013-09-24T22:55:14","slug":"el-pp-apremia-al-principado-a-poner-en-marcha-la-nueva-tarjeta-de-discapacidad","status":"publish","type":"post","link":"https:\/\/www.eldigitaldeasturias.com\/noticias\/el-pp-apremia-al-principado-a-poner-en-marcha-la-nueva-tarjeta-de-discapacidad\/","title":{"rendered":"El PP apremia al Principado a poner en marcha la nueva tarjeta de discapacidad"},"content":{"rendered":"<p><img loading=\"lazy\" decoding=\"async\" class=\"alignleft size-medium wp-image-2874\" alt=\"huca\" src=\"https:\/\/www.eldigitaldeasturias.com\/noticias\/wp-content\/uploads\/2013\/09\/huca-360x244.jpg\" width=\"360\" height=\"244\" \/>GIJ\u00d3N, 24 Sep. (EUROPA PRESS) &#8211;\u00a0La diputada nacional del PP por Asturias \u00c1ngeles Fern\u00e1ndez-Ah\u00faja ha instado este martes al Principado a poner en marcha en la regi\u00f3n la nueva tarjeta de discapacidad, similar al DNI y que sustituye a la de formato papel en todo el territorio espa\u00f1ol, seg\u00fan una nota de prensa del PP de Gij\u00f3n.<\/p>\n<p>La propuesta para sustituir la antigua tarjeta ha sido aprobada en este d\u00eda en la Comisi\u00f3n de Discapacidad del Congreso de los Diputados, a iniciativa del PP. Precisamente Ah\u00faja ha sido la encargada de exponer la proposici\u00f3n no de ley del Grupo Parlamentario Popular en la citada Comisi\u00f3n, que ha salido adelante pese a la abstenci\u00f3n del PSOE.<\/p>\n<p>Este certificado, que acredita que una persona tiene un grado de discapacidad reconocido igual o superior al 33 por ciento, permite que estas personas pueden acceder a todas las ayudas auton\u00f3micas previstas, realizar cualquier tr\u00e1mite administrativo o acceder a descuentos en transportes o a determinadas becas.<\/p>\n<p>Hasta la fecha once comunidades aut\u00f3nomas- Andaluc\u00eda, Arag\u00f3n, Cantabria, Castilla La Mancha, Castilla y Le\u00f3n, Catalu\u00f1a, Comunidad Valenciana, Extermadura, La Rioja y Navarra- cuentan con la nueva tarjeta. Seg\u00fan la diputada<\/p>\n<p>Fern\u00e1ndez-Ah\u00faja ha explicado que esta propuesta responde a \u00abuna reiterada demanda de las asociaciones asturianas de personas con discapacidad\u00bb, y ha afirmado que \u00abeste nuevo dise\u00f1o acabar\u00e1 con la discriminaci\u00f3n hacia las personas con discapacidad en funci\u00f3n de su lugar de residencia\u00bb. Seg\u00fan ella, la nueva tarjeta tiene un soporte menos fr\u00e1gil y facilitar\u00e1 la vida a las personas con discapacidad.<\/p>\n","protected":false},"excerpt":{"rendered":"<p>GIJ\u00d3N, 24 Sep. (EUROPA PRESS) &#8211;\u00a0La diputada nacional del PP por Asturias \u00c1ngeles Fern\u00e1ndez-Ah\u00faja ha instado este martes al Principado a poner en marcha en la regi\u00f3n la nueva tarjeta de discapacidad, similar al DNI y que sustituye a la de formato papel en todo el territorio espa\u00f1ol, seg\u00fan una nota de prensa del PP [&hellip;]<\/p>\n","protected":false},"author":1,"featured_media":2874,"comment_status":"open","ping_status":"open","sticky":false,"template":"","format":"standard","meta":{"footnotes":""},"categories":[12],"tags":[],"class_list":["post-2873","post","type-post","status-publish","format-standard","has-post-thumbnail","hentry","category-actualidad-asturias"],"aioseo_notices":[],"aioseo_head":"\n\t\t<!-- All in One SEO Pro 4.9.6.2 - aioseo.com -->\n\t<meta name=\"description\" content=\"GIJ\u00d3N, 24 Sep. (EUROPA PRESS) - La diputada nacional del PP por Asturias \u00c1ngeles Fern\u00e1ndez-Ah\u00faja ha instado este martes al Principado a poner en marcha en la regi\u00f3n la nueva tarjeta de discapacidad, similar al DNI y que sustituye a la de formato papel en todo el territorio espa\u00f1ol, seg\u00fan una nota de prensa del PP\" \/>\n\t<meta name=\"robots\" content=\"max-image-preview:large\" \/>\n\t<meta name=\"author\" content=\"El Digital de Asturias\"\/>\n\t<meta name=\"google-site-verification\" content=\"UA-38556648-1\" \/>\n\t<meta name=\"msvalidate.01\" content=\"7dfe9f3f1b24437ab69f4f2559babe99\" \/>\n\t<meta name=\"keywords\" content=\"actualidad asturias\" \/>\n\t<link rel=\"canonical\" href=\"https:\/\/www.eldigitaldeasturias.com\/noticias\/el-pp-apremia-al-principado-a-poner-en-marcha-la-nueva-tarjeta-de-discapacidad\/\" \/>\n\t<meta name=\"generator\" content=\"All in One SEO Pro (AIOSEO) 4.9.6.2\" \/>\n\t\t<meta property=\"og:locale\" content=\"es_ES\" \/>\n\t\t<meta property=\"og:site_name\" content=\"El Digital de Asturias\" \/>\n\t\t<meta property=\"og:type\" content=\"article\" \/>\n\t\t<meta property=\"og:title\" content=\"El PP apremia al Principado a poner en marcha la nueva tarjeta de discapacidad - El Digital de Asturias\" \/>\n\t\t<meta property=\"og:description\" content=\"GIJ\u00d3N, 24 Sep. (EUROPA PRESS) - La diputada nacional del PP por Asturias \u00c1ngeles Fern\u00e1ndez-Ah\u00faja ha instado este martes al Principado a poner en marcha en la regi\u00f3n la nueva tarjeta de discapacidad, similar al DNI y que sustituye a la de formato papel en todo el territorio espa\u00f1ol, seg\u00fan una nota de prensa del PP\" \/>\n\t\t<meta property=\"og:url\" content=\"https:\/\/www.eldigitaldeasturias.com\/noticias\/el-pp-apremia-al-principado-a-poner-en-marcha-la-nueva-tarjeta-de-discapacidad\/\" \/>\n\t\t<meta property=\"article:tag\" content=\"actualidad asturias\" \/>\n\t\t<meta property=\"article:published_time\" content=\"2013-09-24T22:55:14+00:00\" \/>\n\t\t<meta property=\"article:modified_time\" content=\"2013-09-24T22:55:14+00:00\" \/>\n\t\t<meta property=\"article:publisher\" content=\"https:\/\/facebook.com\/eldigitaldeasturias\" \/>\n\t\t<meta name=\"twitter:card\" content=\"summary_large_image\" \/>\n\t\t<meta name=\"twitter:title\" content=\"El PP apremia al Principado a poner en marcha la nueva tarjeta de discapacidad - El Digital de Asturias\" \/>\n\t\t<meta name=\"twitter:description\" content=\"GIJ\u00d3N, 24 Sep. (EUROPA PRESS) - La diputada nacional del PP por Asturias \u00c1ngeles Fern\u00e1ndez-Ah\u00faja ha instado este martes al Principado a poner en marcha en la regi\u00f3n la nueva tarjeta de discapacidad, similar al DNI y que sustituye a la de formato papel en todo el territorio espa\u00f1ol, seg\u00fan una nota de prensa del PP\" \/>\n\t\t<meta name=\"twitter:label1\" content=\"Escrito por\" \/>\n\t\t<meta name=\"twitter:data1\" content=\"El Digital de Asturias\" \/>\n\t\t<meta name=\"twitter:label2\" content=\"Tiempo de lectura estimado\" \/>\n\t\t<meta name=\"twitter:data2\" content=\"1 minuto\" \/>\n\t\t<script type=\"application\/ld+json\" class=\"aioseo-schema\">\n\t\t\t{\"@context\":\"https:\\\/\\\/schema.org\",\"@graph\":[{\"@type\":\"BlogPosting\",\"@id\":\"https:\\\/\\\/www.eldigitaldeasturias.com\\\/noticias\\\/el-pp-apremia-al-principado-a-poner-en-marcha-la-nueva-tarjeta-de-discapacidad\\\/#blogposting\",\"name\":\"El PP apremia al Principado a poner en marcha la nueva tarjeta de discapacidad - El Digital de Asturias\",\"headline\":\"El PP apremia al Principado a poner en marcha la nueva tarjeta de discapacidad\",\"author\":{\"@id\":\"https:\\\/\\\/www.eldigitaldeasturias.com\\\/noticias\\\/author\\\/admin\\\/#author\"},\"publisher\":{\"@id\":\"https:\\\/\\\/www.eldigitaldeasturias.com\\\/noticias\\\/#organization\"},\"image\":{\"@type\":\"ImageObject\",\"url\":2874},\"datePublished\":\"2013-09-24T22:55:14+02:00\",\"dateModified\":\"2013-09-24T22:55:14+02:00\",\"inLanguage\":\"es-ES\",\"mainEntityOfPage\":{\"@id\":\"https:\\\/\\\/www.eldigitaldeasturias.com\\\/noticias\\\/el-pp-apremia-al-principado-a-poner-en-marcha-la-nueva-tarjeta-de-discapacidad\\\/#webpage\"},\"isPartOf\":{\"@id\":\"https:\\\/\\\/www.eldigitaldeasturias.com\\\/noticias\\\/el-pp-apremia-al-principado-a-poner-en-marcha-la-nueva-tarjeta-de-discapacidad\\\/#webpage\"},\"articleSection\":\"Actualidad Asturias\"},{\"@type\":\"BreadcrumbList\",\"@id\":\"https:\\\/\\\/www.eldigitaldeasturias.com\\\/noticias\\\/el-pp-apremia-al-principado-a-poner-en-marcha-la-nueva-tarjeta-de-discapacidad\\\/#breadcrumblist\",\"itemListElement\":[{\"@type\":\"ListItem\",\"@id\":\"https:\\\/\\\/www.eldigitaldeasturias.com\\\/noticias#listItem\",\"position\":1,\"name\":\"Home\",\"item\":\"https:\\\/\\\/www.eldigitaldeasturias.com\\\/noticias\",\"nextItem\":{\"@type\":\"ListItem\",\"@id\":\"https:\\\/\\\/www.eldigitaldeasturias.com\\\/noticias\\\/category\\\/actualidad-asturias\\\/#listItem\",\"name\":\"Actualidad Asturias\"}},{\"@type\":\"ListItem\",\"@id\":\"https:\\\/\\\/www.eldigitaldeasturias.com\\\/noticias\\\/category\\\/actualidad-asturias\\\/#listItem\",\"position\":2,\"name\":\"Actualidad Asturias\",\"item\":\"https:\\\/\\\/www.eldigitaldeasturias.com\\\/noticias\\\/category\\\/actualidad-asturias\\\/\",\"nextItem\":{\"@type\":\"ListItem\",\"@id\":\"https:\\\/\\\/www.eldigitaldeasturias.com\\\/noticias\\\/el-pp-apremia-al-principado-a-poner-en-marcha-la-nueva-tarjeta-de-discapacidad\\\/#listItem\",\"name\":\"El PP apremia al Principado a poner en marcha la nueva tarjeta de discapacidad\"},\"previousItem\":{\"@type\":\"ListItem\",\"@id\":\"https:\\\/\\\/www.eldigitaldeasturias.com\\\/noticias#listItem\",\"name\":\"Home\"}},{\"@type\":\"ListItem\",\"@id\":\"https:\\\/\\\/www.eldigitaldeasturias.com\\\/noticias\\\/el-pp-apremia-al-principado-a-poner-en-marcha-la-nueva-tarjeta-de-discapacidad\\\/#listItem\",\"position\":3,\"name\":\"El PP apremia al Principado a poner en marcha la nueva tarjeta de discapacidad\",\"previousItem\":{\"@type\":\"ListItem\",\"@id\":\"https:\\\/\\\/www.eldigitaldeasturias.com\\\/noticias\\\/category\\\/actualidad-asturias\\\/#listItem\",\"name\":\"Actualidad Asturias\"}}]},{\"@type\":\"Organization\",\"@id\":\"https:\\\/\\\/www.eldigitaldeasturias.com\\\/noticias\\\/#organization\",\"name\":\"El Digital de Asturias\",\"description\":\"Hemeroteca\",\"url\":\"https:\\\/\\\/www.eldigitaldeasturias.com\\\/noticias\\\/\",\"email\":\"info@eldigitaldeasturias.com\",\"telephone\":\"+34652131393\",\"logo\":{\"@type\":\"ImageObject\",\"url\":\"https:\\\/\\\/www.eldigitaldeasturias.com\\\/noticias\\\/wp-content\\\/uploads\\\/2020\\\/12\\\/EDA.jpg\",\"@id\":\"https:\\\/\\\/www.eldigitaldeasturias.com\\\/noticias\\\/el-pp-apremia-al-principado-a-poner-en-marcha-la-nueva-tarjeta-de-discapacidad\\\/#organizationLogo\",\"width\":649,\"height\":297},\"image\":{\"@id\":\"https:\\\/\\\/www.eldigitaldeasturias.com\\\/noticias\\\/el-pp-apremia-al-principado-a-poner-en-marcha-la-nueva-tarjeta-de-discapacidad\\\/#organizationLogo\"},\"sameAs\":[\"https:\\\/\\\/facebook.com\\\/eldigitaldeasturias\",\"https:\\\/\\\/www.youtube.com\\\/channel\\\/UCZP-2wLEB9Rv6erhFmqVnvg\"],\"address\":{\"@id\":\"https:\\\/\\\/www.eldigitaldeasturias.com\\\/noticias\\\/#postaladdress\",\"@type\":\"PostalAddress\",\"streetAddress\":\"san antonio 4,\",\"postalCode\":\"33430\",\"addressLocality\":\"Cand\\u00e1s\",\"addressRegion\":\"Asturias\",\"addressCountry\":\"ES\"}},{\"@type\":\"Person\",\"@id\":\"https:\\\/\\\/www.eldigitaldeasturias.com\\\/noticias\\\/author\\\/admin\\\/#author\",\"url\":\"https:\\\/\\\/www.eldigitaldeasturias.com\\\/noticias\\\/author\\\/admin\\\/\",\"name\":\"El Digital de Asturias\",\"image\":{\"@type\":\"ImageObject\",\"@id\":\"https:\\\/\\\/www.eldigitaldeasturias.com\\\/noticias\\\/el-pp-apremia-al-principado-a-poner-en-marcha-la-nueva-tarjeta-de-discapacidad\\\/#authorImage\",\"url\":\"https:\\\/\\\/www.eldigitaldeasturias.com\\\/noticias\\\/wp-content\\\/litespeed\\\/avatar\\\/18677e78aa0546b92d9dbf31ec7d7668.jpg?ver=1776685526\",\"width\":96,\"height\":96,\"caption\":\"El Digital de Asturias\"}},{\"@type\":\"WebPage\",\"@id\":\"https:\\\/\\\/www.eldigitaldeasturias.com\\\/noticias\\\/el-pp-apremia-al-principado-a-poner-en-marcha-la-nueva-tarjeta-de-discapacidad\\\/#webpage\",\"url\":\"https:\\\/\\\/www.eldigitaldeasturias.com\\\/noticias\\\/el-pp-apremia-al-principado-a-poner-en-marcha-la-nueva-tarjeta-de-discapacidad\\\/\",\"name\":\"El PP apremia al Principado a poner en marcha la nueva tarjeta de discapacidad - El Digital de Asturias\",\"description\":\"GIJ\\u00d3N, 24 Sep. (EUROPA PRESS) - La diputada nacional del PP por Asturias \\u00c1ngeles Fern\\u00e1ndez-Ah\\u00faja ha instado este martes al Principado a poner en marcha en la regi\\u00f3n la nueva tarjeta de discapacidad, similar al DNI y que sustituye a la de formato papel en todo el territorio espa\\u00f1ol, seg\\u00fan una nota de prensa del PP\",\"inLanguage\":\"es-ES\",\"isPartOf\":{\"@id\":\"https:\\\/\\\/www.eldigitaldeasturias.com\\\/noticias\\\/#website\"},\"breadcrumb\":{\"@id\":\"https:\\\/\\\/www.eldigitaldeasturias.com\\\/noticias\\\/el-pp-apremia-al-principado-a-poner-en-marcha-la-nueva-tarjeta-de-discapacidad\\\/#breadcrumblist\"},\"author\":{\"@id\":\"https:\\\/\\\/www.eldigitaldeasturias.com\\\/noticias\\\/author\\\/admin\\\/#author\"},\"creator\":{\"@id\":\"https:\\\/\\\/www.eldigitaldeasturias.com\\\/noticias\\\/author\\\/admin\\\/#author\"},\"image\":{\"@type\":\"ImageObject\",\"url\":2874,\"@id\":\"https:\\\/\\\/www.eldigitaldeasturias.com\\\/noticias\\\/el-pp-apremia-al-principado-a-poner-en-marcha-la-nueva-tarjeta-de-discapacidad\\\/#mainImage\"},\"primaryImageOfPage\":{\"@id\":\"https:\\\/\\\/www.eldigitaldeasturias.com\\\/noticias\\\/el-pp-apremia-al-principado-a-poner-en-marcha-la-nueva-tarjeta-de-discapacidad\\\/#mainImage\"},\"datePublished\":\"2013-09-24T22:55:14+02:00\",\"dateModified\":\"2013-09-24T22:55:14+02:00\"},{\"@type\":\"WebSite\",\"@id\":\"https:\\\/\\\/www.eldigitaldeasturias.com\\\/noticias\\\/#website\",\"url\":\"https:\\\/\\\/www.eldigitaldeasturias.com\\\/noticias\\\/\",\"name\":\"El Digital de Asturias - Diario de actualidad y noticias\",\"alternateName\":\"El Digital de Asturias - Diario de actualidad y noticias\",\"description\":\"Hemeroteca\",\"inLanguage\":\"es-ES\",\"publisher\":{\"@id\":\"https:\\\/\\\/www.eldigitaldeasturias.com\\\/noticias\\\/#organization\"}}]}\n\t\t<\/script>\n\t\t<!-- All in One SEO Pro -->\r\n\t\t<title>El PP apremia al Principado a poner en marcha la nueva tarjeta de discapacidad - El Digital de Asturias<\/title>\n\n","aioseo_head_json":{"title":"El PP apremia al Principado a poner en marcha la nueva tarjeta de discapacidad - El Digital de Asturias","description":"GIJ\u00d3N, 24 Sep. (EUROPA PRESS) - La diputada nacional del PP por Asturias \u00c1ngeles Fern\u00e1ndez-Ah\u00faja ha instado este martes al Principado a poner en marcha en la regi\u00f3n la nueva tarjeta de discapacidad, similar al DNI y que sustituye a la de formato papel en todo el territorio espa\u00f1ol, seg\u00fan una nota de prensa del PP","canonical_url":"https:\/\/www.eldigitaldeasturias.com\/noticias\/el-pp-apremia-al-principado-a-poner-en-marcha-la-nueva-tarjeta-de-discapacidad\/","robots":"max-image-preview:large","keywords":"actualidad asturias","webmasterTools":{"google-site-verification":"UA-38556648-1","msvalidate.01":"7dfe9f3f1b24437ab69f4f2559babe99","miscellaneous":""},"schema":{"@context":"https:\/\/schema.org","@graph":[{"@type":"BlogPosting","@id":"https:\/\/www.eldigitaldeasturias.com\/noticias\/el-pp-apremia-al-principado-a-poner-en-marcha-la-nueva-tarjeta-de-discapacidad\/#blogposting","name":"El PP apremia al Principado a poner en marcha la nueva tarjeta de discapacidad - El Digital de Asturias","headline":"El PP apremia al Principado a poner en marcha la nueva tarjeta de discapacidad","author":{"@id":"https:\/\/www.eldigitaldeasturias.com\/noticias\/author\/admin\/#author"},"publisher":{"@id":"https:\/\/www.eldigitaldeasturias.com\/noticias\/#organization"},"image":{"@type":"ImageObject","url":2874},"datePublished":"2013-09-24T22:55:14+02:00","dateModified":"2013-09-24T22:55:14+02:00","inLanguage":"es-ES","mainEntityOfPage":{"@id":"https:\/\/www.eldigitaldeasturias.com\/noticias\/el-pp-apremia-al-principado-a-poner-en-marcha-la-nueva-tarjeta-de-discapacidad\/#webpage"},"isPartOf":{"@id":"https:\/\/www.eldigitaldeasturias.com\/noticias\/el-pp-apremia-al-principado-a-poner-en-marcha-la-nueva-tarjeta-de-discapacidad\/#webpage"},"articleSection":"Actualidad Asturias"},{"@type":"BreadcrumbList","@id":"https:\/\/www.eldigitaldeasturias.com\/noticias\/el-pp-apremia-al-principado-a-poner-en-marcha-la-nueva-tarjeta-de-discapacidad\/#breadcrumblist","itemListElement":[{"@type":"ListItem","@id":"https:\/\/www.eldigitaldeasturias.com\/noticias#listItem","position":1,"name":"Home","item":"https:\/\/www.eldigitaldeasturias.com\/noticias","nextItem":{"@type":"ListItem","@id":"https:\/\/www.eldigitaldeasturias.com\/noticias\/category\/actualidad-asturias\/#listItem","name":"Actualidad Asturias"}},{"@type":"ListItem","@id":"https:\/\/www.eldigitaldeasturias.com\/noticias\/category\/actualidad-asturias\/#listItem","position":2,"name":"Actualidad Asturias","item":"https:\/\/www.eldigitaldeasturias.com\/noticias\/category\/actualidad-asturias\/","nextItem":{"@type":"ListItem","@id":"https:\/\/www.eldigitaldeasturias.com\/noticias\/el-pp-apremia-al-principado-a-poner-en-marcha-la-nueva-tarjeta-de-discapacidad\/#listItem","name":"El PP apremia al Principado a poner en marcha la nueva tarjeta de discapacidad"},"previousItem":{"@type":"ListItem","@id":"https:\/\/www.eldigitaldeasturias.com\/noticias#listItem","name":"Home"}},{"@type":"ListItem","@id":"https:\/\/www.eldigitaldeasturias.com\/noticias\/el-pp-apremia-al-principado-a-poner-en-marcha-la-nueva-tarjeta-de-discapacidad\/#listItem","position":3,"name":"El PP apremia al Principado a poner en marcha la nueva tarjeta de discapacidad","previousItem":{"@type":"ListItem","@id":"https:\/\/www.eldigitaldeasturias.com\/noticias\/category\/actualidad-asturias\/#listItem","name":"Actualidad Asturias"}}]},{"@type":"Organization","@id":"https:\/\/www.eldigitaldeasturias.com\/noticias\/#organization","name":"El Digital de Asturias","description":"Hemeroteca","url":"https:\/\/www.eldigitaldeasturias.com\/noticias\/","email":"info@eldigitaldeasturias.com","telephone":"+34652131393","logo":{"@type":"ImageObject","url":"https:\/\/www.eldigitaldeasturias.com\/noticias\/wp-content\/uploads\/2020\/12\/EDA.jpg","@id":"https:\/\/www.eldigitaldeasturias.com\/noticias\/el-pp-apremia-al-principado-a-poner-en-marcha-la-nueva-tarjeta-de-discapacidad\/#organizationLogo","width":649,"height":297},"image":{"@id":"https:\/\/www.eldigitaldeasturias.com\/noticias\/el-pp-apremia-al-principado-a-poner-en-marcha-la-nueva-tarjeta-de-discapacidad\/#organizationLogo"},"sameAs":["https:\/\/facebook.com\/eldigitaldeasturias","https:\/\/www.youtube.com\/channel\/UCZP-2wLEB9Rv6erhFmqVnvg"],"address":{"@id":"https:\/\/www.eldigitaldeasturias.com\/noticias\/#postaladdress","@type":"PostalAddress","streetAddress":"san antonio 4,","postalCode":"33430","addressLocality":"Cand\u00e1s","addressRegion":"Asturias","addressCountry":"ES"}},{"@type":"Person","@id":"https:\/\/www.eldigitaldeasturias.com\/noticias\/author\/admin\/#author","url":"https:\/\/www.eldigitaldeasturias.com\/noticias\/author\/admin\/","name":"El Digital de Asturias","image":{"@type":"ImageObject","@id":"https:\/\/www.eldigitaldeasturias.com\/noticias\/el-pp-apremia-al-principado-a-poner-en-marcha-la-nueva-tarjeta-de-discapacidad\/#authorImage","url":"https:\/\/www.eldigitaldeasturias.com\/noticias\/wp-content\/litespeed\/avatar\/18677e78aa0546b92d9dbf31ec7d7668.jpg?ver=1776685526","width":96,"height":96,"caption":"El Digital de Asturias"}},{"@type":"WebPage","@id":"https:\/\/www.eldigitaldeasturias.com\/noticias\/el-pp-apremia-al-principado-a-poner-en-marcha-la-nueva-tarjeta-de-discapacidad\/#webpage","url":"https:\/\/www.eldigitaldeasturias.com\/noticias\/el-pp-apremia-al-principado-a-poner-en-marcha-la-nueva-tarjeta-de-discapacidad\/","name":"El PP apremia al Principado a poner en marcha la nueva tarjeta de discapacidad - El Digital de Asturias","description":"GIJ\u00d3N, 24 Sep. (EUROPA PRESS) - La diputada nacional del PP por Asturias \u00c1ngeles Fern\u00e1ndez-Ah\u00faja ha instado este martes al Principado a poner en marcha en la regi\u00f3n la nueva tarjeta de discapacidad, similar al DNI y que sustituye a la de formato papel en todo el territorio espa\u00f1ol, seg\u00fan una nota de prensa del PP","inLanguage":"es-ES","isPartOf":{"@id":"https:\/\/www.eldigitaldeasturias.com\/noticias\/#website"},"breadcrumb":{"@id":"https:\/\/www.eldigitaldeasturias.com\/noticias\/el-pp-apremia-al-principado-a-poner-en-marcha-la-nueva-tarjeta-de-discapacidad\/#breadcrumblist"},"author":{"@id":"https:\/\/www.eldigitaldeasturias.com\/noticias\/author\/admin\/#author"},"creator":{"@id":"https:\/\/www.eldigitaldeasturias.com\/noticias\/author\/admin\/#author"},"image":{"@type":"ImageObject","url":2874,"@id":"https:\/\/www.eldigitaldeasturias.com\/noticias\/el-pp-apremia-al-principado-a-poner-en-marcha-la-nueva-tarjeta-de-discapacidad\/#mainImage"},"primaryImageOfPage":{"@id":"https:\/\/www.eldigitaldeasturias.com\/noticias\/el-pp-apremia-al-principado-a-poner-en-marcha-la-nueva-tarjeta-de-discapacidad\/#mainImage"},"datePublished":"2013-09-24T22:55:14+02:00","dateModified":"2013-09-24T22:55:14+02:00"},{"@type":"WebSite","@id":"https:\/\/www.eldigitaldeasturias.com\/noticias\/#website","url":"https:\/\/www.eldigitaldeasturias.com\/noticias\/","name":"El Digital de Asturias - Diario de actualidad y noticias","alternateName":"El Digital de Asturias - Diario de actualidad y noticias","description":"Hemeroteca","inLanguage":"es-ES","publisher":{"@id":"https:\/\/www.eldigitaldeasturias.com\/noticias\/#organization"}}]},"og:locale":"es_ES","og:site_name":"El Digital de Asturias","og:type":"article","og:title":"El PP apremia al Principado a poner en marcha la nueva tarjeta de discapacidad - El Digital de Asturias","og:description":"GIJ\u00d3N, 24 Sep. (EUROPA PRESS) - La diputada nacional del PP por Asturias \u00c1ngeles Fern\u00e1ndez-Ah\u00faja ha instado este martes al Principado a poner en marcha en la regi\u00f3n la nueva tarjeta de discapacidad, similar al DNI y que sustituye a la de formato papel en todo el territorio espa\u00f1ol, seg\u00fan una nota de prensa del PP","og:url":"https:\/\/www.eldigitaldeasturias.com\/noticias\/el-pp-apremia-al-principado-a-poner-en-marcha-la-nueva-tarjeta-de-discapacidad\/","article:tag":["actualidad asturias"],"article:published_time":"2013-09-24T22:55:14+00:00","article:modified_time":"2013-09-24T22:55:14+00:00","article:publisher":"https:\/\/facebook.com\/eldigitaldeasturias","twitter:card":"summary_large_image","twitter:title":"El PP apremia al Principado a poner en marcha la nueva tarjeta de discapacidad - El Digital de Asturias","twitter:description":"GIJ\u00d3N, 24 Sep. (EUROPA PRESS) - La diputada nacional del PP por Asturias \u00c1ngeles Fern\u00e1ndez-Ah\u00faja ha instado este martes al Principado a poner en marcha en la regi\u00f3n la nueva tarjeta de discapacidad, similar al DNI y que sustituye a la de formato papel en todo el territorio espa\u00f1ol, seg\u00fan una nota de prensa del PP","twitter:label1":"Escrito por","twitter:data1":"El Digital de Asturias","twitter:label2":"Tiempo de lectura estimado","twitter:data2":"1 minuto"},"aioseo_meta_data":{"post_id":"2873","title":null,"description":null,"keywords":null,"keyphrases":null,"primary_term":null,"canonical_url":null,"og_title":null,"og_description":null,"og_object_type":"default","og_image_type":"default","og_image_url":null,"og_image_width":null,"og_image_height":null,"og_image_custom_url":null,"og_image_custom_fields":null,"og_video":null,"og_custom_url":null,"og_article_section":null,"og_article_tags":null,"twitter_use_og":true,"twitter_card":"default","twitter_image_type":"default","twitter_image_url":null,"twitter_image_custom_url":null,"twitter_image_custom_fields":null,"twitter_title":null,"twitter_description":null,"schema":{"blockGraphs":[],"customGraphs":[],"default":{"data":{"Article":[],"Course":[],"Dataset":[],"FAQPage":[],"Movie":[],"Person":[],"Product":[],"ProductReview":[],"Car":[],"Recipe":[],"Service":[],"SoftwareApplication":[],"WebPage":[]},"graphName":"","isEnabled":true},"graphs":[],"defaultGraph":"","defaultPostTypeGraph":""},"schema_type":null,"schema_type_options":null,"pillar_content":false,"robots_default":true,"robots_noindex":false,"robots_noarchive":false,"robots_nosnippet":false,"robots_nofollow":false,"robots_noimageindex":false,"robots_noodp":false,"robots_notranslate":false,"robots_max_snippet":null,"robots_max_videopreview":null,"robots_max_imagepreview":"none","priority":null,"frequency":null,"local_seo":null,"seo_analyzer_scan_date":"2025-08-21 05:08:50","breadcrumb_settings":null,"limit_modified_date":false,"open_ai":null,"ai":null,"created":"2020-11-14 22:37:00","updated":"2025-08-21 05:08:50"},"aioseo_breadcrumb":"<div class=\"aioseo-breadcrumbs\"><span class=\"aioseo-breadcrumb\">\n\t<a href=\"https:\/\/www.eldigitaldeasturias.com\/noticias\" title=\"Home\">Home<\/a>\n<\/span><span class=\"aioseo-breadcrumb-separator\">\u2013<\/span><span class=\"aioseo-breadcrumb\">\n\t<a href=\"https:\/\/www.eldigitaldeasturias.com\/noticias\/category\/actualidad-asturias\/\" title=\"Actualidad Asturias\">Actualidad Asturias<\/a>\n<\/span><span class=\"aioseo-breadcrumb-separator\">\u2013<\/span><span class=\"aioseo-breadcrumb\">\n\t<a href=\"https:\/\/www.eldigitaldeasturias.com\/noticias\/el-pp-apremia-al-principado-a-poner-en-marcha-la-nueva-tarjeta-de-discapacidad\/\" title=\"El PP apremia al Principado a poner en marcha la nueva tarjeta de discapacidad\">El PP apremia al Principado a poner en marcha la nueva tarjeta de discapacidad<\/a>\n<\/span><\/div>","aioseo_breadcrumb_json":[{"label":"Home","link":"https:\/\/www.eldigitaldeasturias.com\/noticias"},{"label":"Actualidad Asturias","link":"https:\/\/www.eldigitaldeasturias.com\/noticias\/category\/actualidad-asturias\/"},{"label":"El PP apremia al Principado a poner en marcha la nueva tarjeta de discapacidad","link":"https:\/\/www.eldigitaldeasturias.com\/noticias\/el-pp-apremia-al-principado-a-poner-en-marcha-la-nueva-tarjeta-de-discapacidad\/"}],"_links":{"self":[{"href":"https:\/\/www.eldigitaldeasturias.com\/noticias\/wp-json\/wp\/v2\/posts\/2873","targetHints":{"allow":["GET"]}}],"collection":[{"href":"https:\/\/www.eldigitaldeasturias.com\/noticias\/wp-json\/wp\/v2\/posts"}],"about":[{"href":"https:\/\/www.eldigitaldeasturias.com\/noticias\/wp-json\/wp\/v2\/types\/post"}],"author":[{"embeddable":true,"href":"https:\/\/www.eldigitaldeasturias.com\/noticias\/wp-json\/wp\/v2\/users\/1"}],"replies":[{"embeddable":true,"href":"https:\/\/www.eldigitaldeasturias.com\/noticias\/wp-json\/wp\/v2\/comments?post=2873"}],"version-history":[{"count":0,"href":"https:\/\/www.eldigitaldeasturias.com\/noticias\/wp-json\/wp\/v2\/posts\/2873\/revisions"}],"wp:featuredmedia":[{"embeddable":true,"href":"https:\/\/www.eldigitaldeasturias.com\/noticias\/wp-json\/"}],"wp:attachment":[{"href":"https:\/\/www.eldigitaldeasturias.com\/noticias\/wp-json\/wp\/v2\/media?parent=2873"}],"wp:term":[{"taxonomy":"category","embeddable":true,"href":"https:\/\/www.eldigitaldeasturias.com\/noticias\/wp-json\/wp\/v2\/categories?post=2873"},{"taxonomy":"post_tag","embeddable":true,"href":"https:\/\/www.eldigitaldeasturias.com\/noticias\/wp-json\/wp\/v2\/tags?post=2873"}],"curies":[{"name":"wp","href":"https:\/\/api.w.org\/{rel}","templated":true}]}}