{"id":2866,"date":"2013-09-24T22:44:36","date_gmt":"2013-09-24T22:44:36","guid":{"rendered":"http:\/\/www.eldigitaldeasturias.com\/noticias\/?p=2866"},"modified":"2013-09-24T22:44:36","modified_gmt":"2013-09-24T22:44:36","slug":"llamazares-critica-a-fomento-por-generar-confusion-con-la-informacion-sobre-la-llegada-del-ave-a-asturias","status":"publish","type":"post","link":"https:\/\/www.eldigitaldeasturias.com\/noticias\/llamazares-critica-a-fomento-por-generar-confusion-con-la-informacion-sobre-la-llegada-del-ave-a-asturias\/","title":{"rendered":"Llamazares critica a Fomento por \u00abgenerar confusi\u00f3n\u00bb con la informaci\u00f3n sobre la llegada del AVE a Asturias"},"content":{"rendered":"<p><img loading=\"lazy\" decoding=\"async\" class=\"alignleft size-full wp-image-2867\" alt=\"llamazares\" src=\"https:\/\/www.eldigitaldeasturias.com\/noticias\/wp-content\/uploads\/2013\/09\/llamazares.jpg\" width=\"350\" height=\"262\" \/>OVIEDO, 24 Sep. (EUROPA PRESS) &#8211;\u00a0El diputado de IU por Asturias en el Congreso, Gaspar Llamazares, ha criticado este martes al Ministerio de Fomento por \u00abgenerar confusi\u00f3n\u00bb con la informaci\u00f3n sobre la llegada del AVE a Asturias.<\/p>\n<p>As\u00ed, reprocha \u00abla falta de concreci\u00f3n de las respuestas parlamentarias sobre las infraestructuras ferroviarias y su calendario y el intento gubernamental de introducir m\u00e1s confusi\u00f3n\u00bb.<\/p>\n<p>Seg\u00fan indican desde IU en nota de prensa, cuando Llamazares pregunt\u00f3 en qu\u00e9 estado se encuentra el proyecto y la obra del AVE en el tramo Pola de Lena Gij\u00f3n, el Gobierno respondi\u00f3 que \u00abel Estudio Informativo de la L\u00ednea Alta Velocidad a Asturias en su tramo asturiano est\u00e1 en redacci\u00f3n, siendo objeto de replanteamiento dentro del nuevo marco de planificaci\u00f3n establecido en el Plan de Infraestructuras, Transporte y Vivienda 2012-2024, con dos objetivos principales: por un lado acompasar mejor la actuaci\u00f3n a criterios de eficiencia y disponibilidad de recursos y, por otro, incorporar el acceso a Avil\u00e9s, ya que \u00fanicamente se centraba en el eje Pola de Lena-Oviedo-Gij\u00f3n\u00bb.<\/p>\n<p>A su vez, el Ejecutivo apuntaba que \u00abel PITVI se encuentra en estado de tramitaci\u00f3n de impacto ambiental y, en funci\u00f3n del estado de este procedimiento, Fomento llevar\u00e1 a cabo el tr\u00e1mite de Informaci\u00f3n P\u00fablica del Plan y de su Informe de Sostenibilidad Ambiental\u00bb.<\/p>\n<p>El diputado asturiano tambi\u00e9n demand\u00f3 respuestas a qu\u00e9 medidas piensa tomar el Gobierno para suprimir el fondo de saco de Le\u00f3n, que, a su juicio, penaliza a los viajeros de los trenes a Asturias con media hora de retraso.<\/p>\n<p>La respuesta se\u00f1ala que se ha constituido \u00abun grupo de trabajo t\u00e9cnico entre las administraciones implicadas en la operaci\u00f3n de integraci\u00f3n (Ministerio de Fomento, Junta de Castilla y Le\u00f3n y Ayuntamientos de Le\u00f3n y San Andr\u00e9s de Rabanedo) para buscar una soluci\u00f3n viable t\u00e9cnica y econ\u00f3micamente, entre cuyas premisas estar\u00e1 permitir la continuidad de la l\u00ednea hacia Asturias\u00bb.<\/p>\n<p>\u00abEsta comisi\u00f3n tiene toda la pinta de buscar una soluci\u00f3n urban\u00edstica para Le\u00f3n pero no para el retraso de media hora que tienen pr\u00e1cticamente todas las conexiones ferroviarias\u00bb, dice Llamazares al mismo tiempo que sostiene que \u00abel Gobierno confunde para eludir lo fundamental, la falta de prioridad pol\u00edtica y presupuestaria y en relaci\u00f3n al fondo de saco, en vez de incrementar el n\u00famero de trenes con v\u00eda directa a Asturias, crea una comisi\u00f3n. Fomento se destaca m\u00e1s por confundir que por aclarar las comunicaciones ferroviarias con Asturias\u00bb.<\/p>\n<p>En cuanto al tramo Le\u00f3n-La Robla, el Gobierno explica que \u00abest\u00e1 pendiente la redacci\u00f3n de los proyectos para su adaptaci\u00f3n a las caracter\u00edsticas del resto del corredor\u00bb, seg\u00fan se\u00f1alan desde IU.<\/p>\n<p>\u00abNada dice de si piensa activar el expediente en tiempo \u00fatil para poder recibir la cofinanciaci\u00f3n de la Uni\u00f3n Europea a que tiene derecho por la ejecuci\u00f3n del tramo Pola de Lena-Gij\u00f3n, ni de cuando piensa el Gobierno acondicionar el tramo Le\u00f3n-La Robla en ancho internacional, ni cuando piensa abrir los dos t\u00faneles de la variante de Pajares con este ancho, ni cu\u00e1ndo acondicionar\u00e1 el trazado actual entre Lena y Gij\u00f3n para que el AVE pueda alcanzar las estaciones de Lena, Mieres, Oviedo, Gij\u00f3n y Avil\u00e9s\u00bb, apuntilla.<\/p>\n<p>LA VARIANTE<\/p>\n<p>Adem\u00e1s, la variante de Pajares tendr\u00e1 una v\u00eda en ancho ib\u00e9rico, al menos de forma provisional, seg\u00fan el Senador de IU Jes\u00fas Iglesias, quien ha advertido \u00abde los peligros de esta soluci\u00f3n que permitir\u00e1 dar respuesta a los tr\u00e1ficos a los puertos asturianos, pero que puede convertirse en definitiva\u00bb.<\/p>\n<p>La respuesta del Ministerio de Fomento al senador de IU se\u00f1ala \u00abcu\u00e1l va a ser el mecanismo que se va a utilizar para garantizar el tr\u00e1fico mixto de viajeros y de mercanc\u00edas por los t\u00faneles de la variante\u00bb.<\/p>\n<p>\u00abNosotros hemos reivindicado frente a otras fuerzas pol\u00edticas la necesidad de ese tr\u00e1fico mixto y la soluci\u00f3n que plantea el Ministerio es que la equipaci\u00f3n que se va a hacer de la Variante va a ser con v\u00edas de ancho ib\u00e9rico, que se instalar\u00e1n sobre unas traviesas de que, en el futuro, se pueda cambiar esa instalaci\u00f3n hacia un ancho internacional, pero que en estos momentos el ancho ib\u00e9rico es el que garantiza la posibilidad de dar un mejor servicio y conexi\u00f3n a los puertos asturianos, lo cual es cierto\u00bb, afirma Iglesias.<\/p>\n<p>Sin embargo, el senador de IU ha mostrado su preocupaci\u00f3n porque esta soluci\u00f3n provisional se convierta en definitiva. \u00abEl riesgo de esa f\u00f3rmula es que ese cambio futuro hacia el ancho internacional nunca se vaya a producir y, como en alg\u00fan momento hemos reflexionado en voz alta, se d\u00e9 una situaci\u00f3n en la que la alta velocidad como mucho llegue a La Robla, como mucho, s\u00f3lo a Le\u00f3n\u00bb, ha concluido.<\/p>\n","protected":false},"excerpt":{"rendered":"<p>OVIEDO, 24 Sep. (EUROPA PRESS) &#8211;\u00a0El diputado de IU por Asturias en el Congreso, Gaspar Llamazares, ha criticado este martes al Ministerio de Fomento por \u00abgenerar confusi\u00f3n\u00bb con la informaci\u00f3n sobre la llegada del AVE a Asturias. As\u00ed, reprocha \u00abla falta de concreci\u00f3n de las respuestas parlamentarias sobre las infraestructuras ferroviarias y su calendario y [&hellip;]<\/p>\n","protected":false},"author":1,"featured_media":2867,"comment_status":"open","ping_status":"open","sticky":false,"template":"","format":"standard","meta":{"footnotes":""},"categories":[12],"tags":[],"class_list":["post-2866","post","type-post","status-publish","format-standard","has-post-thumbnail","hentry","category-actualidad-asturias"],"aioseo_notices":[],"aioseo_head":"\n\t\t<!-- All in One SEO Pro 4.9.6.2 - aioseo.com -->\n\t<meta name=\"description\" content=\"OVIEDO, 24 Sep. (EUROPA PRESS) - El diputado de IU por Asturias en el Congreso, Gaspar Llamazares, ha criticado este martes al Ministerio de Fomento por &quot;generar confusi\u00f3n&quot; con la informaci\u00f3n sobre la llegada del AVE a Asturias. As\u00ed, reprocha &quot;la falta de concreci\u00f3n de las respuestas parlamentarias sobre las infraestructuras ferroviarias y su calendario y\" \/>\n\t<meta name=\"robots\" content=\"max-image-preview:large\" \/>\n\t<meta name=\"author\" content=\"El Digital de Asturias\"\/>\n\t<meta name=\"google-site-verification\" content=\"UA-38556648-1\" \/>\n\t<meta name=\"msvalidate.01\" content=\"7dfe9f3f1b24437ab69f4f2559babe99\" \/>\n\t<meta name=\"keywords\" content=\"actualidad asturias\" \/>\n\t<link rel=\"canonical\" href=\"https:\/\/www.eldigitaldeasturias.com\/noticias\/llamazares-critica-a-fomento-por-generar-confusion-con-la-informacion-sobre-la-llegada-del-ave-a-asturias\/\" \/>\n\t<meta name=\"generator\" content=\"All in One SEO Pro (AIOSEO) 4.9.6.2\" \/>\n\t\t<meta property=\"og:locale\" content=\"es_ES\" \/>\n\t\t<meta property=\"og:site_name\" content=\"El Digital de Asturias\" \/>\n\t\t<meta property=\"og:type\" content=\"article\" \/>\n\t\t<meta property=\"og:title\" content=\"Llamazares critica a Fomento por \u00abgenerar confusi\u00f3n\u00bb con la informaci\u00f3n sobre la llegada del AVE a Asturias - El Digital de Asturias\" \/>\n\t\t<meta property=\"og:description\" content=\"OVIEDO, 24 Sep. (EUROPA PRESS) - El diputado de IU por Asturias en el Congreso, Gaspar Llamazares, ha criticado este martes al Ministerio de Fomento por &quot;generar confusi\u00f3n&quot; con la informaci\u00f3n sobre la llegada del AVE a Asturias. As\u00ed, reprocha &quot;la falta de concreci\u00f3n de las respuestas parlamentarias sobre las infraestructuras ferroviarias y su calendario y\" \/>\n\t\t<meta property=\"og:url\" content=\"https:\/\/www.eldigitaldeasturias.com\/noticias\/llamazares-critica-a-fomento-por-generar-confusion-con-la-informacion-sobre-la-llegada-del-ave-a-asturias\/\" \/>\n\t\t<meta property=\"article:tag\" content=\"actualidad asturias\" \/>\n\t\t<meta property=\"article:published_time\" content=\"2013-09-24T22:44:36+00:00\" \/>\n\t\t<meta property=\"article:modified_time\" content=\"2013-09-24T22:44:36+00:00\" \/>\n\t\t<meta property=\"article:publisher\" content=\"https:\/\/facebook.com\/eldigitaldeasturias\" \/>\n\t\t<meta name=\"twitter:card\" content=\"summary_large_image\" \/>\n\t\t<meta name=\"twitter:title\" content=\"Llamazares critica a Fomento por \u00abgenerar confusi\u00f3n\u00bb con la informaci\u00f3n sobre la llegada del AVE a Asturias - El Digital de Asturias\" \/>\n\t\t<meta name=\"twitter:description\" content=\"OVIEDO, 24 Sep. (EUROPA PRESS) - El diputado de IU por Asturias en el Congreso, Gaspar Llamazares, ha criticado este martes al Ministerio de Fomento por &quot;generar confusi\u00f3n&quot; con la informaci\u00f3n sobre la llegada del AVE a Asturias. As\u00ed, reprocha &quot;la falta de concreci\u00f3n de las respuestas parlamentarias sobre las infraestructuras ferroviarias y su calendario y\" \/>\n\t\t<meta name=\"twitter:label1\" content=\"Escrito por\" \/>\n\t\t<meta name=\"twitter:data1\" content=\"El Digital de Asturias\" \/>\n\t\t<meta name=\"twitter:label2\" content=\"Tiempo de lectura estimado\" \/>\n\t\t<meta name=\"twitter:data2\" content=\"4 minutos\" \/>\n\t\t<script type=\"application\/ld+json\" class=\"aioseo-schema\">\n\t\t\t{\"@context\":\"https:\\\/\\\/schema.org\",\"@graph\":[{\"@type\":\"BlogPosting\",\"@id\":\"https:\\\/\\\/www.eldigitaldeasturias.com\\\/noticias\\\/llamazares-critica-a-fomento-por-generar-confusion-con-la-informacion-sobre-la-llegada-del-ave-a-asturias\\\/#blogposting\",\"name\":\"Llamazares critica a Fomento por \\u00abgenerar confusi\\u00f3n\\u00bb con la informaci\\u00f3n sobre la llegada del AVE a Asturias - El Digital de Asturias\",\"headline\":\"Llamazares critica a Fomento por \\u00abgenerar confusi\\u00f3n\\u00bb con la informaci\\u00f3n sobre la llegada del AVE a Asturias\",\"author\":{\"@id\":\"https:\\\/\\\/www.eldigitaldeasturias.com\\\/noticias\\\/author\\\/admin\\\/#author\"},\"publisher\":{\"@id\":\"https:\\\/\\\/www.eldigitaldeasturias.com\\\/noticias\\\/#organization\"},\"image\":{\"@type\":\"ImageObject\",\"url\":2867},\"datePublished\":\"2013-09-24T22:44:36+02:00\",\"dateModified\":\"2013-09-24T22:44:36+02:00\",\"inLanguage\":\"es-ES\",\"mainEntityOfPage\":{\"@id\":\"https:\\\/\\\/www.eldigitaldeasturias.com\\\/noticias\\\/llamazares-critica-a-fomento-por-generar-confusion-con-la-informacion-sobre-la-llegada-del-ave-a-asturias\\\/#webpage\"},\"isPartOf\":{\"@id\":\"https:\\\/\\\/www.eldigitaldeasturias.com\\\/noticias\\\/llamazares-critica-a-fomento-por-generar-confusion-con-la-informacion-sobre-la-llegada-del-ave-a-asturias\\\/#webpage\"},\"articleSection\":\"Actualidad Asturias\"},{\"@type\":\"BreadcrumbList\",\"@id\":\"https:\\\/\\\/www.eldigitaldeasturias.com\\\/noticias\\\/llamazares-critica-a-fomento-por-generar-confusion-con-la-informacion-sobre-la-llegada-del-ave-a-asturias\\\/#breadcrumblist\",\"itemListElement\":[{\"@type\":\"ListItem\",\"@id\":\"https:\\\/\\\/www.eldigitaldeasturias.com\\\/noticias#listItem\",\"position\":1,\"name\":\"Home\",\"item\":\"https:\\\/\\\/www.eldigitaldeasturias.com\\\/noticias\",\"nextItem\":{\"@type\":\"ListItem\",\"@id\":\"https:\\\/\\\/www.eldigitaldeasturias.com\\\/noticias\\\/category\\\/actualidad-asturias\\\/#listItem\",\"name\":\"Actualidad Asturias\"}},{\"@type\":\"ListItem\",\"@id\":\"https:\\\/\\\/www.eldigitaldeasturias.com\\\/noticias\\\/category\\\/actualidad-asturias\\\/#listItem\",\"position\":2,\"name\":\"Actualidad Asturias\",\"item\":\"https:\\\/\\\/www.eldigitaldeasturias.com\\\/noticias\\\/category\\\/actualidad-asturias\\\/\",\"nextItem\":{\"@type\":\"ListItem\",\"@id\":\"https:\\\/\\\/www.eldigitaldeasturias.com\\\/noticias\\\/llamazares-critica-a-fomento-por-generar-confusion-con-la-informacion-sobre-la-llegada-del-ave-a-asturias\\\/#listItem\",\"name\":\"Llamazares critica a Fomento por \\u00abgenerar confusi\\u00f3n\\u00bb con la informaci\\u00f3n sobre la llegada del AVE a Asturias\"},\"previousItem\":{\"@type\":\"ListItem\",\"@id\":\"https:\\\/\\\/www.eldigitaldeasturias.com\\\/noticias#listItem\",\"name\":\"Home\"}},{\"@type\":\"ListItem\",\"@id\":\"https:\\\/\\\/www.eldigitaldeasturias.com\\\/noticias\\\/llamazares-critica-a-fomento-por-generar-confusion-con-la-informacion-sobre-la-llegada-del-ave-a-asturias\\\/#listItem\",\"position\":3,\"name\":\"Llamazares critica a Fomento por \\u00abgenerar confusi\\u00f3n\\u00bb con la informaci\\u00f3n sobre la llegada del AVE a Asturias\",\"previousItem\":{\"@type\":\"ListItem\",\"@id\":\"https:\\\/\\\/www.eldigitaldeasturias.com\\\/noticias\\\/category\\\/actualidad-asturias\\\/#listItem\",\"name\":\"Actualidad Asturias\"}}]},{\"@type\":\"Organization\",\"@id\":\"https:\\\/\\\/www.eldigitaldeasturias.com\\\/noticias\\\/#organization\",\"name\":\"El Digital de Asturias\",\"description\":\"Hemeroteca\",\"url\":\"https:\\\/\\\/www.eldigitaldeasturias.com\\\/noticias\\\/\",\"email\":\"info@eldigitaldeasturias.com\",\"telephone\":\"+34652131393\",\"logo\":{\"@type\":\"ImageObject\",\"url\":\"https:\\\/\\\/www.eldigitaldeasturias.com\\\/noticias\\\/wp-content\\\/uploads\\\/2020\\\/12\\\/EDA.jpg\",\"@id\":\"https:\\\/\\\/www.eldigitaldeasturias.com\\\/noticias\\\/llamazares-critica-a-fomento-por-generar-confusion-con-la-informacion-sobre-la-llegada-del-ave-a-asturias\\\/#organizationLogo\",\"width\":649,\"height\":297},\"image\":{\"@id\":\"https:\\\/\\\/www.eldigitaldeasturias.com\\\/noticias\\\/llamazares-critica-a-fomento-por-generar-confusion-con-la-informacion-sobre-la-llegada-del-ave-a-asturias\\\/#organizationLogo\"},\"sameAs\":[\"https:\\\/\\\/facebook.com\\\/eldigitaldeasturias\",\"https:\\\/\\\/www.youtube.com\\\/channel\\\/UCZP-2wLEB9Rv6erhFmqVnvg\"],\"address\":{\"@id\":\"https:\\\/\\\/www.eldigitaldeasturias.com\\\/noticias\\\/#postaladdress\",\"@type\":\"PostalAddress\",\"streetAddress\":\"san antonio 4,\",\"postalCode\":\"33430\",\"addressLocality\":\"Cand\\u00e1s\",\"addressRegion\":\"Asturias\",\"addressCountry\":\"ES\"}},{\"@type\":\"Person\",\"@id\":\"https:\\\/\\\/www.eldigitaldeasturias.com\\\/noticias\\\/author\\\/admin\\\/#author\",\"url\":\"https:\\\/\\\/www.eldigitaldeasturias.com\\\/noticias\\\/author\\\/admin\\\/\",\"name\":\"El Digital de Asturias\",\"image\":{\"@type\":\"ImageObject\",\"@id\":\"https:\\\/\\\/www.eldigitaldeasturias.com\\\/noticias\\\/llamazares-critica-a-fomento-por-generar-confusion-con-la-informacion-sobre-la-llegada-del-ave-a-asturias\\\/#authorImage\",\"url\":\"https:\\\/\\\/www.eldigitaldeasturias.com\\\/noticias\\\/wp-content\\\/litespeed\\\/avatar\\\/18677e78aa0546b92d9dbf31ec7d7668.jpg?ver=1776685526\",\"width\":96,\"height\":96,\"caption\":\"El Digital de Asturias\"}},{\"@type\":\"WebPage\",\"@id\":\"https:\\\/\\\/www.eldigitaldeasturias.com\\\/noticias\\\/llamazares-critica-a-fomento-por-generar-confusion-con-la-informacion-sobre-la-llegada-del-ave-a-asturias\\\/#webpage\",\"url\":\"https:\\\/\\\/www.eldigitaldeasturias.com\\\/noticias\\\/llamazares-critica-a-fomento-por-generar-confusion-con-la-informacion-sobre-la-llegada-del-ave-a-asturias\\\/\",\"name\":\"Llamazares critica a Fomento por \\u00abgenerar confusi\\u00f3n\\u00bb con la informaci\\u00f3n sobre la llegada del AVE a Asturias - El Digital de Asturias\",\"description\":\"OVIEDO, 24 Sep. (EUROPA PRESS) - El diputado de IU por Asturias en el Congreso, Gaspar Llamazares, ha criticado este martes al Ministerio de Fomento por \\\"generar confusi\\u00f3n\\\" con la informaci\\u00f3n sobre la llegada del AVE a Asturias. As\\u00ed, reprocha \\\"la falta de concreci\\u00f3n de las respuestas parlamentarias sobre las infraestructuras ferroviarias y su calendario y\",\"inLanguage\":\"es-ES\",\"isPartOf\":{\"@id\":\"https:\\\/\\\/www.eldigitaldeasturias.com\\\/noticias\\\/#website\"},\"breadcrumb\":{\"@id\":\"https:\\\/\\\/www.eldigitaldeasturias.com\\\/noticias\\\/llamazares-critica-a-fomento-por-generar-confusion-con-la-informacion-sobre-la-llegada-del-ave-a-asturias\\\/#breadcrumblist\"},\"author\":{\"@id\":\"https:\\\/\\\/www.eldigitaldeasturias.com\\\/noticias\\\/author\\\/admin\\\/#author\"},\"creator\":{\"@id\":\"https:\\\/\\\/www.eldigitaldeasturias.com\\\/noticias\\\/author\\\/admin\\\/#author\"},\"image\":{\"@type\":\"ImageObject\",\"url\":2867,\"@id\":\"https:\\\/\\\/www.eldigitaldeasturias.com\\\/noticias\\\/llamazares-critica-a-fomento-por-generar-confusion-con-la-informacion-sobre-la-llegada-del-ave-a-asturias\\\/#mainImage\"},\"primaryImageOfPage\":{\"@id\":\"https:\\\/\\\/www.eldigitaldeasturias.com\\\/noticias\\\/llamazares-critica-a-fomento-por-generar-confusion-con-la-informacion-sobre-la-llegada-del-ave-a-asturias\\\/#mainImage\"},\"datePublished\":\"2013-09-24T22:44:36+02:00\",\"dateModified\":\"2013-09-24T22:44:36+02:00\"},{\"@type\":\"WebSite\",\"@id\":\"https:\\\/\\\/www.eldigitaldeasturias.com\\\/noticias\\\/#website\",\"url\":\"https:\\\/\\\/www.eldigitaldeasturias.com\\\/noticias\\\/\",\"name\":\"El Digital de Asturias - Diario de actualidad y noticias\",\"alternateName\":\"El Digital de Asturias - Diario de actualidad y noticias\",\"description\":\"Hemeroteca\",\"inLanguage\":\"es-ES\",\"publisher\":{\"@id\":\"https:\\\/\\\/www.eldigitaldeasturias.com\\\/noticias\\\/#organization\"}}]}\n\t\t<\/script>\n\t\t<!-- All in One SEO Pro -->\r\n\t\t<title>Llamazares critica a Fomento por \u00abgenerar confusi\u00f3n\u00bb con la informaci\u00f3n sobre la llegada del AVE a Asturias - El Digital de Asturias<\/title>\n\n","aioseo_head_json":{"title":"Llamazares critica a Fomento por \u00abgenerar confusi\u00f3n\u00bb con la informaci\u00f3n sobre la llegada del AVE a Asturias - El Digital de Asturias","description":"OVIEDO, 24 Sep. (EUROPA PRESS) - El diputado de IU por Asturias en el Congreso, Gaspar Llamazares, ha criticado este martes al Ministerio de Fomento por \"generar confusi\u00f3n\" con la informaci\u00f3n sobre la llegada del AVE a Asturias. As\u00ed, reprocha \"la falta de concreci\u00f3n de las respuestas parlamentarias sobre las infraestructuras ferroviarias y su calendario y","canonical_url":"https:\/\/www.eldigitaldeasturias.com\/noticias\/llamazares-critica-a-fomento-por-generar-confusion-con-la-informacion-sobre-la-llegada-del-ave-a-asturias\/","robots":"max-image-preview:large","keywords":"actualidad asturias","webmasterTools":{"google-site-verification":"UA-38556648-1","msvalidate.01":"7dfe9f3f1b24437ab69f4f2559babe99","miscellaneous":""},"schema":{"@context":"https:\/\/schema.org","@graph":[{"@type":"BlogPosting","@id":"https:\/\/www.eldigitaldeasturias.com\/noticias\/llamazares-critica-a-fomento-por-generar-confusion-con-la-informacion-sobre-la-llegada-del-ave-a-asturias\/#blogposting","name":"Llamazares critica a Fomento por \u00abgenerar confusi\u00f3n\u00bb con la informaci\u00f3n sobre la llegada del AVE a Asturias - El Digital de Asturias","headline":"Llamazares critica a Fomento por \u00abgenerar confusi\u00f3n\u00bb con la informaci\u00f3n sobre la llegada del AVE a Asturias","author":{"@id":"https:\/\/www.eldigitaldeasturias.com\/noticias\/author\/admin\/#author"},"publisher":{"@id":"https:\/\/www.eldigitaldeasturias.com\/noticias\/#organization"},"image":{"@type":"ImageObject","url":2867},"datePublished":"2013-09-24T22:44:36+02:00","dateModified":"2013-09-24T22:44:36+02:00","inLanguage":"es-ES","mainEntityOfPage":{"@id":"https:\/\/www.eldigitaldeasturias.com\/noticias\/llamazares-critica-a-fomento-por-generar-confusion-con-la-informacion-sobre-la-llegada-del-ave-a-asturias\/#webpage"},"isPartOf":{"@id":"https:\/\/www.eldigitaldeasturias.com\/noticias\/llamazares-critica-a-fomento-por-generar-confusion-con-la-informacion-sobre-la-llegada-del-ave-a-asturias\/#webpage"},"articleSection":"Actualidad Asturias"},{"@type":"BreadcrumbList","@id":"https:\/\/www.eldigitaldeasturias.com\/noticias\/llamazares-critica-a-fomento-por-generar-confusion-con-la-informacion-sobre-la-llegada-del-ave-a-asturias\/#breadcrumblist","itemListElement":[{"@type":"ListItem","@id":"https:\/\/www.eldigitaldeasturias.com\/noticias#listItem","position":1,"name":"Home","item":"https:\/\/www.eldigitaldeasturias.com\/noticias","nextItem":{"@type":"ListItem","@id":"https:\/\/www.eldigitaldeasturias.com\/noticias\/category\/actualidad-asturias\/#listItem","name":"Actualidad Asturias"}},{"@type":"ListItem","@id":"https:\/\/www.eldigitaldeasturias.com\/noticias\/category\/actualidad-asturias\/#listItem","position":2,"name":"Actualidad Asturias","item":"https:\/\/www.eldigitaldeasturias.com\/noticias\/category\/actualidad-asturias\/","nextItem":{"@type":"ListItem","@id":"https:\/\/www.eldigitaldeasturias.com\/noticias\/llamazares-critica-a-fomento-por-generar-confusion-con-la-informacion-sobre-la-llegada-del-ave-a-asturias\/#listItem","name":"Llamazares critica a Fomento por \u00abgenerar confusi\u00f3n\u00bb con la informaci\u00f3n sobre la llegada del AVE a Asturias"},"previousItem":{"@type":"ListItem","@id":"https:\/\/www.eldigitaldeasturias.com\/noticias#listItem","name":"Home"}},{"@type":"ListItem","@id":"https:\/\/www.eldigitaldeasturias.com\/noticias\/llamazares-critica-a-fomento-por-generar-confusion-con-la-informacion-sobre-la-llegada-del-ave-a-asturias\/#listItem","position":3,"name":"Llamazares critica a Fomento por \u00abgenerar confusi\u00f3n\u00bb con la informaci\u00f3n sobre la llegada del AVE a Asturias","previousItem":{"@type":"ListItem","@id":"https:\/\/www.eldigitaldeasturias.com\/noticias\/category\/actualidad-asturias\/#listItem","name":"Actualidad Asturias"}}]},{"@type":"Organization","@id":"https:\/\/www.eldigitaldeasturias.com\/noticias\/#organization","name":"El Digital de Asturias","description":"Hemeroteca","url":"https:\/\/www.eldigitaldeasturias.com\/noticias\/","email":"info@eldigitaldeasturias.com","telephone":"+34652131393","logo":{"@type":"ImageObject","url":"https:\/\/www.eldigitaldeasturias.com\/noticias\/wp-content\/uploads\/2020\/12\/EDA.jpg","@id":"https:\/\/www.eldigitaldeasturias.com\/noticias\/llamazares-critica-a-fomento-por-generar-confusion-con-la-informacion-sobre-la-llegada-del-ave-a-asturias\/#organizationLogo","width":649,"height":297},"image":{"@id":"https:\/\/www.eldigitaldeasturias.com\/noticias\/llamazares-critica-a-fomento-por-generar-confusion-con-la-informacion-sobre-la-llegada-del-ave-a-asturias\/#organizationLogo"},"sameAs":["https:\/\/facebook.com\/eldigitaldeasturias","https:\/\/www.youtube.com\/channel\/UCZP-2wLEB9Rv6erhFmqVnvg"],"address":{"@id":"https:\/\/www.eldigitaldeasturias.com\/noticias\/#postaladdress","@type":"PostalAddress","streetAddress":"san antonio 4,","postalCode":"33430","addressLocality":"Cand\u00e1s","addressRegion":"Asturias","addressCountry":"ES"}},{"@type":"Person","@id":"https:\/\/www.eldigitaldeasturias.com\/noticias\/author\/admin\/#author","url":"https:\/\/www.eldigitaldeasturias.com\/noticias\/author\/admin\/","name":"El Digital de Asturias","image":{"@type":"ImageObject","@id":"https:\/\/www.eldigitaldeasturias.com\/noticias\/llamazares-critica-a-fomento-por-generar-confusion-con-la-informacion-sobre-la-llegada-del-ave-a-asturias\/#authorImage","url":"https:\/\/www.eldigitaldeasturias.com\/noticias\/wp-content\/litespeed\/avatar\/18677e78aa0546b92d9dbf31ec7d7668.jpg?ver=1776685526","width":96,"height":96,"caption":"El Digital de Asturias"}},{"@type":"WebPage","@id":"https:\/\/www.eldigitaldeasturias.com\/noticias\/llamazares-critica-a-fomento-por-generar-confusion-con-la-informacion-sobre-la-llegada-del-ave-a-asturias\/#webpage","url":"https:\/\/www.eldigitaldeasturias.com\/noticias\/llamazares-critica-a-fomento-por-generar-confusion-con-la-informacion-sobre-la-llegada-del-ave-a-asturias\/","name":"Llamazares critica a Fomento por \u00abgenerar confusi\u00f3n\u00bb con la informaci\u00f3n sobre la llegada del AVE a Asturias - El Digital de Asturias","description":"OVIEDO, 24 Sep. (EUROPA PRESS) - El diputado de IU por Asturias en el Congreso, Gaspar Llamazares, ha criticado este martes al Ministerio de Fomento por \"generar confusi\u00f3n\" con la informaci\u00f3n sobre la llegada del AVE a Asturias. As\u00ed, reprocha \"la falta de concreci\u00f3n de las respuestas parlamentarias sobre las infraestructuras ferroviarias y su calendario y","inLanguage":"es-ES","isPartOf":{"@id":"https:\/\/www.eldigitaldeasturias.com\/noticias\/#website"},"breadcrumb":{"@id":"https:\/\/www.eldigitaldeasturias.com\/noticias\/llamazares-critica-a-fomento-por-generar-confusion-con-la-informacion-sobre-la-llegada-del-ave-a-asturias\/#breadcrumblist"},"author":{"@id":"https:\/\/www.eldigitaldeasturias.com\/noticias\/author\/admin\/#author"},"creator":{"@id":"https:\/\/www.eldigitaldeasturias.com\/noticias\/author\/admin\/#author"},"image":{"@type":"ImageObject","url":2867,"@id":"https:\/\/www.eldigitaldeasturias.com\/noticias\/llamazares-critica-a-fomento-por-generar-confusion-con-la-informacion-sobre-la-llegada-del-ave-a-asturias\/#mainImage"},"primaryImageOfPage":{"@id":"https:\/\/www.eldigitaldeasturias.com\/noticias\/llamazares-critica-a-fomento-por-generar-confusion-con-la-informacion-sobre-la-llegada-del-ave-a-asturias\/#mainImage"},"datePublished":"2013-09-24T22:44:36+02:00","dateModified":"2013-09-24T22:44:36+02:00"},{"@type":"WebSite","@id":"https:\/\/www.eldigitaldeasturias.com\/noticias\/#website","url":"https:\/\/www.eldigitaldeasturias.com\/noticias\/","name":"El Digital de Asturias - Diario de actualidad y noticias","alternateName":"El Digital de Asturias - Diario de actualidad y noticias","description":"Hemeroteca","inLanguage":"es-ES","publisher":{"@id":"https:\/\/www.eldigitaldeasturias.com\/noticias\/#organization"}}]},"og:locale":"es_ES","og:site_name":"El Digital de Asturias","og:type":"article","og:title":"Llamazares critica a Fomento por \u00abgenerar confusi\u00f3n\u00bb con la informaci\u00f3n sobre la llegada del AVE a Asturias - El Digital de Asturias","og:description":"OVIEDO, 24 Sep. (EUROPA PRESS) - El diputado de IU por Asturias en el Congreso, Gaspar Llamazares, ha criticado este martes al Ministerio de Fomento por &quot;generar confusi\u00f3n&quot; con la informaci\u00f3n sobre la llegada del AVE a Asturias. As\u00ed, reprocha &quot;la falta de concreci\u00f3n de las respuestas parlamentarias sobre las infraestructuras ferroviarias y su calendario y","og:url":"https:\/\/www.eldigitaldeasturias.com\/noticias\/llamazares-critica-a-fomento-por-generar-confusion-con-la-informacion-sobre-la-llegada-del-ave-a-asturias\/","article:tag":["actualidad asturias"],"article:published_time":"2013-09-24T22:44:36+00:00","article:modified_time":"2013-09-24T22:44:36+00:00","article:publisher":"https:\/\/facebook.com\/eldigitaldeasturias","twitter:card":"summary_large_image","twitter:title":"Llamazares critica a Fomento por \u00abgenerar confusi\u00f3n\u00bb con la informaci\u00f3n sobre la llegada del AVE a Asturias - El Digital de Asturias","twitter:description":"OVIEDO, 24 Sep. (EUROPA PRESS) - El diputado de IU por Asturias en el Congreso, Gaspar Llamazares, ha criticado este martes al Ministerio de Fomento por &quot;generar confusi\u00f3n&quot; con la informaci\u00f3n sobre la llegada del AVE a Asturias. As\u00ed, reprocha &quot;la falta de concreci\u00f3n de las respuestas parlamentarias sobre las infraestructuras ferroviarias y su calendario y","twitter:label1":"Escrito por","twitter:data1":"El Digital de Asturias","twitter:label2":"Tiempo de lectura estimado","twitter:data2":"4 minutos"},"aioseo_meta_data":{"post_id":"2866","title":null,"description":null,"keywords":null,"keyphrases":null,"primary_term":null,"canonical_url":null,"og_title":null,"og_description":null,"og_object_type":"default","og_image_type":"default","og_image_url":null,"og_image_width":null,"og_image_height":null,"og_image_custom_url":null,"og_image_custom_fields":null,"og_video":null,"og_custom_url":null,"og_article_section":null,"og_article_tags":null,"twitter_use_og":true,"twitter_card":"default","twitter_image_type":"default","twitter_image_url":null,"twitter_image_custom_url":null,"twitter_image_custom_fields":null,"twitter_title":null,"twitter_description":null,"schema":{"blockGraphs":[],"customGraphs":[],"default":{"data":{"Article":[],"Course":[],"Dataset":[],"FAQPage":[],"Movie":[],"Person":[],"Product":[],"ProductReview":[],"Car":[],"Recipe":[],"Service":[],"SoftwareApplication":[],"WebPage":[]},"graphName":"","isEnabled":true},"graphs":[],"defaultGraph":"","defaultPostTypeGraph":""},"schema_type":null,"schema_type_options":null,"pillar_content":false,"robots_default":true,"robots_noindex":false,"robots_noarchive":false,"robots_nosnippet":false,"robots_nofollow":false,"robots_noimageindex":false,"robots_noodp":false,"robots_notranslate":false,"robots_max_snippet":null,"robots_max_videopreview":null,"robots_max_imagepreview":"none","priority":null,"frequency":null,"local_seo":null,"seo_analyzer_scan_date":"2025-08-21 05:06:49","breadcrumb_settings":null,"limit_modified_date":false,"open_ai":null,"ai":null,"created":"2020-11-14 22:37:00","updated":"2025-08-21 05:06:49"},"aioseo_breadcrumb":"<div class=\"aioseo-breadcrumbs\"><span class=\"aioseo-breadcrumb\">\n\t<a href=\"https:\/\/www.eldigitaldeasturias.com\/noticias\" title=\"Home\">Home<\/a>\n<\/span><span class=\"aioseo-breadcrumb-separator\">\u2013<\/span><span class=\"aioseo-breadcrumb\">\n\t<a href=\"https:\/\/www.eldigitaldeasturias.com\/noticias\/category\/actualidad-asturias\/\" title=\"Actualidad Asturias\">Actualidad Asturias<\/a>\n<\/span><span class=\"aioseo-breadcrumb-separator\">\u2013<\/span><span class=\"aioseo-breadcrumb\">\n\t<a href=\"https:\/\/www.eldigitaldeasturias.com\/noticias\/llamazares-critica-a-fomento-por-generar-confusion-con-la-informacion-sobre-la-llegada-del-ave-a-asturias\/\" title=\"Llamazares critica a Fomento por \u00abgenerar confusi\u00f3n\u00bb con la informaci\u00f3n sobre la llegada del AVE a Asturias\">Llamazares critica a Fomento por \u00abgenerar confusi\u00f3n\u00bb con la informaci\u00f3n sobre la llegada del AVE a Asturias<\/a>\n<\/span><\/div>","aioseo_breadcrumb_json":[{"label":"Home","link":"https:\/\/www.eldigitaldeasturias.com\/noticias"},{"label":"Actualidad Asturias","link":"https:\/\/www.eldigitaldeasturias.com\/noticias\/category\/actualidad-asturias\/"},{"label":"Llamazares critica a Fomento por \u00abgenerar confusi\u00f3n\u00bb con la informaci\u00f3n sobre la llegada del AVE a Asturias","link":"https:\/\/www.eldigitaldeasturias.com\/noticias\/llamazares-critica-a-fomento-por-generar-confusion-con-la-informacion-sobre-la-llegada-del-ave-a-asturias\/"}],"_links":{"self":[{"href":"https:\/\/www.eldigitaldeasturias.com\/noticias\/wp-json\/wp\/v2\/posts\/2866","targetHints":{"allow":["GET"]}}],"collection":[{"href":"https:\/\/www.eldigitaldeasturias.com\/noticias\/wp-json\/wp\/v2\/posts"}],"about":[{"href":"https:\/\/www.eldigitaldeasturias.com\/noticias\/wp-json\/wp\/v2\/types\/post"}],"author":[{"embeddable":true,"href":"https:\/\/www.eldigitaldeasturias.com\/noticias\/wp-json\/wp\/v2\/users\/1"}],"replies":[{"embeddable":true,"href":"https:\/\/www.eldigitaldeasturias.com\/noticias\/wp-json\/wp\/v2\/comments?post=2866"}],"version-history":[{"count":0,"href":"https:\/\/www.eldigitaldeasturias.com\/noticias\/wp-json\/wp\/v2\/posts\/2866\/revisions"}],"wp:featuredmedia":[{"embeddable":true,"href":"https:\/\/www.eldigitaldeasturias.com\/noticias\/wp-json\/"}],"wp:attachment":[{"href":"https:\/\/www.eldigitaldeasturias.com\/noticias\/wp-json\/wp\/v2\/media?parent=2866"}],"wp:term":[{"taxonomy":"category","embeddable":true,"href":"https:\/\/www.eldigitaldeasturias.com\/noticias\/wp-json\/wp\/v2\/categories?post=2866"},{"taxonomy":"post_tag","embeddable":true,"href":"https:\/\/www.eldigitaldeasturias.com\/noticias\/wp-json\/wp\/v2\/tags?post=2866"}],"curies":[{"name":"wp","href":"https:\/\/api.w.org\/{rel}","templated":true}]}}