{"id":2856,"date":"2013-09-24T22:37:59","date_gmt":"2013-09-24T22:37:59","guid":{"rendered":"http:\/\/www.eldigitaldeasturias.com\/noticias\/?p=2856"},"modified":"2013-09-24T22:37:59","modified_gmt":"2013-09-24T22:37:59","slug":"goni-reprocha-a-cascos-su-soberbia-y-su-odio-contra-el-pp","status":"publish","type":"post","link":"https:\/\/www.eldigitaldeasturias.com\/noticias\/goni-reprocha-a-cascos-su-soberbia-y-su-odio-contra-el-pp\/","title":{"rendered":"Go\u00f1i reprocha a Cascos su \u00absoberbia\u00bb y su \u00abodio\u00bb contra el PP"},"content":{"rendered":"<p><img loading=\"lazy\" decoding=\"async\" class=\"alignleft size-medium wp-image-2857\" alt=\"fotonoticia_20130924134218_800\" src=\"https:\/\/www.eldigitaldeasturias.com\/noticias\/wp-content\/uploads\/2013\/09\/fotonoticia_20130924134218_800-300x300.jpg\" width=\"300\" height=\"300\" \/>OVIEDO, 24 Sep. (EUROPA PRESS) &#8211;\u00a0El secretario general del PP de Asturias, Fernando Go\u00f1i, ha reprochado este martes al presidente de Foro y expresidente del Principado de Asturias, Francisco \u00c1lvarez-Cascos, su \u00absoberbia\u00bb y su \u00abodio\u00bb contra el PP.<\/p>\n<p>As\u00ed, afirma que aunque Cascos est\u00e9 de acuerdo con la propuesta de reducci\u00f3n de la carga impositiva \u00abarremete contra ella\u00bb por el mero hecho de que sea una iniciativa de los &#8216;populares&#8217; asturianos.<\/p>\n<p>De este modo, ha remarcado que el que fuera secretario general del PP nacional est\u00e1 \u00abdeslegitimado\u00bb para dar lecciones y su \u00absoberbia\u00bb es \u00abuna enfermedad que no suele tener cura\u00bb.<\/p>\n<p>En rueda de prensa tras la reuni\u00f3n del Comit\u00e9 de Direcci\u00f3n del partido, presidido por Mercedes Fern\u00e1ndez, Fernando Go\u00f1i ha aseverado que las hemerotecas no sostienen \u00abninguna\u00bb de las declaraciones actuales de Cascos.<\/p>\n<p>En la misma l\u00ednea, ha arremetido contra el l\u00edder de Foro diciendo que Cascos pretende que Asturias tenga \u00abamnesia\u00bb. \u00abPero los asturianos tenemos buena memoria\u00bb, ha a\u00f1adido, remarcando que \u00able vale todo\u00bb con tal de intentar hacer \u00abda\u00f1o\u00bb al PP, cuando ha sido el partido \u00abque le dio todo lo que fue en pol\u00edtica\u00bb.<\/p>\n<p>Adem\u00e1s, ha aprovechado para criticar la \u00abincapacidad\u00bb de Cascos al frente del Gobierno del Principado que le llev\u00f3, \u00abcomo en 1998\u00bb, a \u00abentregarle\u00bb el Ejecutivo al PSOE, al que tambi\u00e9n recrimin\u00f3 su \u00abinnacci\u00f3n\u00bb para hacer frente a la crisis.<\/p>\n<p>\u00abNo hay pol\u00edtica en el parlamento asturiano fuera del PP\u00bb, ha defendido, asegurando que Foro no presenta iniciativas propias y \u00abcopia\u00bb la propuesta del PP de reforma fiscal con la que pretenden \u00abrebajar la carga impositiva\u00bb de tributos cedidos al Principado, tales como el IRPF, Sucesiones y Patrimonio.<\/p>\n<p>Seg\u00fan Fernando Go\u00f1i, tanto su propuesta como los anuncios en la misma l\u00ednea de autonom\u00edas del PP como Madrid o Comunidad Valenciana pretenden que las CCAA \u00abempiecen a colaborar\u00bb con el Gobierno central para salir de la crisis.<\/p>\n<p>PROPOSICI\u00d3N DE LEY DEL PP<\/p>\n<p>En su &#8216;Proposici\u00f3n de Ley de medidas en materia tributaria para contribuir a la recuperaci\u00f3n de la econom\u00eda regional&#8217;, el PP asturiano propone que el tramo auton\u00f3mico del IRPF cuente con un total m\u00ednimo del 24,35% y m\u00e1ximo del 51,9%, frente a los tipos actuales que oscilan entre el 24,75 y el 56%.<\/p>\n<p>En el caso del Impuesto de Patrimonio, desde el Grupo Parlamentario Popular se propone una bonificaci\u00f3n fiscal del 99%, cuando los tipos actuales oscilan entre el 0,22 y el 3%.<\/p>\n<p>En cuanto a las Sucesiones, el PP defiende desde unos tipos de entre el 7,65 y el 34%, hasta una bonificaci\u00f3n del 99% frente al estado actual del impuesto con unos tipos que oscilan entre el 7,65 y el 36,5%.<\/p>\n","protected":false},"excerpt":{"rendered":"<p>OVIEDO, 24 Sep. (EUROPA PRESS) &#8211;\u00a0El secretario general del PP de Asturias, Fernando Go\u00f1i, ha reprochado este martes al presidente de Foro y expresidente del Principado de Asturias, Francisco \u00c1lvarez-Cascos, su \u00absoberbia\u00bb y su \u00abodio\u00bb contra el PP. As\u00ed, afirma que aunque Cascos est\u00e9 de acuerdo con la propuesta de reducci\u00f3n de la carga impositiva [&hellip;]<\/p>\n","protected":false},"author":1,"featured_media":2857,"comment_status":"open","ping_status":"open","sticky":false,"template":"","format":"standard","meta":{"footnotes":""},"categories":[12],"tags":[],"class_list":["post-2856","post","type-post","status-publish","format-standard","has-post-thumbnail","hentry","category-actualidad-asturias"],"aioseo_notices":[],"aioseo_head":"\n\t\t<!-- All in One SEO Pro 4.9.6.2 - aioseo.com -->\n\t<meta name=\"description\" content=\"OVIEDO, 24 Sep. (EUROPA PRESS) - El secretario general del PP de Asturias, Fernando Go\u00f1i, ha reprochado este martes al presidente de Foro y expresidente del Principado de Asturias, Francisco \u00c1lvarez-Cascos, su &quot;soberbia&quot; y su &quot;odio&quot; contra el PP. As\u00ed, afirma que aunque Cascos est\u00e9 de acuerdo con la propuesta de reducci\u00f3n de la carga impositiva\" \/>\n\t<meta name=\"robots\" content=\"max-image-preview:large\" \/>\n\t<meta name=\"author\" content=\"El Digital de Asturias\"\/>\n\t<meta name=\"google-site-verification\" content=\"UA-38556648-1\" \/>\n\t<meta name=\"msvalidate.01\" content=\"7dfe9f3f1b24437ab69f4f2559babe99\" \/>\n\t<meta name=\"keywords\" content=\"actualidad asturias\" \/>\n\t<link rel=\"canonical\" href=\"https:\/\/www.eldigitaldeasturias.com\/noticias\/goni-reprocha-a-cascos-su-soberbia-y-su-odio-contra-el-pp\/\" \/>\n\t<meta name=\"generator\" content=\"All in One SEO Pro (AIOSEO) 4.9.6.2\" \/>\n\t\t<meta property=\"og:locale\" content=\"es_ES\" \/>\n\t\t<meta property=\"og:site_name\" content=\"El Digital de Asturias\" \/>\n\t\t<meta property=\"og:type\" content=\"article\" \/>\n\t\t<meta property=\"og:title\" content=\"Go\u00f1i reprocha a Cascos su \u00absoberbia\u00bb y su \u00abodio\u00bb contra el PP - El Digital de Asturias\" \/>\n\t\t<meta property=\"og:description\" content=\"OVIEDO, 24 Sep. (EUROPA PRESS) - El secretario general del PP de Asturias, Fernando Go\u00f1i, ha reprochado este martes al presidente de Foro y expresidente del Principado de Asturias, Francisco \u00c1lvarez-Cascos, su &quot;soberbia&quot; y su &quot;odio&quot; contra el PP. As\u00ed, afirma que aunque Cascos est\u00e9 de acuerdo con la propuesta de reducci\u00f3n de la carga impositiva\" \/>\n\t\t<meta property=\"og:url\" content=\"https:\/\/www.eldigitaldeasturias.com\/noticias\/goni-reprocha-a-cascos-su-soberbia-y-su-odio-contra-el-pp\/\" \/>\n\t\t<meta property=\"article:tag\" content=\"actualidad asturias\" \/>\n\t\t<meta property=\"article:published_time\" content=\"2013-09-24T22:37:59+00:00\" \/>\n\t\t<meta property=\"article:modified_time\" content=\"2013-09-24T22:37:59+00:00\" \/>\n\t\t<meta property=\"article:publisher\" content=\"https:\/\/facebook.com\/eldigitaldeasturias\" \/>\n\t\t<meta name=\"twitter:card\" content=\"summary_large_image\" \/>\n\t\t<meta name=\"twitter:title\" content=\"Go\u00f1i reprocha a Cascos su \u00absoberbia\u00bb y su \u00abodio\u00bb contra el PP - El Digital de Asturias\" \/>\n\t\t<meta name=\"twitter:description\" content=\"OVIEDO, 24 Sep. (EUROPA PRESS) - El secretario general del PP de Asturias, Fernando Go\u00f1i, ha reprochado este martes al presidente de Foro y expresidente del Principado de Asturias, Francisco \u00c1lvarez-Cascos, su &quot;soberbia&quot; y su &quot;odio&quot; contra el PP. As\u00ed, afirma que aunque Cascos est\u00e9 de acuerdo con la propuesta de reducci\u00f3n de la carga impositiva\" \/>\n\t\t<meta name=\"twitter:label1\" content=\"Escrito por\" \/>\n\t\t<meta name=\"twitter:data1\" content=\"El Digital de Asturias\" \/>\n\t\t<meta name=\"twitter:label2\" content=\"Tiempo de lectura estimado\" \/>\n\t\t<meta name=\"twitter:data2\" content=\"2 minutos\" \/>\n\t\t<script type=\"application\/ld+json\" class=\"aioseo-schema\">\n\t\t\t{\"@context\":\"https:\\\/\\\/schema.org\",\"@graph\":[{\"@type\":\"BlogPosting\",\"@id\":\"https:\\\/\\\/www.eldigitaldeasturias.com\\\/noticias\\\/goni-reprocha-a-cascos-su-soberbia-y-su-odio-contra-el-pp\\\/#blogposting\",\"name\":\"Go\\u00f1i reprocha a Cascos su \\u00absoberbia\\u00bb y su \\u00abodio\\u00bb contra el PP - El Digital de Asturias\",\"headline\":\"Go\\u00f1i reprocha a Cascos su \\u00absoberbia\\u00bb y su \\u00abodio\\u00bb contra el PP\",\"author\":{\"@id\":\"https:\\\/\\\/www.eldigitaldeasturias.com\\\/noticias\\\/author\\\/admin\\\/#author\"},\"publisher\":{\"@id\":\"https:\\\/\\\/www.eldigitaldeasturias.com\\\/noticias\\\/#organization\"},\"image\":{\"@type\":\"ImageObject\",\"url\":2857},\"datePublished\":\"2013-09-24T22:37:59+02:00\",\"dateModified\":\"2013-09-24T22:37:59+02:00\",\"inLanguage\":\"es-ES\",\"mainEntityOfPage\":{\"@id\":\"https:\\\/\\\/www.eldigitaldeasturias.com\\\/noticias\\\/goni-reprocha-a-cascos-su-soberbia-y-su-odio-contra-el-pp\\\/#webpage\"},\"isPartOf\":{\"@id\":\"https:\\\/\\\/www.eldigitaldeasturias.com\\\/noticias\\\/goni-reprocha-a-cascos-su-soberbia-y-su-odio-contra-el-pp\\\/#webpage\"},\"articleSection\":\"Actualidad Asturias\"},{\"@type\":\"BreadcrumbList\",\"@id\":\"https:\\\/\\\/www.eldigitaldeasturias.com\\\/noticias\\\/goni-reprocha-a-cascos-su-soberbia-y-su-odio-contra-el-pp\\\/#breadcrumblist\",\"itemListElement\":[{\"@type\":\"ListItem\",\"@id\":\"https:\\\/\\\/www.eldigitaldeasturias.com\\\/noticias#listItem\",\"position\":1,\"name\":\"Home\",\"item\":\"https:\\\/\\\/www.eldigitaldeasturias.com\\\/noticias\",\"nextItem\":{\"@type\":\"ListItem\",\"@id\":\"https:\\\/\\\/www.eldigitaldeasturias.com\\\/noticias\\\/category\\\/actualidad-asturias\\\/#listItem\",\"name\":\"Actualidad Asturias\"}},{\"@type\":\"ListItem\",\"@id\":\"https:\\\/\\\/www.eldigitaldeasturias.com\\\/noticias\\\/category\\\/actualidad-asturias\\\/#listItem\",\"position\":2,\"name\":\"Actualidad Asturias\",\"item\":\"https:\\\/\\\/www.eldigitaldeasturias.com\\\/noticias\\\/category\\\/actualidad-asturias\\\/\",\"nextItem\":{\"@type\":\"ListItem\",\"@id\":\"https:\\\/\\\/www.eldigitaldeasturias.com\\\/noticias\\\/goni-reprocha-a-cascos-su-soberbia-y-su-odio-contra-el-pp\\\/#listItem\",\"name\":\"Go\\u00f1i reprocha a Cascos su \\u00absoberbia\\u00bb y su \\u00abodio\\u00bb contra el PP\"},\"previousItem\":{\"@type\":\"ListItem\",\"@id\":\"https:\\\/\\\/www.eldigitaldeasturias.com\\\/noticias#listItem\",\"name\":\"Home\"}},{\"@type\":\"ListItem\",\"@id\":\"https:\\\/\\\/www.eldigitaldeasturias.com\\\/noticias\\\/goni-reprocha-a-cascos-su-soberbia-y-su-odio-contra-el-pp\\\/#listItem\",\"position\":3,\"name\":\"Go\\u00f1i reprocha a Cascos su \\u00absoberbia\\u00bb y su \\u00abodio\\u00bb contra el PP\",\"previousItem\":{\"@type\":\"ListItem\",\"@id\":\"https:\\\/\\\/www.eldigitaldeasturias.com\\\/noticias\\\/category\\\/actualidad-asturias\\\/#listItem\",\"name\":\"Actualidad Asturias\"}}]},{\"@type\":\"Organization\",\"@id\":\"https:\\\/\\\/www.eldigitaldeasturias.com\\\/noticias\\\/#organization\",\"name\":\"El Digital de Asturias\",\"description\":\"Hemeroteca\",\"url\":\"https:\\\/\\\/www.eldigitaldeasturias.com\\\/noticias\\\/\",\"email\":\"info@eldigitaldeasturias.com\",\"telephone\":\"+34652131393\",\"logo\":{\"@type\":\"ImageObject\",\"url\":\"https:\\\/\\\/www.eldigitaldeasturias.com\\\/noticias\\\/wp-content\\\/uploads\\\/2020\\\/12\\\/EDA.jpg\",\"@id\":\"https:\\\/\\\/www.eldigitaldeasturias.com\\\/noticias\\\/goni-reprocha-a-cascos-su-soberbia-y-su-odio-contra-el-pp\\\/#organizationLogo\",\"width\":649,\"height\":297},\"image\":{\"@id\":\"https:\\\/\\\/www.eldigitaldeasturias.com\\\/noticias\\\/goni-reprocha-a-cascos-su-soberbia-y-su-odio-contra-el-pp\\\/#organizationLogo\"},\"sameAs\":[\"https:\\\/\\\/facebook.com\\\/eldigitaldeasturias\",\"https:\\\/\\\/www.youtube.com\\\/channel\\\/UCZP-2wLEB9Rv6erhFmqVnvg\"],\"address\":{\"@id\":\"https:\\\/\\\/www.eldigitaldeasturias.com\\\/noticias\\\/#postaladdress\",\"@type\":\"PostalAddress\",\"streetAddress\":\"san antonio 4,\",\"postalCode\":\"33430\",\"addressLocality\":\"Cand\\u00e1s\",\"addressRegion\":\"Asturias\",\"addressCountry\":\"ES\"}},{\"@type\":\"Person\",\"@id\":\"https:\\\/\\\/www.eldigitaldeasturias.com\\\/noticias\\\/author\\\/admin\\\/#author\",\"url\":\"https:\\\/\\\/www.eldigitaldeasturias.com\\\/noticias\\\/author\\\/admin\\\/\",\"name\":\"El Digital de Asturias\",\"image\":{\"@type\":\"ImageObject\",\"@id\":\"https:\\\/\\\/www.eldigitaldeasturias.com\\\/noticias\\\/goni-reprocha-a-cascos-su-soberbia-y-su-odio-contra-el-pp\\\/#authorImage\",\"url\":\"https:\\\/\\\/www.eldigitaldeasturias.com\\\/noticias\\\/wp-content\\\/litespeed\\\/avatar\\\/18677e78aa0546b92d9dbf31ec7d7668.jpg?ver=1776685526\",\"width\":96,\"height\":96,\"caption\":\"El Digital de Asturias\"}},{\"@type\":\"WebPage\",\"@id\":\"https:\\\/\\\/www.eldigitaldeasturias.com\\\/noticias\\\/goni-reprocha-a-cascos-su-soberbia-y-su-odio-contra-el-pp\\\/#webpage\",\"url\":\"https:\\\/\\\/www.eldigitaldeasturias.com\\\/noticias\\\/goni-reprocha-a-cascos-su-soberbia-y-su-odio-contra-el-pp\\\/\",\"name\":\"Go\\u00f1i reprocha a Cascos su \\u00absoberbia\\u00bb y su \\u00abodio\\u00bb contra el PP - El Digital de Asturias\",\"description\":\"OVIEDO, 24 Sep. (EUROPA PRESS) - El secretario general del PP de Asturias, Fernando Go\\u00f1i, ha reprochado este martes al presidente de Foro y expresidente del Principado de Asturias, Francisco \\u00c1lvarez-Cascos, su \\\"soberbia\\\" y su \\\"odio\\\" contra el PP. As\\u00ed, afirma que aunque Cascos est\\u00e9 de acuerdo con la propuesta de reducci\\u00f3n de la carga impositiva\",\"inLanguage\":\"es-ES\",\"isPartOf\":{\"@id\":\"https:\\\/\\\/www.eldigitaldeasturias.com\\\/noticias\\\/#website\"},\"breadcrumb\":{\"@id\":\"https:\\\/\\\/www.eldigitaldeasturias.com\\\/noticias\\\/goni-reprocha-a-cascos-su-soberbia-y-su-odio-contra-el-pp\\\/#breadcrumblist\"},\"author\":{\"@id\":\"https:\\\/\\\/www.eldigitaldeasturias.com\\\/noticias\\\/author\\\/admin\\\/#author\"},\"creator\":{\"@id\":\"https:\\\/\\\/www.eldigitaldeasturias.com\\\/noticias\\\/author\\\/admin\\\/#author\"},\"image\":{\"@type\":\"ImageObject\",\"url\":2857,\"@id\":\"https:\\\/\\\/www.eldigitaldeasturias.com\\\/noticias\\\/goni-reprocha-a-cascos-su-soberbia-y-su-odio-contra-el-pp\\\/#mainImage\"},\"primaryImageOfPage\":{\"@id\":\"https:\\\/\\\/www.eldigitaldeasturias.com\\\/noticias\\\/goni-reprocha-a-cascos-su-soberbia-y-su-odio-contra-el-pp\\\/#mainImage\"},\"datePublished\":\"2013-09-24T22:37:59+02:00\",\"dateModified\":\"2013-09-24T22:37:59+02:00\"},{\"@type\":\"WebSite\",\"@id\":\"https:\\\/\\\/www.eldigitaldeasturias.com\\\/noticias\\\/#website\",\"url\":\"https:\\\/\\\/www.eldigitaldeasturias.com\\\/noticias\\\/\",\"name\":\"El Digital de Asturias - Diario de actualidad y noticias\",\"alternateName\":\"El Digital de Asturias - Diario de actualidad y noticias\",\"description\":\"Hemeroteca\",\"inLanguage\":\"es-ES\",\"publisher\":{\"@id\":\"https:\\\/\\\/www.eldigitaldeasturias.com\\\/noticias\\\/#organization\"}}]}\n\t\t<\/script>\n\t\t<!-- All in One SEO Pro -->\r\n\t\t<title>Go\u00f1i reprocha a Cascos su \u00absoberbia\u00bb y su \u00abodio\u00bb contra el PP - El Digital de Asturias<\/title>\n\n","aioseo_head_json":{"title":"Go\u00f1i reprocha a Cascos su \u00absoberbia\u00bb y su \u00abodio\u00bb contra el PP - El Digital de Asturias","description":"OVIEDO, 24 Sep. (EUROPA PRESS) - El secretario general del PP de Asturias, Fernando Go\u00f1i, ha reprochado este martes al presidente de Foro y expresidente del Principado de Asturias, Francisco \u00c1lvarez-Cascos, su \"soberbia\" y su \"odio\" contra el PP. As\u00ed, afirma que aunque Cascos est\u00e9 de acuerdo con la propuesta de reducci\u00f3n de la carga impositiva","canonical_url":"https:\/\/www.eldigitaldeasturias.com\/noticias\/goni-reprocha-a-cascos-su-soberbia-y-su-odio-contra-el-pp\/","robots":"max-image-preview:large","keywords":"actualidad asturias","webmasterTools":{"google-site-verification":"UA-38556648-1","msvalidate.01":"7dfe9f3f1b24437ab69f4f2559babe99","miscellaneous":""},"schema":{"@context":"https:\/\/schema.org","@graph":[{"@type":"BlogPosting","@id":"https:\/\/www.eldigitaldeasturias.com\/noticias\/goni-reprocha-a-cascos-su-soberbia-y-su-odio-contra-el-pp\/#blogposting","name":"Go\u00f1i reprocha a Cascos su \u00absoberbia\u00bb y su \u00abodio\u00bb contra el PP - El Digital de Asturias","headline":"Go\u00f1i reprocha a Cascos su \u00absoberbia\u00bb y su \u00abodio\u00bb contra el PP","author":{"@id":"https:\/\/www.eldigitaldeasturias.com\/noticias\/author\/admin\/#author"},"publisher":{"@id":"https:\/\/www.eldigitaldeasturias.com\/noticias\/#organization"},"image":{"@type":"ImageObject","url":2857},"datePublished":"2013-09-24T22:37:59+02:00","dateModified":"2013-09-24T22:37:59+02:00","inLanguage":"es-ES","mainEntityOfPage":{"@id":"https:\/\/www.eldigitaldeasturias.com\/noticias\/goni-reprocha-a-cascos-su-soberbia-y-su-odio-contra-el-pp\/#webpage"},"isPartOf":{"@id":"https:\/\/www.eldigitaldeasturias.com\/noticias\/goni-reprocha-a-cascos-su-soberbia-y-su-odio-contra-el-pp\/#webpage"},"articleSection":"Actualidad Asturias"},{"@type":"BreadcrumbList","@id":"https:\/\/www.eldigitaldeasturias.com\/noticias\/goni-reprocha-a-cascos-su-soberbia-y-su-odio-contra-el-pp\/#breadcrumblist","itemListElement":[{"@type":"ListItem","@id":"https:\/\/www.eldigitaldeasturias.com\/noticias#listItem","position":1,"name":"Home","item":"https:\/\/www.eldigitaldeasturias.com\/noticias","nextItem":{"@type":"ListItem","@id":"https:\/\/www.eldigitaldeasturias.com\/noticias\/category\/actualidad-asturias\/#listItem","name":"Actualidad Asturias"}},{"@type":"ListItem","@id":"https:\/\/www.eldigitaldeasturias.com\/noticias\/category\/actualidad-asturias\/#listItem","position":2,"name":"Actualidad Asturias","item":"https:\/\/www.eldigitaldeasturias.com\/noticias\/category\/actualidad-asturias\/","nextItem":{"@type":"ListItem","@id":"https:\/\/www.eldigitaldeasturias.com\/noticias\/goni-reprocha-a-cascos-su-soberbia-y-su-odio-contra-el-pp\/#listItem","name":"Go\u00f1i reprocha a Cascos su \u00absoberbia\u00bb y su \u00abodio\u00bb contra el PP"},"previousItem":{"@type":"ListItem","@id":"https:\/\/www.eldigitaldeasturias.com\/noticias#listItem","name":"Home"}},{"@type":"ListItem","@id":"https:\/\/www.eldigitaldeasturias.com\/noticias\/goni-reprocha-a-cascos-su-soberbia-y-su-odio-contra-el-pp\/#listItem","position":3,"name":"Go\u00f1i reprocha a Cascos su \u00absoberbia\u00bb y su \u00abodio\u00bb contra el PP","previousItem":{"@type":"ListItem","@id":"https:\/\/www.eldigitaldeasturias.com\/noticias\/category\/actualidad-asturias\/#listItem","name":"Actualidad Asturias"}}]},{"@type":"Organization","@id":"https:\/\/www.eldigitaldeasturias.com\/noticias\/#organization","name":"El Digital de Asturias","description":"Hemeroteca","url":"https:\/\/www.eldigitaldeasturias.com\/noticias\/","email":"info@eldigitaldeasturias.com","telephone":"+34652131393","logo":{"@type":"ImageObject","url":"https:\/\/www.eldigitaldeasturias.com\/noticias\/wp-content\/uploads\/2020\/12\/EDA.jpg","@id":"https:\/\/www.eldigitaldeasturias.com\/noticias\/goni-reprocha-a-cascos-su-soberbia-y-su-odio-contra-el-pp\/#organizationLogo","width":649,"height":297},"image":{"@id":"https:\/\/www.eldigitaldeasturias.com\/noticias\/goni-reprocha-a-cascos-su-soberbia-y-su-odio-contra-el-pp\/#organizationLogo"},"sameAs":["https:\/\/facebook.com\/eldigitaldeasturias","https:\/\/www.youtube.com\/channel\/UCZP-2wLEB9Rv6erhFmqVnvg"],"address":{"@id":"https:\/\/www.eldigitaldeasturias.com\/noticias\/#postaladdress","@type":"PostalAddress","streetAddress":"san antonio 4,","postalCode":"33430","addressLocality":"Cand\u00e1s","addressRegion":"Asturias","addressCountry":"ES"}},{"@type":"Person","@id":"https:\/\/www.eldigitaldeasturias.com\/noticias\/author\/admin\/#author","url":"https:\/\/www.eldigitaldeasturias.com\/noticias\/author\/admin\/","name":"El Digital de Asturias","image":{"@type":"ImageObject","@id":"https:\/\/www.eldigitaldeasturias.com\/noticias\/goni-reprocha-a-cascos-su-soberbia-y-su-odio-contra-el-pp\/#authorImage","url":"https:\/\/www.eldigitaldeasturias.com\/noticias\/wp-content\/litespeed\/avatar\/18677e78aa0546b92d9dbf31ec7d7668.jpg?ver=1776685526","width":96,"height":96,"caption":"El Digital de Asturias"}},{"@type":"WebPage","@id":"https:\/\/www.eldigitaldeasturias.com\/noticias\/goni-reprocha-a-cascos-su-soberbia-y-su-odio-contra-el-pp\/#webpage","url":"https:\/\/www.eldigitaldeasturias.com\/noticias\/goni-reprocha-a-cascos-su-soberbia-y-su-odio-contra-el-pp\/","name":"Go\u00f1i reprocha a Cascos su \u00absoberbia\u00bb y su \u00abodio\u00bb contra el PP - El Digital de Asturias","description":"OVIEDO, 24 Sep. (EUROPA PRESS) - El secretario general del PP de Asturias, Fernando Go\u00f1i, ha reprochado este martes al presidente de Foro y expresidente del Principado de Asturias, Francisco \u00c1lvarez-Cascos, su \"soberbia\" y su \"odio\" contra el PP. As\u00ed, afirma que aunque Cascos est\u00e9 de acuerdo con la propuesta de reducci\u00f3n de la carga impositiva","inLanguage":"es-ES","isPartOf":{"@id":"https:\/\/www.eldigitaldeasturias.com\/noticias\/#website"},"breadcrumb":{"@id":"https:\/\/www.eldigitaldeasturias.com\/noticias\/goni-reprocha-a-cascos-su-soberbia-y-su-odio-contra-el-pp\/#breadcrumblist"},"author":{"@id":"https:\/\/www.eldigitaldeasturias.com\/noticias\/author\/admin\/#author"},"creator":{"@id":"https:\/\/www.eldigitaldeasturias.com\/noticias\/author\/admin\/#author"},"image":{"@type":"ImageObject","url":2857,"@id":"https:\/\/www.eldigitaldeasturias.com\/noticias\/goni-reprocha-a-cascos-su-soberbia-y-su-odio-contra-el-pp\/#mainImage"},"primaryImageOfPage":{"@id":"https:\/\/www.eldigitaldeasturias.com\/noticias\/goni-reprocha-a-cascos-su-soberbia-y-su-odio-contra-el-pp\/#mainImage"},"datePublished":"2013-09-24T22:37:59+02:00","dateModified":"2013-09-24T22:37:59+02:00"},{"@type":"WebSite","@id":"https:\/\/www.eldigitaldeasturias.com\/noticias\/#website","url":"https:\/\/www.eldigitaldeasturias.com\/noticias\/","name":"El Digital de Asturias - Diario de actualidad y noticias","alternateName":"El Digital de Asturias - Diario de actualidad y noticias","description":"Hemeroteca","inLanguage":"es-ES","publisher":{"@id":"https:\/\/www.eldigitaldeasturias.com\/noticias\/#organization"}}]},"og:locale":"es_ES","og:site_name":"El Digital de Asturias","og:type":"article","og:title":"Go\u00f1i reprocha a Cascos su \u00absoberbia\u00bb y su \u00abodio\u00bb contra el PP - El Digital de Asturias","og:description":"OVIEDO, 24 Sep. (EUROPA PRESS) - El secretario general del PP de Asturias, Fernando Go\u00f1i, ha reprochado este martes al presidente de Foro y expresidente del Principado de Asturias, Francisco \u00c1lvarez-Cascos, su &quot;soberbia&quot; y su &quot;odio&quot; contra el PP. As\u00ed, afirma que aunque Cascos est\u00e9 de acuerdo con la propuesta de reducci\u00f3n de la carga impositiva","og:url":"https:\/\/www.eldigitaldeasturias.com\/noticias\/goni-reprocha-a-cascos-su-soberbia-y-su-odio-contra-el-pp\/","article:tag":["actualidad asturias"],"article:published_time":"2013-09-24T22:37:59+00:00","article:modified_time":"2013-09-24T22:37:59+00:00","article:publisher":"https:\/\/facebook.com\/eldigitaldeasturias","twitter:card":"summary_large_image","twitter:title":"Go\u00f1i reprocha a Cascos su \u00absoberbia\u00bb y su \u00abodio\u00bb contra el PP - El Digital de Asturias","twitter:description":"OVIEDO, 24 Sep. (EUROPA PRESS) - El secretario general del PP de Asturias, Fernando Go\u00f1i, ha reprochado este martes al presidente de Foro y expresidente del Principado de Asturias, Francisco \u00c1lvarez-Cascos, su &quot;soberbia&quot; y su &quot;odio&quot; contra el PP. As\u00ed, afirma que aunque Cascos est\u00e9 de acuerdo con la propuesta de reducci\u00f3n de la carga impositiva","twitter:label1":"Escrito por","twitter:data1":"El Digital de Asturias","twitter:label2":"Tiempo de lectura estimado","twitter:data2":"2 minutos"},"aioseo_meta_data":{"post_id":"2856","title":null,"description":null,"keywords":null,"keyphrases":null,"primary_term":null,"canonical_url":null,"og_title":null,"og_description":null,"og_object_type":"default","og_image_type":"default","og_image_url":null,"og_image_width":null,"og_image_height":null,"og_image_custom_url":null,"og_image_custom_fields":null,"og_video":null,"og_custom_url":null,"og_article_section":null,"og_article_tags":null,"twitter_use_og":true,"twitter_card":"default","twitter_image_type":"default","twitter_image_url":null,"twitter_image_custom_url":null,"twitter_image_custom_fields":null,"twitter_title":null,"twitter_description":null,"schema":{"blockGraphs":[],"customGraphs":[],"default":{"data":{"Article":[],"Course":[],"Dataset":[],"FAQPage":[],"Movie":[],"Person":[],"Product":[],"ProductReview":[],"Car":[],"Recipe":[],"Service":[],"SoftwareApplication":[],"WebPage":[]},"graphName":"","isEnabled":true},"graphs":[],"defaultGraph":"","defaultPostTypeGraph":""},"schema_type":null,"schema_type_options":null,"pillar_content":false,"robots_default":true,"robots_noindex":false,"robots_noarchive":false,"robots_nosnippet":false,"robots_nofollow":false,"robots_noimageindex":false,"robots_noodp":false,"robots_notranslate":false,"robots_max_snippet":null,"robots_max_videopreview":null,"robots_max_imagepreview":"none","priority":null,"frequency":null,"local_seo":null,"seo_analyzer_scan_date":"2025-08-21 05:06:45","breadcrumb_settings":null,"limit_modified_date":false,"open_ai":null,"ai":null,"created":"2020-11-14 22:37:00","updated":"2025-08-21 05:06:45"},"aioseo_breadcrumb":"<div class=\"aioseo-breadcrumbs\"><span class=\"aioseo-breadcrumb\">\n\t<a href=\"https:\/\/www.eldigitaldeasturias.com\/noticias\" title=\"Home\">Home<\/a>\n<\/span><span class=\"aioseo-breadcrumb-separator\">\u2013<\/span><span class=\"aioseo-breadcrumb\">\n\t<a href=\"https:\/\/www.eldigitaldeasturias.com\/noticias\/category\/actualidad-asturias\/\" title=\"Actualidad Asturias\">Actualidad Asturias<\/a>\n<\/span><span class=\"aioseo-breadcrumb-separator\">\u2013<\/span><span class=\"aioseo-breadcrumb\">\n\t<a href=\"https:\/\/www.eldigitaldeasturias.com\/noticias\/goni-reprocha-a-cascos-su-soberbia-y-su-odio-contra-el-pp\/\" title=\"Go\u00f1i reprocha a Cascos su \u00absoberbia\u00bb y su \u00abodio\u00bb contra el PP\">Go\u00f1i reprocha a Cascos su \u00absoberbia\u00bb y su \u00abodio\u00bb contra el PP<\/a>\n<\/span><\/div>","aioseo_breadcrumb_json":[{"label":"Home","link":"https:\/\/www.eldigitaldeasturias.com\/noticias"},{"label":"Actualidad Asturias","link":"https:\/\/www.eldigitaldeasturias.com\/noticias\/category\/actualidad-asturias\/"},{"label":"Go\u00f1i reprocha a Cascos su \u00absoberbia\u00bb y su \u00abodio\u00bb contra el PP","link":"https:\/\/www.eldigitaldeasturias.com\/noticias\/goni-reprocha-a-cascos-su-soberbia-y-su-odio-contra-el-pp\/"}],"_links":{"self":[{"href":"https:\/\/www.eldigitaldeasturias.com\/noticias\/wp-json\/wp\/v2\/posts\/2856","targetHints":{"allow":["GET"]}}],"collection":[{"href":"https:\/\/www.eldigitaldeasturias.com\/noticias\/wp-json\/wp\/v2\/posts"}],"about":[{"href":"https:\/\/www.eldigitaldeasturias.com\/noticias\/wp-json\/wp\/v2\/types\/post"}],"author":[{"embeddable":true,"href":"https:\/\/www.eldigitaldeasturias.com\/noticias\/wp-json\/wp\/v2\/users\/1"}],"replies":[{"embeddable":true,"href":"https:\/\/www.eldigitaldeasturias.com\/noticias\/wp-json\/wp\/v2\/comments?post=2856"}],"version-history":[{"count":0,"href":"https:\/\/www.eldigitaldeasturias.com\/noticias\/wp-json\/wp\/v2\/posts\/2856\/revisions"}],"wp:featuredmedia":[{"embeddable":true,"href":"https:\/\/www.eldigitaldeasturias.com\/noticias\/wp-json\/"}],"wp:attachment":[{"href":"https:\/\/www.eldigitaldeasturias.com\/noticias\/wp-json\/wp\/v2\/media?parent=2856"}],"wp:term":[{"taxonomy":"category","embeddable":true,"href":"https:\/\/www.eldigitaldeasturias.com\/noticias\/wp-json\/wp\/v2\/categories?post=2856"},{"taxonomy":"post_tag","embeddable":true,"href":"https:\/\/www.eldigitaldeasturias.com\/noticias\/wp-json\/wp\/v2\/tags?post=2856"}],"curies":[{"name":"wp","href":"https:\/\/api.w.org\/{rel}","templated":true}]}}