{"id":2848,"date":"2013-09-24T22:33:14","date_gmt":"2013-09-24T22:33:14","guid":{"rendered":"http:\/\/www.eldigitaldeasturias.com\/noticias\/?p=2848"},"modified":"2013-09-24T22:33:14","modified_gmt":"2013-09-24T22:33:14","slug":"ugt-pide-a-educacion-que-se-abra-una-bolsa-de-trabajo-para-profesores-de-llingua-asturiana","status":"publish","type":"post","link":"https:\/\/www.eldigitaldeasturias.com\/noticias\/ugt-pide-a-educacion-que-se-abra-una-bolsa-de-trabajo-para-profesores-de-llingua-asturiana\/","title":{"rendered":"UGT pide a Educaci\u00f3n que se abra una bolsa de trabajo para profesores de &#8216;llingua&#8217; asturiana"},"content":{"rendered":"<p><img loading=\"lazy\" decoding=\"async\" class=\"alignleft size-medium wp-image-793\" alt=\"aula\" src=\"https:\/\/www.eldigitaldeasturias.com\/noticias\/wp-content\/uploads\/2013\/09\/aula-360x219.jpg\" width=\"360\" height=\"219\" \/>OVIEDO, 24 Sep. (EUROPA PRESS) &#8211;\u00a0La Federaci\u00f3n de Ense\u00f1anza de UGT ha demandado a la Consejer\u00eda de Educaci\u00f3n la apertura inmediata de bolsas de trabajo de profesores de &#8216;llingua&#8217; asturiana y gallego-asturiano.<\/p>\n<p>En un escueto comunicado, el sindicato ha mostrado esta reacci\u00f3n tras las denuncias hechas p\u00fablica la pasada semana sobre la falta de profesores de estas materias. Concretamente, otro sindicato, Suatea, contabilizaba 14 vacantes sin cubrir, 12 de asturiano, y dos de gallego asturiano.<\/p>\n<p>\u00abAnte la demanda existente de plazas de Llingua Asturiana y de Gallego-Asturiano en los centros educativos, FETE-UGT exige a la Administraci\u00f3n apertura inmediata de una bolsa de dichas especialidades para poder cubrir dichas vacantes\u00bb. se\u00f1ala el comunicado.<\/p>\n<p>&nbsp;<\/p>\n","protected":false},"excerpt":{"rendered":"<p>OVIEDO, 24 Sep. (EUROPA PRESS) &#8211;\u00a0La Federaci\u00f3n de Ense\u00f1anza de UGT ha demandado a la Consejer\u00eda de Educaci\u00f3n la apertura inmediata de bolsas de trabajo de profesores de &#8216;llingua&#8217; asturiana y gallego-asturiano. En un escueto comunicado, el sindicato ha mostrado esta reacci\u00f3n tras las denuncias hechas p\u00fablica la pasada semana sobre la falta de profesores [&hellip;]<\/p>\n","protected":false},"author":1,"featured_media":793,"comment_status":"open","ping_status":"open","sticky":false,"template":"","format":"standard","meta":{"footnotes":""},"categories":[12],"tags":[],"class_list":["post-2848","post","type-post","status-publish","format-standard","has-post-thumbnail","hentry","category-actualidad-asturias"],"aioseo_notices":[],"aioseo_head":"\n\t\t<!-- All in One SEO Pro 4.9.6.2 - aioseo.com -->\n\t<meta name=\"description\" content=\"OVIEDO, 24 Sep. (EUROPA PRESS) - La Federaci\u00f3n de Ense\u00f1anza de UGT ha demandado a la Consejer\u00eda de Educaci\u00f3n la apertura inmediata de bolsas de trabajo de profesores de &#039;llingua&#039; asturiana y gallego-asturiano. En un escueto comunicado, el sindicato ha mostrado esta reacci\u00f3n tras las denuncias hechas p\u00fablica la pasada semana sobre la falta de profesores\" \/>\n\t<meta name=\"robots\" content=\"max-image-preview:large\" \/>\n\t<meta name=\"author\" content=\"El Digital de Asturias\"\/>\n\t<meta name=\"google-site-verification\" content=\"UA-38556648-1\" \/>\n\t<meta name=\"msvalidate.01\" content=\"7dfe9f3f1b24437ab69f4f2559babe99\" \/>\n\t<meta name=\"keywords\" content=\"actualidad asturias\" \/>\n\t<link rel=\"canonical\" href=\"https:\/\/www.eldigitaldeasturias.com\/noticias\/ugt-pide-a-educacion-que-se-abra-una-bolsa-de-trabajo-para-profesores-de-llingua-asturiana\/\" \/>\n\t<meta name=\"generator\" content=\"All in One SEO Pro (AIOSEO) 4.9.6.2\" \/>\n\t\t<meta property=\"og:locale\" content=\"es_ES\" \/>\n\t\t<meta property=\"og:site_name\" content=\"El Digital de Asturias\" \/>\n\t\t<meta property=\"og:type\" content=\"article\" \/>\n\t\t<meta property=\"og:title\" content=\"UGT pide a Educaci\u00f3n que se abra una bolsa de trabajo para profesores de \u2018llingua\u2019 asturiana - El Digital de Asturias\" \/>\n\t\t<meta property=\"og:description\" content=\"OVIEDO, 24 Sep. (EUROPA PRESS) - La Federaci\u00f3n de Ense\u00f1anza de UGT ha demandado a la Consejer\u00eda de Educaci\u00f3n la apertura inmediata de bolsas de trabajo de profesores de &#039;llingua&#039; asturiana y gallego-asturiano. En un escueto comunicado, el sindicato ha mostrado esta reacci\u00f3n tras las denuncias hechas p\u00fablica la pasada semana sobre la falta de profesores\" \/>\n\t\t<meta property=\"og:url\" content=\"https:\/\/www.eldigitaldeasturias.com\/noticias\/ugt-pide-a-educacion-que-se-abra-una-bolsa-de-trabajo-para-profesores-de-llingua-asturiana\/\" \/>\n\t\t<meta property=\"og:image\" content=\"https:\/\/www.eldigitaldeasturias.com\/noticias\/wp-content\/uploads\/2013\/09\/aula.jpg\" \/>\n\t\t<meta property=\"og:image:secure_url\" content=\"https:\/\/www.eldigitaldeasturias.com\/noticias\/wp-content\/uploads\/2013\/09\/aula.jpg\" \/>\n\t\t<meta property=\"og:image:width\" content=\"800\" \/>\n\t\t<meta property=\"og:image:height\" content=\"488\" \/>\n\t\t<meta property=\"article:tag\" content=\"actualidad asturias\" \/>\n\t\t<meta property=\"article:published_time\" content=\"2013-09-24T22:33:14+00:00\" \/>\n\t\t<meta property=\"article:modified_time\" content=\"2013-09-24T22:33:14+00:00\" \/>\n\t\t<meta property=\"article:publisher\" content=\"https:\/\/facebook.com\/eldigitaldeasturias\" \/>\n\t\t<meta name=\"twitter:card\" content=\"summary_large_image\" \/>\n\t\t<meta name=\"twitter:title\" content=\"UGT pide a Educaci\u00f3n que se abra una bolsa de trabajo para profesores de \u2018llingua\u2019 asturiana - El Digital de Asturias\" \/>\n\t\t<meta name=\"twitter:description\" content=\"OVIEDO, 24 Sep. (EUROPA PRESS) - La Federaci\u00f3n de Ense\u00f1anza de UGT ha demandado a la Consejer\u00eda de Educaci\u00f3n la apertura inmediata de bolsas de trabajo de profesores de &#039;llingua&#039; asturiana y gallego-asturiano. En un escueto comunicado, el sindicato ha mostrado esta reacci\u00f3n tras las denuncias hechas p\u00fablica la pasada semana sobre la falta de profesores\" \/>\n\t\t<meta name=\"twitter:image\" content=\"https:\/\/www.eldigitaldeasturias.com\/noticias\/wp-content\/uploads\/2013\/09\/aula.jpg\" \/>\n\t\t<meta name=\"twitter:label1\" content=\"Escrito por\" \/>\n\t\t<meta name=\"twitter:data1\" content=\"El Digital de Asturias\" \/>\n\t\t<meta name=\"twitter:label2\" content=\"Tiempo de lectura estimado\" \/>\n\t\t<meta name=\"twitter:data2\" content=\"1 minuto\" \/>\n\t\t<script type=\"application\/ld+json\" class=\"aioseo-schema\">\n\t\t\t{\"@context\":\"https:\\\/\\\/schema.org\",\"@graph\":[{\"@type\":\"BlogPosting\",\"@id\":\"https:\\\/\\\/www.eldigitaldeasturias.com\\\/noticias\\\/ugt-pide-a-educacion-que-se-abra-una-bolsa-de-trabajo-para-profesores-de-llingua-asturiana\\\/#blogposting\",\"name\":\"UGT pide a Educaci\\u00f3n que se abra una bolsa de trabajo para profesores de \\u2018llingua\\u2019 asturiana - El Digital de Asturias\",\"headline\":\"UGT pide a Educaci\\u00f3n que se abra una bolsa de trabajo para profesores de &#8216;llingua&#8217; asturiana\",\"author\":{\"@id\":\"https:\\\/\\\/www.eldigitaldeasturias.com\\\/noticias\\\/author\\\/admin\\\/#author\"},\"publisher\":{\"@id\":\"https:\\\/\\\/www.eldigitaldeasturias.com\\\/noticias\\\/#organization\"},\"image\":{\"@type\":\"ImageObject\",\"url\":\"https:\\\/\\\/www.eldigitaldeasturias.com\\\/noticias\\\/wp-content\\\/uploads\\\/2013\\\/09\\\/aula.jpg\",\"width\":800,\"height\":488},\"datePublished\":\"2013-09-24T22:33:14+02:00\",\"dateModified\":\"2013-09-24T22:33:14+02:00\",\"inLanguage\":\"es-ES\",\"mainEntityOfPage\":{\"@id\":\"https:\\\/\\\/www.eldigitaldeasturias.com\\\/noticias\\\/ugt-pide-a-educacion-que-se-abra-una-bolsa-de-trabajo-para-profesores-de-llingua-asturiana\\\/#webpage\"},\"isPartOf\":{\"@id\":\"https:\\\/\\\/www.eldigitaldeasturias.com\\\/noticias\\\/ugt-pide-a-educacion-que-se-abra-una-bolsa-de-trabajo-para-profesores-de-llingua-asturiana\\\/#webpage\"},\"articleSection\":\"Actualidad Asturias\"},{\"@type\":\"BreadcrumbList\",\"@id\":\"https:\\\/\\\/www.eldigitaldeasturias.com\\\/noticias\\\/ugt-pide-a-educacion-que-se-abra-una-bolsa-de-trabajo-para-profesores-de-llingua-asturiana\\\/#breadcrumblist\",\"itemListElement\":[{\"@type\":\"ListItem\",\"@id\":\"https:\\\/\\\/www.eldigitaldeasturias.com\\\/noticias#listItem\",\"position\":1,\"name\":\"Home\",\"item\":\"https:\\\/\\\/www.eldigitaldeasturias.com\\\/noticias\",\"nextItem\":{\"@type\":\"ListItem\",\"@id\":\"https:\\\/\\\/www.eldigitaldeasturias.com\\\/noticias\\\/category\\\/actualidad-asturias\\\/#listItem\",\"name\":\"Actualidad Asturias\"}},{\"@type\":\"ListItem\",\"@id\":\"https:\\\/\\\/www.eldigitaldeasturias.com\\\/noticias\\\/category\\\/actualidad-asturias\\\/#listItem\",\"position\":2,\"name\":\"Actualidad Asturias\",\"item\":\"https:\\\/\\\/www.eldigitaldeasturias.com\\\/noticias\\\/category\\\/actualidad-asturias\\\/\",\"nextItem\":{\"@type\":\"ListItem\",\"@id\":\"https:\\\/\\\/www.eldigitaldeasturias.com\\\/noticias\\\/ugt-pide-a-educacion-que-se-abra-una-bolsa-de-trabajo-para-profesores-de-llingua-asturiana\\\/#listItem\",\"name\":\"UGT pide a Educaci\\u00f3n que se abra una bolsa de trabajo para profesores de &#8216;llingua&#8217; asturiana\"},\"previousItem\":{\"@type\":\"ListItem\",\"@id\":\"https:\\\/\\\/www.eldigitaldeasturias.com\\\/noticias#listItem\",\"name\":\"Home\"}},{\"@type\":\"ListItem\",\"@id\":\"https:\\\/\\\/www.eldigitaldeasturias.com\\\/noticias\\\/ugt-pide-a-educacion-que-se-abra-una-bolsa-de-trabajo-para-profesores-de-llingua-asturiana\\\/#listItem\",\"position\":3,\"name\":\"UGT pide a Educaci\\u00f3n que se abra una bolsa de trabajo para profesores de &#8216;llingua&#8217; asturiana\",\"previousItem\":{\"@type\":\"ListItem\",\"@id\":\"https:\\\/\\\/www.eldigitaldeasturias.com\\\/noticias\\\/category\\\/actualidad-asturias\\\/#listItem\",\"name\":\"Actualidad Asturias\"}}]},{\"@type\":\"Organization\",\"@id\":\"https:\\\/\\\/www.eldigitaldeasturias.com\\\/noticias\\\/#organization\",\"name\":\"El Digital de Asturias\",\"description\":\"Hemeroteca\",\"url\":\"https:\\\/\\\/www.eldigitaldeasturias.com\\\/noticias\\\/\",\"email\":\"info@eldigitaldeasturias.com\",\"telephone\":\"+34652131393\",\"logo\":{\"@type\":\"ImageObject\",\"url\":\"https:\\\/\\\/www.eldigitaldeasturias.com\\\/noticias\\\/wp-content\\\/uploads\\\/2020\\\/12\\\/EDA.jpg\",\"@id\":\"https:\\\/\\\/www.eldigitaldeasturias.com\\\/noticias\\\/ugt-pide-a-educacion-que-se-abra-una-bolsa-de-trabajo-para-profesores-de-llingua-asturiana\\\/#organizationLogo\",\"width\":649,\"height\":297},\"image\":{\"@id\":\"https:\\\/\\\/www.eldigitaldeasturias.com\\\/noticias\\\/ugt-pide-a-educacion-que-se-abra-una-bolsa-de-trabajo-para-profesores-de-llingua-asturiana\\\/#organizationLogo\"},\"sameAs\":[\"https:\\\/\\\/facebook.com\\\/eldigitaldeasturias\",\"https:\\\/\\\/www.youtube.com\\\/channel\\\/UCZP-2wLEB9Rv6erhFmqVnvg\"],\"address\":{\"@id\":\"https:\\\/\\\/www.eldigitaldeasturias.com\\\/noticias\\\/#postaladdress\",\"@type\":\"PostalAddress\",\"streetAddress\":\"san antonio 4,\",\"postalCode\":\"33430\",\"addressLocality\":\"Cand\\u00e1s\",\"addressRegion\":\"Asturias\",\"addressCountry\":\"ES\"}},{\"@type\":\"Person\",\"@id\":\"https:\\\/\\\/www.eldigitaldeasturias.com\\\/noticias\\\/author\\\/admin\\\/#author\",\"url\":\"https:\\\/\\\/www.eldigitaldeasturias.com\\\/noticias\\\/author\\\/admin\\\/\",\"name\":\"El Digital de Asturias\",\"image\":{\"@type\":\"ImageObject\",\"@id\":\"https:\\\/\\\/www.eldigitaldeasturias.com\\\/noticias\\\/ugt-pide-a-educacion-que-se-abra-una-bolsa-de-trabajo-para-profesores-de-llingua-asturiana\\\/#authorImage\",\"url\":\"https:\\\/\\\/www.eldigitaldeasturias.com\\\/noticias\\\/wp-content\\\/litespeed\\\/avatar\\\/18677e78aa0546b92d9dbf31ec7d7668.jpg?ver=1776685526\",\"width\":96,\"height\":96,\"caption\":\"El Digital de Asturias\"}},{\"@type\":\"WebPage\",\"@id\":\"https:\\\/\\\/www.eldigitaldeasturias.com\\\/noticias\\\/ugt-pide-a-educacion-que-se-abra-una-bolsa-de-trabajo-para-profesores-de-llingua-asturiana\\\/#webpage\",\"url\":\"https:\\\/\\\/www.eldigitaldeasturias.com\\\/noticias\\\/ugt-pide-a-educacion-que-se-abra-una-bolsa-de-trabajo-para-profesores-de-llingua-asturiana\\\/\",\"name\":\"UGT pide a Educaci\\u00f3n que se abra una bolsa de trabajo para profesores de \\u2018llingua\\u2019 asturiana - El Digital de Asturias\",\"description\":\"OVIEDO, 24 Sep. (EUROPA PRESS) - La Federaci\\u00f3n de Ense\\u00f1anza de UGT ha demandado a la Consejer\\u00eda de Educaci\\u00f3n la apertura inmediata de bolsas de trabajo de profesores de 'llingua' asturiana y gallego-asturiano. En un escueto comunicado, el sindicato ha mostrado esta reacci\\u00f3n tras las denuncias hechas p\\u00fablica la pasada semana sobre la falta de profesores\",\"inLanguage\":\"es-ES\",\"isPartOf\":{\"@id\":\"https:\\\/\\\/www.eldigitaldeasturias.com\\\/noticias\\\/#website\"},\"breadcrumb\":{\"@id\":\"https:\\\/\\\/www.eldigitaldeasturias.com\\\/noticias\\\/ugt-pide-a-educacion-que-se-abra-una-bolsa-de-trabajo-para-profesores-de-llingua-asturiana\\\/#breadcrumblist\"},\"author\":{\"@id\":\"https:\\\/\\\/www.eldigitaldeasturias.com\\\/noticias\\\/author\\\/admin\\\/#author\"},\"creator\":{\"@id\":\"https:\\\/\\\/www.eldigitaldeasturias.com\\\/noticias\\\/author\\\/admin\\\/#author\"},\"image\":{\"@type\":\"ImageObject\",\"url\":\"https:\\\/\\\/www.eldigitaldeasturias.com\\\/noticias\\\/wp-content\\\/uploads\\\/2013\\\/09\\\/aula.jpg\",\"@id\":\"https:\\\/\\\/www.eldigitaldeasturias.com\\\/noticias\\\/ugt-pide-a-educacion-que-se-abra-una-bolsa-de-trabajo-para-profesores-de-llingua-asturiana\\\/#mainImage\",\"width\":800,\"height\":488},\"primaryImageOfPage\":{\"@id\":\"https:\\\/\\\/www.eldigitaldeasturias.com\\\/noticias\\\/ugt-pide-a-educacion-que-se-abra-una-bolsa-de-trabajo-para-profesores-de-llingua-asturiana\\\/#mainImage\"},\"datePublished\":\"2013-09-24T22:33:14+02:00\",\"dateModified\":\"2013-09-24T22:33:14+02:00\"},{\"@type\":\"WebSite\",\"@id\":\"https:\\\/\\\/www.eldigitaldeasturias.com\\\/noticias\\\/#website\",\"url\":\"https:\\\/\\\/www.eldigitaldeasturias.com\\\/noticias\\\/\",\"name\":\"El Digital de Asturias - Diario de actualidad y noticias\",\"alternateName\":\"El Digital de Asturias - Diario de actualidad y noticias\",\"description\":\"Hemeroteca\",\"inLanguage\":\"es-ES\",\"publisher\":{\"@id\":\"https:\\\/\\\/www.eldigitaldeasturias.com\\\/noticias\\\/#organization\"}}]}\n\t\t<\/script>\n\t\t<!-- All in One SEO Pro -->\r\n\t\t<title>UGT pide a Educaci\u00f3n que se abra una bolsa de trabajo para profesores de \u2018llingua\u2019 asturiana - El Digital de Asturias<\/title>\n\n","aioseo_head_json":{"title":"UGT pide a Educaci\u00f3n que se abra una bolsa de trabajo para profesores de \u2018llingua\u2019 asturiana - El Digital de Asturias","description":"OVIEDO, 24 Sep. (EUROPA PRESS) - La Federaci\u00f3n de Ense\u00f1anza de UGT ha demandado a la Consejer\u00eda de Educaci\u00f3n la apertura inmediata de bolsas de trabajo de profesores de 'llingua' asturiana y gallego-asturiano. En un escueto comunicado, el sindicato ha mostrado esta reacci\u00f3n tras las denuncias hechas p\u00fablica la pasada semana sobre la falta de profesores","canonical_url":"https:\/\/www.eldigitaldeasturias.com\/noticias\/ugt-pide-a-educacion-que-se-abra-una-bolsa-de-trabajo-para-profesores-de-llingua-asturiana\/","robots":"max-image-preview:large","keywords":"actualidad asturias","webmasterTools":{"google-site-verification":"UA-38556648-1","msvalidate.01":"7dfe9f3f1b24437ab69f4f2559babe99","miscellaneous":""},"schema":{"@context":"https:\/\/schema.org","@graph":[{"@type":"BlogPosting","@id":"https:\/\/www.eldigitaldeasturias.com\/noticias\/ugt-pide-a-educacion-que-se-abra-una-bolsa-de-trabajo-para-profesores-de-llingua-asturiana\/#blogposting","name":"UGT pide a Educaci\u00f3n que se abra una bolsa de trabajo para profesores de \u2018llingua\u2019 asturiana - El Digital de Asturias","headline":"UGT pide a Educaci\u00f3n que se abra una bolsa de trabajo para profesores de &#8216;llingua&#8217; asturiana","author":{"@id":"https:\/\/www.eldigitaldeasturias.com\/noticias\/author\/admin\/#author"},"publisher":{"@id":"https:\/\/www.eldigitaldeasturias.com\/noticias\/#organization"},"image":{"@type":"ImageObject","url":"https:\/\/www.eldigitaldeasturias.com\/noticias\/wp-content\/uploads\/2013\/09\/aula.jpg","width":800,"height":488},"datePublished":"2013-09-24T22:33:14+02:00","dateModified":"2013-09-24T22:33:14+02:00","inLanguage":"es-ES","mainEntityOfPage":{"@id":"https:\/\/www.eldigitaldeasturias.com\/noticias\/ugt-pide-a-educacion-que-se-abra-una-bolsa-de-trabajo-para-profesores-de-llingua-asturiana\/#webpage"},"isPartOf":{"@id":"https:\/\/www.eldigitaldeasturias.com\/noticias\/ugt-pide-a-educacion-que-se-abra-una-bolsa-de-trabajo-para-profesores-de-llingua-asturiana\/#webpage"},"articleSection":"Actualidad Asturias"},{"@type":"BreadcrumbList","@id":"https:\/\/www.eldigitaldeasturias.com\/noticias\/ugt-pide-a-educacion-que-se-abra-una-bolsa-de-trabajo-para-profesores-de-llingua-asturiana\/#breadcrumblist","itemListElement":[{"@type":"ListItem","@id":"https:\/\/www.eldigitaldeasturias.com\/noticias#listItem","position":1,"name":"Home","item":"https:\/\/www.eldigitaldeasturias.com\/noticias","nextItem":{"@type":"ListItem","@id":"https:\/\/www.eldigitaldeasturias.com\/noticias\/category\/actualidad-asturias\/#listItem","name":"Actualidad Asturias"}},{"@type":"ListItem","@id":"https:\/\/www.eldigitaldeasturias.com\/noticias\/category\/actualidad-asturias\/#listItem","position":2,"name":"Actualidad Asturias","item":"https:\/\/www.eldigitaldeasturias.com\/noticias\/category\/actualidad-asturias\/","nextItem":{"@type":"ListItem","@id":"https:\/\/www.eldigitaldeasturias.com\/noticias\/ugt-pide-a-educacion-que-se-abra-una-bolsa-de-trabajo-para-profesores-de-llingua-asturiana\/#listItem","name":"UGT pide a Educaci\u00f3n que se abra una bolsa de trabajo para profesores de &#8216;llingua&#8217; asturiana"},"previousItem":{"@type":"ListItem","@id":"https:\/\/www.eldigitaldeasturias.com\/noticias#listItem","name":"Home"}},{"@type":"ListItem","@id":"https:\/\/www.eldigitaldeasturias.com\/noticias\/ugt-pide-a-educacion-que-se-abra-una-bolsa-de-trabajo-para-profesores-de-llingua-asturiana\/#listItem","position":3,"name":"UGT pide a Educaci\u00f3n que se abra una bolsa de trabajo para profesores de &#8216;llingua&#8217; asturiana","previousItem":{"@type":"ListItem","@id":"https:\/\/www.eldigitaldeasturias.com\/noticias\/category\/actualidad-asturias\/#listItem","name":"Actualidad Asturias"}}]},{"@type":"Organization","@id":"https:\/\/www.eldigitaldeasturias.com\/noticias\/#organization","name":"El Digital de Asturias","description":"Hemeroteca","url":"https:\/\/www.eldigitaldeasturias.com\/noticias\/","email":"info@eldigitaldeasturias.com","telephone":"+34652131393","logo":{"@type":"ImageObject","url":"https:\/\/www.eldigitaldeasturias.com\/noticias\/wp-content\/uploads\/2020\/12\/EDA.jpg","@id":"https:\/\/www.eldigitaldeasturias.com\/noticias\/ugt-pide-a-educacion-que-se-abra-una-bolsa-de-trabajo-para-profesores-de-llingua-asturiana\/#organizationLogo","width":649,"height":297},"image":{"@id":"https:\/\/www.eldigitaldeasturias.com\/noticias\/ugt-pide-a-educacion-que-se-abra-una-bolsa-de-trabajo-para-profesores-de-llingua-asturiana\/#organizationLogo"},"sameAs":["https:\/\/facebook.com\/eldigitaldeasturias","https:\/\/www.youtube.com\/channel\/UCZP-2wLEB9Rv6erhFmqVnvg"],"address":{"@id":"https:\/\/www.eldigitaldeasturias.com\/noticias\/#postaladdress","@type":"PostalAddress","streetAddress":"san antonio 4,","postalCode":"33430","addressLocality":"Cand\u00e1s","addressRegion":"Asturias","addressCountry":"ES"}},{"@type":"Person","@id":"https:\/\/www.eldigitaldeasturias.com\/noticias\/author\/admin\/#author","url":"https:\/\/www.eldigitaldeasturias.com\/noticias\/author\/admin\/","name":"El Digital de Asturias","image":{"@type":"ImageObject","@id":"https:\/\/www.eldigitaldeasturias.com\/noticias\/ugt-pide-a-educacion-que-se-abra-una-bolsa-de-trabajo-para-profesores-de-llingua-asturiana\/#authorImage","url":"https:\/\/www.eldigitaldeasturias.com\/noticias\/wp-content\/litespeed\/avatar\/18677e78aa0546b92d9dbf31ec7d7668.jpg?ver=1776685526","width":96,"height":96,"caption":"El Digital de Asturias"}},{"@type":"WebPage","@id":"https:\/\/www.eldigitaldeasturias.com\/noticias\/ugt-pide-a-educacion-que-se-abra-una-bolsa-de-trabajo-para-profesores-de-llingua-asturiana\/#webpage","url":"https:\/\/www.eldigitaldeasturias.com\/noticias\/ugt-pide-a-educacion-que-se-abra-una-bolsa-de-trabajo-para-profesores-de-llingua-asturiana\/","name":"UGT pide a Educaci\u00f3n que se abra una bolsa de trabajo para profesores de \u2018llingua\u2019 asturiana - El Digital de Asturias","description":"OVIEDO, 24 Sep. (EUROPA PRESS) - La Federaci\u00f3n de Ense\u00f1anza de UGT ha demandado a la Consejer\u00eda de Educaci\u00f3n la apertura inmediata de bolsas de trabajo de profesores de 'llingua' asturiana y gallego-asturiano. En un escueto comunicado, el sindicato ha mostrado esta reacci\u00f3n tras las denuncias hechas p\u00fablica la pasada semana sobre la falta de profesores","inLanguage":"es-ES","isPartOf":{"@id":"https:\/\/www.eldigitaldeasturias.com\/noticias\/#website"},"breadcrumb":{"@id":"https:\/\/www.eldigitaldeasturias.com\/noticias\/ugt-pide-a-educacion-que-se-abra-una-bolsa-de-trabajo-para-profesores-de-llingua-asturiana\/#breadcrumblist"},"author":{"@id":"https:\/\/www.eldigitaldeasturias.com\/noticias\/author\/admin\/#author"},"creator":{"@id":"https:\/\/www.eldigitaldeasturias.com\/noticias\/author\/admin\/#author"},"image":{"@type":"ImageObject","url":"https:\/\/www.eldigitaldeasturias.com\/noticias\/wp-content\/uploads\/2013\/09\/aula.jpg","@id":"https:\/\/www.eldigitaldeasturias.com\/noticias\/ugt-pide-a-educacion-que-se-abra-una-bolsa-de-trabajo-para-profesores-de-llingua-asturiana\/#mainImage","width":800,"height":488},"primaryImageOfPage":{"@id":"https:\/\/www.eldigitaldeasturias.com\/noticias\/ugt-pide-a-educacion-que-se-abra-una-bolsa-de-trabajo-para-profesores-de-llingua-asturiana\/#mainImage"},"datePublished":"2013-09-24T22:33:14+02:00","dateModified":"2013-09-24T22:33:14+02:00"},{"@type":"WebSite","@id":"https:\/\/www.eldigitaldeasturias.com\/noticias\/#website","url":"https:\/\/www.eldigitaldeasturias.com\/noticias\/","name":"El Digital de Asturias - Diario de actualidad y noticias","alternateName":"El Digital de Asturias - Diario de actualidad y noticias","description":"Hemeroteca","inLanguage":"es-ES","publisher":{"@id":"https:\/\/www.eldigitaldeasturias.com\/noticias\/#organization"}}]},"og:locale":"es_ES","og:site_name":"El Digital de Asturias","og:type":"article","og:title":"UGT pide a Educaci\u00f3n que se abra una bolsa de trabajo para profesores de \u2018llingua\u2019 asturiana - El Digital de Asturias","og:description":"OVIEDO, 24 Sep. (EUROPA PRESS) - La Federaci\u00f3n de Ense\u00f1anza de UGT ha demandado a la Consejer\u00eda de Educaci\u00f3n la apertura inmediata de bolsas de trabajo de profesores de 'llingua' asturiana y gallego-asturiano. En un escueto comunicado, el sindicato ha mostrado esta reacci\u00f3n tras las denuncias hechas p\u00fablica la pasada semana sobre la falta de profesores","og:url":"https:\/\/www.eldigitaldeasturias.com\/noticias\/ugt-pide-a-educacion-que-se-abra-una-bolsa-de-trabajo-para-profesores-de-llingua-asturiana\/","og:image":"https:\/\/www.eldigitaldeasturias.com\/noticias\/wp-content\/uploads\/2013\/09\/aula.jpg","og:image:secure_url":"https:\/\/www.eldigitaldeasturias.com\/noticias\/wp-content\/uploads\/2013\/09\/aula.jpg","og:image:width":800,"og:image:height":488,"article:tag":["actualidad asturias"],"article:published_time":"2013-09-24T22:33:14+00:00","article:modified_time":"2013-09-24T22:33:14+00:00","article:publisher":"https:\/\/facebook.com\/eldigitaldeasturias","twitter:card":"summary_large_image","twitter:title":"UGT pide a Educaci\u00f3n que se abra una bolsa de trabajo para profesores de \u2018llingua\u2019 asturiana - El Digital de Asturias","twitter:description":"OVIEDO, 24 Sep. (EUROPA PRESS) - La Federaci\u00f3n de Ense\u00f1anza de UGT ha demandado a la Consejer\u00eda de Educaci\u00f3n la apertura inmediata de bolsas de trabajo de profesores de 'llingua' asturiana y gallego-asturiano. En un escueto comunicado, el sindicato ha mostrado esta reacci\u00f3n tras las denuncias hechas p\u00fablica la pasada semana sobre la falta de profesores","twitter:image":"https:\/\/www.eldigitaldeasturias.com\/noticias\/wp-content\/uploads\/2013\/09\/aula.jpg","twitter:label1":"Escrito por","twitter:data1":"El Digital de Asturias","twitter:label2":"Tiempo de lectura estimado","twitter:data2":"1 minuto"},"aioseo_meta_data":{"post_id":"2848","title":null,"description":null,"keywords":null,"keyphrases":null,"primary_term":null,"canonical_url":null,"og_title":null,"og_description":null,"og_object_type":"default","og_image_type":"default","og_image_url":null,"og_image_width":null,"og_image_height":null,"og_image_custom_url":null,"og_image_custom_fields":null,"og_video":null,"og_custom_url":null,"og_article_section":null,"og_article_tags":null,"twitter_use_og":true,"twitter_card":"default","twitter_image_type":"default","twitter_image_url":null,"twitter_image_custom_url":null,"twitter_image_custom_fields":null,"twitter_title":null,"twitter_description":null,"schema":{"blockGraphs":[],"customGraphs":[],"default":{"data":{"Article":[],"Course":[],"Dataset":[],"FAQPage":[],"Movie":[],"Person":[],"Product":[],"ProductReview":[],"Car":[],"Recipe":[],"Service":[],"SoftwareApplication":[],"WebPage":[]},"graphName":"","isEnabled":true},"graphs":[],"defaultGraph":"","defaultPostTypeGraph":""},"schema_type":null,"schema_type_options":null,"pillar_content":false,"robots_default":true,"robots_noindex":false,"robots_noarchive":false,"robots_nosnippet":false,"robots_nofollow":false,"robots_noimageindex":false,"robots_noodp":false,"robots_notranslate":false,"robots_max_snippet":null,"robots_max_videopreview":null,"robots_max_imagepreview":"none","priority":null,"frequency":null,"local_seo":null,"seo_analyzer_scan_date":"2025-08-21 05:04:48","breadcrumb_settings":null,"limit_modified_date":false,"open_ai":null,"ai":null,"created":"2020-11-14 22:36:57","updated":"2025-08-21 05:04:48"},"aioseo_breadcrumb":"<div class=\"aioseo-breadcrumbs\"><span class=\"aioseo-breadcrumb\">\n\t<a href=\"https:\/\/www.eldigitaldeasturias.com\/noticias\" title=\"Home\">Home<\/a>\n<\/span><span class=\"aioseo-breadcrumb-separator\">\u2013<\/span><span class=\"aioseo-breadcrumb\">\n\t<a href=\"https:\/\/www.eldigitaldeasturias.com\/noticias\/category\/actualidad-asturias\/\" title=\"Actualidad Asturias\">Actualidad Asturias<\/a>\n<\/span><span class=\"aioseo-breadcrumb-separator\">\u2013<\/span><span class=\"aioseo-breadcrumb\">\n\t<a href=\"https:\/\/www.eldigitaldeasturias.com\/noticias\/ugt-pide-a-educacion-que-se-abra-una-bolsa-de-trabajo-para-profesores-de-llingua-asturiana\/\" title=\"UGT pide a Educaci\u00f3n que se abra una bolsa de trabajo para profesores de \u2018llingua\u2019 asturiana\">UGT pide a Educaci\u00f3n que se abra una bolsa de trabajo para profesores de \u2018llingua\u2019 asturiana<\/a>\n<\/span><\/div>","aioseo_breadcrumb_json":[{"label":"Home","link":"https:\/\/www.eldigitaldeasturias.com\/noticias"},{"label":"Actualidad Asturias","link":"https:\/\/www.eldigitaldeasturias.com\/noticias\/category\/actualidad-asturias\/"},{"label":"UGT pide a Educaci\u00f3n que se abra una bolsa de trabajo para profesores de &#8216;llingua&#8217; asturiana","link":"https:\/\/www.eldigitaldeasturias.com\/noticias\/ugt-pide-a-educacion-que-se-abra-una-bolsa-de-trabajo-para-profesores-de-llingua-asturiana\/"}],"_links":{"self":[{"href":"https:\/\/www.eldigitaldeasturias.com\/noticias\/wp-json\/wp\/v2\/posts\/2848","targetHints":{"allow":["GET"]}}],"collection":[{"href":"https:\/\/www.eldigitaldeasturias.com\/noticias\/wp-json\/wp\/v2\/posts"}],"about":[{"href":"https:\/\/www.eldigitaldeasturias.com\/noticias\/wp-json\/wp\/v2\/types\/post"}],"author":[{"embeddable":true,"href":"https:\/\/www.eldigitaldeasturias.com\/noticias\/wp-json\/wp\/v2\/users\/1"}],"replies":[{"embeddable":true,"href":"https:\/\/www.eldigitaldeasturias.com\/noticias\/wp-json\/wp\/v2\/comments?post=2848"}],"version-history":[{"count":0,"href":"https:\/\/www.eldigitaldeasturias.com\/noticias\/wp-json\/wp\/v2\/posts\/2848\/revisions"}],"wp:featuredmedia":[{"embeddable":true,"href":"https:\/\/www.eldigitaldeasturias.com\/noticias\/wp-json\/wp\/v2\/media\/793"}],"wp:attachment":[{"href":"https:\/\/www.eldigitaldeasturias.com\/noticias\/wp-json\/wp\/v2\/media?parent=2848"}],"wp:term":[{"taxonomy":"category","embeddable":true,"href":"https:\/\/www.eldigitaldeasturias.com\/noticias\/wp-json\/wp\/v2\/categories?post=2848"},{"taxonomy":"post_tag","embeddable":true,"href":"https:\/\/www.eldigitaldeasturias.com\/noticias\/wp-json\/wp\/v2\/tags?post=2848"}],"curies":[{"name":"wp","href":"https:\/\/api.w.org\/{rel}","templated":true}]}}