{"id":2845,"date":"2013-09-24T22:31:45","date_gmt":"2013-09-24T22:31:45","guid":{"rendered":"http:\/\/www.eldigitaldeasturias.com\/noticias\/?p=2845"},"modified":"2013-09-24T22:31:45","modified_gmt":"2013-09-24T22:31:45","slug":"los-vecinos-aportan-documentos-de-otra-terraza-sin-licencia-esta-vez-fuera-de-la-plaza-de-el-fontan","status":"publish","type":"post","link":"https:\/\/www.eldigitaldeasturias.com\/noticias\/los-vecinos-aportan-documentos-de-otra-terraza-sin-licencia-esta-vez-fuera-de-la-plaza-de-el-fontan\/","title":{"rendered":"Los vecinos aportan documentos de otra terraza sin licencia, esta vez fuera de la plaza de El Font\u00e1n"},"content":{"rendered":"<p><img loading=\"lazy\" decoding=\"async\" class=\"alignleft size-medium wp-image-2846\" alt=\"fotonoticia_20130924131554_800\" src=\"https:\/\/www.eldigitaldeasturias.com\/noticias\/wp-content\/uploads\/2013\/09\/fotonoticia_20130924131554_800-360x269.jpg\" width=\"360\" height=\"269\" \/>OVIEDO, 24 Sep. (EUROPA PRESS) &#8211;\u00a0Las asociaciones vecinales de El Font\u00e1n y Oviedo Antiguo, y el colectivo Afectados por la Movida, han hecho p\u00fablico este martes una propuesta de cierre de terraza y actividad musical de un establecimiento hostelero en 2010, firmada por el entonces concejal de Urbanismo, Alberto Mortera, y que no se ha cumplido. Se trata esta vez de un local en la calle Mart\u00ednez Vigil, y no en la Plaza del Font\u00e1n, como las anteriores, por lo que consideran que se trata de un problema extendido otra partes del casco urbano.<\/p>\n<p>Los colectivos vecinales, acompa\u00f1ados por su representante legal, Ana \u00c1lvarez, y haciendo de portavoz Juan Garc\u00eda, de Oviedo Antiguo, han ofrecido una rueda de prensa, tres d\u00edas despu\u00e9s de se conociese que la Fiscal\u00eda ha denunciado a Alberto Mortera por prevaricaci\u00f3n, y otros posibles delitos. La decisi\u00f3n fue tomada a partir de las denuncias de los colectivos vecinales, que le acusaban de no aplicar resoluciones de cierre de terrazas y actividades musicales a los negocios hosteleros de la zona de El Font\u00e1n que carec\u00edan de licencia para ello.<\/p>\n<p>Este martes Garc\u00eda ha presentado un nuevo escrito, en este caso de fecha 29 de octubre de 2010, y que no se refiere a la Plaza de El Font\u00e1n. Se trata de un informe de Disciplina Urban\u00edstica del Ayuntamiento de Oviedo, en el que se propone el cierre de la terraza y del equipo de sonido de un local de la calle Mart\u00ednez Vigil, por carecer de las correspondientes licencias. El documento est\u00e1 firmado por Alberto Mortera y la funcionaria correspondiente.<\/p>\n<p>Tras recalcar que el negocio, pese a esta resoluci\u00f3n, sigui\u00f3 funcionando, Garc\u00eda ha se\u00f1alado que \u00abel problema no se circunscribe a El Font\u00e1n\u00bb. En su opini\u00f3n, \u00abexiste un sector de la hosteler\u00eda que se ha aprovechado de la permisividad del Ayuntamiento y ha desarrollado su actividad en una situaci\u00f3n ilegal con la que le va muy bien\u00bb. Se ha referido, a modo de ejemplo, a la calle Fruela, \u00abque durante las fiestas de San Mateo ha sido imposible utilizar por los peatones\u00bb.<\/p>\n<p>P\u00c9RDIDA DE INGRESOS<\/p>\n<p>Garc\u00eda tambi\u00e9n ha demandado una creaci\u00f3n de una comisi\u00f3n de investigaci\u00f3n interna por este asunto en el Ayuntamiento, as\u00ed como una auditor\u00eda externa que trate de cuantificar el dinero que el Ayuntamiento ha dejado de ingresar en materia de impuestos que deber\u00edan haber pagado estas actividades sin licencia.<\/p>\n<p>Preguntada por los periodistas, Ana \u00c1lvarez ha explicado que a\u00fan no es posible ofrecer una cifra. Tambi\u00e9n ha sido interpelada por la posible ampliaci\u00f3n del proceso contra otros cargos municipales, y no solo a Mortera. Seg\u00fan la letrada, las denuncias abarcan unos hechos producidos a partir del a\u00f1o 2003, y desde entonces han pasado varios concejales de urbanismo por el Ayuntamiento, entre ellos el diputado auton\u00f3mico del PP, Jos\u00e9 Agust\u00edn Cuervas-Mons, y el actual responsable del cargo, Jos\u00e9 Ram\u00f3n Pando. \u00abPuede ser que se les llame a declarar, y que alguno acabe tambi\u00e9n imputado\u00bb, ha se\u00f1alado.<\/p>\n<p>Tanto Garc\u00eda como \u00c1lvarez se han felicitado por la denuncia interpuesta por Fiscal\u00eda. La abogada adem\u00e1s ha criticado \u00abla indecencia que supone obligar a los ciudadanos a pasar a\u00f1os enteros dedicados a este asunto\u00bb. \u00abEl tiempo que hemos perdido con esto no nos lo devolver\u00e1 nadie\u00bb, ha apuntado, recordando que los vecinos han realizado un trabajo de investigaci\u00f3n \u00abque deber\u00edan hacer los pol\u00edticos\u00bb.<\/p>\n","protected":false},"excerpt":{"rendered":"<p>OVIEDO, 24 Sep. (EUROPA PRESS) &#8211;\u00a0Las asociaciones vecinales de El Font\u00e1n y Oviedo Antiguo, y el colectivo Afectados por la Movida, han hecho p\u00fablico este martes una propuesta de cierre de terraza y actividad musical de un establecimiento hostelero en 2010, firmada por el entonces concejal de Urbanismo, Alberto Mortera, y que no se ha [&hellip;]<\/p>\n","protected":false},"author":1,"featured_media":2846,"comment_status":"open","ping_status":"open","sticky":false,"template":"","format":"standard","meta":{"footnotes":""},"categories":[12],"tags":[],"class_list":["post-2845","post","type-post","status-publish","format-standard","has-post-thumbnail","hentry","category-actualidad-asturias"],"aioseo_notices":[],"aioseo_head":"\n\t\t<!-- All in One SEO Pro 4.9.6.2 - aioseo.com -->\n\t<meta name=\"description\" content=\"OVIEDO, 24 Sep. (EUROPA PRESS) - Las asociaciones vecinales de El Font\u00e1n y Oviedo Antiguo, y el colectivo Afectados por la Movida, han hecho p\u00fablico este martes una propuesta de cierre de terraza y actividad musical de un establecimiento hostelero en 2010, firmada por el entonces concejal de Urbanismo, Alberto Mortera, y que no se ha\" \/>\n\t<meta name=\"robots\" content=\"max-image-preview:large\" \/>\n\t<meta name=\"author\" content=\"El Digital de Asturias\"\/>\n\t<meta name=\"google-site-verification\" content=\"UA-38556648-1\" \/>\n\t<meta name=\"msvalidate.01\" content=\"7dfe9f3f1b24437ab69f4f2559babe99\" \/>\n\t<meta name=\"keywords\" content=\"actualidad asturias\" \/>\n\t<link rel=\"canonical\" href=\"https:\/\/www.eldigitaldeasturias.com\/noticias\/los-vecinos-aportan-documentos-de-otra-terraza-sin-licencia-esta-vez-fuera-de-la-plaza-de-el-fontan\/\" \/>\n\t<meta name=\"generator\" content=\"All in One SEO Pro (AIOSEO) 4.9.6.2\" \/>\n\t\t<meta property=\"og:locale\" content=\"es_ES\" \/>\n\t\t<meta property=\"og:site_name\" content=\"El Digital de Asturias\" \/>\n\t\t<meta property=\"og:type\" content=\"article\" \/>\n\t\t<meta property=\"og:title\" content=\"Los vecinos aportan documentos de otra terraza sin licencia, esta vez fuera de la plaza de El Font\u00e1n - El Digital de Asturias\" \/>\n\t\t<meta property=\"og:description\" content=\"OVIEDO, 24 Sep. (EUROPA PRESS) - Las asociaciones vecinales de El Font\u00e1n y Oviedo Antiguo, y el colectivo Afectados por la Movida, han hecho p\u00fablico este martes una propuesta de cierre de terraza y actividad musical de un establecimiento hostelero en 2010, firmada por el entonces concejal de Urbanismo, Alberto Mortera, y que no se ha\" \/>\n\t\t<meta property=\"og:url\" content=\"https:\/\/www.eldigitaldeasturias.com\/noticias\/los-vecinos-aportan-documentos-de-otra-terraza-sin-licencia-esta-vez-fuera-de-la-plaza-de-el-fontan\/\" \/>\n\t\t<meta property=\"article:tag\" content=\"actualidad asturias\" \/>\n\t\t<meta property=\"article:published_time\" content=\"2013-09-24T22:31:45+00:00\" \/>\n\t\t<meta property=\"article:modified_time\" content=\"2013-09-24T22:31:45+00:00\" \/>\n\t\t<meta property=\"article:publisher\" content=\"https:\/\/facebook.com\/eldigitaldeasturias\" \/>\n\t\t<meta name=\"twitter:card\" content=\"summary_large_image\" \/>\n\t\t<meta name=\"twitter:title\" content=\"Los vecinos aportan documentos de otra terraza sin licencia, esta vez fuera de la plaza de El Font\u00e1n - El Digital de Asturias\" \/>\n\t\t<meta name=\"twitter:description\" content=\"OVIEDO, 24 Sep. (EUROPA PRESS) - Las asociaciones vecinales de El Font\u00e1n y Oviedo Antiguo, y el colectivo Afectados por la Movida, han hecho p\u00fablico este martes una propuesta de cierre de terraza y actividad musical de un establecimiento hostelero en 2010, firmada por el entonces concejal de Urbanismo, Alberto Mortera, y que no se ha\" \/>\n\t\t<meta name=\"twitter:label1\" content=\"Escrito por\" \/>\n\t\t<meta name=\"twitter:data1\" content=\"El Digital de Asturias\" \/>\n\t\t<meta name=\"twitter:label2\" content=\"Tiempo de lectura estimado\" \/>\n\t\t<meta name=\"twitter:data2\" content=\"3 minutos\" \/>\n\t\t<script type=\"application\/ld+json\" class=\"aioseo-schema\">\n\t\t\t{\"@context\":\"https:\\\/\\\/schema.org\",\"@graph\":[{\"@type\":\"BlogPosting\",\"@id\":\"https:\\\/\\\/www.eldigitaldeasturias.com\\\/noticias\\\/los-vecinos-aportan-documentos-de-otra-terraza-sin-licencia-esta-vez-fuera-de-la-plaza-de-el-fontan\\\/#blogposting\",\"name\":\"Los vecinos aportan documentos de otra terraza sin licencia, esta vez fuera de la plaza de El Font\\u00e1n - El Digital de Asturias\",\"headline\":\"Los vecinos aportan documentos de otra terraza sin licencia, esta vez fuera de la plaza de El Font\\u00e1n\",\"author\":{\"@id\":\"https:\\\/\\\/www.eldigitaldeasturias.com\\\/noticias\\\/author\\\/admin\\\/#author\"},\"publisher\":{\"@id\":\"https:\\\/\\\/www.eldigitaldeasturias.com\\\/noticias\\\/#organization\"},\"image\":{\"@type\":\"ImageObject\",\"url\":2846},\"datePublished\":\"2013-09-24T22:31:45+02:00\",\"dateModified\":\"2013-09-24T22:31:45+02:00\",\"inLanguage\":\"es-ES\",\"mainEntityOfPage\":{\"@id\":\"https:\\\/\\\/www.eldigitaldeasturias.com\\\/noticias\\\/los-vecinos-aportan-documentos-de-otra-terraza-sin-licencia-esta-vez-fuera-de-la-plaza-de-el-fontan\\\/#webpage\"},\"isPartOf\":{\"@id\":\"https:\\\/\\\/www.eldigitaldeasturias.com\\\/noticias\\\/los-vecinos-aportan-documentos-de-otra-terraza-sin-licencia-esta-vez-fuera-de-la-plaza-de-el-fontan\\\/#webpage\"},\"articleSection\":\"Actualidad Asturias\"},{\"@type\":\"BreadcrumbList\",\"@id\":\"https:\\\/\\\/www.eldigitaldeasturias.com\\\/noticias\\\/los-vecinos-aportan-documentos-de-otra-terraza-sin-licencia-esta-vez-fuera-de-la-plaza-de-el-fontan\\\/#breadcrumblist\",\"itemListElement\":[{\"@type\":\"ListItem\",\"@id\":\"https:\\\/\\\/www.eldigitaldeasturias.com\\\/noticias#listItem\",\"position\":1,\"name\":\"Home\",\"item\":\"https:\\\/\\\/www.eldigitaldeasturias.com\\\/noticias\",\"nextItem\":{\"@type\":\"ListItem\",\"@id\":\"https:\\\/\\\/www.eldigitaldeasturias.com\\\/noticias\\\/category\\\/actualidad-asturias\\\/#listItem\",\"name\":\"Actualidad Asturias\"}},{\"@type\":\"ListItem\",\"@id\":\"https:\\\/\\\/www.eldigitaldeasturias.com\\\/noticias\\\/category\\\/actualidad-asturias\\\/#listItem\",\"position\":2,\"name\":\"Actualidad Asturias\",\"item\":\"https:\\\/\\\/www.eldigitaldeasturias.com\\\/noticias\\\/category\\\/actualidad-asturias\\\/\",\"nextItem\":{\"@type\":\"ListItem\",\"@id\":\"https:\\\/\\\/www.eldigitaldeasturias.com\\\/noticias\\\/los-vecinos-aportan-documentos-de-otra-terraza-sin-licencia-esta-vez-fuera-de-la-plaza-de-el-fontan\\\/#listItem\",\"name\":\"Los vecinos aportan documentos de otra terraza sin licencia, esta vez fuera de la plaza de El Font\\u00e1n\"},\"previousItem\":{\"@type\":\"ListItem\",\"@id\":\"https:\\\/\\\/www.eldigitaldeasturias.com\\\/noticias#listItem\",\"name\":\"Home\"}},{\"@type\":\"ListItem\",\"@id\":\"https:\\\/\\\/www.eldigitaldeasturias.com\\\/noticias\\\/los-vecinos-aportan-documentos-de-otra-terraza-sin-licencia-esta-vez-fuera-de-la-plaza-de-el-fontan\\\/#listItem\",\"position\":3,\"name\":\"Los vecinos aportan documentos de otra terraza sin licencia, esta vez fuera de la plaza de El Font\\u00e1n\",\"previousItem\":{\"@type\":\"ListItem\",\"@id\":\"https:\\\/\\\/www.eldigitaldeasturias.com\\\/noticias\\\/category\\\/actualidad-asturias\\\/#listItem\",\"name\":\"Actualidad Asturias\"}}]},{\"@type\":\"Organization\",\"@id\":\"https:\\\/\\\/www.eldigitaldeasturias.com\\\/noticias\\\/#organization\",\"name\":\"El Digital de Asturias\",\"description\":\"Hemeroteca\",\"url\":\"https:\\\/\\\/www.eldigitaldeasturias.com\\\/noticias\\\/\",\"email\":\"info@eldigitaldeasturias.com\",\"telephone\":\"+34652131393\",\"logo\":{\"@type\":\"ImageObject\",\"url\":\"https:\\\/\\\/www.eldigitaldeasturias.com\\\/noticias\\\/wp-content\\\/uploads\\\/2020\\\/12\\\/EDA.jpg\",\"@id\":\"https:\\\/\\\/www.eldigitaldeasturias.com\\\/noticias\\\/los-vecinos-aportan-documentos-de-otra-terraza-sin-licencia-esta-vez-fuera-de-la-plaza-de-el-fontan\\\/#organizationLogo\",\"width\":649,\"height\":297},\"image\":{\"@id\":\"https:\\\/\\\/www.eldigitaldeasturias.com\\\/noticias\\\/los-vecinos-aportan-documentos-de-otra-terraza-sin-licencia-esta-vez-fuera-de-la-plaza-de-el-fontan\\\/#organizationLogo\"},\"sameAs\":[\"https:\\\/\\\/facebook.com\\\/eldigitaldeasturias\",\"https:\\\/\\\/www.youtube.com\\\/channel\\\/UCZP-2wLEB9Rv6erhFmqVnvg\"],\"address\":{\"@id\":\"https:\\\/\\\/www.eldigitaldeasturias.com\\\/noticias\\\/#postaladdress\",\"@type\":\"PostalAddress\",\"streetAddress\":\"san antonio 4,\",\"postalCode\":\"33430\",\"addressLocality\":\"Cand\\u00e1s\",\"addressRegion\":\"Asturias\",\"addressCountry\":\"ES\"}},{\"@type\":\"Person\",\"@id\":\"https:\\\/\\\/www.eldigitaldeasturias.com\\\/noticias\\\/author\\\/admin\\\/#author\",\"url\":\"https:\\\/\\\/www.eldigitaldeasturias.com\\\/noticias\\\/author\\\/admin\\\/\",\"name\":\"El Digital de Asturias\",\"image\":{\"@type\":\"ImageObject\",\"@id\":\"https:\\\/\\\/www.eldigitaldeasturias.com\\\/noticias\\\/los-vecinos-aportan-documentos-de-otra-terraza-sin-licencia-esta-vez-fuera-de-la-plaza-de-el-fontan\\\/#authorImage\",\"url\":\"https:\\\/\\\/www.eldigitaldeasturias.com\\\/noticias\\\/wp-content\\\/litespeed\\\/avatar\\\/18677e78aa0546b92d9dbf31ec7d7668.jpg?ver=1776685526\",\"width\":96,\"height\":96,\"caption\":\"El Digital de Asturias\"}},{\"@type\":\"WebPage\",\"@id\":\"https:\\\/\\\/www.eldigitaldeasturias.com\\\/noticias\\\/los-vecinos-aportan-documentos-de-otra-terraza-sin-licencia-esta-vez-fuera-de-la-plaza-de-el-fontan\\\/#webpage\",\"url\":\"https:\\\/\\\/www.eldigitaldeasturias.com\\\/noticias\\\/los-vecinos-aportan-documentos-de-otra-terraza-sin-licencia-esta-vez-fuera-de-la-plaza-de-el-fontan\\\/\",\"name\":\"Los vecinos aportan documentos de otra terraza sin licencia, esta vez fuera de la plaza de El Font\\u00e1n - El Digital de Asturias\",\"description\":\"OVIEDO, 24 Sep. (EUROPA PRESS) - Las asociaciones vecinales de El Font\\u00e1n y Oviedo Antiguo, y el colectivo Afectados por la Movida, han hecho p\\u00fablico este martes una propuesta de cierre de terraza y actividad musical de un establecimiento hostelero en 2010, firmada por el entonces concejal de Urbanismo, Alberto Mortera, y que no se ha\",\"inLanguage\":\"es-ES\",\"isPartOf\":{\"@id\":\"https:\\\/\\\/www.eldigitaldeasturias.com\\\/noticias\\\/#website\"},\"breadcrumb\":{\"@id\":\"https:\\\/\\\/www.eldigitaldeasturias.com\\\/noticias\\\/los-vecinos-aportan-documentos-de-otra-terraza-sin-licencia-esta-vez-fuera-de-la-plaza-de-el-fontan\\\/#breadcrumblist\"},\"author\":{\"@id\":\"https:\\\/\\\/www.eldigitaldeasturias.com\\\/noticias\\\/author\\\/admin\\\/#author\"},\"creator\":{\"@id\":\"https:\\\/\\\/www.eldigitaldeasturias.com\\\/noticias\\\/author\\\/admin\\\/#author\"},\"image\":{\"@type\":\"ImageObject\",\"url\":2846,\"@id\":\"https:\\\/\\\/www.eldigitaldeasturias.com\\\/noticias\\\/los-vecinos-aportan-documentos-de-otra-terraza-sin-licencia-esta-vez-fuera-de-la-plaza-de-el-fontan\\\/#mainImage\"},\"primaryImageOfPage\":{\"@id\":\"https:\\\/\\\/www.eldigitaldeasturias.com\\\/noticias\\\/los-vecinos-aportan-documentos-de-otra-terraza-sin-licencia-esta-vez-fuera-de-la-plaza-de-el-fontan\\\/#mainImage\"},\"datePublished\":\"2013-09-24T22:31:45+02:00\",\"dateModified\":\"2013-09-24T22:31:45+02:00\"},{\"@type\":\"WebSite\",\"@id\":\"https:\\\/\\\/www.eldigitaldeasturias.com\\\/noticias\\\/#website\",\"url\":\"https:\\\/\\\/www.eldigitaldeasturias.com\\\/noticias\\\/\",\"name\":\"El Digital de Asturias - Diario de actualidad y noticias\",\"alternateName\":\"El Digital de Asturias - Diario de actualidad y noticias\",\"description\":\"Hemeroteca\",\"inLanguage\":\"es-ES\",\"publisher\":{\"@id\":\"https:\\\/\\\/www.eldigitaldeasturias.com\\\/noticias\\\/#organization\"}}]}\n\t\t<\/script>\n\t\t<!-- All in One SEO Pro -->\r\n\t\t<title>Los vecinos aportan documentos de otra terraza sin licencia, esta vez fuera de la plaza de El Font\u00e1n - El Digital de Asturias<\/title>\n\n","aioseo_head_json":{"title":"Los vecinos aportan documentos de otra terraza sin licencia, esta vez fuera de la plaza de El Font\u00e1n - El Digital de Asturias","description":"OVIEDO, 24 Sep. (EUROPA PRESS) - Las asociaciones vecinales de El Font\u00e1n y Oviedo Antiguo, y el colectivo Afectados por la Movida, han hecho p\u00fablico este martes una propuesta de cierre de terraza y actividad musical de un establecimiento hostelero en 2010, firmada por el entonces concejal de Urbanismo, Alberto Mortera, y que no se ha","canonical_url":"https:\/\/www.eldigitaldeasturias.com\/noticias\/los-vecinos-aportan-documentos-de-otra-terraza-sin-licencia-esta-vez-fuera-de-la-plaza-de-el-fontan\/","robots":"max-image-preview:large","keywords":"actualidad asturias","webmasterTools":{"google-site-verification":"UA-38556648-1","msvalidate.01":"7dfe9f3f1b24437ab69f4f2559babe99","miscellaneous":""},"schema":{"@context":"https:\/\/schema.org","@graph":[{"@type":"BlogPosting","@id":"https:\/\/www.eldigitaldeasturias.com\/noticias\/los-vecinos-aportan-documentos-de-otra-terraza-sin-licencia-esta-vez-fuera-de-la-plaza-de-el-fontan\/#blogposting","name":"Los vecinos aportan documentos de otra terraza sin licencia, esta vez fuera de la plaza de El Font\u00e1n - El Digital de Asturias","headline":"Los vecinos aportan documentos de otra terraza sin licencia, esta vez fuera de la plaza de El Font\u00e1n","author":{"@id":"https:\/\/www.eldigitaldeasturias.com\/noticias\/author\/admin\/#author"},"publisher":{"@id":"https:\/\/www.eldigitaldeasturias.com\/noticias\/#organization"},"image":{"@type":"ImageObject","url":2846},"datePublished":"2013-09-24T22:31:45+02:00","dateModified":"2013-09-24T22:31:45+02:00","inLanguage":"es-ES","mainEntityOfPage":{"@id":"https:\/\/www.eldigitaldeasturias.com\/noticias\/los-vecinos-aportan-documentos-de-otra-terraza-sin-licencia-esta-vez-fuera-de-la-plaza-de-el-fontan\/#webpage"},"isPartOf":{"@id":"https:\/\/www.eldigitaldeasturias.com\/noticias\/los-vecinos-aportan-documentos-de-otra-terraza-sin-licencia-esta-vez-fuera-de-la-plaza-de-el-fontan\/#webpage"},"articleSection":"Actualidad Asturias"},{"@type":"BreadcrumbList","@id":"https:\/\/www.eldigitaldeasturias.com\/noticias\/los-vecinos-aportan-documentos-de-otra-terraza-sin-licencia-esta-vez-fuera-de-la-plaza-de-el-fontan\/#breadcrumblist","itemListElement":[{"@type":"ListItem","@id":"https:\/\/www.eldigitaldeasturias.com\/noticias#listItem","position":1,"name":"Home","item":"https:\/\/www.eldigitaldeasturias.com\/noticias","nextItem":{"@type":"ListItem","@id":"https:\/\/www.eldigitaldeasturias.com\/noticias\/category\/actualidad-asturias\/#listItem","name":"Actualidad Asturias"}},{"@type":"ListItem","@id":"https:\/\/www.eldigitaldeasturias.com\/noticias\/category\/actualidad-asturias\/#listItem","position":2,"name":"Actualidad Asturias","item":"https:\/\/www.eldigitaldeasturias.com\/noticias\/category\/actualidad-asturias\/","nextItem":{"@type":"ListItem","@id":"https:\/\/www.eldigitaldeasturias.com\/noticias\/los-vecinos-aportan-documentos-de-otra-terraza-sin-licencia-esta-vez-fuera-de-la-plaza-de-el-fontan\/#listItem","name":"Los vecinos aportan documentos de otra terraza sin licencia, esta vez fuera de la plaza de El Font\u00e1n"},"previousItem":{"@type":"ListItem","@id":"https:\/\/www.eldigitaldeasturias.com\/noticias#listItem","name":"Home"}},{"@type":"ListItem","@id":"https:\/\/www.eldigitaldeasturias.com\/noticias\/los-vecinos-aportan-documentos-de-otra-terraza-sin-licencia-esta-vez-fuera-de-la-plaza-de-el-fontan\/#listItem","position":3,"name":"Los vecinos aportan documentos de otra terraza sin licencia, esta vez fuera de la plaza de El Font\u00e1n","previousItem":{"@type":"ListItem","@id":"https:\/\/www.eldigitaldeasturias.com\/noticias\/category\/actualidad-asturias\/#listItem","name":"Actualidad Asturias"}}]},{"@type":"Organization","@id":"https:\/\/www.eldigitaldeasturias.com\/noticias\/#organization","name":"El Digital de Asturias","description":"Hemeroteca","url":"https:\/\/www.eldigitaldeasturias.com\/noticias\/","email":"info@eldigitaldeasturias.com","telephone":"+34652131393","logo":{"@type":"ImageObject","url":"https:\/\/www.eldigitaldeasturias.com\/noticias\/wp-content\/uploads\/2020\/12\/EDA.jpg","@id":"https:\/\/www.eldigitaldeasturias.com\/noticias\/los-vecinos-aportan-documentos-de-otra-terraza-sin-licencia-esta-vez-fuera-de-la-plaza-de-el-fontan\/#organizationLogo","width":649,"height":297},"image":{"@id":"https:\/\/www.eldigitaldeasturias.com\/noticias\/los-vecinos-aportan-documentos-de-otra-terraza-sin-licencia-esta-vez-fuera-de-la-plaza-de-el-fontan\/#organizationLogo"},"sameAs":["https:\/\/facebook.com\/eldigitaldeasturias","https:\/\/www.youtube.com\/channel\/UCZP-2wLEB9Rv6erhFmqVnvg"],"address":{"@id":"https:\/\/www.eldigitaldeasturias.com\/noticias\/#postaladdress","@type":"PostalAddress","streetAddress":"san antonio 4,","postalCode":"33430","addressLocality":"Cand\u00e1s","addressRegion":"Asturias","addressCountry":"ES"}},{"@type":"Person","@id":"https:\/\/www.eldigitaldeasturias.com\/noticias\/author\/admin\/#author","url":"https:\/\/www.eldigitaldeasturias.com\/noticias\/author\/admin\/","name":"El Digital de Asturias","image":{"@type":"ImageObject","@id":"https:\/\/www.eldigitaldeasturias.com\/noticias\/los-vecinos-aportan-documentos-de-otra-terraza-sin-licencia-esta-vez-fuera-de-la-plaza-de-el-fontan\/#authorImage","url":"https:\/\/www.eldigitaldeasturias.com\/noticias\/wp-content\/litespeed\/avatar\/18677e78aa0546b92d9dbf31ec7d7668.jpg?ver=1776685526","width":96,"height":96,"caption":"El Digital de Asturias"}},{"@type":"WebPage","@id":"https:\/\/www.eldigitaldeasturias.com\/noticias\/los-vecinos-aportan-documentos-de-otra-terraza-sin-licencia-esta-vez-fuera-de-la-plaza-de-el-fontan\/#webpage","url":"https:\/\/www.eldigitaldeasturias.com\/noticias\/los-vecinos-aportan-documentos-de-otra-terraza-sin-licencia-esta-vez-fuera-de-la-plaza-de-el-fontan\/","name":"Los vecinos aportan documentos de otra terraza sin licencia, esta vez fuera de la plaza de El Font\u00e1n - El Digital de Asturias","description":"OVIEDO, 24 Sep. (EUROPA PRESS) - Las asociaciones vecinales de El Font\u00e1n y Oviedo Antiguo, y el colectivo Afectados por la Movida, han hecho p\u00fablico este martes una propuesta de cierre de terraza y actividad musical de un establecimiento hostelero en 2010, firmada por el entonces concejal de Urbanismo, Alberto Mortera, y que no se ha","inLanguage":"es-ES","isPartOf":{"@id":"https:\/\/www.eldigitaldeasturias.com\/noticias\/#website"},"breadcrumb":{"@id":"https:\/\/www.eldigitaldeasturias.com\/noticias\/los-vecinos-aportan-documentos-de-otra-terraza-sin-licencia-esta-vez-fuera-de-la-plaza-de-el-fontan\/#breadcrumblist"},"author":{"@id":"https:\/\/www.eldigitaldeasturias.com\/noticias\/author\/admin\/#author"},"creator":{"@id":"https:\/\/www.eldigitaldeasturias.com\/noticias\/author\/admin\/#author"},"image":{"@type":"ImageObject","url":2846,"@id":"https:\/\/www.eldigitaldeasturias.com\/noticias\/los-vecinos-aportan-documentos-de-otra-terraza-sin-licencia-esta-vez-fuera-de-la-plaza-de-el-fontan\/#mainImage"},"primaryImageOfPage":{"@id":"https:\/\/www.eldigitaldeasturias.com\/noticias\/los-vecinos-aportan-documentos-de-otra-terraza-sin-licencia-esta-vez-fuera-de-la-plaza-de-el-fontan\/#mainImage"},"datePublished":"2013-09-24T22:31:45+02:00","dateModified":"2013-09-24T22:31:45+02:00"},{"@type":"WebSite","@id":"https:\/\/www.eldigitaldeasturias.com\/noticias\/#website","url":"https:\/\/www.eldigitaldeasturias.com\/noticias\/","name":"El Digital de Asturias - Diario de actualidad y noticias","alternateName":"El Digital de Asturias - Diario de actualidad y noticias","description":"Hemeroteca","inLanguage":"es-ES","publisher":{"@id":"https:\/\/www.eldigitaldeasturias.com\/noticias\/#organization"}}]},"og:locale":"es_ES","og:site_name":"El Digital de Asturias","og:type":"article","og:title":"Los vecinos aportan documentos de otra terraza sin licencia, esta vez fuera de la plaza de El Font\u00e1n - El Digital de Asturias","og:description":"OVIEDO, 24 Sep. (EUROPA PRESS) - Las asociaciones vecinales de El Font\u00e1n y Oviedo Antiguo, y el colectivo Afectados por la Movida, han hecho p\u00fablico este martes una propuesta de cierre de terraza y actividad musical de un establecimiento hostelero en 2010, firmada por el entonces concejal de Urbanismo, Alberto Mortera, y que no se ha","og:url":"https:\/\/www.eldigitaldeasturias.com\/noticias\/los-vecinos-aportan-documentos-de-otra-terraza-sin-licencia-esta-vez-fuera-de-la-plaza-de-el-fontan\/","article:tag":["actualidad asturias"],"article:published_time":"2013-09-24T22:31:45+00:00","article:modified_time":"2013-09-24T22:31:45+00:00","article:publisher":"https:\/\/facebook.com\/eldigitaldeasturias","twitter:card":"summary_large_image","twitter:title":"Los vecinos aportan documentos de otra terraza sin licencia, esta vez fuera de la plaza de El Font\u00e1n - El Digital de Asturias","twitter:description":"OVIEDO, 24 Sep. (EUROPA PRESS) - Las asociaciones vecinales de El Font\u00e1n y Oviedo Antiguo, y el colectivo Afectados por la Movida, han hecho p\u00fablico este martes una propuesta de cierre de terraza y actividad musical de un establecimiento hostelero en 2010, firmada por el entonces concejal de Urbanismo, Alberto Mortera, y que no se ha","twitter:label1":"Escrito por","twitter:data1":"El Digital de Asturias","twitter:label2":"Tiempo de lectura estimado","twitter:data2":"3 minutos"},"aioseo_meta_data":{"post_id":"2845","title":null,"description":null,"keywords":null,"keyphrases":null,"primary_term":null,"canonical_url":null,"og_title":null,"og_description":null,"og_object_type":"default","og_image_type":"default","og_image_url":null,"og_image_width":null,"og_image_height":null,"og_image_custom_url":null,"og_image_custom_fields":null,"og_video":null,"og_custom_url":null,"og_article_section":null,"og_article_tags":null,"twitter_use_og":true,"twitter_card":"default","twitter_image_type":"default","twitter_image_url":null,"twitter_image_custom_url":null,"twitter_image_custom_fields":null,"twitter_title":null,"twitter_description":null,"schema":{"blockGraphs":[],"customGraphs":[],"default":{"data":{"Article":[],"Course":[],"Dataset":[],"FAQPage":[],"Movie":[],"Person":[],"Product":[],"ProductReview":[],"Car":[],"Recipe":[],"Service":[],"SoftwareApplication":[],"WebPage":[]},"graphName":"","isEnabled":true},"graphs":[],"defaultGraph":"","defaultPostTypeGraph":""},"schema_type":null,"schema_type_options":null,"pillar_content":false,"robots_default":true,"robots_noindex":false,"robots_noarchive":false,"robots_nosnippet":false,"robots_nofollow":false,"robots_noimageindex":false,"robots_noodp":false,"robots_notranslate":false,"robots_max_snippet":null,"robots_max_videopreview":null,"robots_max_imagepreview":"none","priority":null,"frequency":null,"local_seo":null,"seo_analyzer_scan_date":"2025-08-21 05:04:47","breadcrumb_settings":null,"limit_modified_date":false,"open_ai":null,"ai":null,"created":"2020-11-14 22:36:57","updated":"2025-08-21 05:04:47"},"aioseo_breadcrumb":"<div class=\"aioseo-breadcrumbs\"><span class=\"aioseo-breadcrumb\">\n\t<a href=\"https:\/\/www.eldigitaldeasturias.com\/noticias\" title=\"Home\">Home<\/a>\n<\/span><span class=\"aioseo-breadcrumb-separator\">\u2013<\/span><span class=\"aioseo-breadcrumb\">\n\t<a href=\"https:\/\/www.eldigitaldeasturias.com\/noticias\/category\/actualidad-asturias\/\" title=\"Actualidad Asturias\">Actualidad Asturias<\/a>\n<\/span><span class=\"aioseo-breadcrumb-separator\">\u2013<\/span><span class=\"aioseo-breadcrumb\">\n\t<a href=\"https:\/\/www.eldigitaldeasturias.com\/noticias\/los-vecinos-aportan-documentos-de-otra-terraza-sin-licencia-esta-vez-fuera-de-la-plaza-de-el-fontan\/\" title=\"Los vecinos aportan documentos de otra terraza sin licencia, esta vez fuera de la plaza de El Font\u00e1n\">Los vecinos aportan documentos de otra terraza sin licencia, esta vez fuera de la plaza de El Font\u00e1n<\/a>\n<\/span><\/div>","aioseo_breadcrumb_json":[{"label":"Home","link":"https:\/\/www.eldigitaldeasturias.com\/noticias"},{"label":"Actualidad Asturias","link":"https:\/\/www.eldigitaldeasturias.com\/noticias\/category\/actualidad-asturias\/"},{"label":"Los vecinos aportan documentos de otra terraza sin licencia, esta vez fuera de la plaza de El Font\u00e1n","link":"https:\/\/www.eldigitaldeasturias.com\/noticias\/los-vecinos-aportan-documentos-de-otra-terraza-sin-licencia-esta-vez-fuera-de-la-plaza-de-el-fontan\/"}],"_links":{"self":[{"href":"https:\/\/www.eldigitaldeasturias.com\/noticias\/wp-json\/wp\/v2\/posts\/2845","targetHints":{"allow":["GET"]}}],"collection":[{"href":"https:\/\/www.eldigitaldeasturias.com\/noticias\/wp-json\/wp\/v2\/posts"}],"about":[{"href":"https:\/\/www.eldigitaldeasturias.com\/noticias\/wp-json\/wp\/v2\/types\/post"}],"author":[{"embeddable":true,"href":"https:\/\/www.eldigitaldeasturias.com\/noticias\/wp-json\/wp\/v2\/users\/1"}],"replies":[{"embeddable":true,"href":"https:\/\/www.eldigitaldeasturias.com\/noticias\/wp-json\/wp\/v2\/comments?post=2845"}],"version-history":[{"count":0,"href":"https:\/\/www.eldigitaldeasturias.com\/noticias\/wp-json\/wp\/v2\/posts\/2845\/revisions"}],"wp:featuredmedia":[{"embeddable":true,"href":"https:\/\/www.eldigitaldeasturias.com\/noticias\/wp-json\/"}],"wp:attachment":[{"href":"https:\/\/www.eldigitaldeasturias.com\/noticias\/wp-json\/wp\/v2\/media?parent=2845"}],"wp:term":[{"taxonomy":"category","embeddable":true,"href":"https:\/\/www.eldigitaldeasturias.com\/noticias\/wp-json\/wp\/v2\/categories?post=2845"},{"taxonomy":"post_tag","embeddable":true,"href":"https:\/\/www.eldigitaldeasturias.com\/noticias\/wp-json\/wp\/v2\/tags?post=2845"}],"curies":[{"name":"wp","href":"https:\/\/api.w.org\/{rel}","templated":true}]}}