{"id":2841,"date":"2013-09-24T22:27:17","date_gmt":"2013-09-24T22:27:17","guid":{"rendered":"http:\/\/www.eldigitaldeasturias.com\/noticias\/?p=2841"},"modified":"2013-09-24T22:27:17","modified_gmt":"2013-09-24T22:27:17","slug":"lagarde-cree-que-la-economia-mundial-avanza-en-su-recuperacion","status":"publish","type":"post","link":"https:\/\/www.eldigitaldeasturias.com\/noticias\/lagarde-cree-que-la-economia-mundial-avanza-en-su-recuperacion\/","title":{"rendered":"Lagarde cree que la econom\u00eda mundial avanza en su recuperaci\u00f3n"},"content":{"rendered":"<p><img loading=\"lazy\" decoding=\"async\" class=\"alignleft size-medium wp-image-1724\" alt=\"euros_20130922131650_800\" src=\"https:\/\/www.eldigitaldeasturias.com\/noticias\/wp-content\/uploads\/2013\/09\/euros_20130922131650_800-360x246.jpg\" width=\"360\" height=\"246\" \/>NUEVA YORK, 24 Sep. (EUROPA PRESS) &#8211;\u00a0La directora gerente del Fondo Monetario Internacional (FMI), Christine Lagarde, ha asegurado que la econom\u00eda mundial avanza \u00aben la senda de la recuperaci\u00f3n\u00bb, pero a\u00fan no ha llegado a \u00absu destino final\u00bb, por lo que incidi\u00f3 en la importancia de adoptar medidas \u00aben todos los frentes\u00bb.<\/p>\n<p>En su discurso ante el Foro de Naciones Unidas sobre Desarrollo Sostenible, Lagarde subray\u00f3 la necesidad de establecer unos \u00abfundamentos econ\u00f3micos firmes\u00bb, ya que \u00absin bases firmes la carrera est\u00e1 perdida desde el pistoletazo de salida\u00bb.\u00bb \u00abEl punto de partida del desarrollo sostenible es la estabilidad macroecon\u00f3mica\u00bb, defendi\u00f3.<\/p>\n<p>\u00abHace exactamente cinco a\u00f1os, el colapso de Lehman Brothers coloc\u00f3 a la econom\u00eda mundial en una espiral descendente, sin precedentes en el \u00faltimo medio siglo. De manera lenta pero segura estamos avanzando por la senda de la recuperaci\u00f3n, pero a\u00fan no hemos llegado al destino final\u00bb, remarc\u00f3.<\/p>\n<p>Por ello, incidi\u00f3 en la necesidad de adoptar medidas \u00aben todos los frentes\u00bb, lo que significa usar pol\u00edticas monetarias y fiscales para encaminar la recuperaci\u00f3n, reformar el sector financiero y derribar obst\u00e1culos para fomentar a\u00fan m\u00e1s el crecimiento y la creaci\u00f3n de empleo, sobre todo para los j\u00f3venes.<\/p>\n<p>Por otro lado, la directora gerente del FMI destac\u00f3 que para lograr un desarrollo sostenible mundial son necesarias \u00abpol\u00edticas acordes con una econom\u00eda mundial del siglo XXI\u00bb, lo que implica pensar con un enfoque \u00b7m\u00e1s creativo, m\u00e1s mancomunado y m\u00e1s colaboraste que en el pasado\u00bb.<\/p>\n<p>En este sentido, advirti\u00f3 de que el planeta se enfrenta a un triple desaf\u00edo: la inestabilidad econ\u00f3mica, el da\u00f1o al medio ambiente y la falta de equidad; aspectos que se alimentan y amplifican entre s\u00ed, \u00abpor lo que no puedan considerarse en forma aislada\u00bb.<\/p>\n<p>En este contexto, incidi\u00f3 que existen tres prioridades: establecer fundamentos econ\u00f3micos firmes, fijar precios justos para una econom\u00eda verde que permitan una senda de crecimiento mejor que la del pasado y lograr un crecimiento m\u00e1s equitativo, ya que una distribuci\u00f3n m\u00e1s equilibrada de los ingresos facilita un crecimiento m\u00e1s sostenido y una mayor estabilidad econ\u00f3mica.<\/p>\n","protected":false},"excerpt":{"rendered":"<p>NUEVA YORK, 24 Sep. (EUROPA PRESS) &#8211;\u00a0La directora gerente del Fondo Monetario Internacional (FMI), Christine Lagarde, ha asegurado que la econom\u00eda mundial avanza \u00aben la senda de la recuperaci\u00f3n\u00bb, pero a\u00fan no ha llegado a \u00absu destino final\u00bb, por lo que incidi\u00f3 en la importancia de adoptar medidas \u00aben todos los frentes\u00bb. En su discurso [&hellip;]<\/p>\n","protected":false},"author":1,"featured_media":1724,"comment_status":"open","ping_status":"open","sticky":false,"template":"","format":"standard","meta":{"footnotes":""},"categories":[1],"tags":[],"class_list":["post-2841","post","type-post","status-publish","format-standard","has-post-thumbnail","hentry","category-actualidad"],"aioseo_notices":[],"aioseo_head":"\n\t\t<!-- All in One SEO Pro 4.9.6.2 - aioseo.com -->\n\t<meta name=\"description\" content=\"NUEVA YORK, 24 Sep. (EUROPA PRESS) - La directora gerente del Fondo Monetario Internacional (FMI), Christine Lagarde, ha asegurado que la econom\u00eda mundial avanza &quot;en la senda de la recuperaci\u00f3n&quot;, pero a\u00fan no ha llegado a &quot;su destino final&quot;, por lo que incidi\u00f3 en la importancia de adoptar medidas &quot;en todos los frentes&quot;. En su discurso\" \/>\n\t<meta name=\"robots\" content=\"max-image-preview:large\" \/>\n\t<meta name=\"author\" content=\"El Digital de Asturias\"\/>\n\t<meta name=\"google-site-verification\" content=\"UA-38556648-1\" \/>\n\t<meta name=\"msvalidate.01\" content=\"7dfe9f3f1b24437ab69f4f2559babe99\" \/>\n\t<meta name=\"keywords\" content=\"actualidad\" \/>\n\t<link rel=\"canonical\" href=\"https:\/\/www.eldigitaldeasturias.com\/noticias\/lagarde-cree-que-la-economia-mundial-avanza-en-su-recuperacion\/\" \/>\n\t<meta name=\"generator\" content=\"All in One SEO Pro (AIOSEO) 4.9.6.2\" \/>\n\t\t<meta property=\"og:locale\" content=\"es_ES\" \/>\n\t\t<meta property=\"og:site_name\" content=\"El Digital de Asturias\" \/>\n\t\t<meta property=\"og:type\" content=\"article\" \/>\n\t\t<meta property=\"og:title\" content=\"Lagarde cree que la econom\u00eda mundial avanza en su recuperaci\u00f3n - El Digital de Asturias\" \/>\n\t\t<meta property=\"og:description\" content=\"NUEVA YORK, 24 Sep. (EUROPA PRESS) - La directora gerente del Fondo Monetario Internacional (FMI), Christine Lagarde, ha asegurado que la econom\u00eda mundial avanza &quot;en la senda de la recuperaci\u00f3n&quot;, pero a\u00fan no ha llegado a &quot;su destino final&quot;, por lo que incidi\u00f3 en la importancia de adoptar medidas &quot;en todos los frentes&quot;. En su discurso\" \/>\n\t\t<meta property=\"og:url\" content=\"https:\/\/www.eldigitaldeasturias.com\/noticias\/lagarde-cree-que-la-economia-mundial-avanza-en-su-recuperacion\/\" \/>\n\t\t<meta property=\"article:tag\" content=\"actualidad\" \/>\n\t\t<meta property=\"article:published_time\" content=\"2013-09-24T22:27:17+00:00\" \/>\n\t\t<meta property=\"article:modified_time\" content=\"2013-09-24T22:27:17+00:00\" \/>\n\t\t<meta property=\"article:publisher\" content=\"https:\/\/facebook.com\/eldigitaldeasturias\" \/>\n\t\t<meta name=\"twitter:card\" content=\"summary_large_image\" \/>\n\t\t<meta name=\"twitter:title\" content=\"Lagarde cree que la econom\u00eda mundial avanza en su recuperaci\u00f3n - El Digital de Asturias\" \/>\n\t\t<meta name=\"twitter:description\" content=\"NUEVA YORK, 24 Sep. (EUROPA PRESS) - La directora gerente del Fondo Monetario Internacional (FMI), Christine Lagarde, ha asegurado que la econom\u00eda mundial avanza &quot;en la senda de la recuperaci\u00f3n&quot;, pero a\u00fan no ha llegado a &quot;su destino final&quot;, por lo que incidi\u00f3 en la importancia de adoptar medidas &quot;en todos los frentes&quot;. En su discurso\" \/>\n\t\t<meta name=\"twitter:label1\" content=\"Escrito por\" \/>\n\t\t<meta name=\"twitter:data1\" content=\"El Digital de Asturias\" \/>\n\t\t<meta name=\"twitter:label2\" content=\"Tiempo de lectura estimado\" \/>\n\t\t<meta name=\"twitter:data2\" content=\"2 minutos\" \/>\n\t\t<script type=\"application\/ld+json\" class=\"aioseo-schema\">\n\t\t\t{\"@context\":\"https:\\\/\\\/schema.org\",\"@graph\":[{\"@type\":\"BlogPosting\",\"@id\":\"https:\\\/\\\/www.eldigitaldeasturias.com\\\/noticias\\\/lagarde-cree-que-la-economia-mundial-avanza-en-su-recuperacion\\\/#blogposting\",\"name\":\"Lagarde cree que la econom\\u00eda mundial avanza en su recuperaci\\u00f3n - El Digital de Asturias\",\"headline\":\"Lagarde cree que la econom\\u00eda mundial avanza en su recuperaci\\u00f3n\",\"author\":{\"@id\":\"https:\\\/\\\/www.eldigitaldeasturias.com\\\/noticias\\\/author\\\/admin\\\/#author\"},\"publisher\":{\"@id\":\"https:\\\/\\\/www.eldigitaldeasturias.com\\\/noticias\\\/#organization\"},\"image\":{\"@type\":\"ImageObject\",\"url\":1724},\"datePublished\":\"2013-09-24T22:27:17+02:00\",\"dateModified\":\"2013-09-24T22:27:17+02:00\",\"inLanguage\":\"es-ES\",\"mainEntityOfPage\":{\"@id\":\"https:\\\/\\\/www.eldigitaldeasturias.com\\\/noticias\\\/lagarde-cree-que-la-economia-mundial-avanza-en-su-recuperacion\\\/#webpage\"},\"isPartOf\":{\"@id\":\"https:\\\/\\\/www.eldigitaldeasturias.com\\\/noticias\\\/lagarde-cree-que-la-economia-mundial-avanza-en-su-recuperacion\\\/#webpage\"},\"articleSection\":\"Actualidad\"},{\"@type\":\"BreadcrumbList\",\"@id\":\"https:\\\/\\\/www.eldigitaldeasturias.com\\\/noticias\\\/lagarde-cree-que-la-economia-mundial-avanza-en-su-recuperacion\\\/#breadcrumblist\",\"itemListElement\":[{\"@type\":\"ListItem\",\"@id\":\"https:\\\/\\\/www.eldigitaldeasturias.com\\\/noticias#listItem\",\"position\":1,\"name\":\"Home\",\"item\":\"https:\\\/\\\/www.eldigitaldeasturias.com\\\/noticias\",\"nextItem\":{\"@type\":\"ListItem\",\"@id\":\"https:\\\/\\\/www.eldigitaldeasturias.com\\\/noticias\\\/category\\\/actualidad\\\/#listItem\",\"name\":\"Actualidad\"}},{\"@type\":\"ListItem\",\"@id\":\"https:\\\/\\\/www.eldigitaldeasturias.com\\\/noticias\\\/category\\\/actualidad\\\/#listItem\",\"position\":2,\"name\":\"Actualidad\",\"item\":\"https:\\\/\\\/www.eldigitaldeasturias.com\\\/noticias\\\/category\\\/actualidad\\\/\",\"nextItem\":{\"@type\":\"ListItem\",\"@id\":\"https:\\\/\\\/www.eldigitaldeasturias.com\\\/noticias\\\/lagarde-cree-que-la-economia-mundial-avanza-en-su-recuperacion\\\/#listItem\",\"name\":\"Lagarde cree que la econom\\u00eda mundial avanza en su recuperaci\\u00f3n\"},\"previousItem\":{\"@type\":\"ListItem\",\"@id\":\"https:\\\/\\\/www.eldigitaldeasturias.com\\\/noticias#listItem\",\"name\":\"Home\"}},{\"@type\":\"ListItem\",\"@id\":\"https:\\\/\\\/www.eldigitaldeasturias.com\\\/noticias\\\/lagarde-cree-que-la-economia-mundial-avanza-en-su-recuperacion\\\/#listItem\",\"position\":3,\"name\":\"Lagarde cree que la econom\\u00eda mundial avanza en su recuperaci\\u00f3n\",\"previousItem\":{\"@type\":\"ListItem\",\"@id\":\"https:\\\/\\\/www.eldigitaldeasturias.com\\\/noticias\\\/category\\\/actualidad\\\/#listItem\",\"name\":\"Actualidad\"}}]},{\"@type\":\"Organization\",\"@id\":\"https:\\\/\\\/www.eldigitaldeasturias.com\\\/noticias\\\/#organization\",\"name\":\"El Digital de Asturias\",\"description\":\"Hemeroteca\",\"url\":\"https:\\\/\\\/www.eldigitaldeasturias.com\\\/noticias\\\/\",\"email\":\"info@eldigitaldeasturias.com\",\"telephone\":\"+34652131393\",\"logo\":{\"@type\":\"ImageObject\",\"url\":\"https:\\\/\\\/www.eldigitaldeasturias.com\\\/noticias\\\/wp-content\\\/uploads\\\/2020\\\/12\\\/EDA.jpg\",\"@id\":\"https:\\\/\\\/www.eldigitaldeasturias.com\\\/noticias\\\/lagarde-cree-que-la-economia-mundial-avanza-en-su-recuperacion\\\/#organizationLogo\",\"width\":649,\"height\":297},\"image\":{\"@id\":\"https:\\\/\\\/www.eldigitaldeasturias.com\\\/noticias\\\/lagarde-cree-que-la-economia-mundial-avanza-en-su-recuperacion\\\/#organizationLogo\"},\"sameAs\":[\"https:\\\/\\\/facebook.com\\\/eldigitaldeasturias\",\"https:\\\/\\\/www.youtube.com\\\/channel\\\/UCZP-2wLEB9Rv6erhFmqVnvg\"],\"address\":{\"@id\":\"https:\\\/\\\/www.eldigitaldeasturias.com\\\/noticias\\\/#postaladdress\",\"@type\":\"PostalAddress\",\"streetAddress\":\"san antonio 4,\",\"postalCode\":\"33430\",\"addressLocality\":\"Cand\\u00e1s\",\"addressRegion\":\"Asturias\",\"addressCountry\":\"ES\"}},{\"@type\":\"Person\",\"@id\":\"https:\\\/\\\/www.eldigitaldeasturias.com\\\/noticias\\\/author\\\/admin\\\/#author\",\"url\":\"https:\\\/\\\/www.eldigitaldeasturias.com\\\/noticias\\\/author\\\/admin\\\/\",\"name\":\"El Digital de Asturias\",\"image\":{\"@type\":\"ImageObject\",\"@id\":\"https:\\\/\\\/www.eldigitaldeasturias.com\\\/noticias\\\/lagarde-cree-que-la-economia-mundial-avanza-en-su-recuperacion\\\/#authorImage\",\"url\":\"https:\\\/\\\/www.eldigitaldeasturias.com\\\/noticias\\\/wp-content\\\/litespeed\\\/avatar\\\/18677e78aa0546b92d9dbf31ec7d7668.jpg?ver=1776685526\",\"width\":96,\"height\":96,\"caption\":\"El Digital de Asturias\"}},{\"@type\":\"WebPage\",\"@id\":\"https:\\\/\\\/www.eldigitaldeasturias.com\\\/noticias\\\/lagarde-cree-que-la-economia-mundial-avanza-en-su-recuperacion\\\/#webpage\",\"url\":\"https:\\\/\\\/www.eldigitaldeasturias.com\\\/noticias\\\/lagarde-cree-que-la-economia-mundial-avanza-en-su-recuperacion\\\/\",\"name\":\"Lagarde cree que la econom\\u00eda mundial avanza en su recuperaci\\u00f3n - El Digital de Asturias\",\"description\":\"NUEVA YORK, 24 Sep. (EUROPA PRESS) - La directora gerente del Fondo Monetario Internacional (FMI), Christine Lagarde, ha asegurado que la econom\\u00eda mundial avanza \\\"en la senda de la recuperaci\\u00f3n\\\", pero a\\u00fan no ha llegado a \\\"su destino final\\\", por lo que incidi\\u00f3 en la importancia de adoptar medidas \\\"en todos los frentes\\\". En su discurso\",\"inLanguage\":\"es-ES\",\"isPartOf\":{\"@id\":\"https:\\\/\\\/www.eldigitaldeasturias.com\\\/noticias\\\/#website\"},\"breadcrumb\":{\"@id\":\"https:\\\/\\\/www.eldigitaldeasturias.com\\\/noticias\\\/lagarde-cree-que-la-economia-mundial-avanza-en-su-recuperacion\\\/#breadcrumblist\"},\"author\":{\"@id\":\"https:\\\/\\\/www.eldigitaldeasturias.com\\\/noticias\\\/author\\\/admin\\\/#author\"},\"creator\":{\"@id\":\"https:\\\/\\\/www.eldigitaldeasturias.com\\\/noticias\\\/author\\\/admin\\\/#author\"},\"image\":{\"@type\":\"ImageObject\",\"url\":1724,\"@id\":\"https:\\\/\\\/www.eldigitaldeasturias.com\\\/noticias\\\/lagarde-cree-que-la-economia-mundial-avanza-en-su-recuperacion\\\/#mainImage\"},\"primaryImageOfPage\":{\"@id\":\"https:\\\/\\\/www.eldigitaldeasturias.com\\\/noticias\\\/lagarde-cree-que-la-economia-mundial-avanza-en-su-recuperacion\\\/#mainImage\"},\"datePublished\":\"2013-09-24T22:27:17+02:00\",\"dateModified\":\"2013-09-24T22:27:17+02:00\"},{\"@type\":\"WebSite\",\"@id\":\"https:\\\/\\\/www.eldigitaldeasturias.com\\\/noticias\\\/#website\",\"url\":\"https:\\\/\\\/www.eldigitaldeasturias.com\\\/noticias\\\/\",\"name\":\"El Digital de Asturias - Diario de actualidad y noticias\",\"alternateName\":\"El Digital de Asturias - Diario de actualidad y noticias\",\"description\":\"Hemeroteca\",\"inLanguage\":\"es-ES\",\"publisher\":{\"@id\":\"https:\\\/\\\/www.eldigitaldeasturias.com\\\/noticias\\\/#organization\"}}]}\n\t\t<\/script>\n\t\t<!-- All in One SEO Pro -->\r\n\t\t<title>Lagarde cree que la econom\u00eda mundial avanza en su recuperaci\u00f3n - El Digital de Asturias<\/title>\n\n","aioseo_head_json":{"title":"Lagarde cree que la econom\u00eda mundial avanza en su recuperaci\u00f3n - El Digital de Asturias","description":"NUEVA YORK, 24 Sep. (EUROPA PRESS) - La directora gerente del Fondo Monetario Internacional (FMI), Christine Lagarde, ha asegurado que la econom\u00eda mundial avanza \"en la senda de la recuperaci\u00f3n\", pero a\u00fan no ha llegado a \"su destino final\", por lo que incidi\u00f3 en la importancia de adoptar medidas \"en todos los frentes\". En su discurso","canonical_url":"https:\/\/www.eldigitaldeasturias.com\/noticias\/lagarde-cree-que-la-economia-mundial-avanza-en-su-recuperacion\/","robots":"max-image-preview:large","keywords":"actualidad","webmasterTools":{"google-site-verification":"UA-38556648-1","msvalidate.01":"7dfe9f3f1b24437ab69f4f2559babe99","miscellaneous":""},"schema":{"@context":"https:\/\/schema.org","@graph":[{"@type":"BlogPosting","@id":"https:\/\/www.eldigitaldeasturias.com\/noticias\/lagarde-cree-que-la-economia-mundial-avanza-en-su-recuperacion\/#blogposting","name":"Lagarde cree que la econom\u00eda mundial avanza en su recuperaci\u00f3n - El Digital de Asturias","headline":"Lagarde cree que la econom\u00eda mundial avanza en su recuperaci\u00f3n","author":{"@id":"https:\/\/www.eldigitaldeasturias.com\/noticias\/author\/admin\/#author"},"publisher":{"@id":"https:\/\/www.eldigitaldeasturias.com\/noticias\/#organization"},"image":{"@type":"ImageObject","url":1724},"datePublished":"2013-09-24T22:27:17+02:00","dateModified":"2013-09-24T22:27:17+02:00","inLanguage":"es-ES","mainEntityOfPage":{"@id":"https:\/\/www.eldigitaldeasturias.com\/noticias\/lagarde-cree-que-la-economia-mundial-avanza-en-su-recuperacion\/#webpage"},"isPartOf":{"@id":"https:\/\/www.eldigitaldeasturias.com\/noticias\/lagarde-cree-que-la-economia-mundial-avanza-en-su-recuperacion\/#webpage"},"articleSection":"Actualidad"},{"@type":"BreadcrumbList","@id":"https:\/\/www.eldigitaldeasturias.com\/noticias\/lagarde-cree-que-la-economia-mundial-avanza-en-su-recuperacion\/#breadcrumblist","itemListElement":[{"@type":"ListItem","@id":"https:\/\/www.eldigitaldeasturias.com\/noticias#listItem","position":1,"name":"Home","item":"https:\/\/www.eldigitaldeasturias.com\/noticias","nextItem":{"@type":"ListItem","@id":"https:\/\/www.eldigitaldeasturias.com\/noticias\/category\/actualidad\/#listItem","name":"Actualidad"}},{"@type":"ListItem","@id":"https:\/\/www.eldigitaldeasturias.com\/noticias\/category\/actualidad\/#listItem","position":2,"name":"Actualidad","item":"https:\/\/www.eldigitaldeasturias.com\/noticias\/category\/actualidad\/","nextItem":{"@type":"ListItem","@id":"https:\/\/www.eldigitaldeasturias.com\/noticias\/lagarde-cree-que-la-economia-mundial-avanza-en-su-recuperacion\/#listItem","name":"Lagarde cree que la econom\u00eda mundial avanza en su recuperaci\u00f3n"},"previousItem":{"@type":"ListItem","@id":"https:\/\/www.eldigitaldeasturias.com\/noticias#listItem","name":"Home"}},{"@type":"ListItem","@id":"https:\/\/www.eldigitaldeasturias.com\/noticias\/lagarde-cree-que-la-economia-mundial-avanza-en-su-recuperacion\/#listItem","position":3,"name":"Lagarde cree que la econom\u00eda mundial avanza en su recuperaci\u00f3n","previousItem":{"@type":"ListItem","@id":"https:\/\/www.eldigitaldeasturias.com\/noticias\/category\/actualidad\/#listItem","name":"Actualidad"}}]},{"@type":"Organization","@id":"https:\/\/www.eldigitaldeasturias.com\/noticias\/#organization","name":"El Digital de Asturias","description":"Hemeroteca","url":"https:\/\/www.eldigitaldeasturias.com\/noticias\/","email":"info@eldigitaldeasturias.com","telephone":"+34652131393","logo":{"@type":"ImageObject","url":"https:\/\/www.eldigitaldeasturias.com\/noticias\/wp-content\/uploads\/2020\/12\/EDA.jpg","@id":"https:\/\/www.eldigitaldeasturias.com\/noticias\/lagarde-cree-que-la-economia-mundial-avanza-en-su-recuperacion\/#organizationLogo","width":649,"height":297},"image":{"@id":"https:\/\/www.eldigitaldeasturias.com\/noticias\/lagarde-cree-que-la-economia-mundial-avanza-en-su-recuperacion\/#organizationLogo"},"sameAs":["https:\/\/facebook.com\/eldigitaldeasturias","https:\/\/www.youtube.com\/channel\/UCZP-2wLEB9Rv6erhFmqVnvg"],"address":{"@id":"https:\/\/www.eldigitaldeasturias.com\/noticias\/#postaladdress","@type":"PostalAddress","streetAddress":"san antonio 4,","postalCode":"33430","addressLocality":"Cand\u00e1s","addressRegion":"Asturias","addressCountry":"ES"}},{"@type":"Person","@id":"https:\/\/www.eldigitaldeasturias.com\/noticias\/author\/admin\/#author","url":"https:\/\/www.eldigitaldeasturias.com\/noticias\/author\/admin\/","name":"El Digital de Asturias","image":{"@type":"ImageObject","@id":"https:\/\/www.eldigitaldeasturias.com\/noticias\/lagarde-cree-que-la-economia-mundial-avanza-en-su-recuperacion\/#authorImage","url":"https:\/\/www.eldigitaldeasturias.com\/noticias\/wp-content\/litespeed\/avatar\/18677e78aa0546b92d9dbf31ec7d7668.jpg?ver=1776685526","width":96,"height":96,"caption":"El Digital de Asturias"}},{"@type":"WebPage","@id":"https:\/\/www.eldigitaldeasturias.com\/noticias\/lagarde-cree-que-la-economia-mundial-avanza-en-su-recuperacion\/#webpage","url":"https:\/\/www.eldigitaldeasturias.com\/noticias\/lagarde-cree-que-la-economia-mundial-avanza-en-su-recuperacion\/","name":"Lagarde cree que la econom\u00eda mundial avanza en su recuperaci\u00f3n - El Digital de Asturias","description":"NUEVA YORK, 24 Sep. (EUROPA PRESS) - La directora gerente del Fondo Monetario Internacional (FMI), Christine Lagarde, ha asegurado que la econom\u00eda mundial avanza \"en la senda de la recuperaci\u00f3n\", pero a\u00fan no ha llegado a \"su destino final\", por lo que incidi\u00f3 en la importancia de adoptar medidas \"en todos los frentes\". En su discurso","inLanguage":"es-ES","isPartOf":{"@id":"https:\/\/www.eldigitaldeasturias.com\/noticias\/#website"},"breadcrumb":{"@id":"https:\/\/www.eldigitaldeasturias.com\/noticias\/lagarde-cree-que-la-economia-mundial-avanza-en-su-recuperacion\/#breadcrumblist"},"author":{"@id":"https:\/\/www.eldigitaldeasturias.com\/noticias\/author\/admin\/#author"},"creator":{"@id":"https:\/\/www.eldigitaldeasturias.com\/noticias\/author\/admin\/#author"},"image":{"@type":"ImageObject","url":1724,"@id":"https:\/\/www.eldigitaldeasturias.com\/noticias\/lagarde-cree-que-la-economia-mundial-avanza-en-su-recuperacion\/#mainImage"},"primaryImageOfPage":{"@id":"https:\/\/www.eldigitaldeasturias.com\/noticias\/lagarde-cree-que-la-economia-mundial-avanza-en-su-recuperacion\/#mainImage"},"datePublished":"2013-09-24T22:27:17+02:00","dateModified":"2013-09-24T22:27:17+02:00"},{"@type":"WebSite","@id":"https:\/\/www.eldigitaldeasturias.com\/noticias\/#website","url":"https:\/\/www.eldigitaldeasturias.com\/noticias\/","name":"El Digital de Asturias - Diario de actualidad y noticias","alternateName":"El Digital de Asturias - Diario de actualidad y noticias","description":"Hemeroteca","inLanguage":"es-ES","publisher":{"@id":"https:\/\/www.eldigitaldeasturias.com\/noticias\/#organization"}}]},"og:locale":"es_ES","og:site_name":"El Digital de Asturias","og:type":"article","og:title":"Lagarde cree que la econom\u00eda mundial avanza en su recuperaci\u00f3n - El Digital de Asturias","og:description":"NUEVA YORK, 24 Sep. (EUROPA PRESS) - La directora gerente del Fondo Monetario Internacional (FMI), Christine Lagarde, ha asegurado que la econom\u00eda mundial avanza &quot;en la senda de la recuperaci\u00f3n&quot;, pero a\u00fan no ha llegado a &quot;su destino final&quot;, por lo que incidi\u00f3 en la importancia de adoptar medidas &quot;en todos los frentes&quot;. En su discurso","og:url":"https:\/\/www.eldigitaldeasturias.com\/noticias\/lagarde-cree-que-la-economia-mundial-avanza-en-su-recuperacion\/","article:tag":["actualidad"],"article:published_time":"2013-09-24T22:27:17+00:00","article:modified_time":"2013-09-24T22:27:17+00:00","article:publisher":"https:\/\/facebook.com\/eldigitaldeasturias","twitter:card":"summary_large_image","twitter:title":"Lagarde cree que la econom\u00eda mundial avanza en su recuperaci\u00f3n - El Digital de Asturias","twitter:description":"NUEVA YORK, 24 Sep. (EUROPA PRESS) - La directora gerente del Fondo Monetario Internacional (FMI), Christine Lagarde, ha asegurado que la econom\u00eda mundial avanza &quot;en la senda de la recuperaci\u00f3n&quot;, pero a\u00fan no ha llegado a &quot;su destino final&quot;, por lo que incidi\u00f3 en la importancia de adoptar medidas &quot;en todos los frentes&quot;. En su discurso","twitter:label1":"Escrito por","twitter:data1":"El Digital de Asturias","twitter:label2":"Tiempo de lectura estimado","twitter:data2":"2 minutos"},"aioseo_meta_data":{"post_id":"2841","title":null,"description":null,"keywords":null,"keyphrases":null,"primary_term":null,"canonical_url":null,"og_title":null,"og_description":null,"og_object_type":"default","og_image_type":"default","og_image_url":null,"og_image_width":null,"og_image_height":null,"og_image_custom_url":null,"og_image_custom_fields":null,"og_video":null,"og_custom_url":null,"og_article_section":null,"og_article_tags":null,"twitter_use_og":true,"twitter_card":"default","twitter_image_type":"default","twitter_image_url":null,"twitter_image_custom_url":null,"twitter_image_custom_fields":null,"twitter_title":null,"twitter_description":null,"schema":{"blockGraphs":[],"customGraphs":[],"default":{"data":{"Article":[],"Course":[],"Dataset":[],"FAQPage":[],"Movie":[],"Person":[],"Product":[],"ProductReview":[],"Car":[],"Recipe":[],"Service":[],"SoftwareApplication":[],"WebPage":[]},"graphName":"","isEnabled":true},"graphs":[],"defaultGraph":"","defaultPostTypeGraph":""},"schema_type":null,"schema_type_options":null,"pillar_content":false,"robots_default":true,"robots_noindex":false,"robots_noarchive":false,"robots_nosnippet":false,"robots_nofollow":false,"robots_noimageindex":false,"robots_noodp":false,"robots_notranslate":false,"robots_max_snippet":null,"robots_max_videopreview":null,"robots_max_imagepreview":"none","priority":null,"frequency":null,"local_seo":null,"seo_analyzer_scan_date":"2025-08-21 05:02:51","breadcrumb_settings":null,"limit_modified_date":false,"open_ai":null,"ai":null,"created":"2020-11-14 22:36:57","updated":"2025-08-21 05:02:51"},"aioseo_breadcrumb":"<div class=\"aioseo-breadcrumbs\"><span class=\"aioseo-breadcrumb\">\n\t<a href=\"https:\/\/www.eldigitaldeasturias.com\/noticias\" title=\"Home\">Home<\/a>\n<\/span><span class=\"aioseo-breadcrumb-separator\">\u2013<\/span><span class=\"aioseo-breadcrumb\">\n\t<a href=\"https:\/\/www.eldigitaldeasturias.com\/noticias\/category\/actualidad\/\" title=\"Actualidad\">Actualidad<\/a>\n<\/span><span class=\"aioseo-breadcrumb-separator\">\u2013<\/span><span class=\"aioseo-breadcrumb\">\n\t<a href=\"https:\/\/www.eldigitaldeasturias.com\/noticias\/lagarde-cree-que-la-economia-mundial-avanza-en-su-recuperacion\/\" title=\"Lagarde cree que la econom\u00eda mundial avanza en su recuperaci\u00f3n\">Lagarde cree que la econom\u00eda mundial avanza en su recuperaci\u00f3n<\/a>\n<\/span><\/div>","aioseo_breadcrumb_json":[{"label":"Home","link":"https:\/\/www.eldigitaldeasturias.com\/noticias"},{"label":"Actualidad","link":"https:\/\/www.eldigitaldeasturias.com\/noticias\/category\/actualidad\/"},{"label":"Lagarde cree que la econom\u00eda mundial avanza en su recuperaci\u00f3n","link":"https:\/\/www.eldigitaldeasturias.com\/noticias\/lagarde-cree-que-la-economia-mundial-avanza-en-su-recuperacion\/"}],"_links":{"self":[{"href":"https:\/\/www.eldigitaldeasturias.com\/noticias\/wp-json\/wp\/v2\/posts\/2841","targetHints":{"allow":["GET"]}}],"collection":[{"href":"https:\/\/www.eldigitaldeasturias.com\/noticias\/wp-json\/wp\/v2\/posts"}],"about":[{"href":"https:\/\/www.eldigitaldeasturias.com\/noticias\/wp-json\/wp\/v2\/types\/post"}],"author":[{"embeddable":true,"href":"https:\/\/www.eldigitaldeasturias.com\/noticias\/wp-json\/wp\/v2\/users\/1"}],"replies":[{"embeddable":true,"href":"https:\/\/www.eldigitaldeasturias.com\/noticias\/wp-json\/wp\/v2\/comments?post=2841"}],"version-history":[{"count":0,"href":"https:\/\/www.eldigitaldeasturias.com\/noticias\/wp-json\/wp\/v2\/posts\/2841\/revisions"}],"wp:featuredmedia":[{"embeddable":true,"href":"https:\/\/www.eldigitaldeasturias.com\/noticias\/wp-json\/"}],"wp:attachment":[{"href":"https:\/\/www.eldigitaldeasturias.com\/noticias\/wp-json\/wp\/v2\/media?parent=2841"}],"wp:term":[{"taxonomy":"category","embeddable":true,"href":"https:\/\/www.eldigitaldeasturias.com\/noticias\/wp-json\/wp\/v2\/categories?post=2841"},{"taxonomy":"post_tag","embeddable":true,"href":"https:\/\/www.eldigitaldeasturias.com\/noticias\/wp-json\/wp\/v2\/tags?post=2841"}],"curies":[{"name":"wp","href":"https:\/\/api.w.org\/{rel}","templated":true}]}}