{"id":2828,"date":"2013-09-24T22:21:00","date_gmt":"2013-09-24T22:21:00","guid":{"rendered":"http:\/\/www.eldigitaldeasturias.com\/noticias\/?p=2828"},"modified":"2013-09-24T22:21:00","modified_gmt":"2013-09-24T22:21:00","slug":"ciu-rajoy-dijo-a-mas-que-estaban-analizando-las-cinco-vias-legales-del-derecho-a-decidir","status":"publish","type":"post","link":"https:\/\/www.eldigitaldeasturias.com\/noticias\/ciu-rajoy-dijo-a-mas-que-estaban-analizando-las-cinco-vias-legales-del-derecho-a-decidir\/","title":{"rendered":"CiU : Rajoy dijo a Mas que \u00abestaban analizando las cinco v\u00edas legales del derecho a decidir\u00bb"},"content":{"rendered":"<p><img loading=\"lazy\" decoding=\"async\" class=\"alignleft size-medium wp-image-2829\" alt=\"fotonoticia_20130924194810_800\" src=\"https:\/\/www.eldigitaldeasturias.com\/noticias\/wp-content\/uploads\/2013\/09\/fotonoticia_20130924194810_800-360x240.jpg\" width=\"360\" height=\"240\" \/>MADRID, 24 Sep. (EUROPA PRESS) &#8211;\u00a0El portavoz parlamentario de CiU en el Senado, Josep Llu\u00eds Cleries, ha asegurado que el jefe del Ejecutivo dijo al presidente de la Generalitat, Artur Mas, que \u00abestaban analizando las cinco v\u00edas legales que permiten ejercer el derecho a decidir\u00bb, \u00abofreci\u00f3 di\u00e1logo\u00bb, \u00abhabl\u00f3 de la singularidad de Catalu\u00f1a\u00bb y \u00abqued\u00f3 a disposici\u00f3n de ofrecer la mejor respuesta a las necesidades reales\u00bb de Catalu\u00f1a.<\/p>\n<p>As\u00ed lo ha desvelado durante una pregunta en el Senado sobre la Diada al ministro de Hacienda, Crist\u00f3bal Montoro, quien ha le\u00eddo la carta que el propio Rajoy envi\u00f3 a Mas dejando claro que \u00abel mejor servicio a la legitimidad democr\u00e1tica\u00bb era \u00abrespetar ese marco jur\u00eddico\u00bb. Adem\u00e1s, ha coincidido con CiU en que \u00abes el momento de la pol\u00edtica y del di\u00e1logo\u00bb pero \u00abdentro de la Constituci\u00f3n\u00bb.<\/p>\n<p>En su intervenci\u00f3n en el Pleno del Senado, Cleries se ha quejado de que, tras la Diada, las palabras de la vicepresidenta Soraya S\u00e1enz de Santamar\u00eda, &#8211;quien puso en valor la \u00abmayor\u00eda silenciosa\u00bb que no se manifest\u00f3&#8211; fueran \u00abm\u00e1s duras\u00bb que las de Mariano Rajoy en la carta que envi\u00f3 a Artur Mas.<\/p>\n<p>Cleries, que ha calificado de \u00abfalta de respeto democr\u00e1tico\u00bb al Senado y a CiU que S\u00e1enz de Santamar\u00eda no respondiese a su pregunta, ha destacado que la v\u00eda catalana de la Diada cont\u00f3 con m\u00e1s de un mill\u00f3n de personas \u00abdefendiendo el derecho a decidir\u00bb. Por eso, ha criticado que la vicepresidenta del Gobierno respondiese desde el \u00abuniformismo\u00bb, apelando a la \u00abmayor\u00eda silenciosa\u00bb y \u00abolvidando\u00bb a los ciudadanos que \u00abpac\u00edficamente salieron\u00bb a la calle.<\/p>\n<p>CiU: USAR LA CONSTITUCI\u00d3N COMO \u00abMURO DE CONTENCI\u00d3N\u00bb<\/p>\n<p>\u00ab\u00bfResponder\u00edan de la misma forma si en el Estado espa\u00f1ol nueve millones y medio de personas enlazados en una v\u00eda de casi 3.000 kil\u00f3metros proporcionalmente saliera c\u00edvicamente a expresar una demanda? \u00bfPensar\u00edan en la mayor\u00eda silenciosa o pensar\u00edan qu\u00e9 nos pide esta gente?\u00bb, se ha preguntado, para a\u00f1adir que es \u00abel momento de la pol\u00edtica y del di\u00e1logo\u00bb.<\/p>\n<p>Dicho esto, Cleries ha defendido un refer\u00e9ndum con el derecho a decidir para dar \u00abvoz y voto a todo el mundo\u00bb y ha pedido al Ejecutivo que \u00abno utilice la Constituci\u00f3n como \u00abun muro de contenci\u00f3n\u00bb porque \u00abes un tema de voluntad pol\u00edtica\u00bb.<\/p>\n<p>\u00abDijimos que ejercer\u00edamos nuestro derecho a decidir y lo vamos a hacer porque es democracia, porque es legal si queremos y porque lo que han de hacer, y es lo que pedimos, es voluntad pol\u00edtica para llegar a buenos acuerdos para Catalu\u00f1a, que ir\u00e1n bien al conjunto de Espa\u00f1a porque seremos unos buenos vecinos\u00bb, ha enfatizado.<\/p>\n<p>MONTORO RECUERDA LA LITERALIDAD DE LA CARTA DE RAJOY A MAS<\/p>\n<p>En su respuesta, el ministro ha coincidido con el portavoz de CiU en que es el momento de la \u00abpol\u00edtica y del di\u00e1logo\u00bb, algo que, seg\u00fan ha subrayado, dijo la propia vicepresidenta tras la celebraci\u00f3n de la Diada.<\/p>\n<p>Tras asegurar que el Gobierno habla y escuchar a todas las autonom\u00edas, ha expresado su \u00abrespeto\u00bb tanto por los ciudadanos que se manifiestan como por los que est\u00e1n en sus casas. \u00abLa posici\u00f3n del Gobierno es di\u00e1logo y respeto a la ley y a la Constituci\u00f3n\u00bb, para a\u00f1adir que el Gobierno de Mariano Rajoy \u00abrepresenta a todos los ciudadanos de Espa\u00f1a\u00bb.<\/p>\n<p>Asimismo, el ministro ha aprovechado su r\u00e9plica para leer algunos p\u00e1rrafos textuales de la misiva que Rajoy envi\u00f3 a Mas, donde dec\u00eda que \u00abel mejor servicio a la legitimidad democr\u00e1tica que invoca es respetar ese marco jur\u00eddico en el que los Gobiernos hayan su fundamento y legitimidad\u00bb.<\/p>\n<p>Y ha a\u00f1adido, siguiendo con la carta, que \u00ablos v\u00ednculos\u00bb que mantienen unidos a Catalu\u00f1a y Espa\u00f1a \u00abno puede desatarse sin enormes costes afectivos, econ\u00f3micos, pol\u00edticos y sociales\u00bb.<\/p>\n<p>En este sentido, Montoro ha recalcado que lo que ofrece el Gobierno es \u00abdi\u00e1logo pol\u00edtico\u00bb pero en el \u00abmarco\u00bb de la \u00abjurisdicci\u00f3n\u00bb y \u00abconvivencia\u00bb que ofrece la Carta Magna, as\u00ed como dentro del proyecto europeo, que promueve la integraci\u00f3n econ\u00f3mica y apuesta por la integraci\u00f3n pol\u00edtica.<\/p>\n","protected":false},"excerpt":{"rendered":"<p>MADRID, 24 Sep. (EUROPA PRESS) &#8211;\u00a0El portavoz parlamentario de CiU en el Senado, Josep Llu\u00eds Cleries, ha asegurado que el jefe del Ejecutivo dijo al presidente de la Generalitat, Artur Mas, que \u00abestaban analizando las cinco v\u00edas legales que permiten ejercer el derecho a decidir\u00bb, \u00abofreci\u00f3 di\u00e1logo\u00bb, \u00abhabl\u00f3 de la singularidad de Catalu\u00f1a\u00bb y \u00abqued\u00f3 [&hellip;]<\/p>\n","protected":false},"author":1,"featured_media":2829,"comment_status":"open","ping_status":"open","sticky":false,"template":"","format":"standard","meta":{"footnotes":""},"categories":[1],"tags":[],"class_list":["post-2828","post","type-post","status-publish","format-standard","has-post-thumbnail","hentry","category-actualidad"],"aioseo_notices":[],"aioseo_head":"\n\t\t<!-- All in One SEO Pro 4.9.6.2 - aioseo.com -->\n\t<meta name=\"description\" content=\"MADRID, 24 Sep. (EUROPA PRESS) - El portavoz parlamentario de CiU en el Senado, Josep Llu\u00eds Cleries, ha asegurado que el jefe del Ejecutivo dijo al presidente de la Generalitat, Artur Mas, que &quot;estaban analizando las cinco v\u00edas legales que permiten ejercer el derecho a decidir&quot;, &quot;ofreci\u00f3 di\u00e1logo&quot;, &quot;habl\u00f3 de la singularidad de Catalu\u00f1a&quot; y &quot;qued\u00f3\" \/>\n\t<meta name=\"robots\" content=\"max-image-preview:large\" \/>\n\t<meta name=\"author\" content=\"El Digital de Asturias\"\/>\n\t<meta name=\"google-site-verification\" content=\"UA-38556648-1\" \/>\n\t<meta name=\"msvalidate.01\" content=\"7dfe9f3f1b24437ab69f4f2559babe99\" \/>\n\t<meta name=\"keywords\" content=\"actualidad\" \/>\n\t<link rel=\"canonical\" href=\"https:\/\/www.eldigitaldeasturias.com\/noticias\/ciu-rajoy-dijo-a-mas-que-estaban-analizando-las-cinco-vias-legales-del-derecho-a-decidir\/\" \/>\n\t<meta name=\"generator\" content=\"All in One SEO Pro (AIOSEO) 4.9.6.2\" \/>\n\t\t<meta property=\"og:locale\" content=\"es_ES\" \/>\n\t\t<meta property=\"og:site_name\" content=\"El Digital de Asturias\" \/>\n\t\t<meta property=\"og:type\" content=\"article\" \/>\n\t\t<meta property=\"og:title\" content=\"CiU : Rajoy dijo a Mas que \u00abestaban analizando las cinco v\u00edas legales del derecho a decidir\u00bb - El Digital de Asturias\" \/>\n\t\t<meta property=\"og:description\" content=\"MADRID, 24 Sep. (EUROPA PRESS) - El portavoz parlamentario de CiU en el Senado, Josep Llu\u00eds Cleries, ha asegurado que el jefe del Ejecutivo dijo al presidente de la Generalitat, Artur Mas, que &quot;estaban analizando las cinco v\u00edas legales que permiten ejercer el derecho a decidir&quot;, &quot;ofreci\u00f3 di\u00e1logo&quot;, &quot;habl\u00f3 de la singularidad de Catalu\u00f1a&quot; y &quot;qued\u00f3\" \/>\n\t\t<meta property=\"og:url\" content=\"https:\/\/www.eldigitaldeasturias.com\/noticias\/ciu-rajoy-dijo-a-mas-que-estaban-analizando-las-cinco-vias-legales-del-derecho-a-decidir\/\" \/>\n\t\t<meta property=\"article:tag\" content=\"actualidad\" \/>\n\t\t<meta property=\"article:published_time\" content=\"2013-09-24T22:21:00+00:00\" \/>\n\t\t<meta property=\"article:modified_time\" content=\"2013-09-24T22:21:00+00:00\" \/>\n\t\t<meta property=\"article:publisher\" content=\"https:\/\/facebook.com\/eldigitaldeasturias\" \/>\n\t\t<meta name=\"twitter:card\" content=\"summary_large_image\" \/>\n\t\t<meta name=\"twitter:title\" content=\"CiU : Rajoy dijo a Mas que \u00abestaban analizando las cinco v\u00edas legales del derecho a decidir\u00bb - El Digital de Asturias\" \/>\n\t\t<meta name=\"twitter:description\" content=\"MADRID, 24 Sep. (EUROPA PRESS) - El portavoz parlamentario de CiU en el Senado, Josep Llu\u00eds Cleries, ha asegurado que el jefe del Ejecutivo dijo al presidente de la Generalitat, Artur Mas, que &quot;estaban analizando las cinco v\u00edas legales que permiten ejercer el derecho a decidir&quot;, &quot;ofreci\u00f3 di\u00e1logo&quot;, &quot;habl\u00f3 de la singularidad de Catalu\u00f1a&quot; y &quot;qued\u00f3\" \/>\n\t\t<meta name=\"twitter:label1\" content=\"Escrito por\" \/>\n\t\t<meta name=\"twitter:data1\" content=\"El Digital de Asturias\" \/>\n\t\t<meta name=\"twitter:label2\" content=\"Tiempo de lectura estimado\" \/>\n\t\t<meta name=\"twitter:data2\" content=\"4 minutos\" \/>\n\t\t<script type=\"application\/ld+json\" class=\"aioseo-schema\">\n\t\t\t{\"@context\":\"https:\\\/\\\/schema.org\",\"@graph\":[{\"@type\":\"BlogPosting\",\"@id\":\"https:\\\/\\\/www.eldigitaldeasturias.com\\\/noticias\\\/ciu-rajoy-dijo-a-mas-que-estaban-analizando-las-cinco-vias-legales-del-derecho-a-decidir\\\/#blogposting\",\"name\":\"CiU : Rajoy dijo a Mas que \\u00abestaban analizando las cinco v\\u00edas legales del derecho a decidir\\u00bb - El Digital de Asturias\",\"headline\":\"CiU : Rajoy dijo a Mas que \\u00abestaban analizando las cinco v\\u00edas legales del derecho a decidir\\u00bb\",\"author\":{\"@id\":\"https:\\\/\\\/www.eldigitaldeasturias.com\\\/noticias\\\/author\\\/admin\\\/#author\"},\"publisher\":{\"@id\":\"https:\\\/\\\/www.eldigitaldeasturias.com\\\/noticias\\\/#organization\"},\"image\":{\"@type\":\"ImageObject\",\"url\":2829},\"datePublished\":\"2013-09-24T22:21:00+02:00\",\"dateModified\":\"2013-09-24T22:21:00+02:00\",\"inLanguage\":\"es-ES\",\"mainEntityOfPage\":{\"@id\":\"https:\\\/\\\/www.eldigitaldeasturias.com\\\/noticias\\\/ciu-rajoy-dijo-a-mas-que-estaban-analizando-las-cinco-vias-legales-del-derecho-a-decidir\\\/#webpage\"},\"isPartOf\":{\"@id\":\"https:\\\/\\\/www.eldigitaldeasturias.com\\\/noticias\\\/ciu-rajoy-dijo-a-mas-que-estaban-analizando-las-cinco-vias-legales-del-derecho-a-decidir\\\/#webpage\"},\"articleSection\":\"Actualidad\"},{\"@type\":\"BreadcrumbList\",\"@id\":\"https:\\\/\\\/www.eldigitaldeasturias.com\\\/noticias\\\/ciu-rajoy-dijo-a-mas-que-estaban-analizando-las-cinco-vias-legales-del-derecho-a-decidir\\\/#breadcrumblist\",\"itemListElement\":[{\"@type\":\"ListItem\",\"@id\":\"https:\\\/\\\/www.eldigitaldeasturias.com\\\/noticias#listItem\",\"position\":1,\"name\":\"Home\",\"item\":\"https:\\\/\\\/www.eldigitaldeasturias.com\\\/noticias\",\"nextItem\":{\"@type\":\"ListItem\",\"@id\":\"https:\\\/\\\/www.eldigitaldeasturias.com\\\/noticias\\\/category\\\/actualidad\\\/#listItem\",\"name\":\"Actualidad\"}},{\"@type\":\"ListItem\",\"@id\":\"https:\\\/\\\/www.eldigitaldeasturias.com\\\/noticias\\\/category\\\/actualidad\\\/#listItem\",\"position\":2,\"name\":\"Actualidad\",\"item\":\"https:\\\/\\\/www.eldigitaldeasturias.com\\\/noticias\\\/category\\\/actualidad\\\/\",\"nextItem\":{\"@type\":\"ListItem\",\"@id\":\"https:\\\/\\\/www.eldigitaldeasturias.com\\\/noticias\\\/ciu-rajoy-dijo-a-mas-que-estaban-analizando-las-cinco-vias-legales-del-derecho-a-decidir\\\/#listItem\",\"name\":\"CiU : Rajoy dijo a Mas que \\u00abestaban analizando las cinco v\\u00edas legales del derecho a decidir\\u00bb\"},\"previousItem\":{\"@type\":\"ListItem\",\"@id\":\"https:\\\/\\\/www.eldigitaldeasturias.com\\\/noticias#listItem\",\"name\":\"Home\"}},{\"@type\":\"ListItem\",\"@id\":\"https:\\\/\\\/www.eldigitaldeasturias.com\\\/noticias\\\/ciu-rajoy-dijo-a-mas-que-estaban-analizando-las-cinco-vias-legales-del-derecho-a-decidir\\\/#listItem\",\"position\":3,\"name\":\"CiU : Rajoy dijo a Mas que \\u00abestaban analizando las cinco v\\u00edas legales del derecho a decidir\\u00bb\",\"previousItem\":{\"@type\":\"ListItem\",\"@id\":\"https:\\\/\\\/www.eldigitaldeasturias.com\\\/noticias\\\/category\\\/actualidad\\\/#listItem\",\"name\":\"Actualidad\"}}]},{\"@type\":\"Organization\",\"@id\":\"https:\\\/\\\/www.eldigitaldeasturias.com\\\/noticias\\\/#organization\",\"name\":\"El Digital de Asturias\",\"description\":\"Hemeroteca\",\"url\":\"https:\\\/\\\/www.eldigitaldeasturias.com\\\/noticias\\\/\",\"email\":\"info@eldigitaldeasturias.com\",\"telephone\":\"+34652131393\",\"logo\":{\"@type\":\"ImageObject\",\"url\":\"https:\\\/\\\/www.eldigitaldeasturias.com\\\/noticias\\\/wp-content\\\/uploads\\\/2020\\\/12\\\/EDA.jpg\",\"@id\":\"https:\\\/\\\/www.eldigitaldeasturias.com\\\/noticias\\\/ciu-rajoy-dijo-a-mas-que-estaban-analizando-las-cinco-vias-legales-del-derecho-a-decidir\\\/#organizationLogo\",\"width\":649,\"height\":297},\"image\":{\"@id\":\"https:\\\/\\\/www.eldigitaldeasturias.com\\\/noticias\\\/ciu-rajoy-dijo-a-mas-que-estaban-analizando-las-cinco-vias-legales-del-derecho-a-decidir\\\/#organizationLogo\"},\"sameAs\":[\"https:\\\/\\\/facebook.com\\\/eldigitaldeasturias\",\"https:\\\/\\\/www.youtube.com\\\/channel\\\/UCZP-2wLEB9Rv6erhFmqVnvg\"],\"address\":{\"@id\":\"https:\\\/\\\/www.eldigitaldeasturias.com\\\/noticias\\\/#postaladdress\",\"@type\":\"PostalAddress\",\"streetAddress\":\"san antonio 4,\",\"postalCode\":\"33430\",\"addressLocality\":\"Cand\\u00e1s\",\"addressRegion\":\"Asturias\",\"addressCountry\":\"ES\"}},{\"@type\":\"Person\",\"@id\":\"https:\\\/\\\/www.eldigitaldeasturias.com\\\/noticias\\\/author\\\/admin\\\/#author\",\"url\":\"https:\\\/\\\/www.eldigitaldeasturias.com\\\/noticias\\\/author\\\/admin\\\/\",\"name\":\"El Digital de Asturias\",\"image\":{\"@type\":\"ImageObject\",\"@id\":\"https:\\\/\\\/www.eldigitaldeasturias.com\\\/noticias\\\/ciu-rajoy-dijo-a-mas-que-estaban-analizando-las-cinco-vias-legales-del-derecho-a-decidir\\\/#authorImage\",\"url\":\"https:\\\/\\\/www.eldigitaldeasturias.com\\\/noticias\\\/wp-content\\\/litespeed\\\/avatar\\\/18677e78aa0546b92d9dbf31ec7d7668.jpg?ver=1776685526\",\"width\":96,\"height\":96,\"caption\":\"El Digital de Asturias\"}},{\"@type\":\"WebPage\",\"@id\":\"https:\\\/\\\/www.eldigitaldeasturias.com\\\/noticias\\\/ciu-rajoy-dijo-a-mas-que-estaban-analizando-las-cinco-vias-legales-del-derecho-a-decidir\\\/#webpage\",\"url\":\"https:\\\/\\\/www.eldigitaldeasturias.com\\\/noticias\\\/ciu-rajoy-dijo-a-mas-que-estaban-analizando-las-cinco-vias-legales-del-derecho-a-decidir\\\/\",\"name\":\"CiU : Rajoy dijo a Mas que \\u00abestaban analizando las cinco v\\u00edas legales del derecho a decidir\\u00bb - El Digital de Asturias\",\"description\":\"MADRID, 24 Sep. (EUROPA PRESS) - El portavoz parlamentario de CiU en el Senado, Josep Llu\\u00eds Cleries, ha asegurado que el jefe del Ejecutivo dijo al presidente de la Generalitat, Artur Mas, que \\\"estaban analizando las cinco v\\u00edas legales que permiten ejercer el derecho a decidir\\\", \\\"ofreci\\u00f3 di\\u00e1logo\\\", \\\"habl\\u00f3 de la singularidad de Catalu\\u00f1a\\\" y \\\"qued\\u00f3\",\"inLanguage\":\"es-ES\",\"isPartOf\":{\"@id\":\"https:\\\/\\\/www.eldigitaldeasturias.com\\\/noticias\\\/#website\"},\"breadcrumb\":{\"@id\":\"https:\\\/\\\/www.eldigitaldeasturias.com\\\/noticias\\\/ciu-rajoy-dijo-a-mas-que-estaban-analizando-las-cinco-vias-legales-del-derecho-a-decidir\\\/#breadcrumblist\"},\"author\":{\"@id\":\"https:\\\/\\\/www.eldigitaldeasturias.com\\\/noticias\\\/author\\\/admin\\\/#author\"},\"creator\":{\"@id\":\"https:\\\/\\\/www.eldigitaldeasturias.com\\\/noticias\\\/author\\\/admin\\\/#author\"},\"image\":{\"@type\":\"ImageObject\",\"url\":2829,\"@id\":\"https:\\\/\\\/www.eldigitaldeasturias.com\\\/noticias\\\/ciu-rajoy-dijo-a-mas-que-estaban-analizando-las-cinco-vias-legales-del-derecho-a-decidir\\\/#mainImage\"},\"primaryImageOfPage\":{\"@id\":\"https:\\\/\\\/www.eldigitaldeasturias.com\\\/noticias\\\/ciu-rajoy-dijo-a-mas-que-estaban-analizando-las-cinco-vias-legales-del-derecho-a-decidir\\\/#mainImage\"},\"datePublished\":\"2013-09-24T22:21:00+02:00\",\"dateModified\":\"2013-09-24T22:21:00+02:00\"},{\"@type\":\"WebSite\",\"@id\":\"https:\\\/\\\/www.eldigitaldeasturias.com\\\/noticias\\\/#website\",\"url\":\"https:\\\/\\\/www.eldigitaldeasturias.com\\\/noticias\\\/\",\"name\":\"El Digital de Asturias - Diario de actualidad y noticias\",\"alternateName\":\"El Digital de Asturias - Diario de actualidad y noticias\",\"description\":\"Hemeroteca\",\"inLanguage\":\"es-ES\",\"publisher\":{\"@id\":\"https:\\\/\\\/www.eldigitaldeasturias.com\\\/noticias\\\/#organization\"}}]}\n\t\t<\/script>\n\t\t<!-- All in One SEO Pro -->\r\n\t\t<title>CiU : Rajoy dijo a Mas que \u00abestaban analizando las cinco v\u00edas legales del derecho a decidir\u00bb - El Digital de Asturias<\/title>\n\n","aioseo_head_json":{"title":"CiU : Rajoy dijo a Mas que \u00abestaban analizando las cinco v\u00edas legales del derecho a decidir\u00bb - El Digital de Asturias","description":"MADRID, 24 Sep. (EUROPA PRESS) - El portavoz parlamentario de CiU en el Senado, Josep Llu\u00eds Cleries, ha asegurado que el jefe del Ejecutivo dijo al presidente de la Generalitat, Artur Mas, que \"estaban analizando las cinco v\u00edas legales que permiten ejercer el derecho a decidir\", \"ofreci\u00f3 di\u00e1logo\", \"habl\u00f3 de la singularidad de Catalu\u00f1a\" y \"qued\u00f3","canonical_url":"https:\/\/www.eldigitaldeasturias.com\/noticias\/ciu-rajoy-dijo-a-mas-que-estaban-analizando-las-cinco-vias-legales-del-derecho-a-decidir\/","robots":"max-image-preview:large","keywords":"actualidad","webmasterTools":{"google-site-verification":"UA-38556648-1","msvalidate.01":"7dfe9f3f1b24437ab69f4f2559babe99","miscellaneous":""},"schema":{"@context":"https:\/\/schema.org","@graph":[{"@type":"BlogPosting","@id":"https:\/\/www.eldigitaldeasturias.com\/noticias\/ciu-rajoy-dijo-a-mas-que-estaban-analizando-las-cinco-vias-legales-del-derecho-a-decidir\/#blogposting","name":"CiU : Rajoy dijo a Mas que \u00abestaban analizando las cinco v\u00edas legales del derecho a decidir\u00bb - El Digital de Asturias","headline":"CiU : Rajoy dijo a Mas que \u00abestaban analizando las cinco v\u00edas legales del derecho a decidir\u00bb","author":{"@id":"https:\/\/www.eldigitaldeasturias.com\/noticias\/author\/admin\/#author"},"publisher":{"@id":"https:\/\/www.eldigitaldeasturias.com\/noticias\/#organization"},"image":{"@type":"ImageObject","url":2829},"datePublished":"2013-09-24T22:21:00+02:00","dateModified":"2013-09-24T22:21:00+02:00","inLanguage":"es-ES","mainEntityOfPage":{"@id":"https:\/\/www.eldigitaldeasturias.com\/noticias\/ciu-rajoy-dijo-a-mas-que-estaban-analizando-las-cinco-vias-legales-del-derecho-a-decidir\/#webpage"},"isPartOf":{"@id":"https:\/\/www.eldigitaldeasturias.com\/noticias\/ciu-rajoy-dijo-a-mas-que-estaban-analizando-las-cinco-vias-legales-del-derecho-a-decidir\/#webpage"},"articleSection":"Actualidad"},{"@type":"BreadcrumbList","@id":"https:\/\/www.eldigitaldeasturias.com\/noticias\/ciu-rajoy-dijo-a-mas-que-estaban-analizando-las-cinco-vias-legales-del-derecho-a-decidir\/#breadcrumblist","itemListElement":[{"@type":"ListItem","@id":"https:\/\/www.eldigitaldeasturias.com\/noticias#listItem","position":1,"name":"Home","item":"https:\/\/www.eldigitaldeasturias.com\/noticias","nextItem":{"@type":"ListItem","@id":"https:\/\/www.eldigitaldeasturias.com\/noticias\/category\/actualidad\/#listItem","name":"Actualidad"}},{"@type":"ListItem","@id":"https:\/\/www.eldigitaldeasturias.com\/noticias\/category\/actualidad\/#listItem","position":2,"name":"Actualidad","item":"https:\/\/www.eldigitaldeasturias.com\/noticias\/category\/actualidad\/","nextItem":{"@type":"ListItem","@id":"https:\/\/www.eldigitaldeasturias.com\/noticias\/ciu-rajoy-dijo-a-mas-que-estaban-analizando-las-cinco-vias-legales-del-derecho-a-decidir\/#listItem","name":"CiU : Rajoy dijo a Mas que \u00abestaban analizando las cinco v\u00edas legales del derecho a decidir\u00bb"},"previousItem":{"@type":"ListItem","@id":"https:\/\/www.eldigitaldeasturias.com\/noticias#listItem","name":"Home"}},{"@type":"ListItem","@id":"https:\/\/www.eldigitaldeasturias.com\/noticias\/ciu-rajoy-dijo-a-mas-que-estaban-analizando-las-cinco-vias-legales-del-derecho-a-decidir\/#listItem","position":3,"name":"CiU : Rajoy dijo a Mas que \u00abestaban analizando las cinco v\u00edas legales del derecho a decidir\u00bb","previousItem":{"@type":"ListItem","@id":"https:\/\/www.eldigitaldeasturias.com\/noticias\/category\/actualidad\/#listItem","name":"Actualidad"}}]},{"@type":"Organization","@id":"https:\/\/www.eldigitaldeasturias.com\/noticias\/#organization","name":"El Digital de Asturias","description":"Hemeroteca","url":"https:\/\/www.eldigitaldeasturias.com\/noticias\/","email":"info@eldigitaldeasturias.com","telephone":"+34652131393","logo":{"@type":"ImageObject","url":"https:\/\/www.eldigitaldeasturias.com\/noticias\/wp-content\/uploads\/2020\/12\/EDA.jpg","@id":"https:\/\/www.eldigitaldeasturias.com\/noticias\/ciu-rajoy-dijo-a-mas-que-estaban-analizando-las-cinco-vias-legales-del-derecho-a-decidir\/#organizationLogo","width":649,"height":297},"image":{"@id":"https:\/\/www.eldigitaldeasturias.com\/noticias\/ciu-rajoy-dijo-a-mas-que-estaban-analizando-las-cinco-vias-legales-del-derecho-a-decidir\/#organizationLogo"},"sameAs":["https:\/\/facebook.com\/eldigitaldeasturias","https:\/\/www.youtube.com\/channel\/UCZP-2wLEB9Rv6erhFmqVnvg"],"address":{"@id":"https:\/\/www.eldigitaldeasturias.com\/noticias\/#postaladdress","@type":"PostalAddress","streetAddress":"san antonio 4,","postalCode":"33430","addressLocality":"Cand\u00e1s","addressRegion":"Asturias","addressCountry":"ES"}},{"@type":"Person","@id":"https:\/\/www.eldigitaldeasturias.com\/noticias\/author\/admin\/#author","url":"https:\/\/www.eldigitaldeasturias.com\/noticias\/author\/admin\/","name":"El Digital de Asturias","image":{"@type":"ImageObject","@id":"https:\/\/www.eldigitaldeasturias.com\/noticias\/ciu-rajoy-dijo-a-mas-que-estaban-analizando-las-cinco-vias-legales-del-derecho-a-decidir\/#authorImage","url":"https:\/\/www.eldigitaldeasturias.com\/noticias\/wp-content\/litespeed\/avatar\/18677e78aa0546b92d9dbf31ec7d7668.jpg?ver=1776685526","width":96,"height":96,"caption":"El Digital de Asturias"}},{"@type":"WebPage","@id":"https:\/\/www.eldigitaldeasturias.com\/noticias\/ciu-rajoy-dijo-a-mas-que-estaban-analizando-las-cinco-vias-legales-del-derecho-a-decidir\/#webpage","url":"https:\/\/www.eldigitaldeasturias.com\/noticias\/ciu-rajoy-dijo-a-mas-que-estaban-analizando-las-cinco-vias-legales-del-derecho-a-decidir\/","name":"CiU : Rajoy dijo a Mas que \u00abestaban analizando las cinco v\u00edas legales del derecho a decidir\u00bb - El Digital de Asturias","description":"MADRID, 24 Sep. (EUROPA PRESS) - El portavoz parlamentario de CiU en el Senado, Josep Llu\u00eds Cleries, ha asegurado que el jefe del Ejecutivo dijo al presidente de la Generalitat, Artur Mas, que \"estaban analizando las cinco v\u00edas legales que permiten ejercer el derecho a decidir\", \"ofreci\u00f3 di\u00e1logo\", \"habl\u00f3 de la singularidad de Catalu\u00f1a\" y \"qued\u00f3","inLanguage":"es-ES","isPartOf":{"@id":"https:\/\/www.eldigitaldeasturias.com\/noticias\/#website"},"breadcrumb":{"@id":"https:\/\/www.eldigitaldeasturias.com\/noticias\/ciu-rajoy-dijo-a-mas-que-estaban-analizando-las-cinco-vias-legales-del-derecho-a-decidir\/#breadcrumblist"},"author":{"@id":"https:\/\/www.eldigitaldeasturias.com\/noticias\/author\/admin\/#author"},"creator":{"@id":"https:\/\/www.eldigitaldeasturias.com\/noticias\/author\/admin\/#author"},"image":{"@type":"ImageObject","url":2829,"@id":"https:\/\/www.eldigitaldeasturias.com\/noticias\/ciu-rajoy-dijo-a-mas-que-estaban-analizando-las-cinco-vias-legales-del-derecho-a-decidir\/#mainImage"},"primaryImageOfPage":{"@id":"https:\/\/www.eldigitaldeasturias.com\/noticias\/ciu-rajoy-dijo-a-mas-que-estaban-analizando-las-cinco-vias-legales-del-derecho-a-decidir\/#mainImage"},"datePublished":"2013-09-24T22:21:00+02:00","dateModified":"2013-09-24T22:21:00+02:00"},{"@type":"WebSite","@id":"https:\/\/www.eldigitaldeasturias.com\/noticias\/#website","url":"https:\/\/www.eldigitaldeasturias.com\/noticias\/","name":"El Digital de Asturias - Diario de actualidad y noticias","alternateName":"El Digital de Asturias - Diario de actualidad y noticias","description":"Hemeroteca","inLanguage":"es-ES","publisher":{"@id":"https:\/\/www.eldigitaldeasturias.com\/noticias\/#organization"}}]},"og:locale":"es_ES","og:site_name":"El Digital de Asturias","og:type":"article","og:title":"CiU : Rajoy dijo a Mas que \u00abestaban analizando las cinco v\u00edas legales del derecho a decidir\u00bb - El Digital de Asturias","og:description":"MADRID, 24 Sep. (EUROPA PRESS) - El portavoz parlamentario de CiU en el Senado, Josep Llu\u00eds Cleries, ha asegurado que el jefe del Ejecutivo dijo al presidente de la Generalitat, Artur Mas, que &quot;estaban analizando las cinco v\u00edas legales que permiten ejercer el derecho a decidir&quot;, &quot;ofreci\u00f3 di\u00e1logo&quot;, &quot;habl\u00f3 de la singularidad de Catalu\u00f1a&quot; y &quot;qued\u00f3","og:url":"https:\/\/www.eldigitaldeasturias.com\/noticias\/ciu-rajoy-dijo-a-mas-que-estaban-analizando-las-cinco-vias-legales-del-derecho-a-decidir\/","article:tag":["actualidad"],"article:published_time":"2013-09-24T22:21:00+00:00","article:modified_time":"2013-09-24T22:21:00+00:00","article:publisher":"https:\/\/facebook.com\/eldigitaldeasturias","twitter:card":"summary_large_image","twitter:title":"CiU : Rajoy dijo a Mas que \u00abestaban analizando las cinco v\u00edas legales del derecho a decidir\u00bb - El Digital de Asturias","twitter:description":"MADRID, 24 Sep. (EUROPA PRESS) - El portavoz parlamentario de CiU en el Senado, Josep Llu\u00eds Cleries, ha asegurado que el jefe del Ejecutivo dijo al presidente de la Generalitat, Artur Mas, que &quot;estaban analizando las cinco v\u00edas legales que permiten ejercer el derecho a decidir&quot;, &quot;ofreci\u00f3 di\u00e1logo&quot;, &quot;habl\u00f3 de la singularidad de Catalu\u00f1a&quot; y &quot;qued\u00f3","twitter:label1":"Escrito por","twitter:data1":"El Digital de Asturias","twitter:label2":"Tiempo de lectura estimado","twitter:data2":"4 minutos"},"aioseo_meta_data":{"post_id":"2828","title":null,"description":null,"keywords":null,"keyphrases":null,"primary_term":null,"canonical_url":null,"og_title":null,"og_description":null,"og_object_type":"default","og_image_type":"default","og_image_url":null,"og_image_width":null,"og_image_height":null,"og_image_custom_url":null,"og_image_custom_fields":null,"og_video":null,"og_custom_url":null,"og_article_section":null,"og_article_tags":null,"twitter_use_og":true,"twitter_card":"default","twitter_image_type":"default","twitter_image_url":null,"twitter_image_custom_url":null,"twitter_image_custom_fields":null,"twitter_title":null,"twitter_description":null,"schema":{"blockGraphs":[],"customGraphs":[],"default":{"data":{"Article":[],"Course":[],"Dataset":[],"FAQPage":[],"Movie":[],"Person":[],"Product":[],"ProductReview":[],"Car":[],"Recipe":[],"Service":[],"SoftwareApplication":[],"WebPage":[]},"graphName":"","isEnabled":true},"graphs":[],"defaultGraph":"","defaultPostTypeGraph":""},"schema_type":null,"schema_type_options":null,"pillar_content":false,"robots_default":true,"robots_noindex":false,"robots_noarchive":false,"robots_nosnippet":false,"robots_nofollow":false,"robots_noimageindex":false,"robots_noodp":false,"robots_notranslate":false,"robots_max_snippet":null,"robots_max_videopreview":null,"robots_max_imagepreview":"none","priority":null,"frequency":null,"local_seo":null,"seo_analyzer_scan_date":"2025-08-21 05:02:46","breadcrumb_settings":null,"limit_modified_date":false,"open_ai":null,"ai":null,"created":"2020-11-14 22:36:57","updated":"2025-08-21 05:02:46"},"aioseo_breadcrumb":"<div class=\"aioseo-breadcrumbs\"><span class=\"aioseo-breadcrumb\">\n\t<a href=\"https:\/\/www.eldigitaldeasturias.com\/noticias\" title=\"Home\">Home<\/a>\n<\/span><span class=\"aioseo-breadcrumb-separator\">\u2013<\/span><span class=\"aioseo-breadcrumb\">\n\t<a href=\"https:\/\/www.eldigitaldeasturias.com\/noticias\/category\/actualidad\/\" title=\"Actualidad\">Actualidad<\/a>\n<\/span><span class=\"aioseo-breadcrumb-separator\">\u2013<\/span><span class=\"aioseo-breadcrumb\">\n\t<a href=\"https:\/\/www.eldigitaldeasturias.com\/noticias\/ciu-rajoy-dijo-a-mas-que-estaban-analizando-las-cinco-vias-legales-del-derecho-a-decidir\/\" title=\"CiU : Rajoy dijo a Mas que \u00abestaban analizando las cinco v\u00edas legales del derecho a decidir\u00bb\">CiU : Rajoy dijo a Mas que \u00abestaban analizando las cinco v\u00edas legales del derecho a decidir\u00bb<\/a>\n<\/span><\/div>","aioseo_breadcrumb_json":[{"label":"Home","link":"https:\/\/www.eldigitaldeasturias.com\/noticias"},{"label":"Actualidad","link":"https:\/\/www.eldigitaldeasturias.com\/noticias\/category\/actualidad\/"},{"label":"CiU : Rajoy dijo a Mas que \u00abestaban analizando las cinco v\u00edas legales del derecho a decidir\u00bb","link":"https:\/\/www.eldigitaldeasturias.com\/noticias\/ciu-rajoy-dijo-a-mas-que-estaban-analizando-las-cinco-vias-legales-del-derecho-a-decidir\/"}],"_links":{"self":[{"href":"https:\/\/www.eldigitaldeasturias.com\/noticias\/wp-json\/wp\/v2\/posts\/2828","targetHints":{"allow":["GET"]}}],"collection":[{"href":"https:\/\/www.eldigitaldeasturias.com\/noticias\/wp-json\/wp\/v2\/posts"}],"about":[{"href":"https:\/\/www.eldigitaldeasturias.com\/noticias\/wp-json\/wp\/v2\/types\/post"}],"author":[{"embeddable":true,"href":"https:\/\/www.eldigitaldeasturias.com\/noticias\/wp-json\/wp\/v2\/users\/1"}],"replies":[{"embeddable":true,"href":"https:\/\/www.eldigitaldeasturias.com\/noticias\/wp-json\/wp\/v2\/comments?post=2828"}],"version-history":[{"count":0,"href":"https:\/\/www.eldigitaldeasturias.com\/noticias\/wp-json\/wp\/v2\/posts\/2828\/revisions"}],"wp:featuredmedia":[{"embeddable":true,"href":"https:\/\/www.eldigitaldeasturias.com\/noticias\/wp-json\/"}],"wp:attachment":[{"href":"https:\/\/www.eldigitaldeasturias.com\/noticias\/wp-json\/wp\/v2\/media?parent=2828"}],"wp:term":[{"taxonomy":"category","embeddable":true,"href":"https:\/\/www.eldigitaldeasturias.com\/noticias\/wp-json\/wp\/v2\/categories?post=2828"},{"taxonomy":"post_tag","embeddable":true,"href":"https:\/\/www.eldigitaldeasturias.com\/noticias\/wp-json\/wp\/v2\/tags?post=2828"}],"curies":[{"name":"wp","href":"https:\/\/api.w.org\/{rel}","templated":true}]}}