{"id":2747,"date":"2013-09-24T21:21:50","date_gmt":"2013-09-24T21:21:50","guid":{"rendered":"http:\/\/www.eldigitaldeasturias.com\/noticias\/?p=2747"},"modified":"2013-09-24T21:21:50","modified_gmt":"2013-09-24T21:21:50","slug":"mas-espera-un-debate-claro-en-el-que-no-convocara-elecciones","status":"publish","type":"post","link":"https:\/\/www.eldigitaldeasturias.com\/noticias\/mas-espera-un-debate-claro-en-el-que-no-convocara-elecciones\/","title":{"rendered":"Mas espera un debate \u00abclaro\u00bb en el que no convocar\u00e1 elecciones"},"content":{"rendered":"<p><img loading=\"lazy\" decoding=\"async\" class=\"alignleft size-medium wp-image-2748\" alt=\"fotonoticia_20130924153845_800\" src=\"https:\/\/www.eldigitaldeasturias.com\/noticias\/wp-content\/uploads\/2013\/09\/fotonoticia_20130924153845_800-360x269.jpg\" width=\"360\" height=\"269\" \/>BARCELONA, 24 Sep. (EUROPA PRESS) &#8211;\u00a0El presidente de la Generalitat, Artur Mas, espera que el debate de Pol\u00edtica General que arranca este mi\u00e9rcoles en el Parlament sea \u00abclaro, interesante y productivo\u00bb, aunque no servir\u00e1 para anunciar ning\u00fan avance electoral.<\/p>\n<p>Lo ha dicho este martes a los medios al salir del Ayuntamiento de Barcelona, donde ha participado junto al alcalde, Xavier Trias, en los actos de La Merc\u00e8, el d\u00eda grande de la Fiesta Mayor de la capital catalana.<\/p>\n<p>Al pregunt\u00e1rsele si puede haber sorpresas en su discurso de apertura del pleno el mi\u00e9rcoles, ha respondido desenfadado: \u00abMa\u00f1ana, ma\u00f1ana. Este a\u00f1o no convocar\u00e9 elecciones\u00bb.<\/p>\n<p>Mas ha agregado que el ambiente pol\u00edtico es \u00abcorrecto, interesante, movido y retador\u00bb, pero ha evitado entrar en el contenido de su discurso, en el que debe trabajar este martes por la tarde porque a mediod\u00eda a\u00fan no lo ten\u00eda acabado.<\/p>\n<p>El l\u00edder ERC, Oriol Junqueras, reiter\u00f3 el domingo el compromiso de su partido con CiU para realizar una consulta de autodeterminaci\u00f3n en 2014 y urgi\u00f3 a fijar la fecha y la pregunta, en vez de pensar en elecciones avanzadas o unas plebiscitarias.<\/p>\n","protected":false},"excerpt":{"rendered":"<p>BARCELONA, 24 Sep. (EUROPA PRESS) &#8211;\u00a0El presidente de la Generalitat, Artur Mas, espera que el debate de Pol\u00edtica General que arranca este mi\u00e9rcoles en el Parlament sea \u00abclaro, interesante y productivo\u00bb, aunque no servir\u00e1 para anunciar ning\u00fan avance electoral. Lo ha dicho este martes a los medios al salir del Ayuntamiento de Barcelona, donde ha [&hellip;]<\/p>\n","protected":false},"author":1,"featured_media":2748,"comment_status":"open","ping_status":"open","sticky":false,"template":"","format":"standard","meta":{"footnotes":""},"categories":[1],"tags":[],"class_list":["post-2747","post","type-post","status-publish","format-standard","has-post-thumbnail","hentry","category-actualidad"],"aioseo_notices":[],"aioseo_head":"\n\t\t<!-- All in One SEO Pro 4.9.6.2 - aioseo.com -->\n\t<meta name=\"description\" content=\"BARCELONA, 24 Sep. (EUROPA PRESS) - El presidente de la Generalitat, Artur Mas, espera que el debate de Pol\u00edtica General que arranca este mi\u00e9rcoles en el Parlament sea &quot;claro, interesante y productivo&quot;, aunque no servir\u00e1 para anunciar ning\u00fan avance electoral. Lo ha dicho este martes a los medios al salir del Ayuntamiento de Barcelona, donde ha\" \/>\n\t<meta name=\"robots\" content=\"max-image-preview:large\" \/>\n\t<meta name=\"author\" content=\"El Digital de Asturias\"\/>\n\t<meta name=\"google-site-verification\" content=\"UA-38556648-1\" \/>\n\t<meta name=\"msvalidate.01\" content=\"7dfe9f3f1b24437ab69f4f2559babe99\" \/>\n\t<meta name=\"keywords\" content=\"actualidad\" \/>\n\t<link rel=\"canonical\" href=\"https:\/\/www.eldigitaldeasturias.com\/noticias\/mas-espera-un-debate-claro-en-el-que-no-convocara-elecciones\/\" \/>\n\t<meta name=\"generator\" content=\"All in One SEO Pro (AIOSEO) 4.9.6.2\" \/>\n\t\t<meta property=\"og:locale\" content=\"es_ES\" \/>\n\t\t<meta property=\"og:site_name\" content=\"El Digital de Asturias\" \/>\n\t\t<meta property=\"og:type\" content=\"article\" \/>\n\t\t<meta property=\"og:title\" content=\"Mas espera un debate \u00abclaro\u00bb en el que no convocar\u00e1 elecciones - El Digital de Asturias\" \/>\n\t\t<meta property=\"og:description\" content=\"BARCELONA, 24 Sep. (EUROPA PRESS) - El presidente de la Generalitat, Artur Mas, espera que el debate de Pol\u00edtica General que arranca este mi\u00e9rcoles en el Parlament sea &quot;claro, interesante y productivo&quot;, aunque no servir\u00e1 para anunciar ning\u00fan avance electoral. Lo ha dicho este martes a los medios al salir del Ayuntamiento de Barcelona, donde ha\" \/>\n\t\t<meta property=\"og:url\" content=\"https:\/\/www.eldigitaldeasturias.com\/noticias\/mas-espera-un-debate-claro-en-el-que-no-convocara-elecciones\/\" \/>\n\t\t<meta property=\"article:tag\" content=\"actualidad\" \/>\n\t\t<meta property=\"article:published_time\" content=\"2013-09-24T21:21:50+00:00\" \/>\n\t\t<meta property=\"article:modified_time\" content=\"2013-09-24T21:21:50+00:00\" \/>\n\t\t<meta property=\"article:publisher\" content=\"https:\/\/facebook.com\/eldigitaldeasturias\" \/>\n\t\t<meta name=\"twitter:card\" content=\"summary_large_image\" \/>\n\t\t<meta name=\"twitter:title\" content=\"Mas espera un debate \u00abclaro\u00bb en el que no convocar\u00e1 elecciones - El Digital de Asturias\" \/>\n\t\t<meta name=\"twitter:description\" content=\"BARCELONA, 24 Sep. (EUROPA PRESS) - El presidente de la Generalitat, Artur Mas, espera que el debate de Pol\u00edtica General que arranca este mi\u00e9rcoles en el Parlament sea &quot;claro, interesante y productivo&quot;, aunque no servir\u00e1 para anunciar ning\u00fan avance electoral. Lo ha dicho este martes a los medios al salir del Ayuntamiento de Barcelona, donde ha\" \/>\n\t\t<meta name=\"twitter:label1\" content=\"Escrito por\" \/>\n\t\t<meta name=\"twitter:data1\" content=\"El Digital de Asturias\" \/>\n\t\t<meta name=\"twitter:label2\" content=\"Tiempo de lectura estimado\" \/>\n\t\t<meta name=\"twitter:data2\" content=\"1 minuto\" \/>\n\t\t<script type=\"application\/ld+json\" class=\"aioseo-schema\">\n\t\t\t{\"@context\":\"https:\\\/\\\/schema.org\",\"@graph\":[{\"@type\":\"BlogPosting\",\"@id\":\"https:\\\/\\\/www.eldigitaldeasturias.com\\\/noticias\\\/mas-espera-un-debate-claro-en-el-que-no-convocara-elecciones\\\/#blogposting\",\"name\":\"Mas espera un debate \\u00abclaro\\u00bb en el que no convocar\\u00e1 elecciones - El Digital de Asturias\",\"headline\":\"Mas espera un debate \\u00abclaro\\u00bb en el que no convocar\\u00e1 elecciones\",\"author\":{\"@id\":\"https:\\\/\\\/www.eldigitaldeasturias.com\\\/noticias\\\/author\\\/admin\\\/#author\"},\"publisher\":{\"@id\":\"https:\\\/\\\/www.eldigitaldeasturias.com\\\/noticias\\\/#organization\"},\"image\":{\"@type\":\"ImageObject\",\"url\":2748},\"datePublished\":\"2013-09-24T21:21:50+02:00\",\"dateModified\":\"2013-09-24T21:21:50+02:00\",\"inLanguage\":\"es-ES\",\"mainEntityOfPage\":{\"@id\":\"https:\\\/\\\/www.eldigitaldeasturias.com\\\/noticias\\\/mas-espera-un-debate-claro-en-el-que-no-convocara-elecciones\\\/#webpage\"},\"isPartOf\":{\"@id\":\"https:\\\/\\\/www.eldigitaldeasturias.com\\\/noticias\\\/mas-espera-un-debate-claro-en-el-que-no-convocara-elecciones\\\/#webpage\"},\"articleSection\":\"Actualidad\"},{\"@type\":\"BreadcrumbList\",\"@id\":\"https:\\\/\\\/www.eldigitaldeasturias.com\\\/noticias\\\/mas-espera-un-debate-claro-en-el-que-no-convocara-elecciones\\\/#breadcrumblist\",\"itemListElement\":[{\"@type\":\"ListItem\",\"@id\":\"https:\\\/\\\/www.eldigitaldeasturias.com\\\/noticias#listItem\",\"position\":1,\"name\":\"Home\",\"item\":\"https:\\\/\\\/www.eldigitaldeasturias.com\\\/noticias\",\"nextItem\":{\"@type\":\"ListItem\",\"@id\":\"https:\\\/\\\/www.eldigitaldeasturias.com\\\/noticias\\\/category\\\/actualidad\\\/#listItem\",\"name\":\"Actualidad\"}},{\"@type\":\"ListItem\",\"@id\":\"https:\\\/\\\/www.eldigitaldeasturias.com\\\/noticias\\\/category\\\/actualidad\\\/#listItem\",\"position\":2,\"name\":\"Actualidad\",\"item\":\"https:\\\/\\\/www.eldigitaldeasturias.com\\\/noticias\\\/category\\\/actualidad\\\/\",\"nextItem\":{\"@type\":\"ListItem\",\"@id\":\"https:\\\/\\\/www.eldigitaldeasturias.com\\\/noticias\\\/mas-espera-un-debate-claro-en-el-que-no-convocara-elecciones\\\/#listItem\",\"name\":\"Mas espera un debate \\u00abclaro\\u00bb en el que no convocar\\u00e1 elecciones\"},\"previousItem\":{\"@type\":\"ListItem\",\"@id\":\"https:\\\/\\\/www.eldigitaldeasturias.com\\\/noticias#listItem\",\"name\":\"Home\"}},{\"@type\":\"ListItem\",\"@id\":\"https:\\\/\\\/www.eldigitaldeasturias.com\\\/noticias\\\/mas-espera-un-debate-claro-en-el-que-no-convocara-elecciones\\\/#listItem\",\"position\":3,\"name\":\"Mas espera un debate \\u00abclaro\\u00bb en el que no convocar\\u00e1 elecciones\",\"previousItem\":{\"@type\":\"ListItem\",\"@id\":\"https:\\\/\\\/www.eldigitaldeasturias.com\\\/noticias\\\/category\\\/actualidad\\\/#listItem\",\"name\":\"Actualidad\"}}]},{\"@type\":\"Organization\",\"@id\":\"https:\\\/\\\/www.eldigitaldeasturias.com\\\/noticias\\\/#organization\",\"name\":\"El Digital de Asturias\",\"description\":\"Hemeroteca\",\"url\":\"https:\\\/\\\/www.eldigitaldeasturias.com\\\/noticias\\\/\",\"email\":\"info@eldigitaldeasturias.com\",\"telephone\":\"+34652131393\",\"logo\":{\"@type\":\"ImageObject\",\"url\":\"https:\\\/\\\/www.eldigitaldeasturias.com\\\/noticias\\\/wp-content\\\/uploads\\\/2020\\\/12\\\/EDA.jpg\",\"@id\":\"https:\\\/\\\/www.eldigitaldeasturias.com\\\/noticias\\\/mas-espera-un-debate-claro-en-el-que-no-convocara-elecciones\\\/#organizationLogo\",\"width\":649,\"height\":297},\"image\":{\"@id\":\"https:\\\/\\\/www.eldigitaldeasturias.com\\\/noticias\\\/mas-espera-un-debate-claro-en-el-que-no-convocara-elecciones\\\/#organizationLogo\"},\"sameAs\":[\"https:\\\/\\\/facebook.com\\\/eldigitaldeasturias\",\"https:\\\/\\\/www.youtube.com\\\/channel\\\/UCZP-2wLEB9Rv6erhFmqVnvg\"],\"address\":{\"@id\":\"https:\\\/\\\/www.eldigitaldeasturias.com\\\/noticias\\\/#postaladdress\",\"@type\":\"PostalAddress\",\"streetAddress\":\"san antonio 4,\",\"postalCode\":\"33430\",\"addressLocality\":\"Cand\\u00e1s\",\"addressRegion\":\"Asturias\",\"addressCountry\":\"ES\"}},{\"@type\":\"Person\",\"@id\":\"https:\\\/\\\/www.eldigitaldeasturias.com\\\/noticias\\\/author\\\/admin\\\/#author\",\"url\":\"https:\\\/\\\/www.eldigitaldeasturias.com\\\/noticias\\\/author\\\/admin\\\/\",\"name\":\"El Digital de Asturias\",\"image\":{\"@type\":\"ImageObject\",\"@id\":\"https:\\\/\\\/www.eldigitaldeasturias.com\\\/noticias\\\/mas-espera-un-debate-claro-en-el-que-no-convocara-elecciones\\\/#authorImage\",\"url\":\"https:\\\/\\\/www.eldigitaldeasturias.com\\\/noticias\\\/wp-content\\\/litespeed\\\/avatar\\\/18677e78aa0546b92d9dbf31ec7d7668.jpg?ver=1776685526\",\"width\":96,\"height\":96,\"caption\":\"El Digital de Asturias\"}},{\"@type\":\"WebPage\",\"@id\":\"https:\\\/\\\/www.eldigitaldeasturias.com\\\/noticias\\\/mas-espera-un-debate-claro-en-el-que-no-convocara-elecciones\\\/#webpage\",\"url\":\"https:\\\/\\\/www.eldigitaldeasturias.com\\\/noticias\\\/mas-espera-un-debate-claro-en-el-que-no-convocara-elecciones\\\/\",\"name\":\"Mas espera un debate \\u00abclaro\\u00bb en el que no convocar\\u00e1 elecciones - El Digital de Asturias\",\"description\":\"BARCELONA, 24 Sep. (EUROPA PRESS) - El presidente de la Generalitat, Artur Mas, espera que el debate de Pol\\u00edtica General que arranca este mi\\u00e9rcoles en el Parlament sea \\\"claro, interesante y productivo\\\", aunque no servir\\u00e1 para anunciar ning\\u00fan avance electoral. Lo ha dicho este martes a los medios al salir del Ayuntamiento de Barcelona, donde ha\",\"inLanguage\":\"es-ES\",\"isPartOf\":{\"@id\":\"https:\\\/\\\/www.eldigitaldeasturias.com\\\/noticias\\\/#website\"},\"breadcrumb\":{\"@id\":\"https:\\\/\\\/www.eldigitaldeasturias.com\\\/noticias\\\/mas-espera-un-debate-claro-en-el-que-no-convocara-elecciones\\\/#breadcrumblist\"},\"author\":{\"@id\":\"https:\\\/\\\/www.eldigitaldeasturias.com\\\/noticias\\\/author\\\/admin\\\/#author\"},\"creator\":{\"@id\":\"https:\\\/\\\/www.eldigitaldeasturias.com\\\/noticias\\\/author\\\/admin\\\/#author\"},\"image\":{\"@type\":\"ImageObject\",\"url\":2748,\"@id\":\"https:\\\/\\\/www.eldigitaldeasturias.com\\\/noticias\\\/mas-espera-un-debate-claro-en-el-que-no-convocara-elecciones\\\/#mainImage\"},\"primaryImageOfPage\":{\"@id\":\"https:\\\/\\\/www.eldigitaldeasturias.com\\\/noticias\\\/mas-espera-un-debate-claro-en-el-que-no-convocara-elecciones\\\/#mainImage\"},\"datePublished\":\"2013-09-24T21:21:50+02:00\",\"dateModified\":\"2013-09-24T21:21:50+02:00\"},{\"@type\":\"WebSite\",\"@id\":\"https:\\\/\\\/www.eldigitaldeasturias.com\\\/noticias\\\/#website\",\"url\":\"https:\\\/\\\/www.eldigitaldeasturias.com\\\/noticias\\\/\",\"name\":\"El Digital de Asturias - Diario de actualidad y noticias\",\"alternateName\":\"El Digital de Asturias - Diario de actualidad y noticias\",\"description\":\"Hemeroteca\",\"inLanguage\":\"es-ES\",\"publisher\":{\"@id\":\"https:\\\/\\\/www.eldigitaldeasturias.com\\\/noticias\\\/#organization\"}}]}\n\t\t<\/script>\n\t\t<!-- All in One SEO Pro -->\r\n\t\t<title>Mas espera un debate \u00abclaro\u00bb en el que no convocar\u00e1 elecciones - El Digital de Asturias<\/title>\n\n","aioseo_head_json":{"title":"Mas espera un debate \u00abclaro\u00bb en el que no convocar\u00e1 elecciones - El Digital de Asturias","description":"BARCELONA, 24 Sep. (EUROPA PRESS) - El presidente de la Generalitat, Artur Mas, espera que el debate de Pol\u00edtica General que arranca este mi\u00e9rcoles en el Parlament sea \"claro, interesante y productivo\", aunque no servir\u00e1 para anunciar ning\u00fan avance electoral. Lo ha dicho este martes a los medios al salir del Ayuntamiento de Barcelona, donde ha","canonical_url":"https:\/\/www.eldigitaldeasturias.com\/noticias\/mas-espera-un-debate-claro-en-el-que-no-convocara-elecciones\/","robots":"max-image-preview:large","keywords":"actualidad","webmasterTools":{"google-site-verification":"UA-38556648-1","msvalidate.01":"7dfe9f3f1b24437ab69f4f2559babe99","miscellaneous":""},"schema":{"@context":"https:\/\/schema.org","@graph":[{"@type":"BlogPosting","@id":"https:\/\/www.eldigitaldeasturias.com\/noticias\/mas-espera-un-debate-claro-en-el-que-no-convocara-elecciones\/#blogposting","name":"Mas espera un debate \u00abclaro\u00bb en el que no convocar\u00e1 elecciones - El Digital de Asturias","headline":"Mas espera un debate \u00abclaro\u00bb en el que no convocar\u00e1 elecciones","author":{"@id":"https:\/\/www.eldigitaldeasturias.com\/noticias\/author\/admin\/#author"},"publisher":{"@id":"https:\/\/www.eldigitaldeasturias.com\/noticias\/#organization"},"image":{"@type":"ImageObject","url":2748},"datePublished":"2013-09-24T21:21:50+02:00","dateModified":"2013-09-24T21:21:50+02:00","inLanguage":"es-ES","mainEntityOfPage":{"@id":"https:\/\/www.eldigitaldeasturias.com\/noticias\/mas-espera-un-debate-claro-en-el-que-no-convocara-elecciones\/#webpage"},"isPartOf":{"@id":"https:\/\/www.eldigitaldeasturias.com\/noticias\/mas-espera-un-debate-claro-en-el-que-no-convocara-elecciones\/#webpage"},"articleSection":"Actualidad"},{"@type":"BreadcrumbList","@id":"https:\/\/www.eldigitaldeasturias.com\/noticias\/mas-espera-un-debate-claro-en-el-que-no-convocara-elecciones\/#breadcrumblist","itemListElement":[{"@type":"ListItem","@id":"https:\/\/www.eldigitaldeasturias.com\/noticias#listItem","position":1,"name":"Home","item":"https:\/\/www.eldigitaldeasturias.com\/noticias","nextItem":{"@type":"ListItem","@id":"https:\/\/www.eldigitaldeasturias.com\/noticias\/category\/actualidad\/#listItem","name":"Actualidad"}},{"@type":"ListItem","@id":"https:\/\/www.eldigitaldeasturias.com\/noticias\/category\/actualidad\/#listItem","position":2,"name":"Actualidad","item":"https:\/\/www.eldigitaldeasturias.com\/noticias\/category\/actualidad\/","nextItem":{"@type":"ListItem","@id":"https:\/\/www.eldigitaldeasturias.com\/noticias\/mas-espera-un-debate-claro-en-el-que-no-convocara-elecciones\/#listItem","name":"Mas espera un debate \u00abclaro\u00bb en el que no convocar\u00e1 elecciones"},"previousItem":{"@type":"ListItem","@id":"https:\/\/www.eldigitaldeasturias.com\/noticias#listItem","name":"Home"}},{"@type":"ListItem","@id":"https:\/\/www.eldigitaldeasturias.com\/noticias\/mas-espera-un-debate-claro-en-el-que-no-convocara-elecciones\/#listItem","position":3,"name":"Mas espera un debate \u00abclaro\u00bb en el que no convocar\u00e1 elecciones","previousItem":{"@type":"ListItem","@id":"https:\/\/www.eldigitaldeasturias.com\/noticias\/category\/actualidad\/#listItem","name":"Actualidad"}}]},{"@type":"Organization","@id":"https:\/\/www.eldigitaldeasturias.com\/noticias\/#organization","name":"El Digital de Asturias","description":"Hemeroteca","url":"https:\/\/www.eldigitaldeasturias.com\/noticias\/","email":"info@eldigitaldeasturias.com","telephone":"+34652131393","logo":{"@type":"ImageObject","url":"https:\/\/www.eldigitaldeasturias.com\/noticias\/wp-content\/uploads\/2020\/12\/EDA.jpg","@id":"https:\/\/www.eldigitaldeasturias.com\/noticias\/mas-espera-un-debate-claro-en-el-que-no-convocara-elecciones\/#organizationLogo","width":649,"height":297},"image":{"@id":"https:\/\/www.eldigitaldeasturias.com\/noticias\/mas-espera-un-debate-claro-en-el-que-no-convocara-elecciones\/#organizationLogo"},"sameAs":["https:\/\/facebook.com\/eldigitaldeasturias","https:\/\/www.youtube.com\/channel\/UCZP-2wLEB9Rv6erhFmqVnvg"],"address":{"@id":"https:\/\/www.eldigitaldeasturias.com\/noticias\/#postaladdress","@type":"PostalAddress","streetAddress":"san antonio 4,","postalCode":"33430","addressLocality":"Cand\u00e1s","addressRegion":"Asturias","addressCountry":"ES"}},{"@type":"Person","@id":"https:\/\/www.eldigitaldeasturias.com\/noticias\/author\/admin\/#author","url":"https:\/\/www.eldigitaldeasturias.com\/noticias\/author\/admin\/","name":"El Digital de Asturias","image":{"@type":"ImageObject","@id":"https:\/\/www.eldigitaldeasturias.com\/noticias\/mas-espera-un-debate-claro-en-el-que-no-convocara-elecciones\/#authorImage","url":"https:\/\/www.eldigitaldeasturias.com\/noticias\/wp-content\/litespeed\/avatar\/18677e78aa0546b92d9dbf31ec7d7668.jpg?ver=1776685526","width":96,"height":96,"caption":"El Digital de Asturias"}},{"@type":"WebPage","@id":"https:\/\/www.eldigitaldeasturias.com\/noticias\/mas-espera-un-debate-claro-en-el-que-no-convocara-elecciones\/#webpage","url":"https:\/\/www.eldigitaldeasturias.com\/noticias\/mas-espera-un-debate-claro-en-el-que-no-convocara-elecciones\/","name":"Mas espera un debate \u00abclaro\u00bb en el que no convocar\u00e1 elecciones - El Digital de Asturias","description":"BARCELONA, 24 Sep. (EUROPA PRESS) - El presidente de la Generalitat, Artur Mas, espera que el debate de Pol\u00edtica General que arranca este mi\u00e9rcoles en el Parlament sea \"claro, interesante y productivo\", aunque no servir\u00e1 para anunciar ning\u00fan avance electoral. Lo ha dicho este martes a los medios al salir del Ayuntamiento de Barcelona, donde ha","inLanguage":"es-ES","isPartOf":{"@id":"https:\/\/www.eldigitaldeasturias.com\/noticias\/#website"},"breadcrumb":{"@id":"https:\/\/www.eldigitaldeasturias.com\/noticias\/mas-espera-un-debate-claro-en-el-que-no-convocara-elecciones\/#breadcrumblist"},"author":{"@id":"https:\/\/www.eldigitaldeasturias.com\/noticias\/author\/admin\/#author"},"creator":{"@id":"https:\/\/www.eldigitaldeasturias.com\/noticias\/author\/admin\/#author"},"image":{"@type":"ImageObject","url":2748,"@id":"https:\/\/www.eldigitaldeasturias.com\/noticias\/mas-espera-un-debate-claro-en-el-que-no-convocara-elecciones\/#mainImage"},"primaryImageOfPage":{"@id":"https:\/\/www.eldigitaldeasturias.com\/noticias\/mas-espera-un-debate-claro-en-el-que-no-convocara-elecciones\/#mainImage"},"datePublished":"2013-09-24T21:21:50+02:00","dateModified":"2013-09-24T21:21:50+02:00"},{"@type":"WebSite","@id":"https:\/\/www.eldigitaldeasturias.com\/noticias\/#website","url":"https:\/\/www.eldigitaldeasturias.com\/noticias\/","name":"El Digital de Asturias - Diario de actualidad y noticias","alternateName":"El Digital de Asturias - Diario de actualidad y noticias","description":"Hemeroteca","inLanguage":"es-ES","publisher":{"@id":"https:\/\/www.eldigitaldeasturias.com\/noticias\/#organization"}}]},"og:locale":"es_ES","og:site_name":"El Digital de Asturias","og:type":"article","og:title":"Mas espera un debate \u00abclaro\u00bb en el que no convocar\u00e1 elecciones - El Digital de Asturias","og:description":"BARCELONA, 24 Sep. (EUROPA PRESS) - El presidente de la Generalitat, Artur Mas, espera que el debate de Pol\u00edtica General que arranca este mi\u00e9rcoles en el Parlament sea &quot;claro, interesante y productivo&quot;, aunque no servir\u00e1 para anunciar ning\u00fan avance electoral. Lo ha dicho este martes a los medios al salir del Ayuntamiento de Barcelona, donde ha","og:url":"https:\/\/www.eldigitaldeasturias.com\/noticias\/mas-espera-un-debate-claro-en-el-que-no-convocara-elecciones\/","article:tag":["actualidad"],"article:published_time":"2013-09-24T21:21:50+00:00","article:modified_time":"2013-09-24T21:21:50+00:00","article:publisher":"https:\/\/facebook.com\/eldigitaldeasturias","twitter:card":"summary_large_image","twitter:title":"Mas espera un debate \u00abclaro\u00bb en el que no convocar\u00e1 elecciones - El Digital de Asturias","twitter:description":"BARCELONA, 24 Sep. (EUROPA PRESS) - El presidente de la Generalitat, Artur Mas, espera que el debate de Pol\u00edtica General que arranca este mi\u00e9rcoles en el Parlament sea &quot;claro, interesante y productivo&quot;, aunque no servir\u00e1 para anunciar ning\u00fan avance electoral. Lo ha dicho este martes a los medios al salir del Ayuntamiento de Barcelona, donde ha","twitter:label1":"Escrito por","twitter:data1":"El Digital de Asturias","twitter:label2":"Tiempo de lectura estimado","twitter:data2":"1 minuto"},"aioseo_meta_data":{"post_id":"2747","title":null,"description":null,"keywords":null,"keyphrases":null,"primary_term":null,"canonical_url":null,"og_title":null,"og_description":null,"og_object_type":"default","og_image_type":"default","og_image_url":null,"og_image_width":null,"og_image_height":null,"og_image_custom_url":null,"og_image_custom_fields":null,"og_video":null,"og_custom_url":null,"og_article_section":null,"og_article_tags":null,"twitter_use_og":true,"twitter_card":"default","twitter_image_type":"default","twitter_image_url":null,"twitter_image_custom_url":null,"twitter_image_custom_fields":null,"twitter_title":null,"twitter_description":null,"schema":{"blockGraphs":[],"customGraphs":[],"default":{"data":{"Article":[],"Course":[],"Dataset":[],"FAQPage":[],"Movie":[],"Person":[],"Product":[],"ProductReview":[],"Car":[],"Recipe":[],"Service":[],"SoftwareApplication":[],"WebPage":[]},"graphName":"","isEnabled":true},"graphs":[],"defaultGraph":"","defaultPostTypeGraph":""},"schema_type":null,"schema_type_options":null,"pillar_content":false,"robots_default":true,"robots_noindex":false,"robots_noarchive":false,"robots_nosnippet":false,"robots_nofollow":false,"robots_noimageindex":false,"robots_noodp":false,"robots_notranslate":false,"robots_max_snippet":null,"robots_max_videopreview":null,"robots_max_imagepreview":"none","priority":null,"frequency":null,"local_seo":null,"seo_analyzer_scan_date":"2025-08-21 04:50:46","breadcrumb_settings":null,"limit_modified_date":false,"open_ai":null,"ai":null,"created":"2020-11-14 22:36:57","updated":"2025-08-21 04:50:46"},"aioseo_breadcrumb":"<div class=\"aioseo-breadcrumbs\"><span class=\"aioseo-breadcrumb\">\n\t<a href=\"https:\/\/www.eldigitaldeasturias.com\/noticias\" title=\"Home\">Home<\/a>\n<\/span><span class=\"aioseo-breadcrumb-separator\">\u2013<\/span><span class=\"aioseo-breadcrumb\">\n\t<a href=\"https:\/\/www.eldigitaldeasturias.com\/noticias\/category\/actualidad\/\" title=\"Actualidad\">Actualidad<\/a>\n<\/span><span class=\"aioseo-breadcrumb-separator\">\u2013<\/span><span class=\"aioseo-breadcrumb\">\n\t<a href=\"https:\/\/www.eldigitaldeasturias.com\/noticias\/mas-espera-un-debate-claro-en-el-que-no-convocara-elecciones\/\" title=\"Mas espera un debate \u00abclaro\u00bb en el que no convocar\u00e1 elecciones\">Mas espera un debate \u00abclaro\u00bb en el que no convocar\u00e1 elecciones<\/a>\n<\/span><\/div>","aioseo_breadcrumb_json":[{"label":"Home","link":"https:\/\/www.eldigitaldeasturias.com\/noticias"},{"label":"Actualidad","link":"https:\/\/www.eldigitaldeasturias.com\/noticias\/category\/actualidad\/"},{"label":"Mas espera un debate \u00abclaro\u00bb en el que no convocar\u00e1 elecciones","link":"https:\/\/www.eldigitaldeasturias.com\/noticias\/mas-espera-un-debate-claro-en-el-que-no-convocara-elecciones\/"}],"_links":{"self":[{"href":"https:\/\/www.eldigitaldeasturias.com\/noticias\/wp-json\/wp\/v2\/posts\/2747","targetHints":{"allow":["GET"]}}],"collection":[{"href":"https:\/\/www.eldigitaldeasturias.com\/noticias\/wp-json\/wp\/v2\/posts"}],"about":[{"href":"https:\/\/www.eldigitaldeasturias.com\/noticias\/wp-json\/wp\/v2\/types\/post"}],"author":[{"embeddable":true,"href":"https:\/\/www.eldigitaldeasturias.com\/noticias\/wp-json\/wp\/v2\/users\/1"}],"replies":[{"embeddable":true,"href":"https:\/\/www.eldigitaldeasturias.com\/noticias\/wp-json\/wp\/v2\/comments?post=2747"}],"version-history":[{"count":0,"href":"https:\/\/www.eldigitaldeasturias.com\/noticias\/wp-json\/wp\/v2\/posts\/2747\/revisions"}],"wp:featuredmedia":[{"embeddable":true,"href":"https:\/\/www.eldigitaldeasturias.com\/noticias\/wp-json\/"}],"wp:attachment":[{"href":"https:\/\/www.eldigitaldeasturias.com\/noticias\/wp-json\/wp\/v2\/media?parent=2747"}],"wp:term":[{"taxonomy":"category","embeddable":true,"href":"https:\/\/www.eldigitaldeasturias.com\/noticias\/wp-json\/wp\/v2\/categories?post=2747"},{"taxonomy":"post_tag","embeddable":true,"href":"https:\/\/www.eldigitaldeasturias.com\/noticias\/wp-json\/wp\/v2\/tags?post=2747"}],"curies":[{"name":"wp","href":"https:\/\/api.w.org\/{rel}","templated":true}]}}