{"id":2741,"date":"2013-09-24T21:18:05","date_gmt":"2013-09-24T21:18:05","guid":{"rendered":"http:\/\/www.eldigitaldeasturias.com\/noticias\/?p=2741"},"modified":"2013-09-24T21:18:05","modified_gmt":"2013-09-24T21:18:05","slug":"gonzalez-pasara-mucho-tiempo-hasta-que-cifuentes-vuelva-definitivamente-al-trabajo","status":"publish","type":"post","link":"https:\/\/www.eldigitaldeasturias.com\/noticias\/gonzalez-pasara-mucho-tiempo-hasta-que-cifuentes-vuelva-definitivamente-al-trabajo\/","title":{"rendered":"Gonz\u00e1lez : Pasar\u00e1 \u00abmucho tiempo\u00bb hasta que Cifuentes vuelva definitivamente al trabajo"},"content":{"rendered":"<p><img loading=\"lazy\" decoding=\"async\" class=\"alignleft size-medium wp-image-2742\" alt=\"fotonoticia_20130924152656_800\" src=\"https:\/\/www.eldigitaldeasturias.com\/noticias\/wp-content\/uploads\/2013\/09\/fotonoticia_20130924152656_800-360x240.jpg\" width=\"360\" height=\"240\" \/>VILLAVICIOSA DE OD\u00d3N, 24 Sep. (EUROPA PRESS) &#8211;\u00a0El presidente de la Comunidad de Madrid, Ignacio Gonz\u00e1lez, ha afirmado este martes que la delegada del Gobierno en Madrid, Cristina Cifuentes, \u00abafortunadamente se encuentra bastante bien\u00bb aunque va a pasar \u00abmucho tiempo\u00bb para que pueda reincorporarse definitivamente a su trabajo.<\/p>\n<p>Tras la presentaci\u00f3n del proceso de implantaci\u00f3n de la receta electr\u00f3nica en una farmacia de Villaviciosa de Od\u00f3n, Gonz\u00e1lez ha se\u00f1alado que ayer habl\u00f3 \u00abmucho tiempo\u00bb con la delegada tras su alta hospitalaria y que ella se encuentra \u00abbastante bien\u00bb en su domicilio siguiendo su rehabilitaci\u00f3n.<\/p>\n<p>El dirigente auton\u00f3mico ha subrayado que su proyecto de recuperaci\u00f3n es \u00abmuy r\u00e1pida para la gravedad del accidente que sufri\u00f3\u00bb y que est\u00e1 siendo \u00abun \u00e9xito\u00bb. \u00abY, por lo tanto, nos sentimos enormemente satisfechos de que eso sea as\u00ed y del magn\u00edfico trabajo que como siempre han hecho los profesionales sanitarios de la Comunidad con el restablecimiento de la delegada\u00bb, ha a\u00f1adido.<\/p>\n<p>&nbsp;<\/p>\n","protected":false},"excerpt":{"rendered":"<p>VILLAVICIOSA DE OD\u00d3N, 24 Sep. (EUROPA PRESS) &#8211;\u00a0El presidente de la Comunidad de Madrid, Ignacio Gonz\u00e1lez, ha afirmado este martes que la delegada del Gobierno en Madrid, Cristina Cifuentes, \u00abafortunadamente se encuentra bastante bien\u00bb aunque va a pasar \u00abmucho tiempo\u00bb para que pueda reincorporarse definitivamente a su trabajo. Tras la presentaci\u00f3n del proceso de implantaci\u00f3n [&hellip;]<\/p>\n","protected":false},"author":1,"featured_media":2742,"comment_status":"open","ping_status":"open","sticky":false,"template":"","format":"standard","meta":{"footnotes":""},"categories":[1],"tags":[],"class_list":["post-2741","post","type-post","status-publish","format-standard","has-post-thumbnail","hentry","category-actualidad"],"aioseo_notices":[],"aioseo_head":"\n\t\t<!-- All in One SEO Pro 4.9.6.2 - aioseo.com -->\n\t<meta name=\"description\" content=\"VILLAVICIOSA DE OD\u00d3N, 24 Sep. (EUROPA PRESS) - El presidente de la Comunidad de Madrid, Ignacio Gonz\u00e1lez, ha afirmado este martes que la delegada del Gobierno en Madrid, Cristina Cifuentes, &quot;afortunadamente se encuentra bastante bien&quot; aunque va a pasar &quot;mucho tiempo&quot; para que pueda reincorporarse definitivamente a su trabajo. Tras la presentaci\u00f3n del proceso de implantaci\u00f3n\" \/>\n\t<meta name=\"robots\" content=\"max-image-preview:large\" \/>\n\t<meta name=\"author\" content=\"El Digital de Asturias\"\/>\n\t<meta name=\"google-site-verification\" content=\"UA-38556648-1\" \/>\n\t<meta name=\"msvalidate.01\" content=\"7dfe9f3f1b24437ab69f4f2559babe99\" \/>\n\t<meta name=\"keywords\" content=\"actualidad\" \/>\n\t<link rel=\"canonical\" href=\"https:\/\/www.eldigitaldeasturias.com\/noticias\/gonzalez-pasara-mucho-tiempo-hasta-que-cifuentes-vuelva-definitivamente-al-trabajo\/\" \/>\n\t<meta name=\"generator\" content=\"All in One SEO Pro (AIOSEO) 4.9.6.2\" \/>\n\t\t<meta property=\"og:locale\" content=\"es_ES\" \/>\n\t\t<meta property=\"og:site_name\" content=\"El Digital de Asturias\" \/>\n\t\t<meta property=\"og:type\" content=\"article\" \/>\n\t\t<meta property=\"og:title\" content=\"Gonz\u00e1lez : Pasar\u00e1 \u00abmucho tiempo\u00bb hasta que Cifuentes vuelva definitivamente al trabajo - El Digital de Asturias\" \/>\n\t\t<meta property=\"og:description\" content=\"VILLAVICIOSA DE OD\u00d3N, 24 Sep. (EUROPA PRESS) - El presidente de la Comunidad de Madrid, Ignacio Gonz\u00e1lez, ha afirmado este martes que la delegada del Gobierno en Madrid, Cristina Cifuentes, &quot;afortunadamente se encuentra bastante bien&quot; aunque va a pasar &quot;mucho tiempo&quot; para que pueda reincorporarse definitivamente a su trabajo. Tras la presentaci\u00f3n del proceso de implantaci\u00f3n\" \/>\n\t\t<meta property=\"og:url\" content=\"https:\/\/www.eldigitaldeasturias.com\/noticias\/gonzalez-pasara-mucho-tiempo-hasta-que-cifuentes-vuelva-definitivamente-al-trabajo\/\" \/>\n\t\t<meta property=\"article:tag\" content=\"actualidad\" \/>\n\t\t<meta property=\"article:published_time\" content=\"2013-09-24T21:18:05+00:00\" \/>\n\t\t<meta property=\"article:modified_time\" content=\"2013-09-24T21:18:05+00:00\" \/>\n\t\t<meta property=\"article:publisher\" content=\"https:\/\/facebook.com\/eldigitaldeasturias\" \/>\n\t\t<meta name=\"twitter:card\" content=\"summary_large_image\" \/>\n\t\t<meta name=\"twitter:title\" content=\"Gonz\u00e1lez : Pasar\u00e1 \u00abmucho tiempo\u00bb hasta que Cifuentes vuelva definitivamente al trabajo - El Digital de Asturias\" \/>\n\t\t<meta name=\"twitter:description\" content=\"VILLAVICIOSA DE OD\u00d3N, 24 Sep. (EUROPA PRESS) - El presidente de la Comunidad de Madrid, Ignacio Gonz\u00e1lez, ha afirmado este martes que la delegada del Gobierno en Madrid, Cristina Cifuentes, &quot;afortunadamente se encuentra bastante bien&quot; aunque va a pasar &quot;mucho tiempo&quot; para que pueda reincorporarse definitivamente a su trabajo. Tras la presentaci\u00f3n del proceso de implantaci\u00f3n\" \/>\n\t\t<meta name=\"twitter:label1\" content=\"Escrito por\" \/>\n\t\t<meta name=\"twitter:data1\" content=\"El Digital de Asturias\" \/>\n\t\t<meta name=\"twitter:label2\" content=\"Tiempo de lectura estimado\" \/>\n\t\t<meta name=\"twitter:data2\" content=\"1 minuto\" \/>\n\t\t<script type=\"application\/ld+json\" class=\"aioseo-schema\">\n\t\t\t{\"@context\":\"https:\\\/\\\/schema.org\",\"@graph\":[{\"@type\":\"BlogPosting\",\"@id\":\"https:\\\/\\\/www.eldigitaldeasturias.com\\\/noticias\\\/gonzalez-pasara-mucho-tiempo-hasta-que-cifuentes-vuelva-definitivamente-al-trabajo\\\/#blogposting\",\"name\":\"Gonz\\u00e1lez : Pasar\\u00e1 \\u00abmucho tiempo\\u00bb hasta que Cifuentes vuelva definitivamente al trabajo - El Digital de Asturias\",\"headline\":\"Gonz\\u00e1lez : Pasar\\u00e1 \\u00abmucho tiempo\\u00bb hasta que Cifuentes vuelva definitivamente al trabajo\",\"author\":{\"@id\":\"https:\\\/\\\/www.eldigitaldeasturias.com\\\/noticias\\\/author\\\/admin\\\/#author\"},\"publisher\":{\"@id\":\"https:\\\/\\\/www.eldigitaldeasturias.com\\\/noticias\\\/#organization\"},\"image\":{\"@type\":\"ImageObject\",\"url\":2742},\"datePublished\":\"2013-09-24T21:18:05+02:00\",\"dateModified\":\"2013-09-24T21:18:05+02:00\",\"inLanguage\":\"es-ES\",\"mainEntityOfPage\":{\"@id\":\"https:\\\/\\\/www.eldigitaldeasturias.com\\\/noticias\\\/gonzalez-pasara-mucho-tiempo-hasta-que-cifuentes-vuelva-definitivamente-al-trabajo\\\/#webpage\"},\"isPartOf\":{\"@id\":\"https:\\\/\\\/www.eldigitaldeasturias.com\\\/noticias\\\/gonzalez-pasara-mucho-tiempo-hasta-que-cifuentes-vuelva-definitivamente-al-trabajo\\\/#webpage\"},\"articleSection\":\"Actualidad\"},{\"@type\":\"BreadcrumbList\",\"@id\":\"https:\\\/\\\/www.eldigitaldeasturias.com\\\/noticias\\\/gonzalez-pasara-mucho-tiempo-hasta-que-cifuentes-vuelva-definitivamente-al-trabajo\\\/#breadcrumblist\",\"itemListElement\":[{\"@type\":\"ListItem\",\"@id\":\"https:\\\/\\\/www.eldigitaldeasturias.com\\\/noticias#listItem\",\"position\":1,\"name\":\"Home\",\"item\":\"https:\\\/\\\/www.eldigitaldeasturias.com\\\/noticias\",\"nextItem\":{\"@type\":\"ListItem\",\"@id\":\"https:\\\/\\\/www.eldigitaldeasturias.com\\\/noticias\\\/category\\\/actualidad\\\/#listItem\",\"name\":\"Actualidad\"}},{\"@type\":\"ListItem\",\"@id\":\"https:\\\/\\\/www.eldigitaldeasturias.com\\\/noticias\\\/category\\\/actualidad\\\/#listItem\",\"position\":2,\"name\":\"Actualidad\",\"item\":\"https:\\\/\\\/www.eldigitaldeasturias.com\\\/noticias\\\/category\\\/actualidad\\\/\",\"nextItem\":{\"@type\":\"ListItem\",\"@id\":\"https:\\\/\\\/www.eldigitaldeasturias.com\\\/noticias\\\/gonzalez-pasara-mucho-tiempo-hasta-que-cifuentes-vuelva-definitivamente-al-trabajo\\\/#listItem\",\"name\":\"Gonz\\u00e1lez : Pasar\\u00e1 \\u00abmucho tiempo\\u00bb hasta que Cifuentes vuelva definitivamente al trabajo\"},\"previousItem\":{\"@type\":\"ListItem\",\"@id\":\"https:\\\/\\\/www.eldigitaldeasturias.com\\\/noticias#listItem\",\"name\":\"Home\"}},{\"@type\":\"ListItem\",\"@id\":\"https:\\\/\\\/www.eldigitaldeasturias.com\\\/noticias\\\/gonzalez-pasara-mucho-tiempo-hasta-que-cifuentes-vuelva-definitivamente-al-trabajo\\\/#listItem\",\"position\":3,\"name\":\"Gonz\\u00e1lez : Pasar\\u00e1 \\u00abmucho tiempo\\u00bb hasta que Cifuentes vuelva definitivamente al trabajo\",\"previousItem\":{\"@type\":\"ListItem\",\"@id\":\"https:\\\/\\\/www.eldigitaldeasturias.com\\\/noticias\\\/category\\\/actualidad\\\/#listItem\",\"name\":\"Actualidad\"}}]},{\"@type\":\"Organization\",\"@id\":\"https:\\\/\\\/www.eldigitaldeasturias.com\\\/noticias\\\/#organization\",\"name\":\"El Digital de Asturias\",\"description\":\"Hemeroteca\",\"url\":\"https:\\\/\\\/www.eldigitaldeasturias.com\\\/noticias\\\/\",\"email\":\"info@eldigitaldeasturias.com\",\"telephone\":\"+34652131393\",\"logo\":{\"@type\":\"ImageObject\",\"url\":\"https:\\\/\\\/www.eldigitaldeasturias.com\\\/noticias\\\/wp-content\\\/uploads\\\/2020\\\/12\\\/EDA.jpg\",\"@id\":\"https:\\\/\\\/www.eldigitaldeasturias.com\\\/noticias\\\/gonzalez-pasara-mucho-tiempo-hasta-que-cifuentes-vuelva-definitivamente-al-trabajo\\\/#organizationLogo\",\"width\":649,\"height\":297},\"image\":{\"@id\":\"https:\\\/\\\/www.eldigitaldeasturias.com\\\/noticias\\\/gonzalez-pasara-mucho-tiempo-hasta-que-cifuentes-vuelva-definitivamente-al-trabajo\\\/#organizationLogo\"},\"sameAs\":[\"https:\\\/\\\/facebook.com\\\/eldigitaldeasturias\",\"https:\\\/\\\/www.youtube.com\\\/channel\\\/UCZP-2wLEB9Rv6erhFmqVnvg\"],\"address\":{\"@id\":\"https:\\\/\\\/www.eldigitaldeasturias.com\\\/noticias\\\/#postaladdress\",\"@type\":\"PostalAddress\",\"streetAddress\":\"san antonio 4,\",\"postalCode\":\"33430\",\"addressLocality\":\"Cand\\u00e1s\",\"addressRegion\":\"Asturias\",\"addressCountry\":\"ES\"}},{\"@type\":\"Person\",\"@id\":\"https:\\\/\\\/www.eldigitaldeasturias.com\\\/noticias\\\/author\\\/admin\\\/#author\",\"url\":\"https:\\\/\\\/www.eldigitaldeasturias.com\\\/noticias\\\/author\\\/admin\\\/\",\"name\":\"El Digital de Asturias\",\"image\":{\"@type\":\"ImageObject\",\"@id\":\"https:\\\/\\\/www.eldigitaldeasturias.com\\\/noticias\\\/gonzalez-pasara-mucho-tiempo-hasta-que-cifuentes-vuelva-definitivamente-al-trabajo\\\/#authorImage\",\"url\":\"https:\\\/\\\/www.eldigitaldeasturias.com\\\/noticias\\\/wp-content\\\/litespeed\\\/avatar\\\/18677e78aa0546b92d9dbf31ec7d7668.jpg?ver=1776685526\",\"width\":96,\"height\":96,\"caption\":\"El Digital de Asturias\"}},{\"@type\":\"WebPage\",\"@id\":\"https:\\\/\\\/www.eldigitaldeasturias.com\\\/noticias\\\/gonzalez-pasara-mucho-tiempo-hasta-que-cifuentes-vuelva-definitivamente-al-trabajo\\\/#webpage\",\"url\":\"https:\\\/\\\/www.eldigitaldeasturias.com\\\/noticias\\\/gonzalez-pasara-mucho-tiempo-hasta-que-cifuentes-vuelva-definitivamente-al-trabajo\\\/\",\"name\":\"Gonz\\u00e1lez : Pasar\\u00e1 \\u00abmucho tiempo\\u00bb hasta que Cifuentes vuelva definitivamente al trabajo - El Digital de Asturias\",\"description\":\"VILLAVICIOSA DE OD\\u00d3N, 24 Sep. (EUROPA PRESS) - El presidente de la Comunidad de Madrid, Ignacio Gonz\\u00e1lez, ha afirmado este martes que la delegada del Gobierno en Madrid, Cristina Cifuentes, \\\"afortunadamente se encuentra bastante bien\\\" aunque va a pasar \\\"mucho tiempo\\\" para que pueda reincorporarse definitivamente a su trabajo. Tras la presentaci\\u00f3n del proceso de implantaci\\u00f3n\",\"inLanguage\":\"es-ES\",\"isPartOf\":{\"@id\":\"https:\\\/\\\/www.eldigitaldeasturias.com\\\/noticias\\\/#website\"},\"breadcrumb\":{\"@id\":\"https:\\\/\\\/www.eldigitaldeasturias.com\\\/noticias\\\/gonzalez-pasara-mucho-tiempo-hasta-que-cifuentes-vuelva-definitivamente-al-trabajo\\\/#breadcrumblist\"},\"author\":{\"@id\":\"https:\\\/\\\/www.eldigitaldeasturias.com\\\/noticias\\\/author\\\/admin\\\/#author\"},\"creator\":{\"@id\":\"https:\\\/\\\/www.eldigitaldeasturias.com\\\/noticias\\\/author\\\/admin\\\/#author\"},\"image\":{\"@type\":\"ImageObject\",\"url\":2742,\"@id\":\"https:\\\/\\\/www.eldigitaldeasturias.com\\\/noticias\\\/gonzalez-pasara-mucho-tiempo-hasta-que-cifuentes-vuelva-definitivamente-al-trabajo\\\/#mainImage\"},\"primaryImageOfPage\":{\"@id\":\"https:\\\/\\\/www.eldigitaldeasturias.com\\\/noticias\\\/gonzalez-pasara-mucho-tiempo-hasta-que-cifuentes-vuelva-definitivamente-al-trabajo\\\/#mainImage\"},\"datePublished\":\"2013-09-24T21:18:05+02:00\",\"dateModified\":\"2013-09-24T21:18:05+02:00\"},{\"@type\":\"WebSite\",\"@id\":\"https:\\\/\\\/www.eldigitaldeasturias.com\\\/noticias\\\/#website\",\"url\":\"https:\\\/\\\/www.eldigitaldeasturias.com\\\/noticias\\\/\",\"name\":\"El Digital de Asturias - Diario de actualidad y noticias\",\"alternateName\":\"El Digital de Asturias - Diario de actualidad y noticias\",\"description\":\"Hemeroteca\",\"inLanguage\":\"es-ES\",\"publisher\":{\"@id\":\"https:\\\/\\\/www.eldigitaldeasturias.com\\\/noticias\\\/#organization\"}}]}\n\t\t<\/script>\n\t\t<!-- All in One SEO Pro -->\r\n\t\t<title>Gonz\u00e1lez : Pasar\u00e1 \u00abmucho tiempo\u00bb hasta que Cifuentes vuelva definitivamente al trabajo - El Digital de Asturias<\/title>\n\n","aioseo_head_json":{"title":"Gonz\u00e1lez : Pasar\u00e1 \u00abmucho tiempo\u00bb hasta que Cifuentes vuelva definitivamente al trabajo - El Digital de Asturias","description":"VILLAVICIOSA DE OD\u00d3N, 24 Sep. (EUROPA PRESS) - El presidente de la Comunidad de Madrid, Ignacio Gonz\u00e1lez, ha afirmado este martes que la delegada del Gobierno en Madrid, Cristina Cifuentes, \"afortunadamente se encuentra bastante bien\" aunque va a pasar \"mucho tiempo\" para que pueda reincorporarse definitivamente a su trabajo. Tras la presentaci\u00f3n del proceso de implantaci\u00f3n","canonical_url":"https:\/\/www.eldigitaldeasturias.com\/noticias\/gonzalez-pasara-mucho-tiempo-hasta-que-cifuentes-vuelva-definitivamente-al-trabajo\/","robots":"max-image-preview:large","keywords":"actualidad","webmasterTools":{"google-site-verification":"UA-38556648-1","msvalidate.01":"7dfe9f3f1b24437ab69f4f2559babe99","miscellaneous":""},"schema":{"@context":"https:\/\/schema.org","@graph":[{"@type":"BlogPosting","@id":"https:\/\/www.eldigitaldeasturias.com\/noticias\/gonzalez-pasara-mucho-tiempo-hasta-que-cifuentes-vuelva-definitivamente-al-trabajo\/#blogposting","name":"Gonz\u00e1lez : Pasar\u00e1 \u00abmucho tiempo\u00bb hasta que Cifuentes vuelva definitivamente al trabajo - El Digital de Asturias","headline":"Gonz\u00e1lez : Pasar\u00e1 \u00abmucho tiempo\u00bb hasta que Cifuentes vuelva definitivamente al trabajo","author":{"@id":"https:\/\/www.eldigitaldeasturias.com\/noticias\/author\/admin\/#author"},"publisher":{"@id":"https:\/\/www.eldigitaldeasturias.com\/noticias\/#organization"},"image":{"@type":"ImageObject","url":2742},"datePublished":"2013-09-24T21:18:05+02:00","dateModified":"2013-09-24T21:18:05+02:00","inLanguage":"es-ES","mainEntityOfPage":{"@id":"https:\/\/www.eldigitaldeasturias.com\/noticias\/gonzalez-pasara-mucho-tiempo-hasta-que-cifuentes-vuelva-definitivamente-al-trabajo\/#webpage"},"isPartOf":{"@id":"https:\/\/www.eldigitaldeasturias.com\/noticias\/gonzalez-pasara-mucho-tiempo-hasta-que-cifuentes-vuelva-definitivamente-al-trabajo\/#webpage"},"articleSection":"Actualidad"},{"@type":"BreadcrumbList","@id":"https:\/\/www.eldigitaldeasturias.com\/noticias\/gonzalez-pasara-mucho-tiempo-hasta-que-cifuentes-vuelva-definitivamente-al-trabajo\/#breadcrumblist","itemListElement":[{"@type":"ListItem","@id":"https:\/\/www.eldigitaldeasturias.com\/noticias#listItem","position":1,"name":"Home","item":"https:\/\/www.eldigitaldeasturias.com\/noticias","nextItem":{"@type":"ListItem","@id":"https:\/\/www.eldigitaldeasturias.com\/noticias\/category\/actualidad\/#listItem","name":"Actualidad"}},{"@type":"ListItem","@id":"https:\/\/www.eldigitaldeasturias.com\/noticias\/category\/actualidad\/#listItem","position":2,"name":"Actualidad","item":"https:\/\/www.eldigitaldeasturias.com\/noticias\/category\/actualidad\/","nextItem":{"@type":"ListItem","@id":"https:\/\/www.eldigitaldeasturias.com\/noticias\/gonzalez-pasara-mucho-tiempo-hasta-que-cifuentes-vuelva-definitivamente-al-trabajo\/#listItem","name":"Gonz\u00e1lez : Pasar\u00e1 \u00abmucho tiempo\u00bb hasta que Cifuentes vuelva definitivamente al trabajo"},"previousItem":{"@type":"ListItem","@id":"https:\/\/www.eldigitaldeasturias.com\/noticias#listItem","name":"Home"}},{"@type":"ListItem","@id":"https:\/\/www.eldigitaldeasturias.com\/noticias\/gonzalez-pasara-mucho-tiempo-hasta-que-cifuentes-vuelva-definitivamente-al-trabajo\/#listItem","position":3,"name":"Gonz\u00e1lez : Pasar\u00e1 \u00abmucho tiempo\u00bb hasta que Cifuentes vuelva definitivamente al trabajo","previousItem":{"@type":"ListItem","@id":"https:\/\/www.eldigitaldeasturias.com\/noticias\/category\/actualidad\/#listItem","name":"Actualidad"}}]},{"@type":"Organization","@id":"https:\/\/www.eldigitaldeasturias.com\/noticias\/#organization","name":"El Digital de Asturias","description":"Hemeroteca","url":"https:\/\/www.eldigitaldeasturias.com\/noticias\/","email":"info@eldigitaldeasturias.com","telephone":"+34652131393","logo":{"@type":"ImageObject","url":"https:\/\/www.eldigitaldeasturias.com\/noticias\/wp-content\/uploads\/2020\/12\/EDA.jpg","@id":"https:\/\/www.eldigitaldeasturias.com\/noticias\/gonzalez-pasara-mucho-tiempo-hasta-que-cifuentes-vuelva-definitivamente-al-trabajo\/#organizationLogo","width":649,"height":297},"image":{"@id":"https:\/\/www.eldigitaldeasturias.com\/noticias\/gonzalez-pasara-mucho-tiempo-hasta-que-cifuentes-vuelva-definitivamente-al-trabajo\/#organizationLogo"},"sameAs":["https:\/\/facebook.com\/eldigitaldeasturias","https:\/\/www.youtube.com\/channel\/UCZP-2wLEB9Rv6erhFmqVnvg"],"address":{"@id":"https:\/\/www.eldigitaldeasturias.com\/noticias\/#postaladdress","@type":"PostalAddress","streetAddress":"san antonio 4,","postalCode":"33430","addressLocality":"Cand\u00e1s","addressRegion":"Asturias","addressCountry":"ES"}},{"@type":"Person","@id":"https:\/\/www.eldigitaldeasturias.com\/noticias\/author\/admin\/#author","url":"https:\/\/www.eldigitaldeasturias.com\/noticias\/author\/admin\/","name":"El Digital de Asturias","image":{"@type":"ImageObject","@id":"https:\/\/www.eldigitaldeasturias.com\/noticias\/gonzalez-pasara-mucho-tiempo-hasta-que-cifuentes-vuelva-definitivamente-al-trabajo\/#authorImage","url":"https:\/\/www.eldigitaldeasturias.com\/noticias\/wp-content\/litespeed\/avatar\/18677e78aa0546b92d9dbf31ec7d7668.jpg?ver=1776685526","width":96,"height":96,"caption":"El Digital de Asturias"}},{"@type":"WebPage","@id":"https:\/\/www.eldigitaldeasturias.com\/noticias\/gonzalez-pasara-mucho-tiempo-hasta-que-cifuentes-vuelva-definitivamente-al-trabajo\/#webpage","url":"https:\/\/www.eldigitaldeasturias.com\/noticias\/gonzalez-pasara-mucho-tiempo-hasta-que-cifuentes-vuelva-definitivamente-al-trabajo\/","name":"Gonz\u00e1lez : Pasar\u00e1 \u00abmucho tiempo\u00bb hasta que Cifuentes vuelva definitivamente al trabajo - El Digital de Asturias","description":"VILLAVICIOSA DE OD\u00d3N, 24 Sep. (EUROPA PRESS) - El presidente de la Comunidad de Madrid, Ignacio Gonz\u00e1lez, ha afirmado este martes que la delegada del Gobierno en Madrid, Cristina Cifuentes, \"afortunadamente se encuentra bastante bien\" aunque va a pasar \"mucho tiempo\" para que pueda reincorporarse definitivamente a su trabajo. Tras la presentaci\u00f3n del proceso de implantaci\u00f3n","inLanguage":"es-ES","isPartOf":{"@id":"https:\/\/www.eldigitaldeasturias.com\/noticias\/#website"},"breadcrumb":{"@id":"https:\/\/www.eldigitaldeasturias.com\/noticias\/gonzalez-pasara-mucho-tiempo-hasta-que-cifuentes-vuelva-definitivamente-al-trabajo\/#breadcrumblist"},"author":{"@id":"https:\/\/www.eldigitaldeasturias.com\/noticias\/author\/admin\/#author"},"creator":{"@id":"https:\/\/www.eldigitaldeasturias.com\/noticias\/author\/admin\/#author"},"image":{"@type":"ImageObject","url":2742,"@id":"https:\/\/www.eldigitaldeasturias.com\/noticias\/gonzalez-pasara-mucho-tiempo-hasta-que-cifuentes-vuelva-definitivamente-al-trabajo\/#mainImage"},"primaryImageOfPage":{"@id":"https:\/\/www.eldigitaldeasturias.com\/noticias\/gonzalez-pasara-mucho-tiempo-hasta-que-cifuentes-vuelva-definitivamente-al-trabajo\/#mainImage"},"datePublished":"2013-09-24T21:18:05+02:00","dateModified":"2013-09-24T21:18:05+02:00"},{"@type":"WebSite","@id":"https:\/\/www.eldigitaldeasturias.com\/noticias\/#website","url":"https:\/\/www.eldigitaldeasturias.com\/noticias\/","name":"El Digital de Asturias - Diario de actualidad y noticias","alternateName":"El Digital de Asturias - Diario de actualidad y noticias","description":"Hemeroteca","inLanguage":"es-ES","publisher":{"@id":"https:\/\/www.eldigitaldeasturias.com\/noticias\/#organization"}}]},"og:locale":"es_ES","og:site_name":"El Digital de Asturias","og:type":"article","og:title":"Gonz\u00e1lez : Pasar\u00e1 \u00abmucho tiempo\u00bb hasta que Cifuentes vuelva definitivamente al trabajo - El Digital de Asturias","og:description":"VILLAVICIOSA DE OD\u00d3N, 24 Sep. (EUROPA PRESS) - El presidente de la Comunidad de Madrid, Ignacio Gonz\u00e1lez, ha afirmado este martes que la delegada del Gobierno en Madrid, Cristina Cifuentes, &quot;afortunadamente se encuentra bastante bien&quot; aunque va a pasar &quot;mucho tiempo&quot; para que pueda reincorporarse definitivamente a su trabajo. Tras la presentaci\u00f3n del proceso de implantaci\u00f3n","og:url":"https:\/\/www.eldigitaldeasturias.com\/noticias\/gonzalez-pasara-mucho-tiempo-hasta-que-cifuentes-vuelva-definitivamente-al-trabajo\/","article:tag":["actualidad"],"article:published_time":"2013-09-24T21:18:05+00:00","article:modified_time":"2013-09-24T21:18:05+00:00","article:publisher":"https:\/\/facebook.com\/eldigitaldeasturias","twitter:card":"summary_large_image","twitter:title":"Gonz\u00e1lez : Pasar\u00e1 \u00abmucho tiempo\u00bb hasta que Cifuentes vuelva definitivamente al trabajo - El Digital de Asturias","twitter:description":"VILLAVICIOSA DE OD\u00d3N, 24 Sep. (EUROPA PRESS) - El presidente de la Comunidad de Madrid, Ignacio Gonz\u00e1lez, ha afirmado este martes que la delegada del Gobierno en Madrid, Cristina Cifuentes, &quot;afortunadamente se encuentra bastante bien&quot; aunque va a pasar &quot;mucho tiempo&quot; para que pueda reincorporarse definitivamente a su trabajo. Tras la presentaci\u00f3n del proceso de implantaci\u00f3n","twitter:label1":"Escrito por","twitter:data1":"El Digital de Asturias","twitter:label2":"Tiempo de lectura estimado","twitter:data2":"1 minuto"},"aioseo_meta_data":{"post_id":"2741","title":null,"description":null,"keywords":null,"keyphrases":null,"primary_term":null,"canonical_url":null,"og_title":null,"og_description":null,"og_object_type":"default","og_image_type":"default","og_image_url":null,"og_image_width":null,"og_image_height":null,"og_image_custom_url":null,"og_image_custom_fields":null,"og_video":null,"og_custom_url":null,"og_article_section":null,"og_article_tags":null,"twitter_use_og":true,"twitter_card":"default","twitter_image_type":"default","twitter_image_url":null,"twitter_image_custom_url":null,"twitter_image_custom_fields":null,"twitter_title":null,"twitter_description":null,"schema":{"blockGraphs":[],"customGraphs":[],"default":{"data":{"Article":[],"Course":[],"Dataset":[],"FAQPage":[],"Movie":[],"Person":[],"Product":[],"ProductReview":[],"Car":[],"Recipe":[],"Service":[],"SoftwareApplication":[],"WebPage":[]},"graphName":"","isEnabled":true},"graphs":[],"defaultGraph":"","defaultPostTypeGraph":""},"schema_type":null,"schema_type_options":null,"pillar_content":false,"robots_default":true,"robots_noindex":false,"robots_noarchive":false,"robots_nosnippet":false,"robots_nofollow":false,"robots_noimageindex":false,"robots_noodp":false,"robots_notranslate":false,"robots_max_snippet":null,"robots_max_videopreview":null,"robots_max_imagepreview":"none","priority":null,"frequency":null,"local_seo":null,"seo_analyzer_scan_date":"2025-08-21 04:50:45","breadcrumb_settings":null,"limit_modified_date":false,"open_ai":null,"ai":null,"created":"2020-11-14 22:36:57","updated":"2025-08-21 04:50:45"},"aioseo_breadcrumb":"<div class=\"aioseo-breadcrumbs\"><span class=\"aioseo-breadcrumb\">\n\t<a href=\"https:\/\/www.eldigitaldeasturias.com\/noticias\" title=\"Home\">Home<\/a>\n<\/span><span class=\"aioseo-breadcrumb-separator\">\u2013<\/span><span class=\"aioseo-breadcrumb\">\n\t<a href=\"https:\/\/www.eldigitaldeasturias.com\/noticias\/category\/actualidad\/\" title=\"Actualidad\">Actualidad<\/a>\n<\/span><span class=\"aioseo-breadcrumb-separator\">\u2013<\/span><span class=\"aioseo-breadcrumb\">\n\t<a href=\"https:\/\/www.eldigitaldeasturias.com\/noticias\/gonzalez-pasara-mucho-tiempo-hasta-que-cifuentes-vuelva-definitivamente-al-trabajo\/\" title=\"Gonz\u00e1lez : Pasar\u00e1 \u00abmucho tiempo\u00bb hasta que Cifuentes vuelva definitivamente al trabajo\">Gonz\u00e1lez : Pasar\u00e1 \u00abmucho tiempo\u00bb hasta que Cifuentes vuelva definitivamente al trabajo<\/a>\n<\/span><\/div>","aioseo_breadcrumb_json":[{"label":"Home","link":"https:\/\/www.eldigitaldeasturias.com\/noticias"},{"label":"Actualidad","link":"https:\/\/www.eldigitaldeasturias.com\/noticias\/category\/actualidad\/"},{"label":"Gonz\u00e1lez : Pasar\u00e1 \u00abmucho tiempo\u00bb hasta que Cifuentes vuelva definitivamente al trabajo","link":"https:\/\/www.eldigitaldeasturias.com\/noticias\/gonzalez-pasara-mucho-tiempo-hasta-que-cifuentes-vuelva-definitivamente-al-trabajo\/"}],"_links":{"self":[{"href":"https:\/\/www.eldigitaldeasturias.com\/noticias\/wp-json\/wp\/v2\/posts\/2741","targetHints":{"allow":["GET"]}}],"collection":[{"href":"https:\/\/www.eldigitaldeasturias.com\/noticias\/wp-json\/wp\/v2\/posts"}],"about":[{"href":"https:\/\/www.eldigitaldeasturias.com\/noticias\/wp-json\/wp\/v2\/types\/post"}],"author":[{"embeddable":true,"href":"https:\/\/www.eldigitaldeasturias.com\/noticias\/wp-json\/wp\/v2\/users\/1"}],"replies":[{"embeddable":true,"href":"https:\/\/www.eldigitaldeasturias.com\/noticias\/wp-json\/wp\/v2\/comments?post=2741"}],"version-history":[{"count":0,"href":"https:\/\/www.eldigitaldeasturias.com\/noticias\/wp-json\/wp\/v2\/posts\/2741\/revisions"}],"wp:featuredmedia":[{"embeddable":true,"href":"https:\/\/www.eldigitaldeasturias.com\/noticias\/wp-json\/"}],"wp:attachment":[{"href":"https:\/\/www.eldigitaldeasturias.com\/noticias\/wp-json\/wp\/v2\/media?parent=2741"}],"wp:term":[{"taxonomy":"category","embeddable":true,"href":"https:\/\/www.eldigitaldeasturias.com\/noticias\/wp-json\/wp\/v2\/categories?post=2741"},{"taxonomy":"post_tag","embeddable":true,"href":"https:\/\/www.eldigitaldeasturias.com\/noticias\/wp-json\/wp\/v2\/tags?post=2741"}],"curies":[{"name":"wp","href":"https:\/\/api.w.org\/{rel}","templated":true}]}}