{"id":2735,"date":"2013-09-24T21:14:45","date_gmt":"2013-09-24T21:14:45","guid":{"rendered":"http:\/\/www.eldigitaldeasturias.com\/noticias\/?p=2735"},"modified":"2013-09-24T21:14:45","modified_gmt":"2013-09-24T21:14:45","slug":"manuel-benedito-el-ultimo-gran-maestro-de-la-figuracion","status":"publish","type":"post","link":"https:\/\/www.eldigitaldeasturias.com\/noticias\/manuel-benedito-el-ultimo-gran-maestro-de-la-figuracion\/","title":{"rendered":"Manuel Benedito, el \u00faltimo gran maestro de la figuraci\u00f3n"},"content":{"rendered":"<p><img loading=\"lazy\" decoding=\"async\" class=\"alignleft size-medium wp-image-2736\" alt=\"fotonoticia_20130924152155_800\" src=\"https:\/\/www.eldigitaldeasturias.com\/noticias\/wp-content\/uploads\/2013\/09\/fotonoticia_20130924152155_800-360x240.jpg\" width=\"360\" height=\"240\" \/>MADRID, 24 Sep. (EUROPA PRESS) &#8211;\u00a0La Real Academia de Bellas Artes de San Fernando, en colaboraci\u00f3n con la Fundaci\u00f3n Manuel Benedito, re\u00fane piezas de prestigiosas pinacotecas para acercar al gran p\u00fablico del artista valenciano (Valencia, 1876 &#8211; Madrid, 1963), disc\u00edpulo aventajado de Joaqu\u00edn Sorolla, cuya particular mirada supo captar la esencia de los siglos XIX y XX.<\/p>\n<p>Desde este martes hasta el 27 de octubre, los visitantes podr\u00e1n admirar una muestra compuesta por 55 piezas reunidas por iniciativa de la Fundaci\u00f3n Manuel Benedito, con las que la instituci\u00f3n pretende recuperar para el gran p\u00fablico la figura de un prol\u00edfico pintor, que tuvo la fortuna de disfrutar en vida de una fama y reconocimiento m\u00e1s all\u00e1 de las fronteras espa\u00f1olas.<\/p>\n<p>Para el comisario de la muestra, Pascual Masi\u00e1, \u00e9sta es una \u00abpeque\u00f1a antolog\u00eda de lo much\u00edsimo que pint\u00f3 en una obra variada y rica\u00bb. En esta l\u00ednea, Masi\u00e1 ha planteado que resulta extra\u00f1o hacer una exposici\u00f3n para recordar una figura como la de Benedito, quien \u00abera alguien extremadamente popular, puesto que desde muy joven goz\u00f3 de gran recepci\u00f3n cr\u00edtica y popular\u00bb.<\/p>\n<p>El Acad\u00e9mico Numerario de la Real Academia de Bellas Artes de San Fernando, Jos\u00e9 Mar\u00eda Luz\u00f3n Nogu\u00e9, ha recalcado que Benedito \u00abrepresenta una \u00e9poca de grandes figuras\u00bb, y ha a\u00f1adido que con esta exposici\u00f3n cumplen con el \u00abdeber\u00bb de que personajes como \u00e9ste sean \u00abm\u00e1s conocidos, por el lugar que debieron ocupar por su gran calidad\u00bb.<\/p>\n<p>La exposici\u00f3n re\u00fane \u00f3leos sobre lienzo o tabla, dibujos a l\u00e1piz o carb\u00f3n, acuarelas y grabados, que reflejan lo m\u00e1s granado de su vast\u00edsima producci\u00f3n (estimada en varios miles de piezas), compuesta por paisajes, retratos, bodegones y cuadros de tema en los que predominan el tama\u00f1o natural o las grandes composiciones.<\/p>\n<p>La muestra se ha nutrido de obras procedentes de la propia Fundaci\u00f3n, y de algunas de las principales pinacotecas espa\u00f1olas, como el Museo del Prado, el Museo Nacional Centro de Arte Reina Sof\u00eda, la Colecci\u00f3n Carmen Thyssen Bornemisza, el Museo de Bellas Artes de Valencia, la Fundaci\u00f3n Banco Santander o la Fundaci\u00f3n Casa de Alba, adem\u00e1s de otras aportadas por coleccionistas particulares.<\/p>\n<p>Entre las piezas que ahora se exhiben figuran algunas que pr\u00e1cticamente se podr\u00e1n contemplar por primera vez, como un gran paisaje nocturno de Venecia recuperado por la Fundaci\u00f3n en Buenos Aires, o un misterioso retrato de caballero, de quien se desconoce el nombre, pero que resulta extraordinario por ejecuci\u00f3n y efecto.<\/p>\n<p>En sus lienzos quedaron inmortalizados los personajes principales de la sociedad de su tiempo, desde la aristocracia hasta los artistas y escritores, sin olvidar a sus amigos y modelos preferidos. As\u00ed, destacan los retratos del general Wayler, &#8216;Florencia en su jard\u00edn&#8217;, Nelly, Alfonso XIII, el Duque de Alba, Cleo de Mer\u00f2de o Pastora Imperio.<\/p>\n","protected":false},"excerpt":{"rendered":"<p>MADRID, 24 Sep. (EUROPA PRESS) &#8211;\u00a0La Real Academia de Bellas Artes de San Fernando, en colaboraci\u00f3n con la Fundaci\u00f3n Manuel Benedito, re\u00fane piezas de prestigiosas pinacotecas para acercar al gran p\u00fablico del artista valenciano (Valencia, 1876 &#8211; Madrid, 1963), disc\u00edpulo aventajado de Joaqu\u00edn Sorolla, cuya particular mirada supo captar la esencia de los siglos XIX [&hellip;]<\/p>\n","protected":false},"author":1,"featured_media":2736,"comment_status":"open","ping_status":"open","sticky":false,"template":"","format":"standard","meta":{"footnotes":""},"categories":[28],"tags":[],"class_list":["post-2735","post","type-post","status-publish","format-standard","has-post-thumbnail","hentry","category-sociedad"],"aioseo_notices":[],"aioseo_head":"\n\t\t<!-- All in One SEO Pro 4.9.6.2 - aioseo.com -->\n\t<meta name=\"description\" content=\"MADRID, 24 Sep. (EUROPA PRESS) - La Real Academia de Bellas Artes de San Fernando, en colaboraci\u00f3n con la Fundaci\u00f3n Manuel Benedito, re\u00fane piezas de prestigiosas pinacotecas para acercar al gran p\u00fablico del artista valenciano (Valencia, 1876 - Madrid, 1963), disc\u00edpulo aventajado de Joaqu\u00edn Sorolla, cuya particular mirada supo captar la esencia de los siglos XIX\" \/>\n\t<meta name=\"robots\" content=\"max-image-preview:large\" \/>\n\t<meta name=\"author\" content=\"El Digital de Asturias\"\/>\n\t<meta name=\"google-site-verification\" content=\"UA-38556648-1\" \/>\n\t<meta name=\"msvalidate.01\" content=\"7dfe9f3f1b24437ab69f4f2559babe99\" \/>\n\t<meta name=\"keywords\" content=\"sociedad\" \/>\n\t<link rel=\"canonical\" href=\"https:\/\/www.eldigitaldeasturias.com\/noticias\/manuel-benedito-el-ultimo-gran-maestro-de-la-figuracion\/\" \/>\n\t<meta name=\"generator\" content=\"All in One SEO Pro (AIOSEO) 4.9.6.2\" \/>\n\t\t<meta property=\"og:locale\" content=\"es_ES\" \/>\n\t\t<meta property=\"og:site_name\" content=\"El Digital de Asturias\" \/>\n\t\t<meta property=\"og:type\" content=\"article\" \/>\n\t\t<meta property=\"og:title\" content=\"Manuel Benedito, el \u00faltimo gran maestro de la figuraci\u00f3n - El Digital de Asturias\" \/>\n\t\t<meta property=\"og:description\" content=\"MADRID, 24 Sep. (EUROPA PRESS) - La Real Academia de Bellas Artes de San Fernando, en colaboraci\u00f3n con la Fundaci\u00f3n Manuel Benedito, re\u00fane piezas de prestigiosas pinacotecas para acercar al gran p\u00fablico del artista valenciano (Valencia, 1876 - Madrid, 1963), disc\u00edpulo aventajado de Joaqu\u00edn Sorolla, cuya particular mirada supo captar la esencia de los siglos XIX\" \/>\n\t\t<meta property=\"og:url\" content=\"https:\/\/www.eldigitaldeasturias.com\/noticias\/manuel-benedito-el-ultimo-gran-maestro-de-la-figuracion\/\" \/>\n\t\t<meta property=\"article:tag\" content=\"sociedad\" \/>\n\t\t<meta property=\"article:published_time\" content=\"2013-09-24T21:14:45+00:00\" \/>\n\t\t<meta property=\"article:modified_time\" content=\"2013-09-24T21:14:45+00:00\" \/>\n\t\t<meta property=\"article:publisher\" content=\"https:\/\/facebook.com\/eldigitaldeasturias\" \/>\n\t\t<meta name=\"twitter:card\" content=\"summary_large_image\" \/>\n\t\t<meta name=\"twitter:title\" content=\"Manuel Benedito, el \u00faltimo gran maestro de la figuraci\u00f3n - El Digital de Asturias\" \/>\n\t\t<meta name=\"twitter:description\" content=\"MADRID, 24 Sep. (EUROPA PRESS) - La Real Academia de Bellas Artes de San Fernando, en colaboraci\u00f3n con la Fundaci\u00f3n Manuel Benedito, re\u00fane piezas de prestigiosas pinacotecas para acercar al gran p\u00fablico del artista valenciano (Valencia, 1876 - Madrid, 1963), disc\u00edpulo aventajado de Joaqu\u00edn Sorolla, cuya particular mirada supo captar la esencia de los siglos XIX\" \/>\n\t\t<meta name=\"twitter:label1\" content=\"Escrito por\" \/>\n\t\t<meta name=\"twitter:data1\" content=\"El Digital de Asturias\" \/>\n\t\t<meta name=\"twitter:label2\" content=\"Tiempo de lectura estimado\" \/>\n\t\t<meta name=\"twitter:data2\" content=\"2 minutos\" \/>\n\t\t<script type=\"application\/ld+json\" class=\"aioseo-schema\">\n\t\t\t{\"@context\":\"https:\\\/\\\/schema.org\",\"@graph\":[{\"@type\":\"BlogPosting\",\"@id\":\"https:\\\/\\\/www.eldigitaldeasturias.com\\\/noticias\\\/manuel-benedito-el-ultimo-gran-maestro-de-la-figuracion\\\/#blogposting\",\"name\":\"Manuel Benedito, el \\u00faltimo gran maestro de la figuraci\\u00f3n - El Digital de Asturias\",\"headline\":\"Manuel Benedito, el \\u00faltimo gran maestro de la figuraci\\u00f3n\",\"author\":{\"@id\":\"https:\\\/\\\/www.eldigitaldeasturias.com\\\/noticias\\\/author\\\/admin\\\/#author\"},\"publisher\":{\"@id\":\"https:\\\/\\\/www.eldigitaldeasturias.com\\\/noticias\\\/#organization\"},\"image\":{\"@type\":\"ImageObject\",\"url\":2736},\"datePublished\":\"2013-09-24T21:14:45+02:00\",\"dateModified\":\"2013-09-24T21:14:45+02:00\",\"inLanguage\":\"es-ES\",\"mainEntityOfPage\":{\"@id\":\"https:\\\/\\\/www.eldigitaldeasturias.com\\\/noticias\\\/manuel-benedito-el-ultimo-gran-maestro-de-la-figuracion\\\/#webpage\"},\"isPartOf\":{\"@id\":\"https:\\\/\\\/www.eldigitaldeasturias.com\\\/noticias\\\/manuel-benedito-el-ultimo-gran-maestro-de-la-figuracion\\\/#webpage\"},\"articleSection\":\"Sociedad\"},{\"@type\":\"BreadcrumbList\",\"@id\":\"https:\\\/\\\/www.eldigitaldeasturias.com\\\/noticias\\\/manuel-benedito-el-ultimo-gran-maestro-de-la-figuracion\\\/#breadcrumblist\",\"itemListElement\":[{\"@type\":\"ListItem\",\"@id\":\"https:\\\/\\\/www.eldigitaldeasturias.com\\\/noticias#listItem\",\"position\":1,\"name\":\"Home\",\"item\":\"https:\\\/\\\/www.eldigitaldeasturias.com\\\/noticias\",\"nextItem\":{\"@type\":\"ListItem\",\"@id\":\"https:\\\/\\\/www.eldigitaldeasturias.com\\\/noticias\\\/category\\\/sociedad\\\/#listItem\",\"name\":\"Sociedad\"}},{\"@type\":\"ListItem\",\"@id\":\"https:\\\/\\\/www.eldigitaldeasturias.com\\\/noticias\\\/category\\\/sociedad\\\/#listItem\",\"position\":2,\"name\":\"Sociedad\",\"item\":\"https:\\\/\\\/www.eldigitaldeasturias.com\\\/noticias\\\/category\\\/sociedad\\\/\",\"nextItem\":{\"@type\":\"ListItem\",\"@id\":\"https:\\\/\\\/www.eldigitaldeasturias.com\\\/noticias\\\/manuel-benedito-el-ultimo-gran-maestro-de-la-figuracion\\\/#listItem\",\"name\":\"Manuel Benedito, el \\u00faltimo gran maestro de la figuraci\\u00f3n\"},\"previousItem\":{\"@type\":\"ListItem\",\"@id\":\"https:\\\/\\\/www.eldigitaldeasturias.com\\\/noticias#listItem\",\"name\":\"Home\"}},{\"@type\":\"ListItem\",\"@id\":\"https:\\\/\\\/www.eldigitaldeasturias.com\\\/noticias\\\/manuel-benedito-el-ultimo-gran-maestro-de-la-figuracion\\\/#listItem\",\"position\":3,\"name\":\"Manuel Benedito, el \\u00faltimo gran maestro de la figuraci\\u00f3n\",\"previousItem\":{\"@type\":\"ListItem\",\"@id\":\"https:\\\/\\\/www.eldigitaldeasturias.com\\\/noticias\\\/category\\\/sociedad\\\/#listItem\",\"name\":\"Sociedad\"}}]},{\"@type\":\"Organization\",\"@id\":\"https:\\\/\\\/www.eldigitaldeasturias.com\\\/noticias\\\/#organization\",\"name\":\"El Digital de Asturias\",\"description\":\"Hemeroteca\",\"url\":\"https:\\\/\\\/www.eldigitaldeasturias.com\\\/noticias\\\/\",\"email\":\"info@eldigitaldeasturias.com\",\"telephone\":\"+34652131393\",\"logo\":{\"@type\":\"ImageObject\",\"url\":\"https:\\\/\\\/www.eldigitaldeasturias.com\\\/noticias\\\/wp-content\\\/uploads\\\/2020\\\/12\\\/EDA.jpg\",\"@id\":\"https:\\\/\\\/www.eldigitaldeasturias.com\\\/noticias\\\/manuel-benedito-el-ultimo-gran-maestro-de-la-figuracion\\\/#organizationLogo\",\"width\":649,\"height\":297},\"image\":{\"@id\":\"https:\\\/\\\/www.eldigitaldeasturias.com\\\/noticias\\\/manuel-benedito-el-ultimo-gran-maestro-de-la-figuracion\\\/#organizationLogo\"},\"sameAs\":[\"https:\\\/\\\/facebook.com\\\/eldigitaldeasturias\",\"https:\\\/\\\/www.youtube.com\\\/channel\\\/UCZP-2wLEB9Rv6erhFmqVnvg\"],\"address\":{\"@id\":\"https:\\\/\\\/www.eldigitaldeasturias.com\\\/noticias\\\/#postaladdress\",\"@type\":\"PostalAddress\",\"streetAddress\":\"san antonio 4,\",\"postalCode\":\"33430\",\"addressLocality\":\"Cand\\u00e1s\",\"addressRegion\":\"Asturias\",\"addressCountry\":\"ES\"}},{\"@type\":\"Person\",\"@id\":\"https:\\\/\\\/www.eldigitaldeasturias.com\\\/noticias\\\/author\\\/admin\\\/#author\",\"url\":\"https:\\\/\\\/www.eldigitaldeasturias.com\\\/noticias\\\/author\\\/admin\\\/\",\"name\":\"El Digital de Asturias\",\"image\":{\"@type\":\"ImageObject\",\"@id\":\"https:\\\/\\\/www.eldigitaldeasturias.com\\\/noticias\\\/manuel-benedito-el-ultimo-gran-maestro-de-la-figuracion\\\/#authorImage\",\"url\":\"https:\\\/\\\/www.eldigitaldeasturias.com\\\/noticias\\\/wp-content\\\/litespeed\\\/avatar\\\/18677e78aa0546b92d9dbf31ec7d7668.jpg?ver=1776685526\",\"width\":96,\"height\":96,\"caption\":\"El Digital de Asturias\"}},{\"@type\":\"WebPage\",\"@id\":\"https:\\\/\\\/www.eldigitaldeasturias.com\\\/noticias\\\/manuel-benedito-el-ultimo-gran-maestro-de-la-figuracion\\\/#webpage\",\"url\":\"https:\\\/\\\/www.eldigitaldeasturias.com\\\/noticias\\\/manuel-benedito-el-ultimo-gran-maestro-de-la-figuracion\\\/\",\"name\":\"Manuel Benedito, el \\u00faltimo gran maestro de la figuraci\\u00f3n - El Digital de Asturias\",\"description\":\"MADRID, 24 Sep. (EUROPA PRESS) - La Real Academia de Bellas Artes de San Fernando, en colaboraci\\u00f3n con la Fundaci\\u00f3n Manuel Benedito, re\\u00fane piezas de prestigiosas pinacotecas para acercar al gran p\\u00fablico del artista valenciano (Valencia, 1876 - Madrid, 1963), disc\\u00edpulo aventajado de Joaqu\\u00edn Sorolla, cuya particular mirada supo captar la esencia de los siglos XIX\",\"inLanguage\":\"es-ES\",\"isPartOf\":{\"@id\":\"https:\\\/\\\/www.eldigitaldeasturias.com\\\/noticias\\\/#website\"},\"breadcrumb\":{\"@id\":\"https:\\\/\\\/www.eldigitaldeasturias.com\\\/noticias\\\/manuel-benedito-el-ultimo-gran-maestro-de-la-figuracion\\\/#breadcrumblist\"},\"author\":{\"@id\":\"https:\\\/\\\/www.eldigitaldeasturias.com\\\/noticias\\\/author\\\/admin\\\/#author\"},\"creator\":{\"@id\":\"https:\\\/\\\/www.eldigitaldeasturias.com\\\/noticias\\\/author\\\/admin\\\/#author\"},\"image\":{\"@type\":\"ImageObject\",\"url\":2736,\"@id\":\"https:\\\/\\\/www.eldigitaldeasturias.com\\\/noticias\\\/manuel-benedito-el-ultimo-gran-maestro-de-la-figuracion\\\/#mainImage\"},\"primaryImageOfPage\":{\"@id\":\"https:\\\/\\\/www.eldigitaldeasturias.com\\\/noticias\\\/manuel-benedito-el-ultimo-gran-maestro-de-la-figuracion\\\/#mainImage\"},\"datePublished\":\"2013-09-24T21:14:45+02:00\",\"dateModified\":\"2013-09-24T21:14:45+02:00\"},{\"@type\":\"WebSite\",\"@id\":\"https:\\\/\\\/www.eldigitaldeasturias.com\\\/noticias\\\/#website\",\"url\":\"https:\\\/\\\/www.eldigitaldeasturias.com\\\/noticias\\\/\",\"name\":\"El Digital de Asturias - Diario de actualidad y noticias\",\"alternateName\":\"El Digital de Asturias - Diario de actualidad y noticias\",\"description\":\"Hemeroteca\",\"inLanguage\":\"es-ES\",\"publisher\":{\"@id\":\"https:\\\/\\\/www.eldigitaldeasturias.com\\\/noticias\\\/#organization\"}}]}\n\t\t<\/script>\n\t\t<!-- All in One SEO Pro -->\r\n\t\t<title>Manuel Benedito, el \u00faltimo gran maestro de la figuraci\u00f3n - El Digital de Asturias<\/title>\n\n","aioseo_head_json":{"title":"Manuel Benedito, el \u00faltimo gran maestro de la figuraci\u00f3n - El Digital de Asturias","description":"MADRID, 24 Sep. (EUROPA PRESS) - La Real Academia de Bellas Artes de San Fernando, en colaboraci\u00f3n con la Fundaci\u00f3n Manuel Benedito, re\u00fane piezas de prestigiosas pinacotecas para acercar al gran p\u00fablico del artista valenciano (Valencia, 1876 - Madrid, 1963), disc\u00edpulo aventajado de Joaqu\u00edn Sorolla, cuya particular mirada supo captar la esencia de los siglos XIX","canonical_url":"https:\/\/www.eldigitaldeasturias.com\/noticias\/manuel-benedito-el-ultimo-gran-maestro-de-la-figuracion\/","robots":"max-image-preview:large","keywords":"sociedad","webmasterTools":{"google-site-verification":"UA-38556648-1","msvalidate.01":"7dfe9f3f1b24437ab69f4f2559babe99","miscellaneous":""},"schema":{"@context":"https:\/\/schema.org","@graph":[{"@type":"BlogPosting","@id":"https:\/\/www.eldigitaldeasturias.com\/noticias\/manuel-benedito-el-ultimo-gran-maestro-de-la-figuracion\/#blogposting","name":"Manuel Benedito, el \u00faltimo gran maestro de la figuraci\u00f3n - El Digital de Asturias","headline":"Manuel Benedito, el \u00faltimo gran maestro de la figuraci\u00f3n","author":{"@id":"https:\/\/www.eldigitaldeasturias.com\/noticias\/author\/admin\/#author"},"publisher":{"@id":"https:\/\/www.eldigitaldeasturias.com\/noticias\/#organization"},"image":{"@type":"ImageObject","url":2736},"datePublished":"2013-09-24T21:14:45+02:00","dateModified":"2013-09-24T21:14:45+02:00","inLanguage":"es-ES","mainEntityOfPage":{"@id":"https:\/\/www.eldigitaldeasturias.com\/noticias\/manuel-benedito-el-ultimo-gran-maestro-de-la-figuracion\/#webpage"},"isPartOf":{"@id":"https:\/\/www.eldigitaldeasturias.com\/noticias\/manuel-benedito-el-ultimo-gran-maestro-de-la-figuracion\/#webpage"},"articleSection":"Sociedad"},{"@type":"BreadcrumbList","@id":"https:\/\/www.eldigitaldeasturias.com\/noticias\/manuel-benedito-el-ultimo-gran-maestro-de-la-figuracion\/#breadcrumblist","itemListElement":[{"@type":"ListItem","@id":"https:\/\/www.eldigitaldeasturias.com\/noticias#listItem","position":1,"name":"Home","item":"https:\/\/www.eldigitaldeasturias.com\/noticias","nextItem":{"@type":"ListItem","@id":"https:\/\/www.eldigitaldeasturias.com\/noticias\/category\/sociedad\/#listItem","name":"Sociedad"}},{"@type":"ListItem","@id":"https:\/\/www.eldigitaldeasturias.com\/noticias\/category\/sociedad\/#listItem","position":2,"name":"Sociedad","item":"https:\/\/www.eldigitaldeasturias.com\/noticias\/category\/sociedad\/","nextItem":{"@type":"ListItem","@id":"https:\/\/www.eldigitaldeasturias.com\/noticias\/manuel-benedito-el-ultimo-gran-maestro-de-la-figuracion\/#listItem","name":"Manuel Benedito, el \u00faltimo gran maestro de la figuraci\u00f3n"},"previousItem":{"@type":"ListItem","@id":"https:\/\/www.eldigitaldeasturias.com\/noticias#listItem","name":"Home"}},{"@type":"ListItem","@id":"https:\/\/www.eldigitaldeasturias.com\/noticias\/manuel-benedito-el-ultimo-gran-maestro-de-la-figuracion\/#listItem","position":3,"name":"Manuel Benedito, el \u00faltimo gran maestro de la figuraci\u00f3n","previousItem":{"@type":"ListItem","@id":"https:\/\/www.eldigitaldeasturias.com\/noticias\/category\/sociedad\/#listItem","name":"Sociedad"}}]},{"@type":"Organization","@id":"https:\/\/www.eldigitaldeasturias.com\/noticias\/#organization","name":"El Digital de Asturias","description":"Hemeroteca","url":"https:\/\/www.eldigitaldeasturias.com\/noticias\/","email":"info@eldigitaldeasturias.com","telephone":"+34652131393","logo":{"@type":"ImageObject","url":"https:\/\/www.eldigitaldeasturias.com\/noticias\/wp-content\/uploads\/2020\/12\/EDA.jpg","@id":"https:\/\/www.eldigitaldeasturias.com\/noticias\/manuel-benedito-el-ultimo-gran-maestro-de-la-figuracion\/#organizationLogo","width":649,"height":297},"image":{"@id":"https:\/\/www.eldigitaldeasturias.com\/noticias\/manuel-benedito-el-ultimo-gran-maestro-de-la-figuracion\/#organizationLogo"},"sameAs":["https:\/\/facebook.com\/eldigitaldeasturias","https:\/\/www.youtube.com\/channel\/UCZP-2wLEB9Rv6erhFmqVnvg"],"address":{"@id":"https:\/\/www.eldigitaldeasturias.com\/noticias\/#postaladdress","@type":"PostalAddress","streetAddress":"san antonio 4,","postalCode":"33430","addressLocality":"Cand\u00e1s","addressRegion":"Asturias","addressCountry":"ES"}},{"@type":"Person","@id":"https:\/\/www.eldigitaldeasturias.com\/noticias\/author\/admin\/#author","url":"https:\/\/www.eldigitaldeasturias.com\/noticias\/author\/admin\/","name":"El Digital de Asturias","image":{"@type":"ImageObject","@id":"https:\/\/www.eldigitaldeasturias.com\/noticias\/manuel-benedito-el-ultimo-gran-maestro-de-la-figuracion\/#authorImage","url":"https:\/\/www.eldigitaldeasturias.com\/noticias\/wp-content\/litespeed\/avatar\/18677e78aa0546b92d9dbf31ec7d7668.jpg?ver=1776685526","width":96,"height":96,"caption":"El Digital de Asturias"}},{"@type":"WebPage","@id":"https:\/\/www.eldigitaldeasturias.com\/noticias\/manuel-benedito-el-ultimo-gran-maestro-de-la-figuracion\/#webpage","url":"https:\/\/www.eldigitaldeasturias.com\/noticias\/manuel-benedito-el-ultimo-gran-maestro-de-la-figuracion\/","name":"Manuel Benedito, el \u00faltimo gran maestro de la figuraci\u00f3n - El Digital de Asturias","description":"MADRID, 24 Sep. (EUROPA PRESS) - La Real Academia de Bellas Artes de San Fernando, en colaboraci\u00f3n con la Fundaci\u00f3n Manuel Benedito, re\u00fane piezas de prestigiosas pinacotecas para acercar al gran p\u00fablico del artista valenciano (Valencia, 1876 - Madrid, 1963), disc\u00edpulo aventajado de Joaqu\u00edn Sorolla, cuya particular mirada supo captar la esencia de los siglos XIX","inLanguage":"es-ES","isPartOf":{"@id":"https:\/\/www.eldigitaldeasturias.com\/noticias\/#website"},"breadcrumb":{"@id":"https:\/\/www.eldigitaldeasturias.com\/noticias\/manuel-benedito-el-ultimo-gran-maestro-de-la-figuracion\/#breadcrumblist"},"author":{"@id":"https:\/\/www.eldigitaldeasturias.com\/noticias\/author\/admin\/#author"},"creator":{"@id":"https:\/\/www.eldigitaldeasturias.com\/noticias\/author\/admin\/#author"},"image":{"@type":"ImageObject","url":2736,"@id":"https:\/\/www.eldigitaldeasturias.com\/noticias\/manuel-benedito-el-ultimo-gran-maestro-de-la-figuracion\/#mainImage"},"primaryImageOfPage":{"@id":"https:\/\/www.eldigitaldeasturias.com\/noticias\/manuel-benedito-el-ultimo-gran-maestro-de-la-figuracion\/#mainImage"},"datePublished":"2013-09-24T21:14:45+02:00","dateModified":"2013-09-24T21:14:45+02:00"},{"@type":"WebSite","@id":"https:\/\/www.eldigitaldeasturias.com\/noticias\/#website","url":"https:\/\/www.eldigitaldeasturias.com\/noticias\/","name":"El Digital de Asturias - Diario de actualidad y noticias","alternateName":"El Digital de Asturias - Diario de actualidad y noticias","description":"Hemeroteca","inLanguage":"es-ES","publisher":{"@id":"https:\/\/www.eldigitaldeasturias.com\/noticias\/#organization"}}]},"og:locale":"es_ES","og:site_name":"El Digital de Asturias","og:type":"article","og:title":"Manuel Benedito, el \u00faltimo gran maestro de la figuraci\u00f3n - El Digital de Asturias","og:description":"MADRID, 24 Sep. (EUROPA PRESS) - La Real Academia de Bellas Artes de San Fernando, en colaboraci\u00f3n con la Fundaci\u00f3n Manuel Benedito, re\u00fane piezas de prestigiosas pinacotecas para acercar al gran p\u00fablico del artista valenciano (Valencia, 1876 - Madrid, 1963), disc\u00edpulo aventajado de Joaqu\u00edn Sorolla, cuya particular mirada supo captar la esencia de los siglos XIX","og:url":"https:\/\/www.eldigitaldeasturias.com\/noticias\/manuel-benedito-el-ultimo-gran-maestro-de-la-figuracion\/","article:tag":["sociedad"],"article:published_time":"2013-09-24T21:14:45+00:00","article:modified_time":"2013-09-24T21:14:45+00:00","article:publisher":"https:\/\/facebook.com\/eldigitaldeasturias","twitter:card":"summary_large_image","twitter:title":"Manuel Benedito, el \u00faltimo gran maestro de la figuraci\u00f3n - El Digital de Asturias","twitter:description":"MADRID, 24 Sep. (EUROPA PRESS) - La Real Academia de Bellas Artes de San Fernando, en colaboraci\u00f3n con la Fundaci\u00f3n Manuel Benedito, re\u00fane piezas de prestigiosas pinacotecas para acercar al gran p\u00fablico del artista valenciano (Valencia, 1876 - Madrid, 1963), disc\u00edpulo aventajado de Joaqu\u00edn Sorolla, cuya particular mirada supo captar la esencia de los siglos XIX","twitter:label1":"Escrito por","twitter:data1":"El Digital de Asturias","twitter:label2":"Tiempo de lectura estimado","twitter:data2":"2 minutos"},"aioseo_meta_data":{"post_id":"2735","title":null,"description":null,"keywords":null,"keyphrases":null,"primary_term":null,"canonical_url":null,"og_title":null,"og_description":null,"og_object_type":"default","og_image_type":"default","og_image_url":null,"og_image_width":null,"og_image_height":null,"og_image_custom_url":null,"og_image_custom_fields":null,"og_video":null,"og_custom_url":null,"og_article_section":null,"og_article_tags":null,"twitter_use_og":true,"twitter_card":"default","twitter_image_type":"default","twitter_image_url":null,"twitter_image_custom_url":null,"twitter_image_custom_fields":null,"twitter_title":null,"twitter_description":null,"schema":{"blockGraphs":[],"customGraphs":[],"default":{"data":{"Article":[],"Course":[],"Dataset":[],"FAQPage":[],"Movie":[],"Person":[],"Product":[],"ProductReview":[],"Car":[],"Recipe":[],"Service":[],"SoftwareApplication":[],"WebPage":[]},"graphName":"","isEnabled":true},"graphs":[],"defaultGraph":"","defaultPostTypeGraph":""},"schema_type":null,"schema_type_options":null,"pillar_content":false,"robots_default":true,"robots_noindex":false,"robots_noarchive":false,"robots_nosnippet":false,"robots_nofollow":false,"robots_noimageindex":false,"robots_noodp":false,"robots_notranslate":false,"robots_max_snippet":null,"robots_max_videopreview":null,"robots_max_imagepreview":"none","priority":null,"frequency":null,"local_seo":null,"seo_analyzer_scan_date":"2025-08-21 04:48:48","breadcrumb_settings":null,"limit_modified_date":false,"open_ai":null,"ai":null,"created":"2020-11-14 22:36:57","updated":"2025-08-21 04:48:48"},"aioseo_breadcrumb":"<div class=\"aioseo-breadcrumbs\"><span class=\"aioseo-breadcrumb\">\n\t<a href=\"https:\/\/www.eldigitaldeasturias.com\/noticias\" title=\"Home\">Home<\/a>\n<\/span><span class=\"aioseo-breadcrumb-separator\">\u2013<\/span><span class=\"aioseo-breadcrumb\">\n\t<a href=\"https:\/\/www.eldigitaldeasturias.com\/noticias\/category\/sociedad\/\" title=\"Sociedad\">Sociedad<\/a>\n<\/span><span class=\"aioseo-breadcrumb-separator\">\u2013<\/span><span class=\"aioseo-breadcrumb\">\n\t<a href=\"https:\/\/www.eldigitaldeasturias.com\/noticias\/manuel-benedito-el-ultimo-gran-maestro-de-la-figuracion\/\" title=\"Manuel Benedito, el \u00faltimo gran maestro de la figuraci\u00f3n\">Manuel Benedito, el \u00faltimo gran maestro de la figuraci\u00f3n<\/a>\n<\/span><\/div>","aioseo_breadcrumb_json":[{"label":"Home","link":"https:\/\/www.eldigitaldeasturias.com\/noticias"},{"label":"Sociedad","link":"https:\/\/www.eldigitaldeasturias.com\/noticias\/category\/sociedad\/"},{"label":"Manuel Benedito, el \u00faltimo gran maestro de la figuraci\u00f3n","link":"https:\/\/www.eldigitaldeasturias.com\/noticias\/manuel-benedito-el-ultimo-gran-maestro-de-la-figuracion\/"}],"_links":{"self":[{"href":"https:\/\/www.eldigitaldeasturias.com\/noticias\/wp-json\/wp\/v2\/posts\/2735","targetHints":{"allow":["GET"]}}],"collection":[{"href":"https:\/\/www.eldigitaldeasturias.com\/noticias\/wp-json\/wp\/v2\/posts"}],"about":[{"href":"https:\/\/www.eldigitaldeasturias.com\/noticias\/wp-json\/wp\/v2\/types\/post"}],"author":[{"embeddable":true,"href":"https:\/\/www.eldigitaldeasturias.com\/noticias\/wp-json\/wp\/v2\/users\/1"}],"replies":[{"embeddable":true,"href":"https:\/\/www.eldigitaldeasturias.com\/noticias\/wp-json\/wp\/v2\/comments?post=2735"}],"version-history":[{"count":0,"href":"https:\/\/www.eldigitaldeasturias.com\/noticias\/wp-json\/wp\/v2\/posts\/2735\/revisions"}],"wp:featuredmedia":[{"embeddable":true,"href":"https:\/\/www.eldigitaldeasturias.com\/noticias\/wp-json\/"}],"wp:attachment":[{"href":"https:\/\/www.eldigitaldeasturias.com\/noticias\/wp-json\/wp\/v2\/media?parent=2735"}],"wp:term":[{"taxonomy":"category","embeddable":true,"href":"https:\/\/www.eldigitaldeasturias.com\/noticias\/wp-json\/wp\/v2\/categories?post=2735"},{"taxonomy":"post_tag","embeddable":true,"href":"https:\/\/www.eldigitaldeasturias.com\/noticias\/wp-json\/wp\/v2\/tags?post=2735"}],"curies":[{"name":"wp","href":"https:\/\/api.w.org\/{rel}","templated":true}]}}