{"id":2732,"date":"2013-09-24T21:12:25","date_gmt":"2013-09-24T21:12:25","guid":{"rendered":"http:\/\/www.eldigitaldeasturias.com\/noticias\/?p=2732"},"modified":"2013-09-24T21:12:25","modified_gmt":"2013-09-24T21:12:25","slug":"ivan-ferreiro-ya-no-tengo-miedo-a-ser-cursi","status":"publish","type":"post","link":"https:\/\/www.eldigitaldeasturias.com\/noticias\/ivan-ferreiro-ya-no-tengo-miedo-a-ser-cursi\/","title":{"rendered":"Iv\u00e1n Ferreiro : \u00abYa no tengo miedo a ser cursi\u00bb"},"content":{"rendered":"<p><img loading=\"lazy\" decoding=\"async\" class=\"alignleft size-full wp-image-2733\" alt=\"fotonoticia_20130924151337_800\" src=\"https:\/\/www.eldigitaldeasturias.com\/noticias\/wp-content\/uploads\/2013\/09\/fotonoticia_20130924151337_800.jpg\" width=\"331\" height=\"500\" \/>MADRID, 24 Sep. (EUROPA PRESS) &#8211;\u00a0Iv\u00e1n Ferreiro publica este martes &#8216;Val Mi\u00f1or &#8211; Madrid, Historia y Cronolog\u00eda del Mundo&#8217;, un \u00e1lbum \u00abprofundo y potente\u00bb pero m\u00e1s luminoso y vitalista, tal y como el propio m\u00fasico explica a Europa Press, antes de a\u00f1adir que \u00abfue un reto hacer un disco que fuera alegre y hablara de cosas buenas\u00bb, algo no demasiado habitual en \u00e9l. \u00abPero ya no tengo miedo a ser cursi\u00bb, apostilla.<\/p>\n<p>\u00abCuando est\u00e1s un poco negativo o quieres estar m\u00e1s atormentado, si te pasas con una palabra no queda \u00f1o\u00f1o, pero en el caso del mundo dulce uno no se puede pasar, pues algo glorioso se convierte en pat\u00e9tico, y ah\u00ed es donde m\u00e1s cost\u00f3 equilibrarlo. Siempre he tenido la sensaci\u00f3n de que la gente desea mi desgracia, aunque parece ser que no. Ten\u00eda miedo de que no les gustara que fuera alegre\u00bb, explica Ferreiro.<\/p>\n<p>Y es que m\u00e1s de tres a\u00f1os despu\u00e9s de &#8216;Picnic Extraterrestre&#8217;, el m\u00fasico admite que tanto \u00e9l como su hermano Amaro, con quien forma un perfecto t\u00e1ndem musical, ten\u00edan ganas de divertirse. Para Ferreiro, aquel &#8216;Picnic&#8217; es su disco \u00abm\u00e1s amargo y el final de una etapa\u00bb, que ahora tiene continuidad con \u00e1lbum \u00abde amor de alguien que se enamora y pretende seguir enamorado\u00bb. \u00abDecidimos que esta vez no iba a irse todo a la mierda\u00bb, puntualiza con sorna.<\/p>\n<p>Las canciones de este nuevo trabajo han ido surgiendo entre concierto y concierto, con t\u00edtulos como &#8216;El Bos\u00f3n De Higgs&#8217;, &#8216;El Dormil\u00f3n&#8217;, &#8216;Bambi Ramone&#8217;, &#8216;C\u00f3mo Conoc\u00ed a Vuestra Madre&#8217; o &#8216;Alien vs Predator&#8217;, interpretada a d\u00fao con la mexicana Julieta Venegas. Todas ellas fruto de un per\u00edodo de intensa creatividad, pues seg\u00fan relata Iv\u00e1n, llegaban el domingo de tocar fuera, y el lunes ya estaba quedancon con su hermano Amaro \u00abcon ideas para canciones\u00bb.<\/p>\n<p>Seg\u00fan Iv\u00e1n Ferreiro, &#8216;Historia y Cronolog\u00eda del Mundo&#8217; habla \u00abtodo el rato del presente que le pasa a uno y nada del pasado\u00bb. \u00abMe gustaba la idea de contar el mundo a partir de ahora\u00bb, destaca, al tiempo que aclara que en cualquier caso no es un disco pol\u00edtico: \u00abPodr\u00edamos haberlo hecho m\u00e1s pol\u00edtico, pero ya est\u00e1 todo el mundo enterado\u00bb.<\/p>\n<p>\u00abNos parec\u00eda mejor divertir que tratar de ser protagonistas de una \u00e9poca oscura. Nos gustaba m\u00e1s hablar de la oscuridad cuando todo el mundo estaba contento, y ahora la gente necesita historias sobre personas, canciones de amor. Creo que es profundo y potente, no quer\u00edamos hacer canciones como las de Julio Iglesias. Canciones que explicaran que ser feliz es igual de emocionante que estar triste&#8230; que ser feliz es mejor\u00bb, recalca.<\/p>\n<p>Por \u00faltimo, tras se\u00f1alar que quer\u00edan \u00abla sutileza de la levedad pero explicar de manera profunda algunas cosas\u00bb, Iv\u00e1n se deshace en elogios para su hermano Amaro: \u00abEs mi compa\u00f1ero de viajes y realmente este proyecto se llama Iv\u00e1n pero estamos los dos todo el rato implicados. Mi hermano es el motor de la composici\u00f3n y me obliga a ponerme las pilas todo el rato, eso sin contar con que la mitad de las ideas buenas las trae \u00e9l\u00bb.<\/p>\n","protected":false},"excerpt":{"rendered":"<p>MADRID, 24 Sep. (EUROPA PRESS) &#8211;\u00a0Iv\u00e1n Ferreiro publica este martes &#8216;Val Mi\u00f1or &#8211; Madrid, Historia y Cronolog\u00eda del Mundo&#8217;, un \u00e1lbum \u00abprofundo y potente\u00bb pero m\u00e1s luminoso y vitalista, tal y como el propio m\u00fasico explica a Europa Press, antes de a\u00f1adir que \u00abfue un reto hacer un disco que fuera alegre y hablara de [&hellip;]<\/p>\n","protected":false},"author":1,"featured_media":2733,"comment_status":"open","ping_status":"open","sticky":false,"template":"","format":"standard","meta":{"footnotes":""},"categories":[28],"tags":[],"class_list":["post-2732","post","type-post","status-publish","format-standard","has-post-thumbnail","hentry","category-sociedad"],"aioseo_notices":[],"aioseo_head":"\n\t\t<!-- All in One SEO Pro 4.9.6.2 - aioseo.com -->\n\t<meta name=\"description\" content=\"MADRID, 24 Sep. (EUROPA PRESS) - Iv\u00e1n Ferreiro publica este martes &#039;Val Mi\u00f1or - Madrid, Historia y Cronolog\u00eda del Mundo&#039;, un \u00e1lbum &quot;profundo y potente&quot; pero m\u00e1s luminoso y vitalista, tal y como el propio m\u00fasico explica a Europa Press, antes de a\u00f1adir que &quot;fue un reto hacer un disco que fuera alegre y hablara de\" \/>\n\t<meta name=\"robots\" content=\"max-image-preview:large\" \/>\n\t<meta name=\"author\" content=\"El Digital de Asturias\"\/>\n\t<meta name=\"google-site-verification\" content=\"UA-38556648-1\" \/>\n\t<meta name=\"msvalidate.01\" content=\"7dfe9f3f1b24437ab69f4f2559babe99\" \/>\n\t<meta name=\"keywords\" content=\"sociedad\" \/>\n\t<link rel=\"canonical\" href=\"https:\/\/www.eldigitaldeasturias.com\/noticias\/ivan-ferreiro-ya-no-tengo-miedo-a-ser-cursi\/\" \/>\n\t<meta name=\"generator\" content=\"All in One SEO Pro (AIOSEO) 4.9.6.2\" \/>\n\t\t<meta property=\"og:locale\" content=\"es_ES\" \/>\n\t\t<meta property=\"og:site_name\" content=\"El Digital de Asturias\" \/>\n\t\t<meta property=\"og:type\" content=\"article\" \/>\n\t\t<meta property=\"og:title\" content=\"Iv\u00e1n Ferreiro : \u00abYa no tengo miedo a ser cursi\u00bb - El Digital de Asturias\" \/>\n\t\t<meta property=\"og:description\" content=\"MADRID, 24 Sep. (EUROPA PRESS) - Iv\u00e1n Ferreiro publica este martes &#039;Val Mi\u00f1or - Madrid, Historia y Cronolog\u00eda del Mundo&#039;, un \u00e1lbum &quot;profundo y potente&quot; pero m\u00e1s luminoso y vitalista, tal y como el propio m\u00fasico explica a Europa Press, antes de a\u00f1adir que &quot;fue un reto hacer un disco que fuera alegre y hablara de\" \/>\n\t\t<meta property=\"og:url\" content=\"https:\/\/www.eldigitaldeasturias.com\/noticias\/ivan-ferreiro-ya-no-tengo-miedo-a-ser-cursi\/\" \/>\n\t\t<meta property=\"article:tag\" content=\"sociedad\" \/>\n\t\t<meta property=\"article:published_time\" content=\"2013-09-24T21:12:25+00:00\" \/>\n\t\t<meta property=\"article:modified_time\" content=\"2013-09-24T21:12:25+00:00\" \/>\n\t\t<meta property=\"article:publisher\" content=\"https:\/\/facebook.com\/eldigitaldeasturias\" \/>\n\t\t<meta name=\"twitter:card\" content=\"summary_large_image\" \/>\n\t\t<meta name=\"twitter:title\" content=\"Iv\u00e1n Ferreiro : \u00abYa no tengo miedo a ser cursi\u00bb - El Digital de Asturias\" \/>\n\t\t<meta name=\"twitter:description\" content=\"MADRID, 24 Sep. (EUROPA PRESS) - Iv\u00e1n Ferreiro publica este martes &#039;Val Mi\u00f1or - Madrid, Historia y Cronolog\u00eda del Mundo&#039;, un \u00e1lbum &quot;profundo y potente&quot; pero m\u00e1s luminoso y vitalista, tal y como el propio m\u00fasico explica a Europa Press, antes de a\u00f1adir que &quot;fue un reto hacer un disco que fuera alegre y hablara de\" \/>\n\t\t<meta name=\"twitter:label1\" content=\"Escrito por\" \/>\n\t\t<meta name=\"twitter:data1\" content=\"El Digital de Asturias\" \/>\n\t\t<meta name=\"twitter:label2\" content=\"Tiempo de lectura estimado\" \/>\n\t\t<meta name=\"twitter:data2\" content=\"3 minutos\" \/>\n\t\t<script type=\"application\/ld+json\" class=\"aioseo-schema\">\n\t\t\t{\"@context\":\"https:\\\/\\\/schema.org\",\"@graph\":[{\"@type\":\"BlogPosting\",\"@id\":\"https:\\\/\\\/www.eldigitaldeasturias.com\\\/noticias\\\/ivan-ferreiro-ya-no-tengo-miedo-a-ser-cursi\\\/#blogposting\",\"name\":\"Iv\\u00e1n Ferreiro : \\u00abYa no tengo miedo a ser cursi\\u00bb - El Digital de Asturias\",\"headline\":\"Iv\\u00e1n Ferreiro : \\u00abYa no tengo miedo a ser cursi\\u00bb\",\"author\":{\"@id\":\"https:\\\/\\\/www.eldigitaldeasturias.com\\\/noticias\\\/author\\\/admin\\\/#author\"},\"publisher\":{\"@id\":\"https:\\\/\\\/www.eldigitaldeasturias.com\\\/noticias\\\/#organization\"},\"image\":{\"@type\":\"ImageObject\",\"url\":2733},\"datePublished\":\"2013-09-24T21:12:25+02:00\",\"dateModified\":\"2013-09-24T21:12:25+02:00\",\"inLanguage\":\"es-ES\",\"mainEntityOfPage\":{\"@id\":\"https:\\\/\\\/www.eldigitaldeasturias.com\\\/noticias\\\/ivan-ferreiro-ya-no-tengo-miedo-a-ser-cursi\\\/#webpage\"},\"isPartOf\":{\"@id\":\"https:\\\/\\\/www.eldigitaldeasturias.com\\\/noticias\\\/ivan-ferreiro-ya-no-tengo-miedo-a-ser-cursi\\\/#webpage\"},\"articleSection\":\"Sociedad\"},{\"@type\":\"BreadcrumbList\",\"@id\":\"https:\\\/\\\/www.eldigitaldeasturias.com\\\/noticias\\\/ivan-ferreiro-ya-no-tengo-miedo-a-ser-cursi\\\/#breadcrumblist\",\"itemListElement\":[{\"@type\":\"ListItem\",\"@id\":\"https:\\\/\\\/www.eldigitaldeasturias.com\\\/noticias#listItem\",\"position\":1,\"name\":\"Home\",\"item\":\"https:\\\/\\\/www.eldigitaldeasturias.com\\\/noticias\",\"nextItem\":{\"@type\":\"ListItem\",\"@id\":\"https:\\\/\\\/www.eldigitaldeasturias.com\\\/noticias\\\/category\\\/sociedad\\\/#listItem\",\"name\":\"Sociedad\"}},{\"@type\":\"ListItem\",\"@id\":\"https:\\\/\\\/www.eldigitaldeasturias.com\\\/noticias\\\/category\\\/sociedad\\\/#listItem\",\"position\":2,\"name\":\"Sociedad\",\"item\":\"https:\\\/\\\/www.eldigitaldeasturias.com\\\/noticias\\\/category\\\/sociedad\\\/\",\"nextItem\":{\"@type\":\"ListItem\",\"@id\":\"https:\\\/\\\/www.eldigitaldeasturias.com\\\/noticias\\\/ivan-ferreiro-ya-no-tengo-miedo-a-ser-cursi\\\/#listItem\",\"name\":\"Iv\\u00e1n Ferreiro : \\u00abYa no tengo miedo a ser cursi\\u00bb\"},\"previousItem\":{\"@type\":\"ListItem\",\"@id\":\"https:\\\/\\\/www.eldigitaldeasturias.com\\\/noticias#listItem\",\"name\":\"Home\"}},{\"@type\":\"ListItem\",\"@id\":\"https:\\\/\\\/www.eldigitaldeasturias.com\\\/noticias\\\/ivan-ferreiro-ya-no-tengo-miedo-a-ser-cursi\\\/#listItem\",\"position\":3,\"name\":\"Iv\\u00e1n Ferreiro : \\u00abYa no tengo miedo a ser cursi\\u00bb\",\"previousItem\":{\"@type\":\"ListItem\",\"@id\":\"https:\\\/\\\/www.eldigitaldeasturias.com\\\/noticias\\\/category\\\/sociedad\\\/#listItem\",\"name\":\"Sociedad\"}}]},{\"@type\":\"Organization\",\"@id\":\"https:\\\/\\\/www.eldigitaldeasturias.com\\\/noticias\\\/#organization\",\"name\":\"El Digital de Asturias\",\"description\":\"Hemeroteca\",\"url\":\"https:\\\/\\\/www.eldigitaldeasturias.com\\\/noticias\\\/\",\"email\":\"info@eldigitaldeasturias.com\",\"telephone\":\"+34652131393\",\"logo\":{\"@type\":\"ImageObject\",\"url\":\"https:\\\/\\\/www.eldigitaldeasturias.com\\\/noticias\\\/wp-content\\\/uploads\\\/2020\\\/12\\\/EDA.jpg\",\"@id\":\"https:\\\/\\\/www.eldigitaldeasturias.com\\\/noticias\\\/ivan-ferreiro-ya-no-tengo-miedo-a-ser-cursi\\\/#organizationLogo\",\"width\":649,\"height\":297},\"image\":{\"@id\":\"https:\\\/\\\/www.eldigitaldeasturias.com\\\/noticias\\\/ivan-ferreiro-ya-no-tengo-miedo-a-ser-cursi\\\/#organizationLogo\"},\"sameAs\":[\"https:\\\/\\\/facebook.com\\\/eldigitaldeasturias\",\"https:\\\/\\\/www.youtube.com\\\/channel\\\/UCZP-2wLEB9Rv6erhFmqVnvg\"],\"address\":{\"@id\":\"https:\\\/\\\/www.eldigitaldeasturias.com\\\/noticias\\\/#postaladdress\",\"@type\":\"PostalAddress\",\"streetAddress\":\"san antonio 4,\",\"postalCode\":\"33430\",\"addressLocality\":\"Cand\\u00e1s\",\"addressRegion\":\"Asturias\",\"addressCountry\":\"ES\"}},{\"@type\":\"Person\",\"@id\":\"https:\\\/\\\/www.eldigitaldeasturias.com\\\/noticias\\\/author\\\/admin\\\/#author\",\"url\":\"https:\\\/\\\/www.eldigitaldeasturias.com\\\/noticias\\\/author\\\/admin\\\/\",\"name\":\"El Digital de Asturias\",\"image\":{\"@type\":\"ImageObject\",\"@id\":\"https:\\\/\\\/www.eldigitaldeasturias.com\\\/noticias\\\/ivan-ferreiro-ya-no-tengo-miedo-a-ser-cursi\\\/#authorImage\",\"url\":\"https:\\\/\\\/www.eldigitaldeasturias.com\\\/noticias\\\/wp-content\\\/litespeed\\\/avatar\\\/18677e78aa0546b92d9dbf31ec7d7668.jpg?ver=1776685526\",\"width\":96,\"height\":96,\"caption\":\"El Digital de Asturias\"}},{\"@type\":\"WebPage\",\"@id\":\"https:\\\/\\\/www.eldigitaldeasturias.com\\\/noticias\\\/ivan-ferreiro-ya-no-tengo-miedo-a-ser-cursi\\\/#webpage\",\"url\":\"https:\\\/\\\/www.eldigitaldeasturias.com\\\/noticias\\\/ivan-ferreiro-ya-no-tengo-miedo-a-ser-cursi\\\/\",\"name\":\"Iv\\u00e1n Ferreiro : \\u00abYa no tengo miedo a ser cursi\\u00bb - El Digital de Asturias\",\"description\":\"MADRID, 24 Sep. (EUROPA PRESS) - Iv\\u00e1n Ferreiro publica este martes 'Val Mi\\u00f1or - Madrid, Historia y Cronolog\\u00eda del Mundo', un \\u00e1lbum \\\"profundo y potente\\\" pero m\\u00e1s luminoso y vitalista, tal y como el propio m\\u00fasico explica a Europa Press, antes de a\\u00f1adir que \\\"fue un reto hacer un disco que fuera alegre y hablara de\",\"inLanguage\":\"es-ES\",\"isPartOf\":{\"@id\":\"https:\\\/\\\/www.eldigitaldeasturias.com\\\/noticias\\\/#website\"},\"breadcrumb\":{\"@id\":\"https:\\\/\\\/www.eldigitaldeasturias.com\\\/noticias\\\/ivan-ferreiro-ya-no-tengo-miedo-a-ser-cursi\\\/#breadcrumblist\"},\"author\":{\"@id\":\"https:\\\/\\\/www.eldigitaldeasturias.com\\\/noticias\\\/author\\\/admin\\\/#author\"},\"creator\":{\"@id\":\"https:\\\/\\\/www.eldigitaldeasturias.com\\\/noticias\\\/author\\\/admin\\\/#author\"},\"image\":{\"@type\":\"ImageObject\",\"url\":2733,\"@id\":\"https:\\\/\\\/www.eldigitaldeasturias.com\\\/noticias\\\/ivan-ferreiro-ya-no-tengo-miedo-a-ser-cursi\\\/#mainImage\"},\"primaryImageOfPage\":{\"@id\":\"https:\\\/\\\/www.eldigitaldeasturias.com\\\/noticias\\\/ivan-ferreiro-ya-no-tengo-miedo-a-ser-cursi\\\/#mainImage\"},\"datePublished\":\"2013-09-24T21:12:25+02:00\",\"dateModified\":\"2013-09-24T21:12:25+02:00\"},{\"@type\":\"WebSite\",\"@id\":\"https:\\\/\\\/www.eldigitaldeasturias.com\\\/noticias\\\/#website\",\"url\":\"https:\\\/\\\/www.eldigitaldeasturias.com\\\/noticias\\\/\",\"name\":\"El Digital de Asturias - Diario de actualidad y noticias\",\"alternateName\":\"El Digital de Asturias - Diario de actualidad y noticias\",\"description\":\"Hemeroteca\",\"inLanguage\":\"es-ES\",\"publisher\":{\"@id\":\"https:\\\/\\\/www.eldigitaldeasturias.com\\\/noticias\\\/#organization\"}}]}\n\t\t<\/script>\n\t\t<!-- All in One SEO Pro -->\r\n\t\t<title>Iv\u00e1n Ferreiro : \u00abYa no tengo miedo a ser cursi\u00bb - El Digital de Asturias<\/title>\n\n","aioseo_head_json":{"title":"Iv\u00e1n Ferreiro : \u00abYa no tengo miedo a ser cursi\u00bb - El Digital de Asturias","description":"MADRID, 24 Sep. (EUROPA PRESS) - Iv\u00e1n Ferreiro publica este martes 'Val Mi\u00f1or - Madrid, Historia y Cronolog\u00eda del Mundo', un \u00e1lbum \"profundo y potente\" pero m\u00e1s luminoso y vitalista, tal y como el propio m\u00fasico explica a Europa Press, antes de a\u00f1adir que \"fue un reto hacer un disco que fuera alegre y hablara de","canonical_url":"https:\/\/www.eldigitaldeasturias.com\/noticias\/ivan-ferreiro-ya-no-tengo-miedo-a-ser-cursi\/","robots":"max-image-preview:large","keywords":"sociedad","webmasterTools":{"google-site-verification":"UA-38556648-1","msvalidate.01":"7dfe9f3f1b24437ab69f4f2559babe99","miscellaneous":""},"schema":{"@context":"https:\/\/schema.org","@graph":[{"@type":"BlogPosting","@id":"https:\/\/www.eldigitaldeasturias.com\/noticias\/ivan-ferreiro-ya-no-tengo-miedo-a-ser-cursi\/#blogposting","name":"Iv\u00e1n Ferreiro : \u00abYa no tengo miedo a ser cursi\u00bb - El Digital de Asturias","headline":"Iv\u00e1n Ferreiro : \u00abYa no tengo miedo a ser cursi\u00bb","author":{"@id":"https:\/\/www.eldigitaldeasturias.com\/noticias\/author\/admin\/#author"},"publisher":{"@id":"https:\/\/www.eldigitaldeasturias.com\/noticias\/#organization"},"image":{"@type":"ImageObject","url":2733},"datePublished":"2013-09-24T21:12:25+02:00","dateModified":"2013-09-24T21:12:25+02:00","inLanguage":"es-ES","mainEntityOfPage":{"@id":"https:\/\/www.eldigitaldeasturias.com\/noticias\/ivan-ferreiro-ya-no-tengo-miedo-a-ser-cursi\/#webpage"},"isPartOf":{"@id":"https:\/\/www.eldigitaldeasturias.com\/noticias\/ivan-ferreiro-ya-no-tengo-miedo-a-ser-cursi\/#webpage"},"articleSection":"Sociedad"},{"@type":"BreadcrumbList","@id":"https:\/\/www.eldigitaldeasturias.com\/noticias\/ivan-ferreiro-ya-no-tengo-miedo-a-ser-cursi\/#breadcrumblist","itemListElement":[{"@type":"ListItem","@id":"https:\/\/www.eldigitaldeasturias.com\/noticias#listItem","position":1,"name":"Home","item":"https:\/\/www.eldigitaldeasturias.com\/noticias","nextItem":{"@type":"ListItem","@id":"https:\/\/www.eldigitaldeasturias.com\/noticias\/category\/sociedad\/#listItem","name":"Sociedad"}},{"@type":"ListItem","@id":"https:\/\/www.eldigitaldeasturias.com\/noticias\/category\/sociedad\/#listItem","position":2,"name":"Sociedad","item":"https:\/\/www.eldigitaldeasturias.com\/noticias\/category\/sociedad\/","nextItem":{"@type":"ListItem","@id":"https:\/\/www.eldigitaldeasturias.com\/noticias\/ivan-ferreiro-ya-no-tengo-miedo-a-ser-cursi\/#listItem","name":"Iv\u00e1n Ferreiro : \u00abYa no tengo miedo a ser cursi\u00bb"},"previousItem":{"@type":"ListItem","@id":"https:\/\/www.eldigitaldeasturias.com\/noticias#listItem","name":"Home"}},{"@type":"ListItem","@id":"https:\/\/www.eldigitaldeasturias.com\/noticias\/ivan-ferreiro-ya-no-tengo-miedo-a-ser-cursi\/#listItem","position":3,"name":"Iv\u00e1n Ferreiro : \u00abYa no tengo miedo a ser cursi\u00bb","previousItem":{"@type":"ListItem","@id":"https:\/\/www.eldigitaldeasturias.com\/noticias\/category\/sociedad\/#listItem","name":"Sociedad"}}]},{"@type":"Organization","@id":"https:\/\/www.eldigitaldeasturias.com\/noticias\/#organization","name":"El Digital de Asturias","description":"Hemeroteca","url":"https:\/\/www.eldigitaldeasturias.com\/noticias\/","email":"info@eldigitaldeasturias.com","telephone":"+34652131393","logo":{"@type":"ImageObject","url":"https:\/\/www.eldigitaldeasturias.com\/noticias\/wp-content\/uploads\/2020\/12\/EDA.jpg","@id":"https:\/\/www.eldigitaldeasturias.com\/noticias\/ivan-ferreiro-ya-no-tengo-miedo-a-ser-cursi\/#organizationLogo","width":649,"height":297},"image":{"@id":"https:\/\/www.eldigitaldeasturias.com\/noticias\/ivan-ferreiro-ya-no-tengo-miedo-a-ser-cursi\/#organizationLogo"},"sameAs":["https:\/\/facebook.com\/eldigitaldeasturias","https:\/\/www.youtube.com\/channel\/UCZP-2wLEB9Rv6erhFmqVnvg"],"address":{"@id":"https:\/\/www.eldigitaldeasturias.com\/noticias\/#postaladdress","@type":"PostalAddress","streetAddress":"san antonio 4,","postalCode":"33430","addressLocality":"Cand\u00e1s","addressRegion":"Asturias","addressCountry":"ES"}},{"@type":"Person","@id":"https:\/\/www.eldigitaldeasturias.com\/noticias\/author\/admin\/#author","url":"https:\/\/www.eldigitaldeasturias.com\/noticias\/author\/admin\/","name":"El Digital de Asturias","image":{"@type":"ImageObject","@id":"https:\/\/www.eldigitaldeasturias.com\/noticias\/ivan-ferreiro-ya-no-tengo-miedo-a-ser-cursi\/#authorImage","url":"https:\/\/www.eldigitaldeasturias.com\/noticias\/wp-content\/litespeed\/avatar\/18677e78aa0546b92d9dbf31ec7d7668.jpg?ver=1776685526","width":96,"height":96,"caption":"El Digital de Asturias"}},{"@type":"WebPage","@id":"https:\/\/www.eldigitaldeasturias.com\/noticias\/ivan-ferreiro-ya-no-tengo-miedo-a-ser-cursi\/#webpage","url":"https:\/\/www.eldigitaldeasturias.com\/noticias\/ivan-ferreiro-ya-no-tengo-miedo-a-ser-cursi\/","name":"Iv\u00e1n Ferreiro : \u00abYa no tengo miedo a ser cursi\u00bb - El Digital de Asturias","description":"MADRID, 24 Sep. (EUROPA PRESS) - Iv\u00e1n Ferreiro publica este martes 'Val Mi\u00f1or - Madrid, Historia y Cronolog\u00eda del Mundo', un \u00e1lbum \"profundo y potente\" pero m\u00e1s luminoso y vitalista, tal y como el propio m\u00fasico explica a Europa Press, antes de a\u00f1adir que \"fue un reto hacer un disco que fuera alegre y hablara de","inLanguage":"es-ES","isPartOf":{"@id":"https:\/\/www.eldigitaldeasturias.com\/noticias\/#website"},"breadcrumb":{"@id":"https:\/\/www.eldigitaldeasturias.com\/noticias\/ivan-ferreiro-ya-no-tengo-miedo-a-ser-cursi\/#breadcrumblist"},"author":{"@id":"https:\/\/www.eldigitaldeasturias.com\/noticias\/author\/admin\/#author"},"creator":{"@id":"https:\/\/www.eldigitaldeasturias.com\/noticias\/author\/admin\/#author"},"image":{"@type":"ImageObject","url":2733,"@id":"https:\/\/www.eldigitaldeasturias.com\/noticias\/ivan-ferreiro-ya-no-tengo-miedo-a-ser-cursi\/#mainImage"},"primaryImageOfPage":{"@id":"https:\/\/www.eldigitaldeasturias.com\/noticias\/ivan-ferreiro-ya-no-tengo-miedo-a-ser-cursi\/#mainImage"},"datePublished":"2013-09-24T21:12:25+02:00","dateModified":"2013-09-24T21:12:25+02:00"},{"@type":"WebSite","@id":"https:\/\/www.eldigitaldeasturias.com\/noticias\/#website","url":"https:\/\/www.eldigitaldeasturias.com\/noticias\/","name":"El Digital de Asturias - Diario de actualidad y noticias","alternateName":"El Digital de Asturias - Diario de actualidad y noticias","description":"Hemeroteca","inLanguage":"es-ES","publisher":{"@id":"https:\/\/www.eldigitaldeasturias.com\/noticias\/#organization"}}]},"og:locale":"es_ES","og:site_name":"El Digital de Asturias","og:type":"article","og:title":"Iv\u00e1n Ferreiro : \u00abYa no tengo miedo a ser cursi\u00bb - El Digital de Asturias","og:description":"MADRID, 24 Sep. (EUROPA PRESS) - Iv\u00e1n Ferreiro publica este martes 'Val Mi\u00f1or - Madrid, Historia y Cronolog\u00eda del Mundo', un \u00e1lbum &quot;profundo y potente&quot; pero m\u00e1s luminoso y vitalista, tal y como el propio m\u00fasico explica a Europa Press, antes de a\u00f1adir que &quot;fue un reto hacer un disco que fuera alegre y hablara de","og:url":"https:\/\/www.eldigitaldeasturias.com\/noticias\/ivan-ferreiro-ya-no-tengo-miedo-a-ser-cursi\/","article:tag":["sociedad"],"article:published_time":"2013-09-24T21:12:25+00:00","article:modified_time":"2013-09-24T21:12:25+00:00","article:publisher":"https:\/\/facebook.com\/eldigitaldeasturias","twitter:card":"summary_large_image","twitter:title":"Iv\u00e1n Ferreiro : \u00abYa no tengo miedo a ser cursi\u00bb - El Digital de Asturias","twitter:description":"MADRID, 24 Sep. (EUROPA PRESS) - Iv\u00e1n Ferreiro publica este martes 'Val Mi\u00f1or - Madrid, Historia y Cronolog\u00eda del Mundo', un \u00e1lbum &quot;profundo y potente&quot; pero m\u00e1s luminoso y vitalista, tal y como el propio m\u00fasico explica a Europa Press, antes de a\u00f1adir que &quot;fue un reto hacer un disco que fuera alegre y hablara de","twitter:label1":"Escrito por","twitter:data1":"El Digital de Asturias","twitter:label2":"Tiempo de lectura estimado","twitter:data2":"3 minutos"},"aioseo_meta_data":{"post_id":"2732","title":null,"description":null,"keywords":null,"keyphrases":null,"primary_term":null,"canonical_url":null,"og_title":null,"og_description":null,"og_object_type":"default","og_image_type":"default","og_image_url":null,"og_image_width":null,"og_image_height":null,"og_image_custom_url":null,"og_image_custom_fields":null,"og_video":null,"og_custom_url":null,"og_article_section":null,"og_article_tags":null,"twitter_use_og":true,"twitter_card":"default","twitter_image_type":"default","twitter_image_url":null,"twitter_image_custom_url":null,"twitter_image_custom_fields":null,"twitter_title":null,"twitter_description":null,"schema":{"blockGraphs":[],"customGraphs":[],"default":{"data":{"Article":[],"Course":[],"Dataset":[],"FAQPage":[],"Movie":[],"Person":[],"Product":[],"ProductReview":[],"Car":[],"Recipe":[],"Service":[],"SoftwareApplication":[],"WebPage":[]},"graphName":"","isEnabled":true},"graphs":[],"defaultGraph":"","defaultPostTypeGraph":""},"schema_type":null,"schema_type_options":null,"pillar_content":false,"robots_default":true,"robots_noindex":false,"robots_noarchive":false,"robots_nosnippet":false,"robots_nofollow":false,"robots_noimageindex":false,"robots_noodp":false,"robots_notranslate":false,"robots_max_snippet":null,"robots_max_videopreview":null,"robots_max_imagepreview":"none","priority":null,"frequency":null,"local_seo":null,"seo_analyzer_scan_date":"2025-08-21 04:48:47","breadcrumb_settings":null,"limit_modified_date":false,"open_ai":null,"ai":null,"created":"2020-11-14 22:36:57","updated":"2025-08-21 04:48:47"},"aioseo_breadcrumb":"<div class=\"aioseo-breadcrumbs\"><span class=\"aioseo-breadcrumb\">\n\t<a href=\"https:\/\/www.eldigitaldeasturias.com\/noticias\" title=\"Home\">Home<\/a>\n<\/span><span class=\"aioseo-breadcrumb-separator\">\u2013<\/span><span class=\"aioseo-breadcrumb\">\n\t<a href=\"https:\/\/www.eldigitaldeasturias.com\/noticias\/category\/sociedad\/\" title=\"Sociedad\">Sociedad<\/a>\n<\/span><span class=\"aioseo-breadcrumb-separator\">\u2013<\/span><span class=\"aioseo-breadcrumb\">\n\t<a href=\"https:\/\/www.eldigitaldeasturias.com\/noticias\/ivan-ferreiro-ya-no-tengo-miedo-a-ser-cursi\/\" title=\"Iv\u00e1n Ferreiro : \u00abYa no tengo miedo a ser cursi\u00bb\">Iv\u00e1n Ferreiro : \u00abYa no tengo miedo a ser cursi\u00bb<\/a>\n<\/span><\/div>","aioseo_breadcrumb_json":[{"label":"Home","link":"https:\/\/www.eldigitaldeasturias.com\/noticias"},{"label":"Sociedad","link":"https:\/\/www.eldigitaldeasturias.com\/noticias\/category\/sociedad\/"},{"label":"Iv\u00e1n Ferreiro : \u00abYa no tengo miedo a ser cursi\u00bb","link":"https:\/\/www.eldigitaldeasturias.com\/noticias\/ivan-ferreiro-ya-no-tengo-miedo-a-ser-cursi\/"}],"_links":{"self":[{"href":"https:\/\/www.eldigitaldeasturias.com\/noticias\/wp-json\/wp\/v2\/posts\/2732","targetHints":{"allow":["GET"]}}],"collection":[{"href":"https:\/\/www.eldigitaldeasturias.com\/noticias\/wp-json\/wp\/v2\/posts"}],"about":[{"href":"https:\/\/www.eldigitaldeasturias.com\/noticias\/wp-json\/wp\/v2\/types\/post"}],"author":[{"embeddable":true,"href":"https:\/\/www.eldigitaldeasturias.com\/noticias\/wp-json\/wp\/v2\/users\/1"}],"replies":[{"embeddable":true,"href":"https:\/\/www.eldigitaldeasturias.com\/noticias\/wp-json\/wp\/v2\/comments?post=2732"}],"version-history":[{"count":0,"href":"https:\/\/www.eldigitaldeasturias.com\/noticias\/wp-json\/wp\/v2\/posts\/2732\/revisions"}],"wp:featuredmedia":[{"embeddable":true,"href":"https:\/\/www.eldigitaldeasturias.com\/noticias\/wp-json\/"}],"wp:attachment":[{"href":"https:\/\/www.eldigitaldeasturias.com\/noticias\/wp-json\/wp\/v2\/media?parent=2732"}],"wp:term":[{"taxonomy":"category","embeddable":true,"href":"https:\/\/www.eldigitaldeasturias.com\/noticias\/wp-json\/wp\/v2\/categories?post=2732"},{"taxonomy":"post_tag","embeddable":true,"href":"https:\/\/www.eldigitaldeasturias.com\/noticias\/wp-json\/wp\/v2\/tags?post=2732"}],"curies":[{"name":"wp","href":"https:\/\/api.w.org\/{rel}","templated":true}]}}