{"id":2729,"date":"2013-09-24T21:09:56","date_gmt":"2013-09-24T21:09:56","guid":{"rendered":"http:\/\/www.eldigitaldeasturias.com\/noticias\/?p=2729"},"modified":"2013-09-24T21:09:56","modified_gmt":"2013-09-24T21:09:56","slug":"el-color-sureno-de-christenberry-llega-a-espana","status":"publish","type":"post","link":"https:\/\/www.eldigitaldeasturias.com\/noticias\/el-color-sureno-de-christenberry-llega-a-espana\/","title":{"rendered":"El color sure\u00f1o de Christenberry llega a Espa\u00f1a"},"content":{"rendered":"<p><img loading=\"lazy\" decoding=\"async\" class=\"alignleft size-medium wp-image-2730\" alt=\"fotonoticia_20130924151035_800\" src=\"https:\/\/www.eldigitaldeasturias.com\/noticias\/wp-content\/uploads\/2013\/09\/fotonoticia_20130924151035_800-360x244.jpg\" width=\"360\" height=\"244\" \/>MADRID, 24 Sep. (EUROPA PRESS) &#8211;\u00a0William Christenberry es uno de los principales impulsores de la fotograf\u00eda en color, un soporte que estuvo vinculado a la captura de im\u00e1genes m\u00e1s amateur durante mucho tiempo y que este artista consigui\u00f3 desterrar de la noci\u00f3n artificial y comercial en la que se encontraba frente al blanco y negro en los a\u00f1os 50.<\/p>\n<p>La Fundaci\u00f3n Mapfre acoge desde este martes hasta el pr\u00f3ximo 24 de noviembre una retrospectiva sobre la obra de este fot\u00f3grafo, quien destaca por su retrato del paisaje tradicional del sur de Estados Unidos.<\/p>\n<p>Yolanda Romero, comisaria de esta muestra, ha destacado este martes durante su presentaci\u00f3n la presencia de \u00ablos valores de la fotograf\u00eda amateur\u00bb, ya que incluso \u00abenviaba sus carretes a revelar a la tienda local\u00bb, ha explicado. De hecho, su primera c\u00e1mara fue una Brownie, regalo de su hermano en Navidad, con la que hizo sus primeras fotograf\u00edas en los a\u00f1os 50.<\/p>\n<p>Christenberry (Alabama, 1936) viaj\u00f3 durante a\u00f1os a Hale County para documentar los escenarios de su infancia y juventud, por lo que muchos de los temas fueron fotografiados durante a\u00f1os, en su inter\u00e9s por captar lo que \u00e9l mismo denomina \u00abla est\u00e9tica del envejecimiento\u00bb.<\/p>\n<p>Sus im\u00e1genes se componen de casas abandonadas, iglesias rurales, cementerios, objetos encontrados en el campo o paisajes intervenidos por el hombre. Seg\u00fan indica Romero, \u00abretrata la actividad humana a trav\u00e9s de sus acciones, pero no a la figura humana\u00bb.<\/p>\n<p>PAISAJE PURO<\/p>\n<p>La casa de su familia cerca de Stewart, el Palmist Building, la calle Beale en Memphis, los anuncios y las se\u00f1ales en medio del campo, el cementerio de Stewart y las casas abandonadas. Todos estos temas se convirtieron en iconos en el trabajo de Christenberry y muchos de ellos se muestran ahora en la Fundaci\u00f3n Mapfre.<\/p>\n<p>A mediados de los a\u00f1os 60 gran parte de la arquitectura vern\u00e1cula y de los temas que Christenberry habia fotografiado hab\u00edan desaparecido. La sustituci\u00f3n de ese mundo por otro nuevo no atra\u00eda su atenci\u00f3n, por lo que comenz\u00f3 a fijarse en al paisaje puro, que hasta entonces solo hab\u00eda sido escenario de sus im\u00e1genes.<\/p>\n<p>Sin embargo, lejos de escoger una naturaleza monumental y la visi\u00f3n del paisaje rom\u00e1ntico, presta atenci\u00f3n a los elementos comunes, como \u00e1rboles, caminos de tierra roja, los objetos encontrados, las nubes de tormenta, etc.<\/p>\n","protected":false},"excerpt":{"rendered":"<p>MADRID, 24 Sep. (EUROPA PRESS) &#8211;\u00a0William Christenberry es uno de los principales impulsores de la fotograf\u00eda en color, un soporte que estuvo vinculado a la captura de im\u00e1genes m\u00e1s amateur durante mucho tiempo y que este artista consigui\u00f3 desterrar de la noci\u00f3n artificial y comercial en la que se encontraba frente al blanco y negro [&hellip;]<\/p>\n","protected":false},"author":1,"featured_media":2730,"comment_status":"open","ping_status":"open","sticky":false,"template":"","format":"standard","meta":{"footnotes":""},"categories":[50],"tags":[],"class_list":["post-2729","post","type-post","status-publish","format-standard","has-post-thumbnail","hentry","category-revista-de-ocio"],"aioseo_notices":[],"aioseo_head":"\n\t\t<!-- All in One SEO Pro 4.9.6.2 - aioseo.com -->\n\t<meta name=\"description\" content=\"MADRID, 24 Sep. (EUROPA PRESS) - William Christenberry es uno de los principales impulsores de la fotograf\u00eda en color, un soporte que estuvo vinculado a la captura de im\u00e1genes m\u00e1s amateur durante mucho tiempo y que este artista consigui\u00f3 desterrar de la noci\u00f3n artificial y comercial en la que se encontraba frente al blanco y negro\" \/>\n\t<meta name=\"robots\" content=\"max-image-preview:large\" \/>\n\t<meta name=\"author\" content=\"El Digital de Asturias\"\/>\n\t<meta name=\"google-site-verification\" content=\"UA-38556648-1\" \/>\n\t<meta name=\"msvalidate.01\" content=\"7dfe9f3f1b24437ab69f4f2559babe99\" \/>\n\t<meta name=\"keywords\" content=\"revista de ocio\" \/>\n\t<link rel=\"canonical\" href=\"https:\/\/www.eldigitaldeasturias.com\/noticias\/el-color-sureno-de-christenberry-llega-a-espana\/\" \/>\n\t<meta name=\"generator\" content=\"All in One SEO Pro (AIOSEO) 4.9.6.2\" \/>\n\t\t<meta property=\"og:locale\" content=\"es_ES\" \/>\n\t\t<meta property=\"og:site_name\" content=\"El Digital de Asturias\" \/>\n\t\t<meta property=\"og:type\" content=\"article\" \/>\n\t\t<meta property=\"og:title\" content=\"El color sure\u00f1o de Christenberry llega a Espa\u00f1a - El Digital de Asturias\" \/>\n\t\t<meta property=\"og:description\" content=\"MADRID, 24 Sep. (EUROPA PRESS) - William Christenberry es uno de los principales impulsores de la fotograf\u00eda en color, un soporte que estuvo vinculado a la captura de im\u00e1genes m\u00e1s amateur durante mucho tiempo y que este artista consigui\u00f3 desterrar de la noci\u00f3n artificial y comercial en la que se encontraba frente al blanco y negro\" \/>\n\t\t<meta property=\"og:url\" content=\"https:\/\/www.eldigitaldeasturias.com\/noticias\/el-color-sureno-de-christenberry-llega-a-espana\/\" \/>\n\t\t<meta property=\"article:tag\" content=\"revista de ocio\" \/>\n\t\t<meta property=\"article:published_time\" content=\"2013-09-24T21:09:56+00:00\" \/>\n\t\t<meta property=\"article:modified_time\" content=\"2013-09-24T21:09:56+00:00\" \/>\n\t\t<meta property=\"article:publisher\" content=\"https:\/\/facebook.com\/eldigitaldeasturias\" \/>\n\t\t<meta name=\"twitter:card\" content=\"summary_large_image\" \/>\n\t\t<meta name=\"twitter:title\" content=\"El color sure\u00f1o de Christenberry llega a Espa\u00f1a - El Digital de Asturias\" \/>\n\t\t<meta name=\"twitter:description\" content=\"MADRID, 24 Sep. (EUROPA PRESS) - William Christenberry es uno de los principales impulsores de la fotograf\u00eda en color, un soporte que estuvo vinculado a la captura de im\u00e1genes m\u00e1s amateur durante mucho tiempo y que este artista consigui\u00f3 desterrar de la noci\u00f3n artificial y comercial en la que se encontraba frente al blanco y negro\" \/>\n\t\t<meta name=\"twitter:label1\" content=\"Escrito por\" \/>\n\t\t<meta name=\"twitter:data1\" content=\"El Digital de Asturias\" \/>\n\t\t<meta name=\"twitter:label2\" content=\"Tiempo de lectura estimado\" \/>\n\t\t<meta name=\"twitter:data2\" content=\"2 minutos\" \/>\n\t\t<script type=\"application\/ld+json\" class=\"aioseo-schema\">\n\t\t\t{\"@context\":\"https:\\\/\\\/schema.org\",\"@graph\":[{\"@type\":\"BlogPosting\",\"@id\":\"https:\\\/\\\/www.eldigitaldeasturias.com\\\/noticias\\\/el-color-sureno-de-christenberry-llega-a-espana\\\/#blogposting\",\"name\":\"El color sure\\u00f1o de Christenberry llega a Espa\\u00f1a - El Digital de Asturias\",\"headline\":\"El color sure\\u00f1o de Christenberry llega a Espa\\u00f1a\",\"author\":{\"@id\":\"https:\\\/\\\/www.eldigitaldeasturias.com\\\/noticias\\\/author\\\/admin\\\/#author\"},\"publisher\":{\"@id\":\"https:\\\/\\\/www.eldigitaldeasturias.com\\\/noticias\\\/#organization\"},\"image\":{\"@type\":\"ImageObject\",\"url\":2730},\"datePublished\":\"2013-09-24T21:09:56+02:00\",\"dateModified\":\"2013-09-24T21:09:56+02:00\",\"inLanguage\":\"es-ES\",\"mainEntityOfPage\":{\"@id\":\"https:\\\/\\\/www.eldigitaldeasturias.com\\\/noticias\\\/el-color-sureno-de-christenberry-llega-a-espana\\\/#webpage\"},\"isPartOf\":{\"@id\":\"https:\\\/\\\/www.eldigitaldeasturias.com\\\/noticias\\\/el-color-sureno-de-christenberry-llega-a-espana\\\/#webpage\"},\"articleSection\":\"Revista de Ocio\"},{\"@type\":\"BreadcrumbList\",\"@id\":\"https:\\\/\\\/www.eldigitaldeasturias.com\\\/noticias\\\/el-color-sureno-de-christenberry-llega-a-espana\\\/#breadcrumblist\",\"itemListElement\":[{\"@type\":\"ListItem\",\"@id\":\"https:\\\/\\\/www.eldigitaldeasturias.com\\\/noticias#listItem\",\"position\":1,\"name\":\"Home\",\"item\":\"https:\\\/\\\/www.eldigitaldeasturias.com\\\/noticias\",\"nextItem\":{\"@type\":\"ListItem\",\"@id\":\"https:\\\/\\\/www.eldigitaldeasturias.com\\\/noticias\\\/category\\\/revista-de-ocio\\\/#listItem\",\"name\":\"Revista de Ocio\"}},{\"@type\":\"ListItem\",\"@id\":\"https:\\\/\\\/www.eldigitaldeasturias.com\\\/noticias\\\/category\\\/revista-de-ocio\\\/#listItem\",\"position\":2,\"name\":\"Revista de Ocio\",\"item\":\"https:\\\/\\\/www.eldigitaldeasturias.com\\\/noticias\\\/category\\\/revista-de-ocio\\\/\",\"nextItem\":{\"@type\":\"ListItem\",\"@id\":\"https:\\\/\\\/www.eldigitaldeasturias.com\\\/noticias\\\/el-color-sureno-de-christenberry-llega-a-espana\\\/#listItem\",\"name\":\"El color sure\\u00f1o de Christenberry llega a Espa\\u00f1a\"},\"previousItem\":{\"@type\":\"ListItem\",\"@id\":\"https:\\\/\\\/www.eldigitaldeasturias.com\\\/noticias#listItem\",\"name\":\"Home\"}},{\"@type\":\"ListItem\",\"@id\":\"https:\\\/\\\/www.eldigitaldeasturias.com\\\/noticias\\\/el-color-sureno-de-christenberry-llega-a-espana\\\/#listItem\",\"position\":3,\"name\":\"El color sure\\u00f1o de Christenberry llega a Espa\\u00f1a\",\"previousItem\":{\"@type\":\"ListItem\",\"@id\":\"https:\\\/\\\/www.eldigitaldeasturias.com\\\/noticias\\\/category\\\/revista-de-ocio\\\/#listItem\",\"name\":\"Revista de Ocio\"}}]},{\"@type\":\"Organization\",\"@id\":\"https:\\\/\\\/www.eldigitaldeasturias.com\\\/noticias\\\/#organization\",\"name\":\"El Digital de Asturias\",\"description\":\"Hemeroteca\",\"url\":\"https:\\\/\\\/www.eldigitaldeasturias.com\\\/noticias\\\/\",\"email\":\"info@eldigitaldeasturias.com\",\"telephone\":\"+34652131393\",\"logo\":{\"@type\":\"ImageObject\",\"url\":\"https:\\\/\\\/www.eldigitaldeasturias.com\\\/noticias\\\/wp-content\\\/uploads\\\/2020\\\/12\\\/EDA.jpg\",\"@id\":\"https:\\\/\\\/www.eldigitaldeasturias.com\\\/noticias\\\/el-color-sureno-de-christenberry-llega-a-espana\\\/#organizationLogo\",\"width\":649,\"height\":297},\"image\":{\"@id\":\"https:\\\/\\\/www.eldigitaldeasturias.com\\\/noticias\\\/el-color-sureno-de-christenberry-llega-a-espana\\\/#organizationLogo\"},\"sameAs\":[\"https:\\\/\\\/facebook.com\\\/eldigitaldeasturias\",\"https:\\\/\\\/www.youtube.com\\\/channel\\\/UCZP-2wLEB9Rv6erhFmqVnvg\"],\"address\":{\"@id\":\"https:\\\/\\\/www.eldigitaldeasturias.com\\\/noticias\\\/#postaladdress\",\"@type\":\"PostalAddress\",\"streetAddress\":\"san antonio 4,\",\"postalCode\":\"33430\",\"addressLocality\":\"Cand\\u00e1s\",\"addressRegion\":\"Asturias\",\"addressCountry\":\"ES\"}},{\"@type\":\"Person\",\"@id\":\"https:\\\/\\\/www.eldigitaldeasturias.com\\\/noticias\\\/author\\\/admin\\\/#author\",\"url\":\"https:\\\/\\\/www.eldigitaldeasturias.com\\\/noticias\\\/author\\\/admin\\\/\",\"name\":\"El Digital de Asturias\",\"image\":{\"@type\":\"ImageObject\",\"@id\":\"https:\\\/\\\/www.eldigitaldeasturias.com\\\/noticias\\\/el-color-sureno-de-christenberry-llega-a-espana\\\/#authorImage\",\"url\":\"https:\\\/\\\/www.eldigitaldeasturias.com\\\/noticias\\\/wp-content\\\/litespeed\\\/avatar\\\/18677e78aa0546b92d9dbf31ec7d7668.jpg?ver=1776685526\",\"width\":96,\"height\":96,\"caption\":\"El Digital de Asturias\"}},{\"@type\":\"WebPage\",\"@id\":\"https:\\\/\\\/www.eldigitaldeasturias.com\\\/noticias\\\/el-color-sureno-de-christenberry-llega-a-espana\\\/#webpage\",\"url\":\"https:\\\/\\\/www.eldigitaldeasturias.com\\\/noticias\\\/el-color-sureno-de-christenberry-llega-a-espana\\\/\",\"name\":\"El color sure\\u00f1o de Christenberry llega a Espa\\u00f1a - El Digital de Asturias\",\"description\":\"MADRID, 24 Sep. (EUROPA PRESS) - William Christenberry es uno de los principales impulsores de la fotograf\\u00eda en color, un soporte que estuvo vinculado a la captura de im\\u00e1genes m\\u00e1s amateur durante mucho tiempo y que este artista consigui\\u00f3 desterrar de la noci\\u00f3n artificial y comercial en la que se encontraba frente al blanco y negro\",\"inLanguage\":\"es-ES\",\"isPartOf\":{\"@id\":\"https:\\\/\\\/www.eldigitaldeasturias.com\\\/noticias\\\/#website\"},\"breadcrumb\":{\"@id\":\"https:\\\/\\\/www.eldigitaldeasturias.com\\\/noticias\\\/el-color-sureno-de-christenberry-llega-a-espana\\\/#breadcrumblist\"},\"author\":{\"@id\":\"https:\\\/\\\/www.eldigitaldeasturias.com\\\/noticias\\\/author\\\/admin\\\/#author\"},\"creator\":{\"@id\":\"https:\\\/\\\/www.eldigitaldeasturias.com\\\/noticias\\\/author\\\/admin\\\/#author\"},\"image\":{\"@type\":\"ImageObject\",\"url\":2730,\"@id\":\"https:\\\/\\\/www.eldigitaldeasturias.com\\\/noticias\\\/el-color-sureno-de-christenberry-llega-a-espana\\\/#mainImage\"},\"primaryImageOfPage\":{\"@id\":\"https:\\\/\\\/www.eldigitaldeasturias.com\\\/noticias\\\/el-color-sureno-de-christenberry-llega-a-espana\\\/#mainImage\"},\"datePublished\":\"2013-09-24T21:09:56+02:00\",\"dateModified\":\"2013-09-24T21:09:56+02:00\"},{\"@type\":\"WebSite\",\"@id\":\"https:\\\/\\\/www.eldigitaldeasturias.com\\\/noticias\\\/#website\",\"url\":\"https:\\\/\\\/www.eldigitaldeasturias.com\\\/noticias\\\/\",\"name\":\"El Digital de Asturias - Diario de actualidad y noticias\",\"alternateName\":\"El Digital de Asturias - Diario de actualidad y noticias\",\"description\":\"Hemeroteca\",\"inLanguage\":\"es-ES\",\"publisher\":{\"@id\":\"https:\\\/\\\/www.eldigitaldeasturias.com\\\/noticias\\\/#organization\"}}]}\n\t\t<\/script>\n\t\t<!-- All in One SEO Pro -->\r\n\t\t<title>El color sure\u00f1o de Christenberry llega a Espa\u00f1a - El Digital de Asturias<\/title>\n\n","aioseo_head_json":{"title":"El color sure\u00f1o de Christenberry llega a Espa\u00f1a - El Digital de Asturias","description":"MADRID, 24 Sep. (EUROPA PRESS) - William Christenberry es uno de los principales impulsores de la fotograf\u00eda en color, un soporte que estuvo vinculado a la captura de im\u00e1genes m\u00e1s amateur durante mucho tiempo y que este artista consigui\u00f3 desterrar de la noci\u00f3n artificial y comercial en la que se encontraba frente al blanco y negro","canonical_url":"https:\/\/www.eldigitaldeasturias.com\/noticias\/el-color-sureno-de-christenberry-llega-a-espana\/","robots":"max-image-preview:large","keywords":"revista de ocio","webmasterTools":{"google-site-verification":"UA-38556648-1","msvalidate.01":"7dfe9f3f1b24437ab69f4f2559babe99","miscellaneous":""},"schema":{"@context":"https:\/\/schema.org","@graph":[{"@type":"BlogPosting","@id":"https:\/\/www.eldigitaldeasturias.com\/noticias\/el-color-sureno-de-christenberry-llega-a-espana\/#blogposting","name":"El color sure\u00f1o de Christenberry llega a Espa\u00f1a - El Digital de Asturias","headline":"El color sure\u00f1o de Christenberry llega a Espa\u00f1a","author":{"@id":"https:\/\/www.eldigitaldeasturias.com\/noticias\/author\/admin\/#author"},"publisher":{"@id":"https:\/\/www.eldigitaldeasturias.com\/noticias\/#organization"},"image":{"@type":"ImageObject","url":2730},"datePublished":"2013-09-24T21:09:56+02:00","dateModified":"2013-09-24T21:09:56+02:00","inLanguage":"es-ES","mainEntityOfPage":{"@id":"https:\/\/www.eldigitaldeasturias.com\/noticias\/el-color-sureno-de-christenberry-llega-a-espana\/#webpage"},"isPartOf":{"@id":"https:\/\/www.eldigitaldeasturias.com\/noticias\/el-color-sureno-de-christenberry-llega-a-espana\/#webpage"},"articleSection":"Revista de Ocio"},{"@type":"BreadcrumbList","@id":"https:\/\/www.eldigitaldeasturias.com\/noticias\/el-color-sureno-de-christenberry-llega-a-espana\/#breadcrumblist","itemListElement":[{"@type":"ListItem","@id":"https:\/\/www.eldigitaldeasturias.com\/noticias#listItem","position":1,"name":"Home","item":"https:\/\/www.eldigitaldeasturias.com\/noticias","nextItem":{"@type":"ListItem","@id":"https:\/\/www.eldigitaldeasturias.com\/noticias\/category\/revista-de-ocio\/#listItem","name":"Revista de Ocio"}},{"@type":"ListItem","@id":"https:\/\/www.eldigitaldeasturias.com\/noticias\/category\/revista-de-ocio\/#listItem","position":2,"name":"Revista de Ocio","item":"https:\/\/www.eldigitaldeasturias.com\/noticias\/category\/revista-de-ocio\/","nextItem":{"@type":"ListItem","@id":"https:\/\/www.eldigitaldeasturias.com\/noticias\/el-color-sureno-de-christenberry-llega-a-espana\/#listItem","name":"El color sure\u00f1o de Christenberry llega a Espa\u00f1a"},"previousItem":{"@type":"ListItem","@id":"https:\/\/www.eldigitaldeasturias.com\/noticias#listItem","name":"Home"}},{"@type":"ListItem","@id":"https:\/\/www.eldigitaldeasturias.com\/noticias\/el-color-sureno-de-christenberry-llega-a-espana\/#listItem","position":3,"name":"El color sure\u00f1o de Christenberry llega a Espa\u00f1a","previousItem":{"@type":"ListItem","@id":"https:\/\/www.eldigitaldeasturias.com\/noticias\/category\/revista-de-ocio\/#listItem","name":"Revista de Ocio"}}]},{"@type":"Organization","@id":"https:\/\/www.eldigitaldeasturias.com\/noticias\/#organization","name":"El Digital de Asturias","description":"Hemeroteca","url":"https:\/\/www.eldigitaldeasturias.com\/noticias\/","email":"info@eldigitaldeasturias.com","telephone":"+34652131393","logo":{"@type":"ImageObject","url":"https:\/\/www.eldigitaldeasturias.com\/noticias\/wp-content\/uploads\/2020\/12\/EDA.jpg","@id":"https:\/\/www.eldigitaldeasturias.com\/noticias\/el-color-sureno-de-christenberry-llega-a-espana\/#organizationLogo","width":649,"height":297},"image":{"@id":"https:\/\/www.eldigitaldeasturias.com\/noticias\/el-color-sureno-de-christenberry-llega-a-espana\/#organizationLogo"},"sameAs":["https:\/\/facebook.com\/eldigitaldeasturias","https:\/\/www.youtube.com\/channel\/UCZP-2wLEB9Rv6erhFmqVnvg"],"address":{"@id":"https:\/\/www.eldigitaldeasturias.com\/noticias\/#postaladdress","@type":"PostalAddress","streetAddress":"san antonio 4,","postalCode":"33430","addressLocality":"Cand\u00e1s","addressRegion":"Asturias","addressCountry":"ES"}},{"@type":"Person","@id":"https:\/\/www.eldigitaldeasturias.com\/noticias\/author\/admin\/#author","url":"https:\/\/www.eldigitaldeasturias.com\/noticias\/author\/admin\/","name":"El Digital de Asturias","image":{"@type":"ImageObject","@id":"https:\/\/www.eldigitaldeasturias.com\/noticias\/el-color-sureno-de-christenberry-llega-a-espana\/#authorImage","url":"https:\/\/www.eldigitaldeasturias.com\/noticias\/wp-content\/litespeed\/avatar\/18677e78aa0546b92d9dbf31ec7d7668.jpg?ver=1776685526","width":96,"height":96,"caption":"El Digital de Asturias"}},{"@type":"WebPage","@id":"https:\/\/www.eldigitaldeasturias.com\/noticias\/el-color-sureno-de-christenberry-llega-a-espana\/#webpage","url":"https:\/\/www.eldigitaldeasturias.com\/noticias\/el-color-sureno-de-christenberry-llega-a-espana\/","name":"El color sure\u00f1o de Christenberry llega a Espa\u00f1a - El Digital de Asturias","description":"MADRID, 24 Sep. (EUROPA PRESS) - William Christenberry es uno de los principales impulsores de la fotograf\u00eda en color, un soporte que estuvo vinculado a la captura de im\u00e1genes m\u00e1s amateur durante mucho tiempo y que este artista consigui\u00f3 desterrar de la noci\u00f3n artificial y comercial en la que se encontraba frente al blanco y negro","inLanguage":"es-ES","isPartOf":{"@id":"https:\/\/www.eldigitaldeasturias.com\/noticias\/#website"},"breadcrumb":{"@id":"https:\/\/www.eldigitaldeasturias.com\/noticias\/el-color-sureno-de-christenberry-llega-a-espana\/#breadcrumblist"},"author":{"@id":"https:\/\/www.eldigitaldeasturias.com\/noticias\/author\/admin\/#author"},"creator":{"@id":"https:\/\/www.eldigitaldeasturias.com\/noticias\/author\/admin\/#author"},"image":{"@type":"ImageObject","url":2730,"@id":"https:\/\/www.eldigitaldeasturias.com\/noticias\/el-color-sureno-de-christenberry-llega-a-espana\/#mainImage"},"primaryImageOfPage":{"@id":"https:\/\/www.eldigitaldeasturias.com\/noticias\/el-color-sureno-de-christenberry-llega-a-espana\/#mainImage"},"datePublished":"2013-09-24T21:09:56+02:00","dateModified":"2013-09-24T21:09:56+02:00"},{"@type":"WebSite","@id":"https:\/\/www.eldigitaldeasturias.com\/noticias\/#website","url":"https:\/\/www.eldigitaldeasturias.com\/noticias\/","name":"El Digital de Asturias - Diario de actualidad y noticias","alternateName":"El Digital de Asturias - Diario de actualidad y noticias","description":"Hemeroteca","inLanguage":"es-ES","publisher":{"@id":"https:\/\/www.eldigitaldeasturias.com\/noticias\/#organization"}}]},"og:locale":"es_ES","og:site_name":"El Digital de Asturias","og:type":"article","og:title":"El color sure\u00f1o de Christenberry llega a Espa\u00f1a - El Digital de Asturias","og:description":"MADRID, 24 Sep. (EUROPA PRESS) - William Christenberry es uno de los principales impulsores de la fotograf\u00eda en color, un soporte que estuvo vinculado a la captura de im\u00e1genes m\u00e1s amateur durante mucho tiempo y que este artista consigui\u00f3 desterrar de la noci\u00f3n artificial y comercial en la que se encontraba frente al blanco y negro","og:url":"https:\/\/www.eldigitaldeasturias.com\/noticias\/el-color-sureno-de-christenberry-llega-a-espana\/","article:tag":["revista de ocio"],"article:published_time":"2013-09-24T21:09:56+00:00","article:modified_time":"2013-09-24T21:09:56+00:00","article:publisher":"https:\/\/facebook.com\/eldigitaldeasturias","twitter:card":"summary_large_image","twitter:title":"El color sure\u00f1o de Christenberry llega a Espa\u00f1a - El Digital de Asturias","twitter:description":"MADRID, 24 Sep. (EUROPA PRESS) - William Christenberry es uno de los principales impulsores de la fotograf\u00eda en color, un soporte que estuvo vinculado a la captura de im\u00e1genes m\u00e1s amateur durante mucho tiempo y que este artista consigui\u00f3 desterrar de la noci\u00f3n artificial y comercial en la que se encontraba frente al blanco y negro","twitter:label1":"Escrito por","twitter:data1":"El Digital de Asturias","twitter:label2":"Tiempo de lectura estimado","twitter:data2":"2 minutos"},"aioseo_meta_data":{"post_id":"2729","title":null,"description":null,"keywords":null,"keyphrases":null,"primary_term":null,"canonical_url":null,"og_title":null,"og_description":null,"og_object_type":"default","og_image_type":"default","og_image_url":null,"og_image_width":null,"og_image_height":null,"og_image_custom_url":null,"og_image_custom_fields":null,"og_video":null,"og_custom_url":null,"og_article_section":null,"og_article_tags":null,"twitter_use_og":true,"twitter_card":"default","twitter_image_type":"default","twitter_image_url":null,"twitter_image_custom_url":null,"twitter_image_custom_fields":null,"twitter_title":null,"twitter_description":null,"schema":{"blockGraphs":[],"customGraphs":[],"default":{"data":{"Article":[],"Course":[],"Dataset":[],"FAQPage":[],"Movie":[],"Person":[],"Product":[],"ProductReview":[],"Car":[],"Recipe":[],"Service":[],"SoftwareApplication":[],"WebPage":[]},"graphName":"","isEnabled":true},"graphs":[],"defaultGraph":"","defaultPostTypeGraph":""},"schema_type":null,"schema_type_options":null,"pillar_content":false,"robots_default":true,"robots_noindex":false,"robots_noarchive":false,"robots_nosnippet":false,"robots_nofollow":false,"robots_noimageindex":false,"robots_noodp":false,"robots_notranslate":false,"robots_max_snippet":null,"robots_max_videopreview":null,"robots_max_imagepreview":"none","priority":null,"frequency":null,"local_seo":null,"seo_analyzer_scan_date":"2025-08-21 04:48:46","breadcrumb_settings":null,"limit_modified_date":false,"open_ai":null,"ai":null,"created":"2020-11-14 22:36:57","updated":"2025-08-21 04:48:46"},"aioseo_breadcrumb":"<div class=\"aioseo-breadcrumbs\"><span class=\"aioseo-breadcrumb\">\n\t<a href=\"https:\/\/www.eldigitaldeasturias.com\/noticias\" title=\"Home\">Home<\/a>\n<\/span><span class=\"aioseo-breadcrumb-separator\">\u2013<\/span><span class=\"aioseo-breadcrumb\">\n\t<a href=\"https:\/\/www.eldigitaldeasturias.com\/noticias\/category\/revista-de-ocio\/\" title=\"Revista de Ocio\">Revista de Ocio<\/a>\n<\/span><span class=\"aioseo-breadcrumb-separator\">\u2013<\/span><span class=\"aioseo-breadcrumb\">\n\t<a href=\"https:\/\/www.eldigitaldeasturias.com\/noticias\/el-color-sureno-de-christenberry-llega-a-espana\/\" title=\"El color sure\u00f1o de Christenberry llega a Espa\u00f1a\">El color sure\u00f1o de Christenberry llega a Espa\u00f1a<\/a>\n<\/span><\/div>","aioseo_breadcrumb_json":[{"label":"Home","link":"https:\/\/www.eldigitaldeasturias.com\/noticias"},{"label":"Revista de Ocio","link":"https:\/\/www.eldigitaldeasturias.com\/noticias\/category\/revista-de-ocio\/"},{"label":"El color sure\u00f1o de Christenberry llega a Espa\u00f1a","link":"https:\/\/www.eldigitaldeasturias.com\/noticias\/el-color-sureno-de-christenberry-llega-a-espana\/"}],"_links":{"self":[{"href":"https:\/\/www.eldigitaldeasturias.com\/noticias\/wp-json\/wp\/v2\/posts\/2729","targetHints":{"allow":["GET"]}}],"collection":[{"href":"https:\/\/www.eldigitaldeasturias.com\/noticias\/wp-json\/wp\/v2\/posts"}],"about":[{"href":"https:\/\/www.eldigitaldeasturias.com\/noticias\/wp-json\/wp\/v2\/types\/post"}],"author":[{"embeddable":true,"href":"https:\/\/www.eldigitaldeasturias.com\/noticias\/wp-json\/wp\/v2\/users\/1"}],"replies":[{"embeddable":true,"href":"https:\/\/www.eldigitaldeasturias.com\/noticias\/wp-json\/wp\/v2\/comments?post=2729"}],"version-history":[{"count":0,"href":"https:\/\/www.eldigitaldeasturias.com\/noticias\/wp-json\/wp\/v2\/posts\/2729\/revisions"}],"wp:featuredmedia":[{"embeddable":true,"href":"https:\/\/www.eldigitaldeasturias.com\/noticias\/wp-json\/"}],"wp:attachment":[{"href":"https:\/\/www.eldigitaldeasturias.com\/noticias\/wp-json\/wp\/v2\/media?parent=2729"}],"wp:term":[{"taxonomy":"category","embeddable":true,"href":"https:\/\/www.eldigitaldeasturias.com\/noticias\/wp-json\/wp\/v2\/categories?post=2729"},{"taxonomy":"post_tag","embeddable":true,"href":"https:\/\/www.eldigitaldeasturias.com\/noticias\/wp-json\/wp\/v2\/tags?post=2729"}],"curies":[{"name":"wp","href":"https:\/\/api.w.org\/{rel}","templated":true}]}}