{"id":2726,"date":"2013-09-24T21:08:27","date_gmt":"2013-09-24T21:08:27","guid":{"rendered":"http:\/\/www.eldigitaldeasturias.com\/noticias\/?p=2726"},"modified":"2013-09-24T21:08:27","modified_gmt":"2013-09-24T21:08:27","slug":"el-pp-atribuye-a-los-sindicatos-la-propuesta-de-subir-bases-de-cotizacion","status":"publish","type":"post","link":"https:\/\/www.eldigitaldeasturias.com\/noticias\/el-pp-atribuye-a-los-sindicatos-la-propuesta-de-subir-bases-de-cotizacion\/","title":{"rendered":"El PP atribuye a los sindicatos la propuesta de subir bases de cotizaci\u00f3n"},"content":{"rendered":"<p><img loading=\"lazy\" decoding=\"async\" class=\"alignleft size-medium wp-image-2727\" alt=\"fotonoticia_20130924150759_800\" src=\"https:\/\/www.eldigitaldeasturias.com\/noticias\/wp-content\/uploads\/2013\/09\/fotonoticia_20130924150759_800-360x240.jpg\" width=\"360\" height=\"240\" \/>MADRID, 24 Sep. (EUROPA PRESS) &#8211;\u00a0El PP ha asegurado este martes que la propuesta de subir las bases m\u00e1ximas de cotizaci\u00f3n para incrementar los ingresos con los que la Seguridad Social hace frente al pago de las pensiones ha partido de los sindicatos, y ha se\u00f1alado que el Gobierno \u00abestudia \u00e9sta y otras\u00bb ideas pero que no se pronunciar\u00e1 hasta el viernes, cuando tomar\u00e1 una decisi\u00f3n al respecto en el Consejo de Ministros.<\/p>\n<p>En la rueda de prensa posterior a la Junta de Portavoces del Congreso, el diputado &#8216;popular&#8217; Alfonso Alonso ha sido preguntado por la posibilidad de volver a subir las cuant\u00edas de las bases m\u00e1ximas de cotizaci\u00f3n por segundo a\u00f1o consecutivo para aumentar as\u00ed los ingresos del sistema, de modo que pueda aplicarse a las pensiones la mayor revalorizaci\u00f3n posible en 2014.<\/p>\n<p>\u00abLa propuesta parte de los agentes sociales, de los sindicatos, que est\u00e1n planteando quitar ese tope a las cotizaciones m\u00e1ximas como v\u00eda de ingresos para el sistema. El Gobierno estudia \u00e9sa y otras propuestas, las tiene en consideraci\u00f3n, pero no cerrar\u00e1 una decisi\u00f3n hasta el Consejo de Ministros del viernes\u00bb, ha afirmado el portavoz parlamentario.<\/p>\n<p>TOMAR MEDIDAS PARA GARANTIZAR EL SISTEMA.<\/p>\n<p>Adem\u00e1s, Alonso ha aprovechado para defender una vez m\u00e1s la propuesta de modificaci\u00f3n del \u00edndice de revalorizaci\u00f3n de las pensiones para desvincularlo del IPC que ha planteado el Ejecutivo, afirmando que ante las previsiones econ\u00f3micas y demogr\u00e1ficas \u00abhay que actuar\u00bb porque \u00absi no se toman decisiones (Espa\u00f1a) no estar\u00e1 en condiciones de garantizar las pensiones futuras\u00bb.<\/p>\n<p>En este sentido, ha apuntado que el gasto en pensiones ha pasado de los 58.000 millones de principio de siglo a los 131.000 millones previstos para el a\u00f1o 2014, cuando la esperanza de vida habr\u00e1 pasado de 68 a 72 a\u00f1os y los pensionistas sumar\u00e1n un mill\u00f3n m\u00e1s. Mientras, el d\u00e9ficit de la Seguridad Social ha llegado a sumar 17.000 millones en un ejercicio como consecuencia tambi\u00e9n de la recesi\u00f3n.<\/p>\n<p>Por eso, argumenta Alonso, el Ejecutivo ha planteado una reforma que \u00abgarantizar\u00e1 las pensiones actuales y futuras\u00bb para que \u00absigan siendo las base de la solidaridad\u00bb, propuesta que va en l\u00ednea con lo que est\u00e1n planteando otros pa\u00edses europeos como Francia, donde se acaba de elevar el periodo de cotizaci\u00f3n para acceder a la pensi\u00f3n m\u00e1xima a 43 a\u00f1os. En cualquier caso, ha destacado que el objetivo del Gobierno es lograr un \u00abacuerdo pol\u00edtico y social\u00bb y que en ello est\u00e1 trabajando.<\/p>\n<p>EXPROPIACI\u00d3N A LOS PENSIONISTAS.<\/p>\n<p>Por su parte, la portavoz parlamentaria del PSOE, Soraya Rodr\u00edguez, ha asegurado que su formaci\u00f3n est\u00e1 dispuesta a \u00abhablar de todo\u00bb salvo de la propuesta del Gobierno, que s\u00f3lo se basa en \u00abel empobrecimiento de los pensionistas actuales y futuros\u00bb, aplicando un \u00abverdadero recorte injusto, antisocial y antiecon\u00f3mico que se quiere presentar como una reforma\u00bb.<\/p>\n<p>Frente a ello, los socialistas han defendido en diversas ocasiones que el problema de sostenibilidad de la Seguridad Social no se deriva de un gasto excesivo sino de falta de ingresos, por lo que deber\u00edan analizarse las posibilidades de obtener nuevas fuentes de financiaci\u00f3n (a trav\u00e9s de los Presupuestos, por ejemplo) para garantizar las pensiones sin reducirlas.<\/p>\n<p>Sin entrar en el detalle sobre la posible subida de bases de cotizaci\u00f3n, la diputada vallisoletana ha cargado contra la modificaci\u00f3n planteada por el Ejecutivo, que conlleva a su entender un \u00abcambio radical en el modelo de pensiones\u00bb espa\u00f1ol y que \u00abrompe el pacto en el que se han venido sustanciando todas las reformas de la Seguridad Social\u00bb.<\/p>\n<p>As\u00ed, ha insistido en que antes de plantear una \u00abcontrarreforma\u00bb el Ejecutivo deber\u00eda dejar que la Ley 27\/2011 &#8211;la \u00faltima modificaci\u00f3n de la Seguridad Social aprobada por el PSOE y que entr\u00f3 en vigor el 1 de enero&#8211; \u00abdespliegue todos sus efectos\u00bb y no imponer una \u00abexpropiaci\u00f3n de los derechos adquiridos por los pensionistas y de sus cuant\u00edas\u00bb con el cambio del \u00edndice de revalorizaci\u00f3n y la introducci\u00f3n del nuevo factor de equidad intergeneracional.<\/p>\n<p>\u00abLa propuesta del Gobierno supone una bajada desde el primer mes que se aplique, una p\u00e9rdida de poder adquisitivo constante y continua durante los pr\u00f3ximos a\u00f1os que no se podr\u00e1 recuperar y que, en el caso de las pensiones m\u00ednimas y no contributivas, colocar\u00e1 a los jubilados en una situaci\u00f3n de clara indigencia\u00bb, ha zanjado.<\/p>\n<p>HAY ALTERNATIVAS.<\/p>\n<p>Por parte de la Izquierda Plural (IU-ICV-CHA), Joan Coscubiela ha avanzado que durante la interpelaci\u00f3n que dirigir\u00e1n este mi\u00e9rcoles a la ministra de Empleo, F\u00e1tima B\u00e1\u00f1ez, sobre la reforma de las pensiones ya enunciar\u00e1n alguna de las propuestas alternativas \u00abque hay\u00bb para garantizar la sostenibilidad de las pensiones.<\/p>\n<p>Entre otras se incluye la posibilidad de \u00abdesbloquear de una vez por todas\u00bb las bases m\u00e1ximas de cotizaci\u00f3n, pero tambi\u00e9n otras ideas como incluir en la base todos los conceptos percibidos como los rendimientos en especie, que \u00abtributan fiscalmente pero no como cotizaciones\u00bb; o como ampliar las bases m\u00ednimas por la v\u00eda de subida del Salario M\u00ednimo Interprofesional \u00abpara evitar que en Espa\u00f1a se instalen unas condiciones de trabajo de miseria\u00bb.<\/p>\n<p>Asimismo, IU-ICV-CHA aboga por utilizar el fondo de reserva para hacer frente a las necesidades a corto plazo en lugar de imponer \u00abun ataque grav\u00edsimo a los pensionistas con una propuesta que deteriorar\u00e1 su capacidad de poder adquisitivo en t\u00e9rminos nunca vistos\u00bb, as\u00ed como por implementar medidas que aporte nuevos cotizantes o elevar el gasto en pensiones mediante un \u00abmayor esfuerzo fiscal\u00bb para que \u00abno todo se base en las contribuciones de trabajadores y empresarios\u00bb.<\/p>\n<p>OTRAS IDEAS DEL MINISTERIO.<\/p>\n<p>Tambi\u00e9n Empleo baraja otras opciones m\u00e1s all\u00e1 de la subida de las bases m\u00e1ximas de cotizaci\u00f3n, tales como hacer que los aut\u00f3nomos coticen por bases m\u00e1s altas, aunque descarta en principio limitar la libertad que actualmente tienen estos trabajadores para elegir si cotizan o no por la base m\u00ednima.<\/p>\n<p>Otra opci\u00f3n para incrementar ingresos ser\u00eda ampliar la cotizaci\u00f3n a complementos salariales como dietas o pagos en especie, o a m\u00e1s a largo plazo dejar de cargar el gasto en pensiones de viudedad y orfandad en el presupuesto de la Seguridad Social. Incluso se contempla revisar las condiciones de acceso a estas prestaciones, sus incompatibilidades con otras o su vinculaci\u00f3n o no a determinadas rentas.<\/p>\n","protected":false},"excerpt":{"rendered":"<p>MADRID, 24 Sep. (EUROPA PRESS) &#8211;\u00a0El PP ha asegurado este martes que la propuesta de subir las bases m\u00e1ximas de cotizaci\u00f3n para incrementar los ingresos con los que la Seguridad Social hace frente al pago de las pensiones ha partido de los sindicatos, y ha se\u00f1alado que el Gobierno \u00abestudia \u00e9sta y otras\u00bb ideas pero [&hellip;]<\/p>\n","protected":false},"author":1,"featured_media":2727,"comment_status":"open","ping_status":"open","sticky":false,"template":"","format":"standard","meta":{"footnotes":""},"categories":[1],"tags":[],"class_list":["post-2726","post","type-post","status-publish","format-standard","has-post-thumbnail","hentry","category-actualidad"],"aioseo_notices":[],"aioseo_head":"\n\t\t<!-- All in One SEO Pro 4.9.6.2 - aioseo.com -->\n\t<meta name=\"description\" content=\"MADRID, 24 Sep. (EUROPA PRESS) - El PP ha asegurado este martes que la propuesta de subir las bases m\u00e1ximas de cotizaci\u00f3n para incrementar los ingresos con los que la Seguridad Social hace frente al pago de las pensiones ha partido de los sindicatos, y ha se\u00f1alado que el Gobierno &quot;estudia \u00e9sta y otras&quot; ideas pero\" \/>\n\t<meta name=\"robots\" content=\"max-image-preview:large\" \/>\n\t<meta name=\"author\" content=\"El Digital de Asturias\"\/>\n\t<meta name=\"google-site-verification\" content=\"UA-38556648-1\" \/>\n\t<meta name=\"msvalidate.01\" content=\"7dfe9f3f1b24437ab69f4f2559babe99\" \/>\n\t<meta name=\"keywords\" content=\"actualidad\" \/>\n\t<link rel=\"canonical\" href=\"https:\/\/www.eldigitaldeasturias.com\/noticias\/el-pp-atribuye-a-los-sindicatos-la-propuesta-de-subir-bases-de-cotizacion\/\" \/>\n\t<meta name=\"generator\" content=\"All in One SEO Pro (AIOSEO) 4.9.6.2\" \/>\n\t\t<meta property=\"og:locale\" content=\"es_ES\" \/>\n\t\t<meta property=\"og:site_name\" content=\"El Digital de Asturias\" \/>\n\t\t<meta property=\"og:type\" content=\"article\" \/>\n\t\t<meta property=\"og:title\" content=\"El PP atribuye a los sindicatos la propuesta de subir bases de cotizaci\u00f3n - El Digital de Asturias\" \/>\n\t\t<meta property=\"og:description\" content=\"MADRID, 24 Sep. (EUROPA PRESS) - El PP ha asegurado este martes que la propuesta de subir las bases m\u00e1ximas de cotizaci\u00f3n para incrementar los ingresos con los que la Seguridad Social hace frente al pago de las pensiones ha partido de los sindicatos, y ha se\u00f1alado que el Gobierno &quot;estudia \u00e9sta y otras&quot; ideas pero\" \/>\n\t\t<meta property=\"og:url\" content=\"https:\/\/www.eldigitaldeasturias.com\/noticias\/el-pp-atribuye-a-los-sindicatos-la-propuesta-de-subir-bases-de-cotizacion\/\" \/>\n\t\t<meta property=\"article:tag\" content=\"actualidad\" \/>\n\t\t<meta property=\"article:published_time\" content=\"2013-09-24T21:08:27+00:00\" \/>\n\t\t<meta property=\"article:modified_time\" content=\"2013-09-24T21:08:27+00:00\" \/>\n\t\t<meta property=\"article:publisher\" content=\"https:\/\/facebook.com\/eldigitaldeasturias\" \/>\n\t\t<meta name=\"twitter:card\" content=\"summary_large_image\" \/>\n\t\t<meta name=\"twitter:title\" content=\"El PP atribuye a los sindicatos la propuesta de subir bases de cotizaci\u00f3n - El Digital de Asturias\" \/>\n\t\t<meta name=\"twitter:description\" content=\"MADRID, 24 Sep. (EUROPA PRESS) - El PP ha asegurado este martes que la propuesta de subir las bases m\u00e1ximas de cotizaci\u00f3n para incrementar los ingresos con los que la Seguridad Social hace frente al pago de las pensiones ha partido de los sindicatos, y ha se\u00f1alado que el Gobierno &quot;estudia \u00e9sta y otras&quot; ideas pero\" \/>\n\t\t<meta name=\"twitter:label1\" content=\"Escrito por\" \/>\n\t\t<meta name=\"twitter:data1\" content=\"El Digital de Asturias\" \/>\n\t\t<meta name=\"twitter:label2\" content=\"Tiempo de lectura estimado\" \/>\n\t\t<meta name=\"twitter:data2\" content=\"5 minutos\" \/>\n\t\t<script type=\"application\/ld+json\" class=\"aioseo-schema\">\n\t\t\t{\"@context\":\"https:\\\/\\\/schema.org\",\"@graph\":[{\"@type\":\"BlogPosting\",\"@id\":\"https:\\\/\\\/www.eldigitaldeasturias.com\\\/noticias\\\/el-pp-atribuye-a-los-sindicatos-la-propuesta-de-subir-bases-de-cotizacion\\\/#blogposting\",\"name\":\"El PP atribuye a los sindicatos la propuesta de subir bases de cotizaci\\u00f3n - El Digital de Asturias\",\"headline\":\"El PP atribuye a los sindicatos la propuesta de subir bases de cotizaci\\u00f3n\",\"author\":{\"@id\":\"https:\\\/\\\/www.eldigitaldeasturias.com\\\/noticias\\\/author\\\/admin\\\/#author\"},\"publisher\":{\"@id\":\"https:\\\/\\\/www.eldigitaldeasturias.com\\\/noticias\\\/#organization\"},\"image\":{\"@type\":\"ImageObject\",\"url\":2727},\"datePublished\":\"2013-09-24T21:08:27+02:00\",\"dateModified\":\"2013-09-24T21:08:27+02:00\",\"inLanguage\":\"es-ES\",\"mainEntityOfPage\":{\"@id\":\"https:\\\/\\\/www.eldigitaldeasturias.com\\\/noticias\\\/el-pp-atribuye-a-los-sindicatos-la-propuesta-de-subir-bases-de-cotizacion\\\/#webpage\"},\"isPartOf\":{\"@id\":\"https:\\\/\\\/www.eldigitaldeasturias.com\\\/noticias\\\/el-pp-atribuye-a-los-sindicatos-la-propuesta-de-subir-bases-de-cotizacion\\\/#webpage\"},\"articleSection\":\"Actualidad\"},{\"@type\":\"BreadcrumbList\",\"@id\":\"https:\\\/\\\/www.eldigitaldeasturias.com\\\/noticias\\\/el-pp-atribuye-a-los-sindicatos-la-propuesta-de-subir-bases-de-cotizacion\\\/#breadcrumblist\",\"itemListElement\":[{\"@type\":\"ListItem\",\"@id\":\"https:\\\/\\\/www.eldigitaldeasturias.com\\\/noticias#listItem\",\"position\":1,\"name\":\"Home\",\"item\":\"https:\\\/\\\/www.eldigitaldeasturias.com\\\/noticias\",\"nextItem\":{\"@type\":\"ListItem\",\"@id\":\"https:\\\/\\\/www.eldigitaldeasturias.com\\\/noticias\\\/category\\\/actualidad\\\/#listItem\",\"name\":\"Actualidad\"}},{\"@type\":\"ListItem\",\"@id\":\"https:\\\/\\\/www.eldigitaldeasturias.com\\\/noticias\\\/category\\\/actualidad\\\/#listItem\",\"position\":2,\"name\":\"Actualidad\",\"item\":\"https:\\\/\\\/www.eldigitaldeasturias.com\\\/noticias\\\/category\\\/actualidad\\\/\",\"nextItem\":{\"@type\":\"ListItem\",\"@id\":\"https:\\\/\\\/www.eldigitaldeasturias.com\\\/noticias\\\/el-pp-atribuye-a-los-sindicatos-la-propuesta-de-subir-bases-de-cotizacion\\\/#listItem\",\"name\":\"El PP atribuye a los sindicatos la propuesta de subir bases de cotizaci\\u00f3n\"},\"previousItem\":{\"@type\":\"ListItem\",\"@id\":\"https:\\\/\\\/www.eldigitaldeasturias.com\\\/noticias#listItem\",\"name\":\"Home\"}},{\"@type\":\"ListItem\",\"@id\":\"https:\\\/\\\/www.eldigitaldeasturias.com\\\/noticias\\\/el-pp-atribuye-a-los-sindicatos-la-propuesta-de-subir-bases-de-cotizacion\\\/#listItem\",\"position\":3,\"name\":\"El PP atribuye a los sindicatos la propuesta de subir bases de cotizaci\\u00f3n\",\"previousItem\":{\"@type\":\"ListItem\",\"@id\":\"https:\\\/\\\/www.eldigitaldeasturias.com\\\/noticias\\\/category\\\/actualidad\\\/#listItem\",\"name\":\"Actualidad\"}}]},{\"@type\":\"Organization\",\"@id\":\"https:\\\/\\\/www.eldigitaldeasturias.com\\\/noticias\\\/#organization\",\"name\":\"El Digital de Asturias\",\"description\":\"Hemeroteca\",\"url\":\"https:\\\/\\\/www.eldigitaldeasturias.com\\\/noticias\\\/\",\"email\":\"info@eldigitaldeasturias.com\",\"telephone\":\"+34652131393\",\"logo\":{\"@type\":\"ImageObject\",\"url\":\"https:\\\/\\\/www.eldigitaldeasturias.com\\\/noticias\\\/wp-content\\\/uploads\\\/2020\\\/12\\\/EDA.jpg\",\"@id\":\"https:\\\/\\\/www.eldigitaldeasturias.com\\\/noticias\\\/el-pp-atribuye-a-los-sindicatos-la-propuesta-de-subir-bases-de-cotizacion\\\/#organizationLogo\",\"width\":649,\"height\":297},\"image\":{\"@id\":\"https:\\\/\\\/www.eldigitaldeasturias.com\\\/noticias\\\/el-pp-atribuye-a-los-sindicatos-la-propuesta-de-subir-bases-de-cotizacion\\\/#organizationLogo\"},\"sameAs\":[\"https:\\\/\\\/facebook.com\\\/eldigitaldeasturias\",\"https:\\\/\\\/www.youtube.com\\\/channel\\\/UCZP-2wLEB9Rv6erhFmqVnvg\"],\"address\":{\"@id\":\"https:\\\/\\\/www.eldigitaldeasturias.com\\\/noticias\\\/#postaladdress\",\"@type\":\"PostalAddress\",\"streetAddress\":\"san antonio 4,\",\"postalCode\":\"33430\",\"addressLocality\":\"Cand\\u00e1s\",\"addressRegion\":\"Asturias\",\"addressCountry\":\"ES\"}},{\"@type\":\"Person\",\"@id\":\"https:\\\/\\\/www.eldigitaldeasturias.com\\\/noticias\\\/author\\\/admin\\\/#author\",\"url\":\"https:\\\/\\\/www.eldigitaldeasturias.com\\\/noticias\\\/author\\\/admin\\\/\",\"name\":\"El Digital de Asturias\",\"image\":{\"@type\":\"ImageObject\",\"@id\":\"https:\\\/\\\/www.eldigitaldeasturias.com\\\/noticias\\\/el-pp-atribuye-a-los-sindicatos-la-propuesta-de-subir-bases-de-cotizacion\\\/#authorImage\",\"url\":\"https:\\\/\\\/www.eldigitaldeasturias.com\\\/noticias\\\/wp-content\\\/litespeed\\\/avatar\\\/18677e78aa0546b92d9dbf31ec7d7668.jpg?ver=1776685526\",\"width\":96,\"height\":96,\"caption\":\"El Digital de Asturias\"}},{\"@type\":\"WebPage\",\"@id\":\"https:\\\/\\\/www.eldigitaldeasturias.com\\\/noticias\\\/el-pp-atribuye-a-los-sindicatos-la-propuesta-de-subir-bases-de-cotizacion\\\/#webpage\",\"url\":\"https:\\\/\\\/www.eldigitaldeasturias.com\\\/noticias\\\/el-pp-atribuye-a-los-sindicatos-la-propuesta-de-subir-bases-de-cotizacion\\\/\",\"name\":\"El PP atribuye a los sindicatos la propuesta de subir bases de cotizaci\\u00f3n - El Digital de Asturias\",\"description\":\"MADRID, 24 Sep. (EUROPA PRESS) - El PP ha asegurado este martes que la propuesta de subir las bases m\\u00e1ximas de cotizaci\\u00f3n para incrementar los ingresos con los que la Seguridad Social hace frente al pago de las pensiones ha partido de los sindicatos, y ha se\\u00f1alado que el Gobierno \\\"estudia \\u00e9sta y otras\\\" ideas pero\",\"inLanguage\":\"es-ES\",\"isPartOf\":{\"@id\":\"https:\\\/\\\/www.eldigitaldeasturias.com\\\/noticias\\\/#website\"},\"breadcrumb\":{\"@id\":\"https:\\\/\\\/www.eldigitaldeasturias.com\\\/noticias\\\/el-pp-atribuye-a-los-sindicatos-la-propuesta-de-subir-bases-de-cotizacion\\\/#breadcrumblist\"},\"author\":{\"@id\":\"https:\\\/\\\/www.eldigitaldeasturias.com\\\/noticias\\\/author\\\/admin\\\/#author\"},\"creator\":{\"@id\":\"https:\\\/\\\/www.eldigitaldeasturias.com\\\/noticias\\\/author\\\/admin\\\/#author\"},\"image\":{\"@type\":\"ImageObject\",\"url\":2727,\"@id\":\"https:\\\/\\\/www.eldigitaldeasturias.com\\\/noticias\\\/el-pp-atribuye-a-los-sindicatos-la-propuesta-de-subir-bases-de-cotizacion\\\/#mainImage\"},\"primaryImageOfPage\":{\"@id\":\"https:\\\/\\\/www.eldigitaldeasturias.com\\\/noticias\\\/el-pp-atribuye-a-los-sindicatos-la-propuesta-de-subir-bases-de-cotizacion\\\/#mainImage\"},\"datePublished\":\"2013-09-24T21:08:27+02:00\",\"dateModified\":\"2013-09-24T21:08:27+02:00\"},{\"@type\":\"WebSite\",\"@id\":\"https:\\\/\\\/www.eldigitaldeasturias.com\\\/noticias\\\/#website\",\"url\":\"https:\\\/\\\/www.eldigitaldeasturias.com\\\/noticias\\\/\",\"name\":\"El Digital de Asturias - Diario de actualidad y noticias\",\"alternateName\":\"El Digital de Asturias - Diario de actualidad y noticias\",\"description\":\"Hemeroteca\",\"inLanguage\":\"es-ES\",\"publisher\":{\"@id\":\"https:\\\/\\\/www.eldigitaldeasturias.com\\\/noticias\\\/#organization\"}}]}\n\t\t<\/script>\n\t\t<!-- All in One SEO Pro -->\r\n\t\t<title>El PP atribuye a los sindicatos la propuesta de subir bases de cotizaci\u00f3n - El Digital de Asturias<\/title>\n\n","aioseo_head_json":{"title":"El PP atribuye a los sindicatos la propuesta de subir bases de cotizaci\u00f3n - El Digital de Asturias","description":"MADRID, 24 Sep. (EUROPA PRESS) - El PP ha asegurado este martes que la propuesta de subir las bases m\u00e1ximas de cotizaci\u00f3n para incrementar los ingresos con los que la Seguridad Social hace frente al pago de las pensiones ha partido de los sindicatos, y ha se\u00f1alado que el Gobierno \"estudia \u00e9sta y otras\" ideas pero","canonical_url":"https:\/\/www.eldigitaldeasturias.com\/noticias\/el-pp-atribuye-a-los-sindicatos-la-propuesta-de-subir-bases-de-cotizacion\/","robots":"max-image-preview:large","keywords":"actualidad","webmasterTools":{"google-site-verification":"UA-38556648-1","msvalidate.01":"7dfe9f3f1b24437ab69f4f2559babe99","miscellaneous":""},"schema":{"@context":"https:\/\/schema.org","@graph":[{"@type":"BlogPosting","@id":"https:\/\/www.eldigitaldeasturias.com\/noticias\/el-pp-atribuye-a-los-sindicatos-la-propuesta-de-subir-bases-de-cotizacion\/#blogposting","name":"El PP atribuye a los sindicatos la propuesta de subir bases de cotizaci\u00f3n - El Digital de Asturias","headline":"El PP atribuye a los sindicatos la propuesta de subir bases de cotizaci\u00f3n","author":{"@id":"https:\/\/www.eldigitaldeasturias.com\/noticias\/author\/admin\/#author"},"publisher":{"@id":"https:\/\/www.eldigitaldeasturias.com\/noticias\/#organization"},"image":{"@type":"ImageObject","url":2727},"datePublished":"2013-09-24T21:08:27+02:00","dateModified":"2013-09-24T21:08:27+02:00","inLanguage":"es-ES","mainEntityOfPage":{"@id":"https:\/\/www.eldigitaldeasturias.com\/noticias\/el-pp-atribuye-a-los-sindicatos-la-propuesta-de-subir-bases-de-cotizacion\/#webpage"},"isPartOf":{"@id":"https:\/\/www.eldigitaldeasturias.com\/noticias\/el-pp-atribuye-a-los-sindicatos-la-propuesta-de-subir-bases-de-cotizacion\/#webpage"},"articleSection":"Actualidad"},{"@type":"BreadcrumbList","@id":"https:\/\/www.eldigitaldeasturias.com\/noticias\/el-pp-atribuye-a-los-sindicatos-la-propuesta-de-subir-bases-de-cotizacion\/#breadcrumblist","itemListElement":[{"@type":"ListItem","@id":"https:\/\/www.eldigitaldeasturias.com\/noticias#listItem","position":1,"name":"Home","item":"https:\/\/www.eldigitaldeasturias.com\/noticias","nextItem":{"@type":"ListItem","@id":"https:\/\/www.eldigitaldeasturias.com\/noticias\/category\/actualidad\/#listItem","name":"Actualidad"}},{"@type":"ListItem","@id":"https:\/\/www.eldigitaldeasturias.com\/noticias\/category\/actualidad\/#listItem","position":2,"name":"Actualidad","item":"https:\/\/www.eldigitaldeasturias.com\/noticias\/category\/actualidad\/","nextItem":{"@type":"ListItem","@id":"https:\/\/www.eldigitaldeasturias.com\/noticias\/el-pp-atribuye-a-los-sindicatos-la-propuesta-de-subir-bases-de-cotizacion\/#listItem","name":"El PP atribuye a los sindicatos la propuesta de subir bases de cotizaci\u00f3n"},"previousItem":{"@type":"ListItem","@id":"https:\/\/www.eldigitaldeasturias.com\/noticias#listItem","name":"Home"}},{"@type":"ListItem","@id":"https:\/\/www.eldigitaldeasturias.com\/noticias\/el-pp-atribuye-a-los-sindicatos-la-propuesta-de-subir-bases-de-cotizacion\/#listItem","position":3,"name":"El PP atribuye a los sindicatos la propuesta de subir bases de cotizaci\u00f3n","previousItem":{"@type":"ListItem","@id":"https:\/\/www.eldigitaldeasturias.com\/noticias\/category\/actualidad\/#listItem","name":"Actualidad"}}]},{"@type":"Organization","@id":"https:\/\/www.eldigitaldeasturias.com\/noticias\/#organization","name":"El Digital de Asturias","description":"Hemeroteca","url":"https:\/\/www.eldigitaldeasturias.com\/noticias\/","email":"info@eldigitaldeasturias.com","telephone":"+34652131393","logo":{"@type":"ImageObject","url":"https:\/\/www.eldigitaldeasturias.com\/noticias\/wp-content\/uploads\/2020\/12\/EDA.jpg","@id":"https:\/\/www.eldigitaldeasturias.com\/noticias\/el-pp-atribuye-a-los-sindicatos-la-propuesta-de-subir-bases-de-cotizacion\/#organizationLogo","width":649,"height":297},"image":{"@id":"https:\/\/www.eldigitaldeasturias.com\/noticias\/el-pp-atribuye-a-los-sindicatos-la-propuesta-de-subir-bases-de-cotizacion\/#organizationLogo"},"sameAs":["https:\/\/facebook.com\/eldigitaldeasturias","https:\/\/www.youtube.com\/channel\/UCZP-2wLEB9Rv6erhFmqVnvg"],"address":{"@id":"https:\/\/www.eldigitaldeasturias.com\/noticias\/#postaladdress","@type":"PostalAddress","streetAddress":"san antonio 4,","postalCode":"33430","addressLocality":"Cand\u00e1s","addressRegion":"Asturias","addressCountry":"ES"}},{"@type":"Person","@id":"https:\/\/www.eldigitaldeasturias.com\/noticias\/author\/admin\/#author","url":"https:\/\/www.eldigitaldeasturias.com\/noticias\/author\/admin\/","name":"El Digital de Asturias","image":{"@type":"ImageObject","@id":"https:\/\/www.eldigitaldeasturias.com\/noticias\/el-pp-atribuye-a-los-sindicatos-la-propuesta-de-subir-bases-de-cotizacion\/#authorImage","url":"https:\/\/www.eldigitaldeasturias.com\/noticias\/wp-content\/litespeed\/avatar\/18677e78aa0546b92d9dbf31ec7d7668.jpg?ver=1776685526","width":96,"height":96,"caption":"El Digital de Asturias"}},{"@type":"WebPage","@id":"https:\/\/www.eldigitaldeasturias.com\/noticias\/el-pp-atribuye-a-los-sindicatos-la-propuesta-de-subir-bases-de-cotizacion\/#webpage","url":"https:\/\/www.eldigitaldeasturias.com\/noticias\/el-pp-atribuye-a-los-sindicatos-la-propuesta-de-subir-bases-de-cotizacion\/","name":"El PP atribuye a los sindicatos la propuesta de subir bases de cotizaci\u00f3n - El Digital de Asturias","description":"MADRID, 24 Sep. (EUROPA PRESS) - El PP ha asegurado este martes que la propuesta de subir las bases m\u00e1ximas de cotizaci\u00f3n para incrementar los ingresos con los que la Seguridad Social hace frente al pago de las pensiones ha partido de los sindicatos, y ha se\u00f1alado que el Gobierno \"estudia \u00e9sta y otras\" ideas pero","inLanguage":"es-ES","isPartOf":{"@id":"https:\/\/www.eldigitaldeasturias.com\/noticias\/#website"},"breadcrumb":{"@id":"https:\/\/www.eldigitaldeasturias.com\/noticias\/el-pp-atribuye-a-los-sindicatos-la-propuesta-de-subir-bases-de-cotizacion\/#breadcrumblist"},"author":{"@id":"https:\/\/www.eldigitaldeasturias.com\/noticias\/author\/admin\/#author"},"creator":{"@id":"https:\/\/www.eldigitaldeasturias.com\/noticias\/author\/admin\/#author"},"image":{"@type":"ImageObject","url":2727,"@id":"https:\/\/www.eldigitaldeasturias.com\/noticias\/el-pp-atribuye-a-los-sindicatos-la-propuesta-de-subir-bases-de-cotizacion\/#mainImage"},"primaryImageOfPage":{"@id":"https:\/\/www.eldigitaldeasturias.com\/noticias\/el-pp-atribuye-a-los-sindicatos-la-propuesta-de-subir-bases-de-cotizacion\/#mainImage"},"datePublished":"2013-09-24T21:08:27+02:00","dateModified":"2013-09-24T21:08:27+02:00"},{"@type":"WebSite","@id":"https:\/\/www.eldigitaldeasturias.com\/noticias\/#website","url":"https:\/\/www.eldigitaldeasturias.com\/noticias\/","name":"El Digital de Asturias - Diario de actualidad y noticias","alternateName":"El Digital de Asturias - Diario de actualidad y noticias","description":"Hemeroteca","inLanguage":"es-ES","publisher":{"@id":"https:\/\/www.eldigitaldeasturias.com\/noticias\/#organization"}}]},"og:locale":"es_ES","og:site_name":"El Digital de Asturias","og:type":"article","og:title":"El PP atribuye a los sindicatos la propuesta de subir bases de cotizaci\u00f3n - El Digital de Asturias","og:description":"MADRID, 24 Sep. (EUROPA PRESS) - El PP ha asegurado este martes que la propuesta de subir las bases m\u00e1ximas de cotizaci\u00f3n para incrementar los ingresos con los que la Seguridad Social hace frente al pago de las pensiones ha partido de los sindicatos, y ha se\u00f1alado que el Gobierno &quot;estudia \u00e9sta y otras&quot; ideas pero","og:url":"https:\/\/www.eldigitaldeasturias.com\/noticias\/el-pp-atribuye-a-los-sindicatos-la-propuesta-de-subir-bases-de-cotizacion\/","article:tag":["actualidad"],"article:published_time":"2013-09-24T21:08:27+00:00","article:modified_time":"2013-09-24T21:08:27+00:00","article:publisher":"https:\/\/facebook.com\/eldigitaldeasturias","twitter:card":"summary_large_image","twitter:title":"El PP atribuye a los sindicatos la propuesta de subir bases de cotizaci\u00f3n - El Digital de Asturias","twitter:description":"MADRID, 24 Sep. (EUROPA PRESS) - El PP ha asegurado este martes que la propuesta de subir las bases m\u00e1ximas de cotizaci\u00f3n para incrementar los ingresos con los que la Seguridad Social hace frente al pago de las pensiones ha partido de los sindicatos, y ha se\u00f1alado que el Gobierno &quot;estudia \u00e9sta y otras&quot; ideas pero","twitter:label1":"Escrito por","twitter:data1":"El Digital de Asturias","twitter:label2":"Tiempo de lectura estimado","twitter:data2":"5 minutos"},"aioseo_meta_data":{"post_id":"2726","title":null,"description":null,"keywords":null,"keyphrases":null,"primary_term":null,"canonical_url":null,"og_title":null,"og_description":null,"og_object_type":"default","og_image_type":"default","og_image_url":null,"og_image_width":null,"og_image_height":null,"og_image_custom_url":null,"og_image_custom_fields":null,"og_video":null,"og_custom_url":null,"og_article_section":null,"og_article_tags":null,"twitter_use_og":true,"twitter_card":"default","twitter_image_type":"default","twitter_image_url":null,"twitter_image_custom_url":null,"twitter_image_custom_fields":null,"twitter_title":null,"twitter_description":null,"schema":{"blockGraphs":[],"customGraphs":[],"default":{"data":{"Article":[],"Course":[],"Dataset":[],"FAQPage":[],"Movie":[],"Person":[],"Product":[],"ProductReview":[],"Car":[],"Recipe":[],"Service":[],"SoftwareApplication":[],"WebPage":[]},"graphName":"","isEnabled":true},"graphs":[],"defaultGraph":"","defaultPostTypeGraph":""},"schema_type":null,"schema_type_options":null,"pillar_content":false,"robots_default":true,"robots_noindex":false,"robots_noarchive":false,"robots_nosnippet":false,"robots_nofollow":false,"robots_noimageindex":false,"robots_noodp":false,"robots_notranslate":false,"robots_max_snippet":null,"robots_max_videopreview":null,"robots_max_imagepreview":"none","priority":null,"frequency":null,"local_seo":null,"seo_analyzer_scan_date":"2025-08-21 04:48:46","breadcrumb_settings":null,"limit_modified_date":false,"open_ai":null,"ai":null,"created":"2020-11-14 22:36:57","updated":"2025-08-21 04:48:46"},"aioseo_breadcrumb":"<div class=\"aioseo-breadcrumbs\"><span class=\"aioseo-breadcrumb\">\n\t<a href=\"https:\/\/www.eldigitaldeasturias.com\/noticias\" title=\"Home\">Home<\/a>\n<\/span><span class=\"aioseo-breadcrumb-separator\">\u2013<\/span><span class=\"aioseo-breadcrumb\">\n\t<a href=\"https:\/\/www.eldigitaldeasturias.com\/noticias\/category\/actualidad\/\" title=\"Actualidad\">Actualidad<\/a>\n<\/span><span class=\"aioseo-breadcrumb-separator\">\u2013<\/span><span class=\"aioseo-breadcrumb\">\n\t<a href=\"https:\/\/www.eldigitaldeasturias.com\/noticias\/el-pp-atribuye-a-los-sindicatos-la-propuesta-de-subir-bases-de-cotizacion\/\" title=\"El PP atribuye a los sindicatos la propuesta de subir bases de cotizaci\u00f3n\">El PP atribuye a los sindicatos la propuesta de subir bases de cotizaci\u00f3n<\/a>\n<\/span><\/div>","aioseo_breadcrumb_json":[{"label":"Home","link":"https:\/\/www.eldigitaldeasturias.com\/noticias"},{"label":"Actualidad","link":"https:\/\/www.eldigitaldeasturias.com\/noticias\/category\/actualidad\/"},{"label":"El PP atribuye a los sindicatos la propuesta de subir bases de cotizaci\u00f3n","link":"https:\/\/www.eldigitaldeasturias.com\/noticias\/el-pp-atribuye-a-los-sindicatos-la-propuesta-de-subir-bases-de-cotizacion\/"}],"_links":{"self":[{"href":"https:\/\/www.eldigitaldeasturias.com\/noticias\/wp-json\/wp\/v2\/posts\/2726","targetHints":{"allow":["GET"]}}],"collection":[{"href":"https:\/\/www.eldigitaldeasturias.com\/noticias\/wp-json\/wp\/v2\/posts"}],"about":[{"href":"https:\/\/www.eldigitaldeasturias.com\/noticias\/wp-json\/wp\/v2\/types\/post"}],"author":[{"embeddable":true,"href":"https:\/\/www.eldigitaldeasturias.com\/noticias\/wp-json\/wp\/v2\/users\/1"}],"replies":[{"embeddable":true,"href":"https:\/\/www.eldigitaldeasturias.com\/noticias\/wp-json\/wp\/v2\/comments?post=2726"}],"version-history":[{"count":0,"href":"https:\/\/www.eldigitaldeasturias.com\/noticias\/wp-json\/wp\/v2\/posts\/2726\/revisions"}],"wp:featuredmedia":[{"embeddable":true,"href":"https:\/\/www.eldigitaldeasturias.com\/noticias\/wp-json\/"}],"wp:attachment":[{"href":"https:\/\/www.eldigitaldeasturias.com\/noticias\/wp-json\/wp\/v2\/media?parent=2726"}],"wp:term":[{"taxonomy":"category","embeddable":true,"href":"https:\/\/www.eldigitaldeasturias.com\/noticias\/wp-json\/wp\/v2\/categories?post=2726"},{"taxonomy":"post_tag","embeddable":true,"href":"https:\/\/www.eldigitaldeasturias.com\/noticias\/wp-json\/wp\/v2\/tags?post=2726"}],"curies":[{"name":"wp","href":"https:\/\/api.w.org\/{rel}","templated":true}]}}