{"id":2722,"date":"2013-09-24T21:06:16","date_gmt":"2013-09-24T21:06:16","guid":{"rendered":"http:\/\/www.eldigitaldeasturias.com\/noticias\/?p=2722"},"modified":"2013-09-24T21:06:16","modified_gmt":"2013-09-24T21:06:16","slug":"exposiciones-festivales-gastronomia-e-investigacion-en-los-actos-del-greco-2014","status":"publish","type":"post","link":"https:\/\/www.eldigitaldeasturias.com\/noticias\/exposiciones-festivales-gastronomia-e-investigacion-en-los-actos-del-greco-2014\/","title":{"rendered":"Exposiciones, festivales, gastronom\u00eda e investigaci\u00f3n en los actos del Greco 2014"},"content":{"rendered":"<p><img loading=\"lazy\" decoding=\"async\" class=\"alignleft size-medium wp-image-2723\" alt=\"fotonoticia_20130924150644_800\" src=\"https:\/\/www.eldigitaldeasturias.com\/noticias\/wp-content\/uploads\/2013\/09\/fotonoticia_20130924150644_800-360x237.jpg\" width=\"360\" height=\"237\" \/>TOLEDO, 24 Sep. (EUROPA PRESS) &#8211;\u00a0La celebraci\u00f3n del IV Centenario de la muerte del Greco traer\u00e1 a Toledo un a\u00f1o cargado de actividades relacionadas con el pintor cretense entre las que destacan varias exposiciones, festivales de m\u00fasica, homenajes, escultura y gastronom\u00eda que tal y como ha asegurado el presidente de la Fundaci\u00f3n organizadora, Gregorio Mara\u00f1\u00f3n, har\u00e1n de la capital regional \u00abla capital cultural europea\u00bb.<\/p>\n<p>En el acto de presentaci\u00f3n de las actividades de la efem\u00e9ride, celebrado en el Palacio de Fuensalida tras la reuni\u00f3n del Patronato Greco 2014 y donde ha estado presente la presidenta de Castilla-La Mancha, Mar\u00eda Dolores de Cospedal, Gregorio Mara\u00f1\u00f3n ha destacado que el \u00abeje principal\u00bb del pr\u00f3ximo a\u00f1o est\u00e1 constituido por \u00abel relato que contar\u00e1n las exposiciones centrales\u00bb, que encabezan un programa de actos con los que, seg\u00fan ha dicho, \u00abse espera recibir un mill\u00f3n de visitantes\u00bb durante todo el ejercicio y que costar\u00e1 \u00aben torno a los 16 millones de euros\u00bb.<\/p>\n<p>Adem\u00e1s de las exposiciones, en la capital de Castilla-La Mancha se habilitar\u00e1n otros espacios para albergar las muestras, como son la Sacrist\u00eda de la Catedral, el Hospital de Tavera, la iglesia de Santo Tom\u00e9, el convento de Santo Domingo el Antiguo, y la capilla de San Jos\u00e9, de titularidad privada y que se abrir\u00e1 por primera vez al p\u00fablico con una obra del pintor griego que desde hace 400 a\u00f1os permanece en su interior.<\/p>\n<p>LAS EXPOSICIONES, UNA A UNA<\/p>\n<p>De la primera exposici\u00f3n, &#8216;Toledo Contempor\u00e1nea&#8217;, Mara\u00f1\u00f3n ha explicado que en ella se dar\u00e1n cita los mejores fot\u00f3grafos del mundo, a los que se les encargar\u00e1 \u00abhacer un retrato de lo que es Toledo hoy en d\u00eda\u00bb. Esta muestra coincidir\u00e1 con la feria de Arte Contempor\u00e1neo ARCO de Madrid y despu\u00e9s girar\u00e1 por Espa\u00f1a y el resto de Europa.<\/p>\n<p>Acerca de &#8216;El Griego de Toledo&#8217;, que arranca el 14 de marzo bajo el comisariado de Fernando Mar\u00edas, ha asegurado que \u00abpuede decirse que en la muestra podr\u00e1 apreciarse una parte fundamental de la obra del pintor\u00bb, con cerca de 80 cuadros \u00abde primera fila\u00bb venidos de todos los museos del mundo.<\/p>\n<p>\u00abEl Prado contribuye de manera sustancial, al igual que el Monasterio de El Escorial y otros muchos museos\u00bb, ha dicho, detallando que esta exposici\u00f3n se podr\u00e1 observar tanto en el Museo de Santa Cruz como en los otros cinco &#8216;Espacios Greco&#8217; en la ciudad. \u00abNunca en la vida del pintor se pudieron ver todas estas obras juntas\u00bb, ha dicho.<\/p>\n<p>Sobre los &#8216;Espacios Greco&#8217; que albergar\u00e1n esta exposici\u00f3n de tres meses y que arranca el 14 de marzo, Mara\u00f1\u00f3n ha subrayado que \u00abson aquellos edificios que siguen conservando desde hace 400 a\u00f1os obras que fueron pintadas por El Greco\u00bb. \u00abSer\u00e1 una exposici\u00f3n que puedo asegurarles ser\u00e1 irrepetible y la m\u00e1s importante que nunca haya tenido el pintor\u00bb.<\/p>\n<p>RESTO DE EXPOSICIONES<\/p>\n<p>Desde el 31 de marzo y hasta el 21 de junio arranca &#8216;La Biblioteca del Greco&#8217;, que se inaugurar\u00e1 en el Museo del Prado y que albergar\u00e1 m\u00e1s de 110 vol\u00famenes que estuvieron en la biblioteca del pintor, de quien Mara\u00f1\u00f3n ha dicho \u00abera un estudioso y quer\u00eda llegar m\u00e1s all\u00e1 de la pintura en el mundo del arte&#8217;.<\/p>\n<p>El 24 de junio y hasta el 5 de octubre toca el turno a &#8216;El Greco y la Pintura Moderna&#8217;, exposici\u00f3n para la que \u00abtodav\u00eda se est\u00e1n recibiendo pr\u00e9stamos de las mayores pinacotecas del mundo y pondr\u00e1 de relieve la influencia del pintor en la pintura modera\u00bb de finales del siglo XIX.<\/p>\n<p>&#8216;Entre el Cielo y la Tierra: 12 miradas al Greco 400 a\u00f1os despu\u00e9s&#8217;, que llegar\u00e1 al Museo Nacional de Escultura de Valladolid y a la Real Academia de Bellas Artes de San Fernando (Madrid) entre los meses de septiembre y noviembre, versar\u00e1 sobre \u00abdoce pintores espa\u00f1oles actuales a trav\u00e9s de los que se demostrar\u00e1 la influencia del pintor\u00bb.<\/p>\n<p>En cuanto a &#8216;El Greco: Arte y Oficio&#8217;, se ocupar\u00e1 desde el 8 de septiembre y hasta el 9 de diciembre de mostrar \u00abuna reflexi\u00f3n apasionante en la que se expondr\u00e1n muchas obras con un discurso expositivo que mezcla el juego entre El Grego y su taller, c\u00f3mo trabajaba y lo que supuso aquella factor\u00eda de producci\u00f3n de arte que puso en marcha en Toledo\u00bb.<\/p>\n<p>APERTURA DEL A\u00d1O GRECO<\/p>\n<p>En el apartado de Festivales, Mara\u00f1\u00f3n ha avanzado que arranca el &#8216;A\u00f1o Greco&#8217; el 11 de enero con un concierto de campanas de Lloren\u00e7 Barber mezclado con un espect\u00e1culo pirot\u00e9cnico en la ciudad de Toledo.<\/p>\n<p>Del mismo modo, a lo largo del a\u00f1o se pondr\u00e1n en marcha otros espect\u00e1culos como &#8216;FlammaLux&#8217;, un itinerario por las calles del centro hist\u00f3rico y espacios vinculados al Greco, espect\u00e1culos de danza, teatro, circo o juegos esc\u00e9nicos urbanos.<\/p>\n<p>La gastronom\u00eda tambi\u00e9n tendr\u00e1 cabida en las actividades del pr\u00f3ximo a\u00f1o con el Programa SaboreaGreco, que desde marzo y hasta diciembre har\u00e1 de la comida \u00abun elemento cultural importante\u00bb.<\/p>\n<p>El Festival &#8216;M\u00fasica del Centenario&#8217; arrancar\u00e1 en la Sinagoga del Tr\u00e1nsito el 30 de enero con &#8216;Sussane un jour&#8217;, dirigida por \u00c1ngel Chirinos, que servir\u00e1 como pistoletazo de salida para un programa de conciertos en espacios emblem\u00e1ticos de la ciudad que se desarrollar\u00e1n entre enero y diciembre en 20 fechas distintas.<\/p>\n<p>\u00abMe gustar\u00eda que los responsables de la ciudad piensen que esto debe tener continuidad\u00bb, ha expresado Mara\u00f1\u00f3n, que ha destacado como citas m\u00e1s importantes entre estos 20 conciertos un R\u00e9quiem de Verdi en la Catedral a cargo de Riccardo Muti el d\u00eda 12 de abril o las tres batallas de \u00f3rganos que se desarrollar\u00e1n en el mes de mayo.<\/p>\n<p>SIMPOSIOS<\/p>\n<p>En el \u00e1rea de actividades relativas al conocimiento y la investigaci\u00f3n, se celebrar\u00e1n distintos simposios sobre temas como &#8216;El entorno musical del Greco&#8217; o &#8216;El Griego de Toledo&#8217;, as\u00ed como la proyecci\u00f3n de un documental sobre la vida del pintor dirigido por Miguel \u00c1ngel Trujillo.<\/p>\n<p>El IV Centenario de la muerte del pintor cretense traer\u00e1 consigo adem\u00e1s distintos programas de restauraciones, entre ellas las de los \u00f3rganos de la Catedral, la sacrist\u00eda del Hospital de Tavera o las obras &#8216;El expolio&#8217;, &#8216;La coronaci\u00f3n de la Virgen&#8217;, &#8216;La crucifixi\u00f3n&#8217; y &#8216;La Adoraci\u00f3n de los pastores&#8217;.<\/p>\n<p>Gregorio Mara\u00f1\u00f3n ha puesto el acento a otra de las actividades paralelas que consistir\u00e1n en \u00abuna actuaci\u00f3n patrimonial importante\u00bb que \u00abcontribuir\u00e1 a enriquecer el patrimonio de la ciudad gracias a una de las mejores escultoras de Espa\u00f1a&#8217;, como es Cristina Iglesias, que ha creado para la ocasi\u00f3n tres esculturas que se quedar\u00e1n en la ciudad de Toledo.<\/p>\n<p>7 DE ABRIL, D\u00cdA DEL CENTENARIO<\/p>\n<p>El presidente de la Fundaci\u00f3n Greco 2014 ha detallado que el d\u00eda 7 de abril, fecha del IV Centenario de la muerte del pintor, \u00abes un d\u00eda que tiene que convocarnos a todos\u00bb, ya que con motivo de la efem\u00e9ride ser\u00e1 fiesta local en Toledo y coincidir\u00e1n numerosas actividades en la ciudad.<\/p>\n<p>As\u00ed, se inaugurar\u00e1 la tercera escultura de Cristina Iglesias en la plaza del Ayuntamiento, se reunir\u00e1n las reales academias de San Fernando y la de Historia y Bellas Artes de Toledo y en la Catedral Primada habr\u00e1 un acto lit\u00fargico a cargo del arzobispo de Toledo, Braulio Rodr\u00edguez, seguido de un concierto.<\/p>\n<p>Igualmente, habr\u00e1 un sorteo de la Loter\u00eda Nacional, otro de la ONCE y se presentar\u00e1n la moneda y el sello conmemorativos del IV Centenario.<\/p>\n<p>\u00abEL EVENTO CULTURAL M\u00c1S IMPORTANTE\u00bb<\/p>\n<p>La presidenta regional, Mar\u00eda Dolores de Cospedal, anfitriona de la presentaci\u00f3n de los actos en el Palacio de Fuensalida, ha asegurado que esta programaci\u00f3n har\u00e1 del IV Centenario \u00abel evento cultural m\u00e1s importante de Espa\u00f1a en 2014\u00bb.<\/p>\n<p>Tras presidir la reuni\u00f3n del Patronato, ha manifestado que \u00abla ciudad de Toledo y el conjunto de la regi\u00f3n se beneficiar\u00e1n de la celebraci\u00f3n de este aniversario en el \u00e1mbito tur\u00edstico, cultural y social\u00bb.<\/p>\n","protected":false},"excerpt":{"rendered":"<p>TOLEDO, 24 Sep. (EUROPA PRESS) &#8211;\u00a0La celebraci\u00f3n del IV Centenario de la muerte del Greco traer\u00e1 a Toledo un a\u00f1o cargado de actividades relacionadas con el pintor cretense entre las que destacan varias exposiciones, festivales de m\u00fasica, homenajes, escultura y gastronom\u00eda que tal y como ha asegurado el presidente de la Fundaci\u00f3n organizadora, Gregorio Mara\u00f1\u00f3n, [&hellip;]<\/p>\n","protected":false},"author":1,"featured_media":2723,"comment_status":"open","ping_status":"open","sticky":false,"template":"","format":"standard","meta":{"footnotes":""},"categories":[28],"tags":[],"class_list":["post-2722","post","type-post","status-publish","format-standard","has-post-thumbnail","hentry","category-sociedad"],"aioseo_notices":[],"aioseo_head":"\n\t\t<!-- All in One SEO Pro 4.9.6.2 - aioseo.com -->\n\t<meta name=\"description\" content=\"TOLEDO, 24 Sep. (EUROPA PRESS) - La celebraci\u00f3n del IV Centenario de la muerte del Greco traer\u00e1 a Toledo un a\u00f1o cargado de actividades relacionadas con el pintor cretense entre las que destacan varias exposiciones, festivales de m\u00fasica, homenajes, escultura y gastronom\u00eda que tal y como ha asegurado el presidente de la Fundaci\u00f3n organizadora, Gregorio Mara\u00f1\u00f3n,\" \/>\n\t<meta name=\"robots\" content=\"max-image-preview:large\" \/>\n\t<meta name=\"author\" content=\"El Digital de Asturias\"\/>\n\t<meta name=\"google-site-verification\" content=\"UA-38556648-1\" \/>\n\t<meta name=\"msvalidate.01\" content=\"7dfe9f3f1b24437ab69f4f2559babe99\" \/>\n\t<meta name=\"keywords\" content=\"sociedad\" \/>\n\t<link rel=\"canonical\" href=\"https:\/\/www.eldigitaldeasturias.com\/noticias\/exposiciones-festivales-gastronomia-e-investigacion-en-los-actos-del-greco-2014\/\" \/>\n\t<meta name=\"generator\" content=\"All in One SEO Pro (AIOSEO) 4.9.6.2\" \/>\n\t\t<meta property=\"og:locale\" content=\"es_ES\" \/>\n\t\t<meta property=\"og:site_name\" content=\"El Digital de Asturias\" \/>\n\t\t<meta property=\"og:type\" content=\"article\" \/>\n\t\t<meta property=\"og:title\" content=\"Exposiciones, festivales, gastronom\u00eda e investigaci\u00f3n en los actos del Greco 2014 - El Digital de Asturias\" \/>\n\t\t<meta property=\"og:description\" content=\"TOLEDO, 24 Sep. (EUROPA PRESS) - La celebraci\u00f3n del IV Centenario de la muerte del Greco traer\u00e1 a Toledo un a\u00f1o cargado de actividades relacionadas con el pintor cretense entre las que destacan varias exposiciones, festivales de m\u00fasica, homenajes, escultura y gastronom\u00eda que tal y como ha asegurado el presidente de la Fundaci\u00f3n organizadora, Gregorio Mara\u00f1\u00f3n,\" \/>\n\t\t<meta property=\"og:url\" content=\"https:\/\/www.eldigitaldeasturias.com\/noticias\/exposiciones-festivales-gastronomia-e-investigacion-en-los-actos-del-greco-2014\/\" \/>\n\t\t<meta property=\"article:tag\" content=\"sociedad\" \/>\n\t\t<meta property=\"article:published_time\" content=\"2013-09-24T21:06:16+00:00\" \/>\n\t\t<meta property=\"article:modified_time\" content=\"2013-09-24T21:06:16+00:00\" \/>\n\t\t<meta property=\"article:publisher\" content=\"https:\/\/facebook.com\/eldigitaldeasturias\" \/>\n\t\t<meta name=\"twitter:card\" content=\"summary_large_image\" \/>\n\t\t<meta name=\"twitter:title\" content=\"Exposiciones, festivales, gastronom\u00eda e investigaci\u00f3n en los actos del Greco 2014 - El Digital de Asturias\" \/>\n\t\t<meta name=\"twitter:description\" content=\"TOLEDO, 24 Sep. (EUROPA PRESS) - La celebraci\u00f3n del IV Centenario de la muerte del Greco traer\u00e1 a Toledo un a\u00f1o cargado de actividades relacionadas con el pintor cretense entre las que destacan varias exposiciones, festivales de m\u00fasica, homenajes, escultura y gastronom\u00eda que tal y como ha asegurado el presidente de la Fundaci\u00f3n organizadora, Gregorio Mara\u00f1\u00f3n,\" \/>\n\t\t<meta name=\"twitter:label1\" content=\"Escrito por\" \/>\n\t\t<meta name=\"twitter:data1\" content=\"El Digital de Asturias\" \/>\n\t\t<meta name=\"twitter:label2\" content=\"Tiempo de lectura estimado\" \/>\n\t\t<meta name=\"twitter:data2\" content=\"7 minutos\" \/>\n\t\t<script type=\"application\/ld+json\" class=\"aioseo-schema\">\n\t\t\t{\"@context\":\"https:\\\/\\\/schema.org\",\"@graph\":[{\"@type\":\"BlogPosting\",\"@id\":\"https:\\\/\\\/www.eldigitaldeasturias.com\\\/noticias\\\/exposiciones-festivales-gastronomia-e-investigacion-en-los-actos-del-greco-2014\\\/#blogposting\",\"name\":\"Exposiciones, festivales, gastronom\\u00eda e investigaci\\u00f3n en los actos del Greco 2014 - El Digital de Asturias\",\"headline\":\"Exposiciones, festivales, gastronom\\u00eda e investigaci\\u00f3n en los actos del Greco 2014\",\"author\":{\"@id\":\"https:\\\/\\\/www.eldigitaldeasturias.com\\\/noticias\\\/author\\\/admin\\\/#author\"},\"publisher\":{\"@id\":\"https:\\\/\\\/www.eldigitaldeasturias.com\\\/noticias\\\/#organization\"},\"image\":{\"@type\":\"ImageObject\",\"url\":2723},\"datePublished\":\"2013-09-24T21:06:16+02:00\",\"dateModified\":\"2013-09-24T21:06:16+02:00\",\"inLanguage\":\"es-ES\",\"mainEntityOfPage\":{\"@id\":\"https:\\\/\\\/www.eldigitaldeasturias.com\\\/noticias\\\/exposiciones-festivales-gastronomia-e-investigacion-en-los-actos-del-greco-2014\\\/#webpage\"},\"isPartOf\":{\"@id\":\"https:\\\/\\\/www.eldigitaldeasturias.com\\\/noticias\\\/exposiciones-festivales-gastronomia-e-investigacion-en-los-actos-del-greco-2014\\\/#webpage\"},\"articleSection\":\"Sociedad\"},{\"@type\":\"BreadcrumbList\",\"@id\":\"https:\\\/\\\/www.eldigitaldeasturias.com\\\/noticias\\\/exposiciones-festivales-gastronomia-e-investigacion-en-los-actos-del-greco-2014\\\/#breadcrumblist\",\"itemListElement\":[{\"@type\":\"ListItem\",\"@id\":\"https:\\\/\\\/www.eldigitaldeasturias.com\\\/noticias#listItem\",\"position\":1,\"name\":\"Home\",\"item\":\"https:\\\/\\\/www.eldigitaldeasturias.com\\\/noticias\",\"nextItem\":{\"@type\":\"ListItem\",\"@id\":\"https:\\\/\\\/www.eldigitaldeasturias.com\\\/noticias\\\/category\\\/sociedad\\\/#listItem\",\"name\":\"Sociedad\"}},{\"@type\":\"ListItem\",\"@id\":\"https:\\\/\\\/www.eldigitaldeasturias.com\\\/noticias\\\/category\\\/sociedad\\\/#listItem\",\"position\":2,\"name\":\"Sociedad\",\"item\":\"https:\\\/\\\/www.eldigitaldeasturias.com\\\/noticias\\\/category\\\/sociedad\\\/\",\"nextItem\":{\"@type\":\"ListItem\",\"@id\":\"https:\\\/\\\/www.eldigitaldeasturias.com\\\/noticias\\\/exposiciones-festivales-gastronomia-e-investigacion-en-los-actos-del-greco-2014\\\/#listItem\",\"name\":\"Exposiciones, festivales, gastronom\\u00eda e investigaci\\u00f3n en los actos del Greco 2014\"},\"previousItem\":{\"@type\":\"ListItem\",\"@id\":\"https:\\\/\\\/www.eldigitaldeasturias.com\\\/noticias#listItem\",\"name\":\"Home\"}},{\"@type\":\"ListItem\",\"@id\":\"https:\\\/\\\/www.eldigitaldeasturias.com\\\/noticias\\\/exposiciones-festivales-gastronomia-e-investigacion-en-los-actos-del-greco-2014\\\/#listItem\",\"position\":3,\"name\":\"Exposiciones, festivales, gastronom\\u00eda e investigaci\\u00f3n en los actos del Greco 2014\",\"previousItem\":{\"@type\":\"ListItem\",\"@id\":\"https:\\\/\\\/www.eldigitaldeasturias.com\\\/noticias\\\/category\\\/sociedad\\\/#listItem\",\"name\":\"Sociedad\"}}]},{\"@type\":\"Organization\",\"@id\":\"https:\\\/\\\/www.eldigitaldeasturias.com\\\/noticias\\\/#organization\",\"name\":\"El Digital de Asturias\",\"description\":\"Hemeroteca\",\"url\":\"https:\\\/\\\/www.eldigitaldeasturias.com\\\/noticias\\\/\",\"email\":\"info@eldigitaldeasturias.com\",\"telephone\":\"+34652131393\",\"logo\":{\"@type\":\"ImageObject\",\"url\":\"https:\\\/\\\/www.eldigitaldeasturias.com\\\/noticias\\\/wp-content\\\/uploads\\\/2020\\\/12\\\/EDA.jpg\",\"@id\":\"https:\\\/\\\/www.eldigitaldeasturias.com\\\/noticias\\\/exposiciones-festivales-gastronomia-e-investigacion-en-los-actos-del-greco-2014\\\/#organizationLogo\",\"width\":649,\"height\":297},\"image\":{\"@id\":\"https:\\\/\\\/www.eldigitaldeasturias.com\\\/noticias\\\/exposiciones-festivales-gastronomia-e-investigacion-en-los-actos-del-greco-2014\\\/#organizationLogo\"},\"sameAs\":[\"https:\\\/\\\/facebook.com\\\/eldigitaldeasturias\",\"https:\\\/\\\/www.youtube.com\\\/channel\\\/UCZP-2wLEB9Rv6erhFmqVnvg\"],\"address\":{\"@id\":\"https:\\\/\\\/www.eldigitaldeasturias.com\\\/noticias\\\/#postaladdress\",\"@type\":\"PostalAddress\",\"streetAddress\":\"san antonio 4,\",\"postalCode\":\"33430\",\"addressLocality\":\"Cand\\u00e1s\",\"addressRegion\":\"Asturias\",\"addressCountry\":\"ES\"}},{\"@type\":\"Person\",\"@id\":\"https:\\\/\\\/www.eldigitaldeasturias.com\\\/noticias\\\/author\\\/admin\\\/#author\",\"url\":\"https:\\\/\\\/www.eldigitaldeasturias.com\\\/noticias\\\/author\\\/admin\\\/\",\"name\":\"El Digital de Asturias\",\"image\":{\"@type\":\"ImageObject\",\"@id\":\"https:\\\/\\\/www.eldigitaldeasturias.com\\\/noticias\\\/exposiciones-festivales-gastronomia-e-investigacion-en-los-actos-del-greco-2014\\\/#authorImage\",\"url\":\"https:\\\/\\\/www.eldigitaldeasturias.com\\\/noticias\\\/wp-content\\\/litespeed\\\/avatar\\\/18677e78aa0546b92d9dbf31ec7d7668.jpg?ver=1776685526\",\"width\":96,\"height\":96,\"caption\":\"El Digital de Asturias\"}},{\"@type\":\"WebPage\",\"@id\":\"https:\\\/\\\/www.eldigitaldeasturias.com\\\/noticias\\\/exposiciones-festivales-gastronomia-e-investigacion-en-los-actos-del-greco-2014\\\/#webpage\",\"url\":\"https:\\\/\\\/www.eldigitaldeasturias.com\\\/noticias\\\/exposiciones-festivales-gastronomia-e-investigacion-en-los-actos-del-greco-2014\\\/\",\"name\":\"Exposiciones, festivales, gastronom\\u00eda e investigaci\\u00f3n en los actos del Greco 2014 - El Digital de Asturias\",\"description\":\"TOLEDO, 24 Sep. (EUROPA PRESS) - La celebraci\\u00f3n del IV Centenario de la muerte del Greco traer\\u00e1 a Toledo un a\\u00f1o cargado de actividades relacionadas con el pintor cretense entre las que destacan varias exposiciones, festivales de m\\u00fasica, homenajes, escultura y gastronom\\u00eda que tal y como ha asegurado el presidente de la Fundaci\\u00f3n organizadora, Gregorio Mara\\u00f1\\u00f3n,\",\"inLanguage\":\"es-ES\",\"isPartOf\":{\"@id\":\"https:\\\/\\\/www.eldigitaldeasturias.com\\\/noticias\\\/#website\"},\"breadcrumb\":{\"@id\":\"https:\\\/\\\/www.eldigitaldeasturias.com\\\/noticias\\\/exposiciones-festivales-gastronomia-e-investigacion-en-los-actos-del-greco-2014\\\/#breadcrumblist\"},\"author\":{\"@id\":\"https:\\\/\\\/www.eldigitaldeasturias.com\\\/noticias\\\/author\\\/admin\\\/#author\"},\"creator\":{\"@id\":\"https:\\\/\\\/www.eldigitaldeasturias.com\\\/noticias\\\/author\\\/admin\\\/#author\"},\"image\":{\"@type\":\"ImageObject\",\"url\":2723,\"@id\":\"https:\\\/\\\/www.eldigitaldeasturias.com\\\/noticias\\\/exposiciones-festivales-gastronomia-e-investigacion-en-los-actos-del-greco-2014\\\/#mainImage\"},\"primaryImageOfPage\":{\"@id\":\"https:\\\/\\\/www.eldigitaldeasturias.com\\\/noticias\\\/exposiciones-festivales-gastronomia-e-investigacion-en-los-actos-del-greco-2014\\\/#mainImage\"},\"datePublished\":\"2013-09-24T21:06:16+02:00\",\"dateModified\":\"2013-09-24T21:06:16+02:00\"},{\"@type\":\"WebSite\",\"@id\":\"https:\\\/\\\/www.eldigitaldeasturias.com\\\/noticias\\\/#website\",\"url\":\"https:\\\/\\\/www.eldigitaldeasturias.com\\\/noticias\\\/\",\"name\":\"El Digital de Asturias - Diario de actualidad y noticias\",\"alternateName\":\"El Digital de Asturias - Diario de actualidad y noticias\",\"description\":\"Hemeroteca\",\"inLanguage\":\"es-ES\",\"publisher\":{\"@id\":\"https:\\\/\\\/www.eldigitaldeasturias.com\\\/noticias\\\/#organization\"}}]}\n\t\t<\/script>\n\t\t<!-- All in One SEO Pro -->\r\n\t\t<title>Exposiciones, festivales, gastronom\u00eda e investigaci\u00f3n en los actos del Greco 2014 - El Digital de Asturias<\/title>\n\n","aioseo_head_json":{"title":"Exposiciones, festivales, gastronom\u00eda e investigaci\u00f3n en los actos del Greco 2014 - El Digital de Asturias","description":"TOLEDO, 24 Sep. (EUROPA PRESS) - La celebraci\u00f3n del IV Centenario de la muerte del Greco traer\u00e1 a Toledo un a\u00f1o cargado de actividades relacionadas con el pintor cretense entre las que destacan varias exposiciones, festivales de m\u00fasica, homenajes, escultura y gastronom\u00eda que tal y como ha asegurado el presidente de la Fundaci\u00f3n organizadora, Gregorio Mara\u00f1\u00f3n,","canonical_url":"https:\/\/www.eldigitaldeasturias.com\/noticias\/exposiciones-festivales-gastronomia-e-investigacion-en-los-actos-del-greco-2014\/","robots":"max-image-preview:large","keywords":"sociedad","webmasterTools":{"google-site-verification":"UA-38556648-1","msvalidate.01":"7dfe9f3f1b24437ab69f4f2559babe99","miscellaneous":""},"schema":{"@context":"https:\/\/schema.org","@graph":[{"@type":"BlogPosting","@id":"https:\/\/www.eldigitaldeasturias.com\/noticias\/exposiciones-festivales-gastronomia-e-investigacion-en-los-actos-del-greco-2014\/#blogposting","name":"Exposiciones, festivales, gastronom\u00eda e investigaci\u00f3n en los actos del Greco 2014 - El Digital de Asturias","headline":"Exposiciones, festivales, gastronom\u00eda e investigaci\u00f3n en los actos del Greco 2014","author":{"@id":"https:\/\/www.eldigitaldeasturias.com\/noticias\/author\/admin\/#author"},"publisher":{"@id":"https:\/\/www.eldigitaldeasturias.com\/noticias\/#organization"},"image":{"@type":"ImageObject","url":2723},"datePublished":"2013-09-24T21:06:16+02:00","dateModified":"2013-09-24T21:06:16+02:00","inLanguage":"es-ES","mainEntityOfPage":{"@id":"https:\/\/www.eldigitaldeasturias.com\/noticias\/exposiciones-festivales-gastronomia-e-investigacion-en-los-actos-del-greco-2014\/#webpage"},"isPartOf":{"@id":"https:\/\/www.eldigitaldeasturias.com\/noticias\/exposiciones-festivales-gastronomia-e-investigacion-en-los-actos-del-greco-2014\/#webpage"},"articleSection":"Sociedad"},{"@type":"BreadcrumbList","@id":"https:\/\/www.eldigitaldeasturias.com\/noticias\/exposiciones-festivales-gastronomia-e-investigacion-en-los-actos-del-greco-2014\/#breadcrumblist","itemListElement":[{"@type":"ListItem","@id":"https:\/\/www.eldigitaldeasturias.com\/noticias#listItem","position":1,"name":"Home","item":"https:\/\/www.eldigitaldeasturias.com\/noticias","nextItem":{"@type":"ListItem","@id":"https:\/\/www.eldigitaldeasturias.com\/noticias\/category\/sociedad\/#listItem","name":"Sociedad"}},{"@type":"ListItem","@id":"https:\/\/www.eldigitaldeasturias.com\/noticias\/category\/sociedad\/#listItem","position":2,"name":"Sociedad","item":"https:\/\/www.eldigitaldeasturias.com\/noticias\/category\/sociedad\/","nextItem":{"@type":"ListItem","@id":"https:\/\/www.eldigitaldeasturias.com\/noticias\/exposiciones-festivales-gastronomia-e-investigacion-en-los-actos-del-greco-2014\/#listItem","name":"Exposiciones, festivales, gastronom\u00eda e investigaci\u00f3n en los actos del Greco 2014"},"previousItem":{"@type":"ListItem","@id":"https:\/\/www.eldigitaldeasturias.com\/noticias#listItem","name":"Home"}},{"@type":"ListItem","@id":"https:\/\/www.eldigitaldeasturias.com\/noticias\/exposiciones-festivales-gastronomia-e-investigacion-en-los-actos-del-greco-2014\/#listItem","position":3,"name":"Exposiciones, festivales, gastronom\u00eda e investigaci\u00f3n en los actos del Greco 2014","previousItem":{"@type":"ListItem","@id":"https:\/\/www.eldigitaldeasturias.com\/noticias\/category\/sociedad\/#listItem","name":"Sociedad"}}]},{"@type":"Organization","@id":"https:\/\/www.eldigitaldeasturias.com\/noticias\/#organization","name":"El Digital de Asturias","description":"Hemeroteca","url":"https:\/\/www.eldigitaldeasturias.com\/noticias\/","email":"info@eldigitaldeasturias.com","telephone":"+34652131393","logo":{"@type":"ImageObject","url":"https:\/\/www.eldigitaldeasturias.com\/noticias\/wp-content\/uploads\/2020\/12\/EDA.jpg","@id":"https:\/\/www.eldigitaldeasturias.com\/noticias\/exposiciones-festivales-gastronomia-e-investigacion-en-los-actos-del-greco-2014\/#organizationLogo","width":649,"height":297},"image":{"@id":"https:\/\/www.eldigitaldeasturias.com\/noticias\/exposiciones-festivales-gastronomia-e-investigacion-en-los-actos-del-greco-2014\/#organizationLogo"},"sameAs":["https:\/\/facebook.com\/eldigitaldeasturias","https:\/\/www.youtube.com\/channel\/UCZP-2wLEB9Rv6erhFmqVnvg"],"address":{"@id":"https:\/\/www.eldigitaldeasturias.com\/noticias\/#postaladdress","@type":"PostalAddress","streetAddress":"san antonio 4,","postalCode":"33430","addressLocality":"Cand\u00e1s","addressRegion":"Asturias","addressCountry":"ES"}},{"@type":"Person","@id":"https:\/\/www.eldigitaldeasturias.com\/noticias\/author\/admin\/#author","url":"https:\/\/www.eldigitaldeasturias.com\/noticias\/author\/admin\/","name":"El Digital de Asturias","image":{"@type":"ImageObject","@id":"https:\/\/www.eldigitaldeasturias.com\/noticias\/exposiciones-festivales-gastronomia-e-investigacion-en-los-actos-del-greco-2014\/#authorImage","url":"https:\/\/www.eldigitaldeasturias.com\/noticias\/wp-content\/litespeed\/avatar\/18677e78aa0546b92d9dbf31ec7d7668.jpg?ver=1776685526","width":96,"height":96,"caption":"El Digital de Asturias"}},{"@type":"WebPage","@id":"https:\/\/www.eldigitaldeasturias.com\/noticias\/exposiciones-festivales-gastronomia-e-investigacion-en-los-actos-del-greco-2014\/#webpage","url":"https:\/\/www.eldigitaldeasturias.com\/noticias\/exposiciones-festivales-gastronomia-e-investigacion-en-los-actos-del-greco-2014\/","name":"Exposiciones, festivales, gastronom\u00eda e investigaci\u00f3n en los actos del Greco 2014 - El Digital de Asturias","description":"TOLEDO, 24 Sep. (EUROPA PRESS) - La celebraci\u00f3n del IV Centenario de la muerte del Greco traer\u00e1 a Toledo un a\u00f1o cargado de actividades relacionadas con el pintor cretense entre las que destacan varias exposiciones, festivales de m\u00fasica, homenajes, escultura y gastronom\u00eda que tal y como ha asegurado el presidente de la Fundaci\u00f3n organizadora, Gregorio Mara\u00f1\u00f3n,","inLanguage":"es-ES","isPartOf":{"@id":"https:\/\/www.eldigitaldeasturias.com\/noticias\/#website"},"breadcrumb":{"@id":"https:\/\/www.eldigitaldeasturias.com\/noticias\/exposiciones-festivales-gastronomia-e-investigacion-en-los-actos-del-greco-2014\/#breadcrumblist"},"author":{"@id":"https:\/\/www.eldigitaldeasturias.com\/noticias\/author\/admin\/#author"},"creator":{"@id":"https:\/\/www.eldigitaldeasturias.com\/noticias\/author\/admin\/#author"},"image":{"@type":"ImageObject","url":2723,"@id":"https:\/\/www.eldigitaldeasturias.com\/noticias\/exposiciones-festivales-gastronomia-e-investigacion-en-los-actos-del-greco-2014\/#mainImage"},"primaryImageOfPage":{"@id":"https:\/\/www.eldigitaldeasturias.com\/noticias\/exposiciones-festivales-gastronomia-e-investigacion-en-los-actos-del-greco-2014\/#mainImage"},"datePublished":"2013-09-24T21:06:16+02:00","dateModified":"2013-09-24T21:06:16+02:00"},{"@type":"WebSite","@id":"https:\/\/www.eldigitaldeasturias.com\/noticias\/#website","url":"https:\/\/www.eldigitaldeasturias.com\/noticias\/","name":"El Digital de Asturias - Diario de actualidad y noticias","alternateName":"El Digital de Asturias - Diario de actualidad y noticias","description":"Hemeroteca","inLanguage":"es-ES","publisher":{"@id":"https:\/\/www.eldigitaldeasturias.com\/noticias\/#organization"}}]},"og:locale":"es_ES","og:site_name":"El Digital de Asturias","og:type":"article","og:title":"Exposiciones, festivales, gastronom\u00eda e investigaci\u00f3n en los actos del Greco 2014 - El Digital de Asturias","og:description":"TOLEDO, 24 Sep. (EUROPA PRESS) - La celebraci\u00f3n del IV Centenario de la muerte del Greco traer\u00e1 a Toledo un a\u00f1o cargado de actividades relacionadas con el pintor cretense entre las que destacan varias exposiciones, festivales de m\u00fasica, homenajes, escultura y gastronom\u00eda que tal y como ha asegurado el presidente de la Fundaci\u00f3n organizadora, Gregorio Mara\u00f1\u00f3n,","og:url":"https:\/\/www.eldigitaldeasturias.com\/noticias\/exposiciones-festivales-gastronomia-e-investigacion-en-los-actos-del-greco-2014\/","article:tag":["sociedad"],"article:published_time":"2013-09-24T21:06:16+00:00","article:modified_time":"2013-09-24T21:06:16+00:00","article:publisher":"https:\/\/facebook.com\/eldigitaldeasturias","twitter:card":"summary_large_image","twitter:title":"Exposiciones, festivales, gastronom\u00eda e investigaci\u00f3n en los actos del Greco 2014 - El Digital de Asturias","twitter:description":"TOLEDO, 24 Sep. (EUROPA PRESS) - La celebraci\u00f3n del IV Centenario de la muerte del Greco traer\u00e1 a Toledo un a\u00f1o cargado de actividades relacionadas con el pintor cretense entre las que destacan varias exposiciones, festivales de m\u00fasica, homenajes, escultura y gastronom\u00eda que tal y como ha asegurado el presidente de la Fundaci\u00f3n organizadora, Gregorio Mara\u00f1\u00f3n,","twitter:label1":"Escrito por","twitter:data1":"El Digital de Asturias","twitter:label2":"Tiempo de lectura estimado","twitter:data2":"7 minutos"},"aioseo_meta_data":{"post_id":"2722","title":null,"description":null,"keywords":null,"keyphrases":null,"primary_term":null,"canonical_url":null,"og_title":null,"og_description":null,"og_object_type":"default","og_image_type":"default","og_image_url":null,"og_image_width":null,"og_image_height":null,"og_image_custom_url":null,"og_image_custom_fields":null,"og_video":null,"og_custom_url":null,"og_article_section":null,"og_article_tags":null,"twitter_use_og":true,"twitter_card":"default","twitter_image_type":"default","twitter_image_url":null,"twitter_image_custom_url":null,"twitter_image_custom_fields":null,"twitter_title":null,"twitter_description":null,"schema":{"blockGraphs":[],"customGraphs":[],"default":{"data":{"Article":[],"Course":[],"Dataset":[],"FAQPage":[],"Movie":[],"Person":[],"Product":[],"ProductReview":[],"Car":[],"Recipe":[],"Service":[],"SoftwareApplication":[],"WebPage":[]},"graphName":"","isEnabled":true},"graphs":[],"defaultGraph":"","defaultPostTypeGraph":""},"schema_type":null,"schema_type_options":null,"pillar_content":false,"robots_default":true,"robots_noindex":false,"robots_noarchive":false,"robots_nosnippet":false,"robots_nofollow":false,"robots_noimageindex":false,"robots_noodp":false,"robots_notranslate":false,"robots_max_snippet":null,"robots_max_videopreview":null,"robots_max_imagepreview":"none","priority":null,"frequency":null,"local_seo":null,"seo_analyzer_scan_date":"2025-08-21 04:46:56","breadcrumb_settings":null,"limit_modified_date":false,"open_ai":null,"ai":null,"created":"2020-11-14 22:36:57","updated":"2025-08-21 04:46:56"},"aioseo_breadcrumb":"<div class=\"aioseo-breadcrumbs\"><span class=\"aioseo-breadcrumb\">\n\t<a href=\"https:\/\/www.eldigitaldeasturias.com\/noticias\" title=\"Home\">Home<\/a>\n<\/span><span class=\"aioseo-breadcrumb-separator\">\u2013<\/span><span class=\"aioseo-breadcrumb\">\n\t<a href=\"https:\/\/www.eldigitaldeasturias.com\/noticias\/category\/sociedad\/\" title=\"Sociedad\">Sociedad<\/a>\n<\/span><span class=\"aioseo-breadcrumb-separator\">\u2013<\/span><span class=\"aioseo-breadcrumb\">\n\t<a href=\"https:\/\/www.eldigitaldeasturias.com\/noticias\/exposiciones-festivales-gastronomia-e-investigacion-en-los-actos-del-greco-2014\/\" title=\"Exposiciones, festivales, gastronom\u00eda e investigaci\u00f3n en los actos del Greco 2014\">Exposiciones, festivales, gastronom\u00eda e investigaci\u00f3n en los actos del Greco 2014<\/a>\n<\/span><\/div>","aioseo_breadcrumb_json":[{"label":"Home","link":"https:\/\/www.eldigitaldeasturias.com\/noticias"},{"label":"Sociedad","link":"https:\/\/www.eldigitaldeasturias.com\/noticias\/category\/sociedad\/"},{"label":"Exposiciones, festivales, gastronom\u00eda e investigaci\u00f3n en los actos del Greco 2014","link":"https:\/\/www.eldigitaldeasturias.com\/noticias\/exposiciones-festivales-gastronomia-e-investigacion-en-los-actos-del-greco-2014\/"}],"_links":{"self":[{"href":"https:\/\/www.eldigitaldeasturias.com\/noticias\/wp-json\/wp\/v2\/posts\/2722","targetHints":{"allow":["GET"]}}],"collection":[{"href":"https:\/\/www.eldigitaldeasturias.com\/noticias\/wp-json\/wp\/v2\/posts"}],"about":[{"href":"https:\/\/www.eldigitaldeasturias.com\/noticias\/wp-json\/wp\/v2\/types\/post"}],"author":[{"embeddable":true,"href":"https:\/\/www.eldigitaldeasturias.com\/noticias\/wp-json\/wp\/v2\/users\/1"}],"replies":[{"embeddable":true,"href":"https:\/\/www.eldigitaldeasturias.com\/noticias\/wp-json\/wp\/v2\/comments?post=2722"}],"version-history":[{"count":0,"href":"https:\/\/www.eldigitaldeasturias.com\/noticias\/wp-json\/wp\/v2\/posts\/2722\/revisions"}],"wp:featuredmedia":[{"embeddable":true,"href":"https:\/\/www.eldigitaldeasturias.com\/noticias\/wp-json\/"}],"wp:attachment":[{"href":"https:\/\/www.eldigitaldeasturias.com\/noticias\/wp-json\/wp\/v2\/media?parent=2722"}],"wp:term":[{"taxonomy":"category","embeddable":true,"href":"https:\/\/www.eldigitaldeasturias.com\/noticias\/wp-json\/wp\/v2\/categories?post=2722"},{"taxonomy":"post_tag","embeddable":true,"href":"https:\/\/www.eldigitaldeasturias.com\/noticias\/wp-json\/wp\/v2\/tags?post=2722"}],"curies":[{"name":"wp","href":"https:\/\/api.w.org\/{rel}","templated":true}]}}