{"id":172,"date":"2013-09-18T16:13:13","date_gmt":"2013-09-18T16:13:13","guid":{"rendered":"http:\/\/www.eldigitaldeasturias.com\/noticias\/?p=172"},"modified":"2013-09-18T16:13:13","modified_gmt":"2013-09-18T16:13:13","slug":"san-mateo-suspendido-el-concierto-de-manolo-escobar","status":"publish","type":"post","link":"https:\/\/www.eldigitaldeasturias.com\/noticias\/san-mateo-suspendido-el-concierto-de-manolo-escobar\/","title":{"rendered":"San Mateo : Suspendido el concierto de Manolo Escobar"},"content":{"rendered":"<p><img loading=\"lazy\" decoding=\"async\" class=\"alignleft size-medium wp-image-173\" alt=\"fotonoticia_20130918092340_800\" src=\"https:\/\/www.eldigitaldeasturias.com\/noticias\/wp-content\/uploads\/2013\/09\/fotonoticia_20130918092340_800-300x300.jpg\" width=\"300\" height=\"300\" srcset=\"https:\/\/www.eldigitaldeasturias.com\/noticias\/wp-content\/uploads\/2013\/09\/fotonoticia_20130918092340_800-300x300.jpg 300w, https:\/\/www.eldigitaldeasturias.com\/noticias\/wp-content\/uploads\/2013\/09\/fotonoticia_20130918092340_800-320x320.jpg 320w, https:\/\/www.eldigitaldeasturias.com\/noticias\/wp-content\/uploads\/2013\/09\/fotonoticia_20130918092340_800-50x50.jpg 50w, https:\/\/www.eldigitaldeasturias.com\/noticias\/wp-content\/uploads\/2013\/09\/fotonoticia_20130918092340_800-90x90.jpg 90w, https:\/\/www.eldigitaldeasturias.com\/noticias\/wp-content\/uploads\/2013\/09\/fotonoticia_20130918092340_800.jpg 500w\" sizes=\"auto, (max-width: 300px) 100vw, 300px\" \/>OVIEDO, 18 Sep. (EUROPA PRESS) &#8211;\u00a0El concierto de Manolo Escobar previsto para este viernes en Oviedo, dentro de la programaci\u00f3n musical de las fiestas de San Manteo, ha sido suspendido por motivos de salud del cantante.<\/p>\n<p>El Ayuntamiento de Oviedo as\u00ed lo ha informado. A lo largo de este mi\u00e9rcoles se dar\u00e1 a conocer el nombre del artista que lo sustituir\u00e1.<\/p>\n<p>&nbsp;<\/p>\n<p>&nbsp;<\/p>\n<p>&nbsp;<\/p>\n<p>&nbsp;<\/p>\n<p>&nbsp;<\/p>\n","protected":false},"excerpt":{"rendered":"<p>OVIEDO, 18 Sep. (EUROPA PRESS) &#8211;\u00a0El concierto de Manolo Escobar previsto para este viernes en Oviedo, dentro de la programaci\u00f3n musical de las fiestas de San Manteo, ha sido suspendido por motivos de salud del cantante. El Ayuntamiento de Oviedo as\u00ed lo ha informado. A lo largo de este mi\u00e9rcoles se dar\u00e1 a conocer el [&hellip;]<\/p>\n","protected":false},"author":1,"featured_media":173,"comment_status":"open","ping_status":"open","sticky":false,"template":"","format":"standard","meta":{"footnotes":""},"categories":[2],"tags":[],"class_list":["post-172","post","type-post","status-publish","format-standard","has-post-thumbnail","hentry","category-agenda"],"aioseo_notices":[],"aioseo_head":"\n\t\t<!-- All in One SEO Pro 4.9.6.2 - aioseo.com -->\n\t<meta name=\"description\" content=\"OVIEDO, 18 Sep. (EUROPA PRESS) - El concierto de Manolo Escobar previsto para este viernes en Oviedo, dentro de la programaci\u00f3n musical de las fiestas de San Manteo, ha sido suspendido por motivos de salud del cantante. El Ayuntamiento de Oviedo as\u00ed lo ha informado. A lo largo de este mi\u00e9rcoles se dar\u00e1 a conocer el\" \/>\n\t<meta name=\"robots\" content=\"max-image-preview:large\" \/>\n\t<meta name=\"author\" content=\"El Digital de Asturias\"\/>\n\t<meta name=\"google-site-verification\" content=\"UA-38556648-1\" \/>\n\t<meta name=\"msvalidate.01\" content=\"7dfe9f3f1b24437ab69f4f2559babe99\" \/>\n\t<meta name=\"keywords\" content=\"agenda\" \/>\n\t<link rel=\"canonical\" href=\"https:\/\/www.eldigitaldeasturias.com\/noticias\/san-mateo-suspendido-el-concierto-de-manolo-escobar\/\" \/>\n\t<meta name=\"generator\" content=\"All in One SEO Pro (AIOSEO) 4.9.6.2\" \/>\n\t\t<meta property=\"og:locale\" content=\"es_ES\" \/>\n\t\t<meta property=\"og:site_name\" content=\"El Digital de Asturias\" \/>\n\t\t<meta property=\"og:type\" content=\"article\" \/>\n\t\t<meta property=\"og:title\" content=\"San Mateo : Suspendido el concierto de Manolo Escobar - El Digital de Asturias\" \/>\n\t\t<meta property=\"og:description\" content=\"OVIEDO, 18 Sep. (EUROPA PRESS) - El concierto de Manolo Escobar previsto para este viernes en Oviedo, dentro de la programaci\u00f3n musical de las fiestas de San Manteo, ha sido suspendido por motivos de salud del cantante. El Ayuntamiento de Oviedo as\u00ed lo ha informado. A lo largo de este mi\u00e9rcoles se dar\u00e1 a conocer el\" \/>\n\t\t<meta property=\"og:url\" content=\"https:\/\/www.eldigitaldeasturias.com\/noticias\/san-mateo-suspendido-el-concierto-de-manolo-escobar\/\" \/>\n\t\t<meta property=\"og:image\" content=\"https:\/\/www.eldigitaldeasturias.com\/noticias\/wp-content\/uploads\/2013\/09\/fotonoticia_20130918092340_800.jpg\" \/>\n\t\t<meta property=\"og:image:secure_url\" content=\"https:\/\/www.eldigitaldeasturias.com\/noticias\/wp-content\/uploads\/2013\/09\/fotonoticia_20130918092340_800.jpg\" \/>\n\t\t<meta property=\"og:image:width\" content=\"500\" \/>\n\t\t<meta property=\"og:image:height\" content=\"500\" \/>\n\t\t<meta property=\"article:tag\" content=\"agenda\" \/>\n\t\t<meta property=\"article:published_time\" content=\"2013-09-18T16:13:13+00:00\" \/>\n\t\t<meta property=\"article:modified_time\" content=\"2013-09-18T16:13:13+00:00\" \/>\n\t\t<meta property=\"article:publisher\" content=\"https:\/\/facebook.com\/eldigitaldeasturias\" \/>\n\t\t<meta name=\"twitter:card\" content=\"summary_large_image\" \/>\n\t\t<meta name=\"twitter:title\" content=\"San Mateo : Suspendido el concierto de Manolo Escobar - El Digital de Asturias\" \/>\n\t\t<meta name=\"twitter:description\" content=\"OVIEDO, 18 Sep. (EUROPA PRESS) - El concierto de Manolo Escobar previsto para este viernes en Oviedo, dentro de la programaci\u00f3n musical de las fiestas de San Manteo, ha sido suspendido por motivos de salud del cantante. El Ayuntamiento de Oviedo as\u00ed lo ha informado. A lo largo de este mi\u00e9rcoles se dar\u00e1 a conocer el\" \/>\n\t\t<meta name=\"twitter:image\" content=\"https:\/\/www.eldigitaldeasturias.com\/noticias\/wp-content\/uploads\/2013\/09\/fotonoticia_20130918092340_800.jpg\" \/>\n\t\t<meta name=\"twitter:label1\" content=\"Escrito por\" \/>\n\t\t<meta name=\"twitter:data1\" content=\"El Digital de Asturias\" \/>\n\t\t<script type=\"application\/ld+json\" class=\"aioseo-schema\">\n\t\t\t{\"@context\":\"https:\\\/\\\/schema.org\",\"@graph\":[{\"@type\":\"BlogPosting\",\"@id\":\"https:\\\/\\\/www.eldigitaldeasturias.com\\\/noticias\\\/san-mateo-suspendido-el-concierto-de-manolo-escobar\\\/#blogposting\",\"name\":\"San Mateo : Suspendido el concierto de Manolo Escobar - El Digital de Asturias\",\"headline\":\"San Mateo : Suspendido el concierto de Manolo Escobar\",\"author\":{\"@id\":\"https:\\\/\\\/www.eldigitaldeasturias.com\\\/noticias\\\/author\\\/admin\\\/#author\"},\"publisher\":{\"@id\":\"https:\\\/\\\/www.eldigitaldeasturias.com\\\/noticias\\\/#organization\"},\"image\":{\"@type\":\"ImageObject\",\"url\":\"https:\\\/\\\/www.eldigitaldeasturias.com\\\/noticias\\\/wp-content\\\/uploads\\\/2013\\\/09\\\/fotonoticia_20130918092340_800.jpg\",\"width\":500,\"height\":500},\"datePublished\":\"2013-09-18T16:13:13+02:00\",\"dateModified\":\"2013-09-18T16:13:13+02:00\",\"inLanguage\":\"es-ES\",\"mainEntityOfPage\":{\"@id\":\"https:\\\/\\\/www.eldigitaldeasturias.com\\\/noticias\\\/san-mateo-suspendido-el-concierto-de-manolo-escobar\\\/#webpage\"},\"isPartOf\":{\"@id\":\"https:\\\/\\\/www.eldigitaldeasturias.com\\\/noticias\\\/san-mateo-suspendido-el-concierto-de-manolo-escobar\\\/#webpage\"},\"articleSection\":\"Agenda\"},{\"@type\":\"BreadcrumbList\",\"@id\":\"https:\\\/\\\/www.eldigitaldeasturias.com\\\/noticias\\\/san-mateo-suspendido-el-concierto-de-manolo-escobar\\\/#breadcrumblist\",\"itemListElement\":[{\"@type\":\"ListItem\",\"@id\":\"https:\\\/\\\/www.eldigitaldeasturias.com\\\/noticias#listItem\",\"position\":1,\"name\":\"Home\",\"item\":\"https:\\\/\\\/www.eldigitaldeasturias.com\\\/noticias\",\"nextItem\":{\"@type\":\"ListItem\",\"@id\":\"https:\\\/\\\/www.eldigitaldeasturias.com\\\/noticias\\\/category\\\/agenda\\\/#listItem\",\"name\":\"Agenda\"}},{\"@type\":\"ListItem\",\"@id\":\"https:\\\/\\\/www.eldigitaldeasturias.com\\\/noticias\\\/category\\\/agenda\\\/#listItem\",\"position\":2,\"name\":\"Agenda\",\"item\":\"https:\\\/\\\/www.eldigitaldeasturias.com\\\/noticias\\\/category\\\/agenda\\\/\",\"nextItem\":{\"@type\":\"ListItem\",\"@id\":\"https:\\\/\\\/www.eldigitaldeasturias.com\\\/noticias\\\/san-mateo-suspendido-el-concierto-de-manolo-escobar\\\/#listItem\",\"name\":\"San Mateo : Suspendido el concierto de Manolo Escobar\"},\"previousItem\":{\"@type\":\"ListItem\",\"@id\":\"https:\\\/\\\/www.eldigitaldeasturias.com\\\/noticias#listItem\",\"name\":\"Home\"}},{\"@type\":\"ListItem\",\"@id\":\"https:\\\/\\\/www.eldigitaldeasturias.com\\\/noticias\\\/san-mateo-suspendido-el-concierto-de-manolo-escobar\\\/#listItem\",\"position\":3,\"name\":\"San Mateo : Suspendido el concierto de Manolo Escobar\",\"previousItem\":{\"@type\":\"ListItem\",\"@id\":\"https:\\\/\\\/www.eldigitaldeasturias.com\\\/noticias\\\/category\\\/agenda\\\/#listItem\",\"name\":\"Agenda\"}}]},{\"@type\":\"Organization\",\"@id\":\"https:\\\/\\\/www.eldigitaldeasturias.com\\\/noticias\\\/#organization\",\"name\":\"El Digital de Asturias\",\"description\":\"Hemeroteca\",\"url\":\"https:\\\/\\\/www.eldigitaldeasturias.com\\\/noticias\\\/\",\"email\":\"info@eldigitaldeasturias.com\",\"telephone\":\"+34652131393\",\"logo\":{\"@type\":\"ImageObject\",\"url\":\"https:\\\/\\\/www.eldigitaldeasturias.com\\\/noticias\\\/wp-content\\\/uploads\\\/2020\\\/12\\\/EDA.jpg\",\"@id\":\"https:\\\/\\\/www.eldigitaldeasturias.com\\\/noticias\\\/san-mateo-suspendido-el-concierto-de-manolo-escobar\\\/#organizationLogo\",\"width\":649,\"height\":297},\"image\":{\"@id\":\"https:\\\/\\\/www.eldigitaldeasturias.com\\\/noticias\\\/san-mateo-suspendido-el-concierto-de-manolo-escobar\\\/#organizationLogo\"},\"sameAs\":[\"https:\\\/\\\/facebook.com\\\/eldigitaldeasturias\",\"https:\\\/\\\/www.youtube.com\\\/channel\\\/UCZP-2wLEB9Rv6erhFmqVnvg\"],\"address\":{\"@id\":\"https:\\\/\\\/www.eldigitaldeasturias.com\\\/noticias\\\/#postaladdress\",\"@type\":\"PostalAddress\",\"streetAddress\":\"san antonio 4,\",\"postalCode\":\"33430\",\"addressLocality\":\"Cand\\u00e1s\",\"addressRegion\":\"Asturias\",\"addressCountry\":\"ES\"}},{\"@type\":\"Person\",\"@id\":\"https:\\\/\\\/www.eldigitaldeasturias.com\\\/noticias\\\/author\\\/admin\\\/#author\",\"url\":\"https:\\\/\\\/www.eldigitaldeasturias.com\\\/noticias\\\/author\\\/admin\\\/\",\"name\":\"El Digital de Asturias\",\"image\":{\"@type\":\"ImageObject\",\"@id\":\"https:\\\/\\\/www.eldigitaldeasturias.com\\\/noticias\\\/san-mateo-suspendido-el-concierto-de-manolo-escobar\\\/#authorImage\",\"url\":\"https:\\\/\\\/www.eldigitaldeasturias.com\\\/noticias\\\/wp-content\\\/litespeed\\\/avatar\\\/18677e78aa0546b92d9dbf31ec7d7668.jpg?ver=1777290358\",\"width\":96,\"height\":96,\"caption\":\"El Digital de Asturias\"}},{\"@type\":\"WebPage\",\"@id\":\"https:\\\/\\\/www.eldigitaldeasturias.com\\\/noticias\\\/san-mateo-suspendido-el-concierto-de-manolo-escobar\\\/#webpage\",\"url\":\"https:\\\/\\\/www.eldigitaldeasturias.com\\\/noticias\\\/san-mateo-suspendido-el-concierto-de-manolo-escobar\\\/\",\"name\":\"San Mateo : Suspendido el concierto de Manolo Escobar - El Digital de Asturias\",\"description\":\"OVIEDO, 18 Sep. (EUROPA PRESS) - El concierto de Manolo Escobar previsto para este viernes en Oviedo, dentro de la programaci\\u00f3n musical de las fiestas de San Manteo, ha sido suspendido por motivos de salud del cantante. El Ayuntamiento de Oviedo as\\u00ed lo ha informado. A lo largo de este mi\\u00e9rcoles se dar\\u00e1 a conocer el\",\"inLanguage\":\"es-ES\",\"isPartOf\":{\"@id\":\"https:\\\/\\\/www.eldigitaldeasturias.com\\\/noticias\\\/#website\"},\"breadcrumb\":{\"@id\":\"https:\\\/\\\/www.eldigitaldeasturias.com\\\/noticias\\\/san-mateo-suspendido-el-concierto-de-manolo-escobar\\\/#breadcrumblist\"},\"author\":{\"@id\":\"https:\\\/\\\/www.eldigitaldeasturias.com\\\/noticias\\\/author\\\/admin\\\/#author\"},\"creator\":{\"@id\":\"https:\\\/\\\/www.eldigitaldeasturias.com\\\/noticias\\\/author\\\/admin\\\/#author\"},\"image\":{\"@type\":\"ImageObject\",\"url\":\"https:\\\/\\\/www.eldigitaldeasturias.com\\\/noticias\\\/wp-content\\\/uploads\\\/2013\\\/09\\\/fotonoticia_20130918092340_800.jpg\",\"@id\":\"https:\\\/\\\/www.eldigitaldeasturias.com\\\/noticias\\\/san-mateo-suspendido-el-concierto-de-manolo-escobar\\\/#mainImage\",\"width\":500,\"height\":500},\"primaryImageOfPage\":{\"@id\":\"https:\\\/\\\/www.eldigitaldeasturias.com\\\/noticias\\\/san-mateo-suspendido-el-concierto-de-manolo-escobar\\\/#mainImage\"},\"datePublished\":\"2013-09-18T16:13:13+02:00\",\"dateModified\":\"2013-09-18T16:13:13+02:00\"},{\"@type\":\"WebSite\",\"@id\":\"https:\\\/\\\/www.eldigitaldeasturias.com\\\/noticias\\\/#website\",\"url\":\"https:\\\/\\\/www.eldigitaldeasturias.com\\\/noticias\\\/\",\"name\":\"El Digital de Asturias - Diario de actualidad y noticias\",\"alternateName\":\"El Digital de Asturias - Diario de actualidad y noticias\",\"description\":\"Hemeroteca\",\"inLanguage\":\"es-ES\",\"publisher\":{\"@id\":\"https:\\\/\\\/www.eldigitaldeasturias.com\\\/noticias\\\/#organization\"}}]}\n\t\t<\/script>\n\t\t<!-- All in One SEO Pro -->\r\n\t\t<title>San Mateo : Suspendido el concierto de Manolo Escobar - El Digital de Asturias<\/title>\n\n","aioseo_head_json":{"title":"San Mateo : Suspendido el concierto de Manolo Escobar - El Digital de Asturias","description":"OVIEDO, 18 Sep. (EUROPA PRESS) - El concierto de Manolo Escobar previsto para este viernes en Oviedo, dentro de la programaci\u00f3n musical de las fiestas de San Manteo, ha sido suspendido por motivos de salud del cantante. El Ayuntamiento de Oviedo as\u00ed lo ha informado. A lo largo de este mi\u00e9rcoles se dar\u00e1 a conocer el","canonical_url":"https:\/\/www.eldigitaldeasturias.com\/noticias\/san-mateo-suspendido-el-concierto-de-manolo-escobar\/","robots":"max-image-preview:large","keywords":"agenda","webmasterTools":{"google-site-verification":"UA-38556648-1","msvalidate.01":"7dfe9f3f1b24437ab69f4f2559babe99","miscellaneous":""},"schema":{"@context":"https:\/\/schema.org","@graph":[{"@type":"BlogPosting","@id":"https:\/\/www.eldigitaldeasturias.com\/noticias\/san-mateo-suspendido-el-concierto-de-manolo-escobar\/#blogposting","name":"San Mateo : Suspendido el concierto de Manolo Escobar - El Digital de Asturias","headline":"San Mateo : Suspendido el concierto de Manolo Escobar","author":{"@id":"https:\/\/www.eldigitaldeasturias.com\/noticias\/author\/admin\/#author"},"publisher":{"@id":"https:\/\/www.eldigitaldeasturias.com\/noticias\/#organization"},"image":{"@type":"ImageObject","url":"https:\/\/www.eldigitaldeasturias.com\/noticias\/wp-content\/uploads\/2013\/09\/fotonoticia_20130918092340_800.jpg","width":500,"height":500},"datePublished":"2013-09-18T16:13:13+02:00","dateModified":"2013-09-18T16:13:13+02:00","inLanguage":"es-ES","mainEntityOfPage":{"@id":"https:\/\/www.eldigitaldeasturias.com\/noticias\/san-mateo-suspendido-el-concierto-de-manolo-escobar\/#webpage"},"isPartOf":{"@id":"https:\/\/www.eldigitaldeasturias.com\/noticias\/san-mateo-suspendido-el-concierto-de-manolo-escobar\/#webpage"},"articleSection":"Agenda"},{"@type":"BreadcrumbList","@id":"https:\/\/www.eldigitaldeasturias.com\/noticias\/san-mateo-suspendido-el-concierto-de-manolo-escobar\/#breadcrumblist","itemListElement":[{"@type":"ListItem","@id":"https:\/\/www.eldigitaldeasturias.com\/noticias#listItem","position":1,"name":"Home","item":"https:\/\/www.eldigitaldeasturias.com\/noticias","nextItem":{"@type":"ListItem","@id":"https:\/\/www.eldigitaldeasturias.com\/noticias\/category\/agenda\/#listItem","name":"Agenda"}},{"@type":"ListItem","@id":"https:\/\/www.eldigitaldeasturias.com\/noticias\/category\/agenda\/#listItem","position":2,"name":"Agenda","item":"https:\/\/www.eldigitaldeasturias.com\/noticias\/category\/agenda\/","nextItem":{"@type":"ListItem","@id":"https:\/\/www.eldigitaldeasturias.com\/noticias\/san-mateo-suspendido-el-concierto-de-manolo-escobar\/#listItem","name":"San Mateo : Suspendido el concierto de Manolo Escobar"},"previousItem":{"@type":"ListItem","@id":"https:\/\/www.eldigitaldeasturias.com\/noticias#listItem","name":"Home"}},{"@type":"ListItem","@id":"https:\/\/www.eldigitaldeasturias.com\/noticias\/san-mateo-suspendido-el-concierto-de-manolo-escobar\/#listItem","position":3,"name":"San Mateo : Suspendido el concierto de Manolo Escobar","previousItem":{"@type":"ListItem","@id":"https:\/\/www.eldigitaldeasturias.com\/noticias\/category\/agenda\/#listItem","name":"Agenda"}}]},{"@type":"Organization","@id":"https:\/\/www.eldigitaldeasturias.com\/noticias\/#organization","name":"El Digital de Asturias","description":"Hemeroteca","url":"https:\/\/www.eldigitaldeasturias.com\/noticias\/","email":"info@eldigitaldeasturias.com","telephone":"+34652131393","logo":{"@type":"ImageObject","url":"https:\/\/www.eldigitaldeasturias.com\/noticias\/wp-content\/uploads\/2020\/12\/EDA.jpg","@id":"https:\/\/www.eldigitaldeasturias.com\/noticias\/san-mateo-suspendido-el-concierto-de-manolo-escobar\/#organizationLogo","width":649,"height":297},"image":{"@id":"https:\/\/www.eldigitaldeasturias.com\/noticias\/san-mateo-suspendido-el-concierto-de-manolo-escobar\/#organizationLogo"},"sameAs":["https:\/\/facebook.com\/eldigitaldeasturias","https:\/\/www.youtube.com\/channel\/UCZP-2wLEB9Rv6erhFmqVnvg"],"address":{"@id":"https:\/\/www.eldigitaldeasturias.com\/noticias\/#postaladdress","@type":"PostalAddress","streetAddress":"san antonio 4,","postalCode":"33430","addressLocality":"Cand\u00e1s","addressRegion":"Asturias","addressCountry":"ES"}},{"@type":"Person","@id":"https:\/\/www.eldigitaldeasturias.com\/noticias\/author\/admin\/#author","url":"https:\/\/www.eldigitaldeasturias.com\/noticias\/author\/admin\/","name":"El Digital de Asturias","image":{"@type":"ImageObject","@id":"https:\/\/www.eldigitaldeasturias.com\/noticias\/san-mateo-suspendido-el-concierto-de-manolo-escobar\/#authorImage","url":"https:\/\/www.eldigitaldeasturias.com\/noticias\/wp-content\/litespeed\/avatar\/18677e78aa0546b92d9dbf31ec7d7668.jpg?ver=1777290358","width":96,"height":96,"caption":"El Digital de Asturias"}},{"@type":"WebPage","@id":"https:\/\/www.eldigitaldeasturias.com\/noticias\/san-mateo-suspendido-el-concierto-de-manolo-escobar\/#webpage","url":"https:\/\/www.eldigitaldeasturias.com\/noticias\/san-mateo-suspendido-el-concierto-de-manolo-escobar\/","name":"San Mateo : Suspendido el concierto de Manolo Escobar - El Digital de Asturias","description":"OVIEDO, 18 Sep. (EUROPA PRESS) - El concierto de Manolo Escobar previsto para este viernes en Oviedo, dentro de la programaci\u00f3n musical de las fiestas de San Manteo, ha sido suspendido por motivos de salud del cantante. El Ayuntamiento de Oviedo as\u00ed lo ha informado. A lo largo de este mi\u00e9rcoles se dar\u00e1 a conocer el","inLanguage":"es-ES","isPartOf":{"@id":"https:\/\/www.eldigitaldeasturias.com\/noticias\/#website"},"breadcrumb":{"@id":"https:\/\/www.eldigitaldeasturias.com\/noticias\/san-mateo-suspendido-el-concierto-de-manolo-escobar\/#breadcrumblist"},"author":{"@id":"https:\/\/www.eldigitaldeasturias.com\/noticias\/author\/admin\/#author"},"creator":{"@id":"https:\/\/www.eldigitaldeasturias.com\/noticias\/author\/admin\/#author"},"image":{"@type":"ImageObject","url":"https:\/\/www.eldigitaldeasturias.com\/noticias\/wp-content\/uploads\/2013\/09\/fotonoticia_20130918092340_800.jpg","@id":"https:\/\/www.eldigitaldeasturias.com\/noticias\/san-mateo-suspendido-el-concierto-de-manolo-escobar\/#mainImage","width":500,"height":500},"primaryImageOfPage":{"@id":"https:\/\/www.eldigitaldeasturias.com\/noticias\/san-mateo-suspendido-el-concierto-de-manolo-escobar\/#mainImage"},"datePublished":"2013-09-18T16:13:13+02:00","dateModified":"2013-09-18T16:13:13+02:00"},{"@type":"WebSite","@id":"https:\/\/www.eldigitaldeasturias.com\/noticias\/#website","url":"https:\/\/www.eldigitaldeasturias.com\/noticias\/","name":"El Digital de Asturias - Diario de actualidad y noticias","alternateName":"El Digital de Asturias - Diario de actualidad y noticias","description":"Hemeroteca","inLanguage":"es-ES","publisher":{"@id":"https:\/\/www.eldigitaldeasturias.com\/noticias\/#organization"}}]},"og:locale":"es_ES","og:site_name":"El Digital de Asturias","og:type":"article","og:title":"San Mateo : Suspendido el concierto de Manolo Escobar - El Digital de Asturias","og:description":"OVIEDO, 18 Sep. (EUROPA PRESS) - El concierto de Manolo Escobar previsto para este viernes en Oviedo, dentro de la programaci\u00f3n musical de las fiestas de San Manteo, ha sido suspendido por motivos de salud del cantante. El Ayuntamiento de Oviedo as\u00ed lo ha informado. A lo largo de este mi\u00e9rcoles se dar\u00e1 a conocer el","og:url":"https:\/\/www.eldigitaldeasturias.com\/noticias\/san-mateo-suspendido-el-concierto-de-manolo-escobar\/","og:image":"https:\/\/www.eldigitaldeasturias.com\/noticias\/wp-content\/uploads\/2013\/09\/fotonoticia_20130918092340_800.jpg","og:image:secure_url":"https:\/\/www.eldigitaldeasturias.com\/noticias\/wp-content\/uploads\/2013\/09\/fotonoticia_20130918092340_800.jpg","og:image:width":500,"og:image:height":500,"article:tag":["agenda"],"article:published_time":"2013-09-18T16:13:13+00:00","article:modified_time":"2013-09-18T16:13:13+00:00","article:publisher":"https:\/\/facebook.com\/eldigitaldeasturias","twitter:card":"summary_large_image","twitter:title":"San Mateo : Suspendido el concierto de Manolo Escobar - El Digital de Asturias","twitter:description":"OVIEDO, 18 Sep. (EUROPA PRESS) - El concierto de Manolo Escobar previsto para este viernes en Oviedo, dentro de la programaci\u00f3n musical de las fiestas de San Manteo, ha sido suspendido por motivos de salud del cantante. El Ayuntamiento de Oviedo as\u00ed lo ha informado. A lo largo de este mi\u00e9rcoles se dar\u00e1 a conocer el","twitter:image":"https:\/\/www.eldigitaldeasturias.com\/noticias\/wp-content\/uploads\/2013\/09\/fotonoticia_20130918092340_800.jpg","twitter:label1":"Escrito por","twitter:data1":"El Digital de Asturias"},"aioseo_meta_data":{"post_id":"172","title":null,"description":null,"keywords":null,"keyphrases":null,"primary_term":null,"canonical_url":null,"og_title":null,"og_description":null,"og_object_type":"default","og_image_type":"default","og_image_url":null,"og_image_width":null,"og_image_height":null,"og_image_custom_url":null,"og_image_custom_fields":null,"og_video":null,"og_custom_url":null,"og_article_section":null,"og_article_tags":null,"twitter_use_og":true,"twitter_card":"default","twitter_image_type":"default","twitter_image_url":null,"twitter_image_custom_url":null,"twitter_image_custom_fields":null,"twitter_title":null,"twitter_description":null,"schema":{"blockGraphs":[],"customGraphs":[],"default":{"data":{"Article":[],"Course":[],"Dataset":[],"FAQPage":[],"Movie":[],"Person":[],"Product":[],"ProductReview":[],"Car":[],"Recipe":[],"Service":[],"SoftwareApplication":[],"WebPage":[]},"graphName":"","isEnabled":true},"graphs":[],"defaultGraph":"","defaultPostTypeGraph":""},"schema_type":null,"schema_type_options":null,"pillar_content":false,"robots_default":true,"robots_noindex":false,"robots_noarchive":false,"robots_nosnippet":false,"robots_nofollow":false,"robots_noimageindex":false,"robots_noodp":false,"robots_notranslate":false,"robots_max_snippet":null,"robots_max_videopreview":null,"robots_max_imagepreview":"none","priority":null,"frequency":null,"local_seo":null,"seo_analyzer_scan_date":"2025-08-20 22:36:50","breadcrumb_settings":null,"limit_modified_date":false,"open_ai":null,"ai":null,"created":"2020-11-14 22:36:10","updated":"2025-08-20 22:36:50"},"aioseo_breadcrumb":"<div class=\"aioseo-breadcrumbs\"><span class=\"aioseo-breadcrumb\">\n\t<a href=\"https:\/\/www.eldigitaldeasturias.com\/noticias\" title=\"Home\">Home<\/a>\n<\/span><span class=\"aioseo-breadcrumb-separator\">\u2013<\/span><span class=\"aioseo-breadcrumb\">\n\t<a href=\"https:\/\/www.eldigitaldeasturias.com\/noticias\/category\/agenda\/\" title=\"Agenda\">Agenda<\/a>\n<\/span><span class=\"aioseo-breadcrumb-separator\">\u2013<\/span><span class=\"aioseo-breadcrumb\">\n\t<a href=\"https:\/\/www.eldigitaldeasturias.com\/noticias\/san-mateo-suspendido-el-concierto-de-manolo-escobar\/\" title=\"San Mateo : Suspendido el concierto de Manolo Escobar\">San Mateo : Suspendido el concierto de Manolo Escobar<\/a>\n<\/span><\/div>","aioseo_breadcrumb_json":[{"label":"Home","link":"https:\/\/www.eldigitaldeasturias.com\/noticias"},{"label":"Agenda","link":"https:\/\/www.eldigitaldeasturias.com\/noticias\/category\/agenda\/"},{"label":"San Mateo : Suspendido el concierto de Manolo Escobar","link":"https:\/\/www.eldigitaldeasturias.com\/noticias\/san-mateo-suspendido-el-concierto-de-manolo-escobar\/"}],"_links":{"self":[{"href":"https:\/\/www.eldigitaldeasturias.com\/noticias\/wp-json\/wp\/v2\/posts\/172","targetHints":{"allow":["GET"]}}],"collection":[{"href":"https:\/\/www.eldigitaldeasturias.com\/noticias\/wp-json\/wp\/v2\/posts"}],"about":[{"href":"https:\/\/www.eldigitaldeasturias.com\/noticias\/wp-json\/wp\/v2\/types\/post"}],"author":[{"embeddable":true,"href":"https:\/\/www.eldigitaldeasturias.com\/noticias\/wp-json\/wp\/v2\/users\/1"}],"replies":[{"embeddable":true,"href":"https:\/\/www.eldigitaldeasturias.com\/noticias\/wp-json\/wp\/v2\/comments?post=172"}],"version-history":[{"count":0,"href":"https:\/\/www.eldigitaldeasturias.com\/noticias\/wp-json\/wp\/v2\/posts\/172\/revisions"}],"wp:featuredmedia":[{"embeddable":true,"href":"https:\/\/www.eldigitaldeasturias.com\/noticias\/wp-json\/wp\/v2\/media\/173"}],"wp:attachment":[{"href":"https:\/\/www.eldigitaldeasturias.com\/noticias\/wp-json\/wp\/v2\/media?parent=172"}],"wp:term":[{"taxonomy":"category","embeddable":true,"href":"https:\/\/www.eldigitaldeasturias.com\/noticias\/wp-json\/wp\/v2\/categories?post=172"},{"taxonomy":"post_tag","embeddable":true,"href":"https:\/\/www.eldigitaldeasturias.com\/noticias\/wp-json\/wp\/v2\/tags?post=172"}],"curies":[{"name":"wp","href":"https:\/\/api.w.org\/{rel}","templated":true}]}}