{"id":1130732,"date":"2024-05-17T01:29:27","date_gmt":"2024-05-16T23:29:27","guid":{"rendered":"https:\/\/www.eldigitaldeasturias.com\/noticias\/?p=1130732"},"modified":"2024-05-17T01:29:27","modified_gmt":"2024-05-16T23:29:27","slug":"asturias-contara-con-dos-nuevas-aulas-abiertas","status":"publish","type":"post","link":"https:\/\/www.eldigitaldeasturias.com\/noticias\/asturias-contara-con-dos-nuevas-aulas-abiertas\/","title":{"rendered":"Asturias contar\u00e1 con dos nuevas aulas abiertas"},"content":{"rendered":"<p>El<span style=\"color: #ff6600;\"><strong> <a style=\"color: #ff6600;\" title=\"Principado de Asturias\" href=\"https:\/\/actualidad.asturias.es\/\" target=\"_blank\" rel=\"noopener\">Gobierno de Asturias<\/a><\/strong><\/span> pondr\u00e1 en marcha el pr\u00f3ximo cursodos nuevas aulas abiertas en los colegios p\u00fablicos Aniceto Sela, de Mieres del Cam\u00edn, y El Llano, de <a href=\"https:\/\/www.eldigitaldeasturias.com\/noticias\/tag\/gijon\/\"><strong><span style=\"color: #ff6600;\">Gij\u00f3n<\/span><\/strong><\/a>\/Xix\u00f3n.<\/p>\n<figure id=\"attachment_1130733\" aria-describedby=\"caption-attachment-1130733\" style=\"width: 648px\" class=\"wp-caption alignleft\"><img loading=\"lazy\" decoding=\"async\" class=\"size-large wp-image-1130733\" src=\"https:\/\/www.eldigitaldeasturias.com\/noticias\/wp-content\/uploads\/2024\/05\/Nuevas-aulas-abiertas-en-Asturias-648x480.jpg\" alt=\"Nuevas aulas abiertas en Asturias\" width=\"648\" height=\"480\" srcset=\"https:\/\/www.eldigitaldeasturias.com\/noticias\/wp-content\/uploads\/2024\/05\/Nuevas-aulas-abiertas-en-Asturias-648x480.jpg 648w, https:\/\/www.eldigitaldeasturias.com\/noticias\/wp-content\/uploads\/2024\/05\/Nuevas-aulas-abiertas-en-Asturias-360x267.jpg 360w, https:\/\/www.eldigitaldeasturias.com\/noticias\/wp-content\/uploads\/2024\/05\/Nuevas-aulas-abiertas-en-Asturias-405x300.jpg 405w, https:\/\/www.eldigitaldeasturias.com\/noticias\/wp-content\/uploads\/2024\/05\/Nuevas-aulas-abiertas-en-Asturias-768x569.jpg 768w, https:\/\/www.eldigitaldeasturias.com\/noticias\/wp-content\/uploads\/2024\/05\/Nuevas-aulas-abiertas-en-Asturias-150x111.jpg 150w, https:\/\/www.eldigitaldeasturias.com\/noticias\/wp-content\/uploads\/2024\/05\/Nuevas-aulas-abiertas-en-Asturias-450x333.jpg 450w, https:\/\/www.eldigitaldeasturias.com\/noticias\/wp-content\/uploads\/2024\/05\/Nuevas-aulas-abiertas-en-Asturias.jpg 902w\" sizes=\"auto, (max-width: 648px) 100vw, 648px\" \/><figcaption id=\"caption-attachment-1130733\" class=\"wp-caption-text\">Foto: Prensa Gobierno de Asturias<\/figcaption><\/figure>\n<p>Con esta medida, se elevan a 27 las unidades que integran este programa, <strong>destinado al alumnado con trastorno del espectro autista (TEA) escolarizado en centros ordinarios y no de educaci\u00f3n especial.<\/strong><\/p>\n<p>El Principado pretende ampliar de manera progresiva la dotaci\u00f3n de personal de estas aulas. As\u00ed, las dos nuevas abrir\u00e1n directamente con dos especialistas a jornada completa. Paralelamente, se reforzar\u00e1n otras cinco ya existentes, que pasar\u00e1n de tener un profesional a jornada completa y otro a media jornada a dos a jornada completa. <strong>Se trata de las ubicadas en los colegios Marcelo Gago y Enrique Alonso, de Avil\u00e9s; Pr\u00edncipe de Asturias y Miguel de Cervantes, de Gij\u00f3n\/Xix\u00f3n, y Germ\u00e1n Fern\u00e1ndez Ramos, de Oviedo\/Uvi\u00e9u.<\/strong><\/p>\n<p>Con car\u00e1cter general, esas aulas est\u00e1n dise\u00f1adas para atender a un grupo de tres a cinco estudiantes. Sin embargo, de manera excepcional y por razones debidamente justificadas, se podr\u00eda escolarizar por debajo de tres. <strong>Adem\u00e1s, podr\u00e1n llegar a seis solo aquellas que cuenten con dos especialistas a tiempo completo.<\/strong><\/p>\n<blockquote><p>Estas novedades se incluir\u00e1n en una actualizaci\u00f3n de las instrucciones que rigen el funcionamiento del programa y que se publicar\u00e1 para el inicio del pr\u00f3ximo curso escolar.<\/p><\/blockquote>\n<p>La consejera de Educaci\u00f3n, Lydia Espina, ha firmado el acuerdo por el que se ampl\u00eda el programa con los directores de los colegios Aniceto Sela, Mar\u00eda Teresa Duarte, y de El Llano, David Garc\u00eda.<strong> Espina ha destacado la importante labor que realizan y ha explicado que este programa se enmarca en una estrategia global de atenci\u00f3n al alumnado TEA, una tipolog\u00eda de necesidades educativas especiales que incrementa su prevalencia.<\/strong><\/p>\n<h2>Las aulas abiertas<\/h2>\n<p>Las aulas abiertas son unidades creadas para un determinado alumnado diagnosticado con trastorno del espectro autista que necesita adaptaciones y ocupa parte del horario lectivo trabajando con especialistas en un grupo reducido, al margen del aula convencional. Este programa prepara la transici\u00f3n progresiva a una clase ordinaria y est\u00e1 atendido por especialistas: maestros de pedagog\u00eda terap\u00e9utica (PT) y audici\u00f3n y lenguaje (AL), adem\u00e1s de auxiliares educadores.<\/p>\n<p>El director general de Inclusi\u00f3n Educativa y Ordenaci\u00f3n, David Artime, ha subrayado que la ampliaci\u00f3n de las aulas abiertas \u201cforma parte de una estrategia integral de la consejer\u00eda con el alumnado TEA, que no solo incrementa el n\u00famero de aulas, sino que ir\u00e1 reforzando progresivamente la red existente\u201d.<strong> \u201cEs algo que nos estaban demandando\u201d, ha precisado.<\/strong><\/p>\n<p>Artime ha explicado que la ampliaci\u00f3n obedece a criterios de equilibrio geogr\u00e1fico y de las evaluaciones psicopedag\u00f3gicas. Se mantienen tambi\u00e9n otros requisitos, como contar con un m\u00ednimo de tres estudiantes susceptibles de beneficiarse de esos recursos; disponer de auxiliares educadores en el centro, o bien prever su incorporaci\u00f3n inminente y tener un espacio adecuado para albergar ese tipo de aula.<\/p>\n<h2>117 alumnos y alumnas este curso<\/h2>\n<p>Este curso, han asistido 117 alumnos y alumnas a las 25 aulas abiertas de la red p\u00fablica, repartidas en trece concejos. Actualmente, el n\u00famero total de plazas se sit\u00faa en 128. Con la ampliaci\u00f3n prevista a partir de septiembre, se ofertar\u00e1n 17 m\u00e1s.<\/p>\n<p>Las aulas abiertas comenzaron en Asturias en el curso 2016-2017 con alumnado de segundo ciclo de Infantil y de Primaria propuesto por el servicio de orientaci\u00f3n tras elaborar un informe psicopedag\u00f3gico previo. <strong>El programa se inici\u00f3 con dos aulas de este tipo y desde entonces no han dejado de aumentar en cada nuevo curso.<\/strong><\/p>\n","protected":false},"excerpt":{"rendered":"<p>El Gobierno de Asturias pondr\u00e1 en marcha el pr\u00f3ximo cursodos nuevas aulas abiertas en los colegios p\u00fablicos Aniceto Sela, de Mieres del Cam\u00edn, y El Llano, de Gij\u00f3n\/Xix\u00f3n. Con esta medida, se elevan a 27 las unidades que integran este programa, destinado al alumnado con trastorno del espectro autista (TEA) escolarizado en centros ordinarios y [&hellip;]<\/p>\n","protected":false},"author":1,"featured_media":1130733,"comment_status":"closed","ping_status":"closed","sticky":false,"template":"","format":"standard","meta":{"footnotes":""},"categories":[12,141],"tags":[],"class_list":["post-1130732","post","type-post","status-publish","format-standard","has-post-thumbnail","hentry","category-actualidad-asturias","category-destacadas"],"aioseo_notices":[],"aioseo_head":"\n\t\t<!-- All in One SEO Pro 4.9.6.2 - aioseo.com -->\n\t<meta name=\"description\" content=\"El Gobierno de Asturias pondr\u00e1 en marcha el pr\u00f3ximo cursodos nuevas aulas abiertas en los colegios p\u00fablicos Aniceto Sela, de Mieres del Cam\u00edn, y El Llano\" \/>\n\t<meta name=\"robots\" content=\"max-image-preview:large\" \/>\n\t<meta name=\"author\" content=\"El Digital de Asturias\"\/>\n\t<meta name=\"google-site-verification\" content=\"UA-38556648-1\" \/>\n\t<meta name=\"msvalidate.01\" content=\"7dfe9f3f1b24437ab69f4f2559babe99\" \/>\n\t<meta name=\"keywords\" content=\"actualidad asturias,destacadas\" \/>\n\t<link rel=\"canonical\" href=\"https:\/\/www.eldigitaldeasturias.com\/noticias\/asturias-contara-con-dos-nuevas-aulas-abiertas\/\" \/>\n\t<meta name=\"generator\" content=\"All in One SEO Pro (AIOSEO) 4.9.6.2\" \/>\n\t\t<meta property=\"og:locale\" content=\"es_ES\" \/>\n\t\t<meta property=\"og:site_name\" content=\"El Digital de Asturias\" \/>\n\t\t<meta property=\"og:type\" content=\"article\" \/>\n\t\t<meta property=\"og:title\" content=\"Asturias contar\u00e1 con dos nuevas aulas abiertas - El Digital de Asturias\" \/>\n\t\t<meta property=\"og:description\" content=\"El Gobierno de Asturias pondr\u00e1 en marcha el pr\u00f3ximo cursodos nuevas aulas abiertas en los colegios p\u00fablicos Aniceto Sela, de Mieres del Cam\u00edn, y El Llano\" \/>\n\t\t<meta property=\"og:url\" content=\"https:\/\/www.eldigitaldeasturias.com\/noticias\/asturias-contara-con-dos-nuevas-aulas-abiertas\/\" \/>\n\t\t<meta property=\"og:image\" content=\"https:\/\/www.eldigitaldeasturias.com\/noticias\/wp-content\/uploads\/2024\/05\/Nuevas-aulas-abiertas-en-Asturias.jpg\" \/>\n\t\t<meta property=\"og:image:secure_url\" content=\"https:\/\/www.eldigitaldeasturias.com\/noticias\/wp-content\/uploads\/2024\/05\/Nuevas-aulas-abiertas-en-Asturias.jpg\" \/>\n\t\t<meta property=\"og:image:width\" content=\"902\" \/>\n\t\t<meta property=\"og:image:height\" content=\"668\" \/>\n\t\t<meta property=\"article:tag\" content=\"actualidad asturias\" \/>\n\t\t<meta property=\"article:tag\" content=\"destacadas\" \/>\n\t\t<meta property=\"article:published_time\" content=\"2024-05-16T23:29:27+00:00\" \/>\n\t\t<meta property=\"article:modified_time\" content=\"2024-05-16T23:29:27+00:00\" \/>\n\t\t<meta property=\"article:publisher\" content=\"https:\/\/facebook.com\/eldigitaldeasturias\" \/>\n\t\t<meta name=\"twitter:card\" content=\"summary_large_image\" \/>\n\t\t<meta name=\"twitter:title\" content=\"Asturias contar\u00e1 con dos nuevas aulas abiertas - El Digital de Asturias\" \/>\n\t\t<meta name=\"twitter:description\" content=\"El Gobierno de Asturias pondr\u00e1 en marcha el pr\u00f3ximo cursodos nuevas aulas abiertas en los colegios p\u00fablicos Aniceto Sela, de Mieres del Cam\u00edn, y El Llano\" \/>\n\t\t<meta name=\"twitter:image\" content=\"https:\/\/www.eldigitaldeasturias.com\/noticias\/wp-content\/uploads\/2024\/05\/Nuevas-aulas-abiertas-en-Asturias.jpg\" \/>\n\t\t<meta name=\"twitter:label1\" content=\"Escrito por\" \/>\n\t\t<meta name=\"twitter:data1\" content=\"El Digital de Asturias\" \/>\n\t\t<meta name=\"twitter:label2\" content=\"Tiempo de lectura estimado\" \/>\n\t\t<meta name=\"twitter:data2\" content=\"3 minutos\" \/>\n\t\t<script type=\"application\/ld+json\" class=\"aioseo-schema\">\n\t\t\t{\"@context\":\"https:\\\/\\\/schema.org\",\"@graph\":[{\"@type\":\"BlogPosting\",\"@id\":\"https:\\\/\\\/www.eldigitaldeasturias.com\\\/noticias\\\/asturias-contara-con-dos-nuevas-aulas-abiertas\\\/#blogposting\",\"name\":\"Asturias contar\\u00e1 con dos nuevas aulas abiertas - El Digital de Asturias\",\"headline\":\"Asturias contar\\u00e1 con dos nuevas aulas abiertas\",\"author\":{\"@id\":\"https:\\\/\\\/www.eldigitaldeasturias.com\\\/noticias\\\/author\\\/admin\\\/#author\"},\"publisher\":{\"@id\":\"https:\\\/\\\/www.eldigitaldeasturias.com\\\/noticias\\\/#organization\"},\"image\":{\"@type\":\"ImageObject\",\"url\":\"https:\\\/\\\/www.eldigitaldeasturias.com\\\/noticias\\\/wp-content\\\/uploads\\\/2024\\\/05\\\/Nuevas-aulas-abiertas-en-Asturias.jpg\",\"width\":902,\"height\":668,\"caption\":\"Foto: Prensa Gobierno de Asturias\"},\"datePublished\":\"2024-05-17T01:29:27+02:00\",\"dateModified\":\"2024-05-17T01:29:27+02:00\",\"inLanguage\":\"es-ES\",\"mainEntityOfPage\":{\"@id\":\"https:\\\/\\\/www.eldigitaldeasturias.com\\\/noticias\\\/asturias-contara-con-dos-nuevas-aulas-abiertas\\\/#webpage\"},\"isPartOf\":{\"@id\":\"https:\\\/\\\/www.eldigitaldeasturias.com\\\/noticias\\\/asturias-contara-con-dos-nuevas-aulas-abiertas\\\/#webpage\"},\"articleSection\":\"Actualidad Asturias, Destacadas\"},{\"@type\":\"BreadcrumbList\",\"@id\":\"https:\\\/\\\/www.eldigitaldeasturias.com\\\/noticias\\\/asturias-contara-con-dos-nuevas-aulas-abiertas\\\/#breadcrumblist\",\"itemListElement\":[{\"@type\":\"ListItem\",\"@id\":\"https:\\\/\\\/www.eldigitaldeasturias.com\\\/noticias#listItem\",\"position\":1,\"name\":\"Home\",\"item\":\"https:\\\/\\\/www.eldigitaldeasturias.com\\\/noticias\",\"nextItem\":{\"@type\":\"ListItem\",\"@id\":\"https:\\\/\\\/www.eldigitaldeasturias.com\\\/noticias\\\/category\\\/actualidad-asturias\\\/#listItem\",\"name\":\"Actualidad Asturias\"}},{\"@type\":\"ListItem\",\"@id\":\"https:\\\/\\\/www.eldigitaldeasturias.com\\\/noticias\\\/category\\\/actualidad-asturias\\\/#listItem\",\"position\":2,\"name\":\"Actualidad Asturias\",\"item\":\"https:\\\/\\\/www.eldigitaldeasturias.com\\\/noticias\\\/category\\\/actualidad-asturias\\\/\",\"nextItem\":{\"@type\":\"ListItem\",\"@id\":\"https:\\\/\\\/www.eldigitaldeasturias.com\\\/noticias\\\/asturias-contara-con-dos-nuevas-aulas-abiertas\\\/#listItem\",\"name\":\"Asturias contar\\u00e1 con dos nuevas aulas abiertas\"},\"previousItem\":{\"@type\":\"ListItem\",\"@id\":\"https:\\\/\\\/www.eldigitaldeasturias.com\\\/noticias#listItem\",\"name\":\"Home\"}},{\"@type\":\"ListItem\",\"@id\":\"https:\\\/\\\/www.eldigitaldeasturias.com\\\/noticias\\\/asturias-contara-con-dos-nuevas-aulas-abiertas\\\/#listItem\",\"position\":3,\"name\":\"Asturias contar\\u00e1 con dos nuevas aulas abiertas\",\"previousItem\":{\"@type\":\"ListItem\",\"@id\":\"https:\\\/\\\/www.eldigitaldeasturias.com\\\/noticias\\\/category\\\/actualidad-asturias\\\/#listItem\",\"name\":\"Actualidad Asturias\"}}]},{\"@type\":\"Organization\",\"@id\":\"https:\\\/\\\/www.eldigitaldeasturias.com\\\/noticias\\\/#organization\",\"name\":\"El Digital de Asturias\",\"description\":\"Hemeroteca\",\"url\":\"https:\\\/\\\/www.eldigitaldeasturias.com\\\/noticias\\\/\",\"email\":\"info@eldigitaldeasturias.com\",\"telephone\":\"+34652131393\",\"logo\":{\"@type\":\"ImageObject\",\"url\":\"https:\\\/\\\/www.eldigitaldeasturias.com\\\/noticias\\\/wp-content\\\/uploads\\\/2020\\\/12\\\/EDA.jpg\",\"@id\":\"https:\\\/\\\/www.eldigitaldeasturias.com\\\/noticias\\\/asturias-contara-con-dos-nuevas-aulas-abiertas\\\/#organizationLogo\",\"width\":649,\"height\":297},\"image\":{\"@id\":\"https:\\\/\\\/www.eldigitaldeasturias.com\\\/noticias\\\/asturias-contara-con-dos-nuevas-aulas-abiertas\\\/#organizationLogo\"},\"sameAs\":[\"https:\\\/\\\/facebook.com\\\/eldigitaldeasturias\",\"https:\\\/\\\/www.youtube.com\\\/channel\\\/UCZP-2wLEB9Rv6erhFmqVnvg\"],\"address\":{\"@id\":\"https:\\\/\\\/www.eldigitaldeasturias.com\\\/noticias\\\/#postaladdress\",\"@type\":\"PostalAddress\",\"streetAddress\":\"san antonio 4,\",\"postalCode\":\"33430\",\"addressLocality\":\"Cand\\u00e1s\",\"addressRegion\":\"Asturias\",\"addressCountry\":\"ES\"}},{\"@type\":\"Person\",\"@id\":\"https:\\\/\\\/www.eldigitaldeasturias.com\\\/noticias\\\/author\\\/admin\\\/#author\",\"url\":\"https:\\\/\\\/www.eldigitaldeasturias.com\\\/noticias\\\/author\\\/admin\\\/\",\"name\":\"El Digital de Asturias\",\"image\":{\"@type\":\"ImageObject\",\"@id\":\"https:\\\/\\\/www.eldigitaldeasturias.com\\\/noticias\\\/asturias-contara-con-dos-nuevas-aulas-abiertas\\\/#authorImage\",\"url\":\"https:\\\/\\\/www.eldigitaldeasturias.com\\\/noticias\\\/wp-content\\\/litespeed\\\/avatar\\\/18677e78aa0546b92d9dbf31ec7d7668.jpg?ver=1776685526\",\"width\":96,\"height\":96,\"caption\":\"El Digital de Asturias\"}},{\"@type\":\"WebPage\",\"@id\":\"https:\\\/\\\/www.eldigitaldeasturias.com\\\/noticias\\\/asturias-contara-con-dos-nuevas-aulas-abiertas\\\/#webpage\",\"url\":\"https:\\\/\\\/www.eldigitaldeasturias.com\\\/noticias\\\/asturias-contara-con-dos-nuevas-aulas-abiertas\\\/\",\"name\":\"Asturias contar\\u00e1 con dos nuevas aulas abiertas - El Digital de Asturias\",\"description\":\"El Gobierno de Asturias pondr\\u00e1 en marcha el pr\\u00f3ximo cursodos nuevas aulas abiertas en los colegios p\\u00fablicos Aniceto Sela, de Mieres del Cam\\u00edn, y El Llano\",\"inLanguage\":\"es-ES\",\"isPartOf\":{\"@id\":\"https:\\\/\\\/www.eldigitaldeasturias.com\\\/noticias\\\/#website\"},\"breadcrumb\":{\"@id\":\"https:\\\/\\\/www.eldigitaldeasturias.com\\\/noticias\\\/asturias-contara-con-dos-nuevas-aulas-abiertas\\\/#breadcrumblist\"},\"author\":{\"@id\":\"https:\\\/\\\/www.eldigitaldeasturias.com\\\/noticias\\\/author\\\/admin\\\/#author\"},\"creator\":{\"@id\":\"https:\\\/\\\/www.eldigitaldeasturias.com\\\/noticias\\\/author\\\/admin\\\/#author\"},\"image\":{\"@type\":\"ImageObject\",\"url\":\"https:\\\/\\\/www.eldigitaldeasturias.com\\\/noticias\\\/wp-content\\\/uploads\\\/2024\\\/05\\\/Nuevas-aulas-abiertas-en-Asturias.jpg\",\"@id\":\"https:\\\/\\\/www.eldigitaldeasturias.com\\\/noticias\\\/asturias-contara-con-dos-nuevas-aulas-abiertas\\\/#mainImage\",\"width\":902,\"height\":668,\"caption\":\"Foto: Prensa Gobierno de Asturias\"},\"primaryImageOfPage\":{\"@id\":\"https:\\\/\\\/www.eldigitaldeasturias.com\\\/noticias\\\/asturias-contara-con-dos-nuevas-aulas-abiertas\\\/#mainImage\"},\"datePublished\":\"2024-05-17T01:29:27+02:00\",\"dateModified\":\"2024-05-17T01:29:27+02:00\"},{\"@type\":\"WebSite\",\"@id\":\"https:\\\/\\\/www.eldigitaldeasturias.com\\\/noticias\\\/#website\",\"url\":\"https:\\\/\\\/www.eldigitaldeasturias.com\\\/noticias\\\/\",\"name\":\"El Digital de Asturias - Diario de actualidad y noticias\",\"alternateName\":\"El Digital de Asturias - Diario de actualidad y noticias\",\"description\":\"Hemeroteca\",\"inLanguage\":\"es-ES\",\"publisher\":{\"@id\":\"https:\\\/\\\/www.eldigitaldeasturias.com\\\/noticias\\\/#organization\"}}]}\n\t\t<\/script>\n\t\t<!-- All in One SEO Pro -->\r\n\t\t<title>Asturias contar\u00e1 con dos nuevas aulas abiertas - El Digital de Asturias<\/title>\n\n","aioseo_head_json":{"title":"Asturias contar\u00e1 con dos nuevas aulas abiertas - El Digital de Asturias","description":"El Gobierno de Asturias pondr\u00e1 en marcha el pr\u00f3ximo cursodos nuevas aulas abiertas en los colegios p\u00fablicos Aniceto Sela, de Mieres del Cam\u00edn, y El Llano","canonical_url":"https:\/\/www.eldigitaldeasturias.com\/noticias\/asturias-contara-con-dos-nuevas-aulas-abiertas\/","robots":"max-image-preview:large","keywords":"actualidad asturias,destacadas","webmasterTools":{"google-site-verification":"UA-38556648-1","msvalidate.01":"7dfe9f3f1b24437ab69f4f2559babe99","miscellaneous":""},"schema":{"@context":"https:\/\/schema.org","@graph":[{"@type":"BlogPosting","@id":"https:\/\/www.eldigitaldeasturias.com\/noticias\/asturias-contara-con-dos-nuevas-aulas-abiertas\/#blogposting","name":"Asturias contar\u00e1 con dos nuevas aulas abiertas - El Digital de Asturias","headline":"Asturias contar\u00e1 con dos nuevas aulas abiertas","author":{"@id":"https:\/\/www.eldigitaldeasturias.com\/noticias\/author\/admin\/#author"},"publisher":{"@id":"https:\/\/www.eldigitaldeasturias.com\/noticias\/#organization"},"image":{"@type":"ImageObject","url":"https:\/\/www.eldigitaldeasturias.com\/noticias\/wp-content\/uploads\/2024\/05\/Nuevas-aulas-abiertas-en-Asturias.jpg","width":902,"height":668,"caption":"Foto: Prensa Gobierno de Asturias"},"datePublished":"2024-05-17T01:29:27+02:00","dateModified":"2024-05-17T01:29:27+02:00","inLanguage":"es-ES","mainEntityOfPage":{"@id":"https:\/\/www.eldigitaldeasturias.com\/noticias\/asturias-contara-con-dos-nuevas-aulas-abiertas\/#webpage"},"isPartOf":{"@id":"https:\/\/www.eldigitaldeasturias.com\/noticias\/asturias-contara-con-dos-nuevas-aulas-abiertas\/#webpage"},"articleSection":"Actualidad Asturias, Destacadas"},{"@type":"BreadcrumbList","@id":"https:\/\/www.eldigitaldeasturias.com\/noticias\/asturias-contara-con-dos-nuevas-aulas-abiertas\/#breadcrumblist","itemListElement":[{"@type":"ListItem","@id":"https:\/\/www.eldigitaldeasturias.com\/noticias#listItem","position":1,"name":"Home","item":"https:\/\/www.eldigitaldeasturias.com\/noticias","nextItem":{"@type":"ListItem","@id":"https:\/\/www.eldigitaldeasturias.com\/noticias\/category\/actualidad-asturias\/#listItem","name":"Actualidad Asturias"}},{"@type":"ListItem","@id":"https:\/\/www.eldigitaldeasturias.com\/noticias\/category\/actualidad-asturias\/#listItem","position":2,"name":"Actualidad Asturias","item":"https:\/\/www.eldigitaldeasturias.com\/noticias\/category\/actualidad-asturias\/","nextItem":{"@type":"ListItem","@id":"https:\/\/www.eldigitaldeasturias.com\/noticias\/asturias-contara-con-dos-nuevas-aulas-abiertas\/#listItem","name":"Asturias contar\u00e1 con dos nuevas aulas abiertas"},"previousItem":{"@type":"ListItem","@id":"https:\/\/www.eldigitaldeasturias.com\/noticias#listItem","name":"Home"}},{"@type":"ListItem","@id":"https:\/\/www.eldigitaldeasturias.com\/noticias\/asturias-contara-con-dos-nuevas-aulas-abiertas\/#listItem","position":3,"name":"Asturias contar\u00e1 con dos nuevas aulas abiertas","previousItem":{"@type":"ListItem","@id":"https:\/\/www.eldigitaldeasturias.com\/noticias\/category\/actualidad-asturias\/#listItem","name":"Actualidad Asturias"}}]},{"@type":"Organization","@id":"https:\/\/www.eldigitaldeasturias.com\/noticias\/#organization","name":"El Digital de Asturias","description":"Hemeroteca","url":"https:\/\/www.eldigitaldeasturias.com\/noticias\/","email":"info@eldigitaldeasturias.com","telephone":"+34652131393","logo":{"@type":"ImageObject","url":"https:\/\/www.eldigitaldeasturias.com\/noticias\/wp-content\/uploads\/2020\/12\/EDA.jpg","@id":"https:\/\/www.eldigitaldeasturias.com\/noticias\/asturias-contara-con-dos-nuevas-aulas-abiertas\/#organizationLogo","width":649,"height":297},"image":{"@id":"https:\/\/www.eldigitaldeasturias.com\/noticias\/asturias-contara-con-dos-nuevas-aulas-abiertas\/#organizationLogo"},"sameAs":["https:\/\/facebook.com\/eldigitaldeasturias","https:\/\/www.youtube.com\/channel\/UCZP-2wLEB9Rv6erhFmqVnvg"],"address":{"@id":"https:\/\/www.eldigitaldeasturias.com\/noticias\/#postaladdress","@type":"PostalAddress","streetAddress":"san antonio 4,","postalCode":"33430","addressLocality":"Cand\u00e1s","addressRegion":"Asturias","addressCountry":"ES"}},{"@type":"Person","@id":"https:\/\/www.eldigitaldeasturias.com\/noticias\/author\/admin\/#author","url":"https:\/\/www.eldigitaldeasturias.com\/noticias\/author\/admin\/","name":"El Digital de Asturias","image":{"@type":"ImageObject","@id":"https:\/\/www.eldigitaldeasturias.com\/noticias\/asturias-contara-con-dos-nuevas-aulas-abiertas\/#authorImage","url":"https:\/\/www.eldigitaldeasturias.com\/noticias\/wp-content\/litespeed\/avatar\/18677e78aa0546b92d9dbf31ec7d7668.jpg?ver=1776685526","width":96,"height":96,"caption":"El Digital de Asturias"}},{"@type":"WebPage","@id":"https:\/\/www.eldigitaldeasturias.com\/noticias\/asturias-contara-con-dos-nuevas-aulas-abiertas\/#webpage","url":"https:\/\/www.eldigitaldeasturias.com\/noticias\/asturias-contara-con-dos-nuevas-aulas-abiertas\/","name":"Asturias contar\u00e1 con dos nuevas aulas abiertas - El Digital de Asturias","description":"El Gobierno de Asturias pondr\u00e1 en marcha el pr\u00f3ximo cursodos nuevas aulas abiertas en los colegios p\u00fablicos Aniceto Sela, de Mieres del Cam\u00edn, y El Llano","inLanguage":"es-ES","isPartOf":{"@id":"https:\/\/www.eldigitaldeasturias.com\/noticias\/#website"},"breadcrumb":{"@id":"https:\/\/www.eldigitaldeasturias.com\/noticias\/asturias-contara-con-dos-nuevas-aulas-abiertas\/#breadcrumblist"},"author":{"@id":"https:\/\/www.eldigitaldeasturias.com\/noticias\/author\/admin\/#author"},"creator":{"@id":"https:\/\/www.eldigitaldeasturias.com\/noticias\/author\/admin\/#author"},"image":{"@type":"ImageObject","url":"https:\/\/www.eldigitaldeasturias.com\/noticias\/wp-content\/uploads\/2024\/05\/Nuevas-aulas-abiertas-en-Asturias.jpg","@id":"https:\/\/www.eldigitaldeasturias.com\/noticias\/asturias-contara-con-dos-nuevas-aulas-abiertas\/#mainImage","width":902,"height":668,"caption":"Foto: Prensa Gobierno de Asturias"},"primaryImageOfPage":{"@id":"https:\/\/www.eldigitaldeasturias.com\/noticias\/asturias-contara-con-dos-nuevas-aulas-abiertas\/#mainImage"},"datePublished":"2024-05-17T01:29:27+02:00","dateModified":"2024-05-17T01:29:27+02:00"},{"@type":"WebSite","@id":"https:\/\/www.eldigitaldeasturias.com\/noticias\/#website","url":"https:\/\/www.eldigitaldeasturias.com\/noticias\/","name":"El Digital de Asturias - Diario de actualidad y noticias","alternateName":"El Digital de Asturias - Diario de actualidad y noticias","description":"Hemeroteca","inLanguage":"es-ES","publisher":{"@id":"https:\/\/www.eldigitaldeasturias.com\/noticias\/#organization"}}]},"og:locale":"es_ES","og:site_name":"El Digital de Asturias","og:type":"article","og:title":"Asturias contar\u00e1 con dos nuevas aulas abiertas - El Digital de Asturias","og:description":"El Gobierno de Asturias pondr\u00e1 en marcha el pr\u00f3ximo cursodos nuevas aulas abiertas en los colegios p\u00fablicos Aniceto Sela, de Mieres del Cam\u00edn, y El Llano","og:url":"https:\/\/www.eldigitaldeasturias.com\/noticias\/asturias-contara-con-dos-nuevas-aulas-abiertas\/","og:image":"https:\/\/www.eldigitaldeasturias.com\/noticias\/wp-content\/uploads\/2024\/05\/Nuevas-aulas-abiertas-en-Asturias.jpg","og:image:secure_url":"https:\/\/www.eldigitaldeasturias.com\/noticias\/wp-content\/uploads\/2024\/05\/Nuevas-aulas-abiertas-en-Asturias.jpg","og:image:width":902,"og:image:height":668,"article:tag":["actualidad asturias","destacadas"],"article:published_time":"2024-05-16T23:29:27+00:00","article:modified_time":"2024-05-16T23:29:27+00:00","article:publisher":"https:\/\/facebook.com\/eldigitaldeasturias","twitter:card":"summary_large_image","twitter:title":"Asturias contar\u00e1 con dos nuevas aulas abiertas - El Digital de Asturias","twitter:description":"El Gobierno de Asturias pondr\u00e1 en marcha el pr\u00f3ximo cursodos nuevas aulas abiertas en los colegios p\u00fablicos Aniceto Sela, de Mieres del Cam\u00edn, y El Llano","twitter:image":"https:\/\/www.eldigitaldeasturias.com\/noticias\/wp-content\/uploads\/2024\/05\/Nuevas-aulas-abiertas-en-Asturias.jpg","twitter:label1":"Escrito por","twitter:data1":"El Digital de Asturias","twitter:label2":"Tiempo de lectura estimado","twitter:data2":"3 minutos"},"aioseo_meta_data":{"post_id":"1130732","title":null,"description":"El Gobierno de Asturias pondr\u00e1 en marcha el pr\u00f3ximo cursodos nuevas aulas abiertas en los colegios p\u00fablicos Aniceto Sela, de Mieres del Cam\u00edn, y El Llano","keywords":null,"keyphrases":{"focus":{"keyphrase":"Asturias","score":91,"analysis":{"keyphraseInTitle":{"score":9,"maxScore":9,"error":0},"keyphraseInDescription":{"score":9,"maxScore":9,"error":0},"keyphraseLength":{"score":9,"maxScore":9,"error":0,"length":1},"keyphraseInURL":{"score":5,"maxScore":5,"error":0},"keyphraseInIntroduction":{"score":9,"maxScore":9,"error":0},"keyphraseInSubHeadings":{"score":3,"maxScore":9,"error":1},"keyphraseInImageAlt":{"score":9,"maxScore":9,"error":0},"keywordDensity":{"type":"best","score":9,"maxScore":9,"error":0}}},"additional":[{"keyphrase":"aulas abiertas","score":100,"analysis":{"keyphraseInDescription":{"score":9,"maxScore":9,"error":0},"keyphraseLength":{"score":9,"maxScore":9,"error":0,"length":2},"keyphraseInIntroduction":{"score":9,"maxScore":9,"error":0},"keyphraseInImageAlt":{"score":9,"maxScore":9,"error":0},"keywordDensity":{"type":"best","score":9,"maxScore":9,"error":0}}}]},"primary_term":null,"canonical_url":null,"og_title":null,"og_description":null,"og_object_type":"default","og_image_type":"default","og_image_url":null,"og_image_width":null,"og_image_height":null,"og_image_custom_url":null,"og_image_custom_fields":null,"og_video":"","og_custom_url":null,"og_article_section":null,"og_article_tags":null,"twitter_use_og":false,"twitter_card":"default","twitter_image_type":"default","twitter_image_url":null,"twitter_image_custom_url":null,"twitter_image_custom_fields":null,"twitter_title":null,"twitter_description":null,"schema":{"blockGraphs":[],"customGraphs":[],"default":{"data":{"Article":[],"Course":[],"Dataset":[],"FAQPage":[],"Movie":[],"Person":[],"Product":[],"ProductReview":[],"Car":[],"Recipe":[],"Service":[],"SoftwareApplication":[],"WebPage":[]},"graphName":"BlogPosting","isEnabled":true},"graphs":[]},"schema_type":"default","schema_type_options":null,"pillar_content":false,"robots_default":true,"robots_noindex":false,"robots_noarchive":false,"robots_nosnippet":false,"robots_nofollow":false,"robots_noimageindex":false,"robots_noodp":false,"robots_notranslate":false,"robots_max_snippet":"-1","robots_max_videopreview":"-1","robots_max_imagepreview":"large","priority":null,"frequency":"default","local_seo":null,"seo_analyzer_scan_date":"2025-10-06 09:37:18","breadcrumb_settings":null,"limit_modified_date":false,"open_ai":"{\"title\":{\"suggestions\":[],\"usage\":0},\"description\":{\"suggestions\":[],\"usage\":0}}","ai":null,"created":"2024-05-16 23:20:48","updated":"2025-10-09 14:35:31"},"aioseo_breadcrumb":"<div class=\"aioseo-breadcrumbs\"><span class=\"aioseo-breadcrumb\">\n\t<a href=\"https:\/\/www.eldigitaldeasturias.com\/noticias\" title=\"Home\">Home<\/a>\n<\/span><span class=\"aioseo-breadcrumb-separator\">\u2013<\/span><span class=\"aioseo-breadcrumb\">\n\t<a href=\"https:\/\/www.eldigitaldeasturias.com\/noticias\/category\/actualidad-asturias\/\" title=\"Actualidad Asturias\">Actualidad Asturias<\/a>\n<\/span><span class=\"aioseo-breadcrumb-separator\">\u2013<\/span><span class=\"aioseo-breadcrumb\">\n\t<a href=\"https:\/\/www.eldigitaldeasturias.com\/noticias\/asturias-contara-con-dos-nuevas-aulas-abiertas\/\" title=\"Asturias contar\u00e1 con dos nuevas aulas abiertas\">Asturias contar\u00e1 con dos nuevas aulas abiertas<\/a>\n<\/span><\/div>","aioseo_breadcrumb_json":[{"label":"Home","link":"https:\/\/www.eldigitaldeasturias.com\/noticias"},{"label":"Actualidad Asturias","link":"https:\/\/www.eldigitaldeasturias.com\/noticias\/category\/actualidad-asturias\/"},{"label":"Asturias contar\u00e1 con dos nuevas aulas abiertas","link":"https:\/\/www.eldigitaldeasturias.com\/noticias\/asturias-contara-con-dos-nuevas-aulas-abiertas\/"}],"_links":{"self":[{"href":"https:\/\/www.eldigitaldeasturias.com\/noticias\/wp-json\/wp\/v2\/posts\/1130732","targetHints":{"allow":["GET"]}}],"collection":[{"href":"https:\/\/www.eldigitaldeasturias.com\/noticias\/wp-json\/wp\/v2\/posts"}],"about":[{"href":"https:\/\/www.eldigitaldeasturias.com\/noticias\/wp-json\/wp\/v2\/types\/post"}],"author":[{"embeddable":true,"href":"https:\/\/www.eldigitaldeasturias.com\/noticias\/wp-json\/wp\/v2\/users\/1"}],"replies":[{"embeddable":true,"href":"https:\/\/www.eldigitaldeasturias.com\/noticias\/wp-json\/wp\/v2\/comments?post=1130732"}],"version-history":[{"count":0,"href":"https:\/\/www.eldigitaldeasturias.com\/noticias\/wp-json\/wp\/v2\/posts\/1130732\/revisions"}],"wp:featuredmedia":[{"embeddable":true,"href":"https:\/\/www.eldigitaldeasturias.com\/noticias\/wp-json\/wp\/v2\/media\/1130733"}],"wp:attachment":[{"href":"https:\/\/www.eldigitaldeasturias.com\/noticias\/wp-json\/wp\/v2\/media?parent=1130732"}],"wp:term":[{"taxonomy":"category","embeddable":true,"href":"https:\/\/www.eldigitaldeasturias.com\/noticias\/wp-json\/wp\/v2\/categories?post=1130732"},{"taxonomy":"post_tag","embeddable":true,"href":"https:\/\/www.eldigitaldeasturias.com\/noticias\/wp-json\/wp\/v2\/tags?post=1130732"}],"curies":[{"name":"wp","href":"https:\/\/api.w.org\/{rel}","templated":true}]}}