{"id":1130648,"date":"2024-05-15T04:10:20","date_gmt":"2024-05-15T02:10:20","guid":{"rendered":"https:\/\/www.eldigitaldeasturias.com\/noticias\/?p=1130648"},"modified":"2024-05-15T04:13:56","modified_gmt":"2024-05-15T02:13:56","slug":"el-tiempo-hoy-miercoles-15-de-mayo-de-2024-en-asturias","status":"publish","type":"post","link":"https:\/\/www.eldigitaldeasturias.com\/noticias\/el-tiempo-hoy-miercoles-15-de-mayo-de-2024-en-asturias\/","title":{"rendered":"El tiempo hoy mi\u00e9rcoles 15 de mayo de 2024 en Asturias"},"content":{"rendered":"<p>Hoy mi\u00e9rcoles en <a href=\"https:\/\/www.eldigitaldeasturias.com\/noticias\/category\/el-tiempo\/\"><span style=\"color: #ff6600;\"><strong>Asturias<\/strong><\/span><\/a> tendremos cielo cubierto o nuboso y las temperaturas m\u00e1ximas no superar\u00e1n en muchas localidades del Principado los 18 grados, seg\u00fan informa AEMET en su <span style=\"color: #ff6600;\"><a style=\"color: #ff6600;\" title=\"AEMET\" href=\"https:\/\/www.aemet.es\/es\/\" target=\"_blank\" rel=\"noopener\"><strong>previsi\u00f3n del tiempo<\/strong><\/a><\/span> para el 15 de mayo de 2024.<\/p>\n<figure id=\"attachment_1130649\" aria-describedby=\"caption-attachment-1130649\" style=\"width: 643px\" class=\"wp-caption aligncenter\"><img loading=\"lazy\" decoding=\"async\" class=\"size-large wp-image-1130649\" src=\"https:\/\/www.eldigitaldeasturias.com\/noticias\/wp-content\/uploads\/2024\/05\/El-tiempo-hoy-miercoles-15-de-mayo-de-2024-en-Asturias-643x480.jpg\" alt=\"El tiempo hoy mi\u00e9rcoles 15 de mayo de 2024 en Asturias\" width=\"643\" height=\"480\" srcset=\"https:\/\/www.eldigitaldeasturias.com\/noticias\/wp-content\/uploads\/2024\/05\/El-tiempo-hoy-miercoles-15-de-mayo-de-2024-en-Asturias-643x480.jpg 643w, https:\/\/www.eldigitaldeasturias.com\/noticias\/wp-content\/uploads\/2024\/05\/El-tiempo-hoy-miercoles-15-de-mayo-de-2024-en-Asturias-360x269.jpg 360w, https:\/\/www.eldigitaldeasturias.com\/noticias\/wp-content\/uploads\/2024\/05\/El-tiempo-hoy-miercoles-15-de-mayo-de-2024-en-Asturias-402x300.jpg 402w, https:\/\/www.eldigitaldeasturias.com\/noticias\/wp-content\/uploads\/2024\/05\/El-tiempo-hoy-miercoles-15-de-mayo-de-2024-en-Asturias-768x574.jpg 768w, https:\/\/www.eldigitaldeasturias.com\/noticias\/wp-content\/uploads\/2024\/05\/El-tiempo-hoy-miercoles-15-de-mayo-de-2024-en-Asturias-150x112.jpg 150w, https:\/\/www.eldigitaldeasturias.com\/noticias\/wp-content\/uploads\/2024\/05\/El-tiempo-hoy-miercoles-15-de-mayo-de-2024-en-Asturias-450x336.jpg 450w, https:\/\/www.eldigitaldeasturias.com\/noticias\/wp-content\/uploads\/2024\/05\/El-tiempo-hoy-miercoles-15-de-mayo-de-2024-en-Asturias.jpg 889w\" sizes=\"auto, (max-width: 643px) 100vw, 643px\" \/><figcaption id=\"caption-attachment-1130649\" class=\"wp-caption-text\">Foto: El Digital de Asturias<\/figcaption><\/figure>\n<p>En un principio, el d\u00eda comenzar\u00e1 con predominio de cielo nuboso o cubierto, con apertura de algunos claros temporales. AEMET informa de lluvias y chubascos intermitentes, que ser\u00e1n m\u00e1s frecuentes en el tercio oriental de Asturias, sin descartar que ocasionalmente vayan acompa\u00f1ados de alguna tormenta.<\/p>\n<p>La cota de nieve estar\u00e1 entre los 1.400-1.600 metros. Temperaturas con pocos cambios o en ligero descenso. <strong>Las m\u00e1ximas previstas para hoy ser\u00e1n de unos 17 grados en Avil\u00e9s, Gij\u00f3n, Llanes, <a title=\"Carre\u00f1o\" href=\"https:\/\/candas365.es\/noticias\/category\/noticias-carreno\/\" target=\"_blank\" rel=\"noopener\"><span style=\"color: #ff6600;\">Carre\u00f1o<\/span><\/a> y Langreo, 16 grados en Oviedo y Navia, en Cangas del Narcea unos 14 grados. Las m\u00ednimas oscilar\u00e1n entre los 7 y 11 grados en Asturias.<\/strong><\/p>\n<p>La jornada del mi\u00e9rcoles dejar\u00e1 viento del suroeste y oeste, moderado en el litoral, y en el resto, flojo con intervalos de moderado durante la ma\u00f1ana.<\/p>\n","protected":false},"excerpt":{"rendered":"<p>Hoy mi\u00e9rcoles en Asturias tendremos cielo cubierto o nuboso y las temperaturas m\u00e1ximas no superar\u00e1n en muchas localidades del Principado los 18 grados, seg\u00fan informa AEMET en su previsi\u00f3n del tiempo para el 15 de mayo de 2024. En un principio, el d\u00eda comenzar\u00e1 con predominio de cielo nuboso o cubierto, con apertura de algunos [&hellip;]<\/p>\n","protected":false},"author":1,"featured_media":1130649,"comment_status":"closed","ping_status":"closed","sticky":false,"template":"","format":"standard","meta":{"footnotes":""},"categories":[538],"tags":[],"class_list":["post-1130648","post","type-post","status-publish","format-standard","has-post-thumbnail","hentry","category-el-tiempo"],"aioseo_notices":[],"aioseo_head":"\n\t\t<!-- All in One SEO Pro 4.9.6.2 - aioseo.com -->\n\t<meta name=\"description\" content=\"Hoy mi\u00e9rcoles en Asturias tendremos cielo cubierto o nuboso y las temperaturas m\u00e1ximas no superar\u00e1n en muchas localidades del Principado los 18 grados\" \/>\n\t<meta name=\"robots\" content=\"max-image-preview:large\" \/>\n\t<meta name=\"author\" content=\"El Digital de Asturias\"\/>\n\t<meta name=\"google-site-verification\" content=\"UA-38556648-1\" \/>\n\t<meta name=\"msvalidate.01\" content=\"7dfe9f3f1b24437ab69f4f2559babe99\" \/>\n\t<meta name=\"keywords\" content=\"el tiempo\" \/>\n\t<link rel=\"canonical\" href=\"https:\/\/www.eldigitaldeasturias.com\/noticias\/el-tiempo-hoy-miercoles-15-de-mayo-de-2024-en-asturias\/\" \/>\n\t<meta name=\"generator\" content=\"All in One SEO Pro (AIOSEO) 4.9.6.2\" \/>\n\t\t<meta property=\"og:locale\" content=\"es_ES\" \/>\n\t\t<meta property=\"og:site_name\" content=\"El Digital de Asturias\" \/>\n\t\t<meta property=\"og:type\" content=\"article\" \/>\n\t\t<meta property=\"og:title\" content=\"El tiempo hoy mi\u00e9rcoles 15 de mayo de 2024 en Asturias - El Digital de Asturias\" \/>\n\t\t<meta property=\"og:description\" content=\"Hoy mi\u00e9rcoles en Asturias tendremos cielo cubierto o nuboso y las temperaturas m\u00e1ximas no superar\u00e1n en muchas localidades del Principado los 18 grados\" \/>\n\t\t<meta property=\"og:url\" content=\"https:\/\/www.eldigitaldeasturias.com\/noticias\/el-tiempo-hoy-miercoles-15-de-mayo-de-2024-en-asturias\/\" \/>\n\t\t<meta property=\"og:image\" content=\"https:\/\/www.eldigitaldeasturias.com\/noticias\/wp-content\/uploads\/2024\/05\/El-tiempo-hoy-miercoles-15-de-mayo-de-2024-en-Asturias.jpg\" \/>\n\t\t<meta property=\"og:image:secure_url\" content=\"https:\/\/www.eldigitaldeasturias.com\/noticias\/wp-content\/uploads\/2024\/05\/El-tiempo-hoy-miercoles-15-de-mayo-de-2024-en-Asturias.jpg\" \/>\n\t\t<meta property=\"og:image:width\" content=\"889\" \/>\n\t\t<meta property=\"og:image:height\" content=\"664\" \/>\n\t\t<meta property=\"article:tag\" content=\"el tiempo\" \/>\n\t\t<meta property=\"article:published_time\" content=\"2024-05-15T02:10:20+00:00\" \/>\n\t\t<meta property=\"article:modified_time\" content=\"2024-05-15T02:13:56+00:00\" \/>\n\t\t<meta property=\"article:publisher\" content=\"https:\/\/facebook.com\/eldigitaldeasturias\" \/>\n\t\t<meta name=\"twitter:card\" content=\"summary_large_image\" \/>\n\t\t<meta name=\"twitter:title\" content=\"El tiempo hoy mi\u00e9rcoles 15 de mayo de 2024 en Asturias - El Digital de Asturias\" \/>\n\t\t<meta name=\"twitter:description\" content=\"Hoy mi\u00e9rcoles en Asturias tendremos cielo cubierto o nuboso y las temperaturas m\u00e1ximas no superar\u00e1n en muchas localidades del Principado los 18 grados\" \/>\n\t\t<meta name=\"twitter:image\" content=\"https:\/\/www.eldigitaldeasturias.com\/noticias\/wp-content\/uploads\/2024\/05\/El-tiempo-hoy-miercoles-15-de-mayo-de-2024-en-Asturias.jpg\" \/>\n\t\t<meta name=\"twitter:label1\" content=\"Escrito por\" \/>\n\t\t<meta name=\"twitter:data1\" content=\"El Digital de Asturias\" \/>\n\t\t<meta name=\"twitter:label2\" content=\"Tiempo de lectura estimado\" \/>\n\t\t<meta name=\"twitter:data2\" content=\"1 minuto\" \/>\n\t\t<script type=\"application\/ld+json\" class=\"aioseo-schema\">\n\t\t\t{\"@context\":\"https:\\\/\\\/schema.org\",\"@graph\":[{\"@type\":\"BlogPosting\",\"@id\":\"https:\\\/\\\/www.eldigitaldeasturias.com\\\/noticias\\\/el-tiempo-hoy-miercoles-15-de-mayo-de-2024-en-asturias\\\/#blogposting\",\"name\":\"El tiempo hoy mi\\u00e9rcoles 15 de mayo de 2024 en Asturias - El Digital de Asturias\",\"headline\":\"El tiempo hoy mi\\u00e9rcoles 15 de mayo de 2024 en Asturias\",\"author\":{\"@id\":\"https:\\\/\\\/www.eldigitaldeasturias.com\\\/noticias\\\/author\\\/admin\\\/#author\"},\"publisher\":{\"@id\":\"https:\\\/\\\/www.eldigitaldeasturias.com\\\/noticias\\\/#organization\"},\"image\":{\"@type\":\"ImageObject\",\"url\":\"https:\\\/\\\/www.eldigitaldeasturias.com\\\/noticias\\\/wp-content\\\/uploads\\\/2024\\\/05\\\/El-tiempo-hoy-miercoles-15-de-mayo-de-2024-en-Asturias.jpg\",\"width\":889,\"height\":664,\"caption\":\"Foto: El Digital de Asturias\"},\"datePublished\":\"2024-05-15T04:10:20+02:00\",\"dateModified\":\"2024-05-15T04:13:56+02:00\",\"inLanguage\":\"es-ES\",\"mainEntityOfPage\":{\"@id\":\"https:\\\/\\\/www.eldigitaldeasturias.com\\\/noticias\\\/el-tiempo-hoy-miercoles-15-de-mayo-de-2024-en-asturias\\\/#webpage\"},\"isPartOf\":{\"@id\":\"https:\\\/\\\/www.eldigitaldeasturias.com\\\/noticias\\\/el-tiempo-hoy-miercoles-15-de-mayo-de-2024-en-asturias\\\/#webpage\"},\"articleSection\":\"El tiempo\"},{\"@type\":\"BreadcrumbList\",\"@id\":\"https:\\\/\\\/www.eldigitaldeasturias.com\\\/noticias\\\/el-tiempo-hoy-miercoles-15-de-mayo-de-2024-en-asturias\\\/#breadcrumblist\",\"itemListElement\":[{\"@type\":\"ListItem\",\"@id\":\"https:\\\/\\\/www.eldigitaldeasturias.com\\\/noticias#listItem\",\"position\":1,\"name\":\"Home\",\"item\":\"https:\\\/\\\/www.eldigitaldeasturias.com\\\/noticias\",\"nextItem\":{\"@type\":\"ListItem\",\"@id\":\"https:\\\/\\\/www.eldigitaldeasturias.com\\\/noticias\\\/category\\\/el-tiempo\\\/#listItem\",\"name\":\"El tiempo\"}},{\"@type\":\"ListItem\",\"@id\":\"https:\\\/\\\/www.eldigitaldeasturias.com\\\/noticias\\\/category\\\/el-tiempo\\\/#listItem\",\"position\":2,\"name\":\"El tiempo\",\"item\":\"https:\\\/\\\/www.eldigitaldeasturias.com\\\/noticias\\\/category\\\/el-tiempo\\\/\",\"nextItem\":{\"@type\":\"ListItem\",\"@id\":\"https:\\\/\\\/www.eldigitaldeasturias.com\\\/noticias\\\/el-tiempo-hoy-miercoles-15-de-mayo-de-2024-en-asturias\\\/#listItem\",\"name\":\"El tiempo hoy mi\\u00e9rcoles 15 de mayo de 2024 en Asturias\"},\"previousItem\":{\"@type\":\"ListItem\",\"@id\":\"https:\\\/\\\/www.eldigitaldeasturias.com\\\/noticias#listItem\",\"name\":\"Home\"}},{\"@type\":\"ListItem\",\"@id\":\"https:\\\/\\\/www.eldigitaldeasturias.com\\\/noticias\\\/el-tiempo-hoy-miercoles-15-de-mayo-de-2024-en-asturias\\\/#listItem\",\"position\":3,\"name\":\"El tiempo hoy mi\\u00e9rcoles 15 de mayo de 2024 en Asturias\",\"previousItem\":{\"@type\":\"ListItem\",\"@id\":\"https:\\\/\\\/www.eldigitaldeasturias.com\\\/noticias\\\/category\\\/el-tiempo\\\/#listItem\",\"name\":\"El tiempo\"}}]},{\"@type\":\"Organization\",\"@id\":\"https:\\\/\\\/www.eldigitaldeasturias.com\\\/noticias\\\/#organization\",\"name\":\"El Digital de Asturias\",\"description\":\"Hemeroteca\",\"url\":\"https:\\\/\\\/www.eldigitaldeasturias.com\\\/noticias\\\/\",\"email\":\"info@eldigitaldeasturias.com\",\"telephone\":\"+34652131393\",\"logo\":{\"@type\":\"ImageObject\",\"url\":\"https:\\\/\\\/www.eldigitaldeasturias.com\\\/noticias\\\/wp-content\\\/uploads\\\/2020\\\/12\\\/EDA.jpg\",\"@id\":\"https:\\\/\\\/www.eldigitaldeasturias.com\\\/noticias\\\/el-tiempo-hoy-miercoles-15-de-mayo-de-2024-en-asturias\\\/#organizationLogo\",\"width\":649,\"height\":297},\"image\":{\"@id\":\"https:\\\/\\\/www.eldigitaldeasturias.com\\\/noticias\\\/el-tiempo-hoy-miercoles-15-de-mayo-de-2024-en-asturias\\\/#organizationLogo\"},\"sameAs\":[\"https:\\\/\\\/facebook.com\\\/eldigitaldeasturias\",\"https:\\\/\\\/www.youtube.com\\\/channel\\\/UCZP-2wLEB9Rv6erhFmqVnvg\"],\"address\":{\"@id\":\"https:\\\/\\\/www.eldigitaldeasturias.com\\\/noticias\\\/#postaladdress\",\"@type\":\"PostalAddress\",\"streetAddress\":\"san antonio 4,\",\"postalCode\":\"33430\",\"addressLocality\":\"Cand\\u00e1s\",\"addressRegion\":\"Asturias\",\"addressCountry\":\"ES\"}},{\"@type\":\"Person\",\"@id\":\"https:\\\/\\\/www.eldigitaldeasturias.com\\\/noticias\\\/author\\\/admin\\\/#author\",\"url\":\"https:\\\/\\\/www.eldigitaldeasturias.com\\\/noticias\\\/author\\\/admin\\\/\",\"name\":\"El Digital de Asturias\",\"image\":{\"@type\":\"ImageObject\",\"@id\":\"https:\\\/\\\/www.eldigitaldeasturias.com\\\/noticias\\\/el-tiempo-hoy-miercoles-15-de-mayo-de-2024-en-asturias\\\/#authorImage\",\"url\":\"https:\\\/\\\/www.eldigitaldeasturias.com\\\/noticias\\\/wp-content\\\/litespeed\\\/avatar\\\/18677e78aa0546b92d9dbf31ec7d7668.jpg?ver=1776685526\",\"width\":96,\"height\":96,\"caption\":\"El Digital de Asturias\"}},{\"@type\":\"WebPage\",\"@id\":\"https:\\\/\\\/www.eldigitaldeasturias.com\\\/noticias\\\/el-tiempo-hoy-miercoles-15-de-mayo-de-2024-en-asturias\\\/#webpage\",\"url\":\"https:\\\/\\\/www.eldigitaldeasturias.com\\\/noticias\\\/el-tiempo-hoy-miercoles-15-de-mayo-de-2024-en-asturias\\\/\",\"name\":\"El tiempo hoy mi\\u00e9rcoles 15 de mayo de 2024 en Asturias - El Digital de Asturias\",\"description\":\"Hoy mi\\u00e9rcoles en Asturias tendremos cielo cubierto o nuboso y las temperaturas m\\u00e1ximas no superar\\u00e1n en muchas localidades del Principado los 18 grados\",\"inLanguage\":\"es-ES\",\"isPartOf\":{\"@id\":\"https:\\\/\\\/www.eldigitaldeasturias.com\\\/noticias\\\/#website\"},\"breadcrumb\":{\"@id\":\"https:\\\/\\\/www.eldigitaldeasturias.com\\\/noticias\\\/el-tiempo-hoy-miercoles-15-de-mayo-de-2024-en-asturias\\\/#breadcrumblist\"},\"author\":{\"@id\":\"https:\\\/\\\/www.eldigitaldeasturias.com\\\/noticias\\\/author\\\/admin\\\/#author\"},\"creator\":{\"@id\":\"https:\\\/\\\/www.eldigitaldeasturias.com\\\/noticias\\\/author\\\/admin\\\/#author\"},\"image\":{\"@type\":\"ImageObject\",\"url\":\"https:\\\/\\\/www.eldigitaldeasturias.com\\\/noticias\\\/wp-content\\\/uploads\\\/2024\\\/05\\\/El-tiempo-hoy-miercoles-15-de-mayo-de-2024-en-Asturias.jpg\",\"@id\":\"https:\\\/\\\/www.eldigitaldeasturias.com\\\/noticias\\\/el-tiempo-hoy-miercoles-15-de-mayo-de-2024-en-asturias\\\/#mainImage\",\"width\":889,\"height\":664,\"caption\":\"Foto: El Digital de Asturias\"},\"primaryImageOfPage\":{\"@id\":\"https:\\\/\\\/www.eldigitaldeasturias.com\\\/noticias\\\/el-tiempo-hoy-miercoles-15-de-mayo-de-2024-en-asturias\\\/#mainImage\"},\"datePublished\":\"2024-05-15T04:10:20+02:00\",\"dateModified\":\"2024-05-15T04:13:56+02:00\"},{\"@type\":\"WebSite\",\"@id\":\"https:\\\/\\\/www.eldigitaldeasturias.com\\\/noticias\\\/#website\",\"url\":\"https:\\\/\\\/www.eldigitaldeasturias.com\\\/noticias\\\/\",\"name\":\"El Digital de Asturias - Diario de actualidad y noticias\",\"alternateName\":\"El Digital de Asturias - Diario de actualidad y noticias\",\"description\":\"Hemeroteca\",\"inLanguage\":\"es-ES\",\"publisher\":{\"@id\":\"https:\\\/\\\/www.eldigitaldeasturias.com\\\/noticias\\\/#organization\"}}]}\n\t\t<\/script>\n\t\t<!-- All in One SEO Pro -->\r\n\t\t<title>El tiempo hoy mi\u00e9rcoles 15 de mayo de 2024 en Asturias - El Digital de Asturias<\/title>\n\n","aioseo_head_json":{"title":"El tiempo hoy mi\u00e9rcoles 15 de mayo de 2024 en Asturias - El Digital de Asturias","description":"Hoy mi\u00e9rcoles en Asturias tendremos cielo cubierto o nuboso y las temperaturas m\u00e1ximas no superar\u00e1n en muchas localidades del Principado los 18 grados","canonical_url":"https:\/\/www.eldigitaldeasturias.com\/noticias\/el-tiempo-hoy-miercoles-15-de-mayo-de-2024-en-asturias\/","robots":"max-image-preview:large","keywords":"el tiempo","webmasterTools":{"google-site-verification":"UA-38556648-1","msvalidate.01":"7dfe9f3f1b24437ab69f4f2559babe99","miscellaneous":""},"schema":{"@context":"https:\/\/schema.org","@graph":[{"@type":"BlogPosting","@id":"https:\/\/www.eldigitaldeasturias.com\/noticias\/el-tiempo-hoy-miercoles-15-de-mayo-de-2024-en-asturias\/#blogposting","name":"El tiempo hoy mi\u00e9rcoles 15 de mayo de 2024 en Asturias - El Digital de Asturias","headline":"El tiempo hoy mi\u00e9rcoles 15 de mayo de 2024 en Asturias","author":{"@id":"https:\/\/www.eldigitaldeasturias.com\/noticias\/author\/admin\/#author"},"publisher":{"@id":"https:\/\/www.eldigitaldeasturias.com\/noticias\/#organization"},"image":{"@type":"ImageObject","url":"https:\/\/www.eldigitaldeasturias.com\/noticias\/wp-content\/uploads\/2024\/05\/El-tiempo-hoy-miercoles-15-de-mayo-de-2024-en-Asturias.jpg","width":889,"height":664,"caption":"Foto: El Digital de Asturias"},"datePublished":"2024-05-15T04:10:20+02:00","dateModified":"2024-05-15T04:13:56+02:00","inLanguage":"es-ES","mainEntityOfPage":{"@id":"https:\/\/www.eldigitaldeasturias.com\/noticias\/el-tiempo-hoy-miercoles-15-de-mayo-de-2024-en-asturias\/#webpage"},"isPartOf":{"@id":"https:\/\/www.eldigitaldeasturias.com\/noticias\/el-tiempo-hoy-miercoles-15-de-mayo-de-2024-en-asturias\/#webpage"},"articleSection":"El tiempo"},{"@type":"BreadcrumbList","@id":"https:\/\/www.eldigitaldeasturias.com\/noticias\/el-tiempo-hoy-miercoles-15-de-mayo-de-2024-en-asturias\/#breadcrumblist","itemListElement":[{"@type":"ListItem","@id":"https:\/\/www.eldigitaldeasturias.com\/noticias#listItem","position":1,"name":"Home","item":"https:\/\/www.eldigitaldeasturias.com\/noticias","nextItem":{"@type":"ListItem","@id":"https:\/\/www.eldigitaldeasturias.com\/noticias\/category\/el-tiempo\/#listItem","name":"El tiempo"}},{"@type":"ListItem","@id":"https:\/\/www.eldigitaldeasturias.com\/noticias\/category\/el-tiempo\/#listItem","position":2,"name":"El tiempo","item":"https:\/\/www.eldigitaldeasturias.com\/noticias\/category\/el-tiempo\/","nextItem":{"@type":"ListItem","@id":"https:\/\/www.eldigitaldeasturias.com\/noticias\/el-tiempo-hoy-miercoles-15-de-mayo-de-2024-en-asturias\/#listItem","name":"El tiempo hoy mi\u00e9rcoles 15 de mayo de 2024 en Asturias"},"previousItem":{"@type":"ListItem","@id":"https:\/\/www.eldigitaldeasturias.com\/noticias#listItem","name":"Home"}},{"@type":"ListItem","@id":"https:\/\/www.eldigitaldeasturias.com\/noticias\/el-tiempo-hoy-miercoles-15-de-mayo-de-2024-en-asturias\/#listItem","position":3,"name":"El tiempo hoy mi\u00e9rcoles 15 de mayo de 2024 en Asturias","previousItem":{"@type":"ListItem","@id":"https:\/\/www.eldigitaldeasturias.com\/noticias\/category\/el-tiempo\/#listItem","name":"El tiempo"}}]},{"@type":"Organization","@id":"https:\/\/www.eldigitaldeasturias.com\/noticias\/#organization","name":"El Digital de Asturias","description":"Hemeroteca","url":"https:\/\/www.eldigitaldeasturias.com\/noticias\/","email":"info@eldigitaldeasturias.com","telephone":"+34652131393","logo":{"@type":"ImageObject","url":"https:\/\/www.eldigitaldeasturias.com\/noticias\/wp-content\/uploads\/2020\/12\/EDA.jpg","@id":"https:\/\/www.eldigitaldeasturias.com\/noticias\/el-tiempo-hoy-miercoles-15-de-mayo-de-2024-en-asturias\/#organizationLogo","width":649,"height":297},"image":{"@id":"https:\/\/www.eldigitaldeasturias.com\/noticias\/el-tiempo-hoy-miercoles-15-de-mayo-de-2024-en-asturias\/#organizationLogo"},"sameAs":["https:\/\/facebook.com\/eldigitaldeasturias","https:\/\/www.youtube.com\/channel\/UCZP-2wLEB9Rv6erhFmqVnvg"],"address":{"@id":"https:\/\/www.eldigitaldeasturias.com\/noticias\/#postaladdress","@type":"PostalAddress","streetAddress":"san antonio 4,","postalCode":"33430","addressLocality":"Cand\u00e1s","addressRegion":"Asturias","addressCountry":"ES"}},{"@type":"Person","@id":"https:\/\/www.eldigitaldeasturias.com\/noticias\/author\/admin\/#author","url":"https:\/\/www.eldigitaldeasturias.com\/noticias\/author\/admin\/","name":"El Digital de Asturias","image":{"@type":"ImageObject","@id":"https:\/\/www.eldigitaldeasturias.com\/noticias\/el-tiempo-hoy-miercoles-15-de-mayo-de-2024-en-asturias\/#authorImage","url":"https:\/\/www.eldigitaldeasturias.com\/noticias\/wp-content\/litespeed\/avatar\/18677e78aa0546b92d9dbf31ec7d7668.jpg?ver=1776685526","width":96,"height":96,"caption":"El Digital de Asturias"}},{"@type":"WebPage","@id":"https:\/\/www.eldigitaldeasturias.com\/noticias\/el-tiempo-hoy-miercoles-15-de-mayo-de-2024-en-asturias\/#webpage","url":"https:\/\/www.eldigitaldeasturias.com\/noticias\/el-tiempo-hoy-miercoles-15-de-mayo-de-2024-en-asturias\/","name":"El tiempo hoy mi\u00e9rcoles 15 de mayo de 2024 en Asturias - El Digital de Asturias","description":"Hoy mi\u00e9rcoles en Asturias tendremos cielo cubierto o nuboso y las temperaturas m\u00e1ximas no superar\u00e1n en muchas localidades del Principado los 18 grados","inLanguage":"es-ES","isPartOf":{"@id":"https:\/\/www.eldigitaldeasturias.com\/noticias\/#website"},"breadcrumb":{"@id":"https:\/\/www.eldigitaldeasturias.com\/noticias\/el-tiempo-hoy-miercoles-15-de-mayo-de-2024-en-asturias\/#breadcrumblist"},"author":{"@id":"https:\/\/www.eldigitaldeasturias.com\/noticias\/author\/admin\/#author"},"creator":{"@id":"https:\/\/www.eldigitaldeasturias.com\/noticias\/author\/admin\/#author"},"image":{"@type":"ImageObject","url":"https:\/\/www.eldigitaldeasturias.com\/noticias\/wp-content\/uploads\/2024\/05\/El-tiempo-hoy-miercoles-15-de-mayo-de-2024-en-Asturias.jpg","@id":"https:\/\/www.eldigitaldeasturias.com\/noticias\/el-tiempo-hoy-miercoles-15-de-mayo-de-2024-en-asturias\/#mainImage","width":889,"height":664,"caption":"Foto: El Digital de Asturias"},"primaryImageOfPage":{"@id":"https:\/\/www.eldigitaldeasturias.com\/noticias\/el-tiempo-hoy-miercoles-15-de-mayo-de-2024-en-asturias\/#mainImage"},"datePublished":"2024-05-15T04:10:20+02:00","dateModified":"2024-05-15T04:13:56+02:00"},{"@type":"WebSite","@id":"https:\/\/www.eldigitaldeasturias.com\/noticias\/#website","url":"https:\/\/www.eldigitaldeasturias.com\/noticias\/","name":"El Digital de Asturias - Diario de actualidad y noticias","alternateName":"El Digital de Asturias - Diario de actualidad y noticias","description":"Hemeroteca","inLanguage":"es-ES","publisher":{"@id":"https:\/\/www.eldigitaldeasturias.com\/noticias\/#organization"}}]},"og:locale":"es_ES","og:site_name":"El Digital de Asturias","og:type":"article","og:title":"El tiempo hoy mi\u00e9rcoles 15 de mayo de 2024 en Asturias - El Digital de Asturias","og:description":"Hoy mi\u00e9rcoles en Asturias tendremos cielo cubierto o nuboso y las temperaturas m\u00e1ximas no superar\u00e1n en muchas localidades del Principado los 18 grados","og:url":"https:\/\/www.eldigitaldeasturias.com\/noticias\/el-tiempo-hoy-miercoles-15-de-mayo-de-2024-en-asturias\/","og:image":"https:\/\/www.eldigitaldeasturias.com\/noticias\/wp-content\/uploads\/2024\/05\/El-tiempo-hoy-miercoles-15-de-mayo-de-2024-en-Asturias.jpg","og:image:secure_url":"https:\/\/www.eldigitaldeasturias.com\/noticias\/wp-content\/uploads\/2024\/05\/El-tiempo-hoy-miercoles-15-de-mayo-de-2024-en-Asturias.jpg","og:image:width":889,"og:image:height":664,"article:tag":["el tiempo"],"article:published_time":"2024-05-15T02:10:20+00:00","article:modified_time":"2024-05-15T02:13:56+00:00","article:publisher":"https:\/\/facebook.com\/eldigitaldeasturias","twitter:card":"summary_large_image","twitter:title":"El tiempo hoy mi\u00e9rcoles 15 de mayo de 2024 en Asturias - El Digital de Asturias","twitter:description":"Hoy mi\u00e9rcoles en Asturias tendremos cielo cubierto o nuboso y las temperaturas m\u00e1ximas no superar\u00e1n en muchas localidades del Principado los 18 grados","twitter:image":"https:\/\/www.eldigitaldeasturias.com\/noticias\/wp-content\/uploads\/2024\/05\/El-tiempo-hoy-miercoles-15-de-mayo-de-2024-en-Asturias.jpg","twitter:label1":"Escrito por","twitter:data1":"El Digital de Asturias","twitter:label2":"Tiempo de lectura estimado","twitter:data2":"1 minuto"},"aioseo_meta_data":{"post_id":"1130648","title":null,"description":"Hoy mi\u00e9rcoles en Asturias tendremos cielo cubierto o nuboso y las temperaturas m\u00e1ximas no superar\u00e1n en muchas localidades del Principado los 18 grados","keywords":null,"keyphrases":{"focus":{"keyphrase":"Asturias ","score":100,"analysis":{"keyphraseInTitle":{"score":9,"maxScore":9,"error":0},"keyphraseInDescription":{"score":9,"maxScore":9,"error":0},"keyphraseLength":{"score":9,"maxScore":9,"error":0,"length":1},"keyphraseInURL":{"score":5,"maxScore":5,"error":0},"keyphraseInIntroduction":{"score":9,"maxScore":9,"error":0},"keyphraseInSubHeadings":[],"keyphraseInImageAlt":{"score":9,"maxScore":9,"error":0},"keywordDensity":{"type":"best","score":9,"maxScore":9,"error":0}}},"additional":[{"keyphrase":"mi\u00e9rcoles en Asturias","score":100,"analysis":{"keyphraseInDescription":{"score":9,"maxScore":9,"error":0},"keyphraseLength":{"score":9,"maxScore":9,"error":0,"length":4},"keyphraseInIntroduction":{"score":9,"maxScore":9,"error":0},"keyphraseInImageAlt":{"score":9,"maxScore":9,"error":0},"keywordDensity":{"type":"best","score":9,"maxScore":9,"error":0}}},{"keyphrase":"Asturias","score":100,"analysis":{"keyphraseInDescription":{"score":9,"maxScore":9,"error":0},"keyphraseLength":{"score":9,"maxScore":9,"error":0,"length":1},"keyphraseInIntroduction":{"score":9,"maxScore":9,"error":0},"keyphraseInImageAlt":{"score":9,"maxScore":9,"error":0},"keywordDensity":{"type":"best","score":9,"maxScore":9,"error":0}}}]},"primary_term":null,"canonical_url":null,"og_title":null,"og_description":null,"og_object_type":"default","og_image_type":"default","og_image_url":null,"og_image_width":null,"og_image_height":null,"og_image_custom_url":null,"og_image_custom_fields":null,"og_video":"","og_custom_url":null,"og_article_section":null,"og_article_tags":null,"twitter_use_og":false,"twitter_card":"default","twitter_image_type":"default","twitter_image_url":null,"twitter_image_custom_url":null,"twitter_image_custom_fields":null,"twitter_title":null,"twitter_description":null,"schema":{"blockGraphs":[],"customGraphs":[],"default":{"data":{"Article":[],"Course":[],"Dataset":[],"FAQPage":[],"Movie":[],"Person":[],"Product":[],"ProductReview":[],"Car":[],"Recipe":[],"Service":[],"SoftwareApplication":[],"WebPage":[]},"graphName":"BlogPosting","isEnabled":true},"graphs":[]},"schema_type":"default","schema_type_options":null,"pillar_content":false,"robots_default":true,"robots_noindex":false,"robots_noarchive":false,"robots_nosnippet":false,"robots_nofollow":false,"robots_noimageindex":false,"robots_noodp":false,"robots_notranslate":false,"robots_max_snippet":"-1","robots_max_videopreview":"-1","robots_max_imagepreview":"large","priority":null,"frequency":"default","local_seo":null,"seo_analyzer_scan_date":"2025-10-06 09:17:04","breadcrumb_settings":null,"limit_modified_date":false,"open_ai":"{\"title\":{\"suggestions\":[],\"usage\":0},\"description\":{\"suggestions\":[],\"usage\":0}}","ai":null,"created":"2024-05-15 02:03:59","updated":"2025-10-09 14:23:31"},"aioseo_breadcrumb":"<div class=\"aioseo-breadcrumbs\"><span class=\"aioseo-breadcrumb\">\n\t<a href=\"https:\/\/www.eldigitaldeasturias.com\/noticias\" title=\"Home\">Home<\/a>\n<\/span><span class=\"aioseo-breadcrumb-separator\">\u2013<\/span><span class=\"aioseo-breadcrumb\">\n\t<a href=\"https:\/\/www.eldigitaldeasturias.com\/noticias\/category\/el-tiempo\/\" title=\"El tiempo\">El tiempo<\/a>\n<\/span><span class=\"aioseo-breadcrumb-separator\">\u2013<\/span><span class=\"aioseo-breadcrumb\">\n\t<a href=\"https:\/\/www.eldigitaldeasturias.com\/noticias\/el-tiempo-hoy-miercoles-15-de-mayo-de-2024-en-asturias\/\" title=\"El tiempo hoy mi\u00e9rcoles 15 de mayo de 2024 en Asturias\">El tiempo hoy mi\u00e9rcoles 15 de mayo de 2024 en Asturias<\/a>\n<\/span><\/div>","aioseo_breadcrumb_json":[{"label":"Home","link":"https:\/\/www.eldigitaldeasturias.com\/noticias"},{"label":"El tiempo","link":"https:\/\/www.eldigitaldeasturias.com\/noticias\/category\/el-tiempo\/"},{"label":"El tiempo hoy mi\u00e9rcoles 15 de mayo de 2024 en Asturias","link":"https:\/\/www.eldigitaldeasturias.com\/noticias\/el-tiempo-hoy-miercoles-15-de-mayo-de-2024-en-asturias\/"}],"_links":{"self":[{"href":"https:\/\/www.eldigitaldeasturias.com\/noticias\/wp-json\/wp\/v2\/posts\/1130648","targetHints":{"allow":["GET"]}}],"collection":[{"href":"https:\/\/www.eldigitaldeasturias.com\/noticias\/wp-json\/wp\/v2\/posts"}],"about":[{"href":"https:\/\/www.eldigitaldeasturias.com\/noticias\/wp-json\/wp\/v2\/types\/post"}],"author":[{"embeddable":true,"href":"https:\/\/www.eldigitaldeasturias.com\/noticias\/wp-json\/wp\/v2\/users\/1"}],"replies":[{"embeddable":true,"href":"https:\/\/www.eldigitaldeasturias.com\/noticias\/wp-json\/wp\/v2\/comments?post=1130648"}],"version-history":[{"count":0,"href":"https:\/\/www.eldigitaldeasturias.com\/noticias\/wp-json\/wp\/v2\/posts\/1130648\/revisions"}],"wp:featuredmedia":[{"embeddable":true,"href":"https:\/\/www.eldigitaldeasturias.com\/noticias\/wp-json\/wp\/v2\/media\/1130649"}],"wp:attachment":[{"href":"https:\/\/www.eldigitaldeasturias.com\/noticias\/wp-json\/wp\/v2\/media?parent=1130648"}],"wp:term":[{"taxonomy":"category","embeddable":true,"href":"https:\/\/www.eldigitaldeasturias.com\/noticias\/wp-json\/wp\/v2\/categories?post=1130648"},{"taxonomy":"post_tag","embeddable":true,"href":"https:\/\/www.eldigitaldeasturias.com\/noticias\/wp-json\/wp\/v2\/tags?post=1130648"}],"curies":[{"name":"wp","href":"https:\/\/api.w.org\/{rel}","templated":true}]}}