{"id":1130492,"date":"2024-05-07T17:26:16","date_gmt":"2024-05-07T15:26:16","guid":{"rendered":"https:\/\/www.eldigitaldeasturias.com\/noticias\/?p=1130492"},"modified":"2024-05-07T17:26:16","modified_gmt":"2024-05-07T15:26:16","slug":"corvera-celebra-la-45-selmana-de-les-lletres","status":"publish","type":"post","link":"https:\/\/www.eldigitaldeasturias.com\/noticias\/corvera-celebra-la-45-selmana-de-les-lletres\/","title":{"rendered":"Corvera celebra la 45 Selmana de les Lletres"},"content":{"rendered":"<p>La consejera de Educaci\u00f3n del <a title=\"Principado de Asturias\" href=\"https:\/\/actualidad.asturias.es\/\" target=\"_blank\" rel=\"noopener\"><span style=\"color: #ff6600;\"><strong>Principado<\/strong><\/span><\/a> ha participado hoy en <a href=\"https:\/\/www.eldigitaldeasturias.com\/noticias\/tag\/noticias-corvera\/\"><span style=\"color: #ff6600;\"><strong>Corvera<\/strong><\/span><\/a> en el acto de entrega de diplomas de los cert\u00e1menes escolares de la 45 Selmana de les Lletres, un evento recuperado tras la pasada <a href=\"https:\/\/candas365.es\/noticias\/covid-19-la-advertencia-de-la-oms-por-el-uso-excesivo-de-antibioticos\/\" target=\"_blank\" rel=\"noopener\"><span style=\"color: #ff6600;\"><strong>pandemia<\/strong><\/span><\/a>.<\/p>\n<figure id=\"attachment_1130493\" aria-describedby=\"caption-attachment-1130493\" style=\"width: 650px\" class=\"wp-caption aligncenter\"><img loading=\"lazy\" decoding=\"async\" class=\"size-large wp-image-1130493\" src=\"https:\/\/www.eldigitaldeasturias.com\/noticias\/wp-content\/uploads\/2024\/05\/Corvera-celebra-la-45-Selmana-de-les-Lletres-650x475.jpg\" alt=\"Corvera celebra la 45 Selmana de les Lletres\" width=\"650\" height=\"475\" srcset=\"https:\/\/www.eldigitaldeasturias.com\/noticias\/wp-content\/uploads\/2024\/05\/Corvera-celebra-la-45-Selmana-de-les-Lletres-650x475.jpg 650w, https:\/\/www.eldigitaldeasturias.com\/noticias\/wp-content\/uploads\/2024\/05\/Corvera-celebra-la-45-Selmana-de-les-Lletres-360x263.jpg 360w, https:\/\/www.eldigitaldeasturias.com\/noticias\/wp-content\/uploads\/2024\/05\/Corvera-celebra-la-45-Selmana-de-les-Lletres-410x300.jpg 410w, https:\/\/www.eldigitaldeasturias.com\/noticias\/wp-content\/uploads\/2024\/05\/Corvera-celebra-la-45-Selmana-de-les-Lletres-768x562.jpg 768w, https:\/\/www.eldigitaldeasturias.com\/noticias\/wp-content\/uploads\/2024\/05\/Corvera-celebra-la-45-Selmana-de-les-Lletres-150x110.jpg 150w, https:\/\/www.eldigitaldeasturias.com\/noticias\/wp-content\/uploads\/2024\/05\/Corvera-celebra-la-45-Selmana-de-les-Lletres-450x329.jpg 450w, https:\/\/www.eldigitaldeasturias.com\/noticias\/wp-content\/uploads\/2024\/05\/Corvera-celebra-la-45-Selmana-de-les-Lletres.jpg 897w\" sizes=\"auto, (max-width: 650px) 100vw, 650px\" \/><figcaption id=\"caption-attachment-1130493\" class=\"wp-caption-text\">Foto: Prensa Gobierno de Asturias<\/figcaption><\/figure>\n<p>La consejera de Educaci\u00f3n, Lydia Espina, ha presidido hoy en Corvera el acto de entrega de diplomas a los ganadores de los cinco cert\u00e1menes escolares promovidos con motivo de la <strong>45 Selmana de les Lletres Asturianes<\/strong>. A la ceremonia, que se recupera tras su interrupci\u00f3n por causa de la pandemia, han asistido tambi\u00e9n el alcalde corverano, Iv\u00e1n Fern\u00e1ndez; el director general de Inclusi\u00f3n Educativa y Ordenaci\u00f3n, David Artime, y la jefa de servicio del Planificaci\u00f3n del Asturianu, de la Consejer\u00eda de Cultura, Pol\u00edtica Lling\u00fc\u00edstica y Turismo, Juncal Velasco.<\/p>\n<p>Unos 600 estudiantes de casi un centenar de centros educativos han participado en los cert\u00e1menes. En total, se han presentado 400 trabajos en las cinco modalidades: creaci\u00f3n art\u00edstica\/literaria, cartelismo, creaci\u00f3n audiovisual, teatro escolar y, como novedad de este a\u00f1o, de podcast. <strong>El acto de hoy de entrega de diplomas ha estado presentado por Xuan Santori, asesor t\u00e9cnico docente de la Consejer\u00eda de Educaci\u00f3n, y ha contado con la presencia de 39 centros educativos y 365 participantes en el Teatro El Llar, de Las Vegas\/Les Vegues, cedido por el ayuntamiento a la consejer\u00eda.<\/strong><\/p>\n<p>Espina, quien pronunci\u00f3 su intervenci\u00f3n en asturiano, ha animado a los presentes a presentarse a las pruebas de certificaci\u00f3n de llingua, accesibles a partir de los 16 a\u00f1os. Esa prueba para acreditar el nivel se celebrar\u00e1 a finales de septiembre y principios de octubre y el plazo de inscripci\u00f3n finaliza este viernes, 10 de mayo.<\/p>\n<p>La consejera ha invitado tambi\u00e9n a los estudiantes a optar a los Premios de Excelencia de conocimiento del asturiano o eonaviego, \u201cque vamos poner en marcha y\u00e1 na edici\u00f3n que bien y que tien una ceremonia d\u00b4entrega de premios guap\u00edsima onde damos exemplu de la calid\u00e1 del nuestru sistema educativu\u201d, ha afirmado.<\/p>\n<p>Tambi\u00e9n ha enumerado algunas de las medidas impulsadas por la Consejer\u00eda de Educaci\u00f3n para potenciar la ense\u00f1anza en las lenguas de Asturias, como el reciente anuncio de su introducci\u00f3n en la segunda etapa de Infantil (3 a 6 a\u00f1os) a partir del curso 2025-2026; la incorporaci\u00f3n en las Escuelas Oficiales de Idiomas, la recuperaci\u00f3n de la Axenda Did\u00e1ctica o la creaci\u00f3n de un sello de excelencia, a partir del curso 2024-2025, para reconocer a aquellos centros educativos que trabajen en proyectos de innovaci\u00f3n relacionados con la llingua.<\/p>\n<p>Espina ha concluido con otra invitaci\u00f3n al alumnado: \u201cA que sig\u00e1is esforz\u00e1ndovos nel apredimientu de les nuestres lling\u00fces y tambi\u00e9n nes dem\u00e1s materies que formen parte del vuestru cull\u00edculu\u201d y leyendo el comienzo del libro Yo, la to llingua, del escritor Dami\u00e1n Barreiro, donde se advierte de que la supervivencia del asturiano est\u00e1 en manos de la propia poblaci\u00f3n: \u201cAsturianes y asturianos, vais ser quien decidan qu\u00e9 va a ser de la mio vida, si vais siguir us\u00e1ndome mesmo pa falar que pa escribir o voi tener que dormir y\u00e1 pa siempre\u201d.<\/p>\n","protected":false},"excerpt":{"rendered":"<p>La consejera de Educaci\u00f3n del Principado ha participado hoy en Corvera en el acto de entrega de diplomas de los cert\u00e1menes escolares de la 45 Selmana de les Lletres, un evento recuperado tras la pasada pandemia. La consejera de Educaci\u00f3n, Lydia Espina, ha presidido hoy en Corvera el acto de entrega de diplomas a los [&hellip;]<\/p>\n","protected":false},"author":1,"featured_media":1130493,"comment_status":"closed","ping_status":"closed","sticky":false,"template":"","format":"standard","meta":{"footnotes":""},"categories":[12,141],"tags":[],"class_list":["post-1130492","post","type-post","status-publish","format-standard","has-post-thumbnail","hentry","category-actualidad-asturias","category-destacadas"],"aioseo_notices":[],"aioseo_head":"\n\t\t<!-- All in One SEO Pro 4.9.6.2 - aioseo.com -->\n\t<meta name=\"description\" content=\"La consejera de Educaci\u00f3n del Principado ha participado hoy en Corvera en el acto de entrega de diplomas de los cert\u00e1menes escolares de la 45 Selmana\" \/>\n\t<meta name=\"robots\" content=\"max-image-preview:large\" \/>\n\t<meta name=\"author\" content=\"El Digital de Asturias\"\/>\n\t<meta name=\"google-site-verification\" content=\"UA-38556648-1\" \/>\n\t<meta name=\"msvalidate.01\" content=\"7dfe9f3f1b24437ab69f4f2559babe99\" \/>\n\t<meta name=\"keywords\" content=\"actualidad asturias,destacadas\" \/>\n\t<link rel=\"canonical\" href=\"https:\/\/www.eldigitaldeasturias.com\/noticias\/corvera-celebra-la-45-selmana-de-les-lletres\/\" \/>\n\t<meta name=\"generator\" content=\"All in One SEO Pro (AIOSEO) 4.9.6.2\" \/>\n\t\t<meta property=\"og:locale\" content=\"es_ES\" \/>\n\t\t<meta property=\"og:site_name\" content=\"El Digital de Asturias\" \/>\n\t\t<meta property=\"og:type\" content=\"article\" \/>\n\t\t<meta property=\"og:title\" content=\"Corvera celebra la 45 Selmana de les Lletres - El Digital de Asturias\" \/>\n\t\t<meta property=\"og:description\" content=\"La consejera de Educaci\u00f3n del Principado ha participado hoy en Corvera en el acto de entrega de diplomas de los cert\u00e1menes escolares de la 45 Selmana\" \/>\n\t\t<meta property=\"og:url\" content=\"https:\/\/www.eldigitaldeasturias.com\/noticias\/corvera-celebra-la-45-selmana-de-les-lletres\/\" \/>\n\t\t<meta property=\"og:image\" content=\"https:\/\/www.eldigitaldeasturias.com\/noticias\/wp-content\/uploads\/2024\/05\/Corvera-celebra-la-45-Selmana-de-les-Lletres.jpg\" \/>\n\t\t<meta property=\"og:image:secure_url\" content=\"https:\/\/www.eldigitaldeasturias.com\/noticias\/wp-content\/uploads\/2024\/05\/Corvera-celebra-la-45-Selmana-de-les-Lletres.jpg\" \/>\n\t\t<meta property=\"og:image:width\" content=\"897\" \/>\n\t\t<meta property=\"og:image:height\" content=\"656\" \/>\n\t\t<meta property=\"article:tag\" content=\"actualidad asturias\" \/>\n\t\t<meta property=\"article:tag\" content=\"destacadas\" \/>\n\t\t<meta property=\"article:published_time\" content=\"2024-05-07T15:26:16+00:00\" \/>\n\t\t<meta property=\"article:modified_time\" content=\"2024-05-07T15:26:16+00:00\" \/>\n\t\t<meta property=\"article:publisher\" content=\"https:\/\/facebook.com\/eldigitaldeasturias\" \/>\n\t\t<meta name=\"twitter:card\" content=\"summary_large_image\" \/>\n\t\t<meta name=\"twitter:title\" content=\"Corvera celebra la 45 Selmana de les Lletres - El Digital de Asturias\" \/>\n\t\t<meta name=\"twitter:description\" content=\"La consejera de Educaci\u00f3n del Principado ha participado hoy en Corvera en el acto de entrega de diplomas de los cert\u00e1menes escolares de la 45 Selmana\" \/>\n\t\t<meta name=\"twitter:image\" content=\"https:\/\/www.eldigitaldeasturias.com\/noticias\/wp-content\/uploads\/2024\/05\/Corvera-celebra-la-45-Selmana-de-les-Lletres.jpg\" \/>\n\t\t<meta name=\"twitter:label1\" content=\"Escrito por\" \/>\n\t\t<meta name=\"twitter:data1\" content=\"El Digital de Asturias\" \/>\n\t\t<meta name=\"twitter:label2\" content=\"Tiempo de lectura estimado\" \/>\n\t\t<meta name=\"twitter:data2\" content=\"3 minutos\" \/>\n\t\t<script type=\"application\/ld+json\" class=\"aioseo-schema\">\n\t\t\t{\"@context\":\"https:\\\/\\\/schema.org\",\"@graph\":[{\"@type\":\"BlogPosting\",\"@id\":\"https:\\\/\\\/www.eldigitaldeasturias.com\\\/noticias\\\/corvera-celebra-la-45-selmana-de-les-lletres\\\/#blogposting\",\"name\":\"Corvera celebra la 45 Selmana de les Lletres - El Digital de Asturias\",\"headline\":\"Corvera celebra la 45 Selmana de les Lletres\",\"author\":{\"@id\":\"https:\\\/\\\/www.eldigitaldeasturias.com\\\/noticias\\\/author\\\/admin\\\/#author\"},\"publisher\":{\"@id\":\"https:\\\/\\\/www.eldigitaldeasturias.com\\\/noticias\\\/#organization\"},\"image\":{\"@type\":\"ImageObject\",\"url\":\"https:\\\/\\\/www.eldigitaldeasturias.com\\\/noticias\\\/wp-content\\\/uploads\\\/2024\\\/05\\\/Corvera-celebra-la-45-Selmana-de-les-Lletres.jpg\",\"width\":897,\"height\":656,\"caption\":\"Foto: Prensa Gobierno de Asturias\"},\"datePublished\":\"2024-05-07T17:26:16+02:00\",\"dateModified\":\"2024-05-07T17:26:16+02:00\",\"inLanguage\":\"es-ES\",\"mainEntityOfPage\":{\"@id\":\"https:\\\/\\\/www.eldigitaldeasturias.com\\\/noticias\\\/corvera-celebra-la-45-selmana-de-les-lletres\\\/#webpage\"},\"isPartOf\":{\"@id\":\"https:\\\/\\\/www.eldigitaldeasturias.com\\\/noticias\\\/corvera-celebra-la-45-selmana-de-les-lletres\\\/#webpage\"},\"articleSection\":\"Actualidad Asturias, Destacadas\"},{\"@type\":\"BreadcrumbList\",\"@id\":\"https:\\\/\\\/www.eldigitaldeasturias.com\\\/noticias\\\/corvera-celebra-la-45-selmana-de-les-lletres\\\/#breadcrumblist\",\"itemListElement\":[{\"@type\":\"ListItem\",\"@id\":\"https:\\\/\\\/www.eldigitaldeasturias.com\\\/noticias#listItem\",\"position\":1,\"name\":\"Home\",\"item\":\"https:\\\/\\\/www.eldigitaldeasturias.com\\\/noticias\",\"nextItem\":{\"@type\":\"ListItem\",\"@id\":\"https:\\\/\\\/www.eldigitaldeasturias.com\\\/noticias\\\/category\\\/actualidad-asturias\\\/#listItem\",\"name\":\"Actualidad Asturias\"}},{\"@type\":\"ListItem\",\"@id\":\"https:\\\/\\\/www.eldigitaldeasturias.com\\\/noticias\\\/category\\\/actualidad-asturias\\\/#listItem\",\"position\":2,\"name\":\"Actualidad Asturias\",\"item\":\"https:\\\/\\\/www.eldigitaldeasturias.com\\\/noticias\\\/category\\\/actualidad-asturias\\\/\",\"nextItem\":{\"@type\":\"ListItem\",\"@id\":\"https:\\\/\\\/www.eldigitaldeasturias.com\\\/noticias\\\/corvera-celebra-la-45-selmana-de-les-lletres\\\/#listItem\",\"name\":\"Corvera celebra la 45 Selmana de les Lletres\"},\"previousItem\":{\"@type\":\"ListItem\",\"@id\":\"https:\\\/\\\/www.eldigitaldeasturias.com\\\/noticias#listItem\",\"name\":\"Home\"}},{\"@type\":\"ListItem\",\"@id\":\"https:\\\/\\\/www.eldigitaldeasturias.com\\\/noticias\\\/corvera-celebra-la-45-selmana-de-les-lletres\\\/#listItem\",\"position\":3,\"name\":\"Corvera celebra la 45 Selmana de les Lletres\",\"previousItem\":{\"@type\":\"ListItem\",\"@id\":\"https:\\\/\\\/www.eldigitaldeasturias.com\\\/noticias\\\/category\\\/actualidad-asturias\\\/#listItem\",\"name\":\"Actualidad Asturias\"}}]},{\"@type\":\"Organization\",\"@id\":\"https:\\\/\\\/www.eldigitaldeasturias.com\\\/noticias\\\/#organization\",\"name\":\"El Digital de Asturias\",\"description\":\"Hemeroteca\",\"url\":\"https:\\\/\\\/www.eldigitaldeasturias.com\\\/noticias\\\/\",\"email\":\"info@eldigitaldeasturias.com\",\"telephone\":\"+34652131393\",\"logo\":{\"@type\":\"ImageObject\",\"url\":\"https:\\\/\\\/www.eldigitaldeasturias.com\\\/noticias\\\/wp-content\\\/uploads\\\/2020\\\/12\\\/EDA.jpg\",\"@id\":\"https:\\\/\\\/www.eldigitaldeasturias.com\\\/noticias\\\/corvera-celebra-la-45-selmana-de-les-lletres\\\/#organizationLogo\",\"width\":649,\"height\":297},\"image\":{\"@id\":\"https:\\\/\\\/www.eldigitaldeasturias.com\\\/noticias\\\/corvera-celebra-la-45-selmana-de-les-lletres\\\/#organizationLogo\"},\"sameAs\":[\"https:\\\/\\\/facebook.com\\\/eldigitaldeasturias\",\"https:\\\/\\\/www.youtube.com\\\/channel\\\/UCZP-2wLEB9Rv6erhFmqVnvg\"],\"address\":{\"@id\":\"https:\\\/\\\/www.eldigitaldeasturias.com\\\/noticias\\\/#postaladdress\",\"@type\":\"PostalAddress\",\"streetAddress\":\"san antonio 4,\",\"postalCode\":\"33430\",\"addressLocality\":\"Cand\\u00e1s\",\"addressRegion\":\"Asturias\",\"addressCountry\":\"ES\"}},{\"@type\":\"Person\",\"@id\":\"https:\\\/\\\/www.eldigitaldeasturias.com\\\/noticias\\\/author\\\/admin\\\/#author\",\"url\":\"https:\\\/\\\/www.eldigitaldeasturias.com\\\/noticias\\\/author\\\/admin\\\/\",\"name\":\"El Digital de Asturias\",\"image\":{\"@type\":\"ImageObject\",\"@id\":\"https:\\\/\\\/www.eldigitaldeasturias.com\\\/noticias\\\/corvera-celebra-la-45-selmana-de-les-lletres\\\/#authorImage\",\"url\":\"https:\\\/\\\/www.eldigitaldeasturias.com\\\/noticias\\\/wp-content\\\/litespeed\\\/avatar\\\/18677e78aa0546b92d9dbf31ec7d7668.jpg?ver=1777290358\",\"width\":96,\"height\":96,\"caption\":\"El Digital de Asturias\"}},{\"@type\":\"WebPage\",\"@id\":\"https:\\\/\\\/www.eldigitaldeasturias.com\\\/noticias\\\/corvera-celebra-la-45-selmana-de-les-lletres\\\/#webpage\",\"url\":\"https:\\\/\\\/www.eldigitaldeasturias.com\\\/noticias\\\/corvera-celebra-la-45-selmana-de-les-lletres\\\/\",\"name\":\"Corvera celebra la 45 Selmana de les Lletres - El Digital de Asturias\",\"description\":\"La consejera de Educaci\\u00f3n del Principado ha participado hoy en Corvera en el acto de entrega de diplomas de los cert\\u00e1menes escolares de la 45 Selmana\",\"inLanguage\":\"es-ES\",\"isPartOf\":{\"@id\":\"https:\\\/\\\/www.eldigitaldeasturias.com\\\/noticias\\\/#website\"},\"breadcrumb\":{\"@id\":\"https:\\\/\\\/www.eldigitaldeasturias.com\\\/noticias\\\/corvera-celebra-la-45-selmana-de-les-lletres\\\/#breadcrumblist\"},\"author\":{\"@id\":\"https:\\\/\\\/www.eldigitaldeasturias.com\\\/noticias\\\/author\\\/admin\\\/#author\"},\"creator\":{\"@id\":\"https:\\\/\\\/www.eldigitaldeasturias.com\\\/noticias\\\/author\\\/admin\\\/#author\"},\"image\":{\"@type\":\"ImageObject\",\"url\":\"https:\\\/\\\/www.eldigitaldeasturias.com\\\/noticias\\\/wp-content\\\/uploads\\\/2024\\\/05\\\/Corvera-celebra-la-45-Selmana-de-les-Lletres.jpg\",\"@id\":\"https:\\\/\\\/www.eldigitaldeasturias.com\\\/noticias\\\/corvera-celebra-la-45-selmana-de-les-lletres\\\/#mainImage\",\"width\":897,\"height\":656,\"caption\":\"Foto: Prensa Gobierno de Asturias\"},\"primaryImageOfPage\":{\"@id\":\"https:\\\/\\\/www.eldigitaldeasturias.com\\\/noticias\\\/corvera-celebra-la-45-selmana-de-les-lletres\\\/#mainImage\"},\"datePublished\":\"2024-05-07T17:26:16+02:00\",\"dateModified\":\"2024-05-07T17:26:16+02:00\"},{\"@type\":\"WebSite\",\"@id\":\"https:\\\/\\\/www.eldigitaldeasturias.com\\\/noticias\\\/#website\",\"url\":\"https:\\\/\\\/www.eldigitaldeasturias.com\\\/noticias\\\/\",\"name\":\"El Digital de Asturias - Diario de actualidad y noticias\",\"alternateName\":\"El Digital de Asturias - Diario de actualidad y noticias\",\"description\":\"Hemeroteca\",\"inLanguage\":\"es-ES\",\"publisher\":{\"@id\":\"https:\\\/\\\/www.eldigitaldeasturias.com\\\/noticias\\\/#organization\"}}]}\n\t\t<\/script>\n\t\t<!-- All in One SEO Pro -->\r\n\t\t<title>Corvera celebra la 45 Selmana de les Lletres - El Digital de Asturias<\/title>\n\n","aioseo_head_json":{"title":"Corvera celebra la 45 Selmana de les Lletres - El Digital de Asturias","description":"La consejera de Educaci\u00f3n del Principado ha participado hoy en Corvera en el acto de entrega de diplomas de los cert\u00e1menes escolares de la 45 Selmana","canonical_url":"https:\/\/www.eldigitaldeasturias.com\/noticias\/corvera-celebra-la-45-selmana-de-les-lletres\/","robots":"max-image-preview:large","keywords":"actualidad asturias,destacadas","webmasterTools":{"google-site-verification":"UA-38556648-1","msvalidate.01":"7dfe9f3f1b24437ab69f4f2559babe99","miscellaneous":""},"schema":{"@context":"https:\/\/schema.org","@graph":[{"@type":"BlogPosting","@id":"https:\/\/www.eldigitaldeasturias.com\/noticias\/corvera-celebra-la-45-selmana-de-les-lletres\/#blogposting","name":"Corvera celebra la 45 Selmana de les Lletres - El Digital de Asturias","headline":"Corvera celebra la 45 Selmana de les Lletres","author":{"@id":"https:\/\/www.eldigitaldeasturias.com\/noticias\/author\/admin\/#author"},"publisher":{"@id":"https:\/\/www.eldigitaldeasturias.com\/noticias\/#organization"},"image":{"@type":"ImageObject","url":"https:\/\/www.eldigitaldeasturias.com\/noticias\/wp-content\/uploads\/2024\/05\/Corvera-celebra-la-45-Selmana-de-les-Lletres.jpg","width":897,"height":656,"caption":"Foto: Prensa Gobierno de Asturias"},"datePublished":"2024-05-07T17:26:16+02:00","dateModified":"2024-05-07T17:26:16+02:00","inLanguage":"es-ES","mainEntityOfPage":{"@id":"https:\/\/www.eldigitaldeasturias.com\/noticias\/corvera-celebra-la-45-selmana-de-les-lletres\/#webpage"},"isPartOf":{"@id":"https:\/\/www.eldigitaldeasturias.com\/noticias\/corvera-celebra-la-45-selmana-de-les-lletres\/#webpage"},"articleSection":"Actualidad Asturias, Destacadas"},{"@type":"BreadcrumbList","@id":"https:\/\/www.eldigitaldeasturias.com\/noticias\/corvera-celebra-la-45-selmana-de-les-lletres\/#breadcrumblist","itemListElement":[{"@type":"ListItem","@id":"https:\/\/www.eldigitaldeasturias.com\/noticias#listItem","position":1,"name":"Home","item":"https:\/\/www.eldigitaldeasturias.com\/noticias","nextItem":{"@type":"ListItem","@id":"https:\/\/www.eldigitaldeasturias.com\/noticias\/category\/actualidad-asturias\/#listItem","name":"Actualidad Asturias"}},{"@type":"ListItem","@id":"https:\/\/www.eldigitaldeasturias.com\/noticias\/category\/actualidad-asturias\/#listItem","position":2,"name":"Actualidad Asturias","item":"https:\/\/www.eldigitaldeasturias.com\/noticias\/category\/actualidad-asturias\/","nextItem":{"@type":"ListItem","@id":"https:\/\/www.eldigitaldeasturias.com\/noticias\/corvera-celebra-la-45-selmana-de-les-lletres\/#listItem","name":"Corvera celebra la 45 Selmana de les Lletres"},"previousItem":{"@type":"ListItem","@id":"https:\/\/www.eldigitaldeasturias.com\/noticias#listItem","name":"Home"}},{"@type":"ListItem","@id":"https:\/\/www.eldigitaldeasturias.com\/noticias\/corvera-celebra-la-45-selmana-de-les-lletres\/#listItem","position":3,"name":"Corvera celebra la 45 Selmana de les Lletres","previousItem":{"@type":"ListItem","@id":"https:\/\/www.eldigitaldeasturias.com\/noticias\/category\/actualidad-asturias\/#listItem","name":"Actualidad Asturias"}}]},{"@type":"Organization","@id":"https:\/\/www.eldigitaldeasturias.com\/noticias\/#organization","name":"El Digital de Asturias","description":"Hemeroteca","url":"https:\/\/www.eldigitaldeasturias.com\/noticias\/","email":"info@eldigitaldeasturias.com","telephone":"+34652131393","logo":{"@type":"ImageObject","url":"https:\/\/www.eldigitaldeasturias.com\/noticias\/wp-content\/uploads\/2020\/12\/EDA.jpg","@id":"https:\/\/www.eldigitaldeasturias.com\/noticias\/corvera-celebra-la-45-selmana-de-les-lletres\/#organizationLogo","width":649,"height":297},"image":{"@id":"https:\/\/www.eldigitaldeasturias.com\/noticias\/corvera-celebra-la-45-selmana-de-les-lletres\/#organizationLogo"},"sameAs":["https:\/\/facebook.com\/eldigitaldeasturias","https:\/\/www.youtube.com\/channel\/UCZP-2wLEB9Rv6erhFmqVnvg"],"address":{"@id":"https:\/\/www.eldigitaldeasturias.com\/noticias\/#postaladdress","@type":"PostalAddress","streetAddress":"san antonio 4,","postalCode":"33430","addressLocality":"Cand\u00e1s","addressRegion":"Asturias","addressCountry":"ES"}},{"@type":"Person","@id":"https:\/\/www.eldigitaldeasturias.com\/noticias\/author\/admin\/#author","url":"https:\/\/www.eldigitaldeasturias.com\/noticias\/author\/admin\/","name":"El Digital de Asturias","image":{"@type":"ImageObject","@id":"https:\/\/www.eldigitaldeasturias.com\/noticias\/corvera-celebra-la-45-selmana-de-les-lletres\/#authorImage","url":"https:\/\/www.eldigitaldeasturias.com\/noticias\/wp-content\/litespeed\/avatar\/18677e78aa0546b92d9dbf31ec7d7668.jpg?ver=1777290358","width":96,"height":96,"caption":"El Digital de Asturias"}},{"@type":"WebPage","@id":"https:\/\/www.eldigitaldeasturias.com\/noticias\/corvera-celebra-la-45-selmana-de-les-lletres\/#webpage","url":"https:\/\/www.eldigitaldeasturias.com\/noticias\/corvera-celebra-la-45-selmana-de-les-lletres\/","name":"Corvera celebra la 45 Selmana de les Lletres - El Digital de Asturias","description":"La consejera de Educaci\u00f3n del Principado ha participado hoy en Corvera en el acto de entrega de diplomas de los cert\u00e1menes escolares de la 45 Selmana","inLanguage":"es-ES","isPartOf":{"@id":"https:\/\/www.eldigitaldeasturias.com\/noticias\/#website"},"breadcrumb":{"@id":"https:\/\/www.eldigitaldeasturias.com\/noticias\/corvera-celebra-la-45-selmana-de-les-lletres\/#breadcrumblist"},"author":{"@id":"https:\/\/www.eldigitaldeasturias.com\/noticias\/author\/admin\/#author"},"creator":{"@id":"https:\/\/www.eldigitaldeasturias.com\/noticias\/author\/admin\/#author"},"image":{"@type":"ImageObject","url":"https:\/\/www.eldigitaldeasturias.com\/noticias\/wp-content\/uploads\/2024\/05\/Corvera-celebra-la-45-Selmana-de-les-Lletres.jpg","@id":"https:\/\/www.eldigitaldeasturias.com\/noticias\/corvera-celebra-la-45-selmana-de-les-lletres\/#mainImage","width":897,"height":656,"caption":"Foto: Prensa Gobierno de Asturias"},"primaryImageOfPage":{"@id":"https:\/\/www.eldigitaldeasturias.com\/noticias\/corvera-celebra-la-45-selmana-de-les-lletres\/#mainImage"},"datePublished":"2024-05-07T17:26:16+02:00","dateModified":"2024-05-07T17:26:16+02:00"},{"@type":"WebSite","@id":"https:\/\/www.eldigitaldeasturias.com\/noticias\/#website","url":"https:\/\/www.eldigitaldeasturias.com\/noticias\/","name":"El Digital de Asturias - Diario de actualidad y noticias","alternateName":"El Digital de Asturias - Diario de actualidad y noticias","description":"Hemeroteca","inLanguage":"es-ES","publisher":{"@id":"https:\/\/www.eldigitaldeasturias.com\/noticias\/#organization"}}]},"og:locale":"es_ES","og:site_name":"El Digital de Asturias","og:type":"article","og:title":"Corvera celebra la 45 Selmana de les Lletres - El Digital de Asturias","og:description":"La consejera de Educaci\u00f3n del Principado ha participado hoy en Corvera en el acto de entrega de diplomas de los cert\u00e1menes escolares de la 45 Selmana","og:url":"https:\/\/www.eldigitaldeasturias.com\/noticias\/corvera-celebra-la-45-selmana-de-les-lletres\/","og:image":"https:\/\/www.eldigitaldeasturias.com\/noticias\/wp-content\/uploads\/2024\/05\/Corvera-celebra-la-45-Selmana-de-les-Lletres.jpg","og:image:secure_url":"https:\/\/www.eldigitaldeasturias.com\/noticias\/wp-content\/uploads\/2024\/05\/Corvera-celebra-la-45-Selmana-de-les-Lletres.jpg","og:image:width":897,"og:image:height":656,"article:tag":["actualidad asturias","destacadas"],"article:published_time":"2024-05-07T15:26:16+00:00","article:modified_time":"2024-05-07T15:26:16+00:00","article:publisher":"https:\/\/facebook.com\/eldigitaldeasturias","twitter:card":"summary_large_image","twitter:title":"Corvera celebra la 45 Selmana de les Lletres - El Digital de Asturias","twitter:description":"La consejera de Educaci\u00f3n del Principado ha participado hoy en Corvera en el acto de entrega de diplomas de los cert\u00e1menes escolares de la 45 Selmana","twitter:image":"https:\/\/www.eldigitaldeasturias.com\/noticias\/wp-content\/uploads\/2024\/05\/Corvera-celebra-la-45-Selmana-de-les-Lletres.jpg","twitter:label1":"Escrito por","twitter:data1":"El Digital de Asturias","twitter:label2":"Tiempo de lectura estimado","twitter:data2":"3 minutos"},"aioseo_meta_data":{"post_id":"1130492","title":null,"description":"La consejera de Educaci\u00f3n del Principado ha participado hoy en Corvera en el acto de entrega de diplomas de los cert\u00e1menes escolares de la 45 Selmana","keywords":null,"keyphrases":{"focus":{"keyphrase":"Corvera","score":93,"analysis":{"keyphraseInTitle":{"score":9,"maxScore":9,"error":0},"keyphraseInDescription":{"score":9,"maxScore":9,"error":0},"keyphraseLength":{"score":9,"maxScore":9,"error":0,"length":1},"keyphraseInURL":{"score":1,"maxScore":5,"error":1},"keyphraseInIntroduction":{"score":9,"maxScore":9,"error":0},"keyphraseInSubHeadings":[],"keyphraseInImageAlt":{"score":9,"maxScore":9,"error":0},"keywordDensity":{"type":"best","score":9,"maxScore":9,"error":0}}},"additional":[{"keyphrase":"Corvera","score":100,"analysis":{"keyphraseInDescription":{"score":9,"maxScore":9,"error":0},"keyphraseLength":{"score":9,"maxScore":9,"error":0,"length":1},"keyphraseInIntroduction":{"score":9,"maxScore":9,"error":0},"keyphraseInImageAlt":{"score":9,"maxScore":9,"error":0},"keywordDensity":{"type":"best","score":9,"maxScore":9,"error":0}}},{"keyphrase":"Selmana","score":80,"analysis":{"keyphraseInDescription":{"score":9,"maxScore":9,"error":0},"keyphraseLength":{"score":9,"maxScore":9,"error":0,"length":1},"keyphraseInIntroduction":{"score":9,"maxScore":9,"error":0},"keyphraseInImageAlt":{"score":9,"maxScore":9,"error":0},"keywordDensity":{"score":0,"type":"low","maxScore":9,"error":1}}}]},"primary_term":null,"canonical_url":null,"og_title":null,"og_description":null,"og_object_type":"default","og_image_type":"default","og_image_url":null,"og_image_width":null,"og_image_height":null,"og_image_custom_url":null,"og_image_custom_fields":null,"og_video":"","og_custom_url":null,"og_article_section":null,"og_article_tags":null,"twitter_use_og":false,"twitter_card":"default","twitter_image_type":"default","twitter_image_url":null,"twitter_image_custom_url":null,"twitter_image_custom_fields":null,"twitter_title":null,"twitter_description":null,"schema":{"blockGraphs":[],"customGraphs":[],"default":{"data":{"Article":[],"Course":[],"Dataset":[],"FAQPage":[],"Movie":[],"Person":[],"Product":[],"ProductReview":[],"Car":[],"Recipe":[],"Service":[],"SoftwareApplication":[],"WebPage":[]},"graphName":"BlogPosting","isEnabled":true},"graphs":[]},"schema_type":"default","schema_type_options":null,"pillar_content":false,"robots_default":true,"robots_noindex":false,"robots_noarchive":false,"robots_nosnippet":false,"robots_nofollow":false,"robots_noimageindex":false,"robots_noodp":false,"robots_notranslate":false,"robots_max_snippet":"-1","robots_max_videopreview":"-1","robots_max_imagepreview":"large","priority":null,"frequency":"default","local_seo":null,"seo_analyzer_scan_date":"2025-10-06 08:49:25","breadcrumb_settings":null,"limit_modified_date":false,"open_ai":"{\"title\":{\"suggestions\":[],\"usage\":0},\"description\":{\"suggestions\":[],\"usage\":0}}","ai":null,"created":"2024-05-07 15:20:35","updated":"2025-10-09 13:51:56"},"aioseo_breadcrumb":"<div class=\"aioseo-breadcrumbs\"><span class=\"aioseo-breadcrumb\">\n\t<a href=\"https:\/\/www.eldigitaldeasturias.com\/noticias\" title=\"Home\">Home<\/a>\n<\/span><span class=\"aioseo-breadcrumb-separator\">\u2013<\/span><span class=\"aioseo-breadcrumb\">\n\t<a href=\"https:\/\/www.eldigitaldeasturias.com\/noticias\/category\/actualidad-asturias\/\" title=\"Actualidad Asturias\">Actualidad Asturias<\/a>\n<\/span><span class=\"aioseo-breadcrumb-separator\">\u2013<\/span><span class=\"aioseo-breadcrumb\">\n\t<a href=\"https:\/\/www.eldigitaldeasturias.com\/noticias\/corvera-celebra-la-45-selmana-de-les-lletres\/\" title=\"Corvera celebra la 45 Selmana de les Lletres\">Corvera celebra la 45 Selmana de les Lletres<\/a>\n<\/span><\/div>","aioseo_breadcrumb_json":[{"label":"Home","link":"https:\/\/www.eldigitaldeasturias.com\/noticias"},{"label":"Actualidad Asturias","link":"https:\/\/www.eldigitaldeasturias.com\/noticias\/category\/actualidad-asturias\/"},{"label":"Corvera celebra la 45 Selmana de les Lletres","link":"https:\/\/www.eldigitaldeasturias.com\/noticias\/corvera-celebra-la-45-selmana-de-les-lletres\/"}],"_links":{"self":[{"href":"https:\/\/www.eldigitaldeasturias.com\/noticias\/wp-json\/wp\/v2\/posts\/1130492","targetHints":{"allow":["GET"]}}],"collection":[{"href":"https:\/\/www.eldigitaldeasturias.com\/noticias\/wp-json\/wp\/v2\/posts"}],"about":[{"href":"https:\/\/www.eldigitaldeasturias.com\/noticias\/wp-json\/wp\/v2\/types\/post"}],"author":[{"embeddable":true,"href":"https:\/\/www.eldigitaldeasturias.com\/noticias\/wp-json\/wp\/v2\/users\/1"}],"replies":[{"embeddable":true,"href":"https:\/\/www.eldigitaldeasturias.com\/noticias\/wp-json\/wp\/v2\/comments?post=1130492"}],"version-history":[{"count":0,"href":"https:\/\/www.eldigitaldeasturias.com\/noticias\/wp-json\/wp\/v2\/posts\/1130492\/revisions"}],"wp:featuredmedia":[{"embeddable":true,"href":"https:\/\/www.eldigitaldeasturias.com\/noticias\/wp-json\/wp\/v2\/media\/1130493"}],"wp:attachment":[{"href":"https:\/\/www.eldigitaldeasturias.com\/noticias\/wp-json\/wp\/v2\/media?parent=1130492"}],"wp:term":[{"taxonomy":"category","embeddable":true,"href":"https:\/\/www.eldigitaldeasturias.com\/noticias\/wp-json\/wp\/v2\/categories?post=1130492"},{"taxonomy":"post_tag","embeddable":true,"href":"https:\/\/www.eldigitaldeasturias.com\/noticias\/wp-json\/wp\/v2\/tags?post=1130492"}],"curies":[{"name":"wp","href":"https:\/\/api.w.org\/{rel}","templated":true}]}}