{"id":1130466,"date":"2024-05-05T01:33:02","date_gmt":"2024-05-04T23:33:02","guid":{"rendered":"https:\/\/www.eldigitaldeasturias.com\/noticias\/?p=1130466"},"modified":"2024-05-05T01:33:02","modified_gmt":"2024-05-04T23:33:02","slug":"el-alvarez-buylla-conmemora-el-aniversario-de-su-traslado-a-santullano","status":"publish","type":"post","link":"https:\/\/www.eldigitaldeasturias.com\/noticias\/el-alvarez-buylla-conmemora-el-aniversario-de-su-traslado-a-santullano\/","title":{"rendered":"El \u00c1lvarez Buylla conmemora el aniversario de su traslado a Santullano"},"content":{"rendered":"<p>El Hospital Vital \u00c1lvarez Buylla conmemora este a\u00f1o 2024 el d\u00e9cimo aniversario del traslado a su nueva ubicaci\u00f3n en Santuyano con una variada programaci\u00f3n de actos y jornadas cient\u00edficas. El programa incluye actividades divulgativas, l\u00fadicas y de apertura a la ciudadan\u00eda y la sesi\u00f3n central tendr\u00e1 lugar el <a href=\"https:\/\/www.eldigitaldeasturias.com\/noticias\/category\/agenda\/\"><span style=\"color: #ff6600;\"><strong>22 de mayo<\/strong><\/span><\/a> en el sal\u00f3n de actos del complejo.<\/p>\n<figure id=\"attachment_1130467\" aria-describedby=\"caption-attachment-1130467\" style=\"width: 650px\" class=\"wp-caption aligncenter\"><img loading=\"lazy\" decoding=\"async\" class=\"size-large wp-image-1130467\" src=\"https:\/\/www.eldigitaldeasturias.com\/noticias\/wp-content\/uploads\/2024\/05\/Hospital-Vital-Alvarez-Buylla-650x366.jpg\" alt=\"Hospital Vital \u00c1lvarez Buylla \" width=\"650\" height=\"366\" srcset=\"https:\/\/www.eldigitaldeasturias.com\/noticias\/wp-content\/uploads\/2024\/05\/Hospital-Vital-Alvarez-Buylla-650x366.jpg 650w, https:\/\/www.eldigitaldeasturias.com\/noticias\/wp-content\/uploads\/2024\/05\/Hospital-Vital-Alvarez-Buylla-360x203.jpg 360w, https:\/\/www.eldigitaldeasturias.com\/noticias\/wp-content\/uploads\/2024\/05\/Hospital-Vital-Alvarez-Buylla-480x270.jpg 480w, https:\/\/www.eldigitaldeasturias.com\/noticias\/wp-content\/uploads\/2024\/05\/Hospital-Vital-Alvarez-Buylla-768x432.jpg 768w, https:\/\/www.eldigitaldeasturias.com\/noticias\/wp-content\/uploads\/2024\/05\/Hospital-Vital-Alvarez-Buylla-150x84.jpg 150w, https:\/\/www.eldigitaldeasturias.com\/noticias\/wp-content\/uploads\/2024\/05\/Hospital-Vital-Alvarez-Buylla-450x253.jpg 450w, https:\/\/www.eldigitaldeasturias.com\/noticias\/wp-content\/uploads\/2024\/05\/Hospital-Vital-Alvarez-Buylla.jpg 1118w\" sizes=\"auto, (max-width: 650px) 100vw, 650px\" \/><figcaption id=\"caption-attachment-1130467\" class=\"wp-caption-text\">Foto: Prensa Gobierno de Asturias<\/figcaption><\/figure>\n<p>El gerente del Servicio de Salud del<span style=\"color: #ff6600;\"> <a style=\"color: #ff6600;\" title=\"Principado de Asturias\" href=\"https:\/\/actualidad.asturias.es\/\" target=\"_blank\" rel=\"noopener\"><strong>Principado<\/strong><\/a><\/span> (Sespa), <strong>Aquilino Alonso, ha visitado el centro sanitario para presentar el logotipo conmemorativo y visitar el Servicio de Rehabilitaci\u00f3n, el primero en incorporarse al nuevo emplazamiento.<\/strong><\/p>\n<p>El logotipo creado para la ocasi\u00f3n simplifica la imagen m\u00e1s ic\u00f3nica del hospital: las letras de acero inoxidable (HVAB) que se encuentran a la entrada principal y que se han hecho muy populares, junto con parte de la fachada principal del edificio. <strong>Tambi\u00e9n se puede leer el nombre completo del hospital y la referencia al d\u00e9cimo aniversario. La imagen, dise\u00f1ada por el Servicio de Calidad del hospital, ser\u00e1 la marca de todos los actos que organice el \u00e1rea sanitaria.<\/strong><\/p>\n<p>El acto central, previsto para el 22 de mayo, permitir\u00e1 compartir experiencias con profesionales y usuarios. <strong>El d\u00eda anterior, el 21 de mayo, se rendir\u00e1 homenaje a 40 profesionales jubilados.<\/strong><\/p>\n<p>Tambi\u00e9n est\u00e1n previstas la jornada Pasqual, la II Jornada de Infecciosas y otras de puertas abiertas para la ciudadan\u00eda, entre otras actividades que se ir\u00e1n difundiendo a medida que se acerque la fecha.<\/p>\n<h2>El estreno en las nuevas instalaciones<\/h2>\n<p>El nuevo HVAB de Santuyano es una prolongaci\u00f3n del hospital de Murias que conjuga pasado y presente y representa un gran salto al futuro. Las instalaciones inauguradas hace una d\u00e9cada han supuesto una mejora cuantitativa y cualitativa y han permitido ahondar en la innovaci\u00f3n. Por su parte, el personal aporta el compromiso con la calidad asistencial, algo a lo que contribuyen tambi\u00e9n las nuevas tecnolog\u00edas que el Sespa est\u00e1 instalando en todas las \u00e1reas.<\/p>\n<p>El Servicio de Rehabilitaci\u00f3n inaugur\u00f3 las nuevas instalaciones en diciembre de 2013, mientras que en mayo de 2014 se culmin\u00f3 el traslado del resto. <strong>En estos diez a\u00f1os, el servicio ha atendido a m\u00e1s de 22.000 pacientes y ha realizado cerca de 500.000 tratamientos.<\/strong><\/p>\n<p>El traslado del centro mierense sirvi\u00f3 de referencia para el del Hospital Universitario Central de Asturias (HUCA), que se llev\u00f3 a cabo en junio de 2014. La implicaci\u00f3n de los trabajadores permiti\u00f3 en ambos casos garantizar la continuidad en la atenci\u00f3n.<\/p>\n<p>Las nuevas instalaciones permitieron incorporar mejoras en el dise\u00f1o de espacios asistenciales y equipos de alta calidad, como el robot de dispensaci\u00f3n de medicaci\u00f3n autom\u00e1tica. Tambi\u00e9n favorecieron la ampliaci\u00f3n de la unidad de observaci\u00f3n de Urgencias y de la unidad de Reanimaci\u00f3n de Anestesia, as\u00ed como la puesta en marcha de un servicio pionero de Ginecolog\u00eda y Obstetricia y de modernos quir\u00f3fanos equipados con material de \u00faltima generaci\u00f3n.<\/p>\n<p>Todo ello ha permitido aumentar las prestaciones del \u00e1rea, por ejemplo, con la creaci\u00f3n de la unidad de Hemodi\u00e1lisis y la adecuaci\u00f3n a las necesidades actuales de los servicios de Medicina Preventiva, de Prevenci\u00f3n de Riesgos Laborales y de la Unidad de Calidad, con el objetivo de prestar la mejor asistencia a la poblaci\u00f3n.<\/p>\n","protected":false},"excerpt":{"rendered":"<p>El Hospital Vital \u00c1lvarez Buylla conmemora este a\u00f1o 2024 el d\u00e9cimo aniversario del traslado a su nueva ubicaci\u00f3n en Santuyano con una variada programaci\u00f3n de actos y jornadas cient\u00edficas. El programa incluye actividades divulgativas, l\u00fadicas y de apertura a la ciudadan\u00eda y la sesi\u00f3n central tendr\u00e1 lugar el 22 de mayo en el sal\u00f3n de [&hellip;]<\/p>\n","protected":false},"author":1,"featured_media":1130467,"comment_status":"closed","ping_status":"closed","sticky":false,"template":"","format":"standard","meta":{"footnotes":""},"categories":[12,141],"tags":[],"class_list":["post-1130466","post","type-post","status-publish","format-standard","has-post-thumbnail","hentry","category-actualidad-asturias","category-destacadas"],"aioseo_notices":[],"aioseo_head":"\n\t\t<!-- All in One SEO Pro 4.9.6.2 - aioseo.com -->\n\t<meta name=\"description\" content=\"El Hospital Vital \u00c1lvarez Buylla conmemora este a\u00f1o 2024 el d\u00e9cimo aniversario del traslado a su nueva ubicaci\u00f3n en Santuyano con una variada programaci\u00f3n\" \/>\n\t<meta name=\"robots\" content=\"max-image-preview:large\" \/>\n\t<meta name=\"author\" content=\"El Digital de Asturias\"\/>\n\t<meta name=\"google-site-verification\" content=\"UA-38556648-1\" \/>\n\t<meta name=\"msvalidate.01\" content=\"7dfe9f3f1b24437ab69f4f2559babe99\" \/>\n\t<meta name=\"keywords\" content=\"actualidad asturias,destacadas\" \/>\n\t<link rel=\"canonical\" href=\"https:\/\/www.eldigitaldeasturias.com\/noticias\/el-alvarez-buylla-conmemora-el-aniversario-de-su-traslado-a-santullano\/\" \/>\n\t<meta name=\"generator\" content=\"All in One SEO Pro (AIOSEO) 4.9.6.2\" \/>\n\t\t<meta property=\"og:locale\" content=\"es_ES\" \/>\n\t\t<meta property=\"og:site_name\" content=\"El Digital de Asturias\" \/>\n\t\t<meta property=\"og:type\" content=\"article\" \/>\n\t\t<meta property=\"og:title\" content=\"El \u00c1lvarez Buylla conmemora el aniversario de su traslado a Santullano - El Digital de Asturias\" \/>\n\t\t<meta property=\"og:description\" content=\"El Hospital Vital \u00c1lvarez Buylla conmemora este a\u00f1o 2024 el d\u00e9cimo aniversario del traslado a su nueva ubicaci\u00f3n en Santuyano con una variada programaci\u00f3n\" \/>\n\t\t<meta property=\"og:url\" content=\"https:\/\/www.eldigitaldeasturias.com\/noticias\/el-alvarez-buylla-conmemora-el-aniversario-de-su-traslado-a-santullano\/\" \/>\n\t\t<meta property=\"og:image\" content=\"https:\/\/www.eldigitaldeasturias.com\/noticias\/wp-content\/uploads\/2024\/05\/Hospital-Vital-Alvarez-Buylla.jpg\" \/>\n\t\t<meta property=\"og:image:secure_url\" content=\"https:\/\/www.eldigitaldeasturias.com\/noticias\/wp-content\/uploads\/2024\/05\/Hospital-Vital-Alvarez-Buylla.jpg\" \/>\n\t\t<meta property=\"og:image:width\" content=\"1118\" \/>\n\t\t<meta property=\"og:image:height\" content=\"629\" \/>\n\t\t<meta property=\"article:tag\" content=\"actualidad asturias\" \/>\n\t\t<meta property=\"article:tag\" content=\"destacadas\" \/>\n\t\t<meta property=\"article:published_time\" content=\"2024-05-04T23:33:02+00:00\" \/>\n\t\t<meta property=\"article:modified_time\" content=\"2024-05-04T23:33:02+00:00\" \/>\n\t\t<meta property=\"article:publisher\" content=\"https:\/\/facebook.com\/eldigitaldeasturias\" \/>\n\t\t<meta name=\"twitter:card\" content=\"summary_large_image\" \/>\n\t\t<meta name=\"twitter:title\" content=\"El \u00c1lvarez Buylla conmemora el aniversario de su traslado a Santullano - El Digital de Asturias\" \/>\n\t\t<meta name=\"twitter:description\" content=\"El Hospital Vital \u00c1lvarez Buylla conmemora este a\u00f1o 2024 el d\u00e9cimo aniversario del traslado a su nueva ubicaci\u00f3n en Santuyano con una variada programaci\u00f3n\" \/>\n\t\t<meta name=\"twitter:image\" content=\"https:\/\/www.eldigitaldeasturias.com\/noticias\/wp-content\/uploads\/2024\/05\/Hospital-Vital-Alvarez-Buylla.jpg\" \/>\n\t\t<meta name=\"twitter:label1\" content=\"Escrito por\" \/>\n\t\t<meta name=\"twitter:data1\" content=\"El Digital de Asturias\" \/>\n\t\t<meta name=\"twitter:label2\" content=\"Tiempo de lectura estimado\" \/>\n\t\t<meta name=\"twitter:data2\" content=\"3 minutos\" \/>\n\t\t<script type=\"application\/ld+json\" class=\"aioseo-schema\">\n\t\t\t{\"@context\":\"https:\\\/\\\/schema.org\",\"@graph\":[{\"@type\":\"BlogPosting\",\"@id\":\"https:\\\/\\\/www.eldigitaldeasturias.com\\\/noticias\\\/el-alvarez-buylla-conmemora-el-aniversario-de-su-traslado-a-santullano\\\/#blogposting\",\"name\":\"El \\u00c1lvarez Buylla conmemora el aniversario de su traslado a Santullano - El Digital de Asturias\",\"headline\":\"El \\u00c1lvarez Buylla conmemora el aniversario de su traslado a Santullano\",\"author\":{\"@id\":\"https:\\\/\\\/www.eldigitaldeasturias.com\\\/noticias\\\/author\\\/admin\\\/#author\"},\"publisher\":{\"@id\":\"https:\\\/\\\/www.eldigitaldeasturias.com\\\/noticias\\\/#organization\"},\"image\":{\"@type\":\"ImageObject\",\"url\":\"https:\\\/\\\/www.eldigitaldeasturias.com\\\/noticias\\\/wp-content\\\/uploads\\\/2024\\\/05\\\/Hospital-Vital-Alvarez-Buylla.jpg\",\"width\":1118,\"height\":629,\"caption\":\"Foto: Prensa Gobierno de Asturias\"},\"datePublished\":\"2024-05-05T01:33:02+02:00\",\"dateModified\":\"2024-05-05T01:33:02+02:00\",\"inLanguage\":\"es-ES\",\"mainEntityOfPage\":{\"@id\":\"https:\\\/\\\/www.eldigitaldeasturias.com\\\/noticias\\\/el-alvarez-buylla-conmemora-el-aniversario-de-su-traslado-a-santullano\\\/#webpage\"},\"isPartOf\":{\"@id\":\"https:\\\/\\\/www.eldigitaldeasturias.com\\\/noticias\\\/el-alvarez-buylla-conmemora-el-aniversario-de-su-traslado-a-santullano\\\/#webpage\"},\"articleSection\":\"Actualidad Asturias, Destacadas\"},{\"@type\":\"BreadcrumbList\",\"@id\":\"https:\\\/\\\/www.eldigitaldeasturias.com\\\/noticias\\\/el-alvarez-buylla-conmemora-el-aniversario-de-su-traslado-a-santullano\\\/#breadcrumblist\",\"itemListElement\":[{\"@type\":\"ListItem\",\"@id\":\"https:\\\/\\\/www.eldigitaldeasturias.com\\\/noticias#listItem\",\"position\":1,\"name\":\"Home\",\"item\":\"https:\\\/\\\/www.eldigitaldeasturias.com\\\/noticias\",\"nextItem\":{\"@type\":\"ListItem\",\"@id\":\"https:\\\/\\\/www.eldigitaldeasturias.com\\\/noticias\\\/category\\\/actualidad-asturias\\\/#listItem\",\"name\":\"Actualidad Asturias\"}},{\"@type\":\"ListItem\",\"@id\":\"https:\\\/\\\/www.eldigitaldeasturias.com\\\/noticias\\\/category\\\/actualidad-asturias\\\/#listItem\",\"position\":2,\"name\":\"Actualidad Asturias\",\"item\":\"https:\\\/\\\/www.eldigitaldeasturias.com\\\/noticias\\\/category\\\/actualidad-asturias\\\/\",\"nextItem\":{\"@type\":\"ListItem\",\"@id\":\"https:\\\/\\\/www.eldigitaldeasturias.com\\\/noticias\\\/el-alvarez-buylla-conmemora-el-aniversario-de-su-traslado-a-santullano\\\/#listItem\",\"name\":\"El \\u00c1lvarez Buylla conmemora el aniversario de su traslado a Santullano\"},\"previousItem\":{\"@type\":\"ListItem\",\"@id\":\"https:\\\/\\\/www.eldigitaldeasturias.com\\\/noticias#listItem\",\"name\":\"Home\"}},{\"@type\":\"ListItem\",\"@id\":\"https:\\\/\\\/www.eldigitaldeasturias.com\\\/noticias\\\/el-alvarez-buylla-conmemora-el-aniversario-de-su-traslado-a-santullano\\\/#listItem\",\"position\":3,\"name\":\"El \\u00c1lvarez Buylla conmemora el aniversario de su traslado a Santullano\",\"previousItem\":{\"@type\":\"ListItem\",\"@id\":\"https:\\\/\\\/www.eldigitaldeasturias.com\\\/noticias\\\/category\\\/actualidad-asturias\\\/#listItem\",\"name\":\"Actualidad Asturias\"}}]},{\"@type\":\"Organization\",\"@id\":\"https:\\\/\\\/www.eldigitaldeasturias.com\\\/noticias\\\/#organization\",\"name\":\"El Digital de Asturias\",\"description\":\"Hemeroteca\",\"url\":\"https:\\\/\\\/www.eldigitaldeasturias.com\\\/noticias\\\/\",\"email\":\"info@eldigitaldeasturias.com\",\"telephone\":\"+34652131393\",\"logo\":{\"@type\":\"ImageObject\",\"url\":\"https:\\\/\\\/www.eldigitaldeasturias.com\\\/noticias\\\/wp-content\\\/uploads\\\/2020\\\/12\\\/EDA.jpg\",\"@id\":\"https:\\\/\\\/www.eldigitaldeasturias.com\\\/noticias\\\/el-alvarez-buylla-conmemora-el-aniversario-de-su-traslado-a-santullano\\\/#organizationLogo\",\"width\":649,\"height\":297},\"image\":{\"@id\":\"https:\\\/\\\/www.eldigitaldeasturias.com\\\/noticias\\\/el-alvarez-buylla-conmemora-el-aniversario-de-su-traslado-a-santullano\\\/#organizationLogo\"},\"sameAs\":[\"https:\\\/\\\/facebook.com\\\/eldigitaldeasturias\",\"https:\\\/\\\/www.youtube.com\\\/channel\\\/UCZP-2wLEB9Rv6erhFmqVnvg\"],\"address\":{\"@id\":\"https:\\\/\\\/www.eldigitaldeasturias.com\\\/noticias\\\/#postaladdress\",\"@type\":\"PostalAddress\",\"streetAddress\":\"san antonio 4,\",\"postalCode\":\"33430\",\"addressLocality\":\"Cand\\u00e1s\",\"addressRegion\":\"Asturias\",\"addressCountry\":\"ES\"}},{\"@type\":\"Person\",\"@id\":\"https:\\\/\\\/www.eldigitaldeasturias.com\\\/noticias\\\/author\\\/admin\\\/#author\",\"url\":\"https:\\\/\\\/www.eldigitaldeasturias.com\\\/noticias\\\/author\\\/admin\\\/\",\"name\":\"El Digital de Asturias\",\"image\":{\"@type\":\"ImageObject\",\"@id\":\"https:\\\/\\\/www.eldigitaldeasturias.com\\\/noticias\\\/el-alvarez-buylla-conmemora-el-aniversario-de-su-traslado-a-santullano\\\/#authorImage\",\"url\":\"https:\\\/\\\/www.eldigitaldeasturias.com\\\/noticias\\\/wp-content\\\/litespeed\\\/avatar\\\/18677e78aa0546b92d9dbf31ec7d7668.jpg?ver=1777290358\",\"width\":96,\"height\":96,\"caption\":\"El Digital de Asturias\"}},{\"@type\":\"WebPage\",\"@id\":\"https:\\\/\\\/www.eldigitaldeasturias.com\\\/noticias\\\/el-alvarez-buylla-conmemora-el-aniversario-de-su-traslado-a-santullano\\\/#webpage\",\"url\":\"https:\\\/\\\/www.eldigitaldeasturias.com\\\/noticias\\\/el-alvarez-buylla-conmemora-el-aniversario-de-su-traslado-a-santullano\\\/\",\"name\":\"El \\u00c1lvarez Buylla conmemora el aniversario de su traslado a Santullano - El Digital de Asturias\",\"description\":\"El Hospital Vital \\u00c1lvarez Buylla conmemora este a\\u00f1o 2024 el d\\u00e9cimo aniversario del traslado a su nueva ubicaci\\u00f3n en Santuyano con una variada programaci\\u00f3n\",\"inLanguage\":\"es-ES\",\"isPartOf\":{\"@id\":\"https:\\\/\\\/www.eldigitaldeasturias.com\\\/noticias\\\/#website\"},\"breadcrumb\":{\"@id\":\"https:\\\/\\\/www.eldigitaldeasturias.com\\\/noticias\\\/el-alvarez-buylla-conmemora-el-aniversario-de-su-traslado-a-santullano\\\/#breadcrumblist\"},\"author\":{\"@id\":\"https:\\\/\\\/www.eldigitaldeasturias.com\\\/noticias\\\/author\\\/admin\\\/#author\"},\"creator\":{\"@id\":\"https:\\\/\\\/www.eldigitaldeasturias.com\\\/noticias\\\/author\\\/admin\\\/#author\"},\"image\":{\"@type\":\"ImageObject\",\"url\":\"https:\\\/\\\/www.eldigitaldeasturias.com\\\/noticias\\\/wp-content\\\/uploads\\\/2024\\\/05\\\/Hospital-Vital-Alvarez-Buylla.jpg\",\"@id\":\"https:\\\/\\\/www.eldigitaldeasturias.com\\\/noticias\\\/el-alvarez-buylla-conmemora-el-aniversario-de-su-traslado-a-santullano\\\/#mainImage\",\"width\":1118,\"height\":629,\"caption\":\"Foto: Prensa Gobierno de Asturias\"},\"primaryImageOfPage\":{\"@id\":\"https:\\\/\\\/www.eldigitaldeasturias.com\\\/noticias\\\/el-alvarez-buylla-conmemora-el-aniversario-de-su-traslado-a-santullano\\\/#mainImage\"},\"datePublished\":\"2024-05-05T01:33:02+02:00\",\"dateModified\":\"2024-05-05T01:33:02+02:00\"},{\"@type\":\"WebSite\",\"@id\":\"https:\\\/\\\/www.eldigitaldeasturias.com\\\/noticias\\\/#website\",\"url\":\"https:\\\/\\\/www.eldigitaldeasturias.com\\\/noticias\\\/\",\"name\":\"El Digital de Asturias - Diario de actualidad y noticias\",\"alternateName\":\"El Digital de Asturias - Diario de actualidad y noticias\",\"description\":\"Hemeroteca\",\"inLanguage\":\"es-ES\",\"publisher\":{\"@id\":\"https:\\\/\\\/www.eldigitaldeasturias.com\\\/noticias\\\/#organization\"}}]}\n\t\t<\/script>\n\t\t<!-- All in One SEO Pro -->\r\n\t\t<title>El \u00c1lvarez Buylla conmemora el aniversario de su traslado a Santullano - El Digital de Asturias<\/title>\n\n","aioseo_head_json":{"title":"El \u00c1lvarez Buylla conmemora el aniversario de su traslado a Santullano - El Digital de Asturias","description":"El Hospital Vital \u00c1lvarez Buylla conmemora este a\u00f1o 2024 el d\u00e9cimo aniversario del traslado a su nueva ubicaci\u00f3n en Santuyano con una variada programaci\u00f3n","canonical_url":"https:\/\/www.eldigitaldeasturias.com\/noticias\/el-alvarez-buylla-conmemora-el-aniversario-de-su-traslado-a-santullano\/","robots":"max-image-preview:large","keywords":"actualidad asturias,destacadas","webmasterTools":{"google-site-verification":"UA-38556648-1","msvalidate.01":"7dfe9f3f1b24437ab69f4f2559babe99","miscellaneous":""},"schema":{"@context":"https:\/\/schema.org","@graph":[{"@type":"BlogPosting","@id":"https:\/\/www.eldigitaldeasturias.com\/noticias\/el-alvarez-buylla-conmemora-el-aniversario-de-su-traslado-a-santullano\/#blogposting","name":"El \u00c1lvarez Buylla conmemora el aniversario de su traslado a Santullano - El Digital de Asturias","headline":"El \u00c1lvarez Buylla conmemora el aniversario de su traslado a Santullano","author":{"@id":"https:\/\/www.eldigitaldeasturias.com\/noticias\/author\/admin\/#author"},"publisher":{"@id":"https:\/\/www.eldigitaldeasturias.com\/noticias\/#organization"},"image":{"@type":"ImageObject","url":"https:\/\/www.eldigitaldeasturias.com\/noticias\/wp-content\/uploads\/2024\/05\/Hospital-Vital-Alvarez-Buylla.jpg","width":1118,"height":629,"caption":"Foto: Prensa Gobierno de Asturias"},"datePublished":"2024-05-05T01:33:02+02:00","dateModified":"2024-05-05T01:33:02+02:00","inLanguage":"es-ES","mainEntityOfPage":{"@id":"https:\/\/www.eldigitaldeasturias.com\/noticias\/el-alvarez-buylla-conmemora-el-aniversario-de-su-traslado-a-santullano\/#webpage"},"isPartOf":{"@id":"https:\/\/www.eldigitaldeasturias.com\/noticias\/el-alvarez-buylla-conmemora-el-aniversario-de-su-traslado-a-santullano\/#webpage"},"articleSection":"Actualidad Asturias, Destacadas"},{"@type":"BreadcrumbList","@id":"https:\/\/www.eldigitaldeasturias.com\/noticias\/el-alvarez-buylla-conmemora-el-aniversario-de-su-traslado-a-santullano\/#breadcrumblist","itemListElement":[{"@type":"ListItem","@id":"https:\/\/www.eldigitaldeasturias.com\/noticias#listItem","position":1,"name":"Home","item":"https:\/\/www.eldigitaldeasturias.com\/noticias","nextItem":{"@type":"ListItem","@id":"https:\/\/www.eldigitaldeasturias.com\/noticias\/category\/actualidad-asturias\/#listItem","name":"Actualidad Asturias"}},{"@type":"ListItem","@id":"https:\/\/www.eldigitaldeasturias.com\/noticias\/category\/actualidad-asturias\/#listItem","position":2,"name":"Actualidad Asturias","item":"https:\/\/www.eldigitaldeasturias.com\/noticias\/category\/actualidad-asturias\/","nextItem":{"@type":"ListItem","@id":"https:\/\/www.eldigitaldeasturias.com\/noticias\/el-alvarez-buylla-conmemora-el-aniversario-de-su-traslado-a-santullano\/#listItem","name":"El \u00c1lvarez Buylla conmemora el aniversario de su traslado a Santullano"},"previousItem":{"@type":"ListItem","@id":"https:\/\/www.eldigitaldeasturias.com\/noticias#listItem","name":"Home"}},{"@type":"ListItem","@id":"https:\/\/www.eldigitaldeasturias.com\/noticias\/el-alvarez-buylla-conmemora-el-aniversario-de-su-traslado-a-santullano\/#listItem","position":3,"name":"El \u00c1lvarez Buylla conmemora el aniversario de su traslado a Santullano","previousItem":{"@type":"ListItem","@id":"https:\/\/www.eldigitaldeasturias.com\/noticias\/category\/actualidad-asturias\/#listItem","name":"Actualidad Asturias"}}]},{"@type":"Organization","@id":"https:\/\/www.eldigitaldeasturias.com\/noticias\/#organization","name":"El Digital de Asturias","description":"Hemeroteca","url":"https:\/\/www.eldigitaldeasturias.com\/noticias\/","email":"info@eldigitaldeasturias.com","telephone":"+34652131393","logo":{"@type":"ImageObject","url":"https:\/\/www.eldigitaldeasturias.com\/noticias\/wp-content\/uploads\/2020\/12\/EDA.jpg","@id":"https:\/\/www.eldigitaldeasturias.com\/noticias\/el-alvarez-buylla-conmemora-el-aniversario-de-su-traslado-a-santullano\/#organizationLogo","width":649,"height":297},"image":{"@id":"https:\/\/www.eldigitaldeasturias.com\/noticias\/el-alvarez-buylla-conmemora-el-aniversario-de-su-traslado-a-santullano\/#organizationLogo"},"sameAs":["https:\/\/facebook.com\/eldigitaldeasturias","https:\/\/www.youtube.com\/channel\/UCZP-2wLEB9Rv6erhFmqVnvg"],"address":{"@id":"https:\/\/www.eldigitaldeasturias.com\/noticias\/#postaladdress","@type":"PostalAddress","streetAddress":"san antonio 4,","postalCode":"33430","addressLocality":"Cand\u00e1s","addressRegion":"Asturias","addressCountry":"ES"}},{"@type":"Person","@id":"https:\/\/www.eldigitaldeasturias.com\/noticias\/author\/admin\/#author","url":"https:\/\/www.eldigitaldeasturias.com\/noticias\/author\/admin\/","name":"El Digital de Asturias","image":{"@type":"ImageObject","@id":"https:\/\/www.eldigitaldeasturias.com\/noticias\/el-alvarez-buylla-conmemora-el-aniversario-de-su-traslado-a-santullano\/#authorImage","url":"https:\/\/www.eldigitaldeasturias.com\/noticias\/wp-content\/litespeed\/avatar\/18677e78aa0546b92d9dbf31ec7d7668.jpg?ver=1777290358","width":96,"height":96,"caption":"El Digital de Asturias"}},{"@type":"WebPage","@id":"https:\/\/www.eldigitaldeasturias.com\/noticias\/el-alvarez-buylla-conmemora-el-aniversario-de-su-traslado-a-santullano\/#webpage","url":"https:\/\/www.eldigitaldeasturias.com\/noticias\/el-alvarez-buylla-conmemora-el-aniversario-de-su-traslado-a-santullano\/","name":"El \u00c1lvarez Buylla conmemora el aniversario de su traslado a Santullano - El Digital de Asturias","description":"El Hospital Vital \u00c1lvarez Buylla conmemora este a\u00f1o 2024 el d\u00e9cimo aniversario del traslado a su nueva ubicaci\u00f3n en Santuyano con una variada programaci\u00f3n","inLanguage":"es-ES","isPartOf":{"@id":"https:\/\/www.eldigitaldeasturias.com\/noticias\/#website"},"breadcrumb":{"@id":"https:\/\/www.eldigitaldeasturias.com\/noticias\/el-alvarez-buylla-conmemora-el-aniversario-de-su-traslado-a-santullano\/#breadcrumblist"},"author":{"@id":"https:\/\/www.eldigitaldeasturias.com\/noticias\/author\/admin\/#author"},"creator":{"@id":"https:\/\/www.eldigitaldeasturias.com\/noticias\/author\/admin\/#author"},"image":{"@type":"ImageObject","url":"https:\/\/www.eldigitaldeasturias.com\/noticias\/wp-content\/uploads\/2024\/05\/Hospital-Vital-Alvarez-Buylla.jpg","@id":"https:\/\/www.eldigitaldeasturias.com\/noticias\/el-alvarez-buylla-conmemora-el-aniversario-de-su-traslado-a-santullano\/#mainImage","width":1118,"height":629,"caption":"Foto: Prensa Gobierno de Asturias"},"primaryImageOfPage":{"@id":"https:\/\/www.eldigitaldeasturias.com\/noticias\/el-alvarez-buylla-conmemora-el-aniversario-de-su-traslado-a-santullano\/#mainImage"},"datePublished":"2024-05-05T01:33:02+02:00","dateModified":"2024-05-05T01:33:02+02:00"},{"@type":"WebSite","@id":"https:\/\/www.eldigitaldeasturias.com\/noticias\/#website","url":"https:\/\/www.eldigitaldeasturias.com\/noticias\/","name":"El Digital de Asturias - Diario de actualidad y noticias","alternateName":"El Digital de Asturias - Diario de actualidad y noticias","description":"Hemeroteca","inLanguage":"es-ES","publisher":{"@id":"https:\/\/www.eldigitaldeasturias.com\/noticias\/#organization"}}]},"og:locale":"es_ES","og:site_name":"El Digital de Asturias","og:type":"article","og:title":"El \u00c1lvarez Buylla conmemora el aniversario de su traslado a Santullano - El Digital de Asturias","og:description":"El Hospital Vital \u00c1lvarez Buylla conmemora este a\u00f1o 2024 el d\u00e9cimo aniversario del traslado a su nueva ubicaci\u00f3n en Santuyano con una variada programaci\u00f3n","og:url":"https:\/\/www.eldigitaldeasturias.com\/noticias\/el-alvarez-buylla-conmemora-el-aniversario-de-su-traslado-a-santullano\/","og:image":"https:\/\/www.eldigitaldeasturias.com\/noticias\/wp-content\/uploads\/2024\/05\/Hospital-Vital-Alvarez-Buylla.jpg","og:image:secure_url":"https:\/\/www.eldigitaldeasturias.com\/noticias\/wp-content\/uploads\/2024\/05\/Hospital-Vital-Alvarez-Buylla.jpg","og:image:width":1118,"og:image:height":629,"article:tag":["actualidad asturias","destacadas"],"article:published_time":"2024-05-04T23:33:02+00:00","article:modified_time":"2024-05-04T23:33:02+00:00","article:publisher":"https:\/\/facebook.com\/eldigitaldeasturias","twitter:card":"summary_large_image","twitter:title":"El \u00c1lvarez Buylla conmemora el aniversario de su traslado a Santullano - El Digital de Asturias","twitter:description":"El Hospital Vital \u00c1lvarez Buylla conmemora este a\u00f1o 2024 el d\u00e9cimo aniversario del traslado a su nueva ubicaci\u00f3n en Santuyano con una variada programaci\u00f3n","twitter:image":"https:\/\/www.eldigitaldeasturias.com\/noticias\/wp-content\/uploads\/2024\/05\/Hospital-Vital-Alvarez-Buylla.jpg","twitter:label1":"Escrito por","twitter:data1":"El Digital de Asturias","twitter:label2":"Tiempo de lectura estimado","twitter:data2":"3 minutos"},"aioseo_meta_data":{"post_id":"1130466","title":null,"description":"El Hospital Vital \u00c1lvarez Buylla conmemora este a\u00f1o 2024 el d\u00e9cimo aniversario del traslado a su nueva ubicaci\u00f3n en Santuyano con una variada programaci\u00f3n","keywords":null,"keyphrases":{"focus":{"keyphrase":"\u00c1lvarez Buylla","score":72,"analysis":{"keyphraseInTitle":{"score":9,"maxScore":9,"error":0},"keyphraseInDescription":{"score":9,"maxScore":9,"error":0},"keyphraseLength":{"score":9,"maxScore":9,"error":0,"length":2},"keyphraseInURL":{"score":1,"maxScore":5,"error":1},"keyphraseInIntroduction":{"score":9,"maxScore":9,"error":0},"keyphraseInSubHeadings":{"score":3,"maxScore":9,"error":1},"keyphraseInImageAlt":{"score":9,"maxScore":9,"error":0},"keywordDensity":{"score":0,"type":"low","maxScore":9,"error":1}}},"additional":[{"keyphrase":"\u00c1lvarez Buylla","score":80,"analysis":{"keyphraseInDescription":{"score":9,"maxScore":9,"error":0},"keyphraseLength":{"score":9,"maxScore":9,"error":0,"length":2},"keyphraseInIntroduction":{"score":9,"maxScore":9,"error":0},"keyphraseInImageAlt":{"score":9,"maxScore":9,"error":0},"keywordDensity":{"score":0,"type":"low","maxScore":9,"error":1}}}]},"primary_term":null,"canonical_url":null,"og_title":null,"og_description":null,"og_object_type":"default","og_image_type":"default","og_image_url":null,"og_image_width":null,"og_image_height":null,"og_image_custom_url":null,"og_image_custom_fields":null,"og_video":"","og_custom_url":null,"og_article_section":null,"og_article_tags":null,"twitter_use_og":false,"twitter_card":"default","twitter_image_type":"default","twitter_image_url":null,"twitter_image_custom_url":null,"twitter_image_custom_fields":null,"twitter_title":null,"twitter_description":null,"schema":{"blockGraphs":[],"customGraphs":[],"default":{"data":{"Article":[],"Course":[],"Dataset":[],"FAQPage":[],"Movie":[],"Person":[],"Product":[],"ProductReview":[],"Car":[],"Recipe":[],"Service":[],"SoftwareApplication":[],"WebPage":[]},"graphName":"BlogPosting","isEnabled":true},"graphs":[]},"schema_type":"default","schema_type_options":null,"pillar_content":false,"robots_default":true,"robots_noindex":false,"robots_noarchive":false,"robots_nosnippet":false,"robots_nofollow":false,"robots_noimageindex":false,"robots_noodp":false,"robots_notranslate":false,"robots_max_snippet":"-1","robots_max_videopreview":"-1","robots_max_imagepreview":"large","priority":null,"frequency":"default","local_seo":null,"seo_analyzer_scan_date":"2025-10-06 08:43:35","breadcrumb_settings":null,"limit_modified_date":false,"open_ai":"{\"title\":{\"suggestions\":[],\"usage\":0},\"description\":{\"suggestions\":[],\"usage\":0}}","ai":null,"created":"2024-05-04 23:27:28","updated":"2025-10-09 13:48:30"},"aioseo_breadcrumb":"<div class=\"aioseo-breadcrumbs\"><span class=\"aioseo-breadcrumb\">\n\t<a href=\"https:\/\/www.eldigitaldeasturias.com\/noticias\" title=\"Home\">Home<\/a>\n<\/span><span class=\"aioseo-breadcrumb-separator\">\u2013<\/span><span class=\"aioseo-breadcrumb\">\n\t<a href=\"https:\/\/www.eldigitaldeasturias.com\/noticias\/category\/actualidad-asturias\/\" title=\"Actualidad Asturias\">Actualidad Asturias<\/a>\n<\/span><span class=\"aioseo-breadcrumb-separator\">\u2013<\/span><span class=\"aioseo-breadcrumb\">\n\t<a href=\"https:\/\/www.eldigitaldeasturias.com\/noticias\/el-alvarez-buylla-conmemora-el-aniversario-de-su-traslado-a-santullano\/\" title=\"El \u00c1lvarez Buylla conmemora el aniversario de su traslado a Santullano\">El \u00c1lvarez Buylla conmemora el aniversario de su traslado a Santullano<\/a>\n<\/span><\/div>","aioseo_breadcrumb_json":[{"label":"Home","link":"https:\/\/www.eldigitaldeasturias.com\/noticias"},{"label":"Actualidad Asturias","link":"https:\/\/www.eldigitaldeasturias.com\/noticias\/category\/actualidad-asturias\/"},{"label":"El \u00c1lvarez Buylla conmemora el aniversario de su traslado a Santullano","link":"https:\/\/www.eldigitaldeasturias.com\/noticias\/el-alvarez-buylla-conmemora-el-aniversario-de-su-traslado-a-santullano\/"}],"_links":{"self":[{"href":"https:\/\/www.eldigitaldeasturias.com\/noticias\/wp-json\/wp\/v2\/posts\/1130466","targetHints":{"allow":["GET"]}}],"collection":[{"href":"https:\/\/www.eldigitaldeasturias.com\/noticias\/wp-json\/wp\/v2\/posts"}],"about":[{"href":"https:\/\/www.eldigitaldeasturias.com\/noticias\/wp-json\/wp\/v2\/types\/post"}],"author":[{"embeddable":true,"href":"https:\/\/www.eldigitaldeasturias.com\/noticias\/wp-json\/wp\/v2\/users\/1"}],"replies":[{"embeddable":true,"href":"https:\/\/www.eldigitaldeasturias.com\/noticias\/wp-json\/wp\/v2\/comments?post=1130466"}],"version-history":[{"count":0,"href":"https:\/\/www.eldigitaldeasturias.com\/noticias\/wp-json\/wp\/v2\/posts\/1130466\/revisions"}],"wp:featuredmedia":[{"embeddable":true,"href":"https:\/\/www.eldigitaldeasturias.com\/noticias\/wp-json\/wp\/v2\/media\/1130467"}],"wp:attachment":[{"href":"https:\/\/www.eldigitaldeasturias.com\/noticias\/wp-json\/wp\/v2\/media?parent=1130466"}],"wp:term":[{"taxonomy":"category","embeddable":true,"href":"https:\/\/www.eldigitaldeasturias.com\/noticias\/wp-json\/wp\/v2\/categories?post=1130466"},{"taxonomy":"post_tag","embeddable":true,"href":"https:\/\/www.eldigitaldeasturias.com\/noticias\/wp-json\/wp\/v2\/tags?post=1130466"}],"curies":[{"name":"wp","href":"https:\/\/api.w.org\/{rel}","templated":true}]}}