{"id":1130374,"date":"2024-04-29T14:56:53","date_gmt":"2024-04-29T12:56:53","guid":{"rendered":"https:\/\/www.eldigitaldeasturias.com\/noticias\/?p=1130374"},"modified":"2024-04-29T14:56:53","modified_gmt":"2024-04-29T12:56:53","slug":"reunion-en-asturias-del-consejo-rector-de-la-juventud","status":"publish","type":"post","link":"https:\/\/www.eldigitaldeasturias.com\/noticias\/reunion-en-asturias-del-consejo-rector-de-la-juventud\/","title":{"rendered":"Reuni\u00f3n en Asturias del Consejo Rector de la Juventud"},"content":{"rendered":"<p>El consejero del <span style=\"color: #ff6600;\"><a style=\"color: #ff6600;\" title=\"Principado de Asturias\" href=\"https:\/\/actualidad.asturias.es\/\" target=\"_blank\" rel=\"noopener\"><strong>Gobierno de Asturias<\/strong><\/a><\/span>, Ovidio Zapico, ha presidido la primera reuni\u00f3n del Consejo Rector de la Juventud, un organismo que retoma ahora sus sesiones tras m\u00e1s de dos a\u00f1os sin convocarse, concretamente desde diciembre de 2021.<\/p>\n<figure id=\"attachment_1130375\" aria-describedby=\"caption-attachment-1130375\" style=\"width: 650px\" class=\"wp-caption aligncenter\"><img loading=\"lazy\" decoding=\"async\" class=\"size-large wp-image-1130375\" src=\"https:\/\/www.eldigitaldeasturias.com\/noticias\/wp-content\/uploads\/2024\/04\/Reunion-en-Asturias-del-Consejo-Rector-de-la-Juventud-650x446.jpg\" alt=\"Reuni\u00f3n en Asturias del Consejo Rector de la Juventud\" width=\"650\" height=\"446\" srcset=\"https:\/\/www.eldigitaldeasturias.com\/noticias\/wp-content\/uploads\/2024\/04\/Reunion-en-Asturias-del-Consejo-Rector-de-la-Juventud-650x446.jpg 650w, https:\/\/www.eldigitaldeasturias.com\/noticias\/wp-content\/uploads\/2024\/04\/Reunion-en-Asturias-del-Consejo-Rector-de-la-Juventud-360x247.jpg 360w, https:\/\/www.eldigitaldeasturias.com\/noticias\/wp-content\/uploads\/2024\/04\/Reunion-en-Asturias-del-Consejo-Rector-de-la-Juventud-438x300.jpg 438w, https:\/\/www.eldigitaldeasturias.com\/noticias\/wp-content\/uploads\/2024\/04\/Reunion-en-Asturias-del-Consejo-Rector-de-la-Juventud-768x526.jpg 768w, https:\/\/www.eldigitaldeasturias.com\/noticias\/wp-content\/uploads\/2024\/04\/Reunion-en-Asturias-del-Consejo-Rector-de-la-Juventud-150x103.jpg 150w, https:\/\/www.eldigitaldeasturias.com\/noticias\/wp-content\/uploads\/2024\/04\/Reunion-en-Asturias-del-Consejo-Rector-de-la-Juventud-450x308.jpg 450w, https:\/\/www.eldigitaldeasturias.com\/noticias\/wp-content\/uploads\/2024\/04\/Reunion-en-Asturias-del-Consejo-Rector-de-la-Juventud.jpg 957w\" sizes=\"auto, (max-width: 650px) 100vw, 650px\" \/><figcaption id=\"caption-attachment-1130375\" class=\"wp-caption-text\">Foto: Prensa Gobierno de Asturias<\/figcaption><\/figure>\n<p><strong>El Gobierno del Principado recupera este \u00f3rgano con la intenci\u00f3n de que las personas j\u00f3venes participen en las pol\u00edticas que les afectan. Tambi\u00e9n persigue mejorar las condiciones para que este colectivo desarrolle su proyecto de vida en la comunidad.<\/strong><\/p>\n<p>Seg\u00fan ha explicado Zapico, entre los motivos por los que su consejer\u00eda ha querido volver a celebrar este consejo figura la intenci\u00f3n de constituir los grupos de trabajo que dise\u00f1ar\u00e1n el futuro Plan Estrat\u00e9gico de Juventud de <a title=\"Asturias\" href=\"https:\/\/www.eldigitaldeasturias.com\/noticias\/category\/actualidad-asturias\/\"><strong><span style=\"color: #ff6600;\">Asturias<\/span><\/strong><\/a>. <strong>\u201cHoy ponemos una piedra importante en ese camino de cooperaci\u00f3n entre la juventud asturiana y el Gobierno de Asturias\u201d, ha afirmado.<\/strong><\/p>\n<p>En esta primera reuni\u00f3n ha participado tambi\u00e9n el director general de Juventud, Francisco de As\u00eds Fern\u00e1ndez, quien ha explicado el objetivo de la sesi\u00f3n: <strong>\u201cSe trata de empezar a crear las bases de un modelo integral que tenga visi\u00f3n a largo plazo sobre c\u00f3mo poner a la juventud asturiana en el centro\u201d. \u201cQueremos hacer de Asturias un lugar en el que la juventud pueda construir un proyecto de vida\u201d, ha a\u00f1adido.<\/strong><\/p>\n<p>En cuanto a los principales ejes de actuaci\u00f3n, ha citado la actualizaci\u00f3n de la formaci\u00f3n para este colectivo, adaptada a las necesidades de la industria mediante la revalorizaci\u00f3n de la Formaci\u00f3n Profesional (FP); la apuesta por un empleo de calidad, la emancipaci\u00f3n y el acceso a una vivienda digna, la participaci\u00f3n y el desarrollo del talento cultural asturiano.<\/p>\n<p>El consejo rector es el \u00f3rgano colegiado del Instituto Asturiano de la Juventud al que corresponden funciones trascendentales para asegurar que la poblaci\u00f3n joven disfrute de garant\u00edas para el cumplimiento de sus derechos civiles, pol\u00edticos, econ\u00f3micos, sociales y culturales, y para el desarrollo de las pol\u00edticas de juventud y de participaci\u00f3n juvenil.<\/p>\n","protected":false},"excerpt":{"rendered":"<p>El consejero del Gobierno de Asturias, Ovidio Zapico, ha presidido la primera reuni\u00f3n del Consejo Rector de la Juventud, un organismo que retoma ahora sus sesiones tras m\u00e1s de dos a\u00f1os sin convocarse, concretamente desde diciembre de 2021. El Gobierno del Principado recupera este \u00f3rgano con la intenci\u00f3n de que las personas j\u00f3venes participen en [&hellip;]<\/p>\n","protected":false},"author":1,"featured_media":1130375,"comment_status":"closed","ping_status":"closed","sticky":false,"template":"","format":"standard","meta":{"footnotes":""},"categories":[12,141],"tags":[],"class_list":["post-1130374","post","type-post","status-publish","format-standard","has-post-thumbnail","hentry","category-actualidad-asturias","category-destacadas"],"aioseo_notices":[],"aioseo_head":"\n\t\t<!-- All in One SEO Pro 4.9.6.2 - aioseo.com -->\n\t<meta name=\"description\" content=\"El consejero del Gobierno de Asturias, Ovidio Zapico, ha presidido la primera reuni\u00f3n del Consejo Rector de la Juventud, un organismo que retoma ahora sus\" \/>\n\t<meta name=\"robots\" content=\"max-image-preview:large\" \/>\n\t<meta name=\"author\" content=\"El Digital de Asturias\"\/>\n\t<meta name=\"google-site-verification\" content=\"UA-38556648-1\" \/>\n\t<meta name=\"msvalidate.01\" content=\"7dfe9f3f1b24437ab69f4f2559babe99\" \/>\n\t<meta name=\"keywords\" content=\"actualidad asturias,destacadas\" \/>\n\t<link rel=\"canonical\" href=\"https:\/\/www.eldigitaldeasturias.com\/noticias\/reunion-en-asturias-del-consejo-rector-de-la-juventud\/\" \/>\n\t<meta name=\"generator\" content=\"All in One SEO Pro (AIOSEO) 4.9.6.2\" \/>\n\t\t<meta property=\"og:locale\" content=\"es_ES\" \/>\n\t\t<meta property=\"og:site_name\" content=\"El Digital de Asturias\" \/>\n\t\t<meta property=\"og:type\" content=\"article\" \/>\n\t\t<meta property=\"og:title\" content=\"Reuni\u00f3n en Asturias del Consejo Rector de la Juventud - El Digital de Asturias\" \/>\n\t\t<meta property=\"og:description\" content=\"El consejero del Gobierno de Asturias, Ovidio Zapico, ha presidido la primera reuni\u00f3n del Consejo Rector de la Juventud, un organismo que retoma ahora sus\" \/>\n\t\t<meta property=\"og:url\" content=\"https:\/\/www.eldigitaldeasturias.com\/noticias\/reunion-en-asturias-del-consejo-rector-de-la-juventud\/\" \/>\n\t\t<meta property=\"og:image\" content=\"https:\/\/www.eldigitaldeasturias.com\/noticias\/wp-content\/uploads\/2024\/04\/Reunion-en-Asturias-del-Consejo-Rector-de-la-Juventud.jpg\" \/>\n\t\t<meta property=\"og:image:secure_url\" content=\"https:\/\/www.eldigitaldeasturias.com\/noticias\/wp-content\/uploads\/2024\/04\/Reunion-en-Asturias-del-Consejo-Rector-de-la-Juventud.jpg\" \/>\n\t\t<meta property=\"og:image:width\" content=\"957\" \/>\n\t\t<meta property=\"og:image:height\" content=\"656\" \/>\n\t\t<meta property=\"article:tag\" content=\"actualidad asturias\" \/>\n\t\t<meta property=\"article:tag\" content=\"destacadas\" \/>\n\t\t<meta property=\"article:published_time\" content=\"2024-04-29T12:56:53+00:00\" \/>\n\t\t<meta property=\"article:modified_time\" content=\"2024-04-29T12:56:53+00:00\" \/>\n\t\t<meta property=\"article:publisher\" content=\"https:\/\/facebook.com\/eldigitaldeasturias\" \/>\n\t\t<meta name=\"twitter:card\" content=\"summary_large_image\" \/>\n\t\t<meta name=\"twitter:title\" content=\"Reuni\u00f3n en Asturias del Consejo Rector de la Juventud - El Digital de Asturias\" \/>\n\t\t<meta name=\"twitter:description\" content=\"El consejero del Gobierno de Asturias, Ovidio Zapico, ha presidido la primera reuni\u00f3n del Consejo Rector de la Juventud, un organismo que retoma ahora sus\" \/>\n\t\t<meta name=\"twitter:image\" content=\"https:\/\/www.eldigitaldeasturias.com\/noticias\/wp-content\/uploads\/2024\/04\/Reunion-en-Asturias-del-Consejo-Rector-de-la-Juventud.jpg\" \/>\n\t\t<meta name=\"twitter:label1\" content=\"Escrito por\" \/>\n\t\t<meta name=\"twitter:data1\" content=\"El Digital de Asturias\" \/>\n\t\t<meta name=\"twitter:label2\" content=\"Tiempo de lectura estimado\" \/>\n\t\t<meta name=\"twitter:data2\" content=\"2 minutos\" \/>\n\t\t<script type=\"application\/ld+json\" class=\"aioseo-schema\">\n\t\t\t{\"@context\":\"https:\\\/\\\/schema.org\",\"@graph\":[{\"@type\":\"BlogPosting\",\"@id\":\"https:\\\/\\\/www.eldigitaldeasturias.com\\\/noticias\\\/reunion-en-asturias-del-consejo-rector-de-la-juventud\\\/#blogposting\",\"name\":\"Reuni\\u00f3n en Asturias del Consejo Rector de la Juventud - El Digital de Asturias\",\"headline\":\"Reuni\\u00f3n en Asturias del Consejo Rector de la Juventud\",\"author\":{\"@id\":\"https:\\\/\\\/www.eldigitaldeasturias.com\\\/noticias\\\/author\\\/admin\\\/#author\"},\"publisher\":{\"@id\":\"https:\\\/\\\/www.eldigitaldeasturias.com\\\/noticias\\\/#organization\"},\"image\":{\"@type\":\"ImageObject\",\"url\":\"https:\\\/\\\/www.eldigitaldeasturias.com\\\/noticias\\\/wp-content\\\/uploads\\\/2024\\\/04\\\/Reunion-en-Asturias-del-Consejo-Rector-de-la-Juventud.jpg\",\"width\":957,\"height\":656,\"caption\":\"Foto: Prensa Gobierno de Asturias\"},\"datePublished\":\"2024-04-29T14:56:53+02:00\",\"dateModified\":\"2024-04-29T14:56:53+02:00\",\"inLanguage\":\"es-ES\",\"mainEntityOfPage\":{\"@id\":\"https:\\\/\\\/www.eldigitaldeasturias.com\\\/noticias\\\/reunion-en-asturias-del-consejo-rector-de-la-juventud\\\/#webpage\"},\"isPartOf\":{\"@id\":\"https:\\\/\\\/www.eldigitaldeasturias.com\\\/noticias\\\/reunion-en-asturias-del-consejo-rector-de-la-juventud\\\/#webpage\"},\"articleSection\":\"Actualidad Asturias, Destacadas\"},{\"@type\":\"BreadcrumbList\",\"@id\":\"https:\\\/\\\/www.eldigitaldeasturias.com\\\/noticias\\\/reunion-en-asturias-del-consejo-rector-de-la-juventud\\\/#breadcrumblist\",\"itemListElement\":[{\"@type\":\"ListItem\",\"@id\":\"https:\\\/\\\/www.eldigitaldeasturias.com\\\/noticias#listItem\",\"position\":1,\"name\":\"Home\",\"item\":\"https:\\\/\\\/www.eldigitaldeasturias.com\\\/noticias\",\"nextItem\":{\"@type\":\"ListItem\",\"@id\":\"https:\\\/\\\/www.eldigitaldeasturias.com\\\/noticias\\\/category\\\/actualidad-asturias\\\/#listItem\",\"name\":\"Actualidad Asturias\"}},{\"@type\":\"ListItem\",\"@id\":\"https:\\\/\\\/www.eldigitaldeasturias.com\\\/noticias\\\/category\\\/actualidad-asturias\\\/#listItem\",\"position\":2,\"name\":\"Actualidad Asturias\",\"item\":\"https:\\\/\\\/www.eldigitaldeasturias.com\\\/noticias\\\/category\\\/actualidad-asturias\\\/\",\"nextItem\":{\"@type\":\"ListItem\",\"@id\":\"https:\\\/\\\/www.eldigitaldeasturias.com\\\/noticias\\\/reunion-en-asturias-del-consejo-rector-de-la-juventud\\\/#listItem\",\"name\":\"Reuni\\u00f3n en Asturias del Consejo Rector de la Juventud\"},\"previousItem\":{\"@type\":\"ListItem\",\"@id\":\"https:\\\/\\\/www.eldigitaldeasturias.com\\\/noticias#listItem\",\"name\":\"Home\"}},{\"@type\":\"ListItem\",\"@id\":\"https:\\\/\\\/www.eldigitaldeasturias.com\\\/noticias\\\/reunion-en-asturias-del-consejo-rector-de-la-juventud\\\/#listItem\",\"position\":3,\"name\":\"Reuni\\u00f3n en Asturias del Consejo Rector de la Juventud\",\"previousItem\":{\"@type\":\"ListItem\",\"@id\":\"https:\\\/\\\/www.eldigitaldeasturias.com\\\/noticias\\\/category\\\/actualidad-asturias\\\/#listItem\",\"name\":\"Actualidad Asturias\"}}]},{\"@type\":\"Organization\",\"@id\":\"https:\\\/\\\/www.eldigitaldeasturias.com\\\/noticias\\\/#organization\",\"name\":\"El Digital de Asturias\",\"description\":\"Hemeroteca\",\"url\":\"https:\\\/\\\/www.eldigitaldeasturias.com\\\/noticias\\\/\",\"email\":\"info@eldigitaldeasturias.com\",\"telephone\":\"+34652131393\",\"logo\":{\"@type\":\"ImageObject\",\"url\":\"https:\\\/\\\/www.eldigitaldeasturias.com\\\/noticias\\\/wp-content\\\/uploads\\\/2020\\\/12\\\/EDA.jpg\",\"@id\":\"https:\\\/\\\/www.eldigitaldeasturias.com\\\/noticias\\\/reunion-en-asturias-del-consejo-rector-de-la-juventud\\\/#organizationLogo\",\"width\":649,\"height\":297},\"image\":{\"@id\":\"https:\\\/\\\/www.eldigitaldeasturias.com\\\/noticias\\\/reunion-en-asturias-del-consejo-rector-de-la-juventud\\\/#organizationLogo\"},\"sameAs\":[\"https:\\\/\\\/facebook.com\\\/eldigitaldeasturias\",\"https:\\\/\\\/www.youtube.com\\\/channel\\\/UCZP-2wLEB9Rv6erhFmqVnvg\"],\"address\":{\"@id\":\"https:\\\/\\\/www.eldigitaldeasturias.com\\\/noticias\\\/#postaladdress\",\"@type\":\"PostalAddress\",\"streetAddress\":\"san antonio 4,\",\"postalCode\":\"33430\",\"addressLocality\":\"Cand\\u00e1s\",\"addressRegion\":\"Asturias\",\"addressCountry\":\"ES\"}},{\"@type\":\"Person\",\"@id\":\"https:\\\/\\\/www.eldigitaldeasturias.com\\\/noticias\\\/author\\\/admin\\\/#author\",\"url\":\"https:\\\/\\\/www.eldigitaldeasturias.com\\\/noticias\\\/author\\\/admin\\\/\",\"name\":\"El Digital de Asturias\",\"image\":{\"@type\":\"ImageObject\",\"@id\":\"https:\\\/\\\/www.eldigitaldeasturias.com\\\/noticias\\\/reunion-en-asturias-del-consejo-rector-de-la-juventud\\\/#authorImage\",\"url\":\"https:\\\/\\\/www.eldigitaldeasturias.com\\\/noticias\\\/wp-content\\\/litespeed\\\/avatar\\\/18677e78aa0546b92d9dbf31ec7d7668.jpg?ver=1777290358\",\"width\":96,\"height\":96,\"caption\":\"El Digital de Asturias\"}},{\"@type\":\"WebPage\",\"@id\":\"https:\\\/\\\/www.eldigitaldeasturias.com\\\/noticias\\\/reunion-en-asturias-del-consejo-rector-de-la-juventud\\\/#webpage\",\"url\":\"https:\\\/\\\/www.eldigitaldeasturias.com\\\/noticias\\\/reunion-en-asturias-del-consejo-rector-de-la-juventud\\\/\",\"name\":\"Reuni\\u00f3n en Asturias del Consejo Rector de la Juventud - El Digital de Asturias\",\"description\":\"El consejero del Gobierno de Asturias, Ovidio Zapico, ha presidido la primera reuni\\u00f3n del Consejo Rector de la Juventud, un organismo que retoma ahora sus\",\"inLanguage\":\"es-ES\",\"isPartOf\":{\"@id\":\"https:\\\/\\\/www.eldigitaldeasturias.com\\\/noticias\\\/#website\"},\"breadcrumb\":{\"@id\":\"https:\\\/\\\/www.eldigitaldeasturias.com\\\/noticias\\\/reunion-en-asturias-del-consejo-rector-de-la-juventud\\\/#breadcrumblist\"},\"author\":{\"@id\":\"https:\\\/\\\/www.eldigitaldeasturias.com\\\/noticias\\\/author\\\/admin\\\/#author\"},\"creator\":{\"@id\":\"https:\\\/\\\/www.eldigitaldeasturias.com\\\/noticias\\\/author\\\/admin\\\/#author\"},\"image\":{\"@type\":\"ImageObject\",\"url\":\"https:\\\/\\\/www.eldigitaldeasturias.com\\\/noticias\\\/wp-content\\\/uploads\\\/2024\\\/04\\\/Reunion-en-Asturias-del-Consejo-Rector-de-la-Juventud.jpg\",\"@id\":\"https:\\\/\\\/www.eldigitaldeasturias.com\\\/noticias\\\/reunion-en-asturias-del-consejo-rector-de-la-juventud\\\/#mainImage\",\"width\":957,\"height\":656,\"caption\":\"Foto: Prensa Gobierno de Asturias\"},\"primaryImageOfPage\":{\"@id\":\"https:\\\/\\\/www.eldigitaldeasturias.com\\\/noticias\\\/reunion-en-asturias-del-consejo-rector-de-la-juventud\\\/#mainImage\"},\"datePublished\":\"2024-04-29T14:56:53+02:00\",\"dateModified\":\"2024-04-29T14:56:53+02:00\"},{\"@type\":\"WebSite\",\"@id\":\"https:\\\/\\\/www.eldigitaldeasturias.com\\\/noticias\\\/#website\",\"url\":\"https:\\\/\\\/www.eldigitaldeasturias.com\\\/noticias\\\/\",\"name\":\"El Digital de Asturias - Diario de actualidad y noticias\",\"alternateName\":\"El Digital de Asturias - Diario de actualidad y noticias\",\"description\":\"Hemeroteca\",\"inLanguage\":\"es-ES\",\"publisher\":{\"@id\":\"https:\\\/\\\/www.eldigitaldeasturias.com\\\/noticias\\\/#organization\"}}]}\n\t\t<\/script>\n\t\t<!-- All in One SEO Pro -->\r\n\t\t<title>Reuni\u00f3n en Asturias del Consejo Rector de la Juventud - El Digital de Asturias<\/title>\n\n","aioseo_head_json":{"title":"Reuni\u00f3n en Asturias del Consejo Rector de la Juventud - El Digital de Asturias","description":"El consejero del Gobierno de Asturias, Ovidio Zapico, ha presidido la primera reuni\u00f3n del Consejo Rector de la Juventud, un organismo que retoma ahora sus","canonical_url":"https:\/\/www.eldigitaldeasturias.com\/noticias\/reunion-en-asturias-del-consejo-rector-de-la-juventud\/","robots":"max-image-preview:large","keywords":"actualidad asturias,destacadas","webmasterTools":{"google-site-verification":"UA-38556648-1","msvalidate.01":"7dfe9f3f1b24437ab69f4f2559babe99","miscellaneous":""},"schema":{"@context":"https:\/\/schema.org","@graph":[{"@type":"BlogPosting","@id":"https:\/\/www.eldigitaldeasturias.com\/noticias\/reunion-en-asturias-del-consejo-rector-de-la-juventud\/#blogposting","name":"Reuni\u00f3n en Asturias del Consejo Rector de la Juventud - El Digital de Asturias","headline":"Reuni\u00f3n en Asturias del Consejo Rector de la Juventud","author":{"@id":"https:\/\/www.eldigitaldeasturias.com\/noticias\/author\/admin\/#author"},"publisher":{"@id":"https:\/\/www.eldigitaldeasturias.com\/noticias\/#organization"},"image":{"@type":"ImageObject","url":"https:\/\/www.eldigitaldeasturias.com\/noticias\/wp-content\/uploads\/2024\/04\/Reunion-en-Asturias-del-Consejo-Rector-de-la-Juventud.jpg","width":957,"height":656,"caption":"Foto: Prensa Gobierno de Asturias"},"datePublished":"2024-04-29T14:56:53+02:00","dateModified":"2024-04-29T14:56:53+02:00","inLanguage":"es-ES","mainEntityOfPage":{"@id":"https:\/\/www.eldigitaldeasturias.com\/noticias\/reunion-en-asturias-del-consejo-rector-de-la-juventud\/#webpage"},"isPartOf":{"@id":"https:\/\/www.eldigitaldeasturias.com\/noticias\/reunion-en-asturias-del-consejo-rector-de-la-juventud\/#webpage"},"articleSection":"Actualidad Asturias, Destacadas"},{"@type":"BreadcrumbList","@id":"https:\/\/www.eldigitaldeasturias.com\/noticias\/reunion-en-asturias-del-consejo-rector-de-la-juventud\/#breadcrumblist","itemListElement":[{"@type":"ListItem","@id":"https:\/\/www.eldigitaldeasturias.com\/noticias#listItem","position":1,"name":"Home","item":"https:\/\/www.eldigitaldeasturias.com\/noticias","nextItem":{"@type":"ListItem","@id":"https:\/\/www.eldigitaldeasturias.com\/noticias\/category\/actualidad-asturias\/#listItem","name":"Actualidad Asturias"}},{"@type":"ListItem","@id":"https:\/\/www.eldigitaldeasturias.com\/noticias\/category\/actualidad-asturias\/#listItem","position":2,"name":"Actualidad Asturias","item":"https:\/\/www.eldigitaldeasturias.com\/noticias\/category\/actualidad-asturias\/","nextItem":{"@type":"ListItem","@id":"https:\/\/www.eldigitaldeasturias.com\/noticias\/reunion-en-asturias-del-consejo-rector-de-la-juventud\/#listItem","name":"Reuni\u00f3n en Asturias del Consejo Rector de la Juventud"},"previousItem":{"@type":"ListItem","@id":"https:\/\/www.eldigitaldeasturias.com\/noticias#listItem","name":"Home"}},{"@type":"ListItem","@id":"https:\/\/www.eldigitaldeasturias.com\/noticias\/reunion-en-asturias-del-consejo-rector-de-la-juventud\/#listItem","position":3,"name":"Reuni\u00f3n en Asturias del Consejo Rector de la Juventud","previousItem":{"@type":"ListItem","@id":"https:\/\/www.eldigitaldeasturias.com\/noticias\/category\/actualidad-asturias\/#listItem","name":"Actualidad Asturias"}}]},{"@type":"Organization","@id":"https:\/\/www.eldigitaldeasturias.com\/noticias\/#organization","name":"El Digital de Asturias","description":"Hemeroteca","url":"https:\/\/www.eldigitaldeasturias.com\/noticias\/","email":"info@eldigitaldeasturias.com","telephone":"+34652131393","logo":{"@type":"ImageObject","url":"https:\/\/www.eldigitaldeasturias.com\/noticias\/wp-content\/uploads\/2020\/12\/EDA.jpg","@id":"https:\/\/www.eldigitaldeasturias.com\/noticias\/reunion-en-asturias-del-consejo-rector-de-la-juventud\/#organizationLogo","width":649,"height":297},"image":{"@id":"https:\/\/www.eldigitaldeasturias.com\/noticias\/reunion-en-asturias-del-consejo-rector-de-la-juventud\/#organizationLogo"},"sameAs":["https:\/\/facebook.com\/eldigitaldeasturias","https:\/\/www.youtube.com\/channel\/UCZP-2wLEB9Rv6erhFmqVnvg"],"address":{"@id":"https:\/\/www.eldigitaldeasturias.com\/noticias\/#postaladdress","@type":"PostalAddress","streetAddress":"san antonio 4,","postalCode":"33430","addressLocality":"Cand\u00e1s","addressRegion":"Asturias","addressCountry":"ES"}},{"@type":"Person","@id":"https:\/\/www.eldigitaldeasturias.com\/noticias\/author\/admin\/#author","url":"https:\/\/www.eldigitaldeasturias.com\/noticias\/author\/admin\/","name":"El Digital de Asturias","image":{"@type":"ImageObject","@id":"https:\/\/www.eldigitaldeasturias.com\/noticias\/reunion-en-asturias-del-consejo-rector-de-la-juventud\/#authorImage","url":"https:\/\/www.eldigitaldeasturias.com\/noticias\/wp-content\/litespeed\/avatar\/18677e78aa0546b92d9dbf31ec7d7668.jpg?ver=1777290358","width":96,"height":96,"caption":"El Digital de Asturias"}},{"@type":"WebPage","@id":"https:\/\/www.eldigitaldeasturias.com\/noticias\/reunion-en-asturias-del-consejo-rector-de-la-juventud\/#webpage","url":"https:\/\/www.eldigitaldeasturias.com\/noticias\/reunion-en-asturias-del-consejo-rector-de-la-juventud\/","name":"Reuni\u00f3n en Asturias del Consejo Rector de la Juventud - El Digital de Asturias","description":"El consejero del Gobierno de Asturias, Ovidio Zapico, ha presidido la primera reuni\u00f3n del Consejo Rector de la Juventud, un organismo que retoma ahora sus","inLanguage":"es-ES","isPartOf":{"@id":"https:\/\/www.eldigitaldeasturias.com\/noticias\/#website"},"breadcrumb":{"@id":"https:\/\/www.eldigitaldeasturias.com\/noticias\/reunion-en-asturias-del-consejo-rector-de-la-juventud\/#breadcrumblist"},"author":{"@id":"https:\/\/www.eldigitaldeasturias.com\/noticias\/author\/admin\/#author"},"creator":{"@id":"https:\/\/www.eldigitaldeasturias.com\/noticias\/author\/admin\/#author"},"image":{"@type":"ImageObject","url":"https:\/\/www.eldigitaldeasturias.com\/noticias\/wp-content\/uploads\/2024\/04\/Reunion-en-Asturias-del-Consejo-Rector-de-la-Juventud.jpg","@id":"https:\/\/www.eldigitaldeasturias.com\/noticias\/reunion-en-asturias-del-consejo-rector-de-la-juventud\/#mainImage","width":957,"height":656,"caption":"Foto: Prensa Gobierno de Asturias"},"primaryImageOfPage":{"@id":"https:\/\/www.eldigitaldeasturias.com\/noticias\/reunion-en-asturias-del-consejo-rector-de-la-juventud\/#mainImage"},"datePublished":"2024-04-29T14:56:53+02:00","dateModified":"2024-04-29T14:56:53+02:00"},{"@type":"WebSite","@id":"https:\/\/www.eldigitaldeasturias.com\/noticias\/#website","url":"https:\/\/www.eldigitaldeasturias.com\/noticias\/","name":"El Digital de Asturias - Diario de actualidad y noticias","alternateName":"El Digital de Asturias - Diario de actualidad y noticias","description":"Hemeroteca","inLanguage":"es-ES","publisher":{"@id":"https:\/\/www.eldigitaldeasturias.com\/noticias\/#organization"}}]},"og:locale":"es_ES","og:site_name":"El Digital de Asturias","og:type":"article","og:title":"Reuni\u00f3n en Asturias del Consejo Rector de la Juventud - El Digital de Asturias","og:description":"El consejero del Gobierno de Asturias, Ovidio Zapico, ha presidido la primera reuni\u00f3n del Consejo Rector de la Juventud, un organismo que retoma ahora sus","og:url":"https:\/\/www.eldigitaldeasturias.com\/noticias\/reunion-en-asturias-del-consejo-rector-de-la-juventud\/","og:image":"https:\/\/www.eldigitaldeasturias.com\/noticias\/wp-content\/uploads\/2024\/04\/Reunion-en-Asturias-del-Consejo-Rector-de-la-Juventud.jpg","og:image:secure_url":"https:\/\/www.eldigitaldeasturias.com\/noticias\/wp-content\/uploads\/2024\/04\/Reunion-en-Asturias-del-Consejo-Rector-de-la-Juventud.jpg","og:image:width":957,"og:image:height":656,"article:tag":["actualidad asturias","destacadas"],"article:published_time":"2024-04-29T12:56:53+00:00","article:modified_time":"2024-04-29T12:56:53+00:00","article:publisher":"https:\/\/facebook.com\/eldigitaldeasturias","twitter:card":"summary_large_image","twitter:title":"Reuni\u00f3n en Asturias del Consejo Rector de la Juventud - El Digital de Asturias","twitter:description":"El consejero del Gobierno de Asturias, Ovidio Zapico, ha presidido la primera reuni\u00f3n del Consejo Rector de la Juventud, un organismo que retoma ahora sus","twitter:image":"https:\/\/www.eldigitaldeasturias.com\/noticias\/wp-content\/uploads\/2024\/04\/Reunion-en-Asturias-del-Consejo-Rector-de-la-Juventud.jpg","twitter:label1":"Escrito por","twitter:data1":"El Digital de Asturias","twitter:label2":"Tiempo de lectura estimado","twitter:data2":"2 minutos"},"aioseo_meta_data":{"post_id":"1130374","title":null,"description":"El consejero del Gobierno de Asturias, Ovidio Zapico, ha presidido la primera reuni\u00f3n del Consejo Rector de la Juventud, un organismo que retoma ahora sus","keywords":null,"keyphrases":{"focus":{"keyphrase":"Asturias","score":100,"analysis":{"keyphraseInTitle":{"score":9,"maxScore":9,"error":0},"keyphraseInDescription":{"score":9,"maxScore":9,"error":0},"keyphraseLength":{"score":9,"maxScore":9,"error":0,"length":1},"keyphraseInURL":{"score":5,"maxScore":5,"error":0},"keyphraseInIntroduction":{"score":9,"maxScore":9,"error":0},"keyphraseInSubHeadings":[],"keyphraseInImageAlt":{"score":9,"maxScore":9,"error":0},"keywordDensity":{"type":"best","score":9,"maxScore":9,"error":0}}},"additional":[{"keyphrase":"Juventud","score":100,"analysis":{"keyphraseInDescription":{"score":9,"maxScore":9,"error":0},"keyphraseLength":{"score":9,"maxScore":9,"error":0,"length":1},"keyphraseInIntroduction":{"score":9,"maxScore":9,"error":0},"keyphraseInImageAlt":{"score":9,"maxScore":9,"error":0},"keywordDensity":{"type":"best","score":9,"maxScore":9,"error":0}}}]},"primary_term":null,"canonical_url":null,"og_title":null,"og_description":null,"og_object_type":"default","og_image_type":"default","og_image_url":null,"og_image_width":null,"og_image_height":null,"og_image_custom_url":null,"og_image_custom_fields":null,"og_video":"","og_custom_url":null,"og_article_section":null,"og_article_tags":null,"twitter_use_og":false,"twitter_card":"default","twitter_image_type":"default","twitter_image_url":null,"twitter_image_custom_url":null,"twitter_image_custom_fields":null,"twitter_title":null,"twitter_description":null,"schema":{"blockGraphs":[],"customGraphs":[],"default":{"data":{"Article":[],"Course":[],"Dataset":[],"FAQPage":[],"Movie":[],"Person":[],"Product":[],"ProductReview":[],"Car":[],"Recipe":[],"Service":[],"SoftwareApplication":[],"WebPage":[]},"graphName":"BlogPosting","isEnabled":true},"graphs":[]},"schema_type":"default","schema_type_options":null,"pillar_content":false,"robots_default":true,"robots_noindex":false,"robots_noarchive":false,"robots_nosnippet":false,"robots_nofollow":false,"robots_noimageindex":false,"robots_noodp":false,"robots_notranslate":false,"robots_max_snippet":"-1","robots_max_videopreview":"-1","robots_max_imagepreview":"large","priority":null,"frequency":"default","local_seo":null,"seo_analyzer_scan_date":"2025-10-06 08:32:42","breadcrumb_settings":null,"limit_modified_date":false,"open_ai":"{\"title\":{\"suggestions\":[],\"usage\":0},\"description\":{\"suggestions\":[],\"usage\":0}}","ai":null,"created":"2024-04-29 12:50:58","updated":"2025-10-09 13:39:29"},"aioseo_breadcrumb":"<div class=\"aioseo-breadcrumbs\"><span class=\"aioseo-breadcrumb\">\n\t<a href=\"https:\/\/www.eldigitaldeasturias.com\/noticias\" title=\"Home\">Home<\/a>\n<\/span><span class=\"aioseo-breadcrumb-separator\">\u2013<\/span><span class=\"aioseo-breadcrumb\">\n\t<a href=\"https:\/\/www.eldigitaldeasturias.com\/noticias\/category\/actualidad-asturias\/\" title=\"Actualidad Asturias\">Actualidad Asturias<\/a>\n<\/span><span class=\"aioseo-breadcrumb-separator\">\u2013<\/span><span class=\"aioseo-breadcrumb\">\n\t<a href=\"https:\/\/www.eldigitaldeasturias.com\/noticias\/reunion-en-asturias-del-consejo-rector-de-la-juventud\/\" title=\"Reuni\u00f3n en Asturias del Consejo Rector de la Juventud\">Reuni\u00f3n en Asturias del Consejo Rector de la Juventud<\/a>\n<\/span><\/div>","aioseo_breadcrumb_json":[{"label":"Home","link":"https:\/\/www.eldigitaldeasturias.com\/noticias"},{"label":"Actualidad Asturias","link":"https:\/\/www.eldigitaldeasturias.com\/noticias\/category\/actualidad-asturias\/"},{"label":"Reuni\u00f3n en Asturias del Consejo Rector de la Juventud","link":"https:\/\/www.eldigitaldeasturias.com\/noticias\/reunion-en-asturias-del-consejo-rector-de-la-juventud\/"}],"_links":{"self":[{"href":"https:\/\/www.eldigitaldeasturias.com\/noticias\/wp-json\/wp\/v2\/posts\/1130374","targetHints":{"allow":["GET"]}}],"collection":[{"href":"https:\/\/www.eldigitaldeasturias.com\/noticias\/wp-json\/wp\/v2\/posts"}],"about":[{"href":"https:\/\/www.eldigitaldeasturias.com\/noticias\/wp-json\/wp\/v2\/types\/post"}],"author":[{"embeddable":true,"href":"https:\/\/www.eldigitaldeasturias.com\/noticias\/wp-json\/wp\/v2\/users\/1"}],"replies":[{"embeddable":true,"href":"https:\/\/www.eldigitaldeasturias.com\/noticias\/wp-json\/wp\/v2\/comments?post=1130374"}],"version-history":[{"count":0,"href":"https:\/\/www.eldigitaldeasturias.com\/noticias\/wp-json\/wp\/v2\/posts\/1130374\/revisions"}],"wp:featuredmedia":[{"embeddable":true,"href":"https:\/\/www.eldigitaldeasturias.com\/noticias\/wp-json\/wp\/v2\/media\/1130375"}],"wp:attachment":[{"href":"https:\/\/www.eldigitaldeasturias.com\/noticias\/wp-json\/wp\/v2\/media?parent=1130374"}],"wp:term":[{"taxonomy":"category","embeddable":true,"href":"https:\/\/www.eldigitaldeasturias.com\/noticias\/wp-json\/wp\/v2\/categories?post=1130374"},{"taxonomy":"post_tag","embeddable":true,"href":"https:\/\/www.eldigitaldeasturias.com\/noticias\/wp-json\/wp\/v2\/tags?post=1130374"}],"curies":[{"name":"wp","href":"https:\/\/api.w.org\/{rel}","templated":true}]}}