{"id":1130355,"date":"2024-04-27T03:08:47","date_gmt":"2024-04-27T01:08:47","guid":{"rendered":"https:\/\/www.eldigitaldeasturias.com\/noticias\/?p=1130355"},"modified":"2024-04-27T03:08:47","modified_gmt":"2024-04-27T01:08:47","slug":"datos-de-la-epa-51-700-personas-en-paro-en-asturias","status":"publish","type":"post","link":"https:\/\/www.eldigitaldeasturias.com\/noticias\/datos-de-la-epa-51-700-personas-en-paro-en-asturias\/","title":{"rendered":"Datos de la EPA: 51.700 personas en paro en Asturias"},"content":{"rendered":"<p>El Principado de <strong><a href=\"https:\/\/www.eldigitaldeasturias.com\/noticias\/category\/actualidad-asturias\/\"><span style=\"color: #ff6600;\">Asturias<\/span><\/a> cuenta con unas 51.700 personas en paro<\/strong> seg\u00fan los datos de la EPA correspondientes al primer trimestre del a\u00f1o 2024.<\/p>\n<figure id=\"attachment_1130356\" aria-describedby=\"caption-attachment-1130356\" style=\"width: 650px\" class=\"wp-caption aligncenter\"><img loading=\"lazy\" decoding=\"async\" class=\"size-large wp-image-1130356\" src=\"https:\/\/www.eldigitaldeasturias.com\/noticias\/wp-content\/uploads\/2024\/04\/EPA-Asturias-primer-trimestre-de-2024-650x311.jpg\" alt=\"EPA Asturias primer trimestre de 2024\" width=\"650\" height=\"311\" srcset=\"https:\/\/www.eldigitaldeasturias.com\/noticias\/wp-content\/uploads\/2024\/04\/EPA-Asturias-primer-trimestre-de-2024-650x311.jpg 650w, https:\/\/www.eldigitaldeasturias.com\/noticias\/wp-content\/uploads\/2024\/04\/EPA-Asturias-primer-trimestre-de-2024-360x172.jpg 360w, https:\/\/www.eldigitaldeasturias.com\/noticias\/wp-content\/uploads\/2024\/04\/EPA-Asturias-primer-trimestre-de-2024-480x230.jpg 480w, https:\/\/www.eldigitaldeasturias.com\/noticias\/wp-content\/uploads\/2024\/04\/EPA-Asturias-primer-trimestre-de-2024-768x367.jpg 768w, https:\/\/www.eldigitaldeasturias.com\/noticias\/wp-content\/uploads\/2024\/04\/EPA-Asturias-primer-trimestre-de-2024-150x72.jpg 150w, https:\/\/www.eldigitaldeasturias.com\/noticias\/wp-content\/uploads\/2024\/04\/EPA-Asturias-primer-trimestre-de-2024-450x215.jpg 450w, https:\/\/www.eldigitaldeasturias.com\/noticias\/wp-content\/uploads\/2024\/04\/EPA-Asturias-primer-trimestre-de-2024.jpg 983w\" sizes=\"auto, (max-width: 650px) 100vw, 650px\" \/><figcaption id=\"caption-attachment-1130356\" class=\"wp-caption-text\">Foto: Prensa Gobierno de Asturias<\/figcaption><\/figure>\n<p><strong>Asturias suma 51.700 personas en paro, 5.600 menos que en el mismo periodo del a\u00f1o anterior<\/strong>. Asimismo, alcanza la cantidad m\u00e1s alta de ocupados desde 2011 con 402.300 trabajadores, 21.800 m\u00e1s que en el primer trimestre de 2023.<\/p>\n<p>De este modo, el<span style=\"color: #ff6600;\"> <a style=\"color: #ff6600;\" href=\"https:\/\/actualidad.asturias.es\/\"><strong>Principado<\/strong><\/a><\/span> se sit\u00faa entre las \u00fanicas cinco comunidades donde se reduce el desempleo y ocupa el segundo puesto, solo por detr\u00e1s de Cantabria, en el incremento de personas ocupadas.<\/p>\n<p>Estas cifras confirman la evoluci\u00f3n positiva del mercado laboral, m\u00e1xime <strong>\u201csi se tiene en cuenta que el primer trimestre suele ser menos din\u00e1mico para el mercado laboral\u201d, ha destacado la directora del Servicio P\u00fablico de Empleo del Principado (Sepepa), Bego\u00f1a L\u00f3pez.<\/strong><\/p>\n<p>Cabe destacar que los datos no coinciden con los de paro registrado, una diferencia habitual, s\u00ed bien ratifican la misma tendencia: menos desempleo, m\u00e1s trabajo y aumento de la poblaci\u00f3n activa.<\/p>\n<blockquote><p>L\u00f3pez ha destacado adem\u00e1s que el INE ha incorporado en sus c\u00e1lculos los resultados del censo de poblaci\u00f3n y viviendas de 2021, ya que hasta ahora utilizaba el de 2011, que hasta ahora era el \u00faltimo disponible.<\/p><\/blockquote>\n<p>En t\u00e9rminos interanuales, el paro se reduce un 9,76%, m\u00e1s de tres puntos por encima de la media nacional. De mismo modo, el n\u00famero de ocupados sube en el Principado un 5,74% y es la tercera comunidad con un mayor aumento de las personas activas que en t\u00e9rminos interanuales aumenta un 3,71%.<\/p>\n<p>Las estimaciones de la EPA est\u00e1n sujetas a fuertes oscilaciones, en especial cuando las muestras estad\u00edsticas son peque\u00f1as, como ocurre en Asturias al tratarse de una comunidad uniprovincial. Por esta raz\u00f3n, el Gobierno del Principado aconseja tomar los datos trimestrales con precauci\u00f3n y analizar las medias anuales.<\/p>\n","protected":false},"excerpt":{"rendered":"<p>El Principado de Asturias cuenta con unas 51.700 personas en paro seg\u00fan los datos de la EPA correspondientes al primer trimestre del a\u00f1o 2024. Asturias suma 51.700 personas en paro, 5.600 menos que en el mismo periodo del a\u00f1o anterior. Asimismo, alcanza la cantidad m\u00e1s alta de ocupados desde 2011 con 402.300 trabajadores, 21.800 m\u00e1s [&hellip;]<\/p>\n","protected":false},"author":1,"featured_media":1130356,"comment_status":"closed","ping_status":"closed","sticky":false,"template":"","format":"standard","meta":{"footnotes":""},"categories":[12,141],"tags":[],"class_list":["post-1130355","post","type-post","status-publish","format-standard","has-post-thumbnail","hentry","category-actualidad-asturias","category-destacadas"],"aioseo_notices":[],"aioseo_head":"\n\t\t<!-- All in One SEO Pro 4.9.6.2 - aioseo.com -->\n\t<meta name=\"description\" content=\"El Principado de Asturias cuenta con unas 51.700 personas en paro seg\u00fan los datos de la EPA correspondientes al primer trimestre del a\u00f1o 2024.\" \/>\n\t<meta name=\"robots\" content=\"max-image-preview:large\" \/>\n\t<meta name=\"author\" content=\"El Digital de Asturias\"\/>\n\t<meta name=\"google-site-verification\" content=\"UA-38556648-1\" \/>\n\t<meta name=\"msvalidate.01\" content=\"7dfe9f3f1b24437ab69f4f2559babe99\" \/>\n\t<meta name=\"keywords\" content=\"actualidad asturias,destacadas\" \/>\n\t<link rel=\"canonical\" href=\"https:\/\/www.eldigitaldeasturias.com\/noticias\/datos-de-la-epa-51-700-personas-en-paro-en-asturias\/\" \/>\n\t<meta name=\"generator\" content=\"All in One SEO Pro (AIOSEO) 4.9.6.2\" \/>\n\t\t<meta property=\"og:locale\" content=\"es_ES\" \/>\n\t\t<meta property=\"og:site_name\" content=\"El Digital de Asturias\" \/>\n\t\t<meta property=\"og:type\" content=\"article\" \/>\n\t\t<meta property=\"og:title\" content=\"Datos de la EPA: 51.700 personas en paro en Asturias - El Digital de Asturias\" \/>\n\t\t<meta property=\"og:description\" content=\"El Principado de Asturias cuenta con unas 51.700 personas en paro seg\u00fan los datos de la EPA correspondientes al primer trimestre del a\u00f1o 2024.\" \/>\n\t\t<meta property=\"og:url\" content=\"https:\/\/www.eldigitaldeasturias.com\/noticias\/datos-de-la-epa-51-700-personas-en-paro-en-asturias\/\" \/>\n\t\t<meta property=\"og:image\" content=\"https:\/\/www.eldigitaldeasturias.com\/noticias\/wp-content\/uploads\/2024\/04\/EPA-Asturias-primer-trimestre-de-2024.jpg\" \/>\n\t\t<meta property=\"og:image:secure_url\" content=\"https:\/\/www.eldigitaldeasturias.com\/noticias\/wp-content\/uploads\/2024\/04\/EPA-Asturias-primer-trimestre-de-2024.jpg\" \/>\n\t\t<meta property=\"og:image:width\" content=\"983\" \/>\n\t\t<meta property=\"og:image:height\" content=\"470\" \/>\n\t\t<meta property=\"article:tag\" content=\"actualidad asturias\" \/>\n\t\t<meta property=\"article:tag\" content=\"destacadas\" \/>\n\t\t<meta property=\"article:published_time\" content=\"2024-04-27T01:08:47+00:00\" \/>\n\t\t<meta property=\"article:modified_time\" content=\"2024-04-27T01:08:47+00:00\" \/>\n\t\t<meta property=\"article:publisher\" content=\"https:\/\/facebook.com\/eldigitaldeasturias\" \/>\n\t\t<meta name=\"twitter:card\" content=\"summary_large_image\" \/>\n\t\t<meta name=\"twitter:title\" content=\"Datos de la EPA: 51.700 personas en paro en Asturias - El Digital de Asturias\" \/>\n\t\t<meta name=\"twitter:description\" content=\"El Principado de Asturias cuenta con unas 51.700 personas en paro seg\u00fan los datos de la EPA correspondientes al primer trimestre del a\u00f1o 2024.\" \/>\n\t\t<meta name=\"twitter:image\" content=\"https:\/\/www.eldigitaldeasturias.com\/noticias\/wp-content\/uploads\/2024\/04\/EPA-Asturias-primer-trimestre-de-2024.jpg\" \/>\n\t\t<meta name=\"twitter:label1\" content=\"Escrito por\" \/>\n\t\t<meta name=\"twitter:data1\" content=\"El Digital de Asturias\" \/>\n\t\t<meta name=\"twitter:label2\" content=\"Tiempo de lectura estimado\" \/>\n\t\t<meta name=\"twitter:data2\" content=\"2 minutos\" \/>\n\t\t<script type=\"application\/ld+json\" class=\"aioseo-schema\">\n\t\t\t{\"@context\":\"https:\\\/\\\/schema.org\",\"@graph\":[{\"@type\":\"BlogPosting\",\"@id\":\"https:\\\/\\\/www.eldigitaldeasturias.com\\\/noticias\\\/datos-de-la-epa-51-700-personas-en-paro-en-asturias\\\/#blogposting\",\"name\":\"Datos de la EPA: 51.700 personas en paro en Asturias - El Digital de Asturias\",\"headline\":\"Datos de la EPA: 51.700 personas en paro en Asturias\",\"author\":{\"@id\":\"https:\\\/\\\/www.eldigitaldeasturias.com\\\/noticias\\\/author\\\/admin\\\/#author\"},\"publisher\":{\"@id\":\"https:\\\/\\\/www.eldigitaldeasturias.com\\\/noticias\\\/#organization\"},\"image\":{\"@type\":\"ImageObject\",\"url\":\"https:\\\/\\\/www.eldigitaldeasturias.com\\\/noticias\\\/wp-content\\\/uploads\\\/2024\\\/04\\\/EPA-Asturias-primer-trimestre-de-2024.jpg\",\"width\":983,\"height\":470,\"caption\":\"Foto: Prensa Gobierno de Asturias\"},\"datePublished\":\"2024-04-27T03:08:47+02:00\",\"dateModified\":\"2024-04-27T03:08:47+02:00\",\"inLanguage\":\"es-ES\",\"mainEntityOfPage\":{\"@id\":\"https:\\\/\\\/www.eldigitaldeasturias.com\\\/noticias\\\/datos-de-la-epa-51-700-personas-en-paro-en-asturias\\\/#webpage\"},\"isPartOf\":{\"@id\":\"https:\\\/\\\/www.eldigitaldeasturias.com\\\/noticias\\\/datos-de-la-epa-51-700-personas-en-paro-en-asturias\\\/#webpage\"},\"articleSection\":\"Actualidad Asturias, Destacadas\"},{\"@type\":\"BreadcrumbList\",\"@id\":\"https:\\\/\\\/www.eldigitaldeasturias.com\\\/noticias\\\/datos-de-la-epa-51-700-personas-en-paro-en-asturias\\\/#breadcrumblist\",\"itemListElement\":[{\"@type\":\"ListItem\",\"@id\":\"https:\\\/\\\/www.eldigitaldeasturias.com\\\/noticias#listItem\",\"position\":1,\"name\":\"Home\",\"item\":\"https:\\\/\\\/www.eldigitaldeasturias.com\\\/noticias\",\"nextItem\":{\"@type\":\"ListItem\",\"@id\":\"https:\\\/\\\/www.eldigitaldeasturias.com\\\/noticias\\\/category\\\/actualidad-asturias\\\/#listItem\",\"name\":\"Actualidad Asturias\"}},{\"@type\":\"ListItem\",\"@id\":\"https:\\\/\\\/www.eldigitaldeasturias.com\\\/noticias\\\/category\\\/actualidad-asturias\\\/#listItem\",\"position\":2,\"name\":\"Actualidad Asturias\",\"item\":\"https:\\\/\\\/www.eldigitaldeasturias.com\\\/noticias\\\/category\\\/actualidad-asturias\\\/\",\"nextItem\":{\"@type\":\"ListItem\",\"@id\":\"https:\\\/\\\/www.eldigitaldeasturias.com\\\/noticias\\\/datos-de-la-epa-51-700-personas-en-paro-en-asturias\\\/#listItem\",\"name\":\"Datos de la EPA: 51.700 personas en paro en Asturias\"},\"previousItem\":{\"@type\":\"ListItem\",\"@id\":\"https:\\\/\\\/www.eldigitaldeasturias.com\\\/noticias#listItem\",\"name\":\"Home\"}},{\"@type\":\"ListItem\",\"@id\":\"https:\\\/\\\/www.eldigitaldeasturias.com\\\/noticias\\\/datos-de-la-epa-51-700-personas-en-paro-en-asturias\\\/#listItem\",\"position\":3,\"name\":\"Datos de la EPA: 51.700 personas en paro en Asturias\",\"previousItem\":{\"@type\":\"ListItem\",\"@id\":\"https:\\\/\\\/www.eldigitaldeasturias.com\\\/noticias\\\/category\\\/actualidad-asturias\\\/#listItem\",\"name\":\"Actualidad Asturias\"}}]},{\"@type\":\"Organization\",\"@id\":\"https:\\\/\\\/www.eldigitaldeasturias.com\\\/noticias\\\/#organization\",\"name\":\"El Digital de Asturias\",\"description\":\"Hemeroteca\",\"url\":\"https:\\\/\\\/www.eldigitaldeasturias.com\\\/noticias\\\/\",\"email\":\"info@eldigitaldeasturias.com\",\"telephone\":\"+34652131393\",\"logo\":{\"@type\":\"ImageObject\",\"url\":\"https:\\\/\\\/www.eldigitaldeasturias.com\\\/noticias\\\/wp-content\\\/uploads\\\/2020\\\/12\\\/EDA.jpg\",\"@id\":\"https:\\\/\\\/www.eldigitaldeasturias.com\\\/noticias\\\/datos-de-la-epa-51-700-personas-en-paro-en-asturias\\\/#organizationLogo\",\"width\":649,\"height\":297},\"image\":{\"@id\":\"https:\\\/\\\/www.eldigitaldeasturias.com\\\/noticias\\\/datos-de-la-epa-51-700-personas-en-paro-en-asturias\\\/#organizationLogo\"},\"sameAs\":[\"https:\\\/\\\/facebook.com\\\/eldigitaldeasturias\",\"https:\\\/\\\/www.youtube.com\\\/channel\\\/UCZP-2wLEB9Rv6erhFmqVnvg\"],\"address\":{\"@id\":\"https:\\\/\\\/www.eldigitaldeasturias.com\\\/noticias\\\/#postaladdress\",\"@type\":\"PostalAddress\",\"streetAddress\":\"san antonio 4,\",\"postalCode\":\"33430\",\"addressLocality\":\"Cand\\u00e1s\",\"addressRegion\":\"Asturias\",\"addressCountry\":\"ES\"}},{\"@type\":\"Person\",\"@id\":\"https:\\\/\\\/www.eldigitaldeasturias.com\\\/noticias\\\/author\\\/admin\\\/#author\",\"url\":\"https:\\\/\\\/www.eldigitaldeasturias.com\\\/noticias\\\/author\\\/admin\\\/\",\"name\":\"El Digital de Asturias\",\"image\":{\"@type\":\"ImageObject\",\"@id\":\"https:\\\/\\\/www.eldigitaldeasturias.com\\\/noticias\\\/datos-de-la-epa-51-700-personas-en-paro-en-asturias\\\/#authorImage\",\"url\":\"https:\\\/\\\/www.eldigitaldeasturias.com\\\/noticias\\\/wp-content\\\/litespeed\\\/avatar\\\/18677e78aa0546b92d9dbf31ec7d7668.jpg?ver=1777290358\",\"width\":96,\"height\":96,\"caption\":\"El Digital de Asturias\"}},{\"@type\":\"WebPage\",\"@id\":\"https:\\\/\\\/www.eldigitaldeasturias.com\\\/noticias\\\/datos-de-la-epa-51-700-personas-en-paro-en-asturias\\\/#webpage\",\"url\":\"https:\\\/\\\/www.eldigitaldeasturias.com\\\/noticias\\\/datos-de-la-epa-51-700-personas-en-paro-en-asturias\\\/\",\"name\":\"Datos de la EPA: 51.700 personas en paro en Asturias - El Digital de Asturias\",\"description\":\"El Principado de Asturias cuenta con unas 51.700 personas en paro seg\\u00fan los datos de la EPA correspondientes al primer trimestre del a\\u00f1o 2024.\",\"inLanguage\":\"es-ES\",\"isPartOf\":{\"@id\":\"https:\\\/\\\/www.eldigitaldeasturias.com\\\/noticias\\\/#website\"},\"breadcrumb\":{\"@id\":\"https:\\\/\\\/www.eldigitaldeasturias.com\\\/noticias\\\/datos-de-la-epa-51-700-personas-en-paro-en-asturias\\\/#breadcrumblist\"},\"author\":{\"@id\":\"https:\\\/\\\/www.eldigitaldeasturias.com\\\/noticias\\\/author\\\/admin\\\/#author\"},\"creator\":{\"@id\":\"https:\\\/\\\/www.eldigitaldeasturias.com\\\/noticias\\\/author\\\/admin\\\/#author\"},\"image\":{\"@type\":\"ImageObject\",\"url\":\"https:\\\/\\\/www.eldigitaldeasturias.com\\\/noticias\\\/wp-content\\\/uploads\\\/2024\\\/04\\\/EPA-Asturias-primer-trimestre-de-2024.jpg\",\"@id\":\"https:\\\/\\\/www.eldigitaldeasturias.com\\\/noticias\\\/datos-de-la-epa-51-700-personas-en-paro-en-asturias\\\/#mainImage\",\"width\":983,\"height\":470,\"caption\":\"Foto: Prensa Gobierno de Asturias\"},\"primaryImageOfPage\":{\"@id\":\"https:\\\/\\\/www.eldigitaldeasturias.com\\\/noticias\\\/datos-de-la-epa-51-700-personas-en-paro-en-asturias\\\/#mainImage\"},\"datePublished\":\"2024-04-27T03:08:47+02:00\",\"dateModified\":\"2024-04-27T03:08:47+02:00\"},{\"@type\":\"WebSite\",\"@id\":\"https:\\\/\\\/www.eldigitaldeasturias.com\\\/noticias\\\/#website\",\"url\":\"https:\\\/\\\/www.eldigitaldeasturias.com\\\/noticias\\\/\",\"name\":\"El Digital de Asturias - Diario de actualidad y noticias\",\"alternateName\":\"El Digital de Asturias - Diario de actualidad y noticias\",\"description\":\"Hemeroteca\",\"inLanguage\":\"es-ES\",\"publisher\":{\"@id\":\"https:\\\/\\\/www.eldigitaldeasturias.com\\\/noticias\\\/#organization\"}}]}\n\t\t<\/script>\n\t\t<!-- All in One SEO Pro -->\r\n\t\t<title>Datos de la EPA: 51.700 personas en paro en Asturias - El Digital de Asturias<\/title>\n\n","aioseo_head_json":{"title":"Datos de la EPA: 51.700 personas en paro en Asturias - El Digital de Asturias","description":"El Principado de Asturias cuenta con unas 51.700 personas en paro seg\u00fan los datos de la EPA correspondientes al primer trimestre del a\u00f1o 2024.","canonical_url":"https:\/\/www.eldigitaldeasturias.com\/noticias\/datos-de-la-epa-51-700-personas-en-paro-en-asturias\/","robots":"max-image-preview:large","keywords":"actualidad asturias,destacadas","webmasterTools":{"google-site-verification":"UA-38556648-1","msvalidate.01":"7dfe9f3f1b24437ab69f4f2559babe99","miscellaneous":""},"schema":{"@context":"https:\/\/schema.org","@graph":[{"@type":"BlogPosting","@id":"https:\/\/www.eldigitaldeasturias.com\/noticias\/datos-de-la-epa-51-700-personas-en-paro-en-asturias\/#blogposting","name":"Datos de la EPA: 51.700 personas en paro en Asturias - El Digital de Asturias","headline":"Datos de la EPA: 51.700 personas en paro en Asturias","author":{"@id":"https:\/\/www.eldigitaldeasturias.com\/noticias\/author\/admin\/#author"},"publisher":{"@id":"https:\/\/www.eldigitaldeasturias.com\/noticias\/#organization"},"image":{"@type":"ImageObject","url":"https:\/\/www.eldigitaldeasturias.com\/noticias\/wp-content\/uploads\/2024\/04\/EPA-Asturias-primer-trimestre-de-2024.jpg","width":983,"height":470,"caption":"Foto: Prensa Gobierno de Asturias"},"datePublished":"2024-04-27T03:08:47+02:00","dateModified":"2024-04-27T03:08:47+02:00","inLanguage":"es-ES","mainEntityOfPage":{"@id":"https:\/\/www.eldigitaldeasturias.com\/noticias\/datos-de-la-epa-51-700-personas-en-paro-en-asturias\/#webpage"},"isPartOf":{"@id":"https:\/\/www.eldigitaldeasturias.com\/noticias\/datos-de-la-epa-51-700-personas-en-paro-en-asturias\/#webpage"},"articleSection":"Actualidad Asturias, Destacadas"},{"@type":"BreadcrumbList","@id":"https:\/\/www.eldigitaldeasturias.com\/noticias\/datos-de-la-epa-51-700-personas-en-paro-en-asturias\/#breadcrumblist","itemListElement":[{"@type":"ListItem","@id":"https:\/\/www.eldigitaldeasturias.com\/noticias#listItem","position":1,"name":"Home","item":"https:\/\/www.eldigitaldeasturias.com\/noticias","nextItem":{"@type":"ListItem","@id":"https:\/\/www.eldigitaldeasturias.com\/noticias\/category\/actualidad-asturias\/#listItem","name":"Actualidad Asturias"}},{"@type":"ListItem","@id":"https:\/\/www.eldigitaldeasturias.com\/noticias\/category\/actualidad-asturias\/#listItem","position":2,"name":"Actualidad Asturias","item":"https:\/\/www.eldigitaldeasturias.com\/noticias\/category\/actualidad-asturias\/","nextItem":{"@type":"ListItem","@id":"https:\/\/www.eldigitaldeasturias.com\/noticias\/datos-de-la-epa-51-700-personas-en-paro-en-asturias\/#listItem","name":"Datos de la EPA: 51.700 personas en paro en Asturias"},"previousItem":{"@type":"ListItem","@id":"https:\/\/www.eldigitaldeasturias.com\/noticias#listItem","name":"Home"}},{"@type":"ListItem","@id":"https:\/\/www.eldigitaldeasturias.com\/noticias\/datos-de-la-epa-51-700-personas-en-paro-en-asturias\/#listItem","position":3,"name":"Datos de la EPA: 51.700 personas en paro en Asturias","previousItem":{"@type":"ListItem","@id":"https:\/\/www.eldigitaldeasturias.com\/noticias\/category\/actualidad-asturias\/#listItem","name":"Actualidad Asturias"}}]},{"@type":"Organization","@id":"https:\/\/www.eldigitaldeasturias.com\/noticias\/#organization","name":"El Digital de Asturias","description":"Hemeroteca","url":"https:\/\/www.eldigitaldeasturias.com\/noticias\/","email":"info@eldigitaldeasturias.com","telephone":"+34652131393","logo":{"@type":"ImageObject","url":"https:\/\/www.eldigitaldeasturias.com\/noticias\/wp-content\/uploads\/2020\/12\/EDA.jpg","@id":"https:\/\/www.eldigitaldeasturias.com\/noticias\/datos-de-la-epa-51-700-personas-en-paro-en-asturias\/#organizationLogo","width":649,"height":297},"image":{"@id":"https:\/\/www.eldigitaldeasturias.com\/noticias\/datos-de-la-epa-51-700-personas-en-paro-en-asturias\/#organizationLogo"},"sameAs":["https:\/\/facebook.com\/eldigitaldeasturias","https:\/\/www.youtube.com\/channel\/UCZP-2wLEB9Rv6erhFmqVnvg"],"address":{"@id":"https:\/\/www.eldigitaldeasturias.com\/noticias\/#postaladdress","@type":"PostalAddress","streetAddress":"san antonio 4,","postalCode":"33430","addressLocality":"Cand\u00e1s","addressRegion":"Asturias","addressCountry":"ES"}},{"@type":"Person","@id":"https:\/\/www.eldigitaldeasturias.com\/noticias\/author\/admin\/#author","url":"https:\/\/www.eldigitaldeasturias.com\/noticias\/author\/admin\/","name":"El Digital de Asturias","image":{"@type":"ImageObject","@id":"https:\/\/www.eldigitaldeasturias.com\/noticias\/datos-de-la-epa-51-700-personas-en-paro-en-asturias\/#authorImage","url":"https:\/\/www.eldigitaldeasturias.com\/noticias\/wp-content\/litespeed\/avatar\/18677e78aa0546b92d9dbf31ec7d7668.jpg?ver=1777290358","width":96,"height":96,"caption":"El Digital de Asturias"}},{"@type":"WebPage","@id":"https:\/\/www.eldigitaldeasturias.com\/noticias\/datos-de-la-epa-51-700-personas-en-paro-en-asturias\/#webpage","url":"https:\/\/www.eldigitaldeasturias.com\/noticias\/datos-de-la-epa-51-700-personas-en-paro-en-asturias\/","name":"Datos de la EPA: 51.700 personas en paro en Asturias - El Digital de Asturias","description":"El Principado de Asturias cuenta con unas 51.700 personas en paro seg\u00fan los datos de la EPA correspondientes al primer trimestre del a\u00f1o 2024.","inLanguage":"es-ES","isPartOf":{"@id":"https:\/\/www.eldigitaldeasturias.com\/noticias\/#website"},"breadcrumb":{"@id":"https:\/\/www.eldigitaldeasturias.com\/noticias\/datos-de-la-epa-51-700-personas-en-paro-en-asturias\/#breadcrumblist"},"author":{"@id":"https:\/\/www.eldigitaldeasturias.com\/noticias\/author\/admin\/#author"},"creator":{"@id":"https:\/\/www.eldigitaldeasturias.com\/noticias\/author\/admin\/#author"},"image":{"@type":"ImageObject","url":"https:\/\/www.eldigitaldeasturias.com\/noticias\/wp-content\/uploads\/2024\/04\/EPA-Asturias-primer-trimestre-de-2024.jpg","@id":"https:\/\/www.eldigitaldeasturias.com\/noticias\/datos-de-la-epa-51-700-personas-en-paro-en-asturias\/#mainImage","width":983,"height":470,"caption":"Foto: Prensa Gobierno de Asturias"},"primaryImageOfPage":{"@id":"https:\/\/www.eldigitaldeasturias.com\/noticias\/datos-de-la-epa-51-700-personas-en-paro-en-asturias\/#mainImage"},"datePublished":"2024-04-27T03:08:47+02:00","dateModified":"2024-04-27T03:08:47+02:00"},{"@type":"WebSite","@id":"https:\/\/www.eldigitaldeasturias.com\/noticias\/#website","url":"https:\/\/www.eldigitaldeasturias.com\/noticias\/","name":"El Digital de Asturias - Diario de actualidad y noticias","alternateName":"El Digital de Asturias - Diario de actualidad y noticias","description":"Hemeroteca","inLanguage":"es-ES","publisher":{"@id":"https:\/\/www.eldigitaldeasturias.com\/noticias\/#organization"}}]},"og:locale":"es_ES","og:site_name":"El Digital de Asturias","og:type":"article","og:title":"Datos de la EPA: 51.700 personas en paro en Asturias - El Digital de Asturias","og:description":"El Principado de Asturias cuenta con unas 51.700 personas en paro seg\u00fan los datos de la EPA correspondientes al primer trimestre del a\u00f1o 2024.","og:url":"https:\/\/www.eldigitaldeasturias.com\/noticias\/datos-de-la-epa-51-700-personas-en-paro-en-asturias\/","og:image":"https:\/\/www.eldigitaldeasturias.com\/noticias\/wp-content\/uploads\/2024\/04\/EPA-Asturias-primer-trimestre-de-2024.jpg","og:image:secure_url":"https:\/\/www.eldigitaldeasturias.com\/noticias\/wp-content\/uploads\/2024\/04\/EPA-Asturias-primer-trimestre-de-2024.jpg","og:image:width":983,"og:image:height":470,"article:tag":["actualidad asturias","destacadas"],"article:published_time":"2024-04-27T01:08:47+00:00","article:modified_time":"2024-04-27T01:08:47+00:00","article:publisher":"https:\/\/facebook.com\/eldigitaldeasturias","twitter:card":"summary_large_image","twitter:title":"Datos de la EPA: 51.700 personas en paro en Asturias - El Digital de Asturias","twitter:description":"El Principado de Asturias cuenta con unas 51.700 personas en paro seg\u00fan los datos de la EPA correspondientes al primer trimestre del a\u00f1o 2024.","twitter:image":"https:\/\/www.eldigitaldeasturias.com\/noticias\/wp-content\/uploads\/2024\/04\/EPA-Asturias-primer-trimestre-de-2024.jpg","twitter:label1":"Escrito por","twitter:data1":"El Digital de Asturias","twitter:label2":"Tiempo de lectura estimado","twitter:data2":"2 minutos"},"aioseo_meta_data":{"post_id":"1130355","title":null,"description":"El Principado de Asturias cuenta con unas 51.700 personas en paro seg\u00fan los datos de la EPA correspondientes al primer trimestre del a\u00f1o 2024.","keywords":null,"keyphrases":{"focus":{"keyphrase":"Asturias","score":100,"analysis":{"keyphraseInTitle":{"score":9,"maxScore":9,"error":0},"keyphraseInDescription":{"score":9,"maxScore":9,"error":0},"keyphraseLength":{"score":9,"maxScore":9,"error":0,"length":1},"keyphraseInURL":{"score":5,"maxScore":5,"error":0},"keyphraseInIntroduction":{"score":9,"maxScore":9,"error":0},"keyphraseInSubHeadings":[],"keyphraseInImageAlt":{"score":9,"maxScore":9,"error":0},"keywordDensity":{"type":"best","score":9,"maxScore":9,"error":0}}},"additional":[{"keyphrase":"EPA","score":100,"analysis":{"keyphraseInDescription":{"score":9,"maxScore":9,"error":0},"keyphraseLength":{"score":9,"maxScore":9,"error":0,"length":1},"keyphraseInIntroduction":{"score":9,"maxScore":9,"error":0},"keyphraseInImageAlt":{"score":9,"maxScore":9,"error":0},"keywordDensity":{"type":"best","score":9,"maxScore":9,"error":0}}}]},"primary_term":null,"canonical_url":null,"og_title":null,"og_description":null,"og_object_type":"default","og_image_type":"default","og_image_url":null,"og_image_width":null,"og_image_height":null,"og_image_custom_url":null,"og_image_custom_fields":null,"og_video":"","og_custom_url":null,"og_article_section":null,"og_article_tags":null,"twitter_use_og":false,"twitter_card":"default","twitter_image_type":"default","twitter_image_url":null,"twitter_image_custom_url":null,"twitter_image_custom_fields":null,"twitter_title":null,"twitter_description":null,"schema":{"blockGraphs":[],"customGraphs":[],"default":{"data":{"Article":[],"Course":[],"Dataset":[],"FAQPage":[],"Movie":[],"Person":[],"Product":[],"ProductReview":[],"Car":[],"Recipe":[],"Service":[],"SoftwareApplication":[],"WebPage":[]},"graphName":"BlogPosting","isEnabled":true},"graphs":[]},"schema_type":"default","schema_type_options":null,"pillar_content":false,"robots_default":true,"robots_noindex":false,"robots_noarchive":false,"robots_nosnippet":false,"robots_nofollow":false,"robots_noimageindex":false,"robots_noodp":false,"robots_notranslate":false,"robots_max_snippet":"-1","robots_max_videopreview":"-1","robots_max_imagepreview":"large","priority":null,"frequency":"default","local_seo":null,"seo_analyzer_scan_date":"2025-10-06 08:30:34","breadcrumb_settings":null,"limit_modified_date":false,"open_ai":"{\"title\":{\"suggestions\":[],\"usage\":0},\"description\":{\"suggestions\":[],\"usage\":0}}","ai":null,"created":"2024-04-27 01:01:41","updated":"2025-10-09 13:36:30"},"aioseo_breadcrumb":"<div class=\"aioseo-breadcrumbs\"><span class=\"aioseo-breadcrumb\">\n\t<a href=\"https:\/\/www.eldigitaldeasturias.com\/noticias\" title=\"Home\">Home<\/a>\n<\/span><span class=\"aioseo-breadcrumb-separator\">\u2013<\/span><span class=\"aioseo-breadcrumb\">\n\t<a href=\"https:\/\/www.eldigitaldeasturias.com\/noticias\/category\/actualidad-asturias\/\" title=\"Actualidad Asturias\">Actualidad Asturias<\/a>\n<\/span><span class=\"aioseo-breadcrumb-separator\">\u2013<\/span><span class=\"aioseo-breadcrumb\">\n\t<a href=\"https:\/\/www.eldigitaldeasturias.com\/noticias\/datos-de-la-epa-51-700-personas-en-paro-en-asturias\/\" title=\"Datos de la EPA: 51.700 personas en paro en Asturias\">Datos de la EPA: 51.700 personas en paro en Asturias<\/a>\n<\/span><\/div>","aioseo_breadcrumb_json":[{"label":"Home","link":"https:\/\/www.eldigitaldeasturias.com\/noticias"},{"label":"Actualidad Asturias","link":"https:\/\/www.eldigitaldeasturias.com\/noticias\/category\/actualidad-asturias\/"},{"label":"Datos de la EPA: 51.700 personas en paro en Asturias","link":"https:\/\/www.eldigitaldeasturias.com\/noticias\/datos-de-la-epa-51-700-personas-en-paro-en-asturias\/"}],"_links":{"self":[{"href":"https:\/\/www.eldigitaldeasturias.com\/noticias\/wp-json\/wp\/v2\/posts\/1130355","targetHints":{"allow":["GET"]}}],"collection":[{"href":"https:\/\/www.eldigitaldeasturias.com\/noticias\/wp-json\/wp\/v2\/posts"}],"about":[{"href":"https:\/\/www.eldigitaldeasturias.com\/noticias\/wp-json\/wp\/v2\/types\/post"}],"author":[{"embeddable":true,"href":"https:\/\/www.eldigitaldeasturias.com\/noticias\/wp-json\/wp\/v2\/users\/1"}],"replies":[{"embeddable":true,"href":"https:\/\/www.eldigitaldeasturias.com\/noticias\/wp-json\/wp\/v2\/comments?post=1130355"}],"version-history":[{"count":0,"href":"https:\/\/www.eldigitaldeasturias.com\/noticias\/wp-json\/wp\/v2\/posts\/1130355\/revisions"}],"wp:featuredmedia":[{"embeddable":true,"href":"https:\/\/www.eldigitaldeasturias.com\/noticias\/wp-json\/wp\/v2\/media\/1130356"}],"wp:attachment":[{"href":"https:\/\/www.eldigitaldeasturias.com\/noticias\/wp-json\/wp\/v2\/media?parent=1130355"}],"wp:term":[{"taxonomy":"category","embeddable":true,"href":"https:\/\/www.eldigitaldeasturias.com\/noticias\/wp-json\/wp\/v2\/categories?post=1130355"},{"taxonomy":"post_tag","embeddable":true,"href":"https:\/\/www.eldigitaldeasturias.com\/noticias\/wp-json\/wp\/v2\/tags?post=1130355"}],"curies":[{"name":"wp","href":"https:\/\/api.w.org\/{rel}","templated":true}]}}