{"id":1130316,"date":"2024-04-26T17:34:57","date_gmt":"2024-04-26T15:34:57","guid":{"rendered":"https:\/\/www.eldigitaldeasturias.com\/noticias\/?p=1130316"},"modified":"2024-04-26T17:34:57","modified_gmt":"2024-04-26T15:34:57","slug":"asturias-mejorara-la-movilidad-rural-en-municipios-en-riesgo-de-despoblamiento","status":"publish","type":"post","link":"https:\/\/www.eldigitaldeasturias.com\/noticias\/asturias-mejorara-la-movilidad-rural-en-municipios-en-riesgo-de-despoblamiento\/","title":{"rendered":"Asturias mejorar\u00e1 la movilidad rural en municipios en riesgo de despoblamiento"},"content":{"rendered":"<p>El <span style=\"color: #ff6600;\"><a style=\"color: #ff6600;\" title=\"Principado de Asturias\" href=\"https:\/\/actualidad.asturias.es\/\" target=\"_blank\" rel=\"noopener\"><strong>Gobierno del Principado<\/strong><\/a><\/span> de Asturias ha puesto en marcha un plan de transporte a demanda en municipios en riesgo de despoblaci\u00f3n con el objetivo de mejorar la movilidad rural y ofrecer a vecinos y vecinas un servicio que facilite su desplazamiento a los n\u00facleos de referencia para realizar gestiones o acudir a los servicios sociosanitarios.<\/p>\n<figure id=\"attachment_1130317\" aria-describedby=\"caption-attachment-1130317\" style=\"width: 650px\" class=\"wp-caption aligncenter\"><img loading=\"lazy\" decoding=\"async\" class=\"size-large wp-image-1130317\" src=\"https:\/\/www.eldigitaldeasturias.com\/noticias\/wp-content\/uploads\/2024\/04\/Movilidad-rural-en-Asturias-650x453.jpg\" alt=\"Movilidad rural en Asturias\" width=\"650\" height=\"453\" srcset=\"https:\/\/www.eldigitaldeasturias.com\/noticias\/wp-content\/uploads\/2024\/04\/Movilidad-rural-en-Asturias-650x453.jpg 650w, https:\/\/www.eldigitaldeasturias.com\/noticias\/wp-content\/uploads\/2024\/04\/Movilidad-rural-en-Asturias-360x251.jpg 360w, https:\/\/www.eldigitaldeasturias.com\/noticias\/wp-content\/uploads\/2024\/04\/Movilidad-rural-en-Asturias-431x300.jpg 431w, https:\/\/www.eldigitaldeasturias.com\/noticias\/wp-content\/uploads\/2024\/04\/Movilidad-rural-en-Asturias-768x535.jpg 768w, https:\/\/www.eldigitaldeasturias.com\/noticias\/wp-content\/uploads\/2024\/04\/Movilidad-rural-en-Asturias-150x104.jpg 150w, https:\/\/www.eldigitaldeasturias.com\/noticias\/wp-content\/uploads\/2024\/04\/Movilidad-rural-en-Asturias-450x313.jpg 450w, https:\/\/www.eldigitaldeasturias.com\/noticias\/wp-content\/uploads\/2024\/04\/Movilidad-rural-en-Asturias.jpg 893w\" sizes=\"auto, (max-width: 650px) 100vw, 650px\" \/><figcaption id=\"caption-attachment-1130317\" class=\"wp-caption-text\">Foto: Prensa Gobierno de Asturias<\/figcaption><\/figure>\n<p>El plan piloto de esta experiencia ha comenzado a funcionar en Ponga con la puesta en marcha de un servicio con autotaxi que, dos d\u00edas a la semana, facilitar\u00e1 la conexi\u00f3n a primera hora de la ma\u00f1ana de varios pueblos con San Xuan\/San Juan de Bele\u00f1o, donde se ubica el centro de salud y donde se puede realizar cualquier tipo de gesti\u00f3n. <strong>La nueva ruta de transporte a demanda sit\u00faa la movilidad como elemento estrat\u00e9gico de cohesi\u00f3n social y vertebrador del territorio.<\/strong><\/p>\n<p>El consejero de Fomento, Cooperaci\u00f3n Local y Prevenci\u00f3n de Incendios, Alejandro Calvo; el director general de Administraci\u00f3n Local, Olmo Ron, y el director general de Reto Demogr\u00e1fico, Marcos Ni\u00f1o, han visitado San Xuan\/San Juan de Bele\u00f1o junto con la alcaldesa de Ponga, Marta Alonso.<\/p>\n<blockquote><p>El objetivo del Principado pasa por extender esta iniciativa, una vez evaluados sus resultados en el concejo, a otros municipios peque\u00f1os en situaci\u00f3n de crisis demogr\u00e1fica, de manera progresiva y siempre en colaboraci\u00f3n con los ayuntamientos.<\/p><\/blockquote>\n<p>La iniciativa, un ejemplo de colaboraci\u00f3n entre administraciones, ampl\u00eda la cartera de servicios de la plataforma <span style=\"color: #ff6600;\"><a style=\"color: #ff6600;\" href=\"https:\/\/www.eldigitaldeasturias.com\/noticias\/asturias-se-conecta\/\"><strong>CONECTA<\/strong><\/a><\/span> y se enmarca en las pol\u00edticas que el Ejecutivo asturiano desarrolla para impulsar el uso del transporte p\u00fablico y mejorar la movilidad.<\/p>\n<p>De este modo, los taxis incorporar\u00e1n un dispositivo tecnol\u00f3gico que les facilitar\u00e1 el Consorcio de Transportes de Asturias (CTA) para la lectura de la tarjeta CONECTA. A partir del verano, el servicio estar\u00e1 incluido dentro de la tarifa plana para viajar en transporte p\u00fablico por un m\u00e1ximo de 30 euros al mes.<\/p>\n<h2>Servicio en Ponga<\/h2>\n<p>La nueva ruta de transporte a demanda facilita que los vecinos puedan llegar a primera hora al centro de salud, ubicado en San Xuan\/San Juan de Bele\u00f1o. <strong>El servicio se prestar\u00e1 los mi\u00e9rcoles y jueves, siempre y cuando haya al menos un usuario que lo solicite con una antelaci\u00f3n m\u00ednima de dos horas.<\/strong><\/p>\n<p>El autotaxi llegar\u00e1 a las 8:00 horas al consultorio local, despu\u00e9s de pasar por las localidades de Viegu, Abiegos, Sella\u00f1u y Sobrefoz. El regreso desde el centro de salud se producir\u00e1 a 10:30 horas. Esta alternativa responde a las demandas de los habitantes del concejo y del ayuntamiento.<\/p>\n<p>Dentro de esta apuesta por la movilidad sostenible, el Principado ha puesto en marcha en el \u00faltimo mes cuatro nuevas l\u00edneas expr\u00e9s que conectan Llanes, Cangues d\u2019On\u00eds\/Cangas de On\u00eds, A Veiga\/Vegadeo y Cangas del Narcea con Oviedo\/Uvi\u00e9u. Estas frecuencias tambi\u00e9n est\u00e1n pensadas para ofrecer una conexi\u00f3n temprana con el HUCA para facilitar la llegada a consultas y pruebas m\u00e9dicas.<\/p>\n","protected":false},"excerpt":{"rendered":"<p>El Gobierno del Principado de Asturias ha puesto en marcha un plan de transporte a demanda en municipios en riesgo de despoblaci\u00f3n con el objetivo de mejorar la movilidad rural y ofrecer a vecinos y vecinas un servicio que facilite su desplazamiento a los n\u00facleos de referencia para realizar gestiones o acudir a los servicios [&hellip;]<\/p>\n","protected":false},"author":1,"featured_media":1130317,"comment_status":"closed","ping_status":"closed","sticky":false,"template":"","format":"standard","meta":{"footnotes":""},"categories":[12,141],"tags":[],"class_list":["post-1130316","post","type-post","status-publish","format-standard","has-post-thumbnail","hentry","category-actualidad-asturias","category-destacadas"],"aioseo_notices":[],"aioseo_head":"\n\t\t<!-- All in One SEO Pro 4.9.6.2 - aioseo.com -->\n\t<meta name=\"description\" content=\"El Gobierno del Principado de Asturias ha puesto en marcha un plan de transporte a demanda en municipios en riesgo de despoblaci\u00f3n con el objetivo de mejorar la movilidad rural y ofrecer a vecinos y vecinas un servicio que facilite su desplazamiento a los n\u00facleos de referencia para realizar gestiones o acudir a los servicios El Gobierno del Principado de Asturias ha puesto en marcha un plan de transporte a demanda en municipios en riesgo de despoblaci\u00f3n con el objetivo\" \/>\n\t<meta name=\"robots\" content=\"max-image-preview:large\" \/>\n\t<meta name=\"author\" content=\"El Digital de Asturias\"\/>\n\t<meta name=\"google-site-verification\" content=\"UA-38556648-1\" \/>\n\t<meta name=\"msvalidate.01\" content=\"7dfe9f3f1b24437ab69f4f2559babe99\" \/>\n\t<meta name=\"keywords\" content=\"actualidad asturias,destacadas\" \/>\n\t<link rel=\"canonical\" href=\"https:\/\/www.eldigitaldeasturias.com\/noticias\/asturias-mejorara-la-movilidad-rural-en-municipios-en-riesgo-de-despoblamiento\/\" \/>\n\t<meta name=\"generator\" content=\"All in One SEO Pro (AIOSEO) 4.9.6.2\" \/>\n\t\t<meta property=\"og:locale\" content=\"es_ES\" \/>\n\t\t<meta property=\"og:site_name\" content=\"El Digital de Asturias\" \/>\n\t\t<meta property=\"og:type\" content=\"article\" \/>\n\t\t<meta property=\"og:title\" content=\"Asturias mejorar\u00e1 la movilidad rural en municipios en riesgo de despoblamiento - El Digital de Asturias\" \/>\n\t\t<meta property=\"og:description\" content=\"El Gobierno del Principado de Asturias ha puesto en marcha un plan de transporte a demanda en municipios en riesgo de despoblaci\u00f3n con el objetivo de mejorar la movilidad rural y ofrecer a vecinos y vecinas un servicio que facilite su desplazamiento a los n\u00facleos de referencia para realizar gestiones o acudir a los servicios El Gobierno del Principado de Asturias ha puesto en marcha un plan de transporte a demanda en municipios en riesgo de despoblaci\u00f3n con el objetivo\" \/>\n\t\t<meta property=\"og:url\" content=\"https:\/\/www.eldigitaldeasturias.com\/noticias\/asturias-mejorara-la-movilidad-rural-en-municipios-en-riesgo-de-despoblamiento\/\" \/>\n\t\t<meta property=\"og:image\" content=\"https:\/\/www.eldigitaldeasturias.com\/noticias\/wp-content\/uploads\/2024\/04\/Movilidad-rural-en-Asturias.jpg\" \/>\n\t\t<meta property=\"og:image:secure_url\" content=\"https:\/\/www.eldigitaldeasturias.com\/noticias\/wp-content\/uploads\/2024\/04\/Movilidad-rural-en-Asturias.jpg\" \/>\n\t\t<meta property=\"og:image:width\" content=\"893\" \/>\n\t\t<meta property=\"og:image:height\" content=\"622\" \/>\n\t\t<meta property=\"article:tag\" content=\"actualidad asturias\" \/>\n\t\t<meta property=\"article:tag\" content=\"destacadas\" \/>\n\t\t<meta property=\"article:published_time\" content=\"2024-04-26T15:34:57+00:00\" \/>\n\t\t<meta property=\"article:modified_time\" content=\"2024-04-26T15:34:57+00:00\" \/>\n\t\t<meta property=\"article:publisher\" content=\"https:\/\/facebook.com\/eldigitaldeasturias\" \/>\n\t\t<meta name=\"twitter:card\" content=\"summary_large_image\" \/>\n\t\t<meta name=\"twitter:title\" content=\"Asturias mejorar\u00e1 la movilidad rural en municipios en riesgo de despoblamiento - El Digital de Asturias\" \/>\n\t\t<meta name=\"twitter:description\" content=\"El Gobierno del Principado de Asturias ha puesto en marcha un plan de transporte a demanda en municipios en riesgo de despoblaci\u00f3n con el objetivo de mejorar la movilidad rural y ofrecer a vecinos y vecinas un servicio que facilite su desplazamiento a los n\u00facleos de referencia para realizar gestiones o acudir a los servicios El Gobierno del Principado de Asturias ha puesto en marcha un plan de transporte a demanda en municipios en riesgo de despoblaci\u00f3n con el objetivo\" \/>\n\t\t<meta name=\"twitter:image\" content=\"https:\/\/www.eldigitaldeasturias.com\/noticias\/wp-content\/uploads\/2024\/04\/Movilidad-rural-en-Asturias.jpg\" \/>\n\t\t<meta name=\"twitter:label1\" content=\"Escrito por\" \/>\n\t\t<meta name=\"twitter:data1\" content=\"El Digital de Asturias\" \/>\n\t\t<meta name=\"twitter:label2\" content=\"Tiempo de lectura estimado\" \/>\n\t\t<meta name=\"twitter:data2\" content=\"3 minutos\" \/>\n\t\t<script type=\"application\/ld+json\" class=\"aioseo-schema\">\n\t\t\t{\"@context\":\"https:\\\/\\\/schema.org\",\"@graph\":[{\"@type\":\"BlogPosting\",\"@id\":\"https:\\\/\\\/www.eldigitaldeasturias.com\\\/noticias\\\/asturias-mejorara-la-movilidad-rural-en-municipios-en-riesgo-de-despoblamiento\\\/#blogposting\",\"name\":\"Asturias mejorar\\u00e1 la movilidad rural en municipios en riesgo de despoblamiento - El Digital de Asturias\",\"headline\":\"Asturias mejorar\\u00e1 la movilidad rural en municipios en riesgo de despoblamiento\",\"author\":{\"@id\":\"https:\\\/\\\/www.eldigitaldeasturias.com\\\/noticias\\\/author\\\/admin\\\/#author\"},\"publisher\":{\"@id\":\"https:\\\/\\\/www.eldigitaldeasturias.com\\\/noticias\\\/#organization\"},\"image\":{\"@type\":\"ImageObject\",\"url\":\"https:\\\/\\\/www.eldigitaldeasturias.com\\\/noticias\\\/wp-content\\\/uploads\\\/2024\\\/04\\\/Movilidad-rural-en-Asturias.jpg\",\"width\":893,\"height\":622,\"caption\":\"Foto: Prensa Gobierno de Asturias\"},\"datePublished\":\"2024-04-26T17:34:57+02:00\",\"dateModified\":\"2024-04-26T17:34:57+02:00\",\"inLanguage\":\"es-ES\",\"mainEntityOfPage\":{\"@id\":\"https:\\\/\\\/www.eldigitaldeasturias.com\\\/noticias\\\/asturias-mejorara-la-movilidad-rural-en-municipios-en-riesgo-de-despoblamiento\\\/#webpage\"},\"isPartOf\":{\"@id\":\"https:\\\/\\\/www.eldigitaldeasturias.com\\\/noticias\\\/asturias-mejorara-la-movilidad-rural-en-municipios-en-riesgo-de-despoblamiento\\\/#webpage\"},\"articleSection\":\"Actualidad Asturias, Destacadas\"},{\"@type\":\"BreadcrumbList\",\"@id\":\"https:\\\/\\\/www.eldigitaldeasturias.com\\\/noticias\\\/asturias-mejorara-la-movilidad-rural-en-municipios-en-riesgo-de-despoblamiento\\\/#breadcrumblist\",\"itemListElement\":[{\"@type\":\"ListItem\",\"@id\":\"https:\\\/\\\/www.eldigitaldeasturias.com\\\/noticias#listItem\",\"position\":1,\"name\":\"Home\",\"item\":\"https:\\\/\\\/www.eldigitaldeasturias.com\\\/noticias\",\"nextItem\":{\"@type\":\"ListItem\",\"@id\":\"https:\\\/\\\/www.eldigitaldeasturias.com\\\/noticias\\\/category\\\/actualidad-asturias\\\/#listItem\",\"name\":\"Actualidad Asturias\"}},{\"@type\":\"ListItem\",\"@id\":\"https:\\\/\\\/www.eldigitaldeasturias.com\\\/noticias\\\/category\\\/actualidad-asturias\\\/#listItem\",\"position\":2,\"name\":\"Actualidad Asturias\",\"item\":\"https:\\\/\\\/www.eldigitaldeasturias.com\\\/noticias\\\/category\\\/actualidad-asturias\\\/\",\"nextItem\":{\"@type\":\"ListItem\",\"@id\":\"https:\\\/\\\/www.eldigitaldeasturias.com\\\/noticias\\\/asturias-mejorara-la-movilidad-rural-en-municipios-en-riesgo-de-despoblamiento\\\/#listItem\",\"name\":\"Asturias mejorar\\u00e1 la movilidad rural en municipios en riesgo de despoblamiento\"},\"previousItem\":{\"@type\":\"ListItem\",\"@id\":\"https:\\\/\\\/www.eldigitaldeasturias.com\\\/noticias#listItem\",\"name\":\"Home\"}},{\"@type\":\"ListItem\",\"@id\":\"https:\\\/\\\/www.eldigitaldeasturias.com\\\/noticias\\\/asturias-mejorara-la-movilidad-rural-en-municipios-en-riesgo-de-despoblamiento\\\/#listItem\",\"position\":3,\"name\":\"Asturias mejorar\\u00e1 la movilidad rural en municipios en riesgo de despoblamiento\",\"previousItem\":{\"@type\":\"ListItem\",\"@id\":\"https:\\\/\\\/www.eldigitaldeasturias.com\\\/noticias\\\/category\\\/actualidad-asturias\\\/#listItem\",\"name\":\"Actualidad Asturias\"}}]},{\"@type\":\"Organization\",\"@id\":\"https:\\\/\\\/www.eldigitaldeasturias.com\\\/noticias\\\/#organization\",\"name\":\"El Digital de Asturias\",\"description\":\"Hemeroteca\",\"url\":\"https:\\\/\\\/www.eldigitaldeasturias.com\\\/noticias\\\/\",\"email\":\"info@eldigitaldeasturias.com\",\"telephone\":\"+34652131393\",\"logo\":{\"@type\":\"ImageObject\",\"url\":\"https:\\\/\\\/www.eldigitaldeasturias.com\\\/noticias\\\/wp-content\\\/uploads\\\/2020\\\/12\\\/EDA.jpg\",\"@id\":\"https:\\\/\\\/www.eldigitaldeasturias.com\\\/noticias\\\/asturias-mejorara-la-movilidad-rural-en-municipios-en-riesgo-de-despoblamiento\\\/#organizationLogo\",\"width\":649,\"height\":297},\"image\":{\"@id\":\"https:\\\/\\\/www.eldigitaldeasturias.com\\\/noticias\\\/asturias-mejorara-la-movilidad-rural-en-municipios-en-riesgo-de-despoblamiento\\\/#organizationLogo\"},\"sameAs\":[\"https:\\\/\\\/facebook.com\\\/eldigitaldeasturias\",\"https:\\\/\\\/www.youtube.com\\\/channel\\\/UCZP-2wLEB9Rv6erhFmqVnvg\"],\"address\":{\"@id\":\"https:\\\/\\\/www.eldigitaldeasturias.com\\\/noticias\\\/#postaladdress\",\"@type\":\"PostalAddress\",\"streetAddress\":\"san antonio 4,\",\"postalCode\":\"33430\",\"addressLocality\":\"Cand\\u00e1s\",\"addressRegion\":\"Asturias\",\"addressCountry\":\"ES\"}},{\"@type\":\"Person\",\"@id\":\"https:\\\/\\\/www.eldigitaldeasturias.com\\\/noticias\\\/author\\\/admin\\\/#author\",\"url\":\"https:\\\/\\\/www.eldigitaldeasturias.com\\\/noticias\\\/author\\\/admin\\\/\",\"name\":\"El Digital de Asturias\",\"image\":{\"@type\":\"ImageObject\",\"@id\":\"https:\\\/\\\/www.eldigitaldeasturias.com\\\/noticias\\\/asturias-mejorara-la-movilidad-rural-en-municipios-en-riesgo-de-despoblamiento\\\/#authorImage\",\"url\":\"https:\\\/\\\/www.eldigitaldeasturias.com\\\/noticias\\\/wp-content\\\/litespeed\\\/avatar\\\/18677e78aa0546b92d9dbf31ec7d7668.jpg?ver=1777290358\",\"width\":96,\"height\":96,\"caption\":\"El Digital de Asturias\"}},{\"@type\":\"WebPage\",\"@id\":\"https:\\\/\\\/www.eldigitaldeasturias.com\\\/noticias\\\/asturias-mejorara-la-movilidad-rural-en-municipios-en-riesgo-de-despoblamiento\\\/#webpage\",\"url\":\"https:\\\/\\\/www.eldigitaldeasturias.com\\\/noticias\\\/asturias-mejorara-la-movilidad-rural-en-municipios-en-riesgo-de-despoblamiento\\\/\",\"name\":\"Asturias mejorar\\u00e1 la movilidad rural en municipios en riesgo de despoblamiento - El Digital de Asturias\",\"description\":\"El Gobierno del Principado de Asturias ha puesto en marcha un plan de transporte a demanda en municipios en riesgo de despoblaci\\u00f3n con el objetivo de mejorar la movilidad rural y ofrecer a vecinos y vecinas un servicio que facilite su desplazamiento a los n\\u00facleos de referencia para realizar gestiones o acudir a los servicios El Gobierno del Principado de Asturias ha puesto en marcha un plan de transporte a demanda en municipios en riesgo de despoblaci\\u00f3n con el objetivo\",\"inLanguage\":\"es-ES\",\"isPartOf\":{\"@id\":\"https:\\\/\\\/www.eldigitaldeasturias.com\\\/noticias\\\/#website\"},\"breadcrumb\":{\"@id\":\"https:\\\/\\\/www.eldigitaldeasturias.com\\\/noticias\\\/asturias-mejorara-la-movilidad-rural-en-municipios-en-riesgo-de-despoblamiento\\\/#breadcrumblist\"},\"author\":{\"@id\":\"https:\\\/\\\/www.eldigitaldeasturias.com\\\/noticias\\\/author\\\/admin\\\/#author\"},\"creator\":{\"@id\":\"https:\\\/\\\/www.eldigitaldeasturias.com\\\/noticias\\\/author\\\/admin\\\/#author\"},\"image\":{\"@type\":\"ImageObject\",\"url\":\"https:\\\/\\\/www.eldigitaldeasturias.com\\\/noticias\\\/wp-content\\\/uploads\\\/2024\\\/04\\\/Movilidad-rural-en-Asturias.jpg\",\"@id\":\"https:\\\/\\\/www.eldigitaldeasturias.com\\\/noticias\\\/asturias-mejorara-la-movilidad-rural-en-municipios-en-riesgo-de-despoblamiento\\\/#mainImage\",\"width\":893,\"height\":622,\"caption\":\"Foto: Prensa Gobierno de Asturias\"},\"primaryImageOfPage\":{\"@id\":\"https:\\\/\\\/www.eldigitaldeasturias.com\\\/noticias\\\/asturias-mejorara-la-movilidad-rural-en-municipios-en-riesgo-de-despoblamiento\\\/#mainImage\"},\"datePublished\":\"2024-04-26T17:34:57+02:00\",\"dateModified\":\"2024-04-26T17:34:57+02:00\"},{\"@type\":\"WebSite\",\"@id\":\"https:\\\/\\\/www.eldigitaldeasturias.com\\\/noticias\\\/#website\",\"url\":\"https:\\\/\\\/www.eldigitaldeasturias.com\\\/noticias\\\/\",\"name\":\"El Digital de Asturias - Diario de actualidad y noticias\",\"alternateName\":\"El Digital de Asturias - Diario de actualidad y noticias\",\"description\":\"Hemeroteca\",\"inLanguage\":\"es-ES\",\"publisher\":{\"@id\":\"https:\\\/\\\/www.eldigitaldeasturias.com\\\/noticias\\\/#organization\"}}]}\n\t\t<\/script>\n\t\t<!-- All in One SEO Pro -->\r\n\t\t<title>Asturias mejorar\u00e1 la movilidad rural en municipios en riesgo de despoblamiento - El Digital de Asturias<\/title>\n\n","aioseo_head_json":{"title":"Asturias mejorar\u00e1 la movilidad rural en municipios en riesgo de despoblamiento - El Digital de Asturias","description":"El Gobierno del Principado de Asturias ha puesto en marcha un plan de transporte a demanda en municipios en riesgo de despoblaci\u00f3n con el objetivo de mejorar la movilidad rural y ofrecer a vecinos y vecinas un servicio que facilite su desplazamiento a los n\u00facleos de referencia para realizar gestiones o acudir a los servicios El Gobierno del Principado de Asturias ha puesto en marcha un plan de transporte a demanda en municipios en riesgo de despoblaci\u00f3n con el objetivo","canonical_url":"https:\/\/www.eldigitaldeasturias.com\/noticias\/asturias-mejorara-la-movilidad-rural-en-municipios-en-riesgo-de-despoblamiento\/","robots":"max-image-preview:large","keywords":"actualidad asturias,destacadas","webmasterTools":{"google-site-verification":"UA-38556648-1","msvalidate.01":"7dfe9f3f1b24437ab69f4f2559babe99","miscellaneous":""},"schema":{"@context":"https:\/\/schema.org","@graph":[{"@type":"BlogPosting","@id":"https:\/\/www.eldigitaldeasturias.com\/noticias\/asturias-mejorara-la-movilidad-rural-en-municipios-en-riesgo-de-despoblamiento\/#blogposting","name":"Asturias mejorar\u00e1 la movilidad rural en municipios en riesgo de despoblamiento - El Digital de Asturias","headline":"Asturias mejorar\u00e1 la movilidad rural en municipios en riesgo de despoblamiento","author":{"@id":"https:\/\/www.eldigitaldeasturias.com\/noticias\/author\/admin\/#author"},"publisher":{"@id":"https:\/\/www.eldigitaldeasturias.com\/noticias\/#organization"},"image":{"@type":"ImageObject","url":"https:\/\/www.eldigitaldeasturias.com\/noticias\/wp-content\/uploads\/2024\/04\/Movilidad-rural-en-Asturias.jpg","width":893,"height":622,"caption":"Foto: Prensa Gobierno de Asturias"},"datePublished":"2024-04-26T17:34:57+02:00","dateModified":"2024-04-26T17:34:57+02:00","inLanguage":"es-ES","mainEntityOfPage":{"@id":"https:\/\/www.eldigitaldeasturias.com\/noticias\/asturias-mejorara-la-movilidad-rural-en-municipios-en-riesgo-de-despoblamiento\/#webpage"},"isPartOf":{"@id":"https:\/\/www.eldigitaldeasturias.com\/noticias\/asturias-mejorara-la-movilidad-rural-en-municipios-en-riesgo-de-despoblamiento\/#webpage"},"articleSection":"Actualidad Asturias, Destacadas"},{"@type":"BreadcrumbList","@id":"https:\/\/www.eldigitaldeasturias.com\/noticias\/asturias-mejorara-la-movilidad-rural-en-municipios-en-riesgo-de-despoblamiento\/#breadcrumblist","itemListElement":[{"@type":"ListItem","@id":"https:\/\/www.eldigitaldeasturias.com\/noticias#listItem","position":1,"name":"Home","item":"https:\/\/www.eldigitaldeasturias.com\/noticias","nextItem":{"@type":"ListItem","@id":"https:\/\/www.eldigitaldeasturias.com\/noticias\/category\/actualidad-asturias\/#listItem","name":"Actualidad Asturias"}},{"@type":"ListItem","@id":"https:\/\/www.eldigitaldeasturias.com\/noticias\/category\/actualidad-asturias\/#listItem","position":2,"name":"Actualidad Asturias","item":"https:\/\/www.eldigitaldeasturias.com\/noticias\/category\/actualidad-asturias\/","nextItem":{"@type":"ListItem","@id":"https:\/\/www.eldigitaldeasturias.com\/noticias\/asturias-mejorara-la-movilidad-rural-en-municipios-en-riesgo-de-despoblamiento\/#listItem","name":"Asturias mejorar\u00e1 la movilidad rural en municipios en riesgo de despoblamiento"},"previousItem":{"@type":"ListItem","@id":"https:\/\/www.eldigitaldeasturias.com\/noticias#listItem","name":"Home"}},{"@type":"ListItem","@id":"https:\/\/www.eldigitaldeasturias.com\/noticias\/asturias-mejorara-la-movilidad-rural-en-municipios-en-riesgo-de-despoblamiento\/#listItem","position":3,"name":"Asturias mejorar\u00e1 la movilidad rural en municipios en riesgo de despoblamiento","previousItem":{"@type":"ListItem","@id":"https:\/\/www.eldigitaldeasturias.com\/noticias\/category\/actualidad-asturias\/#listItem","name":"Actualidad Asturias"}}]},{"@type":"Organization","@id":"https:\/\/www.eldigitaldeasturias.com\/noticias\/#organization","name":"El Digital de Asturias","description":"Hemeroteca","url":"https:\/\/www.eldigitaldeasturias.com\/noticias\/","email":"info@eldigitaldeasturias.com","telephone":"+34652131393","logo":{"@type":"ImageObject","url":"https:\/\/www.eldigitaldeasturias.com\/noticias\/wp-content\/uploads\/2020\/12\/EDA.jpg","@id":"https:\/\/www.eldigitaldeasturias.com\/noticias\/asturias-mejorara-la-movilidad-rural-en-municipios-en-riesgo-de-despoblamiento\/#organizationLogo","width":649,"height":297},"image":{"@id":"https:\/\/www.eldigitaldeasturias.com\/noticias\/asturias-mejorara-la-movilidad-rural-en-municipios-en-riesgo-de-despoblamiento\/#organizationLogo"},"sameAs":["https:\/\/facebook.com\/eldigitaldeasturias","https:\/\/www.youtube.com\/channel\/UCZP-2wLEB9Rv6erhFmqVnvg"],"address":{"@id":"https:\/\/www.eldigitaldeasturias.com\/noticias\/#postaladdress","@type":"PostalAddress","streetAddress":"san antonio 4,","postalCode":"33430","addressLocality":"Cand\u00e1s","addressRegion":"Asturias","addressCountry":"ES"}},{"@type":"Person","@id":"https:\/\/www.eldigitaldeasturias.com\/noticias\/author\/admin\/#author","url":"https:\/\/www.eldigitaldeasturias.com\/noticias\/author\/admin\/","name":"El Digital de Asturias","image":{"@type":"ImageObject","@id":"https:\/\/www.eldigitaldeasturias.com\/noticias\/asturias-mejorara-la-movilidad-rural-en-municipios-en-riesgo-de-despoblamiento\/#authorImage","url":"https:\/\/www.eldigitaldeasturias.com\/noticias\/wp-content\/litespeed\/avatar\/18677e78aa0546b92d9dbf31ec7d7668.jpg?ver=1777290358","width":96,"height":96,"caption":"El Digital de Asturias"}},{"@type":"WebPage","@id":"https:\/\/www.eldigitaldeasturias.com\/noticias\/asturias-mejorara-la-movilidad-rural-en-municipios-en-riesgo-de-despoblamiento\/#webpage","url":"https:\/\/www.eldigitaldeasturias.com\/noticias\/asturias-mejorara-la-movilidad-rural-en-municipios-en-riesgo-de-despoblamiento\/","name":"Asturias mejorar\u00e1 la movilidad rural en municipios en riesgo de despoblamiento - El Digital de Asturias","description":"El Gobierno del Principado de Asturias ha puesto en marcha un plan de transporte a demanda en municipios en riesgo de despoblaci\u00f3n con el objetivo de mejorar la movilidad rural y ofrecer a vecinos y vecinas un servicio que facilite su desplazamiento a los n\u00facleos de referencia para realizar gestiones o acudir a los servicios El Gobierno del Principado de Asturias ha puesto en marcha un plan de transporte a demanda en municipios en riesgo de despoblaci\u00f3n con el objetivo","inLanguage":"es-ES","isPartOf":{"@id":"https:\/\/www.eldigitaldeasturias.com\/noticias\/#website"},"breadcrumb":{"@id":"https:\/\/www.eldigitaldeasturias.com\/noticias\/asturias-mejorara-la-movilidad-rural-en-municipios-en-riesgo-de-despoblamiento\/#breadcrumblist"},"author":{"@id":"https:\/\/www.eldigitaldeasturias.com\/noticias\/author\/admin\/#author"},"creator":{"@id":"https:\/\/www.eldigitaldeasturias.com\/noticias\/author\/admin\/#author"},"image":{"@type":"ImageObject","url":"https:\/\/www.eldigitaldeasturias.com\/noticias\/wp-content\/uploads\/2024\/04\/Movilidad-rural-en-Asturias.jpg","@id":"https:\/\/www.eldigitaldeasturias.com\/noticias\/asturias-mejorara-la-movilidad-rural-en-municipios-en-riesgo-de-despoblamiento\/#mainImage","width":893,"height":622,"caption":"Foto: Prensa Gobierno de Asturias"},"primaryImageOfPage":{"@id":"https:\/\/www.eldigitaldeasturias.com\/noticias\/asturias-mejorara-la-movilidad-rural-en-municipios-en-riesgo-de-despoblamiento\/#mainImage"},"datePublished":"2024-04-26T17:34:57+02:00","dateModified":"2024-04-26T17:34:57+02:00"},{"@type":"WebSite","@id":"https:\/\/www.eldigitaldeasturias.com\/noticias\/#website","url":"https:\/\/www.eldigitaldeasturias.com\/noticias\/","name":"El Digital de Asturias - Diario de actualidad y noticias","alternateName":"El Digital de Asturias - Diario de actualidad y noticias","description":"Hemeroteca","inLanguage":"es-ES","publisher":{"@id":"https:\/\/www.eldigitaldeasturias.com\/noticias\/#organization"}}]},"og:locale":"es_ES","og:site_name":"El Digital de Asturias","og:type":"article","og:title":"Asturias mejorar\u00e1 la movilidad rural en municipios en riesgo de despoblamiento - El Digital de Asturias","og:description":"El Gobierno del Principado de Asturias ha puesto en marcha un plan de transporte a demanda en municipios en riesgo de despoblaci\u00f3n con el objetivo de mejorar la movilidad rural y ofrecer a vecinos y vecinas un servicio que facilite su desplazamiento a los n\u00facleos de referencia para realizar gestiones o acudir a los servicios El Gobierno del Principado de Asturias ha puesto en marcha un plan de transporte a demanda en municipios en riesgo de despoblaci\u00f3n con el objetivo","og:url":"https:\/\/www.eldigitaldeasturias.com\/noticias\/asturias-mejorara-la-movilidad-rural-en-municipios-en-riesgo-de-despoblamiento\/","og:image":"https:\/\/www.eldigitaldeasturias.com\/noticias\/wp-content\/uploads\/2024\/04\/Movilidad-rural-en-Asturias.jpg","og:image:secure_url":"https:\/\/www.eldigitaldeasturias.com\/noticias\/wp-content\/uploads\/2024\/04\/Movilidad-rural-en-Asturias.jpg","og:image:width":893,"og:image:height":622,"article:tag":["actualidad asturias","destacadas"],"article:published_time":"2024-04-26T15:34:57+00:00","article:modified_time":"2024-04-26T15:34:57+00:00","article:publisher":"https:\/\/facebook.com\/eldigitaldeasturias","twitter:card":"summary_large_image","twitter:title":"Asturias mejorar\u00e1 la movilidad rural en municipios en riesgo de despoblamiento - El Digital de Asturias","twitter:description":"El Gobierno del Principado de Asturias ha puesto en marcha un plan de transporte a demanda en municipios en riesgo de despoblaci\u00f3n con el objetivo de mejorar la movilidad rural y ofrecer a vecinos y vecinas un servicio que facilite su desplazamiento a los n\u00facleos de referencia para realizar gestiones o acudir a los servicios El Gobierno del Principado de Asturias ha puesto en marcha un plan de transporte a demanda en municipios en riesgo de despoblaci\u00f3n con el objetivo","twitter:image":"https:\/\/www.eldigitaldeasturias.com\/noticias\/wp-content\/uploads\/2024\/04\/Movilidad-rural-en-Asturias.jpg","twitter:label1":"Escrito por","twitter:data1":"El Digital de Asturias","twitter:label2":"Tiempo de lectura estimado","twitter:data2":"3 minutos"},"aioseo_meta_data":{"post_id":"1130316","title":null,"description":"#post_excerpt El Gobierno del Principado de Asturias ha puesto en marcha un plan de transporte a demanda en municipios en riesgo de despoblaci\u00f3n con el objetivo","keywords":null,"keyphrases":{"focus":{"keyphrase":"Asturias","score":91,"analysis":{"keyphraseInTitle":{"score":9,"maxScore":9,"error":0},"keyphraseInDescription":{"score":9,"maxScore":9,"error":0},"keyphraseLength":{"score":9,"maxScore":9,"error":0,"length":1},"keyphraseInURL":{"score":5,"maxScore":5,"error":0},"keyphraseInIntroduction":{"score":9,"maxScore":9,"error":0},"keyphraseInSubHeadings":{"score":3,"maxScore":9,"error":1},"keyphraseInImageAlt":{"score":9,"maxScore":9,"error":0},"keywordDensity":{"type":"best","score":9,"maxScore":9,"error":0}}},"additional":[{"keyphrase":"Asturias","score":100,"analysis":{"keyphraseInDescription":{"score":9,"maxScore":9,"error":0},"keyphraseLength":{"score":9,"maxScore":9,"error":0,"length":1},"keyphraseInIntroduction":{"score":9,"maxScore":9,"error":0},"keyphraseInImageAlt":{"score":9,"maxScore":9,"error":0},"keywordDensity":{"type":"best","score":9,"maxScore":9,"error":0}}}]},"primary_term":null,"canonical_url":null,"og_title":null,"og_description":null,"og_object_type":"default","og_image_type":"default","og_image_url":null,"og_image_width":null,"og_image_height":null,"og_image_custom_url":null,"og_image_custom_fields":null,"og_video":"","og_custom_url":null,"og_article_section":null,"og_article_tags":null,"twitter_use_og":false,"twitter_card":"default","twitter_image_type":"default","twitter_image_url":null,"twitter_image_custom_url":null,"twitter_image_custom_fields":null,"twitter_title":null,"twitter_description":null,"schema":{"blockGraphs":[],"customGraphs":[],"default":{"data":{"Article":[],"Course":[],"Dataset":[],"FAQPage":[],"Movie":[],"Person":[],"Product":[],"ProductReview":[],"Car":[],"Recipe":[],"Service":[],"SoftwareApplication":[],"WebPage":[]},"graphName":"BlogPosting","isEnabled":true},"graphs":[]},"schema_type":"default","schema_type_options":null,"pillar_content":false,"robots_default":true,"robots_noindex":false,"robots_noarchive":false,"robots_nosnippet":false,"robots_nofollow":false,"robots_noimageindex":false,"robots_noodp":false,"robots_notranslate":false,"robots_max_snippet":"-1","robots_max_videopreview":"-1","robots_max_imagepreview":"large","priority":null,"frequency":"default","local_seo":null,"seo_analyzer_scan_date":"2025-10-06 08:24:44","breadcrumb_settings":null,"limit_modified_date":false,"open_ai":"{\"title\":{\"suggestions\":[],\"usage\":0},\"description\":{\"suggestions\":[],\"usage\":0}}","ai":null,"created":"2024-04-26 15:28:24","updated":"2025-10-09 13:26:27"},"aioseo_breadcrumb":"<div class=\"aioseo-breadcrumbs\"><span class=\"aioseo-breadcrumb\">\n\t<a href=\"https:\/\/www.eldigitaldeasturias.com\/noticias\" title=\"Home\">Home<\/a>\n<\/span><span class=\"aioseo-breadcrumb-separator\">\u2013<\/span><span class=\"aioseo-breadcrumb\">\n\t<a href=\"https:\/\/www.eldigitaldeasturias.com\/noticias\/category\/actualidad-asturias\/\" title=\"Actualidad Asturias\">Actualidad Asturias<\/a>\n<\/span><span class=\"aioseo-breadcrumb-separator\">\u2013<\/span><span class=\"aioseo-breadcrumb\">\n\t<a href=\"https:\/\/www.eldigitaldeasturias.com\/noticias\/asturias-mejorara-la-movilidad-rural-en-municipios-en-riesgo-de-despoblamiento\/\" title=\"Asturias mejorar\u00e1 la movilidad rural en municipios en riesgo de despoblamiento\">Asturias mejorar\u00e1 la movilidad rural en municipios en riesgo de despoblamiento<\/a>\n<\/span><\/div>","aioseo_breadcrumb_json":[{"label":"Home","link":"https:\/\/www.eldigitaldeasturias.com\/noticias"},{"label":"Actualidad Asturias","link":"https:\/\/www.eldigitaldeasturias.com\/noticias\/category\/actualidad-asturias\/"},{"label":"Asturias mejorar\u00e1 la movilidad rural en municipios en riesgo de despoblamiento","link":"https:\/\/www.eldigitaldeasturias.com\/noticias\/asturias-mejorara-la-movilidad-rural-en-municipios-en-riesgo-de-despoblamiento\/"}],"_links":{"self":[{"href":"https:\/\/www.eldigitaldeasturias.com\/noticias\/wp-json\/wp\/v2\/posts\/1130316","targetHints":{"allow":["GET"]}}],"collection":[{"href":"https:\/\/www.eldigitaldeasturias.com\/noticias\/wp-json\/wp\/v2\/posts"}],"about":[{"href":"https:\/\/www.eldigitaldeasturias.com\/noticias\/wp-json\/wp\/v2\/types\/post"}],"author":[{"embeddable":true,"href":"https:\/\/www.eldigitaldeasturias.com\/noticias\/wp-json\/wp\/v2\/users\/1"}],"replies":[{"embeddable":true,"href":"https:\/\/www.eldigitaldeasturias.com\/noticias\/wp-json\/wp\/v2\/comments?post=1130316"}],"version-history":[{"count":0,"href":"https:\/\/www.eldigitaldeasturias.com\/noticias\/wp-json\/wp\/v2\/posts\/1130316\/revisions"}],"wp:featuredmedia":[{"embeddable":true,"href":"https:\/\/www.eldigitaldeasturias.com\/noticias\/wp-json\/wp\/v2\/media\/1130317"}],"wp:attachment":[{"href":"https:\/\/www.eldigitaldeasturias.com\/noticias\/wp-json\/wp\/v2\/media?parent=1130316"}],"wp:term":[{"taxonomy":"category","embeddable":true,"href":"https:\/\/www.eldigitaldeasturias.com\/noticias\/wp-json\/wp\/v2\/categories?post=1130316"},{"taxonomy":"post_tag","embeddable":true,"href":"https:\/\/www.eldigitaldeasturias.com\/noticias\/wp-json\/wp\/v2\/tags?post=1130316"}],"curies":[{"name":"wp","href":"https:\/\/api.w.org\/{rel}","templated":true}]}}