{"id":1130306,"date":"2024-04-26T16:33:16","date_gmt":"2024-04-26T14:33:16","guid":{"rendered":"https:\/\/www.eldigitaldeasturias.com\/noticias\/?p=1130306"},"modified":"2024-04-26T16:34:49","modified_gmt":"2024-04-26T14:34:49","slug":"barbon-ha-visitado-en-oviedo-la-ii-feria-de-ciencia-e-innovacion","status":"publish","type":"post","link":"https:\/\/www.eldigitaldeasturias.com\/noticias\/barbon-ha-visitado-en-oviedo-la-ii-feria-de-ciencia-e-innovacion\/","title":{"rendered":"Barb\u00f3n ha visitado en Oviedo la II Feria de Ciencia e Innovaci\u00f3n"},"content":{"rendered":"<p>El Presidente Barb\u00f3n ha participado hoy viernes en la II <a href=\"https:\/\/candas365.es\/noticias\/feria-de-la-ciencia-y-la-innovacion-de-asturias\/\" target=\"_blank\" rel=\"noopener\"><span style=\"color: #ff6600;\"><strong>Feria de Ciencia e Innovaci\u00f3n<\/strong><\/span><\/a>, que ha reunido en <span style=\"color: #ff6600;\"><a style=\"color: #ff6600;\" href=\"https:\/\/www.eldigitaldeasturias.com\/noticias\/tag\/oviedo\/\"><strong>Oviedo<\/strong><\/a><\/span> a m\u00e1s de 1.700 alumnos, 300 expositores y 68 estands en la antigua f\u00e1brica de La Vega.<\/p>\n<figure id=\"attachment_1130307\" aria-describedby=\"caption-attachment-1130307\" style=\"width: 650px\" class=\"wp-caption aligncenter\"><img loading=\"lazy\" decoding=\"async\" class=\"size-large wp-image-1130307\" src=\"https:\/\/www.eldigitaldeasturias.com\/noticias\/wp-content\/uploads\/2024\/04\/Barbon-Feria-de-Ciencia-e-Innovacion-en-Oviedo-650x442.jpg\" alt=\"Barb\u00f3n Feria de Ciencia e Innovaci\u00f3n en Oviedo\" width=\"650\" height=\"442\" srcset=\"https:\/\/www.eldigitaldeasturias.com\/noticias\/wp-content\/uploads\/2024\/04\/Barbon-Feria-de-Ciencia-e-Innovacion-en-Oviedo-650x442.jpg 650w, https:\/\/www.eldigitaldeasturias.com\/noticias\/wp-content\/uploads\/2024\/04\/Barbon-Feria-de-Ciencia-e-Innovacion-en-Oviedo-360x245.jpg 360w, https:\/\/www.eldigitaldeasturias.com\/noticias\/wp-content\/uploads\/2024\/04\/Barbon-Feria-de-Ciencia-e-Innovacion-en-Oviedo-442x300.jpg 442w, https:\/\/www.eldigitaldeasturias.com\/noticias\/wp-content\/uploads\/2024\/04\/Barbon-Feria-de-Ciencia-e-Innovacion-en-Oviedo-768x522.jpg 768w, https:\/\/www.eldigitaldeasturias.com\/noticias\/wp-content\/uploads\/2024\/04\/Barbon-Feria-de-Ciencia-e-Innovacion-en-Oviedo-150x102.jpg 150w, https:\/\/www.eldigitaldeasturias.com\/noticias\/wp-content\/uploads\/2024\/04\/Barbon-Feria-de-Ciencia-e-Innovacion-en-Oviedo-450x306.jpg 450w, https:\/\/www.eldigitaldeasturias.com\/noticias\/wp-content\/uploads\/2024\/04\/Barbon-Feria-de-Ciencia-e-Innovacion-en-Oviedo.jpg 992w\" sizes=\"auto, (max-width: 650px) 100vw, 650px\" \/><figcaption id=\"caption-attachment-1130307\" class=\"wp-caption-text\">Foto: Prensa Gobierno de Asturias<\/figcaption><\/figure>\n<p>Conciencia de Asturias y Asturias con Ciencia. El presidente del <a title=\"Principado de Asturias\" href=\"https:\/\/actualidad.asturias.es\/\" target=\"_blank\" rel=\"noopener\"><strong><span style=\"color: #ff6600;\">Principado<\/span>,<\/strong><\/a> Adri\u00e1n Barb\u00f3n, ha lanzado este juego de palabras a los m\u00e1s de 1.700 estudiantes de diferentes niveles educativos que hoy han participado en la II Feria de Ciencia e Innovaci\u00f3n. En una breve intervenci\u00f3n ante los asistentes, Barb\u00f3n ha sumado al territorio y sus costumbres una nueva se\u00f1a de identidad: la investigaci\u00f3n cient\u00edfica que construye la nueva Asturias.<\/p>\n<blockquote><p>\u201cHoy lo que estamos celebrando aqu\u00ed es una apuesta de futuro por vosotros y vosotras. Por lo que sois capaces de hacer, por lo que es capaz de hacer Asturias. Ya no hace falta pensar en la NASA, porque podemos hacerlo desde aqu\u00ed, desde nuestra tierra\u201d, ha expresado.<\/p><\/blockquote>\n<p>Tras recorrer algunos de los 300 expositores y 68 estands reunidos en la antigua f\u00e1brica de armas de La Vega de Oviedo\/Uvi\u00e9u, el presidente ha querido despertar las vocaciones cient\u00edficas entre la juventud.<strong> \u201cAsturias tiene mucho futuro, mucho m\u00e1s de lo que nos creemos. Yo os digo que para ser verdaderos influencers, no hay que preguntarse qu\u00e9 puede hacer Asturias por vosotros, sino qu\u00e9 pod\u00e9is hacer vosotros por Asturias y por la ciencia. A por ello\u201d, ha alentado.<\/strong><\/p>\n<p>Barb\u00f3n ha propuesto las palabras ciencia, j\u00f3venes y Asturias para que el freestyler Gazir S\u00e1nchez, estudiante de F\u00edsica de la Universidad de Oviedo, protagonizar\u00e1 una actuaci\u00f3n de rap improvisado ante cientos de alumnos de distintos centros educativos.<\/p>\n","protected":false},"excerpt":{"rendered":"<p>El Presidente Barb\u00f3n ha participado hoy viernes en la II Feria de Ciencia e Innovaci\u00f3n, que ha reunido en Oviedo a m\u00e1s de 1.700 alumnos, 300 expositores y 68 estands en la antigua f\u00e1brica de La Vega. Conciencia de Asturias y Asturias con Ciencia. El presidente del Principado, Adri\u00e1n Barb\u00f3n, ha lanzado este juego de [&hellip;]<\/p>\n","protected":false},"author":1,"featured_media":1130307,"comment_status":"closed","ping_status":"closed","sticky":false,"template":"","format":"standard","meta":{"footnotes":""},"categories":[12],"tags":[],"class_list":["post-1130306","post","type-post","status-publish","format-standard","has-post-thumbnail","hentry","category-actualidad-asturias"],"aioseo_notices":[],"aioseo_head":"\n\t\t<!-- All in One SEO Pro 4.9.6.2 - aioseo.com -->\n\t<meta name=\"description\" content=\"El Presidente Barb\u00f3n ha participado hoy viernes en la II Feria de Ciencia e Innovaci\u00f3n, que ha reunido en Oviedo a m\u00e1s de 1.700 alumnos, 300 expositores y 68\" \/>\n\t<meta name=\"robots\" content=\"max-image-preview:large\" \/>\n\t<meta name=\"author\" content=\"El Digital de Asturias\"\/>\n\t<meta name=\"google-site-verification\" content=\"UA-38556648-1\" \/>\n\t<meta name=\"msvalidate.01\" content=\"7dfe9f3f1b24437ab69f4f2559babe99\" \/>\n\t<meta name=\"keywords\" content=\"actualidad asturias\" \/>\n\t<link rel=\"canonical\" href=\"https:\/\/www.eldigitaldeasturias.com\/noticias\/barbon-ha-visitado-en-oviedo-la-ii-feria-de-ciencia-e-innovacion\/\" \/>\n\t<meta name=\"generator\" content=\"All in One SEO Pro (AIOSEO) 4.9.6.2\" \/>\n\t\t<meta property=\"og:locale\" content=\"es_ES\" \/>\n\t\t<meta property=\"og:site_name\" content=\"El Digital de Asturias\" \/>\n\t\t<meta property=\"og:type\" content=\"article\" \/>\n\t\t<meta property=\"og:title\" content=\"Barb\u00f3n ha visitado en Oviedo la II Feria de Ciencia e Innovaci\u00f3n - El Digital de Asturias\" \/>\n\t\t<meta property=\"og:description\" content=\"El Presidente Barb\u00f3n ha participado hoy viernes en la II Feria de Ciencia e Innovaci\u00f3n, que ha reunido en Oviedo a m\u00e1s de 1.700 alumnos, 300 expositores y 68\" \/>\n\t\t<meta property=\"og:url\" content=\"https:\/\/www.eldigitaldeasturias.com\/noticias\/barbon-ha-visitado-en-oviedo-la-ii-feria-de-ciencia-e-innovacion\/\" \/>\n\t\t<meta property=\"og:image\" content=\"https:\/\/www.eldigitaldeasturias.com\/noticias\/wp-content\/uploads\/2024\/04\/Barbon-Feria-de-Ciencia-e-Innovacion-en-Oviedo.jpg\" \/>\n\t\t<meta property=\"og:image:secure_url\" content=\"https:\/\/www.eldigitaldeasturias.com\/noticias\/wp-content\/uploads\/2024\/04\/Barbon-Feria-de-Ciencia-e-Innovacion-en-Oviedo.jpg\" \/>\n\t\t<meta property=\"og:image:width\" content=\"992\" \/>\n\t\t<meta property=\"og:image:height\" content=\"674\" \/>\n\t\t<meta property=\"article:tag\" content=\"actualidad asturias\" \/>\n\t\t<meta property=\"article:published_time\" content=\"2024-04-26T14:33:16+00:00\" \/>\n\t\t<meta property=\"article:modified_time\" content=\"2024-04-26T14:34:49+00:00\" \/>\n\t\t<meta property=\"article:publisher\" content=\"https:\/\/facebook.com\/eldigitaldeasturias\" \/>\n\t\t<meta name=\"twitter:card\" content=\"summary_large_image\" \/>\n\t\t<meta name=\"twitter:title\" content=\"Barb\u00f3n ha visitado en Oviedo la II Feria de Ciencia e Innovaci\u00f3n - El Digital de Asturias\" \/>\n\t\t<meta name=\"twitter:description\" content=\"El Presidente Barb\u00f3n ha participado hoy viernes en la II Feria de Ciencia e Innovaci\u00f3n, que ha reunido en Oviedo a m\u00e1s de 1.700 alumnos, 300 expositores y 68\" \/>\n\t\t<meta name=\"twitter:image\" content=\"https:\/\/www.eldigitaldeasturias.com\/noticias\/wp-content\/uploads\/2024\/04\/Barbon-Feria-de-Ciencia-e-Innovacion-en-Oviedo.jpg\" \/>\n\t\t<meta name=\"twitter:label1\" content=\"Escrito por\" \/>\n\t\t<meta name=\"twitter:data1\" content=\"El Digital de Asturias\" \/>\n\t\t<meta name=\"twitter:label2\" content=\"Tiempo de lectura estimado\" \/>\n\t\t<meta name=\"twitter:data2\" content=\"1 minuto\" \/>\n\t\t<script type=\"application\/ld+json\" class=\"aioseo-schema\">\n\t\t\t{\"@context\":\"https:\\\/\\\/schema.org\",\"@graph\":[{\"@type\":\"BlogPosting\",\"@id\":\"https:\\\/\\\/www.eldigitaldeasturias.com\\\/noticias\\\/barbon-ha-visitado-en-oviedo-la-ii-feria-de-ciencia-e-innovacion\\\/#blogposting\",\"name\":\"Barb\\u00f3n ha visitado en Oviedo la II Feria de Ciencia e Innovaci\\u00f3n - El Digital de Asturias\",\"headline\":\"Barb\\u00f3n ha visitado en Oviedo la II Feria de Ciencia e Innovaci\\u00f3n\",\"author\":{\"@id\":\"https:\\\/\\\/www.eldigitaldeasturias.com\\\/noticias\\\/author\\\/admin\\\/#author\"},\"publisher\":{\"@id\":\"https:\\\/\\\/www.eldigitaldeasturias.com\\\/noticias\\\/#organization\"},\"image\":{\"@type\":\"ImageObject\",\"url\":\"https:\\\/\\\/www.eldigitaldeasturias.com\\\/noticias\\\/wp-content\\\/uploads\\\/2024\\\/04\\\/Barbon-Feria-de-Ciencia-e-Innovacion-en-Oviedo.jpg\",\"width\":992,\"height\":674,\"caption\":\"Foto: Prensa Gobierno de Asturias\"},\"datePublished\":\"2024-04-26T16:33:16+02:00\",\"dateModified\":\"2024-04-26T16:34:49+02:00\",\"inLanguage\":\"es-ES\",\"mainEntityOfPage\":{\"@id\":\"https:\\\/\\\/www.eldigitaldeasturias.com\\\/noticias\\\/barbon-ha-visitado-en-oviedo-la-ii-feria-de-ciencia-e-innovacion\\\/#webpage\"},\"isPartOf\":{\"@id\":\"https:\\\/\\\/www.eldigitaldeasturias.com\\\/noticias\\\/barbon-ha-visitado-en-oviedo-la-ii-feria-de-ciencia-e-innovacion\\\/#webpage\"},\"articleSection\":\"Actualidad Asturias\"},{\"@type\":\"BreadcrumbList\",\"@id\":\"https:\\\/\\\/www.eldigitaldeasturias.com\\\/noticias\\\/barbon-ha-visitado-en-oviedo-la-ii-feria-de-ciencia-e-innovacion\\\/#breadcrumblist\",\"itemListElement\":[{\"@type\":\"ListItem\",\"@id\":\"https:\\\/\\\/www.eldigitaldeasturias.com\\\/noticias#listItem\",\"position\":1,\"name\":\"Home\",\"item\":\"https:\\\/\\\/www.eldigitaldeasturias.com\\\/noticias\",\"nextItem\":{\"@type\":\"ListItem\",\"@id\":\"https:\\\/\\\/www.eldigitaldeasturias.com\\\/noticias\\\/category\\\/actualidad-asturias\\\/#listItem\",\"name\":\"Actualidad Asturias\"}},{\"@type\":\"ListItem\",\"@id\":\"https:\\\/\\\/www.eldigitaldeasturias.com\\\/noticias\\\/category\\\/actualidad-asturias\\\/#listItem\",\"position\":2,\"name\":\"Actualidad Asturias\",\"item\":\"https:\\\/\\\/www.eldigitaldeasturias.com\\\/noticias\\\/category\\\/actualidad-asturias\\\/\",\"nextItem\":{\"@type\":\"ListItem\",\"@id\":\"https:\\\/\\\/www.eldigitaldeasturias.com\\\/noticias\\\/barbon-ha-visitado-en-oviedo-la-ii-feria-de-ciencia-e-innovacion\\\/#listItem\",\"name\":\"Barb\\u00f3n ha visitado en Oviedo la II Feria de Ciencia e Innovaci\\u00f3n\"},\"previousItem\":{\"@type\":\"ListItem\",\"@id\":\"https:\\\/\\\/www.eldigitaldeasturias.com\\\/noticias#listItem\",\"name\":\"Home\"}},{\"@type\":\"ListItem\",\"@id\":\"https:\\\/\\\/www.eldigitaldeasturias.com\\\/noticias\\\/barbon-ha-visitado-en-oviedo-la-ii-feria-de-ciencia-e-innovacion\\\/#listItem\",\"position\":3,\"name\":\"Barb\\u00f3n ha visitado en Oviedo la II Feria de Ciencia e Innovaci\\u00f3n\",\"previousItem\":{\"@type\":\"ListItem\",\"@id\":\"https:\\\/\\\/www.eldigitaldeasturias.com\\\/noticias\\\/category\\\/actualidad-asturias\\\/#listItem\",\"name\":\"Actualidad Asturias\"}}]},{\"@type\":\"Organization\",\"@id\":\"https:\\\/\\\/www.eldigitaldeasturias.com\\\/noticias\\\/#organization\",\"name\":\"El Digital de Asturias\",\"description\":\"Hemeroteca\",\"url\":\"https:\\\/\\\/www.eldigitaldeasturias.com\\\/noticias\\\/\",\"email\":\"info@eldigitaldeasturias.com\",\"telephone\":\"+34652131393\",\"logo\":{\"@type\":\"ImageObject\",\"url\":\"https:\\\/\\\/www.eldigitaldeasturias.com\\\/noticias\\\/wp-content\\\/uploads\\\/2020\\\/12\\\/EDA.jpg\",\"@id\":\"https:\\\/\\\/www.eldigitaldeasturias.com\\\/noticias\\\/barbon-ha-visitado-en-oviedo-la-ii-feria-de-ciencia-e-innovacion\\\/#organizationLogo\",\"width\":649,\"height\":297},\"image\":{\"@id\":\"https:\\\/\\\/www.eldigitaldeasturias.com\\\/noticias\\\/barbon-ha-visitado-en-oviedo-la-ii-feria-de-ciencia-e-innovacion\\\/#organizationLogo\"},\"sameAs\":[\"https:\\\/\\\/facebook.com\\\/eldigitaldeasturias\",\"https:\\\/\\\/www.youtube.com\\\/channel\\\/UCZP-2wLEB9Rv6erhFmqVnvg\"],\"address\":{\"@id\":\"https:\\\/\\\/www.eldigitaldeasturias.com\\\/noticias\\\/#postaladdress\",\"@type\":\"PostalAddress\",\"streetAddress\":\"san antonio 4,\",\"postalCode\":\"33430\",\"addressLocality\":\"Cand\\u00e1s\",\"addressRegion\":\"Asturias\",\"addressCountry\":\"ES\"}},{\"@type\":\"Person\",\"@id\":\"https:\\\/\\\/www.eldigitaldeasturias.com\\\/noticias\\\/author\\\/admin\\\/#author\",\"url\":\"https:\\\/\\\/www.eldigitaldeasturias.com\\\/noticias\\\/author\\\/admin\\\/\",\"name\":\"El Digital de Asturias\",\"image\":{\"@type\":\"ImageObject\",\"@id\":\"https:\\\/\\\/www.eldigitaldeasturias.com\\\/noticias\\\/barbon-ha-visitado-en-oviedo-la-ii-feria-de-ciencia-e-innovacion\\\/#authorImage\",\"url\":\"https:\\\/\\\/www.eldigitaldeasturias.com\\\/noticias\\\/wp-content\\\/litespeed\\\/avatar\\\/18677e78aa0546b92d9dbf31ec7d7668.jpg?ver=1777290358\",\"width\":96,\"height\":96,\"caption\":\"El Digital de Asturias\"}},{\"@type\":\"WebPage\",\"@id\":\"https:\\\/\\\/www.eldigitaldeasturias.com\\\/noticias\\\/barbon-ha-visitado-en-oviedo-la-ii-feria-de-ciencia-e-innovacion\\\/#webpage\",\"url\":\"https:\\\/\\\/www.eldigitaldeasturias.com\\\/noticias\\\/barbon-ha-visitado-en-oviedo-la-ii-feria-de-ciencia-e-innovacion\\\/\",\"name\":\"Barb\\u00f3n ha visitado en Oviedo la II Feria de Ciencia e Innovaci\\u00f3n - El Digital de Asturias\",\"description\":\"El Presidente Barb\\u00f3n ha participado hoy viernes en la II Feria de Ciencia e Innovaci\\u00f3n, que ha reunido en Oviedo a m\\u00e1s de 1.700 alumnos, 300 expositores y 68\",\"inLanguage\":\"es-ES\",\"isPartOf\":{\"@id\":\"https:\\\/\\\/www.eldigitaldeasturias.com\\\/noticias\\\/#website\"},\"breadcrumb\":{\"@id\":\"https:\\\/\\\/www.eldigitaldeasturias.com\\\/noticias\\\/barbon-ha-visitado-en-oviedo-la-ii-feria-de-ciencia-e-innovacion\\\/#breadcrumblist\"},\"author\":{\"@id\":\"https:\\\/\\\/www.eldigitaldeasturias.com\\\/noticias\\\/author\\\/admin\\\/#author\"},\"creator\":{\"@id\":\"https:\\\/\\\/www.eldigitaldeasturias.com\\\/noticias\\\/author\\\/admin\\\/#author\"},\"image\":{\"@type\":\"ImageObject\",\"url\":\"https:\\\/\\\/www.eldigitaldeasturias.com\\\/noticias\\\/wp-content\\\/uploads\\\/2024\\\/04\\\/Barbon-Feria-de-Ciencia-e-Innovacion-en-Oviedo.jpg\",\"@id\":\"https:\\\/\\\/www.eldigitaldeasturias.com\\\/noticias\\\/barbon-ha-visitado-en-oviedo-la-ii-feria-de-ciencia-e-innovacion\\\/#mainImage\",\"width\":992,\"height\":674,\"caption\":\"Foto: Prensa Gobierno de Asturias\"},\"primaryImageOfPage\":{\"@id\":\"https:\\\/\\\/www.eldigitaldeasturias.com\\\/noticias\\\/barbon-ha-visitado-en-oviedo-la-ii-feria-de-ciencia-e-innovacion\\\/#mainImage\"},\"datePublished\":\"2024-04-26T16:33:16+02:00\",\"dateModified\":\"2024-04-26T16:34:49+02:00\"},{\"@type\":\"WebSite\",\"@id\":\"https:\\\/\\\/www.eldigitaldeasturias.com\\\/noticias\\\/#website\",\"url\":\"https:\\\/\\\/www.eldigitaldeasturias.com\\\/noticias\\\/\",\"name\":\"El Digital de Asturias - Diario de actualidad y noticias\",\"alternateName\":\"El Digital de Asturias - Diario de actualidad y noticias\",\"description\":\"Hemeroteca\",\"inLanguage\":\"es-ES\",\"publisher\":{\"@id\":\"https:\\\/\\\/www.eldigitaldeasturias.com\\\/noticias\\\/#organization\"}}]}\n\t\t<\/script>\n\t\t<!-- All in One SEO Pro -->\r\n\t\t<title>Barb\u00f3n ha visitado en Oviedo la II Feria de Ciencia e Innovaci\u00f3n - El Digital de Asturias<\/title>\n\n","aioseo_head_json":{"title":"Barb\u00f3n ha visitado en Oviedo la II Feria de Ciencia e Innovaci\u00f3n - El Digital de Asturias","description":"El Presidente Barb\u00f3n ha participado hoy viernes en la II Feria de Ciencia e Innovaci\u00f3n, que ha reunido en Oviedo a m\u00e1s de 1.700 alumnos, 300 expositores y 68","canonical_url":"https:\/\/www.eldigitaldeasturias.com\/noticias\/barbon-ha-visitado-en-oviedo-la-ii-feria-de-ciencia-e-innovacion\/","robots":"max-image-preview:large","keywords":"actualidad asturias","webmasterTools":{"google-site-verification":"UA-38556648-1","msvalidate.01":"7dfe9f3f1b24437ab69f4f2559babe99","miscellaneous":""},"schema":{"@context":"https:\/\/schema.org","@graph":[{"@type":"BlogPosting","@id":"https:\/\/www.eldigitaldeasturias.com\/noticias\/barbon-ha-visitado-en-oviedo-la-ii-feria-de-ciencia-e-innovacion\/#blogposting","name":"Barb\u00f3n ha visitado en Oviedo la II Feria de Ciencia e Innovaci\u00f3n - El Digital de Asturias","headline":"Barb\u00f3n ha visitado en Oviedo la II Feria de Ciencia e Innovaci\u00f3n","author":{"@id":"https:\/\/www.eldigitaldeasturias.com\/noticias\/author\/admin\/#author"},"publisher":{"@id":"https:\/\/www.eldigitaldeasturias.com\/noticias\/#organization"},"image":{"@type":"ImageObject","url":"https:\/\/www.eldigitaldeasturias.com\/noticias\/wp-content\/uploads\/2024\/04\/Barbon-Feria-de-Ciencia-e-Innovacion-en-Oviedo.jpg","width":992,"height":674,"caption":"Foto: Prensa Gobierno de Asturias"},"datePublished":"2024-04-26T16:33:16+02:00","dateModified":"2024-04-26T16:34:49+02:00","inLanguage":"es-ES","mainEntityOfPage":{"@id":"https:\/\/www.eldigitaldeasturias.com\/noticias\/barbon-ha-visitado-en-oviedo-la-ii-feria-de-ciencia-e-innovacion\/#webpage"},"isPartOf":{"@id":"https:\/\/www.eldigitaldeasturias.com\/noticias\/barbon-ha-visitado-en-oviedo-la-ii-feria-de-ciencia-e-innovacion\/#webpage"},"articleSection":"Actualidad Asturias"},{"@type":"BreadcrumbList","@id":"https:\/\/www.eldigitaldeasturias.com\/noticias\/barbon-ha-visitado-en-oviedo-la-ii-feria-de-ciencia-e-innovacion\/#breadcrumblist","itemListElement":[{"@type":"ListItem","@id":"https:\/\/www.eldigitaldeasturias.com\/noticias#listItem","position":1,"name":"Home","item":"https:\/\/www.eldigitaldeasturias.com\/noticias","nextItem":{"@type":"ListItem","@id":"https:\/\/www.eldigitaldeasturias.com\/noticias\/category\/actualidad-asturias\/#listItem","name":"Actualidad Asturias"}},{"@type":"ListItem","@id":"https:\/\/www.eldigitaldeasturias.com\/noticias\/category\/actualidad-asturias\/#listItem","position":2,"name":"Actualidad Asturias","item":"https:\/\/www.eldigitaldeasturias.com\/noticias\/category\/actualidad-asturias\/","nextItem":{"@type":"ListItem","@id":"https:\/\/www.eldigitaldeasturias.com\/noticias\/barbon-ha-visitado-en-oviedo-la-ii-feria-de-ciencia-e-innovacion\/#listItem","name":"Barb\u00f3n ha visitado en Oviedo la II Feria de Ciencia e Innovaci\u00f3n"},"previousItem":{"@type":"ListItem","@id":"https:\/\/www.eldigitaldeasturias.com\/noticias#listItem","name":"Home"}},{"@type":"ListItem","@id":"https:\/\/www.eldigitaldeasturias.com\/noticias\/barbon-ha-visitado-en-oviedo-la-ii-feria-de-ciencia-e-innovacion\/#listItem","position":3,"name":"Barb\u00f3n ha visitado en Oviedo la II Feria de Ciencia e Innovaci\u00f3n","previousItem":{"@type":"ListItem","@id":"https:\/\/www.eldigitaldeasturias.com\/noticias\/category\/actualidad-asturias\/#listItem","name":"Actualidad Asturias"}}]},{"@type":"Organization","@id":"https:\/\/www.eldigitaldeasturias.com\/noticias\/#organization","name":"El Digital de Asturias","description":"Hemeroteca","url":"https:\/\/www.eldigitaldeasturias.com\/noticias\/","email":"info@eldigitaldeasturias.com","telephone":"+34652131393","logo":{"@type":"ImageObject","url":"https:\/\/www.eldigitaldeasturias.com\/noticias\/wp-content\/uploads\/2020\/12\/EDA.jpg","@id":"https:\/\/www.eldigitaldeasturias.com\/noticias\/barbon-ha-visitado-en-oviedo-la-ii-feria-de-ciencia-e-innovacion\/#organizationLogo","width":649,"height":297},"image":{"@id":"https:\/\/www.eldigitaldeasturias.com\/noticias\/barbon-ha-visitado-en-oviedo-la-ii-feria-de-ciencia-e-innovacion\/#organizationLogo"},"sameAs":["https:\/\/facebook.com\/eldigitaldeasturias","https:\/\/www.youtube.com\/channel\/UCZP-2wLEB9Rv6erhFmqVnvg"],"address":{"@id":"https:\/\/www.eldigitaldeasturias.com\/noticias\/#postaladdress","@type":"PostalAddress","streetAddress":"san antonio 4,","postalCode":"33430","addressLocality":"Cand\u00e1s","addressRegion":"Asturias","addressCountry":"ES"}},{"@type":"Person","@id":"https:\/\/www.eldigitaldeasturias.com\/noticias\/author\/admin\/#author","url":"https:\/\/www.eldigitaldeasturias.com\/noticias\/author\/admin\/","name":"El Digital de Asturias","image":{"@type":"ImageObject","@id":"https:\/\/www.eldigitaldeasturias.com\/noticias\/barbon-ha-visitado-en-oviedo-la-ii-feria-de-ciencia-e-innovacion\/#authorImage","url":"https:\/\/www.eldigitaldeasturias.com\/noticias\/wp-content\/litespeed\/avatar\/18677e78aa0546b92d9dbf31ec7d7668.jpg?ver=1777290358","width":96,"height":96,"caption":"El Digital de Asturias"}},{"@type":"WebPage","@id":"https:\/\/www.eldigitaldeasturias.com\/noticias\/barbon-ha-visitado-en-oviedo-la-ii-feria-de-ciencia-e-innovacion\/#webpage","url":"https:\/\/www.eldigitaldeasturias.com\/noticias\/barbon-ha-visitado-en-oviedo-la-ii-feria-de-ciencia-e-innovacion\/","name":"Barb\u00f3n ha visitado en Oviedo la II Feria de Ciencia e Innovaci\u00f3n - El Digital de Asturias","description":"El Presidente Barb\u00f3n ha participado hoy viernes en la II Feria de Ciencia e Innovaci\u00f3n, que ha reunido en Oviedo a m\u00e1s de 1.700 alumnos, 300 expositores y 68","inLanguage":"es-ES","isPartOf":{"@id":"https:\/\/www.eldigitaldeasturias.com\/noticias\/#website"},"breadcrumb":{"@id":"https:\/\/www.eldigitaldeasturias.com\/noticias\/barbon-ha-visitado-en-oviedo-la-ii-feria-de-ciencia-e-innovacion\/#breadcrumblist"},"author":{"@id":"https:\/\/www.eldigitaldeasturias.com\/noticias\/author\/admin\/#author"},"creator":{"@id":"https:\/\/www.eldigitaldeasturias.com\/noticias\/author\/admin\/#author"},"image":{"@type":"ImageObject","url":"https:\/\/www.eldigitaldeasturias.com\/noticias\/wp-content\/uploads\/2024\/04\/Barbon-Feria-de-Ciencia-e-Innovacion-en-Oviedo.jpg","@id":"https:\/\/www.eldigitaldeasturias.com\/noticias\/barbon-ha-visitado-en-oviedo-la-ii-feria-de-ciencia-e-innovacion\/#mainImage","width":992,"height":674,"caption":"Foto: Prensa Gobierno de Asturias"},"primaryImageOfPage":{"@id":"https:\/\/www.eldigitaldeasturias.com\/noticias\/barbon-ha-visitado-en-oviedo-la-ii-feria-de-ciencia-e-innovacion\/#mainImage"},"datePublished":"2024-04-26T16:33:16+02:00","dateModified":"2024-04-26T16:34:49+02:00"},{"@type":"WebSite","@id":"https:\/\/www.eldigitaldeasturias.com\/noticias\/#website","url":"https:\/\/www.eldigitaldeasturias.com\/noticias\/","name":"El Digital de Asturias - Diario de actualidad y noticias","alternateName":"El Digital de Asturias - Diario de actualidad y noticias","description":"Hemeroteca","inLanguage":"es-ES","publisher":{"@id":"https:\/\/www.eldigitaldeasturias.com\/noticias\/#organization"}}]},"og:locale":"es_ES","og:site_name":"El Digital de Asturias","og:type":"article","og:title":"Barb\u00f3n ha visitado en Oviedo la II Feria de Ciencia e Innovaci\u00f3n - El Digital de Asturias","og:description":"El Presidente Barb\u00f3n ha participado hoy viernes en la II Feria de Ciencia e Innovaci\u00f3n, que ha reunido en Oviedo a m\u00e1s de 1.700 alumnos, 300 expositores y 68","og:url":"https:\/\/www.eldigitaldeasturias.com\/noticias\/barbon-ha-visitado-en-oviedo-la-ii-feria-de-ciencia-e-innovacion\/","og:image":"https:\/\/www.eldigitaldeasturias.com\/noticias\/wp-content\/uploads\/2024\/04\/Barbon-Feria-de-Ciencia-e-Innovacion-en-Oviedo.jpg","og:image:secure_url":"https:\/\/www.eldigitaldeasturias.com\/noticias\/wp-content\/uploads\/2024\/04\/Barbon-Feria-de-Ciencia-e-Innovacion-en-Oviedo.jpg","og:image:width":992,"og:image:height":674,"article:tag":["actualidad asturias"],"article:published_time":"2024-04-26T14:33:16+00:00","article:modified_time":"2024-04-26T14:34:49+00:00","article:publisher":"https:\/\/facebook.com\/eldigitaldeasturias","twitter:card":"summary_large_image","twitter:title":"Barb\u00f3n ha visitado en Oviedo la II Feria de Ciencia e Innovaci\u00f3n - El Digital de Asturias","twitter:description":"El Presidente Barb\u00f3n ha participado hoy viernes en la II Feria de Ciencia e Innovaci\u00f3n, que ha reunido en Oviedo a m\u00e1s de 1.700 alumnos, 300 expositores y 68","twitter:image":"https:\/\/www.eldigitaldeasturias.com\/noticias\/wp-content\/uploads\/2024\/04\/Barbon-Feria-de-Ciencia-e-Innovacion-en-Oviedo.jpg","twitter:label1":"Escrito por","twitter:data1":"El Digital de Asturias","twitter:label2":"Tiempo de lectura estimado","twitter:data2":"1 minuto"},"aioseo_meta_data":{"post_id":"1130306","title":null,"description":"El Presidente Barb\u00f3n ha participado hoy viernes en la II Feria de Ciencia e Innovaci\u00f3n, que ha reunido en Oviedo a m\u00e1s de 1.700 alumnos, 300 expositores y 68","keywords":null,"keyphrases":{"focus":{"keyphrase":"Barb\u00f3n","score":100,"analysis":{"keyphraseInTitle":{"score":9,"maxScore":9,"error":0},"keyphraseInDescription":{"score":9,"maxScore":9,"error":0},"keyphraseLength":{"score":9,"maxScore":9,"error":0,"length":2},"keyphraseInURL":{"score":5,"maxScore":5,"error":0},"keyphraseInIntroduction":{"score":9,"maxScore":9,"error":0},"keyphraseInSubHeadings":[],"keyphraseInImageAlt":{"score":9,"maxScore":9,"error":0},"keywordDensity":{"type":"best","score":9,"maxScore":9,"error":0}}},"additional":[{"keyphrase":"Oviedo","score":100,"analysis":{"keyphraseInDescription":{"score":9,"maxScore":9,"error":0},"keyphraseLength":{"score":9,"maxScore":9,"error":0,"length":1},"keyphraseInIntroduction":{"score":9,"maxScore":9,"error":0},"keyphraseInImageAlt":{"score":9,"maxScore":9,"error":0},"keywordDensity":{"type":"best","score":9,"maxScore":9,"error":0}}}]},"primary_term":null,"canonical_url":null,"og_title":null,"og_description":null,"og_object_type":"default","og_image_type":"default","og_image_url":null,"og_image_width":null,"og_image_height":null,"og_image_custom_url":null,"og_image_custom_fields":null,"og_video":"","og_custom_url":null,"og_article_section":null,"og_article_tags":null,"twitter_use_og":false,"twitter_card":"default","twitter_image_type":"default","twitter_image_url":null,"twitter_image_custom_url":null,"twitter_image_custom_fields":null,"twitter_title":null,"twitter_description":null,"schema":{"blockGraphs":[],"customGraphs":[],"default":{"data":{"Article":[],"Course":[],"Dataset":[],"FAQPage":[],"Movie":[],"Person":[],"Product":[],"ProductReview":[],"Car":[],"Recipe":[],"Service":[],"SoftwareApplication":[],"WebPage":[]},"graphName":"BlogPosting","isEnabled":true},"graphs":[]},"schema_type":"default","schema_type_options":null,"pillar_content":false,"robots_default":true,"robots_noindex":false,"robots_noarchive":false,"robots_nosnippet":false,"robots_nofollow":false,"robots_noimageindex":false,"robots_noodp":false,"robots_notranslate":false,"robots_max_snippet":"-1","robots_max_videopreview":"-1","robots_max_imagepreview":"large","priority":null,"frequency":"default","local_seo":null,"seo_analyzer_scan_date":"2025-10-06 08:24:10","breadcrumb_settings":null,"limit_modified_date":false,"open_ai":"{\"title\":{\"suggestions\":[],\"usage\":0},\"description\":{\"suggestions\":[],\"usage\":0}}","ai":null,"created":"2024-04-26 14:24:45","updated":"2025-10-09 13:26:27"},"aioseo_breadcrumb":"<div class=\"aioseo-breadcrumbs\"><span class=\"aioseo-breadcrumb\">\n\t<a href=\"https:\/\/www.eldigitaldeasturias.com\/noticias\" title=\"Home\">Home<\/a>\n<\/span><span class=\"aioseo-breadcrumb-separator\">\u2013<\/span><span class=\"aioseo-breadcrumb\">\n\t<a href=\"https:\/\/www.eldigitaldeasturias.com\/noticias\/category\/actualidad-asturias\/\" title=\"Actualidad Asturias\">Actualidad Asturias<\/a>\n<\/span><span class=\"aioseo-breadcrumb-separator\">\u2013<\/span><span class=\"aioseo-breadcrumb\">\n\t<a href=\"https:\/\/www.eldigitaldeasturias.com\/noticias\/barbon-ha-visitado-en-oviedo-la-ii-feria-de-ciencia-e-innovacion\/\" title=\"Barb\u00f3n ha visitado en Oviedo la II Feria de Ciencia e Innovaci\u00f3n\">Barb\u00f3n ha visitado en Oviedo la II Feria de Ciencia e Innovaci\u00f3n<\/a>\n<\/span><\/div>","aioseo_breadcrumb_json":[{"label":"Home","link":"https:\/\/www.eldigitaldeasturias.com\/noticias"},{"label":"Actualidad Asturias","link":"https:\/\/www.eldigitaldeasturias.com\/noticias\/category\/actualidad-asturias\/"},{"label":"Barb\u00f3n ha visitado en Oviedo la II Feria de Ciencia e Innovaci\u00f3n","link":"https:\/\/www.eldigitaldeasturias.com\/noticias\/barbon-ha-visitado-en-oviedo-la-ii-feria-de-ciencia-e-innovacion\/"}],"_links":{"self":[{"href":"https:\/\/www.eldigitaldeasturias.com\/noticias\/wp-json\/wp\/v2\/posts\/1130306","targetHints":{"allow":["GET"]}}],"collection":[{"href":"https:\/\/www.eldigitaldeasturias.com\/noticias\/wp-json\/wp\/v2\/posts"}],"about":[{"href":"https:\/\/www.eldigitaldeasturias.com\/noticias\/wp-json\/wp\/v2\/types\/post"}],"author":[{"embeddable":true,"href":"https:\/\/www.eldigitaldeasturias.com\/noticias\/wp-json\/wp\/v2\/users\/1"}],"replies":[{"embeddable":true,"href":"https:\/\/www.eldigitaldeasturias.com\/noticias\/wp-json\/wp\/v2\/comments?post=1130306"}],"version-history":[{"count":0,"href":"https:\/\/www.eldigitaldeasturias.com\/noticias\/wp-json\/wp\/v2\/posts\/1130306\/revisions"}],"wp:featuredmedia":[{"embeddable":true,"href":"https:\/\/www.eldigitaldeasturias.com\/noticias\/wp-json\/wp\/v2\/media\/1130307"}],"wp:attachment":[{"href":"https:\/\/www.eldigitaldeasturias.com\/noticias\/wp-json\/wp\/v2\/media?parent=1130306"}],"wp:term":[{"taxonomy":"category","embeddable":true,"href":"https:\/\/www.eldigitaldeasturias.com\/noticias\/wp-json\/wp\/v2\/categories?post=1130306"},{"taxonomy":"post_tag","embeddable":true,"href":"https:\/\/www.eldigitaldeasturias.com\/noticias\/wp-json\/wp\/v2\/tags?post=1130306"}],"curies":[{"name":"wp","href":"https:\/\/api.w.org\/{rel}","templated":true}]}}