{"id":1130296,"date":"2024-04-26T13:37:35","date_gmt":"2024-04-26T11:37:35","guid":{"rendered":"https:\/\/www.eldigitaldeasturias.com\/noticias\/?p=1130296"},"modified":"2024-04-26T13:37:35","modified_gmt":"2024-04-26T11:37:35","slug":"actualidad-aviles-mejoras-en-el-entorno-del-hospital-san-agustin","status":"publish","type":"post","link":"https:\/\/www.eldigitaldeasturias.com\/noticias\/actualidad-aviles-mejoras-en-el-entorno-del-hospital-san-agustin\/","title":{"rendered":"Actualidad Avil\u00e9s: Mejoras en el entorno del Hospital San Agust\u00edn"},"content":{"rendered":"<p>El <a title=\"Principado de Asturias\" href=\"https:\/\/actualidad.asturias.es\/\" target=\"_blank\" rel=\"noopener\"><span style=\"color: #ff6600;\"><strong>Gobierno de Asturias<\/strong><\/span><\/a> construir\u00e1 en la <a title=\"Avil\u00e9s\" href=\"https:\/\/www.eldigitaldeasturias.com\/noticias\/tag\/aviles\/\"><span style=\"color: #ff6600;\"><strong>ciudad de Avil\u00e9s<\/strong><\/span><\/a> plataformas reservadas y adem\u00e1s mejorar\u00e1 todo lo relacionado con la movilidad en el entorno del Hospital San Agust\u00edn de Avil\u00e9s. Esta actuaci\u00f3n cuenta con financiaci\u00f3n europea del Plan de Recuperaci\u00f3n, Transformaci\u00f3n y Resiliencia.<\/p>\n<figure id=\"attachment_1130297\" aria-describedby=\"caption-attachment-1130297\" style=\"width: 650px\" class=\"wp-caption aligncenter\"><img loading=\"lazy\" decoding=\"async\" class=\"size-large wp-image-1130297\" src=\"https:\/\/www.eldigitaldeasturias.com\/noticias\/wp-content\/uploads\/2024\/04\/Gobierno-de-Asturias-obras-en-Aviles-650x480.jpg\" alt=\"Gobierno de Asturias obras en Avil\u00e9s\" width=\"650\" height=\"480\" srcset=\"https:\/\/www.eldigitaldeasturias.com\/noticias\/wp-content\/uploads\/2024\/04\/Gobierno-de-Asturias-obras-en-Aviles-650x480.jpg 650w, https:\/\/www.eldigitaldeasturias.com\/noticias\/wp-content\/uploads\/2024\/04\/Gobierno-de-Asturias-obras-en-Aviles-360x266.jpg 360w, https:\/\/www.eldigitaldeasturias.com\/noticias\/wp-content\/uploads\/2024\/04\/Gobierno-de-Asturias-obras-en-Aviles-406x300.jpg 406w, https:\/\/www.eldigitaldeasturias.com\/noticias\/wp-content\/uploads\/2024\/04\/Gobierno-de-Asturias-obras-en-Aviles-768x567.jpg 768w, https:\/\/www.eldigitaldeasturias.com\/noticias\/wp-content\/uploads\/2024\/04\/Gobierno-de-Asturias-obras-en-Aviles-150x111.jpg 150w, https:\/\/www.eldigitaldeasturias.com\/noticias\/wp-content\/uploads\/2024\/04\/Gobierno-de-Asturias-obras-en-Aviles-450x332.jpg 450w, https:\/\/www.eldigitaldeasturias.com\/noticias\/wp-content\/uploads\/2024\/04\/Gobierno-de-Asturias-obras-en-Aviles.jpg 887w\" sizes=\"auto, (max-width: 650px) 100vw, 650px\" \/><figcaption id=\"caption-attachment-1130297\" class=\"wp-caption-text\">Foto: Prensa Gobierno de Asturias<\/figcaption><\/figure>\n<p>La actuaci\u00f3n se enmarca entre las acciones de fomento de la movilidad sostenible y segura en entornos urbanos y metropolitanos.<\/p>\n<p>El proyecto prev\u00e9 la reordenaci\u00f3n del vial perimetral del centro sanitario, mediante la adecuaci\u00f3n de un nuevo carril que permita al autob\u00fas urbano realizar un recorrido m\u00e1s c\u00f3modo, r\u00e1pido y eficiente. <strong>Tambi\u00e9n se afrontar\u00e1 la ejecuci\u00f3n de otra plataforma reservada de autobuses en la avenida de San Agust\u00edn.<\/strong><\/p>\n","protected":false},"excerpt":{"rendered":"<p>El Gobierno de Asturias construir\u00e1 en la ciudad de Avil\u00e9s plataformas reservadas y adem\u00e1s mejorar\u00e1 todo lo relacionado con la movilidad en el entorno del Hospital San Agust\u00edn de Avil\u00e9s. Esta actuaci\u00f3n cuenta con financiaci\u00f3n europea del Plan de Recuperaci\u00f3n, Transformaci\u00f3n y Resiliencia. La actuaci\u00f3n se enmarca entre las acciones de fomento de la movilidad [&hellip;]<\/p>\n","protected":false},"author":1,"featured_media":1130297,"comment_status":"closed","ping_status":"closed","sticky":false,"template":"","format":"standard","meta":{"footnotes":""},"categories":[12],"tags":[],"class_list":["post-1130296","post","type-post","status-publish","format-standard","has-post-thumbnail","hentry","category-actualidad-asturias"],"aioseo_notices":[],"aioseo_head":"\n\t\t<!-- All in One SEO Pro 4.9.6.2 - aioseo.com -->\n\t<meta name=\"description\" content=\"El Gobierno de Asturias construir\u00e1 en la ciudad de Avil\u00e9s plataformas reservadas y adem\u00e1s mejorar\u00e1 todo lo relacionado con la movilidad en el entorno del\" \/>\n\t<meta name=\"robots\" content=\"max-image-preview:large\" \/>\n\t<meta name=\"author\" content=\"El Digital de Asturias\"\/>\n\t<meta name=\"google-site-verification\" content=\"UA-38556648-1\" \/>\n\t<meta name=\"msvalidate.01\" content=\"7dfe9f3f1b24437ab69f4f2559babe99\" \/>\n\t<meta name=\"keywords\" content=\"actualidad asturias\" \/>\n\t<link rel=\"canonical\" href=\"https:\/\/www.eldigitaldeasturias.com\/noticias\/actualidad-aviles-mejoras-en-el-entorno-del-hospital-san-agustin\/\" \/>\n\t<meta name=\"generator\" content=\"All in One SEO Pro (AIOSEO) 4.9.6.2\" \/>\n\t\t<meta property=\"og:locale\" content=\"es_ES\" \/>\n\t\t<meta property=\"og:site_name\" content=\"El Digital de Asturias\" \/>\n\t\t<meta property=\"og:type\" content=\"article\" \/>\n\t\t<meta property=\"og:title\" content=\"Actualidad Avil\u00e9s: Mejoras en el entorno del Hospital San Agust\u00edn - El Digital de Asturias\" \/>\n\t\t<meta property=\"og:description\" content=\"El Gobierno de Asturias construir\u00e1 en la ciudad de Avil\u00e9s plataformas reservadas y adem\u00e1s mejorar\u00e1 todo lo relacionado con la movilidad en el entorno del\" \/>\n\t\t<meta property=\"og:url\" content=\"https:\/\/www.eldigitaldeasturias.com\/noticias\/actualidad-aviles-mejoras-en-el-entorno-del-hospital-san-agustin\/\" \/>\n\t\t<meta property=\"og:image\" content=\"https:\/\/www.eldigitaldeasturias.com\/noticias\/wp-content\/uploads\/2024\/04\/Gobierno-de-Asturias-obras-en-Aviles.jpg\" \/>\n\t\t<meta property=\"og:image:secure_url\" content=\"https:\/\/www.eldigitaldeasturias.com\/noticias\/wp-content\/uploads\/2024\/04\/Gobierno-de-Asturias-obras-en-Aviles.jpg\" \/>\n\t\t<meta property=\"og:image:width\" content=\"887\" \/>\n\t\t<meta property=\"og:image:height\" content=\"655\" \/>\n\t\t<meta property=\"article:tag\" content=\"actualidad asturias\" \/>\n\t\t<meta property=\"article:published_time\" content=\"2024-04-26T11:37:35+00:00\" \/>\n\t\t<meta property=\"article:modified_time\" content=\"2024-04-26T11:37:35+00:00\" \/>\n\t\t<meta property=\"article:publisher\" content=\"https:\/\/facebook.com\/eldigitaldeasturias\" \/>\n\t\t<meta name=\"twitter:card\" content=\"summary_large_image\" \/>\n\t\t<meta name=\"twitter:title\" content=\"Actualidad Avil\u00e9s: Mejoras en el entorno del Hospital San Agust\u00edn - El Digital de Asturias\" \/>\n\t\t<meta name=\"twitter:description\" content=\"El Gobierno de Asturias construir\u00e1 en la ciudad de Avil\u00e9s plataformas reservadas y adem\u00e1s mejorar\u00e1 todo lo relacionado con la movilidad en el entorno del\" \/>\n\t\t<meta name=\"twitter:image\" content=\"https:\/\/www.eldigitaldeasturias.com\/noticias\/wp-content\/uploads\/2024\/04\/Gobierno-de-Asturias-obras-en-Aviles.jpg\" \/>\n\t\t<meta name=\"twitter:label1\" content=\"Escrito por\" \/>\n\t\t<meta name=\"twitter:data1\" content=\"El Digital de Asturias\" \/>\n\t\t<meta name=\"twitter:label2\" content=\"Tiempo de lectura estimado\" \/>\n\t\t<meta name=\"twitter:data2\" content=\"1 minuto\" \/>\n\t\t<script type=\"application\/ld+json\" class=\"aioseo-schema\">\n\t\t\t{\"@context\":\"https:\\\/\\\/schema.org\",\"@graph\":[{\"@type\":\"BlogPosting\",\"@id\":\"https:\\\/\\\/www.eldigitaldeasturias.com\\\/noticias\\\/actualidad-aviles-mejoras-en-el-entorno-del-hospital-san-agustin\\\/#blogposting\",\"name\":\"Actualidad Avil\\u00e9s: Mejoras en el entorno del Hospital San Agust\\u00edn - El Digital de Asturias\",\"headline\":\"Actualidad Avil\\u00e9s: Mejoras en el entorno del Hospital San Agust\\u00edn\",\"author\":{\"@id\":\"https:\\\/\\\/www.eldigitaldeasturias.com\\\/noticias\\\/author\\\/admin\\\/#author\"},\"publisher\":{\"@id\":\"https:\\\/\\\/www.eldigitaldeasturias.com\\\/noticias\\\/#organization\"},\"image\":{\"@type\":\"ImageObject\",\"url\":\"https:\\\/\\\/www.eldigitaldeasturias.com\\\/noticias\\\/wp-content\\\/uploads\\\/2024\\\/04\\\/Gobierno-de-Asturias-obras-en-Aviles.jpg\",\"width\":887,\"height\":655,\"caption\":\"Foto: Prensa Gobierno de Asturias\"},\"datePublished\":\"2024-04-26T13:37:35+02:00\",\"dateModified\":\"2024-04-26T13:37:35+02:00\",\"inLanguage\":\"es-ES\",\"mainEntityOfPage\":{\"@id\":\"https:\\\/\\\/www.eldigitaldeasturias.com\\\/noticias\\\/actualidad-aviles-mejoras-en-el-entorno-del-hospital-san-agustin\\\/#webpage\"},\"isPartOf\":{\"@id\":\"https:\\\/\\\/www.eldigitaldeasturias.com\\\/noticias\\\/actualidad-aviles-mejoras-en-el-entorno-del-hospital-san-agustin\\\/#webpage\"},\"articleSection\":\"Actualidad Asturias\"},{\"@type\":\"BreadcrumbList\",\"@id\":\"https:\\\/\\\/www.eldigitaldeasturias.com\\\/noticias\\\/actualidad-aviles-mejoras-en-el-entorno-del-hospital-san-agustin\\\/#breadcrumblist\",\"itemListElement\":[{\"@type\":\"ListItem\",\"@id\":\"https:\\\/\\\/www.eldigitaldeasturias.com\\\/noticias#listItem\",\"position\":1,\"name\":\"Home\",\"item\":\"https:\\\/\\\/www.eldigitaldeasturias.com\\\/noticias\",\"nextItem\":{\"@type\":\"ListItem\",\"@id\":\"https:\\\/\\\/www.eldigitaldeasturias.com\\\/noticias\\\/category\\\/actualidad-asturias\\\/#listItem\",\"name\":\"Actualidad Asturias\"}},{\"@type\":\"ListItem\",\"@id\":\"https:\\\/\\\/www.eldigitaldeasturias.com\\\/noticias\\\/category\\\/actualidad-asturias\\\/#listItem\",\"position\":2,\"name\":\"Actualidad Asturias\",\"item\":\"https:\\\/\\\/www.eldigitaldeasturias.com\\\/noticias\\\/category\\\/actualidad-asturias\\\/\",\"nextItem\":{\"@type\":\"ListItem\",\"@id\":\"https:\\\/\\\/www.eldigitaldeasturias.com\\\/noticias\\\/actualidad-aviles-mejoras-en-el-entorno-del-hospital-san-agustin\\\/#listItem\",\"name\":\"Actualidad Avil\\u00e9s: Mejoras en el entorno del Hospital San Agust\\u00edn\"},\"previousItem\":{\"@type\":\"ListItem\",\"@id\":\"https:\\\/\\\/www.eldigitaldeasturias.com\\\/noticias#listItem\",\"name\":\"Home\"}},{\"@type\":\"ListItem\",\"@id\":\"https:\\\/\\\/www.eldigitaldeasturias.com\\\/noticias\\\/actualidad-aviles-mejoras-en-el-entorno-del-hospital-san-agustin\\\/#listItem\",\"position\":3,\"name\":\"Actualidad Avil\\u00e9s: Mejoras en el entorno del Hospital San Agust\\u00edn\",\"previousItem\":{\"@type\":\"ListItem\",\"@id\":\"https:\\\/\\\/www.eldigitaldeasturias.com\\\/noticias\\\/category\\\/actualidad-asturias\\\/#listItem\",\"name\":\"Actualidad Asturias\"}}]},{\"@type\":\"Organization\",\"@id\":\"https:\\\/\\\/www.eldigitaldeasturias.com\\\/noticias\\\/#organization\",\"name\":\"El Digital de Asturias\",\"description\":\"Hemeroteca\",\"url\":\"https:\\\/\\\/www.eldigitaldeasturias.com\\\/noticias\\\/\",\"email\":\"info@eldigitaldeasturias.com\",\"telephone\":\"+34652131393\",\"logo\":{\"@type\":\"ImageObject\",\"url\":\"https:\\\/\\\/www.eldigitaldeasturias.com\\\/noticias\\\/wp-content\\\/uploads\\\/2020\\\/12\\\/EDA.jpg\",\"@id\":\"https:\\\/\\\/www.eldigitaldeasturias.com\\\/noticias\\\/actualidad-aviles-mejoras-en-el-entorno-del-hospital-san-agustin\\\/#organizationLogo\",\"width\":649,\"height\":297},\"image\":{\"@id\":\"https:\\\/\\\/www.eldigitaldeasturias.com\\\/noticias\\\/actualidad-aviles-mejoras-en-el-entorno-del-hospital-san-agustin\\\/#organizationLogo\"},\"sameAs\":[\"https:\\\/\\\/facebook.com\\\/eldigitaldeasturias\",\"https:\\\/\\\/www.youtube.com\\\/channel\\\/UCZP-2wLEB9Rv6erhFmqVnvg\"],\"address\":{\"@id\":\"https:\\\/\\\/www.eldigitaldeasturias.com\\\/noticias\\\/#postaladdress\",\"@type\":\"PostalAddress\",\"streetAddress\":\"san antonio 4,\",\"postalCode\":\"33430\",\"addressLocality\":\"Cand\\u00e1s\",\"addressRegion\":\"Asturias\",\"addressCountry\":\"ES\"}},{\"@type\":\"Person\",\"@id\":\"https:\\\/\\\/www.eldigitaldeasturias.com\\\/noticias\\\/author\\\/admin\\\/#author\",\"url\":\"https:\\\/\\\/www.eldigitaldeasturias.com\\\/noticias\\\/author\\\/admin\\\/\",\"name\":\"El Digital de Asturias\",\"image\":{\"@type\":\"ImageObject\",\"@id\":\"https:\\\/\\\/www.eldigitaldeasturias.com\\\/noticias\\\/actualidad-aviles-mejoras-en-el-entorno-del-hospital-san-agustin\\\/#authorImage\",\"url\":\"https:\\\/\\\/www.eldigitaldeasturias.com\\\/noticias\\\/wp-content\\\/litespeed\\\/avatar\\\/18677e78aa0546b92d9dbf31ec7d7668.jpg?ver=1777290358\",\"width\":96,\"height\":96,\"caption\":\"El Digital de Asturias\"}},{\"@type\":\"WebPage\",\"@id\":\"https:\\\/\\\/www.eldigitaldeasturias.com\\\/noticias\\\/actualidad-aviles-mejoras-en-el-entorno-del-hospital-san-agustin\\\/#webpage\",\"url\":\"https:\\\/\\\/www.eldigitaldeasturias.com\\\/noticias\\\/actualidad-aviles-mejoras-en-el-entorno-del-hospital-san-agustin\\\/\",\"name\":\"Actualidad Avil\\u00e9s: Mejoras en el entorno del Hospital San Agust\\u00edn - El Digital de Asturias\",\"description\":\"El Gobierno de Asturias construir\\u00e1 en la ciudad de Avil\\u00e9s plataformas reservadas y adem\\u00e1s mejorar\\u00e1 todo lo relacionado con la movilidad en el entorno del\",\"inLanguage\":\"es-ES\",\"isPartOf\":{\"@id\":\"https:\\\/\\\/www.eldigitaldeasturias.com\\\/noticias\\\/#website\"},\"breadcrumb\":{\"@id\":\"https:\\\/\\\/www.eldigitaldeasturias.com\\\/noticias\\\/actualidad-aviles-mejoras-en-el-entorno-del-hospital-san-agustin\\\/#breadcrumblist\"},\"author\":{\"@id\":\"https:\\\/\\\/www.eldigitaldeasturias.com\\\/noticias\\\/author\\\/admin\\\/#author\"},\"creator\":{\"@id\":\"https:\\\/\\\/www.eldigitaldeasturias.com\\\/noticias\\\/author\\\/admin\\\/#author\"},\"image\":{\"@type\":\"ImageObject\",\"url\":\"https:\\\/\\\/www.eldigitaldeasturias.com\\\/noticias\\\/wp-content\\\/uploads\\\/2024\\\/04\\\/Gobierno-de-Asturias-obras-en-Aviles.jpg\",\"@id\":\"https:\\\/\\\/www.eldigitaldeasturias.com\\\/noticias\\\/actualidad-aviles-mejoras-en-el-entorno-del-hospital-san-agustin\\\/#mainImage\",\"width\":887,\"height\":655,\"caption\":\"Foto: Prensa Gobierno de Asturias\"},\"primaryImageOfPage\":{\"@id\":\"https:\\\/\\\/www.eldigitaldeasturias.com\\\/noticias\\\/actualidad-aviles-mejoras-en-el-entorno-del-hospital-san-agustin\\\/#mainImage\"},\"datePublished\":\"2024-04-26T13:37:35+02:00\",\"dateModified\":\"2024-04-26T13:37:35+02:00\"},{\"@type\":\"WebSite\",\"@id\":\"https:\\\/\\\/www.eldigitaldeasturias.com\\\/noticias\\\/#website\",\"url\":\"https:\\\/\\\/www.eldigitaldeasturias.com\\\/noticias\\\/\",\"name\":\"El Digital de Asturias - Diario de actualidad y noticias\",\"alternateName\":\"El Digital de Asturias - Diario de actualidad y noticias\",\"description\":\"Hemeroteca\",\"inLanguage\":\"es-ES\",\"publisher\":{\"@id\":\"https:\\\/\\\/www.eldigitaldeasturias.com\\\/noticias\\\/#organization\"}}]}\n\t\t<\/script>\n\t\t<!-- All in One SEO Pro -->\r\n\t\t<title>Actualidad Avil\u00e9s: Mejoras en el entorno del Hospital San Agust\u00edn - El Digital de Asturias<\/title>\n\n","aioseo_head_json":{"title":"Actualidad Avil\u00e9s: Mejoras en el entorno del Hospital San Agust\u00edn - El Digital de Asturias","description":"El Gobierno de Asturias construir\u00e1 en la ciudad de Avil\u00e9s plataformas reservadas y adem\u00e1s mejorar\u00e1 todo lo relacionado con la movilidad en el entorno del","canonical_url":"https:\/\/www.eldigitaldeasturias.com\/noticias\/actualidad-aviles-mejoras-en-el-entorno-del-hospital-san-agustin\/","robots":"max-image-preview:large","keywords":"actualidad asturias","webmasterTools":{"google-site-verification":"UA-38556648-1","msvalidate.01":"7dfe9f3f1b24437ab69f4f2559babe99","miscellaneous":""},"schema":{"@context":"https:\/\/schema.org","@graph":[{"@type":"BlogPosting","@id":"https:\/\/www.eldigitaldeasturias.com\/noticias\/actualidad-aviles-mejoras-en-el-entorno-del-hospital-san-agustin\/#blogposting","name":"Actualidad Avil\u00e9s: Mejoras en el entorno del Hospital San Agust\u00edn - El Digital de Asturias","headline":"Actualidad Avil\u00e9s: Mejoras en el entorno del Hospital San Agust\u00edn","author":{"@id":"https:\/\/www.eldigitaldeasturias.com\/noticias\/author\/admin\/#author"},"publisher":{"@id":"https:\/\/www.eldigitaldeasturias.com\/noticias\/#organization"},"image":{"@type":"ImageObject","url":"https:\/\/www.eldigitaldeasturias.com\/noticias\/wp-content\/uploads\/2024\/04\/Gobierno-de-Asturias-obras-en-Aviles.jpg","width":887,"height":655,"caption":"Foto: Prensa Gobierno de Asturias"},"datePublished":"2024-04-26T13:37:35+02:00","dateModified":"2024-04-26T13:37:35+02:00","inLanguage":"es-ES","mainEntityOfPage":{"@id":"https:\/\/www.eldigitaldeasturias.com\/noticias\/actualidad-aviles-mejoras-en-el-entorno-del-hospital-san-agustin\/#webpage"},"isPartOf":{"@id":"https:\/\/www.eldigitaldeasturias.com\/noticias\/actualidad-aviles-mejoras-en-el-entorno-del-hospital-san-agustin\/#webpage"},"articleSection":"Actualidad Asturias"},{"@type":"BreadcrumbList","@id":"https:\/\/www.eldigitaldeasturias.com\/noticias\/actualidad-aviles-mejoras-en-el-entorno-del-hospital-san-agustin\/#breadcrumblist","itemListElement":[{"@type":"ListItem","@id":"https:\/\/www.eldigitaldeasturias.com\/noticias#listItem","position":1,"name":"Home","item":"https:\/\/www.eldigitaldeasturias.com\/noticias","nextItem":{"@type":"ListItem","@id":"https:\/\/www.eldigitaldeasturias.com\/noticias\/category\/actualidad-asturias\/#listItem","name":"Actualidad Asturias"}},{"@type":"ListItem","@id":"https:\/\/www.eldigitaldeasturias.com\/noticias\/category\/actualidad-asturias\/#listItem","position":2,"name":"Actualidad Asturias","item":"https:\/\/www.eldigitaldeasturias.com\/noticias\/category\/actualidad-asturias\/","nextItem":{"@type":"ListItem","@id":"https:\/\/www.eldigitaldeasturias.com\/noticias\/actualidad-aviles-mejoras-en-el-entorno-del-hospital-san-agustin\/#listItem","name":"Actualidad Avil\u00e9s: Mejoras en el entorno del Hospital San Agust\u00edn"},"previousItem":{"@type":"ListItem","@id":"https:\/\/www.eldigitaldeasturias.com\/noticias#listItem","name":"Home"}},{"@type":"ListItem","@id":"https:\/\/www.eldigitaldeasturias.com\/noticias\/actualidad-aviles-mejoras-en-el-entorno-del-hospital-san-agustin\/#listItem","position":3,"name":"Actualidad Avil\u00e9s: Mejoras en el entorno del Hospital San Agust\u00edn","previousItem":{"@type":"ListItem","@id":"https:\/\/www.eldigitaldeasturias.com\/noticias\/category\/actualidad-asturias\/#listItem","name":"Actualidad Asturias"}}]},{"@type":"Organization","@id":"https:\/\/www.eldigitaldeasturias.com\/noticias\/#organization","name":"El Digital de Asturias","description":"Hemeroteca","url":"https:\/\/www.eldigitaldeasturias.com\/noticias\/","email":"info@eldigitaldeasturias.com","telephone":"+34652131393","logo":{"@type":"ImageObject","url":"https:\/\/www.eldigitaldeasturias.com\/noticias\/wp-content\/uploads\/2020\/12\/EDA.jpg","@id":"https:\/\/www.eldigitaldeasturias.com\/noticias\/actualidad-aviles-mejoras-en-el-entorno-del-hospital-san-agustin\/#organizationLogo","width":649,"height":297},"image":{"@id":"https:\/\/www.eldigitaldeasturias.com\/noticias\/actualidad-aviles-mejoras-en-el-entorno-del-hospital-san-agustin\/#organizationLogo"},"sameAs":["https:\/\/facebook.com\/eldigitaldeasturias","https:\/\/www.youtube.com\/channel\/UCZP-2wLEB9Rv6erhFmqVnvg"],"address":{"@id":"https:\/\/www.eldigitaldeasturias.com\/noticias\/#postaladdress","@type":"PostalAddress","streetAddress":"san antonio 4,","postalCode":"33430","addressLocality":"Cand\u00e1s","addressRegion":"Asturias","addressCountry":"ES"}},{"@type":"Person","@id":"https:\/\/www.eldigitaldeasturias.com\/noticias\/author\/admin\/#author","url":"https:\/\/www.eldigitaldeasturias.com\/noticias\/author\/admin\/","name":"El Digital de Asturias","image":{"@type":"ImageObject","@id":"https:\/\/www.eldigitaldeasturias.com\/noticias\/actualidad-aviles-mejoras-en-el-entorno-del-hospital-san-agustin\/#authorImage","url":"https:\/\/www.eldigitaldeasturias.com\/noticias\/wp-content\/litespeed\/avatar\/18677e78aa0546b92d9dbf31ec7d7668.jpg?ver=1777290358","width":96,"height":96,"caption":"El Digital de Asturias"}},{"@type":"WebPage","@id":"https:\/\/www.eldigitaldeasturias.com\/noticias\/actualidad-aviles-mejoras-en-el-entorno-del-hospital-san-agustin\/#webpage","url":"https:\/\/www.eldigitaldeasturias.com\/noticias\/actualidad-aviles-mejoras-en-el-entorno-del-hospital-san-agustin\/","name":"Actualidad Avil\u00e9s: Mejoras en el entorno del Hospital San Agust\u00edn - El Digital de Asturias","description":"El Gobierno de Asturias construir\u00e1 en la ciudad de Avil\u00e9s plataformas reservadas y adem\u00e1s mejorar\u00e1 todo lo relacionado con la movilidad en el entorno del","inLanguage":"es-ES","isPartOf":{"@id":"https:\/\/www.eldigitaldeasturias.com\/noticias\/#website"},"breadcrumb":{"@id":"https:\/\/www.eldigitaldeasturias.com\/noticias\/actualidad-aviles-mejoras-en-el-entorno-del-hospital-san-agustin\/#breadcrumblist"},"author":{"@id":"https:\/\/www.eldigitaldeasturias.com\/noticias\/author\/admin\/#author"},"creator":{"@id":"https:\/\/www.eldigitaldeasturias.com\/noticias\/author\/admin\/#author"},"image":{"@type":"ImageObject","url":"https:\/\/www.eldigitaldeasturias.com\/noticias\/wp-content\/uploads\/2024\/04\/Gobierno-de-Asturias-obras-en-Aviles.jpg","@id":"https:\/\/www.eldigitaldeasturias.com\/noticias\/actualidad-aviles-mejoras-en-el-entorno-del-hospital-san-agustin\/#mainImage","width":887,"height":655,"caption":"Foto: Prensa Gobierno de Asturias"},"primaryImageOfPage":{"@id":"https:\/\/www.eldigitaldeasturias.com\/noticias\/actualidad-aviles-mejoras-en-el-entorno-del-hospital-san-agustin\/#mainImage"},"datePublished":"2024-04-26T13:37:35+02:00","dateModified":"2024-04-26T13:37:35+02:00"},{"@type":"WebSite","@id":"https:\/\/www.eldigitaldeasturias.com\/noticias\/#website","url":"https:\/\/www.eldigitaldeasturias.com\/noticias\/","name":"El Digital de Asturias - Diario de actualidad y noticias","alternateName":"El Digital de Asturias - Diario de actualidad y noticias","description":"Hemeroteca","inLanguage":"es-ES","publisher":{"@id":"https:\/\/www.eldigitaldeasturias.com\/noticias\/#organization"}}]},"og:locale":"es_ES","og:site_name":"El Digital de Asturias","og:type":"article","og:title":"Actualidad Avil\u00e9s: Mejoras en el entorno del Hospital San Agust\u00edn - El Digital de Asturias","og:description":"El Gobierno de Asturias construir\u00e1 en la ciudad de Avil\u00e9s plataformas reservadas y adem\u00e1s mejorar\u00e1 todo lo relacionado con la movilidad en el entorno del","og:url":"https:\/\/www.eldigitaldeasturias.com\/noticias\/actualidad-aviles-mejoras-en-el-entorno-del-hospital-san-agustin\/","og:image":"https:\/\/www.eldigitaldeasturias.com\/noticias\/wp-content\/uploads\/2024\/04\/Gobierno-de-Asturias-obras-en-Aviles.jpg","og:image:secure_url":"https:\/\/www.eldigitaldeasturias.com\/noticias\/wp-content\/uploads\/2024\/04\/Gobierno-de-Asturias-obras-en-Aviles.jpg","og:image:width":887,"og:image:height":655,"article:tag":["actualidad asturias"],"article:published_time":"2024-04-26T11:37:35+00:00","article:modified_time":"2024-04-26T11:37:35+00:00","article:publisher":"https:\/\/facebook.com\/eldigitaldeasturias","twitter:card":"summary_large_image","twitter:title":"Actualidad Avil\u00e9s: Mejoras en el entorno del Hospital San Agust\u00edn - El Digital de Asturias","twitter:description":"El Gobierno de Asturias construir\u00e1 en la ciudad de Avil\u00e9s plataformas reservadas y adem\u00e1s mejorar\u00e1 todo lo relacionado con la movilidad en el entorno del","twitter:image":"https:\/\/www.eldigitaldeasturias.com\/noticias\/wp-content\/uploads\/2024\/04\/Gobierno-de-Asturias-obras-en-Aviles.jpg","twitter:label1":"Escrito por","twitter:data1":"El Digital de Asturias","twitter:label2":"Tiempo de lectura estimado","twitter:data2":"1 minuto"},"aioseo_meta_data":{"post_id":"1130296","title":null,"description":"El Gobierno de Asturias construir\u00e1 en la ciudad de Avil\u00e9s plataformas reservadas y adem\u00e1s mejorar\u00e1 todo lo relacionado con la movilidad en el entorno del","keywords":null,"keyphrases":{"focus":{"keyphrase":"Avil\u00e9s","score":93,"analysis":{"keyphraseInTitle":{"score":9,"maxScore":9,"error":0},"keyphraseInDescription":{"score":9,"maxScore":9,"error":0},"keyphraseLength":{"score":9,"maxScore":9,"error":0,"length":2},"keyphraseInURL":{"score":1,"maxScore":5,"error":1},"keyphraseInIntroduction":{"score":9,"maxScore":9,"error":0},"keyphraseInSubHeadings":[],"keyphraseInImageAlt":{"score":9,"maxScore":9,"error":0},"keywordDensity":{"type":"best","score":9,"maxScore":9,"error":0}}},"additional":[{"keyphrase":"Asturias","score":100,"analysis":{"keyphraseInDescription":{"score":9,"maxScore":9,"error":0},"keyphraseLength":{"score":9,"maxScore":9,"error":0,"length":1},"keyphraseInIntroduction":{"score":9,"maxScore":9,"error":0},"keyphraseInImageAlt":{"score":9,"maxScore":9,"error":0},"keywordDensity":{"type":"best","score":9,"maxScore":9,"error":0}}}]},"primary_term":null,"canonical_url":null,"og_title":null,"og_description":null,"og_object_type":"default","og_image_type":"default","og_image_url":null,"og_image_width":null,"og_image_height":null,"og_image_custom_url":null,"og_image_custom_fields":null,"og_video":"","og_custom_url":null,"og_article_section":null,"og_article_tags":null,"twitter_use_og":false,"twitter_card":"default","twitter_image_type":"default","twitter_image_url":null,"twitter_image_custom_url":null,"twitter_image_custom_fields":null,"twitter_title":null,"twitter_description":null,"schema":{"blockGraphs":[],"customGraphs":[],"default":{"data":{"Article":[],"Course":[],"Dataset":[],"FAQPage":[],"Movie":[],"Person":[],"Product":[],"ProductReview":[],"Car":[],"Recipe":[],"Service":[],"SoftwareApplication":[],"WebPage":[]},"graphName":"BlogPosting","isEnabled":true},"graphs":[]},"schema_type":"default","schema_type_options":null,"pillar_content":false,"robots_default":true,"robots_noindex":false,"robots_noarchive":false,"robots_nosnippet":false,"robots_nofollow":false,"robots_noimageindex":false,"robots_noodp":false,"robots_notranslate":false,"robots_max_snippet":"-1","robots_max_videopreview":"-1","robots_max_imagepreview":"large","priority":null,"frequency":"default","local_seo":null,"seo_analyzer_scan_date":"2025-10-06 08:21:33","breadcrumb_settings":null,"limit_modified_date":false,"open_ai":"{\"title\":{\"suggestions\":[],\"usage\":0},\"description\":{\"suggestions\":[],\"usage\":0}}","ai":null,"created":"2024-04-26 11:30:13","updated":"2025-10-09 13:23:42"},"aioseo_breadcrumb":"<div class=\"aioseo-breadcrumbs\"><span class=\"aioseo-breadcrumb\">\n\t<a href=\"https:\/\/www.eldigitaldeasturias.com\/noticias\" title=\"Home\">Home<\/a>\n<\/span><span class=\"aioseo-breadcrumb-separator\">\u2013<\/span><span class=\"aioseo-breadcrumb\">\n\t<a href=\"https:\/\/www.eldigitaldeasturias.com\/noticias\/category\/actualidad-asturias\/\" title=\"Actualidad Asturias\">Actualidad Asturias<\/a>\n<\/span><span class=\"aioseo-breadcrumb-separator\">\u2013<\/span><span class=\"aioseo-breadcrumb\">\n\t<a href=\"https:\/\/www.eldigitaldeasturias.com\/noticias\/actualidad-aviles-mejoras-en-el-entorno-del-hospital-san-agustin\/\" title=\"Actualidad Avil\u00e9s: Mejoras en el entorno del Hospital San Agust\u00edn\">Actualidad Avil\u00e9s: Mejoras en el entorno del Hospital San Agust\u00edn<\/a>\n<\/span><\/div>","aioseo_breadcrumb_json":[{"label":"Home","link":"https:\/\/www.eldigitaldeasturias.com\/noticias"},{"label":"Actualidad Asturias","link":"https:\/\/www.eldigitaldeasturias.com\/noticias\/category\/actualidad-asturias\/"},{"label":"Actualidad Avil\u00e9s: Mejoras en el entorno del Hospital San Agust\u00edn","link":"https:\/\/www.eldigitaldeasturias.com\/noticias\/actualidad-aviles-mejoras-en-el-entorno-del-hospital-san-agustin\/"}],"_links":{"self":[{"href":"https:\/\/www.eldigitaldeasturias.com\/noticias\/wp-json\/wp\/v2\/posts\/1130296","targetHints":{"allow":["GET"]}}],"collection":[{"href":"https:\/\/www.eldigitaldeasturias.com\/noticias\/wp-json\/wp\/v2\/posts"}],"about":[{"href":"https:\/\/www.eldigitaldeasturias.com\/noticias\/wp-json\/wp\/v2\/types\/post"}],"author":[{"embeddable":true,"href":"https:\/\/www.eldigitaldeasturias.com\/noticias\/wp-json\/wp\/v2\/users\/1"}],"replies":[{"embeddable":true,"href":"https:\/\/www.eldigitaldeasturias.com\/noticias\/wp-json\/wp\/v2\/comments?post=1130296"}],"version-history":[{"count":0,"href":"https:\/\/www.eldigitaldeasturias.com\/noticias\/wp-json\/wp\/v2\/posts\/1130296\/revisions"}],"wp:featuredmedia":[{"embeddable":true,"href":"https:\/\/www.eldigitaldeasturias.com\/noticias\/wp-json\/wp\/v2\/media\/1130297"}],"wp:attachment":[{"href":"https:\/\/www.eldigitaldeasturias.com\/noticias\/wp-json\/wp\/v2\/media?parent=1130296"}],"wp:term":[{"taxonomy":"category","embeddable":true,"href":"https:\/\/www.eldigitaldeasturias.com\/noticias\/wp-json\/wp\/v2\/categories?post=1130296"},{"taxonomy":"post_tag","embeddable":true,"href":"https:\/\/www.eldigitaldeasturias.com\/noticias\/wp-json\/wp\/v2\/tags?post=1130296"}],"curies":[{"name":"wp","href":"https:\/\/api.w.org\/{rel}","templated":true}]}}