{"id":1130151,"date":"2024-04-17T15:06:05","date_gmt":"2024-04-17T13:06:05","guid":{"rendered":"https:\/\/www.eldigitaldeasturias.com\/noticias\/?p=1130151"},"modified":"2024-04-17T15:09:35","modified_gmt":"2024-04-17T13:09:35","slug":"asturias-seleccionada-para-participar-en-el-programa-start","status":"publish","type":"post","link":"https:\/\/www.eldigitaldeasturias.com\/noticias\/asturias-seleccionada-para-participar-en-el-programa-start\/","title":{"rendered":"Asturias seleccionada para participar en el Programa Start"},"content":{"rendered":"<p><strong>El <span style=\"color: #ff6600;\"><a style=\"color: #ff6600;\" title=\"Principado de Asturias\" href=\"https:\/\/actualidad.asturias.es\/\" target=\"_blank\" rel=\"noopener\">Principado de Asturias<\/a><\/span> ha sido seleccionado para recibir respaldo t\u00e9cnico por parte de la Comisi\u00f3n Europea (CE) en el proceso de descarbonizaci\u00f3n de la econom\u00eda.<\/strong> La instituci\u00f3n comunitaria ha informado a la Consejer\u00eda de Transici\u00f3n Ecol\u00f3gica, Industria y Desarrollo Econ\u00f3mico de que el Principado formar\u00e1 parte del Programa Start, en el marco de la Iniciativa de Regiones de Carb\u00f3n en Transici\u00f3n, una acci\u00f3n impulsada en 2017 por el ejecutivo europeo para mitigar las consecuencias sociales del cambio de modelo en los territorios m\u00e1s afectados por la descabonizaci\u00f3n.<\/p>\n<figure id=\"attachment_1130152\" aria-describedby=\"caption-attachment-1130152\" style=\"width: 650px\" class=\"wp-caption aligncenter\"><img loading=\"lazy\" decoding=\"async\" class=\"size-large wp-image-1130152\" src=\"https:\/\/www.eldigitaldeasturias.com\/noticias\/wp-content\/uploads\/2024\/04\/Programa-Start-en-Asturias-650x378.jpg\" alt=\"Programa Start en Asturias\" width=\"650\" height=\"378\" srcset=\"https:\/\/www.eldigitaldeasturias.com\/noticias\/wp-content\/uploads\/2024\/04\/Programa-Start-en-Asturias-650x378.jpg 650w, https:\/\/www.eldigitaldeasturias.com\/noticias\/wp-content\/uploads\/2024\/04\/Programa-Start-en-Asturias-360x210.jpg 360w, https:\/\/www.eldigitaldeasturias.com\/noticias\/wp-content\/uploads\/2024\/04\/Programa-Start-en-Asturias-480x279.jpg 480w, https:\/\/www.eldigitaldeasturias.com\/noticias\/wp-content\/uploads\/2024\/04\/Programa-Start-en-Asturias-768x447.jpg 768w, https:\/\/www.eldigitaldeasturias.com\/noticias\/wp-content\/uploads\/2024\/04\/Programa-Start-en-Asturias-150x87.jpg 150w, https:\/\/www.eldigitaldeasturias.com\/noticias\/wp-content\/uploads\/2024\/04\/Programa-Start-en-Asturias-450x262.jpg 450w, https:\/\/www.eldigitaldeasturias.com\/noticias\/wp-content\/uploads\/2024\/04\/Programa-Start-en-Asturias.jpg 833w\" sizes=\"auto, (max-width: 650px) 100vw, 650px\" \/><figcaption id=\"caption-attachment-1130152\" class=\"wp-caption-text\">Foto: Prensa Gobierno de Asturias<\/figcaption><\/figure>\n<p><strong>Adem\u00e1s de Asturias, en la tercera ronda del Programa Start recibir\u00e1n apoyo las regiones de Gorj (Rumania), Baja Silesia (Polonia) y Zasavje (Eslovenia<\/strong>), seg\u00fan la comunicaci\u00f3n oficial publicada por la CE. Este acompa\u00f1amiento se sustanciar\u00e1 a lo largo de este a\u00f1o y principios de 2025 y tendr\u00e1 como objetivo desarrollar herramientas que faciliten el acceso de las empresas, en especial de las pymes, a los recursos del Fondo de Transici\u00f3n Justa, as\u00ed como reforzar la labor del Observatorio Regional de Transici\u00f3n Justa.<\/p>\n<p>Esta es la segunda vez que la Comisi\u00f3n Europea selecciona a Asturias para recibir asesoramiento en este programa. As\u00ed, en 2021 ya hab\u00eda sido elegida en la primera ronda junto con otra decena de regiones para contar con apoyo en la elaboraci\u00f3n de la estrategia energ\u00e9tica regional y la identificaci\u00f3n de proyectos. <strong>En esta tercera ronda solo han sido elegidas cuatro regiones y \u00fanicamente dos de ellas, <a href=\"https:\/\/www.eldigitaldeasturias.com\/noticias\/category\/actualidad-asturias\/\"><span style=\"color: #ff6600;\">Asturias<\/span><\/a> y Baja Silesia (Polonia), reeditan el respaldo.<\/strong><\/p>\n<h2>Reconocimiento al Principado<\/h2>\n<p>\u201cLa inclusi\u00f3n de Asturias en este programa, dise\u00f1ado para fomentar el desarrollo sostenible y el crecimiento econ\u00f3mico en regiones espec\u00edficas marca un hito significativo y refleja el reconocimiento de su potencial y su importancia estrat\u00e9gica en el contexto europeo\u201d, ha asegurado hoy la consejera Nieves Roque\u00f1\u00ed.<\/p>\n<blockquote><p>A su juicio, esta decisi\u00f3n \u201cpone en valor el buen posicionamiento que est\u00e1 logrando la comunidad en el modelo de colaboraci\u00f3n p\u00fablico-privado y los esfuerzos de la consejer\u00eda por promover estrategias, desarrollar mecanismos de apoyo e incrementar nuestra presencia en Europa\u201d.<\/p><\/blockquote>\n<p>Los equipos de trabajo de la consejer\u00eda comienzan ahora a planificar el desarrollo de esta asistencia, cuyo fin ser\u00e1 la elaboraci\u00f3n de herramientas que faciliten y simplifiquen el acceso del tejido empresarial a la financiaci\u00f3n europea. Para ello, en las pr\u00f3ximas semanas visitar\u00e1 la comunidad un grupo de consultores.<\/p>\n<p>El anuncio de la Comisi\u00f3n Europea coincide con la celebraci\u00f3n de la IX Conferencia de la Plataforma de Transici\u00f3n Justa y la visita que realizar\u00e1 ma\u00f1ana a Bruselas la consejera. Roque\u00f1\u00ed, mantendr\u00e1 sendos encuentros de trabajo con responsables de la Direcci\u00f3n General de Energ\u00eda (DG Ener) y de la Direcci\u00f3n General de Mercado Interior, Industria, Emprendimiento y Pymes (DG Grow). La titular de Transici\u00f3n Ecol\u00f3gica estar\u00e1 acompa\u00f1ada por la directora general de Energ\u00eda y Miner\u00eda, Belarmina D\u00edaz<\/p>\n","protected":false},"excerpt":{"rendered":"<p>El Principado de Asturias ha sido seleccionado para recibir respaldo t\u00e9cnico por parte de la Comisi\u00f3n Europea (CE) en el proceso de descarbonizaci\u00f3n de la econom\u00eda. La instituci\u00f3n comunitaria ha informado a la Consejer\u00eda de Transici\u00f3n Ecol\u00f3gica, Industria y Desarrollo Econ\u00f3mico de que el Principado formar\u00e1 parte del Programa Start, en el marco de la [&hellip;]<\/p>\n","protected":false},"author":1,"featured_media":1130152,"comment_status":"closed","ping_status":"closed","sticky":false,"template":"","format":"standard","meta":{"footnotes":""},"categories":[12,141],"tags":[],"class_list":["post-1130151","post","type-post","status-publish","format-standard","has-post-thumbnail","hentry","category-actualidad-asturias","category-destacadas"],"aioseo_notices":[],"aioseo_head":"\n\t\t<!-- All in One SEO Pro 4.9.6.2 - aioseo.com -->\n\t<meta name=\"description\" content=\"El Principado de Asturias ha sido seleccionado para recibir respaldo t\u00e9cnico por parte de la Comisi\u00f3n Europea (CE) en el proceso de descarbonizaci\u00f3n de la\" \/>\n\t<meta name=\"robots\" content=\"max-image-preview:large\" \/>\n\t<meta name=\"author\" content=\"El Digital de Asturias\"\/>\n\t<meta name=\"google-site-verification\" content=\"UA-38556648-1\" \/>\n\t<meta name=\"msvalidate.01\" content=\"7dfe9f3f1b24437ab69f4f2559babe99\" \/>\n\t<meta name=\"keywords\" content=\"actualidad asturias,destacadas\" \/>\n\t<link rel=\"canonical\" href=\"https:\/\/www.eldigitaldeasturias.com\/noticias\/asturias-seleccionada-para-participar-en-el-programa-start\/\" \/>\n\t<meta name=\"generator\" content=\"All in One SEO Pro (AIOSEO) 4.9.6.2\" \/>\n\t\t<meta property=\"og:locale\" content=\"es_ES\" \/>\n\t\t<meta property=\"og:site_name\" content=\"El Digital de Asturias\" \/>\n\t\t<meta property=\"og:type\" content=\"article\" \/>\n\t\t<meta property=\"og:title\" content=\"Asturias seleccionada para participar en el Programa Start - El Digital de Asturias\" \/>\n\t\t<meta property=\"og:description\" content=\"El Principado de Asturias ha sido seleccionado para recibir respaldo t\u00e9cnico por parte de la Comisi\u00f3n Europea (CE) en el proceso de descarbonizaci\u00f3n de la\" \/>\n\t\t<meta property=\"og:url\" content=\"https:\/\/www.eldigitaldeasturias.com\/noticias\/asturias-seleccionada-para-participar-en-el-programa-start\/\" \/>\n\t\t<meta property=\"og:image\" content=\"https:\/\/www.eldigitaldeasturias.com\/noticias\/wp-content\/uploads\/2024\/04\/Programa-Start-en-Asturias.jpg\" \/>\n\t\t<meta property=\"og:image:secure_url\" content=\"https:\/\/www.eldigitaldeasturias.com\/noticias\/wp-content\/uploads\/2024\/04\/Programa-Start-en-Asturias.jpg\" \/>\n\t\t<meta property=\"og:image:width\" content=\"833\" \/>\n\t\t<meta property=\"og:image:height\" content=\"485\" \/>\n\t\t<meta property=\"article:tag\" content=\"actualidad asturias\" \/>\n\t\t<meta property=\"article:tag\" content=\"destacadas\" \/>\n\t\t<meta property=\"article:published_time\" content=\"2024-04-17T13:06:05+00:00\" \/>\n\t\t<meta property=\"article:modified_time\" content=\"2024-04-17T13:09:35+00:00\" \/>\n\t\t<meta property=\"article:publisher\" content=\"https:\/\/facebook.com\/eldigitaldeasturias\" \/>\n\t\t<meta name=\"twitter:card\" content=\"summary_large_image\" \/>\n\t\t<meta name=\"twitter:title\" content=\"Asturias seleccionada para participar en el Programa Start - El Digital de Asturias\" \/>\n\t\t<meta name=\"twitter:description\" content=\"El Principado de Asturias ha sido seleccionado para recibir respaldo t\u00e9cnico por parte de la Comisi\u00f3n Europea (CE) en el proceso de descarbonizaci\u00f3n de la\" \/>\n\t\t<meta name=\"twitter:image\" content=\"https:\/\/www.eldigitaldeasturias.com\/noticias\/wp-content\/uploads\/2024\/04\/Programa-Start-en-Asturias.jpg\" \/>\n\t\t<meta name=\"twitter:label1\" content=\"Escrito por\" \/>\n\t\t<meta name=\"twitter:data1\" content=\"El Digital de Asturias\" \/>\n\t\t<meta name=\"twitter:label2\" content=\"Tiempo de lectura estimado\" \/>\n\t\t<meta name=\"twitter:data2\" content=\"3 minutos\" \/>\n\t\t<script type=\"application\/ld+json\" class=\"aioseo-schema\">\n\t\t\t{\"@context\":\"https:\\\/\\\/schema.org\",\"@graph\":[{\"@type\":\"BlogPosting\",\"@id\":\"https:\\\/\\\/www.eldigitaldeasturias.com\\\/noticias\\\/asturias-seleccionada-para-participar-en-el-programa-start\\\/#blogposting\",\"name\":\"Asturias seleccionada para participar en el Programa Start - El Digital de Asturias\",\"headline\":\"Asturias seleccionada para participar en el Programa Start\",\"author\":{\"@id\":\"https:\\\/\\\/www.eldigitaldeasturias.com\\\/noticias\\\/author\\\/admin\\\/#author\"},\"publisher\":{\"@id\":\"https:\\\/\\\/www.eldigitaldeasturias.com\\\/noticias\\\/#organization\"},\"image\":{\"@type\":\"ImageObject\",\"url\":\"https:\\\/\\\/www.eldigitaldeasturias.com\\\/noticias\\\/wp-content\\\/uploads\\\/2024\\\/04\\\/Programa-Start-en-Asturias.jpg\",\"width\":833,\"height\":485,\"caption\":\"Foto: Prensa Gobierno de Asturias\"},\"datePublished\":\"2024-04-17T15:06:05+02:00\",\"dateModified\":\"2024-04-17T15:09:35+02:00\",\"inLanguage\":\"es-ES\",\"mainEntityOfPage\":{\"@id\":\"https:\\\/\\\/www.eldigitaldeasturias.com\\\/noticias\\\/asturias-seleccionada-para-participar-en-el-programa-start\\\/#webpage\"},\"isPartOf\":{\"@id\":\"https:\\\/\\\/www.eldigitaldeasturias.com\\\/noticias\\\/asturias-seleccionada-para-participar-en-el-programa-start\\\/#webpage\"},\"articleSection\":\"Actualidad Asturias, Destacadas\"},{\"@type\":\"BreadcrumbList\",\"@id\":\"https:\\\/\\\/www.eldigitaldeasturias.com\\\/noticias\\\/asturias-seleccionada-para-participar-en-el-programa-start\\\/#breadcrumblist\",\"itemListElement\":[{\"@type\":\"ListItem\",\"@id\":\"https:\\\/\\\/www.eldigitaldeasturias.com\\\/noticias#listItem\",\"position\":1,\"name\":\"Home\",\"item\":\"https:\\\/\\\/www.eldigitaldeasturias.com\\\/noticias\",\"nextItem\":{\"@type\":\"ListItem\",\"@id\":\"https:\\\/\\\/www.eldigitaldeasturias.com\\\/noticias\\\/category\\\/actualidad-asturias\\\/#listItem\",\"name\":\"Actualidad Asturias\"}},{\"@type\":\"ListItem\",\"@id\":\"https:\\\/\\\/www.eldigitaldeasturias.com\\\/noticias\\\/category\\\/actualidad-asturias\\\/#listItem\",\"position\":2,\"name\":\"Actualidad Asturias\",\"item\":\"https:\\\/\\\/www.eldigitaldeasturias.com\\\/noticias\\\/category\\\/actualidad-asturias\\\/\",\"nextItem\":{\"@type\":\"ListItem\",\"@id\":\"https:\\\/\\\/www.eldigitaldeasturias.com\\\/noticias\\\/asturias-seleccionada-para-participar-en-el-programa-start\\\/#listItem\",\"name\":\"Asturias seleccionada para participar en el Programa Start\"},\"previousItem\":{\"@type\":\"ListItem\",\"@id\":\"https:\\\/\\\/www.eldigitaldeasturias.com\\\/noticias#listItem\",\"name\":\"Home\"}},{\"@type\":\"ListItem\",\"@id\":\"https:\\\/\\\/www.eldigitaldeasturias.com\\\/noticias\\\/asturias-seleccionada-para-participar-en-el-programa-start\\\/#listItem\",\"position\":3,\"name\":\"Asturias seleccionada para participar en el Programa Start\",\"previousItem\":{\"@type\":\"ListItem\",\"@id\":\"https:\\\/\\\/www.eldigitaldeasturias.com\\\/noticias\\\/category\\\/actualidad-asturias\\\/#listItem\",\"name\":\"Actualidad Asturias\"}}]},{\"@type\":\"Organization\",\"@id\":\"https:\\\/\\\/www.eldigitaldeasturias.com\\\/noticias\\\/#organization\",\"name\":\"El Digital de Asturias\",\"description\":\"Hemeroteca\",\"url\":\"https:\\\/\\\/www.eldigitaldeasturias.com\\\/noticias\\\/\",\"email\":\"info@eldigitaldeasturias.com\",\"telephone\":\"+34652131393\",\"logo\":{\"@type\":\"ImageObject\",\"url\":\"https:\\\/\\\/www.eldigitaldeasturias.com\\\/noticias\\\/wp-content\\\/uploads\\\/2020\\\/12\\\/EDA.jpg\",\"@id\":\"https:\\\/\\\/www.eldigitaldeasturias.com\\\/noticias\\\/asturias-seleccionada-para-participar-en-el-programa-start\\\/#organizationLogo\",\"width\":649,\"height\":297},\"image\":{\"@id\":\"https:\\\/\\\/www.eldigitaldeasturias.com\\\/noticias\\\/asturias-seleccionada-para-participar-en-el-programa-start\\\/#organizationLogo\"},\"sameAs\":[\"https:\\\/\\\/facebook.com\\\/eldigitaldeasturias\",\"https:\\\/\\\/www.youtube.com\\\/channel\\\/UCZP-2wLEB9Rv6erhFmqVnvg\"],\"address\":{\"@id\":\"https:\\\/\\\/www.eldigitaldeasturias.com\\\/noticias\\\/#postaladdress\",\"@type\":\"PostalAddress\",\"streetAddress\":\"san antonio 4,\",\"postalCode\":\"33430\",\"addressLocality\":\"Cand\\u00e1s\",\"addressRegion\":\"Asturias\",\"addressCountry\":\"ES\"}},{\"@type\":\"Person\",\"@id\":\"https:\\\/\\\/www.eldigitaldeasturias.com\\\/noticias\\\/author\\\/admin\\\/#author\",\"url\":\"https:\\\/\\\/www.eldigitaldeasturias.com\\\/noticias\\\/author\\\/admin\\\/\",\"name\":\"El Digital de Asturias\",\"image\":{\"@type\":\"ImageObject\",\"@id\":\"https:\\\/\\\/www.eldigitaldeasturias.com\\\/noticias\\\/asturias-seleccionada-para-participar-en-el-programa-start\\\/#authorImage\",\"url\":\"https:\\\/\\\/www.eldigitaldeasturias.com\\\/noticias\\\/wp-content\\\/litespeed\\\/avatar\\\/18677e78aa0546b92d9dbf31ec7d7668.jpg?ver=1777290358\",\"width\":96,\"height\":96,\"caption\":\"El Digital de Asturias\"}},{\"@type\":\"WebPage\",\"@id\":\"https:\\\/\\\/www.eldigitaldeasturias.com\\\/noticias\\\/asturias-seleccionada-para-participar-en-el-programa-start\\\/#webpage\",\"url\":\"https:\\\/\\\/www.eldigitaldeasturias.com\\\/noticias\\\/asturias-seleccionada-para-participar-en-el-programa-start\\\/\",\"name\":\"Asturias seleccionada para participar en el Programa Start - El Digital de Asturias\",\"description\":\"El Principado de Asturias ha sido seleccionado para recibir respaldo t\\u00e9cnico por parte de la Comisi\\u00f3n Europea (CE) en el proceso de descarbonizaci\\u00f3n de la\",\"inLanguage\":\"es-ES\",\"isPartOf\":{\"@id\":\"https:\\\/\\\/www.eldigitaldeasturias.com\\\/noticias\\\/#website\"},\"breadcrumb\":{\"@id\":\"https:\\\/\\\/www.eldigitaldeasturias.com\\\/noticias\\\/asturias-seleccionada-para-participar-en-el-programa-start\\\/#breadcrumblist\"},\"author\":{\"@id\":\"https:\\\/\\\/www.eldigitaldeasturias.com\\\/noticias\\\/author\\\/admin\\\/#author\"},\"creator\":{\"@id\":\"https:\\\/\\\/www.eldigitaldeasturias.com\\\/noticias\\\/author\\\/admin\\\/#author\"},\"image\":{\"@type\":\"ImageObject\",\"url\":\"https:\\\/\\\/www.eldigitaldeasturias.com\\\/noticias\\\/wp-content\\\/uploads\\\/2024\\\/04\\\/Programa-Start-en-Asturias.jpg\",\"@id\":\"https:\\\/\\\/www.eldigitaldeasturias.com\\\/noticias\\\/asturias-seleccionada-para-participar-en-el-programa-start\\\/#mainImage\",\"width\":833,\"height\":485,\"caption\":\"Foto: Prensa Gobierno de Asturias\"},\"primaryImageOfPage\":{\"@id\":\"https:\\\/\\\/www.eldigitaldeasturias.com\\\/noticias\\\/asturias-seleccionada-para-participar-en-el-programa-start\\\/#mainImage\"},\"datePublished\":\"2024-04-17T15:06:05+02:00\",\"dateModified\":\"2024-04-17T15:09:35+02:00\"},{\"@type\":\"WebSite\",\"@id\":\"https:\\\/\\\/www.eldigitaldeasturias.com\\\/noticias\\\/#website\",\"url\":\"https:\\\/\\\/www.eldigitaldeasturias.com\\\/noticias\\\/\",\"name\":\"El Digital de Asturias - Diario de actualidad y noticias\",\"alternateName\":\"El Digital de Asturias - Diario de actualidad y noticias\",\"description\":\"Hemeroteca\",\"inLanguage\":\"es-ES\",\"publisher\":{\"@id\":\"https:\\\/\\\/www.eldigitaldeasturias.com\\\/noticias\\\/#organization\"}}]}\n\t\t<\/script>\n\t\t<!-- All in One SEO Pro -->\r\n\t\t<title>Asturias seleccionada para participar en el Programa Start - El Digital de Asturias<\/title>\n\n","aioseo_head_json":{"title":"Asturias seleccionada para participar en el Programa Start - El Digital de Asturias","description":"El Principado de Asturias ha sido seleccionado para recibir respaldo t\u00e9cnico por parte de la Comisi\u00f3n Europea (CE) en el proceso de descarbonizaci\u00f3n de la","canonical_url":"https:\/\/www.eldigitaldeasturias.com\/noticias\/asturias-seleccionada-para-participar-en-el-programa-start\/","robots":"max-image-preview:large","keywords":"actualidad asturias,destacadas","webmasterTools":{"google-site-verification":"UA-38556648-1","msvalidate.01":"7dfe9f3f1b24437ab69f4f2559babe99","miscellaneous":""},"schema":{"@context":"https:\/\/schema.org","@graph":[{"@type":"BlogPosting","@id":"https:\/\/www.eldigitaldeasturias.com\/noticias\/asturias-seleccionada-para-participar-en-el-programa-start\/#blogposting","name":"Asturias seleccionada para participar en el Programa Start - El Digital de Asturias","headline":"Asturias seleccionada para participar en el Programa Start","author":{"@id":"https:\/\/www.eldigitaldeasturias.com\/noticias\/author\/admin\/#author"},"publisher":{"@id":"https:\/\/www.eldigitaldeasturias.com\/noticias\/#organization"},"image":{"@type":"ImageObject","url":"https:\/\/www.eldigitaldeasturias.com\/noticias\/wp-content\/uploads\/2024\/04\/Programa-Start-en-Asturias.jpg","width":833,"height":485,"caption":"Foto: Prensa Gobierno de Asturias"},"datePublished":"2024-04-17T15:06:05+02:00","dateModified":"2024-04-17T15:09:35+02:00","inLanguage":"es-ES","mainEntityOfPage":{"@id":"https:\/\/www.eldigitaldeasturias.com\/noticias\/asturias-seleccionada-para-participar-en-el-programa-start\/#webpage"},"isPartOf":{"@id":"https:\/\/www.eldigitaldeasturias.com\/noticias\/asturias-seleccionada-para-participar-en-el-programa-start\/#webpage"},"articleSection":"Actualidad Asturias, Destacadas"},{"@type":"BreadcrumbList","@id":"https:\/\/www.eldigitaldeasturias.com\/noticias\/asturias-seleccionada-para-participar-en-el-programa-start\/#breadcrumblist","itemListElement":[{"@type":"ListItem","@id":"https:\/\/www.eldigitaldeasturias.com\/noticias#listItem","position":1,"name":"Home","item":"https:\/\/www.eldigitaldeasturias.com\/noticias","nextItem":{"@type":"ListItem","@id":"https:\/\/www.eldigitaldeasturias.com\/noticias\/category\/actualidad-asturias\/#listItem","name":"Actualidad Asturias"}},{"@type":"ListItem","@id":"https:\/\/www.eldigitaldeasturias.com\/noticias\/category\/actualidad-asturias\/#listItem","position":2,"name":"Actualidad Asturias","item":"https:\/\/www.eldigitaldeasturias.com\/noticias\/category\/actualidad-asturias\/","nextItem":{"@type":"ListItem","@id":"https:\/\/www.eldigitaldeasturias.com\/noticias\/asturias-seleccionada-para-participar-en-el-programa-start\/#listItem","name":"Asturias seleccionada para participar en el Programa Start"},"previousItem":{"@type":"ListItem","@id":"https:\/\/www.eldigitaldeasturias.com\/noticias#listItem","name":"Home"}},{"@type":"ListItem","@id":"https:\/\/www.eldigitaldeasturias.com\/noticias\/asturias-seleccionada-para-participar-en-el-programa-start\/#listItem","position":3,"name":"Asturias seleccionada para participar en el Programa Start","previousItem":{"@type":"ListItem","@id":"https:\/\/www.eldigitaldeasturias.com\/noticias\/category\/actualidad-asturias\/#listItem","name":"Actualidad Asturias"}}]},{"@type":"Organization","@id":"https:\/\/www.eldigitaldeasturias.com\/noticias\/#organization","name":"El Digital de Asturias","description":"Hemeroteca","url":"https:\/\/www.eldigitaldeasturias.com\/noticias\/","email":"info@eldigitaldeasturias.com","telephone":"+34652131393","logo":{"@type":"ImageObject","url":"https:\/\/www.eldigitaldeasturias.com\/noticias\/wp-content\/uploads\/2020\/12\/EDA.jpg","@id":"https:\/\/www.eldigitaldeasturias.com\/noticias\/asturias-seleccionada-para-participar-en-el-programa-start\/#organizationLogo","width":649,"height":297},"image":{"@id":"https:\/\/www.eldigitaldeasturias.com\/noticias\/asturias-seleccionada-para-participar-en-el-programa-start\/#organizationLogo"},"sameAs":["https:\/\/facebook.com\/eldigitaldeasturias","https:\/\/www.youtube.com\/channel\/UCZP-2wLEB9Rv6erhFmqVnvg"],"address":{"@id":"https:\/\/www.eldigitaldeasturias.com\/noticias\/#postaladdress","@type":"PostalAddress","streetAddress":"san antonio 4,","postalCode":"33430","addressLocality":"Cand\u00e1s","addressRegion":"Asturias","addressCountry":"ES"}},{"@type":"Person","@id":"https:\/\/www.eldigitaldeasturias.com\/noticias\/author\/admin\/#author","url":"https:\/\/www.eldigitaldeasturias.com\/noticias\/author\/admin\/","name":"El Digital de Asturias","image":{"@type":"ImageObject","@id":"https:\/\/www.eldigitaldeasturias.com\/noticias\/asturias-seleccionada-para-participar-en-el-programa-start\/#authorImage","url":"https:\/\/www.eldigitaldeasturias.com\/noticias\/wp-content\/litespeed\/avatar\/18677e78aa0546b92d9dbf31ec7d7668.jpg?ver=1777290358","width":96,"height":96,"caption":"El Digital de Asturias"}},{"@type":"WebPage","@id":"https:\/\/www.eldigitaldeasturias.com\/noticias\/asturias-seleccionada-para-participar-en-el-programa-start\/#webpage","url":"https:\/\/www.eldigitaldeasturias.com\/noticias\/asturias-seleccionada-para-participar-en-el-programa-start\/","name":"Asturias seleccionada para participar en el Programa Start - El Digital de Asturias","description":"El Principado de Asturias ha sido seleccionado para recibir respaldo t\u00e9cnico por parte de la Comisi\u00f3n Europea (CE) en el proceso de descarbonizaci\u00f3n de la","inLanguage":"es-ES","isPartOf":{"@id":"https:\/\/www.eldigitaldeasturias.com\/noticias\/#website"},"breadcrumb":{"@id":"https:\/\/www.eldigitaldeasturias.com\/noticias\/asturias-seleccionada-para-participar-en-el-programa-start\/#breadcrumblist"},"author":{"@id":"https:\/\/www.eldigitaldeasturias.com\/noticias\/author\/admin\/#author"},"creator":{"@id":"https:\/\/www.eldigitaldeasturias.com\/noticias\/author\/admin\/#author"},"image":{"@type":"ImageObject","url":"https:\/\/www.eldigitaldeasturias.com\/noticias\/wp-content\/uploads\/2024\/04\/Programa-Start-en-Asturias.jpg","@id":"https:\/\/www.eldigitaldeasturias.com\/noticias\/asturias-seleccionada-para-participar-en-el-programa-start\/#mainImage","width":833,"height":485,"caption":"Foto: Prensa Gobierno de Asturias"},"primaryImageOfPage":{"@id":"https:\/\/www.eldigitaldeasturias.com\/noticias\/asturias-seleccionada-para-participar-en-el-programa-start\/#mainImage"},"datePublished":"2024-04-17T15:06:05+02:00","dateModified":"2024-04-17T15:09:35+02:00"},{"@type":"WebSite","@id":"https:\/\/www.eldigitaldeasturias.com\/noticias\/#website","url":"https:\/\/www.eldigitaldeasturias.com\/noticias\/","name":"El Digital de Asturias - Diario de actualidad y noticias","alternateName":"El Digital de Asturias - Diario de actualidad y noticias","description":"Hemeroteca","inLanguage":"es-ES","publisher":{"@id":"https:\/\/www.eldigitaldeasturias.com\/noticias\/#organization"}}]},"og:locale":"es_ES","og:site_name":"El Digital de Asturias","og:type":"article","og:title":"Asturias seleccionada para participar en el Programa Start - El Digital de Asturias","og:description":"El Principado de Asturias ha sido seleccionado para recibir respaldo t\u00e9cnico por parte de la Comisi\u00f3n Europea (CE) en el proceso de descarbonizaci\u00f3n de la","og:url":"https:\/\/www.eldigitaldeasturias.com\/noticias\/asturias-seleccionada-para-participar-en-el-programa-start\/","og:image":"https:\/\/www.eldigitaldeasturias.com\/noticias\/wp-content\/uploads\/2024\/04\/Programa-Start-en-Asturias.jpg","og:image:secure_url":"https:\/\/www.eldigitaldeasturias.com\/noticias\/wp-content\/uploads\/2024\/04\/Programa-Start-en-Asturias.jpg","og:image:width":833,"og:image:height":485,"article:tag":["actualidad asturias","destacadas"],"article:published_time":"2024-04-17T13:06:05+00:00","article:modified_time":"2024-04-17T13:09:35+00:00","article:publisher":"https:\/\/facebook.com\/eldigitaldeasturias","twitter:card":"summary_large_image","twitter:title":"Asturias seleccionada para participar en el Programa Start - El Digital de Asturias","twitter:description":"El Principado de Asturias ha sido seleccionado para recibir respaldo t\u00e9cnico por parte de la Comisi\u00f3n Europea (CE) en el proceso de descarbonizaci\u00f3n de la","twitter:image":"https:\/\/www.eldigitaldeasturias.com\/noticias\/wp-content\/uploads\/2024\/04\/Programa-Start-en-Asturias.jpg","twitter:label1":"Escrito por","twitter:data1":"El Digital de Asturias","twitter:label2":"Tiempo de lectura estimado","twitter:data2":"3 minutos"},"aioseo_meta_data":{"post_id":"1130151","title":null,"description":"El Principado de Asturias ha sido seleccionado para recibir respaldo t\u00e9cnico por parte de la Comisi\u00f3n Europea (CE) en el proceso de descarbonizaci\u00f3n de la","keywords":null,"keyphrases":{"focus":{"keyphrase":"Asturias","score":91,"analysis":{"keyphraseInTitle":{"score":9,"maxScore":9,"error":0},"keyphraseInDescription":{"score":9,"maxScore":9,"error":0},"keyphraseLength":{"score":9,"maxScore":9,"error":0,"length":1},"keyphraseInURL":{"score":5,"maxScore":5,"error":0},"keyphraseInIntroduction":{"score":9,"maxScore":9,"error":0},"keyphraseInSubHeadings":{"score":3,"maxScore":9,"error":1},"keyphraseInImageAlt":{"score":9,"maxScore":9,"error":0},"keywordDensity":{"type":"best","score":9,"maxScore":9,"error":0}}},"additional":[{"keyphrase":"Asturias","score":100,"analysis":{"keyphraseInDescription":{"score":9,"maxScore":9,"error":0},"keyphraseLength":{"score":9,"maxScore":9,"error":0,"length":1},"keyphraseInIntroduction":{"score":9,"maxScore":9,"error":0},"keyphraseInImageAlt":{"score":9,"maxScore":9,"error":0},"keywordDensity":{"type":"best","score":9,"maxScore":9,"error":0}}}]},"primary_term":null,"canonical_url":null,"og_title":null,"og_description":null,"og_object_type":"default","og_image_type":"default","og_image_url":null,"og_image_width":null,"og_image_height":null,"og_image_custom_url":null,"og_image_custom_fields":null,"og_video":"","og_custom_url":null,"og_article_section":null,"og_article_tags":null,"twitter_use_og":false,"twitter_card":"default","twitter_image_type":"default","twitter_image_url":null,"twitter_image_custom_url":null,"twitter_image_custom_fields":null,"twitter_title":null,"twitter_description":null,"schema":{"blockGraphs":[],"customGraphs":[],"default":{"data":{"Article":[],"Course":[],"Dataset":[],"FAQPage":[],"Movie":[],"Person":[],"Product":[],"ProductReview":[],"Car":[],"Recipe":[],"Service":[],"SoftwareApplication":[],"WebPage":[]},"graphName":"BlogPosting","isEnabled":true},"graphs":[]},"schema_type":"default","schema_type_options":null,"pillar_content":false,"robots_default":true,"robots_noindex":false,"robots_noarchive":false,"robots_nosnippet":false,"robots_nofollow":false,"robots_noimageindex":false,"robots_noodp":false,"robots_notranslate":false,"robots_max_snippet":"-1","robots_max_videopreview":"-1","robots_max_imagepreview":"large","priority":null,"frequency":"default","local_seo":null,"seo_analyzer_scan_date":"2025-10-06 07:59:17","breadcrumb_settings":null,"limit_modified_date":false,"open_ai":"{\"title\":{\"suggestions\":[],\"usage\":0},\"description\":{\"suggestions\":[],\"usage\":0}}","ai":null,"created":"2024-04-17 12:56:50","updated":"2025-10-09 12:55:29"},"aioseo_breadcrumb":"<div class=\"aioseo-breadcrumbs\"><span class=\"aioseo-breadcrumb\">\n\t<a href=\"https:\/\/www.eldigitaldeasturias.com\/noticias\" title=\"Home\">Home<\/a>\n<\/span><span class=\"aioseo-breadcrumb-separator\">\u2013<\/span><span class=\"aioseo-breadcrumb\">\n\t<a href=\"https:\/\/www.eldigitaldeasturias.com\/noticias\/category\/actualidad-asturias\/\" title=\"Actualidad Asturias\">Actualidad Asturias<\/a>\n<\/span><span class=\"aioseo-breadcrumb-separator\">\u2013<\/span><span class=\"aioseo-breadcrumb\">\n\t<a href=\"https:\/\/www.eldigitaldeasturias.com\/noticias\/asturias-seleccionada-para-participar-en-el-programa-start\/\" title=\"Asturias seleccionada para participar en el Programa Start\">Asturias seleccionada para participar en el Programa Start<\/a>\n<\/span><\/div>","aioseo_breadcrumb_json":[{"label":"Home","link":"https:\/\/www.eldigitaldeasturias.com\/noticias"},{"label":"Actualidad Asturias","link":"https:\/\/www.eldigitaldeasturias.com\/noticias\/category\/actualidad-asturias\/"},{"label":"Asturias seleccionada para participar en el Programa Start","link":"https:\/\/www.eldigitaldeasturias.com\/noticias\/asturias-seleccionada-para-participar-en-el-programa-start\/"}],"_links":{"self":[{"href":"https:\/\/www.eldigitaldeasturias.com\/noticias\/wp-json\/wp\/v2\/posts\/1130151","targetHints":{"allow":["GET"]}}],"collection":[{"href":"https:\/\/www.eldigitaldeasturias.com\/noticias\/wp-json\/wp\/v2\/posts"}],"about":[{"href":"https:\/\/www.eldigitaldeasturias.com\/noticias\/wp-json\/wp\/v2\/types\/post"}],"author":[{"embeddable":true,"href":"https:\/\/www.eldigitaldeasturias.com\/noticias\/wp-json\/wp\/v2\/users\/1"}],"replies":[{"embeddable":true,"href":"https:\/\/www.eldigitaldeasturias.com\/noticias\/wp-json\/wp\/v2\/comments?post=1130151"}],"version-history":[{"count":0,"href":"https:\/\/www.eldigitaldeasturias.com\/noticias\/wp-json\/wp\/v2\/posts\/1130151\/revisions"}],"wp:featuredmedia":[{"embeddable":true,"href":"https:\/\/www.eldigitaldeasturias.com\/noticias\/wp-json\/wp\/v2\/media\/1130152"}],"wp:attachment":[{"href":"https:\/\/www.eldigitaldeasturias.com\/noticias\/wp-json\/wp\/v2\/media?parent=1130151"}],"wp:term":[{"taxonomy":"category","embeddable":true,"href":"https:\/\/www.eldigitaldeasturias.com\/noticias\/wp-json\/wp\/v2\/categories?post=1130151"},{"taxonomy":"post_tag","embeddable":true,"href":"https:\/\/www.eldigitaldeasturias.com\/noticias\/wp-json\/wp\/v2\/tags?post=1130151"}],"curies":[{"name":"wp","href":"https:\/\/api.w.org\/{rel}","templated":true}]}}