{"id":1130148,"date":"2024-04-17T14:35:50","date_gmt":"2024-04-17T12:35:50","guid":{"rendered":"https:\/\/www.eldigitaldeasturias.com\/noticias\/?p=1130148"},"modified":"2024-04-17T14:35:50","modified_gmt":"2024-04-17T12:35:50","slug":"fusion-de-los-colegios-concertados-los-robles-y-penamayor","status":"publish","type":"post","link":"https:\/\/www.eldigitaldeasturias.com\/noticias\/fusion-de-los-colegios-concertados-los-robles-y-penamayor\/","title":{"rendered":"Fusi\u00f3n de los colegios concertados Los Robles y Pe\u00f1amayor"},"content":{"rendered":"<p>La Consejer\u00eda de <a href=\"https:\/\/www.eldigitaldeasturias.com\/noticias\/tag\/educacion\/\"><span style=\"color: #ff6600;\"><strong>Educaci\u00f3n<\/strong><\/span><\/a> del Principado de Asturias ha autorizado la fusi\u00f3n de los colegios concertados Los Robles (Llanera) y Pe\u00f1amayor (Siero), pertenecientes a Fomento de Centros de Ense\u00f1anza, desde el pr\u00f3ximo curso (2024-2025). <strong>A partir del mes de septiembre, bajo un mismo equipo directivo y con un \u00fanico proyecto educativo, las clases de Infantil y Primaria se impartir\u00e1n en la sede de Siero y las de Secundaria y Bachillerato, en la de Llanera.<\/strong><\/p>\n<figure id=\"attachment_1130149\" aria-describedby=\"caption-attachment-1130149\" style=\"width: 650px\" class=\"wp-caption aligncenter\"><img loading=\"lazy\" decoding=\"async\" class=\"size-large wp-image-1130149\" src=\"https:\/\/www.eldigitaldeasturias.com\/noticias\/wp-content\/uploads\/2024\/04\/Fusion-de-colegios-Asturias-650x476.jpg\" alt=\"Fusi\u00f3n de colegios Asturias\" width=\"650\" height=\"476\" srcset=\"https:\/\/www.eldigitaldeasturias.com\/noticias\/wp-content\/uploads\/2024\/04\/Fusion-de-colegios-Asturias-650x476.jpg 650w, https:\/\/www.eldigitaldeasturias.com\/noticias\/wp-content\/uploads\/2024\/04\/Fusion-de-colegios-Asturias-360x263.jpg 360w, https:\/\/www.eldigitaldeasturias.com\/noticias\/wp-content\/uploads\/2024\/04\/Fusion-de-colegios-Asturias-410x300.jpg 410w, https:\/\/www.eldigitaldeasturias.com\/noticias\/wp-content\/uploads\/2024\/04\/Fusion-de-colegios-Asturias-768x562.jpg 768w, https:\/\/www.eldigitaldeasturias.com\/noticias\/wp-content\/uploads\/2024\/04\/Fusion-de-colegios-Asturias-150x110.jpg 150w, https:\/\/www.eldigitaldeasturias.com\/noticias\/wp-content\/uploads\/2024\/04\/Fusion-de-colegios-Asturias-450x329.jpg 450w, https:\/\/www.eldigitaldeasturias.com\/noticias\/wp-content\/uploads\/2024\/04\/Fusion-de-colegios-Asturias.jpg 899w\" sizes=\"auto, (max-width: 650px) 100vw, 650px\" \/><figcaption id=\"caption-attachment-1130149\" class=\"wp-caption-text\">Foto: Prensa Gobierno de Asturias<\/figcaption><\/figure>\n<p>La resoluci\u00f3n, elaborada por la Direcci\u00f3n General de Centros, Red 0-3 a\u00f1os y Ense\u00f1anzas Profesionales despu\u00e9s de meses de trabajo, cuenta ya con la firma de la consejera, Lydia Espina. El nombre del centro resultante ser\u00e1 <strong>Colegio de Fomento Los Robles-Pe\u00f1amayor<\/strong>.<\/p>\n<p>Una vez lista la resoluci\u00f3n, <strong>el nuevo colegio surgido de la fusi\u00f3n podr\u00e1 comenzar el pr\u00f3ximo lunes, 22 de abril<\/strong>, el procedimiento de admisi\u00f3n con normalidad, para unas aulas con alumnado mixto.<\/p>\n<p>La propiedad de estos dos centros comunic\u00f3 su compromiso de fusionarlos durante la celebraci\u00f3n de las comisiones de conciliaci\u00f3n convocadas por el <span style=\"color: #ff6600;\"><a style=\"color: #ff6600;\" title=\"Principado de Asturias\" href=\"https:\/\/actualidad.asturias.es\/\" target=\"_blank\" rel=\"noopener\"><strong>Gobierno del Principado<\/strong><\/a><\/span>, en el primer trimestre del curso, para conocer los motivos por los que se manten\u00eda la segregaci\u00f3n por sexo del alumnado de 1\u00ba de Primaria.<\/p>\n<h2>El procedimiento<\/h2>\n<p>La obligatoriedad de aplicar el principio de coeducaci\u00f3n y de no separar al alumnado por sexo est\u00e1 recogida en la nueva ley educativa (LOMLOE) y, expresamente, en la normativa de los conciertos educativos del Principado, que se renovaron el pasado 6 de julio. Para este curso, establece que debe aplicarse ya en 1\u00ba de Infantil y en 1\u00ba de Primaria. A partir del pr\u00f3ximo, en todos los cursos y niveles.<\/p>\n<blockquote><p>Dos semanas despu\u00e9s de la firma del nuevo concierto, el 19 de julio, Educaci\u00f3n remiti\u00f3 un escrito a la propiedad de los dos colegios para recordar que en la declaraci\u00f3n responsable firmada se asum\u00edan los citados requisitos.<\/p><\/blockquote>\n<p>En septiembre, tras revisar los datos de matriculaci\u00f3n, la consejer\u00eda solicit\u00f3 la intervenci\u00f3n del Servicio de Inspecci\u00f3n Educativa, que realiz\u00f3 una visita a ambos centros concertados. En esa inspecci\u00f3n se constat\u00f3 que en las instalaciones de Llanera estaban matriculados 15 alumnos en 1\u00ba de Primaria, todos ellos varones, mientras que en el colegio de Siero hab\u00eda matriculadas 21 ni\u00f1as en ese curso.<\/p>\n<p>El informe elaborado por este servicio, firmado el 15 de septiembre, apreciaba indicios de un presunto incumplimiento de las obligaciones recogidas en el concierto, la resoluci\u00f3n y la LOMLOE y propon\u00eda la constituci\u00f3n de dos comisiones de conciliaci\u00f3n, una por cada centro, para corroborar si se estaba vulnerando la ley.<\/p>\n<h2>La resoluci\u00f3n<\/h2>\n<p>La propiedad esgrimi\u00f3 en las reuniones de las comisiones de conciliaci\u00f3n las dificultades que se hab\u00eda encontrado para aplicar de manera pr\u00e1ctica los principios exigidos por la Administraci\u00f3n. <strong>En este sentido, aseguraba que hab\u00eda abierto la matr\u00edcula de los dos colegios a ambos sexos pero que no hab\u00eda sido efectivo. Con el objetivo de atenerse a la normativa, propuso la fusi\u00f3n como alternativa.<\/strong><\/p>\n<p>Las comisiones se cerraron a la espera de que este procedimiento se resolviera de manera favorable. Desde entonces, la consejer\u00eda ha reclamado a Fomento de Centros de Ense\u00f1anza toda la documentaci\u00f3n necesaria, desde los planos a la redistribuci\u00f3n de la oferta formativa, y ha redactado los informes que exige la normativa.<\/p>\n","protected":false},"excerpt":{"rendered":"<p>La Consejer\u00eda de Educaci\u00f3n del Principado de Asturias ha autorizado la fusi\u00f3n de los colegios concertados Los Robles (Llanera) y Pe\u00f1amayor (Siero), pertenecientes a Fomento de Centros de Ense\u00f1anza, desde el pr\u00f3ximo curso (2024-2025). A partir del mes de septiembre, bajo un mismo equipo directivo y con un \u00fanico proyecto educativo, las clases de Infantil [&hellip;]<\/p>\n","protected":false},"author":1,"featured_media":1130149,"comment_status":"closed","ping_status":"closed","sticky":false,"template":"","format":"standard","meta":{"footnotes":""},"categories":[12,141],"tags":[],"class_list":["post-1130148","post","type-post","status-publish","format-standard","has-post-thumbnail","hentry","category-actualidad-asturias","category-destacadas"],"aioseo_notices":[],"aioseo_head":"\n\t\t<!-- All in One SEO Pro 4.9.6.2 - aioseo.com -->\n\t<meta name=\"description\" content=\"La Consejer\u00eda de Educaci\u00f3n del Principado de Asturias ha autorizado la fusi\u00f3n de los colegios concertados Los Robles (Llanera) y Pe\u00f1amayor (Siero)\" \/>\n\t<meta name=\"robots\" content=\"max-image-preview:large\" \/>\n\t<meta name=\"author\" content=\"El Digital de Asturias\"\/>\n\t<meta name=\"google-site-verification\" content=\"UA-38556648-1\" \/>\n\t<meta name=\"msvalidate.01\" content=\"7dfe9f3f1b24437ab69f4f2559babe99\" \/>\n\t<meta name=\"keywords\" content=\"actualidad asturias,destacadas\" \/>\n\t<link rel=\"canonical\" href=\"https:\/\/www.eldigitaldeasturias.com\/noticias\/fusion-de-los-colegios-concertados-los-robles-y-penamayor\/\" \/>\n\t<meta name=\"generator\" content=\"All in One SEO Pro (AIOSEO) 4.9.6.2\" \/>\n\t\t<meta property=\"og:locale\" content=\"es_ES\" \/>\n\t\t<meta property=\"og:site_name\" content=\"El Digital de Asturias\" \/>\n\t\t<meta property=\"og:type\" content=\"article\" \/>\n\t\t<meta property=\"og:title\" content=\"Fusi\u00f3n de los colegios concertados Los Robles y Pe\u00f1amayor - El Digital de Asturias\" \/>\n\t\t<meta property=\"og:description\" content=\"La Consejer\u00eda de Educaci\u00f3n del Principado de Asturias ha autorizado la fusi\u00f3n de los colegios concertados Los Robles (Llanera) y Pe\u00f1amayor (Siero)\" \/>\n\t\t<meta property=\"og:url\" content=\"https:\/\/www.eldigitaldeasturias.com\/noticias\/fusion-de-los-colegios-concertados-los-robles-y-penamayor\/\" \/>\n\t\t<meta property=\"og:image\" content=\"https:\/\/www.eldigitaldeasturias.com\/noticias\/wp-content\/uploads\/2024\/04\/Fusion-de-colegios-Asturias.jpg\" \/>\n\t\t<meta property=\"og:image:secure_url\" content=\"https:\/\/www.eldigitaldeasturias.com\/noticias\/wp-content\/uploads\/2024\/04\/Fusion-de-colegios-Asturias.jpg\" \/>\n\t\t<meta property=\"og:image:width\" content=\"899\" \/>\n\t\t<meta property=\"og:image:height\" content=\"658\" \/>\n\t\t<meta property=\"article:tag\" content=\"actualidad asturias\" \/>\n\t\t<meta property=\"article:tag\" content=\"destacadas\" \/>\n\t\t<meta property=\"article:published_time\" content=\"2024-04-17T12:35:50+00:00\" \/>\n\t\t<meta property=\"article:modified_time\" content=\"2024-04-17T12:35:50+00:00\" \/>\n\t\t<meta property=\"article:publisher\" content=\"https:\/\/facebook.com\/eldigitaldeasturias\" \/>\n\t\t<meta name=\"twitter:card\" content=\"summary_large_image\" \/>\n\t\t<meta name=\"twitter:title\" content=\"Fusi\u00f3n de los colegios concertados Los Robles y Pe\u00f1amayor - El Digital de Asturias\" \/>\n\t\t<meta name=\"twitter:description\" content=\"La Consejer\u00eda de Educaci\u00f3n del Principado de Asturias ha autorizado la fusi\u00f3n de los colegios concertados Los Robles (Llanera) y Pe\u00f1amayor (Siero)\" \/>\n\t\t<meta name=\"twitter:image\" content=\"https:\/\/www.eldigitaldeasturias.com\/noticias\/wp-content\/uploads\/2024\/04\/Fusion-de-colegios-Asturias.jpg\" \/>\n\t\t<meta name=\"twitter:label1\" content=\"Escrito por\" \/>\n\t\t<meta name=\"twitter:data1\" content=\"El Digital de Asturias\" \/>\n\t\t<meta name=\"twitter:label2\" content=\"Tiempo de lectura estimado\" \/>\n\t\t<meta name=\"twitter:data2\" content=\"3 minutos\" \/>\n\t\t<script type=\"application\/ld+json\" class=\"aioseo-schema\">\n\t\t\t{\"@context\":\"https:\\\/\\\/schema.org\",\"@graph\":[{\"@type\":\"BlogPosting\",\"@id\":\"https:\\\/\\\/www.eldigitaldeasturias.com\\\/noticias\\\/fusion-de-los-colegios-concertados-los-robles-y-penamayor\\\/#blogposting\",\"name\":\"Fusi\\u00f3n de los colegios concertados Los Robles y Pe\\u00f1amayor - El Digital de Asturias\",\"headline\":\"Fusi\\u00f3n de los colegios concertados Los Robles y Pe\\u00f1amayor\",\"author\":{\"@id\":\"https:\\\/\\\/www.eldigitaldeasturias.com\\\/noticias\\\/author\\\/admin\\\/#author\"},\"publisher\":{\"@id\":\"https:\\\/\\\/www.eldigitaldeasturias.com\\\/noticias\\\/#organization\"},\"image\":{\"@type\":\"ImageObject\",\"url\":\"https:\\\/\\\/www.eldigitaldeasturias.com\\\/noticias\\\/wp-content\\\/uploads\\\/2024\\\/04\\\/Fusion-de-colegios-Asturias.jpg\",\"width\":899,\"height\":658,\"caption\":\"Foto: Prensa Gobierno de Asturias\"},\"datePublished\":\"2024-04-17T14:35:50+02:00\",\"dateModified\":\"2024-04-17T14:35:50+02:00\",\"inLanguage\":\"es-ES\",\"mainEntityOfPage\":{\"@id\":\"https:\\\/\\\/www.eldigitaldeasturias.com\\\/noticias\\\/fusion-de-los-colegios-concertados-los-robles-y-penamayor\\\/#webpage\"},\"isPartOf\":{\"@id\":\"https:\\\/\\\/www.eldigitaldeasturias.com\\\/noticias\\\/fusion-de-los-colegios-concertados-los-robles-y-penamayor\\\/#webpage\"},\"articleSection\":\"Actualidad Asturias, Destacadas\"},{\"@type\":\"BreadcrumbList\",\"@id\":\"https:\\\/\\\/www.eldigitaldeasturias.com\\\/noticias\\\/fusion-de-los-colegios-concertados-los-robles-y-penamayor\\\/#breadcrumblist\",\"itemListElement\":[{\"@type\":\"ListItem\",\"@id\":\"https:\\\/\\\/www.eldigitaldeasturias.com\\\/noticias#listItem\",\"position\":1,\"name\":\"Home\",\"item\":\"https:\\\/\\\/www.eldigitaldeasturias.com\\\/noticias\",\"nextItem\":{\"@type\":\"ListItem\",\"@id\":\"https:\\\/\\\/www.eldigitaldeasturias.com\\\/noticias\\\/category\\\/actualidad-asturias\\\/#listItem\",\"name\":\"Actualidad Asturias\"}},{\"@type\":\"ListItem\",\"@id\":\"https:\\\/\\\/www.eldigitaldeasturias.com\\\/noticias\\\/category\\\/actualidad-asturias\\\/#listItem\",\"position\":2,\"name\":\"Actualidad Asturias\",\"item\":\"https:\\\/\\\/www.eldigitaldeasturias.com\\\/noticias\\\/category\\\/actualidad-asturias\\\/\",\"nextItem\":{\"@type\":\"ListItem\",\"@id\":\"https:\\\/\\\/www.eldigitaldeasturias.com\\\/noticias\\\/fusion-de-los-colegios-concertados-los-robles-y-penamayor\\\/#listItem\",\"name\":\"Fusi\\u00f3n de los colegios concertados Los Robles y Pe\\u00f1amayor\"},\"previousItem\":{\"@type\":\"ListItem\",\"@id\":\"https:\\\/\\\/www.eldigitaldeasturias.com\\\/noticias#listItem\",\"name\":\"Home\"}},{\"@type\":\"ListItem\",\"@id\":\"https:\\\/\\\/www.eldigitaldeasturias.com\\\/noticias\\\/fusion-de-los-colegios-concertados-los-robles-y-penamayor\\\/#listItem\",\"position\":3,\"name\":\"Fusi\\u00f3n de los colegios concertados Los Robles y Pe\\u00f1amayor\",\"previousItem\":{\"@type\":\"ListItem\",\"@id\":\"https:\\\/\\\/www.eldigitaldeasturias.com\\\/noticias\\\/category\\\/actualidad-asturias\\\/#listItem\",\"name\":\"Actualidad Asturias\"}}]},{\"@type\":\"Organization\",\"@id\":\"https:\\\/\\\/www.eldigitaldeasturias.com\\\/noticias\\\/#organization\",\"name\":\"El Digital de Asturias\",\"description\":\"Hemeroteca\",\"url\":\"https:\\\/\\\/www.eldigitaldeasturias.com\\\/noticias\\\/\",\"email\":\"info@eldigitaldeasturias.com\",\"telephone\":\"+34652131393\",\"logo\":{\"@type\":\"ImageObject\",\"url\":\"https:\\\/\\\/www.eldigitaldeasturias.com\\\/noticias\\\/wp-content\\\/uploads\\\/2020\\\/12\\\/EDA.jpg\",\"@id\":\"https:\\\/\\\/www.eldigitaldeasturias.com\\\/noticias\\\/fusion-de-los-colegios-concertados-los-robles-y-penamayor\\\/#organizationLogo\",\"width\":649,\"height\":297},\"image\":{\"@id\":\"https:\\\/\\\/www.eldigitaldeasturias.com\\\/noticias\\\/fusion-de-los-colegios-concertados-los-robles-y-penamayor\\\/#organizationLogo\"},\"sameAs\":[\"https:\\\/\\\/facebook.com\\\/eldigitaldeasturias\",\"https:\\\/\\\/www.youtube.com\\\/channel\\\/UCZP-2wLEB9Rv6erhFmqVnvg\"],\"address\":{\"@id\":\"https:\\\/\\\/www.eldigitaldeasturias.com\\\/noticias\\\/#postaladdress\",\"@type\":\"PostalAddress\",\"streetAddress\":\"san antonio 4,\",\"postalCode\":\"33430\",\"addressLocality\":\"Cand\\u00e1s\",\"addressRegion\":\"Asturias\",\"addressCountry\":\"ES\"}},{\"@type\":\"Person\",\"@id\":\"https:\\\/\\\/www.eldigitaldeasturias.com\\\/noticias\\\/author\\\/admin\\\/#author\",\"url\":\"https:\\\/\\\/www.eldigitaldeasturias.com\\\/noticias\\\/author\\\/admin\\\/\",\"name\":\"El Digital de Asturias\",\"image\":{\"@type\":\"ImageObject\",\"@id\":\"https:\\\/\\\/www.eldigitaldeasturias.com\\\/noticias\\\/fusion-de-los-colegios-concertados-los-robles-y-penamayor\\\/#authorImage\",\"url\":\"https:\\\/\\\/www.eldigitaldeasturias.com\\\/noticias\\\/wp-content\\\/litespeed\\\/avatar\\\/18677e78aa0546b92d9dbf31ec7d7668.jpg?ver=1777290358\",\"width\":96,\"height\":96,\"caption\":\"El Digital de Asturias\"}},{\"@type\":\"WebPage\",\"@id\":\"https:\\\/\\\/www.eldigitaldeasturias.com\\\/noticias\\\/fusion-de-los-colegios-concertados-los-robles-y-penamayor\\\/#webpage\",\"url\":\"https:\\\/\\\/www.eldigitaldeasturias.com\\\/noticias\\\/fusion-de-los-colegios-concertados-los-robles-y-penamayor\\\/\",\"name\":\"Fusi\\u00f3n de los colegios concertados Los Robles y Pe\\u00f1amayor - El Digital de Asturias\",\"description\":\"La Consejer\\u00eda de Educaci\\u00f3n del Principado de Asturias ha autorizado la fusi\\u00f3n de los colegios concertados Los Robles (Llanera) y Pe\\u00f1amayor (Siero)\",\"inLanguage\":\"es-ES\",\"isPartOf\":{\"@id\":\"https:\\\/\\\/www.eldigitaldeasturias.com\\\/noticias\\\/#website\"},\"breadcrumb\":{\"@id\":\"https:\\\/\\\/www.eldigitaldeasturias.com\\\/noticias\\\/fusion-de-los-colegios-concertados-los-robles-y-penamayor\\\/#breadcrumblist\"},\"author\":{\"@id\":\"https:\\\/\\\/www.eldigitaldeasturias.com\\\/noticias\\\/author\\\/admin\\\/#author\"},\"creator\":{\"@id\":\"https:\\\/\\\/www.eldigitaldeasturias.com\\\/noticias\\\/author\\\/admin\\\/#author\"},\"image\":{\"@type\":\"ImageObject\",\"url\":\"https:\\\/\\\/www.eldigitaldeasturias.com\\\/noticias\\\/wp-content\\\/uploads\\\/2024\\\/04\\\/Fusion-de-colegios-Asturias.jpg\",\"@id\":\"https:\\\/\\\/www.eldigitaldeasturias.com\\\/noticias\\\/fusion-de-los-colegios-concertados-los-robles-y-penamayor\\\/#mainImage\",\"width\":899,\"height\":658,\"caption\":\"Foto: Prensa Gobierno de Asturias\"},\"primaryImageOfPage\":{\"@id\":\"https:\\\/\\\/www.eldigitaldeasturias.com\\\/noticias\\\/fusion-de-los-colegios-concertados-los-robles-y-penamayor\\\/#mainImage\"},\"datePublished\":\"2024-04-17T14:35:50+02:00\",\"dateModified\":\"2024-04-17T14:35:50+02:00\"},{\"@type\":\"WebSite\",\"@id\":\"https:\\\/\\\/www.eldigitaldeasturias.com\\\/noticias\\\/#website\",\"url\":\"https:\\\/\\\/www.eldigitaldeasturias.com\\\/noticias\\\/\",\"name\":\"El Digital de Asturias - Diario de actualidad y noticias\",\"alternateName\":\"El Digital de Asturias - Diario de actualidad y noticias\",\"description\":\"Hemeroteca\",\"inLanguage\":\"es-ES\",\"publisher\":{\"@id\":\"https:\\\/\\\/www.eldigitaldeasturias.com\\\/noticias\\\/#organization\"}}]}\n\t\t<\/script>\n\t\t<!-- All in One SEO Pro -->\r\n\t\t<title>Fusi\u00f3n de los colegios concertados Los Robles y Pe\u00f1amayor - El Digital de Asturias<\/title>\n\n","aioseo_head_json":{"title":"Fusi\u00f3n de los colegios concertados Los Robles y Pe\u00f1amayor - El Digital de Asturias","description":"La Consejer\u00eda de Educaci\u00f3n del Principado de Asturias ha autorizado la fusi\u00f3n de los colegios concertados Los Robles (Llanera) y Pe\u00f1amayor (Siero)","canonical_url":"https:\/\/www.eldigitaldeasturias.com\/noticias\/fusion-de-los-colegios-concertados-los-robles-y-penamayor\/","robots":"max-image-preview:large","keywords":"actualidad asturias,destacadas","webmasterTools":{"google-site-verification":"UA-38556648-1","msvalidate.01":"7dfe9f3f1b24437ab69f4f2559babe99","miscellaneous":""},"schema":{"@context":"https:\/\/schema.org","@graph":[{"@type":"BlogPosting","@id":"https:\/\/www.eldigitaldeasturias.com\/noticias\/fusion-de-los-colegios-concertados-los-robles-y-penamayor\/#blogposting","name":"Fusi\u00f3n de los colegios concertados Los Robles y Pe\u00f1amayor - El Digital de Asturias","headline":"Fusi\u00f3n de los colegios concertados Los Robles y Pe\u00f1amayor","author":{"@id":"https:\/\/www.eldigitaldeasturias.com\/noticias\/author\/admin\/#author"},"publisher":{"@id":"https:\/\/www.eldigitaldeasturias.com\/noticias\/#organization"},"image":{"@type":"ImageObject","url":"https:\/\/www.eldigitaldeasturias.com\/noticias\/wp-content\/uploads\/2024\/04\/Fusion-de-colegios-Asturias.jpg","width":899,"height":658,"caption":"Foto: Prensa Gobierno de Asturias"},"datePublished":"2024-04-17T14:35:50+02:00","dateModified":"2024-04-17T14:35:50+02:00","inLanguage":"es-ES","mainEntityOfPage":{"@id":"https:\/\/www.eldigitaldeasturias.com\/noticias\/fusion-de-los-colegios-concertados-los-robles-y-penamayor\/#webpage"},"isPartOf":{"@id":"https:\/\/www.eldigitaldeasturias.com\/noticias\/fusion-de-los-colegios-concertados-los-robles-y-penamayor\/#webpage"},"articleSection":"Actualidad Asturias, Destacadas"},{"@type":"BreadcrumbList","@id":"https:\/\/www.eldigitaldeasturias.com\/noticias\/fusion-de-los-colegios-concertados-los-robles-y-penamayor\/#breadcrumblist","itemListElement":[{"@type":"ListItem","@id":"https:\/\/www.eldigitaldeasturias.com\/noticias#listItem","position":1,"name":"Home","item":"https:\/\/www.eldigitaldeasturias.com\/noticias","nextItem":{"@type":"ListItem","@id":"https:\/\/www.eldigitaldeasturias.com\/noticias\/category\/actualidad-asturias\/#listItem","name":"Actualidad Asturias"}},{"@type":"ListItem","@id":"https:\/\/www.eldigitaldeasturias.com\/noticias\/category\/actualidad-asturias\/#listItem","position":2,"name":"Actualidad Asturias","item":"https:\/\/www.eldigitaldeasturias.com\/noticias\/category\/actualidad-asturias\/","nextItem":{"@type":"ListItem","@id":"https:\/\/www.eldigitaldeasturias.com\/noticias\/fusion-de-los-colegios-concertados-los-robles-y-penamayor\/#listItem","name":"Fusi\u00f3n de los colegios concertados Los Robles y Pe\u00f1amayor"},"previousItem":{"@type":"ListItem","@id":"https:\/\/www.eldigitaldeasturias.com\/noticias#listItem","name":"Home"}},{"@type":"ListItem","@id":"https:\/\/www.eldigitaldeasturias.com\/noticias\/fusion-de-los-colegios-concertados-los-robles-y-penamayor\/#listItem","position":3,"name":"Fusi\u00f3n de los colegios concertados Los Robles y Pe\u00f1amayor","previousItem":{"@type":"ListItem","@id":"https:\/\/www.eldigitaldeasturias.com\/noticias\/category\/actualidad-asturias\/#listItem","name":"Actualidad Asturias"}}]},{"@type":"Organization","@id":"https:\/\/www.eldigitaldeasturias.com\/noticias\/#organization","name":"El Digital de Asturias","description":"Hemeroteca","url":"https:\/\/www.eldigitaldeasturias.com\/noticias\/","email":"info@eldigitaldeasturias.com","telephone":"+34652131393","logo":{"@type":"ImageObject","url":"https:\/\/www.eldigitaldeasturias.com\/noticias\/wp-content\/uploads\/2020\/12\/EDA.jpg","@id":"https:\/\/www.eldigitaldeasturias.com\/noticias\/fusion-de-los-colegios-concertados-los-robles-y-penamayor\/#organizationLogo","width":649,"height":297},"image":{"@id":"https:\/\/www.eldigitaldeasturias.com\/noticias\/fusion-de-los-colegios-concertados-los-robles-y-penamayor\/#organizationLogo"},"sameAs":["https:\/\/facebook.com\/eldigitaldeasturias","https:\/\/www.youtube.com\/channel\/UCZP-2wLEB9Rv6erhFmqVnvg"],"address":{"@id":"https:\/\/www.eldigitaldeasturias.com\/noticias\/#postaladdress","@type":"PostalAddress","streetAddress":"san antonio 4,","postalCode":"33430","addressLocality":"Cand\u00e1s","addressRegion":"Asturias","addressCountry":"ES"}},{"@type":"Person","@id":"https:\/\/www.eldigitaldeasturias.com\/noticias\/author\/admin\/#author","url":"https:\/\/www.eldigitaldeasturias.com\/noticias\/author\/admin\/","name":"El Digital de Asturias","image":{"@type":"ImageObject","@id":"https:\/\/www.eldigitaldeasturias.com\/noticias\/fusion-de-los-colegios-concertados-los-robles-y-penamayor\/#authorImage","url":"https:\/\/www.eldigitaldeasturias.com\/noticias\/wp-content\/litespeed\/avatar\/18677e78aa0546b92d9dbf31ec7d7668.jpg?ver=1777290358","width":96,"height":96,"caption":"El Digital de Asturias"}},{"@type":"WebPage","@id":"https:\/\/www.eldigitaldeasturias.com\/noticias\/fusion-de-los-colegios-concertados-los-robles-y-penamayor\/#webpage","url":"https:\/\/www.eldigitaldeasturias.com\/noticias\/fusion-de-los-colegios-concertados-los-robles-y-penamayor\/","name":"Fusi\u00f3n de los colegios concertados Los Robles y Pe\u00f1amayor - El Digital de Asturias","description":"La Consejer\u00eda de Educaci\u00f3n del Principado de Asturias ha autorizado la fusi\u00f3n de los colegios concertados Los Robles (Llanera) y Pe\u00f1amayor (Siero)","inLanguage":"es-ES","isPartOf":{"@id":"https:\/\/www.eldigitaldeasturias.com\/noticias\/#website"},"breadcrumb":{"@id":"https:\/\/www.eldigitaldeasturias.com\/noticias\/fusion-de-los-colegios-concertados-los-robles-y-penamayor\/#breadcrumblist"},"author":{"@id":"https:\/\/www.eldigitaldeasturias.com\/noticias\/author\/admin\/#author"},"creator":{"@id":"https:\/\/www.eldigitaldeasturias.com\/noticias\/author\/admin\/#author"},"image":{"@type":"ImageObject","url":"https:\/\/www.eldigitaldeasturias.com\/noticias\/wp-content\/uploads\/2024\/04\/Fusion-de-colegios-Asturias.jpg","@id":"https:\/\/www.eldigitaldeasturias.com\/noticias\/fusion-de-los-colegios-concertados-los-robles-y-penamayor\/#mainImage","width":899,"height":658,"caption":"Foto: Prensa Gobierno de Asturias"},"primaryImageOfPage":{"@id":"https:\/\/www.eldigitaldeasturias.com\/noticias\/fusion-de-los-colegios-concertados-los-robles-y-penamayor\/#mainImage"},"datePublished":"2024-04-17T14:35:50+02:00","dateModified":"2024-04-17T14:35:50+02:00"},{"@type":"WebSite","@id":"https:\/\/www.eldigitaldeasturias.com\/noticias\/#website","url":"https:\/\/www.eldigitaldeasturias.com\/noticias\/","name":"El Digital de Asturias - Diario de actualidad y noticias","alternateName":"El Digital de Asturias - Diario de actualidad y noticias","description":"Hemeroteca","inLanguage":"es-ES","publisher":{"@id":"https:\/\/www.eldigitaldeasturias.com\/noticias\/#organization"}}]},"og:locale":"es_ES","og:site_name":"El Digital de Asturias","og:type":"article","og:title":"Fusi\u00f3n de los colegios concertados Los Robles y Pe\u00f1amayor - El Digital de Asturias","og:description":"La Consejer\u00eda de Educaci\u00f3n del Principado de Asturias ha autorizado la fusi\u00f3n de los colegios concertados Los Robles (Llanera) y Pe\u00f1amayor (Siero)","og:url":"https:\/\/www.eldigitaldeasturias.com\/noticias\/fusion-de-los-colegios-concertados-los-robles-y-penamayor\/","og:image":"https:\/\/www.eldigitaldeasturias.com\/noticias\/wp-content\/uploads\/2024\/04\/Fusion-de-colegios-Asturias.jpg","og:image:secure_url":"https:\/\/www.eldigitaldeasturias.com\/noticias\/wp-content\/uploads\/2024\/04\/Fusion-de-colegios-Asturias.jpg","og:image:width":899,"og:image:height":658,"article:tag":["actualidad asturias","destacadas"],"article:published_time":"2024-04-17T12:35:50+00:00","article:modified_time":"2024-04-17T12:35:50+00:00","article:publisher":"https:\/\/facebook.com\/eldigitaldeasturias","twitter:card":"summary_large_image","twitter:title":"Fusi\u00f3n de los colegios concertados Los Robles y Pe\u00f1amayor - El Digital de Asturias","twitter:description":"La Consejer\u00eda de Educaci\u00f3n del Principado de Asturias ha autorizado la fusi\u00f3n de los colegios concertados Los Robles (Llanera) y Pe\u00f1amayor (Siero)","twitter:image":"https:\/\/www.eldigitaldeasturias.com\/noticias\/wp-content\/uploads\/2024\/04\/Fusion-de-colegios-Asturias.jpg","twitter:label1":"Escrito por","twitter:data1":"El Digital de Asturias","twitter:label2":"Tiempo de lectura estimado","twitter:data2":"3 minutos"},"aioseo_meta_data":{"post_id":"1130148","title":null,"description":"La Consejer\u00eda de Educaci\u00f3n del Principado de Asturias ha autorizado la fusi\u00f3n de los colegios concertados Los Robles (Llanera) y Pe\u00f1amayor (Siero)","keywords":null,"keyphrases":{"focus":{"keyphrase":"colegios ","score":85,"analysis":{"keyphraseInTitle":{"score":9,"maxScore":9,"error":0},"keyphraseInDescription":{"score":9,"maxScore":9,"error":0},"keyphraseLength":{"score":9,"maxScore":9,"error":0,"length":1},"keyphraseInURL":{"score":1,"maxScore":5,"error":1},"keyphraseInIntroduction":{"score":9,"maxScore":9,"error":0},"keyphraseInSubHeadings":{"score":3,"maxScore":9,"error":1},"keyphraseInImageAlt":{"score":9,"maxScore":9,"error":0},"keywordDensity":{"type":"best","score":9,"maxScore":9,"error":0}}},"additional":[{"keyphrase":"colegios ","score":100,"analysis":{"keyphraseInDescription":{"score":9,"maxScore":9,"error":0},"keyphraseLength":{"score":9,"maxScore":9,"error":0,"length":1},"keyphraseInIntroduction":{"score":9,"maxScore":9,"error":0},"keyphraseInImageAlt":{"score":9,"maxScore":9,"error":0},"keywordDensity":{"type":"best","score":9,"maxScore":9,"error":0}}}]},"primary_term":null,"canonical_url":null,"og_title":null,"og_description":null,"og_object_type":"default","og_image_type":"default","og_image_url":null,"og_image_width":null,"og_image_height":null,"og_image_custom_url":null,"og_image_custom_fields":null,"og_video":"","og_custom_url":null,"og_article_section":null,"og_article_tags":null,"twitter_use_og":false,"twitter_card":"default","twitter_image_type":"default","twitter_image_url":null,"twitter_image_custom_url":null,"twitter_image_custom_fields":null,"twitter_title":null,"twitter_description":null,"schema":{"blockGraphs":[],"customGraphs":[],"default":{"data":{"Article":[],"Course":[],"Dataset":[],"FAQPage":[],"Movie":[],"Person":[],"Product":[],"ProductReview":[],"Car":[],"Recipe":[],"Service":[],"SoftwareApplication":[],"WebPage":[]},"graphName":"BlogPosting","isEnabled":true},"graphs":[]},"schema_type":"default","schema_type_options":null,"pillar_content":false,"robots_default":true,"robots_noindex":false,"robots_noarchive":false,"robots_nosnippet":false,"robots_nofollow":false,"robots_noimageindex":false,"robots_noodp":false,"robots_notranslate":false,"robots_max_snippet":"-1","robots_max_videopreview":"-1","robots_max_imagepreview":"large","priority":null,"frequency":"default","local_seo":null,"seo_analyzer_scan_date":"2025-10-06 07:59:08","breadcrumb_settings":null,"limit_modified_date":false,"open_ai":"{\"title\":{\"suggestions\":[],\"usage\":0},\"description\":{\"suggestions\":[],\"usage\":0}}","ai":null,"created":"2024-04-17 12:28:16","updated":"2025-10-09 12:55:29"},"aioseo_breadcrumb":"<div class=\"aioseo-breadcrumbs\"><span class=\"aioseo-breadcrumb\">\n\t<a href=\"https:\/\/www.eldigitaldeasturias.com\/noticias\" title=\"Home\">Home<\/a>\n<\/span><span class=\"aioseo-breadcrumb-separator\">\u2013<\/span><span class=\"aioseo-breadcrumb\">\n\t<a href=\"https:\/\/www.eldigitaldeasturias.com\/noticias\/category\/actualidad-asturias\/\" title=\"Actualidad Asturias\">Actualidad Asturias<\/a>\n<\/span><span class=\"aioseo-breadcrumb-separator\">\u2013<\/span><span class=\"aioseo-breadcrumb\">\n\t<a href=\"https:\/\/www.eldigitaldeasturias.com\/noticias\/fusion-de-los-colegios-concertados-los-robles-y-penamayor\/\" title=\"Fusi\u00f3n de los colegios concertados Los Robles y Pe\u00f1amayor\">Fusi\u00f3n de los colegios concertados Los Robles y Pe\u00f1amayor<\/a>\n<\/span><\/div>","aioseo_breadcrumb_json":[{"label":"Home","link":"https:\/\/www.eldigitaldeasturias.com\/noticias"},{"label":"Actualidad Asturias","link":"https:\/\/www.eldigitaldeasturias.com\/noticias\/category\/actualidad-asturias\/"},{"label":"Fusi\u00f3n de los colegios concertados Los Robles y Pe\u00f1amayor","link":"https:\/\/www.eldigitaldeasturias.com\/noticias\/fusion-de-los-colegios-concertados-los-robles-y-penamayor\/"}],"_links":{"self":[{"href":"https:\/\/www.eldigitaldeasturias.com\/noticias\/wp-json\/wp\/v2\/posts\/1130148","targetHints":{"allow":["GET"]}}],"collection":[{"href":"https:\/\/www.eldigitaldeasturias.com\/noticias\/wp-json\/wp\/v2\/posts"}],"about":[{"href":"https:\/\/www.eldigitaldeasturias.com\/noticias\/wp-json\/wp\/v2\/types\/post"}],"author":[{"embeddable":true,"href":"https:\/\/www.eldigitaldeasturias.com\/noticias\/wp-json\/wp\/v2\/users\/1"}],"replies":[{"embeddable":true,"href":"https:\/\/www.eldigitaldeasturias.com\/noticias\/wp-json\/wp\/v2\/comments?post=1130148"}],"version-history":[{"count":0,"href":"https:\/\/www.eldigitaldeasturias.com\/noticias\/wp-json\/wp\/v2\/posts\/1130148\/revisions"}],"wp:featuredmedia":[{"embeddable":true,"href":"https:\/\/www.eldigitaldeasturias.com\/noticias\/wp-json\/wp\/v2\/media\/1130149"}],"wp:attachment":[{"href":"https:\/\/www.eldigitaldeasturias.com\/noticias\/wp-json\/wp\/v2\/media?parent=1130148"}],"wp:term":[{"taxonomy":"category","embeddable":true,"href":"https:\/\/www.eldigitaldeasturias.com\/noticias\/wp-json\/wp\/v2\/categories?post=1130148"},{"taxonomy":"post_tag","embeddable":true,"href":"https:\/\/www.eldigitaldeasturias.com\/noticias\/wp-json\/wp\/v2\/tags?post=1130148"}],"curies":[{"name":"wp","href":"https:\/\/api.w.org\/{rel}","templated":true}]}}