{"id":1130081,"date":"2024-04-13T14:58:33","date_gmt":"2024-04-13T12:58:33","guid":{"rendered":"https:\/\/www.eldigitaldeasturias.com\/noticias\/?p=1130081"},"modified":"2024-04-13T14:59:07","modified_gmt":"2024-04-13T12:59:07","slug":"comienza-en-cornellana-la-feria-asturpesca-capenastur-2024","status":"publish","type":"post","link":"https:\/\/www.eldigitaldeasturias.com\/noticias\/comienza-en-cornellana-la-feria-asturpesca-capenastur-2024\/","title":{"rendered":"Comienza en Cornellana la feria Asturpesca-Capenastur 2024"},"content":{"rendered":"<p>Hoy ha comenzado en la localidad de <strong>Cornellana<\/strong>, Principado de Asturias, una nueva edici\u00f3n de la <a href=\"https:\/\/www.eldigitaldeasturias.com\/noticias\/category\/agenda\/\"><span style=\"color: #ff6600;\"><strong>feria<\/strong><\/span><\/a> <strong>Asturpesca-Capenastur 2024<\/strong>. El consejero del <span style=\"color: #ff6600;\"><a style=\"color: #ff6600;\" href=\"https:\/\/actualidad.asturias.es\/\"><strong>Principado<\/strong><\/a><\/span>, Marcelino Marcos, ha valorado el compromiso del Principado con la pesca fluvial y ha tendido la mano al sector.<\/p>\n<figure id=\"attachment_1130082\" aria-describedby=\"caption-attachment-1130082\" style=\"width: 650px\" class=\"wp-caption aligncenter\"><img loading=\"lazy\" decoding=\"async\" class=\"size-large wp-image-1130082\" src=\"https:\/\/www.eldigitaldeasturias.com\/noticias\/wp-content\/uploads\/2024\/04\/Feria-Asturpesca-Capenastur-2024-en-Cornellana-650x397.jpg\" alt=\"Feria Asturpesca-Capenastur 2024 en Cornellana\" width=\"650\" height=\"397\" srcset=\"https:\/\/www.eldigitaldeasturias.com\/noticias\/wp-content\/uploads\/2024\/04\/Feria-Asturpesca-Capenastur-2024-en-Cornellana-650x397.jpg 650w, https:\/\/www.eldigitaldeasturias.com\/noticias\/wp-content\/uploads\/2024\/04\/Feria-Asturpesca-Capenastur-2024-en-Cornellana-360x220.jpg 360w, https:\/\/www.eldigitaldeasturias.com\/noticias\/wp-content\/uploads\/2024\/04\/Feria-Asturpesca-Capenastur-2024-en-Cornellana-480x293.jpg 480w, https:\/\/www.eldigitaldeasturias.com\/noticias\/wp-content\/uploads\/2024\/04\/Feria-Asturpesca-Capenastur-2024-en-Cornellana-768x469.jpg 768w, https:\/\/www.eldigitaldeasturias.com\/noticias\/wp-content\/uploads\/2024\/04\/Feria-Asturpesca-Capenastur-2024-en-Cornellana-150x92.jpg 150w, https:\/\/www.eldigitaldeasturias.com\/noticias\/wp-content\/uploads\/2024\/04\/Feria-Asturpesca-Capenastur-2024-en-Cornellana-450x275.jpg 450w, https:\/\/www.eldigitaldeasturias.com\/noticias\/wp-content\/uploads\/2024\/04\/Feria-Asturpesca-Capenastur-2024-en-Cornellana.jpg 1062w\" sizes=\"auto, (max-width: 650px) 100vw, 650px\" \/><figcaption id=\"caption-attachment-1130082\" class=\"wp-caption-text\">Foto: Prensa Gobierno de Asturias<\/figcaption><\/figure>\n<p>El consejero de Medio Rural y Pol\u00edtica Agraria, Marcelino Marcos, ha defendido hoy el cupo de captura de salmones por cuenca fluvial para preservar esta especie en la comunidad. En este sentido, ha asegurado que la nueva normativa auton\u00f3mica de pesca fluvial, que limita las capturas a un ejemplar por pescador y d\u00eda, refleja el compromiso del Gobierno de Asturias con una actividad \u201cresponsable y sostenible\u201d.<\/p>\n<p><strong>Marcos ha inaugurado esta ma\u00f1ana la Feria del Salm\u00f3n Asturpesca-Capenastur 2024 en Cornellana\/Corniana<\/strong>, en el concejo de Salas, donde ha valorado el compromiso del Principado con la pesca fluvial y ha tendido la mano al sector. En este sentido, ha manifestado su disposici\u00f3n a escuchar sus necesidades y a trabajar \u201ccodo con codo\u201d para asegurar un futuro pr\u00f3spero y sostenible para esta actividad \u201ctan importante para la comunidad\u201d.<\/p>\n<p>Adem\u00e1s, ha anunciado que la convocatoria de subvenciones para las sociedades de pescadores aumentar\u00e1 el pr\u00f3ximo a\u00f1o un 25%, al pasar de los 72.800 euros actuales a 91.000. <strong>Adem\u00e1s, las sociedades de cazadores tambi\u00e9n ver\u00e1n incrementada su partida en el mismo porcentaje, hasta un total de 197.000 euros.<\/strong><\/p>\n<p>Adem\u00e1s, el titular de Medio Rural ha animado a visitar la feria de Salas, que \u201ces mucho m\u00e1s que un simple evento comercial\u201d.<strong> \u201cEsta cita supone una oportunidad para celebrar la riqueza de nuestros recursos naturales, para promover la sostenibilidad en la pesca y la acuicultura y para reconocer el arduo trabajo realizado por los pescadores\u201d, ha afirmado.<\/strong><\/p>\n<p>La <strong>feria Asturpesca-Capenastur 2024, declarada de Inter\u00e9s Tur\u00edstico regional<\/strong>, cuenta con una amplia programaci\u00f3n que incluye actividades como concursos o conferencias y que culminar\u00e1 ma\u00f1ana, domingo 14 de abril, con la tradicional subasta del Campanu de Asturias, que marca el inicio de la temporada.<\/p>\n","protected":false},"excerpt":{"rendered":"<p>Hoy ha comenzado en la localidad de Cornellana, Principado de Asturias, una nueva edici\u00f3n de la feria Asturpesca-Capenastur 2024. El consejero del Principado, Marcelino Marcos, ha valorado el compromiso del Principado con la pesca fluvial y ha tendido la mano al sector. El consejero de Medio Rural y Pol\u00edtica Agraria, Marcelino Marcos, ha defendido hoy [&hellip;]<\/p>\n","protected":false},"author":1,"featured_media":1130082,"comment_status":"closed","ping_status":"closed","sticky":false,"template":"","format":"standard","meta":{"footnotes":""},"categories":[12,141],"tags":[],"class_list":["post-1130081","post","type-post","status-publish","format-standard","has-post-thumbnail","hentry","category-actualidad-asturias","category-destacadas"],"aioseo_notices":[],"aioseo_head":"\n\t\t<!-- All in One SEO Pro 4.9.6.2 - aioseo.com -->\n\t<meta name=\"description\" content=\"Hoy ha comenzado en la localidad de Cornellana, Principado de Asturias, una nueva edici\u00f3n de la feria Asturpesca-Capenastur 2024. El consejero del Principado\" \/>\n\t<meta name=\"robots\" content=\"max-image-preview:large\" \/>\n\t<meta name=\"author\" content=\"El Digital de Asturias\"\/>\n\t<meta name=\"google-site-verification\" content=\"UA-38556648-1\" \/>\n\t<meta name=\"msvalidate.01\" content=\"7dfe9f3f1b24437ab69f4f2559babe99\" \/>\n\t<meta name=\"keywords\" content=\"actualidad asturias,destacadas\" \/>\n\t<link rel=\"canonical\" href=\"https:\/\/www.eldigitaldeasturias.com\/noticias\/comienza-en-cornellana-la-feria-asturpesca-capenastur-2024\/\" \/>\n\t<meta name=\"generator\" content=\"All in One SEO Pro (AIOSEO) 4.9.6.2\" \/>\n\t\t<meta property=\"og:locale\" content=\"es_ES\" \/>\n\t\t<meta property=\"og:site_name\" content=\"El Digital de Asturias\" \/>\n\t\t<meta property=\"og:type\" content=\"article\" \/>\n\t\t<meta property=\"og:title\" content=\"Comienza en Cornellana la feria Asturpesca-Capenastur 2024 - El Digital de Asturias\" \/>\n\t\t<meta property=\"og:description\" content=\"Hoy ha comenzado en la localidad de Cornellana, Principado de Asturias, una nueva edici\u00f3n de la feria Asturpesca-Capenastur 2024. El consejero del Principado\" \/>\n\t\t<meta property=\"og:url\" content=\"https:\/\/www.eldigitaldeasturias.com\/noticias\/comienza-en-cornellana-la-feria-asturpesca-capenastur-2024\/\" \/>\n\t\t<meta property=\"og:image\" content=\"https:\/\/www.eldigitaldeasturias.com\/noticias\/wp-content\/uploads\/2024\/04\/Feria-Asturpesca-Capenastur-2024-en-Cornellana.jpg\" \/>\n\t\t<meta property=\"og:image:secure_url\" content=\"https:\/\/www.eldigitaldeasturias.com\/noticias\/wp-content\/uploads\/2024\/04\/Feria-Asturpesca-Capenastur-2024-en-Cornellana.jpg\" \/>\n\t\t<meta property=\"og:image:width\" content=\"1062\" \/>\n\t\t<meta property=\"og:image:height\" content=\"649\" \/>\n\t\t<meta property=\"article:tag\" content=\"actualidad asturias\" \/>\n\t\t<meta property=\"article:tag\" content=\"destacadas\" \/>\n\t\t<meta property=\"article:published_time\" content=\"2024-04-13T12:58:33+00:00\" \/>\n\t\t<meta property=\"article:modified_time\" content=\"2024-04-13T12:59:07+00:00\" \/>\n\t\t<meta property=\"article:publisher\" content=\"https:\/\/facebook.com\/eldigitaldeasturias\" \/>\n\t\t<meta name=\"twitter:card\" content=\"summary_large_image\" \/>\n\t\t<meta name=\"twitter:title\" content=\"Comienza en Cornellana la feria Asturpesca-Capenastur 2024 - El Digital de Asturias\" \/>\n\t\t<meta name=\"twitter:description\" content=\"Hoy ha comenzado en la localidad de Cornellana, Principado de Asturias, una nueva edici\u00f3n de la feria Asturpesca-Capenastur 2024. El consejero del Principado\" \/>\n\t\t<meta name=\"twitter:image\" content=\"https:\/\/www.eldigitaldeasturias.com\/noticias\/wp-content\/uploads\/2024\/04\/Feria-Asturpesca-Capenastur-2024-en-Cornellana.jpg\" \/>\n\t\t<meta name=\"twitter:label1\" content=\"Escrito por\" \/>\n\t\t<meta name=\"twitter:data1\" content=\"El Digital de Asturias\" \/>\n\t\t<meta name=\"twitter:label2\" content=\"Tiempo de lectura estimado\" \/>\n\t\t<meta name=\"twitter:data2\" content=\"2 minutos\" \/>\n\t\t<script type=\"application\/ld+json\" class=\"aioseo-schema\">\n\t\t\t{\"@context\":\"https:\\\/\\\/schema.org\",\"@graph\":[{\"@type\":\"BlogPosting\",\"@id\":\"https:\\\/\\\/www.eldigitaldeasturias.com\\\/noticias\\\/comienza-en-cornellana-la-feria-asturpesca-capenastur-2024\\\/#blogposting\",\"name\":\"Comienza en Cornellana la feria Asturpesca-Capenastur 2024 - El Digital de Asturias\",\"headline\":\"Comienza en Cornellana la feria Asturpesca-Capenastur 2024\",\"author\":{\"@id\":\"https:\\\/\\\/www.eldigitaldeasturias.com\\\/noticias\\\/author\\\/admin\\\/#author\"},\"publisher\":{\"@id\":\"https:\\\/\\\/www.eldigitaldeasturias.com\\\/noticias\\\/#organization\"},\"image\":{\"@type\":\"ImageObject\",\"url\":\"https:\\\/\\\/www.eldigitaldeasturias.com\\\/noticias\\\/wp-content\\\/uploads\\\/2024\\\/04\\\/Feria-Asturpesca-Capenastur-2024-en-Cornellana.jpg\",\"width\":1062,\"height\":649,\"caption\":\"Foto: Prensa Gobierno de Asturias\"},\"datePublished\":\"2024-04-13T14:58:33+02:00\",\"dateModified\":\"2024-04-13T14:59:07+02:00\",\"inLanguage\":\"es-ES\",\"mainEntityOfPage\":{\"@id\":\"https:\\\/\\\/www.eldigitaldeasturias.com\\\/noticias\\\/comienza-en-cornellana-la-feria-asturpesca-capenastur-2024\\\/#webpage\"},\"isPartOf\":{\"@id\":\"https:\\\/\\\/www.eldigitaldeasturias.com\\\/noticias\\\/comienza-en-cornellana-la-feria-asturpesca-capenastur-2024\\\/#webpage\"},\"articleSection\":\"Actualidad Asturias, Destacadas\"},{\"@type\":\"BreadcrumbList\",\"@id\":\"https:\\\/\\\/www.eldigitaldeasturias.com\\\/noticias\\\/comienza-en-cornellana-la-feria-asturpesca-capenastur-2024\\\/#breadcrumblist\",\"itemListElement\":[{\"@type\":\"ListItem\",\"@id\":\"https:\\\/\\\/www.eldigitaldeasturias.com\\\/noticias#listItem\",\"position\":1,\"name\":\"Home\",\"item\":\"https:\\\/\\\/www.eldigitaldeasturias.com\\\/noticias\",\"nextItem\":{\"@type\":\"ListItem\",\"@id\":\"https:\\\/\\\/www.eldigitaldeasturias.com\\\/noticias\\\/category\\\/actualidad-asturias\\\/#listItem\",\"name\":\"Actualidad Asturias\"}},{\"@type\":\"ListItem\",\"@id\":\"https:\\\/\\\/www.eldigitaldeasturias.com\\\/noticias\\\/category\\\/actualidad-asturias\\\/#listItem\",\"position\":2,\"name\":\"Actualidad Asturias\",\"item\":\"https:\\\/\\\/www.eldigitaldeasturias.com\\\/noticias\\\/category\\\/actualidad-asturias\\\/\",\"nextItem\":{\"@type\":\"ListItem\",\"@id\":\"https:\\\/\\\/www.eldigitaldeasturias.com\\\/noticias\\\/comienza-en-cornellana-la-feria-asturpesca-capenastur-2024\\\/#listItem\",\"name\":\"Comienza en Cornellana la feria Asturpesca-Capenastur 2024\"},\"previousItem\":{\"@type\":\"ListItem\",\"@id\":\"https:\\\/\\\/www.eldigitaldeasturias.com\\\/noticias#listItem\",\"name\":\"Home\"}},{\"@type\":\"ListItem\",\"@id\":\"https:\\\/\\\/www.eldigitaldeasturias.com\\\/noticias\\\/comienza-en-cornellana-la-feria-asturpesca-capenastur-2024\\\/#listItem\",\"position\":3,\"name\":\"Comienza en Cornellana la feria Asturpesca-Capenastur 2024\",\"previousItem\":{\"@type\":\"ListItem\",\"@id\":\"https:\\\/\\\/www.eldigitaldeasturias.com\\\/noticias\\\/category\\\/actualidad-asturias\\\/#listItem\",\"name\":\"Actualidad Asturias\"}}]},{\"@type\":\"Organization\",\"@id\":\"https:\\\/\\\/www.eldigitaldeasturias.com\\\/noticias\\\/#organization\",\"name\":\"El Digital de Asturias\",\"description\":\"Hemeroteca\",\"url\":\"https:\\\/\\\/www.eldigitaldeasturias.com\\\/noticias\\\/\",\"email\":\"info@eldigitaldeasturias.com\",\"telephone\":\"+34652131393\",\"logo\":{\"@type\":\"ImageObject\",\"url\":\"https:\\\/\\\/www.eldigitaldeasturias.com\\\/noticias\\\/wp-content\\\/uploads\\\/2020\\\/12\\\/EDA.jpg\",\"@id\":\"https:\\\/\\\/www.eldigitaldeasturias.com\\\/noticias\\\/comienza-en-cornellana-la-feria-asturpesca-capenastur-2024\\\/#organizationLogo\",\"width\":649,\"height\":297},\"image\":{\"@id\":\"https:\\\/\\\/www.eldigitaldeasturias.com\\\/noticias\\\/comienza-en-cornellana-la-feria-asturpesca-capenastur-2024\\\/#organizationLogo\"},\"sameAs\":[\"https:\\\/\\\/facebook.com\\\/eldigitaldeasturias\",\"https:\\\/\\\/www.youtube.com\\\/channel\\\/UCZP-2wLEB9Rv6erhFmqVnvg\"],\"address\":{\"@id\":\"https:\\\/\\\/www.eldigitaldeasturias.com\\\/noticias\\\/#postaladdress\",\"@type\":\"PostalAddress\",\"streetAddress\":\"san antonio 4,\",\"postalCode\":\"33430\",\"addressLocality\":\"Cand\\u00e1s\",\"addressRegion\":\"Asturias\",\"addressCountry\":\"ES\"}},{\"@type\":\"Person\",\"@id\":\"https:\\\/\\\/www.eldigitaldeasturias.com\\\/noticias\\\/author\\\/admin\\\/#author\",\"url\":\"https:\\\/\\\/www.eldigitaldeasturias.com\\\/noticias\\\/author\\\/admin\\\/\",\"name\":\"El Digital de Asturias\",\"image\":{\"@type\":\"ImageObject\",\"@id\":\"https:\\\/\\\/www.eldigitaldeasturias.com\\\/noticias\\\/comienza-en-cornellana-la-feria-asturpesca-capenastur-2024\\\/#authorImage\",\"url\":\"https:\\\/\\\/www.eldigitaldeasturias.com\\\/noticias\\\/wp-content\\\/litespeed\\\/avatar\\\/18677e78aa0546b92d9dbf31ec7d7668.jpg?ver=1777290358\",\"width\":96,\"height\":96,\"caption\":\"El Digital de Asturias\"}},{\"@type\":\"WebPage\",\"@id\":\"https:\\\/\\\/www.eldigitaldeasturias.com\\\/noticias\\\/comienza-en-cornellana-la-feria-asturpesca-capenastur-2024\\\/#webpage\",\"url\":\"https:\\\/\\\/www.eldigitaldeasturias.com\\\/noticias\\\/comienza-en-cornellana-la-feria-asturpesca-capenastur-2024\\\/\",\"name\":\"Comienza en Cornellana la feria Asturpesca-Capenastur 2024 - El Digital de Asturias\",\"description\":\"Hoy ha comenzado en la localidad de Cornellana, Principado de Asturias, una nueva edici\\u00f3n de la feria Asturpesca-Capenastur 2024. El consejero del Principado\",\"inLanguage\":\"es-ES\",\"isPartOf\":{\"@id\":\"https:\\\/\\\/www.eldigitaldeasturias.com\\\/noticias\\\/#website\"},\"breadcrumb\":{\"@id\":\"https:\\\/\\\/www.eldigitaldeasturias.com\\\/noticias\\\/comienza-en-cornellana-la-feria-asturpesca-capenastur-2024\\\/#breadcrumblist\"},\"author\":{\"@id\":\"https:\\\/\\\/www.eldigitaldeasturias.com\\\/noticias\\\/author\\\/admin\\\/#author\"},\"creator\":{\"@id\":\"https:\\\/\\\/www.eldigitaldeasturias.com\\\/noticias\\\/author\\\/admin\\\/#author\"},\"image\":{\"@type\":\"ImageObject\",\"url\":\"https:\\\/\\\/www.eldigitaldeasturias.com\\\/noticias\\\/wp-content\\\/uploads\\\/2024\\\/04\\\/Feria-Asturpesca-Capenastur-2024-en-Cornellana.jpg\",\"@id\":\"https:\\\/\\\/www.eldigitaldeasturias.com\\\/noticias\\\/comienza-en-cornellana-la-feria-asturpesca-capenastur-2024\\\/#mainImage\",\"width\":1062,\"height\":649,\"caption\":\"Foto: Prensa Gobierno de Asturias\"},\"primaryImageOfPage\":{\"@id\":\"https:\\\/\\\/www.eldigitaldeasturias.com\\\/noticias\\\/comienza-en-cornellana-la-feria-asturpesca-capenastur-2024\\\/#mainImage\"},\"datePublished\":\"2024-04-13T14:58:33+02:00\",\"dateModified\":\"2024-04-13T14:59:07+02:00\"},{\"@type\":\"WebSite\",\"@id\":\"https:\\\/\\\/www.eldigitaldeasturias.com\\\/noticias\\\/#website\",\"url\":\"https:\\\/\\\/www.eldigitaldeasturias.com\\\/noticias\\\/\",\"name\":\"El Digital de Asturias - Diario de actualidad y noticias\",\"alternateName\":\"El Digital de Asturias - Diario de actualidad y noticias\",\"description\":\"Hemeroteca\",\"inLanguage\":\"es-ES\",\"publisher\":{\"@id\":\"https:\\\/\\\/www.eldigitaldeasturias.com\\\/noticias\\\/#organization\"}}]}\n\t\t<\/script>\n\t\t<!-- All in One SEO Pro -->\r\n\t\t<title>Comienza en Cornellana la feria Asturpesca-Capenastur 2024 - El Digital de Asturias<\/title>\n\n","aioseo_head_json":{"title":"Comienza en Cornellana la feria Asturpesca-Capenastur 2024 - El Digital de Asturias","description":"Hoy ha comenzado en la localidad de Cornellana, Principado de Asturias, una nueva edici\u00f3n de la feria Asturpesca-Capenastur 2024. El consejero del Principado","canonical_url":"https:\/\/www.eldigitaldeasturias.com\/noticias\/comienza-en-cornellana-la-feria-asturpesca-capenastur-2024\/","robots":"max-image-preview:large","keywords":"actualidad asturias,destacadas","webmasterTools":{"google-site-verification":"UA-38556648-1","msvalidate.01":"7dfe9f3f1b24437ab69f4f2559babe99","miscellaneous":""},"schema":{"@context":"https:\/\/schema.org","@graph":[{"@type":"BlogPosting","@id":"https:\/\/www.eldigitaldeasturias.com\/noticias\/comienza-en-cornellana-la-feria-asturpesca-capenastur-2024\/#blogposting","name":"Comienza en Cornellana la feria Asturpesca-Capenastur 2024 - El Digital de Asturias","headline":"Comienza en Cornellana la feria Asturpesca-Capenastur 2024","author":{"@id":"https:\/\/www.eldigitaldeasturias.com\/noticias\/author\/admin\/#author"},"publisher":{"@id":"https:\/\/www.eldigitaldeasturias.com\/noticias\/#organization"},"image":{"@type":"ImageObject","url":"https:\/\/www.eldigitaldeasturias.com\/noticias\/wp-content\/uploads\/2024\/04\/Feria-Asturpesca-Capenastur-2024-en-Cornellana.jpg","width":1062,"height":649,"caption":"Foto: Prensa Gobierno de Asturias"},"datePublished":"2024-04-13T14:58:33+02:00","dateModified":"2024-04-13T14:59:07+02:00","inLanguage":"es-ES","mainEntityOfPage":{"@id":"https:\/\/www.eldigitaldeasturias.com\/noticias\/comienza-en-cornellana-la-feria-asturpesca-capenastur-2024\/#webpage"},"isPartOf":{"@id":"https:\/\/www.eldigitaldeasturias.com\/noticias\/comienza-en-cornellana-la-feria-asturpesca-capenastur-2024\/#webpage"},"articleSection":"Actualidad Asturias, Destacadas"},{"@type":"BreadcrumbList","@id":"https:\/\/www.eldigitaldeasturias.com\/noticias\/comienza-en-cornellana-la-feria-asturpesca-capenastur-2024\/#breadcrumblist","itemListElement":[{"@type":"ListItem","@id":"https:\/\/www.eldigitaldeasturias.com\/noticias#listItem","position":1,"name":"Home","item":"https:\/\/www.eldigitaldeasturias.com\/noticias","nextItem":{"@type":"ListItem","@id":"https:\/\/www.eldigitaldeasturias.com\/noticias\/category\/actualidad-asturias\/#listItem","name":"Actualidad Asturias"}},{"@type":"ListItem","@id":"https:\/\/www.eldigitaldeasturias.com\/noticias\/category\/actualidad-asturias\/#listItem","position":2,"name":"Actualidad Asturias","item":"https:\/\/www.eldigitaldeasturias.com\/noticias\/category\/actualidad-asturias\/","nextItem":{"@type":"ListItem","@id":"https:\/\/www.eldigitaldeasturias.com\/noticias\/comienza-en-cornellana-la-feria-asturpesca-capenastur-2024\/#listItem","name":"Comienza en Cornellana la feria Asturpesca-Capenastur 2024"},"previousItem":{"@type":"ListItem","@id":"https:\/\/www.eldigitaldeasturias.com\/noticias#listItem","name":"Home"}},{"@type":"ListItem","@id":"https:\/\/www.eldigitaldeasturias.com\/noticias\/comienza-en-cornellana-la-feria-asturpesca-capenastur-2024\/#listItem","position":3,"name":"Comienza en Cornellana la feria Asturpesca-Capenastur 2024","previousItem":{"@type":"ListItem","@id":"https:\/\/www.eldigitaldeasturias.com\/noticias\/category\/actualidad-asturias\/#listItem","name":"Actualidad Asturias"}}]},{"@type":"Organization","@id":"https:\/\/www.eldigitaldeasturias.com\/noticias\/#organization","name":"El Digital de Asturias","description":"Hemeroteca","url":"https:\/\/www.eldigitaldeasturias.com\/noticias\/","email":"info@eldigitaldeasturias.com","telephone":"+34652131393","logo":{"@type":"ImageObject","url":"https:\/\/www.eldigitaldeasturias.com\/noticias\/wp-content\/uploads\/2020\/12\/EDA.jpg","@id":"https:\/\/www.eldigitaldeasturias.com\/noticias\/comienza-en-cornellana-la-feria-asturpesca-capenastur-2024\/#organizationLogo","width":649,"height":297},"image":{"@id":"https:\/\/www.eldigitaldeasturias.com\/noticias\/comienza-en-cornellana-la-feria-asturpesca-capenastur-2024\/#organizationLogo"},"sameAs":["https:\/\/facebook.com\/eldigitaldeasturias","https:\/\/www.youtube.com\/channel\/UCZP-2wLEB9Rv6erhFmqVnvg"],"address":{"@id":"https:\/\/www.eldigitaldeasturias.com\/noticias\/#postaladdress","@type":"PostalAddress","streetAddress":"san antonio 4,","postalCode":"33430","addressLocality":"Cand\u00e1s","addressRegion":"Asturias","addressCountry":"ES"}},{"@type":"Person","@id":"https:\/\/www.eldigitaldeasturias.com\/noticias\/author\/admin\/#author","url":"https:\/\/www.eldigitaldeasturias.com\/noticias\/author\/admin\/","name":"El Digital de Asturias","image":{"@type":"ImageObject","@id":"https:\/\/www.eldigitaldeasturias.com\/noticias\/comienza-en-cornellana-la-feria-asturpesca-capenastur-2024\/#authorImage","url":"https:\/\/www.eldigitaldeasturias.com\/noticias\/wp-content\/litespeed\/avatar\/18677e78aa0546b92d9dbf31ec7d7668.jpg?ver=1777290358","width":96,"height":96,"caption":"El Digital de Asturias"}},{"@type":"WebPage","@id":"https:\/\/www.eldigitaldeasturias.com\/noticias\/comienza-en-cornellana-la-feria-asturpesca-capenastur-2024\/#webpage","url":"https:\/\/www.eldigitaldeasturias.com\/noticias\/comienza-en-cornellana-la-feria-asturpesca-capenastur-2024\/","name":"Comienza en Cornellana la feria Asturpesca-Capenastur 2024 - El Digital de Asturias","description":"Hoy ha comenzado en la localidad de Cornellana, Principado de Asturias, una nueva edici\u00f3n de la feria Asturpesca-Capenastur 2024. El consejero del Principado","inLanguage":"es-ES","isPartOf":{"@id":"https:\/\/www.eldigitaldeasturias.com\/noticias\/#website"},"breadcrumb":{"@id":"https:\/\/www.eldigitaldeasturias.com\/noticias\/comienza-en-cornellana-la-feria-asturpesca-capenastur-2024\/#breadcrumblist"},"author":{"@id":"https:\/\/www.eldigitaldeasturias.com\/noticias\/author\/admin\/#author"},"creator":{"@id":"https:\/\/www.eldigitaldeasturias.com\/noticias\/author\/admin\/#author"},"image":{"@type":"ImageObject","url":"https:\/\/www.eldigitaldeasturias.com\/noticias\/wp-content\/uploads\/2024\/04\/Feria-Asturpesca-Capenastur-2024-en-Cornellana.jpg","@id":"https:\/\/www.eldigitaldeasturias.com\/noticias\/comienza-en-cornellana-la-feria-asturpesca-capenastur-2024\/#mainImage","width":1062,"height":649,"caption":"Foto: Prensa Gobierno de Asturias"},"primaryImageOfPage":{"@id":"https:\/\/www.eldigitaldeasturias.com\/noticias\/comienza-en-cornellana-la-feria-asturpesca-capenastur-2024\/#mainImage"},"datePublished":"2024-04-13T14:58:33+02:00","dateModified":"2024-04-13T14:59:07+02:00"},{"@type":"WebSite","@id":"https:\/\/www.eldigitaldeasturias.com\/noticias\/#website","url":"https:\/\/www.eldigitaldeasturias.com\/noticias\/","name":"El Digital de Asturias - Diario de actualidad y noticias","alternateName":"El Digital de Asturias - Diario de actualidad y noticias","description":"Hemeroteca","inLanguage":"es-ES","publisher":{"@id":"https:\/\/www.eldigitaldeasturias.com\/noticias\/#organization"}}]},"og:locale":"es_ES","og:site_name":"El Digital de Asturias","og:type":"article","og:title":"Comienza en Cornellana la feria Asturpesca-Capenastur 2024 - El Digital de Asturias","og:description":"Hoy ha comenzado en la localidad de Cornellana, Principado de Asturias, una nueva edici\u00f3n de la feria Asturpesca-Capenastur 2024. El consejero del Principado","og:url":"https:\/\/www.eldigitaldeasturias.com\/noticias\/comienza-en-cornellana-la-feria-asturpesca-capenastur-2024\/","og:image":"https:\/\/www.eldigitaldeasturias.com\/noticias\/wp-content\/uploads\/2024\/04\/Feria-Asturpesca-Capenastur-2024-en-Cornellana.jpg","og:image:secure_url":"https:\/\/www.eldigitaldeasturias.com\/noticias\/wp-content\/uploads\/2024\/04\/Feria-Asturpesca-Capenastur-2024-en-Cornellana.jpg","og:image:width":1062,"og:image:height":649,"article:tag":["actualidad asturias","destacadas"],"article:published_time":"2024-04-13T12:58:33+00:00","article:modified_time":"2024-04-13T12:59:07+00:00","article:publisher":"https:\/\/facebook.com\/eldigitaldeasturias","twitter:card":"summary_large_image","twitter:title":"Comienza en Cornellana la feria Asturpesca-Capenastur 2024 - El Digital de Asturias","twitter:description":"Hoy ha comenzado en la localidad de Cornellana, Principado de Asturias, una nueva edici\u00f3n de la feria Asturpesca-Capenastur 2024. El consejero del Principado","twitter:image":"https:\/\/www.eldigitaldeasturias.com\/noticias\/wp-content\/uploads\/2024\/04\/Feria-Asturpesca-Capenastur-2024-en-Cornellana.jpg","twitter:label1":"Escrito por","twitter:data1":"El Digital de Asturias","twitter:label2":"Tiempo de lectura estimado","twitter:data2":"2 minutos"},"aioseo_meta_data":{"post_id":"1130081","title":null,"description":"Hoy ha comenzado en la localidad de Cornellana, Principado de Asturias, una nueva edici\u00f3n de la feria Asturpesca-Capenastur 2024. El consejero del Principado","keywords":[],"keyphrases":{"focus":{"keyphrase":"Cornellana","score":100,"analysis":{"keyphraseInTitle":{"score":9,"maxScore":9,"error":0},"keyphraseInDescription":{"score":9,"maxScore":9,"error":0},"keyphraseLength":{"score":9,"maxScore":9,"error":0,"length":1},"keyphraseInURL":{"score":5,"maxScore":5,"error":0},"keyphraseInIntroduction":{"score":9,"maxScore":9,"error":0},"keyphraseInSubHeadings":[],"keyphraseInImageAlt":{"score":9,"maxScore":9,"error":0},"keywordDensity":{"type":"best","score":9,"maxScore":9,"error":0}}},"additional":[{"keyphrase":"Cornellana","score":100,"analysis":{"keyphraseInDescription":{"score":9,"maxScore":9,"error":0},"keyphraseLength":{"score":9,"maxScore":9,"error":0,"length":1},"keyphraseInIntroduction":{"score":9,"maxScore":9,"error":0},"keyphraseInImageAlt":{"score":9,"maxScore":9,"error":0},"keywordDensity":{"type":"best","score":9,"maxScore":9,"error":0}}},{"keyphrase":"Asturpesca-Capenastur","score":100,"analysis":{"keyphraseInDescription":{"score":9,"maxScore":9,"error":0},"keyphraseLength":{"score":9,"maxScore":9,"error":0,"length":1},"keyphraseInIntroduction":{"score":9,"maxScore":9,"error":0},"keyphraseInImageAlt":{"score":9,"maxScore":9,"error":0},"keywordDensity":{"type":"best","score":9,"maxScore":9,"error":0}}}]},"primary_term":null,"canonical_url":null,"og_title":null,"og_description":null,"og_object_type":"default","og_image_type":"default","og_image_url":null,"og_image_width":null,"og_image_height":null,"og_image_custom_url":null,"og_image_custom_fields":null,"og_video":"","og_custom_url":null,"og_article_section":null,"og_article_tags":[],"twitter_use_og":false,"twitter_card":"default","twitter_image_type":"default","twitter_image_url":null,"twitter_image_custom_url":null,"twitter_image_custom_fields":null,"twitter_title":null,"twitter_description":null,"schema":{"blockGraphs":[],"customGraphs":[],"default":{"data":{"Article":[],"Course":[],"Dataset":[],"FAQPage":[],"Movie":[],"Person":[],"Product":[],"ProductReview":[],"Car":[],"Recipe":[],"Service":[],"SoftwareApplication":[],"WebPage":[]},"graphName":"BlogPosting","isEnabled":true},"graphs":[]},"schema_type":"default","schema_type_options":null,"pillar_content":false,"robots_default":true,"robots_noindex":false,"robots_noarchive":false,"robots_nosnippet":false,"robots_nofollow":false,"robots_noimageindex":false,"robots_noodp":false,"robots_notranslate":false,"robots_max_snippet":"-1","robots_max_videopreview":"-1","robots_max_imagepreview":"large","priority":null,"frequency":"default","local_seo":null,"seo_analyzer_scan_date":"2025-10-06 07:47:52","breadcrumb_settings":null,"limit_modified_date":false,"open_ai":"{\"title\":{\"suggestions\":[],\"usage\":0},\"description\":{\"suggestions\":[],\"usage\":0}}","ai":null,"created":"2024-04-13 12:48:45","updated":"2025-10-09 12:43:42"},"aioseo_breadcrumb":"<div class=\"aioseo-breadcrumbs\"><span class=\"aioseo-breadcrumb\">\n\t<a href=\"https:\/\/www.eldigitaldeasturias.com\/noticias\" title=\"Home\">Home<\/a>\n<\/span><span class=\"aioseo-breadcrumb-separator\">\u2013<\/span><span class=\"aioseo-breadcrumb\">\n\t<a href=\"https:\/\/www.eldigitaldeasturias.com\/noticias\/category\/actualidad-asturias\/\" title=\"Actualidad Asturias\">Actualidad Asturias<\/a>\n<\/span><span class=\"aioseo-breadcrumb-separator\">\u2013<\/span><span class=\"aioseo-breadcrumb\">\n\t<a href=\"https:\/\/www.eldigitaldeasturias.com\/noticias\/comienza-en-cornellana-la-feria-asturpesca-capenastur-2024\/\" title=\"Comienza en Cornellana la feria Asturpesca-Capenastur 2024\">Comienza en Cornellana la feria Asturpesca-Capenastur 2024<\/a>\n<\/span><\/div>","aioseo_breadcrumb_json":[{"label":"Home","link":"https:\/\/www.eldigitaldeasturias.com\/noticias"},{"label":"Actualidad Asturias","link":"https:\/\/www.eldigitaldeasturias.com\/noticias\/category\/actualidad-asturias\/"},{"label":"Comienza en Cornellana la feria Asturpesca-Capenastur 2024","link":"https:\/\/www.eldigitaldeasturias.com\/noticias\/comienza-en-cornellana-la-feria-asturpesca-capenastur-2024\/"}],"_links":{"self":[{"href":"https:\/\/www.eldigitaldeasturias.com\/noticias\/wp-json\/wp\/v2\/posts\/1130081","targetHints":{"allow":["GET"]}}],"collection":[{"href":"https:\/\/www.eldigitaldeasturias.com\/noticias\/wp-json\/wp\/v2\/posts"}],"about":[{"href":"https:\/\/www.eldigitaldeasturias.com\/noticias\/wp-json\/wp\/v2\/types\/post"}],"author":[{"embeddable":true,"href":"https:\/\/www.eldigitaldeasturias.com\/noticias\/wp-json\/wp\/v2\/users\/1"}],"replies":[{"embeddable":true,"href":"https:\/\/www.eldigitaldeasturias.com\/noticias\/wp-json\/wp\/v2\/comments?post=1130081"}],"version-history":[{"count":0,"href":"https:\/\/www.eldigitaldeasturias.com\/noticias\/wp-json\/wp\/v2\/posts\/1130081\/revisions"}],"wp:featuredmedia":[{"embeddable":true,"href":"https:\/\/www.eldigitaldeasturias.com\/noticias\/wp-json\/wp\/v2\/media\/1130082"}],"wp:attachment":[{"href":"https:\/\/www.eldigitaldeasturias.com\/noticias\/wp-json\/wp\/v2\/media?parent=1130081"}],"wp:term":[{"taxonomy":"category","embeddable":true,"href":"https:\/\/www.eldigitaldeasturias.com\/noticias\/wp-json\/wp\/v2\/categories?post=1130081"},{"taxonomy":"post_tag","embeddable":true,"href":"https:\/\/www.eldigitaldeasturias.com\/noticias\/wp-json\/wp\/v2\/tags?post=1130081"}],"curies":[{"name":"wp","href":"https:\/\/api.w.org\/{rel}","templated":true}]}}