{"id":1129783,"date":"2024-03-26T10:39:33","date_gmt":"2024-03-26T09:39:33","guid":{"rendered":"https:\/\/www.eldigitaldeasturias.com\/noticias\/?p=1129783"},"modified":"2024-03-26T10:39:33","modified_gmt":"2024-03-26T09:39:33","slug":"los-ciudadanos-de-la-ue-tienen-una-vision-positiva-de-la-situacion-economica","status":"publish","type":"post","link":"https:\/\/www.eldigitaldeasturias.com\/noticias\/los-ciudadanos-de-la-ue-tienen-una-vision-positiva-de-la-situacion-economica\/","title":{"rendered":"Los ciudadanos de la UE tienen una visi\u00f3n positiva de la situaci\u00f3n econ\u00f3mica"},"content":{"rendered":"<p>La Comisi\u00f3n ha publicado un <strong>Eurobar\u00f3metro Flash<\/strong> realizado a nivel regional, en el que se muestra que los <span style=\"color: #ff6600;\"><a style=\"color: #ff6600;\" href=\"https:\/\/www.eldigitaldeasturias.com\/noticias\/tag\/internacional\/\"><strong>ciudadanos de la UE<\/strong><\/a><\/span> tienen una visi\u00f3n positiva de la situaci\u00f3n econ\u00f3mica y la calidad de vida en su regi\u00f3n.<\/p>\n<p><img loading=\"lazy\" decoding=\"async\" class=\"aligncenter size-full wp-image-1129784\" src=\"https:\/\/www.eldigitaldeasturias.com\/noticias\/wp-content\/uploads\/2024\/03\/Ciudadanos-UE.jpg\" alt=\"Ciudadanos UE\" width=\"640\" height=\"426\" srcset=\"https:\/\/www.eldigitaldeasturias.com\/noticias\/wp-content\/uploads\/2024\/03\/Ciudadanos-UE.jpg 640w, https:\/\/www.eldigitaldeasturias.com\/noticias\/wp-content\/uploads\/2024\/03\/Ciudadanos-UE-360x240.jpg 360w, https:\/\/www.eldigitaldeasturias.com\/noticias\/wp-content\/uploads\/2024\/03\/Ciudadanos-UE-451x300.jpg 451w, https:\/\/www.eldigitaldeasturias.com\/noticias\/wp-content\/uploads\/2024\/03\/Ciudadanos-UE-150x100.jpg 150w, https:\/\/www.eldigitaldeasturias.com\/noticias\/wp-content\/uploads\/2024\/03\/Ciudadanos-UE-450x300.jpg 450w\" sizes=\"auto, (max-width: 640px) 100vw, 640px\" \/><\/p>\n<p>M\u00e1s de ocho de cada diez europeos (el 82 %) afirman que la calidad de vida en su regi\u00f3n es buena. <strong>Al mismo tiempo, el 65 % de los europeos afirma que la situaci\u00f3n actual de la econom\u00eda de su regi\u00f3n es buena.<\/strong><\/p>\n<p>Los europeos tienden a pensar que<strong> los problemas m\u00e1s importantes a los que se enfrenta su regi\u00f3n<\/strong> actualmente son el coste de la vida (31 %), la situaci\u00f3n econ\u00f3mica y el desempleo (26 %) y la sanidad (26 %). Siguen la vivienda (20 %), el medio ambiente y el cambio clim\u00e1tico (19 %) y el sistema educativo (18 %).<\/p>\n<p>Al mismo tiempo, se\u00f1alan la econom\u00eda, la justicia social y el empleo (29 %) como una de las dimensiones m\u00e1s importantes para el futuro de Europa, seguida del cambio clim\u00e1tico y el medio ambiente (24 %), la educaci\u00f3n, la cultura, la juventud y el deporte (24 %), la democracia, los valores y los derechos y el estado de Derecho (21 %), la sanidad (21 %) la seguridad y la defensa de la UE (20 %) y la migraci\u00f3n (19 %).<\/p>\n<p>La confianza en las administraciones regionales y locales sigue siendo elevada, al igual que la confianza en la UE. El 58 % de los encuestados tiende a confiar en las administraciones regionales y locales, y el 38 % tiende a no confiar en ellas. Se observan los mismos porcentajes en lo que respecta a la confianza en la UE.<\/p>\n<p><strong>La mayor\u00eda de los europeos siguen mostrando optimismo<\/strong>. El 66 % de ellos son optimistas en cuanto al futuro de su regi\u00f3n, mientras que el 32 % son pesimistas. Al mismo tiempo, el 55 % es optimista en relaci\u00f3n con el futuro de la UE, mientras que el 42 % es pesimista.<br \/>\nLa encuesta tambi\u00e9n muestra que la mayor\u00eda de los europeos (el 47 %) siguen teniendo una imagen positiva de la UE, mientras que el 21 % tiene una imagen negativa y el 30 % una imagen neutra.<\/p>\n<h2>Contexto<\/h2>\n<p>El Eurobar\u00f3metro Flash \u00abLa opini\u00f3n p\u00fablica de las regiones de la UE\u00bb se lleva a cabo cada tres a\u00f1os a nivel regional y ofrece una imagen detallada de la opini\u00f3n de los ciudadanos europeos. Esta edici\u00f3n se llev\u00f3 a cabo entre el 11 de enero y el 15 de febrero de 2024. Se realizaron 62 091 entrevistas telef\u00f3nicas en 194 regiones.<\/p>\n","protected":false},"excerpt":{"rendered":"<p>La Comisi\u00f3n ha publicado un Eurobar\u00f3metro Flash realizado a nivel regional, en el que se muestra que los ciudadanos de la UE tienen una visi\u00f3n positiva de la situaci\u00f3n econ\u00f3mica y la calidad de vida en su regi\u00f3n. M\u00e1s de ocho de cada diez europeos (el 82 %) afirman que la calidad de vida en [&hellip;]<\/p>\n","protected":false},"author":1,"featured_media":1129784,"comment_status":"closed","ping_status":"closed","sticky":false,"template":"","format":"standard","meta":{"footnotes":""},"categories":[187],"tags":[],"class_list":["post-1129783","post","type-post","status-publish","format-standard","has-post-thumbnail","hentry","category-economia"],"aioseo_notices":[],"aioseo_head":"\n\t\t<!-- All in One SEO Pro 4.9.6.2 - aioseo.com -->\n\t<meta name=\"description\" content=\"La Comisi\u00f3n ha publicado un Eurobar\u00f3metro Flash realizado a nivel regional, en el que se muestra que los ciudadanos de la UE tienen una visi\u00f3n positiva\" \/>\n\t<meta name=\"robots\" content=\"max-image-preview:large\" \/>\n\t<meta name=\"author\" content=\"El Digital de Asturias\"\/>\n\t<meta name=\"google-site-verification\" content=\"UA-38556648-1\" \/>\n\t<meta name=\"msvalidate.01\" content=\"7dfe9f3f1b24437ab69f4f2559babe99\" \/>\n\t<meta name=\"keywords\" content=\"econom\u00eda\" \/>\n\t<link rel=\"canonical\" href=\"https:\/\/www.eldigitaldeasturias.com\/noticias\/los-ciudadanos-de-la-ue-tienen-una-vision-positiva-de-la-situacion-economica\/\" \/>\n\t<meta name=\"generator\" content=\"All in One SEO Pro (AIOSEO) 4.9.6.2\" \/>\n\t\t<meta property=\"og:locale\" content=\"es_ES\" \/>\n\t\t<meta property=\"og:site_name\" content=\"El Digital de Asturias\" \/>\n\t\t<meta property=\"og:type\" content=\"article\" \/>\n\t\t<meta property=\"og:title\" content=\"Los ciudadanos de la UE tienen una visi\u00f3n positiva de la situaci\u00f3n econ\u00f3mica - El Digital de Asturias\" \/>\n\t\t<meta property=\"og:description\" content=\"La Comisi\u00f3n ha publicado un Eurobar\u00f3metro Flash realizado a nivel regional, en el que se muestra que los ciudadanos de la UE tienen una visi\u00f3n positiva\" \/>\n\t\t<meta property=\"og:url\" content=\"https:\/\/www.eldigitaldeasturias.com\/noticias\/los-ciudadanos-de-la-ue-tienen-una-vision-positiva-de-la-situacion-economica\/\" \/>\n\t\t<meta property=\"og:image\" content=\"https:\/\/www.eldigitaldeasturias.com\/noticias\/wp-content\/uploads\/2024\/03\/Ciudadanos-UE.jpg\" \/>\n\t\t<meta property=\"og:image:secure_url\" content=\"https:\/\/www.eldigitaldeasturias.com\/noticias\/wp-content\/uploads\/2024\/03\/Ciudadanos-UE.jpg\" \/>\n\t\t<meta property=\"og:image:width\" content=\"640\" \/>\n\t\t<meta property=\"og:image:height\" content=\"426\" \/>\n\t\t<meta property=\"article:tag\" content=\"econom\u00eda\" \/>\n\t\t<meta property=\"article:published_time\" content=\"2024-03-26T09:39:33+00:00\" \/>\n\t\t<meta property=\"article:modified_time\" content=\"2024-03-26T09:39:33+00:00\" \/>\n\t\t<meta property=\"article:publisher\" content=\"https:\/\/facebook.com\/eldigitaldeasturias\" \/>\n\t\t<meta name=\"twitter:card\" content=\"summary_large_image\" \/>\n\t\t<meta name=\"twitter:title\" content=\"Los ciudadanos de la UE tienen una visi\u00f3n positiva de la situaci\u00f3n econ\u00f3mica - El Digital de Asturias\" \/>\n\t\t<meta name=\"twitter:description\" content=\"La Comisi\u00f3n ha publicado un Eurobar\u00f3metro Flash realizado a nivel regional, en el que se muestra que los ciudadanos de la UE tienen una visi\u00f3n positiva\" \/>\n\t\t<meta name=\"twitter:image\" content=\"https:\/\/www.eldigitaldeasturias.com\/noticias\/wp-content\/uploads\/2024\/03\/Ciudadanos-UE.jpg\" \/>\n\t\t<meta name=\"twitter:label1\" content=\"Escrito por\" \/>\n\t\t<meta name=\"twitter:data1\" content=\"El Digital de Asturias\" \/>\n\t\t<meta name=\"twitter:label2\" content=\"Tiempo de lectura estimado\" \/>\n\t\t<meta name=\"twitter:data2\" content=\"2 minutos\" \/>\n\t\t<script type=\"application\/ld+json\" class=\"aioseo-schema\">\n\t\t\t{\"@context\":\"https:\\\/\\\/schema.org\",\"@graph\":[{\"@type\":\"BlogPosting\",\"@id\":\"https:\\\/\\\/www.eldigitaldeasturias.com\\\/noticias\\\/los-ciudadanos-de-la-ue-tienen-una-vision-positiva-de-la-situacion-economica\\\/#blogposting\",\"name\":\"Los ciudadanos de la UE tienen una visi\\u00f3n positiva de la situaci\\u00f3n econ\\u00f3mica - El Digital de Asturias\",\"headline\":\"Los ciudadanos de la UE tienen una visi\\u00f3n positiva de la situaci\\u00f3n econ\\u00f3mica\",\"author\":{\"@id\":\"https:\\\/\\\/www.eldigitaldeasturias.com\\\/noticias\\\/author\\\/admin\\\/#author\"},\"publisher\":{\"@id\":\"https:\\\/\\\/www.eldigitaldeasturias.com\\\/noticias\\\/#organization\"},\"image\":{\"@type\":\"ImageObject\",\"url\":\"https:\\\/\\\/www.eldigitaldeasturias.com\\\/noticias\\\/wp-content\\\/uploads\\\/2024\\\/03\\\/Ciudadanos-UE.jpg\",\"width\":640,\"height\":426,\"caption\":\"Ciudadanos UE\"},\"datePublished\":\"2024-03-26T10:39:33+01:00\",\"dateModified\":\"2024-03-26T10:39:33+01:00\",\"inLanguage\":\"es-ES\",\"mainEntityOfPage\":{\"@id\":\"https:\\\/\\\/www.eldigitaldeasturias.com\\\/noticias\\\/los-ciudadanos-de-la-ue-tienen-una-vision-positiva-de-la-situacion-economica\\\/#webpage\"},\"isPartOf\":{\"@id\":\"https:\\\/\\\/www.eldigitaldeasturias.com\\\/noticias\\\/los-ciudadanos-de-la-ue-tienen-una-vision-positiva-de-la-situacion-economica\\\/#webpage\"},\"articleSection\":\"Econom\\u00eda\"},{\"@type\":\"BreadcrumbList\",\"@id\":\"https:\\\/\\\/www.eldigitaldeasturias.com\\\/noticias\\\/los-ciudadanos-de-la-ue-tienen-una-vision-positiva-de-la-situacion-economica\\\/#breadcrumblist\",\"itemListElement\":[{\"@type\":\"ListItem\",\"@id\":\"https:\\\/\\\/www.eldigitaldeasturias.com\\\/noticias#listItem\",\"position\":1,\"name\":\"Home\",\"item\":\"https:\\\/\\\/www.eldigitaldeasturias.com\\\/noticias\",\"nextItem\":{\"@type\":\"ListItem\",\"@id\":\"https:\\\/\\\/www.eldigitaldeasturias.com\\\/noticias\\\/category\\\/economia\\\/#listItem\",\"name\":\"Econom\\u00eda\"}},{\"@type\":\"ListItem\",\"@id\":\"https:\\\/\\\/www.eldigitaldeasturias.com\\\/noticias\\\/category\\\/economia\\\/#listItem\",\"position\":2,\"name\":\"Econom\\u00eda\",\"item\":\"https:\\\/\\\/www.eldigitaldeasturias.com\\\/noticias\\\/category\\\/economia\\\/\",\"nextItem\":{\"@type\":\"ListItem\",\"@id\":\"https:\\\/\\\/www.eldigitaldeasturias.com\\\/noticias\\\/los-ciudadanos-de-la-ue-tienen-una-vision-positiva-de-la-situacion-economica\\\/#listItem\",\"name\":\"Los ciudadanos de la UE tienen una visi\\u00f3n positiva de la situaci\\u00f3n econ\\u00f3mica\"},\"previousItem\":{\"@type\":\"ListItem\",\"@id\":\"https:\\\/\\\/www.eldigitaldeasturias.com\\\/noticias#listItem\",\"name\":\"Home\"}},{\"@type\":\"ListItem\",\"@id\":\"https:\\\/\\\/www.eldigitaldeasturias.com\\\/noticias\\\/los-ciudadanos-de-la-ue-tienen-una-vision-positiva-de-la-situacion-economica\\\/#listItem\",\"position\":3,\"name\":\"Los ciudadanos de la UE tienen una visi\\u00f3n positiva de la situaci\\u00f3n econ\\u00f3mica\",\"previousItem\":{\"@type\":\"ListItem\",\"@id\":\"https:\\\/\\\/www.eldigitaldeasturias.com\\\/noticias\\\/category\\\/economia\\\/#listItem\",\"name\":\"Econom\\u00eda\"}}]},{\"@type\":\"Organization\",\"@id\":\"https:\\\/\\\/www.eldigitaldeasturias.com\\\/noticias\\\/#organization\",\"name\":\"El Digital de Asturias\",\"description\":\"Hemeroteca\",\"url\":\"https:\\\/\\\/www.eldigitaldeasturias.com\\\/noticias\\\/\",\"email\":\"info@eldigitaldeasturias.com\",\"telephone\":\"+34652131393\",\"logo\":{\"@type\":\"ImageObject\",\"url\":\"https:\\\/\\\/www.eldigitaldeasturias.com\\\/noticias\\\/wp-content\\\/uploads\\\/2020\\\/12\\\/EDA.jpg\",\"@id\":\"https:\\\/\\\/www.eldigitaldeasturias.com\\\/noticias\\\/los-ciudadanos-de-la-ue-tienen-una-vision-positiva-de-la-situacion-economica\\\/#organizationLogo\",\"width\":649,\"height\":297},\"image\":{\"@id\":\"https:\\\/\\\/www.eldigitaldeasturias.com\\\/noticias\\\/los-ciudadanos-de-la-ue-tienen-una-vision-positiva-de-la-situacion-economica\\\/#organizationLogo\"},\"sameAs\":[\"https:\\\/\\\/facebook.com\\\/eldigitaldeasturias\",\"https:\\\/\\\/www.youtube.com\\\/channel\\\/UCZP-2wLEB9Rv6erhFmqVnvg\"],\"address\":{\"@id\":\"https:\\\/\\\/www.eldigitaldeasturias.com\\\/noticias\\\/#postaladdress\",\"@type\":\"PostalAddress\",\"streetAddress\":\"san antonio 4,\",\"postalCode\":\"33430\",\"addressLocality\":\"Cand\\u00e1s\",\"addressRegion\":\"Asturias\",\"addressCountry\":\"ES\"}},{\"@type\":\"Person\",\"@id\":\"https:\\\/\\\/www.eldigitaldeasturias.com\\\/noticias\\\/author\\\/admin\\\/#author\",\"url\":\"https:\\\/\\\/www.eldigitaldeasturias.com\\\/noticias\\\/author\\\/admin\\\/\",\"name\":\"El Digital de Asturias\",\"image\":{\"@type\":\"ImageObject\",\"@id\":\"https:\\\/\\\/www.eldigitaldeasturias.com\\\/noticias\\\/los-ciudadanos-de-la-ue-tienen-una-vision-positiva-de-la-situacion-economica\\\/#authorImage\",\"url\":\"https:\\\/\\\/www.eldigitaldeasturias.com\\\/noticias\\\/wp-content\\\/litespeed\\\/avatar\\\/18677e78aa0546b92d9dbf31ec7d7668.jpg?ver=1777290358\",\"width\":96,\"height\":96,\"caption\":\"El Digital de Asturias\"}},{\"@type\":\"WebPage\",\"@id\":\"https:\\\/\\\/www.eldigitaldeasturias.com\\\/noticias\\\/los-ciudadanos-de-la-ue-tienen-una-vision-positiva-de-la-situacion-economica\\\/#webpage\",\"url\":\"https:\\\/\\\/www.eldigitaldeasturias.com\\\/noticias\\\/los-ciudadanos-de-la-ue-tienen-una-vision-positiva-de-la-situacion-economica\\\/\",\"name\":\"Los ciudadanos de la UE tienen una visi\\u00f3n positiva de la situaci\\u00f3n econ\\u00f3mica - El Digital de Asturias\",\"description\":\"La Comisi\\u00f3n ha publicado un Eurobar\\u00f3metro Flash realizado a nivel regional, en el que se muestra que los ciudadanos de la UE tienen una visi\\u00f3n positiva\",\"inLanguage\":\"es-ES\",\"isPartOf\":{\"@id\":\"https:\\\/\\\/www.eldigitaldeasturias.com\\\/noticias\\\/#website\"},\"breadcrumb\":{\"@id\":\"https:\\\/\\\/www.eldigitaldeasturias.com\\\/noticias\\\/los-ciudadanos-de-la-ue-tienen-una-vision-positiva-de-la-situacion-economica\\\/#breadcrumblist\"},\"author\":{\"@id\":\"https:\\\/\\\/www.eldigitaldeasturias.com\\\/noticias\\\/author\\\/admin\\\/#author\"},\"creator\":{\"@id\":\"https:\\\/\\\/www.eldigitaldeasturias.com\\\/noticias\\\/author\\\/admin\\\/#author\"},\"image\":{\"@type\":\"ImageObject\",\"url\":\"https:\\\/\\\/www.eldigitaldeasturias.com\\\/noticias\\\/wp-content\\\/uploads\\\/2024\\\/03\\\/Ciudadanos-UE.jpg\",\"@id\":\"https:\\\/\\\/www.eldigitaldeasturias.com\\\/noticias\\\/los-ciudadanos-de-la-ue-tienen-una-vision-positiva-de-la-situacion-economica\\\/#mainImage\",\"width\":640,\"height\":426,\"caption\":\"Ciudadanos UE\"},\"primaryImageOfPage\":{\"@id\":\"https:\\\/\\\/www.eldigitaldeasturias.com\\\/noticias\\\/los-ciudadanos-de-la-ue-tienen-una-vision-positiva-de-la-situacion-economica\\\/#mainImage\"},\"datePublished\":\"2024-03-26T10:39:33+01:00\",\"dateModified\":\"2024-03-26T10:39:33+01:00\"},{\"@type\":\"WebSite\",\"@id\":\"https:\\\/\\\/www.eldigitaldeasturias.com\\\/noticias\\\/#website\",\"url\":\"https:\\\/\\\/www.eldigitaldeasturias.com\\\/noticias\\\/\",\"name\":\"El Digital de Asturias - Diario de actualidad y noticias\",\"alternateName\":\"El Digital de Asturias - Diario de actualidad y noticias\",\"description\":\"Hemeroteca\",\"inLanguage\":\"es-ES\",\"publisher\":{\"@id\":\"https:\\\/\\\/www.eldigitaldeasturias.com\\\/noticias\\\/#organization\"}}]}\n\t\t<\/script>\n\t\t<!-- All in One SEO Pro -->\r\n\t\t<title>Los ciudadanos de la UE tienen una visi\u00f3n positiva de la situaci\u00f3n econ\u00f3mica - El Digital de Asturias<\/title>\n\n","aioseo_head_json":{"title":"Los ciudadanos de la UE tienen una visi\u00f3n positiva de la situaci\u00f3n econ\u00f3mica - El Digital de Asturias","description":"La Comisi\u00f3n ha publicado un Eurobar\u00f3metro Flash realizado a nivel regional, en el que se muestra que los ciudadanos de la UE tienen una visi\u00f3n positiva","canonical_url":"https:\/\/www.eldigitaldeasturias.com\/noticias\/los-ciudadanos-de-la-ue-tienen-una-vision-positiva-de-la-situacion-economica\/","robots":"max-image-preview:large","keywords":"econom\u00eda","webmasterTools":{"google-site-verification":"UA-38556648-1","msvalidate.01":"7dfe9f3f1b24437ab69f4f2559babe99","miscellaneous":""},"schema":{"@context":"https:\/\/schema.org","@graph":[{"@type":"BlogPosting","@id":"https:\/\/www.eldigitaldeasturias.com\/noticias\/los-ciudadanos-de-la-ue-tienen-una-vision-positiva-de-la-situacion-economica\/#blogposting","name":"Los ciudadanos de la UE tienen una visi\u00f3n positiva de la situaci\u00f3n econ\u00f3mica - El Digital de Asturias","headline":"Los ciudadanos de la UE tienen una visi\u00f3n positiva de la situaci\u00f3n econ\u00f3mica","author":{"@id":"https:\/\/www.eldigitaldeasturias.com\/noticias\/author\/admin\/#author"},"publisher":{"@id":"https:\/\/www.eldigitaldeasturias.com\/noticias\/#organization"},"image":{"@type":"ImageObject","url":"https:\/\/www.eldigitaldeasturias.com\/noticias\/wp-content\/uploads\/2024\/03\/Ciudadanos-UE.jpg","width":640,"height":426,"caption":"Ciudadanos UE"},"datePublished":"2024-03-26T10:39:33+01:00","dateModified":"2024-03-26T10:39:33+01:00","inLanguage":"es-ES","mainEntityOfPage":{"@id":"https:\/\/www.eldigitaldeasturias.com\/noticias\/los-ciudadanos-de-la-ue-tienen-una-vision-positiva-de-la-situacion-economica\/#webpage"},"isPartOf":{"@id":"https:\/\/www.eldigitaldeasturias.com\/noticias\/los-ciudadanos-de-la-ue-tienen-una-vision-positiva-de-la-situacion-economica\/#webpage"},"articleSection":"Econom\u00eda"},{"@type":"BreadcrumbList","@id":"https:\/\/www.eldigitaldeasturias.com\/noticias\/los-ciudadanos-de-la-ue-tienen-una-vision-positiva-de-la-situacion-economica\/#breadcrumblist","itemListElement":[{"@type":"ListItem","@id":"https:\/\/www.eldigitaldeasturias.com\/noticias#listItem","position":1,"name":"Home","item":"https:\/\/www.eldigitaldeasturias.com\/noticias","nextItem":{"@type":"ListItem","@id":"https:\/\/www.eldigitaldeasturias.com\/noticias\/category\/economia\/#listItem","name":"Econom\u00eda"}},{"@type":"ListItem","@id":"https:\/\/www.eldigitaldeasturias.com\/noticias\/category\/economia\/#listItem","position":2,"name":"Econom\u00eda","item":"https:\/\/www.eldigitaldeasturias.com\/noticias\/category\/economia\/","nextItem":{"@type":"ListItem","@id":"https:\/\/www.eldigitaldeasturias.com\/noticias\/los-ciudadanos-de-la-ue-tienen-una-vision-positiva-de-la-situacion-economica\/#listItem","name":"Los ciudadanos de la UE tienen una visi\u00f3n positiva de la situaci\u00f3n econ\u00f3mica"},"previousItem":{"@type":"ListItem","@id":"https:\/\/www.eldigitaldeasturias.com\/noticias#listItem","name":"Home"}},{"@type":"ListItem","@id":"https:\/\/www.eldigitaldeasturias.com\/noticias\/los-ciudadanos-de-la-ue-tienen-una-vision-positiva-de-la-situacion-economica\/#listItem","position":3,"name":"Los ciudadanos de la UE tienen una visi\u00f3n positiva de la situaci\u00f3n econ\u00f3mica","previousItem":{"@type":"ListItem","@id":"https:\/\/www.eldigitaldeasturias.com\/noticias\/category\/economia\/#listItem","name":"Econom\u00eda"}}]},{"@type":"Organization","@id":"https:\/\/www.eldigitaldeasturias.com\/noticias\/#organization","name":"El Digital de Asturias","description":"Hemeroteca","url":"https:\/\/www.eldigitaldeasturias.com\/noticias\/","email":"info@eldigitaldeasturias.com","telephone":"+34652131393","logo":{"@type":"ImageObject","url":"https:\/\/www.eldigitaldeasturias.com\/noticias\/wp-content\/uploads\/2020\/12\/EDA.jpg","@id":"https:\/\/www.eldigitaldeasturias.com\/noticias\/los-ciudadanos-de-la-ue-tienen-una-vision-positiva-de-la-situacion-economica\/#organizationLogo","width":649,"height":297},"image":{"@id":"https:\/\/www.eldigitaldeasturias.com\/noticias\/los-ciudadanos-de-la-ue-tienen-una-vision-positiva-de-la-situacion-economica\/#organizationLogo"},"sameAs":["https:\/\/facebook.com\/eldigitaldeasturias","https:\/\/www.youtube.com\/channel\/UCZP-2wLEB9Rv6erhFmqVnvg"],"address":{"@id":"https:\/\/www.eldigitaldeasturias.com\/noticias\/#postaladdress","@type":"PostalAddress","streetAddress":"san antonio 4,","postalCode":"33430","addressLocality":"Cand\u00e1s","addressRegion":"Asturias","addressCountry":"ES"}},{"@type":"Person","@id":"https:\/\/www.eldigitaldeasturias.com\/noticias\/author\/admin\/#author","url":"https:\/\/www.eldigitaldeasturias.com\/noticias\/author\/admin\/","name":"El Digital de Asturias","image":{"@type":"ImageObject","@id":"https:\/\/www.eldigitaldeasturias.com\/noticias\/los-ciudadanos-de-la-ue-tienen-una-vision-positiva-de-la-situacion-economica\/#authorImage","url":"https:\/\/www.eldigitaldeasturias.com\/noticias\/wp-content\/litespeed\/avatar\/18677e78aa0546b92d9dbf31ec7d7668.jpg?ver=1777290358","width":96,"height":96,"caption":"El Digital de Asturias"}},{"@type":"WebPage","@id":"https:\/\/www.eldigitaldeasturias.com\/noticias\/los-ciudadanos-de-la-ue-tienen-una-vision-positiva-de-la-situacion-economica\/#webpage","url":"https:\/\/www.eldigitaldeasturias.com\/noticias\/los-ciudadanos-de-la-ue-tienen-una-vision-positiva-de-la-situacion-economica\/","name":"Los ciudadanos de la UE tienen una visi\u00f3n positiva de la situaci\u00f3n econ\u00f3mica - El Digital de Asturias","description":"La Comisi\u00f3n ha publicado un Eurobar\u00f3metro Flash realizado a nivel regional, en el que se muestra que los ciudadanos de la UE tienen una visi\u00f3n positiva","inLanguage":"es-ES","isPartOf":{"@id":"https:\/\/www.eldigitaldeasturias.com\/noticias\/#website"},"breadcrumb":{"@id":"https:\/\/www.eldigitaldeasturias.com\/noticias\/los-ciudadanos-de-la-ue-tienen-una-vision-positiva-de-la-situacion-economica\/#breadcrumblist"},"author":{"@id":"https:\/\/www.eldigitaldeasturias.com\/noticias\/author\/admin\/#author"},"creator":{"@id":"https:\/\/www.eldigitaldeasturias.com\/noticias\/author\/admin\/#author"},"image":{"@type":"ImageObject","url":"https:\/\/www.eldigitaldeasturias.com\/noticias\/wp-content\/uploads\/2024\/03\/Ciudadanos-UE.jpg","@id":"https:\/\/www.eldigitaldeasturias.com\/noticias\/los-ciudadanos-de-la-ue-tienen-una-vision-positiva-de-la-situacion-economica\/#mainImage","width":640,"height":426,"caption":"Ciudadanos UE"},"primaryImageOfPage":{"@id":"https:\/\/www.eldigitaldeasturias.com\/noticias\/los-ciudadanos-de-la-ue-tienen-una-vision-positiva-de-la-situacion-economica\/#mainImage"},"datePublished":"2024-03-26T10:39:33+01:00","dateModified":"2024-03-26T10:39:33+01:00"},{"@type":"WebSite","@id":"https:\/\/www.eldigitaldeasturias.com\/noticias\/#website","url":"https:\/\/www.eldigitaldeasturias.com\/noticias\/","name":"El Digital de Asturias - Diario de actualidad y noticias","alternateName":"El Digital de Asturias - Diario de actualidad y noticias","description":"Hemeroteca","inLanguage":"es-ES","publisher":{"@id":"https:\/\/www.eldigitaldeasturias.com\/noticias\/#organization"}}]},"og:locale":"es_ES","og:site_name":"El Digital de Asturias","og:type":"article","og:title":"Los ciudadanos de la UE tienen una visi\u00f3n positiva de la situaci\u00f3n econ\u00f3mica - El Digital de Asturias","og:description":"La Comisi\u00f3n ha publicado un Eurobar\u00f3metro Flash realizado a nivel regional, en el que se muestra que los ciudadanos de la UE tienen una visi\u00f3n positiva","og:url":"https:\/\/www.eldigitaldeasturias.com\/noticias\/los-ciudadanos-de-la-ue-tienen-una-vision-positiva-de-la-situacion-economica\/","og:image":"https:\/\/www.eldigitaldeasturias.com\/noticias\/wp-content\/uploads\/2024\/03\/Ciudadanos-UE.jpg","og:image:secure_url":"https:\/\/www.eldigitaldeasturias.com\/noticias\/wp-content\/uploads\/2024\/03\/Ciudadanos-UE.jpg","og:image:width":640,"og:image:height":426,"article:tag":["econom\u00eda"],"article:published_time":"2024-03-26T09:39:33+00:00","article:modified_time":"2024-03-26T09:39:33+00:00","article:publisher":"https:\/\/facebook.com\/eldigitaldeasturias","twitter:card":"summary_large_image","twitter:title":"Los ciudadanos de la UE tienen una visi\u00f3n positiva de la situaci\u00f3n econ\u00f3mica - El Digital de Asturias","twitter:description":"La Comisi\u00f3n ha publicado un Eurobar\u00f3metro Flash realizado a nivel regional, en el que se muestra que los ciudadanos de la UE tienen una visi\u00f3n positiva","twitter:image":"https:\/\/www.eldigitaldeasturias.com\/noticias\/wp-content\/uploads\/2024\/03\/Ciudadanos-UE.jpg","twitter:label1":"Escrito por","twitter:data1":"El Digital de Asturias","twitter:label2":"Tiempo de lectura estimado","twitter:data2":"2 minutos"},"aioseo_meta_data":{"post_id":"1129783","title":null,"description":"La Comisi\u00f3n ha publicado un Eurobar\u00f3metro Flash realizado a nivel regional, en el que se muestra que los ciudadanos de la UE tienen una visi\u00f3n positiva","keywords":[],"keyphrases":{"focus":{"keyphrase":"UE","score":78,"analysis":{"keyphraseInTitle":{"score":9,"maxScore":9,"error":0},"keyphraseInDescription":{"score":9,"maxScore":9,"error":0},"keyphraseLength":{"score":9,"maxScore":9,"error":0,"length":1},"keyphraseInURL":{"score":5,"maxScore":5,"error":0},"keyphraseInIntroduction":{"score":9,"maxScore":9,"error":0},"keyphraseInSubHeadings":{"score":3,"maxScore":9,"error":1},"keyphraseInImageAlt":{"score":9,"maxScore":9,"error":0},"keywordDensity":{"type":"high","score":0,"maxScore":9,"error":1}}},"additional":[{"keyphrase":"UE","score":80,"analysis":{"keyphraseInDescription":{"score":9,"maxScore":9,"error":0},"keyphraseLength":{"score":9,"maxScore":9,"error":0,"length":1},"keyphraseInIntroduction":{"score":9,"maxScore":9,"error":0},"keyphraseInImageAlt":{"score":9,"maxScore":9,"error":0},"keywordDensity":{"type":"high","score":0,"maxScore":9,"error":1}}}]},"primary_term":null,"canonical_url":null,"og_title":null,"og_description":null,"og_object_type":"default","og_image_type":"default","og_image_url":null,"og_image_width":null,"og_image_height":null,"og_image_custom_url":null,"og_image_custom_fields":null,"og_video":"","og_custom_url":null,"og_article_section":null,"og_article_tags":[],"twitter_use_og":false,"twitter_card":"default","twitter_image_type":"default","twitter_image_url":null,"twitter_image_custom_url":null,"twitter_image_custom_fields":null,"twitter_title":null,"twitter_description":null,"schema":{"blockGraphs":[],"customGraphs":[],"default":{"data":{"Article":[],"Course":[],"Dataset":[],"FAQPage":[],"Movie":[],"Person":[],"Product":[],"ProductReview":[],"Car":[],"Recipe":[],"Service":[],"SoftwareApplication":[],"WebPage":[]},"graphName":"BlogPosting","isEnabled":true},"graphs":[]},"schema_type":"default","schema_type_options":null,"pillar_content":false,"robots_default":true,"robots_noindex":false,"robots_noarchive":false,"robots_nosnippet":false,"robots_nofollow":false,"robots_noimageindex":false,"robots_noodp":false,"robots_notranslate":false,"robots_max_snippet":"-1","robots_max_videopreview":"-1","robots_max_imagepreview":"large","priority":null,"frequency":"default","local_seo":null,"seo_analyzer_scan_date":"2025-10-06 06:56:57","breadcrumb_settings":null,"limit_modified_date":false,"open_ai":"{\"title\":{\"suggestions\":[],\"usage\":0},\"description\":{\"suggestions\":[],\"usage\":0}}","ai":null,"created":"2024-03-26 09:33:27","updated":"2025-10-09 11:55:59"},"aioseo_breadcrumb":"<div class=\"aioseo-breadcrumbs\"><span class=\"aioseo-breadcrumb\">\n\t<a href=\"https:\/\/www.eldigitaldeasturias.com\/noticias\" title=\"Home\">Home<\/a>\n<\/span><span class=\"aioseo-breadcrumb-separator\">\u2013<\/span><span class=\"aioseo-breadcrumb\">\n\t<a href=\"https:\/\/www.eldigitaldeasturias.com\/noticias\/category\/economia\/\" title=\"Econom\u00eda\">Econom\u00eda<\/a>\n<\/span><span class=\"aioseo-breadcrumb-separator\">\u2013<\/span><span class=\"aioseo-breadcrumb\">\n\t<a href=\"https:\/\/www.eldigitaldeasturias.com\/noticias\/los-ciudadanos-de-la-ue-tienen-una-vision-positiva-de-la-situacion-economica\/\" title=\"Los ciudadanos de la UE tienen una visi\u00f3n positiva de la situaci\u00f3n econ\u00f3mica\">Los ciudadanos de la UE tienen una visi\u00f3n positiva de la situaci\u00f3n econ\u00f3mica<\/a>\n<\/span><\/div>","aioseo_breadcrumb_json":[{"label":"Home","link":"https:\/\/www.eldigitaldeasturias.com\/noticias"},{"label":"Econom\u00eda","link":"https:\/\/www.eldigitaldeasturias.com\/noticias\/category\/economia\/"},{"label":"Los ciudadanos de la UE tienen una visi\u00f3n positiva de la situaci\u00f3n econ\u00f3mica","link":"https:\/\/www.eldigitaldeasturias.com\/noticias\/los-ciudadanos-de-la-ue-tienen-una-vision-positiva-de-la-situacion-economica\/"}],"_links":{"self":[{"href":"https:\/\/www.eldigitaldeasturias.com\/noticias\/wp-json\/wp\/v2\/posts\/1129783","targetHints":{"allow":["GET"]}}],"collection":[{"href":"https:\/\/www.eldigitaldeasturias.com\/noticias\/wp-json\/wp\/v2\/posts"}],"about":[{"href":"https:\/\/www.eldigitaldeasturias.com\/noticias\/wp-json\/wp\/v2\/types\/post"}],"author":[{"embeddable":true,"href":"https:\/\/www.eldigitaldeasturias.com\/noticias\/wp-json\/wp\/v2\/users\/1"}],"replies":[{"embeddable":true,"href":"https:\/\/www.eldigitaldeasturias.com\/noticias\/wp-json\/wp\/v2\/comments?post=1129783"}],"version-history":[{"count":0,"href":"https:\/\/www.eldigitaldeasturias.com\/noticias\/wp-json\/wp\/v2\/posts\/1129783\/revisions"}],"wp:featuredmedia":[{"embeddable":true,"href":"https:\/\/www.eldigitaldeasturias.com\/noticias\/wp-json\/wp\/v2\/media\/1129784"}],"wp:attachment":[{"href":"https:\/\/www.eldigitaldeasturias.com\/noticias\/wp-json\/wp\/v2\/media?parent=1129783"}],"wp:term":[{"taxonomy":"category","embeddable":true,"href":"https:\/\/www.eldigitaldeasturias.com\/noticias\/wp-json\/wp\/v2\/categories?post=1129783"},{"taxonomy":"post_tag","embeddable":true,"href":"https:\/\/www.eldigitaldeasturias.com\/noticias\/wp-json\/wp\/v2\/tags?post=1129783"}],"curies":[{"name":"wp","href":"https:\/\/api.w.org\/{rel}","templated":true}]}}