{"id":1129780,"date":"2024-03-26T10:31:43","date_gmt":"2024-03-26T09:31:43","guid":{"rendered":"https:\/\/www.eldigitaldeasturias.com\/noticias\/?p=1129780"},"modified":"2024-03-26T10:31:43","modified_gmt":"2024-03-26T09:31:43","slug":"convocadas-en-asturias-las-ayudas-de-la-pac-2024","status":"publish","type":"post","link":"https:\/\/www.eldigitaldeasturias.com\/noticias\/convocadas-en-asturias-las-ayudas-de-la-pac-2024\/","title":{"rendered":"Convocadas en Asturias las ayudas de la PAC 2024"},"content":{"rendered":"<p>El <a title=\"Principado de Asturias\" href=\"https:\/\/actualidad.asturias.es\/\" target=\"_blank\" rel=\"nofollow noopener\"><span style=\"color: #ff6600;\"><strong>Gobierno del Principado<\/strong><\/span><\/a> de Asturias ha convocado las <span style=\"color: #ff6600;\"><a style=\"color: #ff6600;\" href=\"https:\/\/www.eldigitaldeasturias.com\/noticias\/category\/economia\/\"><strong>ayudas de la PAC 2024<\/strong><\/a><\/span>, a las que se destinan m\u00e1s de 92 millones para beneficiar a m\u00e1s de 8.500 explotaciones agr\u00edcolas y ganaderas.<\/p>\n<figure id=\"attachment_1129781\" aria-describedby=\"caption-attachment-1129781\" style=\"width: 650px\" class=\"wp-caption aligncenter\"><img loading=\"lazy\" decoding=\"async\" class=\"size-large wp-image-1129781\" src=\"https:\/\/www.eldigitaldeasturias.com\/noticias\/wp-content\/uploads\/2024\/03\/Ayudas-PAC-2024-Asturias-650x375.jpg\" alt=\"Ayudas PAC 2024 Asturias\" width=\"650\" height=\"375\" srcset=\"https:\/\/www.eldigitaldeasturias.com\/noticias\/wp-content\/uploads\/2024\/03\/Ayudas-PAC-2024-Asturias-650x375.jpg 650w, https:\/\/www.eldigitaldeasturias.com\/noticias\/wp-content\/uploads\/2024\/03\/Ayudas-PAC-2024-Asturias-360x208.jpg 360w, https:\/\/www.eldigitaldeasturias.com\/noticias\/wp-content\/uploads\/2024\/03\/Ayudas-PAC-2024-Asturias-480x277.jpg 480w, https:\/\/www.eldigitaldeasturias.com\/noticias\/wp-content\/uploads\/2024\/03\/Ayudas-PAC-2024-Asturias-768x444.jpg 768w, https:\/\/www.eldigitaldeasturias.com\/noticias\/wp-content\/uploads\/2024\/03\/Ayudas-PAC-2024-Asturias-150x87.jpg 150w, https:\/\/www.eldigitaldeasturias.com\/noticias\/wp-content\/uploads\/2024\/03\/Ayudas-PAC-2024-Asturias-450x260.jpg 450w, https:\/\/www.eldigitaldeasturias.com\/noticias\/wp-content\/uploads\/2024\/03\/Ayudas-PAC-2024-Asturias.jpg 850w\" sizes=\"auto, (max-width: 650px) 100vw, 650px\" \/><figcaption id=\"caption-attachment-1129781\" class=\"wp-caption-text\">Foto: Prensa Gobierno de Asturias<\/figcaption><\/figure>\n<p>La primera l\u00ednea de estos recursos, que se pueden solicitar hasta el 30 de abril, se destina a los pagos directos financiados con cargo al Fondo Europeo Agr\u00edcola de Garant\u00eda Agraria (Feaga), dotados con 64 millones y vinculados al mantenimiento de las rentas de los profesionales. Se trata de las siguientes subvenciones: b\u00e1sica a la renta para la sostenibilidad, redistributiva, complementaria a la renta para j\u00f3venes agricultores y ecorreg\u00edmenes y asociadas para agricultores y ganaderos<\/p>\n<p>La segunda l\u00ednea se centra en las ayudas de desarrollo rural, financiadas por el Fondo Europeo Agrario de Desarrollo Rural (Feader), y a las que se destinan 28.070.000 euros. En este apartado se enmarcan, entre otros, los pagos a zonas con limitaciones naturales, Red Natura 2000, agroambientales y de producci\u00f3n ecol\u00f3gica con compromisos vigentes de campa\u00f1as anteriores. Esta ser\u00e1 la \u00faltima convocatoria en la que estas ayudas se regulen por el Programa de Desarrollo Rural de Asturias, ya que el pr\u00f3ximo a\u00f1o depender\u00e1n del plan estrat\u00e9gico de la PAC, al igual que ya ocurre con las ayudas directas.<\/p>\n<p>Tambi\u00e9n se podr\u00e1n solicitar derechos de ayuda b\u00e1sica a la renta para la sostenibilidad de la reserva nacional, una medida dirigida especialmente a j\u00f3venes agricultores y a aquellos productores que se incorporan a la actividad agraria y cuentan con una formaci\u00f3n y capacitaci\u00f3n adecuada en el \u00e1mbito agrario. Asimismo, se podr\u00e1n realizar las peticiones de cesiones de los derechos definitivos de la misma ayuda.<\/p>\n<p>En esta campa\u00f1a, y a expensas de las decisiones que adopte la Uni\u00f3n Europea (UE) sobre las propuestas de flexibilizaci\u00f3n que se est\u00e1n negociando, las principales novedades respecto a la anterior son las relativas a las fechas para el c\u00e1lculo de la carga ganadera a efectos de la actividad agraria, las ayudas asociadas al vacuno de carne y leche, y que el per\u00edodo de no aprovechamiento, en la pr\u00e1ctica de siega sostenible, de las superficies de pastos permanentes o temporales objeto de esta actividad se establece desde el 2 de julio al 30 de agosto.<\/p>\n<p><strong>Las ayudas de la PAC persiguen varios objetivos generales<\/strong>. Por una parte, buscan consolidar un sector agr\u00edcola competitivo, resiliente y diversificado, que garantice la seguridad alimentaria a largo plazo. Adem\u00e1s, pretenden reforzar la protecci\u00f3n del medio ambiente, incluida la biodiversidad, y fortalecer la acci\u00f3n por el clima. Estos prop\u00f3sitos se articulan a trav\u00e9s de los dos bloques de ayudas detallados anteriormente: los apoyos a la renta y las compensaciones al sector por los compromisos que se asumen en materia de desarrollo rural<\/p>\n","protected":false},"excerpt":{"rendered":"<p>El Gobierno del Principado de Asturias ha convocado las ayudas de la PAC 2024, a las que se destinan m\u00e1s de 92 millones para beneficiar a m\u00e1s de 8.500 explotaciones agr\u00edcolas y ganaderas. La primera l\u00ednea de estos recursos, que se pueden solicitar hasta el 30 de abril, se destina a los pagos directos financiados [&hellip;]<\/p>\n","protected":false},"author":1,"featured_media":1129781,"comment_status":"closed","ping_status":"closed","sticky":false,"template":"","format":"standard","meta":{"footnotes":""},"categories":[12,141],"tags":[],"class_list":["post-1129780","post","type-post","status-publish","format-standard","has-post-thumbnail","hentry","category-actualidad-asturias","category-destacadas"],"aioseo_notices":[],"aioseo_head":"\n\t\t<!-- All in One SEO Pro 4.9.6.2 - aioseo.com -->\n\t<meta name=\"description\" content=\"El Gobierno del Principado de Asturias ha convocado las ayudas de la PAC 2024, a las que se destinan m\u00e1s de 92 millones para beneficiar a m\u00e1s de 8.500\" \/>\n\t<meta name=\"robots\" content=\"max-image-preview:large\" \/>\n\t<meta name=\"author\" content=\"El Digital de Asturias\"\/>\n\t<meta name=\"google-site-verification\" content=\"UA-38556648-1\" \/>\n\t<meta name=\"msvalidate.01\" content=\"7dfe9f3f1b24437ab69f4f2559babe99\" \/>\n\t<meta name=\"keywords\" content=\"actualidad asturias,destacadas\" \/>\n\t<link rel=\"canonical\" href=\"https:\/\/www.eldigitaldeasturias.com\/noticias\/convocadas-en-asturias-las-ayudas-de-la-pac-2024\/\" \/>\n\t<meta name=\"generator\" content=\"All in One SEO Pro (AIOSEO) 4.9.6.2\" \/>\n\t\t<meta property=\"og:locale\" content=\"es_ES\" \/>\n\t\t<meta property=\"og:site_name\" content=\"El Digital de Asturias\" \/>\n\t\t<meta property=\"og:type\" content=\"article\" \/>\n\t\t<meta property=\"og:title\" content=\"Convocadas en Asturias las ayudas de la PAC 2024 - El Digital de Asturias\" \/>\n\t\t<meta property=\"og:description\" content=\"El Gobierno del Principado de Asturias ha convocado las ayudas de la PAC 2024, a las que se destinan m\u00e1s de 92 millones para beneficiar a m\u00e1s de 8.500\" \/>\n\t\t<meta property=\"og:url\" content=\"https:\/\/www.eldigitaldeasturias.com\/noticias\/convocadas-en-asturias-las-ayudas-de-la-pac-2024\/\" \/>\n\t\t<meta property=\"og:image\" content=\"https:\/\/www.eldigitaldeasturias.com\/noticias\/wp-content\/uploads\/2024\/03\/Ayudas-PAC-2024-Asturias.jpg\" \/>\n\t\t<meta property=\"og:image:secure_url\" content=\"https:\/\/www.eldigitaldeasturias.com\/noticias\/wp-content\/uploads\/2024\/03\/Ayudas-PAC-2024-Asturias.jpg\" \/>\n\t\t<meta property=\"og:image:width\" content=\"850\" \/>\n\t\t<meta property=\"og:image:height\" content=\"491\" \/>\n\t\t<meta property=\"article:tag\" content=\"actualidad asturias\" \/>\n\t\t<meta property=\"article:tag\" content=\"destacadas\" \/>\n\t\t<meta property=\"article:published_time\" content=\"2024-03-26T09:31:43+00:00\" \/>\n\t\t<meta property=\"article:modified_time\" content=\"2024-03-26T09:31:43+00:00\" \/>\n\t\t<meta property=\"article:publisher\" content=\"https:\/\/facebook.com\/eldigitaldeasturias\" \/>\n\t\t<meta name=\"twitter:card\" content=\"summary_large_image\" \/>\n\t\t<meta name=\"twitter:title\" content=\"Convocadas en Asturias las ayudas de la PAC 2024 - El Digital de Asturias\" \/>\n\t\t<meta name=\"twitter:description\" content=\"El Gobierno del Principado de Asturias ha convocado las ayudas de la PAC 2024, a las que se destinan m\u00e1s de 92 millones para beneficiar a m\u00e1s de 8.500\" \/>\n\t\t<meta name=\"twitter:image\" content=\"https:\/\/www.eldigitaldeasturias.com\/noticias\/wp-content\/uploads\/2024\/03\/Ayudas-PAC-2024-Asturias.jpg\" \/>\n\t\t<meta name=\"twitter:label1\" content=\"Escrito por\" \/>\n\t\t<meta name=\"twitter:data1\" content=\"El Digital de Asturias\" \/>\n\t\t<meta name=\"twitter:label2\" content=\"Tiempo de lectura estimado\" \/>\n\t\t<meta name=\"twitter:data2\" content=\"2 minutos\" \/>\n\t\t<script type=\"application\/ld+json\" class=\"aioseo-schema\">\n\t\t\t{\"@context\":\"https:\\\/\\\/schema.org\",\"@graph\":[{\"@type\":\"BlogPosting\",\"@id\":\"https:\\\/\\\/www.eldigitaldeasturias.com\\\/noticias\\\/convocadas-en-asturias-las-ayudas-de-la-pac-2024\\\/#blogposting\",\"name\":\"Convocadas en Asturias las ayudas de la PAC 2024 - El Digital de Asturias\",\"headline\":\"Convocadas en Asturias las ayudas de la PAC 2024\",\"author\":{\"@id\":\"https:\\\/\\\/www.eldigitaldeasturias.com\\\/noticias\\\/author\\\/admin\\\/#author\"},\"publisher\":{\"@id\":\"https:\\\/\\\/www.eldigitaldeasturias.com\\\/noticias\\\/#organization\"},\"image\":{\"@type\":\"ImageObject\",\"url\":\"https:\\\/\\\/www.eldigitaldeasturias.com\\\/noticias\\\/wp-content\\\/uploads\\\/2024\\\/03\\\/Ayudas-PAC-2024-Asturias.jpg\",\"width\":850,\"height\":491,\"caption\":\"Foto: Prensa Gobierno de Asturias\"},\"datePublished\":\"2024-03-26T10:31:43+01:00\",\"dateModified\":\"2024-03-26T10:31:43+01:00\",\"inLanguage\":\"es-ES\",\"mainEntityOfPage\":{\"@id\":\"https:\\\/\\\/www.eldigitaldeasturias.com\\\/noticias\\\/convocadas-en-asturias-las-ayudas-de-la-pac-2024\\\/#webpage\"},\"isPartOf\":{\"@id\":\"https:\\\/\\\/www.eldigitaldeasturias.com\\\/noticias\\\/convocadas-en-asturias-las-ayudas-de-la-pac-2024\\\/#webpage\"},\"articleSection\":\"Actualidad Asturias, Destacadas\"},{\"@type\":\"BreadcrumbList\",\"@id\":\"https:\\\/\\\/www.eldigitaldeasturias.com\\\/noticias\\\/convocadas-en-asturias-las-ayudas-de-la-pac-2024\\\/#breadcrumblist\",\"itemListElement\":[{\"@type\":\"ListItem\",\"@id\":\"https:\\\/\\\/www.eldigitaldeasturias.com\\\/noticias#listItem\",\"position\":1,\"name\":\"Home\",\"item\":\"https:\\\/\\\/www.eldigitaldeasturias.com\\\/noticias\",\"nextItem\":{\"@type\":\"ListItem\",\"@id\":\"https:\\\/\\\/www.eldigitaldeasturias.com\\\/noticias\\\/category\\\/actualidad-asturias\\\/#listItem\",\"name\":\"Actualidad Asturias\"}},{\"@type\":\"ListItem\",\"@id\":\"https:\\\/\\\/www.eldigitaldeasturias.com\\\/noticias\\\/category\\\/actualidad-asturias\\\/#listItem\",\"position\":2,\"name\":\"Actualidad Asturias\",\"item\":\"https:\\\/\\\/www.eldigitaldeasturias.com\\\/noticias\\\/category\\\/actualidad-asturias\\\/\",\"nextItem\":{\"@type\":\"ListItem\",\"@id\":\"https:\\\/\\\/www.eldigitaldeasturias.com\\\/noticias\\\/convocadas-en-asturias-las-ayudas-de-la-pac-2024\\\/#listItem\",\"name\":\"Convocadas en Asturias las ayudas de la PAC 2024\"},\"previousItem\":{\"@type\":\"ListItem\",\"@id\":\"https:\\\/\\\/www.eldigitaldeasturias.com\\\/noticias#listItem\",\"name\":\"Home\"}},{\"@type\":\"ListItem\",\"@id\":\"https:\\\/\\\/www.eldigitaldeasturias.com\\\/noticias\\\/convocadas-en-asturias-las-ayudas-de-la-pac-2024\\\/#listItem\",\"position\":3,\"name\":\"Convocadas en Asturias las ayudas de la PAC 2024\",\"previousItem\":{\"@type\":\"ListItem\",\"@id\":\"https:\\\/\\\/www.eldigitaldeasturias.com\\\/noticias\\\/category\\\/actualidad-asturias\\\/#listItem\",\"name\":\"Actualidad Asturias\"}}]},{\"@type\":\"Organization\",\"@id\":\"https:\\\/\\\/www.eldigitaldeasturias.com\\\/noticias\\\/#organization\",\"name\":\"El Digital de Asturias\",\"description\":\"Hemeroteca\",\"url\":\"https:\\\/\\\/www.eldigitaldeasturias.com\\\/noticias\\\/\",\"email\":\"info@eldigitaldeasturias.com\",\"telephone\":\"+34652131393\",\"logo\":{\"@type\":\"ImageObject\",\"url\":\"https:\\\/\\\/www.eldigitaldeasturias.com\\\/noticias\\\/wp-content\\\/uploads\\\/2020\\\/12\\\/EDA.jpg\",\"@id\":\"https:\\\/\\\/www.eldigitaldeasturias.com\\\/noticias\\\/convocadas-en-asturias-las-ayudas-de-la-pac-2024\\\/#organizationLogo\",\"width\":649,\"height\":297},\"image\":{\"@id\":\"https:\\\/\\\/www.eldigitaldeasturias.com\\\/noticias\\\/convocadas-en-asturias-las-ayudas-de-la-pac-2024\\\/#organizationLogo\"},\"sameAs\":[\"https:\\\/\\\/facebook.com\\\/eldigitaldeasturias\",\"https:\\\/\\\/www.youtube.com\\\/channel\\\/UCZP-2wLEB9Rv6erhFmqVnvg\"],\"address\":{\"@id\":\"https:\\\/\\\/www.eldigitaldeasturias.com\\\/noticias\\\/#postaladdress\",\"@type\":\"PostalAddress\",\"streetAddress\":\"san antonio 4,\",\"postalCode\":\"33430\",\"addressLocality\":\"Cand\\u00e1s\",\"addressRegion\":\"Asturias\",\"addressCountry\":\"ES\"}},{\"@type\":\"Person\",\"@id\":\"https:\\\/\\\/www.eldigitaldeasturias.com\\\/noticias\\\/author\\\/admin\\\/#author\",\"url\":\"https:\\\/\\\/www.eldigitaldeasturias.com\\\/noticias\\\/author\\\/admin\\\/\",\"name\":\"El Digital de Asturias\",\"image\":{\"@type\":\"ImageObject\",\"@id\":\"https:\\\/\\\/www.eldigitaldeasturias.com\\\/noticias\\\/convocadas-en-asturias-las-ayudas-de-la-pac-2024\\\/#authorImage\",\"url\":\"https:\\\/\\\/www.eldigitaldeasturias.com\\\/noticias\\\/wp-content\\\/litespeed\\\/avatar\\\/18677e78aa0546b92d9dbf31ec7d7668.jpg?ver=1777290358\",\"width\":96,\"height\":96,\"caption\":\"El Digital de Asturias\"}},{\"@type\":\"WebPage\",\"@id\":\"https:\\\/\\\/www.eldigitaldeasturias.com\\\/noticias\\\/convocadas-en-asturias-las-ayudas-de-la-pac-2024\\\/#webpage\",\"url\":\"https:\\\/\\\/www.eldigitaldeasturias.com\\\/noticias\\\/convocadas-en-asturias-las-ayudas-de-la-pac-2024\\\/\",\"name\":\"Convocadas en Asturias las ayudas de la PAC 2024 - El Digital de Asturias\",\"description\":\"El Gobierno del Principado de Asturias ha convocado las ayudas de la PAC 2024, a las que se destinan m\\u00e1s de 92 millones para beneficiar a m\\u00e1s de 8.500\",\"inLanguage\":\"es-ES\",\"isPartOf\":{\"@id\":\"https:\\\/\\\/www.eldigitaldeasturias.com\\\/noticias\\\/#website\"},\"breadcrumb\":{\"@id\":\"https:\\\/\\\/www.eldigitaldeasturias.com\\\/noticias\\\/convocadas-en-asturias-las-ayudas-de-la-pac-2024\\\/#breadcrumblist\"},\"author\":{\"@id\":\"https:\\\/\\\/www.eldigitaldeasturias.com\\\/noticias\\\/author\\\/admin\\\/#author\"},\"creator\":{\"@id\":\"https:\\\/\\\/www.eldigitaldeasturias.com\\\/noticias\\\/author\\\/admin\\\/#author\"},\"image\":{\"@type\":\"ImageObject\",\"url\":\"https:\\\/\\\/www.eldigitaldeasturias.com\\\/noticias\\\/wp-content\\\/uploads\\\/2024\\\/03\\\/Ayudas-PAC-2024-Asturias.jpg\",\"@id\":\"https:\\\/\\\/www.eldigitaldeasturias.com\\\/noticias\\\/convocadas-en-asturias-las-ayudas-de-la-pac-2024\\\/#mainImage\",\"width\":850,\"height\":491,\"caption\":\"Foto: Prensa Gobierno de Asturias\"},\"primaryImageOfPage\":{\"@id\":\"https:\\\/\\\/www.eldigitaldeasturias.com\\\/noticias\\\/convocadas-en-asturias-las-ayudas-de-la-pac-2024\\\/#mainImage\"},\"datePublished\":\"2024-03-26T10:31:43+01:00\",\"dateModified\":\"2024-03-26T10:31:43+01:00\"},{\"@type\":\"WebSite\",\"@id\":\"https:\\\/\\\/www.eldigitaldeasturias.com\\\/noticias\\\/#website\",\"url\":\"https:\\\/\\\/www.eldigitaldeasturias.com\\\/noticias\\\/\",\"name\":\"El Digital de Asturias - Diario de actualidad y noticias\",\"alternateName\":\"El Digital de Asturias - Diario de actualidad y noticias\",\"description\":\"Hemeroteca\",\"inLanguage\":\"es-ES\",\"publisher\":{\"@id\":\"https:\\\/\\\/www.eldigitaldeasturias.com\\\/noticias\\\/#organization\"}}]}\n\t\t<\/script>\n\t\t<!-- All in One SEO Pro -->\r\n\t\t<title>Convocadas en Asturias las ayudas de la PAC 2024 - El Digital de Asturias<\/title>\n\n","aioseo_head_json":{"title":"Convocadas en Asturias las ayudas de la PAC 2024 - El Digital de Asturias","description":"El Gobierno del Principado de Asturias ha convocado las ayudas de la PAC 2024, a las que se destinan m\u00e1s de 92 millones para beneficiar a m\u00e1s de 8.500","canonical_url":"https:\/\/www.eldigitaldeasturias.com\/noticias\/convocadas-en-asturias-las-ayudas-de-la-pac-2024\/","robots":"max-image-preview:large","keywords":"actualidad asturias,destacadas","webmasterTools":{"google-site-verification":"UA-38556648-1","msvalidate.01":"7dfe9f3f1b24437ab69f4f2559babe99","miscellaneous":""},"schema":{"@context":"https:\/\/schema.org","@graph":[{"@type":"BlogPosting","@id":"https:\/\/www.eldigitaldeasturias.com\/noticias\/convocadas-en-asturias-las-ayudas-de-la-pac-2024\/#blogposting","name":"Convocadas en Asturias las ayudas de la PAC 2024 - El Digital de Asturias","headline":"Convocadas en Asturias las ayudas de la PAC 2024","author":{"@id":"https:\/\/www.eldigitaldeasturias.com\/noticias\/author\/admin\/#author"},"publisher":{"@id":"https:\/\/www.eldigitaldeasturias.com\/noticias\/#organization"},"image":{"@type":"ImageObject","url":"https:\/\/www.eldigitaldeasturias.com\/noticias\/wp-content\/uploads\/2024\/03\/Ayudas-PAC-2024-Asturias.jpg","width":850,"height":491,"caption":"Foto: Prensa Gobierno de Asturias"},"datePublished":"2024-03-26T10:31:43+01:00","dateModified":"2024-03-26T10:31:43+01:00","inLanguage":"es-ES","mainEntityOfPage":{"@id":"https:\/\/www.eldigitaldeasturias.com\/noticias\/convocadas-en-asturias-las-ayudas-de-la-pac-2024\/#webpage"},"isPartOf":{"@id":"https:\/\/www.eldigitaldeasturias.com\/noticias\/convocadas-en-asturias-las-ayudas-de-la-pac-2024\/#webpage"},"articleSection":"Actualidad Asturias, Destacadas"},{"@type":"BreadcrumbList","@id":"https:\/\/www.eldigitaldeasturias.com\/noticias\/convocadas-en-asturias-las-ayudas-de-la-pac-2024\/#breadcrumblist","itemListElement":[{"@type":"ListItem","@id":"https:\/\/www.eldigitaldeasturias.com\/noticias#listItem","position":1,"name":"Home","item":"https:\/\/www.eldigitaldeasturias.com\/noticias","nextItem":{"@type":"ListItem","@id":"https:\/\/www.eldigitaldeasturias.com\/noticias\/category\/actualidad-asturias\/#listItem","name":"Actualidad Asturias"}},{"@type":"ListItem","@id":"https:\/\/www.eldigitaldeasturias.com\/noticias\/category\/actualidad-asturias\/#listItem","position":2,"name":"Actualidad Asturias","item":"https:\/\/www.eldigitaldeasturias.com\/noticias\/category\/actualidad-asturias\/","nextItem":{"@type":"ListItem","@id":"https:\/\/www.eldigitaldeasturias.com\/noticias\/convocadas-en-asturias-las-ayudas-de-la-pac-2024\/#listItem","name":"Convocadas en Asturias las ayudas de la PAC 2024"},"previousItem":{"@type":"ListItem","@id":"https:\/\/www.eldigitaldeasturias.com\/noticias#listItem","name":"Home"}},{"@type":"ListItem","@id":"https:\/\/www.eldigitaldeasturias.com\/noticias\/convocadas-en-asturias-las-ayudas-de-la-pac-2024\/#listItem","position":3,"name":"Convocadas en Asturias las ayudas de la PAC 2024","previousItem":{"@type":"ListItem","@id":"https:\/\/www.eldigitaldeasturias.com\/noticias\/category\/actualidad-asturias\/#listItem","name":"Actualidad Asturias"}}]},{"@type":"Organization","@id":"https:\/\/www.eldigitaldeasturias.com\/noticias\/#organization","name":"El Digital de Asturias","description":"Hemeroteca","url":"https:\/\/www.eldigitaldeasturias.com\/noticias\/","email":"info@eldigitaldeasturias.com","telephone":"+34652131393","logo":{"@type":"ImageObject","url":"https:\/\/www.eldigitaldeasturias.com\/noticias\/wp-content\/uploads\/2020\/12\/EDA.jpg","@id":"https:\/\/www.eldigitaldeasturias.com\/noticias\/convocadas-en-asturias-las-ayudas-de-la-pac-2024\/#organizationLogo","width":649,"height":297},"image":{"@id":"https:\/\/www.eldigitaldeasturias.com\/noticias\/convocadas-en-asturias-las-ayudas-de-la-pac-2024\/#organizationLogo"},"sameAs":["https:\/\/facebook.com\/eldigitaldeasturias","https:\/\/www.youtube.com\/channel\/UCZP-2wLEB9Rv6erhFmqVnvg"],"address":{"@id":"https:\/\/www.eldigitaldeasturias.com\/noticias\/#postaladdress","@type":"PostalAddress","streetAddress":"san antonio 4,","postalCode":"33430","addressLocality":"Cand\u00e1s","addressRegion":"Asturias","addressCountry":"ES"}},{"@type":"Person","@id":"https:\/\/www.eldigitaldeasturias.com\/noticias\/author\/admin\/#author","url":"https:\/\/www.eldigitaldeasturias.com\/noticias\/author\/admin\/","name":"El Digital de Asturias","image":{"@type":"ImageObject","@id":"https:\/\/www.eldigitaldeasturias.com\/noticias\/convocadas-en-asturias-las-ayudas-de-la-pac-2024\/#authorImage","url":"https:\/\/www.eldigitaldeasturias.com\/noticias\/wp-content\/litespeed\/avatar\/18677e78aa0546b92d9dbf31ec7d7668.jpg?ver=1777290358","width":96,"height":96,"caption":"El Digital de Asturias"}},{"@type":"WebPage","@id":"https:\/\/www.eldigitaldeasturias.com\/noticias\/convocadas-en-asturias-las-ayudas-de-la-pac-2024\/#webpage","url":"https:\/\/www.eldigitaldeasturias.com\/noticias\/convocadas-en-asturias-las-ayudas-de-la-pac-2024\/","name":"Convocadas en Asturias las ayudas de la PAC 2024 - El Digital de Asturias","description":"El Gobierno del Principado de Asturias ha convocado las ayudas de la PAC 2024, a las que se destinan m\u00e1s de 92 millones para beneficiar a m\u00e1s de 8.500","inLanguage":"es-ES","isPartOf":{"@id":"https:\/\/www.eldigitaldeasturias.com\/noticias\/#website"},"breadcrumb":{"@id":"https:\/\/www.eldigitaldeasturias.com\/noticias\/convocadas-en-asturias-las-ayudas-de-la-pac-2024\/#breadcrumblist"},"author":{"@id":"https:\/\/www.eldigitaldeasturias.com\/noticias\/author\/admin\/#author"},"creator":{"@id":"https:\/\/www.eldigitaldeasturias.com\/noticias\/author\/admin\/#author"},"image":{"@type":"ImageObject","url":"https:\/\/www.eldigitaldeasturias.com\/noticias\/wp-content\/uploads\/2024\/03\/Ayudas-PAC-2024-Asturias.jpg","@id":"https:\/\/www.eldigitaldeasturias.com\/noticias\/convocadas-en-asturias-las-ayudas-de-la-pac-2024\/#mainImage","width":850,"height":491,"caption":"Foto: Prensa Gobierno de Asturias"},"primaryImageOfPage":{"@id":"https:\/\/www.eldigitaldeasturias.com\/noticias\/convocadas-en-asturias-las-ayudas-de-la-pac-2024\/#mainImage"},"datePublished":"2024-03-26T10:31:43+01:00","dateModified":"2024-03-26T10:31:43+01:00"},{"@type":"WebSite","@id":"https:\/\/www.eldigitaldeasturias.com\/noticias\/#website","url":"https:\/\/www.eldigitaldeasturias.com\/noticias\/","name":"El Digital de Asturias - Diario de actualidad y noticias","alternateName":"El Digital de Asturias - Diario de actualidad y noticias","description":"Hemeroteca","inLanguage":"es-ES","publisher":{"@id":"https:\/\/www.eldigitaldeasturias.com\/noticias\/#organization"}}]},"og:locale":"es_ES","og:site_name":"El Digital de Asturias","og:type":"article","og:title":"Convocadas en Asturias las ayudas de la PAC 2024 - El Digital de Asturias","og:description":"El Gobierno del Principado de Asturias ha convocado las ayudas de la PAC 2024, a las que se destinan m\u00e1s de 92 millones para beneficiar a m\u00e1s de 8.500","og:url":"https:\/\/www.eldigitaldeasturias.com\/noticias\/convocadas-en-asturias-las-ayudas-de-la-pac-2024\/","og:image":"https:\/\/www.eldigitaldeasturias.com\/noticias\/wp-content\/uploads\/2024\/03\/Ayudas-PAC-2024-Asturias.jpg","og:image:secure_url":"https:\/\/www.eldigitaldeasturias.com\/noticias\/wp-content\/uploads\/2024\/03\/Ayudas-PAC-2024-Asturias.jpg","og:image:width":850,"og:image:height":491,"article:tag":["actualidad asturias","destacadas"],"article:published_time":"2024-03-26T09:31:43+00:00","article:modified_time":"2024-03-26T09:31:43+00:00","article:publisher":"https:\/\/facebook.com\/eldigitaldeasturias","twitter:card":"summary_large_image","twitter:title":"Convocadas en Asturias las ayudas de la PAC 2024 - El Digital de Asturias","twitter:description":"El Gobierno del Principado de Asturias ha convocado las ayudas de la PAC 2024, a las que se destinan m\u00e1s de 92 millones para beneficiar a m\u00e1s de 8.500","twitter:image":"https:\/\/www.eldigitaldeasturias.com\/noticias\/wp-content\/uploads\/2024\/03\/Ayudas-PAC-2024-Asturias.jpg","twitter:label1":"Escrito por","twitter:data1":"El Digital de Asturias","twitter:label2":"Tiempo de lectura estimado","twitter:data2":"2 minutos"},"aioseo_meta_data":{"post_id":"1129780","title":null,"description":"El Gobierno del Principado de Asturias ha convocado las ayudas de la PAC 2024, a las que se destinan m\u00e1s de 92 millones para beneficiar a m\u00e1s de 8.500","keywords":[],"keyphrases":{"focus":{"keyphrase":"Asturias","score":100,"analysis":{"keyphraseInTitle":{"score":9,"maxScore":9,"error":0},"keyphraseInDescription":{"score":9,"maxScore":9,"error":0},"keyphraseLength":{"score":9,"maxScore":9,"error":0,"length":1},"keyphraseInURL":{"score":5,"maxScore":5,"error":0},"keyphraseInIntroduction":{"score":9,"maxScore":9,"error":0},"keyphraseInSubHeadings":[],"keyphraseInImageAlt":{"score":9,"maxScore":9,"error":0},"keywordDensity":{"type":"best","score":9,"maxScore":9,"error":0}}},"additional":[{"keyphrase":"PAC 2024","score":80,"analysis":{"keyphraseInDescription":{"score":9,"maxScore":9,"error":0},"keyphraseLength":{"score":9,"maxScore":9,"error":0,"length":2},"keyphraseInIntroduction":{"score":9,"maxScore":9,"error":0},"keyphraseInImageAlt":{"score":9,"maxScore":9,"error":0},"keywordDensity":{"score":0,"type":"low","maxScore":9,"error":1}}}]},"primary_term":null,"canonical_url":null,"og_title":null,"og_description":null,"og_object_type":"default","og_image_type":"default","og_image_url":null,"og_image_width":null,"og_image_height":null,"og_image_custom_url":null,"og_image_custom_fields":null,"og_video":"","og_custom_url":null,"og_article_section":null,"og_article_tags":[],"twitter_use_og":false,"twitter_card":"default","twitter_image_type":"default","twitter_image_url":null,"twitter_image_custom_url":null,"twitter_image_custom_fields":null,"twitter_title":null,"twitter_description":null,"schema":{"blockGraphs":[],"customGraphs":[],"default":{"data":{"Article":[],"Course":[],"Dataset":[],"FAQPage":[],"Movie":[],"Person":[],"Product":[],"ProductReview":[],"Car":[],"Recipe":[],"Service":[],"SoftwareApplication":[],"WebPage":[]},"graphName":"BlogPosting","isEnabled":true},"graphs":[]},"schema_type":"default","schema_type_options":null,"pillar_content":false,"robots_default":true,"robots_noindex":false,"robots_noarchive":false,"robots_nosnippet":false,"robots_nofollow":false,"robots_noimageindex":false,"robots_noodp":false,"robots_notranslate":false,"robots_max_snippet":"-1","robots_max_videopreview":"-1","robots_max_imagepreview":"large","priority":null,"frequency":"default","local_seo":null,"seo_analyzer_scan_date":"2025-10-06 06:56:47","breadcrumb_settings":null,"limit_modified_date":false,"open_ai":"{\"title\":{\"suggestions\":[],\"usage\":0},\"description\":{\"suggestions\":[],\"usage\":0}}","ai":null,"created":"2024-03-26 09:26:30","updated":"2025-10-09 11:52:37"},"aioseo_breadcrumb":"<div class=\"aioseo-breadcrumbs\"><span class=\"aioseo-breadcrumb\">\n\t<a href=\"https:\/\/www.eldigitaldeasturias.com\/noticias\" title=\"Home\">Home<\/a>\n<\/span><span class=\"aioseo-breadcrumb-separator\">\u2013<\/span><span class=\"aioseo-breadcrumb\">\n\t<a href=\"https:\/\/www.eldigitaldeasturias.com\/noticias\/category\/actualidad-asturias\/\" title=\"Actualidad Asturias\">Actualidad Asturias<\/a>\n<\/span><span class=\"aioseo-breadcrumb-separator\">\u2013<\/span><span class=\"aioseo-breadcrumb\">\n\t<a href=\"https:\/\/www.eldigitaldeasturias.com\/noticias\/convocadas-en-asturias-las-ayudas-de-la-pac-2024\/\" title=\"Convocadas en Asturias las ayudas de la PAC 2024\">Convocadas en Asturias las ayudas de la PAC 2024<\/a>\n<\/span><\/div>","aioseo_breadcrumb_json":[{"label":"Home","link":"https:\/\/www.eldigitaldeasturias.com\/noticias"},{"label":"Actualidad Asturias","link":"https:\/\/www.eldigitaldeasturias.com\/noticias\/category\/actualidad-asturias\/"},{"label":"Convocadas en Asturias las ayudas de la PAC 2024","link":"https:\/\/www.eldigitaldeasturias.com\/noticias\/convocadas-en-asturias-las-ayudas-de-la-pac-2024\/"}],"_links":{"self":[{"href":"https:\/\/www.eldigitaldeasturias.com\/noticias\/wp-json\/wp\/v2\/posts\/1129780","targetHints":{"allow":["GET"]}}],"collection":[{"href":"https:\/\/www.eldigitaldeasturias.com\/noticias\/wp-json\/wp\/v2\/posts"}],"about":[{"href":"https:\/\/www.eldigitaldeasturias.com\/noticias\/wp-json\/wp\/v2\/types\/post"}],"author":[{"embeddable":true,"href":"https:\/\/www.eldigitaldeasturias.com\/noticias\/wp-json\/wp\/v2\/users\/1"}],"replies":[{"embeddable":true,"href":"https:\/\/www.eldigitaldeasturias.com\/noticias\/wp-json\/wp\/v2\/comments?post=1129780"}],"version-history":[{"count":0,"href":"https:\/\/www.eldigitaldeasturias.com\/noticias\/wp-json\/wp\/v2\/posts\/1129780\/revisions"}],"wp:featuredmedia":[{"embeddable":true,"href":"https:\/\/www.eldigitaldeasturias.com\/noticias\/wp-json\/wp\/v2\/media\/1129781"}],"wp:attachment":[{"href":"https:\/\/www.eldigitaldeasturias.com\/noticias\/wp-json\/wp\/v2\/media?parent=1129780"}],"wp:term":[{"taxonomy":"category","embeddable":true,"href":"https:\/\/www.eldigitaldeasturias.com\/noticias\/wp-json\/wp\/v2\/categories?post=1129780"},{"taxonomy":"post_tag","embeddable":true,"href":"https:\/\/www.eldigitaldeasturias.com\/noticias\/wp-json\/wp\/v2\/tags?post=1129780"}],"curies":[{"name":"wp","href":"https:\/\/api.w.org\/{rel}","templated":true}]}}