{"id":1129584,"date":"2024-03-23T09:27:46","date_gmt":"2024-03-23T08:27:46","guid":{"rendered":"https:\/\/www.eldigitaldeasturias.com\/noticias\/?p=1129584"},"modified":"2024-03-23T09:35:14","modified_gmt":"2024-03-23T08:35:14","slug":"memorial-eloy-palacio-alonso-en-oviedo","status":"publish","type":"post","link":"https:\/\/www.eldigitaldeasturias.com\/noticias\/memorial-eloy-palacio-alonso-en-oviedo\/","title":{"rendered":"Memorial Eloy Palacio Alonso en Oviedo"},"content":{"rendered":"<p>El <a title=\"Ayuntamiento de Oviedo\" href=\"https:\/\/www.oviedo.es\/\" target=\"_blank\" rel=\"noopener\"><span style=\"color: #ff6600;\"><strong>Ayuntamiento de Oviedo<\/strong><\/span><\/a> ha informado que<strong> los bomberos del SEIS volver\u00e1n a celebrar el Memorial Eloy Palacio Alonso en honor a su compa\u00f1ero fallecido<\/strong> en acto de servicio en el incendio de Ur\u00eda del a\u00f1o 2016 organizando la cuarta edici\u00f3n de esta cita deportiva.<\/p>\n<figure id=\"attachment_1129585\" aria-describedby=\"caption-attachment-1129585\" style=\"width: 650px\" class=\"wp-caption aligncenter\"><img loading=\"lazy\" decoding=\"async\" class=\"wp-image-1129585 size-large\" src=\"https:\/\/www.eldigitaldeasturias.com\/noticias\/wp-content\/uploads\/2024\/03\/Memorial-Eloy-Palacio-Alonso-en-Oviedo-650x312.jpg\" alt=\"Memorial Eloy Palacio Alonso en Oviedo\" width=\"650\" height=\"312\" srcset=\"https:\/\/www.eldigitaldeasturias.com\/noticias\/wp-content\/uploads\/2024\/03\/Memorial-Eloy-Palacio-Alonso-en-Oviedo-650x312.jpg 650w, https:\/\/www.eldigitaldeasturias.com\/noticias\/wp-content\/uploads\/2024\/03\/Memorial-Eloy-Palacio-Alonso-en-Oviedo-360x173.jpg 360w, https:\/\/www.eldigitaldeasturias.com\/noticias\/wp-content\/uploads\/2024\/03\/Memorial-Eloy-Palacio-Alonso-en-Oviedo-480x230.jpg 480w, https:\/\/www.eldigitaldeasturias.com\/noticias\/wp-content\/uploads\/2024\/03\/Memorial-Eloy-Palacio-Alonso-en-Oviedo-768x368.jpg 768w, https:\/\/www.eldigitaldeasturias.com\/noticias\/wp-content\/uploads\/2024\/03\/Memorial-Eloy-Palacio-Alonso-en-Oviedo-150x72.jpg 150w, https:\/\/www.eldigitaldeasturias.com\/noticias\/wp-content\/uploads\/2024\/03\/Memorial-Eloy-Palacio-Alonso-en-Oviedo-450x216.jpg 450w, https:\/\/www.eldigitaldeasturias.com\/noticias\/wp-content\/uploads\/2024\/03\/Memorial-Eloy-Palacio-Alonso-en-Oviedo.jpg 1093w\" sizes=\"auto, (max-width: 650px) 100vw, 650px\" \/><figcaption id=\"caption-attachment-1129585\" class=\"wp-caption-text\">Foto: Prensa Ayuntamiento de Oviedo<\/figcaption><\/figure>\n<p><strong>El <a href=\"https:\/\/www.eldigitaldeasturias.com\/noticias\/category\/agenda\/\"><span style=\"color: #ff6600;\">d\u00eda 7 de abril<\/span><\/a> se celebrar\u00e1 la ya tradicional carrera popular y otras dos pruebas espec\u00edficas para bomberos<\/strong> entre las que destaca, como novedad, una carrera vertical por las escaleras del edificio de la Jirafa.<\/p>\n<p>Las inscripciones para la carrera popular, con un precio de 10\u20ac por participante, pueden formalizarse en la web 321go.es.<\/p>\n<blockquote><p>La recaudaci\u00f3n ir\u00e1 destinada a la Asociaci\u00f3n Galb\u00e1n de Familias de Ni\u00f1os con C\u00e1ncer del Principado de Asturias por petici\u00f3n de la familia del bombero.<\/p><\/blockquote>\n<p>La edil de Deportes, Concepci\u00f3n M\u00e9ndez, el concejal de Seguridad Ciudadana, Jose Ram\u00f3n Prado y los bomberos Juan Carlos Fern\u00e1ndez \u00abCuni\u00bb y Juan Manuel Garc\u00eda Dur\u00e1n han presentado los detalles del Memorial.<\/p>\n<p>Desde el Ayuntamiento afirman que ser\u00e1 una cita para el recuerdo y en homenaje a este efectivo del SEIS que, seg\u00fan ha detallado la responsable de Deportes, ofrecer\u00e1, \u00abadem\u00e1s de la carrera popular ya consolidada en el tiempo, otras dos pruebas espec\u00edficas para bomberos: una carrera en vertical por las escaleras del edificio la Jirafa- que supone la gran novedad de este a\u00f1o- y la celebraci\u00f3n de las pruebas \u00abEl \u00fatlimo bombero\u00bb en las que varios equipos competir\u00e1n por hacer distintas labores cotidianas de su profesi\u00f3n en el menor tiempo posible.<\/p>\n<p>Concretamente luchar\u00e1n por hacer las mejores marcas estirando y plegando mangueras de 70 mm; desplegando escaleras; porteando materiales por andamios de tres alturas; trasladando ruedas de tractor y realizando un slalom entre conos.<strong>Prado ha querido alabar \u00abel trabajo de 10 de estos profesionales, que m\u00e1s all\u00e1 de su jornada diaria con iniciativas como esta y otras muchas m\u00e1s con ni\u00f1os, colegios y personas mayores\u00bb.<\/strong><\/p>\n<p>Uno de los organizadores de este memorial, <strong>Juan Carlos Fern\u00e1ndez \u00abCuni\u00bb, quien hace ya ocho a\u00f1os, estuvo trabajando codo con codo con Eloy Palacio en el incendio de Ur\u00eda, ha asegurado que mientras que \u00e9l sea bombero en Oviedo se le seguir\u00e1 recordando: \u00absiempre, le har\u00e9 honor y recuerdo llegada a esta fecha\u00bb.<\/strong> El miembro del SEIS ha querido agradecer \u00abel apoyo\u00bb que \u00absiempre me han dado mis compa\u00f1eros. Incluso esta \u00faltima generaci\u00f3n que no les toc\u00f3 vivir en primera personas ese accidente pero que, seg\u00fan entraron, fueron los primeros en decirme que hab\u00eda que recuperar este memorial\u00bb. La cita \u00abes una forma de recordar a Eloy, haciendo deporte, haciendo algo para la ciudadan\u00eda y sacando algo de dinero que se donar\u00e1, como en todas las ediciones a la Asociaci\u00f3n Galb\u00e1n por petici\u00f3n de la familia de Eloy\u00bb.<\/p>\n<p>Otro de los organizadores, <strong>Juan Manuel Garc\u00eda Dur\u00e1n, ha asegurado que \u00abrecordar a Eloy es para nosotros muy importante, porque aunque los miembros de mi promoci\u00f3n no lo vivimos como bomberos, lo vivimos desde la calle, para nosotros significa mucho ver la uni\u00f3n que se produjo en el colectivo y c\u00f3mo le doli\u00f3 a la ciudad; tambi\u00e9n ver a Cuni recomponerse de tal tragadia y hacerlo de la manera que lo hace. Es un ejemplo de energ\u00eda para todos\u00bb.<\/strong><\/p>\n<p>En cuanto a las pruebas, Garc\u00eda Dur\u00e1n ha se\u00f1alado que en esta edici\u00f3n \u00abse da un salto de calidad\u00bb con la organizaci\u00f3n de la I Carrera en vertical para bomberos que nos permite \u00abincorporarnos en el circuito nacional de este tipo de pruebas en las que se encuentran por ejemplo el Hotel Vali de Benidorm, la Torre Emperador de Madrid o las escaleras del funicular de la Abad\u00eda de Montserrat en Catalu\u00f1a\u00bb. <strong>Los mejores competidores, ha a\u00f1adido, subir\u00e1n en apenas minuto y medio los 21 pisos de la Jirafa que supone un desnivel de 60 metros de altura.<\/strong><\/p>\n<p>Las inscripciones para la carrera popular permanecen abiertas en la web 321go.es y tienen un precio de 10\u20ac. Los dorsales podr\u00e1n recogerse los d\u00edas 5 y 6 de abril en horario de 10::00 a 22:00 horas en la secci\u00f3n de Deportes de El Corte Ingl\u00e9s de Salesas.<\/p>\n","protected":false},"excerpt":{"rendered":"<p>El Ayuntamiento de Oviedo ha informado que los bomberos del SEIS volver\u00e1n a celebrar el Memorial Eloy Palacio Alonso en honor a su compa\u00f1ero fallecido en acto de servicio en el incendio de Ur\u00eda del a\u00f1o 2016 organizando la cuarta edici\u00f3n de esta cita deportiva. El d\u00eda 7 de abril se celebrar\u00e1 la ya tradicional [&hellip;]<\/p>\n","protected":false},"author":1,"featured_media":1129585,"comment_status":"closed","ping_status":"closed","sticky":false,"template":"","format":"standard","meta":{"footnotes":""},"categories":[12,141],"tags":[],"class_list":["post-1129584","post","type-post","status-publish","format-standard","has-post-thumbnail","hentry","category-actualidad-asturias","category-destacadas"],"aioseo_notices":[],"aioseo_head":"\n\t\t<!-- All in One SEO Pro 4.9.6.2 - aioseo.com -->\n\t<meta name=\"description\" content=\"El Ayuntamiento de Oviedo ha informado que los bomberos del SEIS volver\u00e1n a celebrar el Memorial Eloy Palacio Alonso en honor a su compa\u00f1ero fallecido en acto\" \/>\n\t<meta name=\"robots\" content=\"max-image-preview:large\" \/>\n\t<meta name=\"author\" content=\"El Digital de Asturias\"\/>\n\t<meta name=\"google-site-verification\" content=\"UA-38556648-1\" \/>\n\t<meta name=\"msvalidate.01\" content=\"7dfe9f3f1b24437ab69f4f2559babe99\" \/>\n\t<meta name=\"keywords\" content=\"actualidad asturias,destacadas\" \/>\n\t<link rel=\"canonical\" href=\"https:\/\/www.eldigitaldeasturias.com\/noticias\/memorial-eloy-palacio-alonso-en-oviedo\/\" \/>\n\t<meta name=\"generator\" content=\"All in One SEO Pro (AIOSEO) 4.9.6.2\" \/>\n\t\t<meta property=\"og:locale\" content=\"es_ES\" \/>\n\t\t<meta property=\"og:site_name\" content=\"El Digital de Asturias\" \/>\n\t\t<meta property=\"og:type\" content=\"article\" \/>\n\t\t<meta property=\"og:title\" content=\"Memorial Eloy Palacio Alonso en Oviedo - El Digital de Asturias\" \/>\n\t\t<meta property=\"og:description\" content=\"El Ayuntamiento de Oviedo ha informado que los bomberos del SEIS volver\u00e1n a celebrar el Memorial Eloy Palacio Alonso en honor a su compa\u00f1ero fallecido en acto\" \/>\n\t\t<meta property=\"og:url\" content=\"https:\/\/www.eldigitaldeasturias.com\/noticias\/memorial-eloy-palacio-alonso-en-oviedo\/\" \/>\n\t\t<meta property=\"og:image\" content=\"https:\/\/www.eldigitaldeasturias.com\/noticias\/wp-content\/uploads\/2024\/03\/Memorial-Eloy-Palacio-Alonso-en-Oviedo.jpg\" \/>\n\t\t<meta property=\"og:image:secure_url\" content=\"https:\/\/www.eldigitaldeasturias.com\/noticias\/wp-content\/uploads\/2024\/03\/Memorial-Eloy-Palacio-Alonso-en-Oviedo.jpg\" \/>\n\t\t<meta property=\"og:image:width\" content=\"1093\" \/>\n\t\t<meta property=\"og:image:height\" content=\"524\" \/>\n\t\t<meta property=\"article:tag\" content=\"actualidad asturias\" \/>\n\t\t<meta property=\"article:tag\" content=\"destacadas\" \/>\n\t\t<meta property=\"article:published_time\" content=\"2024-03-23T08:27:46+00:00\" \/>\n\t\t<meta property=\"article:modified_time\" content=\"2024-03-23T08:35:14+00:00\" \/>\n\t\t<meta property=\"article:publisher\" content=\"https:\/\/facebook.com\/eldigitaldeasturias\" \/>\n\t\t<meta name=\"twitter:card\" content=\"summary_large_image\" \/>\n\t\t<meta name=\"twitter:title\" content=\"Memorial Eloy Palacio Alonso en Oviedo - El Digital de Asturias\" \/>\n\t\t<meta name=\"twitter:description\" content=\"El Ayuntamiento de Oviedo ha informado que los bomberos del SEIS volver\u00e1n a celebrar el Memorial Eloy Palacio Alonso en honor a su compa\u00f1ero fallecido en acto\" \/>\n\t\t<meta name=\"twitter:image\" content=\"https:\/\/www.eldigitaldeasturias.com\/noticias\/wp-content\/uploads\/2024\/03\/Memorial-Eloy-Palacio-Alonso-en-Oviedo.jpg\" \/>\n\t\t<meta name=\"twitter:label1\" content=\"Escrito por\" \/>\n\t\t<meta name=\"twitter:data1\" content=\"El Digital de Asturias\" \/>\n\t\t<meta name=\"twitter:label2\" content=\"Tiempo de lectura estimado\" \/>\n\t\t<meta name=\"twitter:data2\" content=\"4 minutos\" \/>\n\t\t<script type=\"application\/ld+json\" class=\"aioseo-schema\">\n\t\t\t{\"@context\":\"https:\\\/\\\/schema.org\",\"@graph\":[{\"@type\":\"BlogPosting\",\"@id\":\"https:\\\/\\\/www.eldigitaldeasturias.com\\\/noticias\\\/memorial-eloy-palacio-alonso-en-oviedo\\\/#blogposting\",\"name\":\"Memorial Eloy Palacio Alonso en Oviedo - El Digital de Asturias\",\"headline\":\"Memorial Eloy Palacio Alonso en Oviedo\",\"author\":{\"@id\":\"https:\\\/\\\/www.eldigitaldeasturias.com\\\/noticias\\\/author\\\/admin\\\/#author\"},\"publisher\":{\"@id\":\"https:\\\/\\\/www.eldigitaldeasturias.com\\\/noticias\\\/#organization\"},\"image\":{\"@type\":\"ImageObject\",\"url\":\"https:\\\/\\\/www.eldigitaldeasturias.com\\\/noticias\\\/wp-content\\\/uploads\\\/2024\\\/03\\\/Memorial-Eloy-Palacio-Alonso-en-Oviedo.jpg\",\"width\":1093,\"height\":524,\"caption\":\"Memorial Eloy Palacio Alonso en Oviedo\"},\"datePublished\":\"2024-03-23T09:27:46+01:00\",\"dateModified\":\"2024-03-23T09:35:14+01:00\",\"inLanguage\":\"es-ES\",\"mainEntityOfPage\":{\"@id\":\"https:\\\/\\\/www.eldigitaldeasturias.com\\\/noticias\\\/memorial-eloy-palacio-alonso-en-oviedo\\\/#webpage\"},\"isPartOf\":{\"@id\":\"https:\\\/\\\/www.eldigitaldeasturias.com\\\/noticias\\\/memorial-eloy-palacio-alonso-en-oviedo\\\/#webpage\"},\"articleSection\":\"Actualidad Asturias, Destacadas\"},{\"@type\":\"BreadcrumbList\",\"@id\":\"https:\\\/\\\/www.eldigitaldeasturias.com\\\/noticias\\\/memorial-eloy-palacio-alonso-en-oviedo\\\/#breadcrumblist\",\"itemListElement\":[{\"@type\":\"ListItem\",\"@id\":\"https:\\\/\\\/www.eldigitaldeasturias.com\\\/noticias#listItem\",\"position\":1,\"name\":\"Home\",\"item\":\"https:\\\/\\\/www.eldigitaldeasturias.com\\\/noticias\",\"nextItem\":{\"@type\":\"ListItem\",\"@id\":\"https:\\\/\\\/www.eldigitaldeasturias.com\\\/noticias\\\/category\\\/actualidad-asturias\\\/#listItem\",\"name\":\"Actualidad Asturias\"}},{\"@type\":\"ListItem\",\"@id\":\"https:\\\/\\\/www.eldigitaldeasturias.com\\\/noticias\\\/category\\\/actualidad-asturias\\\/#listItem\",\"position\":2,\"name\":\"Actualidad Asturias\",\"item\":\"https:\\\/\\\/www.eldigitaldeasturias.com\\\/noticias\\\/category\\\/actualidad-asturias\\\/\",\"nextItem\":{\"@type\":\"ListItem\",\"@id\":\"https:\\\/\\\/www.eldigitaldeasturias.com\\\/noticias\\\/memorial-eloy-palacio-alonso-en-oviedo\\\/#listItem\",\"name\":\"Memorial Eloy Palacio Alonso en Oviedo\"},\"previousItem\":{\"@type\":\"ListItem\",\"@id\":\"https:\\\/\\\/www.eldigitaldeasturias.com\\\/noticias#listItem\",\"name\":\"Home\"}},{\"@type\":\"ListItem\",\"@id\":\"https:\\\/\\\/www.eldigitaldeasturias.com\\\/noticias\\\/memorial-eloy-palacio-alonso-en-oviedo\\\/#listItem\",\"position\":3,\"name\":\"Memorial Eloy Palacio Alonso en Oviedo\",\"previousItem\":{\"@type\":\"ListItem\",\"@id\":\"https:\\\/\\\/www.eldigitaldeasturias.com\\\/noticias\\\/category\\\/actualidad-asturias\\\/#listItem\",\"name\":\"Actualidad Asturias\"}}]},{\"@type\":\"Organization\",\"@id\":\"https:\\\/\\\/www.eldigitaldeasturias.com\\\/noticias\\\/#organization\",\"name\":\"El Digital de Asturias\",\"description\":\"Hemeroteca\",\"url\":\"https:\\\/\\\/www.eldigitaldeasturias.com\\\/noticias\\\/\",\"email\":\"info@eldigitaldeasturias.com\",\"telephone\":\"+34652131393\",\"logo\":{\"@type\":\"ImageObject\",\"url\":\"https:\\\/\\\/www.eldigitaldeasturias.com\\\/noticias\\\/wp-content\\\/uploads\\\/2020\\\/12\\\/EDA.jpg\",\"@id\":\"https:\\\/\\\/www.eldigitaldeasturias.com\\\/noticias\\\/memorial-eloy-palacio-alonso-en-oviedo\\\/#organizationLogo\",\"width\":649,\"height\":297},\"image\":{\"@id\":\"https:\\\/\\\/www.eldigitaldeasturias.com\\\/noticias\\\/memorial-eloy-palacio-alonso-en-oviedo\\\/#organizationLogo\"},\"sameAs\":[\"https:\\\/\\\/facebook.com\\\/eldigitaldeasturias\",\"https:\\\/\\\/www.youtube.com\\\/channel\\\/UCZP-2wLEB9Rv6erhFmqVnvg\"],\"address\":{\"@id\":\"https:\\\/\\\/www.eldigitaldeasturias.com\\\/noticias\\\/#postaladdress\",\"@type\":\"PostalAddress\",\"streetAddress\":\"san antonio 4,\",\"postalCode\":\"33430\",\"addressLocality\":\"Cand\\u00e1s\",\"addressRegion\":\"Asturias\",\"addressCountry\":\"ES\"}},{\"@type\":\"Person\",\"@id\":\"https:\\\/\\\/www.eldigitaldeasturias.com\\\/noticias\\\/author\\\/admin\\\/#author\",\"url\":\"https:\\\/\\\/www.eldigitaldeasturias.com\\\/noticias\\\/author\\\/admin\\\/\",\"name\":\"El Digital de Asturias\",\"image\":{\"@type\":\"ImageObject\",\"@id\":\"https:\\\/\\\/www.eldigitaldeasturias.com\\\/noticias\\\/memorial-eloy-palacio-alonso-en-oviedo\\\/#authorImage\",\"url\":\"https:\\\/\\\/www.eldigitaldeasturias.com\\\/noticias\\\/wp-content\\\/litespeed\\\/avatar\\\/18677e78aa0546b92d9dbf31ec7d7668.jpg?ver=1777290358\",\"width\":96,\"height\":96,\"caption\":\"El Digital de Asturias\"}},{\"@type\":\"WebPage\",\"@id\":\"https:\\\/\\\/www.eldigitaldeasturias.com\\\/noticias\\\/memorial-eloy-palacio-alonso-en-oviedo\\\/#webpage\",\"url\":\"https:\\\/\\\/www.eldigitaldeasturias.com\\\/noticias\\\/memorial-eloy-palacio-alonso-en-oviedo\\\/\",\"name\":\"Memorial Eloy Palacio Alonso en Oviedo - El Digital de Asturias\",\"description\":\"El Ayuntamiento de Oviedo ha informado que los bomberos del SEIS volver\\u00e1n a celebrar el Memorial Eloy Palacio Alonso en honor a su compa\\u00f1ero fallecido en acto\",\"inLanguage\":\"es-ES\",\"isPartOf\":{\"@id\":\"https:\\\/\\\/www.eldigitaldeasturias.com\\\/noticias\\\/#website\"},\"breadcrumb\":{\"@id\":\"https:\\\/\\\/www.eldigitaldeasturias.com\\\/noticias\\\/memorial-eloy-palacio-alonso-en-oviedo\\\/#breadcrumblist\"},\"author\":{\"@id\":\"https:\\\/\\\/www.eldigitaldeasturias.com\\\/noticias\\\/author\\\/admin\\\/#author\"},\"creator\":{\"@id\":\"https:\\\/\\\/www.eldigitaldeasturias.com\\\/noticias\\\/author\\\/admin\\\/#author\"},\"image\":{\"@type\":\"ImageObject\",\"url\":\"https:\\\/\\\/www.eldigitaldeasturias.com\\\/noticias\\\/wp-content\\\/uploads\\\/2024\\\/03\\\/Memorial-Eloy-Palacio-Alonso-en-Oviedo.jpg\",\"@id\":\"https:\\\/\\\/www.eldigitaldeasturias.com\\\/noticias\\\/memorial-eloy-palacio-alonso-en-oviedo\\\/#mainImage\",\"width\":1093,\"height\":524,\"caption\":\"Memorial Eloy Palacio Alonso en Oviedo\"},\"primaryImageOfPage\":{\"@id\":\"https:\\\/\\\/www.eldigitaldeasturias.com\\\/noticias\\\/memorial-eloy-palacio-alonso-en-oviedo\\\/#mainImage\"},\"datePublished\":\"2024-03-23T09:27:46+01:00\",\"dateModified\":\"2024-03-23T09:35:14+01:00\"},{\"@type\":\"WebSite\",\"@id\":\"https:\\\/\\\/www.eldigitaldeasturias.com\\\/noticias\\\/#website\",\"url\":\"https:\\\/\\\/www.eldigitaldeasturias.com\\\/noticias\\\/\",\"name\":\"El Digital de Asturias - Diario de actualidad y noticias\",\"alternateName\":\"El Digital de Asturias - Diario de actualidad y noticias\",\"description\":\"Hemeroteca\",\"inLanguage\":\"es-ES\",\"publisher\":{\"@id\":\"https:\\\/\\\/www.eldigitaldeasturias.com\\\/noticias\\\/#organization\"}}]}\n\t\t<\/script>\n\t\t<!-- All in One SEO Pro -->\r\n\t\t<title>Memorial Eloy Palacio Alonso en Oviedo - El Digital de Asturias<\/title>\n\n","aioseo_head_json":{"title":"Memorial Eloy Palacio Alonso en Oviedo - El Digital de Asturias","description":"El Ayuntamiento de Oviedo ha informado que los bomberos del SEIS volver\u00e1n a celebrar el Memorial Eloy Palacio Alonso en honor a su compa\u00f1ero fallecido en acto","canonical_url":"https:\/\/www.eldigitaldeasturias.com\/noticias\/memorial-eloy-palacio-alonso-en-oviedo\/","robots":"max-image-preview:large","keywords":"actualidad asturias,destacadas","webmasterTools":{"google-site-verification":"UA-38556648-1","msvalidate.01":"7dfe9f3f1b24437ab69f4f2559babe99","miscellaneous":""},"schema":{"@context":"https:\/\/schema.org","@graph":[{"@type":"BlogPosting","@id":"https:\/\/www.eldigitaldeasturias.com\/noticias\/memorial-eloy-palacio-alonso-en-oviedo\/#blogposting","name":"Memorial Eloy Palacio Alonso en Oviedo - El Digital de Asturias","headline":"Memorial Eloy Palacio Alonso en Oviedo","author":{"@id":"https:\/\/www.eldigitaldeasturias.com\/noticias\/author\/admin\/#author"},"publisher":{"@id":"https:\/\/www.eldigitaldeasturias.com\/noticias\/#organization"},"image":{"@type":"ImageObject","url":"https:\/\/www.eldigitaldeasturias.com\/noticias\/wp-content\/uploads\/2024\/03\/Memorial-Eloy-Palacio-Alonso-en-Oviedo.jpg","width":1093,"height":524,"caption":"Memorial Eloy Palacio Alonso en Oviedo"},"datePublished":"2024-03-23T09:27:46+01:00","dateModified":"2024-03-23T09:35:14+01:00","inLanguage":"es-ES","mainEntityOfPage":{"@id":"https:\/\/www.eldigitaldeasturias.com\/noticias\/memorial-eloy-palacio-alonso-en-oviedo\/#webpage"},"isPartOf":{"@id":"https:\/\/www.eldigitaldeasturias.com\/noticias\/memorial-eloy-palacio-alonso-en-oviedo\/#webpage"},"articleSection":"Actualidad Asturias, Destacadas"},{"@type":"BreadcrumbList","@id":"https:\/\/www.eldigitaldeasturias.com\/noticias\/memorial-eloy-palacio-alonso-en-oviedo\/#breadcrumblist","itemListElement":[{"@type":"ListItem","@id":"https:\/\/www.eldigitaldeasturias.com\/noticias#listItem","position":1,"name":"Home","item":"https:\/\/www.eldigitaldeasturias.com\/noticias","nextItem":{"@type":"ListItem","@id":"https:\/\/www.eldigitaldeasturias.com\/noticias\/category\/actualidad-asturias\/#listItem","name":"Actualidad Asturias"}},{"@type":"ListItem","@id":"https:\/\/www.eldigitaldeasturias.com\/noticias\/category\/actualidad-asturias\/#listItem","position":2,"name":"Actualidad Asturias","item":"https:\/\/www.eldigitaldeasturias.com\/noticias\/category\/actualidad-asturias\/","nextItem":{"@type":"ListItem","@id":"https:\/\/www.eldigitaldeasturias.com\/noticias\/memorial-eloy-palacio-alonso-en-oviedo\/#listItem","name":"Memorial Eloy Palacio Alonso en Oviedo"},"previousItem":{"@type":"ListItem","@id":"https:\/\/www.eldigitaldeasturias.com\/noticias#listItem","name":"Home"}},{"@type":"ListItem","@id":"https:\/\/www.eldigitaldeasturias.com\/noticias\/memorial-eloy-palacio-alonso-en-oviedo\/#listItem","position":3,"name":"Memorial Eloy Palacio Alonso en Oviedo","previousItem":{"@type":"ListItem","@id":"https:\/\/www.eldigitaldeasturias.com\/noticias\/category\/actualidad-asturias\/#listItem","name":"Actualidad Asturias"}}]},{"@type":"Organization","@id":"https:\/\/www.eldigitaldeasturias.com\/noticias\/#organization","name":"El Digital de Asturias","description":"Hemeroteca","url":"https:\/\/www.eldigitaldeasturias.com\/noticias\/","email":"info@eldigitaldeasturias.com","telephone":"+34652131393","logo":{"@type":"ImageObject","url":"https:\/\/www.eldigitaldeasturias.com\/noticias\/wp-content\/uploads\/2020\/12\/EDA.jpg","@id":"https:\/\/www.eldigitaldeasturias.com\/noticias\/memorial-eloy-palacio-alonso-en-oviedo\/#organizationLogo","width":649,"height":297},"image":{"@id":"https:\/\/www.eldigitaldeasturias.com\/noticias\/memorial-eloy-palacio-alonso-en-oviedo\/#organizationLogo"},"sameAs":["https:\/\/facebook.com\/eldigitaldeasturias","https:\/\/www.youtube.com\/channel\/UCZP-2wLEB9Rv6erhFmqVnvg"],"address":{"@id":"https:\/\/www.eldigitaldeasturias.com\/noticias\/#postaladdress","@type":"PostalAddress","streetAddress":"san antonio 4,","postalCode":"33430","addressLocality":"Cand\u00e1s","addressRegion":"Asturias","addressCountry":"ES"}},{"@type":"Person","@id":"https:\/\/www.eldigitaldeasturias.com\/noticias\/author\/admin\/#author","url":"https:\/\/www.eldigitaldeasturias.com\/noticias\/author\/admin\/","name":"El Digital de Asturias","image":{"@type":"ImageObject","@id":"https:\/\/www.eldigitaldeasturias.com\/noticias\/memorial-eloy-palacio-alonso-en-oviedo\/#authorImage","url":"https:\/\/www.eldigitaldeasturias.com\/noticias\/wp-content\/litespeed\/avatar\/18677e78aa0546b92d9dbf31ec7d7668.jpg?ver=1777290358","width":96,"height":96,"caption":"El Digital de Asturias"}},{"@type":"WebPage","@id":"https:\/\/www.eldigitaldeasturias.com\/noticias\/memorial-eloy-palacio-alonso-en-oviedo\/#webpage","url":"https:\/\/www.eldigitaldeasturias.com\/noticias\/memorial-eloy-palacio-alonso-en-oviedo\/","name":"Memorial Eloy Palacio Alonso en Oviedo - El Digital de Asturias","description":"El Ayuntamiento de Oviedo ha informado que los bomberos del SEIS volver\u00e1n a celebrar el Memorial Eloy Palacio Alonso en honor a su compa\u00f1ero fallecido en acto","inLanguage":"es-ES","isPartOf":{"@id":"https:\/\/www.eldigitaldeasturias.com\/noticias\/#website"},"breadcrumb":{"@id":"https:\/\/www.eldigitaldeasturias.com\/noticias\/memorial-eloy-palacio-alonso-en-oviedo\/#breadcrumblist"},"author":{"@id":"https:\/\/www.eldigitaldeasturias.com\/noticias\/author\/admin\/#author"},"creator":{"@id":"https:\/\/www.eldigitaldeasturias.com\/noticias\/author\/admin\/#author"},"image":{"@type":"ImageObject","url":"https:\/\/www.eldigitaldeasturias.com\/noticias\/wp-content\/uploads\/2024\/03\/Memorial-Eloy-Palacio-Alonso-en-Oviedo.jpg","@id":"https:\/\/www.eldigitaldeasturias.com\/noticias\/memorial-eloy-palacio-alonso-en-oviedo\/#mainImage","width":1093,"height":524,"caption":"Memorial Eloy Palacio Alonso en Oviedo"},"primaryImageOfPage":{"@id":"https:\/\/www.eldigitaldeasturias.com\/noticias\/memorial-eloy-palacio-alonso-en-oviedo\/#mainImage"},"datePublished":"2024-03-23T09:27:46+01:00","dateModified":"2024-03-23T09:35:14+01:00"},{"@type":"WebSite","@id":"https:\/\/www.eldigitaldeasturias.com\/noticias\/#website","url":"https:\/\/www.eldigitaldeasturias.com\/noticias\/","name":"El Digital de Asturias - Diario de actualidad y noticias","alternateName":"El Digital de Asturias - Diario de actualidad y noticias","description":"Hemeroteca","inLanguage":"es-ES","publisher":{"@id":"https:\/\/www.eldigitaldeasturias.com\/noticias\/#organization"}}]},"og:locale":"es_ES","og:site_name":"El Digital de Asturias","og:type":"article","og:title":"Memorial Eloy Palacio Alonso en Oviedo - El Digital de Asturias","og:description":"El Ayuntamiento de Oviedo ha informado que los bomberos del SEIS volver\u00e1n a celebrar el Memorial Eloy Palacio Alonso en honor a su compa\u00f1ero fallecido en acto","og:url":"https:\/\/www.eldigitaldeasturias.com\/noticias\/memorial-eloy-palacio-alonso-en-oviedo\/","og:image":"https:\/\/www.eldigitaldeasturias.com\/noticias\/wp-content\/uploads\/2024\/03\/Memorial-Eloy-Palacio-Alonso-en-Oviedo.jpg","og:image:secure_url":"https:\/\/www.eldigitaldeasturias.com\/noticias\/wp-content\/uploads\/2024\/03\/Memorial-Eloy-Palacio-Alonso-en-Oviedo.jpg","og:image:width":1093,"og:image:height":524,"article:tag":["actualidad asturias","destacadas"],"article:published_time":"2024-03-23T08:27:46+00:00","article:modified_time":"2024-03-23T08:35:14+00:00","article:publisher":"https:\/\/facebook.com\/eldigitaldeasturias","twitter:card":"summary_large_image","twitter:title":"Memorial Eloy Palacio Alonso en Oviedo - El Digital de Asturias","twitter:description":"El Ayuntamiento de Oviedo ha informado que los bomberos del SEIS volver\u00e1n a celebrar el Memorial Eloy Palacio Alonso en honor a su compa\u00f1ero fallecido en acto","twitter:image":"https:\/\/www.eldigitaldeasturias.com\/noticias\/wp-content\/uploads\/2024\/03\/Memorial-Eloy-Palacio-Alonso-en-Oviedo.jpg","twitter:label1":"Escrito por","twitter:data1":"El Digital de Asturias","twitter:label2":"Tiempo de lectura estimado","twitter:data2":"4 minutos"},"aioseo_meta_data":{"post_id":"1129584","title":null,"description":"El Ayuntamiento de Oviedo ha informado que los bomberos del SEIS volver\u00e1n a celebrar el Memorial Eloy Palacio Alonso en honor a su compa\u00f1ero fallecido en acto","keywords":[],"keyphrases":{"focus":{"keyphrase":"Oviedo","score":85,"analysis":{"keyphraseInTitle":{"score":9,"maxScore":9,"error":0},"keyphraseInDescription":{"score":9,"maxScore":9,"error":0},"keyphraseLength":{"score":9,"maxScore":9,"error":0,"length":1},"keyphraseInURL":{"score":5,"maxScore":5,"error":0},"keyphraseInIntroduction":{"score":9,"maxScore":9,"error":0},"keyphraseInSubHeadings":[],"keyphraseInImageAlt":{"score":9,"maxScore":9,"error":0},"keywordDensity":{"score":0,"type":"low","maxScore":9,"error":1}}},"additional":[{"keyphrase":"Oviedo","score":80,"analysis":{"keyphraseInDescription":{"score":9,"maxScore":9,"error":0},"keyphraseLength":{"score":9,"maxScore":9,"error":0,"length":1},"keyphraseInIntroduction":{"score":9,"maxScore":9,"error":0},"keyphraseInImageAlt":{"score":9,"maxScore":9,"error":0},"keywordDensity":{"score":0,"type":"low","maxScore":9,"error":1}}},{"keyphrase":"Memorial Eloy Palacio","score":80,"analysis":{"keyphraseInDescription":{"score":9,"maxScore":9,"error":0},"keyphraseLength":{"score":9,"maxScore":9,"error":0,"length":3},"keyphraseInIntroduction":{"score":9,"maxScore":9,"error":0},"keyphraseInImageAlt":{"score":9,"maxScore":9,"error":0},"keywordDensity":{"score":0,"type":"low","maxScore":9,"error":1}}}]},"primary_term":null,"canonical_url":null,"og_title":null,"og_description":null,"og_object_type":"default","og_image_type":"default","og_image_url":null,"og_image_width":null,"og_image_height":null,"og_image_custom_url":null,"og_image_custom_fields":null,"og_video":"","og_custom_url":null,"og_article_section":null,"og_article_tags":[],"twitter_use_og":false,"twitter_card":"default","twitter_image_type":"default","twitter_image_url":null,"twitter_image_custom_url":null,"twitter_image_custom_fields":null,"twitter_title":null,"twitter_description":null,"schema":{"blockGraphs":[],"customGraphs":[],"default":{"data":{"Article":[],"Course":[],"Dataset":[],"FAQPage":[],"Movie":[],"Person":[],"Product":[],"ProductReview":[],"Car":[],"Recipe":[],"Service":[],"SoftwareApplication":[],"WebPage":[]},"graphName":"BlogPosting","isEnabled":true},"graphs":[]},"schema_type":"default","schema_type_options":null,"pillar_content":false,"robots_default":true,"robots_noindex":false,"robots_noarchive":false,"robots_nosnippet":false,"robots_nofollow":false,"robots_noimageindex":false,"robots_noodp":false,"robots_notranslate":false,"robots_max_snippet":"-1","robots_max_videopreview":"-1","robots_max_imagepreview":"large","priority":null,"frequency":"default","local_seo":null,"seo_analyzer_scan_date":"2025-10-06 06:29:06","breadcrumb_settings":null,"limit_modified_date":false,"open_ai":"{\"title\":{\"suggestions\":[],\"usage\":0},\"description\":{\"suggestions\":[],\"usage\":0}}","ai":null,"created":"2024-03-23 08:19:54","updated":"2025-10-09 11:31:35"},"aioseo_breadcrumb":"<div class=\"aioseo-breadcrumbs\"><span class=\"aioseo-breadcrumb\">\n\t<a href=\"https:\/\/www.eldigitaldeasturias.com\/noticias\" title=\"Home\">Home<\/a>\n<\/span><span class=\"aioseo-breadcrumb-separator\">\u2013<\/span><span class=\"aioseo-breadcrumb\">\n\t<a href=\"https:\/\/www.eldigitaldeasturias.com\/noticias\/category\/actualidad-asturias\/\" title=\"Actualidad Asturias\">Actualidad Asturias<\/a>\n<\/span><span class=\"aioseo-breadcrumb-separator\">\u2013<\/span><span class=\"aioseo-breadcrumb\">\n\t<a href=\"https:\/\/www.eldigitaldeasturias.com\/noticias\/memorial-eloy-palacio-alonso-en-oviedo\/\" title=\"Memorial Eloy Palacio Alonso en Oviedo\">Memorial Eloy Palacio Alonso en Oviedo<\/a>\n<\/span><\/div>","aioseo_breadcrumb_json":[{"label":"Home","link":"https:\/\/www.eldigitaldeasturias.com\/noticias"},{"label":"Actualidad Asturias","link":"https:\/\/www.eldigitaldeasturias.com\/noticias\/category\/actualidad-asturias\/"},{"label":"Memorial Eloy Palacio Alonso en Oviedo","link":"https:\/\/www.eldigitaldeasturias.com\/noticias\/memorial-eloy-palacio-alonso-en-oviedo\/"}],"_links":{"self":[{"href":"https:\/\/www.eldigitaldeasturias.com\/noticias\/wp-json\/wp\/v2\/posts\/1129584","targetHints":{"allow":["GET"]}}],"collection":[{"href":"https:\/\/www.eldigitaldeasturias.com\/noticias\/wp-json\/wp\/v2\/posts"}],"about":[{"href":"https:\/\/www.eldigitaldeasturias.com\/noticias\/wp-json\/wp\/v2\/types\/post"}],"author":[{"embeddable":true,"href":"https:\/\/www.eldigitaldeasturias.com\/noticias\/wp-json\/wp\/v2\/users\/1"}],"replies":[{"embeddable":true,"href":"https:\/\/www.eldigitaldeasturias.com\/noticias\/wp-json\/wp\/v2\/comments?post=1129584"}],"version-history":[{"count":0,"href":"https:\/\/www.eldigitaldeasturias.com\/noticias\/wp-json\/wp\/v2\/posts\/1129584\/revisions"}],"wp:featuredmedia":[{"embeddable":true,"href":"https:\/\/www.eldigitaldeasturias.com\/noticias\/wp-json\/wp\/v2\/media\/1129585"}],"wp:attachment":[{"href":"https:\/\/www.eldigitaldeasturias.com\/noticias\/wp-json\/wp\/v2\/media?parent=1129584"}],"wp:term":[{"taxonomy":"category","embeddable":true,"href":"https:\/\/www.eldigitaldeasturias.com\/noticias\/wp-json\/wp\/v2\/categories?post=1129584"},{"taxonomy":"post_tag","embeddable":true,"href":"https:\/\/www.eldigitaldeasturias.com\/noticias\/wp-json\/wp\/v2\/tags?post=1129584"}],"curies":[{"name":"wp","href":"https:\/\/api.w.org\/{rel}","templated":true}]}}