{"id":1129088,"date":"2024-03-06T04:43:27","date_gmt":"2024-03-06T03:43:27","guid":{"rendered":"https:\/\/www.eldigitaldeasturias.com\/noticias\/?p=1129088"},"modified":"2024-03-06T04:43:27","modified_gmt":"2024-03-06T03:43:27","slug":"elecciones-en-venezuela-2024-quienes-seran-los-candidatos","status":"publish","type":"post","link":"https:\/\/www.eldigitaldeasturias.com\/noticias\/elecciones-en-venezuela-2024-quienes-seran-los-candidatos\/","title":{"rendered":"Elecciones en Venezuela 2024: \u00bfQui\u00e9nes ser\u00e1n los candidatos?"},"content":{"rendered":"<p>NotiPress: El pr\u00f3ximo <span style=\"color: #ff6600;\"><a style=\"color: #ff6600;\" href=\"https:\/\/www.eldigitaldeasturias.com\/noticias\/category\/agenda\/\"><strong>28 julio de 2024<\/strong><\/a><\/span>, se celebrar\u00e1n elecciones en Venezuela. Las elecciones tambi\u00e9n estar\u00e1n marcadas por Inhabilitaci\u00f3n de Mar\u00eda Corina Machado.<\/p>\n<p><img loading=\"lazy\" decoding=\"async\" class=\"aligncenter wp-image-1129089 size-full\" src=\"https:\/\/www.eldigitaldeasturias.com\/noticias\/wp-content\/uploads\/2024\/03\/Venezuela.jpg\" alt=\"Venezuela\" width=\"640\" height=\"344\" srcset=\"https:\/\/www.eldigitaldeasturias.com\/noticias\/wp-content\/uploads\/2024\/03\/Venezuela.jpg 640w, https:\/\/www.eldigitaldeasturias.com\/noticias\/wp-content\/uploads\/2024\/03\/Venezuela-360x194.jpg 360w, https:\/\/www.eldigitaldeasturias.com\/noticias\/wp-content\/uploads\/2024\/03\/Venezuela-480x258.jpg 480w, https:\/\/www.eldigitaldeasturias.com\/noticias\/wp-content\/uploads\/2024\/03\/Venezuela-150x81.jpg 150w, https:\/\/www.eldigitaldeasturias.com\/noticias\/wp-content\/uploads\/2024\/03\/Venezuela-450x242.jpg 450w\" sizes=\"auto, (max-width: 640px) 100vw, 640px\" \/><\/p>\n<p>Las <a href=\"https:\/\/naberco.es\/category\/politica\/\" target=\"_blank\" rel=\"noopener\"><span style=\"color: #ff6600;\"><strong>elecciones presidenciales<\/strong><\/span><\/a> de 2024 en Venezuela se llevar\u00e1n a cabo el 28 de julio de 2024, cumplea\u00f1os del fallecido presidente Hugo Ch\u00e1vez. El panorama de los candidatos que competir\u00e1n contra Nicol\u00e1s Maduro se encuentra difuso, esto tras la inhabilitaci\u00f3n la figura central de la oposici\u00f3n, Mar\u00eda Corina Machado.<\/p>\n<p>Machado fue inhabilitada de ejercer cargos p\u00fablicos durante 15 a\u00f1os solo unos meses antes de las primarias, en las que tuvo un respaldo popular del 92.3%, seg\u00fan el medio El Informador.<strong> La candidata forma parte del partido Vente Venezuela, quien no ha anunciado la sustituci\u00f3n de Machado como contendiente.<\/strong><\/p>\n<p>Por otro lado, algunos de los aspirantes a la presidencia de Venezuela son Antonio Ecarri, del partido Alianza del L\u00e1piz, quien es hijo del diplom\u00e1tico Antonio Ecarri. El diputado Jos\u00e9 Brito, quien fue acusado de beneficiar pol\u00edticamente a Alex Saab, liberado por el gobierno de Estados Unidos, es tambi\u00e9n otra de las propuestas a candidato. <strong>As\u00ed tambi\u00e9n, el contendiente Javier Bertucci, quien se postul\u00f3 en las elecciones de 2018 y qued\u00f3 en tercer lugar con un 10% de los votos, seg\u00fan La Voz de Am\u00e9rica.<\/strong><\/p>\n<p>Asimismo, la postulaci\u00f3n de los candidatos ser\u00e1 realizada del 21 al 25 de marzo, cuando se dar\u00e1n a conocer de manera oficial los nombres de la oposici\u00f3n de Maduro y la campa\u00f1a se realizar\u00e1 del 4 al 25 de julio. <strong>Machado comparti\u00f3 por v\u00eda X un mensaje motivando a sus simpatizantes y reafirmando su compromiso de unas elecciones limpias.<\/strong><\/p>\n<p>Por Regina Rodriguez<\/p>\n","protected":false},"excerpt":{"rendered":"<p>NotiPress: El pr\u00f3ximo 28 julio de 2024, se celebrar\u00e1n elecciones en Venezuela. Las elecciones tambi\u00e9n estar\u00e1n marcadas por Inhabilitaci\u00f3n de Mar\u00eda Corina Machado. Las elecciones presidenciales de 2024 en Venezuela se llevar\u00e1n a cabo el 28 de julio de 2024, cumplea\u00f1os del fallecido presidente Hugo Ch\u00e1vez. El panorama de los candidatos que competir\u00e1n contra Nicol\u00e1s [&hellip;]<\/p>\n","protected":false},"author":1,"featured_media":1129089,"comment_status":"closed","ping_status":"closed","sticky":false,"template":"","format":"standard","meta":{"footnotes":""},"categories":[1],"tags":[],"class_list":["post-1129088","post","type-post","status-publish","format-standard","has-post-thumbnail","hentry","category-actualidad"],"aioseo_notices":[],"aioseo_head":"\n\t\t<!-- All in One SEO Pro 4.9.6.2 - aioseo.com -->\n\t<meta name=\"description\" content=\"El pr\u00f3ximo 28 julio de 2024, se celebrar\u00e1n elecciones en Venezuela. Las elecciones tambi\u00e9n estar\u00e1n marcadas por Inhabilitaci\u00f3n de Mar\u00eda Corina Machado.\" \/>\n\t<meta name=\"robots\" content=\"max-image-preview:large\" \/>\n\t<meta name=\"author\" content=\"El Digital de Asturias\"\/>\n\t<meta name=\"google-site-verification\" content=\"UA-38556648-1\" \/>\n\t<meta name=\"msvalidate.01\" content=\"7dfe9f3f1b24437ab69f4f2559babe99\" \/>\n\t<meta name=\"keywords\" content=\"actualidad\" \/>\n\t<link rel=\"canonical\" href=\"https:\/\/www.eldigitaldeasturias.com\/noticias\/elecciones-en-venezuela-2024-quienes-seran-los-candidatos\/\" \/>\n\t<meta name=\"generator\" content=\"All in One SEO Pro (AIOSEO) 4.9.6.2\" \/>\n\t\t<meta property=\"og:locale\" content=\"es_ES\" \/>\n\t\t<meta property=\"og:site_name\" content=\"El Digital de Asturias\" \/>\n\t\t<meta property=\"og:type\" content=\"article\" \/>\n\t\t<meta property=\"og:title\" content=\"Elecciones en Venezuela 2024: \u00bfQui\u00e9nes ser\u00e1n los candidatos? - El Digital de Asturias\" \/>\n\t\t<meta property=\"og:description\" content=\"El pr\u00f3ximo 28 julio de 2024, se celebrar\u00e1n elecciones en Venezuela. Las elecciones tambi\u00e9n estar\u00e1n marcadas por Inhabilitaci\u00f3n de Mar\u00eda Corina Machado.\" \/>\n\t\t<meta property=\"og:url\" content=\"https:\/\/www.eldigitaldeasturias.com\/noticias\/elecciones-en-venezuela-2024-quienes-seran-los-candidatos\/\" \/>\n\t\t<meta property=\"og:image\" content=\"https:\/\/www.eldigitaldeasturias.com\/noticias\/wp-content\/uploads\/2024\/03\/Venezuela.jpg\" \/>\n\t\t<meta property=\"og:image:secure_url\" content=\"https:\/\/www.eldigitaldeasturias.com\/noticias\/wp-content\/uploads\/2024\/03\/Venezuela.jpg\" \/>\n\t\t<meta property=\"og:image:width\" content=\"640\" \/>\n\t\t<meta property=\"og:image:height\" content=\"344\" \/>\n\t\t<meta property=\"article:tag\" content=\"actualidad\" \/>\n\t\t<meta property=\"article:published_time\" content=\"2024-03-06T03:43:27+00:00\" \/>\n\t\t<meta property=\"article:modified_time\" content=\"2024-03-06T03:43:27+00:00\" \/>\n\t\t<meta property=\"article:publisher\" content=\"https:\/\/facebook.com\/eldigitaldeasturias\" \/>\n\t\t<meta name=\"twitter:card\" content=\"summary_large_image\" \/>\n\t\t<meta name=\"twitter:title\" content=\"Elecciones en Venezuela 2024: \u00bfQui\u00e9nes ser\u00e1n los candidatos? - El Digital de Asturias\" \/>\n\t\t<meta name=\"twitter:description\" content=\"El pr\u00f3ximo 28 julio de 2024, se celebrar\u00e1n elecciones en Venezuela. Las elecciones tambi\u00e9n estar\u00e1n marcadas por Inhabilitaci\u00f3n de Mar\u00eda Corina Machado.\" \/>\n\t\t<meta name=\"twitter:image\" content=\"https:\/\/www.eldigitaldeasturias.com\/noticias\/wp-content\/uploads\/2024\/03\/Venezuela.jpg\" \/>\n\t\t<meta name=\"twitter:label1\" content=\"Escrito por\" \/>\n\t\t<meta name=\"twitter:data1\" content=\"El Digital de Asturias\" \/>\n\t\t<meta name=\"twitter:label2\" content=\"Tiempo de lectura estimado\" \/>\n\t\t<meta name=\"twitter:data2\" content=\"1 minuto\" \/>\n\t\t<script type=\"application\/ld+json\" class=\"aioseo-schema\">\n\t\t\t{\"@context\":\"https:\\\/\\\/schema.org\",\"@graph\":[{\"@type\":\"BlogPosting\",\"@id\":\"https:\\\/\\\/www.eldigitaldeasturias.com\\\/noticias\\\/elecciones-en-venezuela-2024-quienes-seran-los-candidatos\\\/#blogposting\",\"name\":\"Elecciones en Venezuela 2024: \\u00bfQui\\u00e9nes ser\\u00e1n los candidatos? - El Digital de Asturias\",\"headline\":\"Elecciones en Venezuela 2024: \\u00bfQui\\u00e9nes ser\\u00e1n los candidatos?\",\"author\":{\"@id\":\"https:\\\/\\\/www.eldigitaldeasturias.com\\\/noticias\\\/author\\\/admin\\\/#author\"},\"publisher\":{\"@id\":\"https:\\\/\\\/www.eldigitaldeasturias.com\\\/noticias\\\/#organization\"},\"image\":{\"@type\":\"ImageObject\",\"url\":\"https:\\\/\\\/www.eldigitaldeasturias.com\\\/noticias\\\/wp-content\\\/uploads\\\/2024\\\/03\\\/Venezuela.jpg\",\"width\":640,\"height\":344,\"caption\":\"Venezuela\"},\"datePublished\":\"2024-03-06T04:43:27+01:00\",\"dateModified\":\"2024-03-06T04:43:27+01:00\",\"inLanguage\":\"es-ES\",\"mainEntityOfPage\":{\"@id\":\"https:\\\/\\\/www.eldigitaldeasturias.com\\\/noticias\\\/elecciones-en-venezuela-2024-quienes-seran-los-candidatos\\\/#webpage\"},\"isPartOf\":{\"@id\":\"https:\\\/\\\/www.eldigitaldeasturias.com\\\/noticias\\\/elecciones-en-venezuela-2024-quienes-seran-los-candidatos\\\/#webpage\"},\"articleSection\":\"Actualidad\"},{\"@type\":\"BreadcrumbList\",\"@id\":\"https:\\\/\\\/www.eldigitaldeasturias.com\\\/noticias\\\/elecciones-en-venezuela-2024-quienes-seran-los-candidatos\\\/#breadcrumblist\",\"itemListElement\":[{\"@type\":\"ListItem\",\"@id\":\"https:\\\/\\\/www.eldigitaldeasturias.com\\\/noticias#listItem\",\"position\":1,\"name\":\"Home\",\"item\":\"https:\\\/\\\/www.eldigitaldeasturias.com\\\/noticias\",\"nextItem\":{\"@type\":\"ListItem\",\"@id\":\"https:\\\/\\\/www.eldigitaldeasturias.com\\\/noticias\\\/category\\\/actualidad\\\/#listItem\",\"name\":\"Actualidad\"}},{\"@type\":\"ListItem\",\"@id\":\"https:\\\/\\\/www.eldigitaldeasturias.com\\\/noticias\\\/category\\\/actualidad\\\/#listItem\",\"position\":2,\"name\":\"Actualidad\",\"item\":\"https:\\\/\\\/www.eldigitaldeasturias.com\\\/noticias\\\/category\\\/actualidad\\\/\",\"nextItem\":{\"@type\":\"ListItem\",\"@id\":\"https:\\\/\\\/www.eldigitaldeasturias.com\\\/noticias\\\/elecciones-en-venezuela-2024-quienes-seran-los-candidatos\\\/#listItem\",\"name\":\"Elecciones en Venezuela 2024: \\u00bfQui\\u00e9nes ser\\u00e1n los candidatos?\"},\"previousItem\":{\"@type\":\"ListItem\",\"@id\":\"https:\\\/\\\/www.eldigitaldeasturias.com\\\/noticias#listItem\",\"name\":\"Home\"}},{\"@type\":\"ListItem\",\"@id\":\"https:\\\/\\\/www.eldigitaldeasturias.com\\\/noticias\\\/elecciones-en-venezuela-2024-quienes-seran-los-candidatos\\\/#listItem\",\"position\":3,\"name\":\"Elecciones en Venezuela 2024: \\u00bfQui\\u00e9nes ser\\u00e1n los candidatos?\",\"previousItem\":{\"@type\":\"ListItem\",\"@id\":\"https:\\\/\\\/www.eldigitaldeasturias.com\\\/noticias\\\/category\\\/actualidad\\\/#listItem\",\"name\":\"Actualidad\"}}]},{\"@type\":\"Organization\",\"@id\":\"https:\\\/\\\/www.eldigitaldeasturias.com\\\/noticias\\\/#organization\",\"name\":\"El Digital de Asturias\",\"description\":\"Hemeroteca\",\"url\":\"https:\\\/\\\/www.eldigitaldeasturias.com\\\/noticias\\\/\",\"email\":\"info@eldigitaldeasturias.com\",\"telephone\":\"+34652131393\",\"logo\":{\"@type\":\"ImageObject\",\"url\":\"https:\\\/\\\/www.eldigitaldeasturias.com\\\/noticias\\\/wp-content\\\/uploads\\\/2020\\\/12\\\/EDA.jpg\",\"@id\":\"https:\\\/\\\/www.eldigitaldeasturias.com\\\/noticias\\\/elecciones-en-venezuela-2024-quienes-seran-los-candidatos\\\/#organizationLogo\",\"width\":649,\"height\":297},\"image\":{\"@id\":\"https:\\\/\\\/www.eldigitaldeasturias.com\\\/noticias\\\/elecciones-en-venezuela-2024-quienes-seran-los-candidatos\\\/#organizationLogo\"},\"sameAs\":[\"https:\\\/\\\/facebook.com\\\/eldigitaldeasturias\",\"https:\\\/\\\/www.youtube.com\\\/channel\\\/UCZP-2wLEB9Rv6erhFmqVnvg\"],\"address\":{\"@id\":\"https:\\\/\\\/www.eldigitaldeasturias.com\\\/noticias\\\/#postaladdress\",\"@type\":\"PostalAddress\",\"streetAddress\":\"san antonio 4,\",\"postalCode\":\"33430\",\"addressLocality\":\"Cand\\u00e1s\",\"addressRegion\":\"Asturias\",\"addressCountry\":\"ES\"}},{\"@type\":\"Person\",\"@id\":\"https:\\\/\\\/www.eldigitaldeasturias.com\\\/noticias\\\/author\\\/admin\\\/#author\",\"url\":\"https:\\\/\\\/www.eldigitaldeasturias.com\\\/noticias\\\/author\\\/admin\\\/\",\"name\":\"El Digital de Asturias\",\"image\":{\"@type\":\"ImageObject\",\"@id\":\"https:\\\/\\\/www.eldigitaldeasturias.com\\\/noticias\\\/elecciones-en-venezuela-2024-quienes-seran-los-candidatos\\\/#authorImage\",\"url\":\"https:\\\/\\\/www.eldigitaldeasturias.com\\\/noticias\\\/wp-content\\\/litespeed\\\/avatar\\\/18677e78aa0546b92d9dbf31ec7d7668.jpg?ver=1777290358\",\"width\":96,\"height\":96,\"caption\":\"El Digital de Asturias\"}},{\"@type\":\"WebPage\",\"@id\":\"https:\\\/\\\/www.eldigitaldeasturias.com\\\/noticias\\\/elecciones-en-venezuela-2024-quienes-seran-los-candidatos\\\/#webpage\",\"url\":\"https:\\\/\\\/www.eldigitaldeasturias.com\\\/noticias\\\/elecciones-en-venezuela-2024-quienes-seran-los-candidatos\\\/\",\"name\":\"Elecciones en Venezuela 2024: \\u00bfQui\\u00e9nes ser\\u00e1n los candidatos? - El Digital de Asturias\",\"description\":\"El pr\\u00f3ximo 28 julio de 2024, se celebrar\\u00e1n elecciones en Venezuela. Las elecciones tambi\\u00e9n estar\\u00e1n marcadas por Inhabilitaci\\u00f3n de Mar\\u00eda Corina Machado.\",\"inLanguage\":\"es-ES\",\"isPartOf\":{\"@id\":\"https:\\\/\\\/www.eldigitaldeasturias.com\\\/noticias\\\/#website\"},\"breadcrumb\":{\"@id\":\"https:\\\/\\\/www.eldigitaldeasturias.com\\\/noticias\\\/elecciones-en-venezuela-2024-quienes-seran-los-candidatos\\\/#breadcrumblist\"},\"author\":{\"@id\":\"https:\\\/\\\/www.eldigitaldeasturias.com\\\/noticias\\\/author\\\/admin\\\/#author\"},\"creator\":{\"@id\":\"https:\\\/\\\/www.eldigitaldeasturias.com\\\/noticias\\\/author\\\/admin\\\/#author\"},\"image\":{\"@type\":\"ImageObject\",\"url\":\"https:\\\/\\\/www.eldigitaldeasturias.com\\\/noticias\\\/wp-content\\\/uploads\\\/2024\\\/03\\\/Venezuela.jpg\",\"@id\":\"https:\\\/\\\/www.eldigitaldeasturias.com\\\/noticias\\\/elecciones-en-venezuela-2024-quienes-seran-los-candidatos\\\/#mainImage\",\"width\":640,\"height\":344,\"caption\":\"Venezuela\"},\"primaryImageOfPage\":{\"@id\":\"https:\\\/\\\/www.eldigitaldeasturias.com\\\/noticias\\\/elecciones-en-venezuela-2024-quienes-seran-los-candidatos\\\/#mainImage\"},\"datePublished\":\"2024-03-06T04:43:27+01:00\",\"dateModified\":\"2024-03-06T04:43:27+01:00\"},{\"@type\":\"WebSite\",\"@id\":\"https:\\\/\\\/www.eldigitaldeasturias.com\\\/noticias\\\/#website\",\"url\":\"https:\\\/\\\/www.eldigitaldeasturias.com\\\/noticias\\\/\",\"name\":\"El Digital de Asturias - Diario de actualidad y noticias\",\"alternateName\":\"El Digital de Asturias - Diario de actualidad y noticias\",\"description\":\"Hemeroteca\",\"inLanguage\":\"es-ES\",\"publisher\":{\"@id\":\"https:\\\/\\\/www.eldigitaldeasturias.com\\\/noticias\\\/#organization\"}}]}\n\t\t<\/script>\n\t\t<!-- All in One SEO Pro -->\r\n\t\t<title>Elecciones en Venezuela 2024: \u00bfQui\u00e9nes ser\u00e1n los candidatos? - El Digital de Asturias<\/title>\n\n","aioseo_head_json":{"title":"Elecciones en Venezuela 2024: \u00bfQui\u00e9nes ser\u00e1n los candidatos? - El Digital de Asturias","description":"El pr\u00f3ximo 28 julio de 2024, se celebrar\u00e1n elecciones en Venezuela. Las elecciones tambi\u00e9n estar\u00e1n marcadas por Inhabilitaci\u00f3n de Mar\u00eda Corina Machado.","canonical_url":"https:\/\/www.eldigitaldeasturias.com\/noticias\/elecciones-en-venezuela-2024-quienes-seran-los-candidatos\/","robots":"max-image-preview:large","keywords":"actualidad","webmasterTools":{"google-site-verification":"UA-38556648-1","msvalidate.01":"7dfe9f3f1b24437ab69f4f2559babe99","miscellaneous":""},"schema":{"@context":"https:\/\/schema.org","@graph":[{"@type":"BlogPosting","@id":"https:\/\/www.eldigitaldeasturias.com\/noticias\/elecciones-en-venezuela-2024-quienes-seran-los-candidatos\/#blogposting","name":"Elecciones en Venezuela 2024: \u00bfQui\u00e9nes ser\u00e1n los candidatos? - El Digital de Asturias","headline":"Elecciones en Venezuela 2024: \u00bfQui\u00e9nes ser\u00e1n los candidatos?","author":{"@id":"https:\/\/www.eldigitaldeasturias.com\/noticias\/author\/admin\/#author"},"publisher":{"@id":"https:\/\/www.eldigitaldeasturias.com\/noticias\/#organization"},"image":{"@type":"ImageObject","url":"https:\/\/www.eldigitaldeasturias.com\/noticias\/wp-content\/uploads\/2024\/03\/Venezuela.jpg","width":640,"height":344,"caption":"Venezuela"},"datePublished":"2024-03-06T04:43:27+01:00","dateModified":"2024-03-06T04:43:27+01:00","inLanguage":"es-ES","mainEntityOfPage":{"@id":"https:\/\/www.eldigitaldeasturias.com\/noticias\/elecciones-en-venezuela-2024-quienes-seran-los-candidatos\/#webpage"},"isPartOf":{"@id":"https:\/\/www.eldigitaldeasturias.com\/noticias\/elecciones-en-venezuela-2024-quienes-seran-los-candidatos\/#webpage"},"articleSection":"Actualidad"},{"@type":"BreadcrumbList","@id":"https:\/\/www.eldigitaldeasturias.com\/noticias\/elecciones-en-venezuela-2024-quienes-seran-los-candidatos\/#breadcrumblist","itemListElement":[{"@type":"ListItem","@id":"https:\/\/www.eldigitaldeasturias.com\/noticias#listItem","position":1,"name":"Home","item":"https:\/\/www.eldigitaldeasturias.com\/noticias","nextItem":{"@type":"ListItem","@id":"https:\/\/www.eldigitaldeasturias.com\/noticias\/category\/actualidad\/#listItem","name":"Actualidad"}},{"@type":"ListItem","@id":"https:\/\/www.eldigitaldeasturias.com\/noticias\/category\/actualidad\/#listItem","position":2,"name":"Actualidad","item":"https:\/\/www.eldigitaldeasturias.com\/noticias\/category\/actualidad\/","nextItem":{"@type":"ListItem","@id":"https:\/\/www.eldigitaldeasturias.com\/noticias\/elecciones-en-venezuela-2024-quienes-seran-los-candidatos\/#listItem","name":"Elecciones en Venezuela 2024: \u00bfQui\u00e9nes ser\u00e1n los candidatos?"},"previousItem":{"@type":"ListItem","@id":"https:\/\/www.eldigitaldeasturias.com\/noticias#listItem","name":"Home"}},{"@type":"ListItem","@id":"https:\/\/www.eldigitaldeasturias.com\/noticias\/elecciones-en-venezuela-2024-quienes-seran-los-candidatos\/#listItem","position":3,"name":"Elecciones en Venezuela 2024: \u00bfQui\u00e9nes ser\u00e1n los candidatos?","previousItem":{"@type":"ListItem","@id":"https:\/\/www.eldigitaldeasturias.com\/noticias\/category\/actualidad\/#listItem","name":"Actualidad"}}]},{"@type":"Organization","@id":"https:\/\/www.eldigitaldeasturias.com\/noticias\/#organization","name":"El Digital de Asturias","description":"Hemeroteca","url":"https:\/\/www.eldigitaldeasturias.com\/noticias\/","email":"info@eldigitaldeasturias.com","telephone":"+34652131393","logo":{"@type":"ImageObject","url":"https:\/\/www.eldigitaldeasturias.com\/noticias\/wp-content\/uploads\/2020\/12\/EDA.jpg","@id":"https:\/\/www.eldigitaldeasturias.com\/noticias\/elecciones-en-venezuela-2024-quienes-seran-los-candidatos\/#organizationLogo","width":649,"height":297},"image":{"@id":"https:\/\/www.eldigitaldeasturias.com\/noticias\/elecciones-en-venezuela-2024-quienes-seran-los-candidatos\/#organizationLogo"},"sameAs":["https:\/\/facebook.com\/eldigitaldeasturias","https:\/\/www.youtube.com\/channel\/UCZP-2wLEB9Rv6erhFmqVnvg"],"address":{"@id":"https:\/\/www.eldigitaldeasturias.com\/noticias\/#postaladdress","@type":"PostalAddress","streetAddress":"san antonio 4,","postalCode":"33430","addressLocality":"Cand\u00e1s","addressRegion":"Asturias","addressCountry":"ES"}},{"@type":"Person","@id":"https:\/\/www.eldigitaldeasturias.com\/noticias\/author\/admin\/#author","url":"https:\/\/www.eldigitaldeasturias.com\/noticias\/author\/admin\/","name":"El Digital de Asturias","image":{"@type":"ImageObject","@id":"https:\/\/www.eldigitaldeasturias.com\/noticias\/elecciones-en-venezuela-2024-quienes-seran-los-candidatos\/#authorImage","url":"https:\/\/www.eldigitaldeasturias.com\/noticias\/wp-content\/litespeed\/avatar\/18677e78aa0546b92d9dbf31ec7d7668.jpg?ver=1777290358","width":96,"height":96,"caption":"El Digital de Asturias"}},{"@type":"WebPage","@id":"https:\/\/www.eldigitaldeasturias.com\/noticias\/elecciones-en-venezuela-2024-quienes-seran-los-candidatos\/#webpage","url":"https:\/\/www.eldigitaldeasturias.com\/noticias\/elecciones-en-venezuela-2024-quienes-seran-los-candidatos\/","name":"Elecciones en Venezuela 2024: \u00bfQui\u00e9nes ser\u00e1n los candidatos? - El Digital de Asturias","description":"El pr\u00f3ximo 28 julio de 2024, se celebrar\u00e1n elecciones en Venezuela. Las elecciones tambi\u00e9n estar\u00e1n marcadas por Inhabilitaci\u00f3n de Mar\u00eda Corina Machado.","inLanguage":"es-ES","isPartOf":{"@id":"https:\/\/www.eldigitaldeasturias.com\/noticias\/#website"},"breadcrumb":{"@id":"https:\/\/www.eldigitaldeasturias.com\/noticias\/elecciones-en-venezuela-2024-quienes-seran-los-candidatos\/#breadcrumblist"},"author":{"@id":"https:\/\/www.eldigitaldeasturias.com\/noticias\/author\/admin\/#author"},"creator":{"@id":"https:\/\/www.eldigitaldeasturias.com\/noticias\/author\/admin\/#author"},"image":{"@type":"ImageObject","url":"https:\/\/www.eldigitaldeasturias.com\/noticias\/wp-content\/uploads\/2024\/03\/Venezuela.jpg","@id":"https:\/\/www.eldigitaldeasturias.com\/noticias\/elecciones-en-venezuela-2024-quienes-seran-los-candidatos\/#mainImage","width":640,"height":344,"caption":"Venezuela"},"primaryImageOfPage":{"@id":"https:\/\/www.eldigitaldeasturias.com\/noticias\/elecciones-en-venezuela-2024-quienes-seran-los-candidatos\/#mainImage"},"datePublished":"2024-03-06T04:43:27+01:00","dateModified":"2024-03-06T04:43:27+01:00"},{"@type":"WebSite","@id":"https:\/\/www.eldigitaldeasturias.com\/noticias\/#website","url":"https:\/\/www.eldigitaldeasturias.com\/noticias\/","name":"El Digital de Asturias - Diario de actualidad y noticias","alternateName":"El Digital de Asturias - Diario de actualidad y noticias","description":"Hemeroteca","inLanguage":"es-ES","publisher":{"@id":"https:\/\/www.eldigitaldeasturias.com\/noticias\/#organization"}}]},"og:locale":"es_ES","og:site_name":"El Digital de Asturias","og:type":"article","og:title":"Elecciones en Venezuela 2024: \u00bfQui\u00e9nes ser\u00e1n los candidatos? - El Digital de Asturias","og:description":"El pr\u00f3ximo 28 julio de 2024, se celebrar\u00e1n elecciones en Venezuela. Las elecciones tambi\u00e9n estar\u00e1n marcadas por Inhabilitaci\u00f3n de Mar\u00eda Corina Machado.","og:url":"https:\/\/www.eldigitaldeasturias.com\/noticias\/elecciones-en-venezuela-2024-quienes-seran-los-candidatos\/","og:image":"https:\/\/www.eldigitaldeasturias.com\/noticias\/wp-content\/uploads\/2024\/03\/Venezuela.jpg","og:image:secure_url":"https:\/\/www.eldigitaldeasturias.com\/noticias\/wp-content\/uploads\/2024\/03\/Venezuela.jpg","og:image:width":640,"og:image:height":344,"article:tag":["actualidad"],"article:published_time":"2024-03-06T03:43:27+00:00","article:modified_time":"2024-03-06T03:43:27+00:00","article:publisher":"https:\/\/facebook.com\/eldigitaldeasturias","twitter:card":"summary_large_image","twitter:title":"Elecciones en Venezuela 2024: \u00bfQui\u00e9nes ser\u00e1n los candidatos? - El Digital de Asturias","twitter:description":"El pr\u00f3ximo 28 julio de 2024, se celebrar\u00e1n elecciones en Venezuela. Las elecciones tambi\u00e9n estar\u00e1n marcadas por Inhabilitaci\u00f3n de Mar\u00eda Corina Machado.","twitter:image":"https:\/\/www.eldigitaldeasturias.com\/noticias\/wp-content\/uploads\/2024\/03\/Venezuela.jpg","twitter:label1":"Escrito por","twitter:data1":"El Digital de Asturias","twitter:label2":"Tiempo de lectura estimado","twitter:data2":"1 minuto"},"aioseo_meta_data":{"post_id":"1129088","title":null,"description":"El pr\u00f3ximo 28 julio de 2024, se celebrar\u00e1n elecciones en Venezuela. Las elecciones tambi\u00e9n estar\u00e1n marcadas por Inhabilitaci\u00f3n de Mar\u00eda Corina Machado.","keywords":[],"keyphrases":{"focus":{"keyphrase":"Venezuela","score":93,"analysis":{"keyphraseInTitle":{"score":9,"maxScore":9,"error":0},"keyphraseInDescription":{"score":9,"maxScore":9,"error":0},"keyphraseLength":{"score":9,"maxScore":9,"error":0,"length":1},"keyphraseInURL":{"score":1,"maxScore":5,"error":1},"keyphraseInIntroduction":{"score":9,"maxScore":9,"error":0},"keyphraseInSubHeadings":[],"keyphraseInImageAlt":{"score":9,"maxScore":9,"error":0},"keywordDensity":{"type":"best","score":9,"maxScore":9,"error":0}}},"additional":[{"keyphrase":"Venezuela","score":100,"analysis":{"keyphraseInDescription":{"score":9,"maxScore":9,"error":0},"keyphraseLength":{"score":9,"maxScore":9,"error":0,"length":1},"keyphraseInIntroduction":{"score":9,"maxScore":9,"error":0},"keyphraseInImageAlt":{"score":9,"maxScore":9,"error":0},"keywordDensity":{"type":"best","score":9,"maxScore":9,"error":0}}}]},"primary_term":null,"canonical_url":null,"og_title":null,"og_description":null,"og_object_type":"default","og_image_type":"default","og_image_url":null,"og_image_width":null,"og_image_height":null,"og_image_custom_url":null,"og_image_custom_fields":null,"og_video":"","og_custom_url":null,"og_article_section":null,"og_article_tags":[],"twitter_use_og":false,"twitter_card":"default","twitter_image_type":"default","twitter_image_url":null,"twitter_image_custom_url":null,"twitter_image_custom_fields":null,"twitter_title":null,"twitter_description":null,"schema":{"blockGraphs":[],"customGraphs":[],"default":{"data":{"Article":[],"Course":[],"Dataset":[],"FAQPage":[],"Movie":[],"Person":[],"Product":[],"ProductReview":[],"Car":[],"Recipe":[],"Service":[],"SoftwareApplication":[],"WebPage":[]},"graphName":"BlogPosting","isEnabled":true},"graphs":[]},"schema_type":"default","schema_type_options":null,"pillar_content":false,"robots_default":true,"robots_noindex":false,"robots_noarchive":false,"robots_nosnippet":false,"robots_nofollow":false,"robots_noimageindex":false,"robots_noodp":false,"robots_notranslate":false,"robots_max_snippet":"-1","robots_max_videopreview":"-1","robots_max_imagepreview":"large","priority":null,"frequency":"default","local_seo":null,"seo_analyzer_scan_date":"2025-10-06 04:38:37","breadcrumb_settings":null,"limit_modified_date":false,"open_ai":"{\"title\":{\"suggestions\":[],\"usage\":0},\"description\":{\"suggestions\":[],\"usage\":0}}","ai":null,"created":"2024-03-06 03:37:30","updated":"2025-10-09 10:05:01"},"aioseo_breadcrumb":"<div class=\"aioseo-breadcrumbs\"><span class=\"aioseo-breadcrumb\">\n\t<a href=\"https:\/\/www.eldigitaldeasturias.com\/noticias\" title=\"Home\">Home<\/a>\n<\/span><span class=\"aioseo-breadcrumb-separator\">\u2013<\/span><span class=\"aioseo-breadcrumb\">\n\t<a href=\"https:\/\/www.eldigitaldeasturias.com\/noticias\/category\/actualidad\/\" title=\"Actualidad\">Actualidad<\/a>\n<\/span><span class=\"aioseo-breadcrumb-separator\">\u2013<\/span><span class=\"aioseo-breadcrumb\">\n\t<a href=\"https:\/\/www.eldigitaldeasturias.com\/noticias\/elecciones-en-venezuela-2024-quienes-seran-los-candidatos\/\" title=\"Elecciones en Venezuela 2024: \u00bfQui\u00e9nes ser\u00e1n los candidatos?\">Elecciones en Venezuela 2024: \u00bfQui\u00e9nes ser\u00e1n los candidatos?<\/a>\n<\/span><\/div>","aioseo_breadcrumb_json":[{"label":"Home","link":"https:\/\/www.eldigitaldeasturias.com\/noticias"},{"label":"Actualidad","link":"https:\/\/www.eldigitaldeasturias.com\/noticias\/category\/actualidad\/"},{"label":"Elecciones en Venezuela 2024: \u00bfQui\u00e9nes ser\u00e1n los candidatos?","link":"https:\/\/www.eldigitaldeasturias.com\/noticias\/elecciones-en-venezuela-2024-quienes-seran-los-candidatos\/"}],"_links":{"self":[{"href":"https:\/\/www.eldigitaldeasturias.com\/noticias\/wp-json\/wp\/v2\/posts\/1129088","targetHints":{"allow":["GET"]}}],"collection":[{"href":"https:\/\/www.eldigitaldeasturias.com\/noticias\/wp-json\/wp\/v2\/posts"}],"about":[{"href":"https:\/\/www.eldigitaldeasturias.com\/noticias\/wp-json\/wp\/v2\/types\/post"}],"author":[{"embeddable":true,"href":"https:\/\/www.eldigitaldeasturias.com\/noticias\/wp-json\/wp\/v2\/users\/1"}],"replies":[{"embeddable":true,"href":"https:\/\/www.eldigitaldeasturias.com\/noticias\/wp-json\/wp\/v2\/comments?post=1129088"}],"version-history":[{"count":0,"href":"https:\/\/www.eldigitaldeasturias.com\/noticias\/wp-json\/wp\/v2\/posts\/1129088\/revisions"}],"wp:featuredmedia":[{"embeddable":true,"href":"https:\/\/www.eldigitaldeasturias.com\/noticias\/wp-json\/wp\/v2\/media\/1129089"}],"wp:attachment":[{"href":"https:\/\/www.eldigitaldeasturias.com\/noticias\/wp-json\/wp\/v2\/media?parent=1129088"}],"wp:term":[{"taxonomy":"category","embeddable":true,"href":"https:\/\/www.eldigitaldeasturias.com\/noticias\/wp-json\/wp\/v2\/categories?post=1129088"},{"taxonomy":"post_tag","embeddable":true,"href":"https:\/\/www.eldigitaldeasturias.com\/noticias\/wp-json\/wp\/v2\/tags?post=1129088"}],"curies":[{"name":"wp","href":"https:\/\/api.w.org\/{rel}","templated":true}]}}