{"id":1128521,"date":"2024-02-22T19:51:55","date_gmt":"2024-02-22T18:51:55","guid":{"rendered":"https:\/\/www.eldigitaldeasturias.com\/noticias\/?p=1128521"},"modified":"2024-02-22T19:51:55","modified_gmt":"2024-02-22T18:51:55","slug":"barbon-se-ha-reunido-con-el-embajador-de-moldavia","status":"publish","type":"post","link":"https:\/\/www.eldigitaldeasturias.com\/noticias\/barbon-se-ha-reunido-con-el-embajador-de-moldavia\/","title":{"rendered":"Barb\u00f3n se ha reunido con el embajador de Moldavia"},"content":{"rendered":"<p>Hoy 22 de febrero de 2024 el presidente del <a title=\"Principado de Asturias\" href=\"https:\/\/actualidad.asturias.es\/\" target=\"_blank\" rel=\"noopener\"><span style=\"color: #ff6600;\"><strong>Principado de Asturias<\/strong><\/span><\/a>, Adri\u00e1n Barb\u00f3n, se ha reunido con el embajador de Moldavia, Eugeniu Revenco.<\/p>\n<figure id=\"attachment_1128522\" aria-describedby=\"caption-attachment-1128522\" style=\"width: 981px\" class=\"wp-caption aligncenter\"><img loading=\"lazy\" decoding=\"async\" class=\"size-full wp-image-1128522\" src=\"https:\/\/www.eldigitaldeasturias.com\/noticias\/wp-content\/uploads\/2024\/02\/Barbon-reunido-con-el-embajador-de-Moldavia.jpg\" alt=\"Barb\u00f3n reunido con el embajador de Moldavia\" width=\"981\" height=\"662\" srcset=\"https:\/\/www.eldigitaldeasturias.com\/noticias\/wp-content\/uploads\/2024\/02\/Barbon-reunido-con-el-embajador-de-Moldavia.jpg 981w, https:\/\/www.eldigitaldeasturias.com\/noticias\/wp-content\/uploads\/2024\/02\/Barbon-reunido-con-el-embajador-de-Moldavia-360x243.jpg 360w, https:\/\/www.eldigitaldeasturias.com\/noticias\/wp-content\/uploads\/2024\/02\/Barbon-reunido-con-el-embajador-de-Moldavia-650x439.jpg 650w, https:\/\/www.eldigitaldeasturias.com\/noticias\/wp-content\/uploads\/2024\/02\/Barbon-reunido-con-el-embajador-de-Moldavia-445x300.jpg 445w, https:\/\/www.eldigitaldeasturias.com\/noticias\/wp-content\/uploads\/2024\/02\/Barbon-reunido-con-el-embajador-de-Moldavia-768x518.jpg 768w, https:\/\/www.eldigitaldeasturias.com\/noticias\/wp-content\/uploads\/2024\/02\/Barbon-reunido-con-el-embajador-de-Moldavia-150x101.jpg 150w, https:\/\/www.eldigitaldeasturias.com\/noticias\/wp-content\/uploads\/2024\/02\/Barbon-reunido-con-el-embajador-de-Moldavia-450x304.jpg 450w\" sizes=\"auto, (max-width: 981px) 100vw, 981px\" \/><figcaption id=\"caption-attachment-1128522\" class=\"wp-caption-text\">Foto: Prensa Gobierno de Asturias<\/figcaption><\/figure>\n<p>En nuestra <a title=\"galer\u00eda de fotos\" href=\"https:\/\/www.eldigitaldeasturias.com\/noticias\/category\/fotos-asturias\/\"><span style=\"color: #ff6600;\"><strong>galer\u00eda de fotos<\/strong><\/span><\/a> os ofrecemos cada jornada protagonistas, paisajes y diferentes eventos que se celebran en el Principado de Asturias.<\/p>\n","protected":false},"excerpt":{"rendered":"<p>Hoy 22 de febrero de 2024 el presidente del Principado de Asturias, Adri\u00e1n Barb\u00f3n, se ha reunido con el embajador de Moldavia, Eugeniu Revenco. En nuestra galer\u00eda de fotos os ofrecemos cada jornada protagonistas, paisajes y diferentes eventos que se celebran en el Principado de Asturias.<\/p>\n","protected":false},"author":1,"featured_media":1128522,"comment_status":"closed","ping_status":"closed","sticky":false,"template":"","format":"image","meta":{"footnotes":""},"categories":[946],"tags":[],"class_list":["post-1128521","post","type-post","status-publish","format-image","has-post-thumbnail","hentry","category-fotos-asturias","post_format-post-format-image"],"aioseo_notices":[],"aioseo_head":"\n\t\t<!-- All in One SEO Pro 4.9.6.2 - aioseo.com -->\n\t<meta name=\"description\" content=\"Hoy 22 de febrero de 2024 el presidente del Principado de Asturias, Adri\u00e1n Barb\u00f3n, se ha reunido con el embajador de Moldavia, Eugeniu Revenco.\" \/>\n\t<meta name=\"robots\" content=\"max-image-preview:large\" \/>\n\t<meta name=\"author\" content=\"El Digital de Asturias\"\/>\n\t<meta name=\"google-site-verification\" content=\"UA-38556648-1\" \/>\n\t<meta name=\"msvalidate.01\" content=\"7dfe9f3f1b24437ab69f4f2559babe99\" \/>\n\t<meta name=\"keywords\" content=\"fotos asturias\" \/>\n\t<link rel=\"canonical\" href=\"https:\/\/www.eldigitaldeasturias.com\/noticias\/barbon-se-ha-reunido-con-el-embajador-de-moldavia\/\" \/>\n\t<meta name=\"generator\" content=\"All in One SEO Pro (AIOSEO) 4.9.6.2\" \/>\n\t\t<meta property=\"og:locale\" content=\"es_ES\" \/>\n\t\t<meta property=\"og:site_name\" content=\"El Digital de Asturias\" \/>\n\t\t<meta property=\"og:type\" content=\"article\" \/>\n\t\t<meta property=\"og:title\" content=\"Barb\u00f3n se ha reunido con el embajador de Moldavia - El Digital de Asturias\" \/>\n\t\t<meta property=\"og:description\" content=\"Hoy 22 de febrero de 2024 el presidente del Principado de Asturias, Adri\u00e1n Barb\u00f3n, se ha reunido con el embajador de Moldavia, Eugeniu Revenco.\" \/>\n\t\t<meta property=\"og:url\" content=\"https:\/\/www.eldigitaldeasturias.com\/noticias\/barbon-se-ha-reunido-con-el-embajador-de-moldavia\/\" \/>\n\t\t<meta property=\"og:image\" content=\"https:\/\/www.eldigitaldeasturias.com\/noticias\/wp-content\/uploads\/2024\/02\/Barbon-reunido-con-el-embajador-de-Moldavia.jpg\" \/>\n\t\t<meta property=\"og:image:secure_url\" content=\"https:\/\/www.eldigitaldeasturias.com\/noticias\/wp-content\/uploads\/2024\/02\/Barbon-reunido-con-el-embajador-de-Moldavia.jpg\" \/>\n\t\t<meta property=\"og:image:width\" content=\"981\" \/>\n\t\t<meta property=\"og:image:height\" content=\"662\" \/>\n\t\t<meta property=\"article:tag\" content=\"fotos asturias\" \/>\n\t\t<meta property=\"article:published_time\" content=\"2024-02-22T18:51:55+00:00\" \/>\n\t\t<meta property=\"article:modified_time\" content=\"2024-02-22T18:51:55+00:00\" \/>\n\t\t<meta property=\"article:publisher\" content=\"https:\/\/facebook.com\/eldigitaldeasturias\" \/>\n\t\t<meta name=\"twitter:card\" content=\"summary_large_image\" \/>\n\t\t<meta name=\"twitter:title\" content=\"Barb\u00f3n se ha reunido con el embajador de Moldavia - El Digital de Asturias\" \/>\n\t\t<meta name=\"twitter:description\" content=\"Hoy 22 de febrero de 2024 el presidente del Principado de Asturias, Adri\u00e1n Barb\u00f3n, se ha reunido con el embajador de Moldavia, Eugeniu Revenco.\" \/>\n\t\t<meta name=\"twitter:image\" content=\"https:\/\/www.eldigitaldeasturias.com\/noticias\/wp-content\/uploads\/2024\/02\/Barbon-reunido-con-el-embajador-de-Moldavia.jpg\" \/>\n\t\t<meta name=\"twitter:label1\" content=\"Escrito por\" \/>\n\t\t<meta name=\"twitter:data1\" content=\"El Digital de Asturias\" \/>\n\t\t<script type=\"application\/ld+json\" class=\"aioseo-schema\">\n\t\t\t{\"@context\":\"https:\\\/\\\/schema.org\",\"@graph\":[{\"@type\":\"BlogPosting\",\"@id\":\"https:\\\/\\\/www.eldigitaldeasturias.com\\\/noticias\\\/barbon-se-ha-reunido-con-el-embajador-de-moldavia\\\/#blogposting\",\"name\":\"Barb\\u00f3n se ha reunido con el embajador de Moldavia - El Digital de Asturias\",\"headline\":\"Barb\\u00f3n se ha reunido con el embajador de Moldavia\",\"author\":{\"@id\":\"https:\\\/\\\/www.eldigitaldeasturias.com\\\/noticias\\\/author\\\/admin\\\/#author\"},\"publisher\":{\"@id\":\"https:\\\/\\\/www.eldigitaldeasturias.com\\\/noticias\\\/#organization\"},\"image\":{\"@type\":\"ImageObject\",\"url\":\"https:\\\/\\\/www.eldigitaldeasturias.com\\\/noticias\\\/wp-content\\\/uploads\\\/2024\\\/02\\\/Barbon-reunido-con-el-embajador-de-Moldavia.jpg\",\"width\":981,\"height\":662,\"caption\":\"Foto: Prensa Gobierno de Asturias\"},\"datePublished\":\"2024-02-22T19:51:55+01:00\",\"dateModified\":\"2024-02-22T19:51:55+01:00\",\"inLanguage\":\"es-ES\",\"mainEntityOfPage\":{\"@id\":\"https:\\\/\\\/www.eldigitaldeasturias.com\\\/noticias\\\/barbon-se-ha-reunido-con-el-embajador-de-moldavia\\\/#webpage\"},\"isPartOf\":{\"@id\":\"https:\\\/\\\/www.eldigitaldeasturias.com\\\/noticias\\\/barbon-se-ha-reunido-con-el-embajador-de-moldavia\\\/#webpage\"},\"articleSection\":\"Fotos Asturias, Imagen\"},{\"@type\":\"BreadcrumbList\",\"@id\":\"https:\\\/\\\/www.eldigitaldeasturias.com\\\/noticias\\\/barbon-se-ha-reunido-con-el-embajador-de-moldavia\\\/#breadcrumblist\",\"itemListElement\":[{\"@type\":\"ListItem\",\"@id\":\"https:\\\/\\\/www.eldigitaldeasturias.com\\\/noticias#listItem\",\"position\":1,\"name\":\"Home\",\"item\":\"https:\\\/\\\/www.eldigitaldeasturias.com\\\/noticias\",\"nextItem\":{\"@type\":\"ListItem\",\"@id\":\"https:\\\/\\\/www.eldigitaldeasturias.com\\\/noticias\\\/category\\\/fotos-asturias\\\/#listItem\",\"name\":\"Fotos Asturias\"}},{\"@type\":\"ListItem\",\"@id\":\"https:\\\/\\\/www.eldigitaldeasturias.com\\\/noticias\\\/category\\\/fotos-asturias\\\/#listItem\",\"position\":2,\"name\":\"Fotos Asturias\",\"item\":\"https:\\\/\\\/www.eldigitaldeasturias.com\\\/noticias\\\/category\\\/fotos-asturias\\\/\",\"nextItem\":{\"@type\":\"ListItem\",\"@id\":\"https:\\\/\\\/www.eldigitaldeasturias.com\\\/noticias\\\/barbon-se-ha-reunido-con-el-embajador-de-moldavia\\\/#listItem\",\"name\":\"Barb\\u00f3n se ha reunido con el embajador de Moldavia\"},\"previousItem\":{\"@type\":\"ListItem\",\"@id\":\"https:\\\/\\\/www.eldigitaldeasturias.com\\\/noticias#listItem\",\"name\":\"Home\"}},{\"@type\":\"ListItem\",\"@id\":\"https:\\\/\\\/www.eldigitaldeasturias.com\\\/noticias\\\/barbon-se-ha-reunido-con-el-embajador-de-moldavia\\\/#listItem\",\"position\":3,\"name\":\"Barb\\u00f3n se ha reunido con el embajador de Moldavia\",\"previousItem\":{\"@type\":\"ListItem\",\"@id\":\"https:\\\/\\\/www.eldigitaldeasturias.com\\\/noticias\\\/category\\\/fotos-asturias\\\/#listItem\",\"name\":\"Fotos Asturias\"}}]},{\"@type\":\"Organization\",\"@id\":\"https:\\\/\\\/www.eldigitaldeasturias.com\\\/noticias\\\/#organization\",\"name\":\"El Digital de Asturias\",\"description\":\"Hemeroteca\",\"url\":\"https:\\\/\\\/www.eldigitaldeasturias.com\\\/noticias\\\/\",\"email\":\"info@eldigitaldeasturias.com\",\"telephone\":\"+34652131393\",\"logo\":{\"@type\":\"ImageObject\",\"url\":\"https:\\\/\\\/www.eldigitaldeasturias.com\\\/noticias\\\/wp-content\\\/uploads\\\/2020\\\/12\\\/EDA.jpg\",\"@id\":\"https:\\\/\\\/www.eldigitaldeasturias.com\\\/noticias\\\/barbon-se-ha-reunido-con-el-embajador-de-moldavia\\\/#organizationLogo\",\"width\":649,\"height\":297},\"image\":{\"@id\":\"https:\\\/\\\/www.eldigitaldeasturias.com\\\/noticias\\\/barbon-se-ha-reunido-con-el-embajador-de-moldavia\\\/#organizationLogo\"},\"sameAs\":[\"https:\\\/\\\/facebook.com\\\/eldigitaldeasturias\",\"https:\\\/\\\/www.youtube.com\\\/channel\\\/UCZP-2wLEB9Rv6erhFmqVnvg\"],\"address\":{\"@id\":\"https:\\\/\\\/www.eldigitaldeasturias.com\\\/noticias\\\/#postaladdress\",\"@type\":\"PostalAddress\",\"streetAddress\":\"san antonio 4,\",\"postalCode\":\"33430\",\"addressLocality\":\"Cand\\u00e1s\",\"addressRegion\":\"Asturias\",\"addressCountry\":\"ES\"}},{\"@type\":\"Person\",\"@id\":\"https:\\\/\\\/www.eldigitaldeasturias.com\\\/noticias\\\/author\\\/admin\\\/#author\",\"url\":\"https:\\\/\\\/www.eldigitaldeasturias.com\\\/noticias\\\/author\\\/admin\\\/\",\"name\":\"El Digital de Asturias\",\"image\":{\"@type\":\"ImageObject\",\"@id\":\"https:\\\/\\\/www.eldigitaldeasturias.com\\\/noticias\\\/barbon-se-ha-reunido-con-el-embajador-de-moldavia\\\/#authorImage\",\"url\":\"https:\\\/\\\/www.eldigitaldeasturias.com\\\/noticias\\\/wp-content\\\/litespeed\\\/avatar\\\/18677e78aa0546b92d9dbf31ec7d7668.jpg?ver=1777290358\",\"width\":96,\"height\":96,\"caption\":\"El Digital de Asturias\"}},{\"@type\":\"WebPage\",\"@id\":\"https:\\\/\\\/www.eldigitaldeasturias.com\\\/noticias\\\/barbon-se-ha-reunido-con-el-embajador-de-moldavia\\\/#webpage\",\"url\":\"https:\\\/\\\/www.eldigitaldeasturias.com\\\/noticias\\\/barbon-se-ha-reunido-con-el-embajador-de-moldavia\\\/\",\"name\":\"Barb\\u00f3n se ha reunido con el embajador de Moldavia - El Digital de Asturias\",\"description\":\"Hoy 22 de febrero de 2024 el presidente del Principado de Asturias, Adri\\u00e1n Barb\\u00f3n, se ha reunido con el embajador de Moldavia, Eugeniu Revenco.\",\"inLanguage\":\"es-ES\",\"isPartOf\":{\"@id\":\"https:\\\/\\\/www.eldigitaldeasturias.com\\\/noticias\\\/#website\"},\"breadcrumb\":{\"@id\":\"https:\\\/\\\/www.eldigitaldeasturias.com\\\/noticias\\\/barbon-se-ha-reunido-con-el-embajador-de-moldavia\\\/#breadcrumblist\"},\"author\":{\"@id\":\"https:\\\/\\\/www.eldigitaldeasturias.com\\\/noticias\\\/author\\\/admin\\\/#author\"},\"creator\":{\"@id\":\"https:\\\/\\\/www.eldigitaldeasturias.com\\\/noticias\\\/author\\\/admin\\\/#author\"},\"image\":{\"@type\":\"ImageObject\",\"url\":\"https:\\\/\\\/www.eldigitaldeasturias.com\\\/noticias\\\/wp-content\\\/uploads\\\/2024\\\/02\\\/Barbon-reunido-con-el-embajador-de-Moldavia.jpg\",\"@id\":\"https:\\\/\\\/www.eldigitaldeasturias.com\\\/noticias\\\/barbon-se-ha-reunido-con-el-embajador-de-moldavia\\\/#mainImage\",\"width\":981,\"height\":662,\"caption\":\"Foto: Prensa Gobierno de Asturias\"},\"primaryImageOfPage\":{\"@id\":\"https:\\\/\\\/www.eldigitaldeasturias.com\\\/noticias\\\/barbon-se-ha-reunido-con-el-embajador-de-moldavia\\\/#mainImage\"},\"datePublished\":\"2024-02-22T19:51:55+01:00\",\"dateModified\":\"2024-02-22T19:51:55+01:00\"},{\"@type\":\"WebSite\",\"@id\":\"https:\\\/\\\/www.eldigitaldeasturias.com\\\/noticias\\\/#website\",\"url\":\"https:\\\/\\\/www.eldigitaldeasturias.com\\\/noticias\\\/\",\"name\":\"El Digital de Asturias - Diario de actualidad y noticias\",\"alternateName\":\"El Digital de Asturias - Diario de actualidad y noticias\",\"description\":\"Hemeroteca\",\"inLanguage\":\"es-ES\",\"publisher\":{\"@id\":\"https:\\\/\\\/www.eldigitaldeasturias.com\\\/noticias\\\/#organization\"}}]}\n\t\t<\/script>\n\t\t<!-- All in One SEO Pro -->\r\n\t\t<title>Barb\u00f3n se ha reunido con el embajador de Moldavia - El Digital de Asturias<\/title>\n\n","aioseo_head_json":{"title":"Barb\u00f3n se ha reunido con el embajador de Moldavia - El Digital de Asturias","description":"Hoy 22 de febrero de 2024 el presidente del Principado de Asturias, Adri\u00e1n Barb\u00f3n, se ha reunido con el embajador de Moldavia, Eugeniu Revenco.","canonical_url":"https:\/\/www.eldigitaldeasturias.com\/noticias\/barbon-se-ha-reunido-con-el-embajador-de-moldavia\/","robots":"max-image-preview:large","keywords":"fotos asturias","webmasterTools":{"google-site-verification":"UA-38556648-1","msvalidate.01":"7dfe9f3f1b24437ab69f4f2559babe99","miscellaneous":""},"schema":{"@context":"https:\/\/schema.org","@graph":[{"@type":"BlogPosting","@id":"https:\/\/www.eldigitaldeasturias.com\/noticias\/barbon-se-ha-reunido-con-el-embajador-de-moldavia\/#blogposting","name":"Barb\u00f3n se ha reunido con el embajador de Moldavia - El Digital de Asturias","headline":"Barb\u00f3n se ha reunido con el embajador de Moldavia","author":{"@id":"https:\/\/www.eldigitaldeasturias.com\/noticias\/author\/admin\/#author"},"publisher":{"@id":"https:\/\/www.eldigitaldeasturias.com\/noticias\/#organization"},"image":{"@type":"ImageObject","url":"https:\/\/www.eldigitaldeasturias.com\/noticias\/wp-content\/uploads\/2024\/02\/Barbon-reunido-con-el-embajador-de-Moldavia.jpg","width":981,"height":662,"caption":"Foto: Prensa Gobierno de Asturias"},"datePublished":"2024-02-22T19:51:55+01:00","dateModified":"2024-02-22T19:51:55+01:00","inLanguage":"es-ES","mainEntityOfPage":{"@id":"https:\/\/www.eldigitaldeasturias.com\/noticias\/barbon-se-ha-reunido-con-el-embajador-de-moldavia\/#webpage"},"isPartOf":{"@id":"https:\/\/www.eldigitaldeasturias.com\/noticias\/barbon-se-ha-reunido-con-el-embajador-de-moldavia\/#webpage"},"articleSection":"Fotos Asturias, Imagen"},{"@type":"BreadcrumbList","@id":"https:\/\/www.eldigitaldeasturias.com\/noticias\/barbon-se-ha-reunido-con-el-embajador-de-moldavia\/#breadcrumblist","itemListElement":[{"@type":"ListItem","@id":"https:\/\/www.eldigitaldeasturias.com\/noticias#listItem","position":1,"name":"Home","item":"https:\/\/www.eldigitaldeasturias.com\/noticias","nextItem":{"@type":"ListItem","@id":"https:\/\/www.eldigitaldeasturias.com\/noticias\/category\/fotos-asturias\/#listItem","name":"Fotos Asturias"}},{"@type":"ListItem","@id":"https:\/\/www.eldigitaldeasturias.com\/noticias\/category\/fotos-asturias\/#listItem","position":2,"name":"Fotos Asturias","item":"https:\/\/www.eldigitaldeasturias.com\/noticias\/category\/fotos-asturias\/","nextItem":{"@type":"ListItem","@id":"https:\/\/www.eldigitaldeasturias.com\/noticias\/barbon-se-ha-reunido-con-el-embajador-de-moldavia\/#listItem","name":"Barb\u00f3n se ha reunido con el embajador de Moldavia"},"previousItem":{"@type":"ListItem","@id":"https:\/\/www.eldigitaldeasturias.com\/noticias#listItem","name":"Home"}},{"@type":"ListItem","@id":"https:\/\/www.eldigitaldeasturias.com\/noticias\/barbon-se-ha-reunido-con-el-embajador-de-moldavia\/#listItem","position":3,"name":"Barb\u00f3n se ha reunido con el embajador de Moldavia","previousItem":{"@type":"ListItem","@id":"https:\/\/www.eldigitaldeasturias.com\/noticias\/category\/fotos-asturias\/#listItem","name":"Fotos Asturias"}}]},{"@type":"Organization","@id":"https:\/\/www.eldigitaldeasturias.com\/noticias\/#organization","name":"El Digital de Asturias","description":"Hemeroteca","url":"https:\/\/www.eldigitaldeasturias.com\/noticias\/","email":"info@eldigitaldeasturias.com","telephone":"+34652131393","logo":{"@type":"ImageObject","url":"https:\/\/www.eldigitaldeasturias.com\/noticias\/wp-content\/uploads\/2020\/12\/EDA.jpg","@id":"https:\/\/www.eldigitaldeasturias.com\/noticias\/barbon-se-ha-reunido-con-el-embajador-de-moldavia\/#organizationLogo","width":649,"height":297},"image":{"@id":"https:\/\/www.eldigitaldeasturias.com\/noticias\/barbon-se-ha-reunido-con-el-embajador-de-moldavia\/#organizationLogo"},"sameAs":["https:\/\/facebook.com\/eldigitaldeasturias","https:\/\/www.youtube.com\/channel\/UCZP-2wLEB9Rv6erhFmqVnvg"],"address":{"@id":"https:\/\/www.eldigitaldeasturias.com\/noticias\/#postaladdress","@type":"PostalAddress","streetAddress":"san antonio 4,","postalCode":"33430","addressLocality":"Cand\u00e1s","addressRegion":"Asturias","addressCountry":"ES"}},{"@type":"Person","@id":"https:\/\/www.eldigitaldeasturias.com\/noticias\/author\/admin\/#author","url":"https:\/\/www.eldigitaldeasturias.com\/noticias\/author\/admin\/","name":"El Digital de Asturias","image":{"@type":"ImageObject","@id":"https:\/\/www.eldigitaldeasturias.com\/noticias\/barbon-se-ha-reunido-con-el-embajador-de-moldavia\/#authorImage","url":"https:\/\/www.eldigitaldeasturias.com\/noticias\/wp-content\/litespeed\/avatar\/18677e78aa0546b92d9dbf31ec7d7668.jpg?ver=1777290358","width":96,"height":96,"caption":"El Digital de Asturias"}},{"@type":"WebPage","@id":"https:\/\/www.eldigitaldeasturias.com\/noticias\/barbon-se-ha-reunido-con-el-embajador-de-moldavia\/#webpage","url":"https:\/\/www.eldigitaldeasturias.com\/noticias\/barbon-se-ha-reunido-con-el-embajador-de-moldavia\/","name":"Barb\u00f3n se ha reunido con el embajador de Moldavia - El Digital de Asturias","description":"Hoy 22 de febrero de 2024 el presidente del Principado de Asturias, Adri\u00e1n Barb\u00f3n, se ha reunido con el embajador de Moldavia, Eugeniu Revenco.","inLanguage":"es-ES","isPartOf":{"@id":"https:\/\/www.eldigitaldeasturias.com\/noticias\/#website"},"breadcrumb":{"@id":"https:\/\/www.eldigitaldeasturias.com\/noticias\/barbon-se-ha-reunido-con-el-embajador-de-moldavia\/#breadcrumblist"},"author":{"@id":"https:\/\/www.eldigitaldeasturias.com\/noticias\/author\/admin\/#author"},"creator":{"@id":"https:\/\/www.eldigitaldeasturias.com\/noticias\/author\/admin\/#author"},"image":{"@type":"ImageObject","url":"https:\/\/www.eldigitaldeasturias.com\/noticias\/wp-content\/uploads\/2024\/02\/Barbon-reunido-con-el-embajador-de-Moldavia.jpg","@id":"https:\/\/www.eldigitaldeasturias.com\/noticias\/barbon-se-ha-reunido-con-el-embajador-de-moldavia\/#mainImage","width":981,"height":662,"caption":"Foto: Prensa Gobierno de Asturias"},"primaryImageOfPage":{"@id":"https:\/\/www.eldigitaldeasturias.com\/noticias\/barbon-se-ha-reunido-con-el-embajador-de-moldavia\/#mainImage"},"datePublished":"2024-02-22T19:51:55+01:00","dateModified":"2024-02-22T19:51:55+01:00"},{"@type":"WebSite","@id":"https:\/\/www.eldigitaldeasturias.com\/noticias\/#website","url":"https:\/\/www.eldigitaldeasturias.com\/noticias\/","name":"El Digital de Asturias - Diario de actualidad y noticias","alternateName":"El Digital de Asturias - Diario de actualidad y noticias","description":"Hemeroteca","inLanguage":"es-ES","publisher":{"@id":"https:\/\/www.eldigitaldeasturias.com\/noticias\/#organization"}}]},"og:locale":"es_ES","og:site_name":"El Digital de Asturias","og:type":"article","og:title":"Barb\u00f3n se ha reunido con el embajador de Moldavia - El Digital de Asturias","og:description":"Hoy 22 de febrero de 2024 el presidente del Principado de Asturias, Adri\u00e1n Barb\u00f3n, se ha reunido con el embajador de Moldavia, Eugeniu Revenco.","og:url":"https:\/\/www.eldigitaldeasturias.com\/noticias\/barbon-se-ha-reunido-con-el-embajador-de-moldavia\/","og:image":"https:\/\/www.eldigitaldeasturias.com\/noticias\/wp-content\/uploads\/2024\/02\/Barbon-reunido-con-el-embajador-de-Moldavia.jpg","og:image:secure_url":"https:\/\/www.eldigitaldeasturias.com\/noticias\/wp-content\/uploads\/2024\/02\/Barbon-reunido-con-el-embajador-de-Moldavia.jpg","og:image:width":981,"og:image:height":662,"article:tag":["fotos asturias"],"article:published_time":"2024-02-22T18:51:55+00:00","article:modified_time":"2024-02-22T18:51:55+00:00","article:publisher":"https:\/\/facebook.com\/eldigitaldeasturias","twitter:card":"summary_large_image","twitter:title":"Barb\u00f3n se ha reunido con el embajador de Moldavia - El Digital de Asturias","twitter:description":"Hoy 22 de febrero de 2024 el presidente del Principado de Asturias, Adri\u00e1n Barb\u00f3n, se ha reunido con el embajador de Moldavia, Eugeniu Revenco.","twitter:image":"https:\/\/www.eldigitaldeasturias.com\/noticias\/wp-content\/uploads\/2024\/02\/Barbon-reunido-con-el-embajador-de-Moldavia.jpg","twitter:label1":"Escrito por","twitter:data1":"El Digital de Asturias"},"aioseo_meta_data":{"post_id":"1128521","title":null,"description":"Hoy 22 de febrero de 2024 el presidente del Principado de Asturias, Adri\u00e1n Barb\u00f3n, se ha reunido con el embajador de Moldavia, Eugeniu Revenco.","keywords":[],"keyphrases":{"focus":{"keyphrase":"Barb\u00f3n","score":93,"analysis":{"keyphraseInTitle":{"score":9,"maxScore":9,"error":0},"keyphraseInDescription":{"score":9,"maxScore":9,"error":0},"keyphraseLength":{"score":9,"maxScore":9,"error":0,"length":2},"keyphraseInURL":{"score":1,"maxScore":5,"error":1},"keyphraseInIntroduction":{"score":9,"maxScore":9,"error":0},"keyphraseInSubHeadings":[],"keyphraseInImageAlt":{"score":9,"maxScore":9,"error":0},"keywordDensity":{"type":"best","score":9,"maxScore":9,"error":0}}},"additional":[{"keyphrase":"Barb\u00f3n","score":100,"analysis":{"keyphraseInDescription":{"score":9,"maxScore":9,"error":0},"keyphraseLength":{"score":9,"maxScore":9,"error":0,"length":2},"keyphraseInIntroduction":{"score":9,"maxScore":9,"error":0},"keyphraseInImageAlt":{"score":9,"maxScore":9,"error":0},"keywordDensity":{"type":"best","score":9,"maxScore":9,"error":0}}}]},"primary_term":null,"canonical_url":null,"og_title":null,"og_description":null,"og_object_type":"default","og_image_type":"default","og_image_url":null,"og_image_width":null,"og_image_height":null,"og_image_custom_url":null,"og_image_custom_fields":null,"og_video":"","og_custom_url":null,"og_article_section":null,"og_article_tags":[],"twitter_use_og":false,"twitter_card":"default","twitter_image_type":"default","twitter_image_url":null,"twitter_image_custom_url":null,"twitter_image_custom_fields":null,"twitter_title":null,"twitter_description":null,"schema":{"blockGraphs":[],"customGraphs":[],"default":{"data":{"Article":[],"Course":[],"Dataset":[],"FAQPage":[],"Movie":[],"Person":[],"Product":[],"ProductReview":[],"Car":[],"Recipe":[],"Service":[],"SoftwareApplication":[],"WebPage":[]},"graphName":"BlogPosting","isEnabled":true},"graphs":[]},"schema_type":"default","schema_type_options":null,"pillar_content":false,"robots_default":true,"robots_noindex":false,"robots_noarchive":false,"robots_nosnippet":false,"robots_nofollow":false,"robots_noimageindex":false,"robots_noodp":false,"robots_notranslate":false,"robots_max_snippet":"-1","robots_max_videopreview":"-1","robots_max_imagepreview":"large","priority":null,"frequency":"default","local_seo":null,"seo_analyzer_scan_date":"2025-10-06 02:38:31","breadcrumb_settings":null,"limit_modified_date":false,"open_ai":"{\"title\":{\"suggestions\":[],\"usage\":0},\"description\":{\"suggestions\":[],\"usage\":0}}","ai":null,"created":"2024-02-22 17:55:41","updated":"2025-10-09 08:15:37"},"aioseo_breadcrumb":"<div class=\"aioseo-breadcrumbs\"><span class=\"aioseo-breadcrumb\">\n\t<a href=\"https:\/\/www.eldigitaldeasturias.com\/noticias\" title=\"Home\">Home<\/a>\n<\/span><span class=\"aioseo-breadcrumb-separator\">\u2013<\/span><span class=\"aioseo-breadcrumb\">\n\t<a href=\"https:\/\/www.eldigitaldeasturias.com\/noticias\/category\/fotos-asturias\/\" title=\"Fotos Asturias\">Fotos Asturias<\/a>\n<\/span><span class=\"aioseo-breadcrumb-separator\">\u2013<\/span><span class=\"aioseo-breadcrumb\">\n\t<a href=\"https:\/\/www.eldigitaldeasturias.com\/noticias\/barbon-se-ha-reunido-con-el-embajador-de-moldavia\/\" title=\"Barb\u00f3n se ha reunido con el embajador de Moldavia\">Barb\u00f3n se ha reunido con el embajador de Moldavia<\/a>\n<\/span><\/div>","aioseo_breadcrumb_json":[{"label":"Home","link":"https:\/\/www.eldigitaldeasturias.com\/noticias"},{"label":"Fotos Asturias","link":"https:\/\/www.eldigitaldeasturias.com\/noticias\/category\/fotos-asturias\/"},{"label":"Barb\u00f3n se ha reunido con el embajador de Moldavia","link":"https:\/\/www.eldigitaldeasturias.com\/noticias\/barbon-se-ha-reunido-con-el-embajador-de-moldavia\/"}],"_links":{"self":[{"href":"https:\/\/www.eldigitaldeasturias.com\/noticias\/wp-json\/wp\/v2\/posts\/1128521","targetHints":{"allow":["GET"]}}],"collection":[{"href":"https:\/\/www.eldigitaldeasturias.com\/noticias\/wp-json\/wp\/v2\/posts"}],"about":[{"href":"https:\/\/www.eldigitaldeasturias.com\/noticias\/wp-json\/wp\/v2\/types\/post"}],"author":[{"embeddable":true,"href":"https:\/\/www.eldigitaldeasturias.com\/noticias\/wp-json\/wp\/v2\/users\/1"}],"replies":[{"embeddable":true,"href":"https:\/\/www.eldigitaldeasturias.com\/noticias\/wp-json\/wp\/v2\/comments?post=1128521"}],"version-history":[{"count":0,"href":"https:\/\/www.eldigitaldeasturias.com\/noticias\/wp-json\/wp\/v2\/posts\/1128521\/revisions"}],"wp:featuredmedia":[{"embeddable":true,"href":"https:\/\/www.eldigitaldeasturias.com\/noticias\/wp-json\/wp\/v2\/media\/1128522"}],"wp:attachment":[{"href":"https:\/\/www.eldigitaldeasturias.com\/noticias\/wp-json\/wp\/v2\/media?parent=1128521"}],"wp:term":[{"taxonomy":"category","embeddable":true,"href":"https:\/\/www.eldigitaldeasturias.com\/noticias\/wp-json\/wp\/v2\/categories?post=1128521"},{"taxonomy":"post_tag","embeddable":true,"href":"https:\/\/www.eldigitaldeasturias.com\/noticias\/wp-json\/wp\/v2\/tags?post=1128521"}],"curies":[{"name":"wp","href":"https:\/\/api.w.org\/{rel}","templated":true}]}}