{"id":1128290,"date":"2024-02-04T16:42:12","date_gmt":"2024-02-04T15:42:12","guid":{"rendered":"https:\/\/www.eldigitaldeasturias.com\/noticias\/?p=1128290"},"modified":"2024-02-04T16:42:12","modified_gmt":"2024-02-04T15:42:12","slug":"feria-ganadera-de-san-blas-2024","status":"publish","type":"post","link":"https:\/\/www.eldigitaldeasturias.com\/noticias\/feria-ganadera-de-san-blas-2024\/","title":{"rendered":"Feria ganadera de San Blas 2024"},"content":{"rendered":"<p>El consejero de Medio Rural y Pol\u00edtica Agraria, Marcelino Marcos, ha asistido a la feria ganadera de San Blas, en Tu\u00f1a. <span style=\"color: #ff6600;\"><strong><a style=\"color: #ff6600;\" title=\"Principado de Asturias\" href=\"https:\/\/actualidad.asturias.es\/\">Principado de Asturias<\/a>.<\/strong><\/span><\/p>\n<figure id=\"attachment_1128291\" aria-describedby=\"caption-attachment-1128291\" style=\"width: 635px\" class=\"wp-caption aligncenter\"><img loading=\"lazy\" decoding=\"async\" class=\"size-large wp-image-1128291\" src=\"https:\/\/www.eldigitaldeasturias.com\/noticias\/wp-content\/uploads\/2024\/02\/Feria-ganadera-de-San-Blas-635x480.jpg\" alt=\"Feria ganadera de San Blas\" width=\"635\" height=\"480\" srcset=\"https:\/\/www.eldigitaldeasturias.com\/noticias\/wp-content\/uploads\/2024\/02\/Feria-ganadera-de-San-Blas-635x480.jpg 635w, https:\/\/www.eldigitaldeasturias.com\/noticias\/wp-content\/uploads\/2024\/02\/Feria-ganadera-de-San-Blas-360x272.jpg 360w, https:\/\/www.eldigitaldeasturias.com\/noticias\/wp-content\/uploads\/2024\/02\/Feria-ganadera-de-San-Blas-397x300.jpg 397w, https:\/\/www.eldigitaldeasturias.com\/noticias\/wp-content\/uploads\/2024\/02\/Feria-ganadera-de-San-Blas-768x581.jpg 768w, https:\/\/www.eldigitaldeasturias.com\/noticias\/wp-content\/uploads\/2024\/02\/Feria-ganadera-de-San-Blas-150x113.jpg 150w, https:\/\/www.eldigitaldeasturias.com\/noticias\/wp-content\/uploads\/2024\/02\/Feria-ganadera-de-San-Blas-450x340.jpg 450w, https:\/\/www.eldigitaldeasturias.com\/noticias\/wp-content\/uploads\/2024\/02\/Feria-ganadera-de-San-Blas.jpg 887w\" sizes=\"auto, (max-width: 635px) 100vw, 635px\" \/><figcaption id=\"caption-attachment-1128291\" class=\"wp-caption-text\">Foto: Prensa Gobierno de Asturias<\/figcaption><\/figure>\n<p>En la <span style=\"color: #ff6600;\"><a style=\"color: #ff6600;\" href=\"https:\/\/www.eldigitaldeasturias.com\/noticias\/category\/fotos-asturias\/\"><strong>imagen<\/strong><\/a><\/span>, junto con el gerente de la Comisi\u00f3n Regional del Banco de Tierras, Jos\u00e9 Ram\u00f3n Feito, conversando con varios ganaderos.<\/p>\n","protected":false},"excerpt":{"rendered":"<p>El consejero de Medio Rural y Pol\u00edtica Agraria, Marcelino Marcos, ha asistido a la feria ganadera de San Blas, en Tu\u00f1a. Principado de Asturias. En la imagen, junto con el gerente de la Comisi\u00f3n Regional del Banco de Tierras, Jos\u00e9 Ram\u00f3n Feito, conversando con varios ganaderos.<\/p>\n","protected":false},"author":1,"featured_media":1128291,"comment_status":"closed","ping_status":"closed","sticky":false,"template":"","format":"image","meta":{"footnotes":""},"categories":[946],"tags":[],"class_list":["post-1128290","post","type-post","status-publish","format-image","has-post-thumbnail","hentry","category-fotos-asturias","post_format-post-format-image"],"aioseo_notices":[],"aioseo_head":"\n\t\t<!-- All in One SEO Pro 4.9.6.2 - aioseo.com -->\n\t<meta name=\"description\" content=\"El consejero de Medio Rural y Pol\u00edtica Agraria, Marcelino Marcos, ha asistido a la feria ganadera de San Blas, en Tu\u00f1a. Principado de Asturias. En la imagen, junto con el gerente de la Comisi\u00f3n Regional del Banco de Tierras, Jos\u00e9 Ram\u00f3n Feito, conversando con varios ganaderos.\" \/>\n\t<meta name=\"robots\" content=\"max-image-preview:large\" \/>\n\t<meta name=\"author\" content=\"El Digital de Asturias\"\/>\n\t<meta name=\"google-site-verification\" content=\"UA-38556648-1\" \/>\n\t<meta name=\"msvalidate.01\" content=\"7dfe9f3f1b24437ab69f4f2559babe99\" \/>\n\t<meta name=\"keywords\" content=\"fotos asturias\" \/>\n\t<link rel=\"canonical\" href=\"https:\/\/www.eldigitaldeasturias.com\/noticias\/feria-ganadera-de-san-blas-2024\/\" \/>\n\t<meta name=\"generator\" content=\"All in One SEO Pro (AIOSEO) 4.9.6.2\" \/>\n\t\t<meta property=\"og:locale\" content=\"es_ES\" \/>\n\t\t<meta property=\"og:site_name\" content=\"El Digital de Asturias\" \/>\n\t\t<meta property=\"og:type\" content=\"article\" \/>\n\t\t<meta property=\"og:title\" content=\"Feria ganadera de San Blas 2024 - El Digital de Asturias\" \/>\n\t\t<meta property=\"og:description\" content=\"El consejero de Medio Rural y Pol\u00edtica Agraria, Marcelino Marcos, ha asistido a la feria ganadera de San Blas, en Tu\u00f1a. Principado de Asturias. En la imagen, junto con el gerente de la Comisi\u00f3n Regional del Banco de Tierras, Jos\u00e9 Ram\u00f3n Feito, conversando con varios ganaderos.\" \/>\n\t\t<meta property=\"og:url\" content=\"https:\/\/www.eldigitaldeasturias.com\/noticias\/feria-ganadera-de-san-blas-2024\/\" \/>\n\t\t<meta property=\"og:image\" content=\"https:\/\/www.eldigitaldeasturias.com\/noticias\/wp-content\/uploads\/2024\/02\/Feria-ganadera-de-San-Blas.jpg\" \/>\n\t\t<meta property=\"og:image:secure_url\" content=\"https:\/\/www.eldigitaldeasturias.com\/noticias\/wp-content\/uploads\/2024\/02\/Feria-ganadera-de-San-Blas.jpg\" \/>\n\t\t<meta property=\"og:image:width\" content=\"887\" \/>\n\t\t<meta property=\"og:image:height\" content=\"671\" \/>\n\t\t<meta property=\"article:tag\" content=\"fotos asturias\" \/>\n\t\t<meta property=\"article:published_time\" content=\"2024-02-04T15:42:12+00:00\" \/>\n\t\t<meta property=\"article:modified_time\" content=\"2024-02-04T15:42:12+00:00\" \/>\n\t\t<meta property=\"article:publisher\" content=\"https:\/\/facebook.com\/eldigitaldeasturias\" \/>\n\t\t<meta name=\"twitter:card\" content=\"summary_large_image\" \/>\n\t\t<meta name=\"twitter:title\" content=\"Feria ganadera de San Blas 2024 - El Digital de Asturias\" \/>\n\t\t<meta name=\"twitter:description\" content=\"El consejero de Medio Rural y Pol\u00edtica Agraria, Marcelino Marcos, ha asistido a la feria ganadera de San Blas, en Tu\u00f1a. Principado de Asturias. En la imagen, junto con el gerente de la Comisi\u00f3n Regional del Banco de Tierras, Jos\u00e9 Ram\u00f3n Feito, conversando con varios ganaderos.\" \/>\n\t\t<meta name=\"twitter:image\" content=\"https:\/\/www.eldigitaldeasturias.com\/noticias\/wp-content\/uploads\/2024\/02\/Feria-ganadera-de-San-Blas.jpg\" \/>\n\t\t<meta name=\"twitter:label1\" content=\"Escrito por\" \/>\n\t\t<meta name=\"twitter:data1\" content=\"El Digital de Asturias\" \/>\n\t\t<script type=\"application\/ld+json\" class=\"aioseo-schema\">\n\t\t\t{\"@context\":\"https:\\\/\\\/schema.org\",\"@graph\":[{\"@type\":\"BlogPosting\",\"@id\":\"https:\\\/\\\/www.eldigitaldeasturias.com\\\/noticias\\\/feria-ganadera-de-san-blas-2024\\\/#blogposting\",\"name\":\"Feria ganadera de San Blas 2024 - El Digital de Asturias\",\"headline\":\"Feria ganadera de San Blas 2024\",\"author\":{\"@id\":\"https:\\\/\\\/www.eldigitaldeasturias.com\\\/noticias\\\/author\\\/admin\\\/#author\"},\"publisher\":{\"@id\":\"https:\\\/\\\/www.eldigitaldeasturias.com\\\/noticias\\\/#organization\"},\"image\":{\"@type\":\"ImageObject\",\"url\":\"https:\\\/\\\/www.eldigitaldeasturias.com\\\/noticias\\\/wp-content\\\/uploads\\\/2024\\\/02\\\/Feria-ganadera-de-San-Blas.jpg\",\"width\":887,\"height\":671,\"caption\":\"Foto: Prensa Gobierno de Asturias\"},\"datePublished\":\"2024-02-04T16:42:12+01:00\",\"dateModified\":\"2024-02-04T16:42:12+01:00\",\"inLanguage\":\"es-ES\",\"mainEntityOfPage\":{\"@id\":\"https:\\\/\\\/www.eldigitaldeasturias.com\\\/noticias\\\/feria-ganadera-de-san-blas-2024\\\/#webpage\"},\"isPartOf\":{\"@id\":\"https:\\\/\\\/www.eldigitaldeasturias.com\\\/noticias\\\/feria-ganadera-de-san-blas-2024\\\/#webpage\"},\"articleSection\":\"Fotos Asturias, Imagen\"},{\"@type\":\"BreadcrumbList\",\"@id\":\"https:\\\/\\\/www.eldigitaldeasturias.com\\\/noticias\\\/feria-ganadera-de-san-blas-2024\\\/#breadcrumblist\",\"itemListElement\":[{\"@type\":\"ListItem\",\"@id\":\"https:\\\/\\\/www.eldigitaldeasturias.com\\\/noticias#listItem\",\"position\":1,\"name\":\"Home\",\"item\":\"https:\\\/\\\/www.eldigitaldeasturias.com\\\/noticias\",\"nextItem\":{\"@type\":\"ListItem\",\"@id\":\"https:\\\/\\\/www.eldigitaldeasturias.com\\\/noticias\\\/category\\\/fotos-asturias\\\/#listItem\",\"name\":\"Fotos Asturias\"}},{\"@type\":\"ListItem\",\"@id\":\"https:\\\/\\\/www.eldigitaldeasturias.com\\\/noticias\\\/category\\\/fotos-asturias\\\/#listItem\",\"position\":2,\"name\":\"Fotos Asturias\",\"item\":\"https:\\\/\\\/www.eldigitaldeasturias.com\\\/noticias\\\/category\\\/fotos-asturias\\\/\",\"nextItem\":{\"@type\":\"ListItem\",\"@id\":\"https:\\\/\\\/www.eldigitaldeasturias.com\\\/noticias\\\/feria-ganadera-de-san-blas-2024\\\/#listItem\",\"name\":\"Feria ganadera de San Blas 2024\"},\"previousItem\":{\"@type\":\"ListItem\",\"@id\":\"https:\\\/\\\/www.eldigitaldeasturias.com\\\/noticias#listItem\",\"name\":\"Home\"}},{\"@type\":\"ListItem\",\"@id\":\"https:\\\/\\\/www.eldigitaldeasturias.com\\\/noticias\\\/feria-ganadera-de-san-blas-2024\\\/#listItem\",\"position\":3,\"name\":\"Feria ganadera de San Blas 2024\",\"previousItem\":{\"@type\":\"ListItem\",\"@id\":\"https:\\\/\\\/www.eldigitaldeasturias.com\\\/noticias\\\/category\\\/fotos-asturias\\\/#listItem\",\"name\":\"Fotos Asturias\"}}]},{\"@type\":\"Organization\",\"@id\":\"https:\\\/\\\/www.eldigitaldeasturias.com\\\/noticias\\\/#organization\",\"name\":\"El Digital de Asturias\",\"description\":\"Hemeroteca\",\"url\":\"https:\\\/\\\/www.eldigitaldeasturias.com\\\/noticias\\\/\",\"email\":\"info@eldigitaldeasturias.com\",\"telephone\":\"+34652131393\",\"logo\":{\"@type\":\"ImageObject\",\"url\":\"https:\\\/\\\/www.eldigitaldeasturias.com\\\/noticias\\\/wp-content\\\/uploads\\\/2020\\\/12\\\/EDA.jpg\",\"@id\":\"https:\\\/\\\/www.eldigitaldeasturias.com\\\/noticias\\\/feria-ganadera-de-san-blas-2024\\\/#organizationLogo\",\"width\":649,\"height\":297},\"image\":{\"@id\":\"https:\\\/\\\/www.eldigitaldeasturias.com\\\/noticias\\\/feria-ganadera-de-san-blas-2024\\\/#organizationLogo\"},\"sameAs\":[\"https:\\\/\\\/facebook.com\\\/eldigitaldeasturias\",\"https:\\\/\\\/www.youtube.com\\\/channel\\\/UCZP-2wLEB9Rv6erhFmqVnvg\"],\"address\":{\"@id\":\"https:\\\/\\\/www.eldigitaldeasturias.com\\\/noticias\\\/#postaladdress\",\"@type\":\"PostalAddress\",\"streetAddress\":\"san antonio 4,\",\"postalCode\":\"33430\",\"addressLocality\":\"Cand\\u00e1s\",\"addressRegion\":\"Asturias\",\"addressCountry\":\"ES\"}},{\"@type\":\"Person\",\"@id\":\"https:\\\/\\\/www.eldigitaldeasturias.com\\\/noticias\\\/author\\\/admin\\\/#author\",\"url\":\"https:\\\/\\\/www.eldigitaldeasturias.com\\\/noticias\\\/author\\\/admin\\\/\",\"name\":\"El Digital de Asturias\",\"image\":{\"@type\":\"ImageObject\",\"@id\":\"https:\\\/\\\/www.eldigitaldeasturias.com\\\/noticias\\\/feria-ganadera-de-san-blas-2024\\\/#authorImage\",\"url\":\"https:\\\/\\\/www.eldigitaldeasturias.com\\\/noticias\\\/wp-content\\\/litespeed\\\/avatar\\\/18677e78aa0546b92d9dbf31ec7d7668.jpg?ver=1777290358\",\"width\":96,\"height\":96,\"caption\":\"El Digital de Asturias\"}},{\"@type\":\"WebPage\",\"@id\":\"https:\\\/\\\/www.eldigitaldeasturias.com\\\/noticias\\\/feria-ganadera-de-san-blas-2024\\\/#webpage\",\"url\":\"https:\\\/\\\/www.eldigitaldeasturias.com\\\/noticias\\\/feria-ganadera-de-san-blas-2024\\\/\",\"name\":\"Feria ganadera de San Blas 2024 - El Digital de Asturias\",\"description\":\"El consejero de Medio Rural y Pol\\u00edtica Agraria, Marcelino Marcos, ha asistido a la feria ganadera de San Blas, en Tu\\u00f1a. Principado de Asturias. En la imagen, junto con el gerente de la Comisi\\u00f3n Regional del Banco de Tierras, Jos\\u00e9 Ram\\u00f3n Feito, conversando con varios ganaderos.\",\"inLanguage\":\"es-ES\",\"isPartOf\":{\"@id\":\"https:\\\/\\\/www.eldigitaldeasturias.com\\\/noticias\\\/#website\"},\"breadcrumb\":{\"@id\":\"https:\\\/\\\/www.eldigitaldeasturias.com\\\/noticias\\\/feria-ganadera-de-san-blas-2024\\\/#breadcrumblist\"},\"author\":{\"@id\":\"https:\\\/\\\/www.eldigitaldeasturias.com\\\/noticias\\\/author\\\/admin\\\/#author\"},\"creator\":{\"@id\":\"https:\\\/\\\/www.eldigitaldeasturias.com\\\/noticias\\\/author\\\/admin\\\/#author\"},\"image\":{\"@type\":\"ImageObject\",\"url\":\"https:\\\/\\\/www.eldigitaldeasturias.com\\\/noticias\\\/wp-content\\\/uploads\\\/2024\\\/02\\\/Feria-ganadera-de-San-Blas.jpg\",\"@id\":\"https:\\\/\\\/www.eldigitaldeasturias.com\\\/noticias\\\/feria-ganadera-de-san-blas-2024\\\/#mainImage\",\"width\":887,\"height\":671,\"caption\":\"Foto: Prensa Gobierno de Asturias\"},\"primaryImageOfPage\":{\"@id\":\"https:\\\/\\\/www.eldigitaldeasturias.com\\\/noticias\\\/feria-ganadera-de-san-blas-2024\\\/#mainImage\"},\"datePublished\":\"2024-02-04T16:42:12+01:00\",\"dateModified\":\"2024-02-04T16:42:12+01:00\"},{\"@type\":\"WebSite\",\"@id\":\"https:\\\/\\\/www.eldigitaldeasturias.com\\\/noticias\\\/#website\",\"url\":\"https:\\\/\\\/www.eldigitaldeasturias.com\\\/noticias\\\/\",\"name\":\"El Digital de Asturias - Diario de actualidad y noticias\",\"alternateName\":\"El Digital de Asturias - Diario de actualidad y noticias\",\"description\":\"Hemeroteca\",\"inLanguage\":\"es-ES\",\"publisher\":{\"@id\":\"https:\\\/\\\/www.eldigitaldeasturias.com\\\/noticias\\\/#organization\"}}]}\n\t\t<\/script>\n\t\t<!-- All in One SEO Pro -->\r\n\t\t<title>Feria ganadera de San Blas 2024 - El Digital de Asturias<\/title>\n\n","aioseo_head_json":{"title":"Feria ganadera de San Blas 2024 - El Digital de Asturias","description":"El consejero de Medio Rural y Pol\u00edtica Agraria, Marcelino Marcos, ha asistido a la feria ganadera de San Blas, en Tu\u00f1a. Principado de Asturias. En la imagen, junto con el gerente de la Comisi\u00f3n Regional del Banco de Tierras, Jos\u00e9 Ram\u00f3n Feito, conversando con varios ganaderos.","canonical_url":"https:\/\/www.eldigitaldeasturias.com\/noticias\/feria-ganadera-de-san-blas-2024\/","robots":"max-image-preview:large","keywords":"fotos asturias","webmasterTools":{"google-site-verification":"UA-38556648-1","msvalidate.01":"7dfe9f3f1b24437ab69f4f2559babe99","miscellaneous":""},"schema":{"@context":"https:\/\/schema.org","@graph":[{"@type":"BlogPosting","@id":"https:\/\/www.eldigitaldeasturias.com\/noticias\/feria-ganadera-de-san-blas-2024\/#blogposting","name":"Feria ganadera de San Blas 2024 - El Digital de Asturias","headline":"Feria ganadera de San Blas 2024","author":{"@id":"https:\/\/www.eldigitaldeasturias.com\/noticias\/author\/admin\/#author"},"publisher":{"@id":"https:\/\/www.eldigitaldeasturias.com\/noticias\/#organization"},"image":{"@type":"ImageObject","url":"https:\/\/www.eldigitaldeasturias.com\/noticias\/wp-content\/uploads\/2024\/02\/Feria-ganadera-de-San-Blas.jpg","width":887,"height":671,"caption":"Foto: Prensa Gobierno de Asturias"},"datePublished":"2024-02-04T16:42:12+01:00","dateModified":"2024-02-04T16:42:12+01:00","inLanguage":"es-ES","mainEntityOfPage":{"@id":"https:\/\/www.eldigitaldeasturias.com\/noticias\/feria-ganadera-de-san-blas-2024\/#webpage"},"isPartOf":{"@id":"https:\/\/www.eldigitaldeasturias.com\/noticias\/feria-ganadera-de-san-blas-2024\/#webpage"},"articleSection":"Fotos Asturias, Imagen"},{"@type":"BreadcrumbList","@id":"https:\/\/www.eldigitaldeasturias.com\/noticias\/feria-ganadera-de-san-blas-2024\/#breadcrumblist","itemListElement":[{"@type":"ListItem","@id":"https:\/\/www.eldigitaldeasturias.com\/noticias#listItem","position":1,"name":"Home","item":"https:\/\/www.eldigitaldeasturias.com\/noticias","nextItem":{"@type":"ListItem","@id":"https:\/\/www.eldigitaldeasturias.com\/noticias\/category\/fotos-asturias\/#listItem","name":"Fotos Asturias"}},{"@type":"ListItem","@id":"https:\/\/www.eldigitaldeasturias.com\/noticias\/category\/fotos-asturias\/#listItem","position":2,"name":"Fotos Asturias","item":"https:\/\/www.eldigitaldeasturias.com\/noticias\/category\/fotos-asturias\/","nextItem":{"@type":"ListItem","@id":"https:\/\/www.eldigitaldeasturias.com\/noticias\/feria-ganadera-de-san-blas-2024\/#listItem","name":"Feria ganadera de San Blas 2024"},"previousItem":{"@type":"ListItem","@id":"https:\/\/www.eldigitaldeasturias.com\/noticias#listItem","name":"Home"}},{"@type":"ListItem","@id":"https:\/\/www.eldigitaldeasturias.com\/noticias\/feria-ganadera-de-san-blas-2024\/#listItem","position":3,"name":"Feria ganadera de San Blas 2024","previousItem":{"@type":"ListItem","@id":"https:\/\/www.eldigitaldeasturias.com\/noticias\/category\/fotos-asturias\/#listItem","name":"Fotos Asturias"}}]},{"@type":"Organization","@id":"https:\/\/www.eldigitaldeasturias.com\/noticias\/#organization","name":"El Digital de Asturias","description":"Hemeroteca","url":"https:\/\/www.eldigitaldeasturias.com\/noticias\/","email":"info@eldigitaldeasturias.com","telephone":"+34652131393","logo":{"@type":"ImageObject","url":"https:\/\/www.eldigitaldeasturias.com\/noticias\/wp-content\/uploads\/2020\/12\/EDA.jpg","@id":"https:\/\/www.eldigitaldeasturias.com\/noticias\/feria-ganadera-de-san-blas-2024\/#organizationLogo","width":649,"height":297},"image":{"@id":"https:\/\/www.eldigitaldeasturias.com\/noticias\/feria-ganadera-de-san-blas-2024\/#organizationLogo"},"sameAs":["https:\/\/facebook.com\/eldigitaldeasturias","https:\/\/www.youtube.com\/channel\/UCZP-2wLEB9Rv6erhFmqVnvg"],"address":{"@id":"https:\/\/www.eldigitaldeasturias.com\/noticias\/#postaladdress","@type":"PostalAddress","streetAddress":"san antonio 4,","postalCode":"33430","addressLocality":"Cand\u00e1s","addressRegion":"Asturias","addressCountry":"ES"}},{"@type":"Person","@id":"https:\/\/www.eldigitaldeasturias.com\/noticias\/author\/admin\/#author","url":"https:\/\/www.eldigitaldeasturias.com\/noticias\/author\/admin\/","name":"El Digital de Asturias","image":{"@type":"ImageObject","@id":"https:\/\/www.eldigitaldeasturias.com\/noticias\/feria-ganadera-de-san-blas-2024\/#authorImage","url":"https:\/\/www.eldigitaldeasturias.com\/noticias\/wp-content\/litespeed\/avatar\/18677e78aa0546b92d9dbf31ec7d7668.jpg?ver=1777290358","width":96,"height":96,"caption":"El Digital de Asturias"}},{"@type":"WebPage","@id":"https:\/\/www.eldigitaldeasturias.com\/noticias\/feria-ganadera-de-san-blas-2024\/#webpage","url":"https:\/\/www.eldigitaldeasturias.com\/noticias\/feria-ganadera-de-san-blas-2024\/","name":"Feria ganadera de San Blas 2024 - El Digital de Asturias","description":"El consejero de Medio Rural y Pol\u00edtica Agraria, Marcelino Marcos, ha asistido a la feria ganadera de San Blas, en Tu\u00f1a. Principado de Asturias. En la imagen, junto con el gerente de la Comisi\u00f3n Regional del Banco de Tierras, Jos\u00e9 Ram\u00f3n Feito, conversando con varios ganaderos.","inLanguage":"es-ES","isPartOf":{"@id":"https:\/\/www.eldigitaldeasturias.com\/noticias\/#website"},"breadcrumb":{"@id":"https:\/\/www.eldigitaldeasturias.com\/noticias\/feria-ganadera-de-san-blas-2024\/#breadcrumblist"},"author":{"@id":"https:\/\/www.eldigitaldeasturias.com\/noticias\/author\/admin\/#author"},"creator":{"@id":"https:\/\/www.eldigitaldeasturias.com\/noticias\/author\/admin\/#author"},"image":{"@type":"ImageObject","url":"https:\/\/www.eldigitaldeasturias.com\/noticias\/wp-content\/uploads\/2024\/02\/Feria-ganadera-de-San-Blas.jpg","@id":"https:\/\/www.eldigitaldeasturias.com\/noticias\/feria-ganadera-de-san-blas-2024\/#mainImage","width":887,"height":671,"caption":"Foto: Prensa Gobierno de Asturias"},"primaryImageOfPage":{"@id":"https:\/\/www.eldigitaldeasturias.com\/noticias\/feria-ganadera-de-san-blas-2024\/#mainImage"},"datePublished":"2024-02-04T16:42:12+01:00","dateModified":"2024-02-04T16:42:12+01:00"},{"@type":"WebSite","@id":"https:\/\/www.eldigitaldeasturias.com\/noticias\/#website","url":"https:\/\/www.eldigitaldeasturias.com\/noticias\/","name":"El Digital de Asturias - Diario de actualidad y noticias","alternateName":"El Digital de Asturias - Diario de actualidad y noticias","description":"Hemeroteca","inLanguage":"es-ES","publisher":{"@id":"https:\/\/www.eldigitaldeasturias.com\/noticias\/#organization"}}]},"og:locale":"es_ES","og:site_name":"El Digital de Asturias","og:type":"article","og:title":"Feria ganadera de San Blas 2024 - El Digital de Asturias","og:description":"El consejero de Medio Rural y Pol\u00edtica Agraria, Marcelino Marcos, ha asistido a la feria ganadera de San Blas, en Tu\u00f1a. Principado de Asturias. En la imagen, junto con el gerente de la Comisi\u00f3n Regional del Banco de Tierras, Jos\u00e9 Ram\u00f3n Feito, conversando con varios ganaderos.","og:url":"https:\/\/www.eldigitaldeasturias.com\/noticias\/feria-ganadera-de-san-blas-2024\/","og:image":"https:\/\/www.eldigitaldeasturias.com\/noticias\/wp-content\/uploads\/2024\/02\/Feria-ganadera-de-San-Blas.jpg","og:image:secure_url":"https:\/\/www.eldigitaldeasturias.com\/noticias\/wp-content\/uploads\/2024\/02\/Feria-ganadera-de-San-Blas.jpg","og:image:width":887,"og:image:height":671,"article:tag":["fotos asturias"],"article:published_time":"2024-02-04T15:42:12+00:00","article:modified_time":"2024-02-04T15:42:12+00:00","article:publisher":"https:\/\/facebook.com\/eldigitaldeasturias","twitter:card":"summary_large_image","twitter:title":"Feria ganadera de San Blas 2024 - El Digital de Asturias","twitter:description":"El consejero de Medio Rural y Pol\u00edtica Agraria, Marcelino Marcos, ha asistido a la feria ganadera de San Blas, en Tu\u00f1a. Principado de Asturias. En la imagen, junto con el gerente de la Comisi\u00f3n Regional del Banco de Tierras, Jos\u00e9 Ram\u00f3n Feito, conversando con varios ganaderos.","twitter:image":"https:\/\/www.eldigitaldeasturias.com\/noticias\/wp-content\/uploads\/2024\/02\/Feria-ganadera-de-San-Blas.jpg","twitter:label1":"Escrito por","twitter:data1":"El Digital de Asturias"},"aioseo_meta_data":{"post_id":"1128290","title":null,"description":null,"keywords":null,"keyphrases":null,"primary_term":null,"canonical_url":null,"og_title":null,"og_description":null,"og_object_type":"default","og_image_type":"default","og_image_url":null,"og_image_width":null,"og_image_height":null,"og_image_custom_url":null,"og_image_custom_fields":null,"og_video":null,"og_custom_url":null,"og_article_section":null,"og_article_tags":null,"twitter_use_og":false,"twitter_card":"default","twitter_image_type":"default","twitter_image_url":null,"twitter_image_custom_url":null,"twitter_image_custom_fields":null,"twitter_title":null,"twitter_description":null,"schema":{"blockGraphs":[],"customGraphs":[],"default":{"data":{"Article":[],"Course":[],"Dataset":[],"FAQPage":[],"Movie":[],"Person":[],"Product":[],"ProductReview":[],"Car":[],"Recipe":[],"Service":[],"SoftwareApplication":[],"WebPage":[]},"graphName":"BlogPosting","isEnabled":true},"graphs":[]},"schema_type":"default","schema_type_options":null,"pillar_content":false,"robots_default":true,"robots_noindex":false,"robots_noarchive":false,"robots_nosnippet":false,"robots_nofollow":false,"robots_noimageindex":false,"robots_noodp":false,"robots_notranslate":false,"robots_max_snippet":null,"robots_max_videopreview":null,"robots_max_imagepreview":"large","priority":null,"frequency":null,"local_seo":null,"seo_analyzer_scan_date":"2025-10-06 01:42:21","breadcrumb_settings":null,"limit_modified_date":false,"open_ai":null,"ai":null,"created":"2024-02-03 18:17:27","updated":"2025-10-09 07:33:35"},"aioseo_breadcrumb":"<div class=\"aioseo-breadcrumbs\"><span class=\"aioseo-breadcrumb\">\n\t<a href=\"https:\/\/www.eldigitaldeasturias.com\/noticias\" title=\"Home\">Home<\/a>\n<\/span><span class=\"aioseo-breadcrumb-separator\">\u2013<\/span><span class=\"aioseo-breadcrumb\">\n\t<a href=\"https:\/\/www.eldigitaldeasturias.com\/noticias\/category\/fotos-asturias\/\" title=\"Fotos Asturias\">Fotos Asturias<\/a>\n<\/span><span class=\"aioseo-breadcrumb-separator\">\u2013<\/span><span class=\"aioseo-breadcrumb\">\n\t<a href=\"https:\/\/www.eldigitaldeasturias.com\/noticias\/feria-ganadera-de-san-blas-2024\/\" title=\"Feria ganadera de San Blas 2024\">Feria ganadera de San Blas 2024<\/a>\n<\/span><\/div>","aioseo_breadcrumb_json":[{"label":"Home","link":"https:\/\/www.eldigitaldeasturias.com\/noticias"},{"label":"Fotos Asturias","link":"https:\/\/www.eldigitaldeasturias.com\/noticias\/category\/fotos-asturias\/"},{"label":"Feria ganadera de San Blas 2024","link":"https:\/\/www.eldigitaldeasturias.com\/noticias\/feria-ganadera-de-san-blas-2024\/"}],"_links":{"self":[{"href":"https:\/\/www.eldigitaldeasturias.com\/noticias\/wp-json\/wp\/v2\/posts\/1128290","targetHints":{"allow":["GET"]}}],"collection":[{"href":"https:\/\/www.eldigitaldeasturias.com\/noticias\/wp-json\/wp\/v2\/posts"}],"about":[{"href":"https:\/\/www.eldigitaldeasturias.com\/noticias\/wp-json\/wp\/v2\/types\/post"}],"author":[{"embeddable":true,"href":"https:\/\/www.eldigitaldeasturias.com\/noticias\/wp-json\/wp\/v2\/users\/1"}],"replies":[{"embeddable":true,"href":"https:\/\/www.eldigitaldeasturias.com\/noticias\/wp-json\/wp\/v2\/comments?post=1128290"}],"version-history":[{"count":0,"href":"https:\/\/www.eldigitaldeasturias.com\/noticias\/wp-json\/wp\/v2\/posts\/1128290\/revisions"}],"wp:featuredmedia":[{"embeddable":true,"href":"https:\/\/www.eldigitaldeasturias.com\/noticias\/wp-json\/wp\/v2\/media\/1128291"}],"wp:attachment":[{"href":"https:\/\/www.eldigitaldeasturias.com\/noticias\/wp-json\/wp\/v2\/media?parent=1128290"}],"wp:term":[{"taxonomy":"category","embeddable":true,"href":"https:\/\/www.eldigitaldeasturias.com\/noticias\/wp-json\/wp\/v2\/categories?post=1128290"},{"taxonomy":"post_tag","embeddable":true,"href":"https:\/\/www.eldigitaldeasturias.com\/noticias\/wp-json\/wp\/v2\/tags?post=1128290"}],"curies":[{"name":"wp","href":"https:\/\/api.w.org\/{rel}","templated":true}]}}