{"id":1128280,"date":"2024-02-02T20:53:17","date_gmt":"2024-02-02T19:53:17","guid":{"rendered":"https:\/\/www.eldigitaldeasturias.com\/noticias\/?p=1128280"},"modified":"2024-02-02T20:53:17","modified_gmt":"2024-02-02T19:53:17","slug":"presentacion-del-libro-asturias-socialista","status":"publish","type":"post","link":"https:\/\/www.eldigitaldeasturias.com\/noticias\/presentacion-del-libro-asturias-socialista\/","title":{"rendered":"Presentaci\u00f3n del libro \u00abAsturias socialista\u00bb"},"content":{"rendered":"<p>El presidente del <a title=\"Principado de Asturias\" href=\"https:\/\/actualidad.asturias.es\/\" target=\"_blank\" rel=\"noopener\"><span style=\"color: #ff6600;\"><strong>Principado de Asturias<\/strong><\/span><\/a>, Adri\u00e1n Barb\u00f3n, ha participado hoy en la presentaci\u00f3n del libro <strong>\u00abAsturias socialista. La reconstrucci\u00f3n de la Federaci\u00f3n Socialista Asturiana en democracia\u00bb (1975-1995)<\/strong>.<\/p>\n<figure id=\"attachment_1128281\" aria-describedby=\"caption-attachment-1128281\" style=\"width: 650px\" class=\"wp-caption aligncenter\"><img loading=\"lazy\" decoding=\"async\" class=\"size-large wp-image-1128281\" src=\"https:\/\/www.eldigitaldeasturias.com\/noticias\/wp-content\/uploads\/2024\/02\/Presentacion-del-libro-Asturias-socialista-650x427.jpg\" alt=\"Presentaci\u00f3n del libro Asturias socialista\" width=\"650\" height=\"427\" srcset=\"https:\/\/www.eldigitaldeasturias.com\/noticias\/wp-content\/uploads\/2024\/02\/Presentacion-del-libro-Asturias-socialista-650x427.jpg 650w, https:\/\/www.eldigitaldeasturias.com\/noticias\/wp-content\/uploads\/2024\/02\/Presentacion-del-libro-Asturias-socialista-360x237.jpg 360w, https:\/\/www.eldigitaldeasturias.com\/noticias\/wp-content\/uploads\/2024\/02\/Presentacion-del-libro-Asturias-socialista-457x300.jpg 457w, https:\/\/www.eldigitaldeasturias.com\/noticias\/wp-content\/uploads\/2024\/02\/Presentacion-del-libro-Asturias-socialista-768x505.jpg 768w, https:\/\/www.eldigitaldeasturias.com\/noticias\/wp-content\/uploads\/2024\/02\/Presentacion-del-libro-Asturias-socialista-150x99.jpg 150w, https:\/\/www.eldigitaldeasturias.com\/noticias\/wp-content\/uploads\/2024\/02\/Presentacion-del-libro-Asturias-socialista-450x296.jpg 450w, https:\/\/www.eldigitaldeasturias.com\/noticias\/wp-content\/uploads\/2024\/02\/Presentacion-del-libro-Asturias-socialista.jpg 1009w\" sizes=\"auto, (max-width: 650px) 100vw, 650px\" \/><figcaption id=\"caption-attachment-1128281\" class=\"wp-caption-text\">Foto: Prensa Gobierno de Asturias<\/figcaption><\/figure>\n<p>En nuestra<strong> galer\u00eda de <a href=\"https:\/\/www.eldigitaldeasturias.com\/noticias\/category\/fotos-asturias\/\"><span style=\"color: #ff6600;\">fotos<\/span><\/a> y videos<\/strong> ofrecemos contenidos multimedia y a los protagonistas de la actualidad y sociedad tanto regional, nacional e internacional.<\/p>\n","protected":false},"excerpt":{"rendered":"<p>El presidente del Principado de Asturias, Adri\u00e1n Barb\u00f3n, ha participado hoy en la presentaci\u00f3n del libro \u00abAsturias socialista. La reconstrucci\u00f3n de la Federaci\u00f3n Socialista Asturiana en democracia\u00bb (1975-1995). En nuestra galer\u00eda de fotos y videos ofrecemos contenidos multimedia y a los protagonistas de la actualidad y sociedad tanto regional, nacional e internacional.<\/p>\n","protected":false},"author":1,"featured_media":1128281,"comment_status":"closed","ping_status":"closed","sticky":false,"template":"","format":"image","meta":{"footnotes":""},"categories":[946],"tags":[],"class_list":["post-1128280","post","type-post","status-publish","format-image","has-post-thumbnail","hentry","category-fotos-asturias","post_format-post-format-image"],"aioseo_notices":[],"aioseo_head":"\n\t\t<!-- All in One SEO Pro 4.9.6.2 - aioseo.com -->\n\t<meta name=\"description\" content=\"El presidente del Principado de Asturias, Adri\u00e1n Barb\u00f3n, ha participado hoy en la presentaci\u00f3n del libro &quot;Asturias socialista. La reconstrucci\u00f3n de la\" \/>\n\t<meta name=\"robots\" content=\"max-image-preview:large\" \/>\n\t<meta name=\"author\" content=\"El Digital de Asturias\"\/>\n\t<meta name=\"google-site-verification\" content=\"UA-38556648-1\" \/>\n\t<meta name=\"msvalidate.01\" content=\"7dfe9f3f1b24437ab69f4f2559babe99\" \/>\n\t<meta name=\"keywords\" content=\"fotos asturias\" \/>\n\t<link rel=\"canonical\" href=\"https:\/\/www.eldigitaldeasturias.com\/noticias\/presentacion-del-libro-asturias-socialista\/\" \/>\n\t<meta name=\"generator\" content=\"All in One SEO Pro (AIOSEO) 4.9.6.2\" \/>\n\t\t<meta property=\"og:locale\" content=\"es_ES\" \/>\n\t\t<meta property=\"og:site_name\" content=\"El Digital de Asturias\" \/>\n\t\t<meta property=\"og:type\" content=\"article\" \/>\n\t\t<meta property=\"og:title\" content=\"Presentaci\u00f3n del libro \u00abAsturias socialista\u00bb - El Digital de Asturias\" \/>\n\t\t<meta property=\"og:description\" content=\"El presidente del Principado de Asturias, Adri\u00e1n Barb\u00f3n, ha participado hoy en la presentaci\u00f3n del libro &quot;Asturias socialista. La reconstrucci\u00f3n de la\" \/>\n\t\t<meta property=\"og:url\" content=\"https:\/\/www.eldigitaldeasturias.com\/noticias\/presentacion-del-libro-asturias-socialista\/\" \/>\n\t\t<meta property=\"og:image\" content=\"https:\/\/www.eldigitaldeasturias.com\/noticias\/wp-content\/uploads\/2024\/02\/Presentacion-del-libro-Asturias-socialista.jpg\" \/>\n\t\t<meta property=\"og:image:secure_url\" content=\"https:\/\/www.eldigitaldeasturias.com\/noticias\/wp-content\/uploads\/2024\/02\/Presentacion-del-libro-Asturias-socialista.jpg\" \/>\n\t\t<meta property=\"og:image:width\" content=\"1009\" \/>\n\t\t<meta property=\"og:image:height\" content=\"663\" \/>\n\t\t<meta property=\"article:tag\" content=\"fotos asturias\" \/>\n\t\t<meta property=\"article:published_time\" content=\"2024-02-02T19:53:17+00:00\" \/>\n\t\t<meta property=\"article:modified_time\" content=\"2024-02-02T19:53:17+00:00\" \/>\n\t\t<meta property=\"article:publisher\" content=\"https:\/\/facebook.com\/eldigitaldeasturias\" \/>\n\t\t<meta name=\"twitter:card\" content=\"summary_large_image\" \/>\n\t\t<meta name=\"twitter:title\" content=\"Presentaci\u00f3n del libro \u00abAsturias socialista\u00bb - El Digital de Asturias\" \/>\n\t\t<meta name=\"twitter:description\" content=\"El presidente del Principado de Asturias, Adri\u00e1n Barb\u00f3n, ha participado hoy en la presentaci\u00f3n del libro &quot;Asturias socialista. La reconstrucci\u00f3n de la\" \/>\n\t\t<meta name=\"twitter:image\" content=\"https:\/\/www.eldigitaldeasturias.com\/noticias\/wp-content\/uploads\/2024\/02\/Presentacion-del-libro-Asturias-socialista.jpg\" \/>\n\t\t<meta name=\"twitter:label1\" content=\"Escrito por\" \/>\n\t\t<meta name=\"twitter:data1\" content=\"El Digital de Asturias\" \/>\n\t\t<script type=\"application\/ld+json\" class=\"aioseo-schema\">\n\t\t\t{\"@context\":\"https:\\\/\\\/schema.org\",\"@graph\":[{\"@type\":\"BlogPosting\",\"@id\":\"https:\\\/\\\/www.eldigitaldeasturias.com\\\/noticias\\\/presentacion-del-libro-asturias-socialista\\\/#blogposting\",\"name\":\"Presentaci\\u00f3n del libro \\u00abAsturias socialista\\u00bb - El Digital de Asturias\",\"headline\":\"Presentaci\\u00f3n del libro \\u00abAsturias socialista\\u00bb\",\"author\":{\"@id\":\"https:\\\/\\\/www.eldigitaldeasturias.com\\\/noticias\\\/author\\\/admin\\\/#author\"},\"publisher\":{\"@id\":\"https:\\\/\\\/www.eldigitaldeasturias.com\\\/noticias\\\/#organization\"},\"image\":{\"@type\":\"ImageObject\",\"url\":\"https:\\\/\\\/www.eldigitaldeasturias.com\\\/noticias\\\/wp-content\\\/uploads\\\/2024\\\/02\\\/Presentacion-del-libro-Asturias-socialista.jpg\",\"width\":1009,\"height\":663,\"caption\":\"Foto: Prensa Gobierno de Asturias\"},\"datePublished\":\"2024-02-02T20:53:17+01:00\",\"dateModified\":\"2024-02-02T20:53:17+01:00\",\"inLanguage\":\"es-ES\",\"mainEntityOfPage\":{\"@id\":\"https:\\\/\\\/www.eldigitaldeasturias.com\\\/noticias\\\/presentacion-del-libro-asturias-socialista\\\/#webpage\"},\"isPartOf\":{\"@id\":\"https:\\\/\\\/www.eldigitaldeasturias.com\\\/noticias\\\/presentacion-del-libro-asturias-socialista\\\/#webpage\"},\"articleSection\":\"Fotos Asturias, Imagen\"},{\"@type\":\"BreadcrumbList\",\"@id\":\"https:\\\/\\\/www.eldigitaldeasturias.com\\\/noticias\\\/presentacion-del-libro-asturias-socialista\\\/#breadcrumblist\",\"itemListElement\":[{\"@type\":\"ListItem\",\"@id\":\"https:\\\/\\\/www.eldigitaldeasturias.com\\\/noticias#listItem\",\"position\":1,\"name\":\"Home\",\"item\":\"https:\\\/\\\/www.eldigitaldeasturias.com\\\/noticias\",\"nextItem\":{\"@type\":\"ListItem\",\"@id\":\"https:\\\/\\\/www.eldigitaldeasturias.com\\\/noticias\\\/category\\\/fotos-asturias\\\/#listItem\",\"name\":\"Fotos Asturias\"}},{\"@type\":\"ListItem\",\"@id\":\"https:\\\/\\\/www.eldigitaldeasturias.com\\\/noticias\\\/category\\\/fotos-asturias\\\/#listItem\",\"position\":2,\"name\":\"Fotos Asturias\",\"item\":\"https:\\\/\\\/www.eldigitaldeasturias.com\\\/noticias\\\/category\\\/fotos-asturias\\\/\",\"nextItem\":{\"@type\":\"ListItem\",\"@id\":\"https:\\\/\\\/www.eldigitaldeasturias.com\\\/noticias\\\/presentacion-del-libro-asturias-socialista\\\/#listItem\",\"name\":\"Presentaci\\u00f3n del libro \\u00abAsturias socialista\\u00bb\"},\"previousItem\":{\"@type\":\"ListItem\",\"@id\":\"https:\\\/\\\/www.eldigitaldeasturias.com\\\/noticias#listItem\",\"name\":\"Home\"}},{\"@type\":\"ListItem\",\"@id\":\"https:\\\/\\\/www.eldigitaldeasturias.com\\\/noticias\\\/presentacion-del-libro-asturias-socialista\\\/#listItem\",\"position\":3,\"name\":\"Presentaci\\u00f3n del libro \\u00abAsturias socialista\\u00bb\",\"previousItem\":{\"@type\":\"ListItem\",\"@id\":\"https:\\\/\\\/www.eldigitaldeasturias.com\\\/noticias\\\/category\\\/fotos-asturias\\\/#listItem\",\"name\":\"Fotos Asturias\"}}]},{\"@type\":\"Organization\",\"@id\":\"https:\\\/\\\/www.eldigitaldeasturias.com\\\/noticias\\\/#organization\",\"name\":\"El Digital de Asturias\",\"description\":\"Hemeroteca\",\"url\":\"https:\\\/\\\/www.eldigitaldeasturias.com\\\/noticias\\\/\",\"email\":\"info@eldigitaldeasturias.com\",\"telephone\":\"+34652131393\",\"logo\":{\"@type\":\"ImageObject\",\"url\":\"https:\\\/\\\/www.eldigitaldeasturias.com\\\/noticias\\\/wp-content\\\/uploads\\\/2020\\\/12\\\/EDA.jpg\",\"@id\":\"https:\\\/\\\/www.eldigitaldeasturias.com\\\/noticias\\\/presentacion-del-libro-asturias-socialista\\\/#organizationLogo\",\"width\":649,\"height\":297},\"image\":{\"@id\":\"https:\\\/\\\/www.eldigitaldeasturias.com\\\/noticias\\\/presentacion-del-libro-asturias-socialista\\\/#organizationLogo\"},\"sameAs\":[\"https:\\\/\\\/facebook.com\\\/eldigitaldeasturias\",\"https:\\\/\\\/www.youtube.com\\\/channel\\\/UCZP-2wLEB9Rv6erhFmqVnvg\"],\"address\":{\"@id\":\"https:\\\/\\\/www.eldigitaldeasturias.com\\\/noticias\\\/#postaladdress\",\"@type\":\"PostalAddress\",\"streetAddress\":\"san antonio 4,\",\"postalCode\":\"33430\",\"addressLocality\":\"Cand\\u00e1s\",\"addressRegion\":\"Asturias\",\"addressCountry\":\"ES\"}},{\"@type\":\"Person\",\"@id\":\"https:\\\/\\\/www.eldigitaldeasturias.com\\\/noticias\\\/author\\\/admin\\\/#author\",\"url\":\"https:\\\/\\\/www.eldigitaldeasturias.com\\\/noticias\\\/author\\\/admin\\\/\",\"name\":\"El Digital de Asturias\",\"image\":{\"@type\":\"ImageObject\",\"@id\":\"https:\\\/\\\/www.eldigitaldeasturias.com\\\/noticias\\\/presentacion-del-libro-asturias-socialista\\\/#authorImage\",\"url\":\"https:\\\/\\\/www.eldigitaldeasturias.com\\\/noticias\\\/wp-content\\\/litespeed\\\/avatar\\\/18677e78aa0546b92d9dbf31ec7d7668.jpg?ver=1777290358\",\"width\":96,\"height\":96,\"caption\":\"El Digital de Asturias\"}},{\"@type\":\"WebPage\",\"@id\":\"https:\\\/\\\/www.eldigitaldeasturias.com\\\/noticias\\\/presentacion-del-libro-asturias-socialista\\\/#webpage\",\"url\":\"https:\\\/\\\/www.eldigitaldeasturias.com\\\/noticias\\\/presentacion-del-libro-asturias-socialista\\\/\",\"name\":\"Presentaci\\u00f3n del libro \\u00abAsturias socialista\\u00bb - El Digital de Asturias\",\"description\":\"El presidente del Principado de Asturias, Adri\\u00e1n Barb\\u00f3n, ha participado hoy en la presentaci\\u00f3n del libro \\\"Asturias socialista. La reconstrucci\\u00f3n de la\",\"inLanguage\":\"es-ES\",\"isPartOf\":{\"@id\":\"https:\\\/\\\/www.eldigitaldeasturias.com\\\/noticias\\\/#website\"},\"breadcrumb\":{\"@id\":\"https:\\\/\\\/www.eldigitaldeasturias.com\\\/noticias\\\/presentacion-del-libro-asturias-socialista\\\/#breadcrumblist\"},\"author\":{\"@id\":\"https:\\\/\\\/www.eldigitaldeasturias.com\\\/noticias\\\/author\\\/admin\\\/#author\"},\"creator\":{\"@id\":\"https:\\\/\\\/www.eldigitaldeasturias.com\\\/noticias\\\/author\\\/admin\\\/#author\"},\"image\":{\"@type\":\"ImageObject\",\"url\":\"https:\\\/\\\/www.eldigitaldeasturias.com\\\/noticias\\\/wp-content\\\/uploads\\\/2024\\\/02\\\/Presentacion-del-libro-Asturias-socialista.jpg\",\"@id\":\"https:\\\/\\\/www.eldigitaldeasturias.com\\\/noticias\\\/presentacion-del-libro-asturias-socialista\\\/#mainImage\",\"width\":1009,\"height\":663,\"caption\":\"Foto: Prensa Gobierno de Asturias\"},\"primaryImageOfPage\":{\"@id\":\"https:\\\/\\\/www.eldigitaldeasturias.com\\\/noticias\\\/presentacion-del-libro-asturias-socialista\\\/#mainImage\"},\"datePublished\":\"2024-02-02T20:53:17+01:00\",\"dateModified\":\"2024-02-02T20:53:17+01:00\"},{\"@type\":\"WebSite\",\"@id\":\"https:\\\/\\\/www.eldigitaldeasturias.com\\\/noticias\\\/#website\",\"url\":\"https:\\\/\\\/www.eldigitaldeasturias.com\\\/noticias\\\/\",\"name\":\"El Digital de Asturias - Diario de actualidad y noticias\",\"alternateName\":\"El Digital de Asturias - Diario de actualidad y noticias\",\"description\":\"Hemeroteca\",\"inLanguage\":\"es-ES\",\"publisher\":{\"@id\":\"https:\\\/\\\/www.eldigitaldeasturias.com\\\/noticias\\\/#organization\"}}]}\n\t\t<\/script>\n\t\t<!-- All in One SEO Pro -->\r\n\t\t<title>Presentaci\u00f3n del libro \u00abAsturias socialista\u00bb - El Digital de Asturias<\/title>\n\n","aioseo_head_json":{"title":"Presentaci\u00f3n del libro \u00abAsturias socialista\u00bb - El Digital de Asturias","description":"El presidente del Principado de Asturias, Adri\u00e1n Barb\u00f3n, ha participado hoy en la presentaci\u00f3n del libro \"Asturias socialista. La reconstrucci\u00f3n de la","canonical_url":"https:\/\/www.eldigitaldeasturias.com\/noticias\/presentacion-del-libro-asturias-socialista\/","robots":"max-image-preview:large","keywords":"fotos asturias","webmasterTools":{"google-site-verification":"UA-38556648-1","msvalidate.01":"7dfe9f3f1b24437ab69f4f2559babe99","miscellaneous":""},"schema":{"@context":"https:\/\/schema.org","@graph":[{"@type":"BlogPosting","@id":"https:\/\/www.eldigitaldeasturias.com\/noticias\/presentacion-del-libro-asturias-socialista\/#blogposting","name":"Presentaci\u00f3n del libro \u00abAsturias socialista\u00bb - El Digital de Asturias","headline":"Presentaci\u00f3n del libro \u00abAsturias socialista\u00bb","author":{"@id":"https:\/\/www.eldigitaldeasturias.com\/noticias\/author\/admin\/#author"},"publisher":{"@id":"https:\/\/www.eldigitaldeasturias.com\/noticias\/#organization"},"image":{"@type":"ImageObject","url":"https:\/\/www.eldigitaldeasturias.com\/noticias\/wp-content\/uploads\/2024\/02\/Presentacion-del-libro-Asturias-socialista.jpg","width":1009,"height":663,"caption":"Foto: Prensa Gobierno de Asturias"},"datePublished":"2024-02-02T20:53:17+01:00","dateModified":"2024-02-02T20:53:17+01:00","inLanguage":"es-ES","mainEntityOfPage":{"@id":"https:\/\/www.eldigitaldeasturias.com\/noticias\/presentacion-del-libro-asturias-socialista\/#webpage"},"isPartOf":{"@id":"https:\/\/www.eldigitaldeasturias.com\/noticias\/presentacion-del-libro-asturias-socialista\/#webpage"},"articleSection":"Fotos Asturias, Imagen"},{"@type":"BreadcrumbList","@id":"https:\/\/www.eldigitaldeasturias.com\/noticias\/presentacion-del-libro-asturias-socialista\/#breadcrumblist","itemListElement":[{"@type":"ListItem","@id":"https:\/\/www.eldigitaldeasturias.com\/noticias#listItem","position":1,"name":"Home","item":"https:\/\/www.eldigitaldeasturias.com\/noticias","nextItem":{"@type":"ListItem","@id":"https:\/\/www.eldigitaldeasturias.com\/noticias\/category\/fotos-asturias\/#listItem","name":"Fotos Asturias"}},{"@type":"ListItem","@id":"https:\/\/www.eldigitaldeasturias.com\/noticias\/category\/fotos-asturias\/#listItem","position":2,"name":"Fotos Asturias","item":"https:\/\/www.eldigitaldeasturias.com\/noticias\/category\/fotos-asturias\/","nextItem":{"@type":"ListItem","@id":"https:\/\/www.eldigitaldeasturias.com\/noticias\/presentacion-del-libro-asturias-socialista\/#listItem","name":"Presentaci\u00f3n del libro \u00abAsturias socialista\u00bb"},"previousItem":{"@type":"ListItem","@id":"https:\/\/www.eldigitaldeasturias.com\/noticias#listItem","name":"Home"}},{"@type":"ListItem","@id":"https:\/\/www.eldigitaldeasturias.com\/noticias\/presentacion-del-libro-asturias-socialista\/#listItem","position":3,"name":"Presentaci\u00f3n del libro \u00abAsturias socialista\u00bb","previousItem":{"@type":"ListItem","@id":"https:\/\/www.eldigitaldeasturias.com\/noticias\/category\/fotos-asturias\/#listItem","name":"Fotos Asturias"}}]},{"@type":"Organization","@id":"https:\/\/www.eldigitaldeasturias.com\/noticias\/#organization","name":"El Digital de Asturias","description":"Hemeroteca","url":"https:\/\/www.eldigitaldeasturias.com\/noticias\/","email":"info@eldigitaldeasturias.com","telephone":"+34652131393","logo":{"@type":"ImageObject","url":"https:\/\/www.eldigitaldeasturias.com\/noticias\/wp-content\/uploads\/2020\/12\/EDA.jpg","@id":"https:\/\/www.eldigitaldeasturias.com\/noticias\/presentacion-del-libro-asturias-socialista\/#organizationLogo","width":649,"height":297},"image":{"@id":"https:\/\/www.eldigitaldeasturias.com\/noticias\/presentacion-del-libro-asturias-socialista\/#organizationLogo"},"sameAs":["https:\/\/facebook.com\/eldigitaldeasturias","https:\/\/www.youtube.com\/channel\/UCZP-2wLEB9Rv6erhFmqVnvg"],"address":{"@id":"https:\/\/www.eldigitaldeasturias.com\/noticias\/#postaladdress","@type":"PostalAddress","streetAddress":"san antonio 4,","postalCode":"33430","addressLocality":"Cand\u00e1s","addressRegion":"Asturias","addressCountry":"ES"}},{"@type":"Person","@id":"https:\/\/www.eldigitaldeasturias.com\/noticias\/author\/admin\/#author","url":"https:\/\/www.eldigitaldeasturias.com\/noticias\/author\/admin\/","name":"El Digital de Asturias","image":{"@type":"ImageObject","@id":"https:\/\/www.eldigitaldeasturias.com\/noticias\/presentacion-del-libro-asturias-socialista\/#authorImage","url":"https:\/\/www.eldigitaldeasturias.com\/noticias\/wp-content\/litespeed\/avatar\/18677e78aa0546b92d9dbf31ec7d7668.jpg?ver=1777290358","width":96,"height":96,"caption":"El Digital de Asturias"}},{"@type":"WebPage","@id":"https:\/\/www.eldigitaldeasturias.com\/noticias\/presentacion-del-libro-asturias-socialista\/#webpage","url":"https:\/\/www.eldigitaldeasturias.com\/noticias\/presentacion-del-libro-asturias-socialista\/","name":"Presentaci\u00f3n del libro \u00abAsturias socialista\u00bb - El Digital de Asturias","description":"El presidente del Principado de Asturias, Adri\u00e1n Barb\u00f3n, ha participado hoy en la presentaci\u00f3n del libro \"Asturias socialista. La reconstrucci\u00f3n de la","inLanguage":"es-ES","isPartOf":{"@id":"https:\/\/www.eldigitaldeasturias.com\/noticias\/#website"},"breadcrumb":{"@id":"https:\/\/www.eldigitaldeasturias.com\/noticias\/presentacion-del-libro-asturias-socialista\/#breadcrumblist"},"author":{"@id":"https:\/\/www.eldigitaldeasturias.com\/noticias\/author\/admin\/#author"},"creator":{"@id":"https:\/\/www.eldigitaldeasturias.com\/noticias\/author\/admin\/#author"},"image":{"@type":"ImageObject","url":"https:\/\/www.eldigitaldeasturias.com\/noticias\/wp-content\/uploads\/2024\/02\/Presentacion-del-libro-Asturias-socialista.jpg","@id":"https:\/\/www.eldigitaldeasturias.com\/noticias\/presentacion-del-libro-asturias-socialista\/#mainImage","width":1009,"height":663,"caption":"Foto: Prensa Gobierno de Asturias"},"primaryImageOfPage":{"@id":"https:\/\/www.eldigitaldeasturias.com\/noticias\/presentacion-del-libro-asturias-socialista\/#mainImage"},"datePublished":"2024-02-02T20:53:17+01:00","dateModified":"2024-02-02T20:53:17+01:00"},{"@type":"WebSite","@id":"https:\/\/www.eldigitaldeasturias.com\/noticias\/#website","url":"https:\/\/www.eldigitaldeasturias.com\/noticias\/","name":"El Digital de Asturias - Diario de actualidad y noticias","alternateName":"El Digital de Asturias - Diario de actualidad y noticias","description":"Hemeroteca","inLanguage":"es-ES","publisher":{"@id":"https:\/\/www.eldigitaldeasturias.com\/noticias\/#organization"}}]},"og:locale":"es_ES","og:site_name":"El Digital de Asturias","og:type":"article","og:title":"Presentaci\u00f3n del libro \u00abAsturias socialista\u00bb - El Digital de Asturias","og:description":"El presidente del Principado de Asturias, Adri\u00e1n Barb\u00f3n, ha participado hoy en la presentaci\u00f3n del libro &quot;Asturias socialista. La reconstrucci\u00f3n de la","og:url":"https:\/\/www.eldigitaldeasturias.com\/noticias\/presentacion-del-libro-asturias-socialista\/","og:image":"https:\/\/www.eldigitaldeasturias.com\/noticias\/wp-content\/uploads\/2024\/02\/Presentacion-del-libro-Asturias-socialista.jpg","og:image:secure_url":"https:\/\/www.eldigitaldeasturias.com\/noticias\/wp-content\/uploads\/2024\/02\/Presentacion-del-libro-Asturias-socialista.jpg","og:image:width":1009,"og:image:height":663,"article:tag":["fotos asturias"],"article:published_time":"2024-02-02T19:53:17+00:00","article:modified_time":"2024-02-02T19:53:17+00:00","article:publisher":"https:\/\/facebook.com\/eldigitaldeasturias","twitter:card":"summary_large_image","twitter:title":"Presentaci\u00f3n del libro \u00abAsturias socialista\u00bb - El Digital de Asturias","twitter:description":"El presidente del Principado de Asturias, Adri\u00e1n Barb\u00f3n, ha participado hoy en la presentaci\u00f3n del libro &quot;Asturias socialista. La reconstrucci\u00f3n de la","twitter:image":"https:\/\/www.eldigitaldeasturias.com\/noticias\/wp-content\/uploads\/2024\/02\/Presentacion-del-libro-Asturias-socialista.jpg","twitter:label1":"Escrito por","twitter:data1":"El Digital de Asturias"},"aioseo_meta_data":{"post_id":"1128280","title":null,"description":"El presidente del Principado de Asturias, Adri\u00e1n Barb\u00f3n, ha participado hoy en la presentaci\u00f3n del libro \"Asturias socialista. La reconstrucci\u00f3n de la","keywords":[],"keyphrases":{"focus":{"keyphrase":"Asturias","score":85,"analysis":{"keyphraseInTitle":{"score":9,"maxScore":9,"error":0},"keyphraseInDescription":{"score":9,"maxScore":9,"error":0},"keyphraseLength":{"score":9,"maxScore":9,"error":0,"length":1},"keyphraseInURL":{"score":5,"maxScore":5,"error":0},"keyphraseInIntroduction":{"score":9,"maxScore":9,"error":0},"keyphraseInSubHeadings":[],"keyphraseInImageAlt":{"score":9,"maxScore":9,"error":0},"keywordDensity":{"type":"high","score":0,"maxScore":9,"error":1}}},"additional":[{"keyphrase":"Asturias","score":80,"analysis":{"keyphraseInDescription":{"score":9,"maxScore":9,"error":0},"keyphraseLength":{"score":9,"maxScore":9,"error":0,"length":1},"keyphraseInIntroduction":{"score":9,"maxScore":9,"error":0},"keyphraseInImageAlt":{"score":9,"maxScore":9,"error":0},"keywordDensity":{"type":"high","score":0,"maxScore":9,"error":1}}}]},"primary_term":null,"canonical_url":null,"og_title":null,"og_description":null,"og_object_type":"default","og_image_type":"default","og_image_url":null,"og_image_width":null,"og_image_height":null,"og_image_custom_url":null,"og_image_custom_fields":null,"og_video":"","og_custom_url":null,"og_article_section":null,"og_article_tags":[],"twitter_use_og":false,"twitter_card":"default","twitter_image_type":"default","twitter_image_url":null,"twitter_image_custom_url":null,"twitter_image_custom_fields":null,"twitter_title":null,"twitter_description":null,"schema":{"blockGraphs":[],"customGraphs":[],"default":{"data":{"Article":[],"Course":[],"Dataset":[],"FAQPage":[],"Movie":[],"Person":[],"Product":[],"ProductReview":[],"Car":[],"Recipe":[],"Service":[],"SoftwareApplication":[],"WebPage":[]},"graphName":"BlogPosting","isEnabled":true},"graphs":[]},"schema_type":"default","schema_type_options":null,"pillar_content":false,"robots_default":true,"robots_noindex":false,"robots_noarchive":false,"robots_nosnippet":false,"robots_nofollow":false,"robots_noimageindex":false,"robots_noodp":false,"robots_notranslate":false,"robots_max_snippet":"-1","robots_max_videopreview":"-1","robots_max_imagepreview":"large","priority":null,"frequency":"default","local_seo":null,"seo_analyzer_scan_date":"2025-10-06 01:39:11","breadcrumb_settings":null,"limit_modified_date":false,"open_ai":"{\"title\":{\"suggestions\":[],\"usage\":0},\"description\":{\"suggestions\":[],\"usage\":0}}","ai":null,"created":"2024-02-02 19:45:08","updated":"2025-10-09 07:30:31"},"aioseo_breadcrumb":"<div class=\"aioseo-breadcrumbs\"><span class=\"aioseo-breadcrumb\">\n\t<a href=\"https:\/\/www.eldigitaldeasturias.com\/noticias\" title=\"Home\">Home<\/a>\n<\/span><span class=\"aioseo-breadcrumb-separator\">\u2013<\/span><span class=\"aioseo-breadcrumb\">\n\t<a href=\"https:\/\/www.eldigitaldeasturias.com\/noticias\/category\/fotos-asturias\/\" title=\"Fotos Asturias\">Fotos Asturias<\/a>\n<\/span><span class=\"aioseo-breadcrumb-separator\">\u2013<\/span><span class=\"aioseo-breadcrumb\">\n\t<a href=\"https:\/\/www.eldigitaldeasturias.com\/noticias\/presentacion-del-libro-asturias-socialista\/\" title=\"Presentaci\u00f3n del libro \u00abAsturias socialista\u00bb\">Presentaci\u00f3n del libro \u00abAsturias socialista\u00bb<\/a>\n<\/span><\/div>","aioseo_breadcrumb_json":[{"label":"Home","link":"https:\/\/www.eldigitaldeasturias.com\/noticias"},{"label":"Fotos Asturias","link":"https:\/\/www.eldigitaldeasturias.com\/noticias\/category\/fotos-asturias\/"},{"label":"Presentaci\u00f3n del libro \u00abAsturias socialista\u00bb","link":"https:\/\/www.eldigitaldeasturias.com\/noticias\/presentacion-del-libro-asturias-socialista\/"}],"_links":{"self":[{"href":"https:\/\/www.eldigitaldeasturias.com\/noticias\/wp-json\/wp\/v2\/posts\/1128280","targetHints":{"allow":["GET"]}}],"collection":[{"href":"https:\/\/www.eldigitaldeasturias.com\/noticias\/wp-json\/wp\/v2\/posts"}],"about":[{"href":"https:\/\/www.eldigitaldeasturias.com\/noticias\/wp-json\/wp\/v2\/types\/post"}],"author":[{"embeddable":true,"href":"https:\/\/www.eldigitaldeasturias.com\/noticias\/wp-json\/wp\/v2\/users\/1"}],"replies":[{"embeddable":true,"href":"https:\/\/www.eldigitaldeasturias.com\/noticias\/wp-json\/wp\/v2\/comments?post=1128280"}],"version-history":[{"count":0,"href":"https:\/\/www.eldigitaldeasturias.com\/noticias\/wp-json\/wp\/v2\/posts\/1128280\/revisions"}],"wp:featuredmedia":[{"embeddable":true,"href":"https:\/\/www.eldigitaldeasturias.com\/noticias\/wp-json\/wp\/v2\/media\/1128281"}],"wp:attachment":[{"href":"https:\/\/www.eldigitaldeasturias.com\/noticias\/wp-json\/wp\/v2\/media?parent=1128280"}],"wp:term":[{"taxonomy":"category","embeddable":true,"href":"https:\/\/www.eldigitaldeasturias.com\/noticias\/wp-json\/wp\/v2\/categories?post=1128280"},{"taxonomy":"post_tag","embeddable":true,"href":"https:\/\/www.eldigitaldeasturias.com\/noticias\/wp-json\/wp\/v2\/tags?post=1128280"}],"curies":[{"name":"wp","href":"https:\/\/api.w.org\/{rel}","templated":true}]}}