{"id":1128253,"date":"2024-02-01T19:40:49","date_gmt":"2024-02-01T18:40:49","guid":{"rendered":"https:\/\/www.eldigitaldeasturias.com\/noticias\/?p=1128253"},"modified":"2024-02-01T19:40:49","modified_gmt":"2024-02-01T18:40:49","slug":"una-persona-herida-en-un-accidente-en-la-rotonda-de-la-as-17","status":"publish","type":"post","link":"https:\/\/www.eldigitaldeasturias.com\/noticias\/una-persona-herida-en-un-accidente-en-la-rotonda-de-la-as-17\/","title":{"rendered":"Una persona herida en un accidente en la rotonda de la AS-17"},"content":{"rendered":"<p>Una persona ha resultado herida en un <a href=\"https:\/\/www.eldigitaldeasturias.com\/noticias\/category\/sucesos\/\"><span style=\"color: #ff6600;\"><strong>accidente de tr\u00e1fico<\/strong><\/span><\/a> en el que se vio implicado un turismo y un cami\u00f3n-hormigonera en la rotonda de la AS-17, en el punto kilom\u00e9trico 2, en Lugones, Siero.<\/p>\n<figure id=\"attachment_1128254\" aria-describedby=\"caption-attachment-1128254\" style=\"width: 554px\" class=\"wp-caption aligncenter\"><img loading=\"lazy\" decoding=\"async\" class=\"size-large wp-image-1128254\" src=\"https:\/\/www.eldigitaldeasturias.com\/noticias\/wp-content\/uploads\/2024\/02\/Accidente-en-rotonda-de-la-AS-17-554x480.jpg\" alt=\"Accidente en rotonda de la AS-17\" width=\"554\" height=\"480\" srcset=\"https:\/\/www.eldigitaldeasturias.com\/noticias\/wp-content\/uploads\/2024\/02\/Accidente-en-rotonda-de-la-AS-17-554x480.jpg 554w, https:\/\/www.eldigitaldeasturias.com\/noticias\/wp-content\/uploads\/2024\/02\/Accidente-en-rotonda-de-la-AS-17-360x312.jpg 360w, https:\/\/www.eldigitaldeasturias.com\/noticias\/wp-content\/uploads\/2024\/02\/Accidente-en-rotonda-de-la-AS-17-347x300.jpg 347w, https:\/\/www.eldigitaldeasturias.com\/noticias\/wp-content\/uploads\/2024\/02\/Accidente-en-rotonda-de-la-AS-17-150x130.jpg 150w, https:\/\/www.eldigitaldeasturias.com\/noticias\/wp-content\/uploads\/2024\/02\/Accidente-en-rotonda-de-la-AS-17-450x390.jpg 450w, https:\/\/www.eldigitaldeasturias.com\/noticias\/wp-content\/uploads\/2024\/02\/Accidente-en-rotonda-de-la-AS-17.jpg 670w\" sizes=\"auto, (max-width: 554px) 100vw, 554px\" \/><figcaption id=\"caption-attachment-1128254\" class=\"wp-caption-text\">Foto: Prensa SEPA<\/figcaption><\/figure>\n<p>Seg\u00fan los datos facilitados por el Servicio de Atenci\u00f3n M\u00e9dica Urgente (SAMU) el herido, es un var\u00f3n de 50 a\u00f1os, que presentaba policontusiones de pron\u00f3stico reservado, a expensas de m\u00e1s pruebas y hasta nueva valoraci\u00f3n m\u00e9dica. Fue trasladado al Hospital Universitario Central de Asturias (HUCA), en Oviedo, por el equipo m\u00e9dico de una UVI-m\u00f3vil. Hasta el lugar del accidente tambi\u00e9n se desplaz\u00f3 un equipo de Atenci\u00f3n Primaria y la ambulancia de soporte vital b\u00e1sico de Llanera.<\/p>\n<p>El herido, conductor del turismo accidentado, tuvo que ser excarcelado de su interior por efectivos de Bomberos del Servicio de Emergencias del Principado de Asturias (SEPA) con base en el parque de La Morgal. Los bomberos cortaron el port\u00f3n trasero y retiraron el asiento para poder excarcelar al herido en un bloque r\u00edgido y as\u00ed evitar lesiones. Lo extrajeron, inmovilizado con collar\u00edn, con la tabla de rescate.<\/p>\n<p>El Centro de Coordinaci\u00f3n de Emergencias del 112 Asturias recibi\u00f3 el aviso a las 17.05 horas. En la llamada indicaban que se hab\u00eda producido una colisi\u00f3n entre un turismo y un cami\u00f3n hormigonera y hab\u00eda una persona herida y cre\u00edan que atrapada.<\/p>\n<p>Adem\u00e1s de movilizar a los bomberos y al jefe de zona centro-este que tambi\u00e9n acudi\u00f3 a la intervenci\u00f3n se pas\u00f3 el aviso al SAMU y a la Guardia Civil.<\/p>\n<p>Finalizada la intervenci\u00f3n y realizadas tareas de seguridad y normalizaci\u00f3n de la v\u00eda la dotaci\u00f3n retir\u00f3 del lugar, a las 18.00 horas, para regresar a su base.<\/p>\n","protected":false},"excerpt":{"rendered":"<p>Una persona ha resultado herida en un accidente de tr\u00e1fico en el que se vio implicado un turismo y un cami\u00f3n-hormigonera en la rotonda de la AS-17, en el punto kilom\u00e9trico 2, en Lugones, Siero. Seg\u00fan los datos facilitados por el Servicio de Atenci\u00f3n M\u00e9dica Urgente (SAMU) el herido, es un var\u00f3n de 50 a\u00f1os, [&hellip;]<\/p>\n","protected":false},"author":1,"featured_media":1128254,"comment_status":"closed","ping_status":"closed","sticky":false,"template":"","format":"standard","meta":{"footnotes":""},"categories":[5],"tags":[],"class_list":["post-1128253","post","type-post","status-publish","format-standard","has-post-thumbnail","hentry","category-sucesos"],"aioseo_notices":[],"aioseo_head":"\n\t\t<!-- All in One SEO Pro 4.9.6.2 - aioseo.com -->\n\t<meta name=\"description\" content=\"Una persona ha resultado herida en un accidente de tr\u00e1fico en el que se vio implicado un turismo y un cami\u00f3n-hormigonera en la rotonda de la AS-17\" \/>\n\t<meta name=\"robots\" content=\"max-image-preview:large\" \/>\n\t<meta name=\"author\" content=\"El Digital de Asturias\"\/>\n\t<meta name=\"google-site-verification\" content=\"UA-38556648-1\" \/>\n\t<meta name=\"msvalidate.01\" content=\"7dfe9f3f1b24437ab69f4f2559babe99\" \/>\n\t<meta name=\"keywords\" content=\"sucesos\" \/>\n\t<link rel=\"canonical\" href=\"https:\/\/www.eldigitaldeasturias.com\/noticias\/una-persona-herida-en-un-accidente-en-la-rotonda-de-la-as-17\/\" \/>\n\t<meta name=\"generator\" content=\"All in One SEO Pro (AIOSEO) 4.9.6.2\" \/>\n\t\t<meta property=\"og:locale\" content=\"es_ES\" \/>\n\t\t<meta property=\"og:site_name\" content=\"El Digital de Asturias\" \/>\n\t\t<meta property=\"og:type\" content=\"article\" \/>\n\t\t<meta property=\"og:title\" content=\"Una persona herida en un accidente en la rotonda de la AS-17 - El Digital de Asturias\" \/>\n\t\t<meta property=\"og:description\" content=\"Una persona ha resultado herida en un accidente de tr\u00e1fico en el que se vio implicado un turismo y un cami\u00f3n-hormigonera en la rotonda de la AS-17\" \/>\n\t\t<meta property=\"og:url\" content=\"https:\/\/www.eldigitaldeasturias.com\/noticias\/una-persona-herida-en-un-accidente-en-la-rotonda-de-la-as-17\/\" \/>\n\t\t<meta property=\"og:image\" content=\"https:\/\/www.eldigitaldeasturias.com\/noticias\/wp-content\/uploads\/2024\/02\/Accidente-en-rotonda-de-la-AS-17.jpg\" \/>\n\t\t<meta property=\"og:image:secure_url\" content=\"https:\/\/www.eldigitaldeasturias.com\/noticias\/wp-content\/uploads\/2024\/02\/Accidente-en-rotonda-de-la-AS-17.jpg\" \/>\n\t\t<meta property=\"og:image:width\" content=\"670\" \/>\n\t\t<meta property=\"og:image:height\" content=\"580\" \/>\n\t\t<meta property=\"article:tag\" content=\"sucesos\" \/>\n\t\t<meta property=\"article:published_time\" content=\"2024-02-01T18:40:49+00:00\" \/>\n\t\t<meta property=\"article:modified_time\" content=\"2024-02-01T18:40:49+00:00\" \/>\n\t\t<meta property=\"article:publisher\" content=\"https:\/\/facebook.com\/eldigitaldeasturias\" \/>\n\t\t<meta name=\"twitter:card\" content=\"summary_large_image\" \/>\n\t\t<meta name=\"twitter:title\" content=\"Una persona herida en un accidente en la rotonda de la AS-17 - El Digital de Asturias\" \/>\n\t\t<meta name=\"twitter:description\" content=\"Una persona ha resultado herida en un accidente de tr\u00e1fico en el que se vio implicado un turismo y un cami\u00f3n-hormigonera en la rotonda de la AS-17\" \/>\n\t\t<meta name=\"twitter:image\" content=\"https:\/\/www.eldigitaldeasturias.com\/noticias\/wp-content\/uploads\/2024\/02\/Accidente-en-rotonda-de-la-AS-17.jpg\" \/>\n\t\t<meta name=\"twitter:label1\" content=\"Escrito por\" \/>\n\t\t<meta name=\"twitter:data1\" content=\"El Digital de Asturias\" \/>\n\t\t<meta name=\"twitter:label2\" content=\"Tiempo de lectura estimado\" \/>\n\t\t<meta name=\"twitter:data2\" content=\"2 minutos\" \/>\n\t\t<script type=\"application\/ld+json\" class=\"aioseo-schema\">\n\t\t\t{\"@context\":\"https:\\\/\\\/schema.org\",\"@graph\":[{\"@type\":\"BlogPosting\",\"@id\":\"https:\\\/\\\/www.eldigitaldeasturias.com\\\/noticias\\\/una-persona-herida-en-un-accidente-en-la-rotonda-de-la-as-17\\\/#blogposting\",\"name\":\"Una persona herida en un accidente en la rotonda de la AS-17 - El Digital de Asturias\",\"headline\":\"Una persona herida en un accidente en la rotonda de la AS-17\",\"author\":{\"@id\":\"https:\\\/\\\/www.eldigitaldeasturias.com\\\/noticias\\\/author\\\/admin\\\/#author\"},\"publisher\":{\"@id\":\"https:\\\/\\\/www.eldigitaldeasturias.com\\\/noticias\\\/#organization\"},\"image\":{\"@type\":\"ImageObject\",\"url\":\"https:\\\/\\\/www.eldigitaldeasturias.com\\\/noticias\\\/wp-content\\\/uploads\\\/2024\\\/02\\\/Accidente-en-rotonda-de-la-AS-17.jpg\",\"width\":670,\"height\":580,\"caption\":\"Foto: Prensa SEPA\"},\"datePublished\":\"2024-02-01T19:40:49+01:00\",\"dateModified\":\"2024-02-01T19:40:49+01:00\",\"inLanguage\":\"es-ES\",\"mainEntityOfPage\":{\"@id\":\"https:\\\/\\\/www.eldigitaldeasturias.com\\\/noticias\\\/una-persona-herida-en-un-accidente-en-la-rotonda-de-la-as-17\\\/#webpage\"},\"isPartOf\":{\"@id\":\"https:\\\/\\\/www.eldigitaldeasturias.com\\\/noticias\\\/una-persona-herida-en-un-accidente-en-la-rotonda-de-la-as-17\\\/#webpage\"},\"articleSection\":\"Sucesos\"},{\"@type\":\"BreadcrumbList\",\"@id\":\"https:\\\/\\\/www.eldigitaldeasturias.com\\\/noticias\\\/una-persona-herida-en-un-accidente-en-la-rotonda-de-la-as-17\\\/#breadcrumblist\",\"itemListElement\":[{\"@type\":\"ListItem\",\"@id\":\"https:\\\/\\\/www.eldigitaldeasturias.com\\\/noticias#listItem\",\"position\":1,\"name\":\"Home\",\"item\":\"https:\\\/\\\/www.eldigitaldeasturias.com\\\/noticias\",\"nextItem\":{\"@type\":\"ListItem\",\"@id\":\"https:\\\/\\\/www.eldigitaldeasturias.com\\\/noticias\\\/category\\\/sucesos\\\/#listItem\",\"name\":\"Sucesos\"}},{\"@type\":\"ListItem\",\"@id\":\"https:\\\/\\\/www.eldigitaldeasturias.com\\\/noticias\\\/category\\\/sucesos\\\/#listItem\",\"position\":2,\"name\":\"Sucesos\",\"item\":\"https:\\\/\\\/www.eldigitaldeasturias.com\\\/noticias\\\/category\\\/sucesos\\\/\",\"nextItem\":{\"@type\":\"ListItem\",\"@id\":\"https:\\\/\\\/www.eldigitaldeasturias.com\\\/noticias\\\/una-persona-herida-en-un-accidente-en-la-rotonda-de-la-as-17\\\/#listItem\",\"name\":\"Una persona herida en un accidente en la rotonda de la AS-17\"},\"previousItem\":{\"@type\":\"ListItem\",\"@id\":\"https:\\\/\\\/www.eldigitaldeasturias.com\\\/noticias#listItem\",\"name\":\"Home\"}},{\"@type\":\"ListItem\",\"@id\":\"https:\\\/\\\/www.eldigitaldeasturias.com\\\/noticias\\\/una-persona-herida-en-un-accidente-en-la-rotonda-de-la-as-17\\\/#listItem\",\"position\":3,\"name\":\"Una persona herida en un accidente en la rotonda de la AS-17\",\"previousItem\":{\"@type\":\"ListItem\",\"@id\":\"https:\\\/\\\/www.eldigitaldeasturias.com\\\/noticias\\\/category\\\/sucesos\\\/#listItem\",\"name\":\"Sucesos\"}}]},{\"@type\":\"Organization\",\"@id\":\"https:\\\/\\\/www.eldigitaldeasturias.com\\\/noticias\\\/#organization\",\"name\":\"El Digital de Asturias\",\"description\":\"Hemeroteca\",\"url\":\"https:\\\/\\\/www.eldigitaldeasturias.com\\\/noticias\\\/\",\"email\":\"info@eldigitaldeasturias.com\",\"telephone\":\"+34652131393\",\"logo\":{\"@type\":\"ImageObject\",\"url\":\"https:\\\/\\\/www.eldigitaldeasturias.com\\\/noticias\\\/wp-content\\\/uploads\\\/2020\\\/12\\\/EDA.jpg\",\"@id\":\"https:\\\/\\\/www.eldigitaldeasturias.com\\\/noticias\\\/una-persona-herida-en-un-accidente-en-la-rotonda-de-la-as-17\\\/#organizationLogo\",\"width\":649,\"height\":297},\"image\":{\"@id\":\"https:\\\/\\\/www.eldigitaldeasturias.com\\\/noticias\\\/una-persona-herida-en-un-accidente-en-la-rotonda-de-la-as-17\\\/#organizationLogo\"},\"sameAs\":[\"https:\\\/\\\/facebook.com\\\/eldigitaldeasturias\",\"https:\\\/\\\/www.youtube.com\\\/channel\\\/UCZP-2wLEB9Rv6erhFmqVnvg\"],\"address\":{\"@id\":\"https:\\\/\\\/www.eldigitaldeasturias.com\\\/noticias\\\/#postaladdress\",\"@type\":\"PostalAddress\",\"streetAddress\":\"san antonio 4,\",\"postalCode\":\"33430\",\"addressLocality\":\"Cand\\u00e1s\",\"addressRegion\":\"Asturias\",\"addressCountry\":\"ES\"}},{\"@type\":\"Person\",\"@id\":\"https:\\\/\\\/www.eldigitaldeasturias.com\\\/noticias\\\/author\\\/admin\\\/#author\",\"url\":\"https:\\\/\\\/www.eldigitaldeasturias.com\\\/noticias\\\/author\\\/admin\\\/\",\"name\":\"El Digital de Asturias\",\"image\":{\"@type\":\"ImageObject\",\"@id\":\"https:\\\/\\\/www.eldigitaldeasturias.com\\\/noticias\\\/una-persona-herida-en-un-accidente-en-la-rotonda-de-la-as-17\\\/#authorImage\",\"url\":\"https:\\\/\\\/www.eldigitaldeasturias.com\\\/noticias\\\/wp-content\\\/litespeed\\\/avatar\\\/18677e78aa0546b92d9dbf31ec7d7668.jpg?ver=1776685526\",\"width\":96,\"height\":96,\"caption\":\"El Digital de Asturias\"}},{\"@type\":\"WebPage\",\"@id\":\"https:\\\/\\\/www.eldigitaldeasturias.com\\\/noticias\\\/una-persona-herida-en-un-accidente-en-la-rotonda-de-la-as-17\\\/#webpage\",\"url\":\"https:\\\/\\\/www.eldigitaldeasturias.com\\\/noticias\\\/una-persona-herida-en-un-accidente-en-la-rotonda-de-la-as-17\\\/\",\"name\":\"Una persona herida en un accidente en la rotonda de la AS-17 - El Digital de Asturias\",\"description\":\"Una persona ha resultado herida en un accidente de tr\\u00e1fico en el que se vio implicado un turismo y un cami\\u00f3n-hormigonera en la rotonda de la AS-17\",\"inLanguage\":\"es-ES\",\"isPartOf\":{\"@id\":\"https:\\\/\\\/www.eldigitaldeasturias.com\\\/noticias\\\/#website\"},\"breadcrumb\":{\"@id\":\"https:\\\/\\\/www.eldigitaldeasturias.com\\\/noticias\\\/una-persona-herida-en-un-accidente-en-la-rotonda-de-la-as-17\\\/#breadcrumblist\"},\"author\":{\"@id\":\"https:\\\/\\\/www.eldigitaldeasturias.com\\\/noticias\\\/author\\\/admin\\\/#author\"},\"creator\":{\"@id\":\"https:\\\/\\\/www.eldigitaldeasturias.com\\\/noticias\\\/author\\\/admin\\\/#author\"},\"image\":{\"@type\":\"ImageObject\",\"url\":\"https:\\\/\\\/www.eldigitaldeasturias.com\\\/noticias\\\/wp-content\\\/uploads\\\/2024\\\/02\\\/Accidente-en-rotonda-de-la-AS-17.jpg\",\"@id\":\"https:\\\/\\\/www.eldigitaldeasturias.com\\\/noticias\\\/una-persona-herida-en-un-accidente-en-la-rotonda-de-la-as-17\\\/#mainImage\",\"width\":670,\"height\":580,\"caption\":\"Foto: Prensa SEPA\"},\"primaryImageOfPage\":{\"@id\":\"https:\\\/\\\/www.eldigitaldeasturias.com\\\/noticias\\\/una-persona-herida-en-un-accidente-en-la-rotonda-de-la-as-17\\\/#mainImage\"},\"datePublished\":\"2024-02-01T19:40:49+01:00\",\"dateModified\":\"2024-02-01T19:40:49+01:00\"},{\"@type\":\"WebSite\",\"@id\":\"https:\\\/\\\/www.eldigitaldeasturias.com\\\/noticias\\\/#website\",\"url\":\"https:\\\/\\\/www.eldigitaldeasturias.com\\\/noticias\\\/\",\"name\":\"El Digital de Asturias - Diario de actualidad y noticias\",\"alternateName\":\"El Digital de Asturias - Diario de actualidad y noticias\",\"description\":\"Hemeroteca\",\"inLanguage\":\"es-ES\",\"publisher\":{\"@id\":\"https:\\\/\\\/www.eldigitaldeasturias.com\\\/noticias\\\/#organization\"}}]}\n\t\t<\/script>\n\t\t<!-- All in One SEO Pro -->\r\n\t\t<title>Una persona herida en un accidente en la rotonda de la AS-17 - El Digital de Asturias<\/title>\n\n","aioseo_head_json":{"title":"Una persona herida en un accidente en la rotonda de la AS-17 - El Digital de Asturias","description":"Una persona ha resultado herida en un accidente de tr\u00e1fico en el que se vio implicado un turismo y un cami\u00f3n-hormigonera en la rotonda de la AS-17","canonical_url":"https:\/\/www.eldigitaldeasturias.com\/noticias\/una-persona-herida-en-un-accidente-en-la-rotonda-de-la-as-17\/","robots":"max-image-preview:large","keywords":"sucesos","webmasterTools":{"google-site-verification":"UA-38556648-1","msvalidate.01":"7dfe9f3f1b24437ab69f4f2559babe99","miscellaneous":""},"schema":{"@context":"https:\/\/schema.org","@graph":[{"@type":"BlogPosting","@id":"https:\/\/www.eldigitaldeasturias.com\/noticias\/una-persona-herida-en-un-accidente-en-la-rotonda-de-la-as-17\/#blogposting","name":"Una persona herida en un accidente en la rotonda de la AS-17 - El Digital de Asturias","headline":"Una persona herida en un accidente en la rotonda de la AS-17","author":{"@id":"https:\/\/www.eldigitaldeasturias.com\/noticias\/author\/admin\/#author"},"publisher":{"@id":"https:\/\/www.eldigitaldeasturias.com\/noticias\/#organization"},"image":{"@type":"ImageObject","url":"https:\/\/www.eldigitaldeasturias.com\/noticias\/wp-content\/uploads\/2024\/02\/Accidente-en-rotonda-de-la-AS-17.jpg","width":670,"height":580,"caption":"Foto: Prensa SEPA"},"datePublished":"2024-02-01T19:40:49+01:00","dateModified":"2024-02-01T19:40:49+01:00","inLanguage":"es-ES","mainEntityOfPage":{"@id":"https:\/\/www.eldigitaldeasturias.com\/noticias\/una-persona-herida-en-un-accidente-en-la-rotonda-de-la-as-17\/#webpage"},"isPartOf":{"@id":"https:\/\/www.eldigitaldeasturias.com\/noticias\/una-persona-herida-en-un-accidente-en-la-rotonda-de-la-as-17\/#webpage"},"articleSection":"Sucesos"},{"@type":"BreadcrumbList","@id":"https:\/\/www.eldigitaldeasturias.com\/noticias\/una-persona-herida-en-un-accidente-en-la-rotonda-de-la-as-17\/#breadcrumblist","itemListElement":[{"@type":"ListItem","@id":"https:\/\/www.eldigitaldeasturias.com\/noticias#listItem","position":1,"name":"Home","item":"https:\/\/www.eldigitaldeasturias.com\/noticias","nextItem":{"@type":"ListItem","@id":"https:\/\/www.eldigitaldeasturias.com\/noticias\/category\/sucesos\/#listItem","name":"Sucesos"}},{"@type":"ListItem","@id":"https:\/\/www.eldigitaldeasturias.com\/noticias\/category\/sucesos\/#listItem","position":2,"name":"Sucesos","item":"https:\/\/www.eldigitaldeasturias.com\/noticias\/category\/sucesos\/","nextItem":{"@type":"ListItem","@id":"https:\/\/www.eldigitaldeasturias.com\/noticias\/una-persona-herida-en-un-accidente-en-la-rotonda-de-la-as-17\/#listItem","name":"Una persona herida en un accidente en la rotonda de la AS-17"},"previousItem":{"@type":"ListItem","@id":"https:\/\/www.eldigitaldeasturias.com\/noticias#listItem","name":"Home"}},{"@type":"ListItem","@id":"https:\/\/www.eldigitaldeasturias.com\/noticias\/una-persona-herida-en-un-accidente-en-la-rotonda-de-la-as-17\/#listItem","position":3,"name":"Una persona herida en un accidente en la rotonda de la AS-17","previousItem":{"@type":"ListItem","@id":"https:\/\/www.eldigitaldeasturias.com\/noticias\/category\/sucesos\/#listItem","name":"Sucesos"}}]},{"@type":"Organization","@id":"https:\/\/www.eldigitaldeasturias.com\/noticias\/#organization","name":"El Digital de Asturias","description":"Hemeroteca","url":"https:\/\/www.eldigitaldeasturias.com\/noticias\/","email":"info@eldigitaldeasturias.com","telephone":"+34652131393","logo":{"@type":"ImageObject","url":"https:\/\/www.eldigitaldeasturias.com\/noticias\/wp-content\/uploads\/2020\/12\/EDA.jpg","@id":"https:\/\/www.eldigitaldeasturias.com\/noticias\/una-persona-herida-en-un-accidente-en-la-rotonda-de-la-as-17\/#organizationLogo","width":649,"height":297},"image":{"@id":"https:\/\/www.eldigitaldeasturias.com\/noticias\/una-persona-herida-en-un-accidente-en-la-rotonda-de-la-as-17\/#organizationLogo"},"sameAs":["https:\/\/facebook.com\/eldigitaldeasturias","https:\/\/www.youtube.com\/channel\/UCZP-2wLEB9Rv6erhFmqVnvg"],"address":{"@id":"https:\/\/www.eldigitaldeasturias.com\/noticias\/#postaladdress","@type":"PostalAddress","streetAddress":"san antonio 4,","postalCode":"33430","addressLocality":"Cand\u00e1s","addressRegion":"Asturias","addressCountry":"ES"}},{"@type":"Person","@id":"https:\/\/www.eldigitaldeasturias.com\/noticias\/author\/admin\/#author","url":"https:\/\/www.eldigitaldeasturias.com\/noticias\/author\/admin\/","name":"El Digital de Asturias","image":{"@type":"ImageObject","@id":"https:\/\/www.eldigitaldeasturias.com\/noticias\/una-persona-herida-en-un-accidente-en-la-rotonda-de-la-as-17\/#authorImage","url":"https:\/\/www.eldigitaldeasturias.com\/noticias\/wp-content\/litespeed\/avatar\/18677e78aa0546b92d9dbf31ec7d7668.jpg?ver=1776685526","width":96,"height":96,"caption":"El Digital de Asturias"}},{"@type":"WebPage","@id":"https:\/\/www.eldigitaldeasturias.com\/noticias\/una-persona-herida-en-un-accidente-en-la-rotonda-de-la-as-17\/#webpage","url":"https:\/\/www.eldigitaldeasturias.com\/noticias\/una-persona-herida-en-un-accidente-en-la-rotonda-de-la-as-17\/","name":"Una persona herida en un accidente en la rotonda de la AS-17 - El Digital de Asturias","description":"Una persona ha resultado herida en un accidente de tr\u00e1fico en el que se vio implicado un turismo y un cami\u00f3n-hormigonera en la rotonda de la AS-17","inLanguage":"es-ES","isPartOf":{"@id":"https:\/\/www.eldigitaldeasturias.com\/noticias\/#website"},"breadcrumb":{"@id":"https:\/\/www.eldigitaldeasturias.com\/noticias\/una-persona-herida-en-un-accidente-en-la-rotonda-de-la-as-17\/#breadcrumblist"},"author":{"@id":"https:\/\/www.eldigitaldeasturias.com\/noticias\/author\/admin\/#author"},"creator":{"@id":"https:\/\/www.eldigitaldeasturias.com\/noticias\/author\/admin\/#author"},"image":{"@type":"ImageObject","url":"https:\/\/www.eldigitaldeasturias.com\/noticias\/wp-content\/uploads\/2024\/02\/Accidente-en-rotonda-de-la-AS-17.jpg","@id":"https:\/\/www.eldigitaldeasturias.com\/noticias\/una-persona-herida-en-un-accidente-en-la-rotonda-de-la-as-17\/#mainImage","width":670,"height":580,"caption":"Foto: Prensa SEPA"},"primaryImageOfPage":{"@id":"https:\/\/www.eldigitaldeasturias.com\/noticias\/una-persona-herida-en-un-accidente-en-la-rotonda-de-la-as-17\/#mainImage"},"datePublished":"2024-02-01T19:40:49+01:00","dateModified":"2024-02-01T19:40:49+01:00"},{"@type":"WebSite","@id":"https:\/\/www.eldigitaldeasturias.com\/noticias\/#website","url":"https:\/\/www.eldigitaldeasturias.com\/noticias\/","name":"El Digital de Asturias - Diario de actualidad y noticias","alternateName":"El Digital de Asturias - Diario de actualidad y noticias","description":"Hemeroteca","inLanguage":"es-ES","publisher":{"@id":"https:\/\/www.eldigitaldeasturias.com\/noticias\/#organization"}}]},"og:locale":"es_ES","og:site_name":"El Digital de Asturias","og:type":"article","og:title":"Una persona herida en un accidente en la rotonda de la AS-17 - El Digital de Asturias","og:description":"Una persona ha resultado herida en un accidente de tr\u00e1fico en el que se vio implicado un turismo y un cami\u00f3n-hormigonera en la rotonda de la AS-17","og:url":"https:\/\/www.eldigitaldeasturias.com\/noticias\/una-persona-herida-en-un-accidente-en-la-rotonda-de-la-as-17\/","og:image":"https:\/\/www.eldigitaldeasturias.com\/noticias\/wp-content\/uploads\/2024\/02\/Accidente-en-rotonda-de-la-AS-17.jpg","og:image:secure_url":"https:\/\/www.eldigitaldeasturias.com\/noticias\/wp-content\/uploads\/2024\/02\/Accidente-en-rotonda-de-la-AS-17.jpg","og:image:width":670,"og:image:height":580,"article:tag":["sucesos"],"article:published_time":"2024-02-01T18:40:49+00:00","article:modified_time":"2024-02-01T18:40:49+00:00","article:publisher":"https:\/\/facebook.com\/eldigitaldeasturias","twitter:card":"summary_large_image","twitter:title":"Una persona herida en un accidente en la rotonda de la AS-17 - El Digital de Asturias","twitter:description":"Una persona ha resultado herida en un accidente de tr\u00e1fico en el que se vio implicado un turismo y un cami\u00f3n-hormigonera en la rotonda de la AS-17","twitter:image":"https:\/\/www.eldigitaldeasturias.com\/noticias\/wp-content\/uploads\/2024\/02\/Accidente-en-rotonda-de-la-AS-17.jpg","twitter:label1":"Escrito por","twitter:data1":"El Digital de Asturias","twitter:label2":"Tiempo de lectura estimado","twitter:data2":"2 minutos"},"aioseo_meta_data":{"post_id":"1128253","title":null,"description":"Una persona ha resultado herida en un accidente de tr\u00e1fico en el que se vio implicado un turismo y un cami\u00f3n-hormigonera en la rotonda de la AS-17","keywords":[],"keyphrases":{"focus":{"keyphrase":"accidente","score":93,"analysis":{"keyphraseInTitle":{"score":9,"maxScore":9,"error":0},"keyphraseInDescription":{"score":9,"maxScore":9,"error":0},"keyphraseLength":{"score":9,"maxScore":9,"error":0,"length":1},"keyphraseInURL":{"score":1,"maxScore":5,"error":1},"keyphraseInIntroduction":{"score":9,"maxScore":9,"error":0},"keyphraseInSubHeadings":[],"keyphraseInImageAlt":{"score":9,"maxScore":9,"error":0},"keywordDensity":{"type":"best","score":9,"maxScore":9,"error":0}}},"additional":[{"keyphrase":"AS-17","score":80,"analysis":{"keyphraseInDescription":{"score":9,"maxScore":9,"error":0},"keyphraseLength":{"score":9,"maxScore":9,"error":0,"length":1},"keyphraseInIntroduction":{"score":9,"maxScore":9,"error":0},"keyphraseInImageAlt":{"score":9,"maxScore":9,"error":0},"keywordDensity":{"score":0,"type":"low","maxScore":9,"error":1}}}]},"primary_term":null,"canonical_url":null,"og_title":null,"og_description":null,"og_object_type":"default","og_image_type":"default","og_image_url":null,"og_image_width":null,"og_image_height":null,"og_image_custom_url":null,"og_image_custom_fields":null,"og_video":"","og_custom_url":null,"og_article_section":null,"og_article_tags":[],"twitter_use_og":false,"twitter_card":"default","twitter_image_type":"default","twitter_image_url":null,"twitter_image_custom_url":null,"twitter_image_custom_fields":null,"twitter_title":null,"twitter_description":null,"schema":{"blockGraphs":[],"customGraphs":[],"default":{"data":{"Article":[],"Course":[],"Dataset":[],"FAQPage":[],"Movie":[],"Person":[],"Product":[],"ProductReview":[],"Car":[],"Recipe":[],"Service":[],"SoftwareApplication":[],"WebPage":[]},"graphName":"BlogPosting","isEnabled":true},"graphs":[]},"schema_type":"default","schema_type_options":null,"pillar_content":false,"robots_default":true,"robots_noindex":false,"robots_noarchive":false,"robots_nosnippet":false,"robots_nofollow":false,"robots_noimageindex":false,"robots_noodp":false,"robots_notranslate":false,"robots_max_snippet":"-1","robots_max_videopreview":"-1","robots_max_imagepreview":"large","priority":null,"frequency":"default","local_seo":null,"seo_analyzer_scan_date":"2025-10-06 01:35:15","breadcrumb_settings":null,"limit_modified_date":false,"open_ai":"{\"title\":{\"suggestions\":[],\"usage\":0},\"description\":{\"suggestions\":[],\"usage\":0}}","ai":null,"created":"2024-02-01 18:35:08","updated":"2025-10-09 07:27:30"},"aioseo_breadcrumb":"<div class=\"aioseo-breadcrumbs\"><span class=\"aioseo-breadcrumb\">\n\t<a href=\"https:\/\/www.eldigitaldeasturias.com\/noticias\" title=\"Home\">Home<\/a>\n<\/span><span class=\"aioseo-breadcrumb-separator\">\u2013<\/span><span class=\"aioseo-breadcrumb\">\n\t<a href=\"https:\/\/www.eldigitaldeasturias.com\/noticias\/category\/sucesos\/\" title=\"Sucesos\">Sucesos<\/a>\n<\/span><span class=\"aioseo-breadcrumb-separator\">\u2013<\/span><span class=\"aioseo-breadcrumb\">\n\t<a href=\"https:\/\/www.eldigitaldeasturias.com\/noticias\/una-persona-herida-en-un-accidente-en-la-rotonda-de-la-as-17\/\" title=\"Una persona herida en un accidente en la rotonda de la AS-17\">Una persona herida en un accidente en la rotonda de la AS-17<\/a>\n<\/span><\/div>","aioseo_breadcrumb_json":[{"label":"Home","link":"https:\/\/www.eldigitaldeasturias.com\/noticias"},{"label":"Sucesos","link":"https:\/\/www.eldigitaldeasturias.com\/noticias\/category\/sucesos\/"},{"label":"Una persona herida en un accidente en la rotonda de la AS-17","link":"https:\/\/www.eldigitaldeasturias.com\/noticias\/una-persona-herida-en-un-accidente-en-la-rotonda-de-la-as-17\/"}],"_links":{"self":[{"href":"https:\/\/www.eldigitaldeasturias.com\/noticias\/wp-json\/wp\/v2\/posts\/1128253","targetHints":{"allow":["GET"]}}],"collection":[{"href":"https:\/\/www.eldigitaldeasturias.com\/noticias\/wp-json\/wp\/v2\/posts"}],"about":[{"href":"https:\/\/www.eldigitaldeasturias.com\/noticias\/wp-json\/wp\/v2\/types\/post"}],"author":[{"embeddable":true,"href":"https:\/\/www.eldigitaldeasturias.com\/noticias\/wp-json\/wp\/v2\/users\/1"}],"replies":[{"embeddable":true,"href":"https:\/\/www.eldigitaldeasturias.com\/noticias\/wp-json\/wp\/v2\/comments?post=1128253"}],"version-history":[{"count":0,"href":"https:\/\/www.eldigitaldeasturias.com\/noticias\/wp-json\/wp\/v2\/posts\/1128253\/revisions"}],"wp:featuredmedia":[{"embeddable":true,"href":"https:\/\/www.eldigitaldeasturias.com\/noticias\/wp-json\/wp\/v2\/media\/1128254"}],"wp:attachment":[{"href":"https:\/\/www.eldigitaldeasturias.com\/noticias\/wp-json\/wp\/v2\/media?parent=1128253"}],"wp:term":[{"taxonomy":"category","embeddable":true,"href":"https:\/\/www.eldigitaldeasturias.com\/noticias\/wp-json\/wp\/v2\/categories?post=1128253"},{"taxonomy":"post_tag","embeddable":true,"href":"https:\/\/www.eldigitaldeasturias.com\/noticias\/wp-json\/wp\/v2\/tags?post=1128253"}],"curies":[{"name":"wp","href":"https:\/\/api.w.org\/{rel}","templated":true}]}}