{"id":1128115,"date":"2024-01-18T15:38:58","date_gmt":"2024-01-18T14:38:58","guid":{"rendered":"https:\/\/www.eldigitaldeasturias.com\/noticias\/?p=1128115"},"modified":"2024-01-18T15:38:58","modified_gmt":"2024-01-18T14:38:58","slug":"la-importancia-de-cuidarse-desde-pequenos","status":"publish","type":"post","link":"https:\/\/www.eldigitaldeasturias.com\/noticias\/la-importancia-de-cuidarse-desde-pequenos\/","title":{"rendered":"La importancia de cuidarse desde peque\u00f1os"},"content":{"rendered":"<p><span style=\"font-weight: 400;\">Es importante saber que los h\u00e1bitos saludables que adquieres en la infancia influyen en tu bienestar a lo largo de toda tu vida. Es por eso que los padres o criadores tienen una gran responsabilidad al fomentar el cuidado de la salud desde peque\u00f1os.<\/span><\/p>\n<p><img loading=\"lazy\" decoding=\"async\" class=\"aligncenter size-large wp-image-1128116\" src=\"https:\/\/www.eldigitaldeasturias.com\/noticias\/wp-content\/uploads\/2024\/01\/cuidarse-con-habitos-saludables-650x414.jpg\" alt=\"cuidarse con h\u00e1bitos saludables\" width=\"650\" height=\"414\" srcset=\"https:\/\/www.eldigitaldeasturias.com\/noticias\/wp-content\/uploads\/2024\/01\/cuidarse-con-habitos-saludables-650x414.jpg 650w, https:\/\/www.eldigitaldeasturias.com\/noticias\/wp-content\/uploads\/2024\/01\/cuidarse-con-habitos-saludables-360x229.jpg 360w, https:\/\/www.eldigitaldeasturias.com\/noticias\/wp-content\/uploads\/2024\/01\/cuidarse-con-habitos-saludables-471x300.jpg 471w, https:\/\/www.eldigitaldeasturias.com\/noticias\/wp-content\/uploads\/2024\/01\/cuidarse-con-habitos-saludables-150x95.jpg 150w, https:\/\/www.eldigitaldeasturias.com\/noticias\/wp-content\/uploads\/2024\/01\/cuidarse-con-habitos-saludables-450x286.jpg 450w, https:\/\/www.eldigitaldeasturias.com\/noticias\/wp-content\/uploads\/2024\/01\/cuidarse-con-habitos-saludables.jpg 688w\" sizes=\"auto, (max-width: 650px) 100vw, 650px\" \/><\/p>\n<p><span style=\"font-weight: 400;\">En este post traemos 3 ejemplos de cuidados saludables.<\/span><\/p>\n<h2><span style=\"font-weight: 400;\">Cuidado dental<\/span><\/h2>\n<p><span style=\"font-weight: 400;\">En la <\/span><span style=\"color: #ff6600;\"><a style=\"color: #ff6600;\" href=\"https:\/\/www.dentaden.com\" target=\"_blank\" rel=\"noopener\"><span style=\"font-weight: 400;\">clinica dental en Granada<\/span><\/a><\/span> <b>ofrecen una atenci\u00f3n odontol\u00f3gica integral tanto para adultos como para los m\u00e1s peque\u00f1os<\/b><span style=\"font-weight: 400;\">.<\/span><\/p>\n<p><span style=\"font-weight: 400;\">El servicio de odontopediatr\u00eda es aquel especializado en la atenci\u00f3n de los ni\u00f1os y tiene una gran importancia porque las enfermedades dentales pueden afectar su salud integral.<\/span><\/p>\n<p><b>La odontopediatr\u00eda permite prevenir, diagnosticar y tratar las enfermedades dentales que afectan a los ni\u00f1os y adolescentes<\/b><span style=\"font-weight: 400;\">, as\u00ed como fomentar h\u00e1bitos de higiene y alimentaci\u00f3n saludables que contribuyan a su bienestar general.<\/span><\/p>\n<p><span style=\"font-weight: 400;\">Algunos de los servicios y tratamientos que se les aplican a los ni\u00f1os en el dentista son los siguientes:<\/span><\/p>\n<ul>\n<li style=\"font-weight: 400;\" aria-level=\"1\"><span style=\"font-weight: 400;\">La revisi\u00f3n peri\u00f3dica del desarrollo y crecimiento de los dientes y los maxilares.<\/span><\/li>\n<li style=\"font-weight: 400;\" aria-level=\"1\"><b>La aplicaci\u00f3n de fl\u00faor y selladores de fisuras para prevenir la aparici\u00f3n de caries y fortalecer el esmalte dental<\/b><span style=\"font-weight: 400;\">.<\/span><\/li>\n<li style=\"font-weight: 400;\" aria-level=\"1\"><span style=\"font-weight: 400;\">El tratamiento de las caries mediante la obturaci\u00f3n o empaste de los dientes afectados.<\/span><\/li>\n<li style=\"font-weight: 400;\" aria-level=\"1\"><span style=\"font-weight: 400;\">La extracci\u00f3n de los dientes de leche que no se caen de forma natural.<\/span><\/li>\n<li style=\"font-weight: 400;\" aria-level=\"1\"><span style=\"font-weight: 400;\">La colocaci\u00f3n de aparatos de ortodoncia, para corregir los problemas de maloclusi\u00f3n o malposici\u00f3n dental que puedan alterar la mordida y la armon\u00eda facial.<\/span><\/li>\n<li style=\"font-weight: 400;\" aria-level=\"1\"><b>La educaci\u00f3n y el asesoramiento a los padres y ni\u00f1os sobre los cuidados para mantener una buena salud bucal<\/b><span style=\"font-weight: 400;\">.<\/span><\/li>\n<\/ul>\n<h2><span style=\"font-weight: 400;\">Pediatr\u00eda<\/span><\/h2>\n<p><b>La pediatr\u00eda es la rama de la medicina que se encarga de la salud de los ni\u00f1os y adolescentes<\/b><span style=\"font-weight: 400;\">. Es conveniente que conozcas los <\/span><span style=\"color: #ff6600;\"><a style=\"color: #ff6600;\" href=\"https:\/\/nuestrapediatra.com\/tarifas\/\" target=\"_blank\" rel=\"noopener\"><span style=\"font-weight: 400;\">precios privados pediatra<\/span><\/a><\/span><span style=\"font-weight: 400;\"> para que asegures que los ni\u00f1os a tu cargo reciban la atenci\u00f3n necesaria.<\/span><\/p>\n<p><span style=\"font-weight: 400;\">La atenci\u00f3n pedi\u00e1trica es fundamental para conseguir la salud \u00f3ptima de los ni\u00f1os y adolescentes, as\u00ed como para promover su calidad de vida y su bienestar.<\/span><\/p>\n<p><b>Los ni\u00f1os y adolescentes que reciben una atenci\u00f3n pedi\u00e1trica adecuada desde el nacimiento tienen m\u00e1s probabilidades de crecer sanos y de gozar del bienestar que todos nos merecemos<\/b><span style=\"font-weight: 400;\">. Una persona saludable es capaz de contribuir al progreso de la sociedad, por eso es tan importante la atenci\u00f3n de la salud desde peque\u00f1os.<\/span><\/p>\n<p><span style=\"font-weight: 400;\">Los pediatras tienen una formaci\u00f3n espec\u00edfica y la experiencia necesaria en la gesti\u00f3n de la salud de los ni\u00f1os y adolescentes, tanto en el \u00e1mbito hospitalario como ambulatorio. Pueden ofrecer servicios como vacunaci\u00f3n, control de crecimiento y desarrollo, orientaci\u00f3n nutricional, educaci\u00f3n sanitaria, consejer\u00eda psicol\u00f3gica, prevenci\u00f3n de enfermedades, gesti\u00f3n de los antecedentes gen\u00e9ticos y mucho m\u00e1s.<\/span><\/p>\n<p><b>Adem\u00e1s, tambi\u00e9n se encargan del diagn\u00f3stico de enfermedades leves, graves y cr\u00f3nicas, ofreciendo el tratamiento adecuado<\/b><span style=\"font-weight: 400;\">, ordenando ex\u00e1menes y derivando a otros especialistas, si es necesario.<\/span><\/p>\n<h2><span style=\"font-weight: 400;\">Medicina integrativa<\/span><\/h2>\n<p><span style=\"font-weight: 400;\">La <\/span><span style=\"color: #ff6600;\"><a style=\"color: #ff6600;\" href=\"https:\/\/medicinaintegrativa.com\" target=\"_blank\" rel=\"noopener\"><span style=\"font-weight: 400;\">medicina integrativa<\/span><\/a><\/span><span style=\"font-weight: 400;\"> es una manera de atender la salud del individuo usando todas las herramientas disponibles, que hayan demostrado ser eficaces y seguras. <\/span><b>Combina la medicina tradicional con la natural, de manera que el paciente obtenga lo mejor de ambas corrientes<\/b><span style=\"font-weight: 400;\">.<\/span><\/p>\n<p><span style=\"font-weight: 400;\">La medicina integrativa es muy \u00fatil para cuidar al ser humano desde peque\u00f1o, atendiendo sus problemas de salud de una manera eficiente, atendiendo al individuo como un todo y teniendo en cuenta su psicolog\u00eda, calidad de vida y muchos otros aspectos.<\/span><\/p>\n<p><b>La medicina integrativa considera al paciente como un actor importante en su proceso de curaci\u00f3n<\/b><span style=\"font-weight: 400;\">, al contrario de otros m\u00e9todos que consideran que el paciente es un ser pasivo que solo recibe el tratamiento. Todo esto, tomando en cuenta la parte emocional, psicol\u00f3gica y filos\u00f3fica de la persona.<\/span><\/p>\n<p><b>Algunos de los problemas de salud que se tratan en la medicina integrativa son las enfermedades de la tiroides, los trastornos del sue\u00f1o, enfermedades neurodegenerativas, trastornos de la menopausia<\/b><span style=\"font-weight: 400;\">, dismenorrea y s\u00edndrome premenstrual, entre muchas otras.<\/span><\/p>\n<p><span style=\"font-weight: 400;\">Los tratamientos usados en la medicina integrativa son muchos, por ejemplo, la acupuntura, ozonoterapia, nanothermia, yoga, etc\u00e9tera.<\/span><\/p>\n<p><span style=\"font-weight: 400;\">La medicina integrativa es una gran aliada para conseguir alivio y sanaci\u00f3n para muchas patolog\u00edas y condiciones de salud.<\/span><\/p>\n<p><span style=\"font-weight: 400;\">Con estos 3 ejemplos hemos ilustrado algunos cuidados que se pueden tener desde edades tempranas para tener una salud \u00f3ptima.<\/span><\/p>\n","protected":false},"excerpt":{"rendered":"<p>Es importante saber que los h\u00e1bitos saludables que adquieres en la infancia influyen en tu bienestar a lo largo de toda tu vida. Es por eso que los padres o criadores tienen una gran responsabilidad al fomentar el cuidado de la salud desde peque\u00f1os. En este post traemos 3 ejemplos de cuidados saludables. Cuidado dental [&hellip;]<\/p>\n","protected":false},"author":1,"featured_media":1128116,"comment_status":"closed","ping_status":"closed","sticky":false,"template":"","format":"standard","meta":{"footnotes":""},"categories":[28],"tags":[],"class_list":["post-1128115","post","type-post","status-publish","format-standard","has-post-thumbnail","hentry","category-sociedad"],"aioseo_notices":[],"aioseo_head":"\n\t\t<!-- All in One SEO Pro 4.9.6.2 - aioseo.com -->\n\t<meta name=\"description\" content=\"Es importante saber que los h\u00e1bitos saludables que adquieres en la infancia influyen en tu bienestar a lo largo de toda tu vida. Es por eso que los padres\" \/>\n\t<meta name=\"robots\" content=\"max-image-preview:large\" \/>\n\t<meta name=\"author\" content=\"El Digital de Asturias\"\/>\n\t<meta name=\"google-site-verification\" content=\"UA-38556648-1\" \/>\n\t<meta name=\"msvalidate.01\" content=\"7dfe9f3f1b24437ab69f4f2559babe99\" \/>\n\t<meta name=\"keywords\" content=\"sociedad\" \/>\n\t<link rel=\"canonical\" href=\"https:\/\/www.eldigitaldeasturias.com\/noticias\/la-importancia-de-cuidarse-desde-pequenos\/\" \/>\n\t<meta name=\"generator\" content=\"All in One SEO Pro (AIOSEO) 4.9.6.2\" \/>\n\t\t<meta property=\"og:locale\" content=\"es_ES\" \/>\n\t\t<meta property=\"og:site_name\" content=\"El Digital de Asturias\" \/>\n\t\t<meta property=\"og:type\" content=\"article\" \/>\n\t\t<meta property=\"og:title\" content=\"La importancia de cuidarse desde peque\u00f1os - El Digital de Asturias\" \/>\n\t\t<meta property=\"og:description\" content=\"Es importante saber que los h\u00e1bitos saludables que adquieres en la infancia influyen en tu bienestar a lo largo de toda tu vida. Es por eso que los padres\" \/>\n\t\t<meta property=\"og:url\" content=\"https:\/\/www.eldigitaldeasturias.com\/noticias\/la-importancia-de-cuidarse-desde-pequenos\/\" \/>\n\t\t<meta property=\"og:image\" content=\"https:\/\/www.eldigitaldeasturias.com\/noticias\/wp-content\/uploads\/2024\/01\/cuidarse-con-habitos-saludables.jpg\" \/>\n\t\t<meta property=\"og:image:secure_url\" content=\"https:\/\/www.eldigitaldeasturias.com\/noticias\/wp-content\/uploads\/2024\/01\/cuidarse-con-habitos-saludables.jpg\" \/>\n\t\t<meta property=\"og:image:width\" content=\"688\" \/>\n\t\t<meta property=\"og:image:height\" content=\"438\" \/>\n\t\t<meta property=\"article:tag\" content=\"sociedad\" \/>\n\t\t<meta property=\"article:published_time\" content=\"2024-01-18T14:38:58+00:00\" \/>\n\t\t<meta property=\"article:modified_time\" content=\"2024-01-18T14:38:58+00:00\" \/>\n\t\t<meta property=\"article:publisher\" content=\"https:\/\/facebook.com\/eldigitaldeasturias\" \/>\n\t\t<meta name=\"twitter:card\" content=\"summary_large_image\" \/>\n\t\t<meta name=\"twitter:title\" content=\"La importancia de cuidarse desde peque\u00f1os - El Digital de Asturias\" \/>\n\t\t<meta name=\"twitter:description\" content=\"Es importante saber que los h\u00e1bitos saludables que adquieres en la infancia influyen en tu bienestar a lo largo de toda tu vida. Es por eso que los padres\" \/>\n\t\t<meta name=\"twitter:image\" content=\"https:\/\/www.eldigitaldeasturias.com\/noticias\/wp-content\/uploads\/2024\/01\/cuidarse-con-habitos-saludables.jpg\" \/>\n\t\t<meta name=\"twitter:label1\" content=\"Escrito por\" \/>\n\t\t<meta name=\"twitter:data1\" content=\"El Digital de Asturias\" \/>\n\t\t<meta name=\"twitter:label2\" content=\"Tiempo de lectura estimado\" \/>\n\t\t<meta name=\"twitter:data2\" content=\"4 minutos\" \/>\n\t\t<script type=\"application\/ld+json\" class=\"aioseo-schema\">\n\t\t\t{\"@context\":\"https:\\\/\\\/schema.org\",\"@graph\":[{\"@type\":\"BlogPosting\",\"@id\":\"https:\\\/\\\/www.eldigitaldeasturias.com\\\/noticias\\\/la-importancia-de-cuidarse-desde-pequenos\\\/#blogposting\",\"name\":\"La importancia de cuidarse desde peque\\u00f1os - El Digital de Asturias\",\"headline\":\"La importancia de cuidarse desde peque\\u00f1os\",\"author\":{\"@id\":\"https:\\\/\\\/www.eldigitaldeasturias.com\\\/noticias\\\/author\\\/admin\\\/#author\"},\"publisher\":{\"@id\":\"https:\\\/\\\/www.eldigitaldeasturias.com\\\/noticias\\\/#organization\"},\"image\":{\"@type\":\"ImageObject\",\"url\":\"https:\\\/\\\/www.eldigitaldeasturias.com\\\/noticias\\\/wp-content\\\/uploads\\\/2024\\\/01\\\/cuidarse-con-habitos-saludables.jpg\",\"width\":688,\"height\":438,\"caption\":\"cuidarse con h\\u00e1bitos saludables\"},\"datePublished\":\"2024-01-18T15:38:58+01:00\",\"dateModified\":\"2024-01-18T15:38:58+01:00\",\"inLanguage\":\"es-ES\",\"mainEntityOfPage\":{\"@id\":\"https:\\\/\\\/www.eldigitaldeasturias.com\\\/noticias\\\/la-importancia-de-cuidarse-desde-pequenos\\\/#webpage\"},\"isPartOf\":{\"@id\":\"https:\\\/\\\/www.eldigitaldeasturias.com\\\/noticias\\\/la-importancia-de-cuidarse-desde-pequenos\\\/#webpage\"},\"articleSection\":\"Sociedad\"},{\"@type\":\"BreadcrumbList\",\"@id\":\"https:\\\/\\\/www.eldigitaldeasturias.com\\\/noticias\\\/la-importancia-de-cuidarse-desde-pequenos\\\/#breadcrumblist\",\"itemListElement\":[{\"@type\":\"ListItem\",\"@id\":\"https:\\\/\\\/www.eldigitaldeasturias.com\\\/noticias#listItem\",\"position\":1,\"name\":\"Home\",\"item\":\"https:\\\/\\\/www.eldigitaldeasturias.com\\\/noticias\",\"nextItem\":{\"@type\":\"ListItem\",\"@id\":\"https:\\\/\\\/www.eldigitaldeasturias.com\\\/noticias\\\/category\\\/sociedad\\\/#listItem\",\"name\":\"Sociedad\"}},{\"@type\":\"ListItem\",\"@id\":\"https:\\\/\\\/www.eldigitaldeasturias.com\\\/noticias\\\/category\\\/sociedad\\\/#listItem\",\"position\":2,\"name\":\"Sociedad\",\"item\":\"https:\\\/\\\/www.eldigitaldeasturias.com\\\/noticias\\\/category\\\/sociedad\\\/\",\"nextItem\":{\"@type\":\"ListItem\",\"@id\":\"https:\\\/\\\/www.eldigitaldeasturias.com\\\/noticias\\\/la-importancia-de-cuidarse-desde-pequenos\\\/#listItem\",\"name\":\"La importancia de cuidarse desde peque\\u00f1os\"},\"previousItem\":{\"@type\":\"ListItem\",\"@id\":\"https:\\\/\\\/www.eldigitaldeasturias.com\\\/noticias#listItem\",\"name\":\"Home\"}},{\"@type\":\"ListItem\",\"@id\":\"https:\\\/\\\/www.eldigitaldeasturias.com\\\/noticias\\\/la-importancia-de-cuidarse-desde-pequenos\\\/#listItem\",\"position\":3,\"name\":\"La importancia de cuidarse desde peque\\u00f1os\",\"previousItem\":{\"@type\":\"ListItem\",\"@id\":\"https:\\\/\\\/www.eldigitaldeasturias.com\\\/noticias\\\/category\\\/sociedad\\\/#listItem\",\"name\":\"Sociedad\"}}]},{\"@type\":\"Organization\",\"@id\":\"https:\\\/\\\/www.eldigitaldeasturias.com\\\/noticias\\\/#organization\",\"name\":\"El Digital de Asturias\",\"description\":\"Hemeroteca\",\"url\":\"https:\\\/\\\/www.eldigitaldeasturias.com\\\/noticias\\\/\",\"email\":\"info@eldigitaldeasturias.com\",\"telephone\":\"+34652131393\",\"logo\":{\"@type\":\"ImageObject\",\"url\":\"https:\\\/\\\/www.eldigitaldeasturias.com\\\/noticias\\\/wp-content\\\/uploads\\\/2020\\\/12\\\/EDA.jpg\",\"@id\":\"https:\\\/\\\/www.eldigitaldeasturias.com\\\/noticias\\\/la-importancia-de-cuidarse-desde-pequenos\\\/#organizationLogo\",\"width\":649,\"height\":297},\"image\":{\"@id\":\"https:\\\/\\\/www.eldigitaldeasturias.com\\\/noticias\\\/la-importancia-de-cuidarse-desde-pequenos\\\/#organizationLogo\"},\"sameAs\":[\"https:\\\/\\\/facebook.com\\\/eldigitaldeasturias\",\"https:\\\/\\\/www.youtube.com\\\/channel\\\/UCZP-2wLEB9Rv6erhFmqVnvg\"],\"address\":{\"@id\":\"https:\\\/\\\/www.eldigitaldeasturias.com\\\/noticias\\\/#postaladdress\",\"@type\":\"PostalAddress\",\"streetAddress\":\"san antonio 4,\",\"postalCode\":\"33430\",\"addressLocality\":\"Cand\\u00e1s\",\"addressRegion\":\"Asturias\",\"addressCountry\":\"ES\"}},{\"@type\":\"Person\",\"@id\":\"https:\\\/\\\/www.eldigitaldeasturias.com\\\/noticias\\\/author\\\/admin\\\/#author\",\"url\":\"https:\\\/\\\/www.eldigitaldeasturias.com\\\/noticias\\\/author\\\/admin\\\/\",\"name\":\"El Digital de Asturias\",\"image\":{\"@type\":\"ImageObject\",\"@id\":\"https:\\\/\\\/www.eldigitaldeasturias.com\\\/noticias\\\/la-importancia-de-cuidarse-desde-pequenos\\\/#authorImage\",\"url\":\"https:\\\/\\\/www.eldigitaldeasturias.com\\\/noticias\\\/wp-content\\\/litespeed\\\/avatar\\\/18677e78aa0546b92d9dbf31ec7d7668.jpg?ver=1776685526\",\"width\":96,\"height\":96,\"caption\":\"El Digital de Asturias\"}},{\"@type\":\"WebPage\",\"@id\":\"https:\\\/\\\/www.eldigitaldeasturias.com\\\/noticias\\\/la-importancia-de-cuidarse-desde-pequenos\\\/#webpage\",\"url\":\"https:\\\/\\\/www.eldigitaldeasturias.com\\\/noticias\\\/la-importancia-de-cuidarse-desde-pequenos\\\/\",\"name\":\"La importancia de cuidarse desde peque\\u00f1os - El Digital de Asturias\",\"description\":\"Es importante saber que los h\\u00e1bitos saludables que adquieres en la infancia influyen en tu bienestar a lo largo de toda tu vida. Es por eso que los padres\",\"inLanguage\":\"es-ES\",\"isPartOf\":{\"@id\":\"https:\\\/\\\/www.eldigitaldeasturias.com\\\/noticias\\\/#website\"},\"breadcrumb\":{\"@id\":\"https:\\\/\\\/www.eldigitaldeasturias.com\\\/noticias\\\/la-importancia-de-cuidarse-desde-pequenos\\\/#breadcrumblist\"},\"author\":{\"@id\":\"https:\\\/\\\/www.eldigitaldeasturias.com\\\/noticias\\\/author\\\/admin\\\/#author\"},\"creator\":{\"@id\":\"https:\\\/\\\/www.eldigitaldeasturias.com\\\/noticias\\\/author\\\/admin\\\/#author\"},\"image\":{\"@type\":\"ImageObject\",\"url\":\"https:\\\/\\\/www.eldigitaldeasturias.com\\\/noticias\\\/wp-content\\\/uploads\\\/2024\\\/01\\\/cuidarse-con-habitos-saludables.jpg\",\"@id\":\"https:\\\/\\\/www.eldigitaldeasturias.com\\\/noticias\\\/la-importancia-de-cuidarse-desde-pequenos\\\/#mainImage\",\"width\":688,\"height\":438,\"caption\":\"cuidarse con h\\u00e1bitos saludables\"},\"primaryImageOfPage\":{\"@id\":\"https:\\\/\\\/www.eldigitaldeasturias.com\\\/noticias\\\/la-importancia-de-cuidarse-desde-pequenos\\\/#mainImage\"},\"datePublished\":\"2024-01-18T15:38:58+01:00\",\"dateModified\":\"2024-01-18T15:38:58+01:00\"},{\"@type\":\"WebSite\",\"@id\":\"https:\\\/\\\/www.eldigitaldeasturias.com\\\/noticias\\\/#website\",\"url\":\"https:\\\/\\\/www.eldigitaldeasturias.com\\\/noticias\\\/\",\"name\":\"El Digital de Asturias - Diario de actualidad y noticias\",\"alternateName\":\"El Digital de Asturias - Diario de actualidad y noticias\",\"description\":\"Hemeroteca\",\"inLanguage\":\"es-ES\",\"publisher\":{\"@id\":\"https:\\\/\\\/www.eldigitaldeasturias.com\\\/noticias\\\/#organization\"}}]}\n\t\t<\/script>\n\t\t<!-- All in One SEO Pro -->\r\n\t\t<title>La importancia de cuidarse desde peque\u00f1os - El Digital de Asturias<\/title>\n\n","aioseo_head_json":{"title":"La importancia de cuidarse desde peque\u00f1os - El Digital de Asturias","description":"Es importante saber que los h\u00e1bitos saludables que adquieres en la infancia influyen en tu bienestar a lo largo de toda tu vida. Es por eso que los padres","canonical_url":"https:\/\/www.eldigitaldeasturias.com\/noticias\/la-importancia-de-cuidarse-desde-pequenos\/","robots":"max-image-preview:large","keywords":"sociedad","webmasterTools":{"google-site-verification":"UA-38556648-1","msvalidate.01":"7dfe9f3f1b24437ab69f4f2559babe99","miscellaneous":""},"schema":{"@context":"https:\/\/schema.org","@graph":[{"@type":"BlogPosting","@id":"https:\/\/www.eldigitaldeasturias.com\/noticias\/la-importancia-de-cuidarse-desde-pequenos\/#blogposting","name":"La importancia de cuidarse desde peque\u00f1os - El Digital de Asturias","headline":"La importancia de cuidarse desde peque\u00f1os","author":{"@id":"https:\/\/www.eldigitaldeasturias.com\/noticias\/author\/admin\/#author"},"publisher":{"@id":"https:\/\/www.eldigitaldeasturias.com\/noticias\/#organization"},"image":{"@type":"ImageObject","url":"https:\/\/www.eldigitaldeasturias.com\/noticias\/wp-content\/uploads\/2024\/01\/cuidarse-con-habitos-saludables.jpg","width":688,"height":438,"caption":"cuidarse con h\u00e1bitos saludables"},"datePublished":"2024-01-18T15:38:58+01:00","dateModified":"2024-01-18T15:38:58+01:00","inLanguage":"es-ES","mainEntityOfPage":{"@id":"https:\/\/www.eldigitaldeasturias.com\/noticias\/la-importancia-de-cuidarse-desde-pequenos\/#webpage"},"isPartOf":{"@id":"https:\/\/www.eldigitaldeasturias.com\/noticias\/la-importancia-de-cuidarse-desde-pequenos\/#webpage"},"articleSection":"Sociedad"},{"@type":"BreadcrumbList","@id":"https:\/\/www.eldigitaldeasturias.com\/noticias\/la-importancia-de-cuidarse-desde-pequenos\/#breadcrumblist","itemListElement":[{"@type":"ListItem","@id":"https:\/\/www.eldigitaldeasturias.com\/noticias#listItem","position":1,"name":"Home","item":"https:\/\/www.eldigitaldeasturias.com\/noticias","nextItem":{"@type":"ListItem","@id":"https:\/\/www.eldigitaldeasturias.com\/noticias\/category\/sociedad\/#listItem","name":"Sociedad"}},{"@type":"ListItem","@id":"https:\/\/www.eldigitaldeasturias.com\/noticias\/category\/sociedad\/#listItem","position":2,"name":"Sociedad","item":"https:\/\/www.eldigitaldeasturias.com\/noticias\/category\/sociedad\/","nextItem":{"@type":"ListItem","@id":"https:\/\/www.eldigitaldeasturias.com\/noticias\/la-importancia-de-cuidarse-desde-pequenos\/#listItem","name":"La importancia de cuidarse desde peque\u00f1os"},"previousItem":{"@type":"ListItem","@id":"https:\/\/www.eldigitaldeasturias.com\/noticias#listItem","name":"Home"}},{"@type":"ListItem","@id":"https:\/\/www.eldigitaldeasturias.com\/noticias\/la-importancia-de-cuidarse-desde-pequenos\/#listItem","position":3,"name":"La importancia de cuidarse desde peque\u00f1os","previousItem":{"@type":"ListItem","@id":"https:\/\/www.eldigitaldeasturias.com\/noticias\/category\/sociedad\/#listItem","name":"Sociedad"}}]},{"@type":"Organization","@id":"https:\/\/www.eldigitaldeasturias.com\/noticias\/#organization","name":"El Digital de Asturias","description":"Hemeroteca","url":"https:\/\/www.eldigitaldeasturias.com\/noticias\/","email":"info@eldigitaldeasturias.com","telephone":"+34652131393","logo":{"@type":"ImageObject","url":"https:\/\/www.eldigitaldeasturias.com\/noticias\/wp-content\/uploads\/2020\/12\/EDA.jpg","@id":"https:\/\/www.eldigitaldeasturias.com\/noticias\/la-importancia-de-cuidarse-desde-pequenos\/#organizationLogo","width":649,"height":297},"image":{"@id":"https:\/\/www.eldigitaldeasturias.com\/noticias\/la-importancia-de-cuidarse-desde-pequenos\/#organizationLogo"},"sameAs":["https:\/\/facebook.com\/eldigitaldeasturias","https:\/\/www.youtube.com\/channel\/UCZP-2wLEB9Rv6erhFmqVnvg"],"address":{"@id":"https:\/\/www.eldigitaldeasturias.com\/noticias\/#postaladdress","@type":"PostalAddress","streetAddress":"san antonio 4,","postalCode":"33430","addressLocality":"Cand\u00e1s","addressRegion":"Asturias","addressCountry":"ES"}},{"@type":"Person","@id":"https:\/\/www.eldigitaldeasturias.com\/noticias\/author\/admin\/#author","url":"https:\/\/www.eldigitaldeasturias.com\/noticias\/author\/admin\/","name":"El Digital de Asturias","image":{"@type":"ImageObject","@id":"https:\/\/www.eldigitaldeasturias.com\/noticias\/la-importancia-de-cuidarse-desde-pequenos\/#authorImage","url":"https:\/\/www.eldigitaldeasturias.com\/noticias\/wp-content\/litespeed\/avatar\/18677e78aa0546b92d9dbf31ec7d7668.jpg?ver=1776685526","width":96,"height":96,"caption":"El Digital de Asturias"}},{"@type":"WebPage","@id":"https:\/\/www.eldigitaldeasturias.com\/noticias\/la-importancia-de-cuidarse-desde-pequenos\/#webpage","url":"https:\/\/www.eldigitaldeasturias.com\/noticias\/la-importancia-de-cuidarse-desde-pequenos\/","name":"La importancia de cuidarse desde peque\u00f1os - El Digital de Asturias","description":"Es importante saber que los h\u00e1bitos saludables que adquieres en la infancia influyen en tu bienestar a lo largo de toda tu vida. Es por eso que los padres","inLanguage":"es-ES","isPartOf":{"@id":"https:\/\/www.eldigitaldeasturias.com\/noticias\/#website"},"breadcrumb":{"@id":"https:\/\/www.eldigitaldeasturias.com\/noticias\/la-importancia-de-cuidarse-desde-pequenos\/#breadcrumblist"},"author":{"@id":"https:\/\/www.eldigitaldeasturias.com\/noticias\/author\/admin\/#author"},"creator":{"@id":"https:\/\/www.eldigitaldeasturias.com\/noticias\/author\/admin\/#author"},"image":{"@type":"ImageObject","url":"https:\/\/www.eldigitaldeasturias.com\/noticias\/wp-content\/uploads\/2024\/01\/cuidarse-con-habitos-saludables.jpg","@id":"https:\/\/www.eldigitaldeasturias.com\/noticias\/la-importancia-de-cuidarse-desde-pequenos\/#mainImage","width":688,"height":438,"caption":"cuidarse con h\u00e1bitos saludables"},"primaryImageOfPage":{"@id":"https:\/\/www.eldigitaldeasturias.com\/noticias\/la-importancia-de-cuidarse-desde-pequenos\/#mainImage"},"datePublished":"2024-01-18T15:38:58+01:00","dateModified":"2024-01-18T15:38:58+01:00"},{"@type":"WebSite","@id":"https:\/\/www.eldigitaldeasturias.com\/noticias\/#website","url":"https:\/\/www.eldigitaldeasturias.com\/noticias\/","name":"El Digital de Asturias - Diario de actualidad y noticias","alternateName":"El Digital de Asturias - Diario de actualidad y noticias","description":"Hemeroteca","inLanguage":"es-ES","publisher":{"@id":"https:\/\/www.eldigitaldeasturias.com\/noticias\/#organization"}}]},"og:locale":"es_ES","og:site_name":"El Digital de Asturias","og:type":"article","og:title":"La importancia de cuidarse desde peque\u00f1os - El Digital de Asturias","og:description":"Es importante saber que los h\u00e1bitos saludables que adquieres en la infancia influyen en tu bienestar a lo largo de toda tu vida. Es por eso que los padres","og:url":"https:\/\/www.eldigitaldeasturias.com\/noticias\/la-importancia-de-cuidarse-desde-pequenos\/","og:image":"https:\/\/www.eldigitaldeasturias.com\/noticias\/wp-content\/uploads\/2024\/01\/cuidarse-con-habitos-saludables.jpg","og:image:secure_url":"https:\/\/www.eldigitaldeasturias.com\/noticias\/wp-content\/uploads\/2024\/01\/cuidarse-con-habitos-saludables.jpg","og:image:width":688,"og:image:height":438,"article:tag":["sociedad"],"article:published_time":"2024-01-18T14:38:58+00:00","article:modified_time":"2024-01-18T14:38:58+00:00","article:publisher":"https:\/\/facebook.com\/eldigitaldeasturias","twitter:card":"summary_large_image","twitter:title":"La importancia de cuidarse desde peque\u00f1os - El Digital de Asturias","twitter:description":"Es importante saber que los h\u00e1bitos saludables que adquieres en la infancia influyen en tu bienestar a lo largo de toda tu vida. Es por eso que los padres","twitter:image":"https:\/\/www.eldigitaldeasturias.com\/noticias\/wp-content\/uploads\/2024\/01\/cuidarse-con-habitos-saludables.jpg","twitter:label1":"Escrito por","twitter:data1":"El Digital de Asturias","twitter:label2":"Tiempo de lectura estimado","twitter:data2":"4 minutos"},"aioseo_meta_data":{"post_id":"1128115","title":null,"description":"Es importante saber que los h\u00e1bitos saludables que adquieres en la infancia influyen en tu bienestar a lo largo de toda tu vida. Es por eso que los padres","keywords":[],"keyphrases":{"focus":{"keyphrase":"cuidarse","score":54,"analysis":{"keyphraseInTitle":{"score":9,"maxScore":9,"error":0},"keyphraseInDescription":{"score":3,"maxScore":9,"error":1},"keyphraseLength":{"score":9,"maxScore":9,"error":0,"length":1},"keyphraseInURL":{"score":1,"maxScore":5,"error":1},"keyphraseInIntroduction":{"score":3,"maxScore":9,"error":1},"keyphraseInSubHeadings":{"score":3,"maxScore":9,"error":1},"keyphraseInImageAlt":{"score":9,"maxScore":9,"error":0},"keywordDensity":{"score":0,"type":"low","maxScore":9,"error":1}}},"additional":[{"keyphrase":"h\u00e1bitos saludables","score":80,"analysis":{"keyphraseInDescription":{"score":9,"maxScore":9,"error":0},"keyphraseLength":{"score":9,"maxScore":9,"error":0,"length":3},"keyphraseInIntroduction":{"score":9,"maxScore":9,"error":0},"keyphraseInImageAlt":{"score":9,"maxScore":9,"error":0},"keywordDensity":{"score":0,"type":"low","maxScore":9,"error":1}}},{"keyphrase":"cuidarse","score":53,"analysis":{"keyphraseInDescription":{"score":3,"maxScore":9,"error":1},"keyphraseLength":{"score":9,"maxScore":9,"error":0,"length":1},"keyphraseInIntroduction":{"score":3,"maxScore":9,"error":1},"keyphraseInImageAlt":{"score":9,"maxScore":9,"error":0},"keywordDensity":{"score":0,"type":"low","maxScore":9,"error":1}}}]},"primary_term":null,"canonical_url":null,"og_title":null,"og_description":null,"og_object_type":"default","og_image_type":"default","og_image_url":null,"og_image_width":null,"og_image_height":null,"og_image_custom_url":null,"og_image_custom_fields":null,"og_video":"","og_custom_url":null,"og_article_section":null,"og_article_tags":[],"twitter_use_og":false,"twitter_card":"default","twitter_image_type":"default","twitter_image_url":null,"twitter_image_custom_url":null,"twitter_image_custom_fields":null,"twitter_title":null,"twitter_description":null,"schema":{"blockGraphs":[],"customGraphs":[],"default":{"data":{"Article":[],"Course":[],"Dataset":[],"FAQPage":[],"Movie":[],"Person":[],"Product":[],"ProductReview":[],"Car":[],"Recipe":[],"Service":[],"SoftwareApplication":[],"WebPage":[]},"graphName":"BlogPosting","isEnabled":true},"graphs":[]},"schema_type":"default","schema_type_options":null,"pillar_content":false,"robots_default":true,"robots_noindex":false,"robots_noarchive":false,"robots_nosnippet":false,"robots_nofollow":false,"robots_noimageindex":false,"robots_noodp":false,"robots_notranslate":false,"robots_max_snippet":"-1","robots_max_videopreview":"-1","robots_max_imagepreview":"large","priority":null,"frequency":"default","local_seo":null,"seo_analyzer_scan_date":"2025-10-06 01:11:39","breadcrumb_settings":null,"limit_modified_date":false,"open_ai":"{\"title\":{\"suggestions\":[],\"usage\":0},\"description\":{\"suggestions\":[],\"usage\":0}}","ai":null,"created":"2024-01-18 14:33:06","updated":"2025-10-09 07:06:34"},"aioseo_breadcrumb":"<div class=\"aioseo-breadcrumbs\"><span class=\"aioseo-breadcrumb\">\n\t<a href=\"https:\/\/www.eldigitaldeasturias.com\/noticias\" title=\"Home\">Home<\/a>\n<\/span><span class=\"aioseo-breadcrumb-separator\">\u2013<\/span><span class=\"aioseo-breadcrumb\">\n\t<a href=\"https:\/\/www.eldigitaldeasturias.com\/noticias\/category\/sociedad\/\" title=\"Sociedad\">Sociedad<\/a>\n<\/span><span class=\"aioseo-breadcrumb-separator\">\u2013<\/span><span class=\"aioseo-breadcrumb\">\n\t<a href=\"https:\/\/www.eldigitaldeasturias.com\/noticias\/la-importancia-de-cuidarse-desde-pequenos\/\" title=\"La importancia de cuidarse desde peque\u00f1os\">La importancia de cuidarse desde peque\u00f1os<\/a>\n<\/span><\/div>","aioseo_breadcrumb_json":[{"label":"Home","link":"https:\/\/www.eldigitaldeasturias.com\/noticias"},{"label":"Sociedad","link":"https:\/\/www.eldigitaldeasturias.com\/noticias\/category\/sociedad\/"},{"label":"La importancia de cuidarse desde peque\u00f1os","link":"https:\/\/www.eldigitaldeasturias.com\/noticias\/la-importancia-de-cuidarse-desde-pequenos\/"}],"_links":{"self":[{"href":"https:\/\/www.eldigitaldeasturias.com\/noticias\/wp-json\/wp\/v2\/posts\/1128115","targetHints":{"allow":["GET"]}}],"collection":[{"href":"https:\/\/www.eldigitaldeasturias.com\/noticias\/wp-json\/wp\/v2\/posts"}],"about":[{"href":"https:\/\/www.eldigitaldeasturias.com\/noticias\/wp-json\/wp\/v2\/types\/post"}],"author":[{"embeddable":true,"href":"https:\/\/www.eldigitaldeasturias.com\/noticias\/wp-json\/wp\/v2\/users\/1"}],"replies":[{"embeddable":true,"href":"https:\/\/www.eldigitaldeasturias.com\/noticias\/wp-json\/wp\/v2\/comments?post=1128115"}],"version-history":[{"count":0,"href":"https:\/\/www.eldigitaldeasturias.com\/noticias\/wp-json\/wp\/v2\/posts\/1128115\/revisions"}],"wp:featuredmedia":[{"embeddable":true,"href":"https:\/\/www.eldigitaldeasturias.com\/noticias\/wp-json\/wp\/v2\/media\/1128116"}],"wp:attachment":[{"href":"https:\/\/www.eldigitaldeasturias.com\/noticias\/wp-json\/wp\/v2\/media?parent=1128115"}],"wp:term":[{"taxonomy":"category","embeddable":true,"href":"https:\/\/www.eldigitaldeasturias.com\/noticias\/wp-json\/wp\/v2\/categories?post=1128115"},{"taxonomy":"post_tag","embeddable":true,"href":"https:\/\/www.eldigitaldeasturias.com\/noticias\/wp-json\/wp\/v2\/tags?post=1128115"}],"curies":[{"name":"wp","href":"https:\/\/api.w.org\/{rel}","templated":true}]}}