{"id":1128104,"date":"2024-01-13T20:12:12","date_gmt":"2024-01-13T19:12:12","guid":{"rendered":"https:\/\/www.eldigitaldeasturias.com\/noticias\/?p=1128104"},"modified":"2024-01-13T20:12:12","modified_gmt":"2024-01-13T19:12:12","slug":"detenido-en-gijon-un-hombre-por-presunto-delito-contra-la-seguridad-vial","status":"publish","type":"post","link":"https:\/\/www.eldigitaldeasturias.com\/noticias\/detenido-en-gijon-un-hombre-por-presunto-delito-contra-la-seguridad-vial\/","title":{"rendered":"Detenido en Gij\u00f3n un hombre por presunto delito contra la seguridad vial"},"content":{"rendered":"<p>El <a title=\"Ayuntamiento de Gij\u00f3n\" href=\"https:\/\/www.gijon.es\/es\" target=\"_blank\" rel=\"noopener\"><span style=\"color: #ff6600;\"><strong>Ayuntamiento de Gij\u00f3n<\/strong><\/span><\/a> ha informado hoy s\u00e1bado de la detenci\u00f3n de un hombre por parte la Polic\u00eda Local de Gij\u00f3n en la medianoche de ayer, sin permiso para conducir y con s\u00edntomas de embriaguez, tras chocar su veh\u00edculo contra otro que estaba aparcado.<\/p>\n<p><img loading=\"lazy\" decoding=\"async\" class=\"aligncenter size-full wp-image-1128105\" src=\"https:\/\/www.eldigitaldeasturias.com\/noticias\/wp-content\/uploads\/2024\/01\/Sucesos-Gijon.jpg\" alt=\"Sucesos Gij\u00f3n\" width=\"640\" height=\"400\" srcset=\"https:\/\/www.eldigitaldeasturias.com\/noticias\/wp-content\/uploads\/2024\/01\/Sucesos-Gijon.jpg 640w, https:\/\/www.eldigitaldeasturias.com\/noticias\/wp-content\/uploads\/2024\/01\/Sucesos-Gijon-360x225.jpg 360w, https:\/\/www.eldigitaldeasturias.com\/noticias\/wp-content\/uploads\/2024\/01\/Sucesos-Gijon-480x300.jpg 480w, https:\/\/www.eldigitaldeasturias.com\/noticias\/wp-content\/uploads\/2024\/01\/Sucesos-Gijon-150x94.jpg 150w, https:\/\/www.eldigitaldeasturias.com\/noticias\/wp-content\/uploads\/2024\/01\/Sucesos-Gijon-450x281.jpg 450w\" sizes=\"auto, (max-width: 640px) 100vw, 640px\" \/><\/p>\n<p>La <a href=\"https:\/\/www.eldigitaldeasturias.com\/noticias\/category\/sucesos\/\"><span style=\"color: #ff6600;\"><strong>colisi\u00f3n<\/strong><\/span><\/a> tuvo lugar, a las 23.50 horas, en la calle S\u00e1hara. El detenido, D. E. C. M., vecino de Gij\u00f3n, se sali\u00f3 de la v\u00eda con su furgoneta y choc\u00f3 contra otro veh\u00edculo que estaba estacionado. Intent\u00f3 ausentarse del lugar, pero una patrulla de la Polic\u00eda Local logr\u00f3 evitar su huida tras el aviso de un ciudadano.<\/p>\n<p>Los agentes procedieron a detenerle por un presunto delito contra la seguridad vial al presentar evidentes s\u00edntomas de estar bajo la influencia del alcohol. Pero adem\u00e1s se le investiga por otros dos presuntos delitos de la misma tipolog\u00eda, pues nunca hab\u00eda obtenido el permiso de circulaci\u00f3n y se neg\u00f3 a someterse a las pruebas de alcoholemia.<\/p>\n<p>Asimismo, se da la circunstancia de que el detenido se encontraba a escasos metros del domicilio de una mujer sobre la que tiene una orden de alejamiento y, por lo tanto, se le investiga tambi\u00e9n por un delito de quebrantamiento de dicha orden.<\/p>\n","protected":false},"excerpt":{"rendered":"<p>El Ayuntamiento de Gij\u00f3n ha informado hoy s\u00e1bado de la detenci\u00f3n de un hombre por parte la Polic\u00eda Local de Gij\u00f3n en la medianoche de ayer, sin permiso para conducir y con s\u00edntomas de embriaguez, tras chocar su veh\u00edculo contra otro que estaba aparcado. La colisi\u00f3n tuvo lugar, a las 23.50 horas, en la calle [&hellip;]<\/p>\n","protected":false},"author":1,"featured_media":1128105,"comment_status":"closed","ping_status":"closed","sticky":false,"template":"","format":"standard","meta":{"footnotes":""},"categories":[5],"tags":[],"class_list":["post-1128104","post","type-post","status-publish","format-standard","has-post-thumbnail","hentry","category-sucesos"],"aioseo_notices":[],"aioseo_head":"\n\t\t<!-- All in One SEO Pro 4.9.6.2 - aioseo.com -->\n\t<meta name=\"description\" content=\"El Ayuntamiento de Gij\u00f3n ha informado hoy s\u00e1bado de la detenci\u00f3n de un hombre por parte la Polic\u00eda Local de Gij\u00f3n en la medianoche de ayer, sin permiso\" \/>\n\t<meta name=\"robots\" content=\"max-image-preview:large\" \/>\n\t<meta name=\"author\" content=\"El Digital de Asturias\"\/>\n\t<meta name=\"google-site-verification\" content=\"UA-38556648-1\" \/>\n\t<meta name=\"msvalidate.01\" content=\"7dfe9f3f1b24437ab69f4f2559babe99\" \/>\n\t<meta name=\"keywords\" content=\"sucesos\" \/>\n\t<link rel=\"canonical\" href=\"https:\/\/www.eldigitaldeasturias.com\/noticias\/detenido-en-gijon-un-hombre-por-presunto-delito-contra-la-seguridad-vial\/\" \/>\n\t<meta name=\"generator\" content=\"All in One SEO Pro (AIOSEO) 4.9.6.2\" \/>\n\t\t<meta property=\"og:locale\" content=\"es_ES\" \/>\n\t\t<meta property=\"og:site_name\" content=\"El Digital de Asturias\" \/>\n\t\t<meta property=\"og:type\" content=\"article\" \/>\n\t\t<meta property=\"og:title\" content=\"Detenido en Gij\u00f3n un hombre por presunto delito contra la seguridad vial - El Digital de Asturias\" \/>\n\t\t<meta property=\"og:description\" content=\"El Ayuntamiento de Gij\u00f3n ha informado hoy s\u00e1bado de la detenci\u00f3n de un hombre por parte la Polic\u00eda Local de Gij\u00f3n en la medianoche de ayer, sin permiso\" \/>\n\t\t<meta property=\"og:url\" content=\"https:\/\/www.eldigitaldeasturias.com\/noticias\/detenido-en-gijon-un-hombre-por-presunto-delito-contra-la-seguridad-vial\/\" \/>\n\t\t<meta property=\"og:image\" content=\"https:\/\/www.eldigitaldeasturias.com\/noticias\/wp-content\/uploads\/2024\/01\/Sucesos-Gijon.jpg\" \/>\n\t\t<meta property=\"og:image:secure_url\" content=\"https:\/\/www.eldigitaldeasturias.com\/noticias\/wp-content\/uploads\/2024\/01\/Sucesos-Gijon.jpg\" \/>\n\t\t<meta property=\"og:image:width\" content=\"640\" \/>\n\t\t<meta property=\"og:image:height\" content=\"400\" \/>\n\t\t<meta property=\"article:tag\" content=\"sucesos\" \/>\n\t\t<meta property=\"article:published_time\" content=\"2024-01-13T19:12:12+00:00\" \/>\n\t\t<meta property=\"article:modified_time\" content=\"2024-01-13T19:12:12+00:00\" \/>\n\t\t<meta property=\"article:publisher\" content=\"https:\/\/facebook.com\/eldigitaldeasturias\" \/>\n\t\t<meta name=\"twitter:card\" content=\"summary_large_image\" \/>\n\t\t<meta name=\"twitter:title\" content=\"Detenido en Gij\u00f3n un hombre por presunto delito contra la seguridad vial - El Digital de Asturias\" \/>\n\t\t<meta name=\"twitter:description\" content=\"El Ayuntamiento de Gij\u00f3n ha informado hoy s\u00e1bado de la detenci\u00f3n de un hombre por parte la Polic\u00eda Local de Gij\u00f3n en la medianoche de ayer, sin permiso\" \/>\n\t\t<meta name=\"twitter:image\" content=\"https:\/\/www.eldigitaldeasturias.com\/noticias\/wp-content\/uploads\/2024\/01\/Sucesos-Gijon.jpg\" \/>\n\t\t<meta name=\"twitter:label1\" content=\"Escrito por\" \/>\n\t\t<meta name=\"twitter:data1\" content=\"El Digital de Asturias\" \/>\n\t\t<meta name=\"twitter:label2\" content=\"Tiempo de lectura estimado\" \/>\n\t\t<meta name=\"twitter:data2\" content=\"1 minuto\" \/>\n\t\t<script type=\"application\/ld+json\" class=\"aioseo-schema\">\n\t\t\t{\"@context\":\"https:\\\/\\\/schema.org\",\"@graph\":[{\"@type\":\"BlogPosting\",\"@id\":\"https:\\\/\\\/www.eldigitaldeasturias.com\\\/noticias\\\/detenido-en-gijon-un-hombre-por-presunto-delito-contra-la-seguridad-vial\\\/#blogposting\",\"name\":\"Detenido en Gij\\u00f3n un hombre por presunto delito contra la seguridad vial - El Digital de Asturias\",\"headline\":\"Detenido en Gij\\u00f3n un hombre por presunto delito contra la seguridad vial\",\"author\":{\"@id\":\"https:\\\/\\\/www.eldigitaldeasturias.com\\\/noticias\\\/author\\\/admin\\\/#author\"},\"publisher\":{\"@id\":\"https:\\\/\\\/www.eldigitaldeasturias.com\\\/noticias\\\/#organization\"},\"image\":{\"@type\":\"ImageObject\",\"url\":\"https:\\\/\\\/www.eldigitaldeasturias.com\\\/noticias\\\/wp-content\\\/uploads\\\/2024\\\/01\\\/Sucesos-Gijon.jpg\",\"width\":640,\"height\":400,\"caption\":\"Sucesos Gij\\u00f3n\"},\"datePublished\":\"2024-01-13T20:12:12+01:00\",\"dateModified\":\"2024-01-13T20:12:12+01:00\",\"inLanguage\":\"es-ES\",\"mainEntityOfPage\":{\"@id\":\"https:\\\/\\\/www.eldigitaldeasturias.com\\\/noticias\\\/detenido-en-gijon-un-hombre-por-presunto-delito-contra-la-seguridad-vial\\\/#webpage\"},\"isPartOf\":{\"@id\":\"https:\\\/\\\/www.eldigitaldeasturias.com\\\/noticias\\\/detenido-en-gijon-un-hombre-por-presunto-delito-contra-la-seguridad-vial\\\/#webpage\"},\"articleSection\":\"Sucesos\"},{\"@type\":\"BreadcrumbList\",\"@id\":\"https:\\\/\\\/www.eldigitaldeasturias.com\\\/noticias\\\/detenido-en-gijon-un-hombre-por-presunto-delito-contra-la-seguridad-vial\\\/#breadcrumblist\",\"itemListElement\":[{\"@type\":\"ListItem\",\"@id\":\"https:\\\/\\\/www.eldigitaldeasturias.com\\\/noticias#listItem\",\"position\":1,\"name\":\"Home\",\"item\":\"https:\\\/\\\/www.eldigitaldeasturias.com\\\/noticias\",\"nextItem\":{\"@type\":\"ListItem\",\"@id\":\"https:\\\/\\\/www.eldigitaldeasturias.com\\\/noticias\\\/category\\\/sucesos\\\/#listItem\",\"name\":\"Sucesos\"}},{\"@type\":\"ListItem\",\"@id\":\"https:\\\/\\\/www.eldigitaldeasturias.com\\\/noticias\\\/category\\\/sucesos\\\/#listItem\",\"position\":2,\"name\":\"Sucesos\",\"item\":\"https:\\\/\\\/www.eldigitaldeasturias.com\\\/noticias\\\/category\\\/sucesos\\\/\",\"nextItem\":{\"@type\":\"ListItem\",\"@id\":\"https:\\\/\\\/www.eldigitaldeasturias.com\\\/noticias\\\/detenido-en-gijon-un-hombre-por-presunto-delito-contra-la-seguridad-vial\\\/#listItem\",\"name\":\"Detenido en Gij\\u00f3n un hombre por presunto delito contra la seguridad vial\"},\"previousItem\":{\"@type\":\"ListItem\",\"@id\":\"https:\\\/\\\/www.eldigitaldeasturias.com\\\/noticias#listItem\",\"name\":\"Home\"}},{\"@type\":\"ListItem\",\"@id\":\"https:\\\/\\\/www.eldigitaldeasturias.com\\\/noticias\\\/detenido-en-gijon-un-hombre-por-presunto-delito-contra-la-seguridad-vial\\\/#listItem\",\"position\":3,\"name\":\"Detenido en Gij\\u00f3n un hombre por presunto delito contra la seguridad vial\",\"previousItem\":{\"@type\":\"ListItem\",\"@id\":\"https:\\\/\\\/www.eldigitaldeasturias.com\\\/noticias\\\/category\\\/sucesos\\\/#listItem\",\"name\":\"Sucesos\"}}]},{\"@type\":\"Organization\",\"@id\":\"https:\\\/\\\/www.eldigitaldeasturias.com\\\/noticias\\\/#organization\",\"name\":\"El Digital de Asturias\",\"description\":\"Hemeroteca\",\"url\":\"https:\\\/\\\/www.eldigitaldeasturias.com\\\/noticias\\\/\",\"email\":\"info@eldigitaldeasturias.com\",\"telephone\":\"+34652131393\",\"logo\":{\"@type\":\"ImageObject\",\"url\":\"https:\\\/\\\/www.eldigitaldeasturias.com\\\/noticias\\\/wp-content\\\/uploads\\\/2020\\\/12\\\/EDA.jpg\",\"@id\":\"https:\\\/\\\/www.eldigitaldeasturias.com\\\/noticias\\\/detenido-en-gijon-un-hombre-por-presunto-delito-contra-la-seguridad-vial\\\/#organizationLogo\",\"width\":649,\"height\":297},\"image\":{\"@id\":\"https:\\\/\\\/www.eldigitaldeasturias.com\\\/noticias\\\/detenido-en-gijon-un-hombre-por-presunto-delito-contra-la-seguridad-vial\\\/#organizationLogo\"},\"sameAs\":[\"https:\\\/\\\/facebook.com\\\/eldigitaldeasturias\",\"https:\\\/\\\/www.youtube.com\\\/channel\\\/UCZP-2wLEB9Rv6erhFmqVnvg\"],\"address\":{\"@id\":\"https:\\\/\\\/www.eldigitaldeasturias.com\\\/noticias\\\/#postaladdress\",\"@type\":\"PostalAddress\",\"streetAddress\":\"san antonio 4,\",\"postalCode\":\"33430\",\"addressLocality\":\"Cand\\u00e1s\",\"addressRegion\":\"Asturias\",\"addressCountry\":\"ES\"}},{\"@type\":\"Person\",\"@id\":\"https:\\\/\\\/www.eldigitaldeasturias.com\\\/noticias\\\/author\\\/admin\\\/#author\",\"url\":\"https:\\\/\\\/www.eldigitaldeasturias.com\\\/noticias\\\/author\\\/admin\\\/\",\"name\":\"El Digital de Asturias\",\"image\":{\"@type\":\"ImageObject\",\"@id\":\"https:\\\/\\\/www.eldigitaldeasturias.com\\\/noticias\\\/detenido-en-gijon-un-hombre-por-presunto-delito-contra-la-seguridad-vial\\\/#authorImage\",\"url\":\"https:\\\/\\\/www.eldigitaldeasturias.com\\\/noticias\\\/wp-content\\\/litespeed\\\/avatar\\\/18677e78aa0546b92d9dbf31ec7d7668.jpg?ver=1776685526\",\"width\":96,\"height\":96,\"caption\":\"El Digital de Asturias\"}},{\"@type\":\"WebPage\",\"@id\":\"https:\\\/\\\/www.eldigitaldeasturias.com\\\/noticias\\\/detenido-en-gijon-un-hombre-por-presunto-delito-contra-la-seguridad-vial\\\/#webpage\",\"url\":\"https:\\\/\\\/www.eldigitaldeasturias.com\\\/noticias\\\/detenido-en-gijon-un-hombre-por-presunto-delito-contra-la-seguridad-vial\\\/\",\"name\":\"Detenido en Gij\\u00f3n un hombre por presunto delito contra la seguridad vial - El Digital de Asturias\",\"description\":\"El Ayuntamiento de Gij\\u00f3n ha informado hoy s\\u00e1bado de la detenci\\u00f3n de un hombre por parte la Polic\\u00eda Local de Gij\\u00f3n en la medianoche de ayer, sin permiso\",\"inLanguage\":\"es-ES\",\"isPartOf\":{\"@id\":\"https:\\\/\\\/www.eldigitaldeasturias.com\\\/noticias\\\/#website\"},\"breadcrumb\":{\"@id\":\"https:\\\/\\\/www.eldigitaldeasturias.com\\\/noticias\\\/detenido-en-gijon-un-hombre-por-presunto-delito-contra-la-seguridad-vial\\\/#breadcrumblist\"},\"author\":{\"@id\":\"https:\\\/\\\/www.eldigitaldeasturias.com\\\/noticias\\\/author\\\/admin\\\/#author\"},\"creator\":{\"@id\":\"https:\\\/\\\/www.eldigitaldeasturias.com\\\/noticias\\\/author\\\/admin\\\/#author\"},\"image\":{\"@type\":\"ImageObject\",\"url\":\"https:\\\/\\\/www.eldigitaldeasturias.com\\\/noticias\\\/wp-content\\\/uploads\\\/2024\\\/01\\\/Sucesos-Gijon.jpg\",\"@id\":\"https:\\\/\\\/www.eldigitaldeasturias.com\\\/noticias\\\/detenido-en-gijon-un-hombre-por-presunto-delito-contra-la-seguridad-vial\\\/#mainImage\",\"width\":640,\"height\":400,\"caption\":\"Sucesos Gij\\u00f3n\"},\"primaryImageOfPage\":{\"@id\":\"https:\\\/\\\/www.eldigitaldeasturias.com\\\/noticias\\\/detenido-en-gijon-un-hombre-por-presunto-delito-contra-la-seguridad-vial\\\/#mainImage\"},\"datePublished\":\"2024-01-13T20:12:12+01:00\",\"dateModified\":\"2024-01-13T20:12:12+01:00\"},{\"@type\":\"WebSite\",\"@id\":\"https:\\\/\\\/www.eldigitaldeasturias.com\\\/noticias\\\/#website\",\"url\":\"https:\\\/\\\/www.eldigitaldeasturias.com\\\/noticias\\\/\",\"name\":\"El Digital de Asturias - Diario de actualidad y noticias\",\"alternateName\":\"El Digital de Asturias - Diario de actualidad y noticias\",\"description\":\"Hemeroteca\",\"inLanguage\":\"es-ES\",\"publisher\":{\"@id\":\"https:\\\/\\\/www.eldigitaldeasturias.com\\\/noticias\\\/#organization\"}}]}\n\t\t<\/script>\n\t\t<!-- All in One SEO Pro -->\r\n\t\t<title>Detenido en Gij\u00f3n un hombre por presunto delito contra la seguridad vial - El Digital de Asturias<\/title>\n\n","aioseo_head_json":{"title":"Detenido en Gij\u00f3n un hombre por presunto delito contra la seguridad vial - El Digital de Asturias","description":"El Ayuntamiento de Gij\u00f3n ha informado hoy s\u00e1bado de la detenci\u00f3n de un hombre por parte la Polic\u00eda Local de Gij\u00f3n en la medianoche de ayer, sin permiso","canonical_url":"https:\/\/www.eldigitaldeasturias.com\/noticias\/detenido-en-gijon-un-hombre-por-presunto-delito-contra-la-seguridad-vial\/","robots":"max-image-preview:large","keywords":"sucesos","webmasterTools":{"google-site-verification":"UA-38556648-1","msvalidate.01":"7dfe9f3f1b24437ab69f4f2559babe99","miscellaneous":""},"schema":{"@context":"https:\/\/schema.org","@graph":[{"@type":"BlogPosting","@id":"https:\/\/www.eldigitaldeasturias.com\/noticias\/detenido-en-gijon-un-hombre-por-presunto-delito-contra-la-seguridad-vial\/#blogposting","name":"Detenido en Gij\u00f3n un hombre por presunto delito contra la seguridad vial - El Digital de Asturias","headline":"Detenido en Gij\u00f3n un hombre por presunto delito contra la seguridad vial","author":{"@id":"https:\/\/www.eldigitaldeasturias.com\/noticias\/author\/admin\/#author"},"publisher":{"@id":"https:\/\/www.eldigitaldeasturias.com\/noticias\/#organization"},"image":{"@type":"ImageObject","url":"https:\/\/www.eldigitaldeasturias.com\/noticias\/wp-content\/uploads\/2024\/01\/Sucesos-Gijon.jpg","width":640,"height":400,"caption":"Sucesos Gij\u00f3n"},"datePublished":"2024-01-13T20:12:12+01:00","dateModified":"2024-01-13T20:12:12+01:00","inLanguage":"es-ES","mainEntityOfPage":{"@id":"https:\/\/www.eldigitaldeasturias.com\/noticias\/detenido-en-gijon-un-hombre-por-presunto-delito-contra-la-seguridad-vial\/#webpage"},"isPartOf":{"@id":"https:\/\/www.eldigitaldeasturias.com\/noticias\/detenido-en-gijon-un-hombre-por-presunto-delito-contra-la-seguridad-vial\/#webpage"},"articleSection":"Sucesos"},{"@type":"BreadcrumbList","@id":"https:\/\/www.eldigitaldeasturias.com\/noticias\/detenido-en-gijon-un-hombre-por-presunto-delito-contra-la-seguridad-vial\/#breadcrumblist","itemListElement":[{"@type":"ListItem","@id":"https:\/\/www.eldigitaldeasturias.com\/noticias#listItem","position":1,"name":"Home","item":"https:\/\/www.eldigitaldeasturias.com\/noticias","nextItem":{"@type":"ListItem","@id":"https:\/\/www.eldigitaldeasturias.com\/noticias\/category\/sucesos\/#listItem","name":"Sucesos"}},{"@type":"ListItem","@id":"https:\/\/www.eldigitaldeasturias.com\/noticias\/category\/sucesos\/#listItem","position":2,"name":"Sucesos","item":"https:\/\/www.eldigitaldeasturias.com\/noticias\/category\/sucesos\/","nextItem":{"@type":"ListItem","@id":"https:\/\/www.eldigitaldeasturias.com\/noticias\/detenido-en-gijon-un-hombre-por-presunto-delito-contra-la-seguridad-vial\/#listItem","name":"Detenido en Gij\u00f3n un hombre por presunto delito contra la seguridad vial"},"previousItem":{"@type":"ListItem","@id":"https:\/\/www.eldigitaldeasturias.com\/noticias#listItem","name":"Home"}},{"@type":"ListItem","@id":"https:\/\/www.eldigitaldeasturias.com\/noticias\/detenido-en-gijon-un-hombre-por-presunto-delito-contra-la-seguridad-vial\/#listItem","position":3,"name":"Detenido en Gij\u00f3n un hombre por presunto delito contra la seguridad vial","previousItem":{"@type":"ListItem","@id":"https:\/\/www.eldigitaldeasturias.com\/noticias\/category\/sucesos\/#listItem","name":"Sucesos"}}]},{"@type":"Organization","@id":"https:\/\/www.eldigitaldeasturias.com\/noticias\/#organization","name":"El Digital de Asturias","description":"Hemeroteca","url":"https:\/\/www.eldigitaldeasturias.com\/noticias\/","email":"info@eldigitaldeasturias.com","telephone":"+34652131393","logo":{"@type":"ImageObject","url":"https:\/\/www.eldigitaldeasturias.com\/noticias\/wp-content\/uploads\/2020\/12\/EDA.jpg","@id":"https:\/\/www.eldigitaldeasturias.com\/noticias\/detenido-en-gijon-un-hombre-por-presunto-delito-contra-la-seguridad-vial\/#organizationLogo","width":649,"height":297},"image":{"@id":"https:\/\/www.eldigitaldeasturias.com\/noticias\/detenido-en-gijon-un-hombre-por-presunto-delito-contra-la-seguridad-vial\/#organizationLogo"},"sameAs":["https:\/\/facebook.com\/eldigitaldeasturias","https:\/\/www.youtube.com\/channel\/UCZP-2wLEB9Rv6erhFmqVnvg"],"address":{"@id":"https:\/\/www.eldigitaldeasturias.com\/noticias\/#postaladdress","@type":"PostalAddress","streetAddress":"san antonio 4,","postalCode":"33430","addressLocality":"Cand\u00e1s","addressRegion":"Asturias","addressCountry":"ES"}},{"@type":"Person","@id":"https:\/\/www.eldigitaldeasturias.com\/noticias\/author\/admin\/#author","url":"https:\/\/www.eldigitaldeasturias.com\/noticias\/author\/admin\/","name":"El Digital de Asturias","image":{"@type":"ImageObject","@id":"https:\/\/www.eldigitaldeasturias.com\/noticias\/detenido-en-gijon-un-hombre-por-presunto-delito-contra-la-seguridad-vial\/#authorImage","url":"https:\/\/www.eldigitaldeasturias.com\/noticias\/wp-content\/litespeed\/avatar\/18677e78aa0546b92d9dbf31ec7d7668.jpg?ver=1776685526","width":96,"height":96,"caption":"El Digital de Asturias"}},{"@type":"WebPage","@id":"https:\/\/www.eldigitaldeasturias.com\/noticias\/detenido-en-gijon-un-hombre-por-presunto-delito-contra-la-seguridad-vial\/#webpage","url":"https:\/\/www.eldigitaldeasturias.com\/noticias\/detenido-en-gijon-un-hombre-por-presunto-delito-contra-la-seguridad-vial\/","name":"Detenido en Gij\u00f3n un hombre por presunto delito contra la seguridad vial - El Digital de Asturias","description":"El Ayuntamiento de Gij\u00f3n ha informado hoy s\u00e1bado de la detenci\u00f3n de un hombre por parte la Polic\u00eda Local de Gij\u00f3n en la medianoche de ayer, sin permiso","inLanguage":"es-ES","isPartOf":{"@id":"https:\/\/www.eldigitaldeasturias.com\/noticias\/#website"},"breadcrumb":{"@id":"https:\/\/www.eldigitaldeasturias.com\/noticias\/detenido-en-gijon-un-hombre-por-presunto-delito-contra-la-seguridad-vial\/#breadcrumblist"},"author":{"@id":"https:\/\/www.eldigitaldeasturias.com\/noticias\/author\/admin\/#author"},"creator":{"@id":"https:\/\/www.eldigitaldeasturias.com\/noticias\/author\/admin\/#author"},"image":{"@type":"ImageObject","url":"https:\/\/www.eldigitaldeasturias.com\/noticias\/wp-content\/uploads\/2024\/01\/Sucesos-Gijon.jpg","@id":"https:\/\/www.eldigitaldeasturias.com\/noticias\/detenido-en-gijon-un-hombre-por-presunto-delito-contra-la-seguridad-vial\/#mainImage","width":640,"height":400,"caption":"Sucesos Gij\u00f3n"},"primaryImageOfPage":{"@id":"https:\/\/www.eldigitaldeasturias.com\/noticias\/detenido-en-gijon-un-hombre-por-presunto-delito-contra-la-seguridad-vial\/#mainImage"},"datePublished":"2024-01-13T20:12:12+01:00","dateModified":"2024-01-13T20:12:12+01:00"},{"@type":"WebSite","@id":"https:\/\/www.eldigitaldeasturias.com\/noticias\/#website","url":"https:\/\/www.eldigitaldeasturias.com\/noticias\/","name":"El Digital de Asturias - Diario de actualidad y noticias","alternateName":"El Digital de Asturias - Diario de actualidad y noticias","description":"Hemeroteca","inLanguage":"es-ES","publisher":{"@id":"https:\/\/www.eldigitaldeasturias.com\/noticias\/#organization"}}]},"og:locale":"es_ES","og:site_name":"El Digital de Asturias","og:type":"article","og:title":"Detenido en Gij\u00f3n un hombre por presunto delito contra la seguridad vial - El Digital de Asturias","og:description":"El Ayuntamiento de Gij\u00f3n ha informado hoy s\u00e1bado de la detenci\u00f3n de un hombre por parte la Polic\u00eda Local de Gij\u00f3n en la medianoche de ayer, sin permiso","og:url":"https:\/\/www.eldigitaldeasturias.com\/noticias\/detenido-en-gijon-un-hombre-por-presunto-delito-contra-la-seguridad-vial\/","og:image":"https:\/\/www.eldigitaldeasturias.com\/noticias\/wp-content\/uploads\/2024\/01\/Sucesos-Gijon.jpg","og:image:secure_url":"https:\/\/www.eldigitaldeasturias.com\/noticias\/wp-content\/uploads\/2024\/01\/Sucesos-Gijon.jpg","og:image:width":640,"og:image:height":400,"article:tag":["sucesos"],"article:published_time":"2024-01-13T19:12:12+00:00","article:modified_time":"2024-01-13T19:12:12+00:00","article:publisher":"https:\/\/facebook.com\/eldigitaldeasturias","twitter:card":"summary_large_image","twitter:title":"Detenido en Gij\u00f3n un hombre por presunto delito contra la seguridad vial - El Digital de Asturias","twitter:description":"El Ayuntamiento de Gij\u00f3n ha informado hoy s\u00e1bado de la detenci\u00f3n de un hombre por parte la Polic\u00eda Local de Gij\u00f3n en la medianoche de ayer, sin permiso","twitter:image":"https:\/\/www.eldigitaldeasturias.com\/noticias\/wp-content\/uploads\/2024\/01\/Sucesos-Gijon.jpg","twitter:label1":"Escrito por","twitter:data1":"El Digital de Asturias","twitter:label2":"Tiempo de lectura estimado","twitter:data2":"1 minuto"},"aioseo_meta_data":{"post_id":"1128104","title":null,"description":"El Ayuntamiento de Gij\u00f3n ha informado hoy s\u00e1bado de la detenci\u00f3n de un hombre por parte la Polic\u00eda Local de Gij\u00f3n en la medianoche de ayer, sin permiso","keywords":[],"keyphrases":{"focus":{"keyphrase":"Gij\u00f3n","score":93,"analysis":{"keyphraseInTitle":{"score":9,"maxScore":9,"error":0},"keyphraseInDescription":{"score":9,"maxScore":9,"error":0},"keyphraseLength":{"score":9,"maxScore":9,"error":0,"length":2},"keyphraseInURL":{"score":1,"maxScore":5,"error":1},"keyphraseInIntroduction":{"score":9,"maxScore":9,"error":0},"keyphraseInSubHeadings":[],"keyphraseInImageAlt":{"score":9,"maxScore":9,"error":0},"keywordDensity":{"type":"best","score":9,"maxScore":9,"error":0}}},"additional":[{"keyphrase":"Gij\u00f3n","score":100,"analysis":{"keyphraseInDescription":{"score":9,"maxScore":9,"error":0},"keyphraseLength":{"score":9,"maxScore":9,"error":0,"length":2},"keyphraseInIntroduction":{"score":9,"maxScore":9,"error":0},"keyphraseInImageAlt":{"score":9,"maxScore":9,"error":0},"keywordDensity":{"type":"best","score":9,"maxScore":9,"error":0}}}]},"primary_term":null,"canonical_url":null,"og_title":null,"og_description":null,"og_object_type":"default","og_image_type":"default","og_image_url":null,"og_image_width":null,"og_image_height":null,"og_image_custom_url":null,"og_image_custom_fields":null,"og_video":"","og_custom_url":null,"og_article_section":null,"og_article_tags":[],"twitter_use_og":false,"twitter_card":"default","twitter_image_type":"default","twitter_image_url":null,"twitter_image_custom_url":null,"twitter_image_custom_fields":null,"twitter_title":null,"twitter_description":null,"schema":{"blockGraphs":[],"customGraphs":[],"default":{"data":{"Article":[],"Course":[],"Dataset":[],"FAQPage":[],"Movie":[],"Person":[],"Product":[],"ProductReview":[],"Car":[],"Recipe":[],"Service":[],"SoftwareApplication":[],"WebPage":[]},"graphName":"BlogPosting","isEnabled":true},"graphs":[]},"schema_type":"default","schema_type_options":null,"pillar_content":false,"robots_default":true,"robots_noindex":false,"robots_noarchive":false,"robots_nosnippet":false,"robots_nofollow":false,"robots_noimageindex":false,"robots_noodp":false,"robots_notranslate":false,"robots_max_snippet":"-1","robots_max_videopreview":"-1","robots_max_imagepreview":"large","priority":null,"frequency":"default","local_seo":null,"seo_analyzer_scan_date":"2025-10-06 01:11:17","breadcrumb_settings":null,"limit_modified_date":false,"open_ai":"{\"title\":{\"suggestions\":[],\"usage\":0},\"description\":{\"suggestions\":[],\"usage\":0}}","ai":null,"created":"2024-01-13 19:02:57","updated":"2025-10-09 07:06:34"},"aioseo_breadcrumb":"<div class=\"aioseo-breadcrumbs\"><span class=\"aioseo-breadcrumb\">\n\t<a href=\"https:\/\/www.eldigitaldeasturias.com\/noticias\" title=\"Home\">Home<\/a>\n<\/span><span class=\"aioseo-breadcrumb-separator\">\u2013<\/span><span class=\"aioseo-breadcrumb\">\n\t<a href=\"https:\/\/www.eldigitaldeasturias.com\/noticias\/category\/sucesos\/\" title=\"Sucesos\">Sucesos<\/a>\n<\/span><span class=\"aioseo-breadcrumb-separator\">\u2013<\/span><span class=\"aioseo-breadcrumb\">\n\t<a href=\"https:\/\/www.eldigitaldeasturias.com\/noticias\/detenido-en-gijon-un-hombre-por-presunto-delito-contra-la-seguridad-vial\/\" title=\"Detenido en Gij\u00f3n un hombre por presunto delito contra la seguridad vial\">Detenido en Gij\u00f3n un hombre por presunto delito contra la seguridad vial<\/a>\n<\/span><\/div>","aioseo_breadcrumb_json":[{"label":"Home","link":"https:\/\/www.eldigitaldeasturias.com\/noticias"},{"label":"Sucesos","link":"https:\/\/www.eldigitaldeasturias.com\/noticias\/category\/sucesos\/"},{"label":"Detenido en Gij\u00f3n un hombre por presunto delito contra la seguridad vial","link":"https:\/\/www.eldigitaldeasturias.com\/noticias\/detenido-en-gijon-un-hombre-por-presunto-delito-contra-la-seguridad-vial\/"}],"_links":{"self":[{"href":"https:\/\/www.eldigitaldeasturias.com\/noticias\/wp-json\/wp\/v2\/posts\/1128104","targetHints":{"allow":["GET"]}}],"collection":[{"href":"https:\/\/www.eldigitaldeasturias.com\/noticias\/wp-json\/wp\/v2\/posts"}],"about":[{"href":"https:\/\/www.eldigitaldeasturias.com\/noticias\/wp-json\/wp\/v2\/types\/post"}],"author":[{"embeddable":true,"href":"https:\/\/www.eldigitaldeasturias.com\/noticias\/wp-json\/wp\/v2\/users\/1"}],"replies":[{"embeddable":true,"href":"https:\/\/www.eldigitaldeasturias.com\/noticias\/wp-json\/wp\/v2\/comments?post=1128104"}],"version-history":[{"count":0,"href":"https:\/\/www.eldigitaldeasturias.com\/noticias\/wp-json\/wp\/v2\/posts\/1128104\/revisions"}],"wp:featuredmedia":[{"embeddable":true,"href":"https:\/\/www.eldigitaldeasturias.com\/noticias\/wp-json\/wp\/v2\/media\/1128105"}],"wp:attachment":[{"href":"https:\/\/www.eldigitaldeasturias.com\/noticias\/wp-json\/wp\/v2\/media?parent=1128104"}],"wp:term":[{"taxonomy":"category","embeddable":true,"href":"https:\/\/www.eldigitaldeasturias.com\/noticias\/wp-json\/wp\/v2\/categories?post=1128104"},{"taxonomy":"post_tag","embeddable":true,"href":"https:\/\/www.eldigitaldeasturias.com\/noticias\/wp-json\/wp\/v2\/tags?post=1128104"}],"curies":[{"name":"wp","href":"https:\/\/api.w.org\/{rel}","templated":true}]}}