{"id":1128044,"date":"2024-01-09T20:59:14","date_gmt":"2024-01-09T19:59:14","guid":{"rendered":"https:\/\/www.eldigitaldeasturias.com\/noticias\/?p=1128044"},"modified":"2024-01-09T20:59:14","modified_gmt":"2024-01-09T19:59:14","slug":"asturias-regulara-el-uso-del-movil-en-las-aulas","status":"publish","type":"post","link":"https:\/\/www.eldigitaldeasturias.com\/noticias\/asturias-regulara-el-uso-del-movil-en-las-aulas\/","title":{"rendered":"Asturias regular\u00e1 el uso del m\u00f3vil en las aulas"},"content":{"rendered":"<p>La Consejer\u00eda de Educaci\u00f3n del <a title=\"Principado de Asturias\" href=\"https:\/\/actualidad.asturias.es\/\" target=\"_blank\" rel=\"noopener\"><span style=\"color: #ff6600;\"><strong>Principado de Asturias<\/strong><\/span><\/a> ha logrado el respaldo de las direcciones de los centros p\u00fablicos y concertados y de las federaciones de asociaciones de padres y madres de alumnos a su <strong>propuesta de regular la utilizaci\u00f3n del tel\u00e9fono m\u00f3vil en horario lectivo<\/strong>.<\/p>\n<figure id=\"attachment_1128045\" aria-describedby=\"caption-attachment-1128045\" style=\"width: 650px\" class=\"wp-caption aligncenter\"><img loading=\"lazy\" decoding=\"async\" class=\"wp-image-1128045 size-large\" src=\"https:\/\/www.eldigitaldeasturias.com\/noticias\/wp-content\/uploads\/2024\/01\/Educacion-Asturias-650x455.jpg\" alt=\"Educaci\u00f3n Asturias\" width=\"650\" height=\"455\" srcset=\"https:\/\/www.eldigitaldeasturias.com\/noticias\/wp-content\/uploads\/2024\/01\/Educacion-Asturias-650x455.jpg 650w, https:\/\/www.eldigitaldeasturias.com\/noticias\/wp-content\/uploads\/2024\/01\/Educacion-Asturias-360x252.jpg 360w, https:\/\/www.eldigitaldeasturias.com\/noticias\/wp-content\/uploads\/2024\/01\/Educacion-Asturias-429x300.jpg 429w, https:\/\/www.eldigitaldeasturias.com\/noticias\/wp-content\/uploads\/2024\/01\/Educacion-Asturias-768x537.jpg 768w, https:\/\/www.eldigitaldeasturias.com\/noticias\/wp-content\/uploads\/2024\/01\/Educacion-Asturias-150x105.jpg 150w, https:\/\/www.eldigitaldeasturias.com\/noticias\/wp-content\/uploads\/2024\/01\/Educacion-Asturias-450x315.jpg 450w, https:\/\/www.eldigitaldeasturias.com\/noticias\/wp-content\/uploads\/2024\/01\/Educacion-Asturias.jpg 899w\" sizes=\"auto, (max-width: 650px) 100vw, 650px\" \/><figcaption id=\"caption-attachment-1128045\" class=\"wp-caption-text\">Foto: Prensa Gobierno de Asturias<\/figcaption><\/figure>\n<p><strong>El Principado aboga por limitar su uso a fines did\u00e1cticos<\/strong>, tanto en el aula como en el recreo o las salidas escolares. <strong>Esta ser\u00e1 la propuesta que defender\u00e1 el Gobierno de Asturias en la reuni\u00f3n que va a convocar pr\u00f3ximamente el Ministerio de Educaci\u00f3n, Formaci\u00f3n Profesional y Deportes.<\/strong><\/p>\n<p>La consejera Lydia Espina ha mantenido hoy una ronda de reuniones con los renovados comit\u00e9s de direcciones de Secundaria, y de Infantil y Primaria, as\u00ed como con una representaci\u00f3n de la ense\u00f1anza concertada y con las familias, para planificar el segundo trimestre y abordar el <a href=\"https:\/\/www.eldigitaldeasturias.com\/noticias\/category\/sociedad\/\"><span style=\"color: #ff6600;\"><strong>uso del m\u00f3vil<\/strong><\/span><\/a>, objeto de un amplio debate social.<\/p>\n<p>Espina ha reiterado su postura de rechazo a una prohibici\u00f3n total del uso en recintos escolares y ha defendido esa regulaci\u00f3n con fines exclusivamente pedag\u00f3gicos, con la inclusi\u00f3n de excepciones como pueden ser problemas de salud o familiares.<strong> \u201cComo consejer\u00eda, nuestra obligaci\u00f3n es educar para conseguir un uso responsable. Del mismo modo que nosotros no debemos utilizar un tel\u00e9fono en mitad de una reuni\u00f3n, el alumnado no puede utilizarlo en una clase\u201d, ha argumentado.<\/strong><\/p>\n<p>La consejera ha anunciado que acudir\u00e1 a finales de mes a una reuni\u00f3n en Madrid, convocada por el ministerio, para abordar monogr\u00e1ficamente la cuesti\u00f3n. <strong>\u201cNuestra idea es escuchar al resto de comunidades y publicar unas instrucciones que sirvan de paraguas a todos los centros educativos del Principado, para que tengan un respaldo\u201d, ha explicado.<\/strong><\/p>\n<p>Para Educaci\u00f3n, tambi\u00e9n es muy importante la parte formativa. En este sentido, est\u00e1 organizando cursos de alfabetizaci\u00f3n medi\u00e1tica para docentes y tambi\u00e9n cuenta con una partida en el presupuesto de 2024 para recuperar el proyecto Espacios de participaci\u00f3n, dirigido a orientar a familias en el uso responsable de las redes sociales, los m\u00f3viles y el bienestar emocional.<\/p>\n<p>Durante las reuniones de trabajo celebradas hoy, que se convocan al inicio de cada trimestre, la consejera ha informado de la puesta en marcha del proyecto <strong>Educastur Radi<\/strong>o, que pretende aglutinar y potenciar la red actual de emisoras escolares y que comenzar\u00e1 con un <strong>curso de podcast para 200 centros<\/strong> sostenidos con fondos p\u00fablicos.<\/p>\n<blockquote><p>Con las direcciones, Lydia Espina ha comentado las instrucciones para autorizar los cuatro d\u00edas de permisos remunerados para asuntos propios del personal docente, que han entrado en vigor este mes de enero.<\/p><\/blockquote>\n<p>En las dos primeras reuniones, la consejera ha estado acompa\u00f1ada de los directores generales de Personal Docente, C\u00e9sar Gonz\u00e1lez; de Centros, Red 0-3 y Ense\u00f1anzas Profesionales, Eva Ledo; de Inclusi\u00f3n Educativa y Ordenaci\u00f3n, David Artime, e Infraestructuras y Tecnolog\u00edas Educativas, Julio Vallaure, mientras que a los encuentros con representantes de la ense\u00f1anza concertada y de las familias han asistido Eva Ledo y David Artime<\/p>\n","protected":false},"excerpt":{"rendered":"<p>La Consejer\u00eda de Educaci\u00f3n del Principado de Asturias ha logrado el respaldo de las direcciones de los centros p\u00fablicos y concertados y de las federaciones de asociaciones de padres y madres de alumnos a su propuesta de regular la utilizaci\u00f3n del tel\u00e9fono m\u00f3vil en horario lectivo. El Principado aboga por limitar su uso a fines [&hellip;]<\/p>\n","protected":false},"author":1,"featured_media":1128045,"comment_status":"closed","ping_status":"closed","sticky":false,"template":"","format":"standard","meta":{"footnotes":""},"categories":[12],"tags":[],"class_list":["post-1128044","post","type-post","status-publish","format-standard","has-post-thumbnail","hentry","category-actualidad-asturias"],"aioseo_notices":[],"aioseo_head":"\n\t\t<!-- All in One SEO Pro 4.9.6.2 - aioseo.com -->\n\t<meta name=\"description\" content=\"La Consejer\u00eda de Educaci\u00f3n del Principado de Asturias ha logrado el respaldo de las direcciones de los centros p\u00fablicos y concertados y de las federaciones\" \/>\n\t<meta name=\"robots\" content=\"max-image-preview:large\" \/>\n\t<meta name=\"author\" content=\"El Digital de Asturias\"\/>\n\t<meta name=\"google-site-verification\" content=\"UA-38556648-1\" \/>\n\t<meta name=\"msvalidate.01\" content=\"7dfe9f3f1b24437ab69f4f2559babe99\" \/>\n\t<meta name=\"keywords\" content=\"actualidad asturias\" \/>\n\t<link rel=\"canonical\" href=\"https:\/\/www.eldigitaldeasturias.com\/noticias\/asturias-regulara-el-uso-del-movil-en-las-aulas\/\" \/>\n\t<meta name=\"generator\" content=\"All in One SEO Pro (AIOSEO) 4.9.6.2\" \/>\n\t\t<meta property=\"og:locale\" content=\"es_ES\" \/>\n\t\t<meta property=\"og:site_name\" content=\"El Digital de Asturias\" \/>\n\t\t<meta property=\"og:type\" content=\"article\" \/>\n\t\t<meta property=\"og:title\" content=\"Asturias regular\u00e1 el uso del m\u00f3vil en las aulas - El Digital de Asturias\" \/>\n\t\t<meta property=\"og:description\" content=\"La Consejer\u00eda de Educaci\u00f3n del Principado de Asturias ha logrado el respaldo de las direcciones de los centros p\u00fablicos y concertados y de las federaciones\" \/>\n\t\t<meta property=\"og:url\" content=\"https:\/\/www.eldigitaldeasturias.com\/noticias\/asturias-regulara-el-uso-del-movil-en-las-aulas\/\" \/>\n\t\t<meta property=\"og:image\" content=\"https:\/\/www.eldigitaldeasturias.com\/noticias\/wp-content\/uploads\/2024\/01\/Educacion-Asturias.jpg\" \/>\n\t\t<meta property=\"og:image:secure_url\" content=\"https:\/\/www.eldigitaldeasturias.com\/noticias\/wp-content\/uploads\/2024\/01\/Educacion-Asturias.jpg\" \/>\n\t\t<meta property=\"og:image:width\" content=\"899\" \/>\n\t\t<meta property=\"og:image:height\" content=\"629\" \/>\n\t\t<meta property=\"article:tag\" content=\"actualidad asturias\" \/>\n\t\t<meta property=\"article:published_time\" content=\"2024-01-09T19:59:14+00:00\" \/>\n\t\t<meta property=\"article:modified_time\" content=\"2024-01-09T19:59:14+00:00\" \/>\n\t\t<meta property=\"article:publisher\" content=\"https:\/\/facebook.com\/eldigitaldeasturias\" \/>\n\t\t<meta name=\"twitter:card\" content=\"summary_large_image\" \/>\n\t\t<meta name=\"twitter:title\" content=\"Asturias regular\u00e1 el uso del m\u00f3vil en las aulas - El Digital de Asturias\" \/>\n\t\t<meta name=\"twitter:description\" content=\"La Consejer\u00eda de Educaci\u00f3n del Principado de Asturias ha logrado el respaldo de las direcciones de los centros p\u00fablicos y concertados y de las federaciones\" \/>\n\t\t<meta name=\"twitter:image\" content=\"https:\/\/www.eldigitaldeasturias.com\/noticias\/wp-content\/uploads\/2024\/01\/Educacion-Asturias.jpg\" \/>\n\t\t<meta name=\"twitter:label1\" content=\"Escrito por\" \/>\n\t\t<meta name=\"twitter:data1\" content=\"El Digital de Asturias\" \/>\n\t\t<meta name=\"twitter:label2\" content=\"Tiempo de lectura estimado\" \/>\n\t\t<meta name=\"twitter:data2\" content=\"3 minutos\" \/>\n\t\t<script type=\"application\/ld+json\" class=\"aioseo-schema\">\n\t\t\t{\"@context\":\"https:\\\/\\\/schema.org\",\"@graph\":[{\"@type\":\"BlogPosting\",\"@id\":\"https:\\\/\\\/www.eldigitaldeasturias.com\\\/noticias\\\/asturias-regulara-el-uso-del-movil-en-las-aulas\\\/#blogposting\",\"name\":\"Asturias regular\\u00e1 el uso del m\\u00f3vil en las aulas - El Digital de Asturias\",\"headline\":\"Asturias regular\\u00e1 el uso del m\\u00f3vil en las aulas\",\"author\":{\"@id\":\"https:\\\/\\\/www.eldigitaldeasturias.com\\\/noticias\\\/author\\\/admin\\\/#author\"},\"publisher\":{\"@id\":\"https:\\\/\\\/www.eldigitaldeasturias.com\\\/noticias\\\/#organization\"},\"image\":{\"@type\":\"ImageObject\",\"url\":\"https:\\\/\\\/www.eldigitaldeasturias.com\\\/noticias\\\/wp-content\\\/uploads\\\/2024\\\/01\\\/Educacion-Asturias.jpg\",\"width\":899,\"height\":629,\"caption\":\"Foto: Prensa Gobierno de Asturias\"},\"datePublished\":\"2024-01-09T20:59:14+01:00\",\"dateModified\":\"2024-01-09T20:59:14+01:00\",\"inLanguage\":\"es-ES\",\"mainEntityOfPage\":{\"@id\":\"https:\\\/\\\/www.eldigitaldeasturias.com\\\/noticias\\\/asturias-regulara-el-uso-del-movil-en-las-aulas\\\/#webpage\"},\"isPartOf\":{\"@id\":\"https:\\\/\\\/www.eldigitaldeasturias.com\\\/noticias\\\/asturias-regulara-el-uso-del-movil-en-las-aulas\\\/#webpage\"},\"articleSection\":\"Actualidad Asturias\"},{\"@type\":\"BreadcrumbList\",\"@id\":\"https:\\\/\\\/www.eldigitaldeasturias.com\\\/noticias\\\/asturias-regulara-el-uso-del-movil-en-las-aulas\\\/#breadcrumblist\",\"itemListElement\":[{\"@type\":\"ListItem\",\"@id\":\"https:\\\/\\\/www.eldigitaldeasturias.com\\\/noticias#listItem\",\"position\":1,\"name\":\"Home\",\"item\":\"https:\\\/\\\/www.eldigitaldeasturias.com\\\/noticias\",\"nextItem\":{\"@type\":\"ListItem\",\"@id\":\"https:\\\/\\\/www.eldigitaldeasturias.com\\\/noticias\\\/category\\\/actualidad-asturias\\\/#listItem\",\"name\":\"Actualidad Asturias\"}},{\"@type\":\"ListItem\",\"@id\":\"https:\\\/\\\/www.eldigitaldeasturias.com\\\/noticias\\\/category\\\/actualidad-asturias\\\/#listItem\",\"position\":2,\"name\":\"Actualidad Asturias\",\"item\":\"https:\\\/\\\/www.eldigitaldeasturias.com\\\/noticias\\\/category\\\/actualidad-asturias\\\/\",\"nextItem\":{\"@type\":\"ListItem\",\"@id\":\"https:\\\/\\\/www.eldigitaldeasturias.com\\\/noticias\\\/asturias-regulara-el-uso-del-movil-en-las-aulas\\\/#listItem\",\"name\":\"Asturias regular\\u00e1 el uso del m\\u00f3vil en las aulas\"},\"previousItem\":{\"@type\":\"ListItem\",\"@id\":\"https:\\\/\\\/www.eldigitaldeasturias.com\\\/noticias#listItem\",\"name\":\"Home\"}},{\"@type\":\"ListItem\",\"@id\":\"https:\\\/\\\/www.eldigitaldeasturias.com\\\/noticias\\\/asturias-regulara-el-uso-del-movil-en-las-aulas\\\/#listItem\",\"position\":3,\"name\":\"Asturias regular\\u00e1 el uso del m\\u00f3vil en las aulas\",\"previousItem\":{\"@type\":\"ListItem\",\"@id\":\"https:\\\/\\\/www.eldigitaldeasturias.com\\\/noticias\\\/category\\\/actualidad-asturias\\\/#listItem\",\"name\":\"Actualidad Asturias\"}}]},{\"@type\":\"Organization\",\"@id\":\"https:\\\/\\\/www.eldigitaldeasturias.com\\\/noticias\\\/#organization\",\"name\":\"El Digital de Asturias\",\"description\":\"Hemeroteca\",\"url\":\"https:\\\/\\\/www.eldigitaldeasturias.com\\\/noticias\\\/\",\"email\":\"info@eldigitaldeasturias.com\",\"telephone\":\"+34652131393\",\"logo\":{\"@type\":\"ImageObject\",\"url\":\"https:\\\/\\\/www.eldigitaldeasturias.com\\\/noticias\\\/wp-content\\\/uploads\\\/2020\\\/12\\\/EDA.jpg\",\"@id\":\"https:\\\/\\\/www.eldigitaldeasturias.com\\\/noticias\\\/asturias-regulara-el-uso-del-movil-en-las-aulas\\\/#organizationLogo\",\"width\":649,\"height\":297},\"image\":{\"@id\":\"https:\\\/\\\/www.eldigitaldeasturias.com\\\/noticias\\\/asturias-regulara-el-uso-del-movil-en-las-aulas\\\/#organizationLogo\"},\"sameAs\":[\"https:\\\/\\\/facebook.com\\\/eldigitaldeasturias\",\"https:\\\/\\\/www.youtube.com\\\/channel\\\/UCZP-2wLEB9Rv6erhFmqVnvg\"],\"address\":{\"@id\":\"https:\\\/\\\/www.eldigitaldeasturias.com\\\/noticias\\\/#postaladdress\",\"@type\":\"PostalAddress\",\"streetAddress\":\"san antonio 4,\",\"postalCode\":\"33430\",\"addressLocality\":\"Cand\\u00e1s\",\"addressRegion\":\"Asturias\",\"addressCountry\":\"ES\"}},{\"@type\":\"Person\",\"@id\":\"https:\\\/\\\/www.eldigitaldeasturias.com\\\/noticias\\\/author\\\/admin\\\/#author\",\"url\":\"https:\\\/\\\/www.eldigitaldeasturias.com\\\/noticias\\\/author\\\/admin\\\/\",\"name\":\"El Digital de Asturias\",\"image\":{\"@type\":\"ImageObject\",\"@id\":\"https:\\\/\\\/www.eldigitaldeasturias.com\\\/noticias\\\/asturias-regulara-el-uso-del-movil-en-las-aulas\\\/#authorImage\",\"url\":\"https:\\\/\\\/www.eldigitaldeasturias.com\\\/noticias\\\/wp-content\\\/litespeed\\\/avatar\\\/18677e78aa0546b92d9dbf31ec7d7668.jpg?ver=1776685526\",\"width\":96,\"height\":96,\"caption\":\"El Digital de Asturias\"}},{\"@type\":\"WebPage\",\"@id\":\"https:\\\/\\\/www.eldigitaldeasturias.com\\\/noticias\\\/asturias-regulara-el-uso-del-movil-en-las-aulas\\\/#webpage\",\"url\":\"https:\\\/\\\/www.eldigitaldeasturias.com\\\/noticias\\\/asturias-regulara-el-uso-del-movil-en-las-aulas\\\/\",\"name\":\"Asturias regular\\u00e1 el uso del m\\u00f3vil en las aulas - El Digital de Asturias\",\"description\":\"La Consejer\\u00eda de Educaci\\u00f3n del Principado de Asturias ha logrado el respaldo de las direcciones de los centros p\\u00fablicos y concertados y de las federaciones\",\"inLanguage\":\"es-ES\",\"isPartOf\":{\"@id\":\"https:\\\/\\\/www.eldigitaldeasturias.com\\\/noticias\\\/#website\"},\"breadcrumb\":{\"@id\":\"https:\\\/\\\/www.eldigitaldeasturias.com\\\/noticias\\\/asturias-regulara-el-uso-del-movil-en-las-aulas\\\/#breadcrumblist\"},\"author\":{\"@id\":\"https:\\\/\\\/www.eldigitaldeasturias.com\\\/noticias\\\/author\\\/admin\\\/#author\"},\"creator\":{\"@id\":\"https:\\\/\\\/www.eldigitaldeasturias.com\\\/noticias\\\/author\\\/admin\\\/#author\"},\"image\":{\"@type\":\"ImageObject\",\"url\":\"https:\\\/\\\/www.eldigitaldeasturias.com\\\/noticias\\\/wp-content\\\/uploads\\\/2024\\\/01\\\/Educacion-Asturias.jpg\",\"@id\":\"https:\\\/\\\/www.eldigitaldeasturias.com\\\/noticias\\\/asturias-regulara-el-uso-del-movil-en-las-aulas\\\/#mainImage\",\"width\":899,\"height\":629,\"caption\":\"Foto: Prensa Gobierno de Asturias\"},\"primaryImageOfPage\":{\"@id\":\"https:\\\/\\\/www.eldigitaldeasturias.com\\\/noticias\\\/asturias-regulara-el-uso-del-movil-en-las-aulas\\\/#mainImage\"},\"datePublished\":\"2024-01-09T20:59:14+01:00\",\"dateModified\":\"2024-01-09T20:59:14+01:00\"},{\"@type\":\"WebSite\",\"@id\":\"https:\\\/\\\/www.eldigitaldeasturias.com\\\/noticias\\\/#website\",\"url\":\"https:\\\/\\\/www.eldigitaldeasturias.com\\\/noticias\\\/\",\"name\":\"El Digital de Asturias - Diario de actualidad y noticias\",\"alternateName\":\"El Digital de Asturias - Diario de actualidad y noticias\",\"description\":\"Hemeroteca\",\"inLanguage\":\"es-ES\",\"publisher\":{\"@id\":\"https:\\\/\\\/www.eldigitaldeasturias.com\\\/noticias\\\/#organization\"}}]}\n\t\t<\/script>\n\t\t<!-- All in One SEO Pro -->\r\n\t\t<title>Asturias regular\u00e1 el uso del m\u00f3vil en las aulas - El Digital de Asturias<\/title>\n\n","aioseo_head_json":{"title":"Asturias regular\u00e1 el uso del m\u00f3vil en las aulas - El Digital de Asturias","description":"La Consejer\u00eda de Educaci\u00f3n del Principado de Asturias ha logrado el respaldo de las direcciones de los centros p\u00fablicos y concertados y de las federaciones","canonical_url":"https:\/\/www.eldigitaldeasturias.com\/noticias\/asturias-regulara-el-uso-del-movil-en-las-aulas\/","robots":"max-image-preview:large","keywords":"actualidad asturias","webmasterTools":{"google-site-verification":"UA-38556648-1","msvalidate.01":"7dfe9f3f1b24437ab69f4f2559babe99","miscellaneous":""},"schema":{"@context":"https:\/\/schema.org","@graph":[{"@type":"BlogPosting","@id":"https:\/\/www.eldigitaldeasturias.com\/noticias\/asturias-regulara-el-uso-del-movil-en-las-aulas\/#blogposting","name":"Asturias regular\u00e1 el uso del m\u00f3vil en las aulas - El Digital de Asturias","headline":"Asturias regular\u00e1 el uso del m\u00f3vil en las aulas","author":{"@id":"https:\/\/www.eldigitaldeasturias.com\/noticias\/author\/admin\/#author"},"publisher":{"@id":"https:\/\/www.eldigitaldeasturias.com\/noticias\/#organization"},"image":{"@type":"ImageObject","url":"https:\/\/www.eldigitaldeasturias.com\/noticias\/wp-content\/uploads\/2024\/01\/Educacion-Asturias.jpg","width":899,"height":629,"caption":"Foto: Prensa Gobierno de Asturias"},"datePublished":"2024-01-09T20:59:14+01:00","dateModified":"2024-01-09T20:59:14+01:00","inLanguage":"es-ES","mainEntityOfPage":{"@id":"https:\/\/www.eldigitaldeasturias.com\/noticias\/asturias-regulara-el-uso-del-movil-en-las-aulas\/#webpage"},"isPartOf":{"@id":"https:\/\/www.eldigitaldeasturias.com\/noticias\/asturias-regulara-el-uso-del-movil-en-las-aulas\/#webpage"},"articleSection":"Actualidad Asturias"},{"@type":"BreadcrumbList","@id":"https:\/\/www.eldigitaldeasturias.com\/noticias\/asturias-regulara-el-uso-del-movil-en-las-aulas\/#breadcrumblist","itemListElement":[{"@type":"ListItem","@id":"https:\/\/www.eldigitaldeasturias.com\/noticias#listItem","position":1,"name":"Home","item":"https:\/\/www.eldigitaldeasturias.com\/noticias","nextItem":{"@type":"ListItem","@id":"https:\/\/www.eldigitaldeasturias.com\/noticias\/category\/actualidad-asturias\/#listItem","name":"Actualidad Asturias"}},{"@type":"ListItem","@id":"https:\/\/www.eldigitaldeasturias.com\/noticias\/category\/actualidad-asturias\/#listItem","position":2,"name":"Actualidad Asturias","item":"https:\/\/www.eldigitaldeasturias.com\/noticias\/category\/actualidad-asturias\/","nextItem":{"@type":"ListItem","@id":"https:\/\/www.eldigitaldeasturias.com\/noticias\/asturias-regulara-el-uso-del-movil-en-las-aulas\/#listItem","name":"Asturias regular\u00e1 el uso del m\u00f3vil en las aulas"},"previousItem":{"@type":"ListItem","@id":"https:\/\/www.eldigitaldeasturias.com\/noticias#listItem","name":"Home"}},{"@type":"ListItem","@id":"https:\/\/www.eldigitaldeasturias.com\/noticias\/asturias-regulara-el-uso-del-movil-en-las-aulas\/#listItem","position":3,"name":"Asturias regular\u00e1 el uso del m\u00f3vil en las aulas","previousItem":{"@type":"ListItem","@id":"https:\/\/www.eldigitaldeasturias.com\/noticias\/category\/actualidad-asturias\/#listItem","name":"Actualidad Asturias"}}]},{"@type":"Organization","@id":"https:\/\/www.eldigitaldeasturias.com\/noticias\/#organization","name":"El Digital de Asturias","description":"Hemeroteca","url":"https:\/\/www.eldigitaldeasturias.com\/noticias\/","email":"info@eldigitaldeasturias.com","telephone":"+34652131393","logo":{"@type":"ImageObject","url":"https:\/\/www.eldigitaldeasturias.com\/noticias\/wp-content\/uploads\/2020\/12\/EDA.jpg","@id":"https:\/\/www.eldigitaldeasturias.com\/noticias\/asturias-regulara-el-uso-del-movil-en-las-aulas\/#organizationLogo","width":649,"height":297},"image":{"@id":"https:\/\/www.eldigitaldeasturias.com\/noticias\/asturias-regulara-el-uso-del-movil-en-las-aulas\/#organizationLogo"},"sameAs":["https:\/\/facebook.com\/eldigitaldeasturias","https:\/\/www.youtube.com\/channel\/UCZP-2wLEB9Rv6erhFmqVnvg"],"address":{"@id":"https:\/\/www.eldigitaldeasturias.com\/noticias\/#postaladdress","@type":"PostalAddress","streetAddress":"san antonio 4,","postalCode":"33430","addressLocality":"Cand\u00e1s","addressRegion":"Asturias","addressCountry":"ES"}},{"@type":"Person","@id":"https:\/\/www.eldigitaldeasturias.com\/noticias\/author\/admin\/#author","url":"https:\/\/www.eldigitaldeasturias.com\/noticias\/author\/admin\/","name":"El Digital de Asturias","image":{"@type":"ImageObject","@id":"https:\/\/www.eldigitaldeasturias.com\/noticias\/asturias-regulara-el-uso-del-movil-en-las-aulas\/#authorImage","url":"https:\/\/www.eldigitaldeasturias.com\/noticias\/wp-content\/litespeed\/avatar\/18677e78aa0546b92d9dbf31ec7d7668.jpg?ver=1776685526","width":96,"height":96,"caption":"El Digital de Asturias"}},{"@type":"WebPage","@id":"https:\/\/www.eldigitaldeasturias.com\/noticias\/asturias-regulara-el-uso-del-movil-en-las-aulas\/#webpage","url":"https:\/\/www.eldigitaldeasturias.com\/noticias\/asturias-regulara-el-uso-del-movil-en-las-aulas\/","name":"Asturias regular\u00e1 el uso del m\u00f3vil en las aulas - El Digital de Asturias","description":"La Consejer\u00eda de Educaci\u00f3n del Principado de Asturias ha logrado el respaldo de las direcciones de los centros p\u00fablicos y concertados y de las federaciones","inLanguage":"es-ES","isPartOf":{"@id":"https:\/\/www.eldigitaldeasturias.com\/noticias\/#website"},"breadcrumb":{"@id":"https:\/\/www.eldigitaldeasturias.com\/noticias\/asturias-regulara-el-uso-del-movil-en-las-aulas\/#breadcrumblist"},"author":{"@id":"https:\/\/www.eldigitaldeasturias.com\/noticias\/author\/admin\/#author"},"creator":{"@id":"https:\/\/www.eldigitaldeasturias.com\/noticias\/author\/admin\/#author"},"image":{"@type":"ImageObject","url":"https:\/\/www.eldigitaldeasturias.com\/noticias\/wp-content\/uploads\/2024\/01\/Educacion-Asturias.jpg","@id":"https:\/\/www.eldigitaldeasturias.com\/noticias\/asturias-regulara-el-uso-del-movil-en-las-aulas\/#mainImage","width":899,"height":629,"caption":"Foto: Prensa Gobierno de Asturias"},"primaryImageOfPage":{"@id":"https:\/\/www.eldigitaldeasturias.com\/noticias\/asturias-regulara-el-uso-del-movil-en-las-aulas\/#mainImage"},"datePublished":"2024-01-09T20:59:14+01:00","dateModified":"2024-01-09T20:59:14+01:00"},{"@type":"WebSite","@id":"https:\/\/www.eldigitaldeasturias.com\/noticias\/#website","url":"https:\/\/www.eldigitaldeasturias.com\/noticias\/","name":"El Digital de Asturias - Diario de actualidad y noticias","alternateName":"El Digital de Asturias - Diario de actualidad y noticias","description":"Hemeroteca","inLanguage":"es-ES","publisher":{"@id":"https:\/\/www.eldigitaldeasturias.com\/noticias\/#organization"}}]},"og:locale":"es_ES","og:site_name":"El Digital de Asturias","og:type":"article","og:title":"Asturias regular\u00e1 el uso del m\u00f3vil en las aulas - El Digital de Asturias","og:description":"La Consejer\u00eda de Educaci\u00f3n del Principado de Asturias ha logrado el respaldo de las direcciones de los centros p\u00fablicos y concertados y de las federaciones","og:url":"https:\/\/www.eldigitaldeasturias.com\/noticias\/asturias-regulara-el-uso-del-movil-en-las-aulas\/","og:image":"https:\/\/www.eldigitaldeasturias.com\/noticias\/wp-content\/uploads\/2024\/01\/Educacion-Asturias.jpg","og:image:secure_url":"https:\/\/www.eldigitaldeasturias.com\/noticias\/wp-content\/uploads\/2024\/01\/Educacion-Asturias.jpg","og:image:width":899,"og:image:height":629,"article:tag":["actualidad asturias"],"article:published_time":"2024-01-09T19:59:14+00:00","article:modified_time":"2024-01-09T19:59:14+00:00","article:publisher":"https:\/\/facebook.com\/eldigitaldeasturias","twitter:card":"summary_large_image","twitter:title":"Asturias regular\u00e1 el uso del m\u00f3vil en las aulas - El Digital de Asturias","twitter:description":"La Consejer\u00eda de Educaci\u00f3n del Principado de Asturias ha logrado el respaldo de las direcciones de los centros p\u00fablicos y concertados y de las federaciones","twitter:image":"https:\/\/www.eldigitaldeasturias.com\/noticias\/wp-content\/uploads\/2024\/01\/Educacion-Asturias.jpg","twitter:label1":"Escrito por","twitter:data1":"El Digital de Asturias","twitter:label2":"Tiempo de lectura estimado","twitter:data2":"3 minutos"},"aioseo_meta_data":{"post_id":"1128044","title":null,"description":"La Consejer\u00eda de Educaci\u00f3n del Principado de Asturias ha logrado el respaldo de las direcciones de los centros p\u00fablicos y concertados y de las federaciones","keywords":[],"keyphrases":{"focus":{"keyphrase":"Asturias","score":100,"analysis":{"keyphraseInTitle":{"score":9,"maxScore":9,"error":0},"keyphraseInDescription":{"score":9,"maxScore":9,"error":0},"keyphraseLength":{"score":9,"maxScore":9,"error":0,"length":1},"keyphraseInURL":{"score":5,"maxScore":5,"error":0},"keyphraseInIntroduction":{"score":9,"maxScore":9,"error":0},"keyphraseInSubHeadings":[],"keyphraseInImageAlt":{"score":9,"maxScore":9,"error":0},"keywordDensity":{"type":"best","score":9,"maxScore":9,"error":0}}},"additional":[{"keyphrase":"Asturias","score":100,"analysis":{"keyphraseInDescription":{"score":9,"maxScore":9,"error":0},"keyphraseLength":{"score":9,"maxScore":9,"error":0,"length":1},"keyphraseInIntroduction":{"score":9,"maxScore":9,"error":0},"keyphraseInImageAlt":{"score":9,"maxScore":9,"error":0},"keywordDensity":{"type":"best","score":9,"maxScore":9,"error":0}}}]},"primary_term":null,"canonical_url":null,"og_title":null,"og_description":null,"og_object_type":"default","og_image_type":"default","og_image_url":null,"og_image_width":null,"og_image_height":null,"og_image_custom_url":null,"og_image_custom_fields":null,"og_video":"","og_custom_url":null,"og_article_section":null,"og_article_tags":[],"twitter_use_og":false,"twitter_card":"default","twitter_image_type":"default","twitter_image_url":null,"twitter_image_custom_url":null,"twitter_image_custom_fields":null,"twitter_title":null,"twitter_description":null,"schema":{"blockGraphs":[],"customGraphs":[],"default":{"data":{"Article":[],"Course":[],"Dataset":[],"FAQPage":[],"Movie":[],"Person":[],"Product":[],"ProductReview":[],"Car":[],"Recipe":[],"Service":[],"SoftwareApplication":[],"WebPage":[]},"graphName":"BlogPosting","isEnabled":true},"graphs":[]},"schema_type":"default","schema_type_options":null,"pillar_content":false,"robots_default":true,"robots_noindex":false,"robots_noarchive":false,"robots_nosnippet":false,"robots_nofollow":false,"robots_noimageindex":false,"robots_noodp":false,"robots_notranslate":false,"robots_max_snippet":"-1","robots_max_videopreview":"-1","robots_max_imagepreview":"large","priority":null,"frequency":"default","local_seo":null,"seo_analyzer_scan_date":"2025-10-06 00:58:07","breadcrumb_settings":null,"limit_modified_date":false,"open_ai":"{\"title\":{\"suggestions\":[],\"usage\":0},\"description\":{\"suggestions\":[],\"usage\":0}}","ai":null,"created":"2024-01-09 19:47:02","updated":"2025-10-09 06:56:52"},"aioseo_breadcrumb":"<div class=\"aioseo-breadcrumbs\"><span class=\"aioseo-breadcrumb\">\n\t<a href=\"https:\/\/www.eldigitaldeasturias.com\/noticias\" title=\"Home\">Home<\/a>\n<\/span><span class=\"aioseo-breadcrumb-separator\">\u2013<\/span><span class=\"aioseo-breadcrumb\">\n\t<a href=\"https:\/\/www.eldigitaldeasturias.com\/noticias\/category\/actualidad-asturias\/\" title=\"Actualidad Asturias\">Actualidad Asturias<\/a>\n<\/span><span class=\"aioseo-breadcrumb-separator\">\u2013<\/span><span class=\"aioseo-breadcrumb\">\n\t<a href=\"https:\/\/www.eldigitaldeasturias.com\/noticias\/asturias-regulara-el-uso-del-movil-en-las-aulas\/\" title=\"Asturias regular\u00e1 el uso del m\u00f3vil en las aulas\">Asturias regular\u00e1 el uso del m\u00f3vil en las aulas<\/a>\n<\/span><\/div>","aioseo_breadcrumb_json":[{"label":"Home","link":"https:\/\/www.eldigitaldeasturias.com\/noticias"},{"label":"Actualidad Asturias","link":"https:\/\/www.eldigitaldeasturias.com\/noticias\/category\/actualidad-asturias\/"},{"label":"Asturias regular\u00e1 el uso del m\u00f3vil en las aulas","link":"https:\/\/www.eldigitaldeasturias.com\/noticias\/asturias-regulara-el-uso-del-movil-en-las-aulas\/"}],"_links":{"self":[{"href":"https:\/\/www.eldigitaldeasturias.com\/noticias\/wp-json\/wp\/v2\/posts\/1128044","targetHints":{"allow":["GET"]}}],"collection":[{"href":"https:\/\/www.eldigitaldeasturias.com\/noticias\/wp-json\/wp\/v2\/posts"}],"about":[{"href":"https:\/\/www.eldigitaldeasturias.com\/noticias\/wp-json\/wp\/v2\/types\/post"}],"author":[{"embeddable":true,"href":"https:\/\/www.eldigitaldeasturias.com\/noticias\/wp-json\/wp\/v2\/users\/1"}],"replies":[{"embeddable":true,"href":"https:\/\/www.eldigitaldeasturias.com\/noticias\/wp-json\/wp\/v2\/comments?post=1128044"}],"version-history":[{"count":0,"href":"https:\/\/www.eldigitaldeasturias.com\/noticias\/wp-json\/wp\/v2\/posts\/1128044\/revisions"}],"wp:featuredmedia":[{"embeddable":true,"href":"https:\/\/www.eldigitaldeasturias.com\/noticias\/wp-json\/wp\/v2\/media\/1128045"}],"wp:attachment":[{"href":"https:\/\/www.eldigitaldeasturias.com\/noticias\/wp-json\/wp\/v2\/media?parent=1128044"}],"wp:term":[{"taxonomy":"category","embeddable":true,"href":"https:\/\/www.eldigitaldeasturias.com\/noticias\/wp-json\/wp\/v2\/categories?post=1128044"},{"taxonomy":"post_tag","embeddable":true,"href":"https:\/\/www.eldigitaldeasturias.com\/noticias\/wp-json\/wp\/v2\/tags?post=1128044"}],"curies":[{"name":"wp","href":"https:\/\/api.w.org\/{rel}","templated":true}]}}