{"id":1128007,"date":"2024-01-08T16:16:55","date_gmt":"2024-01-08T15:16:55","guid":{"rendered":"https:\/\/www.eldigitaldeasturias.com\/noticias\/?p=1128007"},"modified":"2024-01-08T19:10:01","modified_gmt":"2024-01-08T18:10:01","slug":"espina-destaca-la-importante-labor-de-la-fundacion-once-en-asturias","status":"publish","type":"post","link":"https:\/\/www.eldigitaldeasturias.com\/noticias\/espina-destaca-la-importante-labor-de-la-fundacion-once-en-asturias\/","title":{"rendered":"Espina destaca la importante labor de la Fundaci\u00f3n ONCE en Asturias"},"content":{"rendered":"<p>Hoy <a href=\"https:\/\/www.eldigitaldeasturias.com\/noticias\/category\/actualidad-asturias\/\"><span style=\"color: #ff6600;\"><strong>lunes en Asturias<\/strong><\/span><\/a>, la consejera de Educaci\u00f3n del <a title=\"Principado de Asturias\" href=\"https:\/\/actualidad.asturias.es\/\" target=\"_blank\" rel=\"noopener\"><span style=\"color: #ff6600;\"><strong>Principado<\/strong><\/span><\/a>, Lydia Espina, ha mostrado su disponibilidad a renovar el convenio con la Fundaci\u00f3n ONCE, que permite apoyar al <strong>alumnado con discapacidad visual<\/strong>.<\/p>\n<figure id=\"attachment_1128008\" aria-describedby=\"caption-attachment-1128008\" style=\"width: 650px\" class=\"wp-caption aligncenter\"><img loading=\"lazy\" decoding=\"async\" class=\"wp-image-1128008 size-large\" src=\"https:\/\/www.eldigitaldeasturias.com\/noticias\/wp-content\/uploads\/2024\/01\/Espina-Fundacion-ONCE-650x475.jpg\" alt=\"Espina Fundaci\u00f3n ONCE\" width=\"650\" height=\"475\" srcset=\"https:\/\/www.eldigitaldeasturias.com\/noticias\/wp-content\/uploads\/2024\/01\/Espina-Fundacion-ONCE-650x475.jpg 650w, https:\/\/www.eldigitaldeasturias.com\/noticias\/wp-content\/uploads\/2024\/01\/Espina-Fundacion-ONCE-360x263.jpg 360w, https:\/\/www.eldigitaldeasturias.com\/noticias\/wp-content\/uploads\/2024\/01\/Espina-Fundacion-ONCE-410x300.jpg 410w, https:\/\/www.eldigitaldeasturias.com\/noticias\/wp-content\/uploads\/2024\/01\/Espina-Fundacion-ONCE-768x561.jpg 768w, https:\/\/www.eldigitaldeasturias.com\/noticias\/wp-content\/uploads\/2024\/01\/Espina-Fundacion-ONCE-150x110.jpg 150w, https:\/\/www.eldigitaldeasturias.com\/noticias\/wp-content\/uploads\/2024\/01\/Espina-Fundacion-ONCE-450x329.jpg 450w, https:\/\/www.eldigitaldeasturias.com\/noticias\/wp-content\/uploads\/2024\/01\/Espina-Fundacion-ONCE.jpg 870w\" sizes=\"auto, (max-width: 650px) 100vw, 650px\" \/><figcaption id=\"caption-attachment-1128008\" class=\"wp-caption-text\">Foto: Prensa Gobierno de Asturias<\/figcaption><\/figure>\n<p>La consejera de Educaci\u00f3n, Lydia Espina, ha mostrado su disponibilidad a renovar el convenio de colaboraci\u00f3n con la Fundaci\u00f3n ONCE, un acuerdo que ha permitido crear un equipo mixto que atiende al alumnado con discapacidad visual en los centros de ense\u00f1anza.<\/p>\n<blockquote><p>Espina se lo ha trasladado hoy a la delegada de la ONCE en Asturias, Yobanka Cuervo, y al director del Centro de Recursos Educativos de Pontevedra, Jos\u00e9 \u00c1ngel Abraldes, con quienes se ha reunido esta ma\u00f1ana en Oviedo\/Uvi\u00e9u.<\/p><\/blockquote>\n<p>El convenio tiene una vigencia de cuatro a\u00f1os y finaliza en diciembre de 2024. Ese equipo mixto est\u00e1 formado por cinco maestras de la ONCE y otras dos aportadas por la consejer\u00eda, que realizan visitas con una periodicidad variable al alumnado con discapacidad visual. Desde la fundaci\u00f3n han planteado al Principado que incorpore a un docente m\u00e1s en el pr\u00f3ximo convenio, una petici\u00f3n que la consejera se ha comprometido a estudiar.<\/p>\n<p><strong>Espina ha agradecido \u201cel esfuerzo y la enorme labor de la Fundaci\u00f3n ONCE en los centros de ense\u00f1anza, que es muy positiva para el desarrollo educativo de este alumnado\u201d<\/strong> y ha elogiado tambi\u00e9n \u201cla estrecha colaboraci\u00f3n y sinton\u00eda entre la consejer\u00eda y la fundaci\u00f3n\u201d.<\/p>\n<p>La consejera se ha comprometido, adem\u00e1s, a realizar una visita a la sede de la ONCE en Oviedo\/Uvi\u00e9u, acompa\u00f1ada por el director general de Inclusi\u00f3n Educativa y Ordenaci\u00f3n, David Artime.<\/p>\n","protected":false},"excerpt":{"rendered":"<p>Hoy lunes en Asturias, la consejera de Educaci\u00f3n del Principado, Lydia Espina, ha mostrado su disponibilidad a renovar el convenio con la Fundaci\u00f3n ONCE, que permite apoyar al alumnado con discapacidad visual. La consejera de Educaci\u00f3n, Lydia Espina, ha mostrado su disponibilidad a renovar el convenio de colaboraci\u00f3n con la Fundaci\u00f3n ONCE, un acuerdo que [&hellip;]<\/p>\n","protected":false},"author":1,"featured_media":1128008,"comment_status":"closed","ping_status":"closed","sticky":false,"template":"","format":"standard","meta":{"footnotes":""},"categories":[12],"tags":[],"class_list":["post-1128007","post","type-post","status-publish","format-standard","has-post-thumbnail","hentry","category-actualidad-asturias"],"aioseo_notices":[],"aioseo_head":"\n\t\t<!-- All in One SEO Pro 4.9.6.2 - aioseo.com -->\n\t<meta name=\"description\" content=\"Hoy lunes en Asturias, la consejera de Educaci\u00f3n del Principado, Lydia Espina, ha mostrado su disponibilidad a renovar el convenio con la Fundaci\u00f3n ONCE\" \/>\n\t<meta name=\"robots\" content=\"max-image-preview:large\" \/>\n\t<meta name=\"author\" content=\"El Digital de Asturias\"\/>\n\t<meta name=\"google-site-verification\" content=\"UA-38556648-1\" \/>\n\t<meta name=\"msvalidate.01\" content=\"7dfe9f3f1b24437ab69f4f2559babe99\" \/>\n\t<meta name=\"keywords\" content=\"actualidad asturias\" \/>\n\t<link rel=\"canonical\" href=\"https:\/\/www.eldigitaldeasturias.com\/noticias\/espina-destaca-la-importante-labor-de-la-fundacion-once-en-asturias\/\" \/>\n\t<meta name=\"generator\" content=\"All in One SEO Pro (AIOSEO) 4.9.6.2\" \/>\n\t\t<meta property=\"og:locale\" content=\"es_ES\" \/>\n\t\t<meta property=\"og:site_name\" content=\"El Digital de Asturias\" \/>\n\t\t<meta property=\"og:type\" content=\"article\" \/>\n\t\t<meta property=\"og:title\" content=\"Espina destaca la importante labor de la Fundaci\u00f3n ONCE en Asturias - El Digital de Asturias\" \/>\n\t\t<meta property=\"og:description\" content=\"Hoy lunes en Asturias, la consejera de Educaci\u00f3n del Principado, Lydia Espina, ha mostrado su disponibilidad a renovar el convenio con la Fundaci\u00f3n ONCE\" \/>\n\t\t<meta property=\"og:url\" content=\"https:\/\/www.eldigitaldeasturias.com\/noticias\/espina-destaca-la-importante-labor-de-la-fundacion-once-en-asturias\/\" \/>\n\t\t<meta property=\"og:image\" content=\"https:\/\/www.eldigitaldeasturias.com\/noticias\/wp-content\/uploads\/2024\/01\/Espina-Fundacion-ONCE.jpg\" \/>\n\t\t<meta property=\"og:image:secure_url\" content=\"https:\/\/www.eldigitaldeasturias.com\/noticias\/wp-content\/uploads\/2024\/01\/Espina-Fundacion-ONCE.jpg\" \/>\n\t\t<meta property=\"og:image:width\" content=\"870\" \/>\n\t\t<meta property=\"og:image:height\" content=\"636\" \/>\n\t\t<meta property=\"article:tag\" content=\"actualidad asturias\" \/>\n\t\t<meta property=\"article:published_time\" content=\"2024-01-08T15:16:55+00:00\" \/>\n\t\t<meta property=\"article:modified_time\" content=\"2024-01-08T18:10:01+00:00\" \/>\n\t\t<meta property=\"article:publisher\" content=\"https:\/\/facebook.com\/eldigitaldeasturias\" \/>\n\t\t<meta name=\"twitter:card\" content=\"summary_large_image\" \/>\n\t\t<meta name=\"twitter:title\" content=\"Espina destaca la importante labor de la Fundaci\u00f3n ONCE en Asturias - El Digital de Asturias\" \/>\n\t\t<meta name=\"twitter:description\" content=\"Hoy lunes en Asturias, la consejera de Educaci\u00f3n del Principado, Lydia Espina, ha mostrado su disponibilidad a renovar el convenio con la Fundaci\u00f3n ONCE\" \/>\n\t\t<meta name=\"twitter:image\" content=\"https:\/\/www.eldigitaldeasturias.com\/noticias\/wp-content\/uploads\/2024\/01\/Espina-Fundacion-ONCE.jpg\" \/>\n\t\t<meta name=\"twitter:label1\" content=\"Escrito por\" \/>\n\t\t<meta name=\"twitter:data1\" content=\"El Digital de Asturias\" \/>\n\t\t<meta name=\"twitter:label2\" content=\"Tiempo de lectura estimado\" \/>\n\t\t<meta name=\"twitter:data2\" content=\"1 minuto\" \/>\n\t\t<script type=\"application\/ld+json\" class=\"aioseo-schema\">\n\t\t\t{\"@context\":\"https:\\\/\\\/schema.org\",\"@graph\":[{\"@type\":\"BlogPosting\",\"@id\":\"https:\\\/\\\/www.eldigitaldeasturias.com\\\/noticias\\\/espina-destaca-la-importante-labor-de-la-fundacion-once-en-asturias\\\/#blogposting\",\"name\":\"Espina destaca la importante labor de la Fundaci\\u00f3n ONCE en Asturias - El Digital de Asturias\",\"headline\":\"Espina destaca la importante labor de la Fundaci\\u00f3n ONCE en Asturias\",\"author\":{\"@id\":\"https:\\\/\\\/www.eldigitaldeasturias.com\\\/noticias\\\/author\\\/admin\\\/#author\"},\"publisher\":{\"@id\":\"https:\\\/\\\/www.eldigitaldeasturias.com\\\/noticias\\\/#organization\"},\"image\":{\"@type\":\"ImageObject\",\"url\":\"https:\\\/\\\/www.eldigitaldeasturias.com\\\/noticias\\\/wp-content\\\/uploads\\\/2024\\\/01\\\/Espina-Fundacion-ONCE.jpg\",\"width\":870,\"height\":636,\"caption\":\"Foto: Prensa Gobierno de Asturias\"},\"datePublished\":\"2024-01-08T16:16:55+01:00\",\"dateModified\":\"2024-01-08T19:10:01+01:00\",\"inLanguage\":\"es-ES\",\"mainEntityOfPage\":{\"@id\":\"https:\\\/\\\/www.eldigitaldeasturias.com\\\/noticias\\\/espina-destaca-la-importante-labor-de-la-fundacion-once-en-asturias\\\/#webpage\"},\"isPartOf\":{\"@id\":\"https:\\\/\\\/www.eldigitaldeasturias.com\\\/noticias\\\/espina-destaca-la-importante-labor-de-la-fundacion-once-en-asturias\\\/#webpage\"},\"articleSection\":\"Actualidad Asturias\"},{\"@type\":\"BreadcrumbList\",\"@id\":\"https:\\\/\\\/www.eldigitaldeasturias.com\\\/noticias\\\/espina-destaca-la-importante-labor-de-la-fundacion-once-en-asturias\\\/#breadcrumblist\",\"itemListElement\":[{\"@type\":\"ListItem\",\"@id\":\"https:\\\/\\\/www.eldigitaldeasturias.com\\\/noticias#listItem\",\"position\":1,\"name\":\"Home\",\"item\":\"https:\\\/\\\/www.eldigitaldeasturias.com\\\/noticias\",\"nextItem\":{\"@type\":\"ListItem\",\"@id\":\"https:\\\/\\\/www.eldigitaldeasturias.com\\\/noticias\\\/category\\\/actualidad-asturias\\\/#listItem\",\"name\":\"Actualidad Asturias\"}},{\"@type\":\"ListItem\",\"@id\":\"https:\\\/\\\/www.eldigitaldeasturias.com\\\/noticias\\\/category\\\/actualidad-asturias\\\/#listItem\",\"position\":2,\"name\":\"Actualidad Asturias\",\"item\":\"https:\\\/\\\/www.eldigitaldeasturias.com\\\/noticias\\\/category\\\/actualidad-asturias\\\/\",\"nextItem\":{\"@type\":\"ListItem\",\"@id\":\"https:\\\/\\\/www.eldigitaldeasturias.com\\\/noticias\\\/espina-destaca-la-importante-labor-de-la-fundacion-once-en-asturias\\\/#listItem\",\"name\":\"Espina destaca la importante labor de la Fundaci\\u00f3n ONCE en Asturias\"},\"previousItem\":{\"@type\":\"ListItem\",\"@id\":\"https:\\\/\\\/www.eldigitaldeasturias.com\\\/noticias#listItem\",\"name\":\"Home\"}},{\"@type\":\"ListItem\",\"@id\":\"https:\\\/\\\/www.eldigitaldeasturias.com\\\/noticias\\\/espina-destaca-la-importante-labor-de-la-fundacion-once-en-asturias\\\/#listItem\",\"position\":3,\"name\":\"Espina destaca la importante labor de la Fundaci\\u00f3n ONCE en Asturias\",\"previousItem\":{\"@type\":\"ListItem\",\"@id\":\"https:\\\/\\\/www.eldigitaldeasturias.com\\\/noticias\\\/category\\\/actualidad-asturias\\\/#listItem\",\"name\":\"Actualidad Asturias\"}}]},{\"@type\":\"Organization\",\"@id\":\"https:\\\/\\\/www.eldigitaldeasturias.com\\\/noticias\\\/#organization\",\"name\":\"El Digital de Asturias\",\"description\":\"Hemeroteca\",\"url\":\"https:\\\/\\\/www.eldigitaldeasturias.com\\\/noticias\\\/\",\"email\":\"info@eldigitaldeasturias.com\",\"telephone\":\"+34652131393\",\"logo\":{\"@type\":\"ImageObject\",\"url\":\"https:\\\/\\\/www.eldigitaldeasturias.com\\\/noticias\\\/wp-content\\\/uploads\\\/2020\\\/12\\\/EDA.jpg\",\"@id\":\"https:\\\/\\\/www.eldigitaldeasturias.com\\\/noticias\\\/espina-destaca-la-importante-labor-de-la-fundacion-once-en-asturias\\\/#organizationLogo\",\"width\":649,\"height\":297},\"image\":{\"@id\":\"https:\\\/\\\/www.eldigitaldeasturias.com\\\/noticias\\\/espina-destaca-la-importante-labor-de-la-fundacion-once-en-asturias\\\/#organizationLogo\"},\"sameAs\":[\"https:\\\/\\\/facebook.com\\\/eldigitaldeasturias\",\"https:\\\/\\\/www.youtube.com\\\/channel\\\/UCZP-2wLEB9Rv6erhFmqVnvg\"],\"address\":{\"@id\":\"https:\\\/\\\/www.eldigitaldeasturias.com\\\/noticias\\\/#postaladdress\",\"@type\":\"PostalAddress\",\"streetAddress\":\"san antonio 4,\",\"postalCode\":\"33430\",\"addressLocality\":\"Cand\\u00e1s\",\"addressRegion\":\"Asturias\",\"addressCountry\":\"ES\"}},{\"@type\":\"Person\",\"@id\":\"https:\\\/\\\/www.eldigitaldeasturias.com\\\/noticias\\\/author\\\/admin\\\/#author\",\"url\":\"https:\\\/\\\/www.eldigitaldeasturias.com\\\/noticias\\\/author\\\/admin\\\/\",\"name\":\"El Digital de Asturias\",\"image\":{\"@type\":\"ImageObject\",\"@id\":\"https:\\\/\\\/www.eldigitaldeasturias.com\\\/noticias\\\/espina-destaca-la-importante-labor-de-la-fundacion-once-en-asturias\\\/#authorImage\",\"url\":\"https:\\\/\\\/www.eldigitaldeasturias.com\\\/noticias\\\/wp-content\\\/litespeed\\\/avatar\\\/18677e78aa0546b92d9dbf31ec7d7668.jpg?ver=1776685526\",\"width\":96,\"height\":96,\"caption\":\"El Digital de Asturias\"}},{\"@type\":\"WebPage\",\"@id\":\"https:\\\/\\\/www.eldigitaldeasturias.com\\\/noticias\\\/espina-destaca-la-importante-labor-de-la-fundacion-once-en-asturias\\\/#webpage\",\"url\":\"https:\\\/\\\/www.eldigitaldeasturias.com\\\/noticias\\\/espina-destaca-la-importante-labor-de-la-fundacion-once-en-asturias\\\/\",\"name\":\"Espina destaca la importante labor de la Fundaci\\u00f3n ONCE en Asturias - El Digital de Asturias\",\"description\":\"Hoy lunes en Asturias, la consejera de Educaci\\u00f3n del Principado, Lydia Espina, ha mostrado su disponibilidad a renovar el convenio con la Fundaci\\u00f3n ONCE\",\"inLanguage\":\"es-ES\",\"isPartOf\":{\"@id\":\"https:\\\/\\\/www.eldigitaldeasturias.com\\\/noticias\\\/#website\"},\"breadcrumb\":{\"@id\":\"https:\\\/\\\/www.eldigitaldeasturias.com\\\/noticias\\\/espina-destaca-la-importante-labor-de-la-fundacion-once-en-asturias\\\/#breadcrumblist\"},\"author\":{\"@id\":\"https:\\\/\\\/www.eldigitaldeasturias.com\\\/noticias\\\/author\\\/admin\\\/#author\"},\"creator\":{\"@id\":\"https:\\\/\\\/www.eldigitaldeasturias.com\\\/noticias\\\/author\\\/admin\\\/#author\"},\"image\":{\"@type\":\"ImageObject\",\"url\":\"https:\\\/\\\/www.eldigitaldeasturias.com\\\/noticias\\\/wp-content\\\/uploads\\\/2024\\\/01\\\/Espina-Fundacion-ONCE.jpg\",\"@id\":\"https:\\\/\\\/www.eldigitaldeasturias.com\\\/noticias\\\/espina-destaca-la-importante-labor-de-la-fundacion-once-en-asturias\\\/#mainImage\",\"width\":870,\"height\":636,\"caption\":\"Foto: Prensa Gobierno de Asturias\"},\"primaryImageOfPage\":{\"@id\":\"https:\\\/\\\/www.eldigitaldeasturias.com\\\/noticias\\\/espina-destaca-la-importante-labor-de-la-fundacion-once-en-asturias\\\/#mainImage\"},\"datePublished\":\"2024-01-08T16:16:55+01:00\",\"dateModified\":\"2024-01-08T19:10:01+01:00\"},{\"@type\":\"WebSite\",\"@id\":\"https:\\\/\\\/www.eldigitaldeasturias.com\\\/noticias\\\/#website\",\"url\":\"https:\\\/\\\/www.eldigitaldeasturias.com\\\/noticias\\\/\",\"name\":\"El Digital de Asturias - Diario de actualidad y noticias\",\"alternateName\":\"El Digital de Asturias - Diario de actualidad y noticias\",\"description\":\"Hemeroteca\",\"inLanguage\":\"es-ES\",\"publisher\":{\"@id\":\"https:\\\/\\\/www.eldigitaldeasturias.com\\\/noticias\\\/#organization\"}}]}\n\t\t<\/script>\n\t\t<!-- All in One SEO Pro -->\r\n\t\t<title>Espina destaca la importante labor de la Fundaci\u00f3n ONCE en Asturias - El Digital de Asturias<\/title>\n\n","aioseo_head_json":{"title":"Espina destaca la importante labor de la Fundaci\u00f3n ONCE en Asturias - El Digital de Asturias","description":"Hoy lunes en Asturias, la consejera de Educaci\u00f3n del Principado, Lydia Espina, ha mostrado su disponibilidad a renovar el convenio con la Fundaci\u00f3n ONCE","canonical_url":"https:\/\/www.eldigitaldeasturias.com\/noticias\/espina-destaca-la-importante-labor-de-la-fundacion-once-en-asturias\/","robots":"max-image-preview:large","keywords":"actualidad asturias","webmasterTools":{"google-site-verification":"UA-38556648-1","msvalidate.01":"7dfe9f3f1b24437ab69f4f2559babe99","miscellaneous":""},"schema":{"@context":"https:\/\/schema.org","@graph":[{"@type":"BlogPosting","@id":"https:\/\/www.eldigitaldeasturias.com\/noticias\/espina-destaca-la-importante-labor-de-la-fundacion-once-en-asturias\/#blogposting","name":"Espina destaca la importante labor de la Fundaci\u00f3n ONCE en Asturias - El Digital de Asturias","headline":"Espina destaca la importante labor de la Fundaci\u00f3n ONCE en Asturias","author":{"@id":"https:\/\/www.eldigitaldeasturias.com\/noticias\/author\/admin\/#author"},"publisher":{"@id":"https:\/\/www.eldigitaldeasturias.com\/noticias\/#organization"},"image":{"@type":"ImageObject","url":"https:\/\/www.eldigitaldeasturias.com\/noticias\/wp-content\/uploads\/2024\/01\/Espina-Fundacion-ONCE.jpg","width":870,"height":636,"caption":"Foto: Prensa Gobierno de Asturias"},"datePublished":"2024-01-08T16:16:55+01:00","dateModified":"2024-01-08T19:10:01+01:00","inLanguage":"es-ES","mainEntityOfPage":{"@id":"https:\/\/www.eldigitaldeasturias.com\/noticias\/espina-destaca-la-importante-labor-de-la-fundacion-once-en-asturias\/#webpage"},"isPartOf":{"@id":"https:\/\/www.eldigitaldeasturias.com\/noticias\/espina-destaca-la-importante-labor-de-la-fundacion-once-en-asturias\/#webpage"},"articleSection":"Actualidad Asturias"},{"@type":"BreadcrumbList","@id":"https:\/\/www.eldigitaldeasturias.com\/noticias\/espina-destaca-la-importante-labor-de-la-fundacion-once-en-asturias\/#breadcrumblist","itemListElement":[{"@type":"ListItem","@id":"https:\/\/www.eldigitaldeasturias.com\/noticias#listItem","position":1,"name":"Home","item":"https:\/\/www.eldigitaldeasturias.com\/noticias","nextItem":{"@type":"ListItem","@id":"https:\/\/www.eldigitaldeasturias.com\/noticias\/category\/actualidad-asturias\/#listItem","name":"Actualidad Asturias"}},{"@type":"ListItem","@id":"https:\/\/www.eldigitaldeasturias.com\/noticias\/category\/actualidad-asturias\/#listItem","position":2,"name":"Actualidad Asturias","item":"https:\/\/www.eldigitaldeasturias.com\/noticias\/category\/actualidad-asturias\/","nextItem":{"@type":"ListItem","@id":"https:\/\/www.eldigitaldeasturias.com\/noticias\/espina-destaca-la-importante-labor-de-la-fundacion-once-en-asturias\/#listItem","name":"Espina destaca la importante labor de la Fundaci\u00f3n ONCE en Asturias"},"previousItem":{"@type":"ListItem","@id":"https:\/\/www.eldigitaldeasturias.com\/noticias#listItem","name":"Home"}},{"@type":"ListItem","@id":"https:\/\/www.eldigitaldeasturias.com\/noticias\/espina-destaca-la-importante-labor-de-la-fundacion-once-en-asturias\/#listItem","position":3,"name":"Espina destaca la importante labor de la Fundaci\u00f3n ONCE en Asturias","previousItem":{"@type":"ListItem","@id":"https:\/\/www.eldigitaldeasturias.com\/noticias\/category\/actualidad-asturias\/#listItem","name":"Actualidad Asturias"}}]},{"@type":"Organization","@id":"https:\/\/www.eldigitaldeasturias.com\/noticias\/#organization","name":"El Digital de Asturias","description":"Hemeroteca","url":"https:\/\/www.eldigitaldeasturias.com\/noticias\/","email":"info@eldigitaldeasturias.com","telephone":"+34652131393","logo":{"@type":"ImageObject","url":"https:\/\/www.eldigitaldeasturias.com\/noticias\/wp-content\/uploads\/2020\/12\/EDA.jpg","@id":"https:\/\/www.eldigitaldeasturias.com\/noticias\/espina-destaca-la-importante-labor-de-la-fundacion-once-en-asturias\/#organizationLogo","width":649,"height":297},"image":{"@id":"https:\/\/www.eldigitaldeasturias.com\/noticias\/espina-destaca-la-importante-labor-de-la-fundacion-once-en-asturias\/#organizationLogo"},"sameAs":["https:\/\/facebook.com\/eldigitaldeasturias","https:\/\/www.youtube.com\/channel\/UCZP-2wLEB9Rv6erhFmqVnvg"],"address":{"@id":"https:\/\/www.eldigitaldeasturias.com\/noticias\/#postaladdress","@type":"PostalAddress","streetAddress":"san antonio 4,","postalCode":"33430","addressLocality":"Cand\u00e1s","addressRegion":"Asturias","addressCountry":"ES"}},{"@type":"Person","@id":"https:\/\/www.eldigitaldeasturias.com\/noticias\/author\/admin\/#author","url":"https:\/\/www.eldigitaldeasturias.com\/noticias\/author\/admin\/","name":"El Digital de Asturias","image":{"@type":"ImageObject","@id":"https:\/\/www.eldigitaldeasturias.com\/noticias\/espina-destaca-la-importante-labor-de-la-fundacion-once-en-asturias\/#authorImage","url":"https:\/\/www.eldigitaldeasturias.com\/noticias\/wp-content\/litespeed\/avatar\/18677e78aa0546b92d9dbf31ec7d7668.jpg?ver=1776685526","width":96,"height":96,"caption":"El Digital de Asturias"}},{"@type":"WebPage","@id":"https:\/\/www.eldigitaldeasturias.com\/noticias\/espina-destaca-la-importante-labor-de-la-fundacion-once-en-asturias\/#webpage","url":"https:\/\/www.eldigitaldeasturias.com\/noticias\/espina-destaca-la-importante-labor-de-la-fundacion-once-en-asturias\/","name":"Espina destaca la importante labor de la Fundaci\u00f3n ONCE en Asturias - El Digital de Asturias","description":"Hoy lunes en Asturias, la consejera de Educaci\u00f3n del Principado, Lydia Espina, ha mostrado su disponibilidad a renovar el convenio con la Fundaci\u00f3n ONCE","inLanguage":"es-ES","isPartOf":{"@id":"https:\/\/www.eldigitaldeasturias.com\/noticias\/#website"},"breadcrumb":{"@id":"https:\/\/www.eldigitaldeasturias.com\/noticias\/espina-destaca-la-importante-labor-de-la-fundacion-once-en-asturias\/#breadcrumblist"},"author":{"@id":"https:\/\/www.eldigitaldeasturias.com\/noticias\/author\/admin\/#author"},"creator":{"@id":"https:\/\/www.eldigitaldeasturias.com\/noticias\/author\/admin\/#author"},"image":{"@type":"ImageObject","url":"https:\/\/www.eldigitaldeasturias.com\/noticias\/wp-content\/uploads\/2024\/01\/Espina-Fundacion-ONCE.jpg","@id":"https:\/\/www.eldigitaldeasturias.com\/noticias\/espina-destaca-la-importante-labor-de-la-fundacion-once-en-asturias\/#mainImage","width":870,"height":636,"caption":"Foto: Prensa Gobierno de Asturias"},"primaryImageOfPage":{"@id":"https:\/\/www.eldigitaldeasturias.com\/noticias\/espina-destaca-la-importante-labor-de-la-fundacion-once-en-asturias\/#mainImage"},"datePublished":"2024-01-08T16:16:55+01:00","dateModified":"2024-01-08T19:10:01+01:00"},{"@type":"WebSite","@id":"https:\/\/www.eldigitaldeasturias.com\/noticias\/#website","url":"https:\/\/www.eldigitaldeasturias.com\/noticias\/","name":"El Digital de Asturias - Diario de actualidad y noticias","alternateName":"El Digital de Asturias - Diario de actualidad y noticias","description":"Hemeroteca","inLanguage":"es-ES","publisher":{"@id":"https:\/\/www.eldigitaldeasturias.com\/noticias\/#organization"}}]},"og:locale":"es_ES","og:site_name":"El Digital de Asturias","og:type":"article","og:title":"Espina destaca la importante labor de la Fundaci\u00f3n ONCE en Asturias - El Digital de Asturias","og:description":"Hoy lunes en Asturias, la consejera de Educaci\u00f3n del Principado, Lydia Espina, ha mostrado su disponibilidad a renovar el convenio con la Fundaci\u00f3n ONCE","og:url":"https:\/\/www.eldigitaldeasturias.com\/noticias\/espina-destaca-la-importante-labor-de-la-fundacion-once-en-asturias\/","og:image":"https:\/\/www.eldigitaldeasturias.com\/noticias\/wp-content\/uploads\/2024\/01\/Espina-Fundacion-ONCE.jpg","og:image:secure_url":"https:\/\/www.eldigitaldeasturias.com\/noticias\/wp-content\/uploads\/2024\/01\/Espina-Fundacion-ONCE.jpg","og:image:width":870,"og:image:height":636,"article:tag":["actualidad asturias"],"article:published_time":"2024-01-08T15:16:55+00:00","article:modified_time":"2024-01-08T18:10:01+00:00","article:publisher":"https:\/\/facebook.com\/eldigitaldeasturias","twitter:card":"summary_large_image","twitter:title":"Espina destaca la importante labor de la Fundaci\u00f3n ONCE en Asturias - El Digital de Asturias","twitter:description":"Hoy lunes en Asturias, la consejera de Educaci\u00f3n del Principado, Lydia Espina, ha mostrado su disponibilidad a renovar el convenio con la Fundaci\u00f3n ONCE","twitter:image":"https:\/\/www.eldigitaldeasturias.com\/noticias\/wp-content\/uploads\/2024\/01\/Espina-Fundacion-ONCE.jpg","twitter:label1":"Escrito por","twitter:data1":"El Digital de Asturias","twitter:label2":"Tiempo de lectura estimado","twitter:data2":"1 minuto"},"aioseo_meta_data":{"post_id":"1128007","title":null,"description":"Hoy lunes en Asturias, la consejera de Educaci\u00f3n del Principado, Lydia Espina, ha mostrado su disponibilidad a renovar el convenio con la Fundaci\u00f3n ONCE","keywords":[],"keyphrases":{"focus":{"keyphrase":"Espina","score":100,"analysis":{"keyphraseInTitle":{"score":9,"maxScore":9,"error":0},"keyphraseInDescription":{"score":9,"maxScore":9,"error":0},"keyphraseLength":{"score":9,"maxScore":9,"error":0,"length":1},"keyphraseInURL":{"score":5,"maxScore":5,"error":0},"keyphraseInIntroduction":{"score":9,"maxScore":9,"error":0},"keyphraseInSubHeadings":[],"keyphraseInImageAlt":{"score":9,"maxScore":9,"error":0},"keywordDensity":{"type":"best","score":9,"maxScore":9,"error":0}}},"additional":[{"keyphrase":"Fundaci\u00f3n ONCE","score":100,"analysis":{"keyphraseInDescription":{"score":9,"maxScore":9,"error":0},"keyphraseLength":{"score":9,"maxScore":9,"error":0,"length":3},"keyphraseInIntroduction":{"score":9,"maxScore":9,"error":0},"keyphraseInImageAlt":{"score":9,"maxScore":9,"error":0},"keywordDensity":{"type":"best","score":9,"maxScore":9,"error":0}}},{"keyphrase":"Asturias","score":87,"analysis":{"keyphraseInDescription":{"score":9,"maxScore":9,"error":0},"keyphraseLength":{"score":9,"maxScore":9,"error":0,"length":1},"keyphraseInIntroduction":{"score":9,"maxScore":9,"error":0},"keyphraseInImageAlt":{"score":3,"maxScore":9,"error":1},"keywordDensity":{"type":"best","score":9,"maxScore":9,"error":0}}}]},"primary_term":null,"canonical_url":null,"og_title":null,"og_description":null,"og_object_type":"default","og_image_type":"default","og_image_url":null,"og_image_width":null,"og_image_height":null,"og_image_custom_url":null,"og_image_custom_fields":null,"og_video":"","og_custom_url":null,"og_article_section":null,"og_article_tags":[],"twitter_use_og":false,"twitter_card":"default","twitter_image_type":"default","twitter_image_url":null,"twitter_image_custom_url":null,"twitter_image_custom_fields":null,"twitter_title":null,"twitter_description":null,"schema":{"blockGraphs":[],"customGraphs":[],"default":{"data":{"Article":[],"Course":[],"Dataset":[],"FAQPage":[],"Movie":[],"Person":[],"Product":[],"ProductReview":[],"Car":[],"Recipe":[],"Service":[],"SoftwareApplication":[],"WebPage":[]},"graphName":"BlogPosting","isEnabled":true},"graphs":[]},"schema_type":"default","schema_type_options":null,"pillar_content":false,"robots_default":true,"robots_noindex":false,"robots_noarchive":false,"robots_nosnippet":false,"robots_nofollow":false,"robots_noimageindex":false,"robots_noodp":false,"robots_notranslate":false,"robots_max_snippet":"-1","robots_max_videopreview":"-1","robots_max_imagepreview":"large","priority":null,"frequency":"default","local_seo":null,"seo_analyzer_scan_date":"2025-10-06 00:44:16","breadcrumb_settings":null,"limit_modified_date":false,"open_ai":"{\"title\":{\"suggestions\":[],\"usage\":0},\"description\":{\"suggestions\":[],\"usage\":0}}","ai":null,"created":"2024-01-08 15:10:33","updated":"2025-10-09 06:49:33"},"aioseo_breadcrumb":"<div class=\"aioseo-breadcrumbs\"><span class=\"aioseo-breadcrumb\">\n\t<a href=\"https:\/\/www.eldigitaldeasturias.com\/noticias\" title=\"Home\">Home<\/a>\n<\/span><span class=\"aioseo-breadcrumb-separator\">\u2013<\/span><span class=\"aioseo-breadcrumb\">\n\t<a href=\"https:\/\/www.eldigitaldeasturias.com\/noticias\/category\/actualidad-asturias\/\" title=\"Actualidad Asturias\">Actualidad Asturias<\/a>\n<\/span><span class=\"aioseo-breadcrumb-separator\">\u2013<\/span><span class=\"aioseo-breadcrumb\">\n\t<a href=\"https:\/\/www.eldigitaldeasturias.com\/noticias\/espina-destaca-la-importante-labor-de-la-fundacion-once-en-asturias\/\" title=\"Espina destaca la importante labor de la Fundaci\u00f3n ONCE en Asturias\">Espina destaca la importante labor de la Fundaci\u00f3n ONCE en Asturias<\/a>\n<\/span><\/div>","aioseo_breadcrumb_json":[{"label":"Home","link":"https:\/\/www.eldigitaldeasturias.com\/noticias"},{"label":"Actualidad Asturias","link":"https:\/\/www.eldigitaldeasturias.com\/noticias\/category\/actualidad-asturias\/"},{"label":"Espina destaca la importante labor de la Fundaci\u00f3n ONCE en Asturias","link":"https:\/\/www.eldigitaldeasturias.com\/noticias\/espina-destaca-la-importante-labor-de-la-fundacion-once-en-asturias\/"}],"_links":{"self":[{"href":"https:\/\/www.eldigitaldeasturias.com\/noticias\/wp-json\/wp\/v2\/posts\/1128007","targetHints":{"allow":["GET"]}}],"collection":[{"href":"https:\/\/www.eldigitaldeasturias.com\/noticias\/wp-json\/wp\/v2\/posts"}],"about":[{"href":"https:\/\/www.eldigitaldeasturias.com\/noticias\/wp-json\/wp\/v2\/types\/post"}],"author":[{"embeddable":true,"href":"https:\/\/www.eldigitaldeasturias.com\/noticias\/wp-json\/wp\/v2\/users\/1"}],"replies":[{"embeddable":true,"href":"https:\/\/www.eldigitaldeasturias.com\/noticias\/wp-json\/wp\/v2\/comments?post=1128007"}],"version-history":[{"count":0,"href":"https:\/\/www.eldigitaldeasturias.com\/noticias\/wp-json\/wp\/v2\/posts\/1128007\/revisions"}],"wp:featuredmedia":[{"embeddable":true,"href":"https:\/\/www.eldigitaldeasturias.com\/noticias\/wp-json\/wp\/v2\/media\/1128008"}],"wp:attachment":[{"href":"https:\/\/www.eldigitaldeasturias.com\/noticias\/wp-json\/wp\/v2\/media?parent=1128007"}],"wp:term":[{"taxonomy":"category","embeddable":true,"href":"https:\/\/www.eldigitaldeasturias.com\/noticias\/wp-json\/wp\/v2\/categories?post=1128007"},{"taxonomy":"post_tag","embeddable":true,"href":"https:\/\/www.eldigitaldeasturias.com\/noticias\/wp-json\/wp\/v2\/tags?post=1128007"}],"curies":[{"name":"wp","href":"https:\/\/api.w.org\/{rel}","templated":true}]}}