{"id":1128003,"date":"2024-01-08T16:06:26","date_gmt":"2024-01-08T15:06:26","guid":{"rendered":"https:\/\/www.eldigitaldeasturias.com\/noticias\/?p=1128003"},"modified":"2024-01-08T16:10:16","modified_gmt":"2024-01-08T15:10:16","slug":"asturias-impulsara-la-investigacion-e-innovacion-empresarial","status":"publish","type":"post","link":"https:\/\/www.eldigitaldeasturias.com\/noticias\/asturias-impulsara-la-investigacion-e-innovacion-empresarial\/","title":{"rendered":"Asturias impulsar\u00e1 la investigaci\u00f3n e innovaci\u00f3n empresarial"},"content":{"rendered":"<p>El Gobierno del <span style=\"color: #ff6600;\"><a style=\"color: #ff6600;\" title=\"Principado de Asturias\" href=\"https:\/\/actualidad.asturias.es\/\" target=\"_blank\" rel=\"noopener\"><strong>Principado de Asturias<\/strong><\/a><\/span> impulsar\u00e1 con 6,6 millones la investigaci\u00f3n e <a href=\"https:\/\/www.eldigitaldeasturias.com\/noticias\/category\/negocios-y-empresas\/\"><span style=\"color: #ff6600;\"><strong>innovaci\u00f3n empresarial<\/strong><\/span><\/a> con una nueva convocatoria de ayudas que beneficiar\u00e1 a 119 empresas.<\/p>\n<p><img loading=\"lazy\" decoding=\"async\" class=\"aligncenter wp-image-1128004 size-full\" src=\"https:\/\/www.eldigitaldeasturias.com\/noticias\/wp-content\/uploads\/2024\/01\/innovacion-empresarial-Asturias.jpg\" alt=\"innovaci\u00f3n empresarial Asturias\" width=\"640\" height=\"427\" srcset=\"https:\/\/www.eldigitaldeasturias.com\/noticias\/wp-content\/uploads\/2024\/01\/innovacion-empresarial-Asturias.jpg 640w, https:\/\/www.eldigitaldeasturias.com\/noticias\/wp-content\/uploads\/2024\/01\/innovacion-empresarial-Asturias-360x240.jpg 360w, https:\/\/www.eldigitaldeasturias.com\/noticias\/wp-content\/uploads\/2024\/01\/innovacion-empresarial-Asturias-450x300.jpg 450w, https:\/\/www.eldigitaldeasturias.com\/noticias\/wp-content\/uploads\/2024\/01\/innovacion-empresarial-Asturias-150x100.jpg 150w\" sizes=\"auto, (max-width: 640px) 100vw, 640px\" \/><\/p>\n<p>De este modo, la Consejer\u00eda de Ciencia, Empresas, Formaci\u00f3n y Empleo apoyar\u00e1 125 proyectos de I+D+i centrados el desarrollo de nuevas tecnolog\u00edas y productos, as\u00ed como la mejora de la competitividad.<\/p>\n<p><strong>Las ayudas<\/strong>, gestionadas por Sekuens, la Agencia de Ciencia, Competitividad Empresarial e Innovaci\u00f3n,<strong> est\u00e1n dirigidas a proyectos que se enmarquen en la Estrategia de Especializaci\u00f3n Inteligente (S3). La convocatoria fue realizada el a\u00f1o pasado y la resoluci\u00f3n correspondiente se publicar\u00e1 en los pr\u00f3ximos d\u00edas en el Bolet\u00edn Oficial del Principado (BOPA).<\/strong><\/p>\n<blockquote><p>Estas ayudas movilizar\u00e1n cerca de 20 millones de inversi\u00f3n en s\u00f3lo dos a\u00f1os. Por cada euro de financiaci\u00f3n p\u00fablica, las empresas invertir\u00e1n bastante m\u00e1s del doble.<\/p><\/blockquote>\n<p>El n\u00famero de empresas beneficiarias asciende a 119. Es una de las cantidades m\u00e1s altas de los \u00faltimos a\u00f1os, cercana a las 122 de 2022 y por encima de los 74, 108 y 99 registradas entre 2019 y 2021, respectivamente.<strong> Destaca, adem\u00e1s, el alto \u00edndice de colaboraci\u00f3n, ya que 66 compa\u00f1\u00edas cooperar\u00e1n con centros de investigaci\u00f3n.<\/strong><\/p>\n<p>En lo que respecta a las tem\u00e1ticas, las actividades se centran en gran medida en la inteligencia artificial y las nuevas tecnolog\u00edas, aplicadas tanto a la salud o la medicina personalizada como la agricultura y el patrimonio.<strong> Otro grupo de proyectos apuesta por el desarrollo de nuevos materiales, soluciones para la energ\u00eda limpia, hidr\u00f3geno verde, gemelos digitales, rob\u00f3tica y ciberseguridad, entre otras l\u00edneas.<\/strong><\/p>\n<p>Destaca tambi\u00e9n el subprograma de circularidad, destinado a proyectos con objetivos ecol\u00f3gicos relacionados con la disminuci\u00f3n de residuos enviados al vertedero y el uso de materias primas naturales o descarbonizaci\u00f3n de los procesos industriales. De los 125 proyectos aprobados, ocho corresponden a este \u00e1mbito.<\/p>\n<p>Con esta convocatoria, el Gobierno del Principado pretende facilitar la investigaci\u00f3n industrial, el desarrollo experimental y los estudios de viabilidad de las empresas, as\u00ed como potenciar la transferencia de conocimiento hacia la sociedad.<\/p>\n<p>Este programa, que cuenta con financiaci\u00f3n de fondos Feder, es uno de los m\u00e1s importantes de cara a incentivar la innovaci\u00f3n empresarial y la transferencia de conocimiento. En los \u00faltimos cinco a\u00f1os, entre 2019 y 2023, se han aprobado 575 proyectos, con m\u00e1s de 280 empresas beneficiarias y se han generado inversiones para Asturias de 92,7 millones.<\/p>\n","protected":false},"excerpt":{"rendered":"<p>El Gobierno del Principado de Asturias impulsar\u00e1 con 6,6 millones la investigaci\u00f3n e innovaci\u00f3n empresarial con una nueva convocatoria de ayudas que beneficiar\u00e1 a 119 empresas. De este modo, la Consejer\u00eda de Ciencia, Empresas, Formaci\u00f3n y Empleo apoyar\u00e1 125 proyectos de I+D+i centrados el desarrollo de nuevas tecnolog\u00edas y productos, as\u00ed como la mejora de [&hellip;]<\/p>\n","protected":false},"author":1,"featured_media":1128004,"comment_status":"closed","ping_status":"closed","sticky":false,"template":"","format":"standard","meta":{"footnotes":""},"categories":[12],"tags":[],"class_list":["post-1128003","post","type-post","status-publish","format-standard","has-post-thumbnail","hentry","category-actualidad-asturias"],"aioseo_notices":[],"aioseo_head":"\n\t\t<!-- All in One SEO Pro 4.9.6.2 - aioseo.com -->\n\t<meta name=\"description\" content=\"El Gobierno del Principado de Asturias impulsar\u00e1 con 6,6 millones la investigaci\u00f3n e innovaci\u00f3n empresarial con una nueva convocatoria de ayudas\" \/>\n\t<meta name=\"robots\" content=\"max-image-preview:large\" \/>\n\t<meta name=\"author\" content=\"El Digital de Asturias\"\/>\n\t<meta name=\"google-site-verification\" content=\"UA-38556648-1\" \/>\n\t<meta name=\"msvalidate.01\" content=\"7dfe9f3f1b24437ab69f4f2559babe99\" \/>\n\t<meta name=\"keywords\" content=\"actualidad asturias\" \/>\n\t<link rel=\"canonical\" href=\"https:\/\/www.eldigitaldeasturias.com\/noticias\/asturias-impulsara-la-investigacion-e-innovacion-empresarial\/\" \/>\n\t<meta name=\"generator\" content=\"All in One SEO Pro (AIOSEO) 4.9.6.2\" \/>\n\t\t<meta property=\"og:locale\" content=\"es_ES\" \/>\n\t\t<meta property=\"og:site_name\" content=\"El Digital de Asturias\" \/>\n\t\t<meta property=\"og:type\" content=\"article\" \/>\n\t\t<meta property=\"og:title\" content=\"Asturias impulsar\u00e1 la investigaci\u00f3n e innovaci\u00f3n empresarial - El Digital de Asturias\" \/>\n\t\t<meta property=\"og:description\" content=\"El Gobierno del Principado de Asturias impulsar\u00e1 con 6,6 millones la investigaci\u00f3n e innovaci\u00f3n empresarial con una nueva convocatoria de ayudas\" \/>\n\t\t<meta property=\"og:url\" content=\"https:\/\/www.eldigitaldeasturias.com\/noticias\/asturias-impulsara-la-investigacion-e-innovacion-empresarial\/\" \/>\n\t\t<meta property=\"og:image\" content=\"https:\/\/www.eldigitaldeasturias.com\/noticias\/wp-content\/uploads\/2024\/01\/innovacion-empresarial-Asturias.jpg\" \/>\n\t\t<meta property=\"og:image:secure_url\" content=\"https:\/\/www.eldigitaldeasturias.com\/noticias\/wp-content\/uploads\/2024\/01\/innovacion-empresarial-Asturias.jpg\" \/>\n\t\t<meta property=\"og:image:width\" content=\"640\" \/>\n\t\t<meta property=\"og:image:height\" content=\"427\" \/>\n\t\t<meta property=\"article:tag\" content=\"actualidad asturias\" \/>\n\t\t<meta property=\"article:published_time\" content=\"2024-01-08T15:06:26+00:00\" \/>\n\t\t<meta property=\"article:modified_time\" content=\"2024-01-08T15:10:16+00:00\" \/>\n\t\t<meta property=\"article:publisher\" content=\"https:\/\/facebook.com\/eldigitaldeasturias\" \/>\n\t\t<meta name=\"twitter:card\" content=\"summary_large_image\" \/>\n\t\t<meta name=\"twitter:title\" content=\"Asturias impulsar\u00e1 la investigaci\u00f3n e innovaci\u00f3n empresarial - El Digital de Asturias\" \/>\n\t\t<meta name=\"twitter:description\" content=\"El Gobierno del Principado de Asturias impulsar\u00e1 con 6,6 millones la investigaci\u00f3n e innovaci\u00f3n empresarial con una nueva convocatoria de ayudas\" \/>\n\t\t<meta name=\"twitter:image\" content=\"https:\/\/www.eldigitaldeasturias.com\/noticias\/wp-content\/uploads\/2024\/01\/innovacion-empresarial-Asturias.jpg\" \/>\n\t\t<meta name=\"twitter:label1\" content=\"Escrito por\" \/>\n\t\t<meta name=\"twitter:data1\" content=\"El Digital de Asturias\" \/>\n\t\t<meta name=\"twitter:label2\" content=\"Tiempo de lectura estimado\" \/>\n\t\t<meta name=\"twitter:data2\" content=\"2 minutos\" \/>\n\t\t<script type=\"application\/ld+json\" class=\"aioseo-schema\">\n\t\t\t{\"@context\":\"https:\\\/\\\/schema.org\",\"@graph\":[{\"@type\":\"BlogPosting\",\"@id\":\"https:\\\/\\\/www.eldigitaldeasturias.com\\\/noticias\\\/asturias-impulsara-la-investigacion-e-innovacion-empresarial\\\/#blogposting\",\"name\":\"Asturias impulsar\\u00e1 la investigaci\\u00f3n e innovaci\\u00f3n empresarial - El Digital de Asturias\",\"headline\":\"Asturias impulsar\\u00e1 la investigaci\\u00f3n e innovaci\\u00f3n empresarial\",\"author\":{\"@id\":\"https:\\\/\\\/www.eldigitaldeasturias.com\\\/noticias\\\/author\\\/admin\\\/#author\"},\"publisher\":{\"@id\":\"https:\\\/\\\/www.eldigitaldeasturias.com\\\/noticias\\\/#organization\"},\"image\":{\"@type\":\"ImageObject\",\"url\":\"https:\\\/\\\/www.eldigitaldeasturias.com\\\/noticias\\\/wp-content\\\/uploads\\\/2024\\\/01\\\/innovacion-empresarial-Asturias.jpg\",\"width\":640,\"height\":427,\"caption\":\"innovaci\\u00f3n empresarial Asturias\"},\"datePublished\":\"2024-01-08T16:06:26+01:00\",\"dateModified\":\"2024-01-08T16:10:16+01:00\",\"inLanguage\":\"es-ES\",\"mainEntityOfPage\":{\"@id\":\"https:\\\/\\\/www.eldigitaldeasturias.com\\\/noticias\\\/asturias-impulsara-la-investigacion-e-innovacion-empresarial\\\/#webpage\"},\"isPartOf\":{\"@id\":\"https:\\\/\\\/www.eldigitaldeasturias.com\\\/noticias\\\/asturias-impulsara-la-investigacion-e-innovacion-empresarial\\\/#webpage\"},\"articleSection\":\"Actualidad Asturias\"},{\"@type\":\"BreadcrumbList\",\"@id\":\"https:\\\/\\\/www.eldigitaldeasturias.com\\\/noticias\\\/asturias-impulsara-la-investigacion-e-innovacion-empresarial\\\/#breadcrumblist\",\"itemListElement\":[{\"@type\":\"ListItem\",\"@id\":\"https:\\\/\\\/www.eldigitaldeasturias.com\\\/noticias#listItem\",\"position\":1,\"name\":\"Home\",\"item\":\"https:\\\/\\\/www.eldigitaldeasturias.com\\\/noticias\",\"nextItem\":{\"@type\":\"ListItem\",\"@id\":\"https:\\\/\\\/www.eldigitaldeasturias.com\\\/noticias\\\/category\\\/actualidad-asturias\\\/#listItem\",\"name\":\"Actualidad Asturias\"}},{\"@type\":\"ListItem\",\"@id\":\"https:\\\/\\\/www.eldigitaldeasturias.com\\\/noticias\\\/category\\\/actualidad-asturias\\\/#listItem\",\"position\":2,\"name\":\"Actualidad Asturias\",\"item\":\"https:\\\/\\\/www.eldigitaldeasturias.com\\\/noticias\\\/category\\\/actualidad-asturias\\\/\",\"nextItem\":{\"@type\":\"ListItem\",\"@id\":\"https:\\\/\\\/www.eldigitaldeasturias.com\\\/noticias\\\/asturias-impulsara-la-investigacion-e-innovacion-empresarial\\\/#listItem\",\"name\":\"Asturias impulsar\\u00e1 la investigaci\\u00f3n e innovaci\\u00f3n empresarial\"},\"previousItem\":{\"@type\":\"ListItem\",\"@id\":\"https:\\\/\\\/www.eldigitaldeasturias.com\\\/noticias#listItem\",\"name\":\"Home\"}},{\"@type\":\"ListItem\",\"@id\":\"https:\\\/\\\/www.eldigitaldeasturias.com\\\/noticias\\\/asturias-impulsara-la-investigacion-e-innovacion-empresarial\\\/#listItem\",\"position\":3,\"name\":\"Asturias impulsar\\u00e1 la investigaci\\u00f3n e innovaci\\u00f3n empresarial\",\"previousItem\":{\"@type\":\"ListItem\",\"@id\":\"https:\\\/\\\/www.eldigitaldeasturias.com\\\/noticias\\\/category\\\/actualidad-asturias\\\/#listItem\",\"name\":\"Actualidad Asturias\"}}]},{\"@type\":\"Organization\",\"@id\":\"https:\\\/\\\/www.eldigitaldeasturias.com\\\/noticias\\\/#organization\",\"name\":\"El Digital de Asturias\",\"description\":\"Hemeroteca\",\"url\":\"https:\\\/\\\/www.eldigitaldeasturias.com\\\/noticias\\\/\",\"email\":\"info@eldigitaldeasturias.com\",\"telephone\":\"+34652131393\",\"logo\":{\"@type\":\"ImageObject\",\"url\":\"https:\\\/\\\/www.eldigitaldeasturias.com\\\/noticias\\\/wp-content\\\/uploads\\\/2020\\\/12\\\/EDA.jpg\",\"@id\":\"https:\\\/\\\/www.eldigitaldeasturias.com\\\/noticias\\\/asturias-impulsara-la-investigacion-e-innovacion-empresarial\\\/#organizationLogo\",\"width\":649,\"height\":297},\"image\":{\"@id\":\"https:\\\/\\\/www.eldigitaldeasturias.com\\\/noticias\\\/asturias-impulsara-la-investigacion-e-innovacion-empresarial\\\/#organizationLogo\"},\"sameAs\":[\"https:\\\/\\\/facebook.com\\\/eldigitaldeasturias\",\"https:\\\/\\\/www.youtube.com\\\/channel\\\/UCZP-2wLEB9Rv6erhFmqVnvg\"],\"address\":{\"@id\":\"https:\\\/\\\/www.eldigitaldeasturias.com\\\/noticias\\\/#postaladdress\",\"@type\":\"PostalAddress\",\"streetAddress\":\"san antonio 4,\",\"postalCode\":\"33430\",\"addressLocality\":\"Cand\\u00e1s\",\"addressRegion\":\"Asturias\",\"addressCountry\":\"ES\"}},{\"@type\":\"Person\",\"@id\":\"https:\\\/\\\/www.eldigitaldeasturias.com\\\/noticias\\\/author\\\/admin\\\/#author\",\"url\":\"https:\\\/\\\/www.eldigitaldeasturias.com\\\/noticias\\\/author\\\/admin\\\/\",\"name\":\"El Digital de Asturias\",\"image\":{\"@type\":\"ImageObject\",\"@id\":\"https:\\\/\\\/www.eldigitaldeasturias.com\\\/noticias\\\/asturias-impulsara-la-investigacion-e-innovacion-empresarial\\\/#authorImage\",\"url\":\"https:\\\/\\\/www.eldigitaldeasturias.com\\\/noticias\\\/wp-content\\\/litespeed\\\/avatar\\\/18677e78aa0546b92d9dbf31ec7d7668.jpg?ver=1776685526\",\"width\":96,\"height\":96,\"caption\":\"El Digital de Asturias\"}},{\"@type\":\"WebPage\",\"@id\":\"https:\\\/\\\/www.eldigitaldeasturias.com\\\/noticias\\\/asturias-impulsara-la-investigacion-e-innovacion-empresarial\\\/#webpage\",\"url\":\"https:\\\/\\\/www.eldigitaldeasturias.com\\\/noticias\\\/asturias-impulsara-la-investigacion-e-innovacion-empresarial\\\/\",\"name\":\"Asturias impulsar\\u00e1 la investigaci\\u00f3n e innovaci\\u00f3n empresarial - El Digital de Asturias\",\"description\":\"El Gobierno del Principado de Asturias impulsar\\u00e1 con 6,6 millones la investigaci\\u00f3n e innovaci\\u00f3n empresarial con una nueva convocatoria de ayudas\",\"inLanguage\":\"es-ES\",\"isPartOf\":{\"@id\":\"https:\\\/\\\/www.eldigitaldeasturias.com\\\/noticias\\\/#website\"},\"breadcrumb\":{\"@id\":\"https:\\\/\\\/www.eldigitaldeasturias.com\\\/noticias\\\/asturias-impulsara-la-investigacion-e-innovacion-empresarial\\\/#breadcrumblist\"},\"author\":{\"@id\":\"https:\\\/\\\/www.eldigitaldeasturias.com\\\/noticias\\\/author\\\/admin\\\/#author\"},\"creator\":{\"@id\":\"https:\\\/\\\/www.eldigitaldeasturias.com\\\/noticias\\\/author\\\/admin\\\/#author\"},\"image\":{\"@type\":\"ImageObject\",\"url\":\"https:\\\/\\\/www.eldigitaldeasturias.com\\\/noticias\\\/wp-content\\\/uploads\\\/2024\\\/01\\\/innovacion-empresarial-Asturias.jpg\",\"@id\":\"https:\\\/\\\/www.eldigitaldeasturias.com\\\/noticias\\\/asturias-impulsara-la-investigacion-e-innovacion-empresarial\\\/#mainImage\",\"width\":640,\"height\":427,\"caption\":\"innovaci\\u00f3n empresarial Asturias\"},\"primaryImageOfPage\":{\"@id\":\"https:\\\/\\\/www.eldigitaldeasturias.com\\\/noticias\\\/asturias-impulsara-la-investigacion-e-innovacion-empresarial\\\/#mainImage\"},\"datePublished\":\"2024-01-08T16:06:26+01:00\",\"dateModified\":\"2024-01-08T16:10:16+01:00\"},{\"@type\":\"WebSite\",\"@id\":\"https:\\\/\\\/www.eldigitaldeasturias.com\\\/noticias\\\/#website\",\"url\":\"https:\\\/\\\/www.eldigitaldeasturias.com\\\/noticias\\\/\",\"name\":\"El Digital de Asturias - Diario de actualidad y noticias\",\"alternateName\":\"El Digital de Asturias - Diario de actualidad y noticias\",\"description\":\"Hemeroteca\",\"inLanguage\":\"es-ES\",\"publisher\":{\"@id\":\"https:\\\/\\\/www.eldigitaldeasturias.com\\\/noticias\\\/#organization\"}}]}\n\t\t<\/script>\n\t\t<!-- All in One SEO Pro -->\r\n\t\t<title>Asturias impulsar\u00e1 la investigaci\u00f3n e innovaci\u00f3n empresarial - El Digital de Asturias<\/title>\n\n","aioseo_head_json":{"title":"Asturias impulsar\u00e1 la investigaci\u00f3n e innovaci\u00f3n empresarial - El Digital de Asturias","description":"El Gobierno del Principado de Asturias impulsar\u00e1 con 6,6 millones la investigaci\u00f3n e innovaci\u00f3n empresarial con una nueva convocatoria de ayudas","canonical_url":"https:\/\/www.eldigitaldeasturias.com\/noticias\/asturias-impulsara-la-investigacion-e-innovacion-empresarial\/","robots":"max-image-preview:large","keywords":"actualidad asturias","webmasterTools":{"google-site-verification":"UA-38556648-1","msvalidate.01":"7dfe9f3f1b24437ab69f4f2559babe99","miscellaneous":""},"schema":{"@context":"https:\/\/schema.org","@graph":[{"@type":"BlogPosting","@id":"https:\/\/www.eldigitaldeasturias.com\/noticias\/asturias-impulsara-la-investigacion-e-innovacion-empresarial\/#blogposting","name":"Asturias impulsar\u00e1 la investigaci\u00f3n e innovaci\u00f3n empresarial - El Digital de Asturias","headline":"Asturias impulsar\u00e1 la investigaci\u00f3n e innovaci\u00f3n empresarial","author":{"@id":"https:\/\/www.eldigitaldeasturias.com\/noticias\/author\/admin\/#author"},"publisher":{"@id":"https:\/\/www.eldigitaldeasturias.com\/noticias\/#organization"},"image":{"@type":"ImageObject","url":"https:\/\/www.eldigitaldeasturias.com\/noticias\/wp-content\/uploads\/2024\/01\/innovacion-empresarial-Asturias.jpg","width":640,"height":427,"caption":"innovaci\u00f3n empresarial Asturias"},"datePublished":"2024-01-08T16:06:26+01:00","dateModified":"2024-01-08T16:10:16+01:00","inLanguage":"es-ES","mainEntityOfPage":{"@id":"https:\/\/www.eldigitaldeasturias.com\/noticias\/asturias-impulsara-la-investigacion-e-innovacion-empresarial\/#webpage"},"isPartOf":{"@id":"https:\/\/www.eldigitaldeasturias.com\/noticias\/asturias-impulsara-la-investigacion-e-innovacion-empresarial\/#webpage"},"articleSection":"Actualidad Asturias"},{"@type":"BreadcrumbList","@id":"https:\/\/www.eldigitaldeasturias.com\/noticias\/asturias-impulsara-la-investigacion-e-innovacion-empresarial\/#breadcrumblist","itemListElement":[{"@type":"ListItem","@id":"https:\/\/www.eldigitaldeasturias.com\/noticias#listItem","position":1,"name":"Home","item":"https:\/\/www.eldigitaldeasturias.com\/noticias","nextItem":{"@type":"ListItem","@id":"https:\/\/www.eldigitaldeasturias.com\/noticias\/category\/actualidad-asturias\/#listItem","name":"Actualidad Asturias"}},{"@type":"ListItem","@id":"https:\/\/www.eldigitaldeasturias.com\/noticias\/category\/actualidad-asturias\/#listItem","position":2,"name":"Actualidad Asturias","item":"https:\/\/www.eldigitaldeasturias.com\/noticias\/category\/actualidad-asturias\/","nextItem":{"@type":"ListItem","@id":"https:\/\/www.eldigitaldeasturias.com\/noticias\/asturias-impulsara-la-investigacion-e-innovacion-empresarial\/#listItem","name":"Asturias impulsar\u00e1 la investigaci\u00f3n e innovaci\u00f3n empresarial"},"previousItem":{"@type":"ListItem","@id":"https:\/\/www.eldigitaldeasturias.com\/noticias#listItem","name":"Home"}},{"@type":"ListItem","@id":"https:\/\/www.eldigitaldeasturias.com\/noticias\/asturias-impulsara-la-investigacion-e-innovacion-empresarial\/#listItem","position":3,"name":"Asturias impulsar\u00e1 la investigaci\u00f3n e innovaci\u00f3n empresarial","previousItem":{"@type":"ListItem","@id":"https:\/\/www.eldigitaldeasturias.com\/noticias\/category\/actualidad-asturias\/#listItem","name":"Actualidad Asturias"}}]},{"@type":"Organization","@id":"https:\/\/www.eldigitaldeasturias.com\/noticias\/#organization","name":"El Digital de Asturias","description":"Hemeroteca","url":"https:\/\/www.eldigitaldeasturias.com\/noticias\/","email":"info@eldigitaldeasturias.com","telephone":"+34652131393","logo":{"@type":"ImageObject","url":"https:\/\/www.eldigitaldeasturias.com\/noticias\/wp-content\/uploads\/2020\/12\/EDA.jpg","@id":"https:\/\/www.eldigitaldeasturias.com\/noticias\/asturias-impulsara-la-investigacion-e-innovacion-empresarial\/#organizationLogo","width":649,"height":297},"image":{"@id":"https:\/\/www.eldigitaldeasturias.com\/noticias\/asturias-impulsara-la-investigacion-e-innovacion-empresarial\/#organizationLogo"},"sameAs":["https:\/\/facebook.com\/eldigitaldeasturias","https:\/\/www.youtube.com\/channel\/UCZP-2wLEB9Rv6erhFmqVnvg"],"address":{"@id":"https:\/\/www.eldigitaldeasturias.com\/noticias\/#postaladdress","@type":"PostalAddress","streetAddress":"san antonio 4,","postalCode":"33430","addressLocality":"Cand\u00e1s","addressRegion":"Asturias","addressCountry":"ES"}},{"@type":"Person","@id":"https:\/\/www.eldigitaldeasturias.com\/noticias\/author\/admin\/#author","url":"https:\/\/www.eldigitaldeasturias.com\/noticias\/author\/admin\/","name":"El Digital de Asturias","image":{"@type":"ImageObject","@id":"https:\/\/www.eldigitaldeasturias.com\/noticias\/asturias-impulsara-la-investigacion-e-innovacion-empresarial\/#authorImage","url":"https:\/\/www.eldigitaldeasturias.com\/noticias\/wp-content\/litespeed\/avatar\/18677e78aa0546b92d9dbf31ec7d7668.jpg?ver=1776685526","width":96,"height":96,"caption":"El Digital de Asturias"}},{"@type":"WebPage","@id":"https:\/\/www.eldigitaldeasturias.com\/noticias\/asturias-impulsara-la-investigacion-e-innovacion-empresarial\/#webpage","url":"https:\/\/www.eldigitaldeasturias.com\/noticias\/asturias-impulsara-la-investigacion-e-innovacion-empresarial\/","name":"Asturias impulsar\u00e1 la investigaci\u00f3n e innovaci\u00f3n empresarial - El Digital de Asturias","description":"El Gobierno del Principado de Asturias impulsar\u00e1 con 6,6 millones la investigaci\u00f3n e innovaci\u00f3n empresarial con una nueva convocatoria de ayudas","inLanguage":"es-ES","isPartOf":{"@id":"https:\/\/www.eldigitaldeasturias.com\/noticias\/#website"},"breadcrumb":{"@id":"https:\/\/www.eldigitaldeasturias.com\/noticias\/asturias-impulsara-la-investigacion-e-innovacion-empresarial\/#breadcrumblist"},"author":{"@id":"https:\/\/www.eldigitaldeasturias.com\/noticias\/author\/admin\/#author"},"creator":{"@id":"https:\/\/www.eldigitaldeasturias.com\/noticias\/author\/admin\/#author"},"image":{"@type":"ImageObject","url":"https:\/\/www.eldigitaldeasturias.com\/noticias\/wp-content\/uploads\/2024\/01\/innovacion-empresarial-Asturias.jpg","@id":"https:\/\/www.eldigitaldeasturias.com\/noticias\/asturias-impulsara-la-investigacion-e-innovacion-empresarial\/#mainImage","width":640,"height":427,"caption":"innovaci\u00f3n empresarial Asturias"},"primaryImageOfPage":{"@id":"https:\/\/www.eldigitaldeasturias.com\/noticias\/asturias-impulsara-la-investigacion-e-innovacion-empresarial\/#mainImage"},"datePublished":"2024-01-08T16:06:26+01:00","dateModified":"2024-01-08T16:10:16+01:00"},{"@type":"WebSite","@id":"https:\/\/www.eldigitaldeasturias.com\/noticias\/#website","url":"https:\/\/www.eldigitaldeasturias.com\/noticias\/","name":"El Digital de Asturias - Diario de actualidad y noticias","alternateName":"El Digital de Asturias - Diario de actualidad y noticias","description":"Hemeroteca","inLanguage":"es-ES","publisher":{"@id":"https:\/\/www.eldigitaldeasturias.com\/noticias\/#organization"}}]},"og:locale":"es_ES","og:site_name":"El Digital de Asturias","og:type":"article","og:title":"Asturias impulsar\u00e1 la investigaci\u00f3n e innovaci\u00f3n empresarial - El Digital de Asturias","og:description":"El Gobierno del Principado de Asturias impulsar\u00e1 con 6,6 millones la investigaci\u00f3n e innovaci\u00f3n empresarial con una nueva convocatoria de ayudas","og:url":"https:\/\/www.eldigitaldeasturias.com\/noticias\/asturias-impulsara-la-investigacion-e-innovacion-empresarial\/","og:image":"https:\/\/www.eldigitaldeasturias.com\/noticias\/wp-content\/uploads\/2024\/01\/innovacion-empresarial-Asturias.jpg","og:image:secure_url":"https:\/\/www.eldigitaldeasturias.com\/noticias\/wp-content\/uploads\/2024\/01\/innovacion-empresarial-Asturias.jpg","og:image:width":640,"og:image:height":427,"article:tag":["actualidad asturias"],"article:published_time":"2024-01-08T15:06:26+00:00","article:modified_time":"2024-01-08T15:10:16+00:00","article:publisher":"https:\/\/facebook.com\/eldigitaldeasturias","twitter:card":"summary_large_image","twitter:title":"Asturias impulsar\u00e1 la investigaci\u00f3n e innovaci\u00f3n empresarial - El Digital de Asturias","twitter:description":"El Gobierno del Principado de Asturias impulsar\u00e1 con 6,6 millones la investigaci\u00f3n e innovaci\u00f3n empresarial con una nueva convocatoria de ayudas","twitter:image":"https:\/\/www.eldigitaldeasturias.com\/noticias\/wp-content\/uploads\/2024\/01\/innovacion-empresarial-Asturias.jpg","twitter:label1":"Escrito por","twitter:data1":"El Digital de Asturias","twitter:label2":"Tiempo de lectura estimado","twitter:data2":"2 minutos"},"aioseo_meta_data":{"post_id":"1128003","title":null,"description":"El Gobierno del Principado de Asturias impulsar\u00e1 con 6,6 millones la investigaci\u00f3n e innovaci\u00f3n empresarial con una nueva convocatoria de ayudas","keywords":[],"keyphrases":{"focus":{"keyphrase":"Asturias","score":85,"analysis":{"keyphraseInTitle":{"score":9,"maxScore":9,"error":0},"keyphraseInDescription":{"score":9,"maxScore":9,"error":0},"keyphraseLength":{"score":9,"maxScore":9,"error":0,"length":1},"keyphraseInURL":{"score":5,"maxScore":5,"error":0},"keyphraseInIntroduction":{"score":9,"maxScore":9,"error":0},"keyphraseInSubHeadings":[],"keyphraseInImageAlt":{"score":9,"maxScore":9,"error":0},"keywordDensity":{"score":0,"type":"low","maxScore":9,"error":1}}},"additional":[{"keyphrase":"Asturias","score":80,"analysis":{"keyphraseInDescription":{"score":9,"maxScore":9,"error":0},"keyphraseLength":{"score":9,"maxScore":9,"error":0,"length":1},"keyphraseInIntroduction":{"score":9,"maxScore":9,"error":0},"keyphraseInImageAlt":{"score":9,"maxScore":9,"error":0},"keywordDensity":{"score":0,"type":"low","maxScore":9,"error":1}}},{"keyphrase":"empresarial","score":100,"analysis":{"keyphraseInDescription":{"score":9,"maxScore":9,"error":0},"keyphraseLength":{"score":9,"maxScore":9,"error":0,"length":1},"keyphraseInIntroduction":{"score":9,"maxScore":9,"error":0},"keyphraseInImageAlt":{"score":9,"maxScore":9,"error":0},"keywordDensity":{"type":"best","score":9,"maxScore":9,"error":0}}}]},"primary_term":null,"canonical_url":null,"og_title":null,"og_description":null,"og_object_type":"default","og_image_type":"default","og_image_url":null,"og_image_width":null,"og_image_height":null,"og_image_custom_url":null,"og_image_custom_fields":null,"og_video":"","og_custom_url":null,"og_article_section":null,"og_article_tags":[],"twitter_use_og":false,"twitter_card":"default","twitter_image_type":"default","twitter_image_url":null,"twitter_image_custom_url":null,"twitter_image_custom_fields":null,"twitter_title":null,"twitter_description":null,"schema":{"blockGraphs":[],"customGraphs":[],"default":{"data":{"Article":[],"Course":[],"Dataset":[],"FAQPage":[],"Movie":[],"Person":[],"Product":[],"ProductReview":[],"Car":[],"Recipe":[],"Service":[],"SoftwareApplication":[],"WebPage":[]},"graphName":"BlogPosting","isEnabled":true},"graphs":[]},"schema_type":"default","schema_type_options":null,"pillar_content":false,"robots_default":true,"robots_noindex":false,"robots_noarchive":false,"robots_nosnippet":false,"robots_nofollow":false,"robots_noimageindex":false,"robots_noodp":false,"robots_notranslate":false,"robots_max_snippet":"-1","robots_max_videopreview":"-1","robots_max_imagepreview":"large","priority":null,"frequency":"default","local_seo":null,"seo_analyzer_scan_date":"2025-10-06 00:42:44","breadcrumb_settings":null,"limit_modified_date":false,"open_ai":"{\"title\":{\"suggestions\":[],\"usage\":0},\"description\":{\"suggestions\":[],\"usage\":0}}","ai":null,"created":"2024-01-08 14:59:20","updated":"2025-10-09 06:49:33"},"aioseo_breadcrumb":"<div class=\"aioseo-breadcrumbs\"><span class=\"aioseo-breadcrumb\">\n\t<a href=\"https:\/\/www.eldigitaldeasturias.com\/noticias\" title=\"Home\">Home<\/a>\n<\/span><span class=\"aioseo-breadcrumb-separator\">\u2013<\/span><span class=\"aioseo-breadcrumb\">\n\t<a href=\"https:\/\/www.eldigitaldeasturias.com\/noticias\/category\/actualidad-asturias\/\" title=\"Actualidad Asturias\">Actualidad Asturias<\/a>\n<\/span><span class=\"aioseo-breadcrumb-separator\">\u2013<\/span><span class=\"aioseo-breadcrumb\">\n\t<a href=\"https:\/\/www.eldigitaldeasturias.com\/noticias\/asturias-impulsara-la-investigacion-e-innovacion-empresarial\/\" title=\"Asturias impulsar\u00e1 la investigaci\u00f3n e innovaci\u00f3n empresarial\">Asturias impulsar\u00e1 la investigaci\u00f3n e innovaci\u00f3n empresarial<\/a>\n<\/span><\/div>","aioseo_breadcrumb_json":[{"label":"Home","link":"https:\/\/www.eldigitaldeasturias.com\/noticias"},{"label":"Actualidad Asturias","link":"https:\/\/www.eldigitaldeasturias.com\/noticias\/category\/actualidad-asturias\/"},{"label":"Asturias impulsar\u00e1 la investigaci\u00f3n e innovaci\u00f3n empresarial","link":"https:\/\/www.eldigitaldeasturias.com\/noticias\/asturias-impulsara-la-investigacion-e-innovacion-empresarial\/"}],"_links":{"self":[{"href":"https:\/\/www.eldigitaldeasturias.com\/noticias\/wp-json\/wp\/v2\/posts\/1128003","targetHints":{"allow":["GET"]}}],"collection":[{"href":"https:\/\/www.eldigitaldeasturias.com\/noticias\/wp-json\/wp\/v2\/posts"}],"about":[{"href":"https:\/\/www.eldigitaldeasturias.com\/noticias\/wp-json\/wp\/v2\/types\/post"}],"author":[{"embeddable":true,"href":"https:\/\/www.eldigitaldeasturias.com\/noticias\/wp-json\/wp\/v2\/users\/1"}],"replies":[{"embeddable":true,"href":"https:\/\/www.eldigitaldeasturias.com\/noticias\/wp-json\/wp\/v2\/comments?post=1128003"}],"version-history":[{"count":0,"href":"https:\/\/www.eldigitaldeasturias.com\/noticias\/wp-json\/wp\/v2\/posts\/1128003\/revisions"}],"wp:featuredmedia":[{"embeddable":true,"href":"https:\/\/www.eldigitaldeasturias.com\/noticias\/wp-json\/wp\/v2\/media\/1128004"}],"wp:attachment":[{"href":"https:\/\/www.eldigitaldeasturias.com\/noticias\/wp-json\/wp\/v2\/media?parent=1128003"}],"wp:term":[{"taxonomy":"category","embeddable":true,"href":"https:\/\/www.eldigitaldeasturias.com\/noticias\/wp-json\/wp\/v2\/categories?post=1128003"},{"taxonomy":"post_tag","embeddable":true,"href":"https:\/\/www.eldigitaldeasturias.com\/noticias\/wp-json\/wp\/v2\/tags?post=1128003"}],"curies":[{"name":"wp","href":"https:\/\/api.w.org\/{rel}","templated":true}]}}