{"id":1127947,"date":"2024-01-04T18:10:40","date_gmt":"2024-01-04T17:10:40","guid":{"rendered":"https:\/\/www.eldigitaldeasturias.com\/noticias\/?p=1127947"},"modified":"2024-01-04T18:10:40","modified_gmt":"2024-01-04T17:10:40","slug":"el-nuevo-impuesto-de-sociedades-en-la-ue","status":"publish","type":"post","link":"https:\/\/www.eldigitaldeasturias.com\/noticias\/el-nuevo-impuesto-de-sociedades-en-la-ue\/","title":{"rendered":"El nuevo impuesto de sociedades en la UE"},"content":{"rendered":"<p class=\"x_MsoNormal\">El pasado 1 de enero de 2024 entraron en vigor nuevas y pioneras normas de la UE por las que se introduce un <strong>tipo m\u00ednimo de imposici\u00f3n efectiva del 15 % para las <a href=\"https:\/\/www.eldigitaldeasturias.com\/noticias\/category\/negocios-y-empresas\/\"><span style=\"color: #ff6600;\">empresas multinacionales<\/span><\/a> con actividades en los Estados miembros de la UE<\/strong>.<\/p>\n<p><img loading=\"lazy\" decoding=\"async\" class=\"aligncenter wp-image-1127948 size-full\" src=\"https:\/\/www.eldigitaldeasturias.com\/noticias\/wp-content\/uploads\/2024\/01\/UE.jpg\" alt=\"UE\" width=\"640\" height=\"448\" srcset=\"https:\/\/www.eldigitaldeasturias.com\/noticias\/wp-content\/uploads\/2024\/01\/UE.jpg 640w, https:\/\/www.eldigitaldeasturias.com\/noticias\/wp-content\/uploads\/2024\/01\/UE-360x252.jpg 360w, https:\/\/www.eldigitaldeasturias.com\/noticias\/wp-content\/uploads\/2024\/01\/UE-429x300.jpg 429w, https:\/\/www.eldigitaldeasturias.com\/noticias\/wp-content\/uploads\/2024\/01\/UE-150x105.jpg 150w, https:\/\/www.eldigitaldeasturias.com\/noticias\/wp-content\/uploads\/2024\/01\/UE-450x315.jpg 450w\" sizes=\"auto, (max-width: 640px) 100vw, 640px\" \/><\/p>\n<p class=\"x_MsoNormal\">Esta normativa aportar\u00e1 mayor equidad y estabilidad al panorama tributario de la UE y a escala mundial, al tiempo que har\u00e1 que la fiscalidad sea m\u00e1s moderna y est\u00e9 mejor adaptada al mundo globalizado y digital de nuestros d\u00edas. La entrada en vigor de las normas m\u00ednimas en materia de imposici\u00f3n efectiva, acordadas por unanimidad por los Estados miembros en 2022, <strong>formaliza la aplicaci\u00f3n por parte de la UE de las normas del denominado \u00abSegundo Pilar\u00bb aprobadas como parte del acuerdo mundial sobre la reforma fiscal internacional en 2021.<\/strong><\/p>\n<p class=\"x_MsoNormal\">Aunque casi 140 pa\u00edses y territorios de todo el mundo se han adherido a estas normas, la UE ha sido pionera en su traducci\u00f3n en Derecho imperativo. Al reducir los incentivos para que las empresas trasladen beneficios a territorios con bajos impuestos, el Segundo Pilar limita la llamada \u00abcompetici\u00f3n a la baja\u00bb, esto es, la batalla entre pa\u00edses para reducir sus tipos del impuesto sobre sociedades a fin de atraer inversiones. Las medidas ya est\u00e1n arrojando resultados, ya que varios territorios sin impuestos han anunciado la introducci\u00f3n de un impuesto sobre sociedades a las empresas que entren en el \u00e1mbito de aplicaci\u00f3n.<\/p>\n<h2 class=\"x_MsoNormal\"><b>En detalle<\/b><\/h2>\n<p class=\"x_MsoNormal\">Las normas se aplicar\u00e1n a los grupos multinacionales de empresas y a los grupos nacionales de gran magnitud en la UE, con unos ingresos financieros combinados superiores a 750 millones de euros al a\u00f1o. Se aplicar\u00e1n a cualquier gran grupo, tanto nacional como internacional, que tenga una sociedad matriz o una filial en un Estado miembro de la UE.<\/p>\n<p class=\"x_MsoNormal\">La Directiva incluye un conjunto com\u00fan de normas sobre la manera de calcular y recaudar un \u00abimpuesto complementario\u00bb adeudado en un pa\u00eds concreto, en caso de que el tipo impositivo efectivo sea inferior al 15\u00a0%. Si una filial no est\u00e1 sujeta al tipo m\u00ednimo efectivo en un pa\u00eds extranjero en el que est\u00e9 situada, el Estado miembro de la sociedad matriz tambi\u00e9n aplicar\u00e1 un impuesto complementario a esta \u00faltima. Adem\u00e1s, la Directiva garantiza la imposici\u00f3n efectiva en situaciones en las que la sociedad matriz est\u00e1 situada fuera de la UE, en un pa\u00eds con bajos niveles impositivos que no aplique normas equivalentes.<\/p>\n<h4 class=\"x_MsoNormal\"><b>Antecedentes<\/b><\/h4>\n<p class=\"x_MsoNormal\">Gracias a esta legislaci\u00f3n hist\u00f3rica, el compromiso de la UE de ser uno de los primeros territorios en aplicar la\u00a0<span style=\"color: #ff6600;\"><a style=\"color: #ff6600;\" href=\"https:\/\/www.oecd.org\/tax\/beps\/statement-on-a-two-pillar-solution-to-address-the-tax-challenges-arising-from-the-digitalisation-of-the-economy-october-2021.htm\" target=\"_blank\" rel=\"noopener noreferrer\" data-auth=\"NotApplicable\" data-linkindex=\"0\">reforma fiscal de la OCDE<\/a><\/span>\u00a0ha llegado a buen t\u00e9rmino. Garantizar un nivel m\u00ednimo mundial de imposici\u00f3n del impuesto m\u00ednimo sobre sociedades es una de las dos l\u00edneas de trabajo del acuerdo mundial de la OCDE (Segundo Pilar). La otra es la reasignaci\u00f3n parcial de los derechos de imposici\u00f3n (Primer Pilar).<\/p>\n<p class=\"x_MsoNormal\">Esto \u00faltimo significa que se adaptar\u00e1n las normas internacionales sobre la manera en que se reparte entre los pa\u00edses la imposici\u00f3n de los beneficios empresariales de las multinacionales m\u00e1s grandes y rentables, a fin de reflejar la naturaleza cambiante de los modelos de negocio y la capacidad de las empresas para hacer negocios sin presencia f\u00edsica.<\/p>\n","protected":false},"excerpt":{"rendered":"<p>El pasado 1 de enero de 2024 entraron en vigor nuevas y pioneras normas de la UE por las que se introduce un tipo m\u00ednimo de imposici\u00f3n efectiva del 15 % para las empresas multinacionales con actividades en los Estados miembros de la UE. Esta normativa aportar\u00e1 mayor equidad y estabilidad al panorama tributario de [&hellip;]<\/p>\n","protected":false},"author":1,"featured_media":1127948,"comment_status":"closed","ping_status":"closed","sticky":false,"template":"","format":"standard","meta":{"footnotes":""},"categories":[219],"tags":[],"class_list":["post-1127947","post","type-post","status-publish","format-standard","has-post-thumbnail","hentry","category-negocios-y-empresas"],"aioseo_notices":[],"aioseo_head":"\n\t\t<!-- All in One SEO Pro 4.9.6.2 - aioseo.com -->\n\t<meta name=\"description\" content=\"El pasado 1 de enero de 2024 entraron en vigor nuevas y pioneras normas de la UE por las que se introduce un tipo m\u00ednimo de imposici\u00f3n efectiva del 15 %\" \/>\n\t<meta name=\"robots\" content=\"max-image-preview:large\" \/>\n\t<meta name=\"author\" content=\"El Digital de Asturias\"\/>\n\t<meta name=\"google-site-verification\" content=\"UA-38556648-1\" \/>\n\t<meta name=\"msvalidate.01\" content=\"7dfe9f3f1b24437ab69f4f2559babe99\" \/>\n\t<meta name=\"keywords\" content=\"negocios y empresas\" \/>\n\t<link rel=\"canonical\" href=\"https:\/\/www.eldigitaldeasturias.com\/noticias\/el-nuevo-impuesto-de-sociedades-en-la-ue\/\" \/>\n\t<meta name=\"generator\" content=\"All in One SEO Pro (AIOSEO) 4.9.6.2\" \/>\n\t\t<meta property=\"og:locale\" content=\"es_ES\" \/>\n\t\t<meta property=\"og:site_name\" content=\"El Digital de Asturias\" \/>\n\t\t<meta property=\"og:type\" content=\"article\" \/>\n\t\t<meta property=\"og:title\" content=\"El nuevo impuesto de sociedades en la UE - El Digital de Asturias\" \/>\n\t\t<meta property=\"og:description\" content=\"El pasado 1 de enero de 2024 entraron en vigor nuevas y pioneras normas de la UE por las que se introduce un tipo m\u00ednimo de imposici\u00f3n efectiva del 15 %\" \/>\n\t\t<meta property=\"og:url\" content=\"https:\/\/www.eldigitaldeasturias.com\/noticias\/el-nuevo-impuesto-de-sociedades-en-la-ue\/\" \/>\n\t\t<meta property=\"og:image\" content=\"https:\/\/www.eldigitaldeasturias.com\/noticias\/wp-content\/uploads\/2024\/01\/UE.jpg\" \/>\n\t\t<meta property=\"og:image:secure_url\" content=\"https:\/\/www.eldigitaldeasturias.com\/noticias\/wp-content\/uploads\/2024\/01\/UE.jpg\" \/>\n\t\t<meta property=\"og:image:width\" content=\"640\" \/>\n\t\t<meta property=\"og:image:height\" content=\"448\" \/>\n\t\t<meta property=\"article:tag\" content=\"negocios y empresas\" \/>\n\t\t<meta property=\"article:published_time\" content=\"2024-01-04T17:10:40+00:00\" \/>\n\t\t<meta property=\"article:modified_time\" content=\"2024-01-04T17:10:40+00:00\" \/>\n\t\t<meta property=\"article:publisher\" content=\"https:\/\/facebook.com\/eldigitaldeasturias\" \/>\n\t\t<meta name=\"twitter:card\" content=\"summary_large_image\" \/>\n\t\t<meta name=\"twitter:title\" content=\"El nuevo impuesto de sociedades en la UE - El Digital de Asturias\" \/>\n\t\t<meta name=\"twitter:description\" content=\"El pasado 1 de enero de 2024 entraron en vigor nuevas y pioneras normas de la UE por las que se introduce un tipo m\u00ednimo de imposici\u00f3n efectiva del 15 %\" \/>\n\t\t<meta name=\"twitter:image\" content=\"https:\/\/www.eldigitaldeasturias.com\/noticias\/wp-content\/uploads\/2024\/01\/UE.jpg\" \/>\n\t\t<meta name=\"twitter:label1\" content=\"Escrito por\" \/>\n\t\t<meta name=\"twitter:data1\" content=\"El Digital de Asturias\" \/>\n\t\t<meta name=\"twitter:label2\" content=\"Tiempo de lectura estimado\" \/>\n\t\t<meta name=\"twitter:data2\" content=\"3 minutos\" \/>\n\t\t<script type=\"application\/ld+json\" class=\"aioseo-schema\">\n\t\t\t{\"@context\":\"https:\\\/\\\/schema.org\",\"@graph\":[{\"@type\":\"BlogPosting\",\"@id\":\"https:\\\/\\\/www.eldigitaldeasturias.com\\\/noticias\\\/el-nuevo-impuesto-de-sociedades-en-la-ue\\\/#blogposting\",\"name\":\"El nuevo impuesto de sociedades en la UE - El Digital de Asturias\",\"headline\":\"El nuevo impuesto de sociedades en la UE\",\"author\":{\"@id\":\"https:\\\/\\\/www.eldigitaldeasturias.com\\\/noticias\\\/author\\\/admin\\\/#author\"},\"publisher\":{\"@id\":\"https:\\\/\\\/www.eldigitaldeasturias.com\\\/noticias\\\/#organization\"},\"image\":{\"@type\":\"ImageObject\",\"url\":\"https:\\\/\\\/www.eldigitaldeasturias.com\\\/noticias\\\/wp-content\\\/uploads\\\/2024\\\/01\\\/UE.jpg\",\"width\":640,\"height\":448,\"caption\":\"UE\"},\"datePublished\":\"2024-01-04T18:10:40+01:00\",\"dateModified\":\"2024-01-04T18:10:40+01:00\",\"inLanguage\":\"es-ES\",\"mainEntityOfPage\":{\"@id\":\"https:\\\/\\\/www.eldigitaldeasturias.com\\\/noticias\\\/el-nuevo-impuesto-de-sociedades-en-la-ue\\\/#webpage\"},\"isPartOf\":{\"@id\":\"https:\\\/\\\/www.eldigitaldeasturias.com\\\/noticias\\\/el-nuevo-impuesto-de-sociedades-en-la-ue\\\/#webpage\"},\"articleSection\":\"Negocios y Empresas\"},{\"@type\":\"BreadcrumbList\",\"@id\":\"https:\\\/\\\/www.eldigitaldeasturias.com\\\/noticias\\\/el-nuevo-impuesto-de-sociedades-en-la-ue\\\/#breadcrumblist\",\"itemListElement\":[{\"@type\":\"ListItem\",\"@id\":\"https:\\\/\\\/www.eldigitaldeasturias.com\\\/noticias#listItem\",\"position\":1,\"name\":\"Home\",\"item\":\"https:\\\/\\\/www.eldigitaldeasturias.com\\\/noticias\",\"nextItem\":{\"@type\":\"ListItem\",\"@id\":\"https:\\\/\\\/www.eldigitaldeasturias.com\\\/noticias\\\/category\\\/negocios-y-empresas\\\/#listItem\",\"name\":\"Negocios y Empresas\"}},{\"@type\":\"ListItem\",\"@id\":\"https:\\\/\\\/www.eldigitaldeasturias.com\\\/noticias\\\/category\\\/negocios-y-empresas\\\/#listItem\",\"position\":2,\"name\":\"Negocios y Empresas\",\"item\":\"https:\\\/\\\/www.eldigitaldeasturias.com\\\/noticias\\\/category\\\/negocios-y-empresas\\\/\",\"nextItem\":{\"@type\":\"ListItem\",\"@id\":\"https:\\\/\\\/www.eldigitaldeasturias.com\\\/noticias\\\/el-nuevo-impuesto-de-sociedades-en-la-ue\\\/#listItem\",\"name\":\"El nuevo impuesto de sociedades en la UE\"},\"previousItem\":{\"@type\":\"ListItem\",\"@id\":\"https:\\\/\\\/www.eldigitaldeasturias.com\\\/noticias#listItem\",\"name\":\"Home\"}},{\"@type\":\"ListItem\",\"@id\":\"https:\\\/\\\/www.eldigitaldeasturias.com\\\/noticias\\\/el-nuevo-impuesto-de-sociedades-en-la-ue\\\/#listItem\",\"position\":3,\"name\":\"El nuevo impuesto de sociedades en la UE\",\"previousItem\":{\"@type\":\"ListItem\",\"@id\":\"https:\\\/\\\/www.eldigitaldeasturias.com\\\/noticias\\\/category\\\/negocios-y-empresas\\\/#listItem\",\"name\":\"Negocios y Empresas\"}}]},{\"@type\":\"Organization\",\"@id\":\"https:\\\/\\\/www.eldigitaldeasturias.com\\\/noticias\\\/#organization\",\"name\":\"El Digital de Asturias\",\"description\":\"Hemeroteca\",\"url\":\"https:\\\/\\\/www.eldigitaldeasturias.com\\\/noticias\\\/\",\"email\":\"info@eldigitaldeasturias.com\",\"telephone\":\"+34652131393\",\"logo\":{\"@type\":\"ImageObject\",\"url\":\"https:\\\/\\\/www.eldigitaldeasturias.com\\\/noticias\\\/wp-content\\\/uploads\\\/2020\\\/12\\\/EDA.jpg\",\"@id\":\"https:\\\/\\\/www.eldigitaldeasturias.com\\\/noticias\\\/el-nuevo-impuesto-de-sociedades-en-la-ue\\\/#organizationLogo\",\"width\":649,\"height\":297},\"image\":{\"@id\":\"https:\\\/\\\/www.eldigitaldeasturias.com\\\/noticias\\\/el-nuevo-impuesto-de-sociedades-en-la-ue\\\/#organizationLogo\"},\"sameAs\":[\"https:\\\/\\\/facebook.com\\\/eldigitaldeasturias\",\"https:\\\/\\\/www.youtube.com\\\/channel\\\/UCZP-2wLEB9Rv6erhFmqVnvg\"],\"address\":{\"@id\":\"https:\\\/\\\/www.eldigitaldeasturias.com\\\/noticias\\\/#postaladdress\",\"@type\":\"PostalAddress\",\"streetAddress\":\"san antonio 4,\",\"postalCode\":\"33430\",\"addressLocality\":\"Cand\\u00e1s\",\"addressRegion\":\"Asturias\",\"addressCountry\":\"ES\"}},{\"@type\":\"Person\",\"@id\":\"https:\\\/\\\/www.eldigitaldeasturias.com\\\/noticias\\\/author\\\/admin\\\/#author\",\"url\":\"https:\\\/\\\/www.eldigitaldeasturias.com\\\/noticias\\\/author\\\/admin\\\/\",\"name\":\"El Digital de Asturias\",\"image\":{\"@type\":\"ImageObject\",\"@id\":\"https:\\\/\\\/www.eldigitaldeasturias.com\\\/noticias\\\/el-nuevo-impuesto-de-sociedades-en-la-ue\\\/#authorImage\",\"url\":\"https:\\\/\\\/www.eldigitaldeasturias.com\\\/noticias\\\/wp-content\\\/litespeed\\\/avatar\\\/18677e78aa0546b92d9dbf31ec7d7668.jpg?ver=1777290358\",\"width\":96,\"height\":96,\"caption\":\"El Digital de Asturias\"}},{\"@type\":\"WebPage\",\"@id\":\"https:\\\/\\\/www.eldigitaldeasturias.com\\\/noticias\\\/el-nuevo-impuesto-de-sociedades-en-la-ue\\\/#webpage\",\"url\":\"https:\\\/\\\/www.eldigitaldeasturias.com\\\/noticias\\\/el-nuevo-impuesto-de-sociedades-en-la-ue\\\/\",\"name\":\"El nuevo impuesto de sociedades en la UE - El Digital de Asturias\",\"description\":\"El pasado 1 de enero de 2024 entraron en vigor nuevas y pioneras normas de la UE por las que se introduce un tipo m\\u00ednimo de imposici\\u00f3n efectiva del 15 %\",\"inLanguage\":\"es-ES\",\"isPartOf\":{\"@id\":\"https:\\\/\\\/www.eldigitaldeasturias.com\\\/noticias\\\/#website\"},\"breadcrumb\":{\"@id\":\"https:\\\/\\\/www.eldigitaldeasturias.com\\\/noticias\\\/el-nuevo-impuesto-de-sociedades-en-la-ue\\\/#breadcrumblist\"},\"author\":{\"@id\":\"https:\\\/\\\/www.eldigitaldeasturias.com\\\/noticias\\\/author\\\/admin\\\/#author\"},\"creator\":{\"@id\":\"https:\\\/\\\/www.eldigitaldeasturias.com\\\/noticias\\\/author\\\/admin\\\/#author\"},\"image\":{\"@type\":\"ImageObject\",\"url\":\"https:\\\/\\\/www.eldigitaldeasturias.com\\\/noticias\\\/wp-content\\\/uploads\\\/2024\\\/01\\\/UE.jpg\",\"@id\":\"https:\\\/\\\/www.eldigitaldeasturias.com\\\/noticias\\\/el-nuevo-impuesto-de-sociedades-en-la-ue\\\/#mainImage\",\"width\":640,\"height\":448,\"caption\":\"UE\"},\"primaryImageOfPage\":{\"@id\":\"https:\\\/\\\/www.eldigitaldeasturias.com\\\/noticias\\\/el-nuevo-impuesto-de-sociedades-en-la-ue\\\/#mainImage\"},\"datePublished\":\"2024-01-04T18:10:40+01:00\",\"dateModified\":\"2024-01-04T18:10:40+01:00\"},{\"@type\":\"WebSite\",\"@id\":\"https:\\\/\\\/www.eldigitaldeasturias.com\\\/noticias\\\/#website\",\"url\":\"https:\\\/\\\/www.eldigitaldeasturias.com\\\/noticias\\\/\",\"name\":\"El Digital de Asturias - Diario de actualidad y noticias\",\"alternateName\":\"El Digital de Asturias - Diario de actualidad y noticias\",\"description\":\"Hemeroteca\",\"inLanguage\":\"es-ES\",\"publisher\":{\"@id\":\"https:\\\/\\\/www.eldigitaldeasturias.com\\\/noticias\\\/#organization\"}}]}\n\t\t<\/script>\n\t\t<!-- All in One SEO Pro -->\r\n\t\t<title>El nuevo impuesto de sociedades en la UE - El Digital de Asturias<\/title>\n\n","aioseo_head_json":{"title":"El nuevo impuesto de sociedades en la UE - El Digital de Asturias","description":"El pasado 1 de enero de 2024 entraron en vigor nuevas y pioneras normas de la UE por las que se introduce un tipo m\u00ednimo de imposici\u00f3n efectiva del 15 %","canonical_url":"https:\/\/www.eldigitaldeasturias.com\/noticias\/el-nuevo-impuesto-de-sociedades-en-la-ue\/","robots":"max-image-preview:large","keywords":"negocios y empresas","webmasterTools":{"google-site-verification":"UA-38556648-1","msvalidate.01":"7dfe9f3f1b24437ab69f4f2559babe99","miscellaneous":""},"schema":{"@context":"https:\/\/schema.org","@graph":[{"@type":"BlogPosting","@id":"https:\/\/www.eldigitaldeasturias.com\/noticias\/el-nuevo-impuesto-de-sociedades-en-la-ue\/#blogposting","name":"El nuevo impuesto de sociedades en la UE - El Digital de Asturias","headline":"El nuevo impuesto de sociedades en la UE","author":{"@id":"https:\/\/www.eldigitaldeasturias.com\/noticias\/author\/admin\/#author"},"publisher":{"@id":"https:\/\/www.eldigitaldeasturias.com\/noticias\/#organization"},"image":{"@type":"ImageObject","url":"https:\/\/www.eldigitaldeasturias.com\/noticias\/wp-content\/uploads\/2024\/01\/UE.jpg","width":640,"height":448,"caption":"UE"},"datePublished":"2024-01-04T18:10:40+01:00","dateModified":"2024-01-04T18:10:40+01:00","inLanguage":"es-ES","mainEntityOfPage":{"@id":"https:\/\/www.eldigitaldeasturias.com\/noticias\/el-nuevo-impuesto-de-sociedades-en-la-ue\/#webpage"},"isPartOf":{"@id":"https:\/\/www.eldigitaldeasturias.com\/noticias\/el-nuevo-impuesto-de-sociedades-en-la-ue\/#webpage"},"articleSection":"Negocios y Empresas"},{"@type":"BreadcrumbList","@id":"https:\/\/www.eldigitaldeasturias.com\/noticias\/el-nuevo-impuesto-de-sociedades-en-la-ue\/#breadcrumblist","itemListElement":[{"@type":"ListItem","@id":"https:\/\/www.eldigitaldeasturias.com\/noticias#listItem","position":1,"name":"Home","item":"https:\/\/www.eldigitaldeasturias.com\/noticias","nextItem":{"@type":"ListItem","@id":"https:\/\/www.eldigitaldeasturias.com\/noticias\/category\/negocios-y-empresas\/#listItem","name":"Negocios y Empresas"}},{"@type":"ListItem","@id":"https:\/\/www.eldigitaldeasturias.com\/noticias\/category\/negocios-y-empresas\/#listItem","position":2,"name":"Negocios y Empresas","item":"https:\/\/www.eldigitaldeasturias.com\/noticias\/category\/negocios-y-empresas\/","nextItem":{"@type":"ListItem","@id":"https:\/\/www.eldigitaldeasturias.com\/noticias\/el-nuevo-impuesto-de-sociedades-en-la-ue\/#listItem","name":"El nuevo impuesto de sociedades en la UE"},"previousItem":{"@type":"ListItem","@id":"https:\/\/www.eldigitaldeasturias.com\/noticias#listItem","name":"Home"}},{"@type":"ListItem","@id":"https:\/\/www.eldigitaldeasturias.com\/noticias\/el-nuevo-impuesto-de-sociedades-en-la-ue\/#listItem","position":3,"name":"El nuevo impuesto de sociedades en la UE","previousItem":{"@type":"ListItem","@id":"https:\/\/www.eldigitaldeasturias.com\/noticias\/category\/negocios-y-empresas\/#listItem","name":"Negocios y Empresas"}}]},{"@type":"Organization","@id":"https:\/\/www.eldigitaldeasturias.com\/noticias\/#organization","name":"El Digital de Asturias","description":"Hemeroteca","url":"https:\/\/www.eldigitaldeasturias.com\/noticias\/","email":"info@eldigitaldeasturias.com","telephone":"+34652131393","logo":{"@type":"ImageObject","url":"https:\/\/www.eldigitaldeasturias.com\/noticias\/wp-content\/uploads\/2020\/12\/EDA.jpg","@id":"https:\/\/www.eldigitaldeasturias.com\/noticias\/el-nuevo-impuesto-de-sociedades-en-la-ue\/#organizationLogo","width":649,"height":297},"image":{"@id":"https:\/\/www.eldigitaldeasturias.com\/noticias\/el-nuevo-impuesto-de-sociedades-en-la-ue\/#organizationLogo"},"sameAs":["https:\/\/facebook.com\/eldigitaldeasturias","https:\/\/www.youtube.com\/channel\/UCZP-2wLEB9Rv6erhFmqVnvg"],"address":{"@id":"https:\/\/www.eldigitaldeasturias.com\/noticias\/#postaladdress","@type":"PostalAddress","streetAddress":"san antonio 4,","postalCode":"33430","addressLocality":"Cand\u00e1s","addressRegion":"Asturias","addressCountry":"ES"}},{"@type":"Person","@id":"https:\/\/www.eldigitaldeasturias.com\/noticias\/author\/admin\/#author","url":"https:\/\/www.eldigitaldeasturias.com\/noticias\/author\/admin\/","name":"El Digital de Asturias","image":{"@type":"ImageObject","@id":"https:\/\/www.eldigitaldeasturias.com\/noticias\/el-nuevo-impuesto-de-sociedades-en-la-ue\/#authorImage","url":"https:\/\/www.eldigitaldeasturias.com\/noticias\/wp-content\/litespeed\/avatar\/18677e78aa0546b92d9dbf31ec7d7668.jpg?ver=1777290358","width":96,"height":96,"caption":"El Digital de Asturias"}},{"@type":"WebPage","@id":"https:\/\/www.eldigitaldeasturias.com\/noticias\/el-nuevo-impuesto-de-sociedades-en-la-ue\/#webpage","url":"https:\/\/www.eldigitaldeasturias.com\/noticias\/el-nuevo-impuesto-de-sociedades-en-la-ue\/","name":"El nuevo impuesto de sociedades en la UE - El Digital de Asturias","description":"El pasado 1 de enero de 2024 entraron en vigor nuevas y pioneras normas de la UE por las que se introduce un tipo m\u00ednimo de imposici\u00f3n efectiva del 15 %","inLanguage":"es-ES","isPartOf":{"@id":"https:\/\/www.eldigitaldeasturias.com\/noticias\/#website"},"breadcrumb":{"@id":"https:\/\/www.eldigitaldeasturias.com\/noticias\/el-nuevo-impuesto-de-sociedades-en-la-ue\/#breadcrumblist"},"author":{"@id":"https:\/\/www.eldigitaldeasturias.com\/noticias\/author\/admin\/#author"},"creator":{"@id":"https:\/\/www.eldigitaldeasturias.com\/noticias\/author\/admin\/#author"},"image":{"@type":"ImageObject","url":"https:\/\/www.eldigitaldeasturias.com\/noticias\/wp-content\/uploads\/2024\/01\/UE.jpg","@id":"https:\/\/www.eldigitaldeasturias.com\/noticias\/el-nuevo-impuesto-de-sociedades-en-la-ue\/#mainImage","width":640,"height":448,"caption":"UE"},"primaryImageOfPage":{"@id":"https:\/\/www.eldigitaldeasturias.com\/noticias\/el-nuevo-impuesto-de-sociedades-en-la-ue\/#mainImage"},"datePublished":"2024-01-04T18:10:40+01:00","dateModified":"2024-01-04T18:10:40+01:00"},{"@type":"WebSite","@id":"https:\/\/www.eldigitaldeasturias.com\/noticias\/#website","url":"https:\/\/www.eldigitaldeasturias.com\/noticias\/","name":"El Digital de Asturias - Diario de actualidad y noticias","alternateName":"El Digital de Asturias - Diario de actualidad y noticias","description":"Hemeroteca","inLanguage":"es-ES","publisher":{"@id":"https:\/\/www.eldigitaldeasturias.com\/noticias\/#organization"}}]},"og:locale":"es_ES","og:site_name":"El Digital de Asturias","og:type":"article","og:title":"El nuevo impuesto de sociedades en la UE - El Digital de Asturias","og:description":"El pasado 1 de enero de 2024 entraron en vigor nuevas y pioneras normas de la UE por las que se introduce un tipo m\u00ednimo de imposici\u00f3n efectiva del 15 %","og:url":"https:\/\/www.eldigitaldeasturias.com\/noticias\/el-nuevo-impuesto-de-sociedades-en-la-ue\/","og:image":"https:\/\/www.eldigitaldeasturias.com\/noticias\/wp-content\/uploads\/2024\/01\/UE.jpg","og:image:secure_url":"https:\/\/www.eldigitaldeasturias.com\/noticias\/wp-content\/uploads\/2024\/01\/UE.jpg","og:image:width":640,"og:image:height":448,"article:tag":["negocios y empresas"],"article:published_time":"2024-01-04T17:10:40+00:00","article:modified_time":"2024-01-04T17:10:40+00:00","article:publisher":"https:\/\/facebook.com\/eldigitaldeasturias","twitter:card":"summary_large_image","twitter:title":"El nuevo impuesto de sociedades en la UE - El Digital de Asturias","twitter:description":"El pasado 1 de enero de 2024 entraron en vigor nuevas y pioneras normas de la UE por las que se introduce un tipo m\u00ednimo de imposici\u00f3n efectiva del 15 %","twitter:image":"https:\/\/www.eldigitaldeasturias.com\/noticias\/wp-content\/uploads\/2024\/01\/UE.jpg","twitter:label1":"Escrito por","twitter:data1":"El Digital de Asturias","twitter:label2":"Tiempo de lectura estimado","twitter:data2":"3 minutos"},"aioseo_meta_data":{"post_id":"1127947","title":null,"description":"El pasado 1 de enero de 2024 entraron en vigor nuevas y pioneras normas de la UE por las que se introduce un tipo m\u00ednimo de imposici\u00f3n efectiva del 15 %","keywords":[],"keyphrases":{"focus":{"keyphrase":"UE","score":78,"analysis":{"keyphraseInTitle":{"score":9,"maxScore":9,"error":0},"keyphraseInDescription":{"score":9,"maxScore":9,"error":0},"keyphraseLength":{"score":9,"maxScore":9,"error":0,"length":1},"keyphraseInURL":{"score":5,"maxScore":5,"error":0},"keyphraseInIntroduction":{"score":9,"maxScore":9,"error":0},"keyphraseInSubHeadings":{"score":3,"maxScore":9,"error":1},"keyphraseInImageAlt":{"score":9,"maxScore":9,"error":0},"keywordDensity":{"type":"high","score":0,"maxScore":9,"error":1}}},"additional":[{"keyphrase":"UE","score":80,"analysis":{"keyphraseInDescription":{"score":9,"maxScore":9,"error":0},"keyphraseLength":{"score":9,"maxScore":9,"error":0,"length":1},"keyphraseInIntroduction":{"score":9,"maxScore":9,"error":0},"keyphraseInImageAlt":{"score":9,"maxScore":9,"error":0},"keywordDensity":{"type":"high","score":0,"maxScore":9,"error":1}}}]},"primary_term":null,"canonical_url":null,"og_title":null,"og_description":null,"og_object_type":"default","og_image_type":"default","og_image_url":null,"og_image_width":null,"og_image_height":null,"og_image_custom_url":null,"og_image_custom_fields":null,"og_video":"","og_custom_url":null,"og_article_section":null,"og_article_tags":[],"twitter_use_og":false,"twitter_card":"default","twitter_image_type":"default","twitter_image_url":null,"twitter_image_custom_url":null,"twitter_image_custom_fields":null,"twitter_title":null,"twitter_description":null,"schema":{"blockGraphs":[],"customGraphs":[],"default":{"data":{"Article":[],"Course":[],"Dataset":[],"FAQPage":[],"Movie":[],"Person":[],"Product":[],"ProductReview":[],"Car":[],"Recipe":[],"Service":[],"SoftwareApplication":[],"WebPage":[]},"graphName":"BlogPosting","isEnabled":true},"graphs":[]},"schema_type":"default","schema_type_options":null,"pillar_content":false,"robots_default":true,"robots_noindex":false,"robots_noarchive":false,"robots_nosnippet":false,"robots_nofollow":false,"robots_noimageindex":false,"robots_noodp":false,"robots_notranslate":false,"robots_max_snippet":"-1","robots_max_videopreview":"-1","robots_max_imagepreview":"large","priority":null,"frequency":"default","local_seo":null,"seo_analyzer_scan_date":"2025-10-06 00:31:24","breadcrumb_settings":null,"limit_modified_date":false,"open_ai":"{\"title\":{\"suggestions\":[],\"usage\":0},\"description\":{\"suggestions\":[],\"usage\":0}}","ai":null,"created":"2024-01-04 17:03:15","updated":"2025-10-09 06:40:27"},"aioseo_breadcrumb":"<div class=\"aioseo-breadcrumbs\"><span class=\"aioseo-breadcrumb\">\n\t<a href=\"https:\/\/www.eldigitaldeasturias.com\/noticias\" title=\"Home\">Home<\/a>\n<\/span><span class=\"aioseo-breadcrumb-separator\">\u2013<\/span><span class=\"aioseo-breadcrumb\">\n\t<a href=\"https:\/\/www.eldigitaldeasturias.com\/noticias\/category\/negocios-y-empresas\/\" title=\"Negocios y Empresas\">Negocios y Empresas<\/a>\n<\/span><span class=\"aioseo-breadcrumb-separator\">\u2013<\/span><span class=\"aioseo-breadcrumb\">\n\t<a href=\"https:\/\/www.eldigitaldeasturias.com\/noticias\/el-nuevo-impuesto-de-sociedades-en-la-ue\/\" title=\"El nuevo impuesto de sociedades en la UE\">El nuevo impuesto de sociedades en la UE<\/a>\n<\/span><\/div>","aioseo_breadcrumb_json":[{"label":"Home","link":"https:\/\/www.eldigitaldeasturias.com\/noticias"},{"label":"Negocios y Empresas","link":"https:\/\/www.eldigitaldeasturias.com\/noticias\/category\/negocios-y-empresas\/"},{"label":"El nuevo impuesto de sociedades en la UE","link":"https:\/\/www.eldigitaldeasturias.com\/noticias\/el-nuevo-impuesto-de-sociedades-en-la-ue\/"}],"_links":{"self":[{"href":"https:\/\/www.eldigitaldeasturias.com\/noticias\/wp-json\/wp\/v2\/posts\/1127947","targetHints":{"allow":["GET"]}}],"collection":[{"href":"https:\/\/www.eldigitaldeasturias.com\/noticias\/wp-json\/wp\/v2\/posts"}],"about":[{"href":"https:\/\/www.eldigitaldeasturias.com\/noticias\/wp-json\/wp\/v2\/types\/post"}],"author":[{"embeddable":true,"href":"https:\/\/www.eldigitaldeasturias.com\/noticias\/wp-json\/wp\/v2\/users\/1"}],"replies":[{"embeddable":true,"href":"https:\/\/www.eldigitaldeasturias.com\/noticias\/wp-json\/wp\/v2\/comments?post=1127947"}],"version-history":[{"count":0,"href":"https:\/\/www.eldigitaldeasturias.com\/noticias\/wp-json\/wp\/v2\/posts\/1127947\/revisions"}],"wp:featuredmedia":[{"embeddable":true,"href":"https:\/\/www.eldigitaldeasturias.com\/noticias\/wp-json\/wp\/v2\/media\/1127948"}],"wp:attachment":[{"href":"https:\/\/www.eldigitaldeasturias.com\/noticias\/wp-json\/wp\/v2\/media?parent=1127947"}],"wp:term":[{"taxonomy":"category","embeddable":true,"href":"https:\/\/www.eldigitaldeasturias.com\/noticias\/wp-json\/wp\/v2\/categories?post=1127947"},{"taxonomy":"post_tag","embeddable":true,"href":"https:\/\/www.eldigitaldeasturias.com\/noticias\/wp-json\/wp\/v2\/tags?post=1127947"}],"curies":[{"name":"wp","href":"https:\/\/api.w.org\/{rel}","templated":true}]}}