{"id":1127939,"date":"2024-01-03T14:40:50","date_gmt":"2024-01-03T13:40:50","guid":{"rendered":"https:\/\/www.eldigitaldeasturias.com\/noticias\/?p=1127939"},"modified":"2024-01-03T14:41:08","modified_gmt":"2024-01-03T13:41:08","slug":"el-jardin-de-olivia-en-mercaplana","status":"publish","type":"post","link":"https:\/\/www.eldigitaldeasturias.com\/noticias\/el-jardin-de-olivia-en-mercaplana\/","title":{"rendered":"\u00abEl Jard\u00edn de Olivia\u00bb en Mercaplana"},"content":{"rendered":"<p>El <a href=\"https:\/\/www.gijon.es\/es\" target=\"_blank\" rel=\"noopener\"><span style=\"color: #ff6600;\"><strong>Ayuntamiento de Gij\u00f3n<\/strong><\/span><\/a>\/Xix\u00f3n, a trav\u00e9s de la Fundaci\u00f3n Municipal de Cultura, Educaci\u00f3n y Universidad Popular, ha colaborado con Funeraria Gijonesa en una obra de teatro sobre el duelo que se inaugurar\u00e1 hoy en Mercaplana.<\/p>\n<figure id=\"attachment_1127940\" aria-describedby=\"caption-attachment-1127940\" style=\"width: 650px\" class=\"wp-caption aligncenter\"><img loading=\"lazy\" decoding=\"async\" class=\"wp-image-1127940 size-large\" src=\"https:\/\/www.eldigitaldeasturias.com\/noticias\/wp-content\/uploads\/2024\/01\/Ayuntamiento-de-Gijon-650x480.jpg\" alt=\"Ayuntamiento de Gij\u00f3n\" width=\"650\" height=\"480\" srcset=\"https:\/\/www.eldigitaldeasturias.com\/noticias\/wp-content\/uploads\/2024\/01\/Ayuntamiento-de-Gijon-650x480.jpg 650w, https:\/\/www.eldigitaldeasturias.com\/noticias\/wp-content\/uploads\/2024\/01\/Ayuntamiento-de-Gijon-360x266.jpg 360w, https:\/\/www.eldigitaldeasturias.com\/noticias\/wp-content\/uploads\/2024\/01\/Ayuntamiento-de-Gijon-406x300.jpg 406w, https:\/\/www.eldigitaldeasturias.com\/noticias\/wp-content\/uploads\/2024\/01\/Ayuntamiento-de-Gijon-150x111.jpg 150w, https:\/\/www.eldigitaldeasturias.com\/noticias\/wp-content\/uploads\/2024\/01\/Ayuntamiento-de-Gijon-450x332.jpg 450w, https:\/\/www.eldigitaldeasturias.com\/noticias\/wp-content\/uploads\/2024\/01\/Ayuntamiento-de-Gijon.jpg 765w\" sizes=\"auto, (max-width: 650px) 100vw, 650px\" \/><figcaption id=\"caption-attachment-1127940\" class=\"wp-caption-text\">Foto: Prensa Ayuntamiento de Gij\u00f3n<\/figcaption><\/figure>\n<p><strong>\u2018El Jard\u00edn de Olivia\u2019 se representar\u00e1 el 3 de enero, a las 16.30, y tambi\u00e9n el jueves 4, a las 18.30 horas, en la Sala Asturias del Recinto Ferial Luis Adaro<\/strong>. Tambi\u00e9n se ofrecer\u00e1n unos talleres complementarios a la funci\u00f3n con el objetivo de trabajar la mediaci\u00f3n y poder realizar a futuro una campa\u00f1a escolar para trabajar esta tem\u00e1tica con el alumnado a trav\u00e9s de un dossier pedag\u00f3gico creado ex profeso para esta obra teatral.<\/p>\n<p>\u201cEs una obra sobre la tem\u00e1tica del duelo, las ausencias y la memoria, que pretende hablar a los m\u00e1s peque\u00f1os sobre la p\u00e9rdida con dulzura y naturalidad, creando un espacio de encuentro para la emoci\u00f3n y el recuerdo de quienes ya no est\u00e1n\u201d, explic\u00f3 la concejala de Cultura, Juventud y Museos, Montserrat L\u00f3pez Moro.<\/p>\n<p>El proyecto -que tambi\u00e9n cuenta con el patrocinio y la colaboraci\u00f3n de la Fundaci\u00f3n Caja Rural de Gij\u00f3n, Cadena Ser de Gij\u00f3n, la C\u00e1mara de Comercio y la Asociaci\u00f3n Rincones y Recovecos- formar\u00e1 parte de la programaci\u00f3n de \u2018Excena Xix\u00f3n\u2019, concretamente en el mes de marzo en el CMI de El Llano y ser\u00e1 invitados alumnos y alumnas de primaria de varios centros escolares de la ciudad. \u201cIniciativas como esta nos hacen ver la importancia que tiene el teatro como herramienta de aprendizaje, y c\u00f3mo a trav\u00e9s de su presencia en las aulas podemos realmente fomentar una escuela de valores. En este caso concreto,<strong> el <a href=\"https:\/\/www.eldigitaldeasturias.com\/noticias\/category\/sociedad\/\"><span style=\"color: #ff6600;\">aprendizaje de la p\u00e9rdida<\/span><\/a><\/strong> es a trav\u00e9s de un lenguaje pot\u00e9tico que a nadie dejar\u00e1 indiferente\u201d, valor\u00f3 la concejala. \u201cGracias a Funeraria Gijonesa por esta gran iniciativa\u201d, concluy\u00f3.<\/p>\n","protected":false},"excerpt":{"rendered":"<p>El Ayuntamiento de Gij\u00f3n\/Xix\u00f3n, a trav\u00e9s de la Fundaci\u00f3n Municipal de Cultura, Educaci\u00f3n y Universidad Popular, ha colaborado con Funeraria Gijonesa en una obra de teatro sobre el duelo que se inaugurar\u00e1 hoy en Mercaplana. \u2018El Jard\u00edn de Olivia\u2019 se representar\u00e1 el 3 de enero, a las 16.30, y tambi\u00e9n el jueves 4, a las [&hellip;]<\/p>\n","protected":false},"author":1,"featured_media":1127940,"comment_status":"closed","ping_status":"closed","sticky":false,"template":"","format":"standard","meta":{"footnotes":""},"categories":[2],"tags":[],"class_list":["post-1127939","post","type-post","status-publish","format-standard","has-post-thumbnail","hentry","category-agenda"],"aioseo_notices":[],"aioseo_head":"\n\t\t<!-- All in One SEO Pro 4.9.6.2 - aioseo.com -->\n\t<meta name=\"description\" content=\"El Ayuntamiento de Gij\u00f3n\/Xix\u00f3n, a trav\u00e9s de la Fundaci\u00f3n Municipal de Cultura, Educaci\u00f3n y Universidad Popular, ha colaborado con Funeraria Gijonesa\" \/>\n\t<meta name=\"robots\" content=\"max-image-preview:large\" \/>\n\t<meta name=\"author\" content=\"El Digital de Asturias\"\/>\n\t<meta name=\"google-site-verification\" content=\"UA-38556648-1\" \/>\n\t<meta name=\"msvalidate.01\" content=\"7dfe9f3f1b24437ab69f4f2559babe99\" \/>\n\t<meta name=\"keywords\" content=\"agenda\" \/>\n\t<link rel=\"canonical\" href=\"https:\/\/www.eldigitaldeasturias.com\/noticias\/el-jardin-de-olivia-en-mercaplana\/\" \/>\n\t<meta name=\"generator\" content=\"All in One SEO Pro (AIOSEO) 4.9.6.2\" \/>\n\t\t<meta property=\"og:locale\" content=\"es_ES\" \/>\n\t\t<meta property=\"og:site_name\" content=\"El Digital de Asturias\" \/>\n\t\t<meta property=\"og:type\" content=\"article\" \/>\n\t\t<meta property=\"og:title\" content=\"\u00abEl Jard\u00edn de Olivia\u00bb en Mercaplana - El Digital de Asturias\" \/>\n\t\t<meta property=\"og:description\" content=\"El Ayuntamiento de Gij\u00f3n\/Xix\u00f3n, a trav\u00e9s de la Fundaci\u00f3n Municipal de Cultura, Educaci\u00f3n y Universidad Popular, ha colaborado con Funeraria Gijonesa\" \/>\n\t\t<meta property=\"og:url\" content=\"https:\/\/www.eldigitaldeasturias.com\/noticias\/el-jardin-de-olivia-en-mercaplana\/\" \/>\n\t\t<meta property=\"og:image\" content=\"https:\/\/www.eldigitaldeasturias.com\/noticias\/wp-content\/uploads\/2024\/01\/Ayuntamiento-de-Gijon.jpg\" \/>\n\t\t<meta property=\"og:image:secure_url\" content=\"https:\/\/www.eldigitaldeasturias.com\/noticias\/wp-content\/uploads\/2024\/01\/Ayuntamiento-de-Gijon.jpg\" \/>\n\t\t<meta property=\"og:image:width\" content=\"765\" \/>\n\t\t<meta property=\"og:image:height\" content=\"565\" \/>\n\t\t<meta property=\"article:tag\" content=\"agenda\" \/>\n\t\t<meta property=\"article:published_time\" content=\"2024-01-03T13:40:50+00:00\" \/>\n\t\t<meta property=\"article:modified_time\" content=\"2024-01-03T13:41:08+00:00\" \/>\n\t\t<meta property=\"article:publisher\" content=\"https:\/\/facebook.com\/eldigitaldeasturias\" \/>\n\t\t<meta name=\"twitter:card\" content=\"summary_large_image\" \/>\n\t\t<meta name=\"twitter:title\" content=\"\u00abEl Jard\u00edn de Olivia\u00bb en Mercaplana - El Digital de Asturias\" \/>\n\t\t<meta name=\"twitter:description\" content=\"El Ayuntamiento de Gij\u00f3n\/Xix\u00f3n, a trav\u00e9s de la Fundaci\u00f3n Municipal de Cultura, Educaci\u00f3n y Universidad Popular, ha colaborado con Funeraria Gijonesa\" \/>\n\t\t<meta name=\"twitter:image\" content=\"https:\/\/www.eldigitaldeasturias.com\/noticias\/wp-content\/uploads\/2024\/01\/Ayuntamiento-de-Gijon.jpg\" \/>\n\t\t<meta name=\"twitter:label1\" content=\"Escrito por\" \/>\n\t\t<meta name=\"twitter:data1\" content=\"El Digital de Asturias\" \/>\n\t\t<meta name=\"twitter:label2\" content=\"Tiempo de lectura estimado\" \/>\n\t\t<meta name=\"twitter:data2\" content=\"2 minutos\" \/>\n\t\t<script type=\"application\/ld+json\" class=\"aioseo-schema\">\n\t\t\t{\"@context\":\"https:\\\/\\\/schema.org\",\"@graph\":[{\"@type\":\"BlogPosting\",\"@id\":\"https:\\\/\\\/www.eldigitaldeasturias.com\\\/noticias\\\/el-jardin-de-olivia-en-mercaplana\\\/#blogposting\",\"name\":\"\\u00abEl Jard\\u00edn de Olivia\\u00bb en Mercaplana - El Digital de Asturias\",\"headline\":\"\\u00abEl Jard\\u00edn de Olivia\\u00bb en Mercaplana\",\"author\":{\"@id\":\"https:\\\/\\\/www.eldigitaldeasturias.com\\\/noticias\\\/author\\\/admin\\\/#author\"},\"publisher\":{\"@id\":\"https:\\\/\\\/www.eldigitaldeasturias.com\\\/noticias\\\/#organization\"},\"image\":{\"@type\":\"ImageObject\",\"url\":\"https:\\\/\\\/www.eldigitaldeasturias.com\\\/noticias\\\/wp-content\\\/uploads\\\/2024\\\/01\\\/Ayuntamiento-de-Gijon.jpg\",\"width\":765,\"height\":565,\"caption\":\"Foto: Prensa Ayuntamiento de Gij\\u00f3n\"},\"datePublished\":\"2024-01-03T14:40:50+01:00\",\"dateModified\":\"2024-01-03T14:41:08+01:00\",\"inLanguage\":\"es-ES\",\"mainEntityOfPage\":{\"@id\":\"https:\\\/\\\/www.eldigitaldeasturias.com\\\/noticias\\\/el-jardin-de-olivia-en-mercaplana\\\/#webpage\"},\"isPartOf\":{\"@id\":\"https:\\\/\\\/www.eldigitaldeasturias.com\\\/noticias\\\/el-jardin-de-olivia-en-mercaplana\\\/#webpage\"},\"articleSection\":\"Agenda\"},{\"@type\":\"BreadcrumbList\",\"@id\":\"https:\\\/\\\/www.eldigitaldeasturias.com\\\/noticias\\\/el-jardin-de-olivia-en-mercaplana\\\/#breadcrumblist\",\"itemListElement\":[{\"@type\":\"ListItem\",\"@id\":\"https:\\\/\\\/www.eldigitaldeasturias.com\\\/noticias#listItem\",\"position\":1,\"name\":\"Home\",\"item\":\"https:\\\/\\\/www.eldigitaldeasturias.com\\\/noticias\",\"nextItem\":{\"@type\":\"ListItem\",\"@id\":\"https:\\\/\\\/www.eldigitaldeasturias.com\\\/noticias\\\/category\\\/agenda\\\/#listItem\",\"name\":\"Agenda\"}},{\"@type\":\"ListItem\",\"@id\":\"https:\\\/\\\/www.eldigitaldeasturias.com\\\/noticias\\\/category\\\/agenda\\\/#listItem\",\"position\":2,\"name\":\"Agenda\",\"item\":\"https:\\\/\\\/www.eldigitaldeasturias.com\\\/noticias\\\/category\\\/agenda\\\/\",\"nextItem\":{\"@type\":\"ListItem\",\"@id\":\"https:\\\/\\\/www.eldigitaldeasturias.com\\\/noticias\\\/el-jardin-de-olivia-en-mercaplana\\\/#listItem\",\"name\":\"\\u00abEl Jard\\u00edn de Olivia\\u00bb en Mercaplana\"},\"previousItem\":{\"@type\":\"ListItem\",\"@id\":\"https:\\\/\\\/www.eldigitaldeasturias.com\\\/noticias#listItem\",\"name\":\"Home\"}},{\"@type\":\"ListItem\",\"@id\":\"https:\\\/\\\/www.eldigitaldeasturias.com\\\/noticias\\\/el-jardin-de-olivia-en-mercaplana\\\/#listItem\",\"position\":3,\"name\":\"\\u00abEl Jard\\u00edn de Olivia\\u00bb en Mercaplana\",\"previousItem\":{\"@type\":\"ListItem\",\"@id\":\"https:\\\/\\\/www.eldigitaldeasturias.com\\\/noticias\\\/category\\\/agenda\\\/#listItem\",\"name\":\"Agenda\"}}]},{\"@type\":\"Organization\",\"@id\":\"https:\\\/\\\/www.eldigitaldeasturias.com\\\/noticias\\\/#organization\",\"name\":\"El Digital de Asturias\",\"description\":\"Hemeroteca\",\"url\":\"https:\\\/\\\/www.eldigitaldeasturias.com\\\/noticias\\\/\",\"email\":\"info@eldigitaldeasturias.com\",\"telephone\":\"+34652131393\",\"logo\":{\"@type\":\"ImageObject\",\"url\":\"https:\\\/\\\/www.eldigitaldeasturias.com\\\/noticias\\\/wp-content\\\/uploads\\\/2020\\\/12\\\/EDA.jpg\",\"@id\":\"https:\\\/\\\/www.eldigitaldeasturias.com\\\/noticias\\\/el-jardin-de-olivia-en-mercaplana\\\/#organizationLogo\",\"width\":649,\"height\":297},\"image\":{\"@id\":\"https:\\\/\\\/www.eldigitaldeasturias.com\\\/noticias\\\/el-jardin-de-olivia-en-mercaplana\\\/#organizationLogo\"},\"sameAs\":[\"https:\\\/\\\/facebook.com\\\/eldigitaldeasturias\",\"https:\\\/\\\/www.youtube.com\\\/channel\\\/UCZP-2wLEB9Rv6erhFmqVnvg\"],\"address\":{\"@id\":\"https:\\\/\\\/www.eldigitaldeasturias.com\\\/noticias\\\/#postaladdress\",\"@type\":\"PostalAddress\",\"streetAddress\":\"san antonio 4,\",\"postalCode\":\"33430\",\"addressLocality\":\"Cand\\u00e1s\",\"addressRegion\":\"Asturias\",\"addressCountry\":\"ES\"}},{\"@type\":\"Person\",\"@id\":\"https:\\\/\\\/www.eldigitaldeasturias.com\\\/noticias\\\/author\\\/admin\\\/#author\",\"url\":\"https:\\\/\\\/www.eldigitaldeasturias.com\\\/noticias\\\/author\\\/admin\\\/\",\"name\":\"El Digital de Asturias\",\"image\":{\"@type\":\"ImageObject\",\"@id\":\"https:\\\/\\\/www.eldigitaldeasturias.com\\\/noticias\\\/el-jardin-de-olivia-en-mercaplana\\\/#authorImage\",\"url\":\"https:\\\/\\\/www.eldigitaldeasturias.com\\\/noticias\\\/wp-content\\\/litespeed\\\/avatar\\\/18677e78aa0546b92d9dbf31ec7d7668.jpg?ver=1777290358\",\"width\":96,\"height\":96,\"caption\":\"El Digital de Asturias\"}},{\"@type\":\"WebPage\",\"@id\":\"https:\\\/\\\/www.eldigitaldeasturias.com\\\/noticias\\\/el-jardin-de-olivia-en-mercaplana\\\/#webpage\",\"url\":\"https:\\\/\\\/www.eldigitaldeasturias.com\\\/noticias\\\/el-jardin-de-olivia-en-mercaplana\\\/\",\"name\":\"\\u00abEl Jard\\u00edn de Olivia\\u00bb en Mercaplana - El Digital de Asturias\",\"description\":\"El Ayuntamiento de Gij\\u00f3n\\\/Xix\\u00f3n, a trav\\u00e9s de la Fundaci\\u00f3n Municipal de Cultura, Educaci\\u00f3n y Universidad Popular, ha colaborado con Funeraria Gijonesa\",\"inLanguage\":\"es-ES\",\"isPartOf\":{\"@id\":\"https:\\\/\\\/www.eldigitaldeasturias.com\\\/noticias\\\/#website\"},\"breadcrumb\":{\"@id\":\"https:\\\/\\\/www.eldigitaldeasturias.com\\\/noticias\\\/el-jardin-de-olivia-en-mercaplana\\\/#breadcrumblist\"},\"author\":{\"@id\":\"https:\\\/\\\/www.eldigitaldeasturias.com\\\/noticias\\\/author\\\/admin\\\/#author\"},\"creator\":{\"@id\":\"https:\\\/\\\/www.eldigitaldeasturias.com\\\/noticias\\\/author\\\/admin\\\/#author\"},\"image\":{\"@type\":\"ImageObject\",\"url\":\"https:\\\/\\\/www.eldigitaldeasturias.com\\\/noticias\\\/wp-content\\\/uploads\\\/2024\\\/01\\\/Ayuntamiento-de-Gijon.jpg\",\"@id\":\"https:\\\/\\\/www.eldigitaldeasturias.com\\\/noticias\\\/el-jardin-de-olivia-en-mercaplana\\\/#mainImage\",\"width\":765,\"height\":565,\"caption\":\"Foto: Prensa Ayuntamiento de Gij\\u00f3n\"},\"primaryImageOfPage\":{\"@id\":\"https:\\\/\\\/www.eldigitaldeasturias.com\\\/noticias\\\/el-jardin-de-olivia-en-mercaplana\\\/#mainImage\"},\"datePublished\":\"2024-01-03T14:40:50+01:00\",\"dateModified\":\"2024-01-03T14:41:08+01:00\"},{\"@type\":\"WebSite\",\"@id\":\"https:\\\/\\\/www.eldigitaldeasturias.com\\\/noticias\\\/#website\",\"url\":\"https:\\\/\\\/www.eldigitaldeasturias.com\\\/noticias\\\/\",\"name\":\"El Digital de Asturias - Diario de actualidad y noticias\",\"alternateName\":\"El Digital de Asturias - Diario de actualidad y noticias\",\"description\":\"Hemeroteca\",\"inLanguage\":\"es-ES\",\"publisher\":{\"@id\":\"https:\\\/\\\/www.eldigitaldeasturias.com\\\/noticias\\\/#organization\"}}]}\n\t\t<\/script>\n\t\t<!-- All in One SEO Pro -->\r\n\t\t<title>\u00abEl Jard\u00edn de Olivia\u00bb en Mercaplana - El Digital de Asturias<\/title>\n\n","aioseo_head_json":{"title":"\u00abEl Jard\u00edn de Olivia\u00bb en Mercaplana - El Digital de Asturias","description":"El Ayuntamiento de Gij\u00f3n\/Xix\u00f3n, a trav\u00e9s de la Fundaci\u00f3n Municipal de Cultura, Educaci\u00f3n y Universidad Popular, ha colaborado con Funeraria Gijonesa","canonical_url":"https:\/\/www.eldigitaldeasturias.com\/noticias\/el-jardin-de-olivia-en-mercaplana\/","robots":"max-image-preview:large","keywords":"agenda","webmasterTools":{"google-site-verification":"UA-38556648-1","msvalidate.01":"7dfe9f3f1b24437ab69f4f2559babe99","miscellaneous":""},"schema":{"@context":"https:\/\/schema.org","@graph":[{"@type":"BlogPosting","@id":"https:\/\/www.eldigitaldeasturias.com\/noticias\/el-jardin-de-olivia-en-mercaplana\/#blogposting","name":"\u00abEl Jard\u00edn de Olivia\u00bb en Mercaplana - El Digital de Asturias","headline":"\u00abEl Jard\u00edn de Olivia\u00bb en Mercaplana","author":{"@id":"https:\/\/www.eldigitaldeasturias.com\/noticias\/author\/admin\/#author"},"publisher":{"@id":"https:\/\/www.eldigitaldeasturias.com\/noticias\/#organization"},"image":{"@type":"ImageObject","url":"https:\/\/www.eldigitaldeasturias.com\/noticias\/wp-content\/uploads\/2024\/01\/Ayuntamiento-de-Gijon.jpg","width":765,"height":565,"caption":"Foto: Prensa Ayuntamiento de Gij\u00f3n"},"datePublished":"2024-01-03T14:40:50+01:00","dateModified":"2024-01-03T14:41:08+01:00","inLanguage":"es-ES","mainEntityOfPage":{"@id":"https:\/\/www.eldigitaldeasturias.com\/noticias\/el-jardin-de-olivia-en-mercaplana\/#webpage"},"isPartOf":{"@id":"https:\/\/www.eldigitaldeasturias.com\/noticias\/el-jardin-de-olivia-en-mercaplana\/#webpage"},"articleSection":"Agenda"},{"@type":"BreadcrumbList","@id":"https:\/\/www.eldigitaldeasturias.com\/noticias\/el-jardin-de-olivia-en-mercaplana\/#breadcrumblist","itemListElement":[{"@type":"ListItem","@id":"https:\/\/www.eldigitaldeasturias.com\/noticias#listItem","position":1,"name":"Home","item":"https:\/\/www.eldigitaldeasturias.com\/noticias","nextItem":{"@type":"ListItem","@id":"https:\/\/www.eldigitaldeasturias.com\/noticias\/category\/agenda\/#listItem","name":"Agenda"}},{"@type":"ListItem","@id":"https:\/\/www.eldigitaldeasturias.com\/noticias\/category\/agenda\/#listItem","position":2,"name":"Agenda","item":"https:\/\/www.eldigitaldeasturias.com\/noticias\/category\/agenda\/","nextItem":{"@type":"ListItem","@id":"https:\/\/www.eldigitaldeasturias.com\/noticias\/el-jardin-de-olivia-en-mercaplana\/#listItem","name":"\u00abEl Jard\u00edn de Olivia\u00bb en Mercaplana"},"previousItem":{"@type":"ListItem","@id":"https:\/\/www.eldigitaldeasturias.com\/noticias#listItem","name":"Home"}},{"@type":"ListItem","@id":"https:\/\/www.eldigitaldeasturias.com\/noticias\/el-jardin-de-olivia-en-mercaplana\/#listItem","position":3,"name":"\u00abEl Jard\u00edn de Olivia\u00bb en Mercaplana","previousItem":{"@type":"ListItem","@id":"https:\/\/www.eldigitaldeasturias.com\/noticias\/category\/agenda\/#listItem","name":"Agenda"}}]},{"@type":"Organization","@id":"https:\/\/www.eldigitaldeasturias.com\/noticias\/#organization","name":"El Digital de Asturias","description":"Hemeroteca","url":"https:\/\/www.eldigitaldeasturias.com\/noticias\/","email":"info@eldigitaldeasturias.com","telephone":"+34652131393","logo":{"@type":"ImageObject","url":"https:\/\/www.eldigitaldeasturias.com\/noticias\/wp-content\/uploads\/2020\/12\/EDA.jpg","@id":"https:\/\/www.eldigitaldeasturias.com\/noticias\/el-jardin-de-olivia-en-mercaplana\/#organizationLogo","width":649,"height":297},"image":{"@id":"https:\/\/www.eldigitaldeasturias.com\/noticias\/el-jardin-de-olivia-en-mercaplana\/#organizationLogo"},"sameAs":["https:\/\/facebook.com\/eldigitaldeasturias","https:\/\/www.youtube.com\/channel\/UCZP-2wLEB9Rv6erhFmqVnvg"],"address":{"@id":"https:\/\/www.eldigitaldeasturias.com\/noticias\/#postaladdress","@type":"PostalAddress","streetAddress":"san antonio 4,","postalCode":"33430","addressLocality":"Cand\u00e1s","addressRegion":"Asturias","addressCountry":"ES"}},{"@type":"Person","@id":"https:\/\/www.eldigitaldeasturias.com\/noticias\/author\/admin\/#author","url":"https:\/\/www.eldigitaldeasturias.com\/noticias\/author\/admin\/","name":"El Digital de Asturias","image":{"@type":"ImageObject","@id":"https:\/\/www.eldigitaldeasturias.com\/noticias\/el-jardin-de-olivia-en-mercaplana\/#authorImage","url":"https:\/\/www.eldigitaldeasturias.com\/noticias\/wp-content\/litespeed\/avatar\/18677e78aa0546b92d9dbf31ec7d7668.jpg?ver=1777290358","width":96,"height":96,"caption":"El Digital de Asturias"}},{"@type":"WebPage","@id":"https:\/\/www.eldigitaldeasturias.com\/noticias\/el-jardin-de-olivia-en-mercaplana\/#webpage","url":"https:\/\/www.eldigitaldeasturias.com\/noticias\/el-jardin-de-olivia-en-mercaplana\/","name":"\u00abEl Jard\u00edn de Olivia\u00bb en Mercaplana - El Digital de Asturias","description":"El Ayuntamiento de Gij\u00f3n\/Xix\u00f3n, a trav\u00e9s de la Fundaci\u00f3n Municipal de Cultura, Educaci\u00f3n y Universidad Popular, ha colaborado con Funeraria Gijonesa","inLanguage":"es-ES","isPartOf":{"@id":"https:\/\/www.eldigitaldeasturias.com\/noticias\/#website"},"breadcrumb":{"@id":"https:\/\/www.eldigitaldeasturias.com\/noticias\/el-jardin-de-olivia-en-mercaplana\/#breadcrumblist"},"author":{"@id":"https:\/\/www.eldigitaldeasturias.com\/noticias\/author\/admin\/#author"},"creator":{"@id":"https:\/\/www.eldigitaldeasturias.com\/noticias\/author\/admin\/#author"},"image":{"@type":"ImageObject","url":"https:\/\/www.eldigitaldeasturias.com\/noticias\/wp-content\/uploads\/2024\/01\/Ayuntamiento-de-Gijon.jpg","@id":"https:\/\/www.eldigitaldeasturias.com\/noticias\/el-jardin-de-olivia-en-mercaplana\/#mainImage","width":765,"height":565,"caption":"Foto: Prensa Ayuntamiento de Gij\u00f3n"},"primaryImageOfPage":{"@id":"https:\/\/www.eldigitaldeasturias.com\/noticias\/el-jardin-de-olivia-en-mercaplana\/#mainImage"},"datePublished":"2024-01-03T14:40:50+01:00","dateModified":"2024-01-03T14:41:08+01:00"},{"@type":"WebSite","@id":"https:\/\/www.eldigitaldeasturias.com\/noticias\/#website","url":"https:\/\/www.eldigitaldeasturias.com\/noticias\/","name":"El Digital de Asturias - Diario de actualidad y noticias","alternateName":"El Digital de Asturias - Diario de actualidad y noticias","description":"Hemeroteca","inLanguage":"es-ES","publisher":{"@id":"https:\/\/www.eldigitaldeasturias.com\/noticias\/#organization"}}]},"og:locale":"es_ES","og:site_name":"El Digital de Asturias","og:type":"article","og:title":"\u00abEl Jard\u00edn de Olivia\u00bb en Mercaplana - El Digital de Asturias","og:description":"El Ayuntamiento de Gij\u00f3n\/Xix\u00f3n, a trav\u00e9s de la Fundaci\u00f3n Municipal de Cultura, Educaci\u00f3n y Universidad Popular, ha colaborado con Funeraria Gijonesa","og:url":"https:\/\/www.eldigitaldeasturias.com\/noticias\/el-jardin-de-olivia-en-mercaplana\/","og:image":"https:\/\/www.eldigitaldeasturias.com\/noticias\/wp-content\/uploads\/2024\/01\/Ayuntamiento-de-Gijon.jpg","og:image:secure_url":"https:\/\/www.eldigitaldeasturias.com\/noticias\/wp-content\/uploads\/2024\/01\/Ayuntamiento-de-Gijon.jpg","og:image:width":765,"og:image:height":565,"article:tag":["agenda"],"article:published_time":"2024-01-03T13:40:50+00:00","article:modified_time":"2024-01-03T13:41:08+00:00","article:publisher":"https:\/\/facebook.com\/eldigitaldeasturias","twitter:card":"summary_large_image","twitter:title":"\u00abEl Jard\u00edn de Olivia\u00bb en Mercaplana - El Digital de Asturias","twitter:description":"El Ayuntamiento de Gij\u00f3n\/Xix\u00f3n, a trav\u00e9s de la Fundaci\u00f3n Municipal de Cultura, Educaci\u00f3n y Universidad Popular, ha colaborado con Funeraria Gijonesa","twitter:image":"https:\/\/www.eldigitaldeasturias.com\/noticias\/wp-content\/uploads\/2024\/01\/Ayuntamiento-de-Gijon.jpg","twitter:label1":"Escrito por","twitter:data1":"El Digital de Asturias","twitter:label2":"Tiempo de lectura estimado","twitter:data2":"2 minutos"},"aioseo_meta_data":{"post_id":"1127939","title":null,"description":"El Ayuntamiento de Gij\u00f3n\/Xix\u00f3n, a trav\u00e9s de la Fundaci\u00f3n Municipal de Cultura, Educaci\u00f3n y Universidad Popular, ha colaborado con Funeraria Gijonesa","keywords":[],"keyphrases":{"focus":{"keyphrase":"Mercaplana","score":64,"analysis":{"keyphraseInTitle":{"score":9,"maxScore":9,"error":0},"keyphraseInDescription":{"score":3,"maxScore":9,"error":1},"keyphraseLength":{"score":9,"maxScore":9,"error":0,"length":1},"keyphraseInURL":{"score":5,"maxScore":5,"error":0},"keyphraseInIntroduction":{"score":9,"maxScore":9,"error":0},"keyphraseInSubHeadings":[],"keyphraseInImageAlt":{"score":3,"maxScore":9,"error":1},"keywordDensity":{"score":0,"type":"low","maxScore":9,"error":1}}},"additional":[{"keyphrase":"Gij\u00f3n","score":100,"analysis":{"keyphraseInDescription":{"score":9,"maxScore":9,"error":0},"keyphraseLength":{"score":9,"maxScore":9,"error":0,"length":2},"keyphraseInIntroduction":{"score":9,"maxScore":9,"error":0},"keyphraseInImageAlt":{"score":9,"maxScore":9,"error":0},"keywordDensity":{"type":"best","score":9,"maxScore":9,"error":0}}}]},"primary_term":null,"canonical_url":null,"og_title":null,"og_description":null,"og_object_type":"default","og_image_type":"default","og_image_url":null,"og_image_width":null,"og_image_height":null,"og_image_custom_url":null,"og_image_custom_fields":null,"og_video":"","og_custom_url":null,"og_article_section":null,"og_article_tags":[],"twitter_use_og":false,"twitter_card":"default","twitter_image_type":"default","twitter_image_url":null,"twitter_image_custom_url":null,"twitter_image_custom_fields":null,"twitter_title":null,"twitter_description":null,"schema":{"blockGraphs":[],"customGraphs":[],"default":{"data":{"Article":[],"Course":[],"Dataset":[],"FAQPage":[],"Movie":[],"Person":[],"Product":[],"ProductReview":[],"Car":[],"Recipe":[],"Service":[],"SoftwareApplication":[],"WebPage":[]},"graphName":"BlogPosting","isEnabled":true},"graphs":[]},"schema_type":"default","schema_type_options":null,"pillar_content":false,"robots_default":true,"robots_noindex":false,"robots_noarchive":false,"robots_nosnippet":false,"robots_nofollow":false,"robots_noimageindex":false,"robots_noodp":false,"robots_notranslate":false,"robots_max_snippet":"-1","robots_max_videopreview":"-1","robots_max_imagepreview":"large","priority":null,"frequency":"default","local_seo":null,"seo_analyzer_scan_date":"2025-10-06 00:28:41","breadcrumb_settings":null,"limit_modified_date":false,"open_ai":"{\"title\":{\"suggestions\":[],\"usage\":0},\"description\":{\"suggestions\":[],\"usage\":0}}","ai":null,"created":"2024-01-03 13:35:34","updated":"2025-10-09 06:37:29"},"aioseo_breadcrumb":"<div class=\"aioseo-breadcrumbs\"><span class=\"aioseo-breadcrumb\">\n\t<a href=\"https:\/\/www.eldigitaldeasturias.com\/noticias\" title=\"Home\">Home<\/a>\n<\/span><span class=\"aioseo-breadcrumb-separator\">\u2013<\/span><span class=\"aioseo-breadcrumb\">\n\t<a href=\"https:\/\/www.eldigitaldeasturias.com\/noticias\/category\/agenda\/\" title=\"Agenda\">Agenda<\/a>\n<\/span><span class=\"aioseo-breadcrumb-separator\">\u2013<\/span><span class=\"aioseo-breadcrumb\">\n\t<a href=\"https:\/\/www.eldigitaldeasturias.com\/noticias\/el-jardin-de-olivia-en-mercaplana\/\" title=\"\u00abEl Jard\u00edn de Olivia\u00bb en Mercaplana\">\u00abEl Jard\u00edn de Olivia\u00bb en Mercaplana<\/a>\n<\/span><\/div>","aioseo_breadcrumb_json":[{"label":"Home","link":"https:\/\/www.eldigitaldeasturias.com\/noticias"},{"label":"Agenda","link":"https:\/\/www.eldigitaldeasturias.com\/noticias\/category\/agenda\/"},{"label":"\u00abEl Jard\u00edn de Olivia\u00bb en Mercaplana","link":"https:\/\/www.eldigitaldeasturias.com\/noticias\/el-jardin-de-olivia-en-mercaplana\/"}],"_links":{"self":[{"href":"https:\/\/www.eldigitaldeasturias.com\/noticias\/wp-json\/wp\/v2\/posts\/1127939","targetHints":{"allow":["GET"]}}],"collection":[{"href":"https:\/\/www.eldigitaldeasturias.com\/noticias\/wp-json\/wp\/v2\/posts"}],"about":[{"href":"https:\/\/www.eldigitaldeasturias.com\/noticias\/wp-json\/wp\/v2\/types\/post"}],"author":[{"embeddable":true,"href":"https:\/\/www.eldigitaldeasturias.com\/noticias\/wp-json\/wp\/v2\/users\/1"}],"replies":[{"embeddable":true,"href":"https:\/\/www.eldigitaldeasturias.com\/noticias\/wp-json\/wp\/v2\/comments?post=1127939"}],"version-history":[{"count":0,"href":"https:\/\/www.eldigitaldeasturias.com\/noticias\/wp-json\/wp\/v2\/posts\/1127939\/revisions"}],"wp:featuredmedia":[{"embeddable":true,"href":"https:\/\/www.eldigitaldeasturias.com\/noticias\/wp-json\/wp\/v2\/media\/1127940"}],"wp:attachment":[{"href":"https:\/\/www.eldigitaldeasturias.com\/noticias\/wp-json\/wp\/v2\/media?parent=1127939"}],"wp:term":[{"taxonomy":"category","embeddable":true,"href":"https:\/\/www.eldigitaldeasturias.com\/noticias\/wp-json\/wp\/v2\/categories?post=1127939"},{"taxonomy":"post_tag","embeddable":true,"href":"https:\/\/www.eldigitaldeasturias.com\/noticias\/wp-json\/wp\/v2\/tags?post=1127939"}],"curies":[{"name":"wp","href":"https:\/\/api.w.org\/{rel}","templated":true}]}}