{"id":1127925,"date":"2024-01-01T14:11:52","date_gmt":"2024-01-01T13:11:52","guid":{"rendered":"https:\/\/www.eldigitaldeasturias.com\/noticias\/?p=1127925"},"modified":"2024-01-01T14:11:52","modified_gmt":"2024-01-01T13:11:52","slug":"discurso-de-nochevieja-2023-de-barbon","status":"publish","type":"post","link":"https:\/\/www.eldigitaldeasturias.com\/noticias\/discurso-de-nochevieja-2023-de-barbon\/","title":{"rendered":"Discurso de Nochevieja 2023 de Barb\u00f3n"},"content":{"rendered":"<p>El presidente del <a title=\"Principado de Asturias\" href=\"https:\/\/actualidad.asturias.es\/\" target=\"_blank\" rel=\"noopener\"><span style=\"color: #ff6600;\"><strong>Principado<\/strong><\/span><\/a>, Adri\u00e1n Barb\u00f3n, ha reivindicado en su mensaje de <a href=\"https:\/\/candas365.es\/noticias\/tag\/navidad\/\" target=\"_blank\" rel=\"noopener\"><span style=\"color: #ff6600;\"><strong>Fin de A\u00f1o<\/strong><\/span><\/a> las pol\u00edticas que aplicar\u00e1 el gobierno en 2024 para afrontar el desaf\u00edo demogr\u00e1fico y atraer poblaci\u00f3n a una comunidad \u201cideal para vivir y trabajar\u201d. <strong>\u201cSi tiempo atr\u00e1s fuimos una tierra de emigrantes, pasaremos a ser una Asturias de bienvenida al retorno, que recibir\u00e1 con los brazos abiertos, recursos y asistencia a quienes deseen volver\u201d, ha afirmado.<\/strong><\/p>\n<figure id=\"attachment_1127926\" aria-describedby=\"caption-attachment-1127926\" style=\"width: 650px\" class=\"wp-caption aligncenter\"><img loading=\"lazy\" decoding=\"async\" class=\"wp-image-1127926 size-large\" src=\"https:\/\/www.eldigitaldeasturias.com\/noticias\/wp-content\/uploads\/2024\/01\/Barbon-650x433.jpg\" alt=\"Barb\u00f3n\" width=\"650\" height=\"433\" srcset=\"https:\/\/www.eldigitaldeasturias.com\/noticias\/wp-content\/uploads\/2024\/01\/Barbon-650x433.jpg 650w, https:\/\/www.eldigitaldeasturias.com\/noticias\/wp-content\/uploads\/2024\/01\/Barbon-360x240.jpg 360w, https:\/\/www.eldigitaldeasturias.com\/noticias\/wp-content\/uploads\/2024\/01\/Barbon-450x300.jpg 450w, https:\/\/www.eldigitaldeasturias.com\/noticias\/wp-content\/uploads\/2024\/01\/Barbon-768x511.jpg 768w, https:\/\/www.eldigitaldeasturias.com\/noticias\/wp-content\/uploads\/2024\/01\/Barbon-150x100.jpg 150w, https:\/\/www.eldigitaldeasturias.com\/noticias\/wp-content\/uploads\/2024\/01\/Barbon.jpg 1006w\" sizes=\"auto, (max-width: 650px) 100vw, 650px\" \/><figcaption id=\"caption-attachment-1127926\" class=\"wp-caption-text\">Foto: Prensa Gobierno de Asturias<\/figcaption><\/figure>\n<p>En su tradicional discurso de Nochevieja, Barb\u00f3n ha destacado que la reciente aprobaci\u00f3n del presupuesto m\u00e1s elevado de la historia, con 6.348 millones para el nuevo a\u00f1o, ayudar\u00e1 a poner en marcha medidas frente a la p\u00e9rdida de habitantes, al tiempo que contribuir\u00e1 a reducir las listas de espera, a apoyar a quienes emprendan actividades econ\u00f3micas en el medio rural y a incrementar el parque de vivienda p\u00fablica.<\/p>\n<p>A su juicio, las cuentas no son \u201cuna tediosa distribuci\u00f3n de n\u00fameros ni una mera baza pol\u00edtica\u201d, sino el instrumento que permitir\u00e1 abrir en septiembre de 2024 las primeras escuelinas auton\u00f3micas y ampliar la v\u00eda fiscal asturiana con nuevas deducciones y ayudas para las clases medias y trabajadoras.<\/p>\n<p>Tambi\u00e9n ha valorado el compromiso del Gobierno de Asturias con la cultura \u201cincrustada en el coraz\u00f3n mismo del Ejecutivo\u201d y con la tradici\u00f3n. En este sentido, ha expresado su deseo de que, tras m\u00e1s de 40 a\u00f1os de andadura auton\u00f3mica, se haga posible \u201cun gran pacto por la conservaci\u00f3n y el uso del asturiano y el eonaviego que abra paso a la oficialidad\u201d.<\/p>\n<p>Adri\u00e1n Barb\u00f3n se ha referido, adem\u00e1s, a las principales metas para los pr\u00f3ximos meses: \u201cReducir el paro, fortalecer el pulso empresarial, revitalizar el medio rural, mejorar los servicios p\u00fablicos o encarar el impulso demogr\u00e1fico son preocupaciones constantes de mi gobierno\u201d.<\/p>\n<p>En el plano nacional, ha reivindicado que <a href=\"https:\/\/www.eldigitaldeasturias.com\/noticias\/\"><span style=\"color: #ff6600;\"><strong>Asturias<\/strong><\/span><\/a> \u201csalga beneficiada\u201d en debates como el referido a la aplicaci\u00f3n de una quita a la deuda auton\u00f3mica y el de la reforma del sistema de financiaci\u00f3n. \u201cEn nuestro modelo de Estado, \u00fanico y plural al mismo tiempo, identificado de pleno con la Constituci\u00f3n y los valores que la hicieron posible, no caben la insolidaridad ni la desigualdad\u201d, ha advertido.<\/p>\n","protected":false},"excerpt":{"rendered":"<p>El presidente del Principado, Adri\u00e1n Barb\u00f3n, ha reivindicado en su mensaje de Fin de A\u00f1o las pol\u00edticas que aplicar\u00e1 el gobierno en 2024 para afrontar el desaf\u00edo demogr\u00e1fico y atraer poblaci\u00f3n a una comunidad \u201cideal para vivir y trabajar\u201d. \u201cSi tiempo atr\u00e1s fuimos una tierra de emigrantes, pasaremos a ser una Asturias de bienvenida al [&hellip;]<\/p>\n","protected":false},"author":1,"featured_media":1127926,"comment_status":"closed","ping_status":"closed","sticky":false,"template":"","format":"standard","meta":{"footnotes":""},"categories":[12],"tags":[],"class_list":["post-1127925","post","type-post","status-publish","format-standard","has-post-thumbnail","hentry","category-actualidad-asturias"],"aioseo_notices":[],"aioseo_head":"\n\t\t<!-- All in One SEO Pro 4.9.6.2 - aioseo.com -->\n\t<meta name=\"description\" content=\"El presidente del Principado, Adri\u00e1n Barb\u00f3n, ha reivindicado en su mensaje de Fin de A\u00f1o las pol\u00edticas que aplicar\u00e1 el gobierno en 2024 para afrontar el desaf\u00edo\" \/>\n\t<meta name=\"robots\" content=\"max-image-preview:large\" \/>\n\t<meta name=\"author\" content=\"El Digital de Asturias\"\/>\n\t<meta name=\"google-site-verification\" content=\"UA-38556648-1\" \/>\n\t<meta name=\"msvalidate.01\" content=\"7dfe9f3f1b24437ab69f4f2559babe99\" \/>\n\t<meta name=\"keywords\" content=\"actualidad asturias\" \/>\n\t<link rel=\"canonical\" href=\"https:\/\/www.eldigitaldeasturias.com\/noticias\/discurso-de-nochevieja-2023-de-barbon\/\" \/>\n\t<meta name=\"generator\" content=\"All in One SEO Pro (AIOSEO) 4.9.6.2\" \/>\n\t\t<meta property=\"og:locale\" content=\"es_ES\" \/>\n\t\t<meta property=\"og:site_name\" content=\"El Digital de Asturias\" \/>\n\t\t<meta property=\"og:type\" content=\"article\" \/>\n\t\t<meta property=\"og:title\" content=\"Discurso de Nochevieja 2023 de Barb\u00f3n - El Digital de Asturias\" \/>\n\t\t<meta property=\"og:description\" content=\"El presidente del Principado, Adri\u00e1n Barb\u00f3n, ha reivindicado en su mensaje de Fin de A\u00f1o las pol\u00edticas que aplicar\u00e1 el gobierno en 2024 para afrontar el desaf\u00edo\" \/>\n\t\t<meta property=\"og:url\" content=\"https:\/\/www.eldigitaldeasturias.com\/noticias\/discurso-de-nochevieja-2023-de-barbon\/\" \/>\n\t\t<meta property=\"og:image\" content=\"https:\/\/www.eldigitaldeasturias.com\/noticias\/wp-content\/uploads\/2024\/01\/Barbon.jpg\" \/>\n\t\t<meta property=\"og:image:secure_url\" content=\"https:\/\/www.eldigitaldeasturias.com\/noticias\/wp-content\/uploads\/2024\/01\/Barbon.jpg\" \/>\n\t\t<meta property=\"og:image:width\" content=\"1006\" \/>\n\t\t<meta property=\"og:image:height\" content=\"670\" \/>\n\t\t<meta property=\"article:tag\" content=\"actualidad asturias\" \/>\n\t\t<meta property=\"article:published_time\" content=\"2024-01-01T13:11:52+00:00\" \/>\n\t\t<meta property=\"article:modified_time\" content=\"2024-01-01T13:11:52+00:00\" \/>\n\t\t<meta property=\"article:publisher\" content=\"https:\/\/facebook.com\/eldigitaldeasturias\" \/>\n\t\t<meta name=\"twitter:card\" content=\"summary_large_image\" \/>\n\t\t<meta name=\"twitter:title\" content=\"Discurso de Nochevieja 2023 de Barb\u00f3n - El Digital de Asturias\" \/>\n\t\t<meta name=\"twitter:description\" content=\"El presidente del Principado, Adri\u00e1n Barb\u00f3n, ha reivindicado en su mensaje de Fin de A\u00f1o las pol\u00edticas que aplicar\u00e1 el gobierno en 2024 para afrontar el desaf\u00edo\" \/>\n\t\t<meta name=\"twitter:image\" content=\"https:\/\/www.eldigitaldeasturias.com\/noticias\/wp-content\/uploads\/2024\/01\/Barbon.jpg\" \/>\n\t\t<meta name=\"twitter:label1\" content=\"Escrito por\" \/>\n\t\t<meta name=\"twitter:data1\" content=\"El Digital de Asturias\" \/>\n\t\t<meta name=\"twitter:label2\" content=\"Tiempo de lectura estimado\" \/>\n\t\t<meta name=\"twitter:data2\" content=\"2 minutos\" \/>\n\t\t<script type=\"application\/ld+json\" class=\"aioseo-schema\">\n\t\t\t{\"@context\":\"https:\\\/\\\/schema.org\",\"@graph\":[{\"@type\":\"BlogPosting\",\"@id\":\"https:\\\/\\\/www.eldigitaldeasturias.com\\\/noticias\\\/discurso-de-nochevieja-2023-de-barbon\\\/#blogposting\",\"name\":\"Discurso de Nochevieja 2023 de Barb\\u00f3n - El Digital de Asturias\",\"headline\":\"Discurso de Nochevieja 2023 de Barb\\u00f3n\",\"author\":{\"@id\":\"https:\\\/\\\/www.eldigitaldeasturias.com\\\/noticias\\\/author\\\/admin\\\/#author\"},\"publisher\":{\"@id\":\"https:\\\/\\\/www.eldigitaldeasturias.com\\\/noticias\\\/#organization\"},\"image\":{\"@type\":\"ImageObject\",\"url\":\"https:\\\/\\\/www.eldigitaldeasturias.com\\\/noticias\\\/wp-content\\\/uploads\\\/2024\\\/01\\\/Barbon.jpg\",\"width\":1006,\"height\":670,\"caption\":\"Foto: Prensa Gobierno de Asturias\"},\"datePublished\":\"2024-01-01T14:11:52+01:00\",\"dateModified\":\"2024-01-01T14:11:52+01:00\",\"inLanguage\":\"es-ES\",\"mainEntityOfPage\":{\"@id\":\"https:\\\/\\\/www.eldigitaldeasturias.com\\\/noticias\\\/discurso-de-nochevieja-2023-de-barbon\\\/#webpage\"},\"isPartOf\":{\"@id\":\"https:\\\/\\\/www.eldigitaldeasturias.com\\\/noticias\\\/discurso-de-nochevieja-2023-de-barbon\\\/#webpage\"},\"articleSection\":\"Actualidad Asturias\"},{\"@type\":\"BreadcrumbList\",\"@id\":\"https:\\\/\\\/www.eldigitaldeasturias.com\\\/noticias\\\/discurso-de-nochevieja-2023-de-barbon\\\/#breadcrumblist\",\"itemListElement\":[{\"@type\":\"ListItem\",\"@id\":\"https:\\\/\\\/www.eldigitaldeasturias.com\\\/noticias#listItem\",\"position\":1,\"name\":\"Home\",\"item\":\"https:\\\/\\\/www.eldigitaldeasturias.com\\\/noticias\",\"nextItem\":{\"@type\":\"ListItem\",\"@id\":\"https:\\\/\\\/www.eldigitaldeasturias.com\\\/noticias\\\/category\\\/actualidad-asturias\\\/#listItem\",\"name\":\"Actualidad Asturias\"}},{\"@type\":\"ListItem\",\"@id\":\"https:\\\/\\\/www.eldigitaldeasturias.com\\\/noticias\\\/category\\\/actualidad-asturias\\\/#listItem\",\"position\":2,\"name\":\"Actualidad Asturias\",\"item\":\"https:\\\/\\\/www.eldigitaldeasturias.com\\\/noticias\\\/category\\\/actualidad-asturias\\\/\",\"nextItem\":{\"@type\":\"ListItem\",\"@id\":\"https:\\\/\\\/www.eldigitaldeasturias.com\\\/noticias\\\/discurso-de-nochevieja-2023-de-barbon\\\/#listItem\",\"name\":\"Discurso de Nochevieja 2023 de Barb\\u00f3n\"},\"previousItem\":{\"@type\":\"ListItem\",\"@id\":\"https:\\\/\\\/www.eldigitaldeasturias.com\\\/noticias#listItem\",\"name\":\"Home\"}},{\"@type\":\"ListItem\",\"@id\":\"https:\\\/\\\/www.eldigitaldeasturias.com\\\/noticias\\\/discurso-de-nochevieja-2023-de-barbon\\\/#listItem\",\"position\":3,\"name\":\"Discurso de Nochevieja 2023 de Barb\\u00f3n\",\"previousItem\":{\"@type\":\"ListItem\",\"@id\":\"https:\\\/\\\/www.eldigitaldeasturias.com\\\/noticias\\\/category\\\/actualidad-asturias\\\/#listItem\",\"name\":\"Actualidad Asturias\"}}]},{\"@type\":\"Organization\",\"@id\":\"https:\\\/\\\/www.eldigitaldeasturias.com\\\/noticias\\\/#organization\",\"name\":\"El Digital de Asturias\",\"description\":\"Hemeroteca\",\"url\":\"https:\\\/\\\/www.eldigitaldeasturias.com\\\/noticias\\\/\",\"email\":\"info@eldigitaldeasturias.com\",\"telephone\":\"+34652131393\",\"logo\":{\"@type\":\"ImageObject\",\"url\":\"https:\\\/\\\/www.eldigitaldeasturias.com\\\/noticias\\\/wp-content\\\/uploads\\\/2020\\\/12\\\/EDA.jpg\",\"@id\":\"https:\\\/\\\/www.eldigitaldeasturias.com\\\/noticias\\\/discurso-de-nochevieja-2023-de-barbon\\\/#organizationLogo\",\"width\":649,\"height\":297},\"image\":{\"@id\":\"https:\\\/\\\/www.eldigitaldeasturias.com\\\/noticias\\\/discurso-de-nochevieja-2023-de-barbon\\\/#organizationLogo\"},\"sameAs\":[\"https:\\\/\\\/facebook.com\\\/eldigitaldeasturias\",\"https:\\\/\\\/www.youtube.com\\\/channel\\\/UCZP-2wLEB9Rv6erhFmqVnvg\"],\"address\":{\"@id\":\"https:\\\/\\\/www.eldigitaldeasturias.com\\\/noticias\\\/#postaladdress\",\"@type\":\"PostalAddress\",\"streetAddress\":\"san antonio 4,\",\"postalCode\":\"33430\",\"addressLocality\":\"Cand\\u00e1s\",\"addressRegion\":\"Asturias\",\"addressCountry\":\"ES\"}},{\"@type\":\"Person\",\"@id\":\"https:\\\/\\\/www.eldigitaldeasturias.com\\\/noticias\\\/author\\\/admin\\\/#author\",\"url\":\"https:\\\/\\\/www.eldigitaldeasturias.com\\\/noticias\\\/author\\\/admin\\\/\",\"name\":\"El Digital de Asturias\",\"image\":{\"@type\":\"ImageObject\",\"@id\":\"https:\\\/\\\/www.eldigitaldeasturias.com\\\/noticias\\\/discurso-de-nochevieja-2023-de-barbon\\\/#authorImage\",\"url\":\"https:\\\/\\\/www.eldigitaldeasturias.com\\\/noticias\\\/wp-content\\\/litespeed\\\/avatar\\\/18677e78aa0546b92d9dbf31ec7d7668.jpg?ver=1777290358\",\"width\":96,\"height\":96,\"caption\":\"El Digital de Asturias\"}},{\"@type\":\"WebPage\",\"@id\":\"https:\\\/\\\/www.eldigitaldeasturias.com\\\/noticias\\\/discurso-de-nochevieja-2023-de-barbon\\\/#webpage\",\"url\":\"https:\\\/\\\/www.eldigitaldeasturias.com\\\/noticias\\\/discurso-de-nochevieja-2023-de-barbon\\\/\",\"name\":\"Discurso de Nochevieja 2023 de Barb\\u00f3n - El Digital de Asturias\",\"description\":\"El presidente del Principado, Adri\\u00e1n Barb\\u00f3n, ha reivindicado en su mensaje de Fin de A\\u00f1o las pol\\u00edticas que aplicar\\u00e1 el gobierno en 2024 para afrontar el desaf\\u00edo\",\"inLanguage\":\"es-ES\",\"isPartOf\":{\"@id\":\"https:\\\/\\\/www.eldigitaldeasturias.com\\\/noticias\\\/#website\"},\"breadcrumb\":{\"@id\":\"https:\\\/\\\/www.eldigitaldeasturias.com\\\/noticias\\\/discurso-de-nochevieja-2023-de-barbon\\\/#breadcrumblist\"},\"author\":{\"@id\":\"https:\\\/\\\/www.eldigitaldeasturias.com\\\/noticias\\\/author\\\/admin\\\/#author\"},\"creator\":{\"@id\":\"https:\\\/\\\/www.eldigitaldeasturias.com\\\/noticias\\\/author\\\/admin\\\/#author\"},\"image\":{\"@type\":\"ImageObject\",\"url\":\"https:\\\/\\\/www.eldigitaldeasturias.com\\\/noticias\\\/wp-content\\\/uploads\\\/2024\\\/01\\\/Barbon.jpg\",\"@id\":\"https:\\\/\\\/www.eldigitaldeasturias.com\\\/noticias\\\/discurso-de-nochevieja-2023-de-barbon\\\/#mainImage\",\"width\":1006,\"height\":670,\"caption\":\"Foto: Prensa Gobierno de Asturias\"},\"primaryImageOfPage\":{\"@id\":\"https:\\\/\\\/www.eldigitaldeasturias.com\\\/noticias\\\/discurso-de-nochevieja-2023-de-barbon\\\/#mainImage\"},\"datePublished\":\"2024-01-01T14:11:52+01:00\",\"dateModified\":\"2024-01-01T14:11:52+01:00\"},{\"@type\":\"WebSite\",\"@id\":\"https:\\\/\\\/www.eldigitaldeasturias.com\\\/noticias\\\/#website\",\"url\":\"https:\\\/\\\/www.eldigitaldeasturias.com\\\/noticias\\\/\",\"name\":\"El Digital de Asturias - Diario de actualidad y noticias\",\"alternateName\":\"El Digital de Asturias - Diario de actualidad y noticias\",\"description\":\"Hemeroteca\",\"inLanguage\":\"es-ES\",\"publisher\":{\"@id\":\"https:\\\/\\\/www.eldigitaldeasturias.com\\\/noticias\\\/#organization\"}}]}\n\t\t<\/script>\n\t\t<!-- All in One SEO Pro -->\r\n\t\t<title>Discurso de Nochevieja 2023 de Barb\u00f3n - El Digital de Asturias<\/title>\n\n","aioseo_head_json":{"title":"Discurso de Nochevieja 2023 de Barb\u00f3n - El Digital de Asturias","description":"El presidente del Principado, Adri\u00e1n Barb\u00f3n, ha reivindicado en su mensaje de Fin de A\u00f1o las pol\u00edticas que aplicar\u00e1 el gobierno en 2024 para afrontar el desaf\u00edo","canonical_url":"https:\/\/www.eldigitaldeasturias.com\/noticias\/discurso-de-nochevieja-2023-de-barbon\/","robots":"max-image-preview:large","keywords":"actualidad asturias","webmasterTools":{"google-site-verification":"UA-38556648-1","msvalidate.01":"7dfe9f3f1b24437ab69f4f2559babe99","miscellaneous":""},"schema":{"@context":"https:\/\/schema.org","@graph":[{"@type":"BlogPosting","@id":"https:\/\/www.eldigitaldeasturias.com\/noticias\/discurso-de-nochevieja-2023-de-barbon\/#blogposting","name":"Discurso de Nochevieja 2023 de Barb\u00f3n - El Digital de Asturias","headline":"Discurso de Nochevieja 2023 de Barb\u00f3n","author":{"@id":"https:\/\/www.eldigitaldeasturias.com\/noticias\/author\/admin\/#author"},"publisher":{"@id":"https:\/\/www.eldigitaldeasturias.com\/noticias\/#organization"},"image":{"@type":"ImageObject","url":"https:\/\/www.eldigitaldeasturias.com\/noticias\/wp-content\/uploads\/2024\/01\/Barbon.jpg","width":1006,"height":670,"caption":"Foto: Prensa Gobierno de Asturias"},"datePublished":"2024-01-01T14:11:52+01:00","dateModified":"2024-01-01T14:11:52+01:00","inLanguage":"es-ES","mainEntityOfPage":{"@id":"https:\/\/www.eldigitaldeasturias.com\/noticias\/discurso-de-nochevieja-2023-de-barbon\/#webpage"},"isPartOf":{"@id":"https:\/\/www.eldigitaldeasturias.com\/noticias\/discurso-de-nochevieja-2023-de-barbon\/#webpage"},"articleSection":"Actualidad Asturias"},{"@type":"BreadcrumbList","@id":"https:\/\/www.eldigitaldeasturias.com\/noticias\/discurso-de-nochevieja-2023-de-barbon\/#breadcrumblist","itemListElement":[{"@type":"ListItem","@id":"https:\/\/www.eldigitaldeasturias.com\/noticias#listItem","position":1,"name":"Home","item":"https:\/\/www.eldigitaldeasturias.com\/noticias","nextItem":{"@type":"ListItem","@id":"https:\/\/www.eldigitaldeasturias.com\/noticias\/category\/actualidad-asturias\/#listItem","name":"Actualidad Asturias"}},{"@type":"ListItem","@id":"https:\/\/www.eldigitaldeasturias.com\/noticias\/category\/actualidad-asturias\/#listItem","position":2,"name":"Actualidad Asturias","item":"https:\/\/www.eldigitaldeasturias.com\/noticias\/category\/actualidad-asturias\/","nextItem":{"@type":"ListItem","@id":"https:\/\/www.eldigitaldeasturias.com\/noticias\/discurso-de-nochevieja-2023-de-barbon\/#listItem","name":"Discurso de Nochevieja 2023 de Barb\u00f3n"},"previousItem":{"@type":"ListItem","@id":"https:\/\/www.eldigitaldeasturias.com\/noticias#listItem","name":"Home"}},{"@type":"ListItem","@id":"https:\/\/www.eldigitaldeasturias.com\/noticias\/discurso-de-nochevieja-2023-de-barbon\/#listItem","position":3,"name":"Discurso de Nochevieja 2023 de Barb\u00f3n","previousItem":{"@type":"ListItem","@id":"https:\/\/www.eldigitaldeasturias.com\/noticias\/category\/actualidad-asturias\/#listItem","name":"Actualidad Asturias"}}]},{"@type":"Organization","@id":"https:\/\/www.eldigitaldeasturias.com\/noticias\/#organization","name":"El Digital de Asturias","description":"Hemeroteca","url":"https:\/\/www.eldigitaldeasturias.com\/noticias\/","email":"info@eldigitaldeasturias.com","telephone":"+34652131393","logo":{"@type":"ImageObject","url":"https:\/\/www.eldigitaldeasturias.com\/noticias\/wp-content\/uploads\/2020\/12\/EDA.jpg","@id":"https:\/\/www.eldigitaldeasturias.com\/noticias\/discurso-de-nochevieja-2023-de-barbon\/#organizationLogo","width":649,"height":297},"image":{"@id":"https:\/\/www.eldigitaldeasturias.com\/noticias\/discurso-de-nochevieja-2023-de-barbon\/#organizationLogo"},"sameAs":["https:\/\/facebook.com\/eldigitaldeasturias","https:\/\/www.youtube.com\/channel\/UCZP-2wLEB9Rv6erhFmqVnvg"],"address":{"@id":"https:\/\/www.eldigitaldeasturias.com\/noticias\/#postaladdress","@type":"PostalAddress","streetAddress":"san antonio 4,","postalCode":"33430","addressLocality":"Cand\u00e1s","addressRegion":"Asturias","addressCountry":"ES"}},{"@type":"Person","@id":"https:\/\/www.eldigitaldeasturias.com\/noticias\/author\/admin\/#author","url":"https:\/\/www.eldigitaldeasturias.com\/noticias\/author\/admin\/","name":"El Digital de Asturias","image":{"@type":"ImageObject","@id":"https:\/\/www.eldigitaldeasturias.com\/noticias\/discurso-de-nochevieja-2023-de-barbon\/#authorImage","url":"https:\/\/www.eldigitaldeasturias.com\/noticias\/wp-content\/litespeed\/avatar\/18677e78aa0546b92d9dbf31ec7d7668.jpg?ver=1777290358","width":96,"height":96,"caption":"El Digital de Asturias"}},{"@type":"WebPage","@id":"https:\/\/www.eldigitaldeasturias.com\/noticias\/discurso-de-nochevieja-2023-de-barbon\/#webpage","url":"https:\/\/www.eldigitaldeasturias.com\/noticias\/discurso-de-nochevieja-2023-de-barbon\/","name":"Discurso de Nochevieja 2023 de Barb\u00f3n - El Digital de Asturias","description":"El presidente del Principado, Adri\u00e1n Barb\u00f3n, ha reivindicado en su mensaje de Fin de A\u00f1o las pol\u00edticas que aplicar\u00e1 el gobierno en 2024 para afrontar el desaf\u00edo","inLanguage":"es-ES","isPartOf":{"@id":"https:\/\/www.eldigitaldeasturias.com\/noticias\/#website"},"breadcrumb":{"@id":"https:\/\/www.eldigitaldeasturias.com\/noticias\/discurso-de-nochevieja-2023-de-barbon\/#breadcrumblist"},"author":{"@id":"https:\/\/www.eldigitaldeasturias.com\/noticias\/author\/admin\/#author"},"creator":{"@id":"https:\/\/www.eldigitaldeasturias.com\/noticias\/author\/admin\/#author"},"image":{"@type":"ImageObject","url":"https:\/\/www.eldigitaldeasturias.com\/noticias\/wp-content\/uploads\/2024\/01\/Barbon.jpg","@id":"https:\/\/www.eldigitaldeasturias.com\/noticias\/discurso-de-nochevieja-2023-de-barbon\/#mainImage","width":1006,"height":670,"caption":"Foto: Prensa Gobierno de Asturias"},"primaryImageOfPage":{"@id":"https:\/\/www.eldigitaldeasturias.com\/noticias\/discurso-de-nochevieja-2023-de-barbon\/#mainImage"},"datePublished":"2024-01-01T14:11:52+01:00","dateModified":"2024-01-01T14:11:52+01:00"},{"@type":"WebSite","@id":"https:\/\/www.eldigitaldeasturias.com\/noticias\/#website","url":"https:\/\/www.eldigitaldeasturias.com\/noticias\/","name":"El Digital de Asturias - Diario de actualidad y noticias","alternateName":"El Digital de Asturias - Diario de actualidad y noticias","description":"Hemeroteca","inLanguage":"es-ES","publisher":{"@id":"https:\/\/www.eldigitaldeasturias.com\/noticias\/#organization"}}]},"og:locale":"es_ES","og:site_name":"El Digital de Asturias","og:type":"article","og:title":"Discurso de Nochevieja 2023 de Barb\u00f3n - El Digital de Asturias","og:description":"El presidente del Principado, Adri\u00e1n Barb\u00f3n, ha reivindicado en su mensaje de Fin de A\u00f1o las pol\u00edticas que aplicar\u00e1 el gobierno en 2024 para afrontar el desaf\u00edo","og:url":"https:\/\/www.eldigitaldeasturias.com\/noticias\/discurso-de-nochevieja-2023-de-barbon\/","og:image":"https:\/\/www.eldigitaldeasturias.com\/noticias\/wp-content\/uploads\/2024\/01\/Barbon.jpg","og:image:secure_url":"https:\/\/www.eldigitaldeasturias.com\/noticias\/wp-content\/uploads\/2024\/01\/Barbon.jpg","og:image:width":1006,"og:image:height":670,"article:tag":["actualidad asturias"],"article:published_time":"2024-01-01T13:11:52+00:00","article:modified_time":"2024-01-01T13:11:52+00:00","article:publisher":"https:\/\/facebook.com\/eldigitaldeasturias","twitter:card":"summary_large_image","twitter:title":"Discurso de Nochevieja 2023 de Barb\u00f3n - El Digital de Asturias","twitter:description":"El presidente del Principado, Adri\u00e1n Barb\u00f3n, ha reivindicado en su mensaje de Fin de A\u00f1o las pol\u00edticas que aplicar\u00e1 el gobierno en 2024 para afrontar el desaf\u00edo","twitter:image":"https:\/\/www.eldigitaldeasturias.com\/noticias\/wp-content\/uploads\/2024\/01\/Barbon.jpg","twitter:label1":"Escrito por","twitter:data1":"El Digital de Asturias","twitter:label2":"Tiempo de lectura estimado","twitter:data2":"2 minutos"},"aioseo_meta_data":{"post_id":"1127925","title":null,"description":"El presidente del Principado, Adri\u00e1n Barb\u00f3n, ha reivindicado en su mensaje de Fin de A\u00f1o las pol\u00edticas que aplicar\u00e1 el gobierno en 2024 para afrontar el desaf\u00edo","keywords":[],"keyphrases":{"focus":{"keyphrase":"Barb\u00f3n","score":93,"analysis":{"keyphraseInTitle":{"score":9,"maxScore":9,"error":0},"keyphraseInDescription":{"score":9,"maxScore":9,"error":0},"keyphraseLength":{"score":9,"maxScore":9,"error":0,"length":2},"keyphraseInURL":{"score":1,"maxScore":5,"error":1},"keyphraseInIntroduction":{"score":9,"maxScore":9,"error":0},"keyphraseInSubHeadings":[],"keyphraseInImageAlt":{"score":9,"maxScore":9,"error":0},"keywordDensity":{"type":"best","score":9,"maxScore":9,"error":0}}},"additional":[{"keyphrase":"Barb\u00f3n","score":100,"analysis":{"keyphraseInDescription":{"score":9,"maxScore":9,"error":0},"keyphraseLength":{"score":9,"maxScore":9,"error":0,"length":2},"keyphraseInIntroduction":{"score":9,"maxScore":9,"error":0},"keyphraseInImageAlt":{"score":9,"maxScore":9,"error":0},"keywordDensity":{"type":"best","score":9,"maxScore":9,"error":0}}}]},"primary_term":null,"canonical_url":null,"og_title":null,"og_description":null,"og_object_type":"default","og_image_type":"default","og_image_url":null,"og_image_width":null,"og_image_height":null,"og_image_custom_url":null,"og_image_custom_fields":null,"og_video":"","og_custom_url":null,"og_article_section":null,"og_article_tags":[],"twitter_use_og":false,"twitter_card":"default","twitter_image_type":"default","twitter_image_url":null,"twitter_image_custom_url":null,"twitter_image_custom_fields":null,"twitter_title":null,"twitter_description":null,"schema":{"blockGraphs":[],"customGraphs":[],"default":{"data":{"Article":[],"Course":[],"Dataset":[],"FAQPage":[],"Movie":[],"Person":[],"Product":[],"ProductReview":[],"Car":[],"Recipe":[],"Service":[],"SoftwareApplication":[],"WebPage":[]},"graphName":"BlogPosting","isEnabled":true},"graphs":[]},"schema_type":"default","schema_type_options":null,"pillar_content":false,"robots_default":true,"robots_noindex":false,"robots_noarchive":false,"robots_nosnippet":false,"robots_nofollow":false,"robots_noimageindex":false,"robots_noodp":false,"robots_notranslate":false,"robots_max_snippet":"-1","robots_max_videopreview":"-1","robots_max_imagepreview":"large","priority":null,"frequency":"default","local_seo":null,"seo_analyzer_scan_date":"2025-10-06 00:26:37","breadcrumb_settings":null,"limit_modified_date":false,"open_ai":"{\"title\":{\"suggestions\":[],\"usage\":0},\"description\":{\"suggestions\":[],\"usage\":0}}","ai":null,"created":"2024-01-01 13:02:42","updated":"2025-10-09 06:34:02"},"aioseo_breadcrumb":"<div class=\"aioseo-breadcrumbs\"><span class=\"aioseo-breadcrumb\">\n\t<a href=\"https:\/\/www.eldigitaldeasturias.com\/noticias\" title=\"Home\">Home<\/a>\n<\/span><span class=\"aioseo-breadcrumb-separator\">\u2013<\/span><span class=\"aioseo-breadcrumb\">\n\t<a href=\"https:\/\/www.eldigitaldeasturias.com\/noticias\/category\/actualidad-asturias\/\" title=\"Actualidad Asturias\">Actualidad Asturias<\/a>\n<\/span><span class=\"aioseo-breadcrumb-separator\">\u2013<\/span><span class=\"aioseo-breadcrumb\">\n\t<a href=\"https:\/\/www.eldigitaldeasturias.com\/noticias\/discurso-de-nochevieja-2023-de-barbon\/\" title=\"Discurso de Nochevieja 2023 de Barb\u00f3n\">Discurso de Nochevieja 2023 de Barb\u00f3n<\/a>\n<\/span><\/div>","aioseo_breadcrumb_json":[{"label":"Home","link":"https:\/\/www.eldigitaldeasturias.com\/noticias"},{"label":"Actualidad Asturias","link":"https:\/\/www.eldigitaldeasturias.com\/noticias\/category\/actualidad-asturias\/"},{"label":"Discurso de Nochevieja 2023 de Barb\u00f3n","link":"https:\/\/www.eldigitaldeasturias.com\/noticias\/discurso-de-nochevieja-2023-de-barbon\/"}],"_links":{"self":[{"href":"https:\/\/www.eldigitaldeasturias.com\/noticias\/wp-json\/wp\/v2\/posts\/1127925","targetHints":{"allow":["GET"]}}],"collection":[{"href":"https:\/\/www.eldigitaldeasturias.com\/noticias\/wp-json\/wp\/v2\/posts"}],"about":[{"href":"https:\/\/www.eldigitaldeasturias.com\/noticias\/wp-json\/wp\/v2\/types\/post"}],"author":[{"embeddable":true,"href":"https:\/\/www.eldigitaldeasturias.com\/noticias\/wp-json\/wp\/v2\/users\/1"}],"replies":[{"embeddable":true,"href":"https:\/\/www.eldigitaldeasturias.com\/noticias\/wp-json\/wp\/v2\/comments?post=1127925"}],"version-history":[{"count":0,"href":"https:\/\/www.eldigitaldeasturias.com\/noticias\/wp-json\/wp\/v2\/posts\/1127925\/revisions"}],"wp:featuredmedia":[{"embeddable":true,"href":"https:\/\/www.eldigitaldeasturias.com\/noticias\/wp-json\/wp\/v2\/media\/1127926"}],"wp:attachment":[{"href":"https:\/\/www.eldigitaldeasturias.com\/noticias\/wp-json\/wp\/v2\/media?parent=1127925"}],"wp:term":[{"taxonomy":"category","embeddable":true,"href":"https:\/\/www.eldigitaldeasturias.com\/noticias\/wp-json\/wp\/v2\/categories?post=1127925"},{"taxonomy":"post_tag","embeddable":true,"href":"https:\/\/www.eldigitaldeasturias.com\/noticias\/wp-json\/wp\/v2\/tags?post=1127925"}],"curies":[{"name":"wp","href":"https:\/\/api.w.org\/{rel}","templated":true}]}}