{"id":1127913,"date":"2023-12-30T22:29:22","date_gmt":"2023-12-30T21:29:22","guid":{"rendered":"https:\/\/www.eldigitaldeasturias.com\/noticias\/?p=1127913"},"modified":"2023-12-30T22:29:22","modified_gmt":"2023-12-30T21:29:22","slug":"importante-aumento-de-los-delitos-antisemitas-en-alemania","status":"publish","type":"post","link":"https:\/\/www.eldigitaldeasturias.com\/noticias\/importante-aumento-de-los-delitos-antisemitas-en-alemania\/","title":{"rendered":"Importante aumento de los delitos antisemitas en Alemania"},"content":{"rendered":"<p>Berl\u00edn, 29 dic (<a title=\"dpa\" href=\"https:\/\/www.dpa-news.de\/\" target=\"_blank\" rel=\"noopener\"><span style=\"color: #ff6600;\"><strong>dpa)<\/strong><\/span><\/a> &#8211; La Polic\u00eda alemana registr\u00f3 un importante aumento de los <a href=\"https:\/\/www.eldigitaldeasturias.com\/noticias\/category\/sucesos\/\"><span style=\"color: #ff6600;\"><strong>delitos antisemitas<\/strong><\/span><\/a> desde los ataques terroristas de Ham\u00e1s contra Israel del 7 de octubre, seg\u00fan inform\u00f3 un portavoz policial a dpa.<\/p>\n<p><img loading=\"lazy\" decoding=\"async\" class=\"aligncenter wp-image-1127914 size-full\" src=\"https:\/\/www.eldigitaldeasturias.com\/noticias\/wp-content\/uploads\/2023\/12\/delitos-antisemitas.jpg\" alt=\"delitos antisemitas\" width=\"640\" height=\"383\" srcset=\"https:\/\/www.eldigitaldeasturias.com\/noticias\/wp-content\/uploads\/2023\/12\/delitos-antisemitas.jpg 640w, https:\/\/www.eldigitaldeasturias.com\/noticias\/wp-content\/uploads\/2023\/12\/delitos-antisemitas-360x215.jpg 360w, https:\/\/www.eldigitaldeasturias.com\/noticias\/wp-content\/uploads\/2023\/12\/delitos-antisemitas-480x287.jpg 480w, https:\/\/www.eldigitaldeasturias.com\/noticias\/wp-content\/uploads\/2023\/12\/delitos-antisemitas-150x90.jpg 150w, https:\/\/www.eldigitaldeasturias.com\/noticias\/wp-content\/uploads\/2023\/12\/delitos-antisemitas-450x269.jpg 450w\" sizes=\"auto, (max-width: 640px) 100vw, 640px\" \/><\/p>\n<p>Solo en relaci\u00f3n con el conflicto entre Israel y Ham\u00e1s, se registraron hasta el 21 de diciembre m\u00e1s de 1.100 delitos en el servicio de denuncias de la polic\u00eda criminal para delitos por motivos pol\u00edticos, inform\u00f3 el portavoz. Los delitos se refer\u00edan principalmente a da\u00f1os a la propiedad e incitaci\u00f3n al odio.<\/p>\n<p>Esta cifra es significativamente superior a la de los nueve primeros meses de este a\u00f1o, de los que el Ministerio alem\u00e1n del Interior public\u00f3 cifras exactas por \u00faltima vez en noviembre.<\/p>\n<p>Seg\u00fan las cifras, en el primer trimestre se registraron 558 delitos antisemitas, 609 en el segundo y 540 en el tercero. Estas cifras incluyen todos los delitos: los motivados por el extremismo de izquierdas y de derechas, as\u00ed como los de las categor\u00edas \u00abideolog\u00eda religiosa\u00bb e \u00abideolog\u00edas importadas\u00bb.<\/p>\n<p>La cifra de m\u00e1s de 1.100 delitos denunciados desde principios de octubre se refiere \u00fanicamente a la escalada del conflicto en la Franja de Gaza. Por tanto, es probable que el n\u00famero total de delitos de este tipo sea significativamente mayor.<\/p>\n<p>En noviembre de 2023, se registraron un total de 2.874 delitos antisemitas seg\u00fan un recuento efectuado desde principios de a\u00f1o, incluidos 88 actos violentos.<\/p>\n","protected":false},"excerpt":{"rendered":"<p>Berl\u00edn, 29 dic (dpa) &#8211; La Polic\u00eda alemana registr\u00f3 un importante aumento de los delitos antisemitas desde los ataques terroristas de Ham\u00e1s contra Israel del 7 de octubre, seg\u00fan inform\u00f3 un portavoz policial a dpa. Solo en relaci\u00f3n con el conflicto entre Israel y Ham\u00e1s, se registraron hasta el 21 de diciembre m\u00e1s de 1.100 [&hellip;]<\/p>\n","protected":false},"author":1,"featured_media":1127914,"comment_status":"closed","ping_status":"closed","sticky":false,"template":"","format":"standard","meta":{"footnotes":""},"categories":[5],"tags":[],"class_list":["post-1127913","post","type-post","status-publish","format-standard","has-post-thumbnail","hentry","category-sucesos"],"aioseo_notices":[],"aioseo_head":"\n\t\t<!-- All in One SEO Pro 4.9.6.2 - aioseo.com -->\n\t<meta name=\"description\" content=\"Berl\u00edn, 29 dic (dpa) - La Polic\u00eda alemana registr\u00f3 un importante aumento de los delitos antisemitas desde los ataques terroristas de Ham\u00e1s contra Israel\" \/>\n\t<meta name=\"robots\" content=\"max-image-preview:large\" \/>\n\t<meta name=\"author\" content=\"El Digital de Asturias\"\/>\n\t<meta name=\"google-site-verification\" content=\"UA-38556648-1\" \/>\n\t<meta name=\"msvalidate.01\" content=\"7dfe9f3f1b24437ab69f4f2559babe99\" \/>\n\t<meta name=\"keywords\" content=\"sucesos\" \/>\n\t<link rel=\"canonical\" href=\"https:\/\/www.eldigitaldeasturias.com\/noticias\/importante-aumento-de-los-delitos-antisemitas-en-alemania\/\" \/>\n\t<meta name=\"generator\" content=\"All in One SEO Pro (AIOSEO) 4.9.6.2\" \/>\n\t\t<meta property=\"og:locale\" content=\"es_ES\" \/>\n\t\t<meta property=\"og:site_name\" content=\"El Digital de Asturias\" \/>\n\t\t<meta property=\"og:type\" content=\"article\" \/>\n\t\t<meta property=\"og:title\" content=\"Importante aumento de los delitos antisemitas en Alemania - El Digital de Asturias\" \/>\n\t\t<meta property=\"og:description\" content=\"Berl\u00edn, 29 dic (dpa) - La Polic\u00eda alemana registr\u00f3 un importante aumento de los delitos antisemitas desde los ataques terroristas de Ham\u00e1s contra Israel\" \/>\n\t\t<meta property=\"og:url\" content=\"https:\/\/www.eldigitaldeasturias.com\/noticias\/importante-aumento-de-los-delitos-antisemitas-en-alemania\/\" \/>\n\t\t<meta property=\"og:image\" content=\"https:\/\/www.eldigitaldeasturias.com\/noticias\/wp-content\/uploads\/2023\/12\/delitos-antisemitas.jpg\" \/>\n\t\t<meta property=\"og:image:secure_url\" content=\"https:\/\/www.eldigitaldeasturias.com\/noticias\/wp-content\/uploads\/2023\/12\/delitos-antisemitas.jpg\" \/>\n\t\t<meta property=\"og:image:width\" content=\"640\" \/>\n\t\t<meta property=\"og:image:height\" content=\"383\" \/>\n\t\t<meta property=\"article:tag\" content=\"sucesos\" \/>\n\t\t<meta property=\"article:published_time\" content=\"2023-12-30T21:29:22+00:00\" \/>\n\t\t<meta property=\"article:modified_time\" content=\"2023-12-30T21:29:22+00:00\" \/>\n\t\t<meta property=\"article:publisher\" content=\"https:\/\/facebook.com\/eldigitaldeasturias\" \/>\n\t\t<meta name=\"twitter:card\" content=\"summary_large_image\" \/>\n\t\t<meta name=\"twitter:title\" content=\"Importante aumento de los delitos antisemitas en Alemania - El Digital de Asturias\" \/>\n\t\t<meta name=\"twitter:description\" content=\"Berl\u00edn, 29 dic (dpa) - La Polic\u00eda alemana registr\u00f3 un importante aumento de los delitos antisemitas desde los ataques terroristas de Ham\u00e1s contra Israel\" \/>\n\t\t<meta name=\"twitter:image\" content=\"https:\/\/www.eldigitaldeasturias.com\/noticias\/wp-content\/uploads\/2023\/12\/delitos-antisemitas.jpg\" \/>\n\t\t<meta name=\"twitter:label1\" content=\"Escrito por\" \/>\n\t\t<meta name=\"twitter:data1\" content=\"El Digital de Asturias\" \/>\n\t\t<meta name=\"twitter:label2\" content=\"Tiempo de lectura estimado\" \/>\n\t\t<meta name=\"twitter:data2\" content=\"1 minuto\" \/>\n\t\t<script type=\"application\/ld+json\" class=\"aioseo-schema\">\n\t\t\t{\"@context\":\"https:\\\/\\\/schema.org\",\"@graph\":[{\"@type\":\"BlogPosting\",\"@id\":\"https:\\\/\\\/www.eldigitaldeasturias.com\\\/noticias\\\/importante-aumento-de-los-delitos-antisemitas-en-alemania\\\/#blogposting\",\"name\":\"Importante aumento de los delitos antisemitas en Alemania - El Digital de Asturias\",\"headline\":\"Importante aumento de los delitos antisemitas en Alemania\",\"author\":{\"@id\":\"https:\\\/\\\/www.eldigitaldeasturias.com\\\/noticias\\\/author\\\/admin\\\/#author\"},\"publisher\":{\"@id\":\"https:\\\/\\\/www.eldigitaldeasturias.com\\\/noticias\\\/#organization\"},\"image\":{\"@type\":\"ImageObject\",\"url\":\"https:\\\/\\\/www.eldigitaldeasturias.com\\\/noticias\\\/wp-content\\\/uploads\\\/2023\\\/12\\\/delitos-antisemitas.jpg\",\"width\":640,\"height\":383,\"caption\":\"delitos antisemitas\"},\"datePublished\":\"2023-12-30T22:29:22+01:00\",\"dateModified\":\"2023-12-30T22:29:22+01:00\",\"inLanguage\":\"es-ES\",\"mainEntityOfPage\":{\"@id\":\"https:\\\/\\\/www.eldigitaldeasturias.com\\\/noticias\\\/importante-aumento-de-los-delitos-antisemitas-en-alemania\\\/#webpage\"},\"isPartOf\":{\"@id\":\"https:\\\/\\\/www.eldigitaldeasturias.com\\\/noticias\\\/importante-aumento-de-los-delitos-antisemitas-en-alemania\\\/#webpage\"},\"articleSection\":\"Sucesos\"},{\"@type\":\"BreadcrumbList\",\"@id\":\"https:\\\/\\\/www.eldigitaldeasturias.com\\\/noticias\\\/importante-aumento-de-los-delitos-antisemitas-en-alemania\\\/#breadcrumblist\",\"itemListElement\":[{\"@type\":\"ListItem\",\"@id\":\"https:\\\/\\\/www.eldigitaldeasturias.com\\\/noticias#listItem\",\"position\":1,\"name\":\"Home\",\"item\":\"https:\\\/\\\/www.eldigitaldeasturias.com\\\/noticias\",\"nextItem\":{\"@type\":\"ListItem\",\"@id\":\"https:\\\/\\\/www.eldigitaldeasturias.com\\\/noticias\\\/category\\\/sucesos\\\/#listItem\",\"name\":\"Sucesos\"}},{\"@type\":\"ListItem\",\"@id\":\"https:\\\/\\\/www.eldigitaldeasturias.com\\\/noticias\\\/category\\\/sucesos\\\/#listItem\",\"position\":2,\"name\":\"Sucesos\",\"item\":\"https:\\\/\\\/www.eldigitaldeasturias.com\\\/noticias\\\/category\\\/sucesos\\\/\",\"nextItem\":{\"@type\":\"ListItem\",\"@id\":\"https:\\\/\\\/www.eldigitaldeasturias.com\\\/noticias\\\/importante-aumento-de-los-delitos-antisemitas-en-alemania\\\/#listItem\",\"name\":\"Importante aumento de los delitos antisemitas en Alemania\"},\"previousItem\":{\"@type\":\"ListItem\",\"@id\":\"https:\\\/\\\/www.eldigitaldeasturias.com\\\/noticias#listItem\",\"name\":\"Home\"}},{\"@type\":\"ListItem\",\"@id\":\"https:\\\/\\\/www.eldigitaldeasturias.com\\\/noticias\\\/importante-aumento-de-los-delitos-antisemitas-en-alemania\\\/#listItem\",\"position\":3,\"name\":\"Importante aumento de los delitos antisemitas en Alemania\",\"previousItem\":{\"@type\":\"ListItem\",\"@id\":\"https:\\\/\\\/www.eldigitaldeasturias.com\\\/noticias\\\/category\\\/sucesos\\\/#listItem\",\"name\":\"Sucesos\"}}]},{\"@type\":\"Organization\",\"@id\":\"https:\\\/\\\/www.eldigitaldeasturias.com\\\/noticias\\\/#organization\",\"name\":\"El Digital de Asturias\",\"description\":\"Hemeroteca\",\"url\":\"https:\\\/\\\/www.eldigitaldeasturias.com\\\/noticias\\\/\",\"email\":\"info@eldigitaldeasturias.com\",\"telephone\":\"+34652131393\",\"logo\":{\"@type\":\"ImageObject\",\"url\":\"https:\\\/\\\/www.eldigitaldeasturias.com\\\/noticias\\\/wp-content\\\/uploads\\\/2020\\\/12\\\/EDA.jpg\",\"@id\":\"https:\\\/\\\/www.eldigitaldeasturias.com\\\/noticias\\\/importante-aumento-de-los-delitos-antisemitas-en-alemania\\\/#organizationLogo\",\"width\":649,\"height\":297},\"image\":{\"@id\":\"https:\\\/\\\/www.eldigitaldeasturias.com\\\/noticias\\\/importante-aumento-de-los-delitos-antisemitas-en-alemania\\\/#organizationLogo\"},\"sameAs\":[\"https:\\\/\\\/facebook.com\\\/eldigitaldeasturias\",\"https:\\\/\\\/www.youtube.com\\\/channel\\\/UCZP-2wLEB9Rv6erhFmqVnvg\"],\"address\":{\"@id\":\"https:\\\/\\\/www.eldigitaldeasturias.com\\\/noticias\\\/#postaladdress\",\"@type\":\"PostalAddress\",\"streetAddress\":\"san antonio 4,\",\"postalCode\":\"33430\",\"addressLocality\":\"Cand\\u00e1s\",\"addressRegion\":\"Asturias\",\"addressCountry\":\"ES\"}},{\"@type\":\"Person\",\"@id\":\"https:\\\/\\\/www.eldigitaldeasturias.com\\\/noticias\\\/author\\\/admin\\\/#author\",\"url\":\"https:\\\/\\\/www.eldigitaldeasturias.com\\\/noticias\\\/author\\\/admin\\\/\",\"name\":\"El Digital de Asturias\",\"image\":{\"@type\":\"ImageObject\",\"@id\":\"https:\\\/\\\/www.eldigitaldeasturias.com\\\/noticias\\\/importante-aumento-de-los-delitos-antisemitas-en-alemania\\\/#authorImage\",\"url\":\"https:\\\/\\\/www.eldigitaldeasturias.com\\\/noticias\\\/wp-content\\\/litespeed\\\/avatar\\\/18677e78aa0546b92d9dbf31ec7d7668.jpg?ver=1777290358\",\"width\":96,\"height\":96,\"caption\":\"El Digital de Asturias\"}},{\"@type\":\"WebPage\",\"@id\":\"https:\\\/\\\/www.eldigitaldeasturias.com\\\/noticias\\\/importante-aumento-de-los-delitos-antisemitas-en-alemania\\\/#webpage\",\"url\":\"https:\\\/\\\/www.eldigitaldeasturias.com\\\/noticias\\\/importante-aumento-de-los-delitos-antisemitas-en-alemania\\\/\",\"name\":\"Importante aumento de los delitos antisemitas en Alemania - El Digital de Asturias\",\"description\":\"Berl\\u00edn, 29 dic (dpa) - La Polic\\u00eda alemana registr\\u00f3 un importante aumento de los delitos antisemitas desde los ataques terroristas de Ham\\u00e1s contra Israel\",\"inLanguage\":\"es-ES\",\"isPartOf\":{\"@id\":\"https:\\\/\\\/www.eldigitaldeasturias.com\\\/noticias\\\/#website\"},\"breadcrumb\":{\"@id\":\"https:\\\/\\\/www.eldigitaldeasturias.com\\\/noticias\\\/importante-aumento-de-los-delitos-antisemitas-en-alemania\\\/#breadcrumblist\"},\"author\":{\"@id\":\"https:\\\/\\\/www.eldigitaldeasturias.com\\\/noticias\\\/author\\\/admin\\\/#author\"},\"creator\":{\"@id\":\"https:\\\/\\\/www.eldigitaldeasturias.com\\\/noticias\\\/author\\\/admin\\\/#author\"},\"image\":{\"@type\":\"ImageObject\",\"url\":\"https:\\\/\\\/www.eldigitaldeasturias.com\\\/noticias\\\/wp-content\\\/uploads\\\/2023\\\/12\\\/delitos-antisemitas.jpg\",\"@id\":\"https:\\\/\\\/www.eldigitaldeasturias.com\\\/noticias\\\/importante-aumento-de-los-delitos-antisemitas-en-alemania\\\/#mainImage\",\"width\":640,\"height\":383,\"caption\":\"delitos antisemitas\"},\"primaryImageOfPage\":{\"@id\":\"https:\\\/\\\/www.eldigitaldeasturias.com\\\/noticias\\\/importante-aumento-de-los-delitos-antisemitas-en-alemania\\\/#mainImage\"},\"datePublished\":\"2023-12-30T22:29:22+01:00\",\"dateModified\":\"2023-12-30T22:29:22+01:00\"},{\"@type\":\"WebSite\",\"@id\":\"https:\\\/\\\/www.eldigitaldeasturias.com\\\/noticias\\\/#website\",\"url\":\"https:\\\/\\\/www.eldigitaldeasturias.com\\\/noticias\\\/\",\"name\":\"El Digital de Asturias - Diario de actualidad y noticias\",\"alternateName\":\"El Digital de Asturias - Diario de actualidad y noticias\",\"description\":\"Hemeroteca\",\"inLanguage\":\"es-ES\",\"publisher\":{\"@id\":\"https:\\\/\\\/www.eldigitaldeasturias.com\\\/noticias\\\/#organization\"}}]}\n\t\t<\/script>\n\t\t<!-- All in One SEO Pro -->\r\n\t\t<title>Importante aumento de los delitos antisemitas en Alemania - El Digital de Asturias<\/title>\n\n","aioseo_head_json":{"title":"Importante aumento de los delitos antisemitas en Alemania - El Digital de Asturias","description":"Berl\u00edn, 29 dic (dpa) - La Polic\u00eda alemana registr\u00f3 un importante aumento de los delitos antisemitas desde los ataques terroristas de Ham\u00e1s contra Israel","canonical_url":"https:\/\/www.eldigitaldeasturias.com\/noticias\/importante-aumento-de-los-delitos-antisemitas-en-alemania\/","robots":"max-image-preview:large","keywords":"sucesos","webmasterTools":{"google-site-verification":"UA-38556648-1","msvalidate.01":"7dfe9f3f1b24437ab69f4f2559babe99","miscellaneous":""},"schema":{"@context":"https:\/\/schema.org","@graph":[{"@type":"BlogPosting","@id":"https:\/\/www.eldigitaldeasturias.com\/noticias\/importante-aumento-de-los-delitos-antisemitas-en-alemania\/#blogposting","name":"Importante aumento de los delitos antisemitas en Alemania - El Digital de Asturias","headline":"Importante aumento de los delitos antisemitas en Alemania","author":{"@id":"https:\/\/www.eldigitaldeasturias.com\/noticias\/author\/admin\/#author"},"publisher":{"@id":"https:\/\/www.eldigitaldeasturias.com\/noticias\/#organization"},"image":{"@type":"ImageObject","url":"https:\/\/www.eldigitaldeasturias.com\/noticias\/wp-content\/uploads\/2023\/12\/delitos-antisemitas.jpg","width":640,"height":383,"caption":"delitos antisemitas"},"datePublished":"2023-12-30T22:29:22+01:00","dateModified":"2023-12-30T22:29:22+01:00","inLanguage":"es-ES","mainEntityOfPage":{"@id":"https:\/\/www.eldigitaldeasturias.com\/noticias\/importante-aumento-de-los-delitos-antisemitas-en-alemania\/#webpage"},"isPartOf":{"@id":"https:\/\/www.eldigitaldeasturias.com\/noticias\/importante-aumento-de-los-delitos-antisemitas-en-alemania\/#webpage"},"articleSection":"Sucesos"},{"@type":"BreadcrumbList","@id":"https:\/\/www.eldigitaldeasturias.com\/noticias\/importante-aumento-de-los-delitos-antisemitas-en-alemania\/#breadcrumblist","itemListElement":[{"@type":"ListItem","@id":"https:\/\/www.eldigitaldeasturias.com\/noticias#listItem","position":1,"name":"Home","item":"https:\/\/www.eldigitaldeasturias.com\/noticias","nextItem":{"@type":"ListItem","@id":"https:\/\/www.eldigitaldeasturias.com\/noticias\/category\/sucesos\/#listItem","name":"Sucesos"}},{"@type":"ListItem","@id":"https:\/\/www.eldigitaldeasturias.com\/noticias\/category\/sucesos\/#listItem","position":2,"name":"Sucesos","item":"https:\/\/www.eldigitaldeasturias.com\/noticias\/category\/sucesos\/","nextItem":{"@type":"ListItem","@id":"https:\/\/www.eldigitaldeasturias.com\/noticias\/importante-aumento-de-los-delitos-antisemitas-en-alemania\/#listItem","name":"Importante aumento de los delitos antisemitas en Alemania"},"previousItem":{"@type":"ListItem","@id":"https:\/\/www.eldigitaldeasturias.com\/noticias#listItem","name":"Home"}},{"@type":"ListItem","@id":"https:\/\/www.eldigitaldeasturias.com\/noticias\/importante-aumento-de-los-delitos-antisemitas-en-alemania\/#listItem","position":3,"name":"Importante aumento de los delitos antisemitas en Alemania","previousItem":{"@type":"ListItem","@id":"https:\/\/www.eldigitaldeasturias.com\/noticias\/category\/sucesos\/#listItem","name":"Sucesos"}}]},{"@type":"Organization","@id":"https:\/\/www.eldigitaldeasturias.com\/noticias\/#organization","name":"El Digital de Asturias","description":"Hemeroteca","url":"https:\/\/www.eldigitaldeasturias.com\/noticias\/","email":"info@eldigitaldeasturias.com","telephone":"+34652131393","logo":{"@type":"ImageObject","url":"https:\/\/www.eldigitaldeasturias.com\/noticias\/wp-content\/uploads\/2020\/12\/EDA.jpg","@id":"https:\/\/www.eldigitaldeasturias.com\/noticias\/importante-aumento-de-los-delitos-antisemitas-en-alemania\/#organizationLogo","width":649,"height":297},"image":{"@id":"https:\/\/www.eldigitaldeasturias.com\/noticias\/importante-aumento-de-los-delitos-antisemitas-en-alemania\/#organizationLogo"},"sameAs":["https:\/\/facebook.com\/eldigitaldeasturias","https:\/\/www.youtube.com\/channel\/UCZP-2wLEB9Rv6erhFmqVnvg"],"address":{"@id":"https:\/\/www.eldigitaldeasturias.com\/noticias\/#postaladdress","@type":"PostalAddress","streetAddress":"san antonio 4,","postalCode":"33430","addressLocality":"Cand\u00e1s","addressRegion":"Asturias","addressCountry":"ES"}},{"@type":"Person","@id":"https:\/\/www.eldigitaldeasturias.com\/noticias\/author\/admin\/#author","url":"https:\/\/www.eldigitaldeasturias.com\/noticias\/author\/admin\/","name":"El Digital de Asturias","image":{"@type":"ImageObject","@id":"https:\/\/www.eldigitaldeasturias.com\/noticias\/importante-aumento-de-los-delitos-antisemitas-en-alemania\/#authorImage","url":"https:\/\/www.eldigitaldeasturias.com\/noticias\/wp-content\/litespeed\/avatar\/18677e78aa0546b92d9dbf31ec7d7668.jpg?ver=1777290358","width":96,"height":96,"caption":"El Digital de Asturias"}},{"@type":"WebPage","@id":"https:\/\/www.eldigitaldeasturias.com\/noticias\/importante-aumento-de-los-delitos-antisemitas-en-alemania\/#webpage","url":"https:\/\/www.eldigitaldeasturias.com\/noticias\/importante-aumento-de-los-delitos-antisemitas-en-alemania\/","name":"Importante aumento de los delitos antisemitas en Alemania - El Digital de Asturias","description":"Berl\u00edn, 29 dic (dpa) - La Polic\u00eda alemana registr\u00f3 un importante aumento de los delitos antisemitas desde los ataques terroristas de Ham\u00e1s contra Israel","inLanguage":"es-ES","isPartOf":{"@id":"https:\/\/www.eldigitaldeasturias.com\/noticias\/#website"},"breadcrumb":{"@id":"https:\/\/www.eldigitaldeasturias.com\/noticias\/importante-aumento-de-los-delitos-antisemitas-en-alemania\/#breadcrumblist"},"author":{"@id":"https:\/\/www.eldigitaldeasturias.com\/noticias\/author\/admin\/#author"},"creator":{"@id":"https:\/\/www.eldigitaldeasturias.com\/noticias\/author\/admin\/#author"},"image":{"@type":"ImageObject","url":"https:\/\/www.eldigitaldeasturias.com\/noticias\/wp-content\/uploads\/2023\/12\/delitos-antisemitas.jpg","@id":"https:\/\/www.eldigitaldeasturias.com\/noticias\/importante-aumento-de-los-delitos-antisemitas-en-alemania\/#mainImage","width":640,"height":383,"caption":"delitos antisemitas"},"primaryImageOfPage":{"@id":"https:\/\/www.eldigitaldeasturias.com\/noticias\/importante-aumento-de-los-delitos-antisemitas-en-alemania\/#mainImage"},"datePublished":"2023-12-30T22:29:22+01:00","dateModified":"2023-12-30T22:29:22+01:00"},{"@type":"WebSite","@id":"https:\/\/www.eldigitaldeasturias.com\/noticias\/#website","url":"https:\/\/www.eldigitaldeasturias.com\/noticias\/","name":"El Digital de Asturias - Diario de actualidad y noticias","alternateName":"El Digital de Asturias - Diario de actualidad y noticias","description":"Hemeroteca","inLanguage":"es-ES","publisher":{"@id":"https:\/\/www.eldigitaldeasturias.com\/noticias\/#organization"}}]},"og:locale":"es_ES","og:site_name":"El Digital de Asturias","og:type":"article","og:title":"Importante aumento de los delitos antisemitas en Alemania - El Digital de Asturias","og:description":"Berl\u00edn, 29 dic (dpa) - La Polic\u00eda alemana registr\u00f3 un importante aumento de los delitos antisemitas desde los ataques terroristas de Ham\u00e1s contra Israel","og:url":"https:\/\/www.eldigitaldeasturias.com\/noticias\/importante-aumento-de-los-delitos-antisemitas-en-alemania\/","og:image":"https:\/\/www.eldigitaldeasturias.com\/noticias\/wp-content\/uploads\/2023\/12\/delitos-antisemitas.jpg","og:image:secure_url":"https:\/\/www.eldigitaldeasturias.com\/noticias\/wp-content\/uploads\/2023\/12\/delitos-antisemitas.jpg","og:image:width":640,"og:image:height":383,"article:tag":["sucesos"],"article:published_time":"2023-12-30T21:29:22+00:00","article:modified_time":"2023-12-30T21:29:22+00:00","article:publisher":"https:\/\/facebook.com\/eldigitaldeasturias","twitter:card":"summary_large_image","twitter:title":"Importante aumento de los delitos antisemitas en Alemania - El Digital de Asturias","twitter:description":"Berl\u00edn, 29 dic (dpa) - La Polic\u00eda alemana registr\u00f3 un importante aumento de los delitos antisemitas desde los ataques terroristas de Ham\u00e1s contra Israel","twitter:image":"https:\/\/www.eldigitaldeasturias.com\/noticias\/wp-content\/uploads\/2023\/12\/delitos-antisemitas.jpg","twitter:label1":"Escrito por","twitter:data1":"El Digital de Asturias","twitter:label2":"Tiempo de lectura estimado","twitter:data2":"1 minuto"},"aioseo_meta_data":{"post_id":"1127913","title":null,"description":"Berl\u00edn, 29 dic (dpa) - La Polic\u00eda alemana registr\u00f3 un importante aumento de los delitos antisemitas desde los ataques terroristas de Ham\u00e1s contra Israel","keywords":[],"keyphrases":{"focus":{"keyphrase":"delitos","score":78,"analysis":{"keyphraseInTitle":{"score":9,"maxScore":9,"error":0},"keyphraseInDescription":{"score":9,"maxScore":9,"error":0},"keyphraseLength":{"score":9,"maxScore":9,"error":0,"length":1},"keyphraseInURL":{"score":1,"maxScore":5,"error":1},"keyphraseInIntroduction":{"score":9,"maxScore":9,"error":0},"keyphraseInSubHeadings":[],"keyphraseInImageAlt":{"score":9,"maxScore":9,"error":0},"keywordDensity":{"type":"high","score":0,"maxScore":9,"error":1}}},"additional":[{"keyphrase":"delitos antisemitas","score":100,"analysis":{"keyphraseInDescription":{"score":9,"maxScore":9,"error":0},"keyphraseLength":{"score":9,"maxScore":9,"error":0,"length":2},"keyphraseInIntroduction":{"score":9,"maxScore":9,"error":0},"keyphraseInImageAlt":{"score":9,"maxScore":9,"error":0},"keywordDensity":{"type":"best","score":9,"maxScore":9,"error":0}}}]},"primary_term":null,"canonical_url":null,"og_title":null,"og_description":null,"og_object_type":"default","og_image_type":"default","og_image_url":null,"og_image_width":null,"og_image_height":null,"og_image_custom_url":null,"og_image_custom_fields":null,"og_video":"","og_custom_url":null,"og_article_section":null,"og_article_tags":[],"twitter_use_og":false,"twitter_card":"default","twitter_image_type":"default","twitter_image_url":null,"twitter_image_custom_url":null,"twitter_image_custom_fields":null,"twitter_title":null,"twitter_description":null,"schema":{"blockGraphs":[],"customGraphs":[],"default":{"data":{"Article":[],"Course":[],"Dataset":[],"FAQPage":[],"Movie":[],"Person":[],"Product":[],"ProductReview":[],"Car":[],"Recipe":[],"Service":[],"SoftwareApplication":[],"WebPage":[]},"graphName":"BlogPosting","isEnabled":true},"graphs":[]},"schema_type":"default","schema_type_options":null,"pillar_content":false,"robots_default":true,"robots_noindex":false,"robots_noarchive":false,"robots_nosnippet":false,"robots_nofollow":false,"robots_noimageindex":false,"robots_noodp":false,"robots_notranslate":false,"robots_max_snippet":"-1","robots_max_videopreview":"-1","robots_max_imagepreview":"large","priority":null,"frequency":"default","local_seo":null,"seo_analyzer_scan_date":"2025-10-06 00:23:35","breadcrumb_settings":null,"limit_modified_date":false,"open_ai":"{\"title\":{\"suggestions\":[],\"usage\":0},\"description\":{\"suggestions\":[],\"usage\":0}}","ai":null,"created":"2023-12-30 21:22:36","updated":"2025-10-09 06:30:33"},"aioseo_breadcrumb":"<div class=\"aioseo-breadcrumbs\"><span class=\"aioseo-breadcrumb\">\n\t<a href=\"https:\/\/www.eldigitaldeasturias.com\/noticias\" title=\"Home\">Home<\/a>\n<\/span><span class=\"aioseo-breadcrumb-separator\">\u2013<\/span><span class=\"aioseo-breadcrumb\">\n\t<a href=\"https:\/\/www.eldigitaldeasturias.com\/noticias\/category\/sucesos\/\" title=\"Sucesos\">Sucesos<\/a>\n<\/span><span class=\"aioseo-breadcrumb-separator\">\u2013<\/span><span class=\"aioseo-breadcrumb\">\n\t<a href=\"https:\/\/www.eldigitaldeasturias.com\/noticias\/importante-aumento-de-los-delitos-antisemitas-en-alemania\/\" title=\"Importante aumento de los delitos antisemitas en Alemania\">Importante aumento de los delitos antisemitas en Alemania<\/a>\n<\/span><\/div>","aioseo_breadcrumb_json":[{"label":"Home","link":"https:\/\/www.eldigitaldeasturias.com\/noticias"},{"label":"Sucesos","link":"https:\/\/www.eldigitaldeasturias.com\/noticias\/category\/sucesos\/"},{"label":"Importante aumento de los delitos antisemitas en Alemania","link":"https:\/\/www.eldigitaldeasturias.com\/noticias\/importante-aumento-de-los-delitos-antisemitas-en-alemania\/"}],"_links":{"self":[{"href":"https:\/\/www.eldigitaldeasturias.com\/noticias\/wp-json\/wp\/v2\/posts\/1127913","targetHints":{"allow":["GET"]}}],"collection":[{"href":"https:\/\/www.eldigitaldeasturias.com\/noticias\/wp-json\/wp\/v2\/posts"}],"about":[{"href":"https:\/\/www.eldigitaldeasturias.com\/noticias\/wp-json\/wp\/v2\/types\/post"}],"author":[{"embeddable":true,"href":"https:\/\/www.eldigitaldeasturias.com\/noticias\/wp-json\/wp\/v2\/users\/1"}],"replies":[{"embeddable":true,"href":"https:\/\/www.eldigitaldeasturias.com\/noticias\/wp-json\/wp\/v2\/comments?post=1127913"}],"version-history":[{"count":0,"href":"https:\/\/www.eldigitaldeasturias.com\/noticias\/wp-json\/wp\/v2\/posts\/1127913\/revisions"}],"wp:featuredmedia":[{"embeddable":true,"href":"https:\/\/www.eldigitaldeasturias.com\/noticias\/wp-json\/wp\/v2\/media\/1127914"}],"wp:attachment":[{"href":"https:\/\/www.eldigitaldeasturias.com\/noticias\/wp-json\/wp\/v2\/media?parent=1127913"}],"wp:term":[{"taxonomy":"category","embeddable":true,"href":"https:\/\/www.eldigitaldeasturias.com\/noticias\/wp-json\/wp\/v2\/categories?post=1127913"},{"taxonomy":"post_tag","embeddable":true,"href":"https:\/\/www.eldigitaldeasturias.com\/noticias\/wp-json\/wp\/v2\/tags?post=1127913"}],"curies":[{"name":"wp","href":"https:\/\/api.w.org\/{rel}","templated":true}]}}