{"id":1127880,"date":"2023-12-27T14:21:19","date_gmt":"2023-12-27T13:21:19","guid":{"rendered":"https:\/\/www.eldigitaldeasturias.com\/noticias\/?p=1127880"},"modified":"2023-12-27T14:22:19","modified_gmt":"2023-12-27T13:22:19","slug":"la-crisis-climatica-durante-el-2023","status":"publish","type":"post","link":"https:\/\/www.eldigitaldeasturias.com\/noticias\/la-crisis-climatica-durante-el-2023\/","title":{"rendered":"La crisis clim\u00e1tica durante el 2023"},"content":{"rendered":"<p>(<a title=\"dpa\" href=\"https:\/\/www.dpa-news.de\/\" target=\"_blank\" rel=\"noopener\"><span style=\"color: #ff6600;\"><strong>dpa<\/strong><\/span><\/a>) &#8211; Temperaturas extremas, lluvias extremas, tormentas extremas. En 2023, la<span style=\"color: #ff6600;\"><strong> <a style=\"color: #ff6600;\" title=\"AEMET\" href=\"https:\/\/www.aemet.es\/es\" target=\"_blank\" rel=\"noopener\">crisis clim\u00e1tica<\/a><\/strong><\/span> se dej\u00f3 sentir en todo el mundo. En Europa, por ejemplo, millones de personas se vieron afectadas: en julio, casi 50 grados en Cerde\u00f1a. <strong>En agosto, devastadores <a href=\"https:\/\/www.eldigitaldeasturias.com\/noticias\/category\/sucesos\/\"><span style=\"color: #ff6600;\">incendios<\/span><\/a> forestales en Grecia. En septiembre, una terrible cat\u00e1strofe por lluvias torrenciales en Libia caus\u00f3 miles de muertos.<\/strong><\/p>\n<figure id=\"attachment_1127881\" aria-describedby=\"caption-attachment-1127881\" style=\"width: 650px\" class=\"wp-caption aligncenter\"><img loading=\"lazy\" decoding=\"async\" class=\"wp-image-1127881 size-large\" src=\"https:\/\/www.eldigitaldeasturias.com\/noticias\/wp-content\/uploads\/2023\/12\/crisis-climatica-650x425.jpg\" alt=\"crisis clim\u00e1tica\" width=\"650\" height=\"425\" srcset=\"https:\/\/www.eldigitaldeasturias.com\/noticias\/wp-content\/uploads\/2023\/12\/crisis-climatica-650x425.jpg 650w, https:\/\/www.eldigitaldeasturias.com\/noticias\/wp-content\/uploads\/2023\/12\/crisis-climatica-360x236.jpg 360w, https:\/\/www.eldigitaldeasturias.com\/noticias\/wp-content\/uploads\/2023\/12\/crisis-climatica-458x300.jpg 458w, https:\/\/www.eldigitaldeasturias.com\/noticias\/wp-content\/uploads\/2023\/12\/crisis-climatica-768x503.jpg 768w, https:\/\/www.eldigitaldeasturias.com\/noticias\/wp-content\/uploads\/2023\/12\/crisis-climatica-150x98.jpg 150w, https:\/\/www.eldigitaldeasturias.com\/noticias\/wp-content\/uploads\/2023\/12\/crisis-climatica-450x295.jpg 450w, https:\/\/www.eldigitaldeasturias.com\/noticias\/wp-content\/uploads\/2023\/12\/crisis-climatica.jpg 1019w\" sizes=\"auto, (max-width: 650px) 100vw, 650px\" \/><figcaption id=\"caption-attachment-1127881\" class=\"wp-caption-text\">Una inundaci\u00f3n corta la autopista Sturt, cerca de Glendambo, en el estado australiano de Australia Meridional. Foto: Kelly Barnes\/NCA\/dpa<\/figcaption><\/figure>\n<p>El a\u00f1o en curso es el m\u00e1s c\u00e1lido desde el inicio de la industrializaci\u00f3n.<strong> El servicio de observaci\u00f3n para el cambio clim\u00e1tico de la Uni\u00f3n Europea (UE), Copernicus, descarta por completo que los d\u00edas que quedan de diciembre cambien el r\u00e9cord de altas temperaturas que se registrar\u00e1 en 2023.<\/strong><\/p>\n<p>Incluyendo noviembre, la temperatura media mundial fue 1,46 grados superior a la media de los a\u00f1os 1850 a 1900. <strong>Hasta ahora, 2016 ha sido el a\u00f1o m\u00e1s caluroso, con 1,3 grados m\u00e1s. Es posible que 2023 sea el a\u00f1o m\u00e1s c\u00e1lido desde hace decenas de miles de a\u00f1os.<\/strong><\/p>\n<p>Por supuesto, no se han realizado mediciones sobre ese periodo de tiempo, pero los cient\u00edficos pueden sacar conclusiones sobre el clima en la prehistoria analizando antiguas burbujas de aire en las profundidades del hielo.<\/p>\n<p>El clima extremo no solo se experiment\u00f3 en Europa y la regi\u00f3n mediterr\u00e1nea en 2023: lluvias devastadoras causaron inundaciones sin precedentes en Brasil en febrero, y <strong>el cicl\u00f3n \u00abFreddy\u00bb arras\u00f3 el oc\u00e9ano \u00cdndico durante 37 d\u00edas en febrero y marzo<\/strong>, m\u00e1s tiempo que cualquier otro cicl\u00f3n registrado antes. Caus\u00f3 graves estragos en Madagascar y Mozambique.<\/p>\n<p>En abril se registraron temperaturas r\u00e9cord desde la India hasta China, en junio y julio hubo graves inundaciones en Pakist\u00e1n y en octubre la regi\u00f3n mexicana de Acapulco qued\u00f3 parcialmente destruida por un hurac\u00e1n que surgi\u00f3 casi de la nada.<\/p>\n<blockquote><p>Los fen\u00f3menos meteorol\u00f3gicos extremos siempre han existido, pero la ciencia ha demostrado que son cada vez m\u00e1s frecuentes y graves debido al cambio clim\u00e1tico.<\/p><\/blockquote>\n<p>La mala noticia es que es inevitable que se produzcan m\u00e1s fen\u00f3menos extremos en las pr\u00f3ximas d\u00e9cadas, por m\u00e1s que se reduzcan r\u00e1pidamente las emisiones de gases de efecto invernadero. <strong>\u00abLa tendencia negativa continuar\u00e1 en la d\u00e9cada de 2060\u00bb, declara Petteri Taalas, secretario general de la Organizaci\u00f3n Meteorol\u00f3gica Mundial (OMM).<\/strong><\/p>\n<p>Esto se debe a los gases de efecto invernadero que ya se han emitido permanecer\u00e1n en la atm\u00f3sfera durante mucho m\u00e1s tiempo. \u00abY ya hemos perdido la batalla con los glaciares de monta\u00f1a. Esperamos que se hayan derretido por completo a finales de siglo\u00bb, agrega.<\/p>\n<p><strong>El fin de los combustibles f\u00f3siles perjudiciales para el clima -carb\u00f3n, petr\u00f3leo y gas- es la mayor palanca contra el cambio clim\u00e1tico.<\/strong> Sin embargo, la otra gran palanca, el uso del suelo, est\u00e1 infravalorada, explica Helge G\u00f6ssling, f\u00edsico del Instituto Alfred Wegener de Bremerhaven, en Alemania.<\/p>\n<blockquote><p>\u00abEs evidente que el 75 por ciento de la tierra agr\u00edcola del mundo se utiliza como pasto o para cultivos forrajeros para animales\u00bb, sostiene.<\/p><\/blockquote>\n<p>M\u00e1s alimentos de origen vegetal requieren menos tierra para la misma cantidad de prote\u00ednas y calor\u00edas. Los bosques pueden absorber m\u00e1s CO2 que los pastos. \u00abVolver a zonas m\u00e1s naturales no solo tendr\u00eda una huella clim\u00e1tica significativamente mejor, sino tambi\u00e9n el important\u00edsimo efecto de ayudar de manera decisiva a evitar la p\u00e9rdida de biodiversidad\u00bb, opina.<\/p>\n<p>Si, como se espera, los pa\u00edses se imponen a s\u00ed mismos medidas de protecci\u00f3n del clima significativamente m\u00e1s fuertes, tal y como acordaron en la reciente Conferencia Mundial del Clima (COP28) celebrada en Dubai, Taalas ve un mundo diferente en la d\u00e9cada de 2030 en el mejor de los casos.<\/p>\n<p>\u00abEntonces dejaremos de utilizar el carb\u00f3n como fuente de energ\u00eda, la mayor\u00eda de los coches del mundo ser\u00e1n el\u00e9ctricos, utilizaremos m\u00e1s el transporte p\u00fablico, comeremos menos carne y arroz, que causan grandes emisiones de metano, detendremos la <strong>deforestaci\u00f3n de las selvas tropicales<\/strong> y aceleraremos la transferencia de tecnolog\u00eda que permita a los pa\u00edses emergentes crecer de forma neutra para el clima\u00bb, enumera.<\/p>\n<p><i class=\"lang-es\"><span class=\" readonly\" title=\"\">Por Christiane Oelrich (dpa)<\/span><\/i><\/p>\n","protected":false},"excerpt":{"rendered":"<p>(dpa) &#8211; Temperaturas extremas, lluvias extremas, tormentas extremas. En 2023, la crisis clim\u00e1tica se dej\u00f3 sentir en todo el mundo. En Europa, por ejemplo, millones de personas se vieron afectadas: en julio, casi 50 grados en Cerde\u00f1a. En agosto, devastadores incendios forestales en Grecia. En septiembre, una terrible cat\u00e1strofe por lluvias torrenciales en Libia caus\u00f3 [&hellip;]<\/p>\n","protected":false},"author":1,"featured_media":1127881,"comment_status":"closed","ping_status":"closed","sticky":false,"template":"","format":"standard","meta":{"footnotes":""},"categories":[1],"tags":[],"class_list":["post-1127880","post","type-post","status-publish","format-standard","has-post-thumbnail","hentry","category-actualidad"],"aioseo_notices":[],"aioseo_head":"\n\t\t<!-- All in One SEO Pro 4.9.6.2 - aioseo.com -->\n\t<meta name=\"description\" content=\"(dpa) - Temperaturas extremas, lluvias extremas, tormentas extremas. En 2023, la crisis clim\u00e1tica se dej\u00f3 sentir en todo el mundo. En Europa\" \/>\n\t<meta name=\"robots\" content=\"max-image-preview:large\" \/>\n\t<meta name=\"author\" content=\"El Digital de Asturias\"\/>\n\t<meta name=\"google-site-verification\" content=\"UA-38556648-1\" \/>\n\t<meta name=\"msvalidate.01\" content=\"7dfe9f3f1b24437ab69f4f2559babe99\" \/>\n\t<meta name=\"keywords\" content=\"actualidad\" \/>\n\t<link rel=\"canonical\" href=\"https:\/\/www.eldigitaldeasturias.com\/noticias\/la-crisis-climatica-durante-el-2023\/\" \/>\n\t<meta name=\"generator\" content=\"All in One SEO Pro (AIOSEO) 4.9.6.2\" \/>\n\t\t<meta property=\"og:locale\" content=\"es_ES\" \/>\n\t\t<meta property=\"og:site_name\" content=\"El Digital de Asturias\" \/>\n\t\t<meta property=\"og:type\" content=\"article\" \/>\n\t\t<meta property=\"og:title\" content=\"La crisis clim\u00e1tica durante el 2023 - El Digital de Asturias\" \/>\n\t\t<meta property=\"og:description\" content=\"(dpa) - Temperaturas extremas, lluvias extremas, tormentas extremas. En 2023, la crisis clim\u00e1tica se dej\u00f3 sentir en todo el mundo. En Europa\" \/>\n\t\t<meta property=\"og:url\" content=\"https:\/\/www.eldigitaldeasturias.com\/noticias\/la-crisis-climatica-durante-el-2023\/\" \/>\n\t\t<meta property=\"og:image\" content=\"https:\/\/www.eldigitaldeasturias.com\/noticias\/wp-content\/uploads\/2023\/12\/crisis-climatica.jpg\" \/>\n\t\t<meta property=\"og:image:secure_url\" content=\"https:\/\/www.eldigitaldeasturias.com\/noticias\/wp-content\/uploads\/2023\/12\/crisis-climatica.jpg\" \/>\n\t\t<meta property=\"og:image:width\" content=\"1019\" \/>\n\t\t<meta property=\"og:image:height\" content=\"667\" \/>\n\t\t<meta property=\"article:tag\" content=\"actualidad\" \/>\n\t\t<meta property=\"article:published_time\" content=\"2023-12-27T13:21:19+00:00\" \/>\n\t\t<meta property=\"article:modified_time\" content=\"2023-12-27T13:22:19+00:00\" \/>\n\t\t<meta property=\"article:publisher\" content=\"https:\/\/facebook.com\/eldigitaldeasturias\" \/>\n\t\t<meta name=\"twitter:card\" content=\"summary_large_image\" \/>\n\t\t<meta name=\"twitter:title\" content=\"La crisis clim\u00e1tica durante el 2023 - El Digital de Asturias\" \/>\n\t\t<meta name=\"twitter:description\" content=\"(dpa) - Temperaturas extremas, lluvias extremas, tormentas extremas. En 2023, la crisis clim\u00e1tica se dej\u00f3 sentir en todo el mundo. En Europa\" \/>\n\t\t<meta name=\"twitter:image\" content=\"https:\/\/www.eldigitaldeasturias.com\/noticias\/wp-content\/uploads\/2023\/12\/crisis-climatica.jpg\" \/>\n\t\t<meta name=\"twitter:label1\" content=\"Escrito por\" \/>\n\t\t<meta name=\"twitter:data1\" content=\"El Digital de Asturias\" \/>\n\t\t<meta name=\"twitter:label2\" content=\"Tiempo de lectura estimado\" \/>\n\t\t<meta name=\"twitter:data2\" content=\"4 minutos\" \/>\n\t\t<script type=\"application\/ld+json\" class=\"aioseo-schema\">\n\t\t\t{\"@context\":\"https:\\\/\\\/schema.org\",\"@graph\":[{\"@type\":\"BlogPosting\",\"@id\":\"https:\\\/\\\/www.eldigitaldeasturias.com\\\/noticias\\\/la-crisis-climatica-durante-el-2023\\\/#blogposting\",\"name\":\"La crisis clim\\u00e1tica durante el 2023 - El Digital de Asturias\",\"headline\":\"La crisis clim\\u00e1tica durante el 2023\",\"author\":{\"@id\":\"https:\\\/\\\/www.eldigitaldeasturias.com\\\/noticias\\\/author\\\/admin\\\/#author\"},\"publisher\":{\"@id\":\"https:\\\/\\\/www.eldigitaldeasturias.com\\\/noticias\\\/#organization\"},\"image\":{\"@type\":\"ImageObject\",\"url\":\"https:\\\/\\\/www.eldigitaldeasturias.com\\\/noticias\\\/wp-content\\\/uploads\\\/2023\\\/12\\\/crisis-climatica.jpg\",\"width\":1019,\"height\":667,\"caption\":\"Una inundaci\\u00f3n corta la autopista Sturt, cerca de Glendambo, en el estado australiano de Australia Meridional. Foto: Kelly Barnes\\\/NCA\\\/dpa\"},\"datePublished\":\"2023-12-27T14:21:19+01:00\",\"dateModified\":\"2023-12-27T14:22:19+01:00\",\"inLanguage\":\"es-ES\",\"mainEntityOfPage\":{\"@id\":\"https:\\\/\\\/www.eldigitaldeasturias.com\\\/noticias\\\/la-crisis-climatica-durante-el-2023\\\/#webpage\"},\"isPartOf\":{\"@id\":\"https:\\\/\\\/www.eldigitaldeasturias.com\\\/noticias\\\/la-crisis-climatica-durante-el-2023\\\/#webpage\"},\"articleSection\":\"Actualidad\"},{\"@type\":\"BreadcrumbList\",\"@id\":\"https:\\\/\\\/www.eldigitaldeasturias.com\\\/noticias\\\/la-crisis-climatica-durante-el-2023\\\/#breadcrumblist\",\"itemListElement\":[{\"@type\":\"ListItem\",\"@id\":\"https:\\\/\\\/www.eldigitaldeasturias.com\\\/noticias#listItem\",\"position\":1,\"name\":\"Home\",\"item\":\"https:\\\/\\\/www.eldigitaldeasturias.com\\\/noticias\",\"nextItem\":{\"@type\":\"ListItem\",\"@id\":\"https:\\\/\\\/www.eldigitaldeasturias.com\\\/noticias\\\/category\\\/actualidad\\\/#listItem\",\"name\":\"Actualidad\"}},{\"@type\":\"ListItem\",\"@id\":\"https:\\\/\\\/www.eldigitaldeasturias.com\\\/noticias\\\/category\\\/actualidad\\\/#listItem\",\"position\":2,\"name\":\"Actualidad\",\"item\":\"https:\\\/\\\/www.eldigitaldeasturias.com\\\/noticias\\\/category\\\/actualidad\\\/\",\"nextItem\":{\"@type\":\"ListItem\",\"@id\":\"https:\\\/\\\/www.eldigitaldeasturias.com\\\/noticias\\\/la-crisis-climatica-durante-el-2023\\\/#listItem\",\"name\":\"La crisis clim\\u00e1tica durante el 2023\"},\"previousItem\":{\"@type\":\"ListItem\",\"@id\":\"https:\\\/\\\/www.eldigitaldeasturias.com\\\/noticias#listItem\",\"name\":\"Home\"}},{\"@type\":\"ListItem\",\"@id\":\"https:\\\/\\\/www.eldigitaldeasturias.com\\\/noticias\\\/la-crisis-climatica-durante-el-2023\\\/#listItem\",\"position\":3,\"name\":\"La crisis clim\\u00e1tica durante el 2023\",\"previousItem\":{\"@type\":\"ListItem\",\"@id\":\"https:\\\/\\\/www.eldigitaldeasturias.com\\\/noticias\\\/category\\\/actualidad\\\/#listItem\",\"name\":\"Actualidad\"}}]},{\"@type\":\"Organization\",\"@id\":\"https:\\\/\\\/www.eldigitaldeasturias.com\\\/noticias\\\/#organization\",\"name\":\"El Digital de Asturias\",\"description\":\"Hemeroteca\",\"url\":\"https:\\\/\\\/www.eldigitaldeasturias.com\\\/noticias\\\/\",\"email\":\"info@eldigitaldeasturias.com\",\"telephone\":\"+34652131393\",\"logo\":{\"@type\":\"ImageObject\",\"url\":\"https:\\\/\\\/www.eldigitaldeasturias.com\\\/noticias\\\/wp-content\\\/uploads\\\/2020\\\/12\\\/EDA.jpg\",\"@id\":\"https:\\\/\\\/www.eldigitaldeasturias.com\\\/noticias\\\/la-crisis-climatica-durante-el-2023\\\/#organizationLogo\",\"width\":649,\"height\":297},\"image\":{\"@id\":\"https:\\\/\\\/www.eldigitaldeasturias.com\\\/noticias\\\/la-crisis-climatica-durante-el-2023\\\/#organizationLogo\"},\"sameAs\":[\"https:\\\/\\\/facebook.com\\\/eldigitaldeasturias\",\"https:\\\/\\\/www.youtube.com\\\/channel\\\/UCZP-2wLEB9Rv6erhFmqVnvg\"],\"address\":{\"@id\":\"https:\\\/\\\/www.eldigitaldeasturias.com\\\/noticias\\\/#postaladdress\",\"@type\":\"PostalAddress\",\"streetAddress\":\"san antonio 4,\",\"postalCode\":\"33430\",\"addressLocality\":\"Cand\\u00e1s\",\"addressRegion\":\"Asturias\",\"addressCountry\":\"ES\"}},{\"@type\":\"Person\",\"@id\":\"https:\\\/\\\/www.eldigitaldeasturias.com\\\/noticias\\\/author\\\/admin\\\/#author\",\"url\":\"https:\\\/\\\/www.eldigitaldeasturias.com\\\/noticias\\\/author\\\/admin\\\/\",\"name\":\"El Digital de Asturias\",\"image\":{\"@type\":\"ImageObject\",\"@id\":\"https:\\\/\\\/www.eldigitaldeasturias.com\\\/noticias\\\/la-crisis-climatica-durante-el-2023\\\/#authorImage\",\"url\":\"https:\\\/\\\/www.eldigitaldeasturias.com\\\/noticias\\\/wp-content\\\/litespeed\\\/avatar\\\/18677e78aa0546b92d9dbf31ec7d7668.jpg?ver=1777290358\",\"width\":96,\"height\":96,\"caption\":\"El Digital de Asturias\"}},{\"@type\":\"WebPage\",\"@id\":\"https:\\\/\\\/www.eldigitaldeasturias.com\\\/noticias\\\/la-crisis-climatica-durante-el-2023\\\/#webpage\",\"url\":\"https:\\\/\\\/www.eldigitaldeasturias.com\\\/noticias\\\/la-crisis-climatica-durante-el-2023\\\/\",\"name\":\"La crisis clim\\u00e1tica durante el 2023 - El Digital de Asturias\",\"description\":\"(dpa) - Temperaturas extremas, lluvias extremas, tormentas extremas. En 2023, la crisis clim\\u00e1tica se dej\\u00f3 sentir en todo el mundo. En Europa\",\"inLanguage\":\"es-ES\",\"isPartOf\":{\"@id\":\"https:\\\/\\\/www.eldigitaldeasturias.com\\\/noticias\\\/#website\"},\"breadcrumb\":{\"@id\":\"https:\\\/\\\/www.eldigitaldeasturias.com\\\/noticias\\\/la-crisis-climatica-durante-el-2023\\\/#breadcrumblist\"},\"author\":{\"@id\":\"https:\\\/\\\/www.eldigitaldeasturias.com\\\/noticias\\\/author\\\/admin\\\/#author\"},\"creator\":{\"@id\":\"https:\\\/\\\/www.eldigitaldeasturias.com\\\/noticias\\\/author\\\/admin\\\/#author\"},\"image\":{\"@type\":\"ImageObject\",\"url\":\"https:\\\/\\\/www.eldigitaldeasturias.com\\\/noticias\\\/wp-content\\\/uploads\\\/2023\\\/12\\\/crisis-climatica.jpg\",\"@id\":\"https:\\\/\\\/www.eldigitaldeasturias.com\\\/noticias\\\/la-crisis-climatica-durante-el-2023\\\/#mainImage\",\"width\":1019,\"height\":667,\"caption\":\"Una inundaci\\u00f3n corta la autopista Sturt, cerca de Glendambo, en el estado australiano de Australia Meridional. Foto: Kelly Barnes\\\/NCA\\\/dpa\"},\"primaryImageOfPage\":{\"@id\":\"https:\\\/\\\/www.eldigitaldeasturias.com\\\/noticias\\\/la-crisis-climatica-durante-el-2023\\\/#mainImage\"},\"datePublished\":\"2023-12-27T14:21:19+01:00\",\"dateModified\":\"2023-12-27T14:22:19+01:00\"},{\"@type\":\"WebSite\",\"@id\":\"https:\\\/\\\/www.eldigitaldeasturias.com\\\/noticias\\\/#website\",\"url\":\"https:\\\/\\\/www.eldigitaldeasturias.com\\\/noticias\\\/\",\"name\":\"El Digital de Asturias - Diario de actualidad y noticias\",\"alternateName\":\"El Digital de Asturias - Diario de actualidad y noticias\",\"description\":\"Hemeroteca\",\"inLanguage\":\"es-ES\",\"publisher\":{\"@id\":\"https:\\\/\\\/www.eldigitaldeasturias.com\\\/noticias\\\/#organization\"}}]}\n\t\t<\/script>\n\t\t<!-- All in One SEO Pro -->\r\n\t\t<title>La crisis clim\u00e1tica durante el 2023 - El Digital de Asturias<\/title>\n\n","aioseo_head_json":{"title":"La crisis clim\u00e1tica durante el 2023 - El Digital de Asturias","description":"(dpa) - Temperaturas extremas, lluvias extremas, tormentas extremas. En 2023, la crisis clim\u00e1tica se dej\u00f3 sentir en todo el mundo. En Europa","canonical_url":"https:\/\/www.eldigitaldeasturias.com\/noticias\/la-crisis-climatica-durante-el-2023\/","robots":"max-image-preview:large","keywords":"actualidad","webmasterTools":{"google-site-verification":"UA-38556648-1","msvalidate.01":"7dfe9f3f1b24437ab69f4f2559babe99","miscellaneous":""},"schema":{"@context":"https:\/\/schema.org","@graph":[{"@type":"BlogPosting","@id":"https:\/\/www.eldigitaldeasturias.com\/noticias\/la-crisis-climatica-durante-el-2023\/#blogposting","name":"La crisis clim\u00e1tica durante el 2023 - El Digital de Asturias","headline":"La crisis clim\u00e1tica durante el 2023","author":{"@id":"https:\/\/www.eldigitaldeasturias.com\/noticias\/author\/admin\/#author"},"publisher":{"@id":"https:\/\/www.eldigitaldeasturias.com\/noticias\/#organization"},"image":{"@type":"ImageObject","url":"https:\/\/www.eldigitaldeasturias.com\/noticias\/wp-content\/uploads\/2023\/12\/crisis-climatica.jpg","width":1019,"height":667,"caption":"Una inundaci\u00f3n corta la autopista Sturt, cerca de Glendambo, en el estado australiano de Australia Meridional. Foto: Kelly Barnes\/NCA\/dpa"},"datePublished":"2023-12-27T14:21:19+01:00","dateModified":"2023-12-27T14:22:19+01:00","inLanguage":"es-ES","mainEntityOfPage":{"@id":"https:\/\/www.eldigitaldeasturias.com\/noticias\/la-crisis-climatica-durante-el-2023\/#webpage"},"isPartOf":{"@id":"https:\/\/www.eldigitaldeasturias.com\/noticias\/la-crisis-climatica-durante-el-2023\/#webpage"},"articleSection":"Actualidad"},{"@type":"BreadcrumbList","@id":"https:\/\/www.eldigitaldeasturias.com\/noticias\/la-crisis-climatica-durante-el-2023\/#breadcrumblist","itemListElement":[{"@type":"ListItem","@id":"https:\/\/www.eldigitaldeasturias.com\/noticias#listItem","position":1,"name":"Home","item":"https:\/\/www.eldigitaldeasturias.com\/noticias","nextItem":{"@type":"ListItem","@id":"https:\/\/www.eldigitaldeasturias.com\/noticias\/category\/actualidad\/#listItem","name":"Actualidad"}},{"@type":"ListItem","@id":"https:\/\/www.eldigitaldeasturias.com\/noticias\/category\/actualidad\/#listItem","position":2,"name":"Actualidad","item":"https:\/\/www.eldigitaldeasturias.com\/noticias\/category\/actualidad\/","nextItem":{"@type":"ListItem","@id":"https:\/\/www.eldigitaldeasturias.com\/noticias\/la-crisis-climatica-durante-el-2023\/#listItem","name":"La crisis clim\u00e1tica durante el 2023"},"previousItem":{"@type":"ListItem","@id":"https:\/\/www.eldigitaldeasturias.com\/noticias#listItem","name":"Home"}},{"@type":"ListItem","@id":"https:\/\/www.eldigitaldeasturias.com\/noticias\/la-crisis-climatica-durante-el-2023\/#listItem","position":3,"name":"La crisis clim\u00e1tica durante el 2023","previousItem":{"@type":"ListItem","@id":"https:\/\/www.eldigitaldeasturias.com\/noticias\/category\/actualidad\/#listItem","name":"Actualidad"}}]},{"@type":"Organization","@id":"https:\/\/www.eldigitaldeasturias.com\/noticias\/#organization","name":"El Digital de Asturias","description":"Hemeroteca","url":"https:\/\/www.eldigitaldeasturias.com\/noticias\/","email":"info@eldigitaldeasturias.com","telephone":"+34652131393","logo":{"@type":"ImageObject","url":"https:\/\/www.eldigitaldeasturias.com\/noticias\/wp-content\/uploads\/2020\/12\/EDA.jpg","@id":"https:\/\/www.eldigitaldeasturias.com\/noticias\/la-crisis-climatica-durante-el-2023\/#organizationLogo","width":649,"height":297},"image":{"@id":"https:\/\/www.eldigitaldeasturias.com\/noticias\/la-crisis-climatica-durante-el-2023\/#organizationLogo"},"sameAs":["https:\/\/facebook.com\/eldigitaldeasturias","https:\/\/www.youtube.com\/channel\/UCZP-2wLEB9Rv6erhFmqVnvg"],"address":{"@id":"https:\/\/www.eldigitaldeasturias.com\/noticias\/#postaladdress","@type":"PostalAddress","streetAddress":"san antonio 4,","postalCode":"33430","addressLocality":"Cand\u00e1s","addressRegion":"Asturias","addressCountry":"ES"}},{"@type":"Person","@id":"https:\/\/www.eldigitaldeasturias.com\/noticias\/author\/admin\/#author","url":"https:\/\/www.eldigitaldeasturias.com\/noticias\/author\/admin\/","name":"El Digital de Asturias","image":{"@type":"ImageObject","@id":"https:\/\/www.eldigitaldeasturias.com\/noticias\/la-crisis-climatica-durante-el-2023\/#authorImage","url":"https:\/\/www.eldigitaldeasturias.com\/noticias\/wp-content\/litespeed\/avatar\/18677e78aa0546b92d9dbf31ec7d7668.jpg?ver=1777290358","width":96,"height":96,"caption":"El Digital de Asturias"}},{"@type":"WebPage","@id":"https:\/\/www.eldigitaldeasturias.com\/noticias\/la-crisis-climatica-durante-el-2023\/#webpage","url":"https:\/\/www.eldigitaldeasturias.com\/noticias\/la-crisis-climatica-durante-el-2023\/","name":"La crisis clim\u00e1tica durante el 2023 - El Digital de Asturias","description":"(dpa) - Temperaturas extremas, lluvias extremas, tormentas extremas. En 2023, la crisis clim\u00e1tica se dej\u00f3 sentir en todo el mundo. En Europa","inLanguage":"es-ES","isPartOf":{"@id":"https:\/\/www.eldigitaldeasturias.com\/noticias\/#website"},"breadcrumb":{"@id":"https:\/\/www.eldigitaldeasturias.com\/noticias\/la-crisis-climatica-durante-el-2023\/#breadcrumblist"},"author":{"@id":"https:\/\/www.eldigitaldeasturias.com\/noticias\/author\/admin\/#author"},"creator":{"@id":"https:\/\/www.eldigitaldeasturias.com\/noticias\/author\/admin\/#author"},"image":{"@type":"ImageObject","url":"https:\/\/www.eldigitaldeasturias.com\/noticias\/wp-content\/uploads\/2023\/12\/crisis-climatica.jpg","@id":"https:\/\/www.eldigitaldeasturias.com\/noticias\/la-crisis-climatica-durante-el-2023\/#mainImage","width":1019,"height":667,"caption":"Una inundaci\u00f3n corta la autopista Sturt, cerca de Glendambo, en el estado australiano de Australia Meridional. Foto: Kelly Barnes\/NCA\/dpa"},"primaryImageOfPage":{"@id":"https:\/\/www.eldigitaldeasturias.com\/noticias\/la-crisis-climatica-durante-el-2023\/#mainImage"},"datePublished":"2023-12-27T14:21:19+01:00","dateModified":"2023-12-27T14:22:19+01:00"},{"@type":"WebSite","@id":"https:\/\/www.eldigitaldeasturias.com\/noticias\/#website","url":"https:\/\/www.eldigitaldeasturias.com\/noticias\/","name":"El Digital de Asturias - Diario de actualidad y noticias","alternateName":"El Digital de Asturias - Diario de actualidad y noticias","description":"Hemeroteca","inLanguage":"es-ES","publisher":{"@id":"https:\/\/www.eldigitaldeasturias.com\/noticias\/#organization"}}]},"og:locale":"es_ES","og:site_name":"El Digital de Asturias","og:type":"article","og:title":"La crisis clim\u00e1tica durante el 2023 - El Digital de Asturias","og:description":"(dpa) - Temperaturas extremas, lluvias extremas, tormentas extremas. En 2023, la crisis clim\u00e1tica se dej\u00f3 sentir en todo el mundo. En Europa","og:url":"https:\/\/www.eldigitaldeasturias.com\/noticias\/la-crisis-climatica-durante-el-2023\/","og:image":"https:\/\/www.eldigitaldeasturias.com\/noticias\/wp-content\/uploads\/2023\/12\/crisis-climatica.jpg","og:image:secure_url":"https:\/\/www.eldigitaldeasturias.com\/noticias\/wp-content\/uploads\/2023\/12\/crisis-climatica.jpg","og:image:width":1019,"og:image:height":667,"article:tag":["actualidad"],"article:published_time":"2023-12-27T13:21:19+00:00","article:modified_time":"2023-12-27T13:22:19+00:00","article:publisher":"https:\/\/facebook.com\/eldigitaldeasturias","twitter:card":"summary_large_image","twitter:title":"La crisis clim\u00e1tica durante el 2023 - El Digital de Asturias","twitter:description":"(dpa) - Temperaturas extremas, lluvias extremas, tormentas extremas. En 2023, la crisis clim\u00e1tica se dej\u00f3 sentir en todo el mundo. En Europa","twitter:image":"https:\/\/www.eldigitaldeasturias.com\/noticias\/wp-content\/uploads\/2023\/12\/crisis-climatica.jpg","twitter:label1":"Escrito por","twitter:data1":"El Digital de Asturias","twitter:label2":"Tiempo de lectura estimado","twitter:data2":"4 minutos"},"aioseo_meta_data":{"post_id":"1127880","title":null,"description":"(dpa) - Temperaturas extremas, lluvias extremas, tormentas extremas. En 2023, la crisis clim\u00e1tica se dej\u00f3 sentir en todo el mundo. En Europa","keywords":[],"keyphrases":{"focus":{"keyphrase":"crisis","score":85,"analysis":{"keyphraseInTitle":{"score":9,"maxScore":9,"error":0},"keyphraseInDescription":{"score":9,"maxScore":9,"error":0},"keyphraseLength":{"score":9,"maxScore":9,"error":0,"length":1},"keyphraseInURL":{"score":5,"maxScore":5,"error":0},"keyphraseInIntroduction":{"score":9,"maxScore":9,"error":0},"keyphraseInSubHeadings":[],"keyphraseInImageAlt":{"score":9,"maxScore":9,"error":0},"keywordDensity":{"score":0,"type":"low","maxScore":9,"error":1}}},"additional":[{"keyphrase":"crisis clim\u00e1tica","score":80,"analysis":{"keyphraseInDescription":{"score":9,"maxScore":9,"error":0},"keyphraseLength":{"score":9,"maxScore":9,"error":0,"length":3},"keyphraseInIntroduction":{"score":9,"maxScore":9,"error":0},"keyphraseInImageAlt":{"score":9,"maxScore":9,"error":0},"keywordDensity":{"score":0,"type":"low","maxScore":9,"error":1}}},{"keyphrase":"2023","score":87,"analysis":{"keyphraseInDescription":{"score":9,"maxScore":9,"error":0},"keyphraseLength":{"score":9,"maxScore":9,"error":0,"length":1},"keyphraseInIntroduction":{"score":9,"maxScore":9,"error":0},"keyphraseInImageAlt":{"score":3,"maxScore":9,"error":1},"keywordDensity":{"type":"best","score":9,"maxScore":9,"error":0}}},{"keyphrase":"clim\u00e1tica","score":80,"analysis":{"keyphraseInDescription":{"score":9,"maxScore":9,"error":0},"keyphraseLength":{"score":9,"maxScore":9,"error":0,"length":2},"keyphraseInIntroduction":{"score":9,"maxScore":9,"error":0},"keyphraseInImageAlt":{"score":9,"maxScore":9,"error":0},"keywordDensity":{"score":0,"type":"low","maxScore":9,"error":1}}}]},"primary_term":null,"canonical_url":null,"og_title":null,"og_description":null,"og_object_type":"default","og_image_type":"default","og_image_url":null,"og_image_width":null,"og_image_height":null,"og_image_custom_url":null,"og_image_custom_fields":null,"og_video":"","og_custom_url":null,"og_article_section":null,"og_article_tags":[],"twitter_use_og":false,"twitter_card":"default","twitter_image_type":"default","twitter_image_url":null,"twitter_image_custom_url":null,"twitter_image_custom_fields":null,"twitter_title":null,"twitter_description":null,"schema":{"blockGraphs":[],"customGraphs":[],"default":{"data":{"Article":[],"Course":[],"Dataset":[],"FAQPage":[],"Movie":[],"Person":[],"Product":[],"ProductReview":[],"Car":[],"Recipe":[],"Service":[],"SoftwareApplication":[],"WebPage":[]},"graphName":"BlogPosting","isEnabled":true},"graphs":[]},"schema_type":"default","schema_type_options":null,"pillar_content":false,"robots_default":true,"robots_noindex":false,"robots_noarchive":false,"robots_nosnippet":false,"robots_nofollow":false,"robots_noimageindex":false,"robots_noodp":false,"robots_notranslate":false,"robots_max_snippet":"-1","robots_max_videopreview":"-1","robots_max_imagepreview":"large","priority":null,"frequency":"default","local_seo":null,"seo_analyzer_scan_date":"2025-10-06 00:17:47","breadcrumb_settings":null,"limit_modified_date":false,"open_ai":"{\"title\":{\"suggestions\":[],\"usage\":0},\"description\":{\"suggestions\":[],\"usage\":0}}","ai":null,"created":"2023-12-27 13:08:36","updated":"2025-10-09 06:27:37"},"aioseo_breadcrumb":"<div class=\"aioseo-breadcrumbs\"><span class=\"aioseo-breadcrumb\">\n\t<a href=\"https:\/\/www.eldigitaldeasturias.com\/noticias\" title=\"Home\">Home<\/a>\n<\/span><span class=\"aioseo-breadcrumb-separator\">\u2013<\/span><span class=\"aioseo-breadcrumb\">\n\t<a href=\"https:\/\/www.eldigitaldeasturias.com\/noticias\/category\/actualidad\/\" title=\"Actualidad\">Actualidad<\/a>\n<\/span><span class=\"aioseo-breadcrumb-separator\">\u2013<\/span><span class=\"aioseo-breadcrumb\">\n\t<a href=\"https:\/\/www.eldigitaldeasturias.com\/noticias\/la-crisis-climatica-durante-el-2023\/\" title=\"La crisis clim\u00e1tica durante el 2023\">La crisis clim\u00e1tica durante el 2023<\/a>\n<\/span><\/div>","aioseo_breadcrumb_json":[{"label":"Home","link":"https:\/\/www.eldigitaldeasturias.com\/noticias"},{"label":"Actualidad","link":"https:\/\/www.eldigitaldeasturias.com\/noticias\/category\/actualidad\/"},{"label":"La crisis clim\u00e1tica durante el 2023","link":"https:\/\/www.eldigitaldeasturias.com\/noticias\/la-crisis-climatica-durante-el-2023\/"}],"_links":{"self":[{"href":"https:\/\/www.eldigitaldeasturias.com\/noticias\/wp-json\/wp\/v2\/posts\/1127880","targetHints":{"allow":["GET"]}}],"collection":[{"href":"https:\/\/www.eldigitaldeasturias.com\/noticias\/wp-json\/wp\/v2\/posts"}],"about":[{"href":"https:\/\/www.eldigitaldeasturias.com\/noticias\/wp-json\/wp\/v2\/types\/post"}],"author":[{"embeddable":true,"href":"https:\/\/www.eldigitaldeasturias.com\/noticias\/wp-json\/wp\/v2\/users\/1"}],"replies":[{"embeddable":true,"href":"https:\/\/www.eldigitaldeasturias.com\/noticias\/wp-json\/wp\/v2\/comments?post=1127880"}],"version-history":[{"count":0,"href":"https:\/\/www.eldigitaldeasturias.com\/noticias\/wp-json\/wp\/v2\/posts\/1127880\/revisions"}],"wp:featuredmedia":[{"embeddable":true,"href":"https:\/\/www.eldigitaldeasturias.com\/noticias\/wp-json\/wp\/v2\/media\/1127881"}],"wp:attachment":[{"href":"https:\/\/www.eldigitaldeasturias.com\/noticias\/wp-json\/wp\/v2\/media?parent=1127880"}],"wp:term":[{"taxonomy":"category","embeddable":true,"href":"https:\/\/www.eldigitaldeasturias.com\/noticias\/wp-json\/wp\/v2\/categories?post=1127880"},{"taxonomy":"post_tag","embeddable":true,"href":"https:\/\/www.eldigitaldeasturias.com\/noticias\/wp-json\/wp\/v2\/tags?post=1127880"}],"curies":[{"name":"wp","href":"https:\/\/api.w.org\/{rel}","templated":true}]}}