{"id":1127877,"date":"2023-12-26T04:01:50","date_gmt":"2023-12-26T03:01:50","guid":{"rendered":"https:\/\/www.eldigitaldeasturias.com\/noticias\/?p=1127877"},"modified":"2023-12-26T04:01:50","modified_gmt":"2023-12-26T03:01:50","slug":"discurso-navideno-de-steinmeier","status":"publish","type":"post","link":"https:\/\/www.eldigitaldeasturias.com\/noticias\/discurso-navideno-de-steinmeier\/","title":{"rendered":"Discurso navide\u00f1o de Steinmeier"},"content":{"rendered":"<p>Berl\u00edn, 24 dic (<a title=\"dpa\" href=\"https:\/\/www.dpa-news.de\/\" target=\"_blank\" rel=\"noopener\"><span style=\"color: #ff6600;\"><strong>dpa<\/strong><\/span><\/a>) &#8211; El presidente alem\u00e1n, <strong>Frank-Walter Steinmeier, inst\u00f3 a los ciudadanos a respaldar la democracia con coraje y cooperaci\u00f3n, seg\u00fan se\u00f1al\u00f3 en su tradicional <a href=\"https:\/\/candas365.es\/noticias\/tag\/navidad\/\" target=\"_blank\" rel=\"noopener\"><span style=\"color: #ff6600;\">mensaje navide\u00f1o<\/span><\/a>.<\/strong><\/p>\n<figure id=\"attachment_1127878\" aria-describedby=\"caption-attachment-1127878\" style=\"width: 650px\" class=\"wp-caption aligncenter\"><img loading=\"lazy\" decoding=\"async\" class=\"wp-image-1127878 size-large\" src=\"https:\/\/www.eldigitaldeasturias.com\/noticias\/wp-content\/uploads\/2023\/12\/Steinmeier-650x418.jpg\" alt=\"Steinmeier\" width=\"650\" height=\"418\" srcset=\"https:\/\/www.eldigitaldeasturias.com\/noticias\/wp-content\/uploads\/2023\/12\/Steinmeier-650x418.jpg 650w, https:\/\/www.eldigitaldeasturias.com\/noticias\/wp-content\/uploads\/2023\/12\/Steinmeier-360x232.jpg 360w, https:\/\/www.eldigitaldeasturias.com\/noticias\/wp-content\/uploads\/2023\/12\/Steinmeier-466x300.jpg 466w, https:\/\/www.eldigitaldeasturias.com\/noticias\/wp-content\/uploads\/2023\/12\/Steinmeier-768x494.jpg 768w, https:\/\/www.eldigitaldeasturias.com\/noticias\/wp-content\/uploads\/2023\/12\/Steinmeier-150x97.jpg 150w, https:\/\/www.eldigitaldeasturias.com\/noticias\/wp-content\/uploads\/2023\/12\/Steinmeier-450x290.jpg 450w, https:\/\/www.eldigitaldeasturias.com\/noticias\/wp-content\/uploads\/2023\/12\/Steinmeier.jpg 1022w\" sizes=\"auto, (max-width: 650px) 100vw, 650px\" \/><figcaption id=\"caption-attachment-1127878\" class=\"wp-caption-text\">Foto: Britta Pedersen\/dpa<\/figcaption><\/figure>\n<p>\u00abS\u00ed, anhelamos claridad. S\u00ed, es justo esperar de los l\u00edderes pol\u00edticos luchen por el camino correcto, pero tambi\u00e9n que den respuestas que nos ayuden como pa\u00eds\u00bb, dijo Steinmeier, apuntando que los ciudadanos esperan que quienes prestan servicios en favor de la democracia trabajen juntos cuando se trata del bien com\u00fan.<\/p>\n<p><strong>\u00abMuchos a\u00f1oran eso. Algunos dan la espalda, otros protestan por todo y sobre todos\u00bb, coment\u00f3 el mandatario<\/strong>, seg\u00fan el texto del discurso distribuido con antelaci\u00f3n por su oficina y que ser\u00e1 emitido por televisi\u00f3n.<\/p>\n<p>Steinmeier advirti\u00f3 de que, cuando en democracia las cosas se ponen dif\u00edciles, hay \u00abmejores consejeros que la ira y el desprecio&#8230; incluso mejores que los que pretenden que siempre hay una respuesta sencilla a las preguntas del futuro. Los buenos consejeros incluyen el coraje y la cooperaci\u00f3n\u00bb.<\/p>\n<blockquote><p>El presidente aclar\u00f3 que esto significa adem\u00e1s tener en cuenta a todos: \u00abSolo avanzaremos juntos, no si cada uno se repliega en su propio mundo\u00bb.<\/p><\/blockquote>\n<p>Steimeier agreg\u00f3 que este a\u00f1o el mundo mostr\u00f3 su lado oscuro, trayendo sufrimiento y destrucci\u00f3n, as\u00ed como odio y violencia, y <strong>mencion\u00f3 en concreto la guerra de agresi\u00f3n rusa contra <a href=\"https:\/\/eldigitaldeasturias.com\/radio\/baerbock-putin-quiere-destruir-ucrania\/\"><span style=\"color: #ff6600;\">Ucrania<\/span><\/a>.<\/strong><\/p>\n<p>Y desde octubre, \u00abnos horrorizaron las atrocidades cometidas por Ham\u00e1s y las v\u00edctimas de la guerra en Oriente Medio\u00bb, coment\u00f3, a\u00f1adiendo que el a\u00f1o deja muchas preguntas sin respuesta.<\/p>\n<p>El presidente germano dese\u00f3 a los ciudadanos que puedan cerrar la puerta tras de s\u00ed durante las vacaciones y disfrutar con sus seres queridos, al tiempo que agradeci\u00f3 a quienes garantizan que sea posible celebrar \u00aben paz y con seguridad\u00bb.<\/p>\n<blockquote><p>Steinmeier se refiri\u00f3 a la Polic\u00eda, los bomberos y las Fuerzas Armadas y tambi\u00e9n a quienes cuidan de enfermos o prestan servicios sociales. \u00abGracias por estar ah\u00ed\u00bb.<\/p><\/blockquote>\n<p>El mandatario subray\u00f3 que hay millones de personas que defienden a los dem\u00e1s con determinaci\u00f3n y valent\u00eda, que se comprometen a convivir pac\u00edficamente en una sociedad pluralista. \u00abY son estas personas las que me dan valor. Aportan calor a nuestro pa\u00eds\u00bb, enfatiz\u00f3 Steinmeier.<\/p>\n<p>El presidente record\u00f3 que <strong><a href=\"https:\/\/www.eldigitaldeasturias.com\/noticias\/category\/actualidad\/\"><span style=\"color: #ff6600;\">Alemania<\/span><\/a> celebrar\u00e1 el 75 aniversario de su propia democracia el a\u00f1o pr\u00f3ximo<\/strong>. \u00abNuestra Constituci\u00f3n es algo de lo que podemos estar orgullosos\u00bb, continu\u00f3.<\/p>\n<p>\u00abEsta base apoy\u00f3 bien a nuestro pa\u00eds hasta ahora, incluso cuando las cosas se pusieron m\u00e1s dif\u00edciles. Y estoy convencido de que seguir\u00e1 apoy\u00e1ndonos en el futuro. Y por eso quiero animarnos a todos a confiar en estos cimientos. D\u00e9monos cuenta m\u00e1s a menudo de que Alemania es y seguir\u00e1 siendo un buen pa\u00eds\u00bb, concluy\u00f3 Steinmeier.<\/p>\n","protected":false},"excerpt":{"rendered":"<p>Berl\u00edn, 24 dic (dpa) &#8211; El presidente alem\u00e1n, Frank-Walter Steinmeier, inst\u00f3 a los ciudadanos a respaldar la democracia con coraje y cooperaci\u00f3n, seg\u00fan se\u00f1al\u00f3 en su tradicional mensaje navide\u00f1o. \u00abS\u00ed, anhelamos claridad. S\u00ed, es justo esperar de los l\u00edderes pol\u00edticos luchen por el camino correcto, pero tambi\u00e9n que den respuestas que nos ayuden como pa\u00eds\u00bb, [&hellip;]<\/p>\n","protected":false},"author":1,"featured_media":1127878,"comment_status":"closed","ping_status":"closed","sticky":false,"template":"","format":"standard","meta":{"footnotes":""},"categories":[1],"tags":[],"class_list":["post-1127877","post","type-post","status-publish","format-standard","has-post-thumbnail","hentry","category-actualidad"],"aioseo_notices":[],"aioseo_head":"\n\t\t<!-- All in One SEO Pro 4.9.6.2 - aioseo.com -->\n\t<meta name=\"description\" content=\"Berl\u00edn, 24 dic (dpa) - El presidente alem\u00e1n, Frank-Walter Steinmeier, inst\u00f3 a los ciudadanos a respaldar la democracia con coraje y cooperaci\u00f3n, seg\u00fan se\u00f1al\u00f3\" \/>\n\t<meta name=\"robots\" content=\"max-image-preview:large\" \/>\n\t<meta name=\"author\" content=\"El Digital de Asturias\"\/>\n\t<meta name=\"google-site-verification\" content=\"UA-38556648-1\" \/>\n\t<meta name=\"msvalidate.01\" content=\"7dfe9f3f1b24437ab69f4f2559babe99\" \/>\n\t<meta name=\"keywords\" content=\"actualidad\" \/>\n\t<link rel=\"canonical\" href=\"https:\/\/www.eldigitaldeasturias.com\/noticias\/discurso-navideno-de-steinmeier\/\" \/>\n\t<meta name=\"generator\" content=\"All in One SEO Pro (AIOSEO) 4.9.6.2\" \/>\n\t\t<meta property=\"og:locale\" content=\"es_ES\" \/>\n\t\t<meta property=\"og:site_name\" content=\"El Digital de Asturias\" \/>\n\t\t<meta property=\"og:type\" content=\"article\" \/>\n\t\t<meta property=\"og:title\" content=\"Discurso navide\u00f1o de Steinmeier - El Digital de Asturias\" \/>\n\t\t<meta property=\"og:description\" content=\"Berl\u00edn, 24 dic (dpa) - El presidente alem\u00e1n, Frank-Walter Steinmeier, inst\u00f3 a los ciudadanos a respaldar la democracia con coraje y cooperaci\u00f3n, seg\u00fan se\u00f1al\u00f3\" \/>\n\t\t<meta property=\"og:url\" content=\"https:\/\/www.eldigitaldeasturias.com\/noticias\/discurso-navideno-de-steinmeier\/\" \/>\n\t\t<meta property=\"og:image\" content=\"https:\/\/www.eldigitaldeasturias.com\/noticias\/wp-content\/uploads\/2023\/12\/Steinmeier.jpg\" \/>\n\t\t<meta property=\"og:image:secure_url\" content=\"https:\/\/www.eldigitaldeasturias.com\/noticias\/wp-content\/uploads\/2023\/12\/Steinmeier.jpg\" \/>\n\t\t<meta property=\"og:image:width\" content=\"1022\" \/>\n\t\t<meta property=\"og:image:height\" content=\"658\" \/>\n\t\t<meta property=\"article:tag\" content=\"actualidad\" \/>\n\t\t<meta property=\"article:published_time\" content=\"2023-12-26T03:01:50+00:00\" \/>\n\t\t<meta property=\"article:modified_time\" content=\"2023-12-26T03:01:50+00:00\" \/>\n\t\t<meta property=\"article:publisher\" content=\"https:\/\/facebook.com\/eldigitaldeasturias\" \/>\n\t\t<meta name=\"twitter:card\" content=\"summary_large_image\" \/>\n\t\t<meta name=\"twitter:title\" content=\"Discurso navide\u00f1o de Steinmeier - El Digital de Asturias\" \/>\n\t\t<meta name=\"twitter:description\" content=\"Berl\u00edn, 24 dic (dpa) - El presidente alem\u00e1n, Frank-Walter Steinmeier, inst\u00f3 a los ciudadanos a respaldar la democracia con coraje y cooperaci\u00f3n, seg\u00fan se\u00f1al\u00f3\" \/>\n\t\t<meta name=\"twitter:image\" content=\"https:\/\/www.eldigitaldeasturias.com\/noticias\/wp-content\/uploads\/2023\/12\/Steinmeier.jpg\" \/>\n\t\t<meta name=\"twitter:label1\" content=\"Escrito por\" \/>\n\t\t<meta name=\"twitter:data1\" content=\"El Digital de Asturias\" \/>\n\t\t<meta name=\"twitter:label2\" content=\"Tiempo de lectura estimado\" \/>\n\t\t<meta name=\"twitter:data2\" content=\"2 minutos\" \/>\n\t\t<script type=\"application\/ld+json\" class=\"aioseo-schema\">\n\t\t\t{\"@context\":\"https:\\\/\\\/schema.org\",\"@graph\":[{\"@type\":\"BlogPosting\",\"@id\":\"https:\\\/\\\/www.eldigitaldeasturias.com\\\/noticias\\\/discurso-navideno-de-steinmeier\\\/#blogposting\",\"name\":\"Discurso navide\\u00f1o de Steinmeier - El Digital de Asturias\",\"headline\":\"Discurso navide\\u00f1o de Steinmeier\",\"author\":{\"@id\":\"https:\\\/\\\/www.eldigitaldeasturias.com\\\/noticias\\\/author\\\/admin\\\/#author\"},\"publisher\":{\"@id\":\"https:\\\/\\\/www.eldigitaldeasturias.com\\\/noticias\\\/#organization\"},\"image\":{\"@type\":\"ImageObject\",\"url\":\"https:\\\/\\\/www.eldigitaldeasturias.com\\\/noticias\\\/wp-content\\\/uploads\\\/2023\\\/12\\\/Steinmeier.jpg\",\"width\":1022,\"height\":658,\"caption\":\"Foto: Britta Pedersen\\\/dpa\"},\"datePublished\":\"2023-12-26T04:01:50+01:00\",\"dateModified\":\"2023-12-26T04:01:50+01:00\",\"inLanguage\":\"es-ES\",\"mainEntityOfPage\":{\"@id\":\"https:\\\/\\\/www.eldigitaldeasturias.com\\\/noticias\\\/discurso-navideno-de-steinmeier\\\/#webpage\"},\"isPartOf\":{\"@id\":\"https:\\\/\\\/www.eldigitaldeasturias.com\\\/noticias\\\/discurso-navideno-de-steinmeier\\\/#webpage\"},\"articleSection\":\"Actualidad\"},{\"@type\":\"BreadcrumbList\",\"@id\":\"https:\\\/\\\/www.eldigitaldeasturias.com\\\/noticias\\\/discurso-navideno-de-steinmeier\\\/#breadcrumblist\",\"itemListElement\":[{\"@type\":\"ListItem\",\"@id\":\"https:\\\/\\\/www.eldigitaldeasturias.com\\\/noticias#listItem\",\"position\":1,\"name\":\"Home\",\"item\":\"https:\\\/\\\/www.eldigitaldeasturias.com\\\/noticias\",\"nextItem\":{\"@type\":\"ListItem\",\"@id\":\"https:\\\/\\\/www.eldigitaldeasturias.com\\\/noticias\\\/category\\\/actualidad\\\/#listItem\",\"name\":\"Actualidad\"}},{\"@type\":\"ListItem\",\"@id\":\"https:\\\/\\\/www.eldigitaldeasturias.com\\\/noticias\\\/category\\\/actualidad\\\/#listItem\",\"position\":2,\"name\":\"Actualidad\",\"item\":\"https:\\\/\\\/www.eldigitaldeasturias.com\\\/noticias\\\/category\\\/actualidad\\\/\",\"nextItem\":{\"@type\":\"ListItem\",\"@id\":\"https:\\\/\\\/www.eldigitaldeasturias.com\\\/noticias\\\/discurso-navideno-de-steinmeier\\\/#listItem\",\"name\":\"Discurso navide\\u00f1o de Steinmeier\"},\"previousItem\":{\"@type\":\"ListItem\",\"@id\":\"https:\\\/\\\/www.eldigitaldeasturias.com\\\/noticias#listItem\",\"name\":\"Home\"}},{\"@type\":\"ListItem\",\"@id\":\"https:\\\/\\\/www.eldigitaldeasturias.com\\\/noticias\\\/discurso-navideno-de-steinmeier\\\/#listItem\",\"position\":3,\"name\":\"Discurso navide\\u00f1o de Steinmeier\",\"previousItem\":{\"@type\":\"ListItem\",\"@id\":\"https:\\\/\\\/www.eldigitaldeasturias.com\\\/noticias\\\/category\\\/actualidad\\\/#listItem\",\"name\":\"Actualidad\"}}]},{\"@type\":\"Organization\",\"@id\":\"https:\\\/\\\/www.eldigitaldeasturias.com\\\/noticias\\\/#organization\",\"name\":\"El Digital de Asturias\",\"description\":\"Hemeroteca\",\"url\":\"https:\\\/\\\/www.eldigitaldeasturias.com\\\/noticias\\\/\",\"email\":\"info@eldigitaldeasturias.com\",\"telephone\":\"+34652131393\",\"logo\":{\"@type\":\"ImageObject\",\"url\":\"https:\\\/\\\/www.eldigitaldeasturias.com\\\/noticias\\\/wp-content\\\/uploads\\\/2020\\\/12\\\/EDA.jpg\",\"@id\":\"https:\\\/\\\/www.eldigitaldeasturias.com\\\/noticias\\\/discurso-navideno-de-steinmeier\\\/#organizationLogo\",\"width\":649,\"height\":297},\"image\":{\"@id\":\"https:\\\/\\\/www.eldigitaldeasturias.com\\\/noticias\\\/discurso-navideno-de-steinmeier\\\/#organizationLogo\"},\"sameAs\":[\"https:\\\/\\\/facebook.com\\\/eldigitaldeasturias\",\"https:\\\/\\\/www.youtube.com\\\/channel\\\/UCZP-2wLEB9Rv6erhFmqVnvg\"],\"address\":{\"@id\":\"https:\\\/\\\/www.eldigitaldeasturias.com\\\/noticias\\\/#postaladdress\",\"@type\":\"PostalAddress\",\"streetAddress\":\"san antonio 4,\",\"postalCode\":\"33430\",\"addressLocality\":\"Cand\\u00e1s\",\"addressRegion\":\"Asturias\",\"addressCountry\":\"ES\"}},{\"@type\":\"Person\",\"@id\":\"https:\\\/\\\/www.eldigitaldeasturias.com\\\/noticias\\\/author\\\/admin\\\/#author\",\"url\":\"https:\\\/\\\/www.eldigitaldeasturias.com\\\/noticias\\\/author\\\/admin\\\/\",\"name\":\"El Digital de Asturias\",\"image\":{\"@type\":\"ImageObject\",\"@id\":\"https:\\\/\\\/www.eldigitaldeasturias.com\\\/noticias\\\/discurso-navideno-de-steinmeier\\\/#authorImage\",\"url\":\"https:\\\/\\\/www.eldigitaldeasturias.com\\\/noticias\\\/wp-content\\\/litespeed\\\/avatar\\\/18677e78aa0546b92d9dbf31ec7d7668.jpg?ver=1777290358\",\"width\":96,\"height\":96,\"caption\":\"El Digital de Asturias\"}},{\"@type\":\"WebPage\",\"@id\":\"https:\\\/\\\/www.eldigitaldeasturias.com\\\/noticias\\\/discurso-navideno-de-steinmeier\\\/#webpage\",\"url\":\"https:\\\/\\\/www.eldigitaldeasturias.com\\\/noticias\\\/discurso-navideno-de-steinmeier\\\/\",\"name\":\"Discurso navide\\u00f1o de Steinmeier - El Digital de Asturias\",\"description\":\"Berl\\u00edn, 24 dic (dpa) - El presidente alem\\u00e1n, Frank-Walter Steinmeier, inst\\u00f3 a los ciudadanos a respaldar la democracia con coraje y cooperaci\\u00f3n, seg\\u00fan se\\u00f1al\\u00f3\",\"inLanguage\":\"es-ES\",\"isPartOf\":{\"@id\":\"https:\\\/\\\/www.eldigitaldeasturias.com\\\/noticias\\\/#website\"},\"breadcrumb\":{\"@id\":\"https:\\\/\\\/www.eldigitaldeasturias.com\\\/noticias\\\/discurso-navideno-de-steinmeier\\\/#breadcrumblist\"},\"author\":{\"@id\":\"https:\\\/\\\/www.eldigitaldeasturias.com\\\/noticias\\\/author\\\/admin\\\/#author\"},\"creator\":{\"@id\":\"https:\\\/\\\/www.eldigitaldeasturias.com\\\/noticias\\\/author\\\/admin\\\/#author\"},\"image\":{\"@type\":\"ImageObject\",\"url\":\"https:\\\/\\\/www.eldigitaldeasturias.com\\\/noticias\\\/wp-content\\\/uploads\\\/2023\\\/12\\\/Steinmeier.jpg\",\"@id\":\"https:\\\/\\\/www.eldigitaldeasturias.com\\\/noticias\\\/discurso-navideno-de-steinmeier\\\/#mainImage\",\"width\":1022,\"height\":658,\"caption\":\"Foto: Britta Pedersen\\\/dpa\"},\"primaryImageOfPage\":{\"@id\":\"https:\\\/\\\/www.eldigitaldeasturias.com\\\/noticias\\\/discurso-navideno-de-steinmeier\\\/#mainImage\"},\"datePublished\":\"2023-12-26T04:01:50+01:00\",\"dateModified\":\"2023-12-26T04:01:50+01:00\"},{\"@type\":\"WebSite\",\"@id\":\"https:\\\/\\\/www.eldigitaldeasturias.com\\\/noticias\\\/#website\",\"url\":\"https:\\\/\\\/www.eldigitaldeasturias.com\\\/noticias\\\/\",\"name\":\"El Digital de Asturias - Diario de actualidad y noticias\",\"alternateName\":\"El Digital de Asturias - Diario de actualidad y noticias\",\"description\":\"Hemeroteca\",\"inLanguage\":\"es-ES\",\"publisher\":{\"@id\":\"https:\\\/\\\/www.eldigitaldeasturias.com\\\/noticias\\\/#organization\"}}]}\n\t\t<\/script>\n\t\t<!-- All in One SEO Pro -->\r\n\t\t<title>Discurso navide\u00f1o de Steinmeier - El Digital de Asturias<\/title>\n\n","aioseo_head_json":{"title":"Discurso navide\u00f1o de Steinmeier - El Digital de Asturias","description":"Berl\u00edn, 24 dic (dpa) - El presidente alem\u00e1n, Frank-Walter Steinmeier, inst\u00f3 a los ciudadanos a respaldar la democracia con coraje y cooperaci\u00f3n, seg\u00fan se\u00f1al\u00f3","canonical_url":"https:\/\/www.eldigitaldeasturias.com\/noticias\/discurso-navideno-de-steinmeier\/","robots":"max-image-preview:large","keywords":"actualidad","webmasterTools":{"google-site-verification":"UA-38556648-1","msvalidate.01":"7dfe9f3f1b24437ab69f4f2559babe99","miscellaneous":""},"schema":{"@context":"https:\/\/schema.org","@graph":[{"@type":"BlogPosting","@id":"https:\/\/www.eldigitaldeasturias.com\/noticias\/discurso-navideno-de-steinmeier\/#blogposting","name":"Discurso navide\u00f1o de Steinmeier - El Digital de Asturias","headline":"Discurso navide\u00f1o de Steinmeier","author":{"@id":"https:\/\/www.eldigitaldeasturias.com\/noticias\/author\/admin\/#author"},"publisher":{"@id":"https:\/\/www.eldigitaldeasturias.com\/noticias\/#organization"},"image":{"@type":"ImageObject","url":"https:\/\/www.eldigitaldeasturias.com\/noticias\/wp-content\/uploads\/2023\/12\/Steinmeier.jpg","width":1022,"height":658,"caption":"Foto: Britta Pedersen\/dpa"},"datePublished":"2023-12-26T04:01:50+01:00","dateModified":"2023-12-26T04:01:50+01:00","inLanguage":"es-ES","mainEntityOfPage":{"@id":"https:\/\/www.eldigitaldeasturias.com\/noticias\/discurso-navideno-de-steinmeier\/#webpage"},"isPartOf":{"@id":"https:\/\/www.eldigitaldeasturias.com\/noticias\/discurso-navideno-de-steinmeier\/#webpage"},"articleSection":"Actualidad"},{"@type":"BreadcrumbList","@id":"https:\/\/www.eldigitaldeasturias.com\/noticias\/discurso-navideno-de-steinmeier\/#breadcrumblist","itemListElement":[{"@type":"ListItem","@id":"https:\/\/www.eldigitaldeasturias.com\/noticias#listItem","position":1,"name":"Home","item":"https:\/\/www.eldigitaldeasturias.com\/noticias","nextItem":{"@type":"ListItem","@id":"https:\/\/www.eldigitaldeasturias.com\/noticias\/category\/actualidad\/#listItem","name":"Actualidad"}},{"@type":"ListItem","@id":"https:\/\/www.eldigitaldeasturias.com\/noticias\/category\/actualidad\/#listItem","position":2,"name":"Actualidad","item":"https:\/\/www.eldigitaldeasturias.com\/noticias\/category\/actualidad\/","nextItem":{"@type":"ListItem","@id":"https:\/\/www.eldigitaldeasturias.com\/noticias\/discurso-navideno-de-steinmeier\/#listItem","name":"Discurso navide\u00f1o de Steinmeier"},"previousItem":{"@type":"ListItem","@id":"https:\/\/www.eldigitaldeasturias.com\/noticias#listItem","name":"Home"}},{"@type":"ListItem","@id":"https:\/\/www.eldigitaldeasturias.com\/noticias\/discurso-navideno-de-steinmeier\/#listItem","position":3,"name":"Discurso navide\u00f1o de Steinmeier","previousItem":{"@type":"ListItem","@id":"https:\/\/www.eldigitaldeasturias.com\/noticias\/category\/actualidad\/#listItem","name":"Actualidad"}}]},{"@type":"Organization","@id":"https:\/\/www.eldigitaldeasturias.com\/noticias\/#organization","name":"El Digital de Asturias","description":"Hemeroteca","url":"https:\/\/www.eldigitaldeasturias.com\/noticias\/","email":"info@eldigitaldeasturias.com","telephone":"+34652131393","logo":{"@type":"ImageObject","url":"https:\/\/www.eldigitaldeasturias.com\/noticias\/wp-content\/uploads\/2020\/12\/EDA.jpg","@id":"https:\/\/www.eldigitaldeasturias.com\/noticias\/discurso-navideno-de-steinmeier\/#organizationLogo","width":649,"height":297},"image":{"@id":"https:\/\/www.eldigitaldeasturias.com\/noticias\/discurso-navideno-de-steinmeier\/#organizationLogo"},"sameAs":["https:\/\/facebook.com\/eldigitaldeasturias","https:\/\/www.youtube.com\/channel\/UCZP-2wLEB9Rv6erhFmqVnvg"],"address":{"@id":"https:\/\/www.eldigitaldeasturias.com\/noticias\/#postaladdress","@type":"PostalAddress","streetAddress":"san antonio 4,","postalCode":"33430","addressLocality":"Cand\u00e1s","addressRegion":"Asturias","addressCountry":"ES"}},{"@type":"Person","@id":"https:\/\/www.eldigitaldeasturias.com\/noticias\/author\/admin\/#author","url":"https:\/\/www.eldigitaldeasturias.com\/noticias\/author\/admin\/","name":"El Digital de Asturias","image":{"@type":"ImageObject","@id":"https:\/\/www.eldigitaldeasturias.com\/noticias\/discurso-navideno-de-steinmeier\/#authorImage","url":"https:\/\/www.eldigitaldeasturias.com\/noticias\/wp-content\/litespeed\/avatar\/18677e78aa0546b92d9dbf31ec7d7668.jpg?ver=1777290358","width":96,"height":96,"caption":"El Digital de Asturias"}},{"@type":"WebPage","@id":"https:\/\/www.eldigitaldeasturias.com\/noticias\/discurso-navideno-de-steinmeier\/#webpage","url":"https:\/\/www.eldigitaldeasturias.com\/noticias\/discurso-navideno-de-steinmeier\/","name":"Discurso navide\u00f1o de Steinmeier - El Digital de Asturias","description":"Berl\u00edn, 24 dic (dpa) - El presidente alem\u00e1n, Frank-Walter Steinmeier, inst\u00f3 a los ciudadanos a respaldar la democracia con coraje y cooperaci\u00f3n, seg\u00fan se\u00f1al\u00f3","inLanguage":"es-ES","isPartOf":{"@id":"https:\/\/www.eldigitaldeasturias.com\/noticias\/#website"},"breadcrumb":{"@id":"https:\/\/www.eldigitaldeasturias.com\/noticias\/discurso-navideno-de-steinmeier\/#breadcrumblist"},"author":{"@id":"https:\/\/www.eldigitaldeasturias.com\/noticias\/author\/admin\/#author"},"creator":{"@id":"https:\/\/www.eldigitaldeasturias.com\/noticias\/author\/admin\/#author"},"image":{"@type":"ImageObject","url":"https:\/\/www.eldigitaldeasturias.com\/noticias\/wp-content\/uploads\/2023\/12\/Steinmeier.jpg","@id":"https:\/\/www.eldigitaldeasturias.com\/noticias\/discurso-navideno-de-steinmeier\/#mainImage","width":1022,"height":658,"caption":"Foto: Britta Pedersen\/dpa"},"primaryImageOfPage":{"@id":"https:\/\/www.eldigitaldeasturias.com\/noticias\/discurso-navideno-de-steinmeier\/#mainImage"},"datePublished":"2023-12-26T04:01:50+01:00","dateModified":"2023-12-26T04:01:50+01:00"},{"@type":"WebSite","@id":"https:\/\/www.eldigitaldeasturias.com\/noticias\/#website","url":"https:\/\/www.eldigitaldeasturias.com\/noticias\/","name":"El Digital de Asturias - Diario de actualidad y noticias","alternateName":"El Digital de Asturias - Diario de actualidad y noticias","description":"Hemeroteca","inLanguage":"es-ES","publisher":{"@id":"https:\/\/www.eldigitaldeasturias.com\/noticias\/#organization"}}]},"og:locale":"es_ES","og:site_name":"El Digital de Asturias","og:type":"article","og:title":"Discurso navide\u00f1o de Steinmeier - El Digital de Asturias","og:description":"Berl\u00edn, 24 dic (dpa) - El presidente alem\u00e1n, Frank-Walter Steinmeier, inst\u00f3 a los ciudadanos a respaldar la democracia con coraje y cooperaci\u00f3n, seg\u00fan se\u00f1al\u00f3","og:url":"https:\/\/www.eldigitaldeasturias.com\/noticias\/discurso-navideno-de-steinmeier\/","og:image":"https:\/\/www.eldigitaldeasturias.com\/noticias\/wp-content\/uploads\/2023\/12\/Steinmeier.jpg","og:image:secure_url":"https:\/\/www.eldigitaldeasturias.com\/noticias\/wp-content\/uploads\/2023\/12\/Steinmeier.jpg","og:image:width":1022,"og:image:height":658,"article:tag":["actualidad"],"article:published_time":"2023-12-26T03:01:50+00:00","article:modified_time":"2023-12-26T03:01:50+00:00","article:publisher":"https:\/\/facebook.com\/eldigitaldeasturias","twitter:card":"summary_large_image","twitter:title":"Discurso navide\u00f1o de Steinmeier - El Digital de Asturias","twitter:description":"Berl\u00edn, 24 dic (dpa) - El presidente alem\u00e1n, Frank-Walter Steinmeier, inst\u00f3 a los ciudadanos a respaldar la democracia con coraje y cooperaci\u00f3n, seg\u00fan se\u00f1al\u00f3","twitter:image":"https:\/\/www.eldigitaldeasturias.com\/noticias\/wp-content\/uploads\/2023\/12\/Steinmeier.jpg","twitter:label1":"Escrito por","twitter:data1":"El Digital de Asturias","twitter:label2":"Tiempo de lectura estimado","twitter:data2":"2 minutos"},"aioseo_meta_data":{"post_id":"1127877","title":null,"description":"Berl\u00edn, 24 dic (dpa) - El presidente alem\u00e1n, Frank-Walter Steinmeier, inst\u00f3 a los ciudadanos a respaldar la democracia con coraje y cooperaci\u00f3n, seg\u00fan se\u00f1al\u00f3","keywords":[],"keyphrases":{"focus":{"keyphrase":"Steinmeier","score":93,"analysis":{"keyphraseInTitle":{"score":9,"maxScore":9,"error":0},"keyphraseInDescription":{"score":9,"maxScore":9,"error":0},"keyphraseLength":{"score":9,"maxScore":9,"error":0,"length":1},"keyphraseInURL":{"score":1,"maxScore":5,"error":1},"keyphraseInIntroduction":{"score":9,"maxScore":9,"error":0},"keyphraseInSubHeadings":[],"keyphraseInImageAlt":{"score":9,"maxScore":9,"error":0},"keywordDensity":{"type":"best","score":9,"maxScore":9,"error":0}}},"additional":[{"keyphrase":"Steinmeier","score":100,"analysis":{"keyphraseInDescription":{"score":9,"maxScore":9,"error":0},"keyphraseLength":{"score":9,"maxScore":9,"error":0,"length":1},"keyphraseInIntroduction":{"score":9,"maxScore":9,"error":0},"keyphraseInImageAlt":{"score":9,"maxScore":9,"error":0},"keywordDensity":{"type":"best","score":9,"maxScore":9,"error":0}}}]},"primary_term":null,"canonical_url":null,"og_title":null,"og_description":null,"og_object_type":"default","og_image_type":"default","og_image_url":null,"og_image_width":null,"og_image_height":null,"og_image_custom_url":null,"og_image_custom_fields":null,"og_video":"","og_custom_url":null,"og_article_section":null,"og_article_tags":[],"twitter_use_og":false,"twitter_card":"default","twitter_image_type":"default","twitter_image_url":null,"twitter_image_custom_url":null,"twitter_image_custom_fields":null,"twitter_title":null,"twitter_description":null,"schema":{"blockGraphs":[],"customGraphs":[],"default":{"data":{"Article":[],"Course":[],"Dataset":[],"FAQPage":[],"Movie":[],"Person":[],"Product":[],"ProductReview":[],"Car":[],"Recipe":[],"Service":[],"SoftwareApplication":[],"WebPage":[]},"graphName":"BlogPosting","isEnabled":true},"graphs":[]},"schema_type":"default","schema_type_options":null,"pillar_content":false,"robots_default":true,"robots_noindex":false,"robots_noarchive":false,"robots_nosnippet":false,"robots_nofollow":false,"robots_noimageindex":false,"robots_noodp":false,"robots_notranslate":false,"robots_max_snippet":"-1","robots_max_videopreview":"-1","robots_max_imagepreview":"large","priority":null,"frequency":"default","local_seo":null,"seo_analyzer_scan_date":"2025-10-06 00:17:38","breadcrumb_settings":null,"limit_modified_date":false,"open_ai":"{\"title\":{\"suggestions\":[],\"usage\":0},\"description\":{\"suggestions\":[],\"usage\":0}}","ai":null,"created":"2023-12-26 02:52:47","updated":"2025-10-09 06:24:31"},"aioseo_breadcrumb":"<div class=\"aioseo-breadcrumbs\"><span class=\"aioseo-breadcrumb\">\n\t<a href=\"https:\/\/www.eldigitaldeasturias.com\/noticias\" title=\"Home\">Home<\/a>\n<\/span><span class=\"aioseo-breadcrumb-separator\">\u2013<\/span><span class=\"aioseo-breadcrumb\">\n\t<a href=\"https:\/\/www.eldigitaldeasturias.com\/noticias\/category\/actualidad\/\" title=\"Actualidad\">Actualidad<\/a>\n<\/span><span class=\"aioseo-breadcrumb-separator\">\u2013<\/span><span class=\"aioseo-breadcrumb\">\n\t<a href=\"https:\/\/www.eldigitaldeasturias.com\/noticias\/discurso-navideno-de-steinmeier\/\" title=\"Discurso navide\u00f1o de Steinmeier\">Discurso navide\u00f1o de Steinmeier<\/a>\n<\/span><\/div>","aioseo_breadcrumb_json":[{"label":"Home","link":"https:\/\/www.eldigitaldeasturias.com\/noticias"},{"label":"Actualidad","link":"https:\/\/www.eldigitaldeasturias.com\/noticias\/category\/actualidad\/"},{"label":"Discurso navide\u00f1o de Steinmeier","link":"https:\/\/www.eldigitaldeasturias.com\/noticias\/discurso-navideno-de-steinmeier\/"}],"_links":{"self":[{"href":"https:\/\/www.eldigitaldeasturias.com\/noticias\/wp-json\/wp\/v2\/posts\/1127877","targetHints":{"allow":["GET"]}}],"collection":[{"href":"https:\/\/www.eldigitaldeasturias.com\/noticias\/wp-json\/wp\/v2\/posts"}],"about":[{"href":"https:\/\/www.eldigitaldeasturias.com\/noticias\/wp-json\/wp\/v2\/types\/post"}],"author":[{"embeddable":true,"href":"https:\/\/www.eldigitaldeasturias.com\/noticias\/wp-json\/wp\/v2\/users\/1"}],"replies":[{"embeddable":true,"href":"https:\/\/www.eldigitaldeasturias.com\/noticias\/wp-json\/wp\/v2\/comments?post=1127877"}],"version-history":[{"count":0,"href":"https:\/\/www.eldigitaldeasturias.com\/noticias\/wp-json\/wp\/v2\/posts\/1127877\/revisions"}],"wp:featuredmedia":[{"embeddable":true,"href":"https:\/\/www.eldigitaldeasturias.com\/noticias\/wp-json\/wp\/v2\/media\/1127878"}],"wp:attachment":[{"href":"https:\/\/www.eldigitaldeasturias.com\/noticias\/wp-json\/wp\/v2\/media?parent=1127877"}],"wp:term":[{"taxonomy":"category","embeddable":true,"href":"https:\/\/www.eldigitaldeasturias.com\/noticias\/wp-json\/wp\/v2\/categories?post=1127877"},{"taxonomy":"post_tag","embeddable":true,"href":"https:\/\/www.eldigitaldeasturias.com\/noticias\/wp-json\/wp\/v2\/tags?post=1127877"}],"curies":[{"name":"wp","href":"https:\/\/api.w.org\/{rel}","templated":true}]}}